{"id":336803,"date":"2022-12-19T14:00:00","date_gmt":"2022-12-19T17:00:00","guid":{"rendered":"https:\/\/www.suno.com.br\/noticias\/?p=336803"},"modified":"2022-12-19T14:00:51","modified_gmt":"2022-12-19T17:00:51","slug":"elon-musk-twitter-twtr34-impeachment","status":"publish","type":"post","link":"https:\/\/www.suno.com.br\/noticias\/elon-musk-twitter-twtr34-impeachment\/","title":{"rendered":"Elon Musk quebra a cara no Twitter (TWTR34):  usu\u00e1rios pedem &#8220;impeachment&#8221; do executivo"},"content":{"rendered":"<p><strong>Elon Musk<\/strong> quebrou a cara ao realizar uma enquete com os usu\u00e1rios do Twitter (TWTR34), rede social adquirida pelo empres\u00e1rio em outubro. Ao perguntar aos usu\u00e1rios da rede social se queriam ou n\u00e3o que ele continuasse no comando da companhia, 57,5% dos internautas que participaram da pesquisa querem que o<a href=\"https:\/\/www.suno.com.br\/noticias\/elon-musk-recursos-tesla-empresas-twitter-cnbc\/\" target=\"_blank\" rel=\"noreferrer noopener\"> bilion\u00e1rio saia do cargo principal da empresa<\/a>. Nas \u00faltimas semanas, a empresa vive uma s\u00e9rie de turbul\u00eancias por causa das decis\u00f5es do novo CEO.<\/p>\t<div class=\"wrapper-featured-image\">\n\t\t<figure class=\"spotlightImg\">\n\n\t\t\t<picture>\n\t\t\t\t<source media=\"(max-width: 768px)\" srcset=\"https:\/\/files.sunoresearch.com.br\/n\/uploads\/2022\/12\/elon-musk-comando-twitter-mudancas-foto-youtube-400x200.jpg\">\n\t\t\t\t<img loading=\"lazy\" decoding=\"async\" class=\"newsContent__article__imgCapa lazyloadDisabled \" src=\"https:\/\/files.sunoresearch.com.br\/n\/uploads\/2022\/12\/elon-musk-comando-twitter-mudancas-foto-youtube-800x450.jpg\" width=\"800\" height=\"450\" alt=\"Elon Musk quebra a cara no Twitter (TWTR34):  usu\u00e1rios pedem &#8220;impeachment&#8221; do executivo\" fetchpriority=high \/>\n\t\t\t<\/picture>\n\n\t\t\t<figcaption class=\"wp-caption-text wp-caption-text--show\">Elon Musk. Foto: YouTube<\/figcaption>\n\t\t<\/figure>\n\t<\/div>\n\n\n\n\n\n\t<p>\n\t\t<a href=\"\" target=\"_blank\" data-element=\"shortcode-suno-banner\" title=\"Banner SUNO, clique e saiba mais\">\n\t\t\t<picture>\n\t\t\t\t<source media=\"(max-width: 500px)\" srcset=\"\">\n\t\t\t\t<img class=\"newsContent__article__imgCapa newsContent__article__imgCapa--banner\"\n\t\t\t\t\tsrc=\"\"\n\t\t\t\t\tdata-promo-id=\"240038\"\t\t\t\t\t\t\t\t\t\t\t\t\t\t\talt=\"\"\n\t\t\t\t>\n\t\t\t<\/picture>\n\t\t<\/a>\n\t<\/p>\n\n\n\n\n\n<p>Em seu perfil na rede social, o executivo perguntou: &#8220;Devo deixar o cargo de <strong>chefe do Twitter<\/strong>?&#8221; Na publica\u00e7\u00e3o, ele prometeu que respeitaria o resultado da enquete, finalizada \u00e0s 4h desta segunda (19).<\/p>\n\n\n\n<p>Dos mais de 17 milh\u00f5es de votos computados, 57,5% defendem que Musk deixe a lideran\u00e7a do <strong>Twitter<\/strong> e 42,5% dos usu\u00e1rios preferem que ele siga \u00e0 frente da empresa.<\/p>\n\n\n\n<figure class=\"wp-block-embed is-type-rich is-provider-twitter wp-block-embed-twitter\"><div class=\"wp-block-embed__wrapper\">\n<blockquote class=\"twitter-tweet\" data-width=\"550\" data-dnt=\"true\"><p lang=\"en\" dir=\"ltr\">Should I step down as head of Twitter? I will abide by the results of this poll.<\/p>&mdash; Elon Musk (@elonmusk) <a href=\"https:\/\/twitter.com\/elonmusk\/status\/1604617643973124097?ref_src=twsrc%5Etfw\">December 18, 2022<\/a><\/blockquote>\n<\/div><\/figure>\n\n\n\n<p>N\u00e3o est\u00e1 claro quem assumiria o posto de <strong>CEO do Twitter<\/strong> caso Musk realmente deixe o posto, ou qual seria sua fun\u00e7\u00e3o, tendo em vista que ele continua sendo o dono da empresa. <\/p>\n\n\n\t<p>\n\t\t<a href=\"\" target=\"_blank\" data-element=\"shortcode-suno-banner\" title=\"Banner SUNO, clique e saiba mais\">\n\t\t\t<picture>\n\t\t\t\t<source media=\"(max-width: 500px)\" srcset=\"\">\n\t\t\t\t<img class=\"newsContent__article__imgCapa newsContent__article__imgCapa--banner\"\n\t\t\t\t\tsrc=\"\"\n\t\t\t\t\tdata-promo-id=\"274968\"\t\t\t\t\t\t\t\t\t\t\t\t\t\t\talt=\"\"\n\t\t\t\t>\n\t\t\t<\/picture>\n\t\t<\/a>\n\t<\/p>\n\n\n\n\n\n<p>Antes do resultado final da enquete, Musk fez dois desabafos na rede social. No primeiro, ele disse: &#8220;Como diz o ditado, cuidado com o que voc\u00ea deseja, pois voc\u00ea pode conseguir&#8221;. Em seguida, ele falou que &#8220;quem quer poder \u00e9 quem menos merece&#8221;.<\/p>\n\n\n\n<figure class=\"wp-block-embed is-type-rich is-provider-twitter wp-block-embed-twitter\"><div class=\"wp-block-embed__wrapper\">\n<blockquote class=\"twitter-tweet\" data-width=\"550\" data-dnt=\"true\"><p lang=\"en\" dir=\"ltr\">As the saying goes, be careful what you wish, as you might get it<\/p>&mdash; Elon Musk (@elonmusk) <a href=\"https:\/\/twitter.com\/elonmusk\/status\/1604623424164282368?ref_src=twsrc%5Etfw\">December 18, 2022<\/a><\/blockquote>\n<\/div><\/figure>\n\n\n\n<figure class=\"wp-block-embed is-type-rich is-provider-twitter wp-block-embed-twitter\"><div class=\"wp-block-embed__wrapper\">\n<blockquote class=\"twitter-tweet\" data-width=\"550\" data-dnt=\"true\"><p lang=\"en\" dir=\"ltr\">Those who want power are the ones who least deserve it<\/p>&mdash; Elon Musk (@elonmusk) <a href=\"https:\/\/twitter.com\/elonmusk\/status\/1604650028999405568?ref_src=twsrc%5Etfw\">December 19, 2022<\/a><\/blockquote>\n<\/div><\/figure>\n\n\n\n<p>A maior parte dos l\u00edderes do Twitter foi demitida ou saiu ap\u00f3s a chegada de Musk. Um dos \u00faltimos atos controversos da &#8220;administra\u00e7\u00e3o Musk&#8221; ocorreu na quinta (15), quando jornalistas que cobrem o executivo tiveram suas contas suspensas de forma abrupta na plataforma.<\/p>\n\n\n\t<p>\n\t\t<a href=\"https:\/\/lp.suno.com.br\/planilha-controle-gastos\/\" target=\"_blank\" data-element=\"shortcode-suno-banner\" title=\"Banner SUNO, clique e saiba mais\">\n\t\t\t<picture>\n\t\t\t\t<source media=\"(max-width: 500px)\" srcset=\"https:\/\/files.sunoresearch.com.br\/n\/uploads\/2023\/03\/400x300-Planilha-controle-de-gastos.png\">\n\t\t\t\t<img class=\"newsContent__article__imgCapa newsContent__article__imgCapa--banner\"\n\t\t\t\t\tsrc=\"https:\/\/files.sunoresearch.com.br\/n\/uploads\/2023\/03\/1420x240-Planilha-controle-de-gastos.png\"\n\t\t\t\t\tdata-promo-id=\"101751\"\t\t\t\t\t\t\t\t\t\twidth='1420' height='240'\t\t\t\t\talt=\"https:\/\/files.sunoresearch.com.br\/n\/uploads\/2023\/03\/1420x240-Planilha-controle-de-gastos.png\"\n\t\t\t\t>\n\t\t\t<\/picture>\n\t\t<\/a>\n\t<\/p>\n\n\n\n\n\n<h2 class=\"wp-block-heading\" id=\"h-apos-compra-do-twitter-musk-vende-acoes-da-tesla-tsla34\">Ap\u00f3s compra do Twitter, Musk vende a\u00e7\u00f5es da Tesla (TSLA34)<\/h2>\n\n\n\n<p>Entre os dias 12 a 14 de dezembro, Musk vendeu mais 22 milh\u00f5es de <strong>a\u00e7\u00f5es da Tesla<\/strong> (TSLA34) por US$ 3,5 bilh\u00f5es, cerca de R$ 18,9 bilh\u00f5es.<\/p>\n\n\n\n<p>Essa foi a segunda grande venda de a\u00e7\u00f5es da Tesla desde que <strong>Elon Musk<\/strong> comprou o Twitter. Assim, ele j\u00e1 se desfez de cerca de US$ 40 bilh\u00f5es, cerca de R$ 211 bilh\u00f5es, dos pap\u00e9is da fabricante de carros el\u00e9tricos.<\/p>\n\n\n\n<p><em>Com informa\u00e7\u00f5es do Estad\u00e3o Conte\u00fado<\/em><\/p>\n\n\n\t<p>\n\t\t<a href=\"https:\/\/lp.suno.com.br\/planilha-da-vida-financeira\/\" target=\"_blank\" data-element=\"shortcode-suno-banner\" title=\"Banner SUNO, clique e saiba mais\">\n\t\t\t<picture>\n\t\t\t\t<source media=\"(max-width: 500px)\" srcset=\"https:\/\/files.sunoresearch.com.br\/n\/uploads\/2023\/04\/400x300-Planilha-vida-financeira-true.png\">\n\t\t\t\t<img class=\"newsContent__article__imgCapa newsContent__article__imgCapa--banner\"\n\t\t\t\t\tsrc=\"https:\/\/files.sunoresearch.com.br\/n\/uploads\/2023\/04\/1420x240-Planilha-vida-financeira-true.png\"\n\t\t\t\t\tdata-promo-id=\"106682\"\t\t\t\t\t\t\t\t\t\twidth='1420' height='240'\t\t\t\t\talt=\"https:\/\/files.sunoresearch.com.br\/n\/uploads\/2023\/04\/1420x240-Planilha-vida-financeira-true.png\"\n\t\t\t\t>\n\t\t\t<\/picture>\n\t\t<\/a>\n\t<\/p>\n\n\n","protected":false},"excerpt":{"rendered":"<p>Elon Musk quebrou a cara ao realizar uma enquete com os usu\u00e1rios do Twitter (TWTR34), rede social adquirida pelo empres\u00e1rio em outubro. Ao perguntar aos usu\u00e1rios da rede social se queriam ou n\u00e3o que ele continuasse no comando da companhia, 57,5% dos internautas que participaram da pesquisa querem que o bilion\u00e1rio saia do cargo principal [&hellip;]<\/p>\n","protected":false},"author":232,"featured_media":336888,"comment_status":"closed","ping_status":"closed","sticky":false,"template":"","format":"standard","meta":[],"categories":[64],"tags":[286,726,1110],"suno_strategy":[],"class_list":["post-336803","post","type-post","status-publish","format-standard","has-post-thumbnail","hentry","category-negocios","tag-acoes","tag-elon-musk","tag-twitter-twtr34"],"yoast_head":"<!-- This site is optimized with the Yoast SEO plugin v24.4 - https:\/\/yoast.com\/wordpress\/plugins\/seo\/ -->\n<title>Elon Musk quebra a cara no Twitter, e usu\u00e1rios pedem &quot;impeachment&quot;<\/title>\n<meta name=\"description\" content=\"Elon Musk quebrou a cara ao realizar uma enquete com os usu\u00e1rios do Twitter, que desejam com que ele deixe o comando da empresa. Confira!\" \/>\n<meta name=\"robots\" content=\"index, follow, max-snippet:-1, max-image-preview:large, max-video-preview:-1\" \/>\n<link rel=\"canonical\" href=\"https:\/\/www.suno.com.br\/noticias\/elon-musk-twitter-twtr34-impeachment\/\" \/>\n<meta property=\"og:locale\" content=\"pt_BR\" \/>\n<meta property=\"og:type\" content=\"article\" \/>\n<meta property=\"og:title\" content=\"Elon Musk quebra a cara no Twitter, e usu\u00e1rios pedem &quot;impeachment&quot;\" \/>\n<meta property=\"og:description\" content=\"Elon Musk quebrou a cara ao realizar uma enquete com os usu\u00e1rios do Twitter, que desejam com que ele deixe o comando da empresa. Confira!\" \/>\n<meta property=\"og:url\" content=\"https:\/\/www.suno.com.br\/noticias\/elon-musk-twitter-twtr34-impeachment\/\" \/>\n<meta property=\"og:site_name\" content=\"Suno Not\u00edcias\" \/>\n<meta property=\"article:publisher\" content=\"https:\/\/facebook.com\/sunoresearch\" \/>\n<meta property=\"og:image\" content=\"https:\/\/files.sunoresearch.com.br\/n\/uploads\/2022\/12\/elon-musk-comando-twitter-mudancas-foto-youtube.jpg\" \/>\n\t<meta property=\"og:image:width\" content=\"1200\" \/>\n\t<meta property=\"og:image:height\" content=\"675\" \/>\n\t<meta property=\"og:image:type\" content=\"image\/jpeg\" \/>\n<meta name=\"author\" content=\"Erick Matheus Nery\" \/>\n<meta name=\"twitter:card\" content=\"summary_large_image\" \/>\n<meta name=\"twitter:creator\" content=\"@sunoresearch\" \/>\n<meta name=\"twitter:site\" content=\"@sunoresearch\" \/>\n<meta name=\"twitter:label1\" content=\"Escrito por\" \/>\n\t<meta name=\"twitter:data1\" content=\"Erick Matheus Nery\" \/>\n\t<meta name=\"twitter:label2\" content=\"Est. tempo de leitura\" \/>\n\t<meta name=\"twitter:data2\" content=\"2 minutos\" \/>\n<script type=\"application\/ld+json\" class=\"yoast-schema-graph\">{\"@context\":\"https:\/\/schema.org\",\"@graph\":[{\"@type\":\"NewsArticle\",\"@id\":\"https:\/\/www.suno.com.br\/noticias\/elon-musk-twitter-twtr34-impeachment\/#article\",\"isPartOf\":{\"@id\":\"https:\/\/www.suno.com.br\/noticias\/elon-musk-twitter-twtr34-impeachment\/\"},\"author\":{\"name\":\"Erick Matheus Nery\",\"@id\":\"https:\/\/www.suno.com.br\/noticias\/#\/schema\/person\/6899bc3f19d1a7315f807131c2c013a0\"},\"headline\":\"Elon Musk quebra a cara no Twitter (TWTR34): usu\u00e1rios pedem &#8220;impeachment&#8221; do executivo\",\"datePublished\":\"2022-12-19T17:00:00+00:00\",\"dateModified\":\"2022-12-19T17:00:51+00:00\",\"mainEntityOfPage\":{\"@id\":\"https:\/\/www.suno.com.br\/noticias\/elon-musk-twitter-twtr34-impeachment\/\"},\"wordCount\":394,\"publisher\":{\"@id\":\"https:\/\/www.suno.com.br\/noticias\/#organization\"},\"image\":{\"@id\":\"https:\/\/www.suno.com.br\/noticias\/elon-musk-twitter-twtr34-impeachment\/#primaryimage\"},\"thumbnailUrl\":\"https:\/\/files.sunoresearch.com.br\/n\/uploads\/2022\/12\/elon-musk-comando-twitter-mudancas-foto-youtube.jpg\",\"keywords\":[\"A\u00e7\u00f5es\",\"Elon Musk\",\"Twitter (TWTR34)\"],\"articleSection\":[\"Neg\u00f3cios\"],\"inLanguage\":\"pt-BR\"},{\"@type\":\"WebPage\",\"@id\":\"https:\/\/www.suno.com.br\/noticias\/elon-musk-twitter-twtr34-impeachment\/\",\"url\":\"https:\/\/www.suno.com.br\/noticias\/elon-musk-twitter-twtr34-impeachment\/\",\"name\":\"Elon Musk quebra a cara no Twitter, e usu\u00e1rios pedem \\\"impeachment\\\"\",\"isPartOf\":{\"@id\":\"https:\/\/www.suno.com.br\/noticias\/#website\"},\"primaryImageOfPage\":{\"@id\":\"https:\/\/www.suno.com.br\/noticias\/elon-musk-twitter-twtr34-impeachment\/#primaryimage\"},\"image\":{\"@id\":\"https:\/\/www.suno.com.br\/noticias\/elon-musk-twitter-twtr34-impeachment\/#primaryimage\"},\"thumbnailUrl\":\"https:\/\/files.sunoresearch.com.br\/n\/uploads\/2022\/12\/elon-musk-comando-twitter-mudancas-foto-youtube.jpg\",\"datePublished\":\"2022-12-19T17:00:00+00:00\",\"dateModified\":\"2022-12-19T17:00:51+00:00\",\"description\":\"Elon Musk quebrou a cara ao realizar uma enquete com os usu\u00e1rios do Twitter, que desejam com que ele deixe o comando da empresa. Confira!\",\"breadcrumb\":{\"@id\":\"https:\/\/www.suno.com.br\/noticias\/elon-musk-twitter-twtr34-impeachment\/#breadcrumb\"},\"inLanguage\":\"pt-BR\",\"potentialAction\":[{\"@type\":\"ReadAction\",\"target\":[\"https:\/\/www.suno.com.br\/noticias\/elon-musk-twitter-twtr34-impeachment\/\"]}]},{\"@type\":\"ImageObject\",\"inLanguage\":\"pt-BR\",\"@id\":\"https:\/\/www.suno.com.br\/noticias\/elon-musk-twitter-twtr34-impeachment\/#primaryimage\",\"url\":\"https:\/\/files.sunoresearch.com.br\/n\/uploads\/2022\/12\/elon-musk-comando-twitter-mudancas-foto-youtube.jpg\",\"contentUrl\":\"https:\/\/files.sunoresearch.com.br\/n\/uploads\/2022\/12\/elon-musk-comando-twitter-mudancas-foto-youtube.jpg\",\"width\":1200,\"height\":675,\"caption\":\"Elon Musk. Foto: YouTube\"},{\"@type\":\"BreadcrumbList\",\"@id\":\"https:\/\/www.suno.com.br\/noticias\/elon-musk-twitter-twtr34-impeachment\/#breadcrumb\",\"itemListElement\":[{\"@type\":\"ListItem\",\"position\":1,\"name\":\"Not\u00edcias\",\"item\":\"https:\/\/www.suno.com.br\/noticias\/\"},{\"@type\":\"ListItem\",\"position\":2,\"name\":\"Neg\u00f3cios\",\"item\":\"https:\/\/www.suno.com.br\/noticias\/negocios\/\"},{\"@type\":\"ListItem\",\"position\":3,\"name\":\"Elon Musk quebra a cara no Twitter (TWTR34): usu\u00e1rios pedem &#8220;impeachment&#8221; do executivo\"}]},{\"@type\":\"WebSite\",\"@id\":\"https:\/\/www.suno.com.br\/noticias\/#website\",\"url\":\"https:\/\/www.suno.com.br\/noticias\/\",\"name\":\"Suno Not\u00edcias\",\"description\":\"Seu portal de informa\u00e7\u00e3o sobre o mundo dos investimentos\",\"publisher\":{\"@id\":\"https:\/\/www.suno.com.br\/noticias\/#organization\"},\"potentialAction\":[{\"@type\":\"SearchAction\",\"target\":{\"@type\":\"EntryPoint\",\"urlTemplate\":\"https:\/\/www.suno.com.br\/noticias\/?s={search_term_string}\"},\"query-input\":{\"@type\":\"PropertyValueSpecification\",\"valueRequired\":true,\"valueName\":\"search_term_string\"}}],\"inLanguage\":\"pt-BR\"},{\"@type\":\"Organization\",\"@id\":\"https:\/\/www.suno.com.br\/noticias\/#organization\",\"name\":\"Suno Not\u00edcias\",\"url\":\"https:\/\/www.suno.com.br\/noticias\/\",\"logo\":{\"@type\":\"ImageObject\",\"inLanguage\":\"pt-BR\",\"@id\":\"https:\/\/www.suno.com.br\/noticias\/#\/schema\/logo\/image\/\",\"url\":\"https:\/\/files.sunoresearch.com.br\/n\/uploads\/2021\/09\/suno-logo.png\",\"contentUrl\":\"https:\/\/files.sunoresearch.com.br\/n\/uploads\/2021\/09\/suno-logo.png\",\"width\":180,\"height\":180,\"caption\":\"Suno Not\u00edcias\"},\"image\":{\"@id\":\"https:\/\/www.suno.com.br\/noticias\/#\/schema\/logo\/image\/\"},\"sameAs\":[\"https:\/\/facebook.com\/sunoresearch\",\"https:\/\/x.com\/sunoresearch\",\"https:\/\/www.instagram.com\/suno\",\"https:\/\/www.linkedin.com\/company\/suno-research\/\",\"https:\/\/www.youtube.com\/c\/sunoresearch\"]},{\"@type\":\"Person\",\"@id\":\"https:\/\/www.suno.com.br\/noticias\/#\/schema\/person\/6899bc3f19d1a7315f807131c2c013a0\",\"name\":\"Erick Matheus Nery\",\"image\":{\"@type\":\"ImageObject\",\"inLanguage\":\"pt-BR\",\"@id\":\"https:\/\/www.suno.com.br\/noticias\/#\/schema\/person\/image\/\",\"url\":\"https:\/\/secure.gravatar.com\/avatar\/518ddffe438ccb767782d372a66304d2?s=96&r=g\",\"contentUrl\":\"https:\/\/secure.gravatar.com\/avatar\/518ddffe438ccb767782d372a66304d2?s=96&r=g\",\"caption\":\"Erick Matheus Nery\"},\"description\":\"Formado em Jornalismo pela Universidade Federal do Par\u00e1 (UFPA), conta com extens\u00e3o em Jornalismo Econ\u00f4mico pela Funda\u00e7\u00e3o Get\u00falio Vargas (FGV). No Suno Not\u00edcias, atua como rep\u00f3rter de Mercado, com foco nos setores de telecomunica\u00e7\u00f5es, varejo, alimentos e renda fixa. Conta com passagens pelo jornal O Estado de S\u00e3o Paulo, como trainee de Jornalismo Econ\u00f4mico, e pelo site Not\u00edcias da TV.\",\"url\":\"https:\/\/www.suno.com.br\/noticias\/author\/erick-nery\/\"}]}<\/script>\n<!-- \/ Yoast SEO plugin. -->","yoast_head_json":{"title":"Elon Musk quebra a cara no Twitter, e usu\u00e1rios pedem \"impeachment\"","description":"Elon Musk quebrou a cara ao realizar uma enquete com os usu\u00e1rios do Twitter, que desejam com que ele deixe o comando da empresa. Confira!","robots":{"index":"index","follow":"follow","max-snippet":"max-snippet:-1","max-image-preview":"max-image-preview:large","max-video-preview":"max-video-preview:-1"},"canonical":"https:\/\/www.suno.com.br\/noticias\/elon-musk-twitter-twtr34-impeachment\/","og_locale":"pt_BR","og_type":"article","og_title":"Elon Musk quebra a cara no Twitter, e usu\u00e1rios pedem \"impeachment\"","og_description":"Elon Musk quebrou a cara ao realizar uma enquete com os usu\u00e1rios do Twitter, que desejam com que ele deixe o comando da empresa. Confira!","og_url":"https:\/\/www.suno.com.br\/noticias\/elon-musk-twitter-twtr34-impeachment\/","og_site_name":"Suno Not\u00edcias","article_publisher":"https:\/\/facebook.com\/sunoresearch","og_image":[{"width":1200,"height":675,"url":"https:\/\/files.sunoresearch.com.br\/n\/uploads\/2022\/12\/elon-musk-comando-twitter-mudancas-foto-youtube.jpg","type":"image\/jpeg"}],"author":"Erick Matheus Nery","twitter_card":"summary_large_image","twitter_creator":"@sunoresearch","twitter_site":"@sunoresearch","twitter_misc":{"Escrito por":"Erick Matheus Nery","Est. tempo de leitura":"2 minutos"},"schema":{"@context":"https:\/\/schema.org","@graph":[{"@type":"NewsArticle","@id":"https:\/\/www.suno.com.br\/noticias\/elon-musk-twitter-twtr34-impeachment\/#article","isPartOf":{"@id":"https:\/\/www.suno.com.br\/noticias\/elon-musk-twitter-twtr34-impeachment\/"},"author":{"name":"Erick Matheus Nery","@id":"https:\/\/www.suno.com.br\/noticias\/#\/schema\/person\/6899bc3f19d1a7315f807131c2c013a0"},"headline":"Elon Musk quebra a cara no Twitter (TWTR34): usu\u00e1rios pedem &#8220;impeachment&#8221; do executivo","datePublished":"2022-12-19T17:00:00+00:00","dateModified":"2022-12-19T17:00:51+00:00","mainEntityOfPage":{"@id":"https:\/\/www.suno.com.br\/noticias\/elon-musk-twitter-twtr34-impeachment\/"},"wordCount":394,"publisher":{"@id":"https:\/\/www.suno.com.br\/noticias\/#organization"},"image":{"@id":"https:\/\/www.suno.com.br\/noticias\/elon-musk-twitter-twtr34-impeachment\/#primaryimage"},"thumbnailUrl":"https:\/\/files.sunoresearch.com.br\/n\/uploads\/2022\/12\/elon-musk-comando-twitter-mudancas-foto-youtube.jpg","keywords":["A\u00e7\u00f5es","Elon Musk","Twitter (TWTR34)"],"articleSection":["Neg\u00f3cios"],"inLanguage":"pt-BR"},{"@type":"WebPage","@id":"https:\/\/www.suno.com.br\/noticias\/elon-musk-twitter-twtr34-impeachment\/","url":"https:\/\/www.suno.com.br\/noticias\/elon-musk-twitter-twtr34-impeachment\/","name":"Elon Musk quebra a cara no Twitter, e usu\u00e1rios pedem \"impeachment\"","isPartOf":{"@id":"https:\/\/www.suno.com.br\/noticias\/#website"},"primaryImageOfPage":{"@id":"https:\/\/www.suno.com.br\/noticias\/elon-musk-twitter-twtr34-impeachment\/#primaryimage"},"image":{"@id":"https:\/\/www.suno.com.br\/noticias\/elon-musk-twitter-twtr34-impeachment\/#primaryimage"},"thumbnailUrl":"https:\/\/files.sunoresearch.com.br\/n\/uploads\/2022\/12\/elon-musk-comando-twitter-mudancas-foto-youtube.jpg","datePublished":"2022-12-19T17:00:00+00:00","dateModified":"2022-12-19T17:00:51+00:00","description":"Elon Musk quebrou a cara ao realizar uma enquete com os usu\u00e1rios do Twitter, que desejam com que ele deixe o comando da empresa. Confira!","breadcrumb":{"@id":"https:\/\/www.suno.com.br\/noticias\/elon-musk-twitter-twtr34-impeachment\/#breadcrumb"},"inLanguage":"pt-BR","potentialAction":[{"@type":"ReadAction","target":["https:\/\/www.suno.com.br\/noticias\/elon-musk-twitter-twtr34-impeachment\/"]}]},{"@type":"ImageObject","inLanguage":"pt-BR","@id":"https:\/\/www.suno.com.br\/noticias\/elon-musk-twitter-twtr34-impeachment\/#primaryimage","url":"https:\/\/files.sunoresearch.com.br\/n\/uploads\/2022\/12\/elon-musk-comando-twitter-mudancas-foto-youtube.jpg","contentUrl":"https:\/\/files.sunoresearch.com.br\/n\/uploads\/2022\/12\/elon-musk-comando-twitter-mudancas-foto-youtube.jpg","width":1200,"height":675,"caption":"Elon Musk. Foto: YouTube"},{"@type":"BreadcrumbList","@id":"https:\/\/www.suno.com.br\/noticias\/elon-musk-twitter-twtr34-impeachment\/#breadcrumb","itemListElement":[{"@type":"ListItem","position":1,"name":"Not\u00edcias","item":"https:\/\/www.suno.com.br\/noticias\/"},{"@type":"ListItem","position":2,"name":"Neg\u00f3cios","item":"https:\/\/www.suno.com.br\/noticias\/negocios\/"},{"@type":"ListItem","position":3,"name":"Elon Musk quebra a cara no Twitter (TWTR34): usu\u00e1rios pedem &#8220;impeachment&#8221; do executivo"}]},{"@type":"WebSite","@id":"https:\/\/www.suno.com.br\/noticias\/#website","url":"https:\/\/www.suno.com.br\/noticias\/","name":"Suno Not\u00edcias","description":"Seu portal de informa\u00e7\u00e3o sobre o mundo dos investimentos","publisher":{"@id":"https:\/\/www.suno.com.br\/noticias\/#organization"},"potentialAction":[{"@type":"SearchAction","target":{"@type":"EntryPoint","urlTemplate":"https:\/\/www.suno.com.br\/noticias\/?s={search_term_string}"},"query-input":{"@type":"PropertyValueSpecification","valueRequired":true,"valueName":"search_term_string"}}],"inLanguage":"pt-BR"},{"@type":"Organization","@id":"https:\/\/www.suno.com.br\/noticias\/#organization","name":"Suno Not\u00edcias","url":"https:\/\/www.suno.com.br\/noticias\/","logo":{"@type":"ImageObject","inLanguage":"pt-BR","@id":"https:\/\/www.suno.com.br\/noticias\/#\/schema\/logo\/image\/","url":"https:\/\/files.sunoresearch.com.br\/n\/uploads\/2021\/09\/suno-logo.png","contentUrl":"https:\/\/files.sunoresearch.com.br\/n\/uploads\/2021\/09\/suno-logo.png","width":180,"height":180,"caption":"Suno Not\u00edcias"},"image":{"@id":"https:\/\/www.suno.com.br\/noticias\/#\/schema\/logo\/image\/"},"sameAs":["https:\/\/facebook.com\/sunoresearch","https:\/\/x.com\/sunoresearch","https:\/\/www.instagram.com\/suno","https:\/\/www.linkedin.com\/company\/suno-research\/","https:\/\/www.youtube.com\/c\/sunoresearch"]},{"@type":"Person","@id":"https:\/\/www.suno.com.br\/noticias\/#\/schema\/person\/6899bc3f19d1a7315f807131c2c013a0","name":"Erick Matheus Nery","image":{"@type":"ImageObject","inLanguage":"pt-BR","@id":"https:\/\/www.suno.com.br\/noticias\/#\/schema\/person\/image\/","url":"https:\/\/secure.gravatar.com\/avatar\/518ddffe438ccb767782d372a66304d2?s=96&r=g","contentUrl":"https:\/\/secure.gravatar.com\/avatar\/518ddffe438ccb767782d372a66304d2?s=96&r=g","caption":"Erick Matheus Nery"},"description":"Formado em Jornalismo pela Universidade Federal do Par\u00e1 (UFPA), conta com extens\u00e3o em Jornalismo Econ\u00f4mico pela Funda\u00e7\u00e3o Get\u00falio Vargas (FGV). No Suno Not\u00edcias, atua como rep\u00f3rter de Mercado, com foco nos setores de telecomunica\u00e7\u00f5es, varejo, alimentos e renda fixa. Conta com passagens pelo jornal O Estado de S\u00e3o Paulo, como trainee de Jornalismo Econ\u00f4mico, e pelo site Not\u00edcias da TV.","url":"https:\/\/www.suno.com.br\/noticias\/author\/erick-nery\/"}]}},"default_loop_html":"<div class=\"cardsPage__listCard__boxs\"><div class=\"cardsPage__listCard__boxs__img\"><a href=\"https:\/\/www.suno.com.br\/noticias\/elon-musk-twitter-twtr34-impeachment\/\"><img class=\"mask\" src=\"https:\/\/www.suno.com.br\/noticias\/wp-content\/themes\/suno\/resources\/images\/spotlight\/spotlight1img\/bg-mask.png\" alt=\"Image Mask\"\/><img src=\"https:\/\/files.sunoresearch.com.br\/n\/uploads\/2022\/12\/elon-musk-comando-twitter-mudancas-foto-youtube-400x200.jpg\" alt=\"Elon Musk quebra a cara no Twitter (TWTR34):  usu\u00e1rios pedem &#8220;impeachment&#8221; do executivo\"\/><\/a><span class=\"spotlightCategory\"><a href=\"https:\/\/www.suno.com.br\/noticias\/negocios\/\">Neg\u00f3cios<\/a><\/span><\/div><div class=\"cardsPage__listCard__boxs__content\"><a href=\"https:\/\/www.suno.com.br\/noticias\/elon-musk-twitter-twtr34-impeachment\/\"><h2 class=\"content__title\">Elon Musk quebra a cara no Twitter (TWTR34):  usu\u00e1rios pedem &#8220;impeachment&#8221; do executivo<\/h2><\/a><div class=\"newsContent__article__meta\"><div class=\"newsContent__article__meta__authorBox\"><a href=\"https:\/\/www.suno.com.br\/noticias\/author\/erick-nery\/\" class=\"authorBox__avatar noMobi\"><img src=\"https:\/\/secure.gravatar.com\/avatar\/518ddffe438ccb767782d372a66304d2?s=96&#038;r=g\" alt=\"Erick Matheus Nery\"><\/a><div class=\"authorBox__name\"><span>por\n\t\t\t<a href=\"https:\/\/www.suno.com.br\/noticias\/author\/erick-nery\/\"><span itemprop=\"author\">Erick Matheus Nery<\/span><\/a><\/span><time datetime=\"2022-12-19T14:00:00-03:00\" itemprop=\"datePublished\">19\/12\/2022 14:00<\/time><\/div><\/div><\/div><\/div><\/div>","single_layout":"posts","amp_enabled":true,"_links":{"self":[{"href":"https:\/\/www.suno.com.br\/noticias\/wp-json\/wp\/v2\/posts\/336803"}],"collection":[{"href":"https:\/\/www.suno.com.br\/noticias\/wp-json\/wp\/v2\/posts"}],"about":[{"href":"https:\/\/www.suno.com.br\/noticias\/wp-json\/wp\/v2\/types\/post"}],"author":[{"embeddable":true,"href":"https:\/\/www.suno.com.br\/noticias\/wp-json\/wp\/v2\/users\/232"}],"replies":[{"embeddable":true,"href":"https:\/\/www.suno.com.br\/noticias\/wp-json\/wp\/v2\/comments?post=336803"}],"version-history":[{"count":3,"href":"https:\/\/www.suno.com.br\/noticias\/wp-json\/wp\/v2\/posts\/336803\/revisions"}],"predecessor-version":[{"id":336932,"href":"https:\/\/www.suno.com.br\/noticias\/wp-json\/wp\/v2\/posts\/336803\/revisions\/336932"}],"wp:featuredmedia":[{"embeddable":true,"href":"https:\/\/www.suno.com.br\/noticias\/wp-json\/wp\/v2\/media\/336888"}],"wp:attachment":[{"href":"https:\/\/www.suno.com.br\/noticias\/wp-json\/wp\/v2\/media?parent=336803"}],"wp:term":[{"taxonomy":"category","embeddable":true,"href":"https:\/\/www.suno.com.br\/noticias\/wp-json\/wp\/v2\/categories?post=336803"},{"taxonomy":"post_tag","embeddable":true,"href":"https:\/\/www.suno.com.br\/noticias\/wp-json\/wp\/v2\/tags?post=336803"},{"taxonomy":"suno_strategy","embeddable":true,"href":"https:\/\/www.suno.com.br\/noticias\/wp-json\/wp\/v2\/suno_strategy?post=336803"}],"curies":[{"name":"wp","href":"https:\/\/api.w.org\/{rel}","templated":true}]}}