{"id":336627,"date":"2022-12-17T17:35:48","date_gmt":"2022-12-17T20:35:48","guid":{"rendered":"https:\/\/www.suno.com.br\/noticias\/?p=336627"},"modified":"2022-12-19T08:46:17","modified_gmt":"2022-12-19T11:46:17","slug":"governo-lula-37-ministerios-diz-rui-costa","status":"publish","type":"post","link":"https:\/\/www.suno.com.br\/noticias\/governo-lula-37-ministerios-diz-rui-costa\/","title":{"rendered":"Governo Lula ter\u00e1 37 minist\u00e9rios, afirma futuro ministro da Casa Civil"},"content":{"rendered":"<p>O novo governo<strong> Lula<\/strong> contar\u00e1 com 37 minist\u00e9rios, anunciou o futuro ministro-chefe da Casa Civil, Rui Costa. Segundo o atual governador da Bahia, os titulares das pastas ser\u00e3o anunciados na segunda-feira (19). Atualmente, o Executivo conta com 23 minist\u00e9rios.<\/p>\t<div class=\"wrapper-featured-image\">\n\t\t<figure class=\"spotlightImg\">\n\n\t\t\t<picture>\n\t\t\t\t<source media=\"(max-width: 768px)\" srcset=\"https:\/\/files.sunoresearch.com.br\/n\/uploads\/2022\/12\/rui-costa-ministro-da-casa-civil-400x200.jpg\">\n\t\t\t\t<img loading=\"lazy\" decoding=\"async\" class=\"newsContent__article__imgCapa lazyloadDisabled \" src=\"https:\/\/files.sunoresearch.com.br\/n\/uploads\/2022\/12\/rui-costa-ministro-da-casa-civil-800x450.jpg\" width=\"800\" height=\"450\" alt=\"Governo Lula ter\u00e1 37 minist\u00e9rios, afirma futuro ministro da Casa Civil\" fetchpriority=high \/>\n\t\t\t<\/picture>\n\n\t\t\t<figcaption class=\"wp-caption-text wp-caption-text--show\">O ministro-chefe da Casa Civil, Rui Costa. Foto: Ag\u00eancia Brasil<\/figcaption>\n\t\t<\/figure>\n\t<\/div>\n\n\n\n\n\n\t<p>\n\t\t<a href=\"\" target=\"_blank\" data-element=\"shortcode-suno-banner\" title=\"Banner SUNO, clique e saiba mais\">\n\t\t\t<picture>\n\t\t\t\t<source media=\"(max-width: 500px)\" srcset=\"\">\n\t\t\t\t<img class=\"newsContent__article__imgCapa newsContent__article__imgCapa--banner\"\n\t\t\t\t\tsrc=\"\"\n\t\t\t\t\tdata-promo-id=\"89005\"\t\t\t\t\t\t\t\t\t\t\t\t\t\t\talt=\"\"\n\t\t\t\t>\n\t\t\t<\/picture>\n\t\t<\/a>\n\t<\/p>\n\n\n\n\n\n<p>O an\u00fancio foi feito hoje, ap\u00f3s Rui Costa se reunir com Lula, Gleisi Hoffmann, presidente do PT, e com o <a href=\"https:\/\/www.suno.com.br\/noticias\/lula-mercadante-presidente-bndes\/\" target=\"_blank\" rel=\"noreferrer noopener\">futuro presidente do BNDES, Aloizio Mercadante<\/a>. De acordo com ele, haver\u00e1 o desmembramento de pastas, mas sem a cria\u00e7\u00e3o de cargos.<\/p>\n\n\n\n<blockquote class=\"wp-block-quote is-layout-flow wp-block-quote-is-layout-flow\">\n<p>Foi um pedido do presidente, que foi, ao desmembrar os minist\u00e9rios, n\u00e3o haver amplia\u00e7\u00e3o de cargos. Ou seja, o custo e o volume de gastos se manter independente da quantidade de minist\u00e9rios. Ent\u00e3o n\u00f3s estamos finalizando a estrutura com 37 minist\u00e9rios.<\/p>\n<\/blockquote>\n\n\n\n<h2 class=\"wp-block-heading\" id=\"h-desmembramento-e-criacao-de-novos-ministerios\">Desmembramento e cria\u00e7\u00e3o de novos minist\u00e9rios<\/h2>\n\n\n\n<p>Rui Costa adiantou que entre os <strong>minist\u00e9rios que voltar\u00e3o a existir no novo governo Lula<\/strong>, est\u00e3o:<\/p>\n\n\n\n<ul class=\"wp-block-list\">\n<li>Pesca<\/li>\n\n\n\n<li>Cidades<\/li>\n\n\n\n<li>Esporte<\/li>\n<\/ul>\n\n\n\n<p>Ele ainda apontou o desmembramento de dois minist\u00e9rios: da Economia e da Infraestrutura. Dessa forma, os novos minist\u00e9rios na <strong>nova gest\u00e3o Lula<\/strong> ficar\u00e3o da seguinte maneira:<\/p>\n\n\n\t<p>\n\t\t<a href=\"https:\/\/lp.suno.com.br\/planilha-controle-gastos\/\" target=\"_blank\" data-element=\"shortcode-suno-banner\" title=\"Banner SUNO, clique e saiba mais\">\n\t\t\t<picture>\n\t\t\t\t<source media=\"(max-width: 500px)\" srcset=\"https:\/\/files.sunoresearch.com.br\/n\/uploads\/2023\/03\/400x300-Planilha-controle-de-gastos.png\">\n\t\t\t\t<img class=\"newsContent__article__imgCapa newsContent__article__imgCapa--banner\"\n\t\t\t\t\tsrc=\"https:\/\/files.sunoresearch.com.br\/n\/uploads\/2023\/03\/1420x240-Planilha-controle-de-gastos.png\"\n\t\t\t\t\tdata-promo-id=\"101751\"\t\t\t\t\t\t\t\t\t\twidth='1420' height='240'\t\t\t\t\talt=\"https:\/\/files.sunoresearch.com.br\/n\/uploads\/2023\/03\/1420x240-Planilha-controle-de-gastos.png\"\n\t\t\t\t>\n\t\t\t<\/picture>\n\t\t<\/a>\n\t<\/p>\n\n\n\n\n\n<h3 class=\"wp-block-heading\">Minist\u00e9rio da Economia ser\u00e1 dividido em:<\/h3>\n\n\n\n<ul class=\"wp-block-list\">\n<li>Fazenda<\/li>\n\n\n\n<li>Planejamento<\/li>\n\n\n\n<li>Gest\u00e3o e Desenvolvimento<\/li>\n\n\n\n<li>Ind\u00fastria e Com\u00e9rcio<\/li>\n<\/ul>\n\n\n\n<h3 class=\"wp-block-heading\">Minist\u00e9rio da Infraestrutura ser\u00e1 divido em:<\/h3>\n\n\n\n<ul class=\"wp-block-list\">\n<li>Transportes<\/li>\n\n\n\n<li>Portos e Aeroportos<\/li>\n<\/ul>\n\n\n\n<p>Al\u00e9m dessas pastas, haver\u00e1 tamb\u00e9m a cria\u00e7\u00e3o do <strong>Minist\u00e9rio dos Povos Origin\u00e1rios<\/strong>, que Lula prometeu durante a campanha e Rui Costa confirmou que, em breve, ser\u00e1 anunciado o titular respons\u00e1vel.<\/p>\n\n\n\n<h2 class=\"wp-block-heading\">Josu\u00e9 Gomes recusa convite para Minist\u00e9rio da Ind\u00fastria<\/h2>\n\n\n\n<p>Ontem, o <strong>presidente da Fiesp<\/strong>,&nbsp;<strong>Josu\u00e9 Gomes<\/strong>, recusou o convite feito por Lula para&nbsp;<strong>comandar o Minist\u00e9rio do Desenvolvimento, Ind\u00fastria e Com\u00e9rcio Exterior (Mdic)<\/strong>&nbsp;\u2014 pasta que ser\u00e1 recriada. Segundo informa\u00e7\u00f5es do jornal&nbsp;<em>O Globo<\/em>, em conversa com o presidente eleito, o empres\u00e1rio alegou que quest\u00f5es de compliance em suas companhias o impedem de assumir a posi\u00e7\u00e3o.<\/p>\n\n\n\t<p>\n\t\t<a href=\"https:\/\/lp.suno.com.br\/planilha-da-vida-financeira\/\" target=\"_blank\" data-element=\"shortcode-suno-banner\" title=\"Banner SUNO, clique e saiba mais\">\n\t\t\t<picture>\n\t\t\t\t<source media=\"(max-width: 500px)\" srcset=\"https:\/\/files.sunoresearch.com.br\/n\/uploads\/2023\/04\/400x300-Planilha-vida-financeira-true.png\">\n\t\t\t\t<img class=\"newsContent__article__imgCapa newsContent__article__imgCapa--banner\"\n\t\t\t\t\tsrc=\"https:\/\/files.sunoresearch.com.br\/n\/uploads\/2023\/04\/1420x240-Planilha-vida-financeira-true.png\"\n\t\t\t\t\tdata-promo-id=\"106682\"\t\t\t\t\t\t\t\t\t\twidth='1420' height='240'\t\t\t\t\talt=\"https:\/\/files.sunoresearch.com.br\/n\/uploads\/2023\/04\/1420x240-Planilha-vida-financeira-true.png\"\n\t\t\t\t>\n\t\t\t<\/picture>\n\t\t<\/a>\n\t<\/p>\n\n\n\n\n\n<p><strong>Gomes \u00e9 filho do ex-vice presidente da Rep\u00fablica<\/strong>, Jos\u00e9 Alencar, que foi companheiro de chapa de Lula em seus dois primeiros mandados (2002-2006 e 2006-2010). Al\u00e9m de ser&nbsp;<strong>presidente da Fiesp<\/strong>, dirige o maior grupo empresarial do setor t\u00eaxtil, a Coteminas.<\/p>\n\n\n\n<p>De acordo com rumores que circularam na imprensa na \u00faltima semana,&nbsp;<strong>Josu\u00e9 Gomes foi convidado por Lula<\/strong>&nbsp;para assumir o&nbsp;<strong>Minist\u00e9rio do Desenvolvimento, Ind\u00fastria e Com\u00e9rcio Exterior<\/strong>&nbsp;na quarta-feira (14). Na ocasi\u00e3o, o empres\u00e1rio pediu tempo para analisar a proposta \u2014 por\u00e9m j\u00e1 havia a expectativa de que ele declinaria.<\/p>\n\n\n\t<p>\n\t\t<a href=\"https:\/\/lp.suno.com.br\/ebook-como-analisar-uma-acao\/\" target=\"_blank\" data-element=\"shortcode-suno-banner\" title=\"Banner SUNO, clique e saiba mais\">\n\t\t\t<picture>\n\t\t\t\t<source media=\"(max-width: 500px)\" srcset=\"https:\/\/files.sunoresearch.com.br\/n\/uploads\/2023\/03\/Ebook-Acoes-Mobile-1.jpg\">\n\t\t\t\t<img class=\"newsContent__article__imgCapa newsContent__article__imgCapa--banner\"\n\t\t\t\t\tsrc=\"https:\/\/files.sunoresearch.com.br\/n\/uploads\/2023\/03\/Ebook-Acoes-Desktop-1.jpg\"\n\t\t\t\t\tdata-promo-id=\"171998\"\t\t\t\t\t\t\t\t\t\twidth='1420' height='286'\t\t\t\t\talt=\"https:\/\/files.sunoresearch.com.br\/n\/uploads\/2023\/03\/Ebook-Acoes-Desktop-1.jpg\"\n\t\t\t\t>\n\t\t\t<\/picture>\n\t\t<\/a>\n\t<\/p>\n\n\n\n\n\n<h2 class=\"wp-block-heading\" id=\"h-novo-governo-lula-anuncia-haddad-dino-rui-costa-mucio-e-vieira-como-ministros\">Novo governo Lula anuncia Haddad, Dino, Rui Costa, M\u00facio e Vieira como ministros<\/h2>\n\n\n\n<p><a href=\"https:\/\/www.suno.com.br\/noticias\/lula-primeiros-ministros-anuncio\/\" target=\"_blank\" rel=\"noreferrer noopener\">H\u00e1 uma semana<\/a>, o presidente eleito&nbsp;<strong>Luiz In\u00e1cio Lula da Silva (PT)<\/strong>&nbsp;revelou os primeiros nomes da sua equipe ministerial.&nbsp;<strong>Fernando Haddad, Rui Costa, Fl\u00e1vio Dino, Jos\u00e9 M\u00facio Monteiro e Mauro Vieira<\/strong>&nbsp;foram confirmados pelo pol\u00edtico como os titulares das pastas da Fazenda, Casa Civil, Justi\u00e7a e Seguran\u00e7a P\u00fablica, Defesa e Rela\u00e7\u00f5es Exteriores, respectivamente.<\/p>\n\n\n\n<p>\u201cTomei a decis\u00e3o [de anunciar os primeiros nomes] porque preciso que algumas pessoas j\u00e1 comecem a trabalhar\u201d, afirmou <strong>Lula<\/strong> durante coletiva de imprensa.<\/p>\n\n\n\n\n\t<p>\n\t\t<a href=\"https:\/\/lp.suno.com.br\/planilha-de-controle-de-investimentos\/\" target=\"_blank\" data-element=\"shortcode-suno-banner\" title=\"Banner SUNO, clique e saiba mais\">\n\t\t\t<picture>\n\t\t\t\t<source media=\"(max-width: 500px)\" srcset=\"https:\/\/files.sunoresearch.com.br\/n\/uploads\/2023\/03\/400x300-Controle-de-Investimentos.png\">\n\t\t\t\t<img class=\"newsContent__article__imgCapa newsContent__article__imgCapa--banner\"\n\t\t\t\t\tsrc=\"https:\/\/files.sunoresearch.com.br\/n\/uploads\/2023\/03\/1420x240-Controle-de-Investimentos.png\"\n\t\t\t\t\tdata-promo-id=\"75934\"\t\t\t\t\t\t\t\t\t\twidth='1420' height='240'\t\t\t\t\talt=\"https:\/\/files.sunoresearch.com.br\/n\/uploads\/2023\/03\/1420x240-Controle-de-Investimentos.png\"\n\t\t\t\t>\n\t\t\t<\/picture>\n\t\t<\/a>\n\t<\/p>\n\n\n","protected":false},"excerpt":{"rendered":"<p>O novo governo Lula contar\u00e1 com 37 minist\u00e9rios, anunciou o futuro ministro-chefe da Casa Civil, Rui Costa. Segundo o atual governador da Bahia, os titulares das pastas ser\u00e3o anunciados na segunda-feira (19). Atualmente, o Executivo conta com 23 minist\u00e9rios. O ministro-chefe da Casa Civil, Rui Costa. Foto: Ag\u00eancia Brasil O an\u00fancio foi feito hoje, ap\u00f3s [&hellip;]<\/p>\n","protected":false},"author":233,"featured_media":336636,"comment_status":"closed","ping_status":"closed","sticky":false,"template":"","format":"standard","meta":[],"categories":[61],"tags":[1556,709],"suno_strategy":[],"class_list":["post-336627","post","type-post","status-publish","format-standard","has-post-thumbnail","hentry","category-politica","tag-governo-federal","tag-lula"],"yoast_head":"<!-- This site is optimized with the Yoast SEO plugin v24.4 - https:\/\/yoast.com\/wordpress\/plugins\/seo\/ -->\n<title>Governo Lula ter\u00e1 37 minist\u00e9rios, afirma futuro ministro da Casa Civil<\/title>\n<meta name=\"description\" content=\"O governo eleito de Lula (PT) contar\u00e1 com 37 minist\u00e9rios, anunciou o futuro ministro-chefe da Casa Civil, Rui Costa. Confira quais s\u00e3o!\" \/>\n<meta name=\"robots\" content=\"index, follow, max-snippet:-1, max-image-preview:large, max-video-preview:-1\" \/>\n<link rel=\"canonical\" href=\"https:\/\/www.suno.com.br\/noticias\/governo-lula-37-ministerios-diz-rui-costa\/\" \/>\n<meta property=\"og:locale\" content=\"pt_BR\" \/>\n<meta property=\"og:type\" content=\"article\" \/>\n<meta property=\"og:title\" content=\"Governo Lula ter\u00e1 37 minist\u00e9rios, afirma futuro ministro da Casa Civil\" \/>\n<meta property=\"og:description\" content=\"O governo eleito de Lula (PT) contar\u00e1 com 37 minist\u00e9rios, anunciou o futuro ministro-chefe da Casa Civil, Rui Costa. Confira quais s\u00e3o!\" \/>\n<meta property=\"og:url\" content=\"https:\/\/www.suno.com.br\/noticias\/governo-lula-37-ministerios-diz-rui-costa\/\" \/>\n<meta property=\"og:site_name\" content=\"Suno Not\u00edcias\" \/>\n<meta property=\"article:publisher\" content=\"https:\/\/facebook.com\/sunoresearch\" \/>\n<meta property=\"og:image\" content=\"https:\/\/files.sunoresearch.com.br\/n\/uploads\/2022\/12\/rui-costa-ministro-da-casa-civil.jpg\" \/>\n\t<meta property=\"og:image:width\" content=\"1200\" \/>\n\t<meta property=\"og:image:height\" content=\"800\" \/>\n\t<meta property=\"og:image:type\" content=\"image\/jpeg\" \/>\n<meta name=\"author\" content=\"Janize Cola\u00e7o\" \/>\n<meta name=\"twitter:card\" content=\"summary_large_image\" \/>\n<meta name=\"twitter:creator\" content=\"@sunoresearch\" \/>\n<meta name=\"twitter:site\" content=\"@sunoresearch\" \/>\n<meta name=\"twitter:label1\" content=\"Escrito por\" \/>\n\t<meta name=\"twitter:data1\" content=\"Janize Cola\u00e7o\" \/>\n\t<meta name=\"twitter:label2\" content=\"Est. tempo de leitura\" \/>\n\t<meta name=\"twitter:data2\" content=\"3 minutos\" \/>\n<script type=\"application\/ld+json\" class=\"yoast-schema-graph\">{\"@context\":\"https:\/\/schema.org\",\"@graph\":[{\"@type\":\"NewsArticle\",\"@id\":\"https:\/\/www.suno.com.br\/noticias\/governo-lula-37-ministerios-diz-rui-costa\/#article\",\"isPartOf\":{\"@id\":\"https:\/\/www.suno.com.br\/noticias\/governo-lula-37-ministerios-diz-rui-costa\/\"},\"author\":{\"name\":\"Janize Cola\u00e7o\",\"@id\":\"https:\/\/www.suno.com.br\/noticias\/#\/schema\/person\/d689f06da5678e1f0b1ee402f001d676\"},\"headline\":\"Governo Lula ter\u00e1 37 minist\u00e9rios, afirma futuro ministro da Casa Civil\",\"datePublished\":\"2022-12-17T20:35:48+00:00\",\"dateModified\":\"2022-12-19T11:46:17+00:00\",\"mainEntityOfPage\":{\"@id\":\"https:\/\/www.suno.com.br\/noticias\/governo-lula-37-ministerios-diz-rui-costa\/\"},\"wordCount\":564,\"publisher\":{\"@id\":\"https:\/\/www.suno.com.br\/noticias\/#organization\"},\"image\":{\"@id\":\"https:\/\/www.suno.com.br\/noticias\/governo-lula-37-ministerios-diz-rui-costa\/#primaryimage\"},\"thumbnailUrl\":\"https:\/\/files.sunoresearch.com.br\/n\/uploads\/2022\/12\/rui-costa-ministro-da-casa-civil.jpg\",\"keywords\":[\"governo federal\",\"Lula\"],\"articleSection\":[\"Pol\u00edtica\"],\"inLanguage\":\"pt-BR\"},{\"@type\":\"WebPage\",\"@id\":\"https:\/\/www.suno.com.br\/noticias\/governo-lula-37-ministerios-diz-rui-costa\/\",\"url\":\"https:\/\/www.suno.com.br\/noticias\/governo-lula-37-ministerios-diz-rui-costa\/\",\"name\":\"Governo Lula ter\u00e1 37 minist\u00e9rios, afirma futuro ministro da Casa Civil\",\"isPartOf\":{\"@id\":\"https:\/\/www.suno.com.br\/noticias\/#website\"},\"primaryImageOfPage\":{\"@id\":\"https:\/\/www.suno.com.br\/noticias\/governo-lula-37-ministerios-diz-rui-costa\/#primaryimage\"},\"image\":{\"@id\":\"https:\/\/www.suno.com.br\/noticias\/governo-lula-37-ministerios-diz-rui-costa\/#primaryimage\"},\"thumbnailUrl\":\"https:\/\/files.sunoresearch.com.br\/n\/uploads\/2022\/12\/rui-costa-ministro-da-casa-civil.jpg\",\"datePublished\":\"2022-12-17T20:35:48+00:00\",\"dateModified\":\"2022-12-19T11:46:17+00:00\",\"description\":\"O governo eleito de Lula (PT) contar\u00e1 com 37 minist\u00e9rios, anunciou o futuro ministro-chefe da Casa Civil, Rui Costa. Confira quais s\u00e3o!\",\"breadcrumb\":{\"@id\":\"https:\/\/www.suno.com.br\/noticias\/governo-lula-37-ministerios-diz-rui-costa\/#breadcrumb\"},\"inLanguage\":\"pt-BR\",\"potentialAction\":[{\"@type\":\"ReadAction\",\"target\":[\"https:\/\/www.suno.com.br\/noticias\/governo-lula-37-ministerios-diz-rui-costa\/\"]}]},{\"@type\":\"ImageObject\",\"inLanguage\":\"pt-BR\",\"@id\":\"https:\/\/www.suno.com.br\/noticias\/governo-lula-37-ministerios-diz-rui-costa\/#primaryimage\",\"url\":\"https:\/\/files.sunoresearch.com.br\/n\/uploads\/2022\/12\/rui-costa-ministro-da-casa-civil.jpg\",\"contentUrl\":\"https:\/\/files.sunoresearch.com.br\/n\/uploads\/2022\/12\/rui-costa-ministro-da-casa-civil.jpg\",\"width\":1200,\"height\":800,\"caption\":\"O ministro-chefe da Casa Civil, Rui Costa. Foto: Ag\u00eancia Brasil\"},{\"@type\":\"BreadcrumbList\",\"@id\":\"https:\/\/www.suno.com.br\/noticias\/governo-lula-37-ministerios-diz-rui-costa\/#breadcrumb\",\"itemListElement\":[{\"@type\":\"ListItem\",\"position\":1,\"name\":\"Not\u00edcias\",\"item\":\"https:\/\/www.suno.com.br\/noticias\/\"},{\"@type\":\"ListItem\",\"position\":2,\"name\":\"Pol\u00edtica\",\"item\":\"https:\/\/www.suno.com.br\/noticias\/politica\/\"},{\"@type\":\"ListItem\",\"position\":3,\"name\":\"Governo Lula ter\u00e1 37 minist\u00e9rios, afirma futuro ministro da Casa Civil\"}]},{\"@type\":\"WebSite\",\"@id\":\"https:\/\/www.suno.com.br\/noticias\/#website\",\"url\":\"https:\/\/www.suno.com.br\/noticias\/\",\"name\":\"Suno Not\u00edcias\",\"description\":\"Seu portal de informa\u00e7\u00e3o sobre o mundo dos investimentos\",\"publisher\":{\"@id\":\"https:\/\/www.suno.com.br\/noticias\/#organization\"},\"potentialAction\":[{\"@type\":\"SearchAction\",\"target\":{\"@type\":\"EntryPoint\",\"urlTemplate\":\"https:\/\/www.suno.com.br\/noticias\/?s={search_term_string}\"},\"query-input\":{\"@type\":\"PropertyValueSpecification\",\"valueRequired\":true,\"valueName\":\"search_term_string\"}}],\"inLanguage\":\"pt-BR\"},{\"@type\":\"Organization\",\"@id\":\"https:\/\/www.suno.com.br\/noticias\/#organization\",\"name\":\"Suno Not\u00edcias\",\"url\":\"https:\/\/www.suno.com.br\/noticias\/\",\"logo\":{\"@type\":\"ImageObject\",\"inLanguage\":\"pt-BR\",\"@id\":\"https:\/\/www.suno.com.br\/noticias\/#\/schema\/logo\/image\/\",\"url\":\"https:\/\/files.sunoresearch.com.br\/n\/uploads\/2021\/09\/suno-logo.png\",\"contentUrl\":\"https:\/\/files.sunoresearch.com.br\/n\/uploads\/2021\/09\/suno-logo.png\",\"width\":180,\"height\":180,\"caption\":\"Suno Not\u00edcias\"},\"image\":{\"@id\":\"https:\/\/www.suno.com.br\/noticias\/#\/schema\/logo\/image\/\"},\"sameAs\":[\"https:\/\/facebook.com\/sunoresearch\",\"https:\/\/x.com\/sunoresearch\",\"https:\/\/www.instagram.com\/suno\",\"https:\/\/www.linkedin.com\/company\/suno-research\/\",\"https:\/\/www.youtube.com\/c\/sunoresearch\"]},{\"@type\":\"Person\",\"@id\":\"https:\/\/www.suno.com.br\/noticias\/#\/schema\/person\/d689f06da5678e1f0b1ee402f001d676\",\"name\":\"Janize Cola\u00e7o\",\"image\":{\"@type\":\"ImageObject\",\"inLanguage\":\"pt-BR\",\"@id\":\"https:\/\/www.suno.com.br\/noticias\/#\/schema\/person\/image\/\",\"url\":\"https:\/\/secure.gravatar.com\/avatar\/32b3bf89abae63ca2cf961bc051522d0?s=96&r=g\",\"contentUrl\":\"https:\/\/secure.gravatar.com\/avatar\/32b3bf89abae63ca2cf961bc051522d0?s=96&r=g\",\"caption\":\"Janize Cola\u00e7o\"},\"description\":\"Jornalista formada pela PUC-SP com passagens pela Record TV, Globo Cond\u00e9 Nast, Revista Panrotas e Editora Via. Hoje, \u00e9 rep\u00f3rter no Suno Not\u00edcias, cobrindo pautas sobre mercado, pol\u00edtica, economia e bolsa de valores.\",\"url\":\"https:\/\/www.suno.com.br\/noticias\/author\/janize-colaco\/\"}]}<\/script>\n<!-- \/ Yoast SEO plugin. -->","yoast_head_json":{"title":"Governo Lula ter\u00e1 37 minist\u00e9rios, afirma futuro ministro da Casa Civil","description":"O governo eleito de Lula (PT) contar\u00e1 com 37 minist\u00e9rios, anunciou o futuro ministro-chefe da Casa Civil, Rui Costa. Confira quais s\u00e3o!","robots":{"index":"index","follow":"follow","max-snippet":"max-snippet:-1","max-image-preview":"max-image-preview:large","max-video-preview":"max-video-preview:-1"},"canonical":"https:\/\/www.suno.com.br\/noticias\/governo-lula-37-ministerios-diz-rui-costa\/","og_locale":"pt_BR","og_type":"article","og_title":"Governo Lula ter\u00e1 37 minist\u00e9rios, afirma futuro ministro da Casa Civil","og_description":"O governo eleito de Lula (PT) contar\u00e1 com 37 minist\u00e9rios, anunciou o futuro ministro-chefe da Casa Civil, Rui Costa. Confira quais s\u00e3o!","og_url":"https:\/\/www.suno.com.br\/noticias\/governo-lula-37-ministerios-diz-rui-costa\/","og_site_name":"Suno Not\u00edcias","article_publisher":"https:\/\/facebook.com\/sunoresearch","og_image":[{"width":1200,"height":800,"url":"https:\/\/files.sunoresearch.com.br\/n\/uploads\/2022\/12\/rui-costa-ministro-da-casa-civil.jpg","type":"image\/jpeg"}],"author":"Janize Cola\u00e7o","twitter_card":"summary_large_image","twitter_creator":"@sunoresearch","twitter_site":"@sunoresearch","twitter_misc":{"Escrito por":"Janize Cola\u00e7o","Est. tempo de leitura":"3 minutos"},"schema":{"@context":"https:\/\/schema.org","@graph":[{"@type":"NewsArticle","@id":"https:\/\/www.suno.com.br\/noticias\/governo-lula-37-ministerios-diz-rui-costa\/#article","isPartOf":{"@id":"https:\/\/www.suno.com.br\/noticias\/governo-lula-37-ministerios-diz-rui-costa\/"},"author":{"name":"Janize Cola\u00e7o","@id":"https:\/\/www.suno.com.br\/noticias\/#\/schema\/person\/d689f06da5678e1f0b1ee402f001d676"},"headline":"Governo Lula ter\u00e1 37 minist\u00e9rios, afirma futuro ministro da Casa Civil","datePublished":"2022-12-17T20:35:48+00:00","dateModified":"2022-12-19T11:46:17+00:00","mainEntityOfPage":{"@id":"https:\/\/www.suno.com.br\/noticias\/governo-lula-37-ministerios-diz-rui-costa\/"},"wordCount":564,"publisher":{"@id":"https:\/\/www.suno.com.br\/noticias\/#organization"},"image":{"@id":"https:\/\/www.suno.com.br\/noticias\/governo-lula-37-ministerios-diz-rui-costa\/#primaryimage"},"thumbnailUrl":"https:\/\/files.sunoresearch.com.br\/n\/uploads\/2022\/12\/rui-costa-ministro-da-casa-civil.jpg","keywords":["governo federal","Lula"],"articleSection":["Pol\u00edtica"],"inLanguage":"pt-BR"},{"@type":"WebPage","@id":"https:\/\/www.suno.com.br\/noticias\/governo-lula-37-ministerios-diz-rui-costa\/","url":"https:\/\/www.suno.com.br\/noticias\/governo-lula-37-ministerios-diz-rui-costa\/","name":"Governo Lula ter\u00e1 37 minist\u00e9rios, afirma futuro ministro da Casa Civil","isPartOf":{"@id":"https:\/\/www.suno.com.br\/noticias\/#website"},"primaryImageOfPage":{"@id":"https:\/\/www.suno.com.br\/noticias\/governo-lula-37-ministerios-diz-rui-costa\/#primaryimage"},"image":{"@id":"https:\/\/www.suno.com.br\/noticias\/governo-lula-37-ministerios-diz-rui-costa\/#primaryimage"},"thumbnailUrl":"https:\/\/files.sunoresearch.com.br\/n\/uploads\/2022\/12\/rui-costa-ministro-da-casa-civil.jpg","datePublished":"2022-12-17T20:35:48+00:00","dateModified":"2022-12-19T11:46:17+00:00","description":"O governo eleito de Lula (PT) contar\u00e1 com 37 minist\u00e9rios, anunciou o futuro ministro-chefe da Casa Civil, Rui Costa. Confira quais s\u00e3o!","breadcrumb":{"@id":"https:\/\/www.suno.com.br\/noticias\/governo-lula-37-ministerios-diz-rui-costa\/#breadcrumb"},"inLanguage":"pt-BR","potentialAction":[{"@type":"ReadAction","target":["https:\/\/www.suno.com.br\/noticias\/governo-lula-37-ministerios-diz-rui-costa\/"]}]},{"@type":"ImageObject","inLanguage":"pt-BR","@id":"https:\/\/www.suno.com.br\/noticias\/governo-lula-37-ministerios-diz-rui-costa\/#primaryimage","url":"https:\/\/files.sunoresearch.com.br\/n\/uploads\/2022\/12\/rui-costa-ministro-da-casa-civil.jpg","contentUrl":"https:\/\/files.sunoresearch.com.br\/n\/uploads\/2022\/12\/rui-costa-ministro-da-casa-civil.jpg","width":1200,"height":800,"caption":"O ministro-chefe da Casa Civil, Rui Costa. Foto: Ag\u00eancia Brasil"},{"@type":"BreadcrumbList","@id":"https:\/\/www.suno.com.br\/noticias\/governo-lula-37-ministerios-diz-rui-costa\/#breadcrumb","itemListElement":[{"@type":"ListItem","position":1,"name":"Not\u00edcias","item":"https:\/\/www.suno.com.br\/noticias\/"},{"@type":"ListItem","position":2,"name":"Pol\u00edtica","item":"https:\/\/www.suno.com.br\/noticias\/politica\/"},{"@type":"ListItem","position":3,"name":"Governo Lula ter\u00e1 37 minist\u00e9rios, afirma futuro ministro da Casa Civil"}]},{"@type":"WebSite","@id":"https:\/\/www.suno.com.br\/noticias\/#website","url":"https:\/\/www.suno.com.br\/noticias\/","name":"Suno Not\u00edcias","description":"Seu portal de informa\u00e7\u00e3o sobre o mundo dos investimentos","publisher":{"@id":"https:\/\/www.suno.com.br\/noticias\/#organization"},"potentialAction":[{"@type":"SearchAction","target":{"@type":"EntryPoint","urlTemplate":"https:\/\/www.suno.com.br\/noticias\/?s={search_term_string}"},"query-input":{"@type":"PropertyValueSpecification","valueRequired":true,"valueName":"search_term_string"}}],"inLanguage":"pt-BR"},{"@type":"Organization","@id":"https:\/\/www.suno.com.br\/noticias\/#organization","name":"Suno Not\u00edcias","url":"https:\/\/www.suno.com.br\/noticias\/","logo":{"@type":"ImageObject","inLanguage":"pt-BR","@id":"https:\/\/www.suno.com.br\/noticias\/#\/schema\/logo\/image\/","url":"https:\/\/files.sunoresearch.com.br\/n\/uploads\/2021\/09\/suno-logo.png","contentUrl":"https:\/\/files.sunoresearch.com.br\/n\/uploads\/2021\/09\/suno-logo.png","width":180,"height":180,"caption":"Suno Not\u00edcias"},"image":{"@id":"https:\/\/www.suno.com.br\/noticias\/#\/schema\/logo\/image\/"},"sameAs":["https:\/\/facebook.com\/sunoresearch","https:\/\/x.com\/sunoresearch","https:\/\/www.instagram.com\/suno","https:\/\/www.linkedin.com\/company\/suno-research\/","https:\/\/www.youtube.com\/c\/sunoresearch"]},{"@type":"Person","@id":"https:\/\/www.suno.com.br\/noticias\/#\/schema\/person\/d689f06da5678e1f0b1ee402f001d676","name":"Janize Cola\u00e7o","image":{"@type":"ImageObject","inLanguage":"pt-BR","@id":"https:\/\/www.suno.com.br\/noticias\/#\/schema\/person\/image\/","url":"https:\/\/secure.gravatar.com\/avatar\/32b3bf89abae63ca2cf961bc051522d0?s=96&r=g","contentUrl":"https:\/\/secure.gravatar.com\/avatar\/32b3bf89abae63ca2cf961bc051522d0?s=96&r=g","caption":"Janize Cola\u00e7o"},"description":"Jornalista formada pela PUC-SP com passagens pela Record TV, Globo Cond\u00e9 Nast, Revista Panrotas e Editora Via. Hoje, \u00e9 rep\u00f3rter no Suno Not\u00edcias, cobrindo pautas sobre mercado, pol\u00edtica, economia e bolsa de valores.","url":"https:\/\/www.suno.com.br\/noticias\/author\/janize-colaco\/"}]}},"default_loop_html":"<div class=\"cardsPage__listCard__boxs\"><div class=\"cardsPage__listCard__boxs__img\"><a href=\"https:\/\/www.suno.com.br\/noticias\/governo-lula-37-ministerios-diz-rui-costa\/\"><img class=\"mask\" src=\"https:\/\/www.suno.com.br\/noticias\/wp-content\/themes\/suno\/resources\/images\/spotlight\/spotlight1img\/bg-mask.png\" alt=\"Image Mask\"\/><img src=\"https:\/\/files.sunoresearch.com.br\/n\/uploads\/2022\/12\/rui-costa-ministro-da-casa-civil-400x200.jpg\" alt=\"Governo Lula ter\u00e1 37 minist\u00e9rios, afirma futuro ministro da Casa Civil\"\/><\/a><span class=\"spotlightCategory\"><a href=\"https:\/\/www.suno.com.br\/noticias\/politica\/\">Pol\u00edtica<\/a><\/span><\/div><div class=\"cardsPage__listCard__boxs__content\"><a href=\"https:\/\/www.suno.com.br\/noticias\/governo-lula-37-ministerios-diz-rui-costa\/\"><h2 class=\"content__title\">Governo Lula ter\u00e1 37 minist\u00e9rios, afirma futuro ministro da Casa Civil<\/h2><\/a><div class=\"newsContent__article__meta\"><div class=\"newsContent__article__meta__authorBox\"><a href=\"https:\/\/www.suno.com.br\/noticias\/author\/janize-colaco\/\" class=\"authorBox__avatar noMobi\"><img src=\"https:\/\/files.sunoresearch.com.br\/n\/uploads\/2022\/11\/20221120_111807-1-150x150.jpg\" alt=\"Janize Cola\u00e7o\"><\/a><div class=\"authorBox__name\"><span>por\n\t\t\t<a href=\"https:\/\/www.suno.com.br\/noticias\/author\/janize-colaco\/\"><span itemprop=\"author\">Janize Cola\u00e7o<\/span><\/a><\/span><time datetime=\"2022-12-17T17:35:48-03:00\" itemprop=\"datePublished\">17\/12\/2022 17:35<\/time><\/div><\/div><\/div><\/div><\/div>","single_layout":"posts","amp_enabled":true,"_links":{"self":[{"href":"https:\/\/www.suno.com.br\/noticias\/wp-json\/wp\/v2\/posts\/336627"}],"collection":[{"href":"https:\/\/www.suno.com.br\/noticias\/wp-json\/wp\/v2\/posts"}],"about":[{"href":"https:\/\/www.suno.com.br\/noticias\/wp-json\/wp\/v2\/types\/post"}],"author":[{"embeddable":true,"href":"https:\/\/www.suno.com.br\/noticias\/wp-json\/wp\/v2\/users\/233"}],"replies":[{"embeddable":true,"href":"https:\/\/www.suno.com.br\/noticias\/wp-json\/wp\/v2\/comments?post=336627"}],"version-history":[{"count":3,"href":"https:\/\/www.suno.com.br\/noticias\/wp-json\/wp\/v2\/posts\/336627\/revisions"}],"predecessor-version":[{"id":336758,"href":"https:\/\/www.suno.com.br\/noticias\/wp-json\/wp\/v2\/posts\/336627\/revisions\/336758"}],"wp:featuredmedia":[{"embeddable":true,"href":"https:\/\/www.suno.com.br\/noticias\/wp-json\/wp\/v2\/media\/336636"}],"wp:attachment":[{"href":"https:\/\/www.suno.com.br\/noticias\/wp-json\/wp\/v2\/media?parent=336627"}],"wp:term":[{"taxonomy":"category","embeddable":true,"href":"https:\/\/www.suno.com.br\/noticias\/wp-json\/wp\/v2\/categories?post=336627"},{"taxonomy":"post_tag","embeddable":true,"href":"https:\/\/www.suno.com.br\/noticias\/wp-json\/wp\/v2\/tags?post=336627"},{"taxonomy":"suno_strategy","embeddable":true,"href":"https:\/\/www.suno.com.br\/noticias\/wp-json\/wp\/v2\/suno_strategy?post=336627"}],"curies":[{"name":"wp","href":"https:\/\/api.w.org\/{rel}","templated":true}]}}