{"id":33654,"date":"2019-08-11T16:28:21","date_gmt":"2019-08-11T19:28:21","guid":{"rendered":"https:\/\/www.suno.com.br\/noticias\/?p=33654"},"modified":"2019-08-11T16:28:21","modified_gmt":"2019-08-11T19:28:21","slug":"previdencia-ja-teria-votos-necessarios-para-aprovacao-no-senado","status":"publish","type":"post","link":"https:\/\/www.suno.com.br\/noticias\/previdencia-ja-teria-votos-necessarios-para-aprovacao-no-senado\/","title":{"rendered":"Previd\u00eancia j\u00e1 teria votos necess\u00e1rios para aprova\u00e7\u00e3o no Senado"},"content":{"rendered":"<p>A reforma da Previd\u00eancia j\u00e1 teria os votos necess\u00e1rios para ser aprovada no <strong>Senado Federal.<\/strong> A informa\u00e7\u00e3o foi divulgada pelo jornal &#8220;O Estado de S.Paulo&#8221;.<\/p>\t<div class=\"wrapper-featured-image\">\n\t\t<figure class=\"spotlightImg\">\n\n\t\t\t<picture>\n\t\t\t\t<source media=\"(max-width: 768px)\" srcset=\"https:\/\/files.sunoresearch.com.br\/n\/uploads\/2019\/06\/79fc497b-congresso-nacional-credito-400x200.webp\">\n\t\t\t\t<img loading=\"lazy\" decoding=\"async\" class=\"newsContent__article__imgCapa lazyloadDisabled newsContent__article__imgCapa--noCaption\" src=\"https:\/\/files.sunoresearch.com.br\/n\/uploads\/2019\/06\/79fc497b-congresso-nacional-credito-800x450.webp\" width=\"800\" height=\"450\" alt=\"Previd\u00eancia j\u00e1 teria votos necess\u00e1rios para aprova\u00e7\u00e3o no Senado\" fetchpriority=high \/>\n\t\t\t<\/picture>\n\n\t\t\t<figcaption class=\"wp-caption-text wp-caption-text--hide\">Senado votar\u00e1 projeto que suspende pagamento de alugu\u00e9is<\/figcaption>\n\t\t<\/figure>\n\t<\/div>\n\n\n\n<p>Segundo o ve\u00edculo, o <strong>Placar da Previd\u00eancia<\/strong> apontaria 53 votos a favor do texto. Esse n\u00famero seria mais do que suficiente para aprovar a <strong>Proposta de Emenda Constitucional (PEC)<\/strong>. Essa mudan\u00e7a na Carta Magna requer o voto favor\u00e1vel de 49 senadores em dois turnos de vota\u00e7\u00e3o.<\/p>\n<p><a href=\"https:\/\/www.suno.com.br\/noticias\/reforma-da-previdencia-camara-rejeita-destaques-e-proposta-vai-ao-senado\/\">Saiba mais: Reforma da Previd\u00eancia: C\u00e2mara rejeita destaques e proposta vai ao Senado\u00a0<\/a><\/p>\n<p>Por outro lado, 13 senadores se declararam contr\u00e1rios \u00e0 <strong>PEC,<\/strong> enquanto outros quatro se disseram indecisos. Al\u00e9m deles, mais dez n\u00e3o quiseram responder sobre como ir\u00e3o votar em rela\u00e7\u00e3o a <strong>reforma da Previd\u00eancia.<\/strong> O presidente do <strong>Senado,<\/strong> Davi Alcolumbre (DEM-AP), pode se abster de votar e por isso n\u00e3o foi inclu\u00eddo no c\u00e1lculo.<\/p>\n<p>Entretanto, antes de chegar ao Plen\u00e1rio, a <strong>PEC<\/strong> precisa ser aprovada pela <strong>Comiss\u00e3o de Constitui\u00e7\u00e3o e Justi\u00e7a (CCJ)<\/strong> do <strong>Senado.<\/strong> O relator da reforma, senador Tasso Jereissati (PSDB-CE), j\u00e1 antecipou que pretende entregar o parecer antes dos 30 dias previstos pelo regimento interno.<\/p>\n<h2>Reforma da Previd\u00eancia j\u00e1 aprovada pela C\u00e2mara<\/h2>\n<p>A <strong>reforma da Previd\u00eancia<\/strong> j\u00e1 foi aprovada pela <strong>C\u00e2mara dos Deputados<\/strong> em primeiro e segundo turno. A PEC obteve respectivamente 379 votos na primeira vota\u00e7\u00e3o e 370 na segunda vota\u00e7\u00e3o. O m\u00ednimo necess\u00e1rio era de 308 parlamentares.<\/p>\n\t<p>\n\t\t<a href=\"https:\/\/lp.suno.com.br\/ebook-como-analisar-uma-acao\/\" target=\"_blank\" data-element=\"shortcode-suno-banner\" title=\"Banner SUNO, clique e saiba mais\">\n\t\t\t<picture>\n\t\t\t\t<source media=\"(max-width: 500px)\" srcset=\"https:\/\/files.sunoresearch.com.br\/n\/uploads\/2023\/12\/Ebook-Acoes-Mobile.jpg\">\n\t\t\t\t<img class=\"newsContent__article__imgCapa newsContent__article__imgCapa--banner\"\n\t\t\t\t\tsrc=\"https:\/\/files.sunoresearch.com.br\/n\/uploads\/2023\/12\/Ebook-Acoes-Desktop.webp\"\n\t\t\t\t\tdata-promo-id=\"311260\"\t\t\t\t\t\t\t\t\t\twidth='1420' height='286'\t\t\t\t\talt=\"https:\/\/files.sunoresearch.com.br\/n\/uploads\/2023\/12\/Ebook-Acoes-Desktop.webp\"\n\t\t\t\t>\n\t\t\t<\/picture>\n\t\t<\/a>\n\t<\/p>\n\n\n<p>Uma folga de votos que a equipe econ\u00f4mica do governo espera obter tamb\u00e9m no <strong>Senado.<\/strong> O Executivo prev\u00ea um apoio de 64 senadores de um total de 81 membros da C\u00e2mara alta.<\/p>\n<p><a href=\"https:\/\/www.suno.com.br\/noticias\/votacao-reforma-previdencia-maia\/\">Saiba mais: Vota\u00e7\u00e3o da reforma da Previd\u00eancia est\u00e1 tranquila, segundo Maia\u00a0<\/a><\/p>\n<p>Por isso, o governo continuar\u00e1 intensificando o di\u00e1logo com os senadores. O objetivo \u00e9 melhorar a articula\u00e7\u00e3o pol\u00edtica e tirar d\u00favidas sobre o texto da <strong>PEC.<\/strong><\/p>\n<h2>Objetivo \u00e9 manter proposta inalterada<\/h2>\n<p>O governo quer manter a proposta id\u00eantica a como foi aprovada na <strong>C\u00e2mara.<\/strong> A <strong>PEC<\/strong> prev\u00ea uma economia de R$ 933,5 bilh\u00f5es em uma d\u00e9cada. Menor do que a economia de R$ 1,2 bilh\u00e3o prevista pelo governo na proposta origin\u00e1ria, mas ainda considerada aceit\u00e1vel.<\/p>\n\t<p>\n\t\t<a href=\"https:\/\/lp.suno.com.br\/ebook-investindo-em-dividendos\/\" target=\"_blank\" data-element=\"shortcode-suno-banner\" title=\"Banner SUNO, clique e saiba mais\">\n\t\t\t<picture>\n\t\t\t\t<source media=\"(max-width: 500px)\" srcset=\"https:\/\/files.sunoresearch.com.br\/n\/uploads\/2023\/03\/400x300-Dividendos.png\">\n\t\t\t\t<img class=\"newsContent__article__imgCapa newsContent__article__imgCapa--banner\"\n\t\t\t\t\tsrc=\"https:\/\/files.sunoresearch.com.br\/n\/uploads\/2023\/03\/1420x240-Dividendos.png\"\n\t\t\t\t\tdata-promo-id=\"383163\"\t\t\t\t\t\t\t\t\t\twidth='1420' height='240'\t\t\t\t\talt=\"https:\/\/files.sunoresearch.com.br\/n\/uploads\/2023\/03\/1420x240-Dividendos.png\"\n\t\t\t\t>\n\t\t\t<\/picture>\n\t\t<\/a>\n\t<\/p>\n\n\n<p>Al\u00e9m disso, a <strong>reforma da Previd\u00eancia<\/strong> define uma nova idade m\u00ednima para se aposentar no Brasil:<\/p>\n<ul>\n<li>65 anos para homens<\/li>\n<li>62 anos para mulheres<\/li>\n<\/ul>\n<p>A idade m\u00ednima \u00e9 equiparada seja para os trabalhadores do setor p\u00fablico que da iniciativa privada. Entretanto, a <strong>reforma da Previd\u00eancia<\/strong> vai valer apenas para as pessoas que ir\u00e3o entrar no mercado de trabalho. Para quem j\u00e1 est\u00e1 trabalhando e contribuindo com o <strong>Instituto Nacional de Seguridade Social (INSS)<\/strong>, ter\u00e3o cinco regras de transi\u00e7\u00e3o.<\/p>\n<p>O texto da <strong>reforma da Previd\u00eancia<\/strong> atualmente em discuss\u00e3o no Congresso n\u00e3o inclui os Estados nem os Munic\u00edpios. Al\u00e9m disso, n\u00e3o prev\u00ea um regime de capitaliza\u00e7\u00e3o.<\/p>\n","protected":false},"excerpt":{"rendered":"<p>A reforma da Previd\u00eancia j\u00e1 teria os votos necess\u00e1rios para ser aprovada no Senado Federal. A informa\u00e7\u00e3o foi divulgada pelo jornal &#8220;O Estado de S.Paulo&#8221;. Senado votar\u00e1 projeto que suspende pagamento de alugu\u00e9is Segundo o ve\u00edculo, o Placar da Previd\u00eancia apontaria 53 votos a favor do texto. Esse n\u00famero seria mais do que suficiente para [&hellip;]<\/p>\n","protected":false},"author":9,"featured_media":27812,"comment_status":"closed","ping_status":"closed","sticky":false,"template":"","format":"standard","meta":[],"categories":[61],"tags":[901,940],"suno_strategy":[],"class_list":["post-33654","post","type-post","status-publish","format-standard","has-post-thumbnail","hentry","category-politica","tag-congresso-nacional","tag-reforma-da-previdencia"],"yoast_head":"<!-- This site is optimized with the Yoast SEO plugin v24.4 - https:\/\/yoast.com\/wordpress\/plugins\/seo\/ -->\n<title>Previd\u00eancia j\u00e1 teria votos necess\u00e1rios para aprova\u00e7\u00e3o no Senado<\/title>\n<meta name=\"description\" content=\"A reforma da Previd\u00eancia j\u00e1 teria os votos necess\u00e1rios para ser aprovada no Senado Federal, informou o Estad\u00e3o. Clique aqui para saber mais.\" \/>\n<meta name=\"robots\" content=\"index, follow, max-snippet:-1, max-image-preview:large, max-video-preview:-1\" \/>\n<link rel=\"canonical\" href=\"https:\/\/www.suno.com.br\/noticias\/previdencia-ja-teria-votos-necessarios-para-aprovacao-no-senado\/\" \/>\n<meta property=\"og:locale\" content=\"pt_BR\" \/>\n<meta property=\"og:type\" content=\"article\" \/>\n<meta property=\"og:title\" content=\"Previd\u00eancia j\u00e1 teria votos necess\u00e1rios para aprova\u00e7\u00e3o no Senado\" \/>\n<meta property=\"og:description\" content=\"A reforma da Previd\u00eancia j\u00e1 teria os votos necess\u00e1rios para ser aprovada no Senado Federal, informou o Estad\u00e3o. Clique aqui para saber mais.\" \/>\n<meta property=\"og:url\" content=\"https:\/\/www.suno.com.br\/noticias\/previdencia-ja-teria-votos-necessarios-para-aprovacao-no-senado\/\" \/>\n<meta property=\"og:site_name\" content=\"Suno Not\u00edcias\" \/>\n<meta property=\"article:publisher\" content=\"https:\/\/facebook.com\/sunoresearch\" \/>\n<meta property=\"og:image\" content=\"https:\/\/files.sunoresearch.com.br\/n\/uploads\/2019\/06\/79fc497b-congresso-nacional-credito.jpg\" \/>\n\t<meta property=\"og:image:width\" content=\"2272\" \/>\n\t<meta property=\"og:image:height\" content=\"1455\" \/>\n\t<meta property=\"og:image:type\" content=\"image\/jpeg\" \/>\n<meta name=\"author\" content=\"Carlo Cauti\" \/>\n<meta name=\"twitter:card\" content=\"summary_large_image\" \/>\n<meta name=\"twitter:creator\" content=\"@sunoresearch\" \/>\n<meta name=\"twitter:site\" content=\"@sunoresearch\" \/>\n<meta name=\"twitter:label1\" content=\"Escrito por\" \/>\n\t<meta name=\"twitter:data1\" content=\"Carlo Cauti\" \/>\n\t<meta name=\"twitter:label2\" content=\"Est. tempo de leitura\" \/>\n\t<meta name=\"twitter:data2\" content=\"3 minutos\" \/>\n<script type=\"application\/ld+json\" class=\"yoast-schema-graph\">{\"@context\":\"https:\/\/schema.org\",\"@graph\":[{\"@type\":\"NewsArticle\",\"@id\":\"https:\/\/www.suno.com.br\/noticias\/previdencia-ja-teria-votos-necessarios-para-aprovacao-no-senado\/#article\",\"isPartOf\":{\"@id\":\"https:\/\/www.suno.com.br\/noticias\/previdencia-ja-teria-votos-necessarios-para-aprovacao-no-senado\/\"},\"author\":{\"name\":\"Carlo Cauti\",\"@id\":\"https:\/\/www.suno.com.br\/noticias\/#\/schema\/person\/e6e0f723cc177805027f4566c1d5e0c8\"},\"headline\":\"Previd\u00eancia j\u00e1 teria votos necess\u00e1rios para aprova\u00e7\u00e3o no Senado\",\"datePublished\":\"2019-08-11T19:28:21+00:00\",\"mainEntityOfPage\":{\"@id\":\"https:\/\/www.suno.com.br\/noticias\/previdencia-ja-teria-votos-necessarios-para-aprovacao-no-senado\/\"},\"wordCount\":514,\"publisher\":{\"@id\":\"https:\/\/www.suno.com.br\/noticias\/#organization\"},\"image\":{\"@id\":\"https:\/\/www.suno.com.br\/noticias\/previdencia-ja-teria-votos-necessarios-para-aprovacao-no-senado\/#primaryimage\"},\"thumbnailUrl\":\"https:\/\/files.sunoresearch.com.br\/n\/uploads\/2019\/06\/79fc497b-congresso-nacional-credito-jpg.webp\",\"keywords\":[\"Congresso Nacional\",\"Reforma da Previd\u00eancia\"],\"articleSection\":[\"Pol\u00edtica\"],\"inLanguage\":\"pt-BR\"},{\"@type\":\"WebPage\",\"@id\":\"https:\/\/www.suno.com.br\/noticias\/previdencia-ja-teria-votos-necessarios-para-aprovacao-no-senado\/\",\"url\":\"https:\/\/www.suno.com.br\/noticias\/previdencia-ja-teria-votos-necessarios-para-aprovacao-no-senado\/\",\"name\":\"Previd\u00eancia j\u00e1 teria votos necess\u00e1rios para aprova\u00e7\u00e3o no Senado\",\"isPartOf\":{\"@id\":\"https:\/\/www.suno.com.br\/noticias\/#website\"},\"primaryImageOfPage\":{\"@id\":\"https:\/\/www.suno.com.br\/noticias\/previdencia-ja-teria-votos-necessarios-para-aprovacao-no-senado\/#primaryimage\"},\"image\":{\"@id\":\"https:\/\/www.suno.com.br\/noticias\/previdencia-ja-teria-votos-necessarios-para-aprovacao-no-senado\/#primaryimage\"},\"thumbnailUrl\":\"https:\/\/files.sunoresearch.com.br\/n\/uploads\/2019\/06\/79fc497b-congresso-nacional-credito-jpg.webp\",\"datePublished\":\"2019-08-11T19:28:21+00:00\",\"description\":\"A reforma da Previd\u00eancia j\u00e1 teria os votos necess\u00e1rios para ser aprovada no Senado Federal, informou o Estad\u00e3o. Clique aqui para saber mais.\",\"breadcrumb\":{\"@id\":\"https:\/\/www.suno.com.br\/noticias\/previdencia-ja-teria-votos-necessarios-para-aprovacao-no-senado\/#breadcrumb\"},\"inLanguage\":\"pt-BR\",\"potentialAction\":[{\"@type\":\"ReadAction\",\"target\":[\"https:\/\/www.suno.com.br\/noticias\/previdencia-ja-teria-votos-necessarios-para-aprovacao-no-senado\/\"]}]},{\"@type\":\"ImageObject\",\"inLanguage\":\"pt-BR\",\"@id\":\"https:\/\/www.suno.com.br\/noticias\/previdencia-ja-teria-votos-necessarios-para-aprovacao-no-senado\/#primaryimage\",\"url\":\"https:\/\/files.sunoresearch.com.br\/n\/uploads\/2019\/06\/79fc497b-congresso-nacional-credito-jpg.webp\",\"contentUrl\":\"https:\/\/files.sunoresearch.com.br\/n\/uploads\/2019\/06\/79fc497b-congresso-nacional-credito-jpg.webp\",\"width\":2272,\"height\":1455,\"caption\":\"Senado votar\u00e1 projeto que suspende pagamento de alugu\u00e9is\"},{\"@type\":\"BreadcrumbList\",\"@id\":\"https:\/\/www.suno.com.br\/noticias\/previdencia-ja-teria-votos-necessarios-para-aprovacao-no-senado\/#breadcrumb\",\"itemListElement\":[{\"@type\":\"ListItem\",\"position\":1,\"name\":\"Not\u00edcias\",\"item\":\"https:\/\/www.suno.com.br\/noticias\/\"},{\"@type\":\"ListItem\",\"position\":2,\"name\":\"Pol\u00edtica\",\"item\":\"https:\/\/www.suno.com.br\/noticias\/politica\/\"},{\"@type\":\"ListItem\",\"position\":3,\"name\":\"Previd\u00eancia j\u00e1 teria votos necess\u00e1rios para aprova\u00e7\u00e3o no Senado\"}]},{\"@type\":\"WebSite\",\"@id\":\"https:\/\/www.suno.com.br\/noticias\/#website\",\"url\":\"https:\/\/www.suno.com.br\/noticias\/\",\"name\":\"Suno Not\u00edcias\",\"description\":\"Seu portal de informa\u00e7\u00e3o sobre o mundo dos investimentos\",\"publisher\":{\"@id\":\"https:\/\/www.suno.com.br\/noticias\/#organization\"},\"potentialAction\":[{\"@type\":\"SearchAction\",\"target\":{\"@type\":\"EntryPoint\",\"urlTemplate\":\"https:\/\/www.suno.com.br\/noticias\/?s={search_term_string}\"},\"query-input\":{\"@type\":\"PropertyValueSpecification\",\"valueRequired\":true,\"valueName\":\"search_term_string\"}}],\"inLanguage\":\"pt-BR\"},{\"@type\":\"Organization\",\"@id\":\"https:\/\/www.suno.com.br\/noticias\/#organization\",\"name\":\"Suno Not\u00edcias\",\"url\":\"https:\/\/www.suno.com.br\/noticias\/\",\"logo\":{\"@type\":\"ImageObject\",\"inLanguage\":\"pt-BR\",\"@id\":\"https:\/\/www.suno.com.br\/noticias\/#\/schema\/logo\/image\/\",\"url\":\"https:\/\/files.sunoresearch.com.br\/n\/uploads\/2021\/09\/suno-logo.png\",\"contentUrl\":\"https:\/\/files.sunoresearch.com.br\/n\/uploads\/2021\/09\/suno-logo.png\",\"width\":180,\"height\":180,\"caption\":\"Suno Not\u00edcias\"},\"image\":{\"@id\":\"https:\/\/www.suno.com.br\/noticias\/#\/schema\/logo\/image\/\"},\"sameAs\":[\"https:\/\/facebook.com\/sunoresearch\",\"https:\/\/x.com\/sunoresearch\",\"https:\/\/www.instagram.com\/suno\",\"https:\/\/www.linkedin.com\/company\/suno-research\/\",\"https:\/\/www.youtube.com\/c\/sunoresearch\"]},{\"@type\":\"Person\",\"@id\":\"https:\/\/www.suno.com.br\/noticias\/#\/schema\/person\/e6e0f723cc177805027f4566c1d5e0c8\",\"name\":\"Carlo Cauti\",\"image\":{\"@type\":\"ImageObject\",\"inLanguage\":\"pt-BR\",\"@id\":\"https:\/\/www.suno.com.br\/noticias\/#\/schema\/person\/image\/\",\"url\":\"https:\/\/secure.gravatar.com\/avatar\/3ada9e0bd164c23abd4792a9606d583c?s=96&r=g\",\"contentUrl\":\"https:\/\/secure.gravatar.com\/avatar\/3ada9e0bd164c23abd4792a9606d583c?s=96&r=g\",\"caption\":\"Carlo Cauti\"},\"description\":\"Editor multim\u00eddia do SUNO Not\u00edcias. Italiano, formado em Ci\u00eancias Pol\u00edticas pela universidade LUISS G. Carli de Roma e mestre cum laude em Rela\u00e7\u00f5es Internacionais, Jornalismo Internacional e de Guerra e em Economia Internacional. Concluiu tamb\u00e9m um MBA em Finan\u00e7as na B3. No Brasil, teve passagem por ve\u00edculos como Estad\u00e3o, Globo, Veja e EXAME. e nas ag\u00eancias de not\u00edcias italianas ANSA e NOVA.\",\"url\":\"https:\/\/www.suno.com.br\/noticias\/author\/carlo-cauti\/\"}]}<\/script>\n<!-- \/ Yoast SEO plugin. -->","yoast_head_json":{"title":"Previd\u00eancia j\u00e1 teria votos necess\u00e1rios para aprova\u00e7\u00e3o no Senado","description":"A reforma da Previd\u00eancia j\u00e1 teria os votos necess\u00e1rios para ser aprovada no Senado Federal, informou o Estad\u00e3o. Clique aqui para saber mais.","robots":{"index":"index","follow":"follow","max-snippet":"max-snippet:-1","max-image-preview":"max-image-preview:large","max-video-preview":"max-video-preview:-1"},"canonical":"https:\/\/www.suno.com.br\/noticias\/previdencia-ja-teria-votos-necessarios-para-aprovacao-no-senado\/","og_locale":"pt_BR","og_type":"article","og_title":"Previd\u00eancia j\u00e1 teria votos necess\u00e1rios para aprova\u00e7\u00e3o no Senado","og_description":"A reforma da Previd\u00eancia j\u00e1 teria os votos necess\u00e1rios para ser aprovada no Senado Federal, informou o Estad\u00e3o. Clique aqui para saber mais.","og_url":"https:\/\/www.suno.com.br\/noticias\/previdencia-ja-teria-votos-necessarios-para-aprovacao-no-senado\/","og_site_name":"Suno Not\u00edcias","article_publisher":"https:\/\/facebook.com\/sunoresearch","og_image":[{"width":2272,"height":1455,"url":"https:\/\/files.sunoresearch.com.br\/n\/uploads\/2019\/06\/79fc497b-congresso-nacional-credito.jpg","type":"image\/jpeg"}],"author":"Carlo Cauti","twitter_card":"summary_large_image","twitter_creator":"@sunoresearch","twitter_site":"@sunoresearch","twitter_misc":{"Escrito por":"Carlo Cauti","Est. tempo de leitura":"3 minutos"},"schema":{"@context":"https:\/\/schema.org","@graph":[{"@type":"NewsArticle","@id":"https:\/\/www.suno.com.br\/noticias\/previdencia-ja-teria-votos-necessarios-para-aprovacao-no-senado\/#article","isPartOf":{"@id":"https:\/\/www.suno.com.br\/noticias\/previdencia-ja-teria-votos-necessarios-para-aprovacao-no-senado\/"},"author":{"name":"Carlo Cauti","@id":"https:\/\/www.suno.com.br\/noticias\/#\/schema\/person\/e6e0f723cc177805027f4566c1d5e0c8"},"headline":"Previd\u00eancia j\u00e1 teria votos necess\u00e1rios para aprova\u00e7\u00e3o no Senado","datePublished":"2019-08-11T19:28:21+00:00","mainEntityOfPage":{"@id":"https:\/\/www.suno.com.br\/noticias\/previdencia-ja-teria-votos-necessarios-para-aprovacao-no-senado\/"},"wordCount":514,"publisher":{"@id":"https:\/\/www.suno.com.br\/noticias\/#organization"},"image":{"@id":"https:\/\/www.suno.com.br\/noticias\/previdencia-ja-teria-votos-necessarios-para-aprovacao-no-senado\/#primaryimage"},"thumbnailUrl":"https:\/\/files.sunoresearch.com.br\/n\/uploads\/2019\/06\/79fc497b-congresso-nacional-credito-jpg.webp","keywords":["Congresso Nacional","Reforma da Previd\u00eancia"],"articleSection":["Pol\u00edtica"],"inLanguage":"pt-BR"},{"@type":"WebPage","@id":"https:\/\/www.suno.com.br\/noticias\/previdencia-ja-teria-votos-necessarios-para-aprovacao-no-senado\/","url":"https:\/\/www.suno.com.br\/noticias\/previdencia-ja-teria-votos-necessarios-para-aprovacao-no-senado\/","name":"Previd\u00eancia j\u00e1 teria votos necess\u00e1rios para aprova\u00e7\u00e3o no Senado","isPartOf":{"@id":"https:\/\/www.suno.com.br\/noticias\/#website"},"primaryImageOfPage":{"@id":"https:\/\/www.suno.com.br\/noticias\/previdencia-ja-teria-votos-necessarios-para-aprovacao-no-senado\/#primaryimage"},"image":{"@id":"https:\/\/www.suno.com.br\/noticias\/previdencia-ja-teria-votos-necessarios-para-aprovacao-no-senado\/#primaryimage"},"thumbnailUrl":"https:\/\/files.sunoresearch.com.br\/n\/uploads\/2019\/06\/79fc497b-congresso-nacional-credito-jpg.webp","datePublished":"2019-08-11T19:28:21+00:00","description":"A reforma da Previd\u00eancia j\u00e1 teria os votos necess\u00e1rios para ser aprovada no Senado Federal, informou o Estad\u00e3o. Clique aqui para saber mais.","breadcrumb":{"@id":"https:\/\/www.suno.com.br\/noticias\/previdencia-ja-teria-votos-necessarios-para-aprovacao-no-senado\/#breadcrumb"},"inLanguage":"pt-BR","potentialAction":[{"@type":"ReadAction","target":["https:\/\/www.suno.com.br\/noticias\/previdencia-ja-teria-votos-necessarios-para-aprovacao-no-senado\/"]}]},{"@type":"ImageObject","inLanguage":"pt-BR","@id":"https:\/\/www.suno.com.br\/noticias\/previdencia-ja-teria-votos-necessarios-para-aprovacao-no-senado\/#primaryimage","url":"https:\/\/files.sunoresearch.com.br\/n\/uploads\/2019\/06\/79fc497b-congresso-nacional-credito-jpg.webp","contentUrl":"https:\/\/files.sunoresearch.com.br\/n\/uploads\/2019\/06\/79fc497b-congresso-nacional-credito-jpg.webp","width":2272,"height":1455,"caption":"Senado votar\u00e1 projeto que suspende pagamento de alugu\u00e9is"},{"@type":"BreadcrumbList","@id":"https:\/\/www.suno.com.br\/noticias\/previdencia-ja-teria-votos-necessarios-para-aprovacao-no-senado\/#breadcrumb","itemListElement":[{"@type":"ListItem","position":1,"name":"Not\u00edcias","item":"https:\/\/www.suno.com.br\/noticias\/"},{"@type":"ListItem","position":2,"name":"Pol\u00edtica","item":"https:\/\/www.suno.com.br\/noticias\/politica\/"},{"@type":"ListItem","position":3,"name":"Previd\u00eancia j\u00e1 teria votos necess\u00e1rios para aprova\u00e7\u00e3o no Senado"}]},{"@type":"WebSite","@id":"https:\/\/www.suno.com.br\/noticias\/#website","url":"https:\/\/www.suno.com.br\/noticias\/","name":"Suno Not\u00edcias","description":"Seu portal de informa\u00e7\u00e3o sobre o mundo dos investimentos","publisher":{"@id":"https:\/\/www.suno.com.br\/noticias\/#organization"},"potentialAction":[{"@type":"SearchAction","target":{"@type":"EntryPoint","urlTemplate":"https:\/\/www.suno.com.br\/noticias\/?s={search_term_string}"},"query-input":{"@type":"PropertyValueSpecification","valueRequired":true,"valueName":"search_term_string"}}],"inLanguage":"pt-BR"},{"@type":"Organization","@id":"https:\/\/www.suno.com.br\/noticias\/#organization","name":"Suno Not\u00edcias","url":"https:\/\/www.suno.com.br\/noticias\/","logo":{"@type":"ImageObject","inLanguage":"pt-BR","@id":"https:\/\/www.suno.com.br\/noticias\/#\/schema\/logo\/image\/","url":"https:\/\/files.sunoresearch.com.br\/n\/uploads\/2021\/09\/suno-logo.png","contentUrl":"https:\/\/files.sunoresearch.com.br\/n\/uploads\/2021\/09\/suno-logo.png","width":180,"height":180,"caption":"Suno Not\u00edcias"},"image":{"@id":"https:\/\/www.suno.com.br\/noticias\/#\/schema\/logo\/image\/"},"sameAs":["https:\/\/facebook.com\/sunoresearch","https:\/\/x.com\/sunoresearch","https:\/\/www.instagram.com\/suno","https:\/\/www.linkedin.com\/company\/suno-research\/","https:\/\/www.youtube.com\/c\/sunoresearch"]},{"@type":"Person","@id":"https:\/\/www.suno.com.br\/noticias\/#\/schema\/person\/e6e0f723cc177805027f4566c1d5e0c8","name":"Carlo Cauti","image":{"@type":"ImageObject","inLanguage":"pt-BR","@id":"https:\/\/www.suno.com.br\/noticias\/#\/schema\/person\/image\/","url":"https:\/\/secure.gravatar.com\/avatar\/3ada9e0bd164c23abd4792a9606d583c?s=96&r=g","contentUrl":"https:\/\/secure.gravatar.com\/avatar\/3ada9e0bd164c23abd4792a9606d583c?s=96&r=g","caption":"Carlo Cauti"},"description":"Editor multim\u00eddia do SUNO Not\u00edcias. Italiano, formado em Ci\u00eancias Pol\u00edticas pela universidade LUISS G. Carli de Roma e mestre cum laude em Rela\u00e7\u00f5es Internacionais, Jornalismo Internacional e de Guerra e em Economia Internacional. Concluiu tamb\u00e9m um MBA em Finan\u00e7as na B3. No Brasil, teve passagem por ve\u00edculos como Estad\u00e3o, Globo, Veja e EXAME. e nas ag\u00eancias de not\u00edcias italianas ANSA e NOVA.","url":"https:\/\/www.suno.com.br\/noticias\/author\/carlo-cauti\/"}]}},"default_loop_html":"<div class=\"cardsPage__listCard__boxs\"><div class=\"cardsPage__listCard__boxs__img\"><a href=\"https:\/\/www.suno.com.br\/noticias\/previdencia-ja-teria-votos-necessarios-para-aprovacao-no-senado\/\"><img class=\"mask\" src=\"https:\/\/www.suno.com.br\/noticias\/wp-content\/themes\/suno\/resources\/images\/spotlight\/spotlight1img\/bg-mask.png\" alt=\"Image Mask\"\/><img src=\"https:\/\/files.sunoresearch.com.br\/n\/uploads\/2019\/06\/79fc497b-congresso-nacional-credito-400x200.webp\" alt=\"Previd\u00eancia j\u00e1 teria votos necess\u00e1rios para aprova\u00e7\u00e3o no Senado\"\/><\/a><span class=\"spotlightCategory\"><a href=\"https:\/\/www.suno.com.br\/noticias\/politica\/\">Pol\u00edtica<\/a><\/span><\/div><div class=\"cardsPage__listCard__boxs__content\"><a href=\"https:\/\/www.suno.com.br\/noticias\/previdencia-ja-teria-votos-necessarios-para-aprovacao-no-senado\/\"><h2 class=\"content__title\">Previd\u00eancia j\u00e1 teria votos necess\u00e1rios para aprova\u00e7\u00e3o no Senado<\/h2><\/a><div class=\"newsContent__article__meta\"><div class=\"newsContent__article__meta__authorBox\"><a href=\"https:\/\/www.suno.com.br\/noticias\/author\/carlo-cauti\/\" class=\"authorBox__avatar noMobi\"><img src=\"https:\/\/files.sunoresearch.com.br\/n\/uploads\/2020\/08\/e3745f9a-perfil-carlo-cauti-150x150.webp\" alt=\"Carlo Cauti\"><\/a><div class=\"authorBox__name\"><span>por\n\t\t\t<a href=\"https:\/\/www.suno.com.br\/noticias\/author\/carlo-cauti\/\"><span itemprop=\"author\">Carlo Cauti<\/span><\/a><\/span><time datetime=\"2019-08-11T16:28:21-03:00\" itemprop=\"datePublished\">11\/08\/2019 16:28<\/time><\/div><\/div><\/div><\/div><\/div>","single_layout":"posts","amp_enabled":true,"_links":{"self":[{"href":"https:\/\/www.suno.com.br\/noticias\/wp-json\/wp\/v2\/posts\/33654"}],"collection":[{"href":"https:\/\/www.suno.com.br\/noticias\/wp-json\/wp\/v2\/posts"}],"about":[{"href":"https:\/\/www.suno.com.br\/noticias\/wp-json\/wp\/v2\/types\/post"}],"author":[{"embeddable":true,"href":"https:\/\/www.suno.com.br\/noticias\/wp-json\/wp\/v2\/users\/9"}],"replies":[{"embeddable":true,"href":"https:\/\/www.suno.com.br\/noticias\/wp-json\/wp\/v2\/comments?post=33654"}],"version-history":[{"count":0,"href":"https:\/\/www.suno.com.br\/noticias\/wp-json\/wp\/v2\/posts\/33654\/revisions"}],"wp:featuredmedia":[{"embeddable":true,"href":"https:\/\/www.suno.com.br\/noticias\/wp-json\/wp\/v2\/media\/27812"}],"wp:attachment":[{"href":"https:\/\/www.suno.com.br\/noticias\/wp-json\/wp\/v2\/media?parent=33654"}],"wp:term":[{"taxonomy":"category","embeddable":true,"href":"https:\/\/www.suno.com.br\/noticias\/wp-json\/wp\/v2\/categories?post=33654"},{"taxonomy":"post_tag","embeddable":true,"href":"https:\/\/www.suno.com.br\/noticias\/wp-json\/wp\/v2\/tags?post=33654"},{"taxonomy":"suno_strategy","embeddable":true,"href":"https:\/\/www.suno.com.br\/noticias\/wp-json\/wp\/v2\/suno_strategy?post=33654"}],"curies":[{"name":"wp","href":"https:\/\/api.w.org\/{rel}","templated":true}]}}