{"id":33648,"date":"2019-08-11T10:46:37","date_gmt":"2019-08-11T13:46:37","guid":{"rendered":"https:\/\/www.suno.com.br\/noticias\/?p=33648"},"modified":"2019-08-11T10:46:37","modified_gmt":"2019-08-11T13:46:37","slug":"brasil-grau-de-investimento-breve-tarcisio-freitas","status":"publish","type":"post","link":"https:\/\/www.suno.com.br\/noticias\/brasil-grau-de-investimento-breve-tarcisio-freitas\/","title":{"rendered":"Brasil voltar\u00e1 a ter o grau de investimento em breve, diz Tarc\u00edsio de Freitas"},"content":{"rendered":"<p>O <strong>ministro de Infraestrutura<\/strong> declarou que o Brasil voltar\u00e1 a ter novamente o <a href=\"https:\/\/www.suno.com.br\/artigos\/grau-de-investimento\/\">grau de investimento<\/a> em breve. Segundo <strong>Tarc\u00edsio de Freitas,<\/strong> o governo est\u00e1 trabalhando para que o Pa\u00eds possa voltar a ter essa certifica\u00e7\u00e3o internacional por parte das ag\u00eancias de classifica\u00e7\u00e3o de risco.<\/p>\t<div class=\"wrapper-featured-image\">\n\t\t<figure class=\"spotlightImg\">\n\n\t\t\t<picture>\n\t\t\t\t<source media=\"(max-width: 768px)\" srcset=\"https:\/\/files.sunoresearch.com.br\/n\/uploads\/2019\/01\/3f256817-ministro-de-infraestrutura-400x200.webp\">\n\t\t\t\t<img loading=\"lazy\" decoding=\"async\" class=\"newsContent__article__imgCapa lazyloadDisabled newsContent__article__imgCapa--noCaption\" src=\"https:\/\/files.sunoresearch.com.br\/n\/uploads\/2019\/01\/3f256817-ministro-de-infraestrutura-800x450.webp\" width=\"800\" height=\"450\" alt=\"Brasil voltar\u00e1 a ter o grau de investimento em breve, diz Tarc\u00edsio de Freitas\" fetchpriority=high \/>\n\t\t\t<\/picture>\n\n\t\t\t<figcaption class=\"wp-caption-text wp-caption-text--hide\">O ministro de Infraestrutura declarou que o Brasil voltar\u00e1 a ter novamente o grau de investimento em breve.<\/figcaption>\n\t\t<\/figure>\n\t<\/div>\n\n\n<p>\u201cA chave j\u00e1 virou, n\u00f3s estamos tendo recupera\u00e7\u00e3o em todos os indicadores e j\u00e1<br \/>\nmerecemos uma reclassifica\u00e7\u00e3o de nota de risco pelas <strong><a href=\"https:\/\/www.suno.com.br\/artigos\/agencias-de-rating\/\">ag\u00eancias de rating<\/a>.<\/strong> Eu n\u00e3o tenho d\u00favida de que n\u00f3s estamos caminhando na dire\u00e7\u00e3o do <strong>grau de investimento\u201d,<\/strong> salientou Freitas. O ministro falou sobre o grau de investimento durante um discurso na Escola de Comando e Estado-Maior do Ex\u00e9rcito, no Rio de Janeiro. Freitas tamb\u00e9m \u00e9 ex-militar, formado pelo ITA.<\/p>\n<p>Entre os exemplos citados pelo ministro como avan\u00e7os realizados pelo governo do presidente <strong>Jair Bolsonaro<\/strong> est\u00e1 a <strong>reforma da Previd\u00eancia social.<\/strong> Al\u00e9m disso, est\u00e3o as novas concess\u00f5es na \u00e1rea de infraestrutura, como portos, aeroportos, ferrovias e rodovias.<\/p>\n<p><a href=\"https:\/\/www.suno.com.br\/noticias\/risco-pais-nivel-reforma-previdencia\/\">Saiba mais: Risco Pa\u00eds cai ao menor n\u00edvel desde 2014 ap\u00f3s Previd\u00eancia\u00a0<\/a><\/p>\n<p>Para Freitas, esse conjunto de medidas dever\u00e3o atrair mais recursos estrangeiros no Brasil.<\/p>\n<h2>Setor ferrovi\u00e1rio em destaque<\/h2>\n<p>Entre os destaques do discurso do ministro, est\u00e1 o setor ferrovi\u00e1rio. Para Freitas, gra\u00e7as as mudan\u00e7as implementadas pelo <strong>governo,<\/strong> dever\u00e1 ser registrado um aumento expressivo no volume de cargas transportadas nos pr\u00f3ximos anos.<\/p>\n\t<p>\n\t\t<a href=\"https:\/\/lp2.suno.com.br\/lm\/minicurso-construindo-um-portfolio-milionario?utm_campaign=_SNCEBB048DA_sc.mcpm26&#038;utm_source=suno.com.br&#038;utm_medium=banner.noticias\" target=\"_blank\" data-element=\"shortcode-suno-banner\" title=\"Banner SUNO, clique e saiba mais\">\n\t\t\t<picture>\n\t\t\t\t<source media=\"(max-width: 500px)\" srcset=\"https:\/\/files.sunoresearch.com.br\/n\/uploads\/2026\/01\/MB-PS-HOME-DE-ARTIGOS-400x300-ID_01_x1-jpg.webp\">\n\t\t\t\t<img class=\"newsContent__article__imgCapa newsContent__article__imgCapa--banner\"\n\t\t\t\t\tsrc=\"https:\/\/files.sunoresearch.com.br\/n\/uploads\/2026\/01\/DT-PS-HOME-DE-ARTIGOS-1420x240-ID_01_x1-jpg.webp\"\n\t\t\t\t\tdata-promo-id=\"638432\"\t\t\t\t\t\t\t\t\t\twidth='1420' height='240'\t\t\t\t\talt=\"https:\/\/files.sunoresearch.com.br\/n\/uploads\/2026\/01\/DT-PS-HOME-DE-ARTIGOS-1420x240-ID_01_x1-jpg.webp\"\n\t\t\t\t>\n\t\t\t<\/picture>\n\t\t<\/a>\n\t<\/p>\n\n\n<p>Por exemplo, segundo ministro o <strong>Brasil<\/strong> ser\u00e1 conectado de ponta a ponta por projetos e investimentos no transporte sobre trilhos. As malhas ferrovi\u00e1rias j\u00e1 existentes e outras em constru\u00e7\u00e3o ser\u00e3o interligadas.<\/p>\n<p>Uma s\u00e9rie de projetos que dever\u00e3o possibilitar o escoamento da produ\u00e7\u00e3o agr\u00edcola, industrial e mineral, com maior rapidez e custos menores.<\/p>\n<p>\u201c\u00c9 um aumento de capacidade que vai levar a participa\u00e7\u00e3o do modal ferrovi\u00e1rio no <strong>Brasil<\/strong> dos atuais 15% para 29% a 30% em oito anos. E a\u00ed a gente vai reequilibrando a matriz [de transportes], proporcionando oferta e jogando o frete para baixo\u201d, salientou Freitas.<\/p>\n<p><a href=\"https:\/\/www.suno.com.br\/noticias\/moodys-rebaixa-rating-vale\/\">Saiba mais: Moody\u2019s rebaixa rating da Vale e mineradora perde grau de investimento\u00a0<\/a><\/p>\n<p>Entre as concess\u00f5es mais recentes, est\u00e3o dois trechos da Ferrovia Norte-Sul, entre Porto Nacional (TO) e Estrela D\u00b4Oeste (SP). Uma licita\u00e7\u00e3o vencida pelo grupo Rumo S.A..<\/p>\n<p>Essa ferrovia vai ligar o Porto de Itaqui, no Maranh\u00e3o, ao Porto de Santos,<br \/>\nem S\u00e3o Paulo. Se tornar\u00e1 dessa forma a espinha dorsal da malha ferrovi\u00e1ria brasileira, que dever\u00e1 ligar Rio Grande (RS) at\u00e9 Bel\u00e9m (PA).<\/p>\n\t<p>\n\t\t<a href=\"https:\/\/lp.statusinvest.com.br\/ao\/assessoria-status-invest\/\" target=\"_blank\" data-element=\"shortcode-suno-banner\" title=\"Banner SUNO, clique e saiba mais\">\n\t\t\t<picture>\n\t\t\t\t<source media=\"(max-width: 500px)\" srcset=\"https:\/\/files.sunoresearch.com.br\/n\/uploads\/2024\/03\/400x300-Mobile-1.png\">\n\t\t\t\t<img class=\"newsContent__article__imgCapa newsContent__article__imgCapa--banner\"\n\t\t\t\t\tsrc=\"https:\/\/files.sunoresearch.com.br\/n\/uploads\/2024\/03\/1420-x-240-Desktop.png\"\n\t\t\t\t\tdata-promo-id=\"537299\"\t\t\t\t\t\t\t\t\t\twidth='1420' height='250'\t\t\t\t\talt=\"https:\/\/files.sunoresearch.com.br\/n\/uploads\/2024\/03\/1420-x-240-Desktop.png\"\n\t\t\t\t>\n\t\t\t<\/picture>\n\t\t<\/a>\n\t<\/p>\n\n\n<p>Al\u00e9m das ferrovias, Freitas citou os investimentos como:<\/p>\n<ul>\n<li>leil\u00f5es de campos de petr\u00f3leo<\/li>\n<li>entrada de novas companhias a\u00e9reas<\/li>\n<li>concess\u00f5es no sistema de cabotagem<\/li>\n<\/ul>\n<h2>Brasil perdeu o grau de investimento em 2015<\/h2>\n<p>O <strong>Brasil<\/strong> tinha obtido o <strong>grau de investimento<\/strong> em 2008, no momento de maior crescimento do Pa\u00eds nos \u00faltimos anos. Entretanto, as ag\u00eancias de classifica\u00e7\u00e3o de risco retiraram esse reconhecimento em 2015. Entre as causas dessa mudan\u00e7a est\u00e3o os efeitos negativos das pol\u00edticas econ\u00f4micas implementadas pelo governo <strong>Dilma Rousseff.<\/strong><\/p>\n","protected":false},"excerpt":{"rendered":"<p>O ministro de Infraestrutura declarou que o Brasil voltar\u00e1 a ter novamente o grau de investimento em breve. Segundo Tarc\u00edsio de Freitas, o governo est\u00e1 trabalhando para que o Pa\u00eds possa voltar a ter essa certifica\u00e7\u00e3o internacional por parte das ag\u00eancias de classifica\u00e7\u00e3o de risco. O ministro de Infraestrutura declarou que o Brasil voltar\u00e1 a [&hellip;]<\/p>\n","protected":false},"author":9,"featured_media":10220,"comment_status":"closed","ping_status":"closed","sticky":false,"template":"","format":"standard","meta":[],"categories":[61],"tags":[1838,1176],"suno_strategy":[],"class_list":["post-33648","post","type-post","status-publish","format-standard","has-post-thumbnail","hentry","category-politica","tag-grau-de-investimento","tag-ministerio-da-infraestrutura"],"yoast_head":"<!-- This site is optimized with the Yoast SEO plugin v24.4 - https:\/\/yoast.com\/wordpress\/plugins\/seo\/ -->\n<title>Brasil voltar\u00e1 a ter o grau de investimento em breve, diz Tarc\u00edsio de Freitas<\/title>\n<meta name=\"description\" content=\"O ministro de Infraestrutura declarou que o Brasil voltar\u00e1 a ter novamente o grau de investimento em breve. Clique aqui para saber mais.\" \/>\n<meta name=\"robots\" content=\"index, follow, max-snippet:-1, max-image-preview:large, max-video-preview:-1\" \/>\n<link rel=\"canonical\" href=\"https:\/\/www.suno.com.br\/noticias\/brasil-grau-de-investimento-breve-tarcisio-freitas\/\" \/>\n<meta property=\"og:locale\" content=\"pt_BR\" \/>\n<meta property=\"og:type\" content=\"article\" \/>\n<meta property=\"og:title\" content=\"Brasil voltar\u00e1 a ter o grau de investimento em breve, diz Tarc\u00edsio de Freitas\" \/>\n<meta property=\"og:description\" content=\"O ministro de Infraestrutura declarou que o Brasil voltar\u00e1 a ter novamente o grau de investimento em breve. Clique aqui para saber mais.\" \/>\n<meta property=\"og:url\" content=\"https:\/\/www.suno.com.br\/noticias\/brasil-grau-de-investimento-breve-tarcisio-freitas\/\" \/>\n<meta property=\"og:site_name\" content=\"Suno Not\u00edcias\" \/>\n<meta property=\"article:publisher\" content=\"https:\/\/facebook.com\/sunoresearch\" \/>\n<meta property=\"og:image\" content=\"https:\/\/files.sunoresearch.com.br\/n\/uploads\/2019\/01\/3f256817-ministro-de-infraestrutura.jpg\" \/>\n\t<meta property=\"og:image:width\" content=\"1024\" \/>\n\t<meta property=\"og:image:height\" content=\"680\" \/>\n\t<meta property=\"og:image:type\" content=\"image\/jpeg\" \/>\n<meta name=\"author\" content=\"Carlo Cauti\" \/>\n<meta name=\"twitter:card\" content=\"summary_large_image\" \/>\n<meta name=\"twitter:creator\" content=\"@sunoresearch\" \/>\n<meta name=\"twitter:site\" content=\"@sunoresearch\" \/>\n<meta name=\"twitter:label1\" content=\"Escrito por\" \/>\n\t<meta name=\"twitter:data1\" content=\"Carlo Cauti\" \/>\n\t<meta name=\"twitter:label2\" content=\"Est. tempo de leitura\" \/>\n\t<meta name=\"twitter:data2\" content=\"3 minutos\" \/>\n<script type=\"application\/ld+json\" class=\"yoast-schema-graph\">{\"@context\":\"https:\/\/schema.org\",\"@graph\":[{\"@type\":\"NewsArticle\",\"@id\":\"https:\/\/www.suno.com.br\/noticias\/brasil-grau-de-investimento-breve-tarcisio-freitas\/#article\",\"isPartOf\":{\"@id\":\"https:\/\/www.suno.com.br\/noticias\/brasil-grau-de-investimento-breve-tarcisio-freitas\/\"},\"author\":{\"name\":\"Carlo Cauti\",\"@id\":\"https:\/\/www.suno.com.br\/noticias\/#\/schema\/person\/e6e0f723cc177805027f4566c1d5e0c8\"},\"headline\":\"Brasil voltar\u00e1 a ter o grau de investimento em breve, diz Tarc\u00edsio de Freitas\",\"datePublished\":\"2019-08-11T13:46:37+00:00\",\"mainEntityOfPage\":{\"@id\":\"https:\/\/www.suno.com.br\/noticias\/brasil-grau-de-investimento-breve-tarcisio-freitas\/\"},\"wordCount\":542,\"publisher\":{\"@id\":\"https:\/\/www.suno.com.br\/noticias\/#organization\"},\"image\":{\"@id\":\"https:\/\/www.suno.com.br\/noticias\/brasil-grau-de-investimento-breve-tarcisio-freitas\/#primaryimage\"},\"thumbnailUrl\":\"https:\/\/files.sunoresearch.com.br\/n\/uploads\/2019\/01\/3f256817-ministro-de-infraestrutura-jpg.webp\",\"keywords\":[\"grau de investimento\",\"Minist\u00e9rio da Infraestrutura\"],\"articleSection\":[\"Pol\u00edtica\"],\"inLanguage\":\"pt-BR\"},{\"@type\":\"WebPage\",\"@id\":\"https:\/\/www.suno.com.br\/noticias\/brasil-grau-de-investimento-breve-tarcisio-freitas\/\",\"url\":\"https:\/\/www.suno.com.br\/noticias\/brasil-grau-de-investimento-breve-tarcisio-freitas\/\",\"name\":\"Brasil voltar\u00e1 a ter o grau de investimento em breve, diz Tarc\u00edsio de Freitas\",\"isPartOf\":{\"@id\":\"https:\/\/www.suno.com.br\/noticias\/#website\"},\"primaryImageOfPage\":{\"@id\":\"https:\/\/www.suno.com.br\/noticias\/brasil-grau-de-investimento-breve-tarcisio-freitas\/#primaryimage\"},\"image\":{\"@id\":\"https:\/\/www.suno.com.br\/noticias\/brasil-grau-de-investimento-breve-tarcisio-freitas\/#primaryimage\"},\"thumbnailUrl\":\"https:\/\/files.sunoresearch.com.br\/n\/uploads\/2019\/01\/3f256817-ministro-de-infraestrutura-jpg.webp\",\"datePublished\":\"2019-08-11T13:46:37+00:00\",\"description\":\"O ministro de Infraestrutura declarou que o Brasil voltar\u00e1 a ter novamente o grau de investimento em breve. Clique aqui para saber mais.\",\"breadcrumb\":{\"@id\":\"https:\/\/www.suno.com.br\/noticias\/brasil-grau-de-investimento-breve-tarcisio-freitas\/#breadcrumb\"},\"inLanguage\":\"pt-BR\",\"potentialAction\":[{\"@type\":\"ReadAction\",\"target\":[\"https:\/\/www.suno.com.br\/noticias\/brasil-grau-de-investimento-breve-tarcisio-freitas\/\"]}]},{\"@type\":\"ImageObject\",\"inLanguage\":\"pt-BR\",\"@id\":\"https:\/\/www.suno.com.br\/noticias\/brasil-grau-de-investimento-breve-tarcisio-freitas\/#primaryimage\",\"url\":\"https:\/\/files.sunoresearch.com.br\/n\/uploads\/2019\/01\/3f256817-ministro-de-infraestrutura-jpg.webp\",\"contentUrl\":\"https:\/\/files.sunoresearch.com.br\/n\/uploads\/2019\/01\/3f256817-ministro-de-infraestrutura-jpg.webp\",\"width\":1024,\"height\":680,\"caption\":\"O ministro de Infraestrutura declarou que o Brasil voltar\u00e1 a ter novamente o grau de investimento em breve.\"},{\"@type\":\"BreadcrumbList\",\"@id\":\"https:\/\/www.suno.com.br\/noticias\/brasil-grau-de-investimento-breve-tarcisio-freitas\/#breadcrumb\",\"itemListElement\":[{\"@type\":\"ListItem\",\"position\":1,\"name\":\"Not\u00edcias\",\"item\":\"https:\/\/www.suno.com.br\/noticias\/\"},{\"@type\":\"ListItem\",\"position\":2,\"name\":\"Pol\u00edtica\",\"item\":\"https:\/\/www.suno.com.br\/noticias\/politica\/\"},{\"@type\":\"ListItem\",\"position\":3,\"name\":\"Brasil voltar\u00e1 a ter o grau de investimento em breve, diz Tarc\u00edsio de Freitas\"}]},{\"@type\":\"WebSite\",\"@id\":\"https:\/\/www.suno.com.br\/noticias\/#website\",\"url\":\"https:\/\/www.suno.com.br\/noticias\/\",\"name\":\"Suno Not\u00edcias\",\"description\":\"Seu portal de informa\u00e7\u00e3o sobre o mundo dos investimentos\",\"publisher\":{\"@id\":\"https:\/\/www.suno.com.br\/noticias\/#organization\"},\"potentialAction\":[{\"@type\":\"SearchAction\",\"target\":{\"@type\":\"EntryPoint\",\"urlTemplate\":\"https:\/\/www.suno.com.br\/noticias\/?s={search_term_string}\"},\"query-input\":{\"@type\":\"PropertyValueSpecification\",\"valueRequired\":true,\"valueName\":\"search_term_string\"}}],\"inLanguage\":\"pt-BR\"},{\"@type\":\"Organization\",\"@id\":\"https:\/\/www.suno.com.br\/noticias\/#organization\",\"name\":\"Suno Not\u00edcias\",\"url\":\"https:\/\/www.suno.com.br\/noticias\/\",\"logo\":{\"@type\":\"ImageObject\",\"inLanguage\":\"pt-BR\",\"@id\":\"https:\/\/www.suno.com.br\/noticias\/#\/schema\/logo\/image\/\",\"url\":\"https:\/\/files.sunoresearch.com.br\/n\/uploads\/2021\/09\/suno-logo.png\",\"contentUrl\":\"https:\/\/files.sunoresearch.com.br\/n\/uploads\/2021\/09\/suno-logo.png\",\"width\":180,\"height\":180,\"caption\":\"Suno Not\u00edcias\"},\"image\":{\"@id\":\"https:\/\/www.suno.com.br\/noticias\/#\/schema\/logo\/image\/\"},\"sameAs\":[\"https:\/\/facebook.com\/sunoresearch\",\"https:\/\/x.com\/sunoresearch\",\"https:\/\/www.instagram.com\/suno\",\"https:\/\/www.linkedin.com\/company\/suno-research\/\",\"https:\/\/www.youtube.com\/c\/sunoresearch\"]},{\"@type\":\"Person\",\"@id\":\"https:\/\/www.suno.com.br\/noticias\/#\/schema\/person\/e6e0f723cc177805027f4566c1d5e0c8\",\"name\":\"Carlo Cauti\",\"image\":{\"@type\":\"ImageObject\",\"inLanguage\":\"pt-BR\",\"@id\":\"https:\/\/www.suno.com.br\/noticias\/#\/schema\/person\/image\/\",\"url\":\"https:\/\/secure.gravatar.com\/avatar\/3ada9e0bd164c23abd4792a9606d583c?s=96&r=g\",\"contentUrl\":\"https:\/\/secure.gravatar.com\/avatar\/3ada9e0bd164c23abd4792a9606d583c?s=96&r=g\",\"caption\":\"Carlo Cauti\"},\"description\":\"Editor multim\u00eddia do SUNO Not\u00edcias. Italiano, formado em Ci\u00eancias Pol\u00edticas pela universidade LUISS G. Carli de Roma e mestre cum laude em Rela\u00e7\u00f5es Internacionais, Jornalismo Internacional e de Guerra e em Economia Internacional. Concluiu tamb\u00e9m um MBA em Finan\u00e7as na B3. No Brasil, teve passagem por ve\u00edculos como Estad\u00e3o, Globo, Veja e EXAME. e nas ag\u00eancias de not\u00edcias italianas ANSA e NOVA.\",\"url\":\"https:\/\/www.suno.com.br\/noticias\/author\/carlo-cauti\/\"}]}<\/script>\n<!-- \/ Yoast SEO plugin. -->","yoast_head_json":{"title":"Brasil voltar\u00e1 a ter o grau de investimento em breve, diz Tarc\u00edsio de Freitas","description":"O ministro de Infraestrutura declarou que o Brasil voltar\u00e1 a ter novamente o grau de investimento em breve. Clique aqui para saber mais.","robots":{"index":"index","follow":"follow","max-snippet":"max-snippet:-1","max-image-preview":"max-image-preview:large","max-video-preview":"max-video-preview:-1"},"canonical":"https:\/\/www.suno.com.br\/noticias\/brasil-grau-de-investimento-breve-tarcisio-freitas\/","og_locale":"pt_BR","og_type":"article","og_title":"Brasil voltar\u00e1 a ter o grau de investimento em breve, diz Tarc\u00edsio de Freitas","og_description":"O ministro de Infraestrutura declarou que o Brasil voltar\u00e1 a ter novamente o grau de investimento em breve. Clique aqui para saber mais.","og_url":"https:\/\/www.suno.com.br\/noticias\/brasil-grau-de-investimento-breve-tarcisio-freitas\/","og_site_name":"Suno Not\u00edcias","article_publisher":"https:\/\/facebook.com\/sunoresearch","og_image":[{"width":1024,"height":680,"url":"https:\/\/files.sunoresearch.com.br\/n\/uploads\/2019\/01\/3f256817-ministro-de-infraestrutura.jpg","type":"image\/jpeg"}],"author":"Carlo Cauti","twitter_card":"summary_large_image","twitter_creator":"@sunoresearch","twitter_site":"@sunoresearch","twitter_misc":{"Escrito por":"Carlo Cauti","Est. tempo de leitura":"3 minutos"},"schema":{"@context":"https:\/\/schema.org","@graph":[{"@type":"NewsArticle","@id":"https:\/\/www.suno.com.br\/noticias\/brasil-grau-de-investimento-breve-tarcisio-freitas\/#article","isPartOf":{"@id":"https:\/\/www.suno.com.br\/noticias\/brasil-grau-de-investimento-breve-tarcisio-freitas\/"},"author":{"name":"Carlo Cauti","@id":"https:\/\/www.suno.com.br\/noticias\/#\/schema\/person\/e6e0f723cc177805027f4566c1d5e0c8"},"headline":"Brasil voltar\u00e1 a ter o grau de investimento em breve, diz Tarc\u00edsio de Freitas","datePublished":"2019-08-11T13:46:37+00:00","mainEntityOfPage":{"@id":"https:\/\/www.suno.com.br\/noticias\/brasil-grau-de-investimento-breve-tarcisio-freitas\/"},"wordCount":542,"publisher":{"@id":"https:\/\/www.suno.com.br\/noticias\/#organization"},"image":{"@id":"https:\/\/www.suno.com.br\/noticias\/brasil-grau-de-investimento-breve-tarcisio-freitas\/#primaryimage"},"thumbnailUrl":"https:\/\/files.sunoresearch.com.br\/n\/uploads\/2019\/01\/3f256817-ministro-de-infraestrutura-jpg.webp","keywords":["grau de investimento","Minist\u00e9rio da Infraestrutura"],"articleSection":["Pol\u00edtica"],"inLanguage":"pt-BR"},{"@type":"WebPage","@id":"https:\/\/www.suno.com.br\/noticias\/brasil-grau-de-investimento-breve-tarcisio-freitas\/","url":"https:\/\/www.suno.com.br\/noticias\/brasil-grau-de-investimento-breve-tarcisio-freitas\/","name":"Brasil voltar\u00e1 a ter o grau de investimento em breve, diz Tarc\u00edsio de Freitas","isPartOf":{"@id":"https:\/\/www.suno.com.br\/noticias\/#website"},"primaryImageOfPage":{"@id":"https:\/\/www.suno.com.br\/noticias\/brasil-grau-de-investimento-breve-tarcisio-freitas\/#primaryimage"},"image":{"@id":"https:\/\/www.suno.com.br\/noticias\/brasil-grau-de-investimento-breve-tarcisio-freitas\/#primaryimage"},"thumbnailUrl":"https:\/\/files.sunoresearch.com.br\/n\/uploads\/2019\/01\/3f256817-ministro-de-infraestrutura-jpg.webp","datePublished":"2019-08-11T13:46:37+00:00","description":"O ministro de Infraestrutura declarou que o Brasil voltar\u00e1 a ter novamente o grau de investimento em breve. Clique aqui para saber mais.","breadcrumb":{"@id":"https:\/\/www.suno.com.br\/noticias\/brasil-grau-de-investimento-breve-tarcisio-freitas\/#breadcrumb"},"inLanguage":"pt-BR","potentialAction":[{"@type":"ReadAction","target":["https:\/\/www.suno.com.br\/noticias\/brasil-grau-de-investimento-breve-tarcisio-freitas\/"]}]},{"@type":"ImageObject","inLanguage":"pt-BR","@id":"https:\/\/www.suno.com.br\/noticias\/brasil-grau-de-investimento-breve-tarcisio-freitas\/#primaryimage","url":"https:\/\/files.sunoresearch.com.br\/n\/uploads\/2019\/01\/3f256817-ministro-de-infraestrutura-jpg.webp","contentUrl":"https:\/\/files.sunoresearch.com.br\/n\/uploads\/2019\/01\/3f256817-ministro-de-infraestrutura-jpg.webp","width":1024,"height":680,"caption":"O ministro de Infraestrutura declarou que o Brasil voltar\u00e1 a ter novamente o grau de investimento em breve."},{"@type":"BreadcrumbList","@id":"https:\/\/www.suno.com.br\/noticias\/brasil-grau-de-investimento-breve-tarcisio-freitas\/#breadcrumb","itemListElement":[{"@type":"ListItem","position":1,"name":"Not\u00edcias","item":"https:\/\/www.suno.com.br\/noticias\/"},{"@type":"ListItem","position":2,"name":"Pol\u00edtica","item":"https:\/\/www.suno.com.br\/noticias\/politica\/"},{"@type":"ListItem","position":3,"name":"Brasil voltar\u00e1 a ter o grau de investimento em breve, diz Tarc\u00edsio de Freitas"}]},{"@type":"WebSite","@id":"https:\/\/www.suno.com.br\/noticias\/#website","url":"https:\/\/www.suno.com.br\/noticias\/","name":"Suno Not\u00edcias","description":"Seu portal de informa\u00e7\u00e3o sobre o mundo dos investimentos","publisher":{"@id":"https:\/\/www.suno.com.br\/noticias\/#organization"},"potentialAction":[{"@type":"SearchAction","target":{"@type":"EntryPoint","urlTemplate":"https:\/\/www.suno.com.br\/noticias\/?s={search_term_string}"},"query-input":{"@type":"PropertyValueSpecification","valueRequired":true,"valueName":"search_term_string"}}],"inLanguage":"pt-BR"},{"@type":"Organization","@id":"https:\/\/www.suno.com.br\/noticias\/#organization","name":"Suno Not\u00edcias","url":"https:\/\/www.suno.com.br\/noticias\/","logo":{"@type":"ImageObject","inLanguage":"pt-BR","@id":"https:\/\/www.suno.com.br\/noticias\/#\/schema\/logo\/image\/","url":"https:\/\/files.sunoresearch.com.br\/n\/uploads\/2021\/09\/suno-logo.png","contentUrl":"https:\/\/files.sunoresearch.com.br\/n\/uploads\/2021\/09\/suno-logo.png","width":180,"height":180,"caption":"Suno Not\u00edcias"},"image":{"@id":"https:\/\/www.suno.com.br\/noticias\/#\/schema\/logo\/image\/"},"sameAs":["https:\/\/facebook.com\/sunoresearch","https:\/\/x.com\/sunoresearch","https:\/\/www.instagram.com\/suno","https:\/\/www.linkedin.com\/company\/suno-research\/","https:\/\/www.youtube.com\/c\/sunoresearch"]},{"@type":"Person","@id":"https:\/\/www.suno.com.br\/noticias\/#\/schema\/person\/e6e0f723cc177805027f4566c1d5e0c8","name":"Carlo Cauti","image":{"@type":"ImageObject","inLanguage":"pt-BR","@id":"https:\/\/www.suno.com.br\/noticias\/#\/schema\/person\/image\/","url":"https:\/\/secure.gravatar.com\/avatar\/3ada9e0bd164c23abd4792a9606d583c?s=96&r=g","contentUrl":"https:\/\/secure.gravatar.com\/avatar\/3ada9e0bd164c23abd4792a9606d583c?s=96&r=g","caption":"Carlo Cauti"},"description":"Editor multim\u00eddia do SUNO Not\u00edcias. Italiano, formado em Ci\u00eancias Pol\u00edticas pela universidade LUISS G. Carli de Roma e mestre cum laude em Rela\u00e7\u00f5es Internacionais, Jornalismo Internacional e de Guerra e em Economia Internacional. Concluiu tamb\u00e9m um MBA em Finan\u00e7as na B3. No Brasil, teve passagem por ve\u00edculos como Estad\u00e3o, Globo, Veja e EXAME. e nas ag\u00eancias de not\u00edcias italianas ANSA e NOVA.","url":"https:\/\/www.suno.com.br\/noticias\/author\/carlo-cauti\/"}]}},"default_loop_html":"<div class=\"cardsPage__listCard__boxs\"><div class=\"cardsPage__listCard__boxs__img\"><a href=\"https:\/\/www.suno.com.br\/noticias\/brasil-grau-de-investimento-breve-tarcisio-freitas\/\"><img class=\"mask\" src=\"https:\/\/www.suno.com.br\/noticias\/wp-content\/themes\/suno\/resources\/images\/spotlight\/spotlight1img\/bg-mask.png\" alt=\"Image Mask\"\/><img src=\"https:\/\/files.sunoresearch.com.br\/n\/uploads\/2019\/01\/3f256817-ministro-de-infraestrutura-400x200.webp\" alt=\"Brasil voltar\u00e1 a ter o grau de investimento em breve, diz Tarc\u00edsio de Freitas\"\/><\/a><span class=\"spotlightCategory\"><a href=\"https:\/\/www.suno.com.br\/noticias\/politica\/\">Pol\u00edtica<\/a><\/span><\/div><div class=\"cardsPage__listCard__boxs__content\"><a href=\"https:\/\/www.suno.com.br\/noticias\/brasil-grau-de-investimento-breve-tarcisio-freitas\/\"><h2 class=\"content__title\">Brasil voltar\u00e1 a ter o grau de investimento em breve, diz Tarc\u00edsio de Freitas<\/h2><\/a><div class=\"newsContent__article__meta\"><div class=\"newsContent__article__meta__authorBox\"><a href=\"https:\/\/www.suno.com.br\/noticias\/author\/carlo-cauti\/\" class=\"authorBox__avatar noMobi\"><img src=\"https:\/\/files.sunoresearch.com.br\/n\/uploads\/2020\/08\/e3745f9a-perfil-carlo-cauti-150x150.webp\" alt=\"Carlo Cauti\"><\/a><div class=\"authorBox__name\"><span>por\n\t\t\t<a href=\"https:\/\/www.suno.com.br\/noticias\/author\/carlo-cauti\/\"><span itemprop=\"author\">Carlo Cauti<\/span><\/a><\/span><time datetime=\"2019-08-11T10:46:37-03:00\" itemprop=\"datePublished\">11\/08\/2019 10:46<\/time><\/div><\/div><\/div><\/div><\/div>","single_layout":"posts","amp_enabled":true,"_links":{"self":[{"href":"https:\/\/www.suno.com.br\/noticias\/wp-json\/wp\/v2\/posts\/33648"}],"collection":[{"href":"https:\/\/www.suno.com.br\/noticias\/wp-json\/wp\/v2\/posts"}],"about":[{"href":"https:\/\/www.suno.com.br\/noticias\/wp-json\/wp\/v2\/types\/post"}],"author":[{"embeddable":true,"href":"https:\/\/www.suno.com.br\/noticias\/wp-json\/wp\/v2\/users\/9"}],"replies":[{"embeddable":true,"href":"https:\/\/www.suno.com.br\/noticias\/wp-json\/wp\/v2\/comments?post=33648"}],"version-history":[{"count":0,"href":"https:\/\/www.suno.com.br\/noticias\/wp-json\/wp\/v2\/posts\/33648\/revisions"}],"wp:featuredmedia":[{"embeddable":true,"href":"https:\/\/www.suno.com.br\/noticias\/wp-json\/wp\/v2\/media\/10220"}],"wp:attachment":[{"href":"https:\/\/www.suno.com.br\/noticias\/wp-json\/wp\/v2\/media?parent=33648"}],"wp:term":[{"taxonomy":"category","embeddable":true,"href":"https:\/\/www.suno.com.br\/noticias\/wp-json\/wp\/v2\/categories?post=33648"},{"taxonomy":"post_tag","embeddable":true,"href":"https:\/\/www.suno.com.br\/noticias\/wp-json\/wp\/v2\/tags?post=33648"},{"taxonomy":"suno_strategy","embeddable":true,"href":"https:\/\/www.suno.com.br\/noticias\/wp-json\/wp\/v2\/suno_strategy?post=33648"}],"curies":[{"name":"wp","href":"https:\/\/api.w.org\/{rel}","templated":true}]}}