{"id":336133,"date":"2022-12-16T21:29:39","date_gmt":"2022-12-17T00:29:39","guid":{"rendered":"https:\/\/www.suno.com.br\/noticias\/?p=336133"},"modified":"2022-12-16T21:29:44","modified_gmt":"2022-12-17T00:29:44","slug":"rede-dor-rdor3-qualicorp-qual3-sulamerica-sula11-ans","status":"publish","type":"post","link":"https:\/\/www.suno.com.br\/noticias\/rede-dor-rdor3-qualicorp-qual3-sulamerica-sula11-ans\/","title":{"rendered":"Ap\u00f3s fus\u00e3o com a SulAm\u00e9rica (SULA11), Rede D&#8217;Or (RDOR3) vender\u00e1 participa\u00e7\u00e3o na Qualicorp (QUAL3)? Analistas respondem"},"content":{"rendered":"<p>Ap\u00f3s a fus\u00e3o da<strong> Rede D&#8217;Or <\/strong><a class=\"suno-keyword\" data-force=\"yes\" data-priority=\"2\" href=\"https:\/\/www.suno.com.br\/acoes\/RDOR3\/\" target=\"_blank\" rel=\"noopener\">(RDOR3)<\/a> com a <a class=\"suno-keyword\" data-force=\"yes\" data-priority=\"2\" href=\"https:\/\/www.suno.com.br\/acoes\/SULA11\/\" target=\"_blank\" rel=\"noopener\">SulAm\u00e9rica (SULA11)<\/a> ser aprovada oficialmente pelo&nbsp;<a href=\"https:\/\/www.suno.com.br\/artigos\/cade\/\" target=\"_blank\" rel=\"noreferrer noopener\">Conselho Administrativo de Defesa Econ\u00f4mica (Cade)<\/a>, a ANS (Ag\u00eancia Nacional de Sa\u00fade Suplementa) deve avaliar a nova companhia e dar o seu aval. <\/p><div class=\"videoFull \">\n\t\t\t<div class=\"videoWrapper yt-lazyload center\"\n\t\t\t\tdata-width=\"960\"\n\t\t\t\tdata-height=\"540\"\n\t\t\t\tdata-id=\"sIXTCtfXlKQ\"\n\t\t\t\tdata-alt=\"V\u00eddeo do YouTube - clique para reproduzir\"\n\t\t\t\tdata-logo=\"3\"\n\t\t\t\tdata-imagequality=\"maxres\">\n\t\t\t<\/div>\n\t\t<\/div><script type=\"application\/ld+json\">{\"@context\":\"https:\/\/schema.org\",\"@type\":\"VideoObject\",\"name\":\"Oi (OIBR3): Fim da recupera\u00e7\u00e3o judicial. Entenda | Suno Not\u00edcias\",\"description\":\"#Not\u00edciasdoDia #Not\u00edcias #oibr3 #oibr4 #recupera\u00e7\u00e3ojudicial #oi #breakingnews #plant\u00e3o #recuperacaojudicialdaoi \ud835\udc08\ud835\udc0d\ud835\udc12\ud835\udc02\ud835\udc11\ud835\udc04\ud835\udc15\ud835\udc00-\ud835\udc12\ud835\udc04 \ud835\udc0d\ud835\udc0e \ud835\udc02\ud835\udc00\ud835\udc0d\ud835\udc00\ud835\udc0b \ud835\udc04 \ud835\udc00\ud835\udc13\ud835\udc08\ud835\udc15\ud835\udc04 \ud835\udc0e \ud835\udc12\ud835\udc08\ud835\udc0d\ud835\udc0e \ud83d\udc47 https:\/\/bit.ly\/INSCREVA-SEATIVEOSINO \ud83d\udcda \ud83d\udcb8 \ud83d\udcca \ud835\udde3\ud835\udddf\ud835\uddd4\ud835\udde1\ud835\udddc\ud835\udddf\ud835\udddb\ud835\uddd4 \ud835\uddd7\ud835\uddd8 \ud835\uddd6\ud835\udde2\ud835\udde1\ud835\udde7\ud835\udde5\ud835\udde2\ud835\udddf\ud835\uddd8 \ud835\uddd9\ud835\udddc\ud835\udde1\ud835\uddd4\ud835\udde1\ud835\uddd6\ud835\uddd8\ud835\udddc\ud835\udde5\ud835\udde2: \ud835\uddd5\ud835\uddee\ud835\uddf6\ud835\ude05\ud835\uddf2 \ud835\uddee \ud835\uddfd\ud835\uddf9\ud835\uddee\ud835\uddfb\ud835\uddf6\ud835\uddf9\ud835\uddf5\ud835\uddee AGORA antes que acabe! \ud83d\udc49 https:\/\/lp.suno.com.br\/planilha-da-vida-financeira\/?utm_source=youtube.noticias&utm_medium=live&utm_campaign=planilhadavidafinanceira.20221128&utm_content=ytnoticias.morning.02122022 \ud83d\udcda \ud835\udc04-\ud835\udc1b\ud835\udc28\ud835\udc28\ud835\udc24 \"\ud835\udc02\ud835\udc28\ud835\udc26\ud835\udc28 \ud835\udc22\ud835\udc27\ud835\udc2f\ud835\udc1e\ud835\udc2c\ud835\udc2d\ud835\udc22\ud835\udc2b \ud835\udc1e\ud835\udc26 \ud835\udc03\ud835\udc22\ud835\udc2f\ud835\udc22\ud835\udc1d\ud835\udc1e\ud835\udc27\ud835\udc1d\ud835\udc28\ud835\udc2c?\"\ud83d\udc47 - \ud835\udc1b\ud835\udc1a\ud835\udc22\ud835\udc31\ud835\udc1e \ud835\udc20\ud835\udc2b\ud835\udc1a\ud835\udc2d\ud835\udc2e\ud835\udc22\ud835\udc2d\ud835\udc1a\ud835\udc26\ud835\udc1e\ud835\udc27\ud835\udc2d\ud835\udc1e \ud835\udc1e \ud835\udc1a\ud835\udc29\ud835\udc2b\ud835\udc1e\ud835\udc27\ud835\udc1d\ud835\udc1a: https:\/\/bit.ly\/ebookGRATUITOdoSunoNoticiasComoinvestiremDividendos Chega ao fim a recupera\u00e7\u00e3o judicial da Oi #oibr3\u2026\",\"duration\":\"PT2M8S\",\"embedUrl\":\"https:\/\/www.youtube.com\/embed\/sIXTCtfXlKQ\",\"regionsAllowed\":\"pt-BR\",\"interactionStatistic\":{\"@type\":\"InteractionCounter\",\"interactionType\":{\"@type\":\"WatchAction\"},\"userInteractionCount\":5070},\"thumbnailUrl\":\"https:\/\/i.ytimg.com\/vi\/sIXTCtfXlKQ\/default.jpg\",\"uploadDate\":\"2022-12-14T23:08:23Z\"}<\/script>\n\n\n\n\n\t<p>\n\t\t<a href=\"\" target=\"_blank\" data-element=\"shortcode-suno-banner\" title=\"Banner SUNO, clique e saiba mais\">\n\t\t\t<picture>\n\t\t\t\t<source media=\"(max-width: 500px)\" srcset=\"\">\n\t\t\t\t<img class=\"newsContent__article__imgCapa newsContent__article__imgCapa--banner\"\n\t\t\t\t\tsrc=\"\"\n\t\t\t\t\tdata-promo-id=\"138420\"\t\t\t\t\t\t\t\t\t\t\t\t\t\t\talt=\"\"\n\t\t\t\t>\n\t\t\t<\/picture>\n\t\t<\/a>\n\t<\/p>\n\n\n\n\n\n<p>O mercado tem receio do risco de trocas de informa\u00e7\u00f5es sens\u00edveis entre hospitais, planos de sa\u00fade, que perten\u00e7am a um mesmo grupo, ser um empecilho na aprova\u00e7\u00e3o pela <strong>ANS<\/strong>. H\u00e1 tamb\u00e9m um ponto de preocupa\u00e7\u00e3o sobre a <strong>participa\u00e7\u00e3o de 30% da Rede D&#8217;Or<\/strong> na <a class=\"suno-keyword\" data-force=\"yes\" data-priority=\"2\" href=\"https:\/\/www.suno.com.br\/acoes\/QUAL3\/\" target=\"_blank\" rel=\"noopener\"><strong>Qualicorp<\/strong> (QUAL3)<\/a>, tamb\u00e9m de planos de sa\u00fade. <\/p>\n\n\n\n<p>\u00c9 poss\u00edvel que a ANS force a Rede D\u2019or a vender sua<strong> participa\u00e7\u00e3o na Qualicorp<\/strong>, diz a equipe de an\u00e1lise da Terra Investimentos. <\/p>\n\n\n\n<p>A Rede D\u2019Or, por outro lado, alega que manter a fatia da Qualicorp n\u00e3o infringe a regra, pois n\u00e3o h\u00e1 o <a class=\"suno-keyword\" data-force=\"no\" data-priority=\"1\" href=\"https:\/\/www.suno.com.br\/artigos\/controle-acionario\/\" target=\"_blank\" rel=\"noopener\">controle acion\u00e1rio<\/a>. &#8220;Isso deve ser o principal argumento da Rede D\u2019Or no caso&#8221;, dizem R\u00e9gis Chinchila e Luis Novaes.<\/p>\n\n\n\n<p>Caso a venda aconte\u00e7a, para a Qualicorp o impacto seria ruim no <a class=\"suno-keyword\" data-force=\"no\" data-priority=\"1\" href=\"https:\/\/www.suno.com.br\/artigos\/curto-prazo\/\" target=\"_blank\" rel=\"noopener\">curto prazo<\/a>, explicam os especialistas,  pois a venda iria gerar uma grande press\u00e3o vendedora sobre as a\u00e7\u00f5es (overhang), penalizando sua cota\u00e7\u00e3o e investidores posicionados. <\/p>\n\n\n\n<p>Al\u00e9m disso, a sa\u00edda de um player importante do setor (Rede D&#8217;Or) no seu quadro de acionistas tamb\u00e9m n\u00e3o \u00e9 positivo, mas n\u00e3o tem um efeito determinante sobre a valoriza\u00e7\u00e3o no <a class=\"suno-keyword\" target=\"_blank\" data-force=\"no\" data-priority=\"1\" href=\"https:\/\/www.suno.com.br\/artigos\/longo-prazo\/\" rel=\"noopener\">longo prazo<\/a>, tendo em vista que a participa\u00e7\u00e3o \u00e9 minorit\u00e1ria at\u00e9 o momento, ressaltam. <\/p>\n\n\n\n<p>J\u00e1 para a Rede D\u2019Or seria uma decis\u00e3o desfavor\u00e1vel na avalia\u00e7\u00e3o da Terra, pois significaria a perda de um ativo e a impossibilidade de atua\u00e7\u00e3o ampla no setor de sa\u00fade em caso de uma evolu\u00e7\u00e3o de participa\u00e7\u00e3o minorit\u00e1ria na Qualicorp para <a class=\"suno-keyword\" data-force=\"no\" data-priority=\"1\" href=\"https:\/\/www.suno.com.br\/artigos\/controle-acionario\/\" target=\"_blank\" rel=\"noopener\">controle acion\u00e1rio<\/a>. <\/p>\n\n\n\t<p>\n\t\t<a href=\"https:\/\/lp.suno.com.br\/planilha-controle-gastos\/\" target=\"_blank\" data-element=\"shortcode-suno-banner\" title=\"Banner SUNO, clique e saiba mais\">\n\t\t\t<picture>\n\t\t\t\t<source media=\"(max-width: 500px)\" srcset=\"https:\/\/files.sunoresearch.com.br\/n\/uploads\/2023\/03\/400x300-Planilha-controle-de-gastos.png\">\n\t\t\t\t<img class=\"newsContent__article__imgCapa newsContent__article__imgCapa--banner\"\n\t\t\t\t\tsrc=\"https:\/\/files.sunoresearch.com.br\/n\/uploads\/2023\/03\/1420x240-Planilha-controle-de-gastos.png\"\n\t\t\t\t\tdata-promo-id=\"101751\"\t\t\t\t\t\t\t\t\t\twidth='1420' height='240'\t\t\t\t\talt=\"https:\/\/files.sunoresearch.com.br\/n\/uploads\/2023\/03\/1420x240-Planilha-controle-de-gastos.png\"\n\t\t\t\t>\n\t\t\t<\/picture>\n\t\t<\/a>\n\t<\/p>\n\n\n\n\n\n<h2 class=\"wp-block-heading\"><strong>Vis\u00e3o do Cade<\/strong><\/h2>\n\n\n\n<p>O Cade recomendou, no entanto, \u00e0 Ag\u00eancia Nacional de Sa\u00fade Suplementar (ANS) que adote norma espec\u00edfica para mitigar o risco de trocas de informa\u00e7\u00f5es sens\u00edveis entre hospitais, como a Rede D\u2019Or, e planos de sa\u00fade, como a <strong>SulAm\u00e9rica<\/strong>, que perten\u00e7am a um mesmo grupo.<\/p>\n\n\n\n<p>Em seu voto, o relator do caso, Luiz Hoffmann, destacou que a participa\u00e7\u00e3o de mercado da Rede D\u2019Or e da SulAm\u00e9rica, na grande maioria dos munic\u00edpios em que elas atuam, n\u00e3o ultrapassa os 20%, limite acima do qual o Cade considera que pode haver excesso de concentra\u00e7\u00e3o. \u201cN\u00e3o h\u00e1 elementos que justifiquem interven\u00e7\u00e3o do Cade, sob pena de inviabilizar poss\u00edveis efeitos ben\u00e9ficos aos consumidores\u201d, afirmou.<\/p>\n\n\n\n<p>Hoffmann tamb\u00e9m ressaltou que h\u00e1 outros casos de planos de sa\u00fade que t\u00eam participa\u00e7\u00e3o em hospitais e vice-versa. \u201cDe todo modo, entendo que cabe ao Cade monitorar o setor, e esse conselho devera agir caso haja ind\u00edcios de pratica discriminat\u00f3ria\u201d, acrescentou.<\/p>\n\n\n\n<p>Os conselheiros ressaltaram preocupa\u00e7\u00e3o de que a opera\u00e7\u00e3o da Rede D\u2019Or e SulAm\u00e9rica pudesse levar \u00e0 troca de informa\u00e7\u00f5es concorrencialmente sens\u00edveis, como o hospital repassar \u00e0 operadora de plano de sa\u00fade pre\u00e7os cobrados por outras institui\u00e7\u00f5es de sa\u00fade.<\/p>\n\n\n\n<p><em>(Com informa\u00e7\u00f5es do Estad\u00e3o Conte\u00fado)<\/em><\/p>\n\n\n\t<div data-element=\"shortcode-read-more\" class=\"knowMore\">\n\t\t\t\t<span class=\"knowMore__title\">Leia mais<\/span>\n\t\t\t\t<a class=\"knowMore__link\" href=\"https:\/\/www.suno.com.br\/noticias\/rede-dor-rdor3-sulamerica-sula11-aprovacao\/\">\n\t\t\tRede D&#039;Or (RDOR3): Cade aprova aquisi\u00e7\u00e3o da SulAm\u00e9rica (SULA11) sem restri\u00e7\u00f5es; A\u00e7\u00f5es sobem 5%\t\t<\/a>\n\t<\/div>\n\n\n\n\n<h2 class=\"wp-block-heading\" id=\"h-cotacao-da-rede-d-or\">Cota\u00e7\u00e3o da Rede D&#8217;Or<\/h2>\n\n\n\n<p>Nesta sexta-feira (16), as a\u00e7\u00f5es da <strong>Rede D&#8217;Or <\/strong>ca\u00edram 3,47%, cotadas a R$ 25. As units da SulAm\u00e9rica ca\u00edram 3,45%, cotadas a R$ 18,76 e as a\u00e7\u00f5es da Qualicorp subiram 0,39%, cotadas a R$ 5,15. <\/p>\n\n\n\t<p>\n\t\t<a href=\"https:\/\/lp.suno.com.br\/planilha-da-vida-financeira\/\" target=\"_blank\" data-element=\"shortcode-suno-banner\" title=\"Banner SUNO, clique e saiba mais\">\n\t\t\t<picture>\n\t\t\t\t<source media=\"(max-width: 500px)\" srcset=\"https:\/\/files.sunoresearch.com.br\/n\/uploads\/2023\/04\/400x300-Planilha-vida-financeira-true.png\">\n\t\t\t\t<img class=\"newsContent__article__imgCapa newsContent__article__imgCapa--banner\"\n\t\t\t\t\tsrc=\"https:\/\/files.sunoresearch.com.br\/n\/uploads\/2023\/04\/1420x240-Planilha-vida-financeira-true.png\"\n\t\t\t\t\tdata-promo-id=\"106682\"\t\t\t\t\t\t\t\t\t\twidth='1420' height='240'\t\t\t\t\talt=\"https:\/\/files.sunoresearch.com.br\/n\/uploads\/2023\/04\/1420x240-Planilha-vida-financeira-true.png\"\n\t\t\t\t>\n\t\t\t<\/picture>\n\t\t<\/a>\n\t<\/p>\n\n\n","protected":false},"excerpt":{"rendered":"<p>Ap\u00f3s a fus\u00e3o da Rede D&#8217;Or (RDOR3) com a SulAm\u00e9rica (SULA11) ser aprovada oficialmente pelo&nbsp;Conselho Administrativo de Defesa Econ\u00f4mica (Cade), a ANS (Ag\u00eancia Nacional de Sa\u00fade Suplementa) deve avaliar a nova companhia e dar o seu aval. O mercado tem receio do risco de trocas de informa\u00e7\u00f5es sens\u00edveis entre hospitais, planos de sa\u00fade, que perten\u00e7am [&hellip;]<\/p>\n","protected":false},"author":195,"featured_media":325834,"comment_status":"closed","ping_status":"closed","sticky":false,"template":"","format":"standard","meta":[],"categories":[64],"tags":[105816,611,2312,647],"suno_strategy":[],"class_list":["post-336133","post","type-post","status-publish","format-standard","has-post-thumbnail","hentry","category-negocios","tag-especialistas","tag-qualicorp-qual3","tag-rede-dor-rdor3","tag-sulamerica-sula11-sula3-sula4"],"yoast_head":"<!-- This site is optimized with the Yoast SEO plugin v24.4 - https:\/\/yoast.com\/wordpress\/plugins\/seo\/ -->\n<title>Rede D&#039;Or (RDOR3) vender\u00e1 participa\u00e7\u00e3o na Qualicorp (QUAL3)?<\/title>\n<meta name=\"description\" content=\"A fus\u00e3o da Rede D&#039;Or (RDOR3) com a SulAm\u00e9rica (SULA11) foi aprovada oficialmente pelo\u00a0Cade. Quais s\u00e3o os riscos que a opera\u00e7\u00e3o pode sofrer?\" \/>\n<meta name=\"robots\" content=\"index, follow, max-snippet:-1, max-image-preview:large, max-video-preview:-1\" \/>\n<link rel=\"canonical\" href=\"https:\/\/www.suno.com.br\/noticias\/rede-dor-rdor3-qualicorp-qual3-sulamerica-sula11-ans\/\" \/>\n<meta property=\"og:locale\" content=\"pt_BR\" \/>\n<meta property=\"og:type\" content=\"article\" \/>\n<meta property=\"og:title\" content=\"Rede D&#039;Or (RDOR3) vender\u00e1 participa\u00e7\u00e3o na Qualicorp (QUAL3)?\" \/>\n<meta property=\"og:description\" content=\"A fus\u00e3o da Rede D&#039;Or (RDOR3) com a SulAm\u00e9rica (SULA11) foi aprovada oficialmente pelo\u00a0Cade. Quais s\u00e3o os riscos que a opera\u00e7\u00e3o pode sofrer?\" \/>\n<meta property=\"og:url\" content=\"https:\/\/www.suno.com.br\/noticias\/rede-dor-rdor3-qualicorp-qual3-sulamerica-sula11-ans\/\" \/>\n<meta property=\"og:site_name\" content=\"Suno Not\u00edcias\" \/>\n<meta property=\"article:publisher\" content=\"https:\/\/facebook.com\/sunoresearch\" \/>\n<meta property=\"og:image\" content=\"https:\/\/files.sunoresearch.com.br\/n\/uploads\/2022\/11\/qualicorp-qual3.jpeg\" \/>\n\t<meta property=\"og:image:width\" content=\"1280\" \/>\n\t<meta property=\"og:image:height\" content=\"853\" \/>\n\t<meta property=\"og:image:type\" content=\"image\/jpeg\" \/>\n<meta name=\"author\" content=\"Ana Clara Macedo\" \/>\n<meta name=\"twitter:card\" content=\"summary_large_image\" \/>\n<meta name=\"twitter:creator\" content=\"@sunoresearch\" \/>\n<meta name=\"twitter:site\" content=\"@sunoresearch\" \/>\n<meta name=\"twitter:label1\" content=\"Escrito por\" \/>\n\t<meta name=\"twitter:data1\" content=\"Ana Clara Macedo\" \/>\n\t<meta name=\"twitter:label2\" content=\"Est. tempo de leitura\" \/>\n\t<meta name=\"twitter:data2\" content=\"3 minutos\" \/>\n<script type=\"application\/ld+json\" class=\"yoast-schema-graph\">{\"@context\":\"https:\/\/schema.org\",\"@graph\":[{\"@type\":\"NewsArticle\",\"@id\":\"https:\/\/www.suno.com.br\/noticias\/rede-dor-rdor3-qualicorp-qual3-sulamerica-sula11-ans\/#article\",\"isPartOf\":{\"@id\":\"https:\/\/www.suno.com.br\/noticias\/rede-dor-rdor3-qualicorp-qual3-sulamerica-sula11-ans\/\"},\"author\":{\"name\":\"Ana Clara Macedo\",\"@id\":\"https:\/\/www.suno.com.br\/noticias\/#\/schema\/person\/a70f3c52ef8c814d62ed63b30bb30176\"},\"headline\":\"Ap\u00f3s fus\u00e3o com a SulAm\u00e9rica (SULA11), Rede D&#8217;Or (RDOR3) vender\u00e1 participa\u00e7\u00e3o na Qualicorp (QUAL3)? Analistas respondem\",\"datePublished\":\"2022-12-17T00:29:39+00:00\",\"dateModified\":\"2022-12-17T00:29:44+00:00\",\"mainEntityOfPage\":{\"@id\":\"https:\/\/www.suno.com.br\/noticias\/rede-dor-rdor3-qualicorp-qual3-sulamerica-sula11-ans\/\"},\"wordCount\":625,\"publisher\":{\"@id\":\"https:\/\/www.suno.com.br\/noticias\/#organization\"},\"image\":{\"@id\":\"https:\/\/www.suno.com.br\/noticias\/rede-dor-rdor3-qualicorp-qual3-sulamerica-sula11-ans\/#primaryimage\"},\"thumbnailUrl\":\"https:\/\/files.sunoresearch.com.br\/n\/uploads\/2022\/11\/qualicorp-qual3.jpeg\",\"keywords\":[\"Especialistas\",\"Qualicorp (QUAL3)\",\"Rede D'or (RDOR3)\",\"SulAm\u00e9rica (SULA11\/SULA3\/SULA4)\"],\"articleSection\":[\"Neg\u00f3cios\"],\"inLanguage\":\"pt-BR\"},{\"@type\":\"WebPage\",\"@id\":\"https:\/\/www.suno.com.br\/noticias\/rede-dor-rdor3-qualicorp-qual3-sulamerica-sula11-ans\/\",\"url\":\"https:\/\/www.suno.com.br\/noticias\/rede-dor-rdor3-qualicorp-qual3-sulamerica-sula11-ans\/\",\"name\":\"Rede D'Or (RDOR3) vender\u00e1 participa\u00e7\u00e3o na Qualicorp (QUAL3)?\",\"isPartOf\":{\"@id\":\"https:\/\/www.suno.com.br\/noticias\/#website\"},\"primaryImageOfPage\":{\"@id\":\"https:\/\/www.suno.com.br\/noticias\/rede-dor-rdor3-qualicorp-qual3-sulamerica-sula11-ans\/#primaryimage\"},\"image\":{\"@id\":\"https:\/\/www.suno.com.br\/noticias\/rede-dor-rdor3-qualicorp-qual3-sulamerica-sula11-ans\/#primaryimage\"},\"thumbnailUrl\":\"https:\/\/files.sunoresearch.com.br\/n\/uploads\/2022\/11\/qualicorp-qual3.jpeg\",\"datePublished\":\"2022-12-17T00:29:39+00:00\",\"dateModified\":\"2022-12-17T00:29:44+00:00\",\"description\":\"A fus\u00e3o da Rede D'Or (RDOR3) com a SulAm\u00e9rica (SULA11) foi aprovada oficialmente pelo\u00a0Cade. Quais s\u00e3o os riscos que a opera\u00e7\u00e3o pode sofrer?\",\"breadcrumb\":{\"@id\":\"https:\/\/www.suno.com.br\/noticias\/rede-dor-rdor3-qualicorp-qual3-sulamerica-sula11-ans\/#breadcrumb\"},\"inLanguage\":\"pt-BR\",\"potentialAction\":[{\"@type\":\"ReadAction\",\"target\":[\"https:\/\/www.suno.com.br\/noticias\/rede-dor-rdor3-qualicorp-qual3-sulamerica-sula11-ans\/\"]}]},{\"@type\":\"ImageObject\",\"inLanguage\":\"pt-BR\",\"@id\":\"https:\/\/www.suno.com.br\/noticias\/rede-dor-rdor3-qualicorp-qual3-sulamerica-sula11-ans\/#primaryimage\",\"url\":\"https:\/\/files.sunoresearch.com.br\/n\/uploads\/2022\/11\/qualicorp-qual3.jpeg\",\"contentUrl\":\"https:\/\/files.sunoresearch.com.br\/n\/uploads\/2022\/11\/qualicorp-qual3.jpeg\",\"width\":1280,\"height\":853,\"caption\":\"Qualicorp (QUAL3). Foto: Divulga\u00e7\u00e3o.\"},{\"@type\":\"BreadcrumbList\",\"@id\":\"https:\/\/www.suno.com.br\/noticias\/rede-dor-rdor3-qualicorp-qual3-sulamerica-sula11-ans\/#breadcrumb\",\"itemListElement\":[{\"@type\":\"ListItem\",\"position\":1,\"name\":\"Not\u00edcias\",\"item\":\"https:\/\/www.suno.com.br\/noticias\/\"},{\"@type\":\"ListItem\",\"position\":2,\"name\":\"Neg\u00f3cios\",\"item\":\"https:\/\/www.suno.com.br\/noticias\/negocios\/\"},{\"@type\":\"ListItem\",\"position\":3,\"name\":\"Ap\u00f3s fus\u00e3o com a SulAm\u00e9rica (SULA11), Rede D&#8217;Or (RDOR3) vender\u00e1 participa\u00e7\u00e3o na Qualicorp (QUAL3)? Analistas respondem\"}]},{\"@type\":\"WebSite\",\"@id\":\"https:\/\/www.suno.com.br\/noticias\/#website\",\"url\":\"https:\/\/www.suno.com.br\/noticias\/\",\"name\":\"Suno Not\u00edcias\",\"description\":\"Seu portal de informa\u00e7\u00e3o sobre o mundo dos investimentos\",\"publisher\":{\"@id\":\"https:\/\/www.suno.com.br\/noticias\/#organization\"},\"potentialAction\":[{\"@type\":\"SearchAction\",\"target\":{\"@type\":\"EntryPoint\",\"urlTemplate\":\"https:\/\/www.suno.com.br\/noticias\/?s={search_term_string}\"},\"query-input\":{\"@type\":\"PropertyValueSpecification\",\"valueRequired\":true,\"valueName\":\"search_term_string\"}}],\"inLanguage\":\"pt-BR\"},{\"@type\":\"Organization\",\"@id\":\"https:\/\/www.suno.com.br\/noticias\/#organization\",\"name\":\"Suno Not\u00edcias\",\"url\":\"https:\/\/www.suno.com.br\/noticias\/\",\"logo\":{\"@type\":\"ImageObject\",\"inLanguage\":\"pt-BR\",\"@id\":\"https:\/\/www.suno.com.br\/noticias\/#\/schema\/logo\/image\/\",\"url\":\"https:\/\/files.sunoresearch.com.br\/n\/uploads\/2021\/09\/suno-logo.png\",\"contentUrl\":\"https:\/\/files.sunoresearch.com.br\/n\/uploads\/2021\/09\/suno-logo.png\",\"width\":180,\"height\":180,\"caption\":\"Suno Not\u00edcias\"},\"image\":{\"@id\":\"https:\/\/www.suno.com.br\/noticias\/#\/schema\/logo\/image\/\"},\"sameAs\":[\"https:\/\/facebook.com\/sunoresearch\",\"https:\/\/x.com\/sunoresearch\",\"https:\/\/www.instagram.com\/suno\",\"https:\/\/www.linkedin.com\/company\/suno-research\/\",\"https:\/\/www.youtube.com\/c\/sunoresearch\"]},{\"@type\":\"Person\",\"@id\":\"https:\/\/www.suno.com.br\/noticias\/#\/schema\/person\/a70f3c52ef8c814d62ed63b30bb30176\",\"name\":\"Ana Clara Macedo\",\"image\":{\"@type\":\"ImageObject\",\"inLanguage\":\"pt-BR\",\"@id\":\"https:\/\/www.suno.com.br\/noticias\/#\/schema\/person\/image\/\",\"url\":\"https:\/\/secure.gravatar.com\/avatar\/40810da86786bd5619f8cd594b0f44ef?s=96&r=g\",\"contentUrl\":\"https:\/\/secure.gravatar.com\/avatar\/40810da86786bd5619f8cd594b0f44ef?s=96&r=g\",\"caption\":\"Ana Clara Macedo\"},\"description\":\"Rep\u00f3rter no Suno Not\u00edcias, cobrindo acontecimentos sobre neg\u00f3cios, mercado financeiro e economia. Anteriormente trabalhou como Rep\u00f3rter no Mercado News e produziu relat\u00f3rios e artigos sobre empresas de capital aberto.\",\"url\":\"https:\/\/www.suno.com.br\/noticias\/author\/ana-clara-macedo\/\"}]}<\/script>\n<!-- \/ Yoast SEO plugin. -->","yoast_head_json":{"title":"Rede D'Or (RDOR3) vender\u00e1 participa\u00e7\u00e3o na Qualicorp (QUAL3)?","description":"A fus\u00e3o da Rede D'Or (RDOR3) com a SulAm\u00e9rica (SULA11) foi aprovada oficialmente pelo\u00a0Cade. Quais s\u00e3o os riscos que a opera\u00e7\u00e3o pode sofrer?","robots":{"index":"index","follow":"follow","max-snippet":"max-snippet:-1","max-image-preview":"max-image-preview:large","max-video-preview":"max-video-preview:-1"},"canonical":"https:\/\/www.suno.com.br\/noticias\/rede-dor-rdor3-qualicorp-qual3-sulamerica-sula11-ans\/","og_locale":"pt_BR","og_type":"article","og_title":"Rede D'Or (RDOR3) vender\u00e1 participa\u00e7\u00e3o na Qualicorp (QUAL3)?","og_description":"A fus\u00e3o da Rede D'Or (RDOR3) com a SulAm\u00e9rica (SULA11) foi aprovada oficialmente pelo\u00a0Cade. Quais s\u00e3o os riscos que a opera\u00e7\u00e3o pode sofrer?","og_url":"https:\/\/www.suno.com.br\/noticias\/rede-dor-rdor3-qualicorp-qual3-sulamerica-sula11-ans\/","og_site_name":"Suno Not\u00edcias","article_publisher":"https:\/\/facebook.com\/sunoresearch","og_image":[{"width":1280,"height":853,"url":"https:\/\/files.sunoresearch.com.br\/n\/uploads\/2022\/11\/qualicorp-qual3.jpeg","type":"image\/jpeg"}],"author":"Ana Clara Macedo","twitter_card":"summary_large_image","twitter_creator":"@sunoresearch","twitter_site":"@sunoresearch","twitter_misc":{"Escrito por":"Ana Clara Macedo","Est. tempo de leitura":"3 minutos"},"schema":{"@context":"https:\/\/schema.org","@graph":[{"@type":"NewsArticle","@id":"https:\/\/www.suno.com.br\/noticias\/rede-dor-rdor3-qualicorp-qual3-sulamerica-sula11-ans\/#article","isPartOf":{"@id":"https:\/\/www.suno.com.br\/noticias\/rede-dor-rdor3-qualicorp-qual3-sulamerica-sula11-ans\/"},"author":{"name":"Ana Clara Macedo","@id":"https:\/\/www.suno.com.br\/noticias\/#\/schema\/person\/a70f3c52ef8c814d62ed63b30bb30176"},"headline":"Ap\u00f3s fus\u00e3o com a SulAm\u00e9rica (SULA11), Rede D&#8217;Or (RDOR3) vender\u00e1 participa\u00e7\u00e3o na Qualicorp (QUAL3)? Analistas respondem","datePublished":"2022-12-17T00:29:39+00:00","dateModified":"2022-12-17T00:29:44+00:00","mainEntityOfPage":{"@id":"https:\/\/www.suno.com.br\/noticias\/rede-dor-rdor3-qualicorp-qual3-sulamerica-sula11-ans\/"},"wordCount":625,"publisher":{"@id":"https:\/\/www.suno.com.br\/noticias\/#organization"},"image":{"@id":"https:\/\/www.suno.com.br\/noticias\/rede-dor-rdor3-qualicorp-qual3-sulamerica-sula11-ans\/#primaryimage"},"thumbnailUrl":"https:\/\/files.sunoresearch.com.br\/n\/uploads\/2022\/11\/qualicorp-qual3.jpeg","keywords":["Especialistas","Qualicorp (QUAL3)","Rede D'or (RDOR3)","SulAm\u00e9rica (SULA11\/SULA3\/SULA4)"],"articleSection":["Neg\u00f3cios"],"inLanguage":"pt-BR"},{"@type":"WebPage","@id":"https:\/\/www.suno.com.br\/noticias\/rede-dor-rdor3-qualicorp-qual3-sulamerica-sula11-ans\/","url":"https:\/\/www.suno.com.br\/noticias\/rede-dor-rdor3-qualicorp-qual3-sulamerica-sula11-ans\/","name":"Rede D'Or (RDOR3) vender\u00e1 participa\u00e7\u00e3o na Qualicorp (QUAL3)?","isPartOf":{"@id":"https:\/\/www.suno.com.br\/noticias\/#website"},"primaryImageOfPage":{"@id":"https:\/\/www.suno.com.br\/noticias\/rede-dor-rdor3-qualicorp-qual3-sulamerica-sula11-ans\/#primaryimage"},"image":{"@id":"https:\/\/www.suno.com.br\/noticias\/rede-dor-rdor3-qualicorp-qual3-sulamerica-sula11-ans\/#primaryimage"},"thumbnailUrl":"https:\/\/files.sunoresearch.com.br\/n\/uploads\/2022\/11\/qualicorp-qual3.jpeg","datePublished":"2022-12-17T00:29:39+00:00","dateModified":"2022-12-17T00:29:44+00:00","description":"A fus\u00e3o da Rede D'Or (RDOR3) com a SulAm\u00e9rica (SULA11) foi aprovada oficialmente pelo\u00a0Cade. Quais s\u00e3o os riscos que a opera\u00e7\u00e3o pode sofrer?","breadcrumb":{"@id":"https:\/\/www.suno.com.br\/noticias\/rede-dor-rdor3-qualicorp-qual3-sulamerica-sula11-ans\/#breadcrumb"},"inLanguage":"pt-BR","potentialAction":[{"@type":"ReadAction","target":["https:\/\/www.suno.com.br\/noticias\/rede-dor-rdor3-qualicorp-qual3-sulamerica-sula11-ans\/"]}]},{"@type":"ImageObject","inLanguage":"pt-BR","@id":"https:\/\/www.suno.com.br\/noticias\/rede-dor-rdor3-qualicorp-qual3-sulamerica-sula11-ans\/#primaryimage","url":"https:\/\/files.sunoresearch.com.br\/n\/uploads\/2022\/11\/qualicorp-qual3.jpeg","contentUrl":"https:\/\/files.sunoresearch.com.br\/n\/uploads\/2022\/11\/qualicorp-qual3.jpeg","width":1280,"height":853,"caption":"Qualicorp (QUAL3). Foto: Divulga\u00e7\u00e3o."},{"@type":"BreadcrumbList","@id":"https:\/\/www.suno.com.br\/noticias\/rede-dor-rdor3-qualicorp-qual3-sulamerica-sula11-ans\/#breadcrumb","itemListElement":[{"@type":"ListItem","position":1,"name":"Not\u00edcias","item":"https:\/\/www.suno.com.br\/noticias\/"},{"@type":"ListItem","position":2,"name":"Neg\u00f3cios","item":"https:\/\/www.suno.com.br\/noticias\/negocios\/"},{"@type":"ListItem","position":3,"name":"Ap\u00f3s fus\u00e3o com a SulAm\u00e9rica (SULA11), Rede D&#8217;Or (RDOR3) vender\u00e1 participa\u00e7\u00e3o na Qualicorp (QUAL3)? Analistas respondem"}]},{"@type":"WebSite","@id":"https:\/\/www.suno.com.br\/noticias\/#website","url":"https:\/\/www.suno.com.br\/noticias\/","name":"Suno Not\u00edcias","description":"Seu portal de informa\u00e7\u00e3o sobre o mundo dos investimentos","publisher":{"@id":"https:\/\/www.suno.com.br\/noticias\/#organization"},"potentialAction":[{"@type":"SearchAction","target":{"@type":"EntryPoint","urlTemplate":"https:\/\/www.suno.com.br\/noticias\/?s={search_term_string}"},"query-input":{"@type":"PropertyValueSpecification","valueRequired":true,"valueName":"search_term_string"}}],"inLanguage":"pt-BR"},{"@type":"Organization","@id":"https:\/\/www.suno.com.br\/noticias\/#organization","name":"Suno Not\u00edcias","url":"https:\/\/www.suno.com.br\/noticias\/","logo":{"@type":"ImageObject","inLanguage":"pt-BR","@id":"https:\/\/www.suno.com.br\/noticias\/#\/schema\/logo\/image\/","url":"https:\/\/files.sunoresearch.com.br\/n\/uploads\/2021\/09\/suno-logo.png","contentUrl":"https:\/\/files.sunoresearch.com.br\/n\/uploads\/2021\/09\/suno-logo.png","width":180,"height":180,"caption":"Suno Not\u00edcias"},"image":{"@id":"https:\/\/www.suno.com.br\/noticias\/#\/schema\/logo\/image\/"},"sameAs":["https:\/\/facebook.com\/sunoresearch","https:\/\/x.com\/sunoresearch","https:\/\/www.instagram.com\/suno","https:\/\/www.linkedin.com\/company\/suno-research\/","https:\/\/www.youtube.com\/c\/sunoresearch"]},{"@type":"Person","@id":"https:\/\/www.suno.com.br\/noticias\/#\/schema\/person\/a70f3c52ef8c814d62ed63b30bb30176","name":"Ana Clara Macedo","image":{"@type":"ImageObject","inLanguage":"pt-BR","@id":"https:\/\/www.suno.com.br\/noticias\/#\/schema\/person\/image\/","url":"https:\/\/secure.gravatar.com\/avatar\/40810da86786bd5619f8cd594b0f44ef?s=96&r=g","contentUrl":"https:\/\/secure.gravatar.com\/avatar\/40810da86786bd5619f8cd594b0f44ef?s=96&r=g","caption":"Ana Clara Macedo"},"description":"Rep\u00f3rter no Suno Not\u00edcias, cobrindo acontecimentos sobre neg\u00f3cios, mercado financeiro e economia. Anteriormente trabalhou como Rep\u00f3rter no Mercado News e produziu relat\u00f3rios e artigos sobre empresas de capital aberto.","url":"https:\/\/www.suno.com.br\/noticias\/author\/ana-clara-macedo\/"}]}},"default_loop_html":"<div class=\"cardsPage__listCard__boxs\"><div class=\"cardsPage__listCard__boxs__img\"><a href=\"https:\/\/www.suno.com.br\/noticias\/rede-dor-rdor3-qualicorp-qual3-sulamerica-sula11-ans\/\"><img class=\"mask\" src=\"https:\/\/www.suno.com.br\/noticias\/wp-content\/themes\/suno\/resources\/images\/spotlight\/spotlight1img\/bg-mask.png\" alt=\"Image Mask\"\/><img src=\"https:\/\/files.sunoresearch.com.br\/n\/uploads\/2022\/11\/qualicorp-qual3-400x200.jpeg\" alt=\"Ap\u00f3s fus\u00e3o com a SulAm\u00e9rica (SULA11), Rede D&#8217;Or (RDOR3) vender\u00e1 participa\u00e7\u00e3o na Qualicorp (QUAL3)? Analistas respondem\"\/><\/a><span class=\"spotlightCategory\"><a href=\"https:\/\/www.suno.com.br\/noticias\/negocios\/\">Neg\u00f3cios<\/a><\/span><\/div><div class=\"cardsPage__listCard__boxs__content\"><a href=\"https:\/\/www.suno.com.br\/noticias\/rede-dor-rdor3-qualicorp-qual3-sulamerica-sula11-ans\/\"><h2 class=\"content__title\">Ap\u00f3s fus\u00e3o com a SulAm\u00e9rica (SULA11), Rede D&#8217;Or (RDOR3) vender\u00e1 participa\u00e7\u00e3o na Qualicorp (QUAL3)? Analistas respondem<\/h2><\/a><div class=\"newsContent__article__meta\"><div class=\"newsContent__article__meta__authorBox\"><a href=\"https:\/\/www.suno.com.br\/noticias\/author\/ana-clara-macedo\/\" class=\"authorBox__avatar noMobi\"><img src=\"https:\/\/secure.gravatar.com\/avatar\/40810da86786bd5619f8cd594b0f44ef?s=96&#038;r=g\" alt=\"Ana Clara Macedo\"><\/a><div class=\"authorBox__name\"><span>por\n\t\t\t<a href=\"https:\/\/www.suno.com.br\/noticias\/author\/ana-clara-macedo\/\"><span itemprop=\"author\">Ana Clara Macedo<\/span><\/a><\/span><time datetime=\"2022-12-16T21:29:39-03:00\" itemprop=\"datePublished\">16\/12\/2022 21:29<\/time><\/div><\/div><\/div><\/div><\/div>","single_layout":"posts","amp_enabled":true,"_links":{"self":[{"href":"https:\/\/www.suno.com.br\/noticias\/wp-json\/wp\/v2\/posts\/336133"}],"collection":[{"href":"https:\/\/www.suno.com.br\/noticias\/wp-json\/wp\/v2\/posts"}],"about":[{"href":"https:\/\/www.suno.com.br\/noticias\/wp-json\/wp\/v2\/types\/post"}],"author":[{"embeddable":true,"href":"https:\/\/www.suno.com.br\/noticias\/wp-json\/wp\/v2\/users\/195"}],"replies":[{"embeddable":true,"href":"https:\/\/www.suno.com.br\/noticias\/wp-json\/wp\/v2\/comments?post=336133"}],"version-history":[{"count":2,"href":"https:\/\/www.suno.com.br\/noticias\/wp-json\/wp\/v2\/posts\/336133\/revisions"}],"predecessor-version":[{"id":336444,"href":"https:\/\/www.suno.com.br\/noticias\/wp-json\/wp\/v2\/posts\/336133\/revisions\/336444"}],"wp:featuredmedia":[{"embeddable":true,"href":"https:\/\/www.suno.com.br\/noticias\/wp-json\/wp\/v2\/media\/325834"}],"wp:attachment":[{"href":"https:\/\/www.suno.com.br\/noticias\/wp-json\/wp\/v2\/media?parent=336133"}],"wp:term":[{"taxonomy":"category","embeddable":true,"href":"https:\/\/www.suno.com.br\/noticias\/wp-json\/wp\/v2\/categories?post=336133"},{"taxonomy":"post_tag","embeddable":true,"href":"https:\/\/www.suno.com.br\/noticias\/wp-json\/wp\/v2\/tags?post=336133"},{"taxonomy":"suno_strategy","embeddable":true,"href":"https:\/\/www.suno.com.br\/noticias\/wp-json\/wp\/v2\/suno_strategy?post=336133"}],"curies":[{"name":"wp","href":"https:\/\/api.w.org\/{rel}","templated":true}]}}