{"id":336091,"date":"2022-12-16T17:00:46","date_gmt":"2022-12-16T20:00:46","guid":{"rendered":"https:\/\/www.suno.com.br\/noticias\/?p=336091"},"modified":"2022-12-16T17:35:37","modified_gmt":"2022-12-16T20:35:37","slug":"orcamento-secreto-congresso-aprova-alteracoes","status":"publish","type":"post","link":"https:\/\/www.suno.com.br\/noticias\/orcamento-secreto-congresso-aprova-alteracoes\/","title":{"rendered":"Or\u00e7amento secreto: Congresso aprova altera\u00e7\u00f5es para evitar derrota no STF"},"content":{"rendered":"<p>Com a possibilidade de ser <a href=\"https:\/\/www.suno.com.br\/noticias\/orcamento-secreto-votacao-stf-adiada\/\" target=\"_blank\" rel=\"noreferrer noopener\">barrado no Supremo Tribunal Federal (STF)<\/a>, o chamado <strong>or\u00e7amento secreto<\/strong> teve aprovada hoje no Congresso Nacional uma proposta que trata da transpar\u00eancia nas emendas de relator. Na C\u00e2mara dos Deputados, o texto-base foi aprovado por 328 votos favor\u00e1veis e 66 contr\u00e1rios; no Senado, foram 44 votos favor\u00e1veis e 20 contr\u00e1rios.\u00a0 A mat\u00e9ria segue para promulga\u00e7\u00e3o.<\/p>\t<div class=\"wrapper-featured-image\">\n\t\t<figure class=\"spotlightImg\">\n\n\t\t\t<picture>\n\t\t\t\t<source media=\"(max-width: 768px)\" srcset=\"https:\/\/files.sunoresearch.com.br\/n\/uploads\/2022\/12\/arthur-lira-presidente-camara-400x200.jpg\">\n\t\t\t\t<img loading=\"lazy\" decoding=\"async\" class=\"newsContent__article__imgCapa lazyloadDisabled \" src=\"https:\/\/files.sunoresearch.com.br\/n\/uploads\/2022\/12\/arthur-lira-presidente-camara-800x450.jpg\" width=\"800\" height=\"450\" alt=\"Or\u00e7amento secreto: Congresso aprova altera\u00e7\u00f5es para evitar derrota no STF\" fetchpriority=high \/>\n\t\t\t<\/picture>\n\n\t\t\t<figcaption class=\"wp-caption-text wp-caption-text--show\">Arthur Lira, presidente da C\u00e2mara dos Deputados. Foto: Marcelo Camargo\/Ag\u00eancia Brasil<\/figcaption>\n\t\t<\/figure>\n\t<\/div>\n\n\n\n\n\n\t<p>\n\t\t<a href=\"\" target=\"_blank\" data-element=\"shortcode-suno-banner\" title=\"Banner SUNO, clique e saiba mais\">\n\t\t\t<picture>\n\t\t\t\t<source media=\"(max-width: 500px)\" srcset=\"\">\n\t\t\t\t<img class=\"newsContent__article__imgCapa newsContent__article__imgCapa--banner\"\n\t\t\t\t\tsrc=\"\"\n\t\t\t\t\tdata-promo-id=\"89005\"\t\t\t\t\t\t\t\t\t\t\t\t\t\t\talt=\"\"\n\t\t\t\t>\n\t\t\t<\/picture>\n\t\t<\/a>\n\t<\/p>\n\n\n\n\n\n<p>A vota\u00e7\u00e3o das <strong>altera\u00e7\u00f5es no or\u00e7amento secreto<\/strong> foi realizada de maneira remota, j\u00e1 que muitos parlamentares estavam fora de Bras\u00edlia. O texto do senador Marcelo Castro (MDB-PI) prev\u00ea novas regras de distribui\u00e7\u00e3o dos recursos das <strong>emendas de relator<\/strong> com crit\u00e9rios de proporcionalidade e impessoalidade. Os recursos previstos para 2023 est\u00e3o em torno de R$ 19 bilh\u00f5es.<\/p>\n\n\n\n<p>A proposta de <strong>mudan\u00e7as no<\/strong> <strong>or\u00e7amento secreto<\/strong> come\u00e7ou a ser discutida ontem (15), mas foi interrompida antes da aprecia\u00e7\u00e3o do m\u00e9rito. A previs\u00e3o era de que a mat\u00e9ria voltasse ao plen\u00e1rio do Congresso apenas na pr\u00f3xima semana. Por\u00e9m, a aprecia\u00e7\u00e3o da mat\u00e9ria foi antecipada em virtude da suspens\u00e3o da an\u00e1lise sobre a constitucionalidade do tema no STF.<\/p>\n\n\n\n<p>Na Corte, a constitucionalidade do Or\u00e7amento Secreto est\u00e1 sendo debatida desde quarta (14). Nove ministros debateram a pauta e a colocaram em vota\u00e7\u00e3o. Cinco ministros manifestaram-se contra as emendas de relator e quatro contra. Mas todos os magistrados pediram mais transpar\u00eancia ao processo. A vota\u00e7\u00e3o ser\u00e1 retomada na segunda no STF.<\/p>\n\n\n\n<p>Os ministros Ricardo Lewandowski e Gilmar Mendes, que ainda n\u00e3o votaram, pediram tempo para an\u00e1lise.<\/p>\n\n\n\t<p>\n\t\t<a href=\"https:\/\/lp.suno.com.br\/planilha-controle-gastos\/\" target=\"_blank\" data-element=\"shortcode-suno-banner\" title=\"Banner SUNO, clique e saiba mais\">\n\t\t\t<picture>\n\t\t\t\t<source media=\"(max-width: 500px)\" srcset=\"https:\/\/files.sunoresearch.com.br\/n\/uploads\/2023\/03\/400x300-Planilha-controle-de-gastos.png\">\n\t\t\t\t<img class=\"newsContent__article__imgCapa newsContent__article__imgCapa--banner\"\n\t\t\t\t\tsrc=\"https:\/\/files.sunoresearch.com.br\/n\/uploads\/2023\/03\/1420x240-Planilha-controle-de-gastos.png\"\n\t\t\t\t\tdata-promo-id=\"101751\"\t\t\t\t\t\t\t\t\t\twidth='1420' height='240'\t\t\t\t\talt=\"https:\/\/files.sunoresearch.com.br\/n\/uploads\/2023\/03\/1420x240-Planilha-controle-de-gastos.png\"\n\t\t\t\t>\n\t\t\t<\/picture>\n\t\t<\/a>\n\t<\/p>\n\n\n\n\n\n<h2 class=\"wp-block-heading\" id=\"h-pacheco-conversou-com-lira-e-viu-compromisso-de-evoluir-com-pec\">Pacheco conversou com Lira e viu &#8216;compromisso de evoluir&#8217; com PEC<\/h2>\n\n\n\n<p>O presidente do Senado, Rodrigo Pacheco (PSD-MG), afirmou que teve hoje uma conversa com o presidente da C\u00e2mara, Arthur Lira (PP-AL). Segundo ele, foi discutido o &#8220;compromisso de evoluir&#8221; na <a href=\"https:\/\/www.suno.com.br\/noticias\/votacao-pec-da-transicao-adiada-camara-dos-deputados\/\" target=\"_blank\" rel=\"noreferrer noopener\">vota\u00e7\u00e3o da Proposta de Emenda \u00e0 Constitui\u00e7\u00e3o (PEC) da Transi\u00e7\u00e3o<\/a> por parte de Lira, mas ressalvou: &#8220;\u00c9 assunto da C\u00e2mara.&#8221;<\/p>\n\n\n\n<p>Ap\u00f3s ser avalizada pelo Senado na semana passada, a an\u00e1lise est\u00e1 travada entre os deputados devido a uma s\u00e9rie de exig\u00eancias do cacique do Centr\u00e3o, que anunciou a aprecia\u00e7\u00e3o para a pr\u00f3xima ter\u00e7a (20). Ontem, a imprensa repercutiu que o <a href=\"https:\/\/www.suno.com.br\/noticias\/pt-pode-descartar-pec-transicao\/\" target=\"_blank\" rel=\"noreferrer noopener\">PT poderia desistir da PEC por causa de Lira<\/a> \u2014 que estaria sendo resistente com <strong><a href=\"https:\/\/www.suno.com.br\/noticias\/orcamento-secreto-votacao-stf-adiada\/\">vota\u00e7\u00e3o do or\u00e7amento secreto no STF<\/a><\/strong>.<\/p>\n\n\n\t<p>\n\t\t<a href=\"https:\/\/lp.suno.com.br\/planilha-da-vida-financeira\/\" target=\"_blank\" data-element=\"shortcode-suno-banner\" title=\"Banner SUNO, clique e saiba mais\">\n\t\t\t<picture>\n\t\t\t\t<source media=\"(max-width: 500px)\" srcset=\"https:\/\/files.sunoresearch.com.br\/n\/uploads\/2023\/04\/400x300-Planilha-vida-financeira-true.png\">\n\t\t\t\t<img class=\"newsContent__article__imgCapa newsContent__article__imgCapa--banner\"\n\t\t\t\t\tsrc=\"https:\/\/files.sunoresearch.com.br\/n\/uploads\/2023\/04\/1420x240-Planilha-vida-financeira-true.png\"\n\t\t\t\t\tdata-promo-id=\"106682\"\t\t\t\t\t\t\t\t\t\twidth='1420' height='240'\t\t\t\t\talt=\"https:\/\/files.sunoresearch.com.br\/n\/uploads\/2023\/04\/1420x240-Planilha-vida-financeira-true.png\"\n\t\t\t\t>\n\t\t\t<\/picture>\n\t\t<\/a>\n\t<\/p>\n\n\n\n\n\n<p>Pacheco garantiu que, assim que for aprovada pelos deputados, se n\u00e3o houver mudan\u00e7as no texto, a PEC ser\u00e1 promulgada. E sinalizou que, caso a proposta sofra altera\u00e7\u00f5es, vai trabalhar por sua aprova\u00e7\u00e3o ainda este ano no Senado. <\/p>\n\n\n\n<blockquote class=\"wp-block-quote is-layout-flow wp-block-quote-is-layout-flow\">\n<p>A PEC \u00e9 prioridade para o Pa\u00eds. Espero que a C\u00e2mara cumpra seu papel e aprove a PEC da transi\u00e7\u00e3o.<\/p>\n<\/blockquote>\n\n\n\n<h2 class=\"wp-block-heading\">O que est\u00e1 em jogo com o or\u00e7amento secreto?<\/h2>\n\n\n\n<p>Durante o mandato de Jair Bolsonaro, o or\u00e7amento secreto foi&nbsp;usado pelo governo para conquistar apoio no Congresso. O chefe do Executivo disse diversas vezes, no entanto, que&nbsp;<a href=\"https:\/\/www.suno.com.br\/noticias\/orcamento-secreto-apoio-lula-lira-bolsonaro-suspende-recursos\/\">n\u00e3o tinha poder algum sobre as emendas<\/a>, e at\u00e9 vetou o or\u00e7amento secreto para 2020 e 2021.<\/p>\n\n\n\n<p>Nas duas ocasi\u00f5es, parlamentares pressionaram Bolsonaro contra a decis\u00e3o, com o Congresso derrubando o veto presidencial e, em seguida, sugerindo um acordo com o Executivo para aprovar outra lei sobre o modelo.<\/p>\n\n\n\t<p>\n\t\t<a href=\"https:\/\/lp.suno.com.br\/ebook-como-analisar-uma-acao\/\" target=\"_blank\" data-element=\"shortcode-suno-banner\" title=\"Banner SUNO, clique e saiba mais\">\n\t\t\t<picture>\n\t\t\t\t<source media=\"(max-width: 500px)\" srcset=\"https:\/\/files.sunoresearch.com.br\/n\/uploads\/2023\/03\/Ebook-Acoes-Mobile-1.jpg\">\n\t\t\t\t<img class=\"newsContent__article__imgCapa newsContent__article__imgCapa--banner\"\n\t\t\t\t\tsrc=\"https:\/\/files.sunoresearch.com.br\/n\/uploads\/2023\/03\/Ebook-Acoes-Desktop-1.jpg\"\n\t\t\t\t\tdata-promo-id=\"171998\"\t\t\t\t\t\t\t\t\t\twidth='1420' height='286'\t\t\t\t\talt=\"https:\/\/files.sunoresearch.com.br\/n\/uploads\/2023\/03\/Ebook-Acoes-Desktop-1.jpg\"\n\t\t\t\t>\n\t\t\t<\/picture>\n\t\t<\/a>\n\t<\/p>\n\n\n\n\n\n<p>A utiliza\u00e7\u00e3o das emendas para garantir apoio na aprova\u00e7\u00e3o de medidas apenas&nbsp;<strong>aumentou o poder do Congresso<\/strong>&nbsp;e, consequentemente, diminuiu o do Executivo.<\/p>\n\n\n\n<p>Agora, com a vigil\u00e2ncia do STF, o&nbsp;<a href=\"https:\/\/www.suno.com.br\/noticias\/pt-pode-descartar-pec-transicao\/\" target=\"_blank\" rel=\"noreferrer noopener\">presidente da C\u00e2mara, Arthur Lira, estaria travando a vota\u00e7\u00e3o da PEC da Transi\u00e7\u00e3o<\/a>. Isso porque as negocia\u00e7\u00f5es entre parlamentares do PT e o presidente da C\u00e2mara n\u00e3o est\u00e3o avan\u00e7ando. De acordo com a ala do futuro governo federal para&nbsp;<strong>aprovar a PEC da Transi\u00e7\u00e3o<\/strong>, Lira estaria cobrado mais espa\u00e7o do que o partido entende como aceit\u00e1vel.<\/p>\n\n\n\n<p>Lula tem pressa em aprovar a medida para cumprir a promessa eleitoral de manter o&nbsp;<strong><a href=\"https:\/\/www.suno.com.br\/noticias\/pec-da-transicao-bolsa-familia-fora-teto-dois-anos\/\">Bolsa Fam\u00edlia em parcelas de R$ 600<\/a>&nbsp;<\/strong>em 2023. Desta forma, o presidente eleito tem pressionado ministros do STF para derrubar o&nbsp;<strong>or\u00e7amento secreto<\/strong>, que se tornou a \u201cprincipal arma\u201d do presidente da C\u00e2mara dos Deputados, Arthur Lira (PP-AL), em busca de sua recondu\u00e7\u00e3o ao cargo.<\/p>\n\n\n\n<p><em>Com informa\u00e7\u00f5es da Ag\u00eancia Brasil e Estad\u00e3o Conte\u00fado<\/em><\/p>\n\n\n\t<p>\n\t\t<a href=\"https:\/\/lp.suno.com.br\/planilha-de-controle-de-investimentos\/\" target=\"_blank\" data-element=\"shortcode-suno-banner\" title=\"Banner SUNO, clique e saiba mais\">\n\t\t\t<picture>\n\t\t\t\t<source media=\"(max-width: 500px)\" srcset=\"https:\/\/files.sunoresearch.com.br\/n\/uploads\/2023\/03\/400x300-Controle-de-Investimentos.png\">\n\t\t\t\t<img class=\"newsContent__article__imgCapa newsContent__article__imgCapa--banner\"\n\t\t\t\t\tsrc=\"https:\/\/files.sunoresearch.com.br\/n\/uploads\/2023\/03\/1420x240-Controle-de-Investimentos.png\"\n\t\t\t\t\tdata-promo-id=\"75934\"\t\t\t\t\t\t\t\t\t\twidth='1420' height='240'\t\t\t\t\talt=\"https:\/\/files.sunoresearch.com.br\/n\/uploads\/2023\/03\/1420x240-Controle-de-Investimentos.png\"\n\t\t\t\t>\n\t\t\t<\/picture>\n\t\t<\/a>\n\t<\/p>\n\n\n","protected":false},"excerpt":{"rendered":"<p>Com a possibilidade de ser barrado no Supremo Tribunal Federal (STF), o chamado or\u00e7amento secreto teve aprovada hoje no Congresso Nacional uma proposta que trata da transpar\u00eancia nas emendas de relator. Na C\u00e2mara dos Deputados, o texto-base foi aprovado por 328 votos favor\u00e1veis e 66 contr\u00e1rios; no Senado, foram 44 votos favor\u00e1veis e 20 contr\u00e1rios.\u00a0 [&hellip;]<\/p>\n","protected":false},"author":233,"featured_media":336096,"comment_status":"closed","ping_status":"closed","sticky":false,"template":"","format":"standard","meta":[],"categories":[61],"tags":[938,901,1128,1068],"suno_strategy":[],"class_list":["post-336091","post","type-post","status-publish","format-standard","has-post-thumbnail","hentry","category-politica","tag-camara-dos-deputados","tag-congresso-nacional","tag-orcamento-publico","tag-senado-federal"],"yoast_head":"<!-- This site is optimized with the Yoast SEO plugin v24.4 - https:\/\/yoast.com\/wordpress\/plugins\/seo\/ -->\n<title>Or\u00e7amento secreto: Congresso faz altera\u00e7\u00f5es para evitar derrota no STF<\/title>\n<meta name=\"description\" content=\"O Congresso Nacional aprovou hoje a proposta que trata da transpar\u00eancia nas emendas de relator \u2014 o chamado or\u00e7amento secreto. Confira!\" \/>\n<meta name=\"robots\" content=\"index, follow, max-snippet:-1, max-image-preview:large, max-video-preview:-1\" \/>\n<link rel=\"canonical\" href=\"https:\/\/www.suno.com.br\/noticias\/orcamento-secreto-congresso-aprova-alteracoes\/\" \/>\n<meta property=\"og:locale\" content=\"pt_BR\" \/>\n<meta property=\"og:type\" content=\"article\" \/>\n<meta property=\"og:title\" content=\"Or\u00e7amento secreto: Congresso faz altera\u00e7\u00f5es para evitar derrota no STF\" \/>\n<meta property=\"og:description\" content=\"O Congresso Nacional aprovou hoje a proposta que trata da transpar\u00eancia nas emendas de relator \u2014 o chamado or\u00e7amento secreto. Confira!\" \/>\n<meta property=\"og:url\" content=\"https:\/\/www.suno.com.br\/noticias\/orcamento-secreto-congresso-aprova-alteracoes\/\" \/>\n<meta property=\"og:site_name\" content=\"Suno Not\u00edcias\" \/>\n<meta property=\"article:publisher\" content=\"https:\/\/facebook.com\/sunoresearch\" \/>\n<meta property=\"og:image\" content=\"https:\/\/files.sunoresearch.com.br\/n\/uploads\/2022\/12\/arthur-lira-presidente-camara.jpg\" \/>\n\t<meta property=\"og:image:width\" content=\"1200\" \/>\n\t<meta property=\"og:image:height\" content=\"800\" \/>\n\t<meta property=\"og:image:type\" content=\"image\/jpeg\" \/>\n<meta name=\"author\" content=\"Janize Cola\u00e7o\" \/>\n<meta name=\"twitter:card\" content=\"summary_large_image\" \/>\n<meta name=\"twitter:creator\" content=\"@sunoresearch\" \/>\n<meta name=\"twitter:site\" content=\"@sunoresearch\" \/>\n<meta name=\"twitter:label1\" content=\"Escrito por\" \/>\n\t<meta name=\"twitter:data1\" content=\"Janize Cola\u00e7o\" \/>\n\t<meta name=\"twitter:label2\" content=\"Est. tempo de leitura\" \/>\n\t<meta name=\"twitter:data2\" content=\"4 minutos\" \/>\n<script type=\"application\/ld+json\" class=\"yoast-schema-graph\">{\"@context\":\"https:\/\/schema.org\",\"@graph\":[{\"@type\":\"NewsArticle\",\"@id\":\"https:\/\/www.suno.com.br\/noticias\/orcamento-secreto-congresso-aprova-alteracoes\/#article\",\"isPartOf\":{\"@id\":\"https:\/\/www.suno.com.br\/noticias\/orcamento-secreto-congresso-aprova-alteracoes\/\"},\"author\":{\"name\":\"Janize Cola\u00e7o\",\"@id\":\"https:\/\/www.suno.com.br\/noticias\/#\/schema\/person\/d689f06da5678e1f0b1ee402f001d676\"},\"headline\":\"Or\u00e7amento secreto: Congresso aprova altera\u00e7\u00f5es para evitar derrota no STF\",\"datePublished\":\"2022-12-16T20:00:46+00:00\",\"dateModified\":\"2022-12-16T20:35:37+00:00\",\"mainEntityOfPage\":{\"@id\":\"https:\/\/www.suno.com.br\/noticias\/orcamento-secreto-congresso-aprova-alteracoes\/\"},\"wordCount\":765,\"publisher\":{\"@id\":\"https:\/\/www.suno.com.br\/noticias\/#organization\"},\"image\":{\"@id\":\"https:\/\/www.suno.com.br\/noticias\/orcamento-secreto-congresso-aprova-alteracoes\/#primaryimage\"},\"thumbnailUrl\":\"https:\/\/files.sunoresearch.com.br\/n\/uploads\/2022\/12\/arthur-lira-presidente-camara.jpg\",\"keywords\":[\"C\u00e2mara dos Deputados\",\"Congresso Nacional\",\"Or\u00e7amento P\u00fablico\",\"Senado Federal\"],\"articleSection\":[\"Pol\u00edtica\"],\"inLanguage\":\"pt-BR\"},{\"@type\":\"WebPage\",\"@id\":\"https:\/\/www.suno.com.br\/noticias\/orcamento-secreto-congresso-aprova-alteracoes\/\",\"url\":\"https:\/\/www.suno.com.br\/noticias\/orcamento-secreto-congresso-aprova-alteracoes\/\",\"name\":\"Or\u00e7amento secreto: Congresso faz altera\u00e7\u00f5es para evitar derrota no STF\",\"isPartOf\":{\"@id\":\"https:\/\/www.suno.com.br\/noticias\/#website\"},\"primaryImageOfPage\":{\"@id\":\"https:\/\/www.suno.com.br\/noticias\/orcamento-secreto-congresso-aprova-alteracoes\/#primaryimage\"},\"image\":{\"@id\":\"https:\/\/www.suno.com.br\/noticias\/orcamento-secreto-congresso-aprova-alteracoes\/#primaryimage\"},\"thumbnailUrl\":\"https:\/\/files.sunoresearch.com.br\/n\/uploads\/2022\/12\/arthur-lira-presidente-camara.jpg\",\"datePublished\":\"2022-12-16T20:00:46+00:00\",\"dateModified\":\"2022-12-16T20:35:37+00:00\",\"description\":\"O Congresso Nacional aprovou hoje a proposta que trata da transpar\u00eancia nas emendas de relator \u2014 o chamado or\u00e7amento secreto. Confira!\",\"breadcrumb\":{\"@id\":\"https:\/\/www.suno.com.br\/noticias\/orcamento-secreto-congresso-aprova-alteracoes\/#breadcrumb\"},\"inLanguage\":\"pt-BR\",\"potentialAction\":[{\"@type\":\"ReadAction\",\"target\":[\"https:\/\/www.suno.com.br\/noticias\/orcamento-secreto-congresso-aprova-alteracoes\/\"]}]},{\"@type\":\"ImageObject\",\"inLanguage\":\"pt-BR\",\"@id\":\"https:\/\/www.suno.com.br\/noticias\/orcamento-secreto-congresso-aprova-alteracoes\/#primaryimage\",\"url\":\"https:\/\/files.sunoresearch.com.br\/n\/uploads\/2022\/12\/arthur-lira-presidente-camara.jpg\",\"contentUrl\":\"https:\/\/files.sunoresearch.com.br\/n\/uploads\/2022\/12\/arthur-lira-presidente-camara.jpg\",\"width\":1200,\"height\":800,\"caption\":\"Arthur Lira, presidente da C\u00e2mara dos Deputados. Foto: Marcelo Camargo\/Ag\u00eancia Brasil\"},{\"@type\":\"BreadcrumbList\",\"@id\":\"https:\/\/www.suno.com.br\/noticias\/orcamento-secreto-congresso-aprova-alteracoes\/#breadcrumb\",\"itemListElement\":[{\"@type\":\"ListItem\",\"position\":1,\"name\":\"Not\u00edcias\",\"item\":\"https:\/\/www.suno.com.br\/noticias\/\"},{\"@type\":\"ListItem\",\"position\":2,\"name\":\"Pol\u00edtica\",\"item\":\"https:\/\/www.suno.com.br\/noticias\/politica\/\"},{\"@type\":\"ListItem\",\"position\":3,\"name\":\"Or\u00e7amento secreto: Congresso aprova altera\u00e7\u00f5es para evitar derrota no STF\"}]},{\"@type\":\"WebSite\",\"@id\":\"https:\/\/www.suno.com.br\/noticias\/#website\",\"url\":\"https:\/\/www.suno.com.br\/noticias\/\",\"name\":\"Suno Not\u00edcias\",\"description\":\"Seu portal de informa\u00e7\u00e3o sobre o mundo dos investimentos\",\"publisher\":{\"@id\":\"https:\/\/www.suno.com.br\/noticias\/#organization\"},\"potentialAction\":[{\"@type\":\"SearchAction\",\"target\":{\"@type\":\"EntryPoint\",\"urlTemplate\":\"https:\/\/www.suno.com.br\/noticias\/?s={search_term_string}\"},\"query-input\":{\"@type\":\"PropertyValueSpecification\",\"valueRequired\":true,\"valueName\":\"search_term_string\"}}],\"inLanguage\":\"pt-BR\"},{\"@type\":\"Organization\",\"@id\":\"https:\/\/www.suno.com.br\/noticias\/#organization\",\"name\":\"Suno Not\u00edcias\",\"url\":\"https:\/\/www.suno.com.br\/noticias\/\",\"logo\":{\"@type\":\"ImageObject\",\"inLanguage\":\"pt-BR\",\"@id\":\"https:\/\/www.suno.com.br\/noticias\/#\/schema\/logo\/image\/\",\"url\":\"https:\/\/files.sunoresearch.com.br\/n\/uploads\/2021\/09\/suno-logo.png\",\"contentUrl\":\"https:\/\/files.sunoresearch.com.br\/n\/uploads\/2021\/09\/suno-logo.png\",\"width\":180,\"height\":180,\"caption\":\"Suno Not\u00edcias\"},\"image\":{\"@id\":\"https:\/\/www.suno.com.br\/noticias\/#\/schema\/logo\/image\/\"},\"sameAs\":[\"https:\/\/facebook.com\/sunoresearch\",\"https:\/\/x.com\/sunoresearch\",\"https:\/\/www.instagram.com\/suno\",\"https:\/\/www.linkedin.com\/company\/suno-research\/\",\"https:\/\/www.youtube.com\/c\/sunoresearch\"]},{\"@type\":\"Person\",\"@id\":\"https:\/\/www.suno.com.br\/noticias\/#\/schema\/person\/d689f06da5678e1f0b1ee402f001d676\",\"name\":\"Janize Cola\u00e7o\",\"image\":{\"@type\":\"ImageObject\",\"inLanguage\":\"pt-BR\",\"@id\":\"https:\/\/www.suno.com.br\/noticias\/#\/schema\/person\/image\/\",\"url\":\"https:\/\/secure.gravatar.com\/avatar\/32b3bf89abae63ca2cf961bc051522d0?s=96&r=g\",\"contentUrl\":\"https:\/\/secure.gravatar.com\/avatar\/32b3bf89abae63ca2cf961bc051522d0?s=96&r=g\",\"caption\":\"Janize Cola\u00e7o\"},\"description\":\"Jornalista formada pela PUC-SP com passagens pela Record TV, Globo Cond\u00e9 Nast, Revista Panrotas e Editora Via. Hoje, \u00e9 rep\u00f3rter no Suno Not\u00edcias, cobrindo pautas sobre mercado, pol\u00edtica, economia e bolsa de valores.\",\"url\":\"https:\/\/www.suno.com.br\/noticias\/author\/janize-colaco\/\"}]}<\/script>\n<!-- \/ Yoast SEO plugin. -->","yoast_head_json":{"title":"Or\u00e7amento secreto: Congresso faz altera\u00e7\u00f5es para evitar derrota no STF","description":"O Congresso Nacional aprovou hoje a proposta que trata da transpar\u00eancia nas emendas de relator \u2014 o chamado or\u00e7amento secreto. Confira!","robots":{"index":"index","follow":"follow","max-snippet":"max-snippet:-1","max-image-preview":"max-image-preview:large","max-video-preview":"max-video-preview:-1"},"canonical":"https:\/\/www.suno.com.br\/noticias\/orcamento-secreto-congresso-aprova-alteracoes\/","og_locale":"pt_BR","og_type":"article","og_title":"Or\u00e7amento secreto: Congresso faz altera\u00e7\u00f5es para evitar derrota no STF","og_description":"O Congresso Nacional aprovou hoje a proposta que trata da transpar\u00eancia nas emendas de relator \u2014 o chamado or\u00e7amento secreto. Confira!","og_url":"https:\/\/www.suno.com.br\/noticias\/orcamento-secreto-congresso-aprova-alteracoes\/","og_site_name":"Suno Not\u00edcias","article_publisher":"https:\/\/facebook.com\/sunoresearch","og_image":[{"width":1200,"height":800,"url":"https:\/\/files.sunoresearch.com.br\/n\/uploads\/2022\/12\/arthur-lira-presidente-camara.jpg","type":"image\/jpeg"}],"author":"Janize Cola\u00e7o","twitter_card":"summary_large_image","twitter_creator":"@sunoresearch","twitter_site":"@sunoresearch","twitter_misc":{"Escrito por":"Janize Cola\u00e7o","Est. tempo de leitura":"4 minutos"},"schema":{"@context":"https:\/\/schema.org","@graph":[{"@type":"NewsArticle","@id":"https:\/\/www.suno.com.br\/noticias\/orcamento-secreto-congresso-aprova-alteracoes\/#article","isPartOf":{"@id":"https:\/\/www.suno.com.br\/noticias\/orcamento-secreto-congresso-aprova-alteracoes\/"},"author":{"name":"Janize Cola\u00e7o","@id":"https:\/\/www.suno.com.br\/noticias\/#\/schema\/person\/d689f06da5678e1f0b1ee402f001d676"},"headline":"Or\u00e7amento secreto: Congresso aprova altera\u00e7\u00f5es para evitar derrota no STF","datePublished":"2022-12-16T20:00:46+00:00","dateModified":"2022-12-16T20:35:37+00:00","mainEntityOfPage":{"@id":"https:\/\/www.suno.com.br\/noticias\/orcamento-secreto-congresso-aprova-alteracoes\/"},"wordCount":765,"publisher":{"@id":"https:\/\/www.suno.com.br\/noticias\/#organization"},"image":{"@id":"https:\/\/www.suno.com.br\/noticias\/orcamento-secreto-congresso-aprova-alteracoes\/#primaryimage"},"thumbnailUrl":"https:\/\/files.sunoresearch.com.br\/n\/uploads\/2022\/12\/arthur-lira-presidente-camara.jpg","keywords":["C\u00e2mara dos Deputados","Congresso Nacional","Or\u00e7amento P\u00fablico","Senado Federal"],"articleSection":["Pol\u00edtica"],"inLanguage":"pt-BR"},{"@type":"WebPage","@id":"https:\/\/www.suno.com.br\/noticias\/orcamento-secreto-congresso-aprova-alteracoes\/","url":"https:\/\/www.suno.com.br\/noticias\/orcamento-secreto-congresso-aprova-alteracoes\/","name":"Or\u00e7amento secreto: Congresso faz altera\u00e7\u00f5es para evitar derrota no STF","isPartOf":{"@id":"https:\/\/www.suno.com.br\/noticias\/#website"},"primaryImageOfPage":{"@id":"https:\/\/www.suno.com.br\/noticias\/orcamento-secreto-congresso-aprova-alteracoes\/#primaryimage"},"image":{"@id":"https:\/\/www.suno.com.br\/noticias\/orcamento-secreto-congresso-aprova-alteracoes\/#primaryimage"},"thumbnailUrl":"https:\/\/files.sunoresearch.com.br\/n\/uploads\/2022\/12\/arthur-lira-presidente-camara.jpg","datePublished":"2022-12-16T20:00:46+00:00","dateModified":"2022-12-16T20:35:37+00:00","description":"O Congresso Nacional aprovou hoje a proposta que trata da transpar\u00eancia nas emendas de relator \u2014 o chamado or\u00e7amento secreto. Confira!","breadcrumb":{"@id":"https:\/\/www.suno.com.br\/noticias\/orcamento-secreto-congresso-aprova-alteracoes\/#breadcrumb"},"inLanguage":"pt-BR","potentialAction":[{"@type":"ReadAction","target":["https:\/\/www.suno.com.br\/noticias\/orcamento-secreto-congresso-aprova-alteracoes\/"]}]},{"@type":"ImageObject","inLanguage":"pt-BR","@id":"https:\/\/www.suno.com.br\/noticias\/orcamento-secreto-congresso-aprova-alteracoes\/#primaryimage","url":"https:\/\/files.sunoresearch.com.br\/n\/uploads\/2022\/12\/arthur-lira-presidente-camara.jpg","contentUrl":"https:\/\/files.sunoresearch.com.br\/n\/uploads\/2022\/12\/arthur-lira-presidente-camara.jpg","width":1200,"height":800,"caption":"Arthur Lira, presidente da C\u00e2mara dos Deputados. Foto: Marcelo Camargo\/Ag\u00eancia Brasil"},{"@type":"BreadcrumbList","@id":"https:\/\/www.suno.com.br\/noticias\/orcamento-secreto-congresso-aprova-alteracoes\/#breadcrumb","itemListElement":[{"@type":"ListItem","position":1,"name":"Not\u00edcias","item":"https:\/\/www.suno.com.br\/noticias\/"},{"@type":"ListItem","position":2,"name":"Pol\u00edtica","item":"https:\/\/www.suno.com.br\/noticias\/politica\/"},{"@type":"ListItem","position":3,"name":"Or\u00e7amento secreto: Congresso aprova altera\u00e7\u00f5es para evitar derrota no STF"}]},{"@type":"WebSite","@id":"https:\/\/www.suno.com.br\/noticias\/#website","url":"https:\/\/www.suno.com.br\/noticias\/","name":"Suno Not\u00edcias","description":"Seu portal de informa\u00e7\u00e3o sobre o mundo dos investimentos","publisher":{"@id":"https:\/\/www.suno.com.br\/noticias\/#organization"},"potentialAction":[{"@type":"SearchAction","target":{"@type":"EntryPoint","urlTemplate":"https:\/\/www.suno.com.br\/noticias\/?s={search_term_string}"},"query-input":{"@type":"PropertyValueSpecification","valueRequired":true,"valueName":"search_term_string"}}],"inLanguage":"pt-BR"},{"@type":"Organization","@id":"https:\/\/www.suno.com.br\/noticias\/#organization","name":"Suno Not\u00edcias","url":"https:\/\/www.suno.com.br\/noticias\/","logo":{"@type":"ImageObject","inLanguage":"pt-BR","@id":"https:\/\/www.suno.com.br\/noticias\/#\/schema\/logo\/image\/","url":"https:\/\/files.sunoresearch.com.br\/n\/uploads\/2021\/09\/suno-logo.png","contentUrl":"https:\/\/files.sunoresearch.com.br\/n\/uploads\/2021\/09\/suno-logo.png","width":180,"height":180,"caption":"Suno Not\u00edcias"},"image":{"@id":"https:\/\/www.suno.com.br\/noticias\/#\/schema\/logo\/image\/"},"sameAs":["https:\/\/facebook.com\/sunoresearch","https:\/\/x.com\/sunoresearch","https:\/\/www.instagram.com\/suno","https:\/\/www.linkedin.com\/company\/suno-research\/","https:\/\/www.youtube.com\/c\/sunoresearch"]},{"@type":"Person","@id":"https:\/\/www.suno.com.br\/noticias\/#\/schema\/person\/d689f06da5678e1f0b1ee402f001d676","name":"Janize Cola\u00e7o","image":{"@type":"ImageObject","inLanguage":"pt-BR","@id":"https:\/\/www.suno.com.br\/noticias\/#\/schema\/person\/image\/","url":"https:\/\/secure.gravatar.com\/avatar\/32b3bf89abae63ca2cf961bc051522d0?s=96&r=g","contentUrl":"https:\/\/secure.gravatar.com\/avatar\/32b3bf89abae63ca2cf961bc051522d0?s=96&r=g","caption":"Janize Cola\u00e7o"},"description":"Jornalista formada pela PUC-SP com passagens pela Record TV, Globo Cond\u00e9 Nast, Revista Panrotas e Editora Via. Hoje, \u00e9 rep\u00f3rter no Suno Not\u00edcias, cobrindo pautas sobre mercado, pol\u00edtica, economia e bolsa de valores.","url":"https:\/\/www.suno.com.br\/noticias\/author\/janize-colaco\/"}]}},"default_loop_html":"<div class=\"cardsPage__listCard__boxs\"><div class=\"cardsPage__listCard__boxs__img\"><a href=\"https:\/\/www.suno.com.br\/noticias\/orcamento-secreto-congresso-aprova-alteracoes\/\"><img class=\"mask\" src=\"https:\/\/www.suno.com.br\/noticias\/wp-content\/themes\/suno\/resources\/images\/spotlight\/spotlight1img\/bg-mask.png\" alt=\"Image Mask\"\/><img src=\"https:\/\/files.sunoresearch.com.br\/n\/uploads\/2022\/12\/arthur-lira-presidente-camara-400x200.jpg\" alt=\"Or\u00e7amento secreto: Congresso aprova altera\u00e7\u00f5es para evitar derrota no STF\"\/><\/a><span class=\"spotlightCategory\"><a href=\"https:\/\/www.suno.com.br\/noticias\/politica\/\">Pol\u00edtica<\/a><\/span><\/div><div class=\"cardsPage__listCard__boxs__content\"><a href=\"https:\/\/www.suno.com.br\/noticias\/orcamento-secreto-congresso-aprova-alteracoes\/\"><h2 class=\"content__title\">Or\u00e7amento secreto: Congresso aprova altera\u00e7\u00f5es para evitar derrota no STF<\/h2><\/a><div class=\"newsContent__article__meta\"><div class=\"newsContent__article__meta__authorBox\"><a href=\"https:\/\/www.suno.com.br\/noticias\/author\/janize-colaco\/\" class=\"authorBox__avatar noMobi\"><img src=\"https:\/\/files.sunoresearch.com.br\/n\/uploads\/2022\/11\/20221120_111807-1-150x150.jpg\" alt=\"Janize Cola\u00e7o\"><\/a><div class=\"authorBox__name\"><span>por\n\t\t\t<a href=\"https:\/\/www.suno.com.br\/noticias\/author\/janize-colaco\/\"><span itemprop=\"author\">Janize Cola\u00e7o<\/span><\/a><\/span><time datetime=\"2022-12-16T17:00:46-03:00\" itemprop=\"datePublished\">16\/12\/2022 17:00<\/time><\/div><\/div><\/div><\/div><\/div>","single_layout":"posts","amp_enabled":true,"_links":{"self":[{"href":"https:\/\/www.suno.com.br\/noticias\/wp-json\/wp\/v2\/posts\/336091"}],"collection":[{"href":"https:\/\/www.suno.com.br\/noticias\/wp-json\/wp\/v2\/posts"}],"about":[{"href":"https:\/\/www.suno.com.br\/noticias\/wp-json\/wp\/v2\/types\/post"}],"author":[{"embeddable":true,"href":"https:\/\/www.suno.com.br\/noticias\/wp-json\/wp\/v2\/users\/233"}],"replies":[{"embeddable":true,"href":"https:\/\/www.suno.com.br\/noticias\/wp-json\/wp\/v2\/comments?post=336091"}],"version-history":[{"count":2,"href":"https:\/\/www.suno.com.br\/noticias\/wp-json\/wp\/v2\/posts\/336091\/revisions"}],"predecessor-version":[{"id":336149,"href":"https:\/\/www.suno.com.br\/noticias\/wp-json\/wp\/v2\/posts\/336091\/revisions\/336149"}],"wp:featuredmedia":[{"embeddable":true,"href":"https:\/\/www.suno.com.br\/noticias\/wp-json\/wp\/v2\/media\/336096"}],"wp:attachment":[{"href":"https:\/\/www.suno.com.br\/noticias\/wp-json\/wp\/v2\/media?parent=336091"}],"wp:term":[{"taxonomy":"category","embeddable":true,"href":"https:\/\/www.suno.com.br\/noticias\/wp-json\/wp\/v2\/categories?post=336091"},{"taxonomy":"post_tag","embeddable":true,"href":"https:\/\/www.suno.com.br\/noticias\/wp-json\/wp\/v2\/tags?post=336091"},{"taxonomy":"suno_strategy","embeddable":true,"href":"https:\/\/www.suno.com.br\/noticias\/wp-json\/wp\/v2\/suno_strategy?post=336091"}],"curies":[{"name":"wp","href":"https:\/\/api.w.org\/{rel}","templated":true}]}}