{"id":33607,"date":"2019-08-09T17:46:03","date_gmt":"2019-08-09T20:46:03","guid":{"rendered":"https:\/\/www.suno.com.br\/noticias\/?p=33607"},"modified":"2019-08-09T19:18:27","modified_gmt":"2019-08-09T22:18:27","slug":"ibovespa-queda-vale-petrobras-09082019","status":"publish","type":"post","link":"https:\/\/www.suno.com.br\/noticias\/ibovespa-queda-vale-petrobras-09082019\/","title":{"rendered":"Ibovespa encerra em queda de -0,11% com Vale e Petrobras em baixa"},"content":{"rendered":"<p>O Ibovespa encerrou esta sexta-feira (9) em queda de -0,11%, em 103.996,16 pontos. O resultado negativo foi um reflexo das quedas da <strong>Vale<\/strong>, <strong>Petrobras<\/strong>, Ita\u00fa e Bradesco, principais empresas da B3.<\/p>\t<div class=\"wrapper-featured-image\">\n\t\t<figure class=\"spotlightImg\">\n\n\t\t\t<picture>\n\t\t\t\t<source media=\"(max-width: 768px)\" srcset=\"https:\/\/files.sunoresearch.com.br\/n\/uploads\/2019\/04\/1e88003e-ibovespa-400x200.webp\">\n\t\t\t\t<img loading=\"lazy\" decoding=\"async\" class=\"newsContent__article__imgCapa lazyloadDisabled newsContent__article__imgCapa--noCaption\" src=\"https:\/\/files.sunoresearch.com.br\/n\/uploads\/2019\/04\/1e88003e-ibovespa-jpg.webp\" width=\"800\" height=\"450\" alt=\"Ibovespa encerra em queda de -0,11% com Vale e Petrobras em baixa\" fetchpriority=high \/>\n\t\t\t<\/picture>\n\n\t\t\t<figcaption class=\"wp-caption-text wp-caption-text--hide\">\u00cdndices futuros de NY operam em alta \u00e0 espera de uma vacina<\/figcaption>\n\t\t<\/figure>\n\t<\/div>\n\n\n<p>Na abertura do mercado, o <strong>Ibovespa\u00a0<\/strong>registrava baixa de -0,16%, a 103.944,46 pontos. As divulga\u00e7\u00f5es dos resultados do segundo trimestre das empresas continuam movimentando o mercado.<\/p>\n\n<p>Apesar das quedas, tr\u00eas pap\u00e9is do \u00edndice acion\u00e1rio atingiram ganhos de mais de 10% nesta quarta, sendo eles a Qualicorp, B2W e CVC. Al\u00e9m disso, um relat\u00f3rio divulgado pela <a href=\"https:\/\/www.suno.com.br\/artigos\/anbima\/\">Anbima<\/a> indicou que essa \u00e9 a primeira vez que os investimentos no Pa\u00eds atingem R$ 3 trilh\u00f5es.<\/p>\n<h2>Investimentos somam mais de R$ 3 tri no Brasil<\/h2>\n<p>A Associa\u00e7\u00e3o Brasileira das Entidades dos Mercados Financeiro e de Capitais (Anbima) informou que investimentos dos brasileiros ultrapassaram pela primeira vez a marca de R$ 3 trilh\u00f5es no fim de junho deste ano.<\/p>\n<p><a href=\"https:\/\/www.suno.com.br\/noticias\/investimentos-brasileiros-3tri-semestre-2019\/\">Saiba mais: Investimentos de brasileiros ultrapassam R$ 3 tri no 1\u00ba semestre<\/a><\/p>\n<p>Os ricos lideraram essa alta. Os investimentos de alta renda e private banking, grupo que representa 9,33% das contas e 70% do volume total investido, registrou alta de 19,8%, na compara\u00e7\u00e3o com os \u00faltimos tr\u00eas meses de 2018.<\/p>\n<h2>Resultados do 2T19 da CCR<\/h2>\n<p>O grupo CCR, um dos maiores em administra\u00e7\u00e3o de rodovias do Pa\u00eds, obteve lucro l\u00edquido de R$ 347,7 milh\u00f5es entre abril e junho. O aumento percentual foi de 25,1% em compara\u00e7\u00e3o ao mesmo per\u00edodo de 2018.<\/p>\n<p><a href=\"https:\/\/www.suno.com.br\/noticias\/ccr-avanco-25-lucro-segundo-trimestre-2019\/\">Saiba mais: CCR tem avan\u00e7o de 25% no lucro do segundo trimestre de 2019<\/a><\/p>\n<p>O resultado operacional da CCR foi de R$ 1,38 bilh\u00e3o neste trimestre. O resultado foi medido com base no Ebtida ajustado (lucro antes de impostos, juros, deprecia\u00e7\u00e3o e amortiza\u00e7\u00e3o). O avan\u00e7o foi de 28,9% na compara\u00e7\u00e3o ano a ano.<\/p>\n<p>Al\u00e9m disso, os custos da empresa tamb\u00e9m diminu\u00edram em 1,3% ante a mesma etapa de 2018. O valor ficou em R$ 1,7 bilh\u00e3o.<\/p>\n\t<p>\n\t\t<a href=\"https:\/\/lp.suno.com.br\/ao\/cadastro-whatsapp\/?utm_source=sunoresearch&#038;utm_medium=banner.sidebar&#038;utm_campaign=_SNC1787C4C9_\" target=\"_blank\" data-element=\"shortcode-suno-banner\" title=\"Banner SUNO, clique e saiba mais\">\n\t\t\t<picture>\n\t\t\t\t<source media=\"(max-width: 500px)\" srcset=\"https:\/\/files.sunoresearch.com.br\/n\/uploads\/2024\/09\/wpp-suno.png\">\n\t\t\t\t<img class=\"newsContent__article__imgCapa newsContent__article__imgCapa--banner\"\n\t\t\t\t\tsrc=\"https:\/\/files.sunoresearch.com.br\/n\/uploads\/2024\/09\/wpp-suno.png\"\n\t\t\t\t\tdata-promo-id=\"574195\"\t\t\t\t\t\t\t\t\t\twidth='360' height='98'\t\t\t\t\talt=\"https:\/\/files.sunoresearch.com.br\/n\/uploads\/2024\/09\/wpp-suno.png\"\n\t\t\t\t>\n\t\t\t<\/picture>\n\t\t<\/a>\n\t<\/p>\n\n\n<p>No entanto, nem a alta das a\u00e7\u00f5es de uma empresa t\u00e3o significativa quanto a CCR foi suficiente para manter o Ibovespa em alta. Os pap\u00e9is da CCR (CCRO3) estavam negociando em alta de 0,85%, a R$ 14,45, por volta das 17h40.<\/p>\n<h2>BRF volta a registrar lucro<\/h2>\n<p>Ap\u00f3s seis trimestre consecutivos com preju\u00edzos, a BRF divulgou um lucro l\u00edquido de R$ 191 milh\u00f5es no 2\u00ba trimestre. Contudo, os resultados positivos da companhia tamb\u00e9m n\u00e3o foram suficientes para elevar o \u00edndice acion\u00e1rio.<\/p>\n<p><a href=\"https:\/\/www.suno.com.br\/noticias\/brf-apresenta-lucro-ibovespa\/\">Saiba mais: BRF volta a apresentar lucro ap\u00f3s seis trimestres<\/a><\/p>\n<p>A receita l\u00edquida da BRF exibiu o montante de R$ 8,338 bilh\u00f5es no segundo trimestre, alta de 18%. A companhia encerrou o trimestre com uma alavancagem l\u00edquida de 3,74 vezes, frente a 5,69 vezes de um ano atr\u00e1s.<\/p>\n<p>As a\u00e7\u00f5es da BRF (BRFS3) subiam 5,07%, por volta das 17h40. Os pap\u00e9is eram negociados a R$ 15,45.<\/p>\n<h2>Maiores altas<\/h2>\n<ul>\n<li>QUAL3 \/ R$ 29,99 \/ +36,22%<\/li>\n<li>BTOW3 \/ R$ 44,05 \/ +17,75%<\/li>\n<li>CVCB3 \/ R$ 56,33 \/ +8,75%<\/li>\n<li>LAME4 \/ R$ 19,08 \/ +6,00%<\/li>\n<li>BRFS3 \/ R$ 38,16 \/ +5,07%<\/li>\n<\/ul>\n<h2>Maiores quedas<\/h2>\n<ul>\n<li>MRVE3 \/ R$ 21,37 \/ -5,61%<\/li>\n<li>VALE3 \/ R$ 45,48 \/ -3,60%<\/li>\n<li>CYRE3 \/ R$ 25,38 \/ -2,68%<\/li>\n<li>USIM5 \/ R$ 8,11 \/ -2,29%<\/li>\n<li>BRAP4 \/ R$ 29,03 \/ -2,22%<\/li>\n<\/ul>\n<h2>\u00daltima cota\u00e7\u00e3o do Ibovespa<\/h2>\n<p>Na \u00faltima sess\u00e3o, na quinta-feira (8), o <a href=\"https:\/\/www.suno.com.br\/artigos\/ibovespa\/\">Ibovespa<\/a> encerrou em alta de 1,3%\u00a0 chegando a 104.115,227 pontos.<\/p>\n","protected":false},"excerpt":{"rendered":"<p>O Ibovespa encerrou esta sexta-feira (9) em queda de -0,11%, em 103.996,16 pontos. O resultado negativo foi um reflexo das quedas da Vale, Petrobras, Ita\u00fa e Bradesco, principais empresas da B3. \u00cdndices futuros de NY operam em alta \u00e0 espera de uma vacina Na abertura do mercado, o Ibovespa\u00a0registrava baixa de -0,16%, a 103.944,46 pontos. [&hellip;]<\/p>\n","protected":false},"author":18,"featured_media":20657,"comment_status":"closed","ping_status":"closed","sticky":false,"template":"","format":"standard","meta":[],"categories":[60],"tags":[397,407,721,595,676],"suno_strategy":[],"class_list":["post-33607","post","type-post","status-publish","format-standard","has-post-thumbnail","hentry","category-mercado","tag-brf-brfs3","tag-ccr-ccro3","tag-ibovespa","tag-petrobras-petr4","tag-vale-vale3"],"yoast_head":"<!-- This site is optimized with the Yoast SEO plugin v24.4 - https:\/\/yoast.com\/wordpress\/plugins\/seo\/ -->\n<title>Ibovespa encerra em queda de -0,11% com Vale e Petrobras em baixa<\/title>\n<meta name=\"description\" content=\"O Ibovespa encerrou esta sexta-feira (9) em queda de -0,11%, em 103.996,16 pontos no fechamento do mercado. Clique para saber mais.\" \/>\n<meta name=\"robots\" content=\"index, follow, max-snippet:-1, max-image-preview:large, max-video-preview:-1\" \/>\n<link rel=\"canonical\" href=\"https:\/\/www.suno.com.br\/noticias\/ibovespa-queda-vale-petrobras-09082019\/\" \/>\n<meta property=\"og:locale\" content=\"pt_BR\" \/>\n<meta property=\"og:type\" content=\"article\" \/>\n<meta property=\"og:title\" content=\"Ibovespa encerra em queda de -0,11% com Vale e Petrobras em baixa\" \/>\n<meta property=\"og:description\" content=\"O Ibovespa encerrou esta sexta-feira (9) em queda de -0,11%, em 103.996,16 pontos no fechamento do mercado. Clique para saber mais.\" \/>\n<meta property=\"og:url\" content=\"https:\/\/www.suno.com.br\/noticias\/ibovespa-queda-vale-petrobras-09082019\/\" \/>\n<meta property=\"og:site_name\" content=\"Suno Not\u00edcias\" \/>\n<meta property=\"article:publisher\" content=\"https:\/\/facebook.com\/sunoresearch\" \/>\n<meta property=\"og:image\" content=\"https:\/\/files.sunoresearch.com.br\/n\/uploads\/2019\/04\/1e88003e-ibovespa.jpg\" \/>\n\t<meta property=\"og:image:width\" content=\"1100\" \/>\n\t<meta property=\"og:image:height\" content=\"370\" \/>\n\t<meta property=\"og:image:type\" content=\"image\/jpeg\" \/>\n<meta name=\"author\" content=\"Giovanna Oliveira\" \/>\n<meta name=\"twitter:card\" content=\"summary_large_image\" \/>\n<meta name=\"twitter:creator\" content=\"@sunoresearch\" \/>\n<meta name=\"twitter:site\" content=\"@sunoresearch\" \/>\n<meta name=\"twitter:label1\" content=\"Escrito por\" \/>\n\t<meta name=\"twitter:data1\" content=\"Giovanna Oliveira\" \/>\n\t<meta name=\"twitter:label2\" content=\"Est. tempo de leitura\" \/>\n\t<meta name=\"twitter:data2\" content=\"3 minutos\" \/>\n<script type=\"application\/ld+json\" class=\"yoast-schema-graph\">{\"@context\":\"https:\/\/schema.org\",\"@graph\":[{\"@type\":\"NewsArticle\",\"@id\":\"https:\/\/www.suno.com.br\/noticias\/ibovespa-queda-vale-petrobras-09082019\/#article\",\"isPartOf\":{\"@id\":\"https:\/\/www.suno.com.br\/noticias\/ibovespa-queda-vale-petrobras-09082019\/\"},\"author\":{\"name\":\"Giovanna Oliveira\",\"@id\":\"https:\/\/www.suno.com.br\/noticias\/#\/schema\/person\/4e19e3d2575736e5283d58eb3199d120\"},\"headline\":\"Ibovespa encerra em queda de -0,11% com Vale e Petrobras em baixa\",\"datePublished\":\"2019-08-09T20:46:03+00:00\",\"dateModified\":\"2019-08-09T22:18:27+00:00\",\"mainEntityOfPage\":{\"@id\":\"https:\/\/www.suno.com.br\/noticias\/ibovespa-queda-vale-petrobras-09082019\/\"},\"wordCount\":536,\"publisher\":{\"@id\":\"https:\/\/www.suno.com.br\/noticias\/#organization\"},\"image\":{\"@id\":\"https:\/\/www.suno.com.br\/noticias\/ibovespa-queda-vale-petrobras-09082019\/#primaryimage\"},\"thumbnailUrl\":\"https:\/\/files.sunoresearch.com.br\/n\/uploads\/2019\/04\/1e88003e-ibovespa-jpg.webp\",\"keywords\":[\"BRF (BRFS3)\",\"CCR (CCRO3)\",\"Ibovespa\",\"Petrobras (PETR4)\",\"Vale (VALE3)\"],\"articleSection\":[\"Mercado\"],\"inLanguage\":\"pt-BR\"},{\"@type\":\"WebPage\",\"@id\":\"https:\/\/www.suno.com.br\/noticias\/ibovespa-queda-vale-petrobras-09082019\/\",\"url\":\"https:\/\/www.suno.com.br\/noticias\/ibovespa-queda-vale-petrobras-09082019\/\",\"name\":\"Ibovespa encerra em queda de -0,11% com Vale e Petrobras em baixa\",\"isPartOf\":{\"@id\":\"https:\/\/www.suno.com.br\/noticias\/#website\"},\"primaryImageOfPage\":{\"@id\":\"https:\/\/www.suno.com.br\/noticias\/ibovespa-queda-vale-petrobras-09082019\/#primaryimage\"},\"image\":{\"@id\":\"https:\/\/www.suno.com.br\/noticias\/ibovespa-queda-vale-petrobras-09082019\/#primaryimage\"},\"thumbnailUrl\":\"https:\/\/files.sunoresearch.com.br\/n\/uploads\/2019\/04\/1e88003e-ibovespa-jpg.webp\",\"datePublished\":\"2019-08-09T20:46:03+00:00\",\"dateModified\":\"2019-08-09T22:18:27+00:00\",\"description\":\"O Ibovespa encerrou esta sexta-feira (9) em queda de -0,11%, em 103.996,16 pontos no fechamento do mercado. Clique para saber mais.\",\"breadcrumb\":{\"@id\":\"https:\/\/www.suno.com.br\/noticias\/ibovespa-queda-vale-petrobras-09082019\/#breadcrumb\"},\"inLanguage\":\"pt-BR\",\"potentialAction\":[{\"@type\":\"ReadAction\",\"target\":[\"https:\/\/www.suno.com.br\/noticias\/ibovespa-queda-vale-petrobras-09082019\/\"]}]},{\"@type\":\"ImageObject\",\"inLanguage\":\"pt-BR\",\"@id\":\"https:\/\/www.suno.com.br\/noticias\/ibovespa-queda-vale-petrobras-09082019\/#primaryimage\",\"url\":\"https:\/\/files.sunoresearch.com.br\/n\/uploads\/2019\/04\/1e88003e-ibovespa-jpg.webp\",\"contentUrl\":\"https:\/\/files.sunoresearch.com.br\/n\/uploads\/2019\/04\/1e88003e-ibovespa-jpg.webp\",\"width\":1100,\"height\":370,\"caption\":\"\u00cdndices futuros de NY operam em alta \u00e0 espera de uma vacina\"},{\"@type\":\"BreadcrumbList\",\"@id\":\"https:\/\/www.suno.com.br\/noticias\/ibovespa-queda-vale-petrobras-09082019\/#breadcrumb\",\"itemListElement\":[{\"@type\":\"ListItem\",\"position\":1,\"name\":\"Not\u00edcias\",\"item\":\"https:\/\/www.suno.com.br\/noticias\/\"},{\"@type\":\"ListItem\",\"position\":2,\"name\":\"Mercado\",\"item\":\"https:\/\/www.suno.com.br\/noticias\/mercado\/\"},{\"@type\":\"ListItem\",\"position\":3,\"name\":\"Ibovespa encerra em queda de -0,11% com Vale e Petrobras em baixa\"}]},{\"@type\":\"WebSite\",\"@id\":\"https:\/\/www.suno.com.br\/noticias\/#website\",\"url\":\"https:\/\/www.suno.com.br\/noticias\/\",\"name\":\"Suno Not\u00edcias\",\"description\":\"Seu portal de informa\u00e7\u00e3o sobre o mundo dos investimentos\",\"publisher\":{\"@id\":\"https:\/\/www.suno.com.br\/noticias\/#organization\"},\"potentialAction\":[{\"@type\":\"SearchAction\",\"target\":{\"@type\":\"EntryPoint\",\"urlTemplate\":\"https:\/\/www.suno.com.br\/noticias\/?s={search_term_string}\"},\"query-input\":{\"@type\":\"PropertyValueSpecification\",\"valueRequired\":true,\"valueName\":\"search_term_string\"}}],\"inLanguage\":\"pt-BR\"},{\"@type\":\"Organization\",\"@id\":\"https:\/\/www.suno.com.br\/noticias\/#organization\",\"name\":\"Suno Not\u00edcias\",\"url\":\"https:\/\/www.suno.com.br\/noticias\/\",\"logo\":{\"@type\":\"ImageObject\",\"inLanguage\":\"pt-BR\",\"@id\":\"https:\/\/www.suno.com.br\/noticias\/#\/schema\/logo\/image\/\",\"url\":\"https:\/\/files.sunoresearch.com.br\/n\/uploads\/2021\/09\/suno-logo.png\",\"contentUrl\":\"https:\/\/files.sunoresearch.com.br\/n\/uploads\/2021\/09\/suno-logo.png\",\"width\":180,\"height\":180,\"caption\":\"Suno Not\u00edcias\"},\"image\":{\"@id\":\"https:\/\/www.suno.com.br\/noticias\/#\/schema\/logo\/image\/\"},\"sameAs\":[\"https:\/\/facebook.com\/sunoresearch\",\"https:\/\/x.com\/sunoresearch\",\"https:\/\/www.instagram.com\/suno\",\"https:\/\/www.linkedin.com\/company\/suno-research\/\",\"https:\/\/www.youtube.com\/c\/sunoresearch\"]},{\"@type\":\"Person\",\"@id\":\"https:\/\/www.suno.com.br\/noticias\/#\/schema\/person\/4e19e3d2575736e5283d58eb3199d120\",\"name\":\"Giovanna Oliveira\",\"image\":{\"@type\":\"ImageObject\",\"inLanguage\":\"pt-BR\",\"@id\":\"https:\/\/www.suno.com.br\/noticias\/#\/schema\/person\/image\/\",\"url\":\"https:\/\/secure.gravatar.com\/avatar\/9a37b3ae208962ac568992d0ffdbc2eb?s=96&r=g\",\"contentUrl\":\"https:\/\/secure.gravatar.com\/avatar\/9a37b3ae208962ac568992d0ffdbc2eb?s=96&r=g\",\"caption\":\"Giovanna Oliveira\"},\"description\":\"Giovanna Oliveira escreve sobre economia e pol\u00edtica. Foi rep\u00f3rter do portal de jornalismo da ESPM-SP e produziu conte\u00fado para a Corinthians TV. \u00c9 estudante da ESPM.\",\"url\":\"https:\/\/www.suno.com.br\/noticias\/author\/giovanna\/\"}]}<\/script>\n<!-- \/ Yoast SEO plugin. -->","yoast_head_json":{"title":"Ibovespa encerra em queda de -0,11% com Vale e Petrobras em baixa","description":"O Ibovespa encerrou esta sexta-feira (9) em queda de -0,11%, em 103.996,16 pontos no fechamento do mercado. Clique para saber mais.","robots":{"index":"index","follow":"follow","max-snippet":"max-snippet:-1","max-image-preview":"max-image-preview:large","max-video-preview":"max-video-preview:-1"},"canonical":"https:\/\/www.suno.com.br\/noticias\/ibovespa-queda-vale-petrobras-09082019\/","og_locale":"pt_BR","og_type":"article","og_title":"Ibovespa encerra em queda de -0,11% com Vale e Petrobras em baixa","og_description":"O Ibovespa encerrou esta sexta-feira (9) em queda de -0,11%, em 103.996,16 pontos no fechamento do mercado. Clique para saber mais.","og_url":"https:\/\/www.suno.com.br\/noticias\/ibovespa-queda-vale-petrobras-09082019\/","og_site_name":"Suno Not\u00edcias","article_publisher":"https:\/\/facebook.com\/sunoresearch","og_image":[{"width":1100,"height":370,"url":"https:\/\/files.sunoresearch.com.br\/n\/uploads\/2019\/04\/1e88003e-ibovespa.jpg","type":"image\/jpeg"}],"author":"Giovanna Oliveira","twitter_card":"summary_large_image","twitter_creator":"@sunoresearch","twitter_site":"@sunoresearch","twitter_misc":{"Escrito por":"Giovanna Oliveira","Est. tempo de leitura":"3 minutos"},"schema":{"@context":"https:\/\/schema.org","@graph":[{"@type":"NewsArticle","@id":"https:\/\/www.suno.com.br\/noticias\/ibovespa-queda-vale-petrobras-09082019\/#article","isPartOf":{"@id":"https:\/\/www.suno.com.br\/noticias\/ibovespa-queda-vale-petrobras-09082019\/"},"author":{"name":"Giovanna Oliveira","@id":"https:\/\/www.suno.com.br\/noticias\/#\/schema\/person\/4e19e3d2575736e5283d58eb3199d120"},"headline":"Ibovespa encerra em queda de -0,11% com Vale e Petrobras em baixa","datePublished":"2019-08-09T20:46:03+00:00","dateModified":"2019-08-09T22:18:27+00:00","mainEntityOfPage":{"@id":"https:\/\/www.suno.com.br\/noticias\/ibovespa-queda-vale-petrobras-09082019\/"},"wordCount":536,"publisher":{"@id":"https:\/\/www.suno.com.br\/noticias\/#organization"},"image":{"@id":"https:\/\/www.suno.com.br\/noticias\/ibovespa-queda-vale-petrobras-09082019\/#primaryimage"},"thumbnailUrl":"https:\/\/files.sunoresearch.com.br\/n\/uploads\/2019\/04\/1e88003e-ibovespa-jpg.webp","keywords":["BRF (BRFS3)","CCR (CCRO3)","Ibovespa","Petrobras (PETR4)","Vale (VALE3)"],"articleSection":["Mercado"],"inLanguage":"pt-BR"},{"@type":"WebPage","@id":"https:\/\/www.suno.com.br\/noticias\/ibovespa-queda-vale-petrobras-09082019\/","url":"https:\/\/www.suno.com.br\/noticias\/ibovespa-queda-vale-petrobras-09082019\/","name":"Ibovespa encerra em queda de -0,11% com Vale e Petrobras em baixa","isPartOf":{"@id":"https:\/\/www.suno.com.br\/noticias\/#website"},"primaryImageOfPage":{"@id":"https:\/\/www.suno.com.br\/noticias\/ibovespa-queda-vale-petrobras-09082019\/#primaryimage"},"image":{"@id":"https:\/\/www.suno.com.br\/noticias\/ibovespa-queda-vale-petrobras-09082019\/#primaryimage"},"thumbnailUrl":"https:\/\/files.sunoresearch.com.br\/n\/uploads\/2019\/04\/1e88003e-ibovespa-jpg.webp","datePublished":"2019-08-09T20:46:03+00:00","dateModified":"2019-08-09T22:18:27+00:00","description":"O Ibovespa encerrou esta sexta-feira (9) em queda de -0,11%, em 103.996,16 pontos no fechamento do mercado. Clique para saber mais.","breadcrumb":{"@id":"https:\/\/www.suno.com.br\/noticias\/ibovespa-queda-vale-petrobras-09082019\/#breadcrumb"},"inLanguage":"pt-BR","potentialAction":[{"@type":"ReadAction","target":["https:\/\/www.suno.com.br\/noticias\/ibovespa-queda-vale-petrobras-09082019\/"]}]},{"@type":"ImageObject","inLanguage":"pt-BR","@id":"https:\/\/www.suno.com.br\/noticias\/ibovespa-queda-vale-petrobras-09082019\/#primaryimage","url":"https:\/\/files.sunoresearch.com.br\/n\/uploads\/2019\/04\/1e88003e-ibovespa-jpg.webp","contentUrl":"https:\/\/files.sunoresearch.com.br\/n\/uploads\/2019\/04\/1e88003e-ibovespa-jpg.webp","width":1100,"height":370,"caption":"\u00cdndices futuros de NY operam em alta \u00e0 espera de uma vacina"},{"@type":"BreadcrumbList","@id":"https:\/\/www.suno.com.br\/noticias\/ibovespa-queda-vale-petrobras-09082019\/#breadcrumb","itemListElement":[{"@type":"ListItem","position":1,"name":"Not\u00edcias","item":"https:\/\/www.suno.com.br\/noticias\/"},{"@type":"ListItem","position":2,"name":"Mercado","item":"https:\/\/www.suno.com.br\/noticias\/mercado\/"},{"@type":"ListItem","position":3,"name":"Ibovespa encerra em queda de -0,11% com Vale e Petrobras em baixa"}]},{"@type":"WebSite","@id":"https:\/\/www.suno.com.br\/noticias\/#website","url":"https:\/\/www.suno.com.br\/noticias\/","name":"Suno Not\u00edcias","description":"Seu portal de informa\u00e7\u00e3o sobre o mundo dos investimentos","publisher":{"@id":"https:\/\/www.suno.com.br\/noticias\/#organization"},"potentialAction":[{"@type":"SearchAction","target":{"@type":"EntryPoint","urlTemplate":"https:\/\/www.suno.com.br\/noticias\/?s={search_term_string}"},"query-input":{"@type":"PropertyValueSpecification","valueRequired":true,"valueName":"search_term_string"}}],"inLanguage":"pt-BR"},{"@type":"Organization","@id":"https:\/\/www.suno.com.br\/noticias\/#organization","name":"Suno Not\u00edcias","url":"https:\/\/www.suno.com.br\/noticias\/","logo":{"@type":"ImageObject","inLanguage":"pt-BR","@id":"https:\/\/www.suno.com.br\/noticias\/#\/schema\/logo\/image\/","url":"https:\/\/files.sunoresearch.com.br\/n\/uploads\/2021\/09\/suno-logo.png","contentUrl":"https:\/\/files.sunoresearch.com.br\/n\/uploads\/2021\/09\/suno-logo.png","width":180,"height":180,"caption":"Suno Not\u00edcias"},"image":{"@id":"https:\/\/www.suno.com.br\/noticias\/#\/schema\/logo\/image\/"},"sameAs":["https:\/\/facebook.com\/sunoresearch","https:\/\/x.com\/sunoresearch","https:\/\/www.instagram.com\/suno","https:\/\/www.linkedin.com\/company\/suno-research\/","https:\/\/www.youtube.com\/c\/sunoresearch"]},{"@type":"Person","@id":"https:\/\/www.suno.com.br\/noticias\/#\/schema\/person\/4e19e3d2575736e5283d58eb3199d120","name":"Giovanna Oliveira","image":{"@type":"ImageObject","inLanguage":"pt-BR","@id":"https:\/\/www.suno.com.br\/noticias\/#\/schema\/person\/image\/","url":"https:\/\/secure.gravatar.com\/avatar\/9a37b3ae208962ac568992d0ffdbc2eb?s=96&r=g","contentUrl":"https:\/\/secure.gravatar.com\/avatar\/9a37b3ae208962ac568992d0ffdbc2eb?s=96&r=g","caption":"Giovanna Oliveira"},"description":"Giovanna Oliveira escreve sobre economia e pol\u00edtica. Foi rep\u00f3rter do portal de jornalismo da ESPM-SP e produziu conte\u00fado para a Corinthians TV. \u00c9 estudante da ESPM.","url":"https:\/\/www.suno.com.br\/noticias\/author\/giovanna\/"}]}},"default_loop_html":"<div class=\"cardsPage__listCard__boxs\"><div class=\"cardsPage__listCard__boxs__img\"><a href=\"https:\/\/www.suno.com.br\/noticias\/ibovespa-queda-vale-petrobras-09082019\/\"><img class=\"mask\" src=\"https:\/\/www.suno.com.br\/noticias\/wp-content\/themes\/suno\/resources\/images\/spotlight\/spotlight1img\/bg-mask.png\" alt=\"Image Mask\"\/><img src=\"https:\/\/files.sunoresearch.com.br\/n\/uploads\/2019\/04\/1e88003e-ibovespa-400x200.webp\" alt=\"Ibovespa encerra em queda de -0,11% com Vale e Petrobras em baixa\"\/><\/a><span class=\"spotlightCategory\"><a href=\"https:\/\/www.suno.com.br\/noticias\/mercado\/\">Mercado<\/a><\/span><\/div><div class=\"cardsPage__listCard__boxs__content\"><a href=\"https:\/\/www.suno.com.br\/noticias\/ibovespa-queda-vale-petrobras-09082019\/\"><h2 class=\"content__title\">Ibovespa encerra em queda de -0,11% com Vale e Petrobras em baixa<\/h2><\/a><div class=\"newsContent__article__meta\"><div class=\"newsContent__article__meta__authorBox\"><a href=\"https:\/\/www.suno.com.br\/noticias\/author\/giovanna\/\" class=\"authorBox__avatar noMobi\"><img src=\"https:\/\/files.sunoresearch.com.br\/n\/uploads\/2019\/06\/952a89ca-screenshot_20190608-171507-150x150.webp\" alt=\"Giovanna Oliveira\"><\/a><div class=\"authorBox__name\"><span>por\n\t\t\t<a href=\"https:\/\/www.suno.com.br\/noticias\/author\/giovanna\/\"><span itemprop=\"author\">Giovanna Oliveira<\/span><\/a><\/span><time datetime=\"2019-08-09T17:46:03-03:00\" itemprop=\"datePublished\">09\/08\/2019 17:46<\/time><\/div><\/div><\/div><\/div><\/div>","single_layout":"posts","amp_enabled":true,"_links":{"self":[{"href":"https:\/\/www.suno.com.br\/noticias\/wp-json\/wp\/v2\/posts\/33607"}],"collection":[{"href":"https:\/\/www.suno.com.br\/noticias\/wp-json\/wp\/v2\/posts"}],"about":[{"href":"https:\/\/www.suno.com.br\/noticias\/wp-json\/wp\/v2\/types\/post"}],"author":[{"embeddable":true,"href":"https:\/\/www.suno.com.br\/noticias\/wp-json\/wp\/v2\/users\/18"}],"replies":[{"embeddable":true,"href":"https:\/\/www.suno.com.br\/noticias\/wp-json\/wp\/v2\/comments?post=33607"}],"version-history":[{"count":0,"href":"https:\/\/www.suno.com.br\/noticias\/wp-json\/wp\/v2\/posts\/33607\/revisions"}],"wp:featuredmedia":[{"embeddable":true,"href":"https:\/\/www.suno.com.br\/noticias\/wp-json\/wp\/v2\/media\/20657"}],"wp:attachment":[{"href":"https:\/\/www.suno.com.br\/noticias\/wp-json\/wp\/v2\/media?parent=33607"}],"wp:term":[{"taxonomy":"category","embeddable":true,"href":"https:\/\/www.suno.com.br\/noticias\/wp-json\/wp\/v2\/categories?post=33607"},{"taxonomy":"post_tag","embeddable":true,"href":"https:\/\/www.suno.com.br\/noticias\/wp-json\/wp\/v2\/tags?post=33607"},{"taxonomy":"suno_strategy","embeddable":true,"href":"https:\/\/www.suno.com.br\/noticias\/wp-json\/wp\/v2\/suno_strategy?post=33607"}],"curies":[{"name":"wp","href":"https:\/\/api.w.org\/{rel}","templated":true}]}}