{"id":33606,"date":"2019-08-09T18:00:16","date_gmt":"2019-08-09T21:00:16","guid":{"rendered":"https:\/\/www.suno.com.br\/noticias\/?p=33606"},"modified":"2019-08-09T18:00:16","modified_gmt":"2019-08-09T21:00:16","slug":"alemanha-registra-queda-exportacoes-2019","status":"publish","type":"post","link":"https:\/\/www.suno.com.br\/noticias\/alemanha-registra-queda-exportacoes-2019\/","title":{"rendered":"Alemanha registra forte queda nas exporta\u00e7\u00f5es em junho de 2019"},"content":{"rendered":"<p>As <strong>exporta\u00e7\u00f5es<\/strong> da Alemanha tiveram queda de 8,0% em junho de 2019 em compara\u00e7\u00e3o com o mesmo per\u00edodo do ano passado. Os dados foram divulgados nesta sexta-feira (9) pela Ag\u00eancia Federal de Estat\u00edsticas Alem\u00e3 (Destatis).<\/p>\t<div class=\"wrapper-featured-image\">\n\t\t<figure class=\"spotlightImg\">\n\n\t\t\t<picture>\n\t\t\t\t<source media=\"(max-width: 768px)\" srcset=\"https:\/\/files.sunoresearch.com.br\/n\/uploads\/2019\/08\/5b7e7299-bandeira-da-alemanha-d_nq_np_21613-mlb20214756717_122014-f-400x200.webp\">\n\t\t\t\t<img loading=\"lazy\" decoding=\"async\" class=\"newsContent__article__imgCapa lazyloadDisabled newsContent__article__imgCapa--noCaption\" src=\"https:\/\/files.sunoresearch.com.br\/n\/uploads\/2019\/08\/5b7e7299-bandeira-da-alemanha-d_nq_np_21613-mlb20214756717_122014-f-jpg.webp\" width=\"800\" height=\"450\" alt=\"Alemanha registra forte queda nas exporta\u00e7\u00f5es em junho de 2019\" fetchpriority=high \/>\n\t\t\t<\/picture>\n\n\t\t\t<figcaption class=\"wp-caption-text wp-caption-text--hide\">Alemanha<\/figcaption>\n\t\t<\/figure>\n\t<\/div>\n\n\n\n<p>O resultado negativo \u00e9 mais um ind\u00edcio de como a baixa <strong>demanda externa<\/strong> est\u00e1 afetando o dinamismo da economia da <strong>Alemanha<\/strong>. A queda, com efeitos de calend\u00e1rio e ajuste sazonal foi de 0,1%, chegando a 106,1 bilh\u00f5es de euros (cerca de R$ 470 bilh\u00f5es).<\/p>\n<p>Segundo a Destatis, foi registrada uma alta de 0,5% nas importa\u00e7\u00f5es em compara\u00e7\u00e3o com maio, tendo um valor de 89,3 bilh\u00f5es de euros.<\/p>\n<p>O super\u00e1vit comercial ajustado da primeira economia da Europa foi de 18,1 bilh\u00f5es de euros. Sem ajuste sazonal esse valor chegaria a 16,8 bilh\u00f5es de euros em junho. Em conta corrente, o super\u00e1vit totalizou 20,6 bilh\u00f5es de euros no mesmo m\u00eas.<\/p>\n<h2>Produ\u00e7\u00e3o industrial da Alemanha em forte queda<\/h2>\n<p>A <strong>produ\u00e7\u00e3o industrial<\/strong> da Alemanha registrou uma queda de 1,5% em junho, em compara\u00e7\u00e3o com o m\u00eas de maio. A contra\u00e7\u00e3o foi maior do que a prevista pelos analistas, que indicavam uma redu\u00e7\u00e3o de 0,4%. Esse resultado negativo teria sido consequ\u00eancia da fraqueza na produ\u00e7\u00e3o de bens de capital e intermedi\u00e1rios.<\/p>\n<p>Em compara\u00e7\u00e3o com junho de 2018, a queda da produ\u00e7\u00e3o industrial foi de 5,2%. De maio para junho, a ind\u00fastria de transforma\u00e7\u00e3o registrou uma contra\u00e7\u00e3o de 1,8%. Por sua vez, o setor das constru\u00e7\u00f5es avan\u00e7ou 0,3%.<\/p>\n<p>&#8220;A queda cont\u00ednua na produ\u00e7\u00e3o \u00e9 assustadora&#8221;, disse o economista do Bankhaus Lampe, Alexander Krueger, para a ag\u00eancia Reuters. Segundo Krueger, a recess\u00e3o no setor industrial deve permanecer devido \u00e0 intensifica\u00e7\u00e3o da <strong>guerra comercial<\/strong> entre China e Estados Unidos. Ambos os pa\u00edses s\u00e3o mercados importantes de exporta\u00e7\u00e3o para as empresas alem\u00e3s.<\/p>\n<p><a href=\"https:\/\/www.suno.com.br\/noticias\/entenda-guerra-comercial-eua-china-brasil\/\">Saiba mais : Entenda a guerra comercial entre EUA \u2013 China em 5 pontos<\/a><\/p>\n<p>Entre os fatores que tamb\u00e9m n\u00e3o fornecem um cen\u00e1rio positivo para o futuro est\u00e3o as encomendas industriais baixas, a combina\u00e7\u00e3o entre estoques elevados e poucos pedidos imediatos.<\/p>\n<p>Al\u00e9m disso, pesaram tamb\u00e9m os temores devidos a sa\u00edda do Reino Unido da <a href=\"https:\/\/www.suno.com.br\/artigos\/uniao-europeia\/\"><strong>Uni\u00e3o Europeia (UE)<\/strong><\/a>, o chamado <strong>Brexit.<\/strong> Assim como as mudan\u00e7as estruturais em andamento no setor automotivo, um dos pilares da economia alem\u00e3.<\/p>\n\t<p>\n\t\t<a href=\"https:\/\/lp.suno.com.br\/plataforma-de-controle-de-investimentos\/\" target=\"_blank\" data-element=\"shortcode-suno-banner\" title=\"Banner SUNO, clique e saiba mais\">\n\t\t\t<picture>\n\t\t\t\t<source media=\"(max-width: 500px)\" srcset=\"https:\/\/files.sunoresearch.com.br\/n\/uploads\/2023\/03\/400x300-Controle-de-Investimentos.png\">\n\t\t\t\t<img class=\"newsContent__article__imgCapa newsContent__article__imgCapa--banner\"\n\t\t\t\t\tsrc=\"https:\/\/files.sunoresearch.com.br\/n\/uploads\/2023\/03\/1420x240-Controle-de-Investimentos.png\"\n\t\t\t\t\tdata-promo-id=\"383162\"\t\t\t\t\t\t\t\t\t\twidth='1420' height='240'\t\t\t\t\talt=\"https:\/\/files.sunoresearch.com.br\/n\/uploads\/2023\/03\/1420x240-Controle-de-Investimentos.png\"\n\t\t\t\t>\n\t\t\t<\/picture>\n\t\t<\/a>\n\t<\/p>\n\n\n<p>A produ\u00e7\u00e3o industrial da <strong>Alemanha<\/strong> caiu 1,8% no segundo trimestre em rela\u00e7\u00e3o aos tr\u00eas meses anteriores. Segundo o Minist\u00e9rio da Economia de Berlim, as fortes perdas na produ\u00e7\u00e3o de metais, autom\u00f3veis e maquin\u00e1rio, s\u00e3o as principais causas dessa queda.<\/p>\n","protected":false},"excerpt":{"rendered":"<p>As exporta\u00e7\u00f5es da Alemanha tiveram queda de 8,0% em junho de 2019 em compara\u00e7\u00e3o com o mesmo per\u00edodo do ano passado. Os dados foram divulgados nesta sexta-feira (9) pela Ag\u00eancia Federal de Estat\u00edsticas Alem\u00e3 (Destatis). Alemanha O resultado negativo \u00e9 mais um ind\u00edcio de como a baixa demanda externa est\u00e1 afetando o dinamismo da economia [&hellip;]<\/p>\n","protected":false},"author":23,"featured_media":33611,"comment_status":"closed","ping_status":"closed","sticky":false,"template":"","format":"standard","meta":[],"categories":[63],"tags":[856,980,820],"suno_strategy":[],"class_list":["post-33606","post","type-post","status-publish","format-standard","has-post-thumbnail","hentry","category-internacional","tag-alemanha","tag-guerra-comercial","tag-producao-industrial"],"yoast_head":"<!-- This site is optimized with the Yoast SEO plugin v24.4 - https:\/\/yoast.com\/wordpress\/plugins\/seo\/ -->\n<title>Alemanha registra forte queda nas exporta\u00e7\u00f5es em junho de 2019<\/title>\n<meta name=\"description\" content=\"As exporta\u00e7\u00f5es da Alemanha tiveram queda de 8,0% em compara\u00e7\u00e3o com o mesmo per\u00edodo do ano passado. Clique aqui para saber mais.\" \/>\n<meta name=\"robots\" content=\"index, follow, max-snippet:-1, max-image-preview:large, max-video-preview:-1\" \/>\n<link rel=\"canonical\" href=\"https:\/\/www.suno.com.br\/noticias\/alemanha-registra-queda-exportacoes-2019\/\" \/>\n<meta property=\"og:locale\" content=\"pt_BR\" \/>\n<meta property=\"og:type\" content=\"article\" \/>\n<meta property=\"og:title\" content=\"Alemanha registra forte queda nas exporta\u00e7\u00f5es em junho de 2019\" \/>\n<meta property=\"og:description\" content=\"As exporta\u00e7\u00f5es da Alemanha tiveram queda de 8,0% em compara\u00e7\u00e3o com o mesmo per\u00edodo do ano passado. Clique aqui para saber mais.\" \/>\n<meta property=\"og:url\" content=\"https:\/\/www.suno.com.br\/noticias\/alemanha-registra-queda-exportacoes-2019\/\" \/>\n<meta property=\"og:site_name\" content=\"Suno Not\u00edcias\" \/>\n<meta property=\"article:publisher\" content=\"https:\/\/facebook.com\/sunoresearch\" \/>\n<meta property=\"og:image\" content=\"https:\/\/files.sunoresearch.com.br\/n\/uploads\/2019\/08\/5b7e7299-bandeira-da-alemanha-d_nq_np_21613-mlb20214756717_122014-f.jpg\" \/>\n\t<meta property=\"og:image:width\" content=\"500\" \/>\n\t<meta property=\"og:image:height\" content=\"333\" \/>\n\t<meta property=\"og:image:type\" content=\"image\/jpeg\" \/>\n<meta name=\"author\" content=\"Rafael Lara\" \/>\n<meta name=\"twitter:card\" content=\"summary_large_image\" \/>\n<meta name=\"twitter:creator\" content=\"@sunoresearch\" \/>\n<meta name=\"twitter:site\" content=\"@sunoresearch\" \/>\n<meta name=\"twitter:label1\" content=\"Escrito por\" \/>\n\t<meta name=\"twitter:data1\" content=\"Rafael Lara\" \/>\n\t<meta name=\"twitter:label2\" content=\"Est. tempo de leitura\" \/>\n\t<meta name=\"twitter:data2\" content=\"2 minutos\" \/>\n<script type=\"application\/ld+json\" class=\"yoast-schema-graph\">{\"@context\":\"https:\/\/schema.org\",\"@graph\":[{\"@type\":\"NewsArticle\",\"@id\":\"https:\/\/www.suno.com.br\/noticias\/alemanha-registra-queda-exportacoes-2019\/#article\",\"isPartOf\":{\"@id\":\"https:\/\/www.suno.com.br\/noticias\/alemanha-registra-queda-exportacoes-2019\/\"},\"author\":{\"name\":\"Rafael Lara\",\"@id\":\"https:\/\/www.suno.com.br\/noticias\/#\/schema\/person\/098743caeed97b37f51315c9576c4078\"},\"headline\":\"Alemanha registra forte queda nas exporta\u00e7\u00f5es em junho de 2019\",\"datePublished\":\"2019-08-09T21:00:16+00:00\",\"mainEntityOfPage\":{\"@id\":\"https:\/\/www.suno.com.br\/noticias\/alemanha-registra-queda-exportacoes-2019\/\"},\"wordCount\":455,\"publisher\":{\"@id\":\"https:\/\/www.suno.com.br\/noticias\/#organization\"},\"image\":{\"@id\":\"https:\/\/www.suno.com.br\/noticias\/alemanha-registra-queda-exportacoes-2019\/#primaryimage\"},\"thumbnailUrl\":\"https:\/\/files.sunoresearch.com.br\/n\/uploads\/2019\/08\/5b7e7299-bandeira-da-alemanha-d_nq_np_21613-mlb20214756717_122014-f-jpg.webp\",\"keywords\":[\"Alemanha\",\"guerra comercial\",\"produ\u00e7\u00e3o industrial\"],\"articleSection\":[\"Internacional\"],\"inLanguage\":\"pt-BR\"},{\"@type\":\"WebPage\",\"@id\":\"https:\/\/www.suno.com.br\/noticias\/alemanha-registra-queda-exportacoes-2019\/\",\"url\":\"https:\/\/www.suno.com.br\/noticias\/alemanha-registra-queda-exportacoes-2019\/\",\"name\":\"Alemanha registra forte queda nas exporta\u00e7\u00f5es em junho de 2019\",\"isPartOf\":{\"@id\":\"https:\/\/www.suno.com.br\/noticias\/#website\"},\"primaryImageOfPage\":{\"@id\":\"https:\/\/www.suno.com.br\/noticias\/alemanha-registra-queda-exportacoes-2019\/#primaryimage\"},\"image\":{\"@id\":\"https:\/\/www.suno.com.br\/noticias\/alemanha-registra-queda-exportacoes-2019\/#primaryimage\"},\"thumbnailUrl\":\"https:\/\/files.sunoresearch.com.br\/n\/uploads\/2019\/08\/5b7e7299-bandeira-da-alemanha-d_nq_np_21613-mlb20214756717_122014-f-jpg.webp\",\"datePublished\":\"2019-08-09T21:00:16+00:00\",\"description\":\"As exporta\u00e7\u00f5es da Alemanha tiveram queda de 8,0% em compara\u00e7\u00e3o com o mesmo per\u00edodo do ano passado. Clique aqui para saber mais.\",\"breadcrumb\":{\"@id\":\"https:\/\/www.suno.com.br\/noticias\/alemanha-registra-queda-exportacoes-2019\/#breadcrumb\"},\"inLanguage\":\"pt-BR\",\"potentialAction\":[{\"@type\":\"ReadAction\",\"target\":[\"https:\/\/www.suno.com.br\/noticias\/alemanha-registra-queda-exportacoes-2019\/\"]}]},{\"@type\":\"ImageObject\",\"inLanguage\":\"pt-BR\",\"@id\":\"https:\/\/www.suno.com.br\/noticias\/alemanha-registra-queda-exportacoes-2019\/#primaryimage\",\"url\":\"https:\/\/files.sunoresearch.com.br\/n\/uploads\/2019\/08\/5b7e7299-bandeira-da-alemanha-d_nq_np_21613-mlb20214756717_122014-f-jpg.webp\",\"contentUrl\":\"https:\/\/files.sunoresearch.com.br\/n\/uploads\/2019\/08\/5b7e7299-bandeira-da-alemanha-d_nq_np_21613-mlb20214756717_122014-f-jpg.webp\",\"width\":500,\"height\":333,\"caption\":\"Alemanha\"},{\"@type\":\"BreadcrumbList\",\"@id\":\"https:\/\/www.suno.com.br\/noticias\/alemanha-registra-queda-exportacoes-2019\/#breadcrumb\",\"itemListElement\":[{\"@type\":\"ListItem\",\"position\":1,\"name\":\"Not\u00edcias\",\"item\":\"https:\/\/www.suno.com.br\/noticias\/\"},{\"@type\":\"ListItem\",\"position\":2,\"name\":\"Internacional\",\"item\":\"https:\/\/www.suno.com.br\/noticias\/internacional\/\"},{\"@type\":\"ListItem\",\"position\":3,\"name\":\"Alemanha registra forte queda nas exporta\u00e7\u00f5es em junho de 2019\"}]},{\"@type\":\"WebSite\",\"@id\":\"https:\/\/www.suno.com.br\/noticias\/#website\",\"url\":\"https:\/\/www.suno.com.br\/noticias\/\",\"name\":\"Suno Not\u00edcias\",\"description\":\"Seu portal de informa\u00e7\u00e3o sobre o mundo dos investimentos\",\"publisher\":{\"@id\":\"https:\/\/www.suno.com.br\/noticias\/#organization\"},\"potentialAction\":[{\"@type\":\"SearchAction\",\"target\":{\"@type\":\"EntryPoint\",\"urlTemplate\":\"https:\/\/www.suno.com.br\/noticias\/?s={search_term_string}\"},\"query-input\":{\"@type\":\"PropertyValueSpecification\",\"valueRequired\":true,\"valueName\":\"search_term_string\"}}],\"inLanguage\":\"pt-BR\"},{\"@type\":\"Organization\",\"@id\":\"https:\/\/www.suno.com.br\/noticias\/#organization\",\"name\":\"Suno Not\u00edcias\",\"url\":\"https:\/\/www.suno.com.br\/noticias\/\",\"logo\":{\"@type\":\"ImageObject\",\"inLanguage\":\"pt-BR\",\"@id\":\"https:\/\/www.suno.com.br\/noticias\/#\/schema\/logo\/image\/\",\"url\":\"https:\/\/files.sunoresearch.com.br\/n\/uploads\/2021\/09\/suno-logo.png\",\"contentUrl\":\"https:\/\/files.sunoresearch.com.br\/n\/uploads\/2021\/09\/suno-logo.png\",\"width\":180,\"height\":180,\"caption\":\"Suno Not\u00edcias\"},\"image\":{\"@id\":\"https:\/\/www.suno.com.br\/noticias\/#\/schema\/logo\/image\/\"},\"sameAs\":[\"https:\/\/facebook.com\/sunoresearch\",\"https:\/\/x.com\/sunoresearch\",\"https:\/\/www.instagram.com\/suno\",\"https:\/\/www.linkedin.com\/company\/suno-research\/\",\"https:\/\/www.youtube.com\/c\/sunoresearch\"]},{\"@type\":\"Person\",\"@id\":\"https:\/\/www.suno.com.br\/noticias\/#\/schema\/person\/098743caeed97b37f51315c9576c4078\",\"name\":\"Rafael Lara\",\"image\":{\"@type\":\"ImageObject\",\"inLanguage\":\"pt-BR\",\"@id\":\"https:\/\/www.suno.com.br\/noticias\/#\/schema\/person\/image\/\",\"url\":\"https:\/\/secure.gravatar.com\/avatar\/dfc254ab9bb2ea1895d98b9e9dae4bdd?s=96&r=g\",\"contentUrl\":\"https:\/\/secure.gravatar.com\/avatar\/dfc254ab9bb2ea1895d98b9e9dae4bdd?s=96&r=g\",\"caption\":\"Rafael Lara\"},\"description\":\"Rafael Lara cursa jornalismo na Faculdade C\u00e1sper L\u00edbero. Escreve sobre pol\u00edtica, economia e neg\u00f3cios para o portal Suno Not\u00edcias. Antes, colaborou na TV Gazeta na produ\u00e7\u00e3o do programa Edi\u00e7\u00e3o Extra.\",\"url\":\"https:\/\/www.suno.com.br\/noticias\/author\/rafael\/\"}]}<\/script>\n<!-- \/ Yoast SEO plugin. -->","yoast_head_json":{"title":"Alemanha registra forte queda nas exporta\u00e7\u00f5es em junho de 2019","description":"As exporta\u00e7\u00f5es da Alemanha tiveram queda de 8,0% em compara\u00e7\u00e3o com o mesmo per\u00edodo do ano passado. Clique aqui para saber mais.","robots":{"index":"index","follow":"follow","max-snippet":"max-snippet:-1","max-image-preview":"max-image-preview:large","max-video-preview":"max-video-preview:-1"},"canonical":"https:\/\/www.suno.com.br\/noticias\/alemanha-registra-queda-exportacoes-2019\/","og_locale":"pt_BR","og_type":"article","og_title":"Alemanha registra forte queda nas exporta\u00e7\u00f5es em junho de 2019","og_description":"As exporta\u00e7\u00f5es da Alemanha tiveram queda de 8,0% em compara\u00e7\u00e3o com o mesmo per\u00edodo do ano passado. Clique aqui para saber mais.","og_url":"https:\/\/www.suno.com.br\/noticias\/alemanha-registra-queda-exportacoes-2019\/","og_site_name":"Suno Not\u00edcias","article_publisher":"https:\/\/facebook.com\/sunoresearch","og_image":[{"width":500,"height":333,"url":"https:\/\/files.sunoresearch.com.br\/n\/uploads\/2019\/08\/5b7e7299-bandeira-da-alemanha-d_nq_np_21613-mlb20214756717_122014-f.jpg","type":"image\/jpeg"}],"author":"Rafael Lara","twitter_card":"summary_large_image","twitter_creator":"@sunoresearch","twitter_site":"@sunoresearch","twitter_misc":{"Escrito por":"Rafael Lara","Est. tempo de leitura":"2 minutos"},"schema":{"@context":"https:\/\/schema.org","@graph":[{"@type":"NewsArticle","@id":"https:\/\/www.suno.com.br\/noticias\/alemanha-registra-queda-exportacoes-2019\/#article","isPartOf":{"@id":"https:\/\/www.suno.com.br\/noticias\/alemanha-registra-queda-exportacoes-2019\/"},"author":{"name":"Rafael Lara","@id":"https:\/\/www.suno.com.br\/noticias\/#\/schema\/person\/098743caeed97b37f51315c9576c4078"},"headline":"Alemanha registra forte queda nas exporta\u00e7\u00f5es em junho de 2019","datePublished":"2019-08-09T21:00:16+00:00","mainEntityOfPage":{"@id":"https:\/\/www.suno.com.br\/noticias\/alemanha-registra-queda-exportacoes-2019\/"},"wordCount":455,"publisher":{"@id":"https:\/\/www.suno.com.br\/noticias\/#organization"},"image":{"@id":"https:\/\/www.suno.com.br\/noticias\/alemanha-registra-queda-exportacoes-2019\/#primaryimage"},"thumbnailUrl":"https:\/\/files.sunoresearch.com.br\/n\/uploads\/2019\/08\/5b7e7299-bandeira-da-alemanha-d_nq_np_21613-mlb20214756717_122014-f-jpg.webp","keywords":["Alemanha","guerra comercial","produ\u00e7\u00e3o industrial"],"articleSection":["Internacional"],"inLanguage":"pt-BR"},{"@type":"WebPage","@id":"https:\/\/www.suno.com.br\/noticias\/alemanha-registra-queda-exportacoes-2019\/","url":"https:\/\/www.suno.com.br\/noticias\/alemanha-registra-queda-exportacoes-2019\/","name":"Alemanha registra forte queda nas exporta\u00e7\u00f5es em junho de 2019","isPartOf":{"@id":"https:\/\/www.suno.com.br\/noticias\/#website"},"primaryImageOfPage":{"@id":"https:\/\/www.suno.com.br\/noticias\/alemanha-registra-queda-exportacoes-2019\/#primaryimage"},"image":{"@id":"https:\/\/www.suno.com.br\/noticias\/alemanha-registra-queda-exportacoes-2019\/#primaryimage"},"thumbnailUrl":"https:\/\/files.sunoresearch.com.br\/n\/uploads\/2019\/08\/5b7e7299-bandeira-da-alemanha-d_nq_np_21613-mlb20214756717_122014-f-jpg.webp","datePublished":"2019-08-09T21:00:16+00:00","description":"As exporta\u00e7\u00f5es da Alemanha tiveram queda de 8,0% em compara\u00e7\u00e3o com o mesmo per\u00edodo do ano passado. Clique aqui para saber mais.","breadcrumb":{"@id":"https:\/\/www.suno.com.br\/noticias\/alemanha-registra-queda-exportacoes-2019\/#breadcrumb"},"inLanguage":"pt-BR","potentialAction":[{"@type":"ReadAction","target":["https:\/\/www.suno.com.br\/noticias\/alemanha-registra-queda-exportacoes-2019\/"]}]},{"@type":"ImageObject","inLanguage":"pt-BR","@id":"https:\/\/www.suno.com.br\/noticias\/alemanha-registra-queda-exportacoes-2019\/#primaryimage","url":"https:\/\/files.sunoresearch.com.br\/n\/uploads\/2019\/08\/5b7e7299-bandeira-da-alemanha-d_nq_np_21613-mlb20214756717_122014-f-jpg.webp","contentUrl":"https:\/\/files.sunoresearch.com.br\/n\/uploads\/2019\/08\/5b7e7299-bandeira-da-alemanha-d_nq_np_21613-mlb20214756717_122014-f-jpg.webp","width":500,"height":333,"caption":"Alemanha"},{"@type":"BreadcrumbList","@id":"https:\/\/www.suno.com.br\/noticias\/alemanha-registra-queda-exportacoes-2019\/#breadcrumb","itemListElement":[{"@type":"ListItem","position":1,"name":"Not\u00edcias","item":"https:\/\/www.suno.com.br\/noticias\/"},{"@type":"ListItem","position":2,"name":"Internacional","item":"https:\/\/www.suno.com.br\/noticias\/internacional\/"},{"@type":"ListItem","position":3,"name":"Alemanha registra forte queda nas exporta\u00e7\u00f5es em junho de 2019"}]},{"@type":"WebSite","@id":"https:\/\/www.suno.com.br\/noticias\/#website","url":"https:\/\/www.suno.com.br\/noticias\/","name":"Suno Not\u00edcias","description":"Seu portal de informa\u00e7\u00e3o sobre o mundo dos investimentos","publisher":{"@id":"https:\/\/www.suno.com.br\/noticias\/#organization"},"potentialAction":[{"@type":"SearchAction","target":{"@type":"EntryPoint","urlTemplate":"https:\/\/www.suno.com.br\/noticias\/?s={search_term_string}"},"query-input":{"@type":"PropertyValueSpecification","valueRequired":true,"valueName":"search_term_string"}}],"inLanguage":"pt-BR"},{"@type":"Organization","@id":"https:\/\/www.suno.com.br\/noticias\/#organization","name":"Suno Not\u00edcias","url":"https:\/\/www.suno.com.br\/noticias\/","logo":{"@type":"ImageObject","inLanguage":"pt-BR","@id":"https:\/\/www.suno.com.br\/noticias\/#\/schema\/logo\/image\/","url":"https:\/\/files.sunoresearch.com.br\/n\/uploads\/2021\/09\/suno-logo.png","contentUrl":"https:\/\/files.sunoresearch.com.br\/n\/uploads\/2021\/09\/suno-logo.png","width":180,"height":180,"caption":"Suno Not\u00edcias"},"image":{"@id":"https:\/\/www.suno.com.br\/noticias\/#\/schema\/logo\/image\/"},"sameAs":["https:\/\/facebook.com\/sunoresearch","https:\/\/x.com\/sunoresearch","https:\/\/www.instagram.com\/suno","https:\/\/www.linkedin.com\/company\/suno-research\/","https:\/\/www.youtube.com\/c\/sunoresearch"]},{"@type":"Person","@id":"https:\/\/www.suno.com.br\/noticias\/#\/schema\/person\/098743caeed97b37f51315c9576c4078","name":"Rafael Lara","image":{"@type":"ImageObject","inLanguage":"pt-BR","@id":"https:\/\/www.suno.com.br\/noticias\/#\/schema\/person\/image\/","url":"https:\/\/secure.gravatar.com\/avatar\/dfc254ab9bb2ea1895d98b9e9dae4bdd?s=96&r=g","contentUrl":"https:\/\/secure.gravatar.com\/avatar\/dfc254ab9bb2ea1895d98b9e9dae4bdd?s=96&r=g","caption":"Rafael Lara"},"description":"Rafael Lara cursa jornalismo na Faculdade C\u00e1sper L\u00edbero. Escreve sobre pol\u00edtica, economia e neg\u00f3cios para o portal Suno Not\u00edcias. Antes, colaborou na TV Gazeta na produ\u00e7\u00e3o do programa Edi\u00e7\u00e3o Extra.","url":"https:\/\/www.suno.com.br\/noticias\/author\/rafael\/"}]}},"default_loop_html":"<div class=\"cardsPage__listCard__boxs\"><div class=\"cardsPage__listCard__boxs__img\"><a href=\"https:\/\/www.suno.com.br\/noticias\/alemanha-registra-queda-exportacoes-2019\/\"><img class=\"mask\" src=\"https:\/\/www.suno.com.br\/noticias\/wp-content\/themes\/suno\/resources\/images\/spotlight\/spotlight1img\/bg-mask.png\" alt=\"Image Mask\"\/><img src=\"https:\/\/files.sunoresearch.com.br\/n\/uploads\/2019\/08\/5b7e7299-bandeira-da-alemanha-d_nq_np_21613-mlb20214756717_122014-f-400x200.webp\" alt=\"Alemanha registra forte queda nas exporta\u00e7\u00f5es em junho de 2019\"\/><\/a><span class=\"spotlightCategory\"><a href=\"https:\/\/www.suno.com.br\/noticias\/internacional\/\">Internacional<\/a><\/span><\/div><div class=\"cardsPage__listCard__boxs__content\"><a href=\"https:\/\/www.suno.com.br\/noticias\/alemanha-registra-queda-exportacoes-2019\/\"><h2 class=\"content__title\">Alemanha registra forte queda nas exporta\u00e7\u00f5es em junho de 2019<\/h2><\/a><div class=\"newsContent__article__meta\"><div class=\"newsContent__article__meta__authorBox\"><a href=\"https:\/\/www.suno.com.br\/noticias\/author\/rafael\/\" class=\"authorBox__avatar noMobi\"><img src=\"https:\/\/secure.gravatar.com\/avatar\/dfc254ab9bb2ea1895d98b9e9dae4bdd?s=96&#038;r=g\" alt=\"Rafael Lara\"><\/a><div class=\"authorBox__name\"><span>por\n\t\t\t<a href=\"https:\/\/www.suno.com.br\/noticias\/author\/rafael\/\"><span itemprop=\"author\">Rafael Lara<\/span><\/a><\/span><time datetime=\"2019-08-09T18:00:16-03:00\" itemprop=\"datePublished\">09\/08\/2019 18:00<\/time><\/div><\/div><\/div><\/div><\/div>","single_layout":"posts","amp_enabled":true,"_links":{"self":[{"href":"https:\/\/www.suno.com.br\/noticias\/wp-json\/wp\/v2\/posts\/33606"}],"collection":[{"href":"https:\/\/www.suno.com.br\/noticias\/wp-json\/wp\/v2\/posts"}],"about":[{"href":"https:\/\/www.suno.com.br\/noticias\/wp-json\/wp\/v2\/types\/post"}],"author":[{"embeddable":true,"href":"https:\/\/www.suno.com.br\/noticias\/wp-json\/wp\/v2\/users\/23"}],"replies":[{"embeddable":true,"href":"https:\/\/www.suno.com.br\/noticias\/wp-json\/wp\/v2\/comments?post=33606"}],"version-history":[{"count":0,"href":"https:\/\/www.suno.com.br\/noticias\/wp-json\/wp\/v2\/posts\/33606\/revisions"}],"wp:featuredmedia":[{"embeddable":true,"href":"https:\/\/www.suno.com.br\/noticias\/wp-json\/wp\/v2\/media\/33611"}],"wp:attachment":[{"href":"https:\/\/www.suno.com.br\/noticias\/wp-json\/wp\/v2\/media?parent=33606"}],"wp:term":[{"taxonomy":"category","embeddable":true,"href":"https:\/\/www.suno.com.br\/noticias\/wp-json\/wp\/v2\/categories?post=33606"},{"taxonomy":"post_tag","embeddable":true,"href":"https:\/\/www.suno.com.br\/noticias\/wp-json\/wp\/v2\/tags?post=33606"},{"taxonomy":"suno_strategy","embeddable":true,"href":"https:\/\/www.suno.com.br\/noticias\/wp-json\/wp\/v2\/suno_strategy?post=33606"}],"curies":[{"name":"wp","href":"https:\/\/api.w.org\/{rel}","templated":true}]}}