{"id":335823,"date":"2022-12-16T13:18:13","date_gmt":"2022-12-16T16:18:13","guid":{"rendered":"https:\/\/www.suno.com.br\/noticias\/?p=335823"},"modified":"2022-12-16T13:32:51","modified_gmt":"2022-12-16T16:32:51","slug":"magazine-luiza-mglu3-rebaixamento-vilao","status":"publish","type":"post","link":"https:\/\/www.suno.com.br\/noticias\/magazine-luiza-mglu3-rebaixamento-vilao\/","title":{"rendered":"Magazine Luiza (MGLU3) \u00e9 rebaixada por causa do vil\u00e3o econ\u00f4mico de 2023; a\u00e7\u00f5es caem"},"content":{"rendered":"<p>As a\u00e7\u00f5es do <strong>Magazine Luiza (<a href=\"https:\/\/suno.com.br\/acoes\/mglu3\/\" target=\"_blank\" rel=\"noreferrer noopener\">MGLU3<\/a>)<\/strong> foram rebaixadas pelo BB Investimentos de compra para neutra. Segundo relat\u00f3rio divulgado nesta sexta (16), a decis\u00e3o foi tomada por causa do cen\u00e1rio macroecon\u00f4mico e, em especial, pela previs\u00e3o de que o vil\u00e3o das taxas de juros seguir\u00e1 elevado no pr\u00f3ximo ano.<\/p>\t<div class=\"wrapper-featured-image\">\n\t\t<figure class=\"spotlightImg\">\n\n\t\t\t<picture>\n\t\t\t\t<source media=\"(max-width: 768px)\" srcset=\"https:\/\/files.sunoresearch.com.br\/n\/uploads\/2022\/12\/magazine-luiza-mglu3-influenciadora-lu-magalu-foto-youtube-400x200.jpg\">\n\t\t\t\t<img loading=\"lazy\" decoding=\"async\" class=\"newsContent__article__imgCapa lazyloadDisabled \" src=\"https:\/\/files.sunoresearch.com.br\/n\/uploads\/2022\/12\/magazine-luiza-mglu3-influenciadora-lu-magalu-foto-youtube-800x450.jpg\" width=\"800\" height=\"450\" alt=\"Magazine Luiza (MGLU3) \u00e9 rebaixada por causa do vil\u00e3o econ\u00f4mico de 2023; a\u00e7\u00f5es caem\" fetchpriority=high \/>\n\t\t\t<\/picture>\n\n\t\t\t<figcaption class=\"wp-caption-text wp-caption-text--show\">Influenciadora digital Lu, do Magazine Luiza (MGLU3). Foto: Youtube<\/figcaption>\n\t\t<\/figure>\n\t<\/div>\n\n\n\n\n\n\t<p>\n\t\t<a href=\"\" target=\"_blank\" data-element=\"shortcode-suno-banner\" title=\"Banner SUNO, clique e saiba mais\">\n\t\t\t<picture>\n\t\t\t\t<source media=\"(max-width: 500px)\" srcset=\"\">\n\t\t\t\t<img class=\"newsContent__article__imgCapa newsContent__article__imgCapa--banner\"\n\t\t\t\t\tsrc=\"\"\n\t\t\t\t\tdata-promo-id=\"250704\"\t\t\t\t\t\t\t\t\t\t\t\t\t\t\talt=\"\"\n\t\t\t\t>\n\t\t\t<\/picture>\n\t\t<\/a>\n\t<\/p>\n\n\n\n\n\n<p>Para a analista do BB-BI Georgia Jorge, o <strong>papel da Magazine Luiza<\/strong> segue como o preferido do banco no <strong>setor do<\/strong> <strong>varejo<\/strong> porque \u00e9 quem &#8220;vem se mostrando mais resiliente diante dos percal\u00e7os macroecon\u00f4micos com melhor execu\u00e7\u00e3o do seu plano estrat\u00e9gico&#8221;.<\/p>\n\n\n\n<p>Mesmo assim, ao atualizar o estudo com os resultados do terceiro trimestre de 2022 e com as proje\u00e7\u00f5es macroecon\u00f4micas, o novo pre\u00e7o-alvo das <strong>a\u00e7\u00f5es do Magazine Luiza<\/strong> para o final de 2023 ficou em R$ 3,50. Antes, era de R$ 5,60.<\/p>\n\n\n\n<blockquote class=\"wp-block-quote is-layout-flow wp-block-quote-is-layout-flow\">\n<p>At\u00e9 o in\u00edcio das discuss\u00f5es em \u00e2mbito fiscal, nossas perspectivas para o setor eram positivas. Contudo, as revis\u00f5es das estimativas do mercado aumentando a perman\u00eancia da taxa de juros brasileira em patamar elevado para contrabalancear as discuss\u00f5es fiscais prejudicam o valuation das companhias [do varejo].<\/p>\n<\/blockquote>\n\n\n\n<p>Esse vil\u00e3o tamb\u00e9m foi apontado pelo Ita\u00fa BBA como um dos desafios da <a href=\"https:\/\/www.suno.com.br\/noticias\/magazine-luiza-mglu3-planos-2023\/\" target=\"_blank\" rel=\"noreferrer noopener\"><strong>varejista da fam\u00edlia Trajano<\/strong><\/a> em 2023. Para os analistas do banco, as <strong>a\u00e7\u00f5es do Magalu<\/strong> s\u00e3o classificadas como <em>market perform<\/em> (equivalente  a recomenda\u00e7\u00e3o neutra).<\/p>\n\n\n\n<p>&#8220;As incertezas macro criam um cen\u00e1rio de demanda ainda desafiador, mas vemos o Magazine Luiza bem posicionado&#8221;, ressaltaram os analistas do BBA Thiago Macruz, Maria Clara Infantozzi e Gabriela Moraes. Para eles, o ideal \u00e9 esperar um melhor ponto de entrada para os <strong>pap\u00e9is do Magazine Luiza<\/strong>. <\/p>\n\n\n\n<p>As condi\u00e7\u00f5es macroecon\u00f4micas negativas, impulsionadas por <strong>altas taxas de juros<\/strong>, redu\u00e7\u00e3o do poder de compra e baixa confian\u00e7a do consumidor, tiveram um impacto negativo nas categorias de bens dur\u00e1veis. Al\u00e9m disso, o desempenho mais fraco do e-commerce neste ano contribuiu para resultados menores nos \u00faltimos meses.<\/p>\n\n\n\n<p>Contudo, em 2023, o BBA projeta um crescimento do<strong> e-commerce<\/strong> brasileiro em 14%, e o Magalu pode aumentar sua fatia de mercado deste setor para 18%, justamente por j\u00e1 estar bem posicionado entre os consumidores locais.<\/p>\n\n\n\n<p>Neste caso, os analistas trabalham com o pre\u00e7o-alvo da a\u00e7\u00e3o em 2023 de R$ 3,2, o que mostra um potencial de valoriza\u00e7\u00e3o de 23%.<\/p>\n\n\n\t<p>\n\t\t<a href=\"https:\/\/lp.suno.com.br\/planilha-controle-gastos\/\" target=\"_blank\" data-element=\"shortcode-suno-banner\" title=\"Banner SUNO, clique e saiba mais\">\n\t\t\t<picture>\n\t\t\t\t<source media=\"(max-width: 500px)\" srcset=\"https:\/\/files.sunoresearch.com.br\/n\/uploads\/2023\/03\/400x300-Planilha-controle-de-gastos.png\">\n\t\t\t\t<img class=\"newsContent__article__imgCapa newsContent__article__imgCapa--banner\"\n\t\t\t\t\tsrc=\"https:\/\/files.sunoresearch.com.br\/n\/uploads\/2023\/03\/1420x240-Planilha-controle-de-gastos.png\"\n\t\t\t\t\tdata-promo-id=\"101751\"\t\t\t\t\t\t\t\t\t\twidth='1420' height='240'\t\t\t\t\talt=\"https:\/\/files.sunoresearch.com.br\/n\/uploads\/2023\/03\/1420x240-Planilha-controle-de-gastos.png\"\n\t\t\t\t>\n\t\t\t<\/picture>\n\t\t<\/a>\n\t<\/p>\n\n\n\n\n\n<h2 class=\"wp-block-heading\" id=\"h-alem-do-magazine-luiza-bb-bi-analisa-americanas-amer3-e-via-viia3\">Al\u00e9m do Magazine Luiza: BB-BI analisa Americanas (AMER3) e Via (VIIA3)<\/h2>\n\n\n\n<p>O relat\u00f3rio do BB-BI tamb\u00e9m analisou a <strong>Americanas (<a href=\"https:\/\/suno.com.br\/acoes\/amer3\/\" target=\"_blank\" rel=\"noreferrer noopener\">AMER3<\/a><\/strong>) e a <strong>Via (<a href=\"https:\/\/suno.com.br\/acoes\/viia3\/\" target=\"_blank\" rel=\"noreferrer noopener\">VIIA3<\/a>)<\/strong>. No primeiro caso, a recomenda\u00e7\u00e3o continua de venda, com um novo pre\u00e7o-alvo de R$ 8,10 para o final de 2023 (antes R$ 23,70). No segundo, a recomenda\u00e7\u00e3o foi mantida como neutra, mas o pre\u00e7o-alvo para esse per\u00edodo tamb\u00e9m caiu: foi de R$ 4,70 para R$ 3,30.<\/p>\n\n\n\n<p>Segundo a especialista, na Americanas, a recomenda\u00e7\u00e3o de venda foi &#8220;por causa da divulga\u00e7\u00e3o de resultados negativos no 3T22, bastante inferior \u00e0s expectativas, com destaque especial para o expressivo consumo de caixa operacional no per\u00edodo&#8221;. <\/p>\n\n\n\n<p>Na Via, os motivos da neutralidade s\u00e3o as &#8220;d\u00favidas que pairam sobre o equil\u00edbrio dos canais de vendas e o impacto disso na rentabilidade da companhia, o que pode impactar no potencial de valoriza\u00e7\u00e3o hoje existente entre o pre\u00e7o corrente e o nosso pre\u00e7o-alvo&#8221;<\/p>\n\n\n\n<p>Por volta das 13h15, as a\u00e7\u00f5es do <strong>Magazine Luiza<\/strong> operavam em queda de 6,15%, ao pre\u00e7o de R$ 2,44, segundo o Status Invest.<\/p>\n\n\n\t<p>\n\t\t<a href=\"https:\/\/lp.suno.com.br\/planilha-de-controle-de-investimentos\/\" target=\"_blank\" data-element=\"shortcode-suno-banner\" title=\"Banner SUNO, clique e saiba mais\">\n\t\t\t<picture>\n\t\t\t\t<source media=\"(max-width: 500px)\" srcset=\"https:\/\/files.sunoresearch.com.br\/n\/uploads\/2023\/03\/400x300-Controle-de-Investimentos.png\">\n\t\t\t\t<img class=\"newsContent__article__imgCapa newsContent__article__imgCapa--banner\"\n\t\t\t\t\tsrc=\"https:\/\/files.sunoresearch.com.br\/n\/uploads\/2023\/03\/1420x240-Controle-de-Investimentos.png\"\n\t\t\t\t\tdata-promo-id=\"75934\"\t\t\t\t\t\t\t\t\t\twidth='1420' height='240'\t\t\t\t\talt=\"https:\/\/files.sunoresearch.com.br\/n\/uploads\/2023\/03\/1420x240-Controle-de-Investimentos.png\"\n\t\t\t\t>\n\t\t\t<\/picture>\n\t\t<\/a>\n\t<\/p>\n\n\n","protected":false},"excerpt":{"rendered":"<p>As a\u00e7\u00f5es do Magazine Luiza (MGLU3) foram rebaixadas pelo BB Investimentos de compra para neutra. Segundo relat\u00f3rio divulgado nesta sexta (16), a decis\u00e3o foi tomada por causa do cen\u00e1rio macroecon\u00f4mico e, em especial, pela previs\u00e3o de que o vil\u00e3o das taxas de juros seguir\u00e1 elevado no pr\u00f3ximo ano. Influenciadora digital Lu, do Magazine Luiza (MGLU3). [&hellip;]<\/p>\n","protected":false},"author":232,"featured_media":335839,"comment_status":"closed","ping_status":"closed","sticky":false,"template":"","format":"standard","meta":[],"categories":[64],"tags":[286,106605,104988,105816,1886,548,106935],"suno_strategy":[],"class_list":["post-335823","post","type-post","status-publish","format-standard","has-post-thumbnail","hentry","category-negocios","tag-acoes","tag-americanas-s-a-amer3","tag-bb-investimentos","tag-especialistas","tag-itau-bba","tag-magazine-luiza-mglu3","tag-via-viia3"],"yoast_head":"<!-- This site is optimized with the Yoast SEO plugin v24.4 - https:\/\/yoast.com\/wordpress\/plugins\/seo\/ -->\n<title>Magazine Luiza (MGLU3) \u00e9 rebaixada devido a vil\u00e3o econ\u00f4mico de 2023<\/title>\n<meta name=\"description\" content=\"As a\u00e7\u00f5es do Magazine Luiza (MGLU3) foram rebaixadas pelo BB-BI por causa de um dos vil\u00f5es econ\u00f4micos de 2023: os juros. Saiba mais!\" \/>\n<meta name=\"robots\" content=\"index, follow, max-snippet:-1, max-image-preview:large, max-video-preview:-1\" \/>\n<link rel=\"canonical\" href=\"https:\/\/www.suno.com.br\/noticias\/magazine-luiza-mglu3-rebaixamento-vilao\/\" \/>\n<meta property=\"og:locale\" content=\"pt_BR\" \/>\n<meta property=\"og:type\" content=\"article\" \/>\n<meta property=\"og:title\" content=\"Magazine Luiza (MGLU3) \u00e9 rebaixada devido a vil\u00e3o econ\u00f4mico de 2023\" \/>\n<meta property=\"og:description\" content=\"As a\u00e7\u00f5es do Magazine Luiza (MGLU3) foram rebaixadas pelo BB-BI por causa de um dos vil\u00f5es econ\u00f4micos de 2023: os juros. Saiba mais!\" \/>\n<meta property=\"og:url\" content=\"https:\/\/www.suno.com.br\/noticias\/magazine-luiza-mglu3-rebaixamento-vilao\/\" \/>\n<meta property=\"og:site_name\" content=\"Suno Not\u00edcias\" \/>\n<meta property=\"article:publisher\" content=\"https:\/\/facebook.com\/sunoresearch\" \/>\n<meta property=\"og:image\" content=\"https:\/\/files.sunoresearch.com.br\/n\/uploads\/2022\/12\/magazine-luiza-mglu3-influenciadora-lu-magalu-foto-youtube.jpg\" \/>\n\t<meta property=\"og:image:width\" content=\"1200\" \/>\n\t<meta property=\"og:image:height\" content=\"675\" \/>\n\t<meta property=\"og:image:type\" content=\"image\/jpeg\" \/>\n<meta name=\"author\" content=\"Erick Matheus Nery\" \/>\n<meta name=\"twitter:card\" content=\"summary_large_image\" \/>\n<meta name=\"twitter:creator\" content=\"@sunoresearch\" \/>\n<meta name=\"twitter:site\" content=\"@sunoresearch\" \/>\n<meta name=\"twitter:label1\" content=\"Escrito por\" \/>\n\t<meta name=\"twitter:data1\" content=\"Erick Matheus Nery\" \/>\n\t<meta name=\"twitter:label2\" content=\"Est. tempo de leitura\" \/>\n\t<meta name=\"twitter:data2\" content=\"3 minutos\" \/>\n<script type=\"application\/ld+json\" class=\"yoast-schema-graph\">{\"@context\":\"https:\/\/schema.org\",\"@graph\":[{\"@type\":\"NewsArticle\",\"@id\":\"https:\/\/www.suno.com.br\/noticias\/magazine-luiza-mglu3-rebaixamento-vilao\/#article\",\"isPartOf\":{\"@id\":\"https:\/\/www.suno.com.br\/noticias\/magazine-luiza-mglu3-rebaixamento-vilao\/\"},\"author\":{\"name\":\"Erick Matheus Nery\",\"@id\":\"https:\/\/www.suno.com.br\/noticias\/#\/schema\/person\/6899bc3f19d1a7315f807131c2c013a0\"},\"headline\":\"Magazine Luiza (MGLU3) \u00e9 rebaixada por causa do vil\u00e3o econ\u00f4mico de 2023; a\u00e7\u00f5es caem\",\"datePublished\":\"2022-12-16T16:18:13+00:00\",\"dateModified\":\"2022-12-16T16:32:51+00:00\",\"mainEntityOfPage\":{\"@id\":\"https:\/\/www.suno.com.br\/noticias\/magazine-luiza-mglu3-rebaixamento-vilao\/\"},\"wordCount\":598,\"publisher\":{\"@id\":\"https:\/\/www.suno.com.br\/noticias\/#organization\"},\"image\":{\"@id\":\"https:\/\/www.suno.com.br\/noticias\/magazine-luiza-mglu3-rebaixamento-vilao\/#primaryimage\"},\"thumbnailUrl\":\"https:\/\/files.sunoresearch.com.br\/n\/uploads\/2022\/12\/magazine-luiza-mglu3-influenciadora-lu-magalu-foto-youtube.jpg\",\"keywords\":[\"A\u00e7\u00f5es\",\"Americanas (AMER3)\",\"BB Investimentos\",\"Especialistas\",\"Ita\u00fa BBA\",\"Magazine Luiza (MGLU3)\",\"Via (VIIA3)\"],\"articleSection\":[\"Neg\u00f3cios\"],\"inLanguage\":\"pt-BR\"},{\"@type\":\"WebPage\",\"@id\":\"https:\/\/www.suno.com.br\/noticias\/magazine-luiza-mglu3-rebaixamento-vilao\/\",\"url\":\"https:\/\/www.suno.com.br\/noticias\/magazine-luiza-mglu3-rebaixamento-vilao\/\",\"name\":\"Magazine Luiza (MGLU3) \u00e9 rebaixada devido a vil\u00e3o econ\u00f4mico de 2023\",\"isPartOf\":{\"@id\":\"https:\/\/www.suno.com.br\/noticias\/#website\"},\"primaryImageOfPage\":{\"@id\":\"https:\/\/www.suno.com.br\/noticias\/magazine-luiza-mglu3-rebaixamento-vilao\/#primaryimage\"},\"image\":{\"@id\":\"https:\/\/www.suno.com.br\/noticias\/magazine-luiza-mglu3-rebaixamento-vilao\/#primaryimage\"},\"thumbnailUrl\":\"https:\/\/files.sunoresearch.com.br\/n\/uploads\/2022\/12\/magazine-luiza-mglu3-influenciadora-lu-magalu-foto-youtube.jpg\",\"datePublished\":\"2022-12-16T16:18:13+00:00\",\"dateModified\":\"2022-12-16T16:32:51+00:00\",\"description\":\"As a\u00e7\u00f5es do Magazine Luiza (MGLU3) foram rebaixadas pelo BB-BI por causa de um dos vil\u00f5es econ\u00f4micos de 2023: os juros. Saiba mais!\",\"breadcrumb\":{\"@id\":\"https:\/\/www.suno.com.br\/noticias\/magazine-luiza-mglu3-rebaixamento-vilao\/#breadcrumb\"},\"inLanguage\":\"pt-BR\",\"potentialAction\":[{\"@type\":\"ReadAction\",\"target\":[\"https:\/\/www.suno.com.br\/noticias\/magazine-luiza-mglu3-rebaixamento-vilao\/\"]}]},{\"@type\":\"ImageObject\",\"inLanguage\":\"pt-BR\",\"@id\":\"https:\/\/www.suno.com.br\/noticias\/magazine-luiza-mglu3-rebaixamento-vilao\/#primaryimage\",\"url\":\"https:\/\/files.sunoresearch.com.br\/n\/uploads\/2022\/12\/magazine-luiza-mglu3-influenciadora-lu-magalu-foto-youtube.jpg\",\"contentUrl\":\"https:\/\/files.sunoresearch.com.br\/n\/uploads\/2022\/12\/magazine-luiza-mglu3-influenciadora-lu-magalu-foto-youtube.jpg\",\"width\":1200,\"height\":675,\"caption\":\"Influenciadora digital Lu, do Magazine Luiza (MGLU3). Foto: Youtube\"},{\"@type\":\"BreadcrumbList\",\"@id\":\"https:\/\/www.suno.com.br\/noticias\/magazine-luiza-mglu3-rebaixamento-vilao\/#breadcrumb\",\"itemListElement\":[{\"@type\":\"ListItem\",\"position\":1,\"name\":\"Not\u00edcias\",\"item\":\"https:\/\/www.suno.com.br\/noticias\/\"},{\"@type\":\"ListItem\",\"position\":2,\"name\":\"Neg\u00f3cios\",\"item\":\"https:\/\/www.suno.com.br\/noticias\/negocios\/\"},{\"@type\":\"ListItem\",\"position\":3,\"name\":\"Magazine Luiza (MGLU3) \u00e9 rebaixada por causa do vil\u00e3o econ\u00f4mico de 2023; a\u00e7\u00f5es caem\"}]},{\"@type\":\"WebSite\",\"@id\":\"https:\/\/www.suno.com.br\/noticias\/#website\",\"url\":\"https:\/\/www.suno.com.br\/noticias\/\",\"name\":\"Suno Not\u00edcias\",\"description\":\"Seu portal de informa\u00e7\u00e3o sobre o mundo dos investimentos\",\"publisher\":{\"@id\":\"https:\/\/www.suno.com.br\/noticias\/#organization\"},\"potentialAction\":[{\"@type\":\"SearchAction\",\"target\":{\"@type\":\"EntryPoint\",\"urlTemplate\":\"https:\/\/www.suno.com.br\/noticias\/?s={search_term_string}\"},\"query-input\":{\"@type\":\"PropertyValueSpecification\",\"valueRequired\":true,\"valueName\":\"search_term_string\"}}],\"inLanguage\":\"pt-BR\"},{\"@type\":\"Organization\",\"@id\":\"https:\/\/www.suno.com.br\/noticias\/#organization\",\"name\":\"Suno Not\u00edcias\",\"url\":\"https:\/\/www.suno.com.br\/noticias\/\",\"logo\":{\"@type\":\"ImageObject\",\"inLanguage\":\"pt-BR\",\"@id\":\"https:\/\/www.suno.com.br\/noticias\/#\/schema\/logo\/image\/\",\"url\":\"https:\/\/files.sunoresearch.com.br\/n\/uploads\/2021\/09\/suno-logo.png\",\"contentUrl\":\"https:\/\/files.sunoresearch.com.br\/n\/uploads\/2021\/09\/suno-logo.png\",\"width\":180,\"height\":180,\"caption\":\"Suno Not\u00edcias\"},\"image\":{\"@id\":\"https:\/\/www.suno.com.br\/noticias\/#\/schema\/logo\/image\/\"},\"sameAs\":[\"https:\/\/facebook.com\/sunoresearch\",\"https:\/\/x.com\/sunoresearch\",\"https:\/\/www.instagram.com\/suno\",\"https:\/\/www.linkedin.com\/company\/suno-research\/\",\"https:\/\/www.youtube.com\/c\/sunoresearch\"]},{\"@type\":\"Person\",\"@id\":\"https:\/\/www.suno.com.br\/noticias\/#\/schema\/person\/6899bc3f19d1a7315f807131c2c013a0\",\"name\":\"Erick Matheus Nery\",\"image\":{\"@type\":\"ImageObject\",\"inLanguage\":\"pt-BR\",\"@id\":\"https:\/\/www.suno.com.br\/noticias\/#\/schema\/person\/image\/\",\"url\":\"https:\/\/secure.gravatar.com\/avatar\/518ddffe438ccb767782d372a66304d2?s=96&r=g\",\"contentUrl\":\"https:\/\/secure.gravatar.com\/avatar\/518ddffe438ccb767782d372a66304d2?s=96&r=g\",\"caption\":\"Erick Matheus Nery\"},\"description\":\"Formado em Jornalismo pela Universidade Federal do Par\u00e1 (UFPA), conta com extens\u00e3o em Jornalismo Econ\u00f4mico pela Funda\u00e7\u00e3o Get\u00falio Vargas (FGV). No Suno Not\u00edcias, atua como rep\u00f3rter de Mercado, com foco nos setores de telecomunica\u00e7\u00f5es, varejo, alimentos e renda fixa. Conta com passagens pelo jornal O Estado de S\u00e3o Paulo, como trainee de Jornalismo Econ\u00f4mico, e pelo site Not\u00edcias da TV.\",\"url\":\"https:\/\/www.suno.com.br\/noticias\/author\/erick-nery\/\"}]}<\/script>\n<!-- \/ Yoast SEO plugin. -->","yoast_head_json":{"title":"Magazine Luiza (MGLU3) \u00e9 rebaixada devido a vil\u00e3o econ\u00f4mico de 2023","description":"As a\u00e7\u00f5es do Magazine Luiza (MGLU3) foram rebaixadas pelo BB-BI por causa de um dos vil\u00f5es econ\u00f4micos de 2023: os juros. Saiba mais!","robots":{"index":"index","follow":"follow","max-snippet":"max-snippet:-1","max-image-preview":"max-image-preview:large","max-video-preview":"max-video-preview:-1"},"canonical":"https:\/\/www.suno.com.br\/noticias\/magazine-luiza-mglu3-rebaixamento-vilao\/","og_locale":"pt_BR","og_type":"article","og_title":"Magazine Luiza (MGLU3) \u00e9 rebaixada devido a vil\u00e3o econ\u00f4mico de 2023","og_description":"As a\u00e7\u00f5es do Magazine Luiza (MGLU3) foram rebaixadas pelo BB-BI por causa de um dos vil\u00f5es econ\u00f4micos de 2023: os juros. Saiba mais!","og_url":"https:\/\/www.suno.com.br\/noticias\/magazine-luiza-mglu3-rebaixamento-vilao\/","og_site_name":"Suno Not\u00edcias","article_publisher":"https:\/\/facebook.com\/sunoresearch","og_image":[{"width":1200,"height":675,"url":"https:\/\/files.sunoresearch.com.br\/n\/uploads\/2022\/12\/magazine-luiza-mglu3-influenciadora-lu-magalu-foto-youtube.jpg","type":"image\/jpeg"}],"author":"Erick Matheus Nery","twitter_card":"summary_large_image","twitter_creator":"@sunoresearch","twitter_site":"@sunoresearch","twitter_misc":{"Escrito por":"Erick Matheus Nery","Est. tempo de leitura":"3 minutos"},"schema":{"@context":"https:\/\/schema.org","@graph":[{"@type":"NewsArticle","@id":"https:\/\/www.suno.com.br\/noticias\/magazine-luiza-mglu3-rebaixamento-vilao\/#article","isPartOf":{"@id":"https:\/\/www.suno.com.br\/noticias\/magazine-luiza-mglu3-rebaixamento-vilao\/"},"author":{"name":"Erick Matheus Nery","@id":"https:\/\/www.suno.com.br\/noticias\/#\/schema\/person\/6899bc3f19d1a7315f807131c2c013a0"},"headline":"Magazine Luiza (MGLU3) \u00e9 rebaixada por causa do vil\u00e3o econ\u00f4mico de 2023; a\u00e7\u00f5es caem","datePublished":"2022-12-16T16:18:13+00:00","dateModified":"2022-12-16T16:32:51+00:00","mainEntityOfPage":{"@id":"https:\/\/www.suno.com.br\/noticias\/magazine-luiza-mglu3-rebaixamento-vilao\/"},"wordCount":598,"publisher":{"@id":"https:\/\/www.suno.com.br\/noticias\/#organization"},"image":{"@id":"https:\/\/www.suno.com.br\/noticias\/magazine-luiza-mglu3-rebaixamento-vilao\/#primaryimage"},"thumbnailUrl":"https:\/\/files.sunoresearch.com.br\/n\/uploads\/2022\/12\/magazine-luiza-mglu3-influenciadora-lu-magalu-foto-youtube.jpg","keywords":["A\u00e7\u00f5es","Americanas (AMER3)","BB Investimentos","Especialistas","Ita\u00fa BBA","Magazine Luiza (MGLU3)","Via (VIIA3)"],"articleSection":["Neg\u00f3cios"],"inLanguage":"pt-BR"},{"@type":"WebPage","@id":"https:\/\/www.suno.com.br\/noticias\/magazine-luiza-mglu3-rebaixamento-vilao\/","url":"https:\/\/www.suno.com.br\/noticias\/magazine-luiza-mglu3-rebaixamento-vilao\/","name":"Magazine Luiza (MGLU3) \u00e9 rebaixada devido a vil\u00e3o econ\u00f4mico de 2023","isPartOf":{"@id":"https:\/\/www.suno.com.br\/noticias\/#website"},"primaryImageOfPage":{"@id":"https:\/\/www.suno.com.br\/noticias\/magazine-luiza-mglu3-rebaixamento-vilao\/#primaryimage"},"image":{"@id":"https:\/\/www.suno.com.br\/noticias\/magazine-luiza-mglu3-rebaixamento-vilao\/#primaryimage"},"thumbnailUrl":"https:\/\/files.sunoresearch.com.br\/n\/uploads\/2022\/12\/magazine-luiza-mglu3-influenciadora-lu-magalu-foto-youtube.jpg","datePublished":"2022-12-16T16:18:13+00:00","dateModified":"2022-12-16T16:32:51+00:00","description":"As a\u00e7\u00f5es do Magazine Luiza (MGLU3) foram rebaixadas pelo BB-BI por causa de um dos vil\u00f5es econ\u00f4micos de 2023: os juros. Saiba mais!","breadcrumb":{"@id":"https:\/\/www.suno.com.br\/noticias\/magazine-luiza-mglu3-rebaixamento-vilao\/#breadcrumb"},"inLanguage":"pt-BR","potentialAction":[{"@type":"ReadAction","target":["https:\/\/www.suno.com.br\/noticias\/magazine-luiza-mglu3-rebaixamento-vilao\/"]}]},{"@type":"ImageObject","inLanguage":"pt-BR","@id":"https:\/\/www.suno.com.br\/noticias\/magazine-luiza-mglu3-rebaixamento-vilao\/#primaryimage","url":"https:\/\/files.sunoresearch.com.br\/n\/uploads\/2022\/12\/magazine-luiza-mglu3-influenciadora-lu-magalu-foto-youtube.jpg","contentUrl":"https:\/\/files.sunoresearch.com.br\/n\/uploads\/2022\/12\/magazine-luiza-mglu3-influenciadora-lu-magalu-foto-youtube.jpg","width":1200,"height":675,"caption":"Influenciadora digital Lu, do Magazine Luiza (MGLU3). Foto: Youtube"},{"@type":"BreadcrumbList","@id":"https:\/\/www.suno.com.br\/noticias\/magazine-luiza-mglu3-rebaixamento-vilao\/#breadcrumb","itemListElement":[{"@type":"ListItem","position":1,"name":"Not\u00edcias","item":"https:\/\/www.suno.com.br\/noticias\/"},{"@type":"ListItem","position":2,"name":"Neg\u00f3cios","item":"https:\/\/www.suno.com.br\/noticias\/negocios\/"},{"@type":"ListItem","position":3,"name":"Magazine Luiza (MGLU3) \u00e9 rebaixada por causa do vil\u00e3o econ\u00f4mico de 2023; a\u00e7\u00f5es caem"}]},{"@type":"WebSite","@id":"https:\/\/www.suno.com.br\/noticias\/#website","url":"https:\/\/www.suno.com.br\/noticias\/","name":"Suno Not\u00edcias","description":"Seu portal de informa\u00e7\u00e3o sobre o mundo dos investimentos","publisher":{"@id":"https:\/\/www.suno.com.br\/noticias\/#organization"},"potentialAction":[{"@type":"SearchAction","target":{"@type":"EntryPoint","urlTemplate":"https:\/\/www.suno.com.br\/noticias\/?s={search_term_string}"},"query-input":{"@type":"PropertyValueSpecification","valueRequired":true,"valueName":"search_term_string"}}],"inLanguage":"pt-BR"},{"@type":"Organization","@id":"https:\/\/www.suno.com.br\/noticias\/#organization","name":"Suno Not\u00edcias","url":"https:\/\/www.suno.com.br\/noticias\/","logo":{"@type":"ImageObject","inLanguage":"pt-BR","@id":"https:\/\/www.suno.com.br\/noticias\/#\/schema\/logo\/image\/","url":"https:\/\/files.sunoresearch.com.br\/n\/uploads\/2021\/09\/suno-logo.png","contentUrl":"https:\/\/files.sunoresearch.com.br\/n\/uploads\/2021\/09\/suno-logo.png","width":180,"height":180,"caption":"Suno Not\u00edcias"},"image":{"@id":"https:\/\/www.suno.com.br\/noticias\/#\/schema\/logo\/image\/"},"sameAs":["https:\/\/facebook.com\/sunoresearch","https:\/\/x.com\/sunoresearch","https:\/\/www.instagram.com\/suno","https:\/\/www.linkedin.com\/company\/suno-research\/","https:\/\/www.youtube.com\/c\/sunoresearch"]},{"@type":"Person","@id":"https:\/\/www.suno.com.br\/noticias\/#\/schema\/person\/6899bc3f19d1a7315f807131c2c013a0","name":"Erick Matheus Nery","image":{"@type":"ImageObject","inLanguage":"pt-BR","@id":"https:\/\/www.suno.com.br\/noticias\/#\/schema\/person\/image\/","url":"https:\/\/secure.gravatar.com\/avatar\/518ddffe438ccb767782d372a66304d2?s=96&r=g","contentUrl":"https:\/\/secure.gravatar.com\/avatar\/518ddffe438ccb767782d372a66304d2?s=96&r=g","caption":"Erick Matheus Nery"},"description":"Formado em Jornalismo pela Universidade Federal do Par\u00e1 (UFPA), conta com extens\u00e3o em Jornalismo Econ\u00f4mico pela Funda\u00e7\u00e3o Get\u00falio Vargas (FGV). No Suno Not\u00edcias, atua como rep\u00f3rter de Mercado, com foco nos setores de telecomunica\u00e7\u00f5es, varejo, alimentos e renda fixa. Conta com passagens pelo jornal O Estado de S\u00e3o Paulo, como trainee de Jornalismo Econ\u00f4mico, e pelo site Not\u00edcias da TV.","url":"https:\/\/www.suno.com.br\/noticias\/author\/erick-nery\/"}]}},"default_loop_html":"<div class=\"cardsPage__listCard__boxs\"><div class=\"cardsPage__listCard__boxs__img\"><a href=\"https:\/\/www.suno.com.br\/noticias\/magazine-luiza-mglu3-rebaixamento-vilao\/\"><img class=\"mask\" src=\"https:\/\/www.suno.com.br\/noticias\/wp-content\/themes\/suno\/resources\/images\/spotlight\/spotlight1img\/bg-mask.png\" alt=\"Image Mask\"\/><img src=\"https:\/\/files.sunoresearch.com.br\/n\/uploads\/2022\/12\/magazine-luiza-mglu3-influenciadora-lu-magalu-foto-youtube-400x200.jpg\" alt=\"Magazine Luiza (MGLU3) \u00e9 rebaixada por causa do vil\u00e3o econ\u00f4mico de 2023; a\u00e7\u00f5es caem\"\/><\/a><span class=\"spotlightCategory\"><a href=\"https:\/\/www.suno.com.br\/noticias\/negocios\/\">Neg\u00f3cios<\/a><\/span><\/div><div class=\"cardsPage__listCard__boxs__content\"><a href=\"https:\/\/www.suno.com.br\/noticias\/magazine-luiza-mglu3-rebaixamento-vilao\/\"><h2 class=\"content__title\">Magazine Luiza (MGLU3) \u00e9 rebaixada por causa do vil\u00e3o econ\u00f4mico de 2023; a\u00e7\u00f5es caem<\/h2><\/a><div class=\"newsContent__article__meta\"><div class=\"newsContent__article__meta__authorBox\"><a href=\"https:\/\/www.suno.com.br\/noticias\/author\/erick-nery\/\" class=\"authorBox__avatar noMobi\"><img src=\"https:\/\/secure.gravatar.com\/avatar\/518ddffe438ccb767782d372a66304d2?s=96&#038;r=g\" alt=\"Erick Matheus Nery\"><\/a><div class=\"authorBox__name\"><span>por\n\t\t\t<a href=\"https:\/\/www.suno.com.br\/noticias\/author\/erick-nery\/\"><span itemprop=\"author\">Erick Matheus Nery<\/span><\/a><\/span><time datetime=\"2022-12-16T13:18:13-03:00\" itemprop=\"datePublished\">16\/12\/2022 13:18<\/time><\/div><\/div><\/div><\/div><\/div>","single_layout":"posts","amp_enabled":true,"_links":{"self":[{"href":"https:\/\/www.suno.com.br\/noticias\/wp-json\/wp\/v2\/posts\/335823"}],"collection":[{"href":"https:\/\/www.suno.com.br\/noticias\/wp-json\/wp\/v2\/posts"}],"about":[{"href":"https:\/\/www.suno.com.br\/noticias\/wp-json\/wp\/v2\/types\/post"}],"author":[{"embeddable":true,"href":"https:\/\/www.suno.com.br\/noticias\/wp-json\/wp\/v2\/users\/232"}],"replies":[{"embeddable":true,"href":"https:\/\/www.suno.com.br\/noticias\/wp-json\/wp\/v2\/comments?post=335823"}],"version-history":[{"count":3,"href":"https:\/\/www.suno.com.br\/noticias\/wp-json\/wp\/v2\/posts\/335823\/revisions"}],"predecessor-version":[{"id":335957,"href":"https:\/\/www.suno.com.br\/noticias\/wp-json\/wp\/v2\/posts\/335823\/revisions\/335957"}],"wp:featuredmedia":[{"embeddable":true,"href":"https:\/\/www.suno.com.br\/noticias\/wp-json\/wp\/v2\/media\/335839"}],"wp:attachment":[{"href":"https:\/\/www.suno.com.br\/noticias\/wp-json\/wp\/v2\/media?parent=335823"}],"wp:term":[{"taxonomy":"category","embeddable":true,"href":"https:\/\/www.suno.com.br\/noticias\/wp-json\/wp\/v2\/categories?post=335823"},{"taxonomy":"post_tag","embeddable":true,"href":"https:\/\/www.suno.com.br\/noticias\/wp-json\/wp\/v2\/tags?post=335823"},{"taxonomy":"suno_strategy","embeddable":true,"href":"https:\/\/www.suno.com.br\/noticias\/wp-json\/wp\/v2\/suno_strategy?post=335823"}],"curies":[{"name":"wp","href":"https:\/\/api.w.org\/{rel}","templated":true}]}}