{"id":335504,"date":"2022-12-15T19:43:32","date_gmt":"2022-12-15T22:43:32","guid":{"rendered":"https:\/\/www.suno.com.br\/noticias\/?p=335504"},"modified":"2022-12-15T20:16:45","modified_gmt":"2022-12-15T23:16:45","slug":"orcamento-secreto-votacao-stf-adiada","status":"publish","type":"post","link":"https:\/\/www.suno.com.br\/noticias\/orcamento-secreto-votacao-stf-adiada\/","title":{"rendered":"Or\u00e7amento Secreto: vota\u00e7\u00e3o no STF \u00e9 adiada com placar de 5 a 4 contra as emendas de relator"},"content":{"rendered":"<p>Foi adiada a conclus\u00e3o da vota\u00e7\u00e3o sobre o <strong>or\u00e7amento secreto<\/strong> no Supremo Tribunal Federal (STF) na noite desta quinta-feira (15). Ao todo, 9 ministros j\u00e1 tomaram suas decis\u00f5es \u2014 com placar de 5 a 4 contra as emendas de relator. Os ministros Ricardo Lewandowski e Gilmar Mendes, que ainda n\u00e3o votaram, pediram tempo para an\u00e1lise, com isso a decis\u00e3o ficar\u00e1 para a pr\u00f3xima sess\u00e3o, na segunda-feira (19).<\/p>\t<div class=\"wrapper-featured-image\">\n\t\t<figure class=\"spotlightImg\">\n\n\t\t\t<picture>\n\t\t\t\t<source media=\"(max-width: 768px)\" srcset=\"https:\/\/files.sunoresearch.com.br\/n\/uploads\/2022\/12\/Fachada-do-edificio-sede-do-Supremo-Tribunal-Federal-STF-400x200.jpg\">\n\t\t\t\t<img loading=\"lazy\" decoding=\"async\" class=\"newsContent__article__imgCapa lazyloadDisabled \" src=\"https:\/\/files.sunoresearch.com.br\/n\/uploads\/2022\/12\/Fachada-do-edificio-sede-do-Supremo-Tribunal-Federal-STF-800x450.jpg\" width=\"800\" height=\"450\" alt=\"Or\u00e7amento Secreto: vota\u00e7\u00e3o no STF \u00e9 adiada com placar de 5 a 4 contra as emendas de relator\" fetchpriority=high \/>\n\t\t\t<\/picture>\n\n\t\t\t<figcaption class=\"wp-caption-text wp-caption-text--show\">Governo vai ao STF. Foto: Marcello Casal Jr\/Ag\u00eancia Brasil<\/figcaption>\n\t\t<\/figure>\n\t<\/div>\n\n\n\n\n\n\t<p>\n\t\t<a href=\"\" target=\"_blank\" data-element=\"shortcode-suno-banner\" title=\"Banner SUNO, clique e saiba mais\">\n\t\t\t<picture>\n\t\t\t\t<source media=\"(max-width: 500px)\" srcset=\"\">\n\t\t\t\t<img class=\"newsContent__article__imgCapa newsContent__article__imgCapa--banner\"\n\t\t\t\t\tsrc=\"\"\n\t\t\t\t\tdata-promo-id=\"89005\"\t\t\t\t\t\t\t\t\t\t\t\t\t\t\talt=\"\"\n\t\t\t\t>\n\t\t\t<\/picture>\n\t\t<\/a>\n\t<\/p>\n\n\n\n\n\n<p>Ontem (14), presidente do STF, Rosa Weber, declarou que o <strong>or\u00e7amento secreto<\/strong> era \u2018incompat\u00edvel com a ordem constitucional\u2019 e que ele deveria ser usado para \u2018corre\u00e7\u00f5es\u2019 do projeto de lei or\u00e7ament\u00e1rio. Hoje, por outro lado, os ministros Andr\u00e9 Mendon\u00e7a e Kassio Nunes Marques votaram a favor, ressaltando a necessidade de transpar\u00eancia. <\/p>\n\n\n\n<p>Segundo Mendon\u00e7a, n\u00e3o haveria <strong>inconstitucionalidade no or\u00e7amento secreto<\/strong>, inclusive outros governos teriam usado o mecanismo. Nunes Marques seguiu a mesma linha de Mendon\u00e7a, cobrando mais transpar\u00eancia. Al\u00e9m disso, Mendon\u00e7a solicitou prazo de 30 dias para que o Congresso fa\u00e7a ajustes nas emendas \u2014 para permitir a identifica\u00e7\u00e3o de todos os padrinhos das verbas das emendas de relator.<\/p>\n\n\n\t<p>\n\t\t<a href=\"https:\/\/lp.suno.com.br\/planilha-controle-gastos\/\" target=\"_blank\" data-element=\"shortcode-suno-banner\" title=\"Banner SUNO, clique e saiba mais\">\n\t\t\t<picture>\n\t\t\t\t<source media=\"(max-width: 500px)\" srcset=\"https:\/\/files.sunoresearch.com.br\/n\/uploads\/2023\/03\/400x300-Planilha-controle-de-gastos.png\">\n\t\t\t\t<img class=\"newsContent__article__imgCapa newsContent__article__imgCapa--banner\"\n\t\t\t\t\tsrc=\"https:\/\/files.sunoresearch.com.br\/n\/uploads\/2023\/03\/1420x240-Planilha-controle-de-gastos.png\"\n\t\t\t\t\tdata-promo-id=\"101751\"\t\t\t\t\t\t\t\t\t\twidth='1420' height='240'\t\t\t\t\talt=\"https:\/\/files.sunoresearch.com.br\/n\/uploads\/2023\/03\/1420x240-Planilha-controle-de-gastos.png\"\n\t\t\t\t>\n\t\t\t<\/picture>\n\t\t<\/a>\n\t<\/p>\n\n\n\n\n\n<p>O ministro Luiz Fux seguiu o voto de Rosa Weber, assim como Lu\u00eds Roberto Barroso e Edson Fachin. J\u00e1 o ministro Alexandre de Moraes votou <strong>favor\u00e1vel ao Or\u00e7amento Secreto<\/strong>, mas tamb\u00e9m sugeriu que os congressistas conferissem transpar\u00eancia \u00e0s emendas de relator. Foi a mesma linha de Dias Toffoli, que votou a favor do or\u00e7amento. <\/p>\n\n\n\n<p>A ministra Carmen L\u00facia tamb\u00e9m <strong>votou contra o or\u00e7amento secreto<\/strong>. Desta forma, o placar da vota\u00e7\u00e3o no STF, \u00e0s 18h, era de 5 a 4 contra o or\u00e7amento secreto. Parlamentares aguardam a decis\u00e3o do STF para discutir a\u00a0<strong>PEC de Transi\u00e7\u00e3o<\/strong>\u00a0na C\u00e2mara dos Deputados. Gilmar Mendes e Ricardo Lewandowski pediram mais temo para analisar a mat\u00e9ria, que volta a plen\u00e1rio na pr\u00f3xima segunda.<\/p>\n\n\n\t<p>\n\t\t<a href=\"https:\/\/lp.suno.com.br\/planilha-da-vida-financeira\/\" target=\"_blank\" data-element=\"shortcode-suno-banner\" title=\"Banner SUNO, clique e saiba mais\">\n\t\t\t<picture>\n\t\t\t\t<source media=\"(max-width: 500px)\" srcset=\"https:\/\/files.sunoresearch.com.br\/n\/uploads\/2023\/04\/400x300-Planilha-vida-financeira-true.png\">\n\t\t\t\t<img class=\"newsContent__article__imgCapa newsContent__article__imgCapa--banner\"\n\t\t\t\t\tsrc=\"https:\/\/files.sunoresearch.com.br\/n\/uploads\/2023\/04\/1420x240-Planilha-vida-financeira-true.png\"\n\t\t\t\t\tdata-promo-id=\"106682\"\t\t\t\t\t\t\t\t\t\twidth='1420' height='240'\t\t\t\t\talt=\"https:\/\/files.sunoresearch.com.br\/n\/uploads\/2023\/04\/1420x240-Planilha-vida-financeira-true.png\"\n\t\t\t\t>\n\t\t\t<\/picture>\n\t\t<\/a>\n\t<\/p>\n\n\n\n\n\n<h2 class=\"wp-block-heading\" id=\"h-o-que-esta-em-jogo-politicamente\">O que est\u00e1 em jogo politicamente?<\/h2>\n\n\n\n<p>Durante o mandato de Jair Bolsonaro, o or\u00e7amento secreto foi&nbsp;usado pelo governo para conquistar apoio no Congresso. O chefe do Executivo disse diversas vezes, no entanto, que&nbsp;<a href=\"https:\/\/www.suno.com.br\/noticias\/orcamento-secreto-apoio-lula-lira-bolsonaro-suspende-recursos\/\">n\u00e3o tinha poder algum sobre as emendas<\/a>, e at\u00e9 vetou o or\u00e7amento secreto para 2020 e 2021.<\/p>\n\n\n\n<p>Nas duas ocasi\u00f5es, parlamentares pressionaram Bolsonaro contra a decis\u00e3o, com o Congresso derrubando o veto presidencial e, em seguida, sugerindo um acordo com o Executivo para aprovar outra lei sobre o modelo.<\/p>\n\n\n\t<p>\n\t\t<a href=\"https:\/\/lp.suno.com.br\/ebook-como-analisar-uma-acao\/\" target=\"_blank\" data-element=\"shortcode-suno-banner\" title=\"Banner SUNO, clique e saiba mais\">\n\t\t\t<picture>\n\t\t\t\t<source media=\"(max-width: 500px)\" srcset=\"https:\/\/files.sunoresearch.com.br\/n\/uploads\/2023\/03\/Ebook-Acoes-Mobile-1.jpg\">\n\t\t\t\t<img class=\"newsContent__article__imgCapa newsContent__article__imgCapa--banner\"\n\t\t\t\t\tsrc=\"https:\/\/files.sunoresearch.com.br\/n\/uploads\/2023\/03\/Ebook-Acoes-Desktop-1.jpg\"\n\t\t\t\t\tdata-promo-id=\"171998\"\t\t\t\t\t\t\t\t\t\twidth='1420' height='286'\t\t\t\t\talt=\"https:\/\/files.sunoresearch.com.br\/n\/uploads\/2023\/03\/Ebook-Acoes-Desktop-1.jpg\"\n\t\t\t\t>\n\t\t\t<\/picture>\n\t\t<\/a>\n\t<\/p>\n\n\n\n\n\n<p>A utiliza\u00e7\u00e3o das emendas para garantir apoio na aprova\u00e7\u00e3o de medidas apenas&nbsp;<strong>aumentou o poder do Congresso<\/strong>&nbsp;e, consequentemente, diminuiu o do Executivo.<\/p>\n\n\n\n<p>Agora, com a vigil\u00e2ncia do STF, o <a href=\"https:\/\/www.suno.com.br\/noticias\/pt-pode-descartar-pec-transicao\/\" target=\"_blank\" rel=\"noreferrer noopener\">presidente da C\u00e2mara, Arthur Lira, estaria travando a vota\u00e7\u00e3o da PEC da Transi\u00e7\u00e3o<\/a>. Isso porque as negocia\u00e7\u00f5es entre parlamentares do PT e o presidente da C\u00e2mara n\u00e3o est\u00e3o avan\u00e7ando. De acordo com a ala do futuro governo federal para&nbsp;<strong>aprovar a PEC da Transi\u00e7\u00e3o<\/strong>, Lira estaria cobrado mais espa\u00e7o do que o partido entende como aceit\u00e1vel.<\/p>\n\n\n\n<p>Lula tem pressa em aprovar a medida para cumprir a promessa eleitoral de manter o&nbsp;<strong><a href=\"https:\/\/www.suno.com.br\/noticias\/pec-da-transicao-bolsa-familia-fora-teto-dois-anos\/\">Bolsa Fam\u00edlia em parcelas de R$ 600<\/a>&nbsp;<\/strong>em 2023. Desta forma, o presidente eleito tem pressionado ministros do STF para derrubar o&nbsp;<strong>or\u00e7amento secreto<\/strong>, que se tornou a \u201cprincipal arma\u201d do presidente da C\u00e2mara dos Deputados, Arthur Lira (PP-AL), em busca de sua recondu\u00e7\u00e3o ao cargo. <\/p>\n\n\n\t<p>\n\t\t<a href=\"https:\/\/lp.suno.com.br\/planilha-de-controle-de-investimentos\/\" target=\"_blank\" data-element=\"shortcode-suno-banner\" title=\"Banner SUNO, clique e saiba mais\">\n\t\t\t<picture>\n\t\t\t\t<source media=\"(max-width: 500px)\" srcset=\"https:\/\/files.sunoresearch.com.br\/n\/uploads\/2023\/03\/400x300-Controle-de-Investimentos.png\">\n\t\t\t\t<img class=\"newsContent__article__imgCapa newsContent__article__imgCapa--banner\"\n\t\t\t\t\tsrc=\"https:\/\/files.sunoresearch.com.br\/n\/uploads\/2023\/03\/1420x240-Controle-de-Investimentos.png\"\n\t\t\t\t\tdata-promo-id=\"75934\"\t\t\t\t\t\t\t\t\t\twidth='1420' height='240'\t\t\t\t\talt=\"https:\/\/files.sunoresearch.com.br\/n\/uploads\/2023\/03\/1420x240-Controle-de-Investimentos.png\"\n\t\t\t\t>\n\t\t\t<\/picture>\n\t\t<\/a>\n\t<\/p>\n\n\n","protected":false},"excerpt":{"rendered":"<p>Foi adiada a conclus\u00e3o da vota\u00e7\u00e3o sobre o or\u00e7amento secreto no Supremo Tribunal Federal (STF) na noite desta quinta-feira (15). Ao todo, 9 ministros j\u00e1 tomaram suas decis\u00f5es \u2014 com placar de 5 a 4 contra as emendas de relator. Os ministros Ricardo Lewandowski e Gilmar Mendes, que ainda n\u00e3o votaram, pediram tempo para an\u00e1lise, [&hellip;]<\/p>\n","protected":false},"author":233,"featured_media":335517,"comment_status":"closed","ping_status":"closed","sticky":false,"template":"","format":"standard","meta":[],"categories":[61],"tags":[1128,785],"suno_strategy":[],"class_list":["post-335504","post","type-post","status-publish","format-standard","has-post-thumbnail","hentry","category-politica","tag-orcamento-publico","tag-supremo-tribunal-federal-stf"],"yoast_head":"<!-- This site is optimized with the Yoast SEO plugin v24.4 - https:\/\/yoast.com\/wordpress\/plugins\/seo\/ -->\n<title>Or\u00e7amento Secreto: vota\u00e7\u00e3o no STF \u00e9 adiada com placar de 5 a 4<\/title>\n<meta name=\"description\" content=\"Foi adiada a vota\u00e7\u00e3o sobre o or\u00e7amento secreto no STF. Nove ministros j\u00e1 tomaram suas decis\u00f5es e dois pediram tempo para an\u00e1lise. Entenda!\" \/>\n<meta name=\"robots\" content=\"index, follow, max-snippet:-1, max-image-preview:large, max-video-preview:-1\" \/>\n<link rel=\"canonical\" href=\"https:\/\/www.suno.com.br\/noticias\/orcamento-secreto-votacao-stf-adiada\/\" \/>\n<meta property=\"og:locale\" content=\"pt_BR\" \/>\n<meta property=\"og:type\" content=\"article\" \/>\n<meta property=\"og:title\" content=\"Or\u00e7amento Secreto: vota\u00e7\u00e3o no STF \u00e9 adiada com placar de 5 a 4\" \/>\n<meta property=\"og:description\" content=\"Foi adiada a vota\u00e7\u00e3o sobre o or\u00e7amento secreto no STF. Nove ministros j\u00e1 tomaram suas decis\u00f5es e dois pediram tempo para an\u00e1lise. Entenda!\" \/>\n<meta property=\"og:url\" content=\"https:\/\/www.suno.com.br\/noticias\/orcamento-secreto-votacao-stf-adiada\/\" \/>\n<meta property=\"og:site_name\" content=\"Suno Not\u00edcias\" \/>\n<meta property=\"article:publisher\" content=\"https:\/\/facebook.com\/sunoresearch\" \/>\n<meta property=\"og:image\" content=\"https:\/\/files.sunoresearch.com.br\/n\/uploads\/2022\/12\/Fachada-do-edificio-sede-do-Supremo-Tribunal-Federal-STF.jpg\" \/>\n\t<meta property=\"og:image:width\" content=\"1200\" \/>\n\t<meta property=\"og:image:height\" content=\"800\" \/>\n\t<meta property=\"og:image:type\" content=\"image\/jpeg\" \/>\n<meta name=\"author\" content=\"Janize Cola\u00e7o\" \/>\n<meta name=\"twitter:card\" content=\"summary_large_image\" \/>\n<meta name=\"twitter:creator\" content=\"@sunoresearch\" \/>\n<meta name=\"twitter:site\" content=\"@sunoresearch\" \/>\n<meta name=\"twitter:label1\" content=\"Escrito por\" \/>\n\t<meta name=\"twitter:data1\" content=\"Janize Cola\u00e7o\" \/>\n\t<meta name=\"twitter:label2\" content=\"Est. tempo de leitura\" \/>\n\t<meta name=\"twitter:data2\" content=\"3 minutos\" \/>\n<script type=\"application\/ld+json\" class=\"yoast-schema-graph\">{\"@context\":\"https:\/\/schema.org\",\"@graph\":[{\"@type\":\"NewsArticle\",\"@id\":\"https:\/\/www.suno.com.br\/noticias\/orcamento-secreto-votacao-stf-adiada\/#article\",\"isPartOf\":{\"@id\":\"https:\/\/www.suno.com.br\/noticias\/orcamento-secreto-votacao-stf-adiada\/\"},\"author\":{\"name\":\"Janize Cola\u00e7o\",\"@id\":\"https:\/\/www.suno.com.br\/noticias\/#\/schema\/person\/d689f06da5678e1f0b1ee402f001d676\"},\"headline\":\"Or\u00e7amento Secreto: vota\u00e7\u00e3o no STF \u00e9 adiada com placar de 5 a 4 contra as emendas de relator\",\"datePublished\":\"2022-12-15T22:43:32+00:00\",\"dateModified\":\"2022-12-15T23:16:45+00:00\",\"mainEntityOfPage\":{\"@id\":\"https:\/\/www.suno.com.br\/noticias\/orcamento-secreto-votacao-stf-adiada\/\"},\"wordCount\":613,\"publisher\":{\"@id\":\"https:\/\/www.suno.com.br\/noticias\/#organization\"},\"image\":{\"@id\":\"https:\/\/www.suno.com.br\/noticias\/orcamento-secreto-votacao-stf-adiada\/#primaryimage\"},\"thumbnailUrl\":\"https:\/\/files.sunoresearch.com.br\/n\/uploads\/2022\/12\/Fachada-do-edificio-sede-do-Supremo-Tribunal-Federal-STF.jpg\",\"keywords\":[\"Or\u00e7amento P\u00fablico\",\"Supremo Tribunal Federal (STF)\"],\"articleSection\":[\"Pol\u00edtica\"],\"inLanguage\":\"pt-BR\"},{\"@type\":\"WebPage\",\"@id\":\"https:\/\/www.suno.com.br\/noticias\/orcamento-secreto-votacao-stf-adiada\/\",\"url\":\"https:\/\/www.suno.com.br\/noticias\/orcamento-secreto-votacao-stf-adiada\/\",\"name\":\"Or\u00e7amento Secreto: vota\u00e7\u00e3o no STF \u00e9 adiada com placar de 5 a 4\",\"isPartOf\":{\"@id\":\"https:\/\/www.suno.com.br\/noticias\/#website\"},\"primaryImageOfPage\":{\"@id\":\"https:\/\/www.suno.com.br\/noticias\/orcamento-secreto-votacao-stf-adiada\/#primaryimage\"},\"image\":{\"@id\":\"https:\/\/www.suno.com.br\/noticias\/orcamento-secreto-votacao-stf-adiada\/#primaryimage\"},\"thumbnailUrl\":\"https:\/\/files.sunoresearch.com.br\/n\/uploads\/2022\/12\/Fachada-do-edificio-sede-do-Supremo-Tribunal-Federal-STF.jpg\",\"datePublished\":\"2022-12-15T22:43:32+00:00\",\"dateModified\":\"2022-12-15T23:16:45+00:00\",\"description\":\"Foi adiada a vota\u00e7\u00e3o sobre o or\u00e7amento secreto no STF. Nove ministros j\u00e1 tomaram suas decis\u00f5es e dois pediram tempo para an\u00e1lise. Entenda!\",\"breadcrumb\":{\"@id\":\"https:\/\/www.suno.com.br\/noticias\/orcamento-secreto-votacao-stf-adiada\/#breadcrumb\"},\"inLanguage\":\"pt-BR\",\"potentialAction\":[{\"@type\":\"ReadAction\",\"target\":[\"https:\/\/www.suno.com.br\/noticias\/orcamento-secreto-votacao-stf-adiada\/\"]}]},{\"@type\":\"ImageObject\",\"inLanguage\":\"pt-BR\",\"@id\":\"https:\/\/www.suno.com.br\/noticias\/orcamento-secreto-votacao-stf-adiada\/#primaryimage\",\"url\":\"https:\/\/files.sunoresearch.com.br\/n\/uploads\/2022\/12\/Fachada-do-edificio-sede-do-Supremo-Tribunal-Federal-STF.jpg\",\"contentUrl\":\"https:\/\/files.sunoresearch.com.br\/n\/uploads\/2022\/12\/Fachada-do-edificio-sede-do-Supremo-Tribunal-Federal-STF.jpg\",\"width\":1200,\"height\":800,\"caption\":\"Governo vai ao STF. Foto: Marcello Casal Jr\/Ag\u00eancia Brasil\"},{\"@type\":\"BreadcrumbList\",\"@id\":\"https:\/\/www.suno.com.br\/noticias\/orcamento-secreto-votacao-stf-adiada\/#breadcrumb\",\"itemListElement\":[{\"@type\":\"ListItem\",\"position\":1,\"name\":\"Not\u00edcias\",\"item\":\"https:\/\/www.suno.com.br\/noticias\/\"},{\"@type\":\"ListItem\",\"position\":2,\"name\":\"Pol\u00edtica\",\"item\":\"https:\/\/www.suno.com.br\/noticias\/politica\/\"},{\"@type\":\"ListItem\",\"position\":3,\"name\":\"Or\u00e7amento Secreto: vota\u00e7\u00e3o no STF \u00e9 adiada com placar de 5 a 4 contra as emendas de relator\"}]},{\"@type\":\"WebSite\",\"@id\":\"https:\/\/www.suno.com.br\/noticias\/#website\",\"url\":\"https:\/\/www.suno.com.br\/noticias\/\",\"name\":\"Suno Not\u00edcias\",\"description\":\"Seu portal de informa\u00e7\u00e3o sobre o mundo dos investimentos\",\"publisher\":{\"@id\":\"https:\/\/www.suno.com.br\/noticias\/#organization\"},\"potentialAction\":[{\"@type\":\"SearchAction\",\"target\":{\"@type\":\"EntryPoint\",\"urlTemplate\":\"https:\/\/www.suno.com.br\/noticias\/?s={search_term_string}\"},\"query-input\":{\"@type\":\"PropertyValueSpecification\",\"valueRequired\":true,\"valueName\":\"search_term_string\"}}],\"inLanguage\":\"pt-BR\"},{\"@type\":\"Organization\",\"@id\":\"https:\/\/www.suno.com.br\/noticias\/#organization\",\"name\":\"Suno Not\u00edcias\",\"url\":\"https:\/\/www.suno.com.br\/noticias\/\",\"logo\":{\"@type\":\"ImageObject\",\"inLanguage\":\"pt-BR\",\"@id\":\"https:\/\/www.suno.com.br\/noticias\/#\/schema\/logo\/image\/\",\"url\":\"https:\/\/files.sunoresearch.com.br\/n\/uploads\/2021\/09\/suno-logo.png\",\"contentUrl\":\"https:\/\/files.sunoresearch.com.br\/n\/uploads\/2021\/09\/suno-logo.png\",\"width\":180,\"height\":180,\"caption\":\"Suno Not\u00edcias\"},\"image\":{\"@id\":\"https:\/\/www.suno.com.br\/noticias\/#\/schema\/logo\/image\/\"},\"sameAs\":[\"https:\/\/facebook.com\/sunoresearch\",\"https:\/\/x.com\/sunoresearch\",\"https:\/\/www.instagram.com\/suno\",\"https:\/\/www.linkedin.com\/company\/suno-research\/\",\"https:\/\/www.youtube.com\/c\/sunoresearch\"]},{\"@type\":\"Person\",\"@id\":\"https:\/\/www.suno.com.br\/noticias\/#\/schema\/person\/d689f06da5678e1f0b1ee402f001d676\",\"name\":\"Janize Cola\u00e7o\",\"image\":{\"@type\":\"ImageObject\",\"inLanguage\":\"pt-BR\",\"@id\":\"https:\/\/www.suno.com.br\/noticias\/#\/schema\/person\/image\/\",\"url\":\"https:\/\/secure.gravatar.com\/avatar\/32b3bf89abae63ca2cf961bc051522d0?s=96&r=g\",\"contentUrl\":\"https:\/\/secure.gravatar.com\/avatar\/32b3bf89abae63ca2cf961bc051522d0?s=96&r=g\",\"caption\":\"Janize Cola\u00e7o\"},\"description\":\"Jornalista formada pela PUC-SP com passagens pela Record TV, Globo Cond\u00e9 Nast, Revista Panrotas e Editora Via. Hoje, \u00e9 rep\u00f3rter no Suno Not\u00edcias, cobrindo pautas sobre mercado, pol\u00edtica, economia e bolsa de valores.\",\"url\":\"https:\/\/www.suno.com.br\/noticias\/author\/janize-colaco\/\"}]}<\/script>\n<!-- \/ Yoast SEO plugin. -->","yoast_head_json":{"title":"Or\u00e7amento Secreto: vota\u00e7\u00e3o no STF \u00e9 adiada com placar de 5 a 4","description":"Foi adiada a vota\u00e7\u00e3o sobre o or\u00e7amento secreto no STF. Nove ministros j\u00e1 tomaram suas decis\u00f5es e dois pediram tempo para an\u00e1lise. Entenda!","robots":{"index":"index","follow":"follow","max-snippet":"max-snippet:-1","max-image-preview":"max-image-preview:large","max-video-preview":"max-video-preview:-1"},"canonical":"https:\/\/www.suno.com.br\/noticias\/orcamento-secreto-votacao-stf-adiada\/","og_locale":"pt_BR","og_type":"article","og_title":"Or\u00e7amento Secreto: vota\u00e7\u00e3o no STF \u00e9 adiada com placar de 5 a 4","og_description":"Foi adiada a vota\u00e7\u00e3o sobre o or\u00e7amento secreto no STF. Nove ministros j\u00e1 tomaram suas decis\u00f5es e dois pediram tempo para an\u00e1lise. Entenda!","og_url":"https:\/\/www.suno.com.br\/noticias\/orcamento-secreto-votacao-stf-adiada\/","og_site_name":"Suno Not\u00edcias","article_publisher":"https:\/\/facebook.com\/sunoresearch","og_image":[{"width":1200,"height":800,"url":"https:\/\/files.sunoresearch.com.br\/n\/uploads\/2022\/12\/Fachada-do-edificio-sede-do-Supremo-Tribunal-Federal-STF.jpg","type":"image\/jpeg"}],"author":"Janize Cola\u00e7o","twitter_card":"summary_large_image","twitter_creator":"@sunoresearch","twitter_site":"@sunoresearch","twitter_misc":{"Escrito por":"Janize Cola\u00e7o","Est. tempo de leitura":"3 minutos"},"schema":{"@context":"https:\/\/schema.org","@graph":[{"@type":"NewsArticle","@id":"https:\/\/www.suno.com.br\/noticias\/orcamento-secreto-votacao-stf-adiada\/#article","isPartOf":{"@id":"https:\/\/www.suno.com.br\/noticias\/orcamento-secreto-votacao-stf-adiada\/"},"author":{"name":"Janize Cola\u00e7o","@id":"https:\/\/www.suno.com.br\/noticias\/#\/schema\/person\/d689f06da5678e1f0b1ee402f001d676"},"headline":"Or\u00e7amento Secreto: vota\u00e7\u00e3o no STF \u00e9 adiada com placar de 5 a 4 contra as emendas de relator","datePublished":"2022-12-15T22:43:32+00:00","dateModified":"2022-12-15T23:16:45+00:00","mainEntityOfPage":{"@id":"https:\/\/www.suno.com.br\/noticias\/orcamento-secreto-votacao-stf-adiada\/"},"wordCount":613,"publisher":{"@id":"https:\/\/www.suno.com.br\/noticias\/#organization"},"image":{"@id":"https:\/\/www.suno.com.br\/noticias\/orcamento-secreto-votacao-stf-adiada\/#primaryimage"},"thumbnailUrl":"https:\/\/files.sunoresearch.com.br\/n\/uploads\/2022\/12\/Fachada-do-edificio-sede-do-Supremo-Tribunal-Federal-STF.jpg","keywords":["Or\u00e7amento P\u00fablico","Supremo Tribunal Federal (STF)"],"articleSection":["Pol\u00edtica"],"inLanguage":"pt-BR"},{"@type":"WebPage","@id":"https:\/\/www.suno.com.br\/noticias\/orcamento-secreto-votacao-stf-adiada\/","url":"https:\/\/www.suno.com.br\/noticias\/orcamento-secreto-votacao-stf-adiada\/","name":"Or\u00e7amento Secreto: vota\u00e7\u00e3o no STF \u00e9 adiada com placar de 5 a 4","isPartOf":{"@id":"https:\/\/www.suno.com.br\/noticias\/#website"},"primaryImageOfPage":{"@id":"https:\/\/www.suno.com.br\/noticias\/orcamento-secreto-votacao-stf-adiada\/#primaryimage"},"image":{"@id":"https:\/\/www.suno.com.br\/noticias\/orcamento-secreto-votacao-stf-adiada\/#primaryimage"},"thumbnailUrl":"https:\/\/files.sunoresearch.com.br\/n\/uploads\/2022\/12\/Fachada-do-edificio-sede-do-Supremo-Tribunal-Federal-STF.jpg","datePublished":"2022-12-15T22:43:32+00:00","dateModified":"2022-12-15T23:16:45+00:00","description":"Foi adiada a vota\u00e7\u00e3o sobre o or\u00e7amento secreto no STF. Nove ministros j\u00e1 tomaram suas decis\u00f5es e dois pediram tempo para an\u00e1lise. Entenda!","breadcrumb":{"@id":"https:\/\/www.suno.com.br\/noticias\/orcamento-secreto-votacao-stf-adiada\/#breadcrumb"},"inLanguage":"pt-BR","potentialAction":[{"@type":"ReadAction","target":["https:\/\/www.suno.com.br\/noticias\/orcamento-secreto-votacao-stf-adiada\/"]}]},{"@type":"ImageObject","inLanguage":"pt-BR","@id":"https:\/\/www.suno.com.br\/noticias\/orcamento-secreto-votacao-stf-adiada\/#primaryimage","url":"https:\/\/files.sunoresearch.com.br\/n\/uploads\/2022\/12\/Fachada-do-edificio-sede-do-Supremo-Tribunal-Federal-STF.jpg","contentUrl":"https:\/\/files.sunoresearch.com.br\/n\/uploads\/2022\/12\/Fachada-do-edificio-sede-do-Supremo-Tribunal-Federal-STF.jpg","width":1200,"height":800,"caption":"Governo vai ao STF. Foto: Marcello Casal Jr\/Ag\u00eancia Brasil"},{"@type":"BreadcrumbList","@id":"https:\/\/www.suno.com.br\/noticias\/orcamento-secreto-votacao-stf-adiada\/#breadcrumb","itemListElement":[{"@type":"ListItem","position":1,"name":"Not\u00edcias","item":"https:\/\/www.suno.com.br\/noticias\/"},{"@type":"ListItem","position":2,"name":"Pol\u00edtica","item":"https:\/\/www.suno.com.br\/noticias\/politica\/"},{"@type":"ListItem","position":3,"name":"Or\u00e7amento Secreto: vota\u00e7\u00e3o no STF \u00e9 adiada com placar de 5 a 4 contra as emendas de relator"}]},{"@type":"WebSite","@id":"https:\/\/www.suno.com.br\/noticias\/#website","url":"https:\/\/www.suno.com.br\/noticias\/","name":"Suno Not\u00edcias","description":"Seu portal de informa\u00e7\u00e3o sobre o mundo dos investimentos","publisher":{"@id":"https:\/\/www.suno.com.br\/noticias\/#organization"},"potentialAction":[{"@type":"SearchAction","target":{"@type":"EntryPoint","urlTemplate":"https:\/\/www.suno.com.br\/noticias\/?s={search_term_string}"},"query-input":{"@type":"PropertyValueSpecification","valueRequired":true,"valueName":"search_term_string"}}],"inLanguage":"pt-BR"},{"@type":"Organization","@id":"https:\/\/www.suno.com.br\/noticias\/#organization","name":"Suno Not\u00edcias","url":"https:\/\/www.suno.com.br\/noticias\/","logo":{"@type":"ImageObject","inLanguage":"pt-BR","@id":"https:\/\/www.suno.com.br\/noticias\/#\/schema\/logo\/image\/","url":"https:\/\/files.sunoresearch.com.br\/n\/uploads\/2021\/09\/suno-logo.png","contentUrl":"https:\/\/files.sunoresearch.com.br\/n\/uploads\/2021\/09\/suno-logo.png","width":180,"height":180,"caption":"Suno Not\u00edcias"},"image":{"@id":"https:\/\/www.suno.com.br\/noticias\/#\/schema\/logo\/image\/"},"sameAs":["https:\/\/facebook.com\/sunoresearch","https:\/\/x.com\/sunoresearch","https:\/\/www.instagram.com\/suno","https:\/\/www.linkedin.com\/company\/suno-research\/","https:\/\/www.youtube.com\/c\/sunoresearch"]},{"@type":"Person","@id":"https:\/\/www.suno.com.br\/noticias\/#\/schema\/person\/d689f06da5678e1f0b1ee402f001d676","name":"Janize Cola\u00e7o","image":{"@type":"ImageObject","inLanguage":"pt-BR","@id":"https:\/\/www.suno.com.br\/noticias\/#\/schema\/person\/image\/","url":"https:\/\/secure.gravatar.com\/avatar\/32b3bf89abae63ca2cf961bc051522d0?s=96&r=g","contentUrl":"https:\/\/secure.gravatar.com\/avatar\/32b3bf89abae63ca2cf961bc051522d0?s=96&r=g","caption":"Janize Cola\u00e7o"},"description":"Jornalista formada pela PUC-SP com passagens pela Record TV, Globo Cond\u00e9 Nast, Revista Panrotas e Editora Via. Hoje, \u00e9 rep\u00f3rter no Suno Not\u00edcias, cobrindo pautas sobre mercado, pol\u00edtica, economia e bolsa de valores.","url":"https:\/\/www.suno.com.br\/noticias\/author\/janize-colaco\/"}]}},"default_loop_html":"<div class=\"cardsPage__listCard__boxs\"><div class=\"cardsPage__listCard__boxs__img\"><a href=\"https:\/\/www.suno.com.br\/noticias\/orcamento-secreto-votacao-stf-adiada\/\"><img class=\"mask\" src=\"https:\/\/www.suno.com.br\/noticias\/wp-content\/themes\/suno\/resources\/images\/spotlight\/spotlight1img\/bg-mask.png\" alt=\"Image Mask\"\/><img src=\"https:\/\/files.sunoresearch.com.br\/n\/uploads\/2022\/12\/Fachada-do-edificio-sede-do-Supremo-Tribunal-Federal-STF-400x200.jpg\" alt=\"Or\u00e7amento Secreto: vota\u00e7\u00e3o no STF \u00e9 adiada com placar de 5 a 4 contra as emendas de relator\"\/><\/a><span class=\"spotlightCategory\"><a href=\"https:\/\/www.suno.com.br\/noticias\/politica\/\">Pol\u00edtica<\/a><\/span><\/div><div class=\"cardsPage__listCard__boxs__content\"><a href=\"https:\/\/www.suno.com.br\/noticias\/orcamento-secreto-votacao-stf-adiada\/\"><h2 class=\"content__title\">Or\u00e7amento Secreto: vota\u00e7\u00e3o no STF \u00e9 adiada com placar de 5 a 4 contra as emendas de relator<\/h2><\/a><div class=\"newsContent__article__meta\"><div class=\"newsContent__article__meta__authorBox\"><a href=\"https:\/\/www.suno.com.br\/noticias\/author\/janize-colaco\/\" class=\"authorBox__avatar noMobi\"><img src=\"https:\/\/files.sunoresearch.com.br\/n\/uploads\/2022\/11\/20221120_111807-1-150x150.jpg\" alt=\"Janize Cola\u00e7o\"><\/a><div class=\"authorBox__name\"><span>por\n\t\t\t<a href=\"https:\/\/www.suno.com.br\/noticias\/author\/janize-colaco\/\"><span itemprop=\"author\">Janize Cola\u00e7o<\/span><\/a><\/span><time datetime=\"2022-12-15T19:43:32-03:00\" itemprop=\"datePublished\">15\/12\/2022 19:43<\/time><\/div><\/div><\/div><\/div><\/div>","single_layout":"posts","amp_enabled":true,"_links":{"self":[{"href":"https:\/\/www.suno.com.br\/noticias\/wp-json\/wp\/v2\/posts\/335504"}],"collection":[{"href":"https:\/\/www.suno.com.br\/noticias\/wp-json\/wp\/v2\/posts"}],"about":[{"href":"https:\/\/www.suno.com.br\/noticias\/wp-json\/wp\/v2\/types\/post"}],"author":[{"embeddable":true,"href":"https:\/\/www.suno.com.br\/noticias\/wp-json\/wp\/v2\/users\/233"}],"replies":[{"embeddable":true,"href":"https:\/\/www.suno.com.br\/noticias\/wp-json\/wp\/v2\/comments?post=335504"}],"version-history":[{"count":2,"href":"https:\/\/www.suno.com.br\/noticias\/wp-json\/wp\/v2\/posts\/335504\/revisions"}],"predecessor-version":[{"id":335563,"href":"https:\/\/www.suno.com.br\/noticias\/wp-json\/wp\/v2\/posts\/335504\/revisions\/335563"}],"wp:featuredmedia":[{"embeddable":true,"href":"https:\/\/www.suno.com.br\/noticias\/wp-json\/wp\/v2\/media\/335517"}],"wp:attachment":[{"href":"https:\/\/www.suno.com.br\/noticias\/wp-json\/wp\/v2\/media?parent=335504"}],"wp:term":[{"taxonomy":"category","embeddable":true,"href":"https:\/\/www.suno.com.br\/noticias\/wp-json\/wp\/v2\/categories?post=335504"},{"taxonomy":"post_tag","embeddable":true,"href":"https:\/\/www.suno.com.br\/noticias\/wp-json\/wp\/v2\/tags?post=335504"},{"taxonomy":"suno_strategy","embeddable":true,"href":"https:\/\/www.suno.com.br\/noticias\/wp-json\/wp\/v2\/suno_strategy?post=335504"}],"curies":[{"name":"wp","href":"https:\/\/api.w.org\/{rel}","templated":true}]}}