{"id":335192,"date":"2022-12-15T16:17:43","date_gmt":"2022-12-15T19:17:43","guid":{"rendered":"https:\/\/www.suno.com.br\/noticias\/?p=335192"},"modified":"2022-12-15T16:17:47","modified_gmt":"2022-12-15T19:17:47","slug":"campos-neto-presidente-banco-central-bc","status":"publish","type":"post","link":"https:\/\/www.suno.com.br\/noticias\/campos-neto-presidente-banco-central-bc\/","title":{"rendered":"Campos Neto rejeita recondu\u00e7\u00e3o e ser\u00e1 presidente do Banco Central somente at\u00e9 2024"},"content":{"rendered":"<p>O atual presidente do Banco Central, <a href=\"https:\/\/www.suno.com.br\/artigos\/roberto-campos-neto\" target=\"_blank\" rel=\"noreferrer noopener\">Roberto <strong>Campos Neto<\/strong><\/a>, reafirmou nesta quinta-feira (15) que terminar\u00e1 seu mandato em 2024 e n\u00e3o pretende voltar ao cargo.<\/p><div class=\"videoFull \">\n\t\t\t<div class=\"videoWrapper yt-lazyload center\"\n\t\t\t\tdata-width=\"960\"\n\t\t\t\tdata-height=\"540\"\n\t\t\t\tdata-id=\"qbkl5GFokok\"\n\t\t\t\tdata-alt=\"V\u00eddeo do YouTube - clique para reproduzir\"\n\t\t\t\tdata-logo=\"3\"\n\t\t\t\tdata-imagequality=\"maxres\">\n\t\t\t<\/div>\n\t\t<\/div><script type=\"application\/ld+json\">{\"@context\":\"https:\/\/schema.org\",\"@type\":\"VideoObject\",\"name\":\"LEI DAS ESTATAIS NO FOCO | PEC da Transi\u00e7\u00e3o na C\u00e2mara | Fim da recupera\u00e7\u00e3o judicial da Oi (OIBR3)\",\"description\":\"\u26a1 SUNO PREMIUM COM 30% DE DESCONTO \ud835\udde3\ud835\udde2\ud835\udde5 \ud835\udde7\ud835\uddd8\ud835\udde0\ud835\udde3\ud835\udde2 \ud835\udddf\ud835\udddc\ud835\udde0\ud835\udddc\ud835\udde7\ud835\uddd4\ud835\uddd7\ud835\udde2. https:\/\/lp.suno.com.br\/pv\/sr-premium\/viver-de-renda\/?utm_source=youtube.noticias&utm_medium=live&utm_campaign=RS.SPR22.ns.20221209&utm_content=ytnoticias.live.13122022 #morningcall #leidasestatais #estatais #petr4 #bbas3 #pecdatransi\u00e7\u00e3o #c\u00e2maradosdeputados #oibr3 #oi #recupera\u00e7\u00e3ojudicial #pol\u00edtica #investimentos #bolsadevalores #mercadofinanceiro \ud835\udc08\ud835\udc0d\ud835\udc12\ud835\udc02\ud835\udc11\ud835\udc04\ud835\udc15\ud835\udc00-\ud835\udc12\ud835\udc04 \ud835\udc0d\ud835\udc0e \ud835\udc02\ud835\udc00\ud835\udc0d\ud835\udc00\ud835\udc0b \ud835\udc04 \ud835\udc00\ud835\udc13\ud835\udc08\ud835\udc15\ud835\udc04 \ud835\udc0e \ud835\udc12\ud835\udc08\ud835\udc0d\ud835\udc0e \ud83d\udc47 https:\/\/bit.ly\/INSCREVA-SEATIVEOSINO \ud83d\udcda \ud83d\udcb8 \ud83d\udcca \ud835\udde3\ud835\udddf\ud835\uddd4\ud835\udde1\ud835\udddc\ud835\udddf\ud835\udddb\ud835\uddd4 \ud835\uddd7\ud835\uddd8 \ud835\uddd6\ud835\udde2\ud835\udde1\ud835\udde7\ud835\udde5\ud835\udde2\ud835\udddf\ud835\uddd8 \ud835\uddd9\ud835\udddc\ud835\udde1\ud835\uddd4\ud835\udde1\ud835\uddd6\ud835\uddd8\ud835\udddc\ud835\udde5\ud835\udde2: \ud835\uddd5\ud835\uddee\ud835\uddf6\ud835\ude05\ud835\uddf2 \ud835\uddee \ud835\uddfd\ud835\uddf9\ud835\uddee\ud835\uddfb\ud835\uddf6\ud835\uddf9\ud835\uddf5\ud835\uddee AGORA antes que acabe! \ud83d\udc49 https:\/\/lp.suno.com.br\/planilha-da-vida-financeira\/?utm_source=youtube.noticias&utm_medium=live&utm_campaign=planilhadavidafinanceira.20221128&utm_content=ytnoticias.morning.02122022 \ud83d\udcda \ud835\udc04-\ud835\udc1b\ud835\udc28\ud835\udc28\ud835\udc24 \"\ud835\udc02\ud835\udc28\ud835\udc26\ud835\udc28 \ud835\udc22\ud835\udc27\ud835\udc2f\ud835\udc1e\ud835\udc2c\ud835\udc2d\ud835\udc22\ud835\udc2b \ud835\udc1e\ud835\udc26\u2026\",\"duration\":\"PT29M9S\",\"embedUrl\":\"https:\/\/www.youtube.com\/embed\/qbkl5GFokok\",\"regionsAllowed\":\"pt-BR\",\"interactionStatistic\":{\"@type\":\"InteractionCounter\",\"interactionType\":{\"@type\":\"WatchAction\"},\"userInteractionCount\":2002},\"thumbnailUrl\":\"https:\/\/i.ytimg.com\/vi\/qbkl5GFokok\/default.jpg\",\"uploadDate\":\"2022-12-15T12:33:42Z\"}<\/script>\n\n\n\n\n\t<p>\n\t\t<a href=\"\" target=\"_blank\" data-element=\"shortcode-suno-banner\" title=\"Banner SUNO, clique e saiba mais\">\n\t\t\t<picture>\n\t\t\t\t<source media=\"(max-width: 500px)\" srcset=\"\">\n\t\t\t\t<img class=\"newsContent__article__imgCapa newsContent__article__imgCapa--banner\"\n\t\t\t\t\tsrc=\"\"\n\t\t\t\t\tdata-promo-id=\"240038\"\t\t\t\t\t\t\t\t\t\t\t\t\t\t\talt=\"\"\n\t\t\t\t>\n\t\t\t<\/picture>\n\t\t<\/a>\n\t<\/p>\n\n\n\n\n\n<p>O <a href=\"https:\/\/www.suno.com.br\/artigos\/bacen\" target=\"_blank\" rel=\"noreferrer noopener\"><strong>presidente do Banco Central<\/strong> <\/a>tamb\u00e9m destacou que n\u00e3o pretende aceitar qualquer eventual proposta do novo governo por um segundo mandato \u00e0 frente da autoridade monet\u00e1ria. Campos Neto, em suas falas, destaca que \u00e9 contra a recondu\u00e7\u00e3o.<\/p>\n\n\n\n<p>&#8220;Tenho dito h\u00e1 bastante tempo que um mandato \u00e9 suficiente pra fazer o que eu queria fazer. Desde o come\u00e7o disse que n\u00e3o achava bom haver recondu\u00e7\u00e3o, inclusive fui contra no debate sobre a lei de autonomia do <strong><a href=\"https:\/\/www.suno.com.br\/noticias\/ata-copom-incerteza-fiscal-bc\/\" target=\"_blank\" rel=\"noreferrer noopener\">Banco Central<\/a><\/strong>&#8220;, reafirmou Roberto Campos Neto.<\/p>\n\n\n\n<p>Segundo ele, esse tema n\u00e3o foi debatido no encontro com o futuro ministro da Fazenda, <strong><a href=\"https:\/\/www.suno.com.br\/noticias\/haddad-teto-gastos-saida-precaria\/\" target=\"_blank\" rel=\"noreferrer noopener\">Fernando Haddad<\/a><\/strong>, nesta semana. <\/p>\n\n\n\n<p>&#8220;Pretendo ficar at\u00e9 o fim do meu mandato&#8221;, enfatizou.<\/p>\n\n\n\n\t<div data-element=\"shortcode-read-more\" class=\"readToo\">\n\t\t\t\t<span class=\"readToo__title\">Leia mais<\/span>\n\t\t\t\t<ul class=\"readToo__list\">\n\t\t\t<li><a href=\"https:\/\/www.suno.com.br\/noticias\/investidor-estrangeiro-compras-bolsa\/\">Gringo vai \u00e0s compras: Investidor estrangeiro tem fluxo positivo de R$ 2,9 bilh\u00f5es na bolsa apesar do risco fiscal<\/a><\/li><li><a href=\"https:\/\/www.suno.com.br\/noticias\/haddad-teto-gastos-saida-precaria\/\">Todo mundo sabia que o teto de gastos era uma sa\u00edda prec\u00e1ria, diz Haddad<\/a><\/li><li><a href=\"https:\/\/www.suno.com.br\/noticias\/ata-copom-incerteza-fiscal-bc\/\">Ata do Copom: &#8216;Incerteza fiscal pode reduzir efici\u00eancia da atua\u00e7\u00e3o do Banco Central&#8217;<\/a><\/li><li><a href=\"https:\/\/www.suno.com.br\/noticias\/campos-neto-cargo-governo\/\">Campos Neto diz que n\u00e3o aceitar\u00e1 seguir no cargo independentemente do governo<\/a><\/li>\t\t<\/ul>\n\t<\/div>\n\n\n\n\n<h2 class=\"wp-block-heading\" id=\"h-campos-neto-detalha-primeira-conversa-com-haddad\">Campos Neto detalha primeira conversa com Haddad<\/h2>\n\n\n\n<p>O presidente do Banco Central relatou tamb\u00e9m que sua primeira conversa com Haddad foi bastante positiva.<\/p>\n\n\n\n<p>&#8220;O ponto principal de conversa com Haddad foi coordena\u00e7\u00e3o de <a href=\"https:\/\/www.suno.com.br\/artigos\/politica-monetaria\" target=\"_blank\" rel=\"noreferrer noopener\"><strong>pol\u00edtica monet\u00e1ria<\/strong> <\/a>e fiscal, e ele disse que concordava com quase todos os pontos trazidos. Tamb\u00e9m conversamos sobre acesso de empresas a mercado de capitais&#8221;, afirmou Campos Neto.<\/p>\n\n\n\n<p>E completou: &#8220;Espero continuar conversa pr\u00f3xima com Haddad, por coordena\u00e7\u00e3o fiscal e monet\u00e1ria. O mais prov\u00e1vel \u00e9 que ocorra reuni\u00f5es com frequ\u00eancia.&#8221;<\/p>\n\n\n\t<p>\n\t\t<a href=\"https:\/\/lp.suno.com.br\/planilha-controle-gastos\/\" target=\"_blank\" data-element=\"shortcode-suno-banner\" title=\"Banner SUNO, clique e saiba mais\">\n\t\t\t<picture>\n\t\t\t\t<source media=\"(max-width: 500px)\" srcset=\"https:\/\/files.sunoresearch.com.br\/n\/uploads\/2023\/03\/400x300-Planilha-controle-de-gastos.png\">\n\t\t\t\t<img class=\"newsContent__article__imgCapa newsContent__article__imgCapa--banner\"\n\t\t\t\t\tsrc=\"https:\/\/files.sunoresearch.com.br\/n\/uploads\/2023\/03\/1420x240-Planilha-controle-de-gastos.png\"\n\t\t\t\t\tdata-promo-id=\"101751\"\t\t\t\t\t\t\t\t\t\twidth='1420' height='240'\t\t\t\t\talt=\"https:\/\/files.sunoresearch.com.br\/n\/uploads\/2023\/03\/1420x240-Planilha-controle-de-gastos.png\"\n\t\t\t\t>\n\t\t\t<\/picture>\n\t\t<\/a>\n\t<\/p>\n\n\n\n\n\n<h2 class=\"wp-block-heading\">Inadimpl\u00eancia sobe, mas n\u00e3o gera risco sist\u00eamico diz presidente do Banco Central<\/h2>\n\n\n\n<p>Campos Neto tamb\u00e9m disse que o aumento da inadimpl\u00eancia \u00e9 discutida &#8220;com seriedade&#8221; pela autoridade monet\u00e1ria. <\/p>\n\n\n\n<p>&#8220;Mas entendemos que esse movimento n\u00e3o gera risco sist\u00eamico ou financeiro, nem que haja um aumento dos chamados superendividados&#8221;, respondeu.<\/p>\n\n\n\n<p>A taxa de <a href=\"https:\/\/www.suno.com.br\/artigos\/inadimplencia\" target=\"_blank\" rel=\"noreferrer noopener\">inadimpl\u00eancia<\/a> nas opera\u00e7\u00f5es de cr\u00e9dito livre com os bancos passou de 4,1% para 4,2% de setembro para outubro. Para as pessoas f\u00edsicas, a taxa de inadimpl\u00eancia passou de 5,8% para 5,9% de um m\u00eas para o outro. No caso das empresas, variou de 1,9% para 2,0% per\u00edodo.<\/p>\n\n\n\n<p>O presidente do BC repetiu ainda que a substitui\u00e7\u00e3o da TJLP pela TLP no governo de Michel Temer foi um ganho institucional. <\/p>\n\n\n\n<p>&#8220;Houve uma expans\u00e3o do <a href=\"https:\/\/www.suno.com.br\/artigos\/mercado-de-capitais-conceito\/\" target=\"_blank\" rel=\"noreferrer noopener\">mercado de capitais<\/a>, uma redu\u00e7\u00e3o da taxa neutra. Foi uma mudan\u00e7a muito boa que gerou ganhos de efici\u00eancia na economia&#8221;, disse <strong>Campos Neto<\/strong>.<\/p>\n\n\n\n<p>Com Estad\u00e3o Conte\u00fado<\/p>\n\n\n\t<p>\n\t\t<a href=\"https:\/\/lp.suno.com.br\/planilha-da-vida-financeira\/\" target=\"_blank\" data-element=\"shortcode-suno-banner\" title=\"Banner SUNO, clique e saiba mais\">\n\t\t\t<picture>\n\t\t\t\t<source media=\"(max-width: 500px)\" srcset=\"https:\/\/files.sunoresearch.com.br\/n\/uploads\/2023\/04\/400x300-Planilha-vida-financeira-true.png\">\n\t\t\t\t<img class=\"newsContent__article__imgCapa newsContent__article__imgCapa--banner\"\n\t\t\t\t\tsrc=\"https:\/\/files.sunoresearch.com.br\/n\/uploads\/2023\/04\/1420x240-Planilha-vida-financeira-true.png\"\n\t\t\t\t\tdata-promo-id=\"106682\"\t\t\t\t\t\t\t\t\t\twidth='1420' height='240'\t\t\t\t\talt=\"https:\/\/files.sunoresearch.com.br\/n\/uploads\/2023\/04\/1420x240-Planilha-vida-financeira-true.png\"\n\t\t\t\t>\n\t\t\t<\/picture>\n\t\t<\/a>\n\t<\/p>\n\n\n","protected":false},"excerpt":{"rendered":"<p>O atual presidente do Banco Central, Roberto Campos Neto, reafirmou nesta quinta-feira (15) que terminar\u00e1 seu mandato em 2024 e n\u00e3o pretende voltar ao cargo. O presidente do Banco Central tamb\u00e9m destacou que n\u00e3o pretende aceitar qualquer eventual proposta do novo governo por um segundo mandato \u00e0 frente da autoridade monet\u00e1ria. Campos Neto, em suas [&hellip;]<\/p>\n","protected":false},"author":73,"featured_media":234139,"comment_status":"closed","ping_status":"closed","sticky":false,"template":"","format":"standard","meta":[],"categories":[62],"tags":[106444,1842,1113],"suno_strategy":[],"class_list":["post-335192","post","type-post","status-publish","format-standard","has-post-thumbnail","hentry","category-economia","tag-agencias","tag-banco-central-bc","tag-roberto-campos-neto"],"yoast_head":"<!-- This site is optimized with the Yoast SEO plugin v24.4 - https:\/\/yoast.com\/wordpress\/plugins\/seo\/ -->\n<title>Campos Neto rejeita recondu\u00e7\u00e3o e presidir\u00e1 Banco Central at\u00e9 2024<\/title>\n<meta name=\"description\" content=\"O atual presidente do Banco Central, Roberto Campos Neto, tamb\u00e9m disse que n\u00e3o discutiu recondu\u00e7\u00e3o ao cargo com Haddad. Clique e confira!\" \/>\n<meta name=\"robots\" content=\"index, follow, max-snippet:-1, max-image-preview:large, max-video-preview:-1\" \/>\n<link rel=\"canonical\" href=\"https:\/\/www.suno.com.br\/noticias\/campos-neto-presidente-banco-central-bc\/\" \/>\n<meta property=\"og:locale\" content=\"pt_BR\" \/>\n<meta property=\"og:type\" content=\"article\" \/>\n<meta property=\"og:title\" content=\"Campos Neto rejeita recondu\u00e7\u00e3o e presidir\u00e1 Banco Central at\u00e9 2024\" \/>\n<meta property=\"og:description\" content=\"O atual presidente do Banco Central, Roberto Campos Neto, tamb\u00e9m disse que n\u00e3o discutiu recondu\u00e7\u00e3o ao cargo com Haddad. Clique e confira!\" \/>\n<meta property=\"og:url\" content=\"https:\/\/www.suno.com.br\/noticias\/campos-neto-presidente-banco-central-bc\/\" \/>\n<meta property=\"og:site_name\" content=\"Suno Not\u00edcias\" \/>\n<meta property=\"article:publisher\" content=\"https:\/\/facebook.com\/sunoresearch\" \/>\n<meta property=\"og:image\" content=\"https:\/\/files.sunoresearch.com.br\/n\/uploads\/2022\/02\/51398700017_039d44c28a_o-scaled.jpg\" \/>\n\t<meta property=\"og:image:width\" content=\"2560\" \/>\n\t<meta property=\"og:image:height\" content=\"1675\" \/>\n\t<meta property=\"og:image:type\" content=\"image\/jpeg\" \/>\n<meta name=\"author\" content=\"Eduardo Vargas\" \/>\n<meta name=\"twitter:card\" content=\"summary_large_image\" \/>\n<meta name=\"twitter:creator\" content=\"@sunoresearch\" \/>\n<meta name=\"twitter:site\" content=\"@sunoresearch\" \/>\n<meta name=\"twitter:label1\" content=\"Escrito por\" \/>\n\t<meta name=\"twitter:data1\" content=\"Eduardo Vargas\" \/>\n\t<meta name=\"twitter:label2\" content=\"Est. tempo de leitura\" \/>\n\t<meta name=\"twitter:data2\" content=\"3 minutos\" \/>\n<script type=\"application\/ld+json\" class=\"yoast-schema-graph\">{\"@context\":\"https:\/\/schema.org\",\"@graph\":[{\"@type\":\"NewsArticle\",\"@id\":\"https:\/\/www.suno.com.br\/noticias\/campos-neto-presidente-banco-central-bc\/#article\",\"isPartOf\":{\"@id\":\"https:\/\/www.suno.com.br\/noticias\/campos-neto-presidente-banco-central-bc\/\"},\"author\":{\"name\":\"Eduardo Vargas\",\"@id\":\"https:\/\/www.suno.com.br\/noticias\/#\/schema\/person\/7f4d362bf3518e76090143ae77bb49a5\"},\"headline\":\"Campos Neto rejeita recondu\u00e7\u00e3o e ser\u00e1 presidente do Banco Central somente at\u00e9 2024\",\"datePublished\":\"2022-12-15T19:17:43+00:00\",\"dateModified\":\"2022-12-15T19:17:47+00:00\",\"mainEntityOfPage\":{\"@id\":\"https:\/\/www.suno.com.br\/noticias\/campos-neto-presidente-banco-central-bc\/\"},\"wordCount\":418,\"publisher\":{\"@id\":\"https:\/\/www.suno.com.br\/noticias\/#organization\"},\"image\":{\"@id\":\"https:\/\/www.suno.com.br\/noticias\/campos-neto-presidente-banco-central-bc\/#primaryimage\"},\"thumbnailUrl\":\"https:\/\/files.sunoresearch.com.br\/n\/uploads\/2022\/02\/51398700017_039d44c28a_o-scaled.jpg\",\"keywords\":[\"Ag\u00eancias\",\"Banco Central (BC)\",\"Roberto Campos Neto\"],\"articleSection\":[\"Economia\"],\"inLanguage\":\"pt-BR\"},{\"@type\":\"WebPage\",\"@id\":\"https:\/\/www.suno.com.br\/noticias\/campos-neto-presidente-banco-central-bc\/\",\"url\":\"https:\/\/www.suno.com.br\/noticias\/campos-neto-presidente-banco-central-bc\/\",\"name\":\"Campos Neto rejeita recondu\u00e7\u00e3o e presidir\u00e1 Banco Central at\u00e9 2024\",\"isPartOf\":{\"@id\":\"https:\/\/www.suno.com.br\/noticias\/#website\"},\"primaryImageOfPage\":{\"@id\":\"https:\/\/www.suno.com.br\/noticias\/campos-neto-presidente-banco-central-bc\/#primaryimage\"},\"image\":{\"@id\":\"https:\/\/www.suno.com.br\/noticias\/campos-neto-presidente-banco-central-bc\/#primaryimage\"},\"thumbnailUrl\":\"https:\/\/files.sunoresearch.com.br\/n\/uploads\/2022\/02\/51398700017_039d44c28a_o-scaled.jpg\",\"datePublished\":\"2022-12-15T19:17:43+00:00\",\"dateModified\":\"2022-12-15T19:17:47+00:00\",\"description\":\"O atual presidente do Banco Central, Roberto Campos Neto, tamb\u00e9m disse que n\u00e3o discutiu recondu\u00e7\u00e3o ao cargo com Haddad. Clique e confira!\",\"breadcrumb\":{\"@id\":\"https:\/\/www.suno.com.br\/noticias\/campos-neto-presidente-banco-central-bc\/#breadcrumb\"},\"inLanguage\":\"pt-BR\",\"potentialAction\":[{\"@type\":\"ReadAction\",\"target\":[\"https:\/\/www.suno.com.br\/noticias\/campos-neto-presidente-banco-central-bc\/\"]}]},{\"@type\":\"ImageObject\",\"inLanguage\":\"pt-BR\",\"@id\":\"https:\/\/www.suno.com.br\/noticias\/campos-neto-presidente-banco-central-bc\/#primaryimage\",\"url\":\"https:\/\/files.sunoresearch.com.br\/n\/uploads\/2022\/02\/51398700017_039d44c28a_o-scaled.jpg\",\"contentUrl\":\"https:\/\/files.sunoresearch.com.br\/n\/uploads\/2022\/02\/51398700017_039d44c28a_o-scaled.jpg\",\"width\":2560,\"height\":1675,\"caption\":\"Roberto Campos Neto. Foto: Raphael Ribeiro\/BCB\"},{\"@type\":\"BreadcrumbList\",\"@id\":\"https:\/\/www.suno.com.br\/noticias\/campos-neto-presidente-banco-central-bc\/#breadcrumb\",\"itemListElement\":[{\"@type\":\"ListItem\",\"position\":1,\"name\":\"Not\u00edcias\",\"item\":\"https:\/\/www.suno.com.br\/noticias\/\"},{\"@type\":\"ListItem\",\"position\":2,\"name\":\"Economia\",\"item\":\"https:\/\/www.suno.com.br\/noticias\/economia\/\"},{\"@type\":\"ListItem\",\"position\":3,\"name\":\"Campos Neto rejeita recondu\u00e7\u00e3o e ser\u00e1 presidente do Banco Central somente at\u00e9 2024\"}]},{\"@type\":\"WebSite\",\"@id\":\"https:\/\/www.suno.com.br\/noticias\/#website\",\"url\":\"https:\/\/www.suno.com.br\/noticias\/\",\"name\":\"Suno Not\u00edcias\",\"description\":\"Seu portal de informa\u00e7\u00e3o sobre o mundo dos investimentos\",\"publisher\":{\"@id\":\"https:\/\/www.suno.com.br\/noticias\/#organization\"},\"potentialAction\":[{\"@type\":\"SearchAction\",\"target\":{\"@type\":\"EntryPoint\",\"urlTemplate\":\"https:\/\/www.suno.com.br\/noticias\/?s={search_term_string}\"},\"query-input\":{\"@type\":\"PropertyValueSpecification\",\"valueRequired\":true,\"valueName\":\"search_term_string\"}}],\"inLanguage\":\"pt-BR\"},{\"@type\":\"Organization\",\"@id\":\"https:\/\/www.suno.com.br\/noticias\/#organization\",\"name\":\"Suno Not\u00edcias\",\"url\":\"https:\/\/www.suno.com.br\/noticias\/\",\"logo\":{\"@type\":\"ImageObject\",\"inLanguage\":\"pt-BR\",\"@id\":\"https:\/\/www.suno.com.br\/noticias\/#\/schema\/logo\/image\/\",\"url\":\"https:\/\/files.sunoresearch.com.br\/n\/uploads\/2021\/09\/suno-logo.png\",\"contentUrl\":\"https:\/\/files.sunoresearch.com.br\/n\/uploads\/2021\/09\/suno-logo.png\",\"width\":180,\"height\":180,\"caption\":\"Suno Not\u00edcias\"},\"image\":{\"@id\":\"https:\/\/www.suno.com.br\/noticias\/#\/schema\/logo\/image\/\"},\"sameAs\":[\"https:\/\/facebook.com\/sunoresearch\",\"https:\/\/x.com\/sunoresearch\",\"https:\/\/www.instagram.com\/suno\",\"https:\/\/www.linkedin.com\/company\/suno-research\/\",\"https:\/\/www.youtube.com\/c\/sunoresearch\"]},{\"@type\":\"Person\",\"@id\":\"https:\/\/www.suno.com.br\/noticias\/#\/schema\/person\/7f4d362bf3518e76090143ae77bb49a5\",\"name\":\"Eduardo Vargas\",\"image\":{\"@type\":\"ImageObject\",\"inLanguage\":\"pt-BR\",\"@id\":\"https:\/\/www.suno.com.br\/noticias\/#\/schema\/person\/image\/\",\"url\":\"https:\/\/secure.gravatar.com\/avatar\/dac340933427a22924c9f99d1eb2e3f2?s=96&r=g\",\"contentUrl\":\"https:\/\/secure.gravatar.com\/avatar\/dac340933427a22924c9f99d1eb2e3f2?s=96&r=g\",\"caption\":\"Eduardo Vargas\"},\"description\":\"Jornalista formado pela UFSC, cobre macroeconomia, neg\u00f3cios e startups para o Suno Not\u00edcias, escrevendo principalmente not\u00edcias sobre o mercado financeiro e a bolsa de valores. No YouTube e no Instagram, \u00e9 respons\u00e1vel pela produ\u00e7\u00e3o de Reels e Shorts do Suno Not\u00edcias. Anteriormente, trabalhou cobrindo economia e cotidiano no ND+ e para o ND, maior jornal impresso de Santa Catarina. Cursou um semestre letivo de Estudos de M\u00eddia na Universidad de Buenos Aires.\",\"url\":\"https:\/\/www.suno.com.br\/noticias\/author\/eduardo-vargas\/\"}]}<\/script>\n<!-- \/ Yoast SEO plugin. -->","yoast_head_json":{"title":"Campos Neto rejeita recondu\u00e7\u00e3o e presidir\u00e1 Banco Central at\u00e9 2024","description":"O atual presidente do Banco Central, Roberto Campos Neto, tamb\u00e9m disse que n\u00e3o discutiu recondu\u00e7\u00e3o ao cargo com Haddad. Clique e confira!","robots":{"index":"index","follow":"follow","max-snippet":"max-snippet:-1","max-image-preview":"max-image-preview:large","max-video-preview":"max-video-preview:-1"},"canonical":"https:\/\/www.suno.com.br\/noticias\/campos-neto-presidente-banco-central-bc\/","og_locale":"pt_BR","og_type":"article","og_title":"Campos Neto rejeita recondu\u00e7\u00e3o e presidir\u00e1 Banco Central at\u00e9 2024","og_description":"O atual presidente do Banco Central, Roberto Campos Neto, tamb\u00e9m disse que n\u00e3o discutiu recondu\u00e7\u00e3o ao cargo com Haddad. Clique e confira!","og_url":"https:\/\/www.suno.com.br\/noticias\/campos-neto-presidente-banco-central-bc\/","og_site_name":"Suno Not\u00edcias","article_publisher":"https:\/\/facebook.com\/sunoresearch","og_image":[{"width":2560,"height":1675,"url":"https:\/\/files.sunoresearch.com.br\/n\/uploads\/2022\/02\/51398700017_039d44c28a_o-scaled.jpg","type":"image\/jpeg"}],"author":"Eduardo Vargas","twitter_card":"summary_large_image","twitter_creator":"@sunoresearch","twitter_site":"@sunoresearch","twitter_misc":{"Escrito por":"Eduardo Vargas","Est. tempo de leitura":"3 minutos"},"schema":{"@context":"https:\/\/schema.org","@graph":[{"@type":"NewsArticle","@id":"https:\/\/www.suno.com.br\/noticias\/campos-neto-presidente-banco-central-bc\/#article","isPartOf":{"@id":"https:\/\/www.suno.com.br\/noticias\/campos-neto-presidente-banco-central-bc\/"},"author":{"name":"Eduardo Vargas","@id":"https:\/\/www.suno.com.br\/noticias\/#\/schema\/person\/7f4d362bf3518e76090143ae77bb49a5"},"headline":"Campos Neto rejeita recondu\u00e7\u00e3o e ser\u00e1 presidente do Banco Central somente at\u00e9 2024","datePublished":"2022-12-15T19:17:43+00:00","dateModified":"2022-12-15T19:17:47+00:00","mainEntityOfPage":{"@id":"https:\/\/www.suno.com.br\/noticias\/campos-neto-presidente-banco-central-bc\/"},"wordCount":418,"publisher":{"@id":"https:\/\/www.suno.com.br\/noticias\/#organization"},"image":{"@id":"https:\/\/www.suno.com.br\/noticias\/campos-neto-presidente-banco-central-bc\/#primaryimage"},"thumbnailUrl":"https:\/\/files.sunoresearch.com.br\/n\/uploads\/2022\/02\/51398700017_039d44c28a_o-scaled.jpg","keywords":["Ag\u00eancias","Banco Central (BC)","Roberto Campos Neto"],"articleSection":["Economia"],"inLanguage":"pt-BR"},{"@type":"WebPage","@id":"https:\/\/www.suno.com.br\/noticias\/campos-neto-presidente-banco-central-bc\/","url":"https:\/\/www.suno.com.br\/noticias\/campos-neto-presidente-banco-central-bc\/","name":"Campos Neto rejeita recondu\u00e7\u00e3o e presidir\u00e1 Banco Central at\u00e9 2024","isPartOf":{"@id":"https:\/\/www.suno.com.br\/noticias\/#website"},"primaryImageOfPage":{"@id":"https:\/\/www.suno.com.br\/noticias\/campos-neto-presidente-banco-central-bc\/#primaryimage"},"image":{"@id":"https:\/\/www.suno.com.br\/noticias\/campos-neto-presidente-banco-central-bc\/#primaryimage"},"thumbnailUrl":"https:\/\/files.sunoresearch.com.br\/n\/uploads\/2022\/02\/51398700017_039d44c28a_o-scaled.jpg","datePublished":"2022-12-15T19:17:43+00:00","dateModified":"2022-12-15T19:17:47+00:00","description":"O atual presidente do Banco Central, Roberto Campos Neto, tamb\u00e9m disse que n\u00e3o discutiu recondu\u00e7\u00e3o ao cargo com Haddad. Clique e confira!","breadcrumb":{"@id":"https:\/\/www.suno.com.br\/noticias\/campos-neto-presidente-banco-central-bc\/#breadcrumb"},"inLanguage":"pt-BR","potentialAction":[{"@type":"ReadAction","target":["https:\/\/www.suno.com.br\/noticias\/campos-neto-presidente-banco-central-bc\/"]}]},{"@type":"ImageObject","inLanguage":"pt-BR","@id":"https:\/\/www.suno.com.br\/noticias\/campos-neto-presidente-banco-central-bc\/#primaryimage","url":"https:\/\/files.sunoresearch.com.br\/n\/uploads\/2022\/02\/51398700017_039d44c28a_o-scaled.jpg","contentUrl":"https:\/\/files.sunoresearch.com.br\/n\/uploads\/2022\/02\/51398700017_039d44c28a_o-scaled.jpg","width":2560,"height":1675,"caption":"Roberto Campos Neto. Foto: Raphael Ribeiro\/BCB"},{"@type":"BreadcrumbList","@id":"https:\/\/www.suno.com.br\/noticias\/campos-neto-presidente-banco-central-bc\/#breadcrumb","itemListElement":[{"@type":"ListItem","position":1,"name":"Not\u00edcias","item":"https:\/\/www.suno.com.br\/noticias\/"},{"@type":"ListItem","position":2,"name":"Economia","item":"https:\/\/www.suno.com.br\/noticias\/economia\/"},{"@type":"ListItem","position":3,"name":"Campos Neto rejeita recondu\u00e7\u00e3o e ser\u00e1 presidente do Banco Central somente at\u00e9 2024"}]},{"@type":"WebSite","@id":"https:\/\/www.suno.com.br\/noticias\/#website","url":"https:\/\/www.suno.com.br\/noticias\/","name":"Suno Not\u00edcias","description":"Seu portal de informa\u00e7\u00e3o sobre o mundo dos investimentos","publisher":{"@id":"https:\/\/www.suno.com.br\/noticias\/#organization"},"potentialAction":[{"@type":"SearchAction","target":{"@type":"EntryPoint","urlTemplate":"https:\/\/www.suno.com.br\/noticias\/?s={search_term_string}"},"query-input":{"@type":"PropertyValueSpecification","valueRequired":true,"valueName":"search_term_string"}}],"inLanguage":"pt-BR"},{"@type":"Organization","@id":"https:\/\/www.suno.com.br\/noticias\/#organization","name":"Suno Not\u00edcias","url":"https:\/\/www.suno.com.br\/noticias\/","logo":{"@type":"ImageObject","inLanguage":"pt-BR","@id":"https:\/\/www.suno.com.br\/noticias\/#\/schema\/logo\/image\/","url":"https:\/\/files.sunoresearch.com.br\/n\/uploads\/2021\/09\/suno-logo.png","contentUrl":"https:\/\/files.sunoresearch.com.br\/n\/uploads\/2021\/09\/suno-logo.png","width":180,"height":180,"caption":"Suno Not\u00edcias"},"image":{"@id":"https:\/\/www.suno.com.br\/noticias\/#\/schema\/logo\/image\/"},"sameAs":["https:\/\/facebook.com\/sunoresearch","https:\/\/x.com\/sunoresearch","https:\/\/www.instagram.com\/suno","https:\/\/www.linkedin.com\/company\/suno-research\/","https:\/\/www.youtube.com\/c\/sunoresearch"]},{"@type":"Person","@id":"https:\/\/www.suno.com.br\/noticias\/#\/schema\/person\/7f4d362bf3518e76090143ae77bb49a5","name":"Eduardo Vargas","image":{"@type":"ImageObject","inLanguage":"pt-BR","@id":"https:\/\/www.suno.com.br\/noticias\/#\/schema\/person\/image\/","url":"https:\/\/secure.gravatar.com\/avatar\/dac340933427a22924c9f99d1eb2e3f2?s=96&r=g","contentUrl":"https:\/\/secure.gravatar.com\/avatar\/dac340933427a22924c9f99d1eb2e3f2?s=96&r=g","caption":"Eduardo Vargas"},"description":"Jornalista formado pela UFSC, cobre macroeconomia, neg\u00f3cios e startups para o Suno Not\u00edcias, escrevendo principalmente not\u00edcias sobre o mercado financeiro e a bolsa de valores. No YouTube e no Instagram, \u00e9 respons\u00e1vel pela produ\u00e7\u00e3o de Reels e Shorts do Suno Not\u00edcias. Anteriormente, trabalhou cobrindo economia e cotidiano no ND+ e para o ND, maior jornal impresso de Santa Catarina. Cursou um semestre letivo de Estudos de M\u00eddia na Universidad de Buenos Aires.","url":"https:\/\/www.suno.com.br\/noticias\/author\/eduardo-vargas\/"}]}},"default_loop_html":"<div class=\"cardsPage__listCard__boxs\"><div class=\"cardsPage__listCard__boxs__img\"><a href=\"https:\/\/www.suno.com.br\/noticias\/campos-neto-presidente-banco-central-bc\/\"><img class=\"mask\" src=\"https:\/\/www.suno.com.br\/noticias\/wp-content\/themes\/suno\/resources\/images\/spotlight\/spotlight1img\/bg-mask.png\" alt=\"Image Mask\"\/><img src=\"https:\/\/files.sunoresearch.com.br\/n\/uploads\/2022\/02\/51398700017_039d44c28a_o-400x200.jpg\" alt=\"Campos Neto rejeita recondu\u00e7\u00e3o e ser\u00e1 presidente do Banco Central somente at\u00e9 2024\"\/><\/a><span class=\"spotlightCategory\"><a href=\"https:\/\/www.suno.com.br\/noticias\/economia\/\">Economia<\/a><\/span><\/div><div class=\"cardsPage__listCard__boxs__content\"><a href=\"https:\/\/www.suno.com.br\/noticias\/campos-neto-presidente-banco-central-bc\/\"><h2 class=\"content__title\">Campos Neto rejeita recondu\u00e7\u00e3o e ser\u00e1 presidente do Banco Central somente at\u00e9 2024<\/h2><\/a><div class=\"newsContent__article__meta\"><div class=\"newsContent__article__meta__authorBox\"><a href=\"https:\/\/www.suno.com.br\/noticias\/author\/eduardo-vargas\/\" class=\"authorBox__avatar noMobi\"><img src=\"https:\/\/secure.gravatar.com\/avatar\/dac340933427a22924c9f99d1eb2e3f2?s=96&#038;r=g\" alt=\"Eduardo Vargas\"><\/a><div class=\"authorBox__name\"><span>por\n\t\t\t<a href=\"https:\/\/www.suno.com.br\/noticias\/author\/eduardo-vargas\/\"><span itemprop=\"author\">Eduardo Vargas<\/span><\/a><\/span><time datetime=\"2022-12-15T16:17:43-03:00\" itemprop=\"datePublished\">15\/12\/2022 16:17<\/time><\/div><\/div><\/div><\/div><\/div>","single_layout":"posts","amp_enabled":true,"_links":{"self":[{"href":"https:\/\/www.suno.com.br\/noticias\/wp-json\/wp\/v2\/posts\/335192"}],"collection":[{"href":"https:\/\/www.suno.com.br\/noticias\/wp-json\/wp\/v2\/posts"}],"about":[{"href":"https:\/\/www.suno.com.br\/noticias\/wp-json\/wp\/v2\/types\/post"}],"author":[{"embeddable":true,"href":"https:\/\/www.suno.com.br\/noticias\/wp-json\/wp\/v2\/users\/73"}],"replies":[{"embeddable":true,"href":"https:\/\/www.suno.com.br\/noticias\/wp-json\/wp\/v2\/comments?post=335192"}],"version-history":[{"count":3,"href":"https:\/\/www.suno.com.br\/noticias\/wp-json\/wp\/v2\/posts\/335192\/revisions"}],"predecessor-version":[{"id":335303,"href":"https:\/\/www.suno.com.br\/noticias\/wp-json\/wp\/v2\/posts\/335192\/revisions\/335303"}],"wp:featuredmedia":[{"embeddable":true,"href":"https:\/\/www.suno.com.br\/noticias\/wp-json\/wp\/v2\/media\/234139"}],"wp:attachment":[{"href":"https:\/\/www.suno.com.br\/noticias\/wp-json\/wp\/v2\/media?parent=335192"}],"wp:term":[{"taxonomy":"category","embeddable":true,"href":"https:\/\/www.suno.com.br\/noticias\/wp-json\/wp\/v2\/categories?post=335192"},{"taxonomy":"post_tag","embeddable":true,"href":"https:\/\/www.suno.com.br\/noticias\/wp-json\/wp\/v2\/tags?post=335192"},{"taxonomy":"suno_strategy","embeddable":true,"href":"https:\/\/www.suno.com.br\/noticias\/wp-json\/wp\/v2\/suno_strategy?post=335192"}],"curies":[{"name":"wp","href":"https:\/\/api.w.org\/{rel}","templated":true}]}}