{"id":3350,"date":"2018-09-03T12:03:05","date_gmt":"2018-09-03T15:03:05","guid":{"rendered":"https:\/\/www.suno.com.br\/noticias\/?p=3350"},"modified":"2018-09-03T12:06:57","modified_gmt":"2018-09-03T15:06:57","slug":"5-noticias-mercado-internacional","status":"publish","type":"post","link":"https:\/\/www.suno.com.br\/noticias\/5-noticias-mercado-internacional\/","title":{"rendered":"As 5 principais not\u00edcias do mercado internacional nesta segunda-feira"},"content":{"rendered":"<p><strong>1. Negocia\u00e7\u00f5es do Brexit<\/strong><\/p>\t<div class=\"wrapper-featured-image\">\n\t\t<figure class=\"spotlightImg\">\n\n\t\t\t<picture>\n\t\t\t\t<source media=\"(max-width: 768px)\" srcset=\"https:\/\/files.sunoresearch.com.br\/n\/uploads\/2018\/09\/ecce51ed-dolar-400x200.webp\">\n\t\t\t\t<img loading=\"lazy\" decoding=\"async\" class=\"newsContent__article__imgCapa lazyloadDisabled newsContent__article__imgCapa--noCaption\" src=\"https:\/\/files.sunoresearch.com.br\/n\/uploads\/2018\/09\/ecce51ed-dolar-800x450.webp\" width=\"800\" height=\"450\" alt=\"As 5 principais not\u00edcias do mercado internacional nesta segunda-feira\" fetchpriority=high \/>\n\t\t\t<\/picture>\n\n\t\t\t<figcaption class=\"wp-caption-text wp-caption-text--hide\">D\u00f3lar encerra em queda de 2,243%, cotado em R$ 5,318<\/figcaption>\n\t\t<\/figure>\n\t<\/div>\n\n\n<p>Estamos a menos de dois meses do momento em que o Reino Unido deve chegar a um acordo para romper sua participa\u00e7\u00e3o na Uni\u00e3o Europeia. At\u00e9 l\u00e1, a primeira-ministra do RU, Theresa May, tenta vender a ideia de um Brexit comercialmente amig\u00e1vel.<\/p>\n<p>Para o principal negociador do Brexit do lado da Uni\u00e3o Europeia, Michel Barnier, as propostas da premier brit\u00e2nica podem significar &#8220;o fim do mercado \u00fanico e do projeto europeu&#8221;.<\/p>\n<p>As cr\u00edticas n\u00e3o se limitam ao cen\u00e1rio exterior, e at\u00e9 mesmo antigos aliados dentro do governo brit\u00e2nico agora se voltam contra May. O ex-secret\u00e1rio de Rela\u00e7\u00f5es exteriores, Boris Johnson, afirma que a estrat\u00e9gia da primeira-ministra para o Brexit representa um desastre para o Reino Unido.<\/p>\n<p>Johnson, considerado por alguns no Partido Conservador como um potencial sucessor a Theresa May, renunciou em julho em protesto ao chamado Plano de Chequers.<\/p>\n<p><strong>2. Tens\u00f5es no Com\u00e9rcio Internacional<br \/>\n<\/strong><\/p>\n<p>A disputa comercial entre os EUA e seus principais parceiros continuar\u00e1 a movimentar os mercados enquanto durar, inclusive nesta semana.<\/p>\n<p>O acordo entre Canad\u00e1 e EUA para substituir o Nafta, ap\u00f3s sucesso em negocia\u00e7\u00f5es com o M\u00e9xico, ainda n\u00e3o se concretizou, apesar de originalmente ter se estabelecido a sexta-feira passada como prazo. Os governos canadense e americano devem continuar a conversar nesta semana.<\/p>\n<p>No Twitter, o presidente americano Donald Trump amea\u00e7ou o Canad\u00e1, dizendo que n\u00e3o h\u00e1 necessidade de manter o pa\u00eds no acordo, e amea\u00e7ou tamb\u00e9m cessar as negocia\u00e7\u00f5es se o congresso americano interferir.<\/p>\n<p>Investidores tamb\u00e9m devem manter-se alertas \u00e0 disputa comercial entre os EUA e a China, atentos a mais not\u00edcias ap\u00f3s informa\u00e7\u00f5es de que Trump estaria preparado para impor tarifas sobre mais US$200 bilh\u00f5es em bens chineses esta semana.<\/p>\n<p><strong>3. Preocupa\u00e7\u00f5es com os mercados emergentes<\/strong><\/p>\n<p>As moedas de economias emergentes continuam preocupando investidores ap\u00f3s fortes quedas na lira turca e no peso argentino no \u00faltimo m\u00eas, em meio a gest\u00e3o econ\u00f4mica ineficiente, d\u00e9ficits e infla\u00e7\u00e3o.<\/p>\n<p>A lira turca tem sofrido quedas desde julho, e abriu o m\u00eas de setembro continuando essa tend\u00eancia e chegando a 6,73 por d\u00f3lar. Enquanto isso, o rand sul-africano atingiu sua menor cota\u00e7\u00e3o em mais de dois anos, e a r\u00fapia da Indon\u00e9sia caiu para seu valor mais baixo desde a crise econ\u00f4mica do pa\u00eds h\u00e1 duas d\u00e9cadas.<\/p>\n<p>O real tamb\u00e9m sofre neste cen\u00e1rio, com o d\u00f3lar chegando a quase R$4,20 no final de agosto e encontrando-se agora na faixa de R$4,13.<\/p>\n<p>A alta do d\u00f3lar frente \u00e0s moedas emergentes \u00e9 causada, em parte, por preocupa\u00e7\u00f5es de que o aumento nas taxas de juros dos EUA pressionariam pa\u00edses que tomaram grandes empr\u00e9stimos em d\u00f3lares nos \u00faltimos anos, realidade de muitas economias em desenvolvimento.<\/p>\n<p><strong>4. Quedas em bolsas mundo afora<\/strong><\/p>\n<p>A\u00e7\u00f5es no mundo inteiro apresentaram queda hoje, em meio a preocupa\u00e7\u00f5es com a instabilidade das moedas de pa\u00edses emergentes e o acirramento da guerra comercial entre EUA e China.<\/p>\n<p>Pela terceira sess\u00e3o seguida, os mercados asi\u00e1ticos apresentaram queda. O Shanghai Composite, que perdeu 5,3% durante o \u00fatimo m\u00eas, fechou com um recuo de 0,2% para 2.720 pontos. Duas semanas atr\u00e1s, o \u00edndice chin\u00eas atingiu a maior baixa em dois anos e meio, em 2.653 pontos.<\/p>\n<p>Na Europa, a maioria das bolsas apresentaram leve queda.<\/p>\n<p><strong>5. Dia do Trabalho pausa mercados dos EUA<\/strong><\/p>\n<p>O feriado nacional norte-americano deve resultar em liquidez e volume menor nos mercados do mundo todo. N\u00e3o haver\u00e1 hoje preg\u00e3o para os \u00edndices Dow Jones, S&amp;P 500 e Nasdaq Composite.<\/p>\n<p>Assim como as bolsas, os mercados de renda fixa tamb\u00e9m n\u00e3o estar\u00e3o abertos, pausando a negocia\u00e7\u00e3o de t\u00edtulos do tesouro dos EUA.<\/p>\n<p>Futuros de commodities de energia como o petr\u00f3leo WTI tamb\u00e9m se encontram parados, ent\u00e3o n\u00e3o haver\u00e1 pre\u00e7o de liquida\u00e7\u00e3o para os contratos. Futuros de commodities como ouro e outros metais, negociados na Comex, tamb\u00e9m est\u00e3o paralisados.<\/p>\n<p>O c\u00e2mbio opera normalmente, embora com volume reduzido.<\/p>\n","protected":false},"excerpt":{"rendered":"<p>1. Negocia\u00e7\u00f5es do Brexit D\u00f3lar encerra em queda de 2,243%, cotado em R$ 5,318 Estamos a menos de dois meses do momento em que o Reino Unido deve chegar a um acordo para romper sua participa\u00e7\u00e3o na Uni\u00e3o Europeia. At\u00e9 l\u00e1, a primeira-ministra do RU, Theresa May, tenta vender a ideia de um Brexit comercialmente [&hellip;]<\/p>\n","protected":false},"author":5,"featured_media":3351,"comment_status":"closed","ping_status":"closed","sticky":false,"template":"","format":"standard","meta":[],"categories":[63,60],"tags":[309,326],"suno_strategy":[],"class_list":["post-3350","post","type-post","status-publish","format-standard","has-post-thumbnail","hentry","category-internacional","category-mercado","tag-bolsa-de-valores","tag-dolar"],"yoast_head":"<!-- This site is optimized with the Yoast SEO plugin v24.4 - https:\/\/yoast.com\/wordpress\/plugins\/seo\/ -->\n<title>As 5 principais not\u00edcias do mercado internacional nesta segunda-feira<\/title>\n<meta name=\"description\" content=\"Brexit, crise das moedas emergentes e guerra comercial dos EUA s\u00e3o alguns dos t\u00f3picos para se atentar hoje. Clique para saber mais.\" \/>\n<meta name=\"robots\" content=\"index, follow, max-snippet:-1, max-image-preview:large, max-video-preview:-1\" \/>\n<link rel=\"canonical\" href=\"https:\/\/www.suno.com.br\/noticias\/5-noticias-mercado-internacional\/\" \/>\n<meta property=\"og:locale\" content=\"pt_BR\" \/>\n<meta property=\"og:type\" content=\"article\" \/>\n<meta property=\"og:title\" content=\"As 5 principais not\u00edcias do mercado internacional nesta segunda-feira\" \/>\n<meta property=\"og:description\" content=\"Brexit, crise das moedas emergentes e guerra comercial dos EUA s\u00e3o alguns dos t\u00f3picos para se atentar hoje. Clique para saber mais.\" \/>\n<meta property=\"og:url\" content=\"https:\/\/www.suno.com.br\/noticias\/5-noticias-mercado-internacional\/\" \/>\n<meta property=\"og:site_name\" content=\"Suno Not\u00edcias\" \/>\n<meta property=\"article:publisher\" content=\"https:\/\/facebook.com\/sunoresearch\" \/>\n<meta property=\"article:author\" content=\"https:\/\/www.linkedin.com\/in\/daniel-quandt-a49985110\/\" \/>\n<meta property=\"og:image\" content=\"https:\/\/files.sunoresearch.com.br\/n\/uploads\/2018\/09\/ecce51ed-dolar.jpg\" \/>\n\t<meta property=\"og:image:width\" content=\"1920\" \/>\n\t<meta property=\"og:image:height\" content=\"1357\" \/>\n\t<meta property=\"og:image:type\" content=\"image\/jpeg\" \/>\n<meta name=\"author\" content=\"Daniel Quandt\" \/>\n<meta name=\"twitter:card\" content=\"summary_large_image\" \/>\n<meta name=\"twitter:creator\" content=\"@sunoresearch\" \/>\n<meta name=\"twitter:site\" content=\"@sunoresearch\" \/>\n<meta name=\"twitter:label1\" content=\"Escrito por\" \/>\n\t<meta name=\"twitter:data1\" content=\"Daniel Quandt\" \/>\n\t<meta name=\"twitter:label2\" content=\"Est. tempo de leitura\" \/>\n\t<meta name=\"twitter:data2\" content=\"4 minutos\" \/>\n<script type=\"application\/ld+json\" class=\"yoast-schema-graph\">{\"@context\":\"https:\/\/schema.org\",\"@graph\":[{\"@type\":\"NewsArticle\",\"@id\":\"https:\/\/www.suno.com.br\/noticias\/5-noticias-mercado-internacional\/#article\",\"isPartOf\":{\"@id\":\"https:\/\/www.suno.com.br\/noticias\/5-noticias-mercado-internacional\/\"},\"author\":{\"name\":\"Daniel Quandt\",\"@id\":\"https:\/\/www.suno.com.br\/noticias\/#\/schema\/person\/eca2bab82984722db00d1e6facd8bb26\"},\"headline\":\"As 5 principais not\u00edcias do mercado internacional nesta segunda-feira\",\"datePublished\":\"2018-09-03T15:03:05+00:00\",\"dateModified\":\"2018-09-03T15:06:57+00:00\",\"mainEntityOfPage\":{\"@id\":\"https:\/\/www.suno.com.br\/noticias\/5-noticias-mercado-internacional\/\"},\"wordCount\":709,\"publisher\":{\"@id\":\"https:\/\/www.suno.com.br\/noticias\/#organization\"},\"image\":{\"@id\":\"https:\/\/www.suno.com.br\/noticias\/5-noticias-mercado-internacional\/#primaryimage\"},\"thumbnailUrl\":\"https:\/\/files.sunoresearch.com.br\/n\/uploads\/2018\/09\/ecce51ed-dolar-jpg.webp\",\"keywords\":[\"Bolsa de Valores\",\"d\u00f3lar\"],\"articleSection\":[\"Internacional\",\"Mercado\"],\"inLanguage\":\"pt-BR\"},{\"@type\":\"WebPage\",\"@id\":\"https:\/\/www.suno.com.br\/noticias\/5-noticias-mercado-internacional\/\",\"url\":\"https:\/\/www.suno.com.br\/noticias\/5-noticias-mercado-internacional\/\",\"name\":\"As 5 principais not\u00edcias do mercado internacional nesta segunda-feira\",\"isPartOf\":{\"@id\":\"https:\/\/www.suno.com.br\/noticias\/#website\"},\"primaryImageOfPage\":{\"@id\":\"https:\/\/www.suno.com.br\/noticias\/5-noticias-mercado-internacional\/#primaryimage\"},\"image\":{\"@id\":\"https:\/\/www.suno.com.br\/noticias\/5-noticias-mercado-internacional\/#primaryimage\"},\"thumbnailUrl\":\"https:\/\/files.sunoresearch.com.br\/n\/uploads\/2018\/09\/ecce51ed-dolar-jpg.webp\",\"datePublished\":\"2018-09-03T15:03:05+00:00\",\"dateModified\":\"2018-09-03T15:06:57+00:00\",\"description\":\"Brexit, crise das moedas emergentes e guerra comercial dos EUA s\u00e3o alguns dos t\u00f3picos para se atentar hoje. Clique para saber mais.\",\"breadcrumb\":{\"@id\":\"https:\/\/www.suno.com.br\/noticias\/5-noticias-mercado-internacional\/#breadcrumb\"},\"inLanguage\":\"pt-BR\",\"potentialAction\":[{\"@type\":\"ReadAction\",\"target\":[\"https:\/\/www.suno.com.br\/noticias\/5-noticias-mercado-internacional\/\"]}]},{\"@type\":\"ImageObject\",\"inLanguage\":\"pt-BR\",\"@id\":\"https:\/\/www.suno.com.br\/noticias\/5-noticias-mercado-internacional\/#primaryimage\",\"url\":\"https:\/\/files.sunoresearch.com.br\/n\/uploads\/2018\/09\/ecce51ed-dolar-jpg.webp\",\"contentUrl\":\"https:\/\/files.sunoresearch.com.br\/n\/uploads\/2018\/09\/ecce51ed-dolar-jpg.webp\",\"width\":1920,\"height\":1357,\"caption\":\"D\u00f3lar encerra em queda de 2,243%, cotado em R$ 5,318\"},{\"@type\":\"BreadcrumbList\",\"@id\":\"https:\/\/www.suno.com.br\/noticias\/5-noticias-mercado-internacional\/#breadcrumb\",\"itemListElement\":[{\"@type\":\"ListItem\",\"position\":1,\"name\":\"Not\u00edcias\",\"item\":\"https:\/\/www.suno.com.br\/noticias\/\"},{\"@type\":\"ListItem\",\"position\":2,\"name\":\"Internacional\",\"item\":\"https:\/\/www.suno.com.br\/noticias\/internacional\/\"},{\"@type\":\"ListItem\",\"position\":3,\"name\":\"As 5 principais not\u00edcias do mercado internacional nesta segunda-feira\"}]},{\"@type\":\"WebSite\",\"@id\":\"https:\/\/www.suno.com.br\/noticias\/#website\",\"url\":\"https:\/\/www.suno.com.br\/noticias\/\",\"name\":\"Suno Not\u00edcias\",\"description\":\"Seu portal de informa\u00e7\u00e3o sobre o mundo dos investimentos\",\"publisher\":{\"@id\":\"https:\/\/www.suno.com.br\/noticias\/#organization\"},\"potentialAction\":[{\"@type\":\"SearchAction\",\"target\":{\"@type\":\"EntryPoint\",\"urlTemplate\":\"https:\/\/www.suno.com.br\/noticias\/?s={search_term_string}\"},\"query-input\":{\"@type\":\"PropertyValueSpecification\",\"valueRequired\":true,\"valueName\":\"search_term_string\"}}],\"inLanguage\":\"pt-BR\"},{\"@type\":\"Organization\",\"@id\":\"https:\/\/www.suno.com.br\/noticias\/#organization\",\"name\":\"Suno Not\u00edcias\",\"url\":\"https:\/\/www.suno.com.br\/noticias\/\",\"logo\":{\"@type\":\"ImageObject\",\"inLanguage\":\"pt-BR\",\"@id\":\"https:\/\/www.suno.com.br\/noticias\/#\/schema\/logo\/image\/\",\"url\":\"https:\/\/files.sunoresearch.com.br\/n\/uploads\/2021\/09\/suno-logo.png\",\"contentUrl\":\"https:\/\/files.sunoresearch.com.br\/n\/uploads\/2021\/09\/suno-logo.png\",\"width\":180,\"height\":180,\"caption\":\"Suno Not\u00edcias\"},\"image\":{\"@id\":\"https:\/\/www.suno.com.br\/noticias\/#\/schema\/logo\/image\/\"},\"sameAs\":[\"https:\/\/facebook.com\/sunoresearch\",\"https:\/\/x.com\/sunoresearch\",\"https:\/\/www.instagram.com\/suno\",\"https:\/\/www.linkedin.com\/company\/suno-research\/\",\"https:\/\/www.youtube.com\/c\/sunoresearch\"]},{\"@type\":\"Person\",\"@id\":\"https:\/\/www.suno.com.br\/noticias\/#\/schema\/person\/eca2bab82984722db00d1e6facd8bb26\",\"name\":\"Daniel Quandt\",\"image\":{\"@type\":\"ImageObject\",\"inLanguage\":\"pt-BR\",\"@id\":\"https:\/\/www.suno.com.br\/noticias\/#\/schema\/person\/image\/\",\"url\":\"https:\/\/secure.gravatar.com\/avatar\/5faf4378f9fbf4557a5836a88d66f99a?s=96&r=g\",\"contentUrl\":\"https:\/\/secure.gravatar.com\/avatar\/5faf4378f9fbf4557a5836a88d66f99a?s=96&r=g\",\"caption\":\"Daniel Quandt\"},\"description\":\"Aluno da Universidade de S\u00e3o Paulo, Daniel Quandt escreve sobre economia, mercado financeiro e pol\u00edtica no portal da Suno Research. J\u00e1 passou pela Ag\u00eancia USP de Inova\u00e7\u00e3o e pela startup de v\u00eddeo em blockchain Paratii, desenvolvendo seu conhecimento da aplica\u00e7\u00e3o de tecnologia de ponta ao mercado.\",\"sameAs\":[\"https:\/\/www.suno.com.br\/\",\"https:\/\/www.linkedin.com\/in\/daniel-quandt-a49985110\/\"],\"url\":\"https:\/\/www.suno.com.br\/noticias\/author\/daniel-quandt\/\"}]}<\/script>\n<!-- \/ Yoast SEO plugin. -->","yoast_head_json":{"title":"As 5 principais not\u00edcias do mercado internacional nesta segunda-feira","description":"Brexit, crise das moedas emergentes e guerra comercial dos EUA s\u00e3o alguns dos t\u00f3picos para se atentar hoje. Clique para saber mais.","robots":{"index":"index","follow":"follow","max-snippet":"max-snippet:-1","max-image-preview":"max-image-preview:large","max-video-preview":"max-video-preview:-1"},"canonical":"https:\/\/www.suno.com.br\/noticias\/5-noticias-mercado-internacional\/","og_locale":"pt_BR","og_type":"article","og_title":"As 5 principais not\u00edcias do mercado internacional nesta segunda-feira","og_description":"Brexit, crise das moedas emergentes e guerra comercial dos EUA s\u00e3o alguns dos t\u00f3picos para se atentar hoje. Clique para saber mais.","og_url":"https:\/\/www.suno.com.br\/noticias\/5-noticias-mercado-internacional\/","og_site_name":"Suno Not\u00edcias","article_publisher":"https:\/\/facebook.com\/sunoresearch","article_author":"https:\/\/www.linkedin.com\/in\/daniel-quandt-a49985110\/","og_image":[{"width":1920,"height":1357,"url":"https:\/\/files.sunoresearch.com.br\/n\/uploads\/2018\/09\/ecce51ed-dolar.jpg","type":"image\/jpeg"}],"author":"Daniel Quandt","twitter_card":"summary_large_image","twitter_creator":"@sunoresearch","twitter_site":"@sunoresearch","twitter_misc":{"Escrito por":"Daniel Quandt","Est. tempo de leitura":"4 minutos"},"schema":{"@context":"https:\/\/schema.org","@graph":[{"@type":"NewsArticle","@id":"https:\/\/www.suno.com.br\/noticias\/5-noticias-mercado-internacional\/#article","isPartOf":{"@id":"https:\/\/www.suno.com.br\/noticias\/5-noticias-mercado-internacional\/"},"author":{"name":"Daniel Quandt","@id":"https:\/\/www.suno.com.br\/noticias\/#\/schema\/person\/eca2bab82984722db00d1e6facd8bb26"},"headline":"As 5 principais not\u00edcias do mercado internacional nesta segunda-feira","datePublished":"2018-09-03T15:03:05+00:00","dateModified":"2018-09-03T15:06:57+00:00","mainEntityOfPage":{"@id":"https:\/\/www.suno.com.br\/noticias\/5-noticias-mercado-internacional\/"},"wordCount":709,"publisher":{"@id":"https:\/\/www.suno.com.br\/noticias\/#organization"},"image":{"@id":"https:\/\/www.suno.com.br\/noticias\/5-noticias-mercado-internacional\/#primaryimage"},"thumbnailUrl":"https:\/\/files.sunoresearch.com.br\/n\/uploads\/2018\/09\/ecce51ed-dolar-jpg.webp","keywords":["Bolsa de Valores","d\u00f3lar"],"articleSection":["Internacional","Mercado"],"inLanguage":"pt-BR"},{"@type":"WebPage","@id":"https:\/\/www.suno.com.br\/noticias\/5-noticias-mercado-internacional\/","url":"https:\/\/www.suno.com.br\/noticias\/5-noticias-mercado-internacional\/","name":"As 5 principais not\u00edcias do mercado internacional nesta segunda-feira","isPartOf":{"@id":"https:\/\/www.suno.com.br\/noticias\/#website"},"primaryImageOfPage":{"@id":"https:\/\/www.suno.com.br\/noticias\/5-noticias-mercado-internacional\/#primaryimage"},"image":{"@id":"https:\/\/www.suno.com.br\/noticias\/5-noticias-mercado-internacional\/#primaryimage"},"thumbnailUrl":"https:\/\/files.sunoresearch.com.br\/n\/uploads\/2018\/09\/ecce51ed-dolar-jpg.webp","datePublished":"2018-09-03T15:03:05+00:00","dateModified":"2018-09-03T15:06:57+00:00","description":"Brexit, crise das moedas emergentes e guerra comercial dos EUA s\u00e3o alguns dos t\u00f3picos para se atentar hoje. Clique para saber mais.","breadcrumb":{"@id":"https:\/\/www.suno.com.br\/noticias\/5-noticias-mercado-internacional\/#breadcrumb"},"inLanguage":"pt-BR","potentialAction":[{"@type":"ReadAction","target":["https:\/\/www.suno.com.br\/noticias\/5-noticias-mercado-internacional\/"]}]},{"@type":"ImageObject","inLanguage":"pt-BR","@id":"https:\/\/www.suno.com.br\/noticias\/5-noticias-mercado-internacional\/#primaryimage","url":"https:\/\/files.sunoresearch.com.br\/n\/uploads\/2018\/09\/ecce51ed-dolar-jpg.webp","contentUrl":"https:\/\/files.sunoresearch.com.br\/n\/uploads\/2018\/09\/ecce51ed-dolar-jpg.webp","width":1920,"height":1357,"caption":"D\u00f3lar encerra em queda de 2,243%, cotado em R$ 5,318"},{"@type":"BreadcrumbList","@id":"https:\/\/www.suno.com.br\/noticias\/5-noticias-mercado-internacional\/#breadcrumb","itemListElement":[{"@type":"ListItem","position":1,"name":"Not\u00edcias","item":"https:\/\/www.suno.com.br\/noticias\/"},{"@type":"ListItem","position":2,"name":"Internacional","item":"https:\/\/www.suno.com.br\/noticias\/internacional\/"},{"@type":"ListItem","position":3,"name":"As 5 principais not\u00edcias do mercado internacional nesta segunda-feira"}]},{"@type":"WebSite","@id":"https:\/\/www.suno.com.br\/noticias\/#website","url":"https:\/\/www.suno.com.br\/noticias\/","name":"Suno Not\u00edcias","description":"Seu portal de informa\u00e7\u00e3o sobre o mundo dos investimentos","publisher":{"@id":"https:\/\/www.suno.com.br\/noticias\/#organization"},"potentialAction":[{"@type":"SearchAction","target":{"@type":"EntryPoint","urlTemplate":"https:\/\/www.suno.com.br\/noticias\/?s={search_term_string}"},"query-input":{"@type":"PropertyValueSpecification","valueRequired":true,"valueName":"search_term_string"}}],"inLanguage":"pt-BR"},{"@type":"Organization","@id":"https:\/\/www.suno.com.br\/noticias\/#organization","name":"Suno Not\u00edcias","url":"https:\/\/www.suno.com.br\/noticias\/","logo":{"@type":"ImageObject","inLanguage":"pt-BR","@id":"https:\/\/www.suno.com.br\/noticias\/#\/schema\/logo\/image\/","url":"https:\/\/files.sunoresearch.com.br\/n\/uploads\/2021\/09\/suno-logo.png","contentUrl":"https:\/\/files.sunoresearch.com.br\/n\/uploads\/2021\/09\/suno-logo.png","width":180,"height":180,"caption":"Suno Not\u00edcias"},"image":{"@id":"https:\/\/www.suno.com.br\/noticias\/#\/schema\/logo\/image\/"},"sameAs":["https:\/\/facebook.com\/sunoresearch","https:\/\/x.com\/sunoresearch","https:\/\/www.instagram.com\/suno","https:\/\/www.linkedin.com\/company\/suno-research\/","https:\/\/www.youtube.com\/c\/sunoresearch"]},{"@type":"Person","@id":"https:\/\/www.suno.com.br\/noticias\/#\/schema\/person\/eca2bab82984722db00d1e6facd8bb26","name":"Daniel Quandt","image":{"@type":"ImageObject","inLanguage":"pt-BR","@id":"https:\/\/www.suno.com.br\/noticias\/#\/schema\/person\/image\/","url":"https:\/\/secure.gravatar.com\/avatar\/5faf4378f9fbf4557a5836a88d66f99a?s=96&r=g","contentUrl":"https:\/\/secure.gravatar.com\/avatar\/5faf4378f9fbf4557a5836a88d66f99a?s=96&r=g","caption":"Daniel Quandt"},"description":"Aluno da Universidade de S\u00e3o Paulo, Daniel Quandt escreve sobre economia, mercado financeiro e pol\u00edtica no portal da Suno Research. J\u00e1 passou pela Ag\u00eancia USP de Inova\u00e7\u00e3o e pela startup de v\u00eddeo em blockchain Paratii, desenvolvendo seu conhecimento da aplica\u00e7\u00e3o de tecnologia de ponta ao mercado.","sameAs":["https:\/\/www.suno.com.br\/","https:\/\/www.linkedin.com\/in\/daniel-quandt-a49985110\/"],"url":"https:\/\/www.suno.com.br\/noticias\/author\/daniel-quandt\/"}]}},"default_loop_html":"<div class=\"cardsPage__listCard__boxs\"><div class=\"cardsPage__listCard__boxs__img\"><a href=\"https:\/\/www.suno.com.br\/noticias\/5-noticias-mercado-internacional\/\"><img class=\"mask\" src=\"https:\/\/www.suno.com.br\/noticias\/wp-content\/themes\/suno\/resources\/images\/spotlight\/spotlight1img\/bg-mask.png\" alt=\"Image Mask\"\/><img src=\"https:\/\/files.sunoresearch.com.br\/n\/uploads\/2018\/09\/ecce51ed-dolar-400x200.webp\" alt=\"As 5 principais not\u00edcias do mercado internacional nesta segunda-feira\"\/><\/a><span class=\"spotlightCategory\"><a href=\"https:\/\/www.suno.com.br\/noticias\/internacional\/\">Internacional<\/a><\/span><\/div><div class=\"cardsPage__listCard__boxs__content\"><a href=\"https:\/\/www.suno.com.br\/noticias\/5-noticias-mercado-internacional\/\"><h2 class=\"content__title\">As 5 principais not\u00edcias do mercado internacional nesta segunda-feira<\/h2><\/a><div class=\"newsContent__article__meta\"><div class=\"newsContent__article__meta__authorBox\"><a href=\"https:\/\/www.suno.com.br\/noticias\/author\/daniel-quandt\/\" class=\"authorBox__avatar noMobi\"><img src=\"https:\/\/secure.gravatar.com\/avatar\/5faf4378f9fbf4557a5836a88d66f99a?s=96&#038;r=g\" alt=\"Daniel Quandt\"><\/a><div class=\"authorBox__name\"><span>por\n\t\t\t<a href=\"https:\/\/www.suno.com.br\/noticias\/author\/daniel-quandt\/\"><span itemprop=\"author\">Daniel Quandt<\/span><\/a><\/span><time datetime=\"2018-09-03T12:03:05-03:00\" itemprop=\"datePublished\">03\/09\/2018 12:03<\/time><\/div><\/div><\/div><\/div><\/div>","single_layout":"posts","amp_enabled":true,"_links":{"self":[{"href":"https:\/\/www.suno.com.br\/noticias\/wp-json\/wp\/v2\/posts\/3350"}],"collection":[{"href":"https:\/\/www.suno.com.br\/noticias\/wp-json\/wp\/v2\/posts"}],"about":[{"href":"https:\/\/www.suno.com.br\/noticias\/wp-json\/wp\/v2\/types\/post"}],"author":[{"embeddable":true,"href":"https:\/\/www.suno.com.br\/noticias\/wp-json\/wp\/v2\/users\/5"}],"replies":[{"embeddable":true,"href":"https:\/\/www.suno.com.br\/noticias\/wp-json\/wp\/v2\/comments?post=3350"}],"version-history":[{"count":0,"href":"https:\/\/www.suno.com.br\/noticias\/wp-json\/wp\/v2\/posts\/3350\/revisions"}],"wp:featuredmedia":[{"embeddable":true,"href":"https:\/\/www.suno.com.br\/noticias\/wp-json\/wp\/v2\/media\/3351"}],"wp:attachment":[{"href":"https:\/\/www.suno.com.br\/noticias\/wp-json\/wp\/v2\/media?parent=3350"}],"wp:term":[{"taxonomy":"category","embeddable":true,"href":"https:\/\/www.suno.com.br\/noticias\/wp-json\/wp\/v2\/categories?post=3350"},{"taxonomy":"post_tag","embeddable":true,"href":"https:\/\/www.suno.com.br\/noticias\/wp-json\/wp\/v2\/tags?post=3350"},{"taxonomy":"suno_strategy","embeddable":true,"href":"https:\/\/www.suno.com.br\/noticias\/wp-json\/wp\/v2\/suno_strategy?post=3350"}],"curies":[{"name":"wp","href":"https:\/\/api.w.org\/{rel}","templated":true}]}}