{"id":334989,"date":"2022-12-15T11:25:37","date_gmt":"2022-12-15T14:25:37","guid":{"rendered":"https:\/\/www.suno.com.br\/noticias\/?p=334989"},"modified":"2022-12-15T11:38:52","modified_gmt":"2022-12-15T14:38:52","slug":"oceanpact-opct3-disputa-judicial-petrobras-petr4","status":"publish","type":"post","link":"https:\/\/www.suno.com.br\/noticias\/oceanpact-opct3-disputa-judicial-petrobras-petr4\/","title":{"rendered":"Oceanpact (OPCT3) vence disputa judicial milion\u00e1ria com a Petrobras (PETR4)"},"content":{"rendered":"<p>A <strong>Oceanpact <\/strong>(<a href=\"https:\/\/www.suno.com.br\/acoes\/opct3\/\" target=\"_blank\" rel=\"noreferrer noopener\">OPCT3<\/a>) deve embolsar at\u00e9 R$ 400 milh\u00f5es ap\u00f3s vencer uma disputa legal com a Petrobras (<a href=\"https:\/\/www.suno.com.br\/acoes\/petr4\/\">PETR4<\/a>). Esse impacto decorre do ac\u00f3rd\u00e3o proferido pela 9\u00aa C\u00e2mara C\u00edvel do Tribunal de Justi\u00e7a do Estado do Rio de Janeiro.<\/p><div class=\"videoFull \">\n\t\t\t<div class=\"videoWrapper yt-lazyload center\"\n\t\t\t\tdata-width=\"960\"\n\t\t\t\tdata-height=\"540\"\n\t\t\t\tdata-id=\"qbkl5GFokok\"\n\t\t\t\tdata-alt=\"V\u00eddeo do YouTube - clique para reproduzir\"\n\t\t\t\tdata-logo=\"3\"\n\t\t\t\tdata-imagequality=\"maxres\">\n\t\t\t<\/div>\n\t\t<\/div><script type=\"application\/ld+json\">{\"@context\":\"https:\/\/schema.org\",\"@type\":\"VideoObject\",\"name\":\"LEI DAS ESTATAIS NO FOCO | PEC da Transi\u00e7\u00e3o na C\u00e2mara | Fim da recupera\u00e7\u00e3o judicial da Oi (OIBR3)\",\"description\":\"\u26a1 SUNO PREMIUM COM 30% DE DESCONTO \ud835\udde3\ud835\udde2\ud835\udde5 \ud835\udde7\ud835\uddd8\ud835\udde0\ud835\udde3\ud835\udde2 \ud835\udddf\ud835\udddc\ud835\udde0\ud835\udddc\ud835\udde7\ud835\uddd4\ud835\uddd7\ud835\udde2. https:\/\/lp.suno.com.br\/pv\/sr-premium\/viver-de-renda\/?utm_source=youtube.noticias&utm_medium=live&utm_campaign=RS.SPR22.ns.20221209&utm_content=ytnoticias.live.13122022 #morningcall #leidasestatais #estatais #petr4 #bbas3 #pecdatransi\u00e7\u00e3o #c\u00e2maradosdeputados #oibr3 #oi #recupera\u00e7\u00e3ojudicial #pol\u00edtica #investimentos #bolsadevalores #mercadofinanceiro \ud835\udc08\ud835\udc0d\ud835\udc12\ud835\udc02\ud835\udc11\ud835\udc04\ud835\udc15\ud835\udc00-\ud835\udc12\ud835\udc04 \ud835\udc0d\ud835\udc0e \ud835\udc02\ud835\udc00\ud835\udc0d\ud835\udc00\ud835\udc0b \ud835\udc04 \ud835\udc00\ud835\udc13\ud835\udc08\ud835\udc15\ud835\udc04 \ud835\udc0e \ud835\udc12\ud835\udc08\ud835\udc0d\ud835\udc0e \ud83d\udc47 https:\/\/bit.ly\/INSCREVA-SEATIVEOSINO \ud83d\udcda \ud83d\udcb8 \ud83d\udcca \ud835\udde3\ud835\udddf\ud835\uddd4\ud835\udde1\ud835\udddc\ud835\udddf\ud835\udddb\ud835\uddd4 \ud835\uddd7\ud835\uddd8 \ud835\uddd6\ud835\udde2\ud835\udde1\ud835\udde7\ud835\udde5\ud835\udde2\ud835\udddf\ud835\uddd8 \ud835\uddd9\ud835\udddc\ud835\udde1\ud835\uddd4\ud835\udde1\ud835\uddd6\ud835\uddd8\ud835\udddc\ud835\udde5\ud835\udde2: \ud835\uddd5\ud835\uddee\ud835\uddf6\ud835\ude05\ud835\uddf2 \ud835\uddee \ud835\uddfd\ud835\uddf9\ud835\uddee\ud835\uddfb\ud835\uddf6\ud835\uddf9\ud835\uddf5\ud835\uddee AGORA antes que acabe! \ud83d\udc49 https:\/\/lp.suno.com.br\/planilha-da-vida-financeira\/?utm_source=youtube.noticias&utm_medium=live&utm_campaign=planilhadavidafinanceira.20221128&utm_content=ytnoticias.morning.02122022 \ud83d\udcda \ud835\udc04-\ud835\udc1b\ud835\udc28\ud835\udc28\ud835\udc24 \"\ud835\udc02\ud835\udc28\ud835\udc26\ud835\udc28 \ud835\udc22\ud835\udc27\ud835\udc2f\ud835\udc1e\ud835\udc2c\ud835\udc2d\ud835\udc22\ud835\udc2b \ud835\udc1e\ud835\udc26\u2026\",\"duration\":\"PT29M9S\",\"embedUrl\":\"https:\/\/www.youtube.com\/embed\/qbkl5GFokok\",\"regionsAllowed\":\"pt-BR\",\"interactionStatistic\":{\"@type\":\"InteractionCounter\",\"interactionType\":{\"@type\":\"WatchAction\"},\"userInteractionCount\":2002},\"thumbnailUrl\":\"https:\/\/i.ytimg.com\/vi\/qbkl5GFokok\/default.jpg\",\"uploadDate\":\"2022-12-15T12:33:42Z\"}<\/script>\n\n\n\n\n\t<p>\n\t\t<a href=\"\" target=\"_blank\" data-element=\"shortcode-suno-banner\" title=\"Banner SUNO, clique e saiba mais\">\n\t\t\t<picture>\n\t\t\t\t<source media=\"(max-width: 500px)\" srcset=\"\">\n\t\t\t\t<img class=\"newsContent__article__imgCapa newsContent__article__imgCapa--banner\"\n\t\t\t\t\tsrc=\"\"\n\t\t\t\t\tdata-promo-id=\"138420\"\t\t\t\t\t\t\t\t\t\t\t\t\t\t\talt=\"\"\n\t\t\t\t>\n\t\t\t<\/picture>\n\t\t<\/a>\n\t<\/p>\n\n\n\n\n\n<p>Nesse cen\u00e1rio, <strong>as a\u00e7\u00f5es da Oceanpact <\/strong>dispararam na bolsa de valores, acumulando alta de 23% desde ter\u00e7a-feira (13). <\/p>\n\n\n\n<p>As <strong>a\u00e7\u00f5es da Petrobras<\/strong>, por sua vez, caem cerca de 11% nessa janela. A estatal enfrenta as quedas pelas movimenta\u00e7\u00f5es da agenda pol\u00edtica, <a href=\"https:\/\/www.suno.com.br\/noticias\/web-stories\/petrobras-petr4-derrete-lei-das-estatais-lula\/\" target=\"_blank\" rel=\"noreferrer noopener\">que conta com mudan\u00e7as na Lei das Estatais<\/a>.<\/p>\n\n\n\n<p>A <strong>disputa judicial entre a Oceanpact e a Petrobras<\/strong> se deu pelo descumprimento das regras de circula\u00e7\u00e3o de bandeira estrangeira relacionadas ao navio de apoio offshore Coral OSV. <\/p>\n\n\n\n<p>Ou seja, a Oceanpact moveu a a\u00e7\u00e3o contra a Petrobras pelo fato de que a empresa rompeu um contrato unilateralmente, referente \u00e0 nacionaliza\u00e7\u00e3o de uma embarca\u00e7\u00e3o da UP Offshore, uma de suas empresas controladas.<\/p>\n\n\n\n<p>Os R$ 400 milh\u00f5es a serem recebidos pela Oceanpact representam cerca de 68% do <a href=\"https:\/\/www.suno.com.br\/artigos\/valor-de-mercado\/\" target=\"_blank\" rel=\"noreferrer noopener\">valor de mercado<\/a> da companhia <a href=\"https:\/\/statusinvest.com.br\/acoes\/opct3\" target=\"_blank\" rel=\"noreferrer noopener\">(R$ 581 milh\u00f5es, segundo dados atualizados do Status Invest)<\/a>.<\/p>\n\n\n\n<p>A cifra total \u00e9 fruto de uma multa composta por US$ 65 milh\u00f5es e R$ 32 milh\u00f5es, que deve sofrer <a href=\"https:\/\/www.suno.com.br\/artigos\/correcao-monetaria\/\" target=\"_blank\" rel=\"noreferrer noopener\">corre\u00e7\u00e3o monet\u00e1ria e de juros<\/a>.<\/p>\n\n\n\n\t<div data-element=\"shortcode-read-more\" class=\"readToo\">\n\t\t\t\t<span class=\"readToo__title\">Leia mais<\/span>\n\t\t\t\t<ul class=\"readToo__list\">\n\t\t\t<li><a href=\"https:\/\/www.suno.com.br\/noticias\/petrobras-petr4-megadividendos-justica\/\">Justi\u00e7a decide rumo dos megadividendos da Petrobras (PETR4); saiba mais<\/a><\/li><li><a href=\"https:\/\/www.suno.com.br\/noticias\/ibovespa-hoje-14122022-petrobras-petr4-magazine-luiza-mglu3\/\">Ibovespa sobe 0,20%; Petrobras (PETR4) desaba ap\u00f3s mudan\u00e7a na Lei das Estatais<\/a><\/li><li><a href=\"https:\/\/www.suno.com.br\/noticias\/lula-mercadante-presidente-bndes\/\">Lula anuncia Mercadante no BNDES e diz que &#8220;privatiza\u00e7\u00f5es v\u00e3o acabar&#8221;<\/a><\/li><li><a href=\"https:\/\/www.suno.com.br\/noticias\/com-queda-itau-bba-oceanpact-ocpt3-recomenda-compra\/\">Ita\u00fa BBA recomenda compra de OceanPact (OPCT3), apesar da queda de 58,1% desde o IPO<\/a><\/li>\t\t<\/ul>\n\t<\/div>\n\n\n\n\n<h2 class=\"wp-block-heading\">Atualiza\u00e7\u00f5es sobre o caso da Oceanpact<\/h2>\n\n\n\n<p>Ap\u00f3s a vit\u00f3ria judicial no in\u00edcio da semana, a companhia veio, nesta quinta (15), comunicar que a Vara C\u00edvel do Rio de Janeiro &#8220;negou provimento \u00e0 apela\u00e7\u00e3o interposta pela Petrobras&#8221;.<\/p>\n\n\n\n<p>&#8220;A Companhia [Oceanpact] esclarece, contudo, que n\u00e3o foi intimada do referido ac\u00f3rd\u00e3o, o qual ainda n\u00e3o foi publicado e sequer \u00e9 final, estando sujeito aos recursos cab\u00edveis&#8221;,<a href=\"https:\/\/www.rad.cvm.gov.br\/ENET\/frmExibirArquivoIPEExterno.aspx?NumeroProtocoloEntrega=1041610\" target=\"_blank\" rel=\"noreferrer noopener\"> diz o comunicado, arquivado na Comiss\u00e3o de Valores Mobili\u00e1rios (CVM<\/a>).<\/p>\n\n\n\n<p>Ou seja, com a decis\u00e3o o poder judici\u00e1rio &#8220;manteve os termos da senten\u00e7a recorrida&#8221;, como consta no documento.<\/p>\n\n\n\t<p>\n\t\t<a href=\"https:\/\/lp.suno.com.br\/planilha-controle-gastos\/\" target=\"_blank\" data-element=\"shortcode-suno-banner\" title=\"Banner SUNO, clique e saiba mais\">\n\t\t\t<picture>\n\t\t\t\t<source media=\"(max-width: 500px)\" srcset=\"https:\/\/files.sunoresearch.com.br\/n\/uploads\/2023\/03\/400x300-Planilha-controle-de-gastos.png\">\n\t\t\t\t<img class=\"newsContent__article__imgCapa newsContent__article__imgCapa--banner\"\n\t\t\t\t\tsrc=\"https:\/\/files.sunoresearch.com.br\/n\/uploads\/2023\/03\/1420x240-Planilha-controle-de-gastos.png\"\n\t\t\t\t\tdata-promo-id=\"101751\"\t\t\t\t\t\t\t\t\t\twidth='1420' height='240'\t\t\t\t\talt=\"https:\/\/files.sunoresearch.com.br\/n\/uploads\/2023\/03\/1420x240-Planilha-controle-de-gastos.png\"\n\t\t\t\t>\n\t\t\t<\/picture>\n\t\t<\/a>\n\t<\/p>\n\n\n\n\n\n<h2 class=\"wp-block-heading\" id=\"h-bbi-destaca-relevancia-dos-valores\">BBI destaca relev\u00e2ncia dos valores<\/h2>\n\n\n\n<p>Analistas do Bradesco BBI destacam que a vit\u00f3ria na disputa judicial \u00e9 positiva e, no fim das contas, sem a Petrbras recorrer, a empresa pode receber os valores e us\u00e1-los como caixa.<\/p>\n\n\n\n<p>&#8220;Vemos que a Oceanpact pode vir usar os recursos de caixa que v\u00eam com essa a\u00e7\u00e3o judicial para gest\u00e3o de passivos, j\u00e1 que as taxas de <a href=\"https:\/\/www.suno.com.br\/guias\/cdi\/\" target=\"_blank\" rel=\"noreferrer noopener\">CDI <\/a>nos n\u00edveis atuais de d\u00edvida est\u00e3o consumindo praticamente todo o fluxo de caixa da empresa ap\u00f3s os investimentos\u201d, dizem os especialistas.<\/p>\n\n\n\n<p>Mas apesar da not\u00edcia da <strong>vit\u00f3ria judicial da Oceanpact<\/strong>, a recomenda\u00e7\u00e3o do BBI segue neutra para as a\u00e7oes <strong>OPCT3<\/strong>, com pre\u00e7o-alvo de R$ 4,50 &#8211; ao passo que os pap\u00e9is negociam a R$ 2,91.<\/p>\n\n\n\n<p>&#8220;Precisamos enxergar uma pol\u00edtica de longo prazo que seja robusta e tenha planos de distribui\u00e7\u00e3o de dividendos&#8221;, apontam os analistas sobre a <strong>Oceanpact<\/strong>.<\/p>\n\n\n\t<p>\n\t\t<a href=\"https:\/\/lp.suno.com.br\/planilha-da-vida-financeira\/\" target=\"_blank\" data-element=\"shortcode-suno-banner\" title=\"Banner SUNO, clique e saiba mais\">\n\t\t\t<picture>\n\t\t\t\t<source media=\"(max-width: 500px)\" srcset=\"https:\/\/files.sunoresearch.com.br\/n\/uploads\/2023\/04\/400x300-Planilha-vida-financeira-true.png\">\n\t\t\t\t<img class=\"newsContent__article__imgCapa newsContent__article__imgCapa--banner\"\n\t\t\t\t\tsrc=\"https:\/\/files.sunoresearch.com.br\/n\/uploads\/2023\/04\/1420x240-Planilha-vida-financeira-true.png\"\n\t\t\t\t\tdata-promo-id=\"106682\"\t\t\t\t\t\t\t\t\t\twidth='1420' height='240'\t\t\t\t\talt=\"https:\/\/files.sunoresearch.com.br\/n\/uploads\/2023\/04\/1420x240-Planilha-vida-financeira-true.png\"\n\t\t\t\t>\n\t\t\t<\/picture>\n\t\t<\/a>\n\t<\/p>\n\n\n","protected":false},"excerpt":{"rendered":"<p>A Oceanpact (OPCT3) deve embolsar at\u00e9 R$ 400 milh\u00f5es ap\u00f3s vencer uma disputa legal com a Petrobras (PETR4). Esse impacto decorre do ac\u00f3rd\u00e3o proferido pela 9\u00aa C\u00e2mara C\u00edvel do Tribunal de Justi\u00e7a do Estado do Rio de Janeiro. Nesse cen\u00e1rio, as a\u00e7\u00f5es da Oceanpact dispararam na bolsa de valores, acumulando alta de 23% desde ter\u00e7a-feira [&hellip;]<\/p>\n","protected":false},"author":73,"featured_media":121205,"comment_status":"closed","ping_status":"closed","sticky":false,"template":"","format":"standard","meta":[],"categories":[64],"tags":[286,105816,105479,595],"suno_strategy":[],"class_list":["post-334989","post","type-post","status-publish","format-standard","has-post-thumbnail","hentry","category-negocios","tag-acoes","tag-especialistas","tag-oceanpact-opct3","tag-petrobras-petr4"],"yoast_head":"<!-- This site is optimized with the Yoast SEO plugin v24.4 - https:\/\/yoast.com\/wordpress\/plugins\/seo\/ -->\n<title>Oceanpact (OPCT3) vence disputa milion\u00e1ria com a Petrobras (PETR4)<\/title>\n<meta name=\"description\" content=\"Com a vit\u00f3ria judicial, Oceanpact pode receber R$ 400 milh\u00f5es da Petrobras, cifra que \u00e9 quase 70% do seu valor de mercado. Clique e confira!\" \/>\n<meta name=\"robots\" content=\"index, follow, max-snippet:-1, max-image-preview:large, max-video-preview:-1\" \/>\n<link rel=\"canonical\" href=\"https:\/\/www.suno.com.br\/noticias\/oceanpact-opct3-disputa-judicial-petrobras-petr4\/\" \/>\n<meta property=\"og:locale\" content=\"pt_BR\" \/>\n<meta property=\"og:type\" content=\"article\" \/>\n<meta property=\"og:title\" content=\"Oceanpact (OPCT3) vence disputa milion\u00e1ria com a Petrobras (PETR4)\" \/>\n<meta property=\"og:description\" content=\"Com a vit\u00f3ria judicial, Oceanpact pode receber R$ 400 milh\u00f5es da Petrobras, cifra que \u00e9 quase 70% do seu valor de mercado. Clique e confira!\" \/>\n<meta property=\"og:url\" content=\"https:\/\/www.suno.com.br\/noticias\/oceanpact-opct3-disputa-judicial-petrobras-petr4\/\" \/>\n<meta property=\"og:site_name\" content=\"Suno Not\u00edcias\" \/>\n<meta property=\"article:publisher\" content=\"https:\/\/facebook.com\/sunoresearch\" \/>\n<meta property=\"og:image\" content=\"https:\/\/files.sunoresearch.com.br\/n\/uploads\/2021\/02\/dfa1fef2-oceanpact.jpg\" \/>\n\t<meta property=\"og:image:width\" content=\"1920\" \/>\n\t<meta property=\"og:image:height\" content=\"1080\" \/>\n\t<meta property=\"og:image:type\" content=\"image\/jpeg\" \/>\n<meta name=\"author\" content=\"Eduardo Vargas\" \/>\n<meta name=\"twitter:card\" content=\"summary_large_image\" \/>\n<meta name=\"twitter:creator\" content=\"@sunoresearch\" \/>\n<meta name=\"twitter:site\" content=\"@sunoresearch\" \/>\n<meta name=\"twitter:label1\" content=\"Escrito por\" \/>\n\t<meta name=\"twitter:data1\" content=\"Eduardo Vargas\" \/>\n\t<meta name=\"twitter:label2\" content=\"Est. tempo de leitura\" \/>\n\t<meta name=\"twitter:data2\" content=\"3 minutos\" \/>\n<script type=\"application\/ld+json\" class=\"yoast-schema-graph\">{\"@context\":\"https:\/\/schema.org\",\"@graph\":[{\"@type\":\"NewsArticle\",\"@id\":\"https:\/\/www.suno.com.br\/noticias\/oceanpact-opct3-disputa-judicial-petrobras-petr4\/#article\",\"isPartOf\":{\"@id\":\"https:\/\/www.suno.com.br\/noticias\/oceanpact-opct3-disputa-judicial-petrobras-petr4\/\"},\"author\":{\"name\":\"Eduardo Vargas\",\"@id\":\"https:\/\/www.suno.com.br\/noticias\/#\/schema\/person\/7f4d362bf3518e76090143ae77bb49a5\"},\"headline\":\"Oceanpact (OPCT3) vence disputa judicial milion\u00e1ria com a Petrobras (PETR4)\",\"datePublished\":\"2022-12-15T14:25:37+00:00\",\"dateModified\":\"2022-12-15T14:38:52+00:00\",\"mainEntityOfPage\":{\"@id\":\"https:\/\/www.suno.com.br\/noticias\/oceanpact-opct3-disputa-judicial-petrobras-petr4\/\"},\"wordCount\":495,\"publisher\":{\"@id\":\"https:\/\/www.suno.com.br\/noticias\/#organization\"},\"image\":{\"@id\":\"https:\/\/www.suno.com.br\/noticias\/oceanpact-opct3-disputa-judicial-petrobras-petr4\/#primaryimage\"},\"thumbnailUrl\":\"https:\/\/files.sunoresearch.com.br\/n\/uploads\/2021\/02\/dfa1fef2-oceanpact-jpg.webp\",\"keywords\":[\"A\u00e7\u00f5es\",\"Especialistas\",\"Oceanpact (OPCT3)\",\"Petrobras (PETR4)\"],\"articleSection\":[\"Neg\u00f3cios\"],\"inLanguage\":\"pt-BR\"},{\"@type\":\"WebPage\",\"@id\":\"https:\/\/www.suno.com.br\/noticias\/oceanpact-opct3-disputa-judicial-petrobras-petr4\/\",\"url\":\"https:\/\/www.suno.com.br\/noticias\/oceanpact-opct3-disputa-judicial-petrobras-petr4\/\",\"name\":\"Oceanpact (OPCT3) vence disputa milion\u00e1ria com a Petrobras (PETR4)\",\"isPartOf\":{\"@id\":\"https:\/\/www.suno.com.br\/noticias\/#website\"},\"primaryImageOfPage\":{\"@id\":\"https:\/\/www.suno.com.br\/noticias\/oceanpact-opct3-disputa-judicial-petrobras-petr4\/#primaryimage\"},\"image\":{\"@id\":\"https:\/\/www.suno.com.br\/noticias\/oceanpact-opct3-disputa-judicial-petrobras-petr4\/#primaryimage\"},\"thumbnailUrl\":\"https:\/\/files.sunoresearch.com.br\/n\/uploads\/2021\/02\/dfa1fef2-oceanpact-jpg.webp\",\"datePublished\":\"2022-12-15T14:25:37+00:00\",\"dateModified\":\"2022-12-15T14:38:52+00:00\",\"description\":\"Com a vit\u00f3ria judicial, Oceanpact pode receber R$ 400 milh\u00f5es da Petrobras, cifra que \u00e9 quase 70% do seu valor de mercado. Clique e confira!\",\"breadcrumb\":{\"@id\":\"https:\/\/www.suno.com.br\/noticias\/oceanpact-opct3-disputa-judicial-petrobras-petr4\/#breadcrumb\"},\"inLanguage\":\"pt-BR\",\"potentialAction\":[{\"@type\":\"ReadAction\",\"target\":[\"https:\/\/www.suno.com.br\/noticias\/oceanpact-opct3-disputa-judicial-petrobras-petr4\/\"]}]},{\"@type\":\"ImageObject\",\"inLanguage\":\"pt-BR\",\"@id\":\"https:\/\/www.suno.com.br\/noticias\/oceanpact-opct3-disputa-judicial-petrobras-petr4\/#primaryimage\",\"url\":\"https:\/\/files.sunoresearch.com.br\/n\/uploads\/2021\/02\/dfa1fef2-oceanpact-jpg.webp\",\"contentUrl\":\"https:\/\/files.sunoresearch.com.br\/n\/uploads\/2021\/02\/dfa1fef2-oceanpact-jpg.webp\",\"width\":1920,\"height\":1080,\"caption\":\"A OceanPact (OCPT3) precificou seu IPO na \u00faltima quinta-feira (10) e movimentou cerca de R$ 2,2 bilh\u00f5es.\"},{\"@type\":\"BreadcrumbList\",\"@id\":\"https:\/\/www.suno.com.br\/noticias\/oceanpact-opct3-disputa-judicial-petrobras-petr4\/#breadcrumb\",\"itemListElement\":[{\"@type\":\"ListItem\",\"position\":1,\"name\":\"Not\u00edcias\",\"item\":\"https:\/\/www.suno.com.br\/noticias\/\"},{\"@type\":\"ListItem\",\"position\":2,\"name\":\"Neg\u00f3cios\",\"item\":\"https:\/\/www.suno.com.br\/noticias\/negocios\/\"},{\"@type\":\"ListItem\",\"position\":3,\"name\":\"Oceanpact (OPCT3) vence disputa judicial milion\u00e1ria com a Petrobras (PETR4)\"}]},{\"@type\":\"WebSite\",\"@id\":\"https:\/\/www.suno.com.br\/noticias\/#website\",\"url\":\"https:\/\/www.suno.com.br\/noticias\/\",\"name\":\"Suno Not\u00edcias\",\"description\":\"Seu portal de informa\u00e7\u00e3o sobre o mundo dos investimentos\",\"publisher\":{\"@id\":\"https:\/\/www.suno.com.br\/noticias\/#organization\"},\"potentialAction\":[{\"@type\":\"SearchAction\",\"target\":{\"@type\":\"EntryPoint\",\"urlTemplate\":\"https:\/\/www.suno.com.br\/noticias\/?s={search_term_string}\"},\"query-input\":{\"@type\":\"PropertyValueSpecification\",\"valueRequired\":true,\"valueName\":\"search_term_string\"}}],\"inLanguage\":\"pt-BR\"},{\"@type\":\"Organization\",\"@id\":\"https:\/\/www.suno.com.br\/noticias\/#organization\",\"name\":\"Suno Not\u00edcias\",\"url\":\"https:\/\/www.suno.com.br\/noticias\/\",\"logo\":{\"@type\":\"ImageObject\",\"inLanguage\":\"pt-BR\",\"@id\":\"https:\/\/www.suno.com.br\/noticias\/#\/schema\/logo\/image\/\",\"url\":\"https:\/\/files.sunoresearch.com.br\/n\/uploads\/2021\/09\/suno-logo.png\",\"contentUrl\":\"https:\/\/files.sunoresearch.com.br\/n\/uploads\/2021\/09\/suno-logo.png\",\"width\":180,\"height\":180,\"caption\":\"Suno Not\u00edcias\"},\"image\":{\"@id\":\"https:\/\/www.suno.com.br\/noticias\/#\/schema\/logo\/image\/\"},\"sameAs\":[\"https:\/\/facebook.com\/sunoresearch\",\"https:\/\/x.com\/sunoresearch\",\"https:\/\/www.instagram.com\/suno\",\"https:\/\/www.linkedin.com\/company\/suno-research\/\",\"https:\/\/www.youtube.com\/c\/sunoresearch\"]},{\"@type\":\"Person\",\"@id\":\"https:\/\/www.suno.com.br\/noticias\/#\/schema\/person\/7f4d362bf3518e76090143ae77bb49a5\",\"name\":\"Eduardo Vargas\",\"image\":{\"@type\":\"ImageObject\",\"inLanguage\":\"pt-BR\",\"@id\":\"https:\/\/www.suno.com.br\/noticias\/#\/schema\/person\/image\/\",\"url\":\"https:\/\/secure.gravatar.com\/avatar\/dac340933427a22924c9f99d1eb2e3f2?s=96&r=g\",\"contentUrl\":\"https:\/\/secure.gravatar.com\/avatar\/dac340933427a22924c9f99d1eb2e3f2?s=96&r=g\",\"caption\":\"Eduardo Vargas\"},\"description\":\"Jornalista formado pela UFSC, cobre macroeconomia, neg\u00f3cios e startups para o Suno Not\u00edcias, escrevendo principalmente not\u00edcias sobre o mercado financeiro e a bolsa de valores. No YouTube e no Instagram, \u00e9 respons\u00e1vel pela produ\u00e7\u00e3o de Reels e Shorts do Suno Not\u00edcias. Anteriormente, trabalhou cobrindo economia e cotidiano no ND+ e para o ND, maior jornal impresso de Santa Catarina. Cursou um semestre letivo de Estudos de M\u00eddia na Universidad de Buenos Aires.\",\"url\":\"https:\/\/www.suno.com.br\/noticias\/author\/eduardo-vargas\/\"}]}<\/script>\n<!-- \/ Yoast SEO plugin. -->","yoast_head_json":{"title":"Oceanpact (OPCT3) vence disputa milion\u00e1ria com a Petrobras (PETR4)","description":"Com a vit\u00f3ria judicial, Oceanpact pode receber R$ 400 milh\u00f5es da Petrobras, cifra que \u00e9 quase 70% do seu valor de mercado. Clique e confira!","robots":{"index":"index","follow":"follow","max-snippet":"max-snippet:-1","max-image-preview":"max-image-preview:large","max-video-preview":"max-video-preview:-1"},"canonical":"https:\/\/www.suno.com.br\/noticias\/oceanpact-opct3-disputa-judicial-petrobras-petr4\/","og_locale":"pt_BR","og_type":"article","og_title":"Oceanpact (OPCT3) vence disputa milion\u00e1ria com a Petrobras (PETR4)","og_description":"Com a vit\u00f3ria judicial, Oceanpact pode receber R$ 400 milh\u00f5es da Petrobras, cifra que \u00e9 quase 70% do seu valor de mercado. Clique e confira!","og_url":"https:\/\/www.suno.com.br\/noticias\/oceanpact-opct3-disputa-judicial-petrobras-petr4\/","og_site_name":"Suno Not\u00edcias","article_publisher":"https:\/\/facebook.com\/sunoresearch","og_image":[{"width":1920,"height":1080,"url":"https:\/\/files.sunoresearch.com.br\/n\/uploads\/2021\/02\/dfa1fef2-oceanpact.jpg","type":"image\/jpeg"}],"author":"Eduardo Vargas","twitter_card":"summary_large_image","twitter_creator":"@sunoresearch","twitter_site":"@sunoresearch","twitter_misc":{"Escrito por":"Eduardo Vargas","Est. tempo de leitura":"3 minutos"},"schema":{"@context":"https:\/\/schema.org","@graph":[{"@type":"NewsArticle","@id":"https:\/\/www.suno.com.br\/noticias\/oceanpact-opct3-disputa-judicial-petrobras-petr4\/#article","isPartOf":{"@id":"https:\/\/www.suno.com.br\/noticias\/oceanpact-opct3-disputa-judicial-petrobras-petr4\/"},"author":{"name":"Eduardo Vargas","@id":"https:\/\/www.suno.com.br\/noticias\/#\/schema\/person\/7f4d362bf3518e76090143ae77bb49a5"},"headline":"Oceanpact (OPCT3) vence disputa judicial milion\u00e1ria com a Petrobras (PETR4)","datePublished":"2022-12-15T14:25:37+00:00","dateModified":"2022-12-15T14:38:52+00:00","mainEntityOfPage":{"@id":"https:\/\/www.suno.com.br\/noticias\/oceanpact-opct3-disputa-judicial-petrobras-petr4\/"},"wordCount":495,"publisher":{"@id":"https:\/\/www.suno.com.br\/noticias\/#organization"},"image":{"@id":"https:\/\/www.suno.com.br\/noticias\/oceanpact-opct3-disputa-judicial-petrobras-petr4\/#primaryimage"},"thumbnailUrl":"https:\/\/files.sunoresearch.com.br\/n\/uploads\/2021\/02\/dfa1fef2-oceanpact-jpg.webp","keywords":["A\u00e7\u00f5es","Especialistas","Oceanpact (OPCT3)","Petrobras (PETR4)"],"articleSection":["Neg\u00f3cios"],"inLanguage":"pt-BR"},{"@type":"WebPage","@id":"https:\/\/www.suno.com.br\/noticias\/oceanpact-opct3-disputa-judicial-petrobras-petr4\/","url":"https:\/\/www.suno.com.br\/noticias\/oceanpact-opct3-disputa-judicial-petrobras-petr4\/","name":"Oceanpact (OPCT3) vence disputa milion\u00e1ria com a Petrobras (PETR4)","isPartOf":{"@id":"https:\/\/www.suno.com.br\/noticias\/#website"},"primaryImageOfPage":{"@id":"https:\/\/www.suno.com.br\/noticias\/oceanpact-opct3-disputa-judicial-petrobras-petr4\/#primaryimage"},"image":{"@id":"https:\/\/www.suno.com.br\/noticias\/oceanpact-opct3-disputa-judicial-petrobras-petr4\/#primaryimage"},"thumbnailUrl":"https:\/\/files.sunoresearch.com.br\/n\/uploads\/2021\/02\/dfa1fef2-oceanpact-jpg.webp","datePublished":"2022-12-15T14:25:37+00:00","dateModified":"2022-12-15T14:38:52+00:00","description":"Com a vit\u00f3ria judicial, Oceanpact pode receber R$ 400 milh\u00f5es da Petrobras, cifra que \u00e9 quase 70% do seu valor de mercado. Clique e confira!","breadcrumb":{"@id":"https:\/\/www.suno.com.br\/noticias\/oceanpact-opct3-disputa-judicial-petrobras-petr4\/#breadcrumb"},"inLanguage":"pt-BR","potentialAction":[{"@type":"ReadAction","target":["https:\/\/www.suno.com.br\/noticias\/oceanpact-opct3-disputa-judicial-petrobras-petr4\/"]}]},{"@type":"ImageObject","inLanguage":"pt-BR","@id":"https:\/\/www.suno.com.br\/noticias\/oceanpact-opct3-disputa-judicial-petrobras-petr4\/#primaryimage","url":"https:\/\/files.sunoresearch.com.br\/n\/uploads\/2021\/02\/dfa1fef2-oceanpact-jpg.webp","contentUrl":"https:\/\/files.sunoresearch.com.br\/n\/uploads\/2021\/02\/dfa1fef2-oceanpact-jpg.webp","width":1920,"height":1080,"caption":"A OceanPact (OCPT3) precificou seu IPO na \u00faltima quinta-feira (10) e movimentou cerca de R$ 2,2 bilh\u00f5es."},{"@type":"BreadcrumbList","@id":"https:\/\/www.suno.com.br\/noticias\/oceanpact-opct3-disputa-judicial-petrobras-petr4\/#breadcrumb","itemListElement":[{"@type":"ListItem","position":1,"name":"Not\u00edcias","item":"https:\/\/www.suno.com.br\/noticias\/"},{"@type":"ListItem","position":2,"name":"Neg\u00f3cios","item":"https:\/\/www.suno.com.br\/noticias\/negocios\/"},{"@type":"ListItem","position":3,"name":"Oceanpact (OPCT3) vence disputa judicial milion\u00e1ria com a Petrobras (PETR4)"}]},{"@type":"WebSite","@id":"https:\/\/www.suno.com.br\/noticias\/#website","url":"https:\/\/www.suno.com.br\/noticias\/","name":"Suno Not\u00edcias","description":"Seu portal de informa\u00e7\u00e3o sobre o mundo dos investimentos","publisher":{"@id":"https:\/\/www.suno.com.br\/noticias\/#organization"},"potentialAction":[{"@type":"SearchAction","target":{"@type":"EntryPoint","urlTemplate":"https:\/\/www.suno.com.br\/noticias\/?s={search_term_string}"},"query-input":{"@type":"PropertyValueSpecification","valueRequired":true,"valueName":"search_term_string"}}],"inLanguage":"pt-BR"},{"@type":"Organization","@id":"https:\/\/www.suno.com.br\/noticias\/#organization","name":"Suno Not\u00edcias","url":"https:\/\/www.suno.com.br\/noticias\/","logo":{"@type":"ImageObject","inLanguage":"pt-BR","@id":"https:\/\/www.suno.com.br\/noticias\/#\/schema\/logo\/image\/","url":"https:\/\/files.sunoresearch.com.br\/n\/uploads\/2021\/09\/suno-logo.png","contentUrl":"https:\/\/files.sunoresearch.com.br\/n\/uploads\/2021\/09\/suno-logo.png","width":180,"height":180,"caption":"Suno Not\u00edcias"},"image":{"@id":"https:\/\/www.suno.com.br\/noticias\/#\/schema\/logo\/image\/"},"sameAs":["https:\/\/facebook.com\/sunoresearch","https:\/\/x.com\/sunoresearch","https:\/\/www.instagram.com\/suno","https:\/\/www.linkedin.com\/company\/suno-research\/","https:\/\/www.youtube.com\/c\/sunoresearch"]},{"@type":"Person","@id":"https:\/\/www.suno.com.br\/noticias\/#\/schema\/person\/7f4d362bf3518e76090143ae77bb49a5","name":"Eduardo Vargas","image":{"@type":"ImageObject","inLanguage":"pt-BR","@id":"https:\/\/www.suno.com.br\/noticias\/#\/schema\/person\/image\/","url":"https:\/\/secure.gravatar.com\/avatar\/dac340933427a22924c9f99d1eb2e3f2?s=96&r=g","contentUrl":"https:\/\/secure.gravatar.com\/avatar\/dac340933427a22924c9f99d1eb2e3f2?s=96&r=g","caption":"Eduardo Vargas"},"description":"Jornalista formado pela UFSC, cobre macroeconomia, neg\u00f3cios e startups para o Suno Not\u00edcias, escrevendo principalmente not\u00edcias sobre o mercado financeiro e a bolsa de valores. No YouTube e no Instagram, \u00e9 respons\u00e1vel pela produ\u00e7\u00e3o de Reels e Shorts do Suno Not\u00edcias. Anteriormente, trabalhou cobrindo economia e cotidiano no ND+ e para o ND, maior jornal impresso de Santa Catarina. Cursou um semestre letivo de Estudos de M\u00eddia na Universidad de Buenos Aires.","url":"https:\/\/www.suno.com.br\/noticias\/author\/eduardo-vargas\/"}]}},"default_loop_html":"<div class=\"cardsPage__listCard__boxs\"><div class=\"cardsPage__listCard__boxs__img\"><a href=\"https:\/\/www.suno.com.br\/noticias\/oceanpact-opct3-disputa-judicial-petrobras-petr4\/\"><img class=\"mask\" src=\"https:\/\/www.suno.com.br\/noticias\/wp-content\/themes\/suno\/resources\/images\/spotlight\/spotlight1img\/bg-mask.png\" alt=\"Image Mask\"\/><img src=\"https:\/\/files.sunoresearch.com.br\/n\/uploads\/2021\/02\/dfa1fef2-oceanpact-400x200.webp\" alt=\"Oceanpact (OPCT3) vence disputa judicial milion\u00e1ria com a Petrobras (PETR4)\"\/><\/a><span class=\"spotlightCategory\"><a href=\"https:\/\/www.suno.com.br\/noticias\/negocios\/\">Neg\u00f3cios<\/a><\/span><\/div><div class=\"cardsPage__listCard__boxs__content\"><a href=\"https:\/\/www.suno.com.br\/noticias\/oceanpact-opct3-disputa-judicial-petrobras-petr4\/\"><h2 class=\"content__title\">Oceanpact (OPCT3) vence disputa judicial milion\u00e1ria com a Petrobras (PETR4)<\/h2><\/a><div class=\"newsContent__article__meta\"><div class=\"newsContent__article__meta__authorBox\"><a href=\"https:\/\/www.suno.com.br\/noticias\/author\/eduardo-vargas\/\" class=\"authorBox__avatar noMobi\"><img src=\"https:\/\/secure.gravatar.com\/avatar\/dac340933427a22924c9f99d1eb2e3f2?s=96&#038;r=g\" alt=\"Eduardo Vargas\"><\/a><div class=\"authorBox__name\"><span>por\n\t\t\t<a href=\"https:\/\/www.suno.com.br\/noticias\/author\/eduardo-vargas\/\"><span itemprop=\"author\">Eduardo Vargas<\/span><\/a><\/span><time datetime=\"2022-12-15T11:25:37-03:00\" itemprop=\"datePublished\">15\/12\/2022 11:25<\/time><\/div><\/div><\/div><\/div><\/div>","single_layout":"posts","amp_enabled":true,"_links":{"self":[{"href":"https:\/\/www.suno.com.br\/noticias\/wp-json\/wp\/v2\/posts\/334989"}],"collection":[{"href":"https:\/\/www.suno.com.br\/noticias\/wp-json\/wp\/v2\/posts"}],"about":[{"href":"https:\/\/www.suno.com.br\/noticias\/wp-json\/wp\/v2\/types\/post"}],"author":[{"embeddable":true,"href":"https:\/\/www.suno.com.br\/noticias\/wp-json\/wp\/v2\/users\/73"}],"replies":[{"embeddable":true,"href":"https:\/\/www.suno.com.br\/noticias\/wp-json\/wp\/v2\/comments?post=334989"}],"version-history":[{"count":3,"href":"https:\/\/www.suno.com.br\/noticias\/wp-json\/wp\/v2\/posts\/334989\/revisions"}],"predecessor-version":[{"id":335083,"href":"https:\/\/www.suno.com.br\/noticias\/wp-json\/wp\/v2\/posts\/334989\/revisions\/335083"}],"wp:featuredmedia":[{"embeddable":true,"href":"https:\/\/www.suno.com.br\/noticias\/wp-json\/wp\/v2\/media\/121205"}],"wp:attachment":[{"href":"https:\/\/www.suno.com.br\/noticias\/wp-json\/wp\/v2\/media?parent=334989"}],"wp:term":[{"taxonomy":"category","embeddable":true,"href":"https:\/\/www.suno.com.br\/noticias\/wp-json\/wp\/v2\/categories?post=334989"},{"taxonomy":"post_tag","embeddable":true,"href":"https:\/\/www.suno.com.br\/noticias\/wp-json\/wp\/v2\/tags?post=334989"},{"taxonomy":"suno_strategy","embeddable":true,"href":"https:\/\/www.suno.com.br\/noticias\/wp-json\/wp\/v2\/suno_strategy?post=334989"}],"curies":[{"name":"wp","href":"https:\/\/api.w.org\/{rel}","templated":true}]}}