{"id":33488,"date":"2019-08-08T18:42:02","date_gmt":"2019-08-08T21:42:02","guid":{"rendered":"https:\/\/www.suno.com.br\/noticias\/?p=33488"},"modified":"2019-08-08T19:38:14","modified_gmt":"2019-08-08T22:38:14","slug":"salario-minimo-nacional-1-040-2020","status":"publish","type":"post","link":"https:\/\/www.suno.com.br\/noticias\/salario-minimo-nacional-1-040-2020\/","title":{"rendered":"Sal\u00e1rio m\u00ednimo \u00e9 definido pelo Congresso em R$ 1.040 em 2020"},"content":{"rendered":"<p>O sal\u00e1rio m\u00ednimo no Brasil ser\u00e1 de R$ 1.040 a partir do ano que vem, com ajuste de 4,2%. O projeto da <a href=\"https:\/\/www.suno.com.br\/artigos\/lei-orcamentaria-anual\/\">Lei de Diretrizes Or\u00e7ament\u00e1rias (LDO)<\/a> foi aprovado nesta quinta-feira (8) pela <strong>Comiss\u00e3o Mista de Or\u00e7amento (CMO)<\/strong>.<\/p>\t<div class=\"wrapper-featured-image\">\n\t\t<figure class=\"spotlightImg\">\n\n\t\t\t<picture>\n\t\t\t\t<source media=\"(max-width: 768px)\" srcset=\"https:\/\/files.sunoresearch.com.br\/n\/uploads\/2019\/04\/039c186c-reais-dinheiro-money2-400x200.webp\">\n\t\t\t\t<img loading=\"lazy\" decoding=\"async\" class=\"newsContent__article__imgCapa lazyloadDisabled newsContent__article__imgCapa--noCaption\" src=\"https:\/\/files.sunoresearch.com.br\/n\/uploads\/2019\/04\/039c186c-reais-dinheiro-money2-jpg.webp\" width=\"800\" height=\"450\" alt=\"Sal\u00e1rio m\u00ednimo \u00e9 definido pelo Congresso em R$ 1.040 em 2020\" fetchpriority=high \/>\n\t\t\t<\/picture>\n\n\t\t\t<figcaption class=\"wp-caption-text wp-caption-text--hide\">O preg\u00e3o do Tesouro Direto funciona das 9h30 \u00e0s 18h.<\/figcaption>\n\t\t<\/figure>\n\t<\/div>\n\n\n<p>O novo <strong>sal\u00e1rio m\u00ednimo<\/strong> n\u00e3o indica <strong>aumento real<\/strong> em compara\u00e7\u00e3o ao sal\u00e1rio atual de R$ 998. O ganho real ocorre quando o valor aumenta acima da <strong>infla\u00e7\u00e3o<\/strong>. Dessa forma, \u00e9 poss\u00edvel manter o n\u00edvel socioecon\u00f4mico mesmo com o maior custo de vida.<\/p>\n\n<p>Em maio, o ministro da Economia, <a href=\"https:\/\/www.suno.com.br\/tudo-sobre\/paulo-guedes\/\"><strong>Paulo Guedes<\/strong><\/a>, havia ressaltado que o sal\u00e1rio m\u00ednimo s\u00f3 voltaria a ter aumento real com a aprova\u00e7\u00e3o das reformas, como a da Previd\u00eancia e a tribut\u00e1ria.<\/p>\n<p>Em 2019, o sal\u00e1rio m\u00ednimo voltou a ter alta real ap\u00f3s dois anos abaixo da infla\u00e7\u00e3o. Em 2017 e 2018, os ganhos frente \u00e0 infla\u00e7\u00e3o do valor m\u00ednimo foram de -0,1% e -0,25%, respectivamente.\u00a0Entre 2003 e 2017, foram registradas altas reais em todos os anos.<\/p>\n<h2>\u00cdndice de infla\u00e7\u00e3o<\/h2>\n<p>A <a href=\"https:\/\/www.suno.com.br\/artigos\/meta-de-inflacao\/\">meta de infla\u00e7\u00e3o<\/a> fixada para pelo <a href=\"https:\/\/www.suno.com.br\/artigos\/cmn-conselho-monetario-nacional\/\">Conselho Monet\u00e1rio Nacional<\/a> (CMN) para este ano \u00e9 de 4,25%. Dessa forma, o novo sal\u00e1rio estaria levemente abaixo do \u00edndice inflacion\u00e1rio.<\/p>\n<p>No entanto, a previs\u00e3o para o\u00a0\u00cdndice de Pre\u00e7os ao Consumidor Amplo (IPCA) do <a href=\"https:\/\/www.suno.com.br\/artigos\/relatorio-focus\/\">Boletim Focus<\/a> desta semana manteve a previs\u00e3o em 3,80%. Nesse caso, o reajuste no sal\u00e1rio representaria aumento real ante o \u00edndice de infla\u00e7\u00e3o.<\/p>\n\t<p>\n\t\t<a href=\"https:\/\/lp.suno.com.br\/planilha-controle-gastos\/\" target=\"_blank\" data-element=\"shortcode-suno-banner\" title=\"Banner SUNO, clique e saiba mais\">\n\t\t\t<picture>\n\t\t\t\t<source media=\"(max-width: 500px)\" srcset=\"https:\/\/files.sunoresearch.com.br\/n\/uploads\/2023\/03\/400x300-Planilha-controle-de-gastos.png\">\n\t\t\t\t<img class=\"newsContent__article__imgCapa newsContent__article__imgCapa--banner\"\n\t\t\t\t\tsrc=\"https:\/\/files.sunoresearch.com.br\/n\/uploads\/2023\/03\/1420x240-Planilha-controle-de-gastos.png\"\n\t\t\t\t\tdata-promo-id=\"311945\"\t\t\t\t\t\t\t\t\t\twidth='1420' height='240'\t\t\t\t\talt=\"https:\/\/files.sunoresearch.com.br\/n\/uploads\/2023\/03\/1420x240-Planilha-controle-de-gastos.png\"\n\t\t\t\t>\n\t\t\t<\/picture>\n\t\t<\/a>\n\t<\/p>\n\n\n<h2>Sal\u00e1rio m\u00ednimo pode afetar Previd\u00eancia<\/h2>\n<p>Em abril deste ano, os deputados e senadores n\u00e3o aprovaram a proposta do governo de corrigir o sal\u00e1rio apenas com a infla\u00e7\u00e3o a partir de\u00a02020. Na ocasi\u00e3o, eles argumentaram que a proposta poderia afetar a tramita\u00e7\u00e3o da Reforma da Previd\u00eancia no Congresso.<\/p>\n<p><a href=\"https:\/\/www.suno.com.br\/noticias\/parlamentares-mudancas-salario-minimo-previdencia\/\">Saiba mais: Sal\u00e1rio m\u00ednimo: Parlamentares dizem que mudan\u00e7a pode afetar Previd\u00eancia<\/a><\/p>\n<p>A pol\u00edtica do aumento real do sal\u00e1rio\u00a0foi criada no governo Lula, mas transformada em lei na gest\u00e3o de Dilma Rousseff, ambos do Partido dos Trabalhadores (PT).<\/p>\n<p>A regra venceu no in\u00edcio deste ano e parlamentares criticaram o argumento de Bolsonaro, que afirmou estar agindo de forma oposta ao governo petista. Os deputados argumentaram que a lei do <strong>sal\u00e1rio m\u00ednimo<\/strong> foi uma constru\u00e7\u00e3o do Congresso e n\u00e3o apenas do PT.<\/p>\n","protected":false},"excerpt":{"rendered":"<p>O sal\u00e1rio m\u00ednimo no Brasil ser\u00e1 de R$ 1.040 a partir do ano que vem, com ajuste de 4,2%. O projeto da Lei de Diretrizes Or\u00e7ament\u00e1rias (LDO) foi aprovado nesta quinta-feira (8) pela Comiss\u00e3o Mista de Or\u00e7amento (CMO). O preg\u00e3o do Tesouro Direto funciona das 9h30 \u00e0s 18h. O novo sal\u00e1rio m\u00ednimo n\u00e3o indica aumento [&hellip;]<\/p>\n","protected":false},"author":18,"featured_media":21373,"comment_status":"closed","ping_status":"closed","sticky":false,"template":"","format":"standard","meta":[],"categories":[62],"tags":[850,1824],"suno_strategy":[],"class_list":["post-33488","post","type-post","status-publish","format-standard","has-post-thumbnail","hentry","category-economia","tag-inflacao","tag-salario-minimo"],"yoast_head":"<!-- This site is optimized with the Yoast SEO plugin v24.4 - https:\/\/yoast.com\/wordpress\/plugins\/seo\/ -->\n<title>Sal\u00e1rio m\u00ednimo \u00e9 definido pelo Congresso em R$ 1.040 em 2020<\/title>\n<meta name=\"description\" content=\"O sal\u00e1rio m\u00ednimo no Brasil ser\u00e1 de R$ 1.040 a partir do ano que vem, com ajuste de 4,2%. O valor atual \u00e9 de R$ 998. Clique para saber mais.\" \/>\n<meta name=\"robots\" content=\"index, follow, max-snippet:-1, max-image-preview:large, max-video-preview:-1\" \/>\n<link rel=\"canonical\" href=\"https:\/\/www.suno.com.br\/noticias\/salario-minimo-nacional-1-040-2020\/\" \/>\n<meta property=\"og:locale\" content=\"pt_BR\" \/>\n<meta property=\"og:type\" content=\"article\" \/>\n<meta property=\"og:title\" content=\"Sal\u00e1rio m\u00ednimo \u00e9 definido pelo Congresso em R$ 1.040 em 2020\" \/>\n<meta property=\"og:description\" content=\"O sal\u00e1rio m\u00ednimo no Brasil ser\u00e1 de R$ 1.040 a partir do ano que vem, com ajuste de 4,2%. O valor atual \u00e9 de R$ 998. Clique para saber mais.\" \/>\n<meta property=\"og:url\" content=\"https:\/\/www.suno.com.br\/noticias\/salario-minimo-nacional-1-040-2020\/\" \/>\n<meta property=\"og:site_name\" content=\"Suno Not\u00edcias\" \/>\n<meta property=\"article:publisher\" content=\"https:\/\/facebook.com\/sunoresearch\" \/>\n<meta property=\"og:image\" content=\"https:\/\/files.sunoresearch.com.br\/n\/uploads\/2019\/04\/039c186c-reais-dinheiro-money2.jpg\" \/>\n\t<meta property=\"og:image:width\" content=\"1100\" \/>\n\t<meta property=\"og:image:height\" content=\"370\" \/>\n\t<meta property=\"og:image:type\" content=\"image\/jpeg\" \/>\n<meta name=\"author\" content=\"Giovanna Oliveira\" \/>\n<meta name=\"twitter:card\" content=\"summary_large_image\" \/>\n<meta name=\"twitter:creator\" content=\"@sunoresearch\" \/>\n<meta name=\"twitter:site\" content=\"@sunoresearch\" \/>\n<meta name=\"twitter:label1\" content=\"Escrito por\" \/>\n\t<meta name=\"twitter:data1\" content=\"Giovanna Oliveira\" \/>\n\t<meta name=\"twitter:label2\" content=\"Est. tempo de leitura\" \/>\n\t<meta name=\"twitter:data2\" content=\"2 minutos\" \/>\n<script type=\"application\/ld+json\" class=\"yoast-schema-graph\">{\"@context\":\"https:\/\/schema.org\",\"@graph\":[{\"@type\":\"NewsArticle\",\"@id\":\"https:\/\/www.suno.com.br\/noticias\/salario-minimo-nacional-1-040-2020\/#article\",\"isPartOf\":{\"@id\":\"https:\/\/www.suno.com.br\/noticias\/salario-minimo-nacional-1-040-2020\/\"},\"author\":{\"name\":\"Giovanna Oliveira\",\"@id\":\"https:\/\/www.suno.com.br\/noticias\/#\/schema\/person\/4e19e3d2575736e5283d58eb3199d120\"},\"headline\":\"Sal\u00e1rio m\u00ednimo \u00e9 definido pelo Congresso em R$ 1.040 em 2020\",\"datePublished\":\"2019-08-08T21:42:02+00:00\",\"dateModified\":\"2019-08-08T22:38:14+00:00\",\"mainEntityOfPage\":{\"@id\":\"https:\/\/www.suno.com.br\/noticias\/salario-minimo-nacional-1-040-2020\/\"},\"wordCount\":412,\"publisher\":{\"@id\":\"https:\/\/www.suno.com.br\/noticias\/#organization\"},\"image\":{\"@id\":\"https:\/\/www.suno.com.br\/noticias\/salario-minimo-nacional-1-040-2020\/#primaryimage\"},\"thumbnailUrl\":\"https:\/\/files.sunoresearch.com.br\/n\/uploads\/2019\/04\/039c186c-reais-dinheiro-money2-jpg.webp\",\"keywords\":[\"infla\u00e7\u00e3o\",\"sal\u00e1rio m\u00ednimo\"],\"articleSection\":[\"Economia\"],\"inLanguage\":\"pt-BR\"},{\"@type\":\"WebPage\",\"@id\":\"https:\/\/www.suno.com.br\/noticias\/salario-minimo-nacional-1-040-2020\/\",\"url\":\"https:\/\/www.suno.com.br\/noticias\/salario-minimo-nacional-1-040-2020\/\",\"name\":\"Sal\u00e1rio m\u00ednimo \u00e9 definido pelo Congresso em R$ 1.040 em 2020\",\"isPartOf\":{\"@id\":\"https:\/\/www.suno.com.br\/noticias\/#website\"},\"primaryImageOfPage\":{\"@id\":\"https:\/\/www.suno.com.br\/noticias\/salario-minimo-nacional-1-040-2020\/#primaryimage\"},\"image\":{\"@id\":\"https:\/\/www.suno.com.br\/noticias\/salario-minimo-nacional-1-040-2020\/#primaryimage\"},\"thumbnailUrl\":\"https:\/\/files.sunoresearch.com.br\/n\/uploads\/2019\/04\/039c186c-reais-dinheiro-money2-jpg.webp\",\"datePublished\":\"2019-08-08T21:42:02+00:00\",\"dateModified\":\"2019-08-08T22:38:14+00:00\",\"description\":\"O sal\u00e1rio m\u00ednimo no Brasil ser\u00e1 de R$ 1.040 a partir do ano que vem, com ajuste de 4,2%. O valor atual \u00e9 de R$ 998. Clique para saber mais.\",\"breadcrumb\":{\"@id\":\"https:\/\/www.suno.com.br\/noticias\/salario-minimo-nacional-1-040-2020\/#breadcrumb\"},\"inLanguage\":\"pt-BR\",\"potentialAction\":[{\"@type\":\"ReadAction\",\"target\":[\"https:\/\/www.suno.com.br\/noticias\/salario-minimo-nacional-1-040-2020\/\"]}]},{\"@type\":\"ImageObject\",\"inLanguage\":\"pt-BR\",\"@id\":\"https:\/\/www.suno.com.br\/noticias\/salario-minimo-nacional-1-040-2020\/#primaryimage\",\"url\":\"https:\/\/files.sunoresearch.com.br\/n\/uploads\/2019\/04\/039c186c-reais-dinheiro-money2-jpg.webp\",\"contentUrl\":\"https:\/\/files.sunoresearch.com.br\/n\/uploads\/2019\/04\/039c186c-reais-dinheiro-money2-jpg.webp\",\"width\":1100,\"height\":370,\"caption\":\"O preg\u00e3o do Tesouro Direto funciona das 9h30 \u00e0s 18h.\"},{\"@type\":\"BreadcrumbList\",\"@id\":\"https:\/\/www.suno.com.br\/noticias\/salario-minimo-nacional-1-040-2020\/#breadcrumb\",\"itemListElement\":[{\"@type\":\"ListItem\",\"position\":1,\"name\":\"Not\u00edcias\",\"item\":\"https:\/\/www.suno.com.br\/noticias\/\"},{\"@type\":\"ListItem\",\"position\":2,\"name\":\"Economia\",\"item\":\"https:\/\/www.suno.com.br\/noticias\/economia\/\"},{\"@type\":\"ListItem\",\"position\":3,\"name\":\"Sal\u00e1rio m\u00ednimo \u00e9 definido pelo Congresso em R$ 1.040 em 2020\"}]},{\"@type\":\"WebSite\",\"@id\":\"https:\/\/www.suno.com.br\/noticias\/#website\",\"url\":\"https:\/\/www.suno.com.br\/noticias\/\",\"name\":\"Suno Not\u00edcias\",\"description\":\"Seu portal de informa\u00e7\u00e3o sobre o mundo dos investimentos\",\"publisher\":{\"@id\":\"https:\/\/www.suno.com.br\/noticias\/#organization\"},\"potentialAction\":[{\"@type\":\"SearchAction\",\"target\":{\"@type\":\"EntryPoint\",\"urlTemplate\":\"https:\/\/www.suno.com.br\/noticias\/?s={search_term_string}\"},\"query-input\":{\"@type\":\"PropertyValueSpecification\",\"valueRequired\":true,\"valueName\":\"search_term_string\"}}],\"inLanguage\":\"pt-BR\"},{\"@type\":\"Organization\",\"@id\":\"https:\/\/www.suno.com.br\/noticias\/#organization\",\"name\":\"Suno Not\u00edcias\",\"url\":\"https:\/\/www.suno.com.br\/noticias\/\",\"logo\":{\"@type\":\"ImageObject\",\"inLanguage\":\"pt-BR\",\"@id\":\"https:\/\/www.suno.com.br\/noticias\/#\/schema\/logo\/image\/\",\"url\":\"https:\/\/files.sunoresearch.com.br\/n\/uploads\/2021\/09\/suno-logo.png\",\"contentUrl\":\"https:\/\/files.sunoresearch.com.br\/n\/uploads\/2021\/09\/suno-logo.png\",\"width\":180,\"height\":180,\"caption\":\"Suno Not\u00edcias\"},\"image\":{\"@id\":\"https:\/\/www.suno.com.br\/noticias\/#\/schema\/logo\/image\/\"},\"sameAs\":[\"https:\/\/facebook.com\/sunoresearch\",\"https:\/\/x.com\/sunoresearch\",\"https:\/\/www.instagram.com\/suno\",\"https:\/\/www.linkedin.com\/company\/suno-research\/\",\"https:\/\/www.youtube.com\/c\/sunoresearch\"]},{\"@type\":\"Person\",\"@id\":\"https:\/\/www.suno.com.br\/noticias\/#\/schema\/person\/4e19e3d2575736e5283d58eb3199d120\",\"name\":\"Giovanna Oliveira\",\"image\":{\"@type\":\"ImageObject\",\"inLanguage\":\"pt-BR\",\"@id\":\"https:\/\/www.suno.com.br\/noticias\/#\/schema\/person\/image\/\",\"url\":\"https:\/\/secure.gravatar.com\/avatar\/9a37b3ae208962ac568992d0ffdbc2eb?s=96&r=g\",\"contentUrl\":\"https:\/\/secure.gravatar.com\/avatar\/9a37b3ae208962ac568992d0ffdbc2eb?s=96&r=g\",\"caption\":\"Giovanna Oliveira\"},\"description\":\"Giovanna Oliveira escreve sobre economia e pol\u00edtica. Foi rep\u00f3rter do portal de jornalismo da ESPM-SP e produziu conte\u00fado para a Corinthians TV. \u00c9 estudante da ESPM.\",\"url\":\"https:\/\/www.suno.com.br\/noticias\/author\/giovanna\/\"}]}<\/script>\n<!-- \/ Yoast SEO plugin. -->","yoast_head_json":{"title":"Sal\u00e1rio m\u00ednimo \u00e9 definido pelo Congresso em R$ 1.040 em 2020","description":"O sal\u00e1rio m\u00ednimo no Brasil ser\u00e1 de R$ 1.040 a partir do ano que vem, com ajuste de 4,2%. O valor atual \u00e9 de R$ 998. Clique para saber mais.","robots":{"index":"index","follow":"follow","max-snippet":"max-snippet:-1","max-image-preview":"max-image-preview:large","max-video-preview":"max-video-preview:-1"},"canonical":"https:\/\/www.suno.com.br\/noticias\/salario-minimo-nacional-1-040-2020\/","og_locale":"pt_BR","og_type":"article","og_title":"Sal\u00e1rio m\u00ednimo \u00e9 definido pelo Congresso em R$ 1.040 em 2020","og_description":"O sal\u00e1rio m\u00ednimo no Brasil ser\u00e1 de R$ 1.040 a partir do ano que vem, com ajuste de 4,2%. O valor atual \u00e9 de R$ 998. Clique para saber mais.","og_url":"https:\/\/www.suno.com.br\/noticias\/salario-minimo-nacional-1-040-2020\/","og_site_name":"Suno Not\u00edcias","article_publisher":"https:\/\/facebook.com\/sunoresearch","og_image":[{"width":1100,"height":370,"url":"https:\/\/files.sunoresearch.com.br\/n\/uploads\/2019\/04\/039c186c-reais-dinheiro-money2.jpg","type":"image\/jpeg"}],"author":"Giovanna Oliveira","twitter_card":"summary_large_image","twitter_creator":"@sunoresearch","twitter_site":"@sunoresearch","twitter_misc":{"Escrito por":"Giovanna Oliveira","Est. tempo de leitura":"2 minutos"},"schema":{"@context":"https:\/\/schema.org","@graph":[{"@type":"NewsArticle","@id":"https:\/\/www.suno.com.br\/noticias\/salario-minimo-nacional-1-040-2020\/#article","isPartOf":{"@id":"https:\/\/www.suno.com.br\/noticias\/salario-minimo-nacional-1-040-2020\/"},"author":{"name":"Giovanna Oliveira","@id":"https:\/\/www.suno.com.br\/noticias\/#\/schema\/person\/4e19e3d2575736e5283d58eb3199d120"},"headline":"Sal\u00e1rio m\u00ednimo \u00e9 definido pelo Congresso em R$ 1.040 em 2020","datePublished":"2019-08-08T21:42:02+00:00","dateModified":"2019-08-08T22:38:14+00:00","mainEntityOfPage":{"@id":"https:\/\/www.suno.com.br\/noticias\/salario-minimo-nacional-1-040-2020\/"},"wordCount":412,"publisher":{"@id":"https:\/\/www.suno.com.br\/noticias\/#organization"},"image":{"@id":"https:\/\/www.suno.com.br\/noticias\/salario-minimo-nacional-1-040-2020\/#primaryimage"},"thumbnailUrl":"https:\/\/files.sunoresearch.com.br\/n\/uploads\/2019\/04\/039c186c-reais-dinheiro-money2-jpg.webp","keywords":["infla\u00e7\u00e3o","sal\u00e1rio m\u00ednimo"],"articleSection":["Economia"],"inLanguage":"pt-BR"},{"@type":"WebPage","@id":"https:\/\/www.suno.com.br\/noticias\/salario-minimo-nacional-1-040-2020\/","url":"https:\/\/www.suno.com.br\/noticias\/salario-minimo-nacional-1-040-2020\/","name":"Sal\u00e1rio m\u00ednimo \u00e9 definido pelo Congresso em R$ 1.040 em 2020","isPartOf":{"@id":"https:\/\/www.suno.com.br\/noticias\/#website"},"primaryImageOfPage":{"@id":"https:\/\/www.suno.com.br\/noticias\/salario-minimo-nacional-1-040-2020\/#primaryimage"},"image":{"@id":"https:\/\/www.suno.com.br\/noticias\/salario-minimo-nacional-1-040-2020\/#primaryimage"},"thumbnailUrl":"https:\/\/files.sunoresearch.com.br\/n\/uploads\/2019\/04\/039c186c-reais-dinheiro-money2-jpg.webp","datePublished":"2019-08-08T21:42:02+00:00","dateModified":"2019-08-08T22:38:14+00:00","description":"O sal\u00e1rio m\u00ednimo no Brasil ser\u00e1 de R$ 1.040 a partir do ano que vem, com ajuste de 4,2%. O valor atual \u00e9 de R$ 998. Clique para saber mais.","breadcrumb":{"@id":"https:\/\/www.suno.com.br\/noticias\/salario-minimo-nacional-1-040-2020\/#breadcrumb"},"inLanguage":"pt-BR","potentialAction":[{"@type":"ReadAction","target":["https:\/\/www.suno.com.br\/noticias\/salario-minimo-nacional-1-040-2020\/"]}]},{"@type":"ImageObject","inLanguage":"pt-BR","@id":"https:\/\/www.suno.com.br\/noticias\/salario-minimo-nacional-1-040-2020\/#primaryimage","url":"https:\/\/files.sunoresearch.com.br\/n\/uploads\/2019\/04\/039c186c-reais-dinheiro-money2-jpg.webp","contentUrl":"https:\/\/files.sunoresearch.com.br\/n\/uploads\/2019\/04\/039c186c-reais-dinheiro-money2-jpg.webp","width":1100,"height":370,"caption":"O preg\u00e3o do Tesouro Direto funciona das 9h30 \u00e0s 18h."},{"@type":"BreadcrumbList","@id":"https:\/\/www.suno.com.br\/noticias\/salario-minimo-nacional-1-040-2020\/#breadcrumb","itemListElement":[{"@type":"ListItem","position":1,"name":"Not\u00edcias","item":"https:\/\/www.suno.com.br\/noticias\/"},{"@type":"ListItem","position":2,"name":"Economia","item":"https:\/\/www.suno.com.br\/noticias\/economia\/"},{"@type":"ListItem","position":3,"name":"Sal\u00e1rio m\u00ednimo \u00e9 definido pelo Congresso em R$ 1.040 em 2020"}]},{"@type":"WebSite","@id":"https:\/\/www.suno.com.br\/noticias\/#website","url":"https:\/\/www.suno.com.br\/noticias\/","name":"Suno Not\u00edcias","description":"Seu portal de informa\u00e7\u00e3o sobre o mundo dos investimentos","publisher":{"@id":"https:\/\/www.suno.com.br\/noticias\/#organization"},"potentialAction":[{"@type":"SearchAction","target":{"@type":"EntryPoint","urlTemplate":"https:\/\/www.suno.com.br\/noticias\/?s={search_term_string}"},"query-input":{"@type":"PropertyValueSpecification","valueRequired":true,"valueName":"search_term_string"}}],"inLanguage":"pt-BR"},{"@type":"Organization","@id":"https:\/\/www.suno.com.br\/noticias\/#organization","name":"Suno Not\u00edcias","url":"https:\/\/www.suno.com.br\/noticias\/","logo":{"@type":"ImageObject","inLanguage":"pt-BR","@id":"https:\/\/www.suno.com.br\/noticias\/#\/schema\/logo\/image\/","url":"https:\/\/files.sunoresearch.com.br\/n\/uploads\/2021\/09\/suno-logo.png","contentUrl":"https:\/\/files.sunoresearch.com.br\/n\/uploads\/2021\/09\/suno-logo.png","width":180,"height":180,"caption":"Suno Not\u00edcias"},"image":{"@id":"https:\/\/www.suno.com.br\/noticias\/#\/schema\/logo\/image\/"},"sameAs":["https:\/\/facebook.com\/sunoresearch","https:\/\/x.com\/sunoresearch","https:\/\/www.instagram.com\/suno","https:\/\/www.linkedin.com\/company\/suno-research\/","https:\/\/www.youtube.com\/c\/sunoresearch"]},{"@type":"Person","@id":"https:\/\/www.suno.com.br\/noticias\/#\/schema\/person\/4e19e3d2575736e5283d58eb3199d120","name":"Giovanna Oliveira","image":{"@type":"ImageObject","inLanguage":"pt-BR","@id":"https:\/\/www.suno.com.br\/noticias\/#\/schema\/person\/image\/","url":"https:\/\/secure.gravatar.com\/avatar\/9a37b3ae208962ac568992d0ffdbc2eb?s=96&r=g","contentUrl":"https:\/\/secure.gravatar.com\/avatar\/9a37b3ae208962ac568992d0ffdbc2eb?s=96&r=g","caption":"Giovanna Oliveira"},"description":"Giovanna Oliveira escreve sobre economia e pol\u00edtica. Foi rep\u00f3rter do portal de jornalismo da ESPM-SP e produziu conte\u00fado para a Corinthians TV. \u00c9 estudante da ESPM.","url":"https:\/\/www.suno.com.br\/noticias\/author\/giovanna\/"}]}},"default_loop_html":"<div class=\"cardsPage__listCard__boxs\"><div class=\"cardsPage__listCard__boxs__img\"><a href=\"https:\/\/www.suno.com.br\/noticias\/salario-minimo-nacional-1-040-2020\/\"><img class=\"mask\" src=\"https:\/\/www.suno.com.br\/noticias\/wp-content\/themes\/suno\/resources\/images\/spotlight\/spotlight1img\/bg-mask.png\" alt=\"Image Mask\"\/><img src=\"https:\/\/files.sunoresearch.com.br\/n\/uploads\/2019\/04\/039c186c-reais-dinheiro-money2-400x200.webp\" alt=\"Sal\u00e1rio m\u00ednimo \u00e9 definido pelo Congresso em R$ 1.040 em 2020\"\/><\/a><span class=\"spotlightCategory\"><a href=\"https:\/\/www.suno.com.br\/noticias\/economia\/\">Economia<\/a><\/span><\/div><div class=\"cardsPage__listCard__boxs__content\"><a href=\"https:\/\/www.suno.com.br\/noticias\/salario-minimo-nacional-1-040-2020\/\"><h2 class=\"content__title\">Sal\u00e1rio m\u00ednimo \u00e9 definido pelo Congresso em R$ 1.040 em 2020<\/h2><\/a><div class=\"newsContent__article__meta\"><div class=\"newsContent__article__meta__authorBox\"><a href=\"https:\/\/www.suno.com.br\/noticias\/author\/giovanna\/\" class=\"authorBox__avatar noMobi\"><img src=\"https:\/\/files.sunoresearch.com.br\/n\/uploads\/2019\/06\/952a89ca-screenshot_20190608-171507-150x150.webp\" alt=\"Giovanna Oliveira\"><\/a><div class=\"authorBox__name\"><span>por\n\t\t\t<a href=\"https:\/\/www.suno.com.br\/noticias\/author\/giovanna\/\"><span itemprop=\"author\">Giovanna Oliveira<\/span><\/a><\/span><time datetime=\"2019-08-08T18:42:02-03:00\" itemprop=\"datePublished\">08\/08\/2019 18:42<\/time><\/div><\/div><\/div><\/div><\/div>","single_layout":"posts","amp_enabled":true,"_links":{"self":[{"href":"https:\/\/www.suno.com.br\/noticias\/wp-json\/wp\/v2\/posts\/33488"}],"collection":[{"href":"https:\/\/www.suno.com.br\/noticias\/wp-json\/wp\/v2\/posts"}],"about":[{"href":"https:\/\/www.suno.com.br\/noticias\/wp-json\/wp\/v2\/types\/post"}],"author":[{"embeddable":true,"href":"https:\/\/www.suno.com.br\/noticias\/wp-json\/wp\/v2\/users\/18"}],"replies":[{"embeddable":true,"href":"https:\/\/www.suno.com.br\/noticias\/wp-json\/wp\/v2\/comments?post=33488"}],"version-history":[{"count":0,"href":"https:\/\/www.suno.com.br\/noticias\/wp-json\/wp\/v2\/posts\/33488\/revisions"}],"wp:featuredmedia":[{"embeddable":true,"href":"https:\/\/www.suno.com.br\/noticias\/wp-json\/wp\/v2\/media\/21373"}],"wp:attachment":[{"href":"https:\/\/www.suno.com.br\/noticias\/wp-json\/wp\/v2\/media?parent=33488"}],"wp:term":[{"taxonomy":"category","embeddable":true,"href":"https:\/\/www.suno.com.br\/noticias\/wp-json\/wp\/v2\/categories?post=33488"},{"taxonomy":"post_tag","embeddable":true,"href":"https:\/\/www.suno.com.br\/noticias\/wp-json\/wp\/v2\/tags?post=33488"},{"taxonomy":"suno_strategy","embeddable":true,"href":"https:\/\/www.suno.com.br\/noticias\/wp-json\/wp\/v2\/suno_strategy?post=33488"}],"curies":[{"name":"wp","href":"https:\/\/api.w.org\/{rel}","templated":true}]}}