{"id":334832,"date":"2022-12-14T23:28:29","date_gmt":"2022-12-15T02:28:29","guid":{"rendered":"https:\/\/www.suno.com.br\/noticias\/?p=334832"},"modified":"2022-12-14T23:28:32","modified_gmt":"2022-12-15T02:28:32","slug":"radar-banco-do-brasil-bbas3-rede-dor-rdor3-oi-oibr3","status":"publish","type":"post","link":"https:\/\/www.suno.com.br\/noticias\/radar-banco-do-brasil-bbas3-rede-dor-rdor3-oi-oibr3\/","title":{"rendered":"Radar: Banco do Brasil (BBAS3) anuncia aporte milion\u00e1rio em fintech; Rede D\u2019Or (RDOR3) aprova dividendos de R$ 158 milh\u00f5es e o fim da recupera\u00e7\u00e3o judicial da  Oi (OIBR3)"},"content":{"rendered":"<p>O <strong>Banco do Brasil (<a href=\"https:\/\/www.suno.com.br\/acoes\/bbas3\/\" target=\"_blank\" rel=\"noreferrer noopener\">BBAS3<\/a>)<\/strong> anunciou na noite de ontem (13) o investimento de R$ 10,5 milh\u00f5es na Pagaleve. A fintech, especializada em checkout digital para o varejo, recebeu o aporte em uma rodada liderada pela Salesforce Ventures e \u00e9 o segundo realizado pelo BB Ventures, fundo gerido pela MSW Capital.<\/p>\t<div class=\"wrapper-featured-image\">\n\t\t<figure class=\"spotlightImg\">\n\n\t\t\t<picture>\n\t\t\t\t<source media=\"(max-width: 768px)\" srcset=\"https:\/\/files.sunoresearch.com.br\/n\/uploads\/2022\/05\/bb-seguridade-400x200.jpg\">\n\t\t\t\t<img loading=\"lazy\" decoding=\"async\" class=\"newsContent__article__imgCapa lazyloadDisabled \" src=\"https:\/\/files.sunoresearch.com.br\/n\/uploads\/2022\/05\/bb-seguridade-800x450.jpg\" width=\"800\" height=\"450\" alt=\"Radar: Banco do Brasil (BBAS3) anuncia aporte milion\u00e1rio em fintech; Rede D\u2019Or (RDOR3) aprova dividendos de R$ 158 milh\u00f5es e o fim da recupera\u00e7\u00e3o judicial da  Oi (OIBR3)\" fetchpriority=high \/>\n\t\t\t<\/picture>\n\n\t\t\t<figcaption class=\"wp-caption-text wp-caption-text--show\">BB Seguridade (BBSE3). Foto: Divulga\u00e7\u00e3o<\/figcaption>\n\t\t<\/figure>\n\t<\/div>\n\n\n\n\n\n\t<p>\n\t\t<a href=\"\" target=\"_blank\" data-element=\"shortcode-suno-banner\" title=\"Banner SUNO, clique e saiba mais\">\n\t\t\t<picture>\n\t\t\t\t<source media=\"(max-width: 500px)\" srcset=\"\">\n\t\t\t\t<img class=\"newsContent__article__imgCapa newsContent__article__imgCapa--banner\"\n\t\t\t\t\tsrc=\"\"\n\t\t\t\t\tdata-promo-id=\"138420\"\t\t\t\t\t\t\t\t\t\t\t\t\t\t\talt=\"\"\n\t\t\t\t>\n\t\t\t<\/picture>\n\t\t<\/a>\n\t<\/p>\n\n\n\n\n\n<p>O <strong>investimento na Pagaleve<\/strong>, segundo Fausto Ribeiro, <strong>presidente do Banco do Brasil<\/strong>, representa um marco importante no Corporate Venture da institui\u00e7\u00e3o. Isso porque o objetivo do programa \u00e9 &#8220;atrair startups de alto n\u00edvel com solu\u00e7\u00f5es inovadoras, a fim de fortalecem a transforma\u00e7\u00e3o digital tanto do BB quanto do sistema financeiro do pa\u00eds&#8221;.<\/p>\n\n\n\n<p>\u201cO BB acredita que as solu\u00e7\u00f5es da Pagaleve trazem importantes inova\u00e7\u00f5es em <a class=\"suno-keyword\" target=\"_blank\" data-force=\"no\" data-priority=\"1\" href=\"https:\/\/www.suno.com.br\/artigos\/meios-de-pagamento\/\" rel=\"noopener\">meios de pagamento<\/a>, democratizando o acesso a novas possibilidades de pagamento em compras online pelas pessoas f\u00edsicas, ao mesmo tempo em que reduz custos e aumenta a <a class=\"suno-keyword\" target=\"_blank\" data-force=\"no\" data-priority=\"1\" href=\"https:\/\/www.suno.com.br\/artigos\/eficiencia-operacional\/\" rel=\"noopener\">efici\u00eancia operacional<\/a> dos varejistas\u201d, comenta Ribeiro.<\/p>\n\n\n\n<p>Ainda segundo ele, o <strong>aporte na Pagaleve pelo Banco do Brasil<\/strong> \u00e9 um movimento que visa o futuro desse mercado. &#8220;[Que] converge para a melhoria da experi\u00eancia do cliente na sua jornada de pagamento, ao mesmo tempo em que permite a aquisi\u00e7\u00e3o de um perfil de consumidor antes inacess\u00edvel \u00e0s empresas que atuam no e-commerce\u201d.<\/p>\n\n\n\n<h2 class=\"wp-block-heading\" id=\"h-bb-ventures-e-o-investimento-em-startups\">BB Ventures e o investimento em startups<\/h2>\n\n\n\n<p>De acordo com a institui\u00e7\u00e3o financeira, o <strong>fundo de venture capital do Banco do Brasil<\/strong> (<strong>BB Ventures)<\/strong> tem como objetivo investir e impulsionar startups de base tecnol\u00f3gica com foco em fintechs, agritechs, govtechs e startups com solu\u00e7\u00f5es que buscam melhorar a experi\u00eancia digital dos clientes do banco.<\/p>\n\n\n\n<p>A Pagaleve foi fundada em 2021 com o objetivo de proporcionar aos consumidores a possibilidade de fazer pagamentos parcelados sem a necessidade de usar um <a class=\"suno-keyword\" target=\"_blank\" data-force=\"no\" data-priority=\"3\" href=\"https:\/\/www.suno.com.br\/artigos\/cartao-de-credito\/\" rel=\"noopener\">cart\u00e3o de cr\u00e9dito<\/a>, por meio de uma plataforma altamente tecnol\u00f3gica e regras mais amig\u00e1veis.<\/p>\n\n\n\n<p>\u201cEstamos muito contentes por trazer como investidor o fundo de venture capital do <strong>Banco do Brasil<\/strong>. Isso s\u00f3 refor\u00e7a o nosso compromisso de continuar impulsionando a inclus\u00e3o financeira e o acesso a pagamentos parcelados para milh\u00f5es de brasileiras e brasileiros \u2014 estimulando significativamente as vendas no setor de varejo, por meio da tecnologia\u201d, destaca Henrique Weaver, CEO da Pagaleve.<\/p>\n\n\n\n<p><em>Al\u00e9m do<\/em><strong><em> Banco do Brasil<\/em><\/strong><em>, confira outros destaques desta quarta-feira<\/em>:<a href=\"https:\/\/lp.suno.com.br\/asset\/suno-energias-limpas-snel11\/\" target=\"_blank\" rel=\"noreferrer noopener\"><\/a><a href=\"https:\/\/lp.suno.com.br\/pv\/sr-premium\/viver-de-renda\/\" target=\"_blank\" rel=\"noreferrer noopener\"><\/a><a href=\"https:\/\/lp.suno.com.br\/pv\/sr-premium\/viver-de-renda\/\" target=\"_blank\" rel=\"noreferrer noopener\"><\/a><\/p>\n\n\n\n<h2 class=\"wp-block-heading\">BNDES n\u00e3o deve vender a\u00e7\u00f5es da Eletrobras (ELET3) em 2022, diz ag\u00eancia<\/h2>\n\n\n\n<ul class=\"wp-block-list\">\n<li>O BNDES poder\u00e1 n\u00e3o vender as a\u00e7\u00f5es que possui da <strong>Eletrobras (<a href=\"https:\/\/suno.com.br\/acoes\/elet3\/\" target=\"_blank\" rel=\"noreferrer noopener\">ELET3<\/a>;<a href=\"https:\/\/suno.com.br\/acoes\/elet6\/\" target=\"_blank\" rel=\"noreferrer noopener\">ELET6<\/a>)<\/strong> em 2022. Segundo fontes ouvidas pela Reuters, h\u00e1 duas fortes raz\u00f5es para isso: falta de tempo para a realiza\u00e7\u00e3o de uma potencial opera\u00e7\u00e3o ainda neste ano e uma piora no cen\u00e1rio macroecon\u00f4mico.<\/li>\n\n\n\n<li>Embora a <strong>privatiza\u00e7\u00e3o da Eletrobras<\/strong> tenha acontecido no in\u00edcio de 2022, uma cl\u00e1usula de barreira (lock-up) para <strong>venda das a\u00e7\u00f5es<\/strong> terminou no come\u00e7o de dezembro. <\/li>\n\n\n\n<li>Com isso, havia a expectativa de que o <strong>BNDES <\/strong>iria oferecer ao mercado os pap\u00e9is da empresa do setor el\u00e9trico.<\/li>\n\n\n\n<li>No entanto, de acordo com as fontes ouvidas pela Reuters, o banco de fomento fez avalia\u00e7\u00f5es internas sobre uma poss\u00edvel transa\u00e7\u00e3o e a ideia n\u00e3o foi adiante. &#8220;O banco n\u00e3o vai vender essas <strong>a\u00e7\u00f5es da Eletrobras<\/strong>, decis\u00e3o tomada&#8221;, disse uma delas.<\/li>\n\n\n\n<li>Ainda que a possibilidade tenha sido avaliada, a decis\u00e3o teria pouco tempo. &#8220;E, para se achar o tamanho adequado da opera\u00e7\u00e3o, n\u00e3o haveria tempo h\u00e1bil. Seria muito dif\u00edcil de fazer por causa da governan\u00e7a\u201d, afirmou uma segunda fonte da Reuters.<\/li>\n\n\n\n<li><strong>Impactos macroecon\u00f4micos na Eletrobras<\/strong><\/li>\n\n\n\n<li>Ainda de acordo com as fontes ouvidas pela Reuters, &#8220;os investidores ficaram abalados com algumas das decis\u00f5es de Lula&#8221;. Entre elas, est\u00e1 a <a href=\"https:\/\/www.suno.com.br\/noticias\/lula-mercadante-presidente-bndes\/\" target=\"_blank\" rel=\"noreferrer noopener\">nomea\u00e7\u00e3o de Aloizio Mercadante para o comando do BNDES<\/a>.<\/li>\n\n\n\n<li>&#8220;Quando voc\u00ea tem uma grande mudan\u00e7a macro, e foi o que aconteceu agora, voc\u00ea precisa refazer muito do trabalho. O &#8216;<a class=\"suno-keyword\" target=\"_blank\" data-force=\"no\" data-priority=\"1\" href=\"https:\/\/www.suno.com.br\/artigos\/embi\/\" rel=\"noopener\">risco Brasil<\/a>&#8216; hoje \u00e9 muito maior, os juros s\u00e3o maiores, ent\u00e3o tem que refazer e atualizar as an\u00e1lises internas&#8221;, afirmou outra fonte.<\/li>\n\n\n\n<li>O BNDES det\u00e9m 74,55 milh\u00f5es de <strong>a\u00e7\u00f5es ordin\u00e1rias da Eletrobras<\/strong> diretamente e 71,96 milh\u00f5es por meio de seu ve\u00edculo de investimento BNDESPar. Procurado pela Suno para comentar sobre o assunto, o banco n\u00e3o respondeu at\u00e9 o fechamento da mat\u00e9ria.<\/li>\n\n\n\n<li><strong>Ita\u00fa BBA: risco limitado e potencial de valoriza\u00e7\u00e3o de 47%<\/strong><\/li>\n\n\n\n<li>Ap\u00f3s receber in\u00fameros questionamentos se o governo federal eleito poderia <strong>reverter a privatiza\u00e7\u00e3o da Eletrobras<\/strong> ou prejudicar a empresa, o Ita\u00fa BBA afirma que o risco \u00e9 limitado, improv\u00e1vel.<\/li>\n\n\n\n<li>Desta forma, o banco reitera recomenda\u00e7\u00e3o outperform (equivalente \u00e0 compra) para a\u00e7\u00f5es ordin\u00e1rias da empresa el\u00e9trica, com pre\u00e7o-alvo de R$ 61,60. O valor representa um potencial de valoriza\u00e7\u00e3o de 47,6% em rela\u00e7\u00e3o a cota\u00e7\u00e3o de ontem em R$ 41,74.<\/li>\n\n\n\n<li>A Eletrobras \u00e9 agora uma empresa privada e uma verdadeira corpora\u00e7\u00e3o, pois o poder de voto de qualquer acionista, incluindo o governo federal, \u00e9 limitado a 10%.<\/li>\n\n\n\n<li>Al\u00e9m disso, os analistas do Ita\u00fa BBA enxergam catalisadores positivos de curto prazo para as a\u00e7\u00f5es da Eletobras: <\/li>\n\n\n\n<li>a contrata\u00e7\u00e3o de gestores qualificados para posi\u00e7\u00f5es-chave, como o neg\u00f3cio de comercializa\u00e7\u00e3o de energia; <\/li>\n\n\n\n<li>eventual liquida\u00e7\u00e3o de conting\u00eancias em valor inferior ao registrado em seu balan\u00e7o; <\/li>\n\n\n\n<li>venda de ativos; <\/li>\n\n\n\n<li>simplifica\u00e7\u00e3o da estrutura acion\u00e1ria, resultando em menor custo e maior agilidade na utiliza\u00e7\u00e3o dos cr\u00e9ditos tribut\u00e1rios.<\/li>\n\n\n\n<li>\u201cTerminado o mandato, nova elei\u00e7\u00e3o ser\u00e1 realizada, mas o governo federal participar\u00e1 da discuss\u00e3o da nova diretoria, com apenas 10% dos votos. Os acionistas minorit\u00e1rios ter\u00e3o, portanto, mais poder do que o governo federal para escolher a nova diretoria\u201d, destacam os analistas.<\/li>\n\n\n\n<li><strong>Cota\u00e7\u00e3o Eletrobras<\/strong><\/li>\n\n\n\n<li>As&nbsp;a\u00e7\u00f5es da <strong>Eletrobras<\/strong>&nbsp;fecharam em perto da estabilidade, em leve alta de 0,09% quarta-feira (14), negociadas a R$ 41,98. Nos \u00faltimos doze meses, o papel ELET3 apresentou uma valoriza\u00e7\u00e3o de 23,29%.<\/li>\n<\/ul>\n\n\n\t<p>\n\t\t<a href=\"https:\/\/lp.suno.com.br\/planilha-controle-gastos\/\" target=\"_blank\" data-element=\"shortcode-suno-banner\" title=\"Banner SUNO, clique e saiba mais\">\n\t\t\t<picture>\n\t\t\t\t<source media=\"(max-width: 500px)\" srcset=\"https:\/\/files.sunoresearch.com.br\/n\/uploads\/2023\/03\/400x300-Planilha-controle-de-gastos.png\">\n\t\t\t\t<img class=\"newsContent__article__imgCapa newsContent__article__imgCapa--banner\"\n\t\t\t\t\tsrc=\"https:\/\/files.sunoresearch.com.br\/n\/uploads\/2023\/03\/1420x240-Planilha-controle-de-gastos.png\"\n\t\t\t\t\tdata-promo-id=\"101751\"\t\t\t\t\t\t\t\t\t\twidth='1420' height='240'\t\t\t\t\talt=\"https:\/\/files.sunoresearch.com.br\/n\/uploads\/2023\/03\/1420x240-Planilha-controle-de-gastos.png\"\n\t\t\t\t>\n\t\t\t<\/picture>\n\t\t<\/a>\n\t<\/p>\n\n\n\n\n\n<h2 class=\"wp-block-heading\">Oi (OIBR3): Justi\u00e7a decreta fim da recupera\u00e7\u00e3o judicial<\/h2>\n\n\n\n<ul class=\"wp-block-list\">\n<li>Chegou ao fim a <a class=\"suno-keyword\" data-force=\"no\" data-priority=\"2\" href=\"https:\/\/www.suno.com.br\/artigos\/recuperacao-judicial\/\" target=\"_blank\" rel=\"noopener\">recupera\u00e7\u00e3o judicial<\/a> da <strong>Oi (<a href=\"https:\/\/www.suno.com.br\/acoes\/oibr3\/\" target=\"_blank\" rel=\"noreferrer noopener\">OIBR3<\/a>)<\/strong>. Nesta quarta-feira (14), a 7\u00aa Vara Empresarial do Tribunal de Justi\u00e7a do Rio de Janeiro decretou o fim do processo. De acordo com o juiz Fernando Viana, todas as obriga\u00e7\u00f5es foram cumpridas pela empresa de telecomunica\u00e7\u00e3o. A empresa entrou em recupera\u00e7\u00e3o judicial em 2016 com d\u00edvidas de R$ 65 bilh\u00f5es e 55 mil credores.<\/li>\n\n\n\n<li>Segundo a decis\u00e3o sobre a <strong>recupera\u00e7\u00e3o judicial da Oi<\/strong>, foi determinada a presta\u00e7\u00e3o de contas da gest\u00e3o da <strong>Administrador Judicial da Oi<\/strong> no prazo de 30 dias. Al\u00e9m disso, a apresenta\u00e7\u00e3o dever\u00e1 ser feita no prazo de 90 dias no quadro geral de credores &#8220;rerratificado&#8221;.<\/li>\n\n\n\n<li>&#8220;Com o encerramento da recupera\u00e7\u00e3o judicial, e composi\u00e7\u00e3o de seu bilion\u00e1rio endividamento, a gigante de telecom nacional ingressa hoje em sua nova fase, focada em modernos servi\u00e7os digitais, com perspectiva de ser importante gerador de caixa e de empregos, de relevante atua\u00e7\u00e3o social &#8211; situa\u00e7\u00e3o diametralmente oposta quando do ingresso da recupera\u00e7\u00e3o, quando a d\u00edvida acumulou o vertiginoso patamar de R$ 65 bilh\u00f5es&#8221;, escreveu Viana na <strong>decis\u00e3o judicial sobre a Oi<\/strong>.<\/li>\n\n\n\n<li>A Oi deu entrada no <strong>pedido de recupera\u00e7\u00e3o judicial<\/strong> em 20 de junho de 2016. Na ocasi\u00e3o, as negocia\u00e7\u00f5es com 55 mil credores fracassaram e as d\u00edvidas da empresa somavam R$ 65,38 bilh\u00f5es \u2014 uma das maiores da hist\u00f3ria do pa\u00eds. Nove dias depois, o pedido foi aceito pela Justi\u00e7a do Rio de Janeiro.<\/li>\n\n\n\n<li>O <strong>plano de recupera\u00e7\u00e3o judicial da Oi<\/strong> foi aprovado por credores em dezembro de 2017. Nele, a companhia&nbsp; projetou uma redu\u00e7\u00e3o de 40% na d\u00edvida bruta com a convers\u00e3o de passivos em participa\u00e7\u00e3o acion\u00e1ria. Em pouco mais de seis anos de processo, a d\u00edvida teve uma redu\u00e7\u00e3o acentuada: passou para R$ 21,92 bilh\u00f5es com a venda de ativos.<\/li>\n\n\n\n<li><strong>Bancos escutam \u201cn\u00e3o\u201d da Justi\u00e7a em processo de recupera\u00e7\u00e3o judicial da Oi<\/strong><\/li>\n\n\n\n<li><a href=\"https:\/\/suno.com.br\/acoes\/bbas3\/\" target=\"_blank\" rel=\"noreferrer noopener\">Banco do Brasil (BBAS3)<\/a>,&nbsp;<a href=\"https:\/\/www.suno.com.br\/acoes\/ITUB4\/\" target=\"_blank\" rel=\"noreferrer noopener\">Ita\u00fa Unibanco (ITUB4)<\/a>&nbsp;e Caixa Econ\u00f4mica Federal levaram um \u201cn\u00e3o\u201d da Justi\u00e7a no processo de <a class=\"suno-keyword\" target=\"_blank\" data-force=\"no\" data-priority=\"2\" href=\"https:\/\/www.suno.com.br\/artigos\/recuperacao-judicial\/\" rel=\"noopener\">recupera\u00e7\u00e3o judicial<\/a> da Oi.&nbsp;Na \u00faltima quinta (8), o juiz Fernando Viana, respons\u00e1vel pelo caso, rejeitou os argumentos das&nbsp;<a href=\"https:\/\/www.suno.com.br\/artigos\/instituicoes-financeiras\/\" target=\"_blank\" rel=\"noreferrer noopener\">institui\u00e7\u00f5es financeiras<\/a>, contr\u00e1rias ao t\u00e9rmino desse per\u00edodo na companhia telef\u00f4nica. <\/li>\n\n\n\n<li>Credores da&nbsp;<a href=\"https:\/\/www.suno.com.br\/acoes\/OIBR3\/\" target=\"_blank\" rel=\"noreferrer noopener\"><strong>Oi<\/strong>,<\/a>&nbsp;os bancos haviam pedido a prorroga\u00e7\u00e3o do processo de <a class=\"suno-keyword\" target=\"_blank\" data-force=\"no\" data-priority=\"2\" href=\"https:\/\/www.suno.com.br\/artigos\/recuperacao-judicial\/\" rel=\"noopener\">recupera\u00e7\u00e3o judicial<\/a> da companhia. Queriam bloquear o valor recebido com a&nbsp;<strong>venda de ativos da Oi<\/strong>, para garantir o pagamento de d\u00edvidas da companhia.<\/li>\n\n\n\n<li>O magistrado da 7\u00aa Vara Empresarial do Rio de Janeiro argumentou que a alega\u00e7\u00e3o dos bancos de que a Oi estaria realizando um esvaziamento patrimonial \u00e9 infundada, pois as vendas de ativos est\u00e3o previstas no&nbsp;<a href=\"https:\/\/www.suno.com.br\/artigos\/plano-de-recuperacao\/\" target=\"_blank\" rel=\"noreferrer noopener\">plano de recupera\u00e7\u00e3o judicial<\/a>&nbsp;da companhia.<\/li>\n\n\n\n<li>Al\u00e9m disso, na decis\u00e3o publicada na quarta (7), o juiz destacou que, nos documentos da&nbsp;<strong>recupera\u00e7\u00e3o judicial<\/strong>, n\u00e3o existe a obriga\u00e7\u00e3o de que os valores das vendas desses ativos fossem reservados para o pagamento dos credores.<\/li>\n\n\n\n<li><strong>CEO da Oi abre o jogo sobre recupera\u00e7\u00e3o judicial<\/strong><\/li>\n\n\n\n<li>No dia 7, Rodrigo Abreu, <strong>CEO da Oi<\/strong>, defendeu que o fim da <a class=\"suno-keyword\" target=\"_blank\" data-force=\"no\" data-priority=\"2\" href=\"https:\/\/www.suno.com.br\/artigos\/recuperacao-judicial\/\" rel=\"noopener\">recupera\u00e7\u00e3o judicial<\/a> \u201cpoderia ser decretado a qualquer momento\u201d pelas autoridades.<\/li>\n\n\n\n<li>\u201cDo nosso ponto de vista, a gente cumpriu at\u00e9 hoje 100% das obriga\u00e7\u00f5es de recupera\u00e7\u00e3o. Ent\u00e3o, do ponto de vista formal, o fim da <a class=\"suno-keyword\" target=\"_blank\" data-force=\"no\" data-priority=\"2\" href=\"https:\/\/www.suno.com.br\/artigos\/recuperacao-judicial\/\" rel=\"noopener\">recupera\u00e7\u00e3o judicial<\/a> poderia ser decretado a qualquer momento. A an\u00e1lise est\u00e1 na m\u00e3o do juiz, a empresa continua entregando todos os compromissos de recupera\u00e7\u00e3o\u201d, argumentou ele durante participa\u00e7\u00e3o no podcast da Genial Investimentos.<\/li>\n\n\n\n<li>Contudo, o executivo detalhou aos acionistas que a disputa pelo<strong>&nbsp;t\u00e9rmino do processo de recupera\u00e7\u00e3o judicial<\/strong> <strong>da OI<\/strong>&nbsp;contou com percal\u00e7os adicionais nos \u00faltimos meses.<\/li>\n\n\n\n<li>\u201cO que acabou acontecendo ao longo dos dois \u00faltimos meses foi a disputa pelo ajuste de pre\u00e7o com os tr\u00eas compradores da Oi M\u00f3vel, um elemento que fazia parte do plano e obviamente ainda n\u00e3o foi recebido \u2013 est\u00e1 l\u00e1 com&nbsp;<a href=\"https:\/\/www.suno.com.br\/artigos\/deposito-judicial\/\" target=\"_blank\" rel=\"noreferrer noopener\">dep\u00f3sito judicial<\/a>. O juiz pediu para entender o que significa isso, se vai ser recebido ou n\u00e3o, demos todas as informa\u00e7\u00f5es\u201d, refor\u00e7ou.<\/li>\n\n\n\n<li><strong>Cota\u00e7\u00e3o da Oi nesta quarta-feira<\/strong><\/li>\n\n\n\n<li>As&nbsp;a\u00e7\u00f5es da&nbsp;<strong>Oi<\/strong>&nbsp;fecharam em estabilidade nesta quarta-feira (14), negociadas a R$ 00,17. Nos \u00faltimos doze meses, o papel teve queda de 79,76%.<\/li>\n<\/ul>\n\n\n\n<h2 class=\"wp-block-heading\">Rede D\u2019Or (RDOR3) aprova dividendos de R$ 158 milh\u00f5es; veja valores por a\u00e7\u00e3o<\/h2>\n\n\n\n<ul class=\"wp-block-list\">\n<li>A&nbsp;<strong><a href=\"https:\/\/www.suno.com.br\/acoes\/rdor3\/\">Rede D\u2019Or (RDOR3)<\/a><\/strong> pagar\u00e1 um volume total de R$ 158 milh\u00f5es em&nbsp;<a href=\"https:\/\/www.suno.com.br\/guias\/dividendos\/\" target=\"_blank\" rel=\"noreferrer noopener\">dividendos<\/a>, segundo aviso aos acionistas divulgado hoje. <\/li>\n\n\n\n<li>Os dividendos ser\u00e3o de R$ 0,08 por a\u00e7\u00e3o e devem ser pagos em 28 de dezembro.<\/li>\n\n\n\n<li>Apenas os investidores com&nbsp;<strong>a\u00e7\u00f5es da Rede D\u2019Or<\/strong>&nbsp;no dia 19 de dezembro poder\u00e3o receber os&nbsp;<strong>dividendos<\/strong>. A partir do dia 20 de dezembro, as a\u00e7\u00f5es ser\u00e3o negociadas sem direito aos dividendos.<\/li>\n\n\n\n<li>Segundo documento arquivado na Comiss\u00e3o de Valores Mobili\u00e1rios (CVM), esses <strong>proventos da Rede D&#8217;or<\/strong> fazem parte dos&nbsp;<a href=\"https:\/\/www.suno.com.br\/guias\/dividendos\/\" target=\"_blank\" rel=\"noreferrer noopener\">dividendos<\/a>&nbsp;obrigat\u00f3rios do exerc\u00edcio de 2022.<\/li>\n\n\n\n<li><strong>Dividendos da Rede D\u2019Or (RDOR3)<\/strong><\/li>\n\n\n\n<li><strong>Valor total:<\/strong>&nbsp;R$ 158.327.527,00<\/li>\n\n\n\n<li><strong>Valor por a\u00e7\u00e3o:<\/strong>&nbsp;R$ 0,08020510654<\/li>\n\n\n\n<li><strong>Data de corte:<\/strong>&nbsp;19 de dezembro<\/li>\n\n\n\n<li><strong>Data do pagamento:<\/strong>&nbsp;28 de dezembro<\/li>\n\n\n\n<li><strong>Rendimento (dividend yield) do pagamento:<\/strong>&nbsp;1,65 %<\/li>\n\n\n\n<li>No preg\u00e3o de hoje, a cota\u00e7\u00e3o das&nbsp;<strong>a\u00e7\u00f5es da Rede D\u2019Or<\/strong>&nbsp;tiveram alta de 4,819%, para R$ 25,47. Apesar disso, no ano, o papel acumula queda de 45,23%%.<\/li>\n\n\n\n<li><strong>Cade aprova aquisi\u00e7\u00e3o da SulAm\u00e9rica <\/strong><\/li>\n\n\n\n<li>Ainda nesta quarta-feira (14), o&nbsp;<a href=\"https:\/\/www.suno.com.br\/artigos\/cade\/\" target=\"_blank\" rel=\"noreferrer noopener\">Conselho Administrativo de Defesa Econ\u00f4mica (Cade)<\/a>&nbsp;aprovou oficialmente a aquisi\u00e7\u00e3o da&nbsp;<a href=\"https:\/\/www.suno.com.br\/acoes\/SULA11\/\" target=\"_blank\" rel=\"noreferrer noopener\">SulAm\u00e9rica (SULA11)<\/a>&nbsp;pela&nbsp;<a href=\"https:\/\/www.suno.com.br\/acoes\/RDOR3\/\" target=\"_blank\" rel=\"noreferrer noopener\"><strong>Rede D\u2019Or<\/strong>&nbsp;(RDOR3)<\/a>, sem restri\u00e7\u00f5es e de forma definitiva.<\/li>\n\n\n\n<li>A&nbsp;<strong>aquisi\u00e7\u00e3o da&nbsp;<a href=\"https:\/\/www.suno.com.br\/acoes\/SULA11\/\" target=\"_blank\" rel=\"noreferrer noopener\">SulAm\u00e9rica<\/a><\/strong><a href=\"https:\/\/www.suno.com.br\/acoes\/SULA11\/\" target=\"_blank\" rel=\"noreferrer noopener\">&nbsp;(SULA11)<\/a>, avaliada em R$ 15 bilh\u00f5es, foi anunciada em fevereiro pela Rede D\u2019Or. Em novembro, o&nbsp;<strong>Cade&nbsp;<\/strong>recomendou aval \u00e0 transa\u00e7\u00e3o sem restri\u00e7\u00f5es. A Superintend\u00eancia de Seguros Privados (Susep) tamb\u00e9m aprovou a&nbsp;<strong>fus\u00e3o entre as empresas<\/strong>&nbsp;em agosto.<\/li>\n\n\n\n<li>Em seu voto, o relator do caso, Luiz Hoffmann, destacou que a <strong>participa\u00e7\u00e3o de mercado da Rede D\u2019Or<\/strong> e da SulAm\u00e9rica, na grande maioria dos munic\u00edpios em que elas atuam, n\u00e3o ultrapassa os 20%, limite acima do qual o Cade considera que pode haver excesso de concentra\u00e7\u00e3o. <\/li>\n\n\n\n<li>Em comunicado, a empresa destaca que manter\u00e1 seus acionistas e o mercado informados sobre as etapas relevantes relacionadas \u00e0 consuma\u00e7\u00e3o da opera\u00e7\u00e3o. &#8220;inclusive no que diz respeito \u00e0s decis\u00f5es finais eventualmente proferidas pelas demais autoridades governamentais competentes, conforme aplic\u00e1vel, na forma da lei e da regulamenta\u00e7\u00e3o da CVM\u201d, disse a <strong>Rede D\u2019Or<\/strong>.<\/li>\n<\/ul>\n\n\n\t<p>\n\t\t<a href=\"https:\/\/lp.suno.com.br\/planilha-da-vida-financeira\/\" target=\"_blank\" data-element=\"shortcode-suno-banner\" title=\"Banner SUNO, clique e saiba mais\">\n\t\t\t<picture>\n\t\t\t\t<source media=\"(max-width: 500px)\" srcset=\"https:\/\/files.sunoresearch.com.br\/n\/uploads\/2023\/04\/400x300-Planilha-vida-financeira-true.png\">\n\t\t\t\t<img class=\"newsContent__article__imgCapa newsContent__article__imgCapa--banner\"\n\t\t\t\t\tsrc=\"https:\/\/files.sunoresearch.com.br\/n\/uploads\/2023\/04\/1420x240-Planilha-vida-financeira-true.png\"\n\t\t\t\t\tdata-promo-id=\"106682\"\t\t\t\t\t\t\t\t\t\twidth='1420' height='240'\t\t\t\t\talt=\"https:\/\/files.sunoresearch.com.br\/n\/uploads\/2023\/04\/1420x240-Planilha-vida-financeira-true.png\"\n\t\t\t\t>\n\t\t\t<\/picture>\n\t\t<\/a>\n\t<\/p>\n\n\n\n\n\n<h2 class=\"wp-block-heading\">Nubank (NUBR33): UBS projeta lucro bilion\u00e1rio em 2023 e recomenda compra<\/h2>\n\n\n\n<ul class=\"wp-block-list\">\n<li>Em nova an\u00e1lise sobre o <strong>Nubank <\/strong>(<a href=\"https:\/\/www.suno.com.br\/bdrs\/nubr33\/\" target=\"_blank\" rel=\"noreferrer noopener\">NUBR33<\/a>), os especialistas do UBS-BB mantiveram recomenda\u00e7\u00e3o de compra para as a\u00e7\u00f5es do banco listadas na <a href=\"https:\/\/www.suno.com.br\/artigos\/NYSE\" target=\"_blank\" rel=\"noreferrer noopener\">NYSE<\/a> citando uma receita m\u00e9dia por usu\u00e1rio ativo (ARPAC, na sigla em ingl\u00eas) mais alta, o que catapultou proje\u00e7\u00f5es de ganhos futuros.<\/li>\n\n\n\n<li>Apesar do otimismo mantido com as <strong><a href=\"https:\/\/statusinvest.com.br\/acoes\/eua\/nu\" target=\"_blank\" rel=\"noreferrer noopener\">a\u00e7\u00f5es do Nubank<\/a><\/strong>, a casa cortou o pre\u00e7o-alvo de US$ 7,50 para US$ 8.<\/li>\n\n\n\n<li>A proje\u00e7\u00e3o \u00e9 de que o <strong><a href=\"https:\/\/www.suno.com.br\/noticias\/nubank-nubr33-3t22\/\" target=\"_blank\" rel=\"noreferrer noopener\">Nubank tenha &#8216;resultados s\u00f3lidos&#8217; no pr\u00f3ximo trimestre<\/a><\/strong>.<\/li>\n\n\n\n<li>&#8220;Ap\u00f3s o bom resultado registrado pela empresa no 3T22, acreditamos que o lucro l\u00edquido ajustado do banco deve ser ainda mais forte no pr\u00f3ximo trimestre, ficando pr\u00f3ximo de US$ 100 milh\u00f5es&#8221;, destaca o UBS-BB.<\/li>\n\n\n\n<li>As proje\u00e7\u00f5es da casa s\u00e3o de que o Nubank feche o acumulado de 2022 com lucro l\u00edquido ajustado de US$ 191 milh\u00f5es (R$ 988 milh\u00f5es). Na revis\u00e3o anterior, a proje\u00e7\u00e3o era de US$ 47 milh\u00f5es (R$ 245 milh\u00f5es).<\/li>\n\n\n\n<li>J\u00e1 para 2023, o UBS projeta que o <strong>resultado do Nubank<\/strong> apresente <strong>uma cifra bilion\u00e1ria<\/strong> na moeda brasileira, com US$ 447 milh\u00f5es em lucro l\u00edquido ajustado (R$ 2,381 bilh\u00f5es).<\/li>\n\n\n\n<li>Os <strong>analistas do UBS<\/strong> tamb\u00e9m destacaram os movimentos recentes de internacionaliza\u00e7\u00e3o do banco, dado que o Nubank realizou uma capitaliza\u00e7\u00e3o de <a href=\"https:\/\/www.suno.com.br\/noticias\/nubank-nubr33-expande-mexico\/\" target=\"_blank\" rel=\"noreferrer noopener\">US$ 330 milh\u00f5es para expandir suas opera\u00e7\u00f5es no M\u00e9xico<\/a>.<\/li>\n\n\n\n<li>&#8220;A receita m\u00e9dia por usu\u00e1rio operacional (ARPAC) no M\u00e9xico \u00e9 maior que no Brasil; no entanto, a base de clientes no M\u00e9xico ainda \u00e9 pequena (3 milh\u00f5es, que representam 4,2% da base total de clientes)&#8221;, destacam os especialistas.<\/li>\n\n\n\n<li>A receita m\u00e9dia por cliente no M\u00e9xico foi de US$ 8,3 no M\u00e9xico, ante US$ 5,2 no Brasil, considerando os resultados reportados no terceiro trimestre.<\/li>\n\n\n\n<li><strong>Mudan\u00e7a no c\u00e2mbio e remunera\u00e7\u00e3o do CEO afetaram proje\u00e7\u00f5es para o Nubank<\/strong><\/li>\n\n\n\n<li>Nas proje\u00e7\u00f5es para os pr\u00f3ximos <strong>resultados do Nubank<\/strong>, os analistas destacam que incorporaram outros fatores al\u00e9m do \u00faltimo resultado visto como &#8216;acima do esperado&#8217;.<\/li>\n\n\n\n<li>Um dos pontos citados foi o &#8220;cancelamento do plano de remunera\u00e7\u00e3o de longo prazo do CEO da empresa&#8221;.<\/li>\n\n\n\n<li>Vale lembrar que a remunera\u00e7\u00e3o de diretores, <a href=\"https:\/\/www.suno.com.br\/noticias\/nubank-diretores-remuneracao-salario\/#:~:text=Remunera%C3%A7%C3%A3o%20dos%20diretores%20do%20Nubank%20aumentou%2020%25&amp;text=J%C3%A1%20em%202020%2C%20foi%20de,165%2C3%20milh%C3%B5es%20em%202021.\" target=\"_blank\" rel=\"noreferrer noopener\">em meses passados, j\u00e1 foi um gatilho para que o banco fosse alvo de cr\u00edticas<\/a>.<\/li>\n\n\n\n<li>Al\u00e9m disso, o c\u00e2mbio foi citado como um dos pontos que afetaram a revis\u00e3o das proje\u00e7\u00f5es.<\/li>\n\n\n\n<li>&#8220;A expectativa de um real mais desvalorizado ante o d\u00f3lar impulsionou nossa redu\u00e7\u00e3o no pre\u00e7o-alvo, de US$ 8 para US$ 7,50&#8221;, conclui o UBS sobre o <strong>Nubank<\/strong>.<\/li>\n<\/ul>\n\n\n\n<p><em>Do&nbsp;<\/em><strong><em>Banco do Brasil<\/em><\/strong><em>&nbsp;ao Nubank, essas foram as empresas que se destacaram hoje. Para ler todas as mat\u00e9rias&nbsp;<\/em><a href=\"https:\/\/www.suno.com.br\/noticias\/todos\/\" target=\"_blank\" rel=\"noreferrer noopener\">clique aqui.<\/a><a href=\"https:\/\/lp.suno.com.br\/planilha-de-controle-de-investimentos\/\" target=\"_blank\" rel=\"noreferrer noopener\"><\/a><a href=\"https:\/\/lp.suno.com.br\/planilha-de-controle-de-investimentos\/\" target=\"_blank\" rel=\"noreferrer noopener\"><\/a><\/p>\n\n\n\t<p>\n\t\t<a href=\"https:\/\/lp.suno.com.br\/planilha-de-controle-de-investimentos\/\" target=\"_blank\" data-element=\"shortcode-suno-banner\" title=\"Banner SUNO, clique e saiba mais\">\n\t\t\t<picture>\n\t\t\t\t<source media=\"(max-width: 500px)\" srcset=\"https:\/\/files.sunoresearch.com.br\/n\/uploads\/2023\/03\/400x300-Controle-de-Investimentos.png\">\n\t\t\t\t<img class=\"newsContent__article__imgCapa newsContent__article__imgCapa--banner\"\n\t\t\t\t\tsrc=\"https:\/\/files.sunoresearch.com.br\/n\/uploads\/2023\/03\/1420x240-Controle-de-Investimentos.png\"\n\t\t\t\t\tdata-promo-id=\"75934\"\t\t\t\t\t\t\t\t\t\twidth='1420' height='240'\t\t\t\t\talt=\"https:\/\/files.sunoresearch.com.br\/n\/uploads\/2023\/03\/1420x240-Controle-de-Investimentos.png\"\n\t\t\t\t>\n\t\t\t<\/picture>\n\t\t<\/a>\n\t<\/p>\n\n\n","protected":false},"excerpt":{"rendered":"<p>O Banco do Brasil (BBAS3) anunciou na noite de ontem (13) o investimento de R$ 10,5 milh\u00f5es na Pagaleve. A fintech, especializada em checkout digital para o varejo, recebeu o aporte em uma rodada liderada pela Salesforce Ventures e \u00e9 o segundo realizado pelo BB Ventures, fundo gerido pela MSW Capital. BB Seguridade (BBSE3). Foto: [&hellip;]<\/p>\n","protected":false},"author":194,"featured_media":257503,"comment_status":"closed","ping_status":"closed","sticky":false,"template":"","format":"standard","meta":[],"categories":[64],"tags":[732,757,455,848,584,2312],"suno_strategy":[],"class_list":["post-334832","post","type-post","status-publish","format-standard","has-post-thumbnail","hentry","category-negocios","tag-banco-do-brasil-bbas3","tag-bndes","tag-eletrobras-elet3-elet5-elet6","tag-nubank","tag-oi-oibr3-oibr4","tag-rede-dor-rdor3"],"yoast_head":"<!-- This site is optimized with the Yoast SEO plugin v24.4 - https:\/\/yoast.com\/wordpress\/plugins\/seo\/ -->\n<title>Radar: Banco do Brasil (BBAS3) anuncia aporte milion\u00e1rio em fintech; Rede D\u2019Or (RDOR3) aprova dividendos de R$ 158 milh\u00f5es e o fim da recupera\u00e7\u00e3o judicial da Oi (OIBR3)<\/title>\n<meta name=\"description\" content=\"O Banco do Brasil (BBAS3) anunciou o investimento de R$ 10,5 milh\u00f5es na Pagaleve. A Rede D&#039;or aprovou o pagamento de JCP milion\u00e1rios\" \/>\n<meta name=\"robots\" content=\"index, follow, max-snippet:-1, max-image-preview:large, max-video-preview:-1\" \/>\n<link rel=\"canonical\" href=\"https:\/\/www.suno.com.br\/noticias\/radar-banco-do-brasil-bbas3-rede-dor-rdor3-oi-oibr3\/\" \/>\n<meta property=\"og:locale\" content=\"pt_BR\" \/>\n<meta property=\"og:type\" content=\"article\" \/>\n<meta property=\"og:title\" content=\"Radar: Banco do Brasil (BBAS3) anuncia aporte milion\u00e1rio em fintech; Rede D\u2019Or (RDOR3) aprova dividendos de R$ 158 milh\u00f5es e o fim da recupera\u00e7\u00e3o judicial da Oi (OIBR3)\" \/>\n<meta property=\"og:description\" content=\"O Banco do Brasil (BBAS3) anunciou o investimento de R$ 10,5 milh\u00f5es na Pagaleve. A Rede D&#039;or aprovou o pagamento de JCP milion\u00e1rios\" \/>\n<meta property=\"og:url\" content=\"https:\/\/www.suno.com.br\/noticias\/radar-banco-do-brasil-bbas3-rede-dor-rdor3-oi-oibr3\/\" \/>\n<meta property=\"og:site_name\" content=\"Suno Not\u00edcias\" \/>\n<meta property=\"article:publisher\" content=\"https:\/\/facebook.com\/sunoresearch\" \/>\n<meta property=\"og:image\" content=\"https:\/\/files.sunoresearch.com.br\/n\/uploads\/2022\/05\/bb-seguridade.jpg\" \/>\n\t<meta property=\"og:image:width\" content=\"1200\" \/>\n\t<meta property=\"og:image:height\" content=\"823\" \/>\n\t<meta property=\"og:image:type\" content=\"image\/jpeg\" \/>\n<meta name=\"author\" content=\"Isabella Taglapietra\" \/>\n<meta name=\"twitter:card\" content=\"summary_large_image\" \/>\n<meta name=\"twitter:creator\" content=\"@sunoresearch\" \/>\n<meta name=\"twitter:site\" content=\"@sunoresearch\" \/>\n<meta name=\"twitter:label1\" content=\"Escrito por\" \/>\n\t<meta name=\"twitter:data1\" content=\"Isabella Taglapietra\" \/>\n\t<meta name=\"twitter:label2\" content=\"Est. tempo de leitura\" \/>\n\t<meta name=\"twitter:data2\" content=\"13 minutos\" \/>\n<script type=\"application\/ld+json\" class=\"yoast-schema-graph\">{\"@context\":\"https:\/\/schema.org\",\"@graph\":[{\"@type\":\"NewsArticle\",\"@id\":\"https:\/\/www.suno.com.br\/noticias\/radar-banco-do-brasil-bbas3-rede-dor-rdor3-oi-oibr3\/#article\",\"isPartOf\":{\"@id\":\"https:\/\/www.suno.com.br\/noticias\/radar-banco-do-brasil-bbas3-rede-dor-rdor3-oi-oibr3\/\"},\"author\":{\"name\":\"Isabella Taglapietra\",\"@id\":\"https:\/\/www.suno.com.br\/noticias\/#\/schema\/person\/a0be106724f6f5d705d70f04333cb249\"},\"headline\":\"Radar: Banco do Brasil (BBAS3) anuncia aporte milion\u00e1rio em fintech; Rede D\u2019Or (RDOR3) aprova dividendos de R$ 158 milh\u00f5es e o fim da recupera\u00e7\u00e3o judicial da Oi (OIBR3)\",\"datePublished\":\"2022-12-15T02:28:29+00:00\",\"dateModified\":\"2022-12-15T02:28:32+00:00\",\"mainEntityOfPage\":{\"@id\":\"https:\/\/www.suno.com.br\/noticias\/radar-banco-do-brasil-bbas3-rede-dor-rdor3-oi-oibr3\/\"},\"wordCount\":2652,\"publisher\":{\"@id\":\"https:\/\/www.suno.com.br\/noticias\/#organization\"},\"image\":{\"@id\":\"https:\/\/www.suno.com.br\/noticias\/radar-banco-do-brasil-bbas3-rede-dor-rdor3-oi-oibr3\/#primaryimage\"},\"thumbnailUrl\":\"https:\/\/files.sunoresearch.com.br\/n\/uploads\/2022\/05\/bb-seguridade.jpg\",\"keywords\":[\"Banco do Brasil (BBAS3)\",\"BNDES\",\"Eletrobras (ELET3\/ELET5\/ELET6)\",\"Nubank (NUBR33)\",\"Oi (OIBR3\/OIBR4)\",\"Rede D'or (RDOR3)\"],\"articleSection\":[\"Neg\u00f3cios\"],\"inLanguage\":\"pt-BR\"},{\"@type\":\"WebPage\",\"@id\":\"https:\/\/www.suno.com.br\/noticias\/radar-banco-do-brasil-bbas3-rede-dor-rdor3-oi-oibr3\/\",\"url\":\"https:\/\/www.suno.com.br\/noticias\/radar-banco-do-brasil-bbas3-rede-dor-rdor3-oi-oibr3\/\",\"name\":\"Radar: Banco do Brasil (BBAS3) anuncia aporte milion\u00e1rio em fintech; Rede D\u2019Or (RDOR3) aprova dividendos de R$ 158 milh\u00f5es e o fim da recupera\u00e7\u00e3o judicial da Oi (OIBR3)\",\"isPartOf\":{\"@id\":\"https:\/\/www.suno.com.br\/noticias\/#website\"},\"primaryImageOfPage\":{\"@id\":\"https:\/\/www.suno.com.br\/noticias\/radar-banco-do-brasil-bbas3-rede-dor-rdor3-oi-oibr3\/#primaryimage\"},\"image\":{\"@id\":\"https:\/\/www.suno.com.br\/noticias\/radar-banco-do-brasil-bbas3-rede-dor-rdor3-oi-oibr3\/#primaryimage\"},\"thumbnailUrl\":\"https:\/\/files.sunoresearch.com.br\/n\/uploads\/2022\/05\/bb-seguridade.jpg\",\"datePublished\":\"2022-12-15T02:28:29+00:00\",\"dateModified\":\"2022-12-15T02:28:32+00:00\",\"description\":\"O Banco do Brasil (BBAS3) anunciou o investimento de R$ 10,5 milh\u00f5es na Pagaleve. A Rede D'or aprovou o pagamento de JCP milion\u00e1rios\",\"breadcrumb\":{\"@id\":\"https:\/\/www.suno.com.br\/noticias\/radar-banco-do-brasil-bbas3-rede-dor-rdor3-oi-oibr3\/#breadcrumb\"},\"inLanguage\":\"pt-BR\",\"potentialAction\":[{\"@type\":\"ReadAction\",\"target\":[\"https:\/\/www.suno.com.br\/noticias\/radar-banco-do-brasil-bbas3-rede-dor-rdor3-oi-oibr3\/\"]}]},{\"@type\":\"ImageObject\",\"inLanguage\":\"pt-BR\",\"@id\":\"https:\/\/www.suno.com.br\/noticias\/radar-banco-do-brasil-bbas3-rede-dor-rdor3-oi-oibr3\/#primaryimage\",\"url\":\"https:\/\/files.sunoresearch.com.br\/n\/uploads\/2022\/05\/bb-seguridade.jpg\",\"contentUrl\":\"https:\/\/files.sunoresearch.com.br\/n\/uploads\/2022\/05\/bb-seguridade.jpg\",\"width\":1200,\"height\":823,\"caption\":\"BB Seguridade (BBSE3). Foto: Divulga\u00e7\u00e3o\"},{\"@type\":\"BreadcrumbList\",\"@id\":\"https:\/\/www.suno.com.br\/noticias\/radar-banco-do-brasil-bbas3-rede-dor-rdor3-oi-oibr3\/#breadcrumb\",\"itemListElement\":[{\"@type\":\"ListItem\",\"position\":1,\"name\":\"Not\u00edcias\",\"item\":\"https:\/\/www.suno.com.br\/noticias\/\"},{\"@type\":\"ListItem\",\"position\":2,\"name\":\"Neg\u00f3cios\",\"item\":\"https:\/\/www.suno.com.br\/noticias\/negocios\/\"},{\"@type\":\"ListItem\",\"position\":3,\"name\":\"Radar: Banco do Brasil (BBAS3) anuncia aporte milion\u00e1rio em fintech; Rede D\u2019Or (RDOR3) aprova dividendos de R$ 158 milh\u00f5es e o fim da recupera\u00e7\u00e3o judicial da Oi (OIBR3)\"}]},{\"@type\":\"WebSite\",\"@id\":\"https:\/\/www.suno.com.br\/noticias\/#website\",\"url\":\"https:\/\/www.suno.com.br\/noticias\/\",\"name\":\"Suno Not\u00edcias\",\"description\":\"Seu portal de informa\u00e7\u00e3o sobre o mundo dos investimentos\",\"publisher\":{\"@id\":\"https:\/\/www.suno.com.br\/noticias\/#organization\"},\"potentialAction\":[{\"@type\":\"SearchAction\",\"target\":{\"@type\":\"EntryPoint\",\"urlTemplate\":\"https:\/\/www.suno.com.br\/noticias\/?s={search_term_string}\"},\"query-input\":{\"@type\":\"PropertyValueSpecification\",\"valueRequired\":true,\"valueName\":\"search_term_string\"}}],\"inLanguage\":\"pt-BR\"},{\"@type\":\"Organization\",\"@id\":\"https:\/\/www.suno.com.br\/noticias\/#organization\",\"name\":\"Suno Not\u00edcias\",\"url\":\"https:\/\/www.suno.com.br\/noticias\/\",\"logo\":{\"@type\":\"ImageObject\",\"inLanguage\":\"pt-BR\",\"@id\":\"https:\/\/www.suno.com.br\/noticias\/#\/schema\/logo\/image\/\",\"url\":\"https:\/\/files.sunoresearch.com.br\/n\/uploads\/2021\/09\/suno-logo.png\",\"contentUrl\":\"https:\/\/files.sunoresearch.com.br\/n\/uploads\/2021\/09\/suno-logo.png\",\"width\":180,\"height\":180,\"caption\":\"Suno Not\u00edcias\"},\"image\":{\"@id\":\"https:\/\/www.suno.com.br\/noticias\/#\/schema\/logo\/image\/\"},\"sameAs\":[\"https:\/\/facebook.com\/sunoresearch\",\"https:\/\/x.com\/sunoresearch\",\"https:\/\/www.instagram.com\/suno\",\"https:\/\/www.linkedin.com\/company\/suno-research\/\",\"https:\/\/www.youtube.com\/c\/sunoresearch\"]},{\"@type\":\"Person\",\"@id\":\"https:\/\/www.suno.com.br\/noticias\/#\/schema\/person\/a0be106724f6f5d705d70f04333cb249\",\"name\":\"Isabella Taglapietra\",\"image\":{\"@type\":\"ImageObject\",\"inLanguage\":\"pt-BR\",\"@id\":\"https:\/\/www.suno.com.br\/noticias\/#\/schema\/person\/image\/\",\"url\":\"https:\/\/secure.gravatar.com\/avatar\/089c9e06b71de293117116aaf339e22f?s=96&r=g\",\"contentUrl\":\"https:\/\/secure.gravatar.com\/avatar\/089c9e06b71de293117116aaf339e22f?s=96&r=g\",\"caption\":\"Isabella Taglapietra\"},\"description\":\"Rep\u00f3rter freelancer no Suno Not\u00edcias, cobre not\u00edcias di\u00e1rias sobre economia, balan\u00e7os trimestrais e pesquisas. Formada em jornalismo pela Faculdade C\u00e1sper L\u00edbero e p\u00f3s-graduanda em mercado de capitais pela Fecap, atuou como rep\u00f3rter de economia e finan\u00e7as no portal CRC!News e Elas que Lucrem, al\u00e9m de social media para empresas do mercado financeiro.\",\"url\":\"https:\/\/www.suno.com.br\/noticias\/author\/isabella-taglapietra\/\"}]}<\/script>\n<!-- \/ Yoast SEO plugin. -->","yoast_head_json":{"title":"Radar: Banco do Brasil (BBAS3) anuncia aporte milion\u00e1rio em fintech; Rede D\u2019Or (RDOR3) aprova dividendos de R$ 158 milh\u00f5es e o fim da recupera\u00e7\u00e3o judicial da Oi (OIBR3)","description":"O Banco do Brasil (BBAS3) anunciou o investimento de R$ 10,5 milh\u00f5es na Pagaleve. A Rede D'or aprovou o pagamento de JCP milion\u00e1rios","robots":{"index":"index","follow":"follow","max-snippet":"max-snippet:-1","max-image-preview":"max-image-preview:large","max-video-preview":"max-video-preview:-1"},"canonical":"https:\/\/www.suno.com.br\/noticias\/radar-banco-do-brasil-bbas3-rede-dor-rdor3-oi-oibr3\/","og_locale":"pt_BR","og_type":"article","og_title":"Radar: Banco do Brasil (BBAS3) anuncia aporte milion\u00e1rio em fintech; Rede D\u2019Or (RDOR3) aprova dividendos de R$ 158 milh\u00f5es e o fim da recupera\u00e7\u00e3o judicial da Oi (OIBR3)","og_description":"O Banco do Brasil (BBAS3) anunciou o investimento de R$ 10,5 milh\u00f5es na Pagaleve. A Rede D'or aprovou o pagamento de JCP milion\u00e1rios","og_url":"https:\/\/www.suno.com.br\/noticias\/radar-banco-do-brasil-bbas3-rede-dor-rdor3-oi-oibr3\/","og_site_name":"Suno Not\u00edcias","article_publisher":"https:\/\/facebook.com\/sunoresearch","og_image":[{"width":1200,"height":823,"url":"https:\/\/files.sunoresearch.com.br\/n\/uploads\/2022\/05\/bb-seguridade.jpg","type":"image\/jpeg"}],"author":"Isabella Taglapietra","twitter_card":"summary_large_image","twitter_creator":"@sunoresearch","twitter_site":"@sunoresearch","twitter_misc":{"Escrito por":"Isabella Taglapietra","Est. tempo de leitura":"13 minutos"},"schema":{"@context":"https:\/\/schema.org","@graph":[{"@type":"NewsArticle","@id":"https:\/\/www.suno.com.br\/noticias\/radar-banco-do-brasil-bbas3-rede-dor-rdor3-oi-oibr3\/#article","isPartOf":{"@id":"https:\/\/www.suno.com.br\/noticias\/radar-banco-do-brasil-bbas3-rede-dor-rdor3-oi-oibr3\/"},"author":{"name":"Isabella Taglapietra","@id":"https:\/\/www.suno.com.br\/noticias\/#\/schema\/person\/a0be106724f6f5d705d70f04333cb249"},"headline":"Radar: Banco do Brasil (BBAS3) anuncia aporte milion\u00e1rio em fintech; Rede D\u2019Or (RDOR3) aprova dividendos de R$ 158 milh\u00f5es e o fim da recupera\u00e7\u00e3o judicial da Oi (OIBR3)","datePublished":"2022-12-15T02:28:29+00:00","dateModified":"2022-12-15T02:28:32+00:00","mainEntityOfPage":{"@id":"https:\/\/www.suno.com.br\/noticias\/radar-banco-do-brasil-bbas3-rede-dor-rdor3-oi-oibr3\/"},"wordCount":2652,"publisher":{"@id":"https:\/\/www.suno.com.br\/noticias\/#organization"},"image":{"@id":"https:\/\/www.suno.com.br\/noticias\/radar-banco-do-brasil-bbas3-rede-dor-rdor3-oi-oibr3\/#primaryimage"},"thumbnailUrl":"https:\/\/files.sunoresearch.com.br\/n\/uploads\/2022\/05\/bb-seguridade.jpg","keywords":["Banco do Brasil (BBAS3)","BNDES","Eletrobras (ELET3\/ELET5\/ELET6)","Nubank (NUBR33)","Oi (OIBR3\/OIBR4)","Rede D'or (RDOR3)"],"articleSection":["Neg\u00f3cios"],"inLanguage":"pt-BR"},{"@type":"WebPage","@id":"https:\/\/www.suno.com.br\/noticias\/radar-banco-do-brasil-bbas3-rede-dor-rdor3-oi-oibr3\/","url":"https:\/\/www.suno.com.br\/noticias\/radar-banco-do-brasil-bbas3-rede-dor-rdor3-oi-oibr3\/","name":"Radar: Banco do Brasil (BBAS3) anuncia aporte milion\u00e1rio em fintech; Rede D\u2019Or (RDOR3) aprova dividendos de R$ 158 milh\u00f5es e o fim da recupera\u00e7\u00e3o judicial da Oi (OIBR3)","isPartOf":{"@id":"https:\/\/www.suno.com.br\/noticias\/#website"},"primaryImageOfPage":{"@id":"https:\/\/www.suno.com.br\/noticias\/radar-banco-do-brasil-bbas3-rede-dor-rdor3-oi-oibr3\/#primaryimage"},"image":{"@id":"https:\/\/www.suno.com.br\/noticias\/radar-banco-do-brasil-bbas3-rede-dor-rdor3-oi-oibr3\/#primaryimage"},"thumbnailUrl":"https:\/\/files.sunoresearch.com.br\/n\/uploads\/2022\/05\/bb-seguridade.jpg","datePublished":"2022-12-15T02:28:29+00:00","dateModified":"2022-12-15T02:28:32+00:00","description":"O Banco do Brasil (BBAS3) anunciou o investimento de R$ 10,5 milh\u00f5es na Pagaleve. A Rede D'or aprovou o pagamento de JCP milion\u00e1rios","breadcrumb":{"@id":"https:\/\/www.suno.com.br\/noticias\/radar-banco-do-brasil-bbas3-rede-dor-rdor3-oi-oibr3\/#breadcrumb"},"inLanguage":"pt-BR","potentialAction":[{"@type":"ReadAction","target":["https:\/\/www.suno.com.br\/noticias\/radar-banco-do-brasil-bbas3-rede-dor-rdor3-oi-oibr3\/"]}]},{"@type":"ImageObject","inLanguage":"pt-BR","@id":"https:\/\/www.suno.com.br\/noticias\/radar-banco-do-brasil-bbas3-rede-dor-rdor3-oi-oibr3\/#primaryimage","url":"https:\/\/files.sunoresearch.com.br\/n\/uploads\/2022\/05\/bb-seguridade.jpg","contentUrl":"https:\/\/files.sunoresearch.com.br\/n\/uploads\/2022\/05\/bb-seguridade.jpg","width":1200,"height":823,"caption":"BB Seguridade (BBSE3). Foto: Divulga\u00e7\u00e3o"},{"@type":"BreadcrumbList","@id":"https:\/\/www.suno.com.br\/noticias\/radar-banco-do-brasil-bbas3-rede-dor-rdor3-oi-oibr3\/#breadcrumb","itemListElement":[{"@type":"ListItem","position":1,"name":"Not\u00edcias","item":"https:\/\/www.suno.com.br\/noticias\/"},{"@type":"ListItem","position":2,"name":"Neg\u00f3cios","item":"https:\/\/www.suno.com.br\/noticias\/negocios\/"},{"@type":"ListItem","position":3,"name":"Radar: Banco do Brasil (BBAS3) anuncia aporte milion\u00e1rio em fintech; Rede D\u2019Or (RDOR3) aprova dividendos de R$ 158 milh\u00f5es e o fim da recupera\u00e7\u00e3o judicial da Oi (OIBR3)"}]},{"@type":"WebSite","@id":"https:\/\/www.suno.com.br\/noticias\/#website","url":"https:\/\/www.suno.com.br\/noticias\/","name":"Suno Not\u00edcias","description":"Seu portal de informa\u00e7\u00e3o sobre o mundo dos investimentos","publisher":{"@id":"https:\/\/www.suno.com.br\/noticias\/#organization"},"potentialAction":[{"@type":"SearchAction","target":{"@type":"EntryPoint","urlTemplate":"https:\/\/www.suno.com.br\/noticias\/?s={search_term_string}"},"query-input":{"@type":"PropertyValueSpecification","valueRequired":true,"valueName":"search_term_string"}}],"inLanguage":"pt-BR"},{"@type":"Organization","@id":"https:\/\/www.suno.com.br\/noticias\/#organization","name":"Suno Not\u00edcias","url":"https:\/\/www.suno.com.br\/noticias\/","logo":{"@type":"ImageObject","inLanguage":"pt-BR","@id":"https:\/\/www.suno.com.br\/noticias\/#\/schema\/logo\/image\/","url":"https:\/\/files.sunoresearch.com.br\/n\/uploads\/2021\/09\/suno-logo.png","contentUrl":"https:\/\/files.sunoresearch.com.br\/n\/uploads\/2021\/09\/suno-logo.png","width":180,"height":180,"caption":"Suno Not\u00edcias"},"image":{"@id":"https:\/\/www.suno.com.br\/noticias\/#\/schema\/logo\/image\/"},"sameAs":["https:\/\/facebook.com\/sunoresearch","https:\/\/x.com\/sunoresearch","https:\/\/www.instagram.com\/suno","https:\/\/www.linkedin.com\/company\/suno-research\/","https:\/\/www.youtube.com\/c\/sunoresearch"]},{"@type":"Person","@id":"https:\/\/www.suno.com.br\/noticias\/#\/schema\/person\/a0be106724f6f5d705d70f04333cb249","name":"Isabella Taglapietra","image":{"@type":"ImageObject","inLanguage":"pt-BR","@id":"https:\/\/www.suno.com.br\/noticias\/#\/schema\/person\/image\/","url":"https:\/\/secure.gravatar.com\/avatar\/089c9e06b71de293117116aaf339e22f?s=96&r=g","contentUrl":"https:\/\/secure.gravatar.com\/avatar\/089c9e06b71de293117116aaf339e22f?s=96&r=g","caption":"Isabella Taglapietra"},"description":"Rep\u00f3rter freelancer no Suno Not\u00edcias, cobre not\u00edcias di\u00e1rias sobre economia, balan\u00e7os trimestrais e pesquisas. Formada em jornalismo pela Faculdade C\u00e1sper L\u00edbero e p\u00f3s-graduanda em mercado de capitais pela Fecap, atuou como rep\u00f3rter de economia e finan\u00e7as no portal CRC!News e Elas que Lucrem, al\u00e9m de social media para empresas do mercado financeiro.","url":"https:\/\/www.suno.com.br\/noticias\/author\/isabella-taglapietra\/"}]}},"default_loop_html":"<div class=\"cardsPage__listCard__boxs\"><div class=\"cardsPage__listCard__boxs__img\"><a href=\"https:\/\/www.suno.com.br\/noticias\/radar-banco-do-brasil-bbas3-rede-dor-rdor3-oi-oibr3\/\"><img class=\"mask\" src=\"https:\/\/www.suno.com.br\/noticias\/wp-content\/themes\/suno\/resources\/images\/spotlight\/spotlight1img\/bg-mask.png\" alt=\"Image Mask\"\/><img src=\"https:\/\/files.sunoresearch.com.br\/n\/uploads\/2022\/05\/bb-seguridade-400x200.jpg\" alt=\"Radar: Banco do Brasil (BBAS3) anuncia aporte milion\u00e1rio em fintech; Rede D\u2019Or (RDOR3) aprova dividendos de R$ 158 milh\u00f5es e o fim da recupera\u00e7\u00e3o judicial da  Oi (OIBR3)\"\/><\/a><span class=\"spotlightCategory\"><a href=\"https:\/\/www.suno.com.br\/noticias\/negocios\/\">Neg\u00f3cios<\/a><\/span><\/div><div class=\"cardsPage__listCard__boxs__content\"><a href=\"https:\/\/www.suno.com.br\/noticias\/radar-banco-do-brasil-bbas3-rede-dor-rdor3-oi-oibr3\/\"><h2 class=\"content__title\">Radar: Banco do Brasil (BBAS3) anuncia aporte milion\u00e1rio em fintech; Rede D\u2019Or (RDOR3) aprova dividendos de R$ 158 milh\u00f5es e o fim da recupera\u00e7\u00e3o judicial da  Oi (OIBR3)<\/h2><\/a><div class=\"newsContent__article__meta\"><div class=\"newsContent__article__meta__authorBox\"><a href=\"https:\/\/www.suno.com.br\/noticias\/author\/isabella-taglapietra\/\" class=\"authorBox__avatar noMobi\"><img src=\"https:\/\/files.sunoresearch.com.br\/n\/uploads\/2022\/08\/WhatsApp-Image-2022-08-04-at-12.40.27-150x150.jpeg\" alt=\"Isabella Taglapietra\"><\/a><div class=\"authorBox__name\"><span>por\n\t\t\t<a href=\"https:\/\/www.suno.com.br\/noticias\/author\/isabella-taglapietra\/\"><span itemprop=\"author\">Isabella Taglapietra<\/span><\/a><\/span><time datetime=\"2022-12-14T23:28:29-03:00\" itemprop=\"datePublished\">14\/12\/2022 23:28<\/time><\/div><\/div><\/div><\/div><\/div>","single_layout":"posts","amp_enabled":true,"_links":{"self":[{"href":"https:\/\/www.suno.com.br\/noticias\/wp-json\/wp\/v2\/posts\/334832"}],"collection":[{"href":"https:\/\/www.suno.com.br\/noticias\/wp-json\/wp\/v2\/posts"}],"about":[{"href":"https:\/\/www.suno.com.br\/noticias\/wp-json\/wp\/v2\/types\/post"}],"author":[{"embeddable":true,"href":"https:\/\/www.suno.com.br\/noticias\/wp-json\/wp\/v2\/users\/194"}],"replies":[{"embeddable":true,"href":"https:\/\/www.suno.com.br\/noticias\/wp-json\/wp\/v2\/comments?post=334832"}],"version-history":[{"count":2,"href":"https:\/\/www.suno.com.br\/noticias\/wp-json\/wp\/v2\/posts\/334832\/revisions"}],"predecessor-version":[{"id":334916,"href":"https:\/\/www.suno.com.br\/noticias\/wp-json\/wp\/v2\/posts\/334832\/revisions\/334916"}],"wp:featuredmedia":[{"embeddable":true,"href":"https:\/\/www.suno.com.br\/noticias\/wp-json\/wp\/v2\/media\/257503"}],"wp:attachment":[{"href":"https:\/\/www.suno.com.br\/noticias\/wp-json\/wp\/v2\/media?parent=334832"}],"wp:term":[{"taxonomy":"category","embeddable":true,"href":"https:\/\/www.suno.com.br\/noticias\/wp-json\/wp\/v2\/categories?post=334832"},{"taxonomy":"post_tag","embeddable":true,"href":"https:\/\/www.suno.com.br\/noticias\/wp-json\/wp\/v2\/tags?post=334832"},{"taxonomy":"suno_strategy","embeddable":true,"href":"https:\/\/www.suno.com.br\/noticias\/wp-json\/wp\/v2\/suno_strategy?post=334832"}],"curies":[{"name":"wp","href":"https:\/\/api.w.org\/{rel}","templated":true}]}}