{"id":33471,"date":"2019-08-08T17:12:00","date_gmt":"2019-08-08T20:12:00","guid":{"rendered":"https:\/\/www.suno.com.br\/noticias\/?p=33471"},"modified":"2019-08-08T17:12:00","modified_gmt":"2019-08-08T20:12:00","slug":"preco-passagens-aereas-diminuir-final-do-ano","status":"publish","type":"post","link":"https:\/\/www.suno.com.br\/noticias\/preco-passagens-aereas-diminuir-final-do-ano\/","title":{"rendered":"Pre\u00e7os das passagens a\u00e9reas devem diminuir no final do ano, diz ministro"},"content":{"rendered":"<p>O ministro da Infraestrutura, Tarc\u00edsio de Freitas, disse que os <strong>pre\u00e7os<\/strong> das passagens a\u00e9reas devem diminuir no final deste ano. A declara\u00e7\u00e3o ocorreu nesta quinta-feira (8) durante um evento do BTG Pactual.<\/p>\t<div class=\"wrapper-featured-image\">\n\t\t<figure class=\"spotlightImg\">\n\n\t\t\t<picture>\n\t\t\t\t<source media=\"(max-width: 768px)\" srcset=\"https:\/\/files.sunoresearch.com.br\/n\/uploads\/2019\/04\/efc8a4f5-capital-estrangeiro-em-a\u00e9reas-400x200.webp\">\n\t\t\t\t<img loading=\"lazy\" decoding=\"async\" class=\"newsContent__article__imgCapa lazyloadDisabled newsContent__article__imgCapa--noCaption\" src=\"https:\/\/files.sunoresearch.com.br\/n\/uploads\/2019\/04\/efc8a4f5-capital-estrangeiro-em-a\u00e9reas-800x450.webp\" width=\"800\" height=\"450\" alt=\"Pre\u00e7os das passagens a\u00e9reas devem diminuir no final do ano, diz ministro\" fetchpriority=high \/>\n\t\t\t<\/picture>\n\n\t\t\t<figcaption class=\"wp-caption-text wp-caption-text--hide\">Companhias a\u00e9reas<\/figcaption>\n\t\t<\/figure>\n\t<\/div>\n\n\n<p>A redu\u00e7\u00e3o nos pre\u00e7os das <strong>passagens a\u00e9reas<\/strong> ser\u00e1 motivada principalmente pela entrada de novas empresas no mercado a\u00e9reo nacional. Al\u00e9m disso, o ministro falou sobre o maior investimento em outras companhias, como a <strong>Azul<\/strong> e a<strong> Gol<\/strong>, como causas para a queda dos pre\u00e7os.<\/p>\n\n<p>\u201cEstamos equacionando a quest\u00e3o dos slots nos aeroportos saturados em fun\u00e7\u00e3o da <strong>Avianca<\/strong>. Em Congonhas, a gente j\u00e1 est\u00e1 mexendo nisso. Tudo levar a crer que vamos come\u00e7ar a observar j\u00e1 no fim do ano uma redu\u00e7\u00e3o do pre\u00e7o da passagem\u201d, declarou Tarc\u00edsio de Freitas.<\/p>\n<p>Em maio deste ano, a Ag\u00eancia Nacional de Avia\u00e7\u00e3o Civil (Anac) suspendeu os voos e opera\u00e7\u00f5es da Avianca. A suspens\u00e3o causou uma crise no mercado a\u00e9reo nacional, fazendo com que os pre\u00e7os dos tickets aumentassem. A a\u00e9rea est\u00e1 em <a href=\"https:\/\/www.suno.com.br\/artigos\/recuperacao-judicial\/\">recupera\u00e7\u00e3o judicial<\/a> desde dezembro do \u00faltimo ano.<\/p>\n<p>O Instituto Brasileiro de Geografia e Estat\u00edstica (IBGE) informou nesta quinta que o pre\u00e7o das passagens aumentou 18,63% em julho.<\/p>\n<h2>Pre\u00e7o do combust\u00edvel<\/h2>\n<p>Como outra forma de contribuir para a diminui\u00e7\u00e3o dos pre\u00e7os, Tarc\u00edsio ressaltou que pretende reduzir o pre\u00e7o do combust\u00edvel.<\/p>\n<p>\u201cEstamos negociando, conversando ou sensibilizando v\u00e1rios governadores para fazer a redu\u00e7\u00e3o do ICMS sobre querosene de avia\u00e7\u00e3o. Isso tem de estar atrelado com contrapartidas, que s\u00e3o mais voos\u201d, afirmou o ministro.<\/p>\n<p>Nos \u00faltimos meses, o pre\u00e7o do querosene aumentou. Um dos motivos para isso foi a desvaloriza\u00e7\u00e3o do real em refer\u00eancia ao d\u00f3lar.<\/p>\n\t<p>\n\t\t<a href=\"https:\/\/lp.suno.com.br\/ebook-investindo-em-dividendos\/\" target=\"_blank\" data-element=\"shortcode-suno-banner\" title=\"Banner SUNO, clique e saiba mais\">\n\t\t\t<picture>\n\t\t\t\t<source media=\"(max-width: 500px)\" srcset=\"https:\/\/files.sunoresearch.com.br\/n\/uploads\/2023\/03\/400x300-Dividendos.png\">\n\t\t\t\t<img class=\"newsContent__article__imgCapa newsContent__article__imgCapa--banner\"\n\t\t\t\t\tsrc=\"https:\/\/files.sunoresearch.com.br\/n\/uploads\/2023\/03\/1420x240-Dividendos.png\"\n\t\t\t\t\tdata-promo-id=\"383163\"\t\t\t\t\t\t\t\t\t\twidth='1420' height='240'\t\t\t\t\talt=\"https:\/\/files.sunoresearch.com.br\/n\/uploads\/2023\/03\/1420x240-Dividendos.png\"\n\t\t\t\t>\n\t\t\t<\/picture>\n\t\t<\/a>\n\t<\/p>\n\n\n<h2>Novas companhias a\u00e9reas no Pa\u00eds<\/h2>\n<p>Ap\u00f3s a crise da Avianca, diversas empresas low-cost (de baixo custo) demonstraram interesse em atuar no mercado a\u00e9reo nacional. No \u00faltimo m\u00eas, o ministro da Infraestrutura j\u00e1 havia ressaltado que tr\u00eas ou quatro companhias ir\u00e3o ingressar no Pa\u00eds.<\/p>\n<p>&#8220;Temos empresas se estabelecendo no Brasil, com autoriza\u00e7\u00e3o na Ag\u00eancia Nacional de Avia\u00e7\u00e3o Civil (Anac), mas at\u00e9 serem operacionais h\u00e1 um caminho, que deve levar entre seis e oito meses&#8221;, afirmou Tarc\u00edsio.<\/p>\n<p><a href=\"https:\/\/www.suno.com.br\/noticias\/aerea-argentina-low-cost-flybondi\/\">Saiba mais: A\u00e9rea argentina low-cost Flybondi \u00e9 autorizada a operar no Brasil<\/a><\/p>\n<p>No entanto, j\u00e1 existem quatro companhias de baixo custo autorizadas a funcionar no Brasil. No m\u00eas passado, a a\u00e9rea argentina Flybondi foi autorizada a atuar no Brasil pela Anac.<\/p>\n<p>A primeira empresa a conseguir a licen\u00e7a foi a chilena\u00a0Sky Airline. Logo ap\u00f3s, as companhias europeias\u00a0Norwegian e Air Europa tamb\u00e9m foram autorizadas a atuar.<\/p>\n<p>A redu\u00e7\u00e3o nos pre\u00e7os das <strong>passagens a\u00e9reas<\/strong> foi estimada somente para o final do ano, pois as novas empresas devem levar alguns meses para come\u00e7ar a atuar.<\/p>\n","protected":false},"excerpt":{"rendered":"<p>O ministro da Infraestrutura, Tarc\u00edsio de Freitas, disse que os pre\u00e7os das passagens a\u00e9reas devem diminuir no final deste ano. A declara\u00e7\u00e3o ocorreu nesta quinta-feira (8) durante um evento do BTG Pactual. Companhias a\u00e9reas A redu\u00e7\u00e3o nos pre\u00e7os das passagens a\u00e9reas ser\u00e1 motivada principalmente pela entrada de novas empresas no mercado a\u00e9reo nacional. Al\u00e9m disso, [&hellip;]<\/p>\n","protected":false},"author":18,"featured_media":22356,"comment_status":"closed","ping_status":"closed","sticky":false,"template":"","format":"standard","meta":[],"categories":[64],"tags":[840,106932,489,1592],"suno_strategy":[],"class_list":["post-33471","post","type-post","status-publish","format-standard","has-post-thumbnail","hentry","category-negocios","tag-avianca","tag-azul-azul4","tag-gol-linhas-aereas-goll11-goll4","tag-passagens-aereas"],"yoast_head":"<!-- This site is optimized with the Yoast SEO plugin v24.4 - https:\/\/yoast.com\/wordpress\/plugins\/seo\/ -->\n<title>Pre\u00e7os das passagens a\u00e9reas devem diminuir no final do ano, diz ministro<\/title>\n<meta name=\"description\" content=\"O ministro Tarc\u00edsio de Freitas disse que os pre\u00e7os das passagens a\u00e9reas devem diminuir at\u00e9 o final deste ano. Clique para saber mais.\" \/>\n<meta name=\"robots\" content=\"index, follow, max-snippet:-1, max-image-preview:large, max-video-preview:-1\" \/>\n<link rel=\"canonical\" href=\"https:\/\/www.suno.com.br\/noticias\/preco-passagens-aereas-diminuir-final-do-ano\/\" \/>\n<meta property=\"og:locale\" content=\"pt_BR\" \/>\n<meta property=\"og:type\" content=\"article\" \/>\n<meta property=\"og:title\" content=\"Pre\u00e7os das passagens a\u00e9reas devem diminuir no final do ano, diz ministro\" \/>\n<meta property=\"og:description\" content=\"O ministro Tarc\u00edsio de Freitas disse que os pre\u00e7os das passagens a\u00e9reas devem diminuir at\u00e9 o final deste ano. Clique para saber mais.\" \/>\n<meta property=\"og:url\" content=\"https:\/\/www.suno.com.br\/noticias\/preco-passagens-aereas-diminuir-final-do-ano\/\" \/>\n<meta property=\"og:site_name\" content=\"Suno Not\u00edcias\" \/>\n<meta property=\"article:publisher\" content=\"https:\/\/facebook.com\/sunoresearch\" \/>\n<meta property=\"og:image\" content=\"https:\/\/files.sunoresearch.com.br\/n\/uploads\/2019\/04\/efc8a4f5-capital-estrangeiro-em-a\u00e9reas.jpg\" \/>\n\t<meta property=\"og:image:width\" content=\"1920\" \/>\n\t<meta property=\"og:image:height\" content=\"1271\" \/>\n\t<meta property=\"og:image:type\" content=\"image\/jpeg\" \/>\n<meta name=\"author\" content=\"Giovanna Oliveira\" \/>\n<meta name=\"twitter:card\" content=\"summary_large_image\" \/>\n<meta name=\"twitter:creator\" content=\"@sunoresearch\" \/>\n<meta name=\"twitter:site\" content=\"@sunoresearch\" \/>\n<meta name=\"twitter:label1\" content=\"Escrito por\" \/>\n\t<meta name=\"twitter:data1\" content=\"Giovanna Oliveira\" \/>\n\t<meta name=\"twitter:label2\" content=\"Est. tempo de leitura\" \/>\n\t<meta name=\"twitter:data2\" content=\"2 minutos\" \/>\n<script type=\"application\/ld+json\" class=\"yoast-schema-graph\">{\"@context\":\"https:\/\/schema.org\",\"@graph\":[{\"@type\":\"NewsArticle\",\"@id\":\"https:\/\/www.suno.com.br\/noticias\/preco-passagens-aereas-diminuir-final-do-ano\/#article\",\"isPartOf\":{\"@id\":\"https:\/\/www.suno.com.br\/noticias\/preco-passagens-aereas-diminuir-final-do-ano\/\"},\"author\":{\"name\":\"Giovanna Oliveira\",\"@id\":\"https:\/\/www.suno.com.br\/noticias\/#\/schema\/person\/4e19e3d2575736e5283d58eb3199d120\"},\"headline\":\"Pre\u00e7os das passagens a\u00e9reas devem diminuir no final do ano, diz ministro\",\"datePublished\":\"2019-08-08T20:12:00+00:00\",\"mainEntityOfPage\":{\"@id\":\"https:\/\/www.suno.com.br\/noticias\/preco-passagens-aereas-diminuir-final-do-ano\/\"},\"wordCount\":510,\"publisher\":{\"@id\":\"https:\/\/www.suno.com.br\/noticias\/#organization\"},\"image\":{\"@id\":\"https:\/\/www.suno.com.br\/noticias\/preco-passagens-aereas-diminuir-final-do-ano\/#primaryimage\"},\"thumbnailUrl\":\"https:\/\/files.sunoresearch.com.br\/n\/uploads\/2019\/04\/efc8a4f5-capital-estrangeiro-em-a\u00e9reas-jpg.webp\",\"keywords\":[\"Avianca\",\"Azul (AZUL4)\",\"Gol Linhas A\u00e9reas (GOLL11\/GOLL4)\",\"passagens a\u00e9reas\"],\"articleSection\":[\"Neg\u00f3cios\"],\"inLanguage\":\"pt-BR\"},{\"@type\":\"WebPage\",\"@id\":\"https:\/\/www.suno.com.br\/noticias\/preco-passagens-aereas-diminuir-final-do-ano\/\",\"url\":\"https:\/\/www.suno.com.br\/noticias\/preco-passagens-aereas-diminuir-final-do-ano\/\",\"name\":\"Pre\u00e7os das passagens a\u00e9reas devem diminuir no final do ano, diz ministro\",\"isPartOf\":{\"@id\":\"https:\/\/www.suno.com.br\/noticias\/#website\"},\"primaryImageOfPage\":{\"@id\":\"https:\/\/www.suno.com.br\/noticias\/preco-passagens-aereas-diminuir-final-do-ano\/#primaryimage\"},\"image\":{\"@id\":\"https:\/\/www.suno.com.br\/noticias\/preco-passagens-aereas-diminuir-final-do-ano\/#primaryimage\"},\"thumbnailUrl\":\"https:\/\/files.sunoresearch.com.br\/n\/uploads\/2019\/04\/efc8a4f5-capital-estrangeiro-em-a\u00e9reas-jpg.webp\",\"datePublished\":\"2019-08-08T20:12:00+00:00\",\"description\":\"O ministro Tarc\u00edsio de Freitas disse que os pre\u00e7os das passagens a\u00e9reas devem diminuir at\u00e9 o final deste ano. Clique para saber mais.\",\"breadcrumb\":{\"@id\":\"https:\/\/www.suno.com.br\/noticias\/preco-passagens-aereas-diminuir-final-do-ano\/#breadcrumb\"},\"inLanguage\":\"pt-BR\",\"potentialAction\":[{\"@type\":\"ReadAction\",\"target\":[\"https:\/\/www.suno.com.br\/noticias\/preco-passagens-aereas-diminuir-final-do-ano\/\"]}]},{\"@type\":\"ImageObject\",\"inLanguage\":\"pt-BR\",\"@id\":\"https:\/\/www.suno.com.br\/noticias\/preco-passagens-aereas-diminuir-final-do-ano\/#primaryimage\",\"url\":\"https:\/\/files.sunoresearch.com.br\/n\/uploads\/2019\/04\/efc8a4f5-capital-estrangeiro-em-a\u00e9reas-jpg.webp\",\"contentUrl\":\"https:\/\/files.sunoresearch.com.br\/n\/uploads\/2019\/04\/efc8a4f5-capital-estrangeiro-em-a\u00e9reas-jpg.webp\",\"width\":1920,\"height\":1271,\"caption\":\"Companhias a\u00e9reas\"},{\"@type\":\"BreadcrumbList\",\"@id\":\"https:\/\/www.suno.com.br\/noticias\/preco-passagens-aereas-diminuir-final-do-ano\/#breadcrumb\",\"itemListElement\":[{\"@type\":\"ListItem\",\"position\":1,\"name\":\"Not\u00edcias\",\"item\":\"https:\/\/www.suno.com.br\/noticias\/\"},{\"@type\":\"ListItem\",\"position\":2,\"name\":\"Neg\u00f3cios\",\"item\":\"https:\/\/www.suno.com.br\/noticias\/negocios\/\"},{\"@type\":\"ListItem\",\"position\":3,\"name\":\"Pre\u00e7os das passagens a\u00e9reas devem diminuir no final do ano, diz ministro\"}]},{\"@type\":\"WebSite\",\"@id\":\"https:\/\/www.suno.com.br\/noticias\/#website\",\"url\":\"https:\/\/www.suno.com.br\/noticias\/\",\"name\":\"Suno Not\u00edcias\",\"description\":\"Seu portal de informa\u00e7\u00e3o sobre o mundo dos investimentos\",\"publisher\":{\"@id\":\"https:\/\/www.suno.com.br\/noticias\/#organization\"},\"potentialAction\":[{\"@type\":\"SearchAction\",\"target\":{\"@type\":\"EntryPoint\",\"urlTemplate\":\"https:\/\/www.suno.com.br\/noticias\/?s={search_term_string}\"},\"query-input\":{\"@type\":\"PropertyValueSpecification\",\"valueRequired\":true,\"valueName\":\"search_term_string\"}}],\"inLanguage\":\"pt-BR\"},{\"@type\":\"Organization\",\"@id\":\"https:\/\/www.suno.com.br\/noticias\/#organization\",\"name\":\"Suno Not\u00edcias\",\"url\":\"https:\/\/www.suno.com.br\/noticias\/\",\"logo\":{\"@type\":\"ImageObject\",\"inLanguage\":\"pt-BR\",\"@id\":\"https:\/\/www.suno.com.br\/noticias\/#\/schema\/logo\/image\/\",\"url\":\"https:\/\/files.sunoresearch.com.br\/n\/uploads\/2021\/09\/suno-logo.png\",\"contentUrl\":\"https:\/\/files.sunoresearch.com.br\/n\/uploads\/2021\/09\/suno-logo.png\",\"width\":180,\"height\":180,\"caption\":\"Suno Not\u00edcias\"},\"image\":{\"@id\":\"https:\/\/www.suno.com.br\/noticias\/#\/schema\/logo\/image\/\"},\"sameAs\":[\"https:\/\/facebook.com\/sunoresearch\",\"https:\/\/x.com\/sunoresearch\",\"https:\/\/www.instagram.com\/suno\",\"https:\/\/www.linkedin.com\/company\/suno-research\/\",\"https:\/\/www.youtube.com\/c\/sunoresearch\"]},{\"@type\":\"Person\",\"@id\":\"https:\/\/www.suno.com.br\/noticias\/#\/schema\/person\/4e19e3d2575736e5283d58eb3199d120\",\"name\":\"Giovanna Oliveira\",\"image\":{\"@type\":\"ImageObject\",\"inLanguage\":\"pt-BR\",\"@id\":\"https:\/\/www.suno.com.br\/noticias\/#\/schema\/person\/image\/\",\"url\":\"https:\/\/secure.gravatar.com\/avatar\/9a37b3ae208962ac568992d0ffdbc2eb?s=96&r=g\",\"contentUrl\":\"https:\/\/secure.gravatar.com\/avatar\/9a37b3ae208962ac568992d0ffdbc2eb?s=96&r=g\",\"caption\":\"Giovanna Oliveira\"},\"description\":\"Giovanna Oliveira escreve sobre economia e pol\u00edtica. Foi rep\u00f3rter do portal de jornalismo da ESPM-SP e produziu conte\u00fado para a Corinthians TV. \u00c9 estudante da ESPM.\",\"url\":\"https:\/\/www.suno.com.br\/noticias\/author\/giovanna\/\"}]}<\/script>\n<!-- \/ Yoast SEO plugin. -->","yoast_head_json":{"title":"Pre\u00e7os das passagens a\u00e9reas devem diminuir no final do ano, diz ministro","description":"O ministro Tarc\u00edsio de Freitas disse que os pre\u00e7os das passagens a\u00e9reas devem diminuir at\u00e9 o final deste ano. Clique para saber mais.","robots":{"index":"index","follow":"follow","max-snippet":"max-snippet:-1","max-image-preview":"max-image-preview:large","max-video-preview":"max-video-preview:-1"},"canonical":"https:\/\/www.suno.com.br\/noticias\/preco-passagens-aereas-diminuir-final-do-ano\/","og_locale":"pt_BR","og_type":"article","og_title":"Pre\u00e7os das passagens a\u00e9reas devem diminuir no final do ano, diz ministro","og_description":"O ministro Tarc\u00edsio de Freitas disse que os pre\u00e7os das passagens a\u00e9reas devem diminuir at\u00e9 o final deste ano. Clique para saber mais.","og_url":"https:\/\/www.suno.com.br\/noticias\/preco-passagens-aereas-diminuir-final-do-ano\/","og_site_name":"Suno Not\u00edcias","article_publisher":"https:\/\/facebook.com\/sunoresearch","og_image":[{"width":1920,"height":1271,"url":"https:\/\/files.sunoresearch.com.br\/n\/uploads\/2019\/04\/efc8a4f5-capital-estrangeiro-em-a\u00e9reas.jpg","type":"image\/jpeg"}],"author":"Giovanna Oliveira","twitter_card":"summary_large_image","twitter_creator":"@sunoresearch","twitter_site":"@sunoresearch","twitter_misc":{"Escrito por":"Giovanna Oliveira","Est. tempo de leitura":"2 minutos"},"schema":{"@context":"https:\/\/schema.org","@graph":[{"@type":"NewsArticle","@id":"https:\/\/www.suno.com.br\/noticias\/preco-passagens-aereas-diminuir-final-do-ano\/#article","isPartOf":{"@id":"https:\/\/www.suno.com.br\/noticias\/preco-passagens-aereas-diminuir-final-do-ano\/"},"author":{"name":"Giovanna Oliveira","@id":"https:\/\/www.suno.com.br\/noticias\/#\/schema\/person\/4e19e3d2575736e5283d58eb3199d120"},"headline":"Pre\u00e7os das passagens a\u00e9reas devem diminuir no final do ano, diz ministro","datePublished":"2019-08-08T20:12:00+00:00","mainEntityOfPage":{"@id":"https:\/\/www.suno.com.br\/noticias\/preco-passagens-aereas-diminuir-final-do-ano\/"},"wordCount":510,"publisher":{"@id":"https:\/\/www.suno.com.br\/noticias\/#organization"},"image":{"@id":"https:\/\/www.suno.com.br\/noticias\/preco-passagens-aereas-diminuir-final-do-ano\/#primaryimage"},"thumbnailUrl":"https:\/\/files.sunoresearch.com.br\/n\/uploads\/2019\/04\/efc8a4f5-capital-estrangeiro-em-a\u00e9reas-jpg.webp","keywords":["Avianca","Azul (AZUL4)","Gol Linhas A\u00e9reas (GOLL11\/GOLL4)","passagens a\u00e9reas"],"articleSection":["Neg\u00f3cios"],"inLanguage":"pt-BR"},{"@type":"WebPage","@id":"https:\/\/www.suno.com.br\/noticias\/preco-passagens-aereas-diminuir-final-do-ano\/","url":"https:\/\/www.suno.com.br\/noticias\/preco-passagens-aereas-diminuir-final-do-ano\/","name":"Pre\u00e7os das passagens a\u00e9reas devem diminuir no final do ano, diz ministro","isPartOf":{"@id":"https:\/\/www.suno.com.br\/noticias\/#website"},"primaryImageOfPage":{"@id":"https:\/\/www.suno.com.br\/noticias\/preco-passagens-aereas-diminuir-final-do-ano\/#primaryimage"},"image":{"@id":"https:\/\/www.suno.com.br\/noticias\/preco-passagens-aereas-diminuir-final-do-ano\/#primaryimage"},"thumbnailUrl":"https:\/\/files.sunoresearch.com.br\/n\/uploads\/2019\/04\/efc8a4f5-capital-estrangeiro-em-a\u00e9reas-jpg.webp","datePublished":"2019-08-08T20:12:00+00:00","description":"O ministro Tarc\u00edsio de Freitas disse que os pre\u00e7os das passagens a\u00e9reas devem diminuir at\u00e9 o final deste ano. Clique para saber mais.","breadcrumb":{"@id":"https:\/\/www.suno.com.br\/noticias\/preco-passagens-aereas-diminuir-final-do-ano\/#breadcrumb"},"inLanguage":"pt-BR","potentialAction":[{"@type":"ReadAction","target":["https:\/\/www.suno.com.br\/noticias\/preco-passagens-aereas-diminuir-final-do-ano\/"]}]},{"@type":"ImageObject","inLanguage":"pt-BR","@id":"https:\/\/www.suno.com.br\/noticias\/preco-passagens-aereas-diminuir-final-do-ano\/#primaryimage","url":"https:\/\/files.sunoresearch.com.br\/n\/uploads\/2019\/04\/efc8a4f5-capital-estrangeiro-em-a\u00e9reas-jpg.webp","contentUrl":"https:\/\/files.sunoresearch.com.br\/n\/uploads\/2019\/04\/efc8a4f5-capital-estrangeiro-em-a\u00e9reas-jpg.webp","width":1920,"height":1271,"caption":"Companhias a\u00e9reas"},{"@type":"BreadcrumbList","@id":"https:\/\/www.suno.com.br\/noticias\/preco-passagens-aereas-diminuir-final-do-ano\/#breadcrumb","itemListElement":[{"@type":"ListItem","position":1,"name":"Not\u00edcias","item":"https:\/\/www.suno.com.br\/noticias\/"},{"@type":"ListItem","position":2,"name":"Neg\u00f3cios","item":"https:\/\/www.suno.com.br\/noticias\/negocios\/"},{"@type":"ListItem","position":3,"name":"Pre\u00e7os das passagens a\u00e9reas devem diminuir no final do ano, diz ministro"}]},{"@type":"WebSite","@id":"https:\/\/www.suno.com.br\/noticias\/#website","url":"https:\/\/www.suno.com.br\/noticias\/","name":"Suno Not\u00edcias","description":"Seu portal de informa\u00e7\u00e3o sobre o mundo dos investimentos","publisher":{"@id":"https:\/\/www.suno.com.br\/noticias\/#organization"},"potentialAction":[{"@type":"SearchAction","target":{"@type":"EntryPoint","urlTemplate":"https:\/\/www.suno.com.br\/noticias\/?s={search_term_string}"},"query-input":{"@type":"PropertyValueSpecification","valueRequired":true,"valueName":"search_term_string"}}],"inLanguage":"pt-BR"},{"@type":"Organization","@id":"https:\/\/www.suno.com.br\/noticias\/#organization","name":"Suno Not\u00edcias","url":"https:\/\/www.suno.com.br\/noticias\/","logo":{"@type":"ImageObject","inLanguage":"pt-BR","@id":"https:\/\/www.suno.com.br\/noticias\/#\/schema\/logo\/image\/","url":"https:\/\/files.sunoresearch.com.br\/n\/uploads\/2021\/09\/suno-logo.png","contentUrl":"https:\/\/files.sunoresearch.com.br\/n\/uploads\/2021\/09\/suno-logo.png","width":180,"height":180,"caption":"Suno Not\u00edcias"},"image":{"@id":"https:\/\/www.suno.com.br\/noticias\/#\/schema\/logo\/image\/"},"sameAs":["https:\/\/facebook.com\/sunoresearch","https:\/\/x.com\/sunoresearch","https:\/\/www.instagram.com\/suno","https:\/\/www.linkedin.com\/company\/suno-research\/","https:\/\/www.youtube.com\/c\/sunoresearch"]},{"@type":"Person","@id":"https:\/\/www.suno.com.br\/noticias\/#\/schema\/person\/4e19e3d2575736e5283d58eb3199d120","name":"Giovanna Oliveira","image":{"@type":"ImageObject","inLanguage":"pt-BR","@id":"https:\/\/www.suno.com.br\/noticias\/#\/schema\/person\/image\/","url":"https:\/\/secure.gravatar.com\/avatar\/9a37b3ae208962ac568992d0ffdbc2eb?s=96&r=g","contentUrl":"https:\/\/secure.gravatar.com\/avatar\/9a37b3ae208962ac568992d0ffdbc2eb?s=96&r=g","caption":"Giovanna Oliveira"},"description":"Giovanna Oliveira escreve sobre economia e pol\u00edtica. Foi rep\u00f3rter do portal de jornalismo da ESPM-SP e produziu conte\u00fado para a Corinthians TV. \u00c9 estudante da ESPM.","url":"https:\/\/www.suno.com.br\/noticias\/author\/giovanna\/"}]}},"default_loop_html":"<div class=\"cardsPage__listCard__boxs\"><div class=\"cardsPage__listCard__boxs__img\"><a href=\"https:\/\/www.suno.com.br\/noticias\/preco-passagens-aereas-diminuir-final-do-ano\/\"><img class=\"mask\" src=\"https:\/\/www.suno.com.br\/noticias\/wp-content\/themes\/suno\/resources\/images\/spotlight\/spotlight1img\/bg-mask.png\" alt=\"Image Mask\"\/><img src=\"https:\/\/files.sunoresearch.com.br\/n\/uploads\/2019\/04\/efc8a4f5-capital-estrangeiro-em-a\u00e9reas-400x200.webp\" alt=\"Pre\u00e7os das passagens a\u00e9reas devem diminuir no final do ano, diz ministro\"\/><\/a><span class=\"spotlightCategory\"><a href=\"https:\/\/www.suno.com.br\/noticias\/negocios\/\">Neg\u00f3cios<\/a><\/span><\/div><div class=\"cardsPage__listCard__boxs__content\"><a href=\"https:\/\/www.suno.com.br\/noticias\/preco-passagens-aereas-diminuir-final-do-ano\/\"><h2 class=\"content__title\">Pre\u00e7os das passagens a\u00e9reas devem diminuir no final do ano, diz ministro<\/h2><\/a><div class=\"newsContent__article__meta\"><div class=\"newsContent__article__meta__authorBox\"><a href=\"https:\/\/www.suno.com.br\/noticias\/author\/giovanna\/\" class=\"authorBox__avatar noMobi\"><img src=\"https:\/\/files.sunoresearch.com.br\/n\/uploads\/2019\/06\/952a89ca-screenshot_20190608-171507-150x150.webp\" alt=\"Giovanna Oliveira\"><\/a><div class=\"authorBox__name\"><span>por\n\t\t\t<a href=\"https:\/\/www.suno.com.br\/noticias\/author\/giovanna\/\"><span itemprop=\"author\">Giovanna Oliveira<\/span><\/a><\/span><time datetime=\"2019-08-08T17:12:00-03:00\" itemprop=\"datePublished\">08\/08\/2019 17:12<\/time><\/div><\/div><\/div><\/div><\/div>","single_layout":"posts","amp_enabled":true,"_links":{"self":[{"href":"https:\/\/www.suno.com.br\/noticias\/wp-json\/wp\/v2\/posts\/33471"}],"collection":[{"href":"https:\/\/www.suno.com.br\/noticias\/wp-json\/wp\/v2\/posts"}],"about":[{"href":"https:\/\/www.suno.com.br\/noticias\/wp-json\/wp\/v2\/types\/post"}],"author":[{"embeddable":true,"href":"https:\/\/www.suno.com.br\/noticias\/wp-json\/wp\/v2\/users\/18"}],"replies":[{"embeddable":true,"href":"https:\/\/www.suno.com.br\/noticias\/wp-json\/wp\/v2\/comments?post=33471"}],"version-history":[{"count":0,"href":"https:\/\/www.suno.com.br\/noticias\/wp-json\/wp\/v2\/posts\/33471\/revisions"}],"wp:featuredmedia":[{"embeddable":true,"href":"https:\/\/www.suno.com.br\/noticias\/wp-json\/wp\/v2\/media\/22356"}],"wp:attachment":[{"href":"https:\/\/www.suno.com.br\/noticias\/wp-json\/wp\/v2\/media?parent=33471"}],"wp:term":[{"taxonomy":"category","embeddable":true,"href":"https:\/\/www.suno.com.br\/noticias\/wp-json\/wp\/v2\/categories?post=33471"},{"taxonomy":"post_tag","embeddable":true,"href":"https:\/\/www.suno.com.br\/noticias\/wp-json\/wp\/v2\/tags?post=33471"},{"taxonomy":"suno_strategy","embeddable":true,"href":"https:\/\/www.suno.com.br\/noticias\/wp-json\/wp\/v2\/suno_strategy?post=33471"}],"curies":[{"name":"wp","href":"https:\/\/api.w.org\/{rel}","templated":true}]}}