{"id":3345,"date":"2018-09-03T11:00:04","date_gmt":"2018-09-03T14:00:04","guid":{"rendered":"https:\/\/www.suno.com.br\/noticias\/?p=3345"},"modified":"2018-09-03T11:00:04","modified_gmt":"2018-09-03T14:00:04","slug":"petrobras-economistas-presidenciaveis-conversar","status":"publish","type":"post","link":"https:\/\/www.suno.com.br\/noticias\/petrobras-economistas-presidenciaveis-conversar\/","title":{"rendered":"Petrobras busca conversar com economistas de presidenci\u00e1veis"},"content":{"rendered":"<p>Com o debate pol\u00edtico cada vez mais acalorado e muitas vezes citando diretamente o futuro da Petrobras, seja para indicar sua privatiza\u00e7\u00e3o ou interferir mais no seu funcionamento, a dire\u00e7\u00e3o da petrol\u00edfera decidiu procurar os candidatos para apresentar o estado atual da empresa.<\/p>\t<div class=\"wrapper-featured-image\">\n\t\t<figure class=\"spotlightImg\">\n\n\t\t\t<picture>\n\t\t\t\t<source media=\"(max-width: 768px)\" srcset=\"https:\/\/files.sunoresearch.com.br\/n\/uploads\/2018\/09\/0e649614-petrobras-400x200.webp\">\n\t\t\t\t<img loading=\"lazy\" decoding=\"async\" class=\"newsContent__article__imgCapa lazyloadDisabled newsContent__article__imgCapa--noCaption\" src=\"https:\/\/files.sunoresearch.com.br\/n\/uploads\/2018\/09\/0e649614-petrobras-800x450.webp\" width=\"800\" height=\"450\" alt=\"Petrobras busca conversar com economistas de presidenci\u00e1veis\" fetchpriority=high \/>\n\t\t\t<\/picture>\n\n\t\t\t<figcaption class=\"wp-caption-text wp-caption-text--hide\">O ponto de equil\u00edbrio financeiro do campo de Itapu deve ficar abaixo de US$ 20 o barril, afirmou o presidente da Petrobras<\/figcaption>\n\t\t<\/figure>\n\t<\/div>\n\n\n<p>Os encontros devem acontecer neste m\u00eas, antes das elei\u00e7\u00f5es, e est\u00e3o sendo marcados. Os mensageiros da Petrobras ser\u00e3o tr\u00eas dos principais executivos da companhia, e sua mensagem ser\u00e1 a mesma que costuma ser levada aos investidores: uma compara\u00e7\u00e3o da Petrobras em seu maior momento de crise, em 2014, e sua realidade agora, de recupera\u00e7\u00e3o financeira.<\/p>\n<p>A coordena\u00e7\u00e3o do trabalho est\u00e1 nas m\u00e3os do diretor de Estrat\u00e9gia, Organiza\u00e7\u00e3o e Sistema de Gest\u00e3o da Petrobras, Nelson Silva. Ele ser\u00e1 acompanhado pelo diretor financeiro, Rafael Grisolia, e o diretor de assuntos corporativos, Eberaldo de Almeida Neto. A miss\u00e3o deles \u00e9 mostrar que a d\u00edvida da empresa, que j\u00e1 chegou a R$ 500 bilh\u00f5es, hoje se encontra em quase metade disso, e que h\u00e1 estrat\u00e9gias sendo executadas para equiparar a capacidade de investimento da estatal com as concorrentes at\u00e9 o in\u00edcio da pr\u00f3xima d\u00e9cada.<\/p>\n<p>O presidente da Petrobras, Ivan Monteiro, tem afirmado com bastante frequ\u00eancia que a gest\u00e3o da companhia \u00e9 independente e n\u00e3o sofre mais interfer\u00eancias do governo. Por exemplo, ministros e indica\u00e7\u00f5es pol\u00edticas n\u00e3o tem mais lugar no conselho de administra\u00e7\u00e3o, e decis\u00f5es de investimento passaram a ser tomadas coletivamente.<\/p>\n<p>Segundo economistas, a gest\u00e3o da petrol\u00edfera de fato ficou mais independente. &#8220;A Opera\u00e7\u00e3o Lava Jato causou um trauma e deixou o mercado mais vigilante e preocupado com a transpar\u00eancia&#8221;, afirma Gilberto Braga, professor de Economia e Neg\u00f3cios do Ibmec.<\/p>\n<p>No entanto, isso n\u00e3o significa que possa haver interfer\u00eancia indevida na empresa por motivos pol\u00edticos, no futuro. &#8220;A Uni\u00e3o tem poder majorit\u00e1rio entre os acionistas e um novo Presidente da Rep\u00fablica n\u00e3o teria dificuldade de mudar as regras internas mais uma vez&#8221;, afirma o cientista pol\u00edtico Ricardo Ismael, da PUC-Rio. &#8220;Mas houve uma mudan\u00e7a na gest\u00e3o corporativa e acredito que essa linha de preserva\u00e7\u00e3o da empresa prossiga no pr\u00f3ximo governo.&#8221;<\/p>\n","protected":false},"excerpt":{"rendered":"<p>Com o debate pol\u00edtico cada vez mais acalorado e muitas vezes citando diretamente o futuro da Petrobras, seja para indicar sua privatiza\u00e7\u00e3o ou interferir mais no seu funcionamento, a dire\u00e7\u00e3o da petrol\u00edfera decidiu procurar os candidatos para apresentar o estado atual da empresa. O ponto de equil\u00edbrio financeiro do campo de Itapu deve ficar abaixo [&hellip;]<\/p>\n","protected":false},"author":5,"featured_media":3346,"comment_status":"closed","ping_status":"closed","sticky":false,"template":"","format":"standard","meta":[],"categories":[64,61],"tags":[697,595],"suno_strategy":[],"class_list":["post-3345","post","type-post","status-publish","format-standard","has-post-thumbnail","hentry","category-negocios","category-politica","tag-eleicoes","tag-petrobras-petr4"],"yoast_head":"<!-- This site is optimized with the Yoast SEO plugin v24.4 - https:\/\/yoast.com\/wordpress\/plugins\/seo\/ -->\n<title>Petrobras busca conversar com economistas de presidenci\u00e1veis<\/title>\n<meta name=\"description\" content=\"A meta da petrol\u00edfera estatal \u00e9 mostrar o cen\u00e1rio de recupera\u00e7\u00e3o financeira desde o in\u00edcio da Opera\u00e7\u00e3o Lava Jato. Clique para saber mais.\" \/>\n<meta name=\"robots\" content=\"index, follow, max-snippet:-1, max-image-preview:large, max-video-preview:-1\" \/>\n<link rel=\"canonical\" href=\"https:\/\/www.suno.com.br\/noticias\/petrobras-economistas-presidenciaveis-conversar\/\" \/>\n<meta property=\"og:locale\" content=\"pt_BR\" \/>\n<meta property=\"og:type\" content=\"article\" \/>\n<meta property=\"og:title\" content=\"Petrobras busca conversar com economistas de presidenci\u00e1veis\" \/>\n<meta property=\"og:description\" content=\"A meta da petrol\u00edfera estatal \u00e9 mostrar o cen\u00e1rio de recupera\u00e7\u00e3o financeira desde o in\u00edcio da Opera\u00e7\u00e3o Lava Jato. Clique para saber mais.\" \/>\n<meta property=\"og:url\" content=\"https:\/\/www.suno.com.br\/noticias\/petrobras-economistas-presidenciaveis-conversar\/\" \/>\n<meta property=\"og:site_name\" content=\"Suno Not\u00edcias\" \/>\n<meta property=\"article:publisher\" content=\"https:\/\/facebook.com\/sunoresearch\" \/>\n<meta property=\"article:author\" content=\"https:\/\/www.linkedin.com\/in\/daniel-quandt-a49985110\/\" \/>\n<meta property=\"og:image\" content=\"https:\/\/files.sunoresearch.com.br\/n\/uploads\/2018\/09\/0e649614-petrobras.jpg\" \/>\n\t<meta property=\"og:image:width\" content=\"2560\" \/>\n\t<meta property=\"og:image:height\" content=\"1707\" \/>\n\t<meta property=\"og:image:type\" content=\"image\/jpeg\" \/>\n<meta name=\"author\" content=\"Daniel Quandt\" \/>\n<meta name=\"twitter:card\" content=\"summary_large_image\" \/>\n<meta name=\"twitter:creator\" content=\"@sunoresearch\" \/>\n<meta name=\"twitter:site\" content=\"@sunoresearch\" \/>\n<meta name=\"twitter:label1\" content=\"Escrito por\" \/>\n\t<meta name=\"twitter:data1\" content=\"Daniel Quandt\" \/>\n\t<meta name=\"twitter:label2\" content=\"Est. tempo de leitura\" \/>\n\t<meta name=\"twitter:data2\" content=\"2 minutos\" \/>\n<script type=\"application\/ld+json\" class=\"yoast-schema-graph\">{\"@context\":\"https:\/\/schema.org\",\"@graph\":[{\"@type\":\"NewsArticle\",\"@id\":\"https:\/\/www.suno.com.br\/noticias\/petrobras-economistas-presidenciaveis-conversar\/#article\",\"isPartOf\":{\"@id\":\"https:\/\/www.suno.com.br\/noticias\/petrobras-economistas-presidenciaveis-conversar\/\"},\"author\":{\"name\":\"Daniel Quandt\",\"@id\":\"https:\/\/www.suno.com.br\/noticias\/#\/schema\/person\/eca2bab82984722db00d1e6facd8bb26\"},\"headline\":\"Petrobras busca conversar com economistas de presidenci\u00e1veis\",\"datePublished\":\"2018-09-03T14:00:04+00:00\",\"mainEntityOfPage\":{\"@id\":\"https:\/\/www.suno.com.br\/noticias\/petrobras-economistas-presidenciaveis-conversar\/\"},\"wordCount\":393,\"publisher\":{\"@id\":\"https:\/\/www.suno.com.br\/noticias\/#organization\"},\"image\":{\"@id\":\"https:\/\/www.suno.com.br\/noticias\/petrobras-economistas-presidenciaveis-conversar\/#primaryimage\"},\"thumbnailUrl\":\"https:\/\/files.sunoresearch.com.br\/n\/uploads\/2018\/09\/0e649614-petrobras-jpg.webp\",\"keywords\":[\"Elei\u00e7\u00f5es\",\"Petrobras (PETR4)\"],\"articleSection\":[\"Neg\u00f3cios\",\"Pol\u00edtica\"],\"inLanguage\":\"pt-BR\"},{\"@type\":\"WebPage\",\"@id\":\"https:\/\/www.suno.com.br\/noticias\/petrobras-economistas-presidenciaveis-conversar\/\",\"url\":\"https:\/\/www.suno.com.br\/noticias\/petrobras-economistas-presidenciaveis-conversar\/\",\"name\":\"Petrobras busca conversar com economistas de presidenci\u00e1veis\",\"isPartOf\":{\"@id\":\"https:\/\/www.suno.com.br\/noticias\/#website\"},\"primaryImageOfPage\":{\"@id\":\"https:\/\/www.suno.com.br\/noticias\/petrobras-economistas-presidenciaveis-conversar\/#primaryimage\"},\"image\":{\"@id\":\"https:\/\/www.suno.com.br\/noticias\/petrobras-economistas-presidenciaveis-conversar\/#primaryimage\"},\"thumbnailUrl\":\"https:\/\/files.sunoresearch.com.br\/n\/uploads\/2018\/09\/0e649614-petrobras-jpg.webp\",\"datePublished\":\"2018-09-03T14:00:04+00:00\",\"description\":\"A meta da petrol\u00edfera estatal \u00e9 mostrar o cen\u00e1rio de recupera\u00e7\u00e3o financeira desde o in\u00edcio da Opera\u00e7\u00e3o Lava Jato. Clique para saber mais.\",\"breadcrumb\":{\"@id\":\"https:\/\/www.suno.com.br\/noticias\/petrobras-economistas-presidenciaveis-conversar\/#breadcrumb\"},\"inLanguage\":\"pt-BR\",\"potentialAction\":[{\"@type\":\"ReadAction\",\"target\":[\"https:\/\/www.suno.com.br\/noticias\/petrobras-economistas-presidenciaveis-conversar\/\"]}]},{\"@type\":\"ImageObject\",\"inLanguage\":\"pt-BR\",\"@id\":\"https:\/\/www.suno.com.br\/noticias\/petrobras-economistas-presidenciaveis-conversar\/#primaryimage\",\"url\":\"https:\/\/files.sunoresearch.com.br\/n\/uploads\/2018\/09\/0e649614-petrobras-jpg.webp\",\"contentUrl\":\"https:\/\/files.sunoresearch.com.br\/n\/uploads\/2018\/09\/0e649614-petrobras-jpg.webp\",\"width\":2560,\"height\":1707,\"caption\":\"O ponto de equil\u00edbrio financeiro do campo de Itapu deve ficar abaixo de US$ 20 o barril, afirmou o presidente da Petrobras\"},{\"@type\":\"BreadcrumbList\",\"@id\":\"https:\/\/www.suno.com.br\/noticias\/petrobras-economistas-presidenciaveis-conversar\/#breadcrumb\",\"itemListElement\":[{\"@type\":\"ListItem\",\"position\":1,\"name\":\"Not\u00edcias\",\"item\":\"https:\/\/www.suno.com.br\/noticias\/\"},{\"@type\":\"ListItem\",\"position\":2,\"name\":\"Neg\u00f3cios\",\"item\":\"https:\/\/www.suno.com.br\/noticias\/negocios\/\"},{\"@type\":\"ListItem\",\"position\":3,\"name\":\"Petrobras busca conversar com economistas de presidenci\u00e1veis\"}]},{\"@type\":\"WebSite\",\"@id\":\"https:\/\/www.suno.com.br\/noticias\/#website\",\"url\":\"https:\/\/www.suno.com.br\/noticias\/\",\"name\":\"Suno Not\u00edcias\",\"description\":\"Seu portal de informa\u00e7\u00e3o sobre o mundo dos investimentos\",\"publisher\":{\"@id\":\"https:\/\/www.suno.com.br\/noticias\/#organization\"},\"potentialAction\":[{\"@type\":\"SearchAction\",\"target\":{\"@type\":\"EntryPoint\",\"urlTemplate\":\"https:\/\/www.suno.com.br\/noticias\/?s={search_term_string}\"},\"query-input\":{\"@type\":\"PropertyValueSpecification\",\"valueRequired\":true,\"valueName\":\"search_term_string\"}}],\"inLanguage\":\"pt-BR\"},{\"@type\":\"Organization\",\"@id\":\"https:\/\/www.suno.com.br\/noticias\/#organization\",\"name\":\"Suno Not\u00edcias\",\"url\":\"https:\/\/www.suno.com.br\/noticias\/\",\"logo\":{\"@type\":\"ImageObject\",\"inLanguage\":\"pt-BR\",\"@id\":\"https:\/\/www.suno.com.br\/noticias\/#\/schema\/logo\/image\/\",\"url\":\"https:\/\/files.sunoresearch.com.br\/n\/uploads\/2021\/09\/suno-logo.png\",\"contentUrl\":\"https:\/\/files.sunoresearch.com.br\/n\/uploads\/2021\/09\/suno-logo.png\",\"width\":180,\"height\":180,\"caption\":\"Suno Not\u00edcias\"},\"image\":{\"@id\":\"https:\/\/www.suno.com.br\/noticias\/#\/schema\/logo\/image\/\"},\"sameAs\":[\"https:\/\/facebook.com\/sunoresearch\",\"https:\/\/x.com\/sunoresearch\",\"https:\/\/www.instagram.com\/suno\",\"https:\/\/www.linkedin.com\/company\/suno-research\/\",\"https:\/\/www.youtube.com\/c\/sunoresearch\"]},{\"@type\":\"Person\",\"@id\":\"https:\/\/www.suno.com.br\/noticias\/#\/schema\/person\/eca2bab82984722db00d1e6facd8bb26\",\"name\":\"Daniel Quandt\",\"image\":{\"@type\":\"ImageObject\",\"inLanguage\":\"pt-BR\",\"@id\":\"https:\/\/www.suno.com.br\/noticias\/#\/schema\/person\/image\/\",\"url\":\"https:\/\/secure.gravatar.com\/avatar\/5faf4378f9fbf4557a5836a88d66f99a?s=96&r=g\",\"contentUrl\":\"https:\/\/secure.gravatar.com\/avatar\/5faf4378f9fbf4557a5836a88d66f99a?s=96&r=g\",\"caption\":\"Daniel Quandt\"},\"description\":\"Aluno da Universidade de S\u00e3o Paulo, Daniel Quandt escreve sobre economia, mercado financeiro e pol\u00edtica no portal da Suno Research. J\u00e1 passou pela Ag\u00eancia USP de Inova\u00e7\u00e3o e pela startup de v\u00eddeo em blockchain Paratii, desenvolvendo seu conhecimento da aplica\u00e7\u00e3o de tecnologia de ponta ao mercado.\",\"sameAs\":[\"https:\/\/www.suno.com.br\/\",\"https:\/\/www.linkedin.com\/in\/daniel-quandt-a49985110\/\"],\"url\":\"https:\/\/www.suno.com.br\/noticias\/author\/daniel-quandt\/\"}]}<\/script>\n<!-- \/ Yoast SEO plugin. -->","yoast_head_json":{"title":"Petrobras busca conversar com economistas de presidenci\u00e1veis","description":"A meta da petrol\u00edfera estatal \u00e9 mostrar o cen\u00e1rio de recupera\u00e7\u00e3o financeira desde o in\u00edcio da Opera\u00e7\u00e3o Lava Jato. Clique para saber mais.","robots":{"index":"index","follow":"follow","max-snippet":"max-snippet:-1","max-image-preview":"max-image-preview:large","max-video-preview":"max-video-preview:-1"},"canonical":"https:\/\/www.suno.com.br\/noticias\/petrobras-economistas-presidenciaveis-conversar\/","og_locale":"pt_BR","og_type":"article","og_title":"Petrobras busca conversar com economistas de presidenci\u00e1veis","og_description":"A meta da petrol\u00edfera estatal \u00e9 mostrar o cen\u00e1rio de recupera\u00e7\u00e3o financeira desde o in\u00edcio da Opera\u00e7\u00e3o Lava Jato. Clique para saber mais.","og_url":"https:\/\/www.suno.com.br\/noticias\/petrobras-economistas-presidenciaveis-conversar\/","og_site_name":"Suno Not\u00edcias","article_publisher":"https:\/\/facebook.com\/sunoresearch","article_author":"https:\/\/www.linkedin.com\/in\/daniel-quandt-a49985110\/","og_image":[{"width":2560,"height":1707,"url":"https:\/\/files.sunoresearch.com.br\/n\/uploads\/2018\/09\/0e649614-petrobras.jpg","type":"image\/jpeg"}],"author":"Daniel Quandt","twitter_card":"summary_large_image","twitter_creator":"@sunoresearch","twitter_site":"@sunoresearch","twitter_misc":{"Escrito por":"Daniel Quandt","Est. tempo de leitura":"2 minutos"},"schema":{"@context":"https:\/\/schema.org","@graph":[{"@type":"NewsArticle","@id":"https:\/\/www.suno.com.br\/noticias\/petrobras-economistas-presidenciaveis-conversar\/#article","isPartOf":{"@id":"https:\/\/www.suno.com.br\/noticias\/petrobras-economistas-presidenciaveis-conversar\/"},"author":{"name":"Daniel Quandt","@id":"https:\/\/www.suno.com.br\/noticias\/#\/schema\/person\/eca2bab82984722db00d1e6facd8bb26"},"headline":"Petrobras busca conversar com economistas de presidenci\u00e1veis","datePublished":"2018-09-03T14:00:04+00:00","mainEntityOfPage":{"@id":"https:\/\/www.suno.com.br\/noticias\/petrobras-economistas-presidenciaveis-conversar\/"},"wordCount":393,"publisher":{"@id":"https:\/\/www.suno.com.br\/noticias\/#organization"},"image":{"@id":"https:\/\/www.suno.com.br\/noticias\/petrobras-economistas-presidenciaveis-conversar\/#primaryimage"},"thumbnailUrl":"https:\/\/files.sunoresearch.com.br\/n\/uploads\/2018\/09\/0e649614-petrobras-jpg.webp","keywords":["Elei\u00e7\u00f5es","Petrobras (PETR4)"],"articleSection":["Neg\u00f3cios","Pol\u00edtica"],"inLanguage":"pt-BR"},{"@type":"WebPage","@id":"https:\/\/www.suno.com.br\/noticias\/petrobras-economistas-presidenciaveis-conversar\/","url":"https:\/\/www.suno.com.br\/noticias\/petrobras-economistas-presidenciaveis-conversar\/","name":"Petrobras busca conversar com economistas de presidenci\u00e1veis","isPartOf":{"@id":"https:\/\/www.suno.com.br\/noticias\/#website"},"primaryImageOfPage":{"@id":"https:\/\/www.suno.com.br\/noticias\/petrobras-economistas-presidenciaveis-conversar\/#primaryimage"},"image":{"@id":"https:\/\/www.suno.com.br\/noticias\/petrobras-economistas-presidenciaveis-conversar\/#primaryimage"},"thumbnailUrl":"https:\/\/files.sunoresearch.com.br\/n\/uploads\/2018\/09\/0e649614-petrobras-jpg.webp","datePublished":"2018-09-03T14:00:04+00:00","description":"A meta da petrol\u00edfera estatal \u00e9 mostrar o cen\u00e1rio de recupera\u00e7\u00e3o financeira desde o in\u00edcio da Opera\u00e7\u00e3o Lava Jato. Clique para saber mais.","breadcrumb":{"@id":"https:\/\/www.suno.com.br\/noticias\/petrobras-economistas-presidenciaveis-conversar\/#breadcrumb"},"inLanguage":"pt-BR","potentialAction":[{"@type":"ReadAction","target":["https:\/\/www.suno.com.br\/noticias\/petrobras-economistas-presidenciaveis-conversar\/"]}]},{"@type":"ImageObject","inLanguage":"pt-BR","@id":"https:\/\/www.suno.com.br\/noticias\/petrobras-economistas-presidenciaveis-conversar\/#primaryimage","url":"https:\/\/files.sunoresearch.com.br\/n\/uploads\/2018\/09\/0e649614-petrobras-jpg.webp","contentUrl":"https:\/\/files.sunoresearch.com.br\/n\/uploads\/2018\/09\/0e649614-petrobras-jpg.webp","width":2560,"height":1707,"caption":"O ponto de equil\u00edbrio financeiro do campo de Itapu deve ficar abaixo de US$ 20 o barril, afirmou o presidente da Petrobras"},{"@type":"BreadcrumbList","@id":"https:\/\/www.suno.com.br\/noticias\/petrobras-economistas-presidenciaveis-conversar\/#breadcrumb","itemListElement":[{"@type":"ListItem","position":1,"name":"Not\u00edcias","item":"https:\/\/www.suno.com.br\/noticias\/"},{"@type":"ListItem","position":2,"name":"Neg\u00f3cios","item":"https:\/\/www.suno.com.br\/noticias\/negocios\/"},{"@type":"ListItem","position":3,"name":"Petrobras busca conversar com economistas de presidenci\u00e1veis"}]},{"@type":"WebSite","@id":"https:\/\/www.suno.com.br\/noticias\/#website","url":"https:\/\/www.suno.com.br\/noticias\/","name":"Suno Not\u00edcias","description":"Seu portal de informa\u00e7\u00e3o sobre o mundo dos investimentos","publisher":{"@id":"https:\/\/www.suno.com.br\/noticias\/#organization"},"potentialAction":[{"@type":"SearchAction","target":{"@type":"EntryPoint","urlTemplate":"https:\/\/www.suno.com.br\/noticias\/?s={search_term_string}"},"query-input":{"@type":"PropertyValueSpecification","valueRequired":true,"valueName":"search_term_string"}}],"inLanguage":"pt-BR"},{"@type":"Organization","@id":"https:\/\/www.suno.com.br\/noticias\/#organization","name":"Suno Not\u00edcias","url":"https:\/\/www.suno.com.br\/noticias\/","logo":{"@type":"ImageObject","inLanguage":"pt-BR","@id":"https:\/\/www.suno.com.br\/noticias\/#\/schema\/logo\/image\/","url":"https:\/\/files.sunoresearch.com.br\/n\/uploads\/2021\/09\/suno-logo.png","contentUrl":"https:\/\/files.sunoresearch.com.br\/n\/uploads\/2021\/09\/suno-logo.png","width":180,"height":180,"caption":"Suno Not\u00edcias"},"image":{"@id":"https:\/\/www.suno.com.br\/noticias\/#\/schema\/logo\/image\/"},"sameAs":["https:\/\/facebook.com\/sunoresearch","https:\/\/x.com\/sunoresearch","https:\/\/www.instagram.com\/suno","https:\/\/www.linkedin.com\/company\/suno-research\/","https:\/\/www.youtube.com\/c\/sunoresearch"]},{"@type":"Person","@id":"https:\/\/www.suno.com.br\/noticias\/#\/schema\/person\/eca2bab82984722db00d1e6facd8bb26","name":"Daniel Quandt","image":{"@type":"ImageObject","inLanguage":"pt-BR","@id":"https:\/\/www.suno.com.br\/noticias\/#\/schema\/person\/image\/","url":"https:\/\/secure.gravatar.com\/avatar\/5faf4378f9fbf4557a5836a88d66f99a?s=96&r=g","contentUrl":"https:\/\/secure.gravatar.com\/avatar\/5faf4378f9fbf4557a5836a88d66f99a?s=96&r=g","caption":"Daniel Quandt"},"description":"Aluno da Universidade de S\u00e3o Paulo, Daniel Quandt escreve sobre economia, mercado financeiro e pol\u00edtica no portal da Suno Research. J\u00e1 passou pela Ag\u00eancia USP de Inova\u00e7\u00e3o e pela startup de v\u00eddeo em blockchain Paratii, desenvolvendo seu conhecimento da aplica\u00e7\u00e3o de tecnologia de ponta ao mercado.","sameAs":["https:\/\/www.suno.com.br\/","https:\/\/www.linkedin.com\/in\/daniel-quandt-a49985110\/"],"url":"https:\/\/www.suno.com.br\/noticias\/author\/daniel-quandt\/"}]}},"default_loop_html":"<div class=\"cardsPage__listCard__boxs\"><div class=\"cardsPage__listCard__boxs__img\"><a href=\"https:\/\/www.suno.com.br\/noticias\/petrobras-economistas-presidenciaveis-conversar\/\"><img class=\"mask\" src=\"https:\/\/www.suno.com.br\/noticias\/wp-content\/themes\/suno\/resources\/images\/spotlight\/spotlight1img\/bg-mask.png\" alt=\"Image Mask\"\/><img src=\"https:\/\/files.sunoresearch.com.br\/n\/uploads\/2018\/09\/0e649614-petrobras-400x200.webp\" alt=\"Petrobras busca conversar com economistas de presidenci\u00e1veis\"\/><\/a><span class=\"spotlightCategory\"><a href=\"https:\/\/www.suno.com.br\/noticias\/negocios\/\">Neg\u00f3cios<\/a><\/span><\/div><div class=\"cardsPage__listCard__boxs__content\"><a href=\"https:\/\/www.suno.com.br\/noticias\/petrobras-economistas-presidenciaveis-conversar\/\"><h2 class=\"content__title\">Petrobras busca conversar com economistas de presidenci\u00e1veis<\/h2><\/a><div class=\"newsContent__article__meta\"><div class=\"newsContent__article__meta__authorBox\"><a href=\"https:\/\/www.suno.com.br\/noticias\/author\/daniel-quandt\/\" class=\"authorBox__avatar noMobi\"><img src=\"https:\/\/secure.gravatar.com\/avatar\/5faf4378f9fbf4557a5836a88d66f99a?s=96&#038;r=g\" alt=\"Daniel Quandt\"><\/a><div class=\"authorBox__name\"><span>por\n\t\t\t<a href=\"https:\/\/www.suno.com.br\/noticias\/author\/daniel-quandt\/\"><span itemprop=\"author\">Daniel Quandt<\/span><\/a><\/span><time datetime=\"2018-09-03T11:00:04-03:00\" itemprop=\"datePublished\">03\/09\/2018 11:00<\/time><\/div><\/div><\/div><\/div><\/div>","single_layout":"posts","amp_enabled":true,"_links":{"self":[{"href":"https:\/\/www.suno.com.br\/noticias\/wp-json\/wp\/v2\/posts\/3345"}],"collection":[{"href":"https:\/\/www.suno.com.br\/noticias\/wp-json\/wp\/v2\/posts"}],"about":[{"href":"https:\/\/www.suno.com.br\/noticias\/wp-json\/wp\/v2\/types\/post"}],"author":[{"embeddable":true,"href":"https:\/\/www.suno.com.br\/noticias\/wp-json\/wp\/v2\/users\/5"}],"replies":[{"embeddable":true,"href":"https:\/\/www.suno.com.br\/noticias\/wp-json\/wp\/v2\/comments?post=3345"}],"version-history":[{"count":0,"href":"https:\/\/www.suno.com.br\/noticias\/wp-json\/wp\/v2\/posts\/3345\/revisions"}],"wp:featuredmedia":[{"embeddable":true,"href":"https:\/\/www.suno.com.br\/noticias\/wp-json\/wp\/v2\/media\/3346"}],"wp:attachment":[{"href":"https:\/\/www.suno.com.br\/noticias\/wp-json\/wp\/v2\/media?parent=3345"}],"wp:term":[{"taxonomy":"category","embeddable":true,"href":"https:\/\/www.suno.com.br\/noticias\/wp-json\/wp\/v2\/categories?post=3345"},{"taxonomy":"post_tag","embeddable":true,"href":"https:\/\/www.suno.com.br\/noticias\/wp-json\/wp\/v2\/tags?post=3345"},{"taxonomy":"suno_strategy","embeddable":true,"href":"https:\/\/www.suno.com.br\/noticias\/wp-json\/wp\/v2\/suno_strategy?post=3345"}],"curies":[{"name":"wp","href":"https:\/\/api.w.org\/{rel}","templated":true}]}}