{"id":334305,"date":"2022-12-14T16:42:48","date_gmt":"2022-12-14T19:42:48","guid":{"rendered":"https:\/\/www.suno.com.br\/noticias\/?p=334305"},"modified":"2022-12-14T17:43:15","modified_gmt":"2022-12-14T20:43:15","slug":"rede-dor-rdor3-sulamerica-sula11-aprovacao","status":"publish","type":"post","link":"https:\/\/www.suno.com.br\/noticias\/rede-dor-rdor3-sulamerica-sula11-aprovacao\/","title":{"rendered":"Rede D&#8217;Or (RDOR3): Cade aprova aquisi\u00e7\u00e3o da SulAm\u00e9rica (SULA11) sem restri\u00e7\u00f5es; A\u00e7\u00f5es sobem 5%"},"content":{"rendered":"<p>Nesta quarta-feira (14), o <a class=\"suno-keyword\" data-force=\"no\" data-priority=\"2\" href=\"https:\/\/www.suno.com.br\/artigos\/cade\/\" target=\"_blank\" rel=\"noopener\">Conselho Administrativo de Defesa Econ\u00f4mica (Cade)<\/a> aprovou oficialmente a aquisi\u00e7\u00e3o da <a class=\"suno-keyword\" data-force=\"yes\" data-priority=\"2\" href=\"https:\/\/www.suno.com.br\/acoes\/SULA11\/\" target=\"_blank\" rel=\"noopener\">SulAm\u00e9rica (SULA11)<\/a> pela <a class=\"suno-keyword\" data-force=\"yes\" data-priority=\"2\" href=\"https:\/\/www.suno.com.br\/acoes\/RDOR3\/\" target=\"_blank\" rel=\"noopener\"><strong>Rede D&#8217;Or<\/strong> (RDOR3)<\/a>, sem restri\u00e7\u00f5es e de forma definitiva.<\/p>\t<div class=\"wrapper-featured-image\">\n\t\t<figure class=\"spotlightImg\">\n\n\t\t\t<picture>\n\t\t\t\t<source media=\"(max-width: 768px)\" srcset=\"https:\/\/files.sunoresearch.com.br\/n\/uploads\/2020\/10\/db6a5fa2-rede-dor-apresenta-pedido-de-registro-para-abertura-de-capital-400x200.webp\">\n\t\t\t\t<img loading=\"lazy\" decoding=\"async\" class=\"newsContent__article__imgCapa lazyloadDisabled \" src=\"https:\/\/files.sunoresearch.com.br\/n\/uploads\/2020\/10\/db6a5fa2-rede-dor-apresenta-pedido-de-registro-para-abertura-de-capital-800x450.webp\" width=\"800\" height=\"450\" alt=\"Rede D&#8217;Or (RDOR3): Cade aprova aquisi\u00e7\u00e3o da SulAm\u00e9rica (SULA11) sem restri\u00e7\u00f5es; A\u00e7\u00f5es sobem 5%\" fetchpriority=high \/>\n\t\t\t<\/picture>\n\n\t\t\t<figcaption class=\"wp-caption-text wp-caption-text--show\">Rede D&#039;or (RDOR3). Foto: divulga\u00e7\u00e3o<\/figcaption>\n\t\t<\/figure>\n\t<\/div>\n\n\n\n\n\n\t<p>\n\t\t<a href=\"\" target=\"_blank\" data-element=\"shortcode-suno-banner\" title=\"Banner SUNO, clique e saiba mais\">\n\t\t\t<picture>\n\t\t\t\t<source media=\"(max-width: 500px)\" srcset=\"\">\n\t\t\t\t<img class=\"newsContent__article__imgCapa newsContent__article__imgCapa--banner\"\n\t\t\t\t\tsrc=\"\"\n\t\t\t\t\tdata-promo-id=\"138420\"\t\t\t\t\t\t\t\t\t\t\t\t\t\t\talt=\"\"\n\t\t\t\t>\n\t\t\t<\/picture>\n\t\t<\/a>\n\t<\/p>\n\n\n\n\n\n<p>A <strong>aquisi\u00e7\u00e3o da <a class=\"suno-keyword\" data-force=\"yes\" data-priority=\"2\" href=\"https:\/\/www.suno.com.br\/acoes\/SULA11\/\" target=\"_blank\" rel=\"noopener\">SulAm\u00e9rica<\/a><\/strong><a class=\"suno-keyword\" data-force=\"yes\" data-priority=\"2\" href=\"https:\/\/www.suno.com.br\/acoes\/SULA11\/\" target=\"_blank\" rel=\"noopener\"> (SULA11)<\/a>, avaliada em R$ 15 bilh\u00f5es, foi anunciada em fevereiro pela Rede D&#8217;Or. Em novembro, o <strong>Cade <\/strong>recomendou aval \u00e0 transa\u00e7\u00e3o sem restri\u00e7\u00f5es. A Superintend\u00eancia de Seguros Privados (Susep) tamb\u00e9m aprovou a <strong>fus\u00e3o entre as empresas<\/strong> em agosto.<\/p>\n\n\n\n<p>&#8220;A companhia manter\u00e1 seus acionistas e o mercado informados sobre as etapas relevantes relacionadas \u00e0 consuma\u00e7\u00e3o da opera\u00e7\u00e3o, inclusive no que diz respeito \u00e0s decis\u00f5es finais eventualmente proferidas pelas demais autoridades governamentais competentes, conforme aplic\u00e1vel, na forma da lei e da regulamenta\u00e7\u00e3o da CVM&#8221;, disse a Rede D&#8217;Or.<\/p>\n\n\n\n<p>Os conselheiros da autoridade antitruste entenderam que n\u00e3o procediam os questionamentos apresentados no processo por hospitais e planos de sa\u00fade de que a opera\u00e7\u00e3o poderia prejudicar a concorr\u00eancia.<\/p>\n\n\n\n<p>O Cade recomendou, no entanto, \u00e0 Ag\u00eancia Nacional de Sa\u00fade Suplementar (ANS) que adote norma espec\u00edfica para mitigar o risco de trocas de informa\u00e7\u00f5es sens\u00edveis entre hospitais, como a Rede D&#8217;Or, e planos de sa\u00fade, como a SulAm\u00e9rica, que perten\u00e7am a um mesmo grupo.<\/p>\n\n\n\n<p>Em seu voto, o relator do caso, Luiz Hoffmann, destacou que a participa\u00e7\u00e3o de mercado da Rede D&#8217;Or e da SulAm\u00e9rica, na grande maioria dos munic\u00edpios em que elas atuam, n\u00e3o ultrapassa os 20%, limite acima do qual o Cade considera que pode haver excesso de concentra\u00e7\u00e3o. &#8220;N\u00e3o h\u00e1 elementos que justifiquem interven\u00e7\u00e3o do Cade, sob pena de inviabilizar poss\u00edveis efeitos ben\u00e9ficos aos consumidores&#8221;, afirmou.<\/p>\n\n\n\n<p>Hoffmann tamb\u00e9m ressaltou que h\u00e1 outros casos de <strong>planos de sa\u00fade<\/strong> que t\u00eam participa\u00e7\u00e3o em hospitais e vice-versa. &#8220;De todo modo, entendo que cabe ao Cade monitorar o setor, e esse conselho devera agir caso haja ind\u00edcios de pratica discriminat\u00f3ria&#8221;, acrescentou.<\/p>\n\n\n\n<p>Os conselheiros ressaltaram preocupa\u00e7\u00e3o de que a <strong>opera\u00e7\u00e3o da Rede D&#8217;Or e SulAm\u00e9rica<\/strong> pudesse levar \u00e0 troca de informa\u00e7\u00f5es concorrencialmente sens\u00edveis, como o hospital repassar \u00e0 operadora de plano de sa\u00fade pre\u00e7os cobrados por outras institui\u00e7\u00f5es de sa\u00fade.<\/p>\n\n\n\t<p>\n\t\t<a href=\"https:\/\/lp.suno.com.br\/planilha-controle-gastos\/\" target=\"_blank\" data-element=\"shortcode-suno-banner\" title=\"Banner SUNO, clique e saiba mais\">\n\t\t\t<picture>\n\t\t\t\t<source media=\"(max-width: 500px)\" srcset=\"https:\/\/files.sunoresearch.com.br\/n\/uploads\/2023\/03\/400x300-Planilha-controle-de-gastos.png\">\n\t\t\t\t<img class=\"newsContent__article__imgCapa newsContent__article__imgCapa--banner\"\n\t\t\t\t\tsrc=\"https:\/\/files.sunoresearch.com.br\/n\/uploads\/2023\/03\/1420x240-Planilha-controle-de-gastos.png\"\n\t\t\t\t\tdata-promo-id=\"101751\"\t\t\t\t\t\t\t\t\t\twidth='1420' height='240'\t\t\t\t\talt=\"https:\/\/files.sunoresearch.com.br\/n\/uploads\/2023\/03\/1420x240-Planilha-controle-de-gastos.png\"\n\t\t\t\t>\n\t\t\t<\/picture>\n\t\t<\/a>\n\t<\/p>\n\n\n\n\n\n<p>O entendimento da maioria, por\u00e9m, foi de que esse assunto deve ser regulamentado pela ANS (Ag\u00eancia Nacional de Sa\u00fade Suplementar). &#8220;Estamos aprovando, mas dizendo que a empresa tem de se estruturar para n\u00e3o expor segredos de concorrentes. Esse alerta tem que ser muito claro de que n\u00e3o estamos aqui dando uma carta de alforria em rela\u00e7\u00e3o ao cumprimento das normas setoriais&#8221;, afirmou o conselheiro Gustavo Augusto.<\/p>\n\n\n\n<h2 class=\"wp-block-heading\" id=\"h-concorrentes\"><strong>Concorrentes<\/strong><\/h2>\n\n\n\n<p>Como mostrou o Broadcast, hospitais concorrentes manifestaram ao Cade o temor de que a <strong>compra da Sulam\u00e9rica pela Rede D&#8217;Or<\/strong> prejudique o mercado. No processo, se manifestaram os hospitais S\u00edrio Liban\u00eas, Albert Einstein, Osvaldo Cruz, Benefic\u00eancia Portuguesa e Hospital do Cora\u00e7\u00e3o.<\/p>\n\n\n\n<p>No julgamento, os advogados dos hospitais defenderam que o Cade adotasse travas para evitar que a opera\u00e7\u00e3o prejudicasse a concorr\u00eancia.<\/p>\n\n\n\n<p>&#8220;H\u00e1 preju\u00edzo aos consumidores. Vemos not\u00edcias de recordes de reclama\u00e7\u00e3o contra a SulAm\u00e9rica em face do cancelamento de servi\u00e7os&#8221;, afirmou a advogada do Hospital Albert Einstein, Joana Cianfarini.<\/p>\n\n\n\n<p>J\u00e1 os representantes da SulAm\u00e9rica e da Rede D&#8217;Or defenderam a opera\u00e7\u00e3o. &#8220;A Rede D&#8217;Or tem confian\u00e7a de que a opera\u00e7\u00e3o hoje analisada tem a capacidade de trazer amplos benef\u00edcios a todo o setor de sa\u00fade e n\u00e3o levanta qualquer preocupa\u00e7\u00e3o concorrencial&#8221;, afirmou a advogada da rede, B\u00e1rbara Rosenberg.<\/p>\n\n\n\n<p><em>(Com informa\u00e7\u00f5es do Estad\u00e3o Conte\u00fado)<\/em><\/p>\n\n\n\n<h2 class=\"wp-block-heading\" id=\"h-cotacao-rede-d-or-e-sulamerica\"><strong>Cota\u00e7\u00e3o Rede D&#8217;Or e SulAm\u00e9rica<\/strong><\/h2>\n\n\n\n<p>As a\u00e7\u00f5es da <strong>Rede D&#8217;Or <\/strong>subiam 5,60% as 16h40 desta quarta-feira (14), cotadas a R$ 25,66, enquanto as units da SulAm\u00e9rica operavam em alta de 5%, cotadas a R$ 19.<\/p>\n\n\n\t<p>\n\t\t<a href=\"https:\/\/lp.suno.com.br\/planilha-de-controle-de-investimentos\/\" target=\"_blank\" data-element=\"shortcode-suno-banner\" title=\"Banner SUNO, clique e saiba mais\">\n\t\t\t<picture>\n\t\t\t\t<source media=\"(max-width: 500px)\" srcset=\"https:\/\/files.sunoresearch.com.br\/n\/uploads\/2023\/03\/400x300-Controle-de-Investimentos.png\">\n\t\t\t\t<img class=\"newsContent__article__imgCapa newsContent__article__imgCapa--banner\"\n\t\t\t\t\tsrc=\"https:\/\/files.sunoresearch.com.br\/n\/uploads\/2023\/03\/1420x240-Controle-de-Investimentos.png\"\n\t\t\t\t\tdata-promo-id=\"75934\"\t\t\t\t\t\t\t\t\t\twidth='1420' height='240'\t\t\t\t\talt=\"https:\/\/files.sunoresearch.com.br\/n\/uploads\/2023\/03\/1420x240-Controle-de-Investimentos.png\"\n\t\t\t\t>\n\t\t\t<\/picture>\n\t\t<\/a>\n\t<\/p>\n\n\n\n\n\n<p><em>Com informa\u00e7\u00f5es do Estad\u00e3o Conte\u00fado<\/em><\/p>\n","protected":false},"excerpt":{"rendered":"<p>Nesta quarta-feira (14), o Conselho Administrativo de Defesa Econ\u00f4mica (Cade) aprovou oficialmente a aquisi\u00e7\u00e3o da SulAm\u00e9rica (SULA11) pela Rede D&#8217;Or (RDOR3), sem restri\u00e7\u00f5es e de forma definitiva. Rede D&#039;or (RDOR3). Foto: divulga\u00e7\u00e3o A aquisi\u00e7\u00e3o da SulAm\u00e9rica (SULA11), avaliada em R$ 15 bilh\u00f5es, foi anunciada em fevereiro pela Rede D&#8217;Or. Em novembro, o Cade recomendou aval [&hellip;]<\/p>\n","protected":false},"author":195,"featured_media":90874,"comment_status":"closed","ping_status":"closed","sticky":false,"template":"","format":"standard","meta":[],"categories":[64],"tags":[2312,647],"suno_strategy":[],"class_list":["post-334305","post","type-post","status-publish","format-standard","has-post-thumbnail","hentry","category-negocios","tag-rede-dor-rdor3","tag-sulamerica-sula11-sula3-sula4"],"yoast_head":"<!-- This site is optimized with the Yoast SEO plugin v24.4 - https:\/\/yoast.com\/wordpress\/plugins\/seo\/ -->\n<title>Rede D&#039;Or (RDOR3): Cade aprova aquisi\u00e7\u00e3o da SulAm\u00e9rica (SULA11)<\/title>\n<meta name=\"description\" content=\"Nesta quarta-feira (14), Cade aprovou oficialmente a aquisi\u00e7\u00e3o da SulAm\u00e9rica (SULA11) pela Rede D&#039;Or (RDOR3), sem restri\u00e7\u00f5es.\" \/>\n<meta name=\"robots\" content=\"index, follow, max-snippet:-1, max-image-preview:large, max-video-preview:-1\" \/>\n<link rel=\"canonical\" href=\"https:\/\/www.suno.com.br\/noticias\/rede-dor-rdor3-sulamerica-sula11-aprovacao\/\" \/>\n<meta property=\"og:locale\" content=\"pt_BR\" \/>\n<meta property=\"og:type\" content=\"article\" \/>\n<meta property=\"og:title\" content=\"Rede D&#039;Or (RDOR3): Cade aprova aquisi\u00e7\u00e3o da SulAm\u00e9rica (SULA11)\" \/>\n<meta property=\"og:description\" content=\"Nesta quarta-feira (14), Cade aprovou oficialmente a aquisi\u00e7\u00e3o da SulAm\u00e9rica (SULA11) pela Rede D&#039;Or (RDOR3), sem restri\u00e7\u00f5es.\" \/>\n<meta property=\"og:url\" content=\"https:\/\/www.suno.com.br\/noticias\/rede-dor-rdor3-sulamerica-sula11-aprovacao\/\" \/>\n<meta property=\"og:site_name\" content=\"Suno Not\u00edcias\" \/>\n<meta property=\"article:publisher\" content=\"https:\/\/facebook.com\/sunoresearch\" \/>\n<meta property=\"og:image\" content=\"https:\/\/files.sunoresearch.com.br\/n\/uploads\/2020\/10\/db6a5fa2-rede-dor-apresenta-pedido-de-registro-para-abertura-de-capital.jpg\" \/>\n\t<meta property=\"og:image:width\" content=\"1535\" \/>\n\t<meta property=\"og:image:height\" content=\"1131\" \/>\n\t<meta property=\"og:image:type\" content=\"image\/jpeg\" \/>\n<meta name=\"author\" content=\"Ana Clara Macedo\" \/>\n<meta name=\"twitter:card\" content=\"summary_large_image\" \/>\n<meta name=\"twitter:creator\" content=\"@sunoresearch\" \/>\n<meta name=\"twitter:site\" content=\"@sunoresearch\" \/>\n<meta name=\"twitter:label1\" content=\"Escrito por\" \/>\n\t<meta name=\"twitter:data1\" content=\"Ana Clara Macedo\" \/>\n\t<meta name=\"twitter:label2\" content=\"Est. tempo de leitura\" \/>\n\t<meta name=\"twitter:data2\" content=\"4 minutos\" \/>\n<script type=\"application\/ld+json\" class=\"yoast-schema-graph\">{\"@context\":\"https:\/\/schema.org\",\"@graph\":[{\"@type\":\"NewsArticle\",\"@id\":\"https:\/\/www.suno.com.br\/noticias\/rede-dor-rdor3-sulamerica-sula11-aprovacao\/#article\",\"isPartOf\":{\"@id\":\"https:\/\/www.suno.com.br\/noticias\/rede-dor-rdor3-sulamerica-sula11-aprovacao\/\"},\"author\":{\"name\":\"Ana Clara Macedo\",\"@id\":\"https:\/\/www.suno.com.br\/noticias\/#\/schema\/person\/a70f3c52ef8c814d62ed63b30bb30176\"},\"headline\":\"Rede D&#8217;Or (RDOR3): Cade aprova aquisi\u00e7\u00e3o da SulAm\u00e9rica (SULA11) sem restri\u00e7\u00f5es; A\u00e7\u00f5es sobem 5%\",\"datePublished\":\"2022-12-14T19:42:48+00:00\",\"dateModified\":\"2022-12-14T20:43:15+00:00\",\"mainEntityOfPage\":{\"@id\":\"https:\/\/www.suno.com.br\/noticias\/rede-dor-rdor3-sulamerica-sula11-aprovacao\/\"},\"wordCount\":698,\"publisher\":{\"@id\":\"https:\/\/www.suno.com.br\/noticias\/#organization\"},\"image\":{\"@id\":\"https:\/\/www.suno.com.br\/noticias\/rede-dor-rdor3-sulamerica-sula11-aprovacao\/#primaryimage\"},\"thumbnailUrl\":\"https:\/\/files.sunoresearch.com.br\/n\/uploads\/2020\/10\/db6a5fa2-rede-dor-apresenta-pedido-de-registro-para-abertura-de-capital-jpg.webp\",\"keywords\":[\"Rede D'or (RDOR3)\",\"SulAm\u00e9rica (SULA11\/SULA3\/SULA4)\"],\"articleSection\":[\"Neg\u00f3cios\"],\"inLanguage\":\"pt-BR\"},{\"@type\":\"WebPage\",\"@id\":\"https:\/\/www.suno.com.br\/noticias\/rede-dor-rdor3-sulamerica-sula11-aprovacao\/\",\"url\":\"https:\/\/www.suno.com.br\/noticias\/rede-dor-rdor3-sulamerica-sula11-aprovacao\/\",\"name\":\"Rede D'Or (RDOR3): Cade aprova aquisi\u00e7\u00e3o da SulAm\u00e9rica (SULA11)\",\"isPartOf\":{\"@id\":\"https:\/\/www.suno.com.br\/noticias\/#website\"},\"primaryImageOfPage\":{\"@id\":\"https:\/\/www.suno.com.br\/noticias\/rede-dor-rdor3-sulamerica-sula11-aprovacao\/#primaryimage\"},\"image\":{\"@id\":\"https:\/\/www.suno.com.br\/noticias\/rede-dor-rdor3-sulamerica-sula11-aprovacao\/#primaryimage\"},\"thumbnailUrl\":\"https:\/\/files.sunoresearch.com.br\/n\/uploads\/2020\/10\/db6a5fa2-rede-dor-apresenta-pedido-de-registro-para-abertura-de-capital-jpg.webp\",\"datePublished\":\"2022-12-14T19:42:48+00:00\",\"dateModified\":\"2022-12-14T20:43:15+00:00\",\"description\":\"Nesta quarta-feira (14), Cade aprovou oficialmente a aquisi\u00e7\u00e3o da SulAm\u00e9rica (SULA11) pela Rede D'Or (RDOR3), sem restri\u00e7\u00f5es.\",\"breadcrumb\":{\"@id\":\"https:\/\/www.suno.com.br\/noticias\/rede-dor-rdor3-sulamerica-sula11-aprovacao\/#breadcrumb\"},\"inLanguage\":\"pt-BR\",\"potentialAction\":[{\"@type\":\"ReadAction\",\"target\":[\"https:\/\/www.suno.com.br\/noticias\/rede-dor-rdor3-sulamerica-sula11-aprovacao\/\"]}]},{\"@type\":\"ImageObject\",\"inLanguage\":\"pt-BR\",\"@id\":\"https:\/\/www.suno.com.br\/noticias\/rede-dor-rdor3-sulamerica-sula11-aprovacao\/#primaryimage\",\"url\":\"https:\/\/files.sunoresearch.com.br\/n\/uploads\/2020\/10\/db6a5fa2-rede-dor-apresenta-pedido-de-registro-para-abertura-de-capital-jpg.webp\",\"contentUrl\":\"https:\/\/files.sunoresearch.com.br\/n\/uploads\/2020\/10\/db6a5fa2-rede-dor-apresenta-pedido-de-registro-para-abertura-de-capital-jpg.webp\",\"width\":1535,\"height\":1131,\"caption\":\"Rede D'or (RDOR3). Foto: divulga\u00e7\u00e3o\"},{\"@type\":\"BreadcrumbList\",\"@id\":\"https:\/\/www.suno.com.br\/noticias\/rede-dor-rdor3-sulamerica-sula11-aprovacao\/#breadcrumb\",\"itemListElement\":[{\"@type\":\"ListItem\",\"position\":1,\"name\":\"Not\u00edcias\",\"item\":\"https:\/\/www.suno.com.br\/noticias\/\"},{\"@type\":\"ListItem\",\"position\":2,\"name\":\"Neg\u00f3cios\",\"item\":\"https:\/\/www.suno.com.br\/noticias\/negocios\/\"},{\"@type\":\"ListItem\",\"position\":3,\"name\":\"Rede D&#8217;Or (RDOR3): Cade aprova aquisi\u00e7\u00e3o da SulAm\u00e9rica (SULA11) sem restri\u00e7\u00f5es; A\u00e7\u00f5es sobem 5%\"}]},{\"@type\":\"WebSite\",\"@id\":\"https:\/\/www.suno.com.br\/noticias\/#website\",\"url\":\"https:\/\/www.suno.com.br\/noticias\/\",\"name\":\"Suno Not\u00edcias\",\"description\":\"Seu portal de informa\u00e7\u00e3o sobre o mundo dos investimentos\",\"publisher\":{\"@id\":\"https:\/\/www.suno.com.br\/noticias\/#organization\"},\"potentialAction\":[{\"@type\":\"SearchAction\",\"target\":{\"@type\":\"EntryPoint\",\"urlTemplate\":\"https:\/\/www.suno.com.br\/noticias\/?s={search_term_string}\"},\"query-input\":{\"@type\":\"PropertyValueSpecification\",\"valueRequired\":true,\"valueName\":\"search_term_string\"}}],\"inLanguage\":\"pt-BR\"},{\"@type\":\"Organization\",\"@id\":\"https:\/\/www.suno.com.br\/noticias\/#organization\",\"name\":\"Suno Not\u00edcias\",\"url\":\"https:\/\/www.suno.com.br\/noticias\/\",\"logo\":{\"@type\":\"ImageObject\",\"inLanguage\":\"pt-BR\",\"@id\":\"https:\/\/www.suno.com.br\/noticias\/#\/schema\/logo\/image\/\",\"url\":\"https:\/\/files.sunoresearch.com.br\/n\/uploads\/2021\/09\/suno-logo.png\",\"contentUrl\":\"https:\/\/files.sunoresearch.com.br\/n\/uploads\/2021\/09\/suno-logo.png\",\"width\":180,\"height\":180,\"caption\":\"Suno Not\u00edcias\"},\"image\":{\"@id\":\"https:\/\/www.suno.com.br\/noticias\/#\/schema\/logo\/image\/\"},\"sameAs\":[\"https:\/\/facebook.com\/sunoresearch\",\"https:\/\/x.com\/sunoresearch\",\"https:\/\/www.instagram.com\/suno\",\"https:\/\/www.linkedin.com\/company\/suno-research\/\",\"https:\/\/www.youtube.com\/c\/sunoresearch\"]},{\"@type\":\"Person\",\"@id\":\"https:\/\/www.suno.com.br\/noticias\/#\/schema\/person\/a70f3c52ef8c814d62ed63b30bb30176\",\"name\":\"Ana Clara Macedo\",\"image\":{\"@type\":\"ImageObject\",\"inLanguage\":\"pt-BR\",\"@id\":\"https:\/\/www.suno.com.br\/noticias\/#\/schema\/person\/image\/\",\"url\":\"https:\/\/secure.gravatar.com\/avatar\/40810da86786bd5619f8cd594b0f44ef?s=96&r=g\",\"contentUrl\":\"https:\/\/secure.gravatar.com\/avatar\/40810da86786bd5619f8cd594b0f44ef?s=96&r=g\",\"caption\":\"Ana Clara Macedo\"},\"description\":\"Rep\u00f3rter no Suno Not\u00edcias, cobrindo acontecimentos sobre neg\u00f3cios, mercado financeiro e economia. Anteriormente trabalhou como Rep\u00f3rter no Mercado News e produziu relat\u00f3rios e artigos sobre empresas de capital aberto.\",\"url\":\"https:\/\/www.suno.com.br\/noticias\/author\/ana-clara-macedo\/\"}]}<\/script>\n<!-- \/ Yoast SEO plugin. -->","yoast_head_json":{"title":"Rede D'Or (RDOR3): Cade aprova aquisi\u00e7\u00e3o da SulAm\u00e9rica (SULA11)","description":"Nesta quarta-feira (14), Cade aprovou oficialmente a aquisi\u00e7\u00e3o da SulAm\u00e9rica (SULA11) pela Rede D'Or (RDOR3), sem restri\u00e7\u00f5es.","robots":{"index":"index","follow":"follow","max-snippet":"max-snippet:-1","max-image-preview":"max-image-preview:large","max-video-preview":"max-video-preview:-1"},"canonical":"https:\/\/www.suno.com.br\/noticias\/rede-dor-rdor3-sulamerica-sula11-aprovacao\/","og_locale":"pt_BR","og_type":"article","og_title":"Rede D'Or (RDOR3): Cade aprova aquisi\u00e7\u00e3o da SulAm\u00e9rica (SULA11)","og_description":"Nesta quarta-feira (14), Cade aprovou oficialmente a aquisi\u00e7\u00e3o da SulAm\u00e9rica (SULA11) pela Rede D'Or (RDOR3), sem restri\u00e7\u00f5es.","og_url":"https:\/\/www.suno.com.br\/noticias\/rede-dor-rdor3-sulamerica-sula11-aprovacao\/","og_site_name":"Suno Not\u00edcias","article_publisher":"https:\/\/facebook.com\/sunoresearch","og_image":[{"width":1535,"height":1131,"url":"https:\/\/files.sunoresearch.com.br\/n\/uploads\/2020\/10\/db6a5fa2-rede-dor-apresenta-pedido-de-registro-para-abertura-de-capital.jpg","type":"image\/jpeg"}],"author":"Ana Clara Macedo","twitter_card":"summary_large_image","twitter_creator":"@sunoresearch","twitter_site":"@sunoresearch","twitter_misc":{"Escrito por":"Ana Clara Macedo","Est. tempo de leitura":"4 minutos"},"schema":{"@context":"https:\/\/schema.org","@graph":[{"@type":"NewsArticle","@id":"https:\/\/www.suno.com.br\/noticias\/rede-dor-rdor3-sulamerica-sula11-aprovacao\/#article","isPartOf":{"@id":"https:\/\/www.suno.com.br\/noticias\/rede-dor-rdor3-sulamerica-sula11-aprovacao\/"},"author":{"name":"Ana Clara Macedo","@id":"https:\/\/www.suno.com.br\/noticias\/#\/schema\/person\/a70f3c52ef8c814d62ed63b30bb30176"},"headline":"Rede D&#8217;Or (RDOR3): Cade aprova aquisi\u00e7\u00e3o da SulAm\u00e9rica (SULA11) sem restri\u00e7\u00f5es; A\u00e7\u00f5es sobem 5%","datePublished":"2022-12-14T19:42:48+00:00","dateModified":"2022-12-14T20:43:15+00:00","mainEntityOfPage":{"@id":"https:\/\/www.suno.com.br\/noticias\/rede-dor-rdor3-sulamerica-sula11-aprovacao\/"},"wordCount":698,"publisher":{"@id":"https:\/\/www.suno.com.br\/noticias\/#organization"},"image":{"@id":"https:\/\/www.suno.com.br\/noticias\/rede-dor-rdor3-sulamerica-sula11-aprovacao\/#primaryimage"},"thumbnailUrl":"https:\/\/files.sunoresearch.com.br\/n\/uploads\/2020\/10\/db6a5fa2-rede-dor-apresenta-pedido-de-registro-para-abertura-de-capital-jpg.webp","keywords":["Rede D'or (RDOR3)","SulAm\u00e9rica (SULA11\/SULA3\/SULA4)"],"articleSection":["Neg\u00f3cios"],"inLanguage":"pt-BR"},{"@type":"WebPage","@id":"https:\/\/www.suno.com.br\/noticias\/rede-dor-rdor3-sulamerica-sula11-aprovacao\/","url":"https:\/\/www.suno.com.br\/noticias\/rede-dor-rdor3-sulamerica-sula11-aprovacao\/","name":"Rede D'Or (RDOR3): Cade aprova aquisi\u00e7\u00e3o da SulAm\u00e9rica (SULA11)","isPartOf":{"@id":"https:\/\/www.suno.com.br\/noticias\/#website"},"primaryImageOfPage":{"@id":"https:\/\/www.suno.com.br\/noticias\/rede-dor-rdor3-sulamerica-sula11-aprovacao\/#primaryimage"},"image":{"@id":"https:\/\/www.suno.com.br\/noticias\/rede-dor-rdor3-sulamerica-sula11-aprovacao\/#primaryimage"},"thumbnailUrl":"https:\/\/files.sunoresearch.com.br\/n\/uploads\/2020\/10\/db6a5fa2-rede-dor-apresenta-pedido-de-registro-para-abertura-de-capital-jpg.webp","datePublished":"2022-12-14T19:42:48+00:00","dateModified":"2022-12-14T20:43:15+00:00","description":"Nesta quarta-feira (14), Cade aprovou oficialmente a aquisi\u00e7\u00e3o da SulAm\u00e9rica (SULA11) pela Rede D'Or (RDOR3), sem restri\u00e7\u00f5es.","breadcrumb":{"@id":"https:\/\/www.suno.com.br\/noticias\/rede-dor-rdor3-sulamerica-sula11-aprovacao\/#breadcrumb"},"inLanguage":"pt-BR","potentialAction":[{"@type":"ReadAction","target":["https:\/\/www.suno.com.br\/noticias\/rede-dor-rdor3-sulamerica-sula11-aprovacao\/"]}]},{"@type":"ImageObject","inLanguage":"pt-BR","@id":"https:\/\/www.suno.com.br\/noticias\/rede-dor-rdor3-sulamerica-sula11-aprovacao\/#primaryimage","url":"https:\/\/files.sunoresearch.com.br\/n\/uploads\/2020\/10\/db6a5fa2-rede-dor-apresenta-pedido-de-registro-para-abertura-de-capital-jpg.webp","contentUrl":"https:\/\/files.sunoresearch.com.br\/n\/uploads\/2020\/10\/db6a5fa2-rede-dor-apresenta-pedido-de-registro-para-abertura-de-capital-jpg.webp","width":1535,"height":1131,"caption":"Rede D'or (RDOR3). Foto: divulga\u00e7\u00e3o"},{"@type":"BreadcrumbList","@id":"https:\/\/www.suno.com.br\/noticias\/rede-dor-rdor3-sulamerica-sula11-aprovacao\/#breadcrumb","itemListElement":[{"@type":"ListItem","position":1,"name":"Not\u00edcias","item":"https:\/\/www.suno.com.br\/noticias\/"},{"@type":"ListItem","position":2,"name":"Neg\u00f3cios","item":"https:\/\/www.suno.com.br\/noticias\/negocios\/"},{"@type":"ListItem","position":3,"name":"Rede D&#8217;Or (RDOR3): Cade aprova aquisi\u00e7\u00e3o da SulAm\u00e9rica (SULA11) sem restri\u00e7\u00f5es; A\u00e7\u00f5es sobem 5%"}]},{"@type":"WebSite","@id":"https:\/\/www.suno.com.br\/noticias\/#website","url":"https:\/\/www.suno.com.br\/noticias\/","name":"Suno Not\u00edcias","description":"Seu portal de informa\u00e7\u00e3o sobre o mundo dos investimentos","publisher":{"@id":"https:\/\/www.suno.com.br\/noticias\/#organization"},"potentialAction":[{"@type":"SearchAction","target":{"@type":"EntryPoint","urlTemplate":"https:\/\/www.suno.com.br\/noticias\/?s={search_term_string}"},"query-input":{"@type":"PropertyValueSpecification","valueRequired":true,"valueName":"search_term_string"}}],"inLanguage":"pt-BR"},{"@type":"Organization","@id":"https:\/\/www.suno.com.br\/noticias\/#organization","name":"Suno Not\u00edcias","url":"https:\/\/www.suno.com.br\/noticias\/","logo":{"@type":"ImageObject","inLanguage":"pt-BR","@id":"https:\/\/www.suno.com.br\/noticias\/#\/schema\/logo\/image\/","url":"https:\/\/files.sunoresearch.com.br\/n\/uploads\/2021\/09\/suno-logo.png","contentUrl":"https:\/\/files.sunoresearch.com.br\/n\/uploads\/2021\/09\/suno-logo.png","width":180,"height":180,"caption":"Suno Not\u00edcias"},"image":{"@id":"https:\/\/www.suno.com.br\/noticias\/#\/schema\/logo\/image\/"},"sameAs":["https:\/\/facebook.com\/sunoresearch","https:\/\/x.com\/sunoresearch","https:\/\/www.instagram.com\/suno","https:\/\/www.linkedin.com\/company\/suno-research\/","https:\/\/www.youtube.com\/c\/sunoresearch"]},{"@type":"Person","@id":"https:\/\/www.suno.com.br\/noticias\/#\/schema\/person\/a70f3c52ef8c814d62ed63b30bb30176","name":"Ana Clara Macedo","image":{"@type":"ImageObject","inLanguage":"pt-BR","@id":"https:\/\/www.suno.com.br\/noticias\/#\/schema\/person\/image\/","url":"https:\/\/secure.gravatar.com\/avatar\/40810da86786bd5619f8cd594b0f44ef?s=96&r=g","contentUrl":"https:\/\/secure.gravatar.com\/avatar\/40810da86786bd5619f8cd594b0f44ef?s=96&r=g","caption":"Ana Clara Macedo"},"description":"Rep\u00f3rter no Suno Not\u00edcias, cobrindo acontecimentos sobre neg\u00f3cios, mercado financeiro e economia. Anteriormente trabalhou como Rep\u00f3rter no Mercado News e produziu relat\u00f3rios e artigos sobre empresas de capital aberto.","url":"https:\/\/www.suno.com.br\/noticias\/author\/ana-clara-macedo\/"}]}},"default_loop_html":"<div class=\"cardsPage__listCard__boxs\"><div class=\"cardsPage__listCard__boxs__img\"><a href=\"https:\/\/www.suno.com.br\/noticias\/rede-dor-rdor3-sulamerica-sula11-aprovacao\/\"><img class=\"mask\" src=\"https:\/\/www.suno.com.br\/noticias\/wp-content\/themes\/suno\/resources\/images\/spotlight\/spotlight1img\/bg-mask.png\" alt=\"Image Mask\"\/><img src=\"https:\/\/files.sunoresearch.com.br\/n\/uploads\/2020\/10\/db6a5fa2-rede-dor-apresenta-pedido-de-registro-para-abertura-de-capital-400x200.webp\" alt=\"Rede D&#8217;Or (RDOR3): Cade aprova aquisi\u00e7\u00e3o da SulAm\u00e9rica (SULA11) sem restri\u00e7\u00f5es; A\u00e7\u00f5es sobem 5%\"\/><\/a><span class=\"spotlightCategory\"><a href=\"https:\/\/www.suno.com.br\/noticias\/negocios\/\">Neg\u00f3cios<\/a><\/span><\/div><div class=\"cardsPage__listCard__boxs__content\"><a href=\"https:\/\/www.suno.com.br\/noticias\/rede-dor-rdor3-sulamerica-sula11-aprovacao\/\"><h2 class=\"content__title\">Rede D&#8217;Or (RDOR3): Cade aprova aquisi\u00e7\u00e3o da SulAm\u00e9rica (SULA11) sem restri\u00e7\u00f5es; A\u00e7\u00f5es sobem 5%<\/h2><\/a><div class=\"newsContent__article__meta\"><div class=\"newsContent__article__meta__authorBox\"><a href=\"https:\/\/www.suno.com.br\/noticias\/author\/ana-clara-macedo\/\" class=\"authorBox__avatar noMobi\"><img src=\"https:\/\/secure.gravatar.com\/avatar\/40810da86786bd5619f8cd594b0f44ef?s=96&#038;r=g\" alt=\"Ana Clara Macedo\"><\/a><div class=\"authorBox__name\"><span>por\n\t\t\t<a href=\"https:\/\/www.suno.com.br\/noticias\/author\/ana-clara-macedo\/\"><span itemprop=\"author\">Ana Clara Macedo<\/span><\/a><\/span><time datetime=\"2022-12-14T16:42:48-03:00\" itemprop=\"datePublished\">14\/12\/2022 16:42<\/time><\/div><\/div><\/div><\/div><\/div>","single_layout":"posts","amp_enabled":true,"_links":{"self":[{"href":"https:\/\/www.suno.com.br\/noticias\/wp-json\/wp\/v2\/posts\/334305"}],"collection":[{"href":"https:\/\/www.suno.com.br\/noticias\/wp-json\/wp\/v2\/posts"}],"about":[{"href":"https:\/\/www.suno.com.br\/noticias\/wp-json\/wp\/v2\/types\/post"}],"author":[{"embeddable":true,"href":"https:\/\/www.suno.com.br\/noticias\/wp-json\/wp\/v2\/users\/195"}],"replies":[{"embeddable":true,"href":"https:\/\/www.suno.com.br\/noticias\/wp-json\/wp\/v2\/comments?post=334305"}],"version-history":[{"count":2,"href":"https:\/\/www.suno.com.br\/noticias\/wp-json\/wp\/v2\/posts\/334305\/revisions"}],"predecessor-version":[{"id":334544,"href":"https:\/\/www.suno.com.br\/noticias\/wp-json\/wp\/v2\/posts\/334305\/revisions\/334544"}],"wp:featuredmedia":[{"embeddable":true,"href":"https:\/\/www.suno.com.br\/noticias\/wp-json\/wp\/v2\/media\/90874"}],"wp:attachment":[{"href":"https:\/\/www.suno.com.br\/noticias\/wp-json\/wp\/v2\/media?parent=334305"}],"wp:term":[{"taxonomy":"category","embeddable":true,"href":"https:\/\/www.suno.com.br\/noticias\/wp-json\/wp\/v2\/categories?post=334305"},{"taxonomy":"post_tag","embeddable":true,"href":"https:\/\/www.suno.com.br\/noticias\/wp-json\/wp\/v2\/tags?post=334305"},{"taxonomy":"suno_strategy","embeddable":true,"href":"https:\/\/www.suno.com.br\/noticias\/wp-json\/wp\/v2\/suno_strategy?post=334305"}],"curies":[{"name":"wp","href":"https:\/\/api.w.org\/{rel}","templated":true}]}}