{"id":334259,"date":"2022-12-14T15:17:25","date_gmt":"2022-12-14T18:17:25","guid":{"rendered":"https:\/\/www.suno.com.br\/noticias\/?p=334259"},"modified":"2022-12-14T16:13:01","modified_gmt":"2022-12-14T19:13:01","slug":"haddad-teto-gastos-saida-precaria","status":"publish","type":"post","link":"https:\/\/www.suno.com.br\/noticias\/haddad-teto-gastos-saida-precaria\/","title":{"rendered":"Todo mundo sabia que o teto de gastos era uma sa\u00edda prec\u00e1ria, diz Haddad"},"content":{"rendered":"<p>Futuro ministro da Fazenda do governo Lula, Fernando <strong>Haddad<\/strong> afirmou que pretende enviar a nova proposta de \u00e2ncora fiscal do Pa\u00eds para o Congresso logo no in\u00edcio do governo. Nesta quarta (14), o petista disse que o <a class=\"suno-keyword\" data-force=\"no\" data-priority=\"1\" href=\"https:\/\/www.suno.com.br\/artigos\/teto-de-gastos\/\" target=\"_blank\" rel=\"noopener\">teto de gastos<\/a> era uma &#8220;sa\u00edda prec\u00e1ria&#8221; para a situa\u00e7\u00e3o fiscal do pa\u00eds e que todos os especialistas da \u00e1rea sabiam disso.<\/p>\t<div class=\"wrapper-featured-image\">\n\t\t<figure class=\"spotlightImg\">\n\n\t\t\t<picture>\n\t\t\t\t<source media=\"(max-width: 768px)\" srcset=\"https:\/\/files.sunoresearch.com.br\/n\/uploads\/2022\/12\/fernando-haddad-ministro-fazenda-estudio-i-foto-globonews-400x200.jpg\">\n\t\t\t\t<img loading=\"lazy\" decoding=\"async\" class=\"newsContent__article__imgCapa lazyloadDisabled \" src=\"https:\/\/files.sunoresearch.com.br\/n\/uploads\/2022\/12\/fernando-haddad-ministro-fazenda-estudio-i-foto-globonews-800x450.jpg\" width=\"800\" height=\"450\" alt=\"Todo mundo sabia que o teto de gastos era uma sa\u00edda prec\u00e1ria, diz Haddad\" fetchpriority=high \/>\n\t\t\t<\/picture>\n\n\t\t\t<figcaption class=\"wp-caption-text wp-caption-text--show\">Fernando Haddad, ministro da Fazenda do governo Lula. Foto: GloboNews<\/figcaption>\n\t\t<\/figure>\n\t<\/div>\n\n\n\n\n\n\t<p>\n\t\t<a href=\"\" target=\"_blank\" data-element=\"shortcode-suno-banner\" title=\"Banner SUNO, clique e saiba mais\">\n\t\t\t<picture>\n\t\t\t\t<source media=\"(max-width: 500px)\" srcset=\"\">\n\t\t\t\t<img class=\"newsContent__article__imgCapa newsContent__article__imgCapa--banner\"\n\t\t\t\t\tsrc=\"\"\n\t\t\t\t\tdata-promo-id=\"240038\"\t\t\t\t\t\t\t\t\t\t\t\t\t\t\talt=\"\"\n\t\t\t\t>\n\t\t\t<\/picture>\n\t\t<\/a>\n\t<\/p>\n\n\n\n\n\n<p>&#8220;Todo mundo sabia que o <strong>teto de gastos<\/strong> era uma sa\u00edda prec\u00e1ria, que n\u00e3o era sustent\u00e1vel. Conversei com o P\u00e9rsio [Arida] nas elei\u00e7\u00f5es de 2018, e ele falou que duraria dois ou tr\u00eas anos. At\u00e9 que durou isso porque, depois da pandemia, n\u00e3o tem mais teto&#8221;, destacou Haddad em entrevista ao programa Est\u00fadio i, da GloboNews.<\/p>\n\n\n\n<p>O<strong> futuro ministro da Fazenda<\/strong> ressaltou que &#8220;h\u00e1 maneiras mais inteligentes&#8221; de se promover uma pol\u00edtica de <strong>responsabilidade fiscal<\/strong>, mas n\u00e3o detalhou qual ser\u00e1 a sua proposta.<\/p>\n\n\n\n<blockquote class=\"wp-block-quote is-layout-flow wp-block-quote-is-layout-flow\">\n<p>Isso significa rompimento com a <strong>responsabilidade fiscal<\/strong>? De maneira nenhuma! Significa mostrar para o pa\u00eds que \u00e9 poss\u00edvel um desenho mais confi\u00e1vel de longo prazo.<\/p>\n<\/blockquote>\n\n\n\t<p>\n\t\t<a href=\"https:\/\/lp.suno.com.br\/planilha-controle-gastos\/\" target=\"_blank\" data-element=\"shortcode-suno-banner\" title=\"Banner SUNO, clique e saiba mais\">\n\t\t\t<picture>\n\t\t\t\t<source media=\"(max-width: 500px)\" srcset=\"https:\/\/files.sunoresearch.com.br\/n\/uploads\/2023\/03\/400x300-Planilha-controle-de-gastos.png\">\n\t\t\t\t<img class=\"newsContent__article__imgCapa newsContent__article__imgCapa--banner\"\n\t\t\t\t\tsrc=\"https:\/\/files.sunoresearch.com.br\/n\/uploads\/2023\/03\/1420x240-Planilha-controle-de-gastos.png\"\n\t\t\t\t\tdata-promo-id=\"101751\"\t\t\t\t\t\t\t\t\t\twidth='1420' height='240'\t\t\t\t\talt=\"https:\/\/files.sunoresearch.com.br\/n\/uploads\/2023\/03\/1420x240-Planilha-controle-de-gastos.png\"\n\t\t\t\t>\n\t\t\t<\/picture>\n\t\t<\/a>\n\t<\/p>\n\n\n\n\n\n<h2 class=\"wp-block-heading\" id=\"h-haddad-aprendemos-com-os-erros\">Haddad: aprendemos com os erros<\/h2>\n\n\n\n<p>Ao longo da entrevista, o futuro ministro da Fazenda disse que o balan\u00e7o dos <strong>governos anteriores de Lula<\/strong> \u00e9 &#8220;altamente favor\u00e1vel&#8221;.<\/p>\n\n\n\n<blockquote class=\"wp-block-quote is-layout-flow wp-block-quote-is-layout-flow\">\n<p>N\u00f3s aprendemos tamb\u00e9m com os erros, n\u00e3o vamos repetir nenhum, e vamos encaixar as medidas que precisam ser feitas para darem sustentabilidade.<\/p>\n<\/blockquote>\n\n\n\n<p>&#8220;Se a gente trouxer a <a class=\"suno-keyword\" data-force=\"no\" data-priority=\"2\" href=\"https:\/\/www.suno.com.br\/artigos\/juros\/\" target=\"_blank\" rel=\"noopener\">taxa de juros<\/a> para um d\u00edgito, e isso depende da Fazenda e do Banco Central se aliarem, n\u00e3o tenho d\u00favidas que n\u00f3s vamos zarpar!&#8221;, destacou.<\/p>\n\n\n\n<p>Haddad tamb\u00e9m foi questionado sobre uma das promessas de <strong>Lula<\/strong> na campanha, se os mais pobres ter\u00e3o dinheiro para comprarem cerveja e picanha. <\/p>\n\n\n\t<p>\n\t\t<a href=\"https:\/\/lp.suno.com.br\/planilha-da-vida-financeira\/\" target=\"_blank\" data-element=\"shortcode-suno-banner\" title=\"Banner SUNO, clique e saiba mais\">\n\t\t\t<picture>\n\t\t\t\t<source media=\"(max-width: 500px)\" srcset=\"https:\/\/files.sunoresearch.com.br\/n\/uploads\/2023\/04\/400x300-Planilha-vida-financeira-true.png\">\n\t\t\t\t<img class=\"newsContent__article__imgCapa newsContent__article__imgCapa--banner\"\n\t\t\t\t\tsrc=\"https:\/\/files.sunoresearch.com.br\/n\/uploads\/2023\/04\/1420x240-Planilha-vida-financeira-true.png\"\n\t\t\t\t\tdata-promo-id=\"106682\"\t\t\t\t\t\t\t\t\t\twidth='1420' height='240'\t\t\t\t\talt=\"https:\/\/files.sunoresearch.com.br\/n\/uploads\/2023\/04\/1420x240-Planilha-vida-financeira-true.png\"\n\t\t\t\t>\n\t\t\t<\/picture>\n\t\t<\/a>\n\t<\/p>\n\n\n\n\n\n<p>O futuro ministro disse que conversou com o presidente do Banco Central, Roberto Campos Neto, e respondeu que caso exista uma combina\u00e7\u00e3o entre a <a class=\"suno-keyword\" target=\"_blank\" data-force=\"no\" data-priority=\"1\" href=\"https:\/\/www.suno.com.br\/artigos\/politica-fiscal\/\" rel=\"noopener\">pol\u00edtica fiscal<\/a> e monet\u00e1ria, o governo pode fazer com que o Pa\u00eds cres\u00e7a.<\/p>\n\n\n\n<p>&#8220;N\u00e3o tem essa dicotomia, todo mundo sabe que essa \u00e9 uma combina\u00e7\u00e3o que pode levar ao crescimento. As bases para isso, n\u00f3s estamos construindo, vamos anunciar medidas no come\u00e7o do ano. Tem muito ralo por onde o dinheiro est\u00e1 saindo e n\u00f3s vamos fechar logo cedo&#8221;, prometeu <strong>Haddad<\/strong>.<\/p>\n\n\n\n<p>Confira alguns trechos da entrevista:<\/p>\n\n\n\n<figure class=\"wp-block-embed is-type-rich is-provider-twitter wp-block-embed-twitter\"><div class=\"wp-block-embed__wrapper\">\n<blockquote class=\"twitter-tweet\" data-width=\"550\" data-dnt=\"true\"><p lang=\"pt\" dir=\"ltr\">\u201cComo Bolsonaro n\u00e3o era dado a governar, [&#8230;] Paulo [Guedes] tocava o governo do jeito que ele imaginava\u201d, disse o futuro ministro da Fazenda, Fernando Haddad, em entrevista exclusiva ao <a href=\"https:\/\/twitter.com\/hashtag\/Est%C3%BAdioi?src=hash&amp;ref_src=twsrc%5Etfw\">#Est\u00fadioi<\/a>.<br><br>\u27a1 Assista ao <a href=\"https:\/\/twitter.com\/estudioi?ref_src=twsrc%5Etfw\">@estudioi<\/a> com <a href=\"https:\/\/twitter.com\/AndreiaSadi?ref_src=twsrc%5Etfw\">@AndreiaSadi<\/a>: <a href=\"https:\/\/t.co\/bFwcwLHmLH\">https:\/\/t.co\/bFwcwLHmLH<\/a> <a href=\"https:\/\/twitter.com\/hashtag\/GloboNews?src=hash&amp;ref_src=twsrc%5Etfw\">#GloboNews<\/a> <a href=\"https:\/\/t.co\/yVCBTpmIJH\">pic.twitter.com\/yVCBTpmIJH<\/a><\/p>&mdash; GloboNews (@GloboNews) <a href=\"https:\/\/twitter.com\/GloboNews\/status\/1603073715280916480?ref_src=twsrc%5Etfw\">December 14, 2022<\/a><\/blockquote>\n<\/div><\/figure>\n\n\n\n<figure class=\"wp-block-embed is-type-rich is-provider-twitter wp-block-embed-twitter\"><div class=\"wp-block-embed__wrapper\">\n<blockquote class=\"twitter-tweet\" data-width=\"550\" data-dnt=\"true\"><p lang=\"pt\" dir=\"ltr\"><a href=\"https:\/\/twitter.com\/hashtag\/Est%C3%BAdioi?src=hash&amp;ref_src=twsrc%5Etfw\">#Est\u00fadioi<\/a><br><br>Haddad sobre montagem do Minist\u00e9rio de Economia: &quot;Eu gosto de trabalhar com gente que entende do riscado. Gente que tem experi\u00eancia&quot;.<br><br>\u27a1 Assista ao <a href=\"https:\/\/twitter.com\/estudioi?ref_src=twsrc%5Etfw\">@estudioi<\/a> com <a href=\"https:\/\/twitter.com\/AndreiaSadi?ref_src=twsrc%5Etfw\">@AndreiaSadi<\/a>: <a href=\"https:\/\/t.co\/bFwcwLHmLH\">https:\/\/t.co\/bFwcwLHmLH<\/a> <a href=\"https:\/\/twitter.com\/hashtag\/GloboNews?src=hash&amp;ref_src=twsrc%5Etfw\">#GloboNews<\/a> <a href=\"https:\/\/t.co\/7oR9cAOGci\">pic.twitter.com\/7oR9cAOGci<\/a><\/p>&mdash; GloboNews (@GloboNews) <a href=\"https:\/\/twitter.com\/GloboNews\/status\/1603077314278875136?ref_src=twsrc%5Etfw\">December 14, 2022<\/a><\/blockquote>\n<\/div><\/figure>\n\n\n\n<figure class=\"wp-block-embed is-type-rich is-provider-twitter wp-block-embed-twitter\"><div class=\"wp-block-embed__wrapper\">\n<blockquote class=\"twitter-tweet\" data-width=\"550\" data-dnt=\"true\"><p lang=\"pt\" dir=\"ltr\"><a href=\"https:\/\/twitter.com\/hashtag\/Est%C3%BAdioi?src=hash&amp;ref_src=twsrc%5Etfw\">#Est\u00fadioi<\/a><br><br>\u201cUma figura como P\u00e9rsio Arida, como Andr\u00e9 Lara Resende, se me derem a honra, podem compor um conselho do Minist\u00e9rio da Fazenda\u201d, diz Haddad. \u201cVou fazer uma esp\u00e9cie de conselho\u201d.  <br><br>\u27a1 Assista ao <a href=\"https:\/\/twitter.com\/estudioi?ref_src=twsrc%5Etfw\">@estudioi<\/a> com <a href=\"https:\/\/twitter.com\/AndreiaSadi?ref_src=twsrc%5Etfw\">@AndreiaSadi<\/a>: <a href=\"https:\/\/t.co\/bFwcwLqjJH\">https:\/\/t.co\/bFwcwLqjJH<\/a> <a href=\"https:\/\/twitter.com\/hashtag\/GloboNews?src=hash&amp;ref_src=twsrc%5Etfw\">#GloboNews<\/a> <a href=\"https:\/\/t.co\/ZBfpynZRA1\">pic.twitter.com\/ZBfpynZRA1<\/a><\/p>&mdash; GloboNews (@GloboNews) <a href=\"https:\/\/twitter.com\/GloboNews\/status\/1603079275787464705?ref_src=twsrc%5Etfw\">December 14, 2022<\/a><\/blockquote>\n<\/div><\/figure>\n\n\n\n<figure class=\"wp-block-embed is-type-rich is-provider-twitter wp-block-embed-twitter\"><div class=\"wp-block-embed__wrapper\">\n<blockquote class=\"twitter-tweet\" data-width=\"550\" data-dnt=\"true\"><p lang=\"pt\" dir=\"ltr\"><a href=\"https:\/\/twitter.com\/hashtag\/Est%C3%BAdioi?src=hash&amp;ref_src=twsrc%5Etfw\">#Est\u00fadioi<\/a>  Haddad: O balan\u00e7o do per\u00edodo do governo Lula \u00e9 altamente favor\u00e1vel. Aprendemos com os erros e n\u00e3o vamos repetir nenhum <br><br> \u27a1 Assista ao <a href=\"https:\/\/twitter.com\/estudioi?ref_src=twsrc%5Etfw\">@estudioi<\/a> com <a href=\"https:\/\/twitter.com\/AndreiaSadi?ref_src=twsrc%5Etfw\">@AndreiaSadi<\/a>: <a href=\"https:\/\/t.co\/bFwcwLHmLH\">https:\/\/t.co\/bFwcwLHmLH<\/a> <a href=\"https:\/\/twitter.com\/hashtag\/GloboNews?src=hash&amp;ref_src=twsrc%5Etfw\">#GloboNews<\/a> <a href=\"https:\/\/t.co\/8SqAb8VMi7\">pic.twitter.com\/8SqAb8VMi7<\/a><\/p>&mdash; GloboNews (@GloboNews) <a href=\"https:\/\/twitter.com\/GloboNews\/status\/1603081603898494977?ref_src=twsrc%5Etfw\">December 14, 2022<\/a><\/blockquote>\n<\/div><\/figure>\n\n\n\n<figure class=\"wp-block-embed is-type-rich is-provider-twitter wp-block-embed-twitter\"><div class=\"wp-block-embed__wrapper\">\n<blockquote class=\"twitter-tweet\" data-width=\"550\" data-dnt=\"true\"><p lang=\"pt\" dir=\"ltr\"><a href=\"https:\/\/twitter.com\/hashtag\/Est%C3%BAdioi?src=hash&amp;ref_src=twsrc%5Etfw\">#Est\u00fadioi<\/a><br><br>\u201cO mais pobre vai ter renda? Vai ter picanha?\u201d, pergunta <a href=\"https:\/\/twitter.com\/octavio_guedes?ref_src=twsrc%5Etfw\">@octavio_guedes<\/a>. Haddad responde: \u201cSe a gente combinar pol\u00edtica fiscal e monet\u00e1ria, n\u00f3s podemos fazer esse pa\u00eds crescer\u201d.   <br><br>\u27a1 Assista ao <a href=\"https:\/\/twitter.com\/estudioi?ref_src=twsrc%5Etfw\">@estudioi<\/a> com <a href=\"https:\/\/twitter.com\/AndreiaSadi?ref_src=twsrc%5Etfw\">@AndreiaSadi<\/a>: <a href=\"https:\/\/t.co\/bFwcwLHmLH\">https:\/\/t.co\/bFwcwLHmLH<\/a> <a href=\"https:\/\/twitter.com\/hashtag\/GloboNews?src=hash&amp;ref_src=twsrc%5Etfw\">#GloboNews<\/a> <a href=\"https:\/\/t.co\/XlVRHce3Ic\">pic.twitter.com\/XlVRHce3Ic<\/a><\/p>&mdash; GloboNews (@GloboNews) <a href=\"https:\/\/twitter.com\/GloboNews\/status\/1603083723968159744?ref_src=twsrc%5Etfw\">December 14, 2022<\/a><\/blockquote>\n<\/div><\/figure>\n\n\n\n<h2 class=\"wp-block-heading\" id=\"h-lula-conhece-minhas-opinioes-economicas-ha-muito-tempo-diz-haddad\">&#8216;Lula conhece minhas opini\u00f5es econ\u00f4micas h\u00e1 muito tempo&#8217;, diz Haddad<\/h2>\n\n\n\n<p>O futuro ministro da Fazenda, Fernando Haddad, disse ainda \u00e0 <em>Globo News<\/em> que a recria\u00e7\u00e3o dos <strong>minist\u00e9rios do Planejamento e de Desenvolvimento<\/strong> pode levar a diverg\u00eancias entre os ministros das tr\u00eas pastas, mas que &#8220;n\u00e3o v\u00ea isso no horizonte&#8221;.<\/p>\n\n\n\n<p>&#8220;\u00c9 muito normal em um governo aparecerem pontos de vista diferentes; quando ministros t\u00eam ponto de vista diferentes, presidente arbitra. Como Bolsonaro n\u00e3o era dado a governar, Paulo Guedes ministro da Economia do governo Bolsonaro tocava o governo como imaginava&#8221;, disse Haddad. &#8220;O presidente Lula conhece minhas opini\u00f5es econ\u00f4micas h\u00e1 muito tempo, sabe como penso. Quando eu era ministro da Educa\u00e7\u00e3o, era chamado para opinar sobre a economia&#8221;, continuou.<\/p>\n\n\n\n<h2 class=\"wp-block-heading\" id=\"h-transparencia-nas-estatais\">Transpar\u00eancia nas estatais<\/h2>\n\n\n\n<p>Haddad tamb\u00e9m disse que a governan\u00e7a de empresas estatais &#8220;ganhou robustez ap\u00f3s o que ocorreu com diretores de carreira da Petrobras&#8221;. &#8220;Os diretores de carreira da Petrobras punidos se enquadrariam em <strong>Lei das Estatais<\/strong>. \u00c9 preciso (nas estatais) controladoria forte, compliance forte&#8221;, afirmou. Na avalia\u00e7\u00e3o do ex-prefeito de S\u00e3o Paulo, hoje h\u00e1 &#8220;robustez na transpar\u00eancia&#8221; das empresas do Estado que n\u00e3o havia no passado.<\/p>\n\n\n\n<p><strong>Haddad<\/strong> considera que a Controladoria Geral da Uni\u00e3o (CGU) perdeu import\u00e2ncia no atual governo, o que levou a corrup\u00e7\u00e3o a se &#8220;instalar&#8221; em minist\u00e9rios como Educa\u00e7\u00e3o e Sa\u00fade. &#8220;Se voc\u00ea tiver \u00f3rg\u00e3o de controle com autonomia, vai atuar para coibir desvio \u00e9tico nas estatais ou minist\u00e9rios. &#8220;N\u00e3o acredito em combate eficaz \u00e0 corrup\u00e7\u00e3o sem fortalecimento da CGU, que passou por desmantelamento&#8221;, disse. De acordo com o futuro ministro, o nome cogitado para assumir a CGU \u00e9 &#8220;algu\u00e9m que sei que vai fazer muito bem para governo&#8221;.<\/p>\n\n\n\n<p><em>Com informa\u00e7\u00f5es do Estad\u00e3o Conte\u00fado<\/em><\/p>\n\n\n\t<p>\n\t\t<a href=\"https:\/\/lp.suno.com.br\/ebook-como-analisar-uma-acao\/\" target=\"_blank\" data-element=\"shortcode-suno-banner\" title=\"Banner SUNO, clique e saiba mais\">\n\t\t\t<picture>\n\t\t\t\t<source media=\"(max-width: 500px)\" srcset=\"https:\/\/files.sunoresearch.com.br\/n\/uploads\/2023\/03\/Ebook-Acoes-Mobile-1.jpg\">\n\t\t\t\t<img class=\"newsContent__article__imgCapa newsContent__article__imgCapa--banner\"\n\t\t\t\t\tsrc=\"https:\/\/files.sunoresearch.com.br\/n\/uploads\/2023\/03\/Ebook-Acoes-Desktop-1.jpg\"\n\t\t\t\t\tdata-promo-id=\"171998\"\t\t\t\t\t\t\t\t\t\twidth='1420' height='286'\t\t\t\t\talt=\"https:\/\/files.sunoresearch.com.br\/n\/uploads\/2023\/03\/Ebook-Acoes-Desktop-1.jpg\"\n\t\t\t\t>\n\t\t\t<\/picture>\n\t\t<\/a>\n\t<\/p>\n\n\n","protected":false},"excerpt":{"rendered":"<p>Futuro ministro da Fazenda do governo Lula, Fernando Haddad afirmou que pretende enviar a nova proposta de \u00e2ncora fiscal do Pa\u00eds para o Congresso logo no in\u00edcio do governo. Nesta quarta (14), o petista disse que o teto de gastos era uma &#8220;sa\u00edda prec\u00e1ria&#8221; para a situa\u00e7\u00e3o fiscal do pa\u00eds e que todos os especialistas [&hellip;]<\/p>\n","protected":false},"author":232,"featured_media":334260,"comment_status":"closed","ping_status":"closed","sticky":false,"template":"","format":"standard","meta":[],"categories":[62],"tags":[716,709],"suno_strategy":[],"class_list":["post-334259","post","type-post","status-publish","format-standard","has-post-thumbnail","hentry","category-economia","tag-fernando-haddad","tag-lula"],"yoast_head":"<!-- This site is optimized with the Yoast SEO plugin v24.4 - https:\/\/yoast.com\/wordpress\/plugins\/seo\/ -->\n<title>Haddad diz que teto de gastos era uma sa\u00edda prec\u00e1ria<\/title>\n<meta name=\"description\" content=\"Fernando Haddad, futuro ministro da Fazenda do governo Lula, criticou o teto de gastos e comentou sobre a nova \u00e2ncora fiscal. Confira!\" \/>\n<meta name=\"robots\" content=\"index, follow, max-snippet:-1, max-image-preview:large, max-video-preview:-1\" \/>\n<link rel=\"canonical\" href=\"https:\/\/www.suno.com.br\/noticias\/haddad-teto-gastos-saida-precaria\/\" \/>\n<meta property=\"og:locale\" content=\"pt_BR\" \/>\n<meta property=\"og:type\" content=\"article\" \/>\n<meta property=\"og:title\" content=\"Haddad diz que teto de gastos era uma sa\u00edda prec\u00e1ria\" \/>\n<meta property=\"og:description\" content=\"Fernando Haddad, futuro ministro da Fazenda do governo Lula, criticou o teto de gastos e comentou sobre a nova \u00e2ncora fiscal. Confira!\" \/>\n<meta property=\"og:url\" content=\"https:\/\/www.suno.com.br\/noticias\/haddad-teto-gastos-saida-precaria\/\" \/>\n<meta property=\"og:site_name\" content=\"Suno Not\u00edcias\" \/>\n<meta property=\"article:publisher\" content=\"https:\/\/facebook.com\/sunoresearch\" \/>\n<meta property=\"og:image\" content=\"https:\/\/files.sunoresearch.com.br\/n\/uploads\/2022\/12\/fernando-haddad-ministro-fazenda-estudio-i-foto-globonews.jpg\" \/>\n\t<meta property=\"og:image:width\" content=\"1200\" \/>\n\t<meta property=\"og:image:height\" content=\"675\" \/>\n\t<meta property=\"og:image:type\" content=\"image\/jpeg\" \/>\n<meta name=\"author\" content=\"Erick Matheus Nery\" \/>\n<meta name=\"twitter:card\" content=\"summary_large_image\" \/>\n<meta name=\"twitter:creator\" content=\"@sunoresearch\" \/>\n<meta name=\"twitter:site\" content=\"@sunoresearch\" \/>\n<meta name=\"twitter:label1\" content=\"Escrito por\" \/>\n\t<meta name=\"twitter:data1\" content=\"Erick Matheus Nery\" \/>\n\t<meta name=\"twitter:label2\" content=\"Est. tempo de leitura\" \/>\n\t<meta name=\"twitter:data2\" content=\"4 minutos\" \/>\n<script type=\"application\/ld+json\" class=\"yoast-schema-graph\">{\"@context\":\"https:\/\/schema.org\",\"@graph\":[{\"@type\":\"NewsArticle\",\"@id\":\"https:\/\/www.suno.com.br\/noticias\/haddad-teto-gastos-saida-precaria\/#article\",\"isPartOf\":{\"@id\":\"https:\/\/www.suno.com.br\/noticias\/haddad-teto-gastos-saida-precaria\/\"},\"author\":{\"name\":\"Erick Matheus Nery\",\"@id\":\"https:\/\/www.suno.com.br\/noticias\/#\/schema\/person\/6899bc3f19d1a7315f807131c2c013a0\"},\"headline\":\"Todo mundo sabia que o teto de gastos era uma sa\u00edda prec\u00e1ria, diz Haddad\",\"datePublished\":\"2022-12-14T18:17:25+00:00\",\"dateModified\":\"2022-12-14T19:13:01+00:00\",\"mainEntityOfPage\":{\"@id\":\"https:\/\/www.suno.com.br\/noticias\/haddad-teto-gastos-saida-precaria\/\"},\"wordCount\":752,\"publisher\":{\"@id\":\"https:\/\/www.suno.com.br\/noticias\/#organization\"},\"image\":{\"@id\":\"https:\/\/www.suno.com.br\/noticias\/haddad-teto-gastos-saida-precaria\/#primaryimage\"},\"thumbnailUrl\":\"https:\/\/files.sunoresearch.com.br\/n\/uploads\/2022\/12\/fernando-haddad-ministro-fazenda-estudio-i-foto-globonews.jpg\",\"keywords\":[\"Fernando Haddad\",\"Lula\"],\"articleSection\":[\"Economia\"],\"inLanguage\":\"pt-BR\"},{\"@type\":\"WebPage\",\"@id\":\"https:\/\/www.suno.com.br\/noticias\/haddad-teto-gastos-saida-precaria\/\",\"url\":\"https:\/\/www.suno.com.br\/noticias\/haddad-teto-gastos-saida-precaria\/\",\"name\":\"Haddad diz que teto de gastos era uma sa\u00edda prec\u00e1ria\",\"isPartOf\":{\"@id\":\"https:\/\/www.suno.com.br\/noticias\/#website\"},\"primaryImageOfPage\":{\"@id\":\"https:\/\/www.suno.com.br\/noticias\/haddad-teto-gastos-saida-precaria\/#primaryimage\"},\"image\":{\"@id\":\"https:\/\/www.suno.com.br\/noticias\/haddad-teto-gastos-saida-precaria\/#primaryimage\"},\"thumbnailUrl\":\"https:\/\/files.sunoresearch.com.br\/n\/uploads\/2022\/12\/fernando-haddad-ministro-fazenda-estudio-i-foto-globonews.jpg\",\"datePublished\":\"2022-12-14T18:17:25+00:00\",\"dateModified\":\"2022-12-14T19:13:01+00:00\",\"description\":\"Fernando Haddad, futuro ministro da Fazenda do governo Lula, criticou o teto de gastos e comentou sobre a nova \u00e2ncora fiscal. Confira!\",\"breadcrumb\":{\"@id\":\"https:\/\/www.suno.com.br\/noticias\/haddad-teto-gastos-saida-precaria\/#breadcrumb\"},\"inLanguage\":\"pt-BR\",\"potentialAction\":[{\"@type\":\"ReadAction\",\"target\":[\"https:\/\/www.suno.com.br\/noticias\/haddad-teto-gastos-saida-precaria\/\"]}]},{\"@type\":\"ImageObject\",\"inLanguage\":\"pt-BR\",\"@id\":\"https:\/\/www.suno.com.br\/noticias\/haddad-teto-gastos-saida-precaria\/#primaryimage\",\"url\":\"https:\/\/files.sunoresearch.com.br\/n\/uploads\/2022\/12\/fernando-haddad-ministro-fazenda-estudio-i-foto-globonews.jpg\",\"contentUrl\":\"https:\/\/files.sunoresearch.com.br\/n\/uploads\/2022\/12\/fernando-haddad-ministro-fazenda-estudio-i-foto-globonews.jpg\",\"width\":1200,\"height\":675,\"caption\":\"Fernando Haddad, ministro da Fazenda do governo Lula. Foto: GloboNews\"},{\"@type\":\"BreadcrumbList\",\"@id\":\"https:\/\/www.suno.com.br\/noticias\/haddad-teto-gastos-saida-precaria\/#breadcrumb\",\"itemListElement\":[{\"@type\":\"ListItem\",\"position\":1,\"name\":\"Not\u00edcias\",\"item\":\"https:\/\/www.suno.com.br\/noticias\/\"},{\"@type\":\"ListItem\",\"position\":2,\"name\":\"Economia\",\"item\":\"https:\/\/www.suno.com.br\/noticias\/economia\/\"},{\"@type\":\"ListItem\",\"position\":3,\"name\":\"Todo mundo sabia que o teto de gastos era uma sa\u00edda prec\u00e1ria, diz Haddad\"}]},{\"@type\":\"WebSite\",\"@id\":\"https:\/\/www.suno.com.br\/noticias\/#website\",\"url\":\"https:\/\/www.suno.com.br\/noticias\/\",\"name\":\"Suno Not\u00edcias\",\"description\":\"Seu portal de informa\u00e7\u00e3o sobre o mundo dos investimentos\",\"publisher\":{\"@id\":\"https:\/\/www.suno.com.br\/noticias\/#organization\"},\"potentialAction\":[{\"@type\":\"SearchAction\",\"target\":{\"@type\":\"EntryPoint\",\"urlTemplate\":\"https:\/\/www.suno.com.br\/noticias\/?s={search_term_string}\"},\"query-input\":{\"@type\":\"PropertyValueSpecification\",\"valueRequired\":true,\"valueName\":\"search_term_string\"}}],\"inLanguage\":\"pt-BR\"},{\"@type\":\"Organization\",\"@id\":\"https:\/\/www.suno.com.br\/noticias\/#organization\",\"name\":\"Suno Not\u00edcias\",\"url\":\"https:\/\/www.suno.com.br\/noticias\/\",\"logo\":{\"@type\":\"ImageObject\",\"inLanguage\":\"pt-BR\",\"@id\":\"https:\/\/www.suno.com.br\/noticias\/#\/schema\/logo\/image\/\",\"url\":\"https:\/\/files.sunoresearch.com.br\/n\/uploads\/2021\/09\/suno-logo.png\",\"contentUrl\":\"https:\/\/files.sunoresearch.com.br\/n\/uploads\/2021\/09\/suno-logo.png\",\"width\":180,\"height\":180,\"caption\":\"Suno Not\u00edcias\"},\"image\":{\"@id\":\"https:\/\/www.suno.com.br\/noticias\/#\/schema\/logo\/image\/\"},\"sameAs\":[\"https:\/\/facebook.com\/sunoresearch\",\"https:\/\/x.com\/sunoresearch\",\"https:\/\/www.instagram.com\/suno\",\"https:\/\/www.linkedin.com\/company\/suno-research\/\",\"https:\/\/www.youtube.com\/c\/sunoresearch\"]},{\"@type\":\"Person\",\"@id\":\"https:\/\/www.suno.com.br\/noticias\/#\/schema\/person\/6899bc3f19d1a7315f807131c2c013a0\",\"name\":\"Erick Matheus Nery\",\"image\":{\"@type\":\"ImageObject\",\"inLanguage\":\"pt-BR\",\"@id\":\"https:\/\/www.suno.com.br\/noticias\/#\/schema\/person\/image\/\",\"url\":\"https:\/\/secure.gravatar.com\/avatar\/518ddffe438ccb767782d372a66304d2?s=96&r=g\",\"contentUrl\":\"https:\/\/secure.gravatar.com\/avatar\/518ddffe438ccb767782d372a66304d2?s=96&r=g\",\"caption\":\"Erick Matheus Nery\"},\"description\":\"Formado em Jornalismo pela Universidade Federal do Par\u00e1 (UFPA), conta com extens\u00e3o em Jornalismo Econ\u00f4mico pela Funda\u00e7\u00e3o Get\u00falio Vargas (FGV). No Suno Not\u00edcias, atua como rep\u00f3rter de Mercado, com foco nos setores de telecomunica\u00e7\u00f5es, varejo, alimentos e renda fixa. Conta com passagens pelo jornal O Estado de S\u00e3o Paulo, como trainee de Jornalismo Econ\u00f4mico, e pelo site Not\u00edcias da TV.\",\"url\":\"https:\/\/www.suno.com.br\/noticias\/author\/erick-nery\/\"}]}<\/script>\n<!-- \/ Yoast SEO plugin. -->","yoast_head_json":{"title":"Haddad diz que teto de gastos era uma sa\u00edda prec\u00e1ria","description":"Fernando Haddad, futuro ministro da Fazenda do governo Lula, criticou o teto de gastos e comentou sobre a nova \u00e2ncora fiscal. Confira!","robots":{"index":"index","follow":"follow","max-snippet":"max-snippet:-1","max-image-preview":"max-image-preview:large","max-video-preview":"max-video-preview:-1"},"canonical":"https:\/\/www.suno.com.br\/noticias\/haddad-teto-gastos-saida-precaria\/","og_locale":"pt_BR","og_type":"article","og_title":"Haddad diz que teto de gastos era uma sa\u00edda prec\u00e1ria","og_description":"Fernando Haddad, futuro ministro da Fazenda do governo Lula, criticou o teto de gastos e comentou sobre a nova \u00e2ncora fiscal. Confira!","og_url":"https:\/\/www.suno.com.br\/noticias\/haddad-teto-gastos-saida-precaria\/","og_site_name":"Suno Not\u00edcias","article_publisher":"https:\/\/facebook.com\/sunoresearch","og_image":[{"width":1200,"height":675,"url":"https:\/\/files.sunoresearch.com.br\/n\/uploads\/2022\/12\/fernando-haddad-ministro-fazenda-estudio-i-foto-globonews.jpg","type":"image\/jpeg"}],"author":"Erick Matheus Nery","twitter_card":"summary_large_image","twitter_creator":"@sunoresearch","twitter_site":"@sunoresearch","twitter_misc":{"Escrito por":"Erick Matheus Nery","Est. tempo de leitura":"4 minutos"},"schema":{"@context":"https:\/\/schema.org","@graph":[{"@type":"NewsArticle","@id":"https:\/\/www.suno.com.br\/noticias\/haddad-teto-gastos-saida-precaria\/#article","isPartOf":{"@id":"https:\/\/www.suno.com.br\/noticias\/haddad-teto-gastos-saida-precaria\/"},"author":{"name":"Erick Matheus Nery","@id":"https:\/\/www.suno.com.br\/noticias\/#\/schema\/person\/6899bc3f19d1a7315f807131c2c013a0"},"headline":"Todo mundo sabia que o teto de gastos era uma sa\u00edda prec\u00e1ria, diz Haddad","datePublished":"2022-12-14T18:17:25+00:00","dateModified":"2022-12-14T19:13:01+00:00","mainEntityOfPage":{"@id":"https:\/\/www.suno.com.br\/noticias\/haddad-teto-gastos-saida-precaria\/"},"wordCount":752,"publisher":{"@id":"https:\/\/www.suno.com.br\/noticias\/#organization"},"image":{"@id":"https:\/\/www.suno.com.br\/noticias\/haddad-teto-gastos-saida-precaria\/#primaryimage"},"thumbnailUrl":"https:\/\/files.sunoresearch.com.br\/n\/uploads\/2022\/12\/fernando-haddad-ministro-fazenda-estudio-i-foto-globonews.jpg","keywords":["Fernando Haddad","Lula"],"articleSection":["Economia"],"inLanguage":"pt-BR"},{"@type":"WebPage","@id":"https:\/\/www.suno.com.br\/noticias\/haddad-teto-gastos-saida-precaria\/","url":"https:\/\/www.suno.com.br\/noticias\/haddad-teto-gastos-saida-precaria\/","name":"Haddad diz que teto de gastos era uma sa\u00edda prec\u00e1ria","isPartOf":{"@id":"https:\/\/www.suno.com.br\/noticias\/#website"},"primaryImageOfPage":{"@id":"https:\/\/www.suno.com.br\/noticias\/haddad-teto-gastos-saida-precaria\/#primaryimage"},"image":{"@id":"https:\/\/www.suno.com.br\/noticias\/haddad-teto-gastos-saida-precaria\/#primaryimage"},"thumbnailUrl":"https:\/\/files.sunoresearch.com.br\/n\/uploads\/2022\/12\/fernando-haddad-ministro-fazenda-estudio-i-foto-globonews.jpg","datePublished":"2022-12-14T18:17:25+00:00","dateModified":"2022-12-14T19:13:01+00:00","description":"Fernando Haddad, futuro ministro da Fazenda do governo Lula, criticou o teto de gastos e comentou sobre a nova \u00e2ncora fiscal. Confira!","breadcrumb":{"@id":"https:\/\/www.suno.com.br\/noticias\/haddad-teto-gastos-saida-precaria\/#breadcrumb"},"inLanguage":"pt-BR","potentialAction":[{"@type":"ReadAction","target":["https:\/\/www.suno.com.br\/noticias\/haddad-teto-gastos-saida-precaria\/"]}]},{"@type":"ImageObject","inLanguage":"pt-BR","@id":"https:\/\/www.suno.com.br\/noticias\/haddad-teto-gastos-saida-precaria\/#primaryimage","url":"https:\/\/files.sunoresearch.com.br\/n\/uploads\/2022\/12\/fernando-haddad-ministro-fazenda-estudio-i-foto-globonews.jpg","contentUrl":"https:\/\/files.sunoresearch.com.br\/n\/uploads\/2022\/12\/fernando-haddad-ministro-fazenda-estudio-i-foto-globonews.jpg","width":1200,"height":675,"caption":"Fernando Haddad, ministro da Fazenda do governo Lula. Foto: GloboNews"},{"@type":"BreadcrumbList","@id":"https:\/\/www.suno.com.br\/noticias\/haddad-teto-gastos-saida-precaria\/#breadcrumb","itemListElement":[{"@type":"ListItem","position":1,"name":"Not\u00edcias","item":"https:\/\/www.suno.com.br\/noticias\/"},{"@type":"ListItem","position":2,"name":"Economia","item":"https:\/\/www.suno.com.br\/noticias\/economia\/"},{"@type":"ListItem","position":3,"name":"Todo mundo sabia que o teto de gastos era uma sa\u00edda prec\u00e1ria, diz Haddad"}]},{"@type":"WebSite","@id":"https:\/\/www.suno.com.br\/noticias\/#website","url":"https:\/\/www.suno.com.br\/noticias\/","name":"Suno Not\u00edcias","description":"Seu portal de informa\u00e7\u00e3o sobre o mundo dos investimentos","publisher":{"@id":"https:\/\/www.suno.com.br\/noticias\/#organization"},"potentialAction":[{"@type":"SearchAction","target":{"@type":"EntryPoint","urlTemplate":"https:\/\/www.suno.com.br\/noticias\/?s={search_term_string}"},"query-input":{"@type":"PropertyValueSpecification","valueRequired":true,"valueName":"search_term_string"}}],"inLanguage":"pt-BR"},{"@type":"Organization","@id":"https:\/\/www.suno.com.br\/noticias\/#organization","name":"Suno Not\u00edcias","url":"https:\/\/www.suno.com.br\/noticias\/","logo":{"@type":"ImageObject","inLanguage":"pt-BR","@id":"https:\/\/www.suno.com.br\/noticias\/#\/schema\/logo\/image\/","url":"https:\/\/files.sunoresearch.com.br\/n\/uploads\/2021\/09\/suno-logo.png","contentUrl":"https:\/\/files.sunoresearch.com.br\/n\/uploads\/2021\/09\/suno-logo.png","width":180,"height":180,"caption":"Suno Not\u00edcias"},"image":{"@id":"https:\/\/www.suno.com.br\/noticias\/#\/schema\/logo\/image\/"},"sameAs":["https:\/\/facebook.com\/sunoresearch","https:\/\/x.com\/sunoresearch","https:\/\/www.instagram.com\/suno","https:\/\/www.linkedin.com\/company\/suno-research\/","https:\/\/www.youtube.com\/c\/sunoresearch"]},{"@type":"Person","@id":"https:\/\/www.suno.com.br\/noticias\/#\/schema\/person\/6899bc3f19d1a7315f807131c2c013a0","name":"Erick Matheus Nery","image":{"@type":"ImageObject","inLanguage":"pt-BR","@id":"https:\/\/www.suno.com.br\/noticias\/#\/schema\/person\/image\/","url":"https:\/\/secure.gravatar.com\/avatar\/518ddffe438ccb767782d372a66304d2?s=96&r=g","contentUrl":"https:\/\/secure.gravatar.com\/avatar\/518ddffe438ccb767782d372a66304d2?s=96&r=g","caption":"Erick Matheus Nery"},"description":"Formado em Jornalismo pela Universidade Federal do Par\u00e1 (UFPA), conta com extens\u00e3o em Jornalismo Econ\u00f4mico pela Funda\u00e7\u00e3o Get\u00falio Vargas (FGV). No Suno Not\u00edcias, atua como rep\u00f3rter de Mercado, com foco nos setores de telecomunica\u00e7\u00f5es, varejo, alimentos e renda fixa. Conta com passagens pelo jornal O Estado de S\u00e3o Paulo, como trainee de Jornalismo Econ\u00f4mico, e pelo site Not\u00edcias da TV.","url":"https:\/\/www.suno.com.br\/noticias\/author\/erick-nery\/"}]}},"default_loop_html":"<div class=\"cardsPage__listCard__boxs\"><div class=\"cardsPage__listCard__boxs__img\"><a href=\"https:\/\/www.suno.com.br\/noticias\/haddad-teto-gastos-saida-precaria\/\"><img class=\"mask\" src=\"https:\/\/www.suno.com.br\/noticias\/wp-content\/themes\/suno\/resources\/images\/spotlight\/spotlight1img\/bg-mask.png\" alt=\"Image Mask\"\/><img src=\"https:\/\/files.sunoresearch.com.br\/n\/uploads\/2022\/12\/fernando-haddad-ministro-fazenda-estudio-i-foto-globonews-400x200.jpg\" alt=\"Todo mundo sabia que o teto de gastos era uma sa\u00edda prec\u00e1ria, diz Haddad\"\/><\/a><span class=\"spotlightCategory\"><a href=\"https:\/\/www.suno.com.br\/noticias\/economia\/\">Economia<\/a><\/span><\/div><div class=\"cardsPage__listCard__boxs__content\"><a href=\"https:\/\/www.suno.com.br\/noticias\/haddad-teto-gastos-saida-precaria\/\"><h2 class=\"content__title\">Todo mundo sabia que o teto de gastos era uma sa\u00edda prec\u00e1ria, diz Haddad<\/h2><\/a><div class=\"newsContent__article__meta\"><div class=\"newsContent__article__meta__authorBox\"><a href=\"https:\/\/www.suno.com.br\/noticias\/author\/erick-nery\/\" class=\"authorBox__avatar noMobi\"><img src=\"https:\/\/secure.gravatar.com\/avatar\/518ddffe438ccb767782d372a66304d2?s=96&#038;r=g\" alt=\"Erick Matheus Nery\"><\/a><div class=\"authorBox__name\"><span>por\n\t\t\t<a href=\"https:\/\/www.suno.com.br\/noticias\/author\/erick-nery\/\"><span itemprop=\"author\">Erick Matheus Nery<\/span><\/a><\/span><time datetime=\"2022-12-14T15:17:25-03:00\" itemprop=\"datePublished\">14\/12\/2022 15:17<\/time><\/div><\/div><\/div><\/div><\/div>","single_layout":"posts","amp_enabled":true,"_links":{"self":[{"href":"https:\/\/www.suno.com.br\/noticias\/wp-json\/wp\/v2\/posts\/334259"}],"collection":[{"href":"https:\/\/www.suno.com.br\/noticias\/wp-json\/wp\/v2\/posts"}],"about":[{"href":"https:\/\/www.suno.com.br\/noticias\/wp-json\/wp\/v2\/types\/post"}],"author":[{"embeddable":true,"href":"https:\/\/www.suno.com.br\/noticias\/wp-json\/wp\/v2\/users\/232"}],"replies":[{"embeddable":true,"href":"https:\/\/www.suno.com.br\/noticias\/wp-json\/wp\/v2\/comments?post=334259"}],"version-history":[{"count":3,"href":"https:\/\/www.suno.com.br\/noticias\/wp-json\/wp\/v2\/posts\/334259\/revisions"}],"predecessor-version":[{"id":334465,"href":"https:\/\/www.suno.com.br\/noticias\/wp-json\/wp\/v2\/posts\/334259\/revisions\/334465"}],"wp:featuredmedia":[{"embeddable":true,"href":"https:\/\/www.suno.com.br\/noticias\/wp-json\/wp\/v2\/media\/334260"}],"wp:attachment":[{"href":"https:\/\/www.suno.com.br\/noticias\/wp-json\/wp\/v2\/media?parent=334259"}],"wp:term":[{"taxonomy":"category","embeddable":true,"href":"https:\/\/www.suno.com.br\/noticias\/wp-json\/wp\/v2\/categories?post=334259"},{"taxonomy":"post_tag","embeddable":true,"href":"https:\/\/www.suno.com.br\/noticias\/wp-json\/wp\/v2\/tags?post=334259"},{"taxonomy":"suno_strategy","embeddable":true,"href":"https:\/\/www.suno.com.br\/noticias\/wp-json\/wp\/v2\/suno_strategy?post=334259"}],"curies":[{"name":"wp","href":"https:\/\/api.w.org\/{rel}","templated":true}]}}