{"id":334105,"date":"2022-12-14T15:02:58","date_gmt":"2022-12-14T18:02:58","guid":{"rendered":"https:\/\/www.suno.com.br\/noticias\/?p=334105"},"modified":"2022-12-14T15:08:42","modified_gmt":"2022-12-14T18:08:42","slug":"cpts11-gestora-motivos-queda-rendimento","status":"publish","type":"post","link":"https:\/\/www.suno.com.br\/noticias\/cpts11-gestora-motivos-queda-rendimento\/","title":{"rendered":"CPTS11: rendimentos do fundo imobili\u00e1rio caem em dezembro. Gestora explica o que aconteceu"},"content":{"rendered":"<p>Em relat\u00f3rio gerencial divulgado nesta ter\u00e7a-feira (13), o fundo imobili\u00e1rio Capit\u00e2nia Securities II (<strong>CPTS11<\/strong>) explicou os motivos para a queda dos rendimentos no m\u00eas de dezembro. O FII anunciou o pagamento de <a class=\"suno-keyword\" target=\"_blank\" data-force=\"no\" data-priority=\"1\" href=\"https:\/\/www.suno.com.br\/guias\/dividendos\/\" rel=\"noopener\">dividendos<\/a> de R$ 0,37 por cota. Este \u00e9 o menor rendimento hist\u00f3rico do fundo.<\/p>\t<div class=\"wrapper-featured-image\">\n\t\t<figure class=\"spotlightImg\">\n\n\t\t\t<picture>\n\t\t\t\t<source media=\"(max-width: 768px)\" srcset=\"https:\/\/files.sunoresearch.com.br\/n\/uploads\/2022\/10\/city-gce41cabfa_1280-400x200.jpg\">\n\t\t\t\t<img loading=\"lazy\" decoding=\"async\" class=\"newsContent__article__imgCapa lazyloadDisabled \" src=\"https:\/\/files.sunoresearch.com.br\/n\/uploads\/2022\/10\/city-gce41cabfa_1280-800x450.jpg\" width=\"800\" height=\"450\" alt=\"CPTS11: rendimentos do fundo imobili\u00e1rio caem em dezembro. Gestora explica o que aconteceu\" fetchpriority=high \/>\n\t\t\t<\/picture>\n\n\t\t\t<figcaption class=\"wp-caption-text wp-caption-text--show\">Fundos imobili\u00e1rios - Foto: Pixabay<\/figcaption>\n\t\t<\/figure>\n\t<\/div>\n\n\n\n\n\n\t<p>\n\t\t<a href=\"\" target=\"_blank\" data-element=\"shortcode-suno-banner\" title=\"Banner SUNO, clique e saiba mais\">\n\t\t\t<picture>\n\t\t\t\t<source media=\"(max-width: 500px)\" srcset=\"\">\n\t\t\t\t<img class=\"newsContent__article__imgCapa newsContent__article__imgCapa--banner\"\n\t\t\t\t\tsrc=\"\"\n\t\t\t\t\tdata-promo-id=\"77050\"\t\t\t\t\t\t\t\t\t\t\t\t\t\t\talt=\"\"\n\t\t\t\t>\n\t\t\t<\/picture>\n\t\t<\/a>\n\t<\/p>\n\n\n\n\n\n<p>Os <strong><a class=\"suno-keyword\" data-force=\"no\" data-priority=\"1\" href=\"https:\/\/www.suno.com.br\/guias\/dividendos\/\" target=\"_blank\" rel=\"noopener\">dividendos<\/a> do <a class=\"suno-keyword\" data-force=\"yes\" data-priority=\"2\" href=\"https:\/\/www.suno.com.br\/fundos-imobiliarios\/cpts11\/\" target=\"_blank\" rel=\"noopener\">CPTS11<\/a><\/strong>, relativos ao m\u00eas de novembro, ser\u00e3o pagos em 19 de dezembro. A data base considerada foi o dia 12 de dezembro.<\/p>\n\n\n\n<p>Os <strong>proventos do CPTS11<\/strong>, de R$ 0.37 por cota, representam 52% do CDI (CDI equivalente, descontado Imposto de Renda com al\u00edquota de 15%).<\/p>\n\n\n\n<p>Em novembro, o<strong> fundo imobili\u00e1rio<\/strong> teve uma rentabilidade de -6.58%, inferior \u00e0 rentabilidade do IFIX, que recuou -4.15% no mesmo per\u00edodo.<\/p>\n\n\n\n<h2 class=\"wp-block-heading\" id=\"h-gestora-do-cpts11-sobre-o-resultado-mensal-fala-sobre-incertezas\">Gestora do CPTS11 sobre o resultado mensal fala sobre incertezas<\/h2>\n\n\n\n<p>Segundo a gestora, no m\u00eas foi observada uma queda generalizada dos ativos de riscos. Al\u00e9m dos FIIs, a bolsa de valores tamb\u00e9m performou negativamente e os <a class=\"suno-keyword\" data-force=\"no\" data-priority=\"1\" href=\"https:\/\/www.suno.com.br\/artigos\/juros-futuros\/\" target=\"_blank\" rel=\"noopener\">juros futuros<\/a> aumentaram.<\/p>\n\n\n\n<p>A gestora explica que o principal fator que favoreceu para esse aumento do <a class=\"suno-keyword\" target=\"_blank\" data-force=\"no\" data-priority=\"1\" href=\"https:\/\/www.suno.com.br\/artigos\/premio-de-risco\/\" rel=\"noopener\">pr\u00eamio de risco<\/a> foi a maior incerteza sobre a <a class=\"suno-keyword\" target=\"_blank\" data-force=\"no\" data-priority=\"1\" href=\"https:\/\/www.suno.com.br\/artigos\/politica-fiscal\/\" rel=\"noopener\">pol\u00edtica fiscal<\/a> do governo eleito.<\/p>\n\n\n\n<p>\u201cAl\u00e9m do aspecto macro, percebemos que a recente performance negativa do CPTS11 o deixou consideravelmente descontado em rela\u00e7\u00e3o \u00e0 avalia\u00e7\u00e3o m\u00e9dia hist\u00f3rica, em fun\u00e7\u00e3o, acreditamos, do aumento do pr\u00eamio de risco visto em todo o mercado, mas tamb\u00e9m com uma expectativa negativa em rela\u00e7\u00e3o \u00e0 entrega de rendimentos do fundo no <a class=\"suno-keyword\" data-force=\"no\" data-priority=\"1\" href=\"https:\/\/www.suno.com.br\/artigos\/curto-prazo\/\" target=\"_blank\" rel=\"noopener\">curto prazo<\/a>\u201d, comenta.<\/p>\n\n\n\t<p>\n\t\t<a href=\"https:\/\/lp.suno.com.br\/planilha-controle-gastos\/\" target=\"_blank\" data-element=\"shortcode-suno-banner\" title=\"Banner SUNO, clique e saiba mais\">\n\t\t\t<picture>\n\t\t\t\t<source media=\"(max-width: 500px)\" srcset=\"https:\/\/files.sunoresearch.com.br\/n\/uploads\/2023\/03\/400x300-Planilha-controle-de-gastos.png\">\n\t\t\t\t<img class=\"newsContent__article__imgCapa newsContent__article__imgCapa--banner\"\n\t\t\t\t\tsrc=\"https:\/\/files.sunoresearch.com.br\/n\/uploads\/2023\/03\/1420x240-Planilha-controle-de-gastos.png\"\n\t\t\t\t\tdata-promo-id=\"101751\"\t\t\t\t\t\t\t\t\t\twidth='1420' height='240'\t\t\t\t\talt=\"https:\/\/files.sunoresearch.com.br\/n\/uploads\/2023\/03\/1420x240-Planilha-controle-de-gastos.png\"\n\t\t\t\t>\n\t\t\t<\/picture>\n\t\t<\/a>\n\t<\/p>\n\n\n\n\n\n<h2 class=\"wp-block-heading\" id=\"h-justificativa-sobre-os-dividendos-de-novembro\">Justificativa sobre os dividendos de novembro<\/h2>\n\n\n\n<p>A <strong>gestora do CPTS11<\/strong> argumenta \u201cque n\u00e3o houve qualquer tipo de evento credit\u00edcio, renegocia\u00e7\u00e3o ou descumprimento na carteira do fundo, que segue saud\u00e1vel e com retorno competitivo\u201d.<\/p>\n\n\n\n<p>Conforme a gestora, em novembro, diante da expressiva abertura das NTNBs e a queda dos fundos imobili\u00e1rios, praticamente se tornou invi\u00e1vel esta componente de ganhos de capital (FII e CRI), \u201cjustamente em um momento em que o carrego da carteira ainda \u00e9 baixo\u201d.<\/p>\n\n\n\n<p>Al\u00e9m disso, como o CPTS11 n\u00e3o realiza mais emiss\u00f5es, a gestora comenta que a reciclagem da carteira se d\u00e1 via giro. O fundo argumenta que isso implica em alguns casos na venda de CRIs a taxas piores que as taxas de aquisi\u00e7\u00e3o.<\/p>\n\n\n\n<p>Isso faz com que o fundo tenha um \u201cpreju\u00edzo caixa\u201d moment\u00e2neo para que o FII possa comprar ativos de mesmas caracter\u00edsticas a taxas melhores.<\/p>\n\n\n\t<p>\n\t\t<a href=\"https:\/\/lp.suno.com.br\/planilha-da-vida-financeira\/\" target=\"_blank\" data-element=\"shortcode-suno-banner\" title=\"Banner SUNO, clique e saiba mais\">\n\t\t\t<picture>\n\t\t\t\t<source media=\"(max-width: 500px)\" srcset=\"https:\/\/files.sunoresearch.com.br\/n\/uploads\/2023\/04\/400x300-Planilha-vida-financeira-true.png\">\n\t\t\t\t<img class=\"newsContent__article__imgCapa newsContent__article__imgCapa--banner\"\n\t\t\t\t\tsrc=\"https:\/\/files.sunoresearch.com.br\/n\/uploads\/2023\/04\/1420x240-Planilha-vida-financeira-true.png\"\n\t\t\t\t\tdata-promo-id=\"106682\"\t\t\t\t\t\t\t\t\t\twidth='1420' height='240'\t\t\t\t\talt=\"https:\/\/files.sunoresearch.com.br\/n\/uploads\/2023\/04\/1420x240-Planilha-vida-financeira-true.png\"\n\t\t\t\t>\n\t\t\t<\/picture>\n\t\t<\/a>\n\t<\/p>\n\n\n\n\n\n<p>\u201cMas por que fazemos isto? Acreditamos que o papel do gestor \u00e9 sempre olhar um <a class=\"suno-keyword\" data-force=\"no\" data-priority=\"1\" href=\"https:\/\/www.suno.com.br\/artigos\/horizonte-de-investimento\/\" target=\"_blank\" rel=\"noopener\">horizonte de investimento<\/a> maior e se adequar \u00e0 realidade do momento. Deixar de fazer o que \u00e9 certo em fun\u00e7\u00e3o do dividendo de um m\u00eas n\u00e3o nos parece uma escolha correta\u201d, justifica a gestora.<\/p>\n\n\n\n<p>\u201cHipoteticamente, por que n\u00e3o vender um CRI com risco &#8216;x&#8217; a IPCA + 7,0% (mesmo tendo comprado a IPCA + 6,0%) e reconhecer um preju\u00edzo para comprar um outro CRI tamb\u00e9m com risco &#8216;x&#8217;, a IPCA + 8,0%, e se beneficiar no futuro? Apenas como par\u00e2metro, desde a \u00faltima emiss\u00e3o do fundo (em maio de 2022) elevamos a taxa ponderada de aquisi\u00e7\u00e3o de IPCA + 6,4% a.a. para IPCA + 6,6% a.a., basicamente com o giro da pr\u00f3pria carteira. E assim continuaremos\u201d, complementa a gestora do <strong>CPTS11<\/strong>.<\/p>\n\n\n\t<p>\n\t\t<a href=\"https:\/\/lp.suno.com.br\/ebook-como-analisar-uma-acao\/\" target=\"_blank\" data-element=\"shortcode-suno-banner\" title=\"Banner SUNO, clique e saiba mais\">\n\t\t\t<picture>\n\t\t\t\t<source media=\"(max-width: 500px)\" srcset=\"https:\/\/files.sunoresearch.com.br\/n\/uploads\/2023\/03\/Ebook-Acoes-Mobile-1.jpg\">\n\t\t\t\t<img class=\"newsContent__article__imgCapa newsContent__article__imgCapa--banner\"\n\t\t\t\t\tsrc=\"https:\/\/files.sunoresearch.com.br\/n\/uploads\/2023\/03\/Ebook-Acoes-Desktop-1.jpg\"\n\t\t\t\t\tdata-promo-id=\"171998\"\t\t\t\t\t\t\t\t\t\twidth='1420' height='286'\t\t\t\t\talt=\"https:\/\/files.sunoresearch.com.br\/n\/uploads\/2023\/03\/Ebook-Acoes-Desktop-1.jpg\"\n\t\t\t\t>\n\t\t\t<\/picture>\n\t\t<\/a>\n\t<\/p>\n\n\n","protected":false},"excerpt":{"rendered":"<p>Em relat\u00f3rio gerencial divulgado nesta ter\u00e7a-feira (13), o fundo imobili\u00e1rio Capit\u00e2nia Securities II (CPTS11) explicou os motivos para a queda dos rendimentos no m\u00eas de dezembro. O FII anunciou o pagamento de dividendos de R$ 0,37 por cota. Este \u00e9 o menor rendimento hist\u00f3rico do fundo. Fundos imobili\u00e1rios &#8211; Foto: Pixabay Os dividendos do CPTS11, [&hellip;]<\/p>\n","protected":false},"author":224,"featured_media":304443,"comment_status":"closed","ping_status":"closed","sticky":false,"template":"","format":"standard","meta":[],"categories":[66],"tags":[105776,315],"suno_strategy":[],"class_list":["post-334105","post","type-post","status-publish","format-standard","has-post-thumbnail","hentry","category-fiis","tag-cpts11","tag-fundos-imobiliarios-fiis"],"yoast_head":"<!-- This site is optimized with the Yoast SEO plugin v24.4 - https:\/\/yoast.com\/wordpress\/plugins\/seo\/ -->\n<title>CPTS11: gestora explica motivos para queda do rendimento do FII<\/title>\n<meta name=\"description\" content=\"Em relat\u00f3rio gerencial divulgado nesta ter\u00e7a (13), o fundo imobili\u00e1rio CPTS11 explicou os motivos para a queda dos rendimentos. Saiba mais.\" \/>\n<meta name=\"robots\" content=\"index, follow, max-snippet:-1, max-image-preview:large, max-video-preview:-1\" \/>\n<link rel=\"canonical\" href=\"https:\/\/www.suno.com.br\/noticias\/cpts11-gestora-motivos-queda-rendimento\/\" \/>\n<meta property=\"og:locale\" content=\"pt_BR\" \/>\n<meta property=\"og:type\" content=\"article\" \/>\n<meta property=\"og:title\" content=\"CPTS11: gestora explica motivos para queda do rendimento do FII\" \/>\n<meta property=\"og:description\" content=\"Em relat\u00f3rio gerencial divulgado nesta ter\u00e7a (13), o fundo imobili\u00e1rio CPTS11 explicou os motivos para a queda dos rendimentos. Saiba mais.\" \/>\n<meta property=\"og:url\" content=\"https:\/\/www.suno.com.br\/noticias\/cpts11-gestora-motivos-queda-rendimento\/\" \/>\n<meta property=\"og:site_name\" content=\"Suno Not\u00edcias\" \/>\n<meta property=\"article:publisher\" content=\"https:\/\/facebook.com\/sunoresearch\" \/>\n<meta property=\"og:image\" content=\"https:\/\/files.sunoresearch.com.br\/n\/uploads\/2022\/10\/city-gce41cabfa_1280.jpg\" \/>\n\t<meta property=\"og:image:width\" content=\"1280\" \/>\n\t<meta property=\"og:image:height\" content=\"960\" \/>\n\t<meta property=\"og:image:type\" content=\"image\/jpeg\" \/>\n<meta name=\"author\" content=\"Silvio Suehiro\" \/>\n<meta name=\"twitter:card\" content=\"summary_large_image\" \/>\n<meta name=\"twitter:creator\" content=\"@sunoresearch\" \/>\n<meta name=\"twitter:site\" content=\"@sunoresearch\" \/>\n<meta name=\"twitter:label1\" content=\"Escrito por\" \/>\n\t<meta name=\"twitter:data1\" content=\"Silvio Suehiro\" \/>\n\t<meta name=\"twitter:label2\" content=\"Est. tempo de leitura\" \/>\n\t<meta name=\"twitter:data2\" content=\"3 minutos\" \/>\n<script type=\"application\/ld+json\" class=\"yoast-schema-graph\">{\"@context\":\"https:\/\/schema.org\",\"@graph\":[{\"@type\":\"NewsArticle\",\"@id\":\"https:\/\/www.suno.com.br\/noticias\/cpts11-gestora-motivos-queda-rendimento\/#article\",\"isPartOf\":{\"@id\":\"https:\/\/www.suno.com.br\/noticias\/cpts11-gestora-motivos-queda-rendimento\/\"},\"author\":{\"name\":\"Silvio Suehiro\",\"@id\":\"https:\/\/www.suno.com.br\/noticias\/#\/schema\/person\/c94f387eeb0598ad381eac3e47a8686c\"},\"headline\":\"CPTS11: rendimentos do fundo imobili\u00e1rio caem em dezembro. Gestora explica o que aconteceu\",\"datePublished\":\"2022-12-14T18:02:58+00:00\",\"dateModified\":\"2022-12-14T18:08:42+00:00\",\"mainEntityOfPage\":{\"@id\":\"https:\/\/www.suno.com.br\/noticias\/cpts11-gestora-motivos-queda-rendimento\/\"},\"wordCount\":563,\"publisher\":{\"@id\":\"https:\/\/www.suno.com.br\/noticias\/#organization\"},\"image\":{\"@id\":\"https:\/\/www.suno.com.br\/noticias\/cpts11-gestora-motivos-queda-rendimento\/#primaryimage\"},\"thumbnailUrl\":\"https:\/\/files.sunoresearch.com.br\/n\/uploads\/2022\/10\/city-gce41cabfa_1280.jpg\",\"keywords\":[\"CPTS11\",\"Fundos Imobili\u00e1rios (FIIs)\"],\"articleSection\":[\"FIIs\"],\"inLanguage\":\"pt-BR\"},{\"@type\":\"WebPage\",\"@id\":\"https:\/\/www.suno.com.br\/noticias\/cpts11-gestora-motivos-queda-rendimento\/\",\"url\":\"https:\/\/www.suno.com.br\/noticias\/cpts11-gestora-motivos-queda-rendimento\/\",\"name\":\"CPTS11: gestora explica motivos para queda do rendimento do FII\",\"isPartOf\":{\"@id\":\"https:\/\/www.suno.com.br\/noticias\/#website\"},\"primaryImageOfPage\":{\"@id\":\"https:\/\/www.suno.com.br\/noticias\/cpts11-gestora-motivos-queda-rendimento\/#primaryimage\"},\"image\":{\"@id\":\"https:\/\/www.suno.com.br\/noticias\/cpts11-gestora-motivos-queda-rendimento\/#primaryimage\"},\"thumbnailUrl\":\"https:\/\/files.sunoresearch.com.br\/n\/uploads\/2022\/10\/city-gce41cabfa_1280.jpg\",\"datePublished\":\"2022-12-14T18:02:58+00:00\",\"dateModified\":\"2022-12-14T18:08:42+00:00\",\"description\":\"Em relat\u00f3rio gerencial divulgado nesta ter\u00e7a (13), o fundo imobili\u00e1rio CPTS11 explicou os motivos para a queda dos rendimentos. Saiba mais.\",\"breadcrumb\":{\"@id\":\"https:\/\/www.suno.com.br\/noticias\/cpts11-gestora-motivos-queda-rendimento\/#breadcrumb\"},\"inLanguage\":\"pt-BR\",\"potentialAction\":[{\"@type\":\"ReadAction\",\"target\":[\"https:\/\/www.suno.com.br\/noticias\/cpts11-gestora-motivos-queda-rendimento\/\"]}]},{\"@type\":\"ImageObject\",\"inLanguage\":\"pt-BR\",\"@id\":\"https:\/\/www.suno.com.br\/noticias\/cpts11-gestora-motivos-queda-rendimento\/#primaryimage\",\"url\":\"https:\/\/files.sunoresearch.com.br\/n\/uploads\/2022\/10\/city-gce41cabfa_1280.jpg\",\"contentUrl\":\"https:\/\/files.sunoresearch.com.br\/n\/uploads\/2022\/10\/city-gce41cabfa_1280.jpg\",\"width\":1280,\"height\":960,\"caption\":\"Fundos imobili\u00e1rios - Foto: Pixabay\"},{\"@type\":\"BreadcrumbList\",\"@id\":\"https:\/\/www.suno.com.br\/noticias\/cpts11-gestora-motivos-queda-rendimento\/#breadcrumb\",\"itemListElement\":[{\"@type\":\"ListItem\",\"position\":1,\"name\":\"Not\u00edcias\",\"item\":\"https:\/\/www.suno.com.br\/noticias\/\"},{\"@type\":\"ListItem\",\"position\":2,\"name\":\"FIIs\",\"item\":\"https:\/\/www.suno.com.br\/noticias\/fiis\/\"},{\"@type\":\"ListItem\",\"position\":3,\"name\":\"CPTS11: rendimentos do fundo imobili\u00e1rio caem em dezembro. Gestora explica o que aconteceu\"}]},{\"@type\":\"WebSite\",\"@id\":\"https:\/\/www.suno.com.br\/noticias\/#website\",\"url\":\"https:\/\/www.suno.com.br\/noticias\/\",\"name\":\"Suno Not\u00edcias\",\"description\":\"Seu portal de informa\u00e7\u00e3o sobre o mundo dos investimentos\",\"publisher\":{\"@id\":\"https:\/\/www.suno.com.br\/noticias\/#organization\"},\"potentialAction\":[{\"@type\":\"SearchAction\",\"target\":{\"@type\":\"EntryPoint\",\"urlTemplate\":\"https:\/\/www.suno.com.br\/noticias\/?s={search_term_string}\"},\"query-input\":{\"@type\":\"PropertyValueSpecification\",\"valueRequired\":true,\"valueName\":\"search_term_string\"}}],\"inLanguage\":\"pt-BR\"},{\"@type\":\"Organization\",\"@id\":\"https:\/\/www.suno.com.br\/noticias\/#organization\",\"name\":\"Suno Not\u00edcias\",\"url\":\"https:\/\/www.suno.com.br\/noticias\/\",\"logo\":{\"@type\":\"ImageObject\",\"inLanguage\":\"pt-BR\",\"@id\":\"https:\/\/www.suno.com.br\/noticias\/#\/schema\/logo\/image\/\",\"url\":\"https:\/\/files.sunoresearch.com.br\/n\/uploads\/2021\/09\/suno-logo.png\",\"contentUrl\":\"https:\/\/files.sunoresearch.com.br\/n\/uploads\/2021\/09\/suno-logo.png\",\"width\":180,\"height\":180,\"caption\":\"Suno Not\u00edcias\"},\"image\":{\"@id\":\"https:\/\/www.suno.com.br\/noticias\/#\/schema\/logo\/image\/\"},\"sameAs\":[\"https:\/\/facebook.com\/sunoresearch\",\"https:\/\/x.com\/sunoresearch\",\"https:\/\/www.instagram.com\/suno\",\"https:\/\/www.linkedin.com\/company\/suno-research\/\",\"https:\/\/www.youtube.com\/c\/sunoresearch\"]},{\"@type\":\"Person\",\"@id\":\"https:\/\/www.suno.com.br\/noticias\/#\/schema\/person\/c94f387eeb0598ad381eac3e47a8686c\",\"name\":\"Silvio Suehiro\",\"image\":{\"@type\":\"ImageObject\",\"inLanguage\":\"pt-BR\",\"@id\":\"https:\/\/www.suno.com.br\/noticias\/#\/schema\/person\/image\/\",\"url\":\"https:\/\/secure.gravatar.com\/avatar\/06585eb21140975c6be6bb79a07edac1?s=96&r=g\",\"contentUrl\":\"https:\/\/secure.gravatar.com\/avatar\/06585eb21140975c6be6bb79a07edac1?s=96&r=g\",\"caption\":\"Silvio Suehiro\"},\"description\":\"Redator freelancer, com experi\u00eancia na produ\u00e7\u00e3o de not\u00edcias e artigos para as \u00e1reas de economia, finan\u00e7as e investimentos. Graduado em Comunica\u00e7\u00e3o Social - Jornalismo pela Universidade de Mogi das Cruzes (UMC), e p\u00f3s-graduado em Produ\u00e7\u00e3o Audiovisual Multiplataforma pela Universidade Anhembi Morumbi (UAM).\",\"url\":\"https:\/\/www.suno.com.br\/noticias\/author\/silvio-suehiro\/\"}]}<\/script>\n<!-- \/ Yoast SEO plugin. -->","yoast_head_json":{"title":"CPTS11: gestora explica motivos para queda do rendimento do FII","description":"Em relat\u00f3rio gerencial divulgado nesta ter\u00e7a (13), o fundo imobili\u00e1rio CPTS11 explicou os motivos para a queda dos rendimentos. Saiba mais.","robots":{"index":"index","follow":"follow","max-snippet":"max-snippet:-1","max-image-preview":"max-image-preview:large","max-video-preview":"max-video-preview:-1"},"canonical":"https:\/\/www.suno.com.br\/noticias\/cpts11-gestora-motivos-queda-rendimento\/","og_locale":"pt_BR","og_type":"article","og_title":"CPTS11: gestora explica motivos para queda do rendimento do FII","og_description":"Em relat\u00f3rio gerencial divulgado nesta ter\u00e7a (13), o fundo imobili\u00e1rio CPTS11 explicou os motivos para a queda dos rendimentos. Saiba mais.","og_url":"https:\/\/www.suno.com.br\/noticias\/cpts11-gestora-motivos-queda-rendimento\/","og_site_name":"Suno Not\u00edcias","article_publisher":"https:\/\/facebook.com\/sunoresearch","og_image":[{"width":1280,"height":960,"url":"https:\/\/files.sunoresearch.com.br\/n\/uploads\/2022\/10\/city-gce41cabfa_1280.jpg","type":"image\/jpeg"}],"author":"Silvio Suehiro","twitter_card":"summary_large_image","twitter_creator":"@sunoresearch","twitter_site":"@sunoresearch","twitter_misc":{"Escrito por":"Silvio Suehiro","Est. tempo de leitura":"3 minutos"},"schema":{"@context":"https:\/\/schema.org","@graph":[{"@type":"NewsArticle","@id":"https:\/\/www.suno.com.br\/noticias\/cpts11-gestora-motivos-queda-rendimento\/#article","isPartOf":{"@id":"https:\/\/www.suno.com.br\/noticias\/cpts11-gestora-motivos-queda-rendimento\/"},"author":{"name":"Silvio Suehiro","@id":"https:\/\/www.suno.com.br\/noticias\/#\/schema\/person\/c94f387eeb0598ad381eac3e47a8686c"},"headline":"CPTS11: rendimentos do fundo imobili\u00e1rio caem em dezembro. Gestora explica o que aconteceu","datePublished":"2022-12-14T18:02:58+00:00","dateModified":"2022-12-14T18:08:42+00:00","mainEntityOfPage":{"@id":"https:\/\/www.suno.com.br\/noticias\/cpts11-gestora-motivos-queda-rendimento\/"},"wordCount":563,"publisher":{"@id":"https:\/\/www.suno.com.br\/noticias\/#organization"},"image":{"@id":"https:\/\/www.suno.com.br\/noticias\/cpts11-gestora-motivos-queda-rendimento\/#primaryimage"},"thumbnailUrl":"https:\/\/files.sunoresearch.com.br\/n\/uploads\/2022\/10\/city-gce41cabfa_1280.jpg","keywords":["CPTS11","Fundos Imobili\u00e1rios (FIIs)"],"articleSection":["FIIs"],"inLanguage":"pt-BR"},{"@type":"WebPage","@id":"https:\/\/www.suno.com.br\/noticias\/cpts11-gestora-motivos-queda-rendimento\/","url":"https:\/\/www.suno.com.br\/noticias\/cpts11-gestora-motivos-queda-rendimento\/","name":"CPTS11: gestora explica motivos para queda do rendimento do FII","isPartOf":{"@id":"https:\/\/www.suno.com.br\/noticias\/#website"},"primaryImageOfPage":{"@id":"https:\/\/www.suno.com.br\/noticias\/cpts11-gestora-motivos-queda-rendimento\/#primaryimage"},"image":{"@id":"https:\/\/www.suno.com.br\/noticias\/cpts11-gestora-motivos-queda-rendimento\/#primaryimage"},"thumbnailUrl":"https:\/\/files.sunoresearch.com.br\/n\/uploads\/2022\/10\/city-gce41cabfa_1280.jpg","datePublished":"2022-12-14T18:02:58+00:00","dateModified":"2022-12-14T18:08:42+00:00","description":"Em relat\u00f3rio gerencial divulgado nesta ter\u00e7a (13), o fundo imobili\u00e1rio CPTS11 explicou os motivos para a queda dos rendimentos. Saiba mais.","breadcrumb":{"@id":"https:\/\/www.suno.com.br\/noticias\/cpts11-gestora-motivos-queda-rendimento\/#breadcrumb"},"inLanguage":"pt-BR","potentialAction":[{"@type":"ReadAction","target":["https:\/\/www.suno.com.br\/noticias\/cpts11-gestora-motivos-queda-rendimento\/"]}]},{"@type":"ImageObject","inLanguage":"pt-BR","@id":"https:\/\/www.suno.com.br\/noticias\/cpts11-gestora-motivos-queda-rendimento\/#primaryimage","url":"https:\/\/files.sunoresearch.com.br\/n\/uploads\/2022\/10\/city-gce41cabfa_1280.jpg","contentUrl":"https:\/\/files.sunoresearch.com.br\/n\/uploads\/2022\/10\/city-gce41cabfa_1280.jpg","width":1280,"height":960,"caption":"Fundos imobili\u00e1rios - Foto: Pixabay"},{"@type":"BreadcrumbList","@id":"https:\/\/www.suno.com.br\/noticias\/cpts11-gestora-motivos-queda-rendimento\/#breadcrumb","itemListElement":[{"@type":"ListItem","position":1,"name":"Not\u00edcias","item":"https:\/\/www.suno.com.br\/noticias\/"},{"@type":"ListItem","position":2,"name":"FIIs","item":"https:\/\/www.suno.com.br\/noticias\/fiis\/"},{"@type":"ListItem","position":3,"name":"CPTS11: rendimentos do fundo imobili\u00e1rio caem em dezembro. Gestora explica o que aconteceu"}]},{"@type":"WebSite","@id":"https:\/\/www.suno.com.br\/noticias\/#website","url":"https:\/\/www.suno.com.br\/noticias\/","name":"Suno Not\u00edcias","description":"Seu portal de informa\u00e7\u00e3o sobre o mundo dos investimentos","publisher":{"@id":"https:\/\/www.suno.com.br\/noticias\/#organization"},"potentialAction":[{"@type":"SearchAction","target":{"@type":"EntryPoint","urlTemplate":"https:\/\/www.suno.com.br\/noticias\/?s={search_term_string}"},"query-input":{"@type":"PropertyValueSpecification","valueRequired":true,"valueName":"search_term_string"}}],"inLanguage":"pt-BR"},{"@type":"Organization","@id":"https:\/\/www.suno.com.br\/noticias\/#organization","name":"Suno Not\u00edcias","url":"https:\/\/www.suno.com.br\/noticias\/","logo":{"@type":"ImageObject","inLanguage":"pt-BR","@id":"https:\/\/www.suno.com.br\/noticias\/#\/schema\/logo\/image\/","url":"https:\/\/files.sunoresearch.com.br\/n\/uploads\/2021\/09\/suno-logo.png","contentUrl":"https:\/\/files.sunoresearch.com.br\/n\/uploads\/2021\/09\/suno-logo.png","width":180,"height":180,"caption":"Suno Not\u00edcias"},"image":{"@id":"https:\/\/www.suno.com.br\/noticias\/#\/schema\/logo\/image\/"},"sameAs":["https:\/\/facebook.com\/sunoresearch","https:\/\/x.com\/sunoresearch","https:\/\/www.instagram.com\/suno","https:\/\/www.linkedin.com\/company\/suno-research\/","https:\/\/www.youtube.com\/c\/sunoresearch"]},{"@type":"Person","@id":"https:\/\/www.suno.com.br\/noticias\/#\/schema\/person\/c94f387eeb0598ad381eac3e47a8686c","name":"Silvio Suehiro","image":{"@type":"ImageObject","inLanguage":"pt-BR","@id":"https:\/\/www.suno.com.br\/noticias\/#\/schema\/person\/image\/","url":"https:\/\/secure.gravatar.com\/avatar\/06585eb21140975c6be6bb79a07edac1?s=96&r=g","contentUrl":"https:\/\/secure.gravatar.com\/avatar\/06585eb21140975c6be6bb79a07edac1?s=96&r=g","caption":"Silvio Suehiro"},"description":"Redator freelancer, com experi\u00eancia na produ\u00e7\u00e3o de not\u00edcias e artigos para as \u00e1reas de economia, finan\u00e7as e investimentos. Graduado em Comunica\u00e7\u00e3o Social - Jornalismo pela Universidade de Mogi das Cruzes (UMC), e p\u00f3s-graduado em Produ\u00e7\u00e3o Audiovisual Multiplataforma pela Universidade Anhembi Morumbi (UAM).","url":"https:\/\/www.suno.com.br\/noticias\/author\/silvio-suehiro\/"}]}},"default_loop_html":"<div class=\"cardsPage__listCard__boxs\"><div class=\"cardsPage__listCard__boxs__img\"><a href=\"https:\/\/www.suno.com.br\/noticias\/cpts11-gestora-motivos-queda-rendimento\/\"><img class=\"mask\" src=\"https:\/\/www.suno.com.br\/noticias\/wp-content\/themes\/suno\/resources\/images\/spotlight\/spotlight1img\/bg-mask.png\" alt=\"Image Mask\"\/><img src=\"https:\/\/files.sunoresearch.com.br\/n\/uploads\/2022\/10\/city-gce41cabfa_1280-400x200.jpg\" alt=\"CPTS11: rendimentos do fundo imobili\u00e1rio caem em dezembro. Gestora explica o que aconteceu\"\/><\/a><span class=\"spotlightCategory\"><a href=\"https:\/\/www.suno.com.br\/noticias\/fiis\/\">FIIs<\/a><\/span><\/div><div class=\"cardsPage__listCard__boxs__content\"><a href=\"https:\/\/www.suno.com.br\/noticias\/cpts11-gestora-motivos-queda-rendimento\/\"><h2 class=\"content__title\">CPTS11: rendimentos do fundo imobili\u00e1rio caem em dezembro. Gestora explica o que aconteceu<\/h2><\/a><div class=\"newsContent__article__meta\"><div class=\"newsContent__article__meta__authorBox\"><a href=\"https:\/\/www.suno.com.br\/noticias\/author\/silvio-suehiro\/\" class=\"authorBox__avatar noMobi\"><img src=\"https:\/\/secure.gravatar.com\/avatar\/06585eb21140975c6be6bb79a07edac1?s=96&#038;r=g\" alt=\"Silvio Suehiro\"><\/a><div class=\"authorBox__name\"><span>por\n\t\t\t<a href=\"https:\/\/www.suno.com.br\/noticias\/author\/silvio-suehiro\/\"><span itemprop=\"author\">Silvio Suehiro<\/span><\/a><\/span><time datetime=\"2022-12-14T15:02:58-03:00\" itemprop=\"datePublished\">14\/12\/2022 15:02<\/time><\/div><\/div><\/div><\/div><\/div>","single_layout":"posts","amp_enabled":true,"_links":{"self":[{"href":"https:\/\/www.suno.com.br\/noticias\/wp-json\/wp\/v2\/posts\/334105"}],"collection":[{"href":"https:\/\/www.suno.com.br\/noticias\/wp-json\/wp\/v2\/posts"}],"about":[{"href":"https:\/\/www.suno.com.br\/noticias\/wp-json\/wp\/v2\/types\/post"}],"author":[{"embeddable":true,"href":"https:\/\/www.suno.com.br\/noticias\/wp-json\/wp\/v2\/users\/224"}],"replies":[{"embeddable":true,"href":"https:\/\/www.suno.com.br\/noticias\/wp-json\/wp\/v2\/comments?post=334105"}],"version-history":[{"count":3,"href":"https:\/\/www.suno.com.br\/noticias\/wp-json\/wp\/v2\/posts\/334105\/revisions"}],"predecessor-version":[{"id":334350,"href":"https:\/\/www.suno.com.br\/noticias\/wp-json\/wp\/v2\/posts\/334105\/revisions\/334350"}],"wp:featuredmedia":[{"embeddable":true,"href":"https:\/\/www.suno.com.br\/noticias\/wp-json\/wp\/v2\/media\/304443"}],"wp:attachment":[{"href":"https:\/\/www.suno.com.br\/noticias\/wp-json\/wp\/v2\/media?parent=334105"}],"wp:term":[{"taxonomy":"category","embeddable":true,"href":"https:\/\/www.suno.com.br\/noticias\/wp-json\/wp\/v2\/categories?post=334105"},{"taxonomy":"post_tag","embeddable":true,"href":"https:\/\/www.suno.com.br\/noticias\/wp-json\/wp\/v2\/tags?post=334105"},{"taxonomy":"suno_strategy","embeddable":true,"href":"https:\/\/www.suno.com.br\/noticias\/wp-json\/wp\/v2\/suno_strategy?post=334105"}],"curies":[{"name":"wp","href":"https:\/\/api.w.org\/{rel}","templated":true}]}}