{"id":333984,"date":"2022-12-14T08:41:06","date_gmt":"2022-12-14T11:41:06","guid":{"rendered":"https:\/\/www.suno.com.br\/noticias\/?p=333984"},"modified":"2022-12-14T08:41:10","modified_gmt":"2022-12-14T11:41:10","slug":"camara-lei-das-estatais-quarentena","status":"publish","type":"post","link":"https:\/\/www.suno.com.br\/noticias\/camara-lei-das-estatais-quarentena\/","title":{"rendered":"C\u00e2mara muda Lei das Estatais e derruba &#8216;quarentena pol\u00edtica&#8217;; entenda"},"content":{"rendered":"<p>Ainda na noite de ter\u00e7a-feira (13) a C\u00e2mara dos Deputados aprovou uma mudan\u00e7a na <a href=\"https:\/\/www.suno.com.br\/noticias\/lei-das-estatais-revogada-queda-petrobras-petr4-bb-bbas3\/\" target=\"_blank\" rel=\"noreferrer noopener\"><strong>Lei das Estatais<\/strong> <\/a>por 314 votos a 66. A mudan\u00e7a \u00e9 especificamente no trecho que prev\u00ea uma &#8216;quarentena da pol\u00edtica&#8217; para poder ocupar a presid\u00eancia de uma empresa p\u00fablica.<\/p>\t<div class=\"wrapper-featured-image\">\n\t\t<figure class=\"spotlightImg\">\n\n\t\t\t<picture>\n\t\t\t\t<source media=\"(max-width: 768px)\" srcset=\"https:\/\/files.sunoresearch.com.br\/n\/uploads\/2022\/12\/Aloizio-Mercadante-400x200.jpg\">\n\t\t\t\t<img loading=\"lazy\" decoding=\"async\" class=\"newsContent__article__imgCapa lazyloadDisabled \" src=\"https:\/\/files.sunoresearch.com.br\/n\/uploads\/2022\/12\/Aloizio-Mercadante-800x450.jpg\" width=\"800\" height=\"450\" alt=\"C\u00e2mara muda Lei das Estatais e derruba &#8216;quarentena pol\u00edtica&#8217;; entenda\" fetchpriority=high \/>\n\t\t\t<\/picture>\n\n\t\t\t<figcaption class=\"wp-caption-text wp-caption-text--show\">Mercadante fala em \u201cabrasileirar\u201d pre\u00e7o do combust\u00edvel. Foto: Fabio Rodrigues Pozzebom\/Ag\u00eancia Brasil<\/figcaption>\n\t\t<\/figure>\n\t<\/div>\n\n\n\n\n\n\t<p>\n\t\t<a href=\"\" target=\"_blank\" data-element=\"shortcode-suno-banner\" title=\"Banner SUNO, clique e saiba mais\">\n\t\t\t<picture>\n\t\t\t\t<source media=\"(max-width: 500px)\" srcset=\"\">\n\t\t\t\t<img class=\"newsContent__article__imgCapa newsContent__article__imgCapa--banner\"\n\t\t\t\t\tsrc=\"\"\n\t\t\t\t\tdata-promo-id=\"240038\"\t\t\t\t\t\t\t\t\t\t\t\t\t\t\talt=\"\"\n\t\t\t\t>\n\t\t\t<\/picture>\n\t\t<\/a>\n\t<\/p>\n\n\n\n\n\n<p>Com a altera\u00e7\u00e3o feita pelos parlamentares, o tempo m\u00ednimo exigido pode cair de 36 meses para 30 dias. Ou seja, antes era necess\u00e1rio ficar no m\u00ednimo 36 meses sem fazer campanha pol\u00edtica ou participar de estrutura decis\u00f3ria de partido.<\/p>\n\n\n\n<p>Ainda na semana anterior a consultoria Eurasia Group adiantou que <a href=\"https:\/\/www.suno.com.br\/noticias\/lula-diplomacao-tse-veja-destaques-cerimonia\/\" target=\"_blank\" rel=\"noreferrer noopener\"><strong>Lula (PT) pretendia alterar a Lei das Estatais<\/strong> <\/a>via Medida Provis\u00f3ria (MP).<\/p>\n\n\n\n<p>A mudan\u00e7a deve beneficiar nomes indicados pelo presidente eleito, al\u00e9m de eventuais cotados para presidir estatais.<\/p>\n\n\n\n<p><strong>Aloizio Mercadante<\/strong> foi indicado para o Banco Nacional de Desenvolvimento Econ\u00f4mico e Social (<strong>BNDES<\/strong>) e \u00e9 um deles. <\/p>\n\n\n\n<p>Vale destacar que o novo parecer sobre o projeto que <strong>muda a Lei das Estatais<\/strong> foi protocolado pela relatora Margarete Coelho (PP-PI) horas ap\u00f3s Lula indicar Mercadante para a institui\u00e7\u00e3o.<\/p>\n\n\n\n<p>Outro nome que pode vir a se beneficiar com essa mudan\u00e7a \u00e9 o do <a href=\"https:\/\/www.suno.com.br\/noticias\/petrobras-petr4-prates-rumos-alterados\/\" target=\"_blank\" rel=\"noreferrer noopener\">Senador Jean Paul Prates (PT-RN)<\/a>, um dos cotados para ser o novo <a href=\"https:\/\/www.suno.com.br\/acoes\/petr4\" target=\"_blank\" rel=\"noreferrer noopener\"><strong>presidente da Petrobras<\/strong> (PETR4)<\/a>.<\/p>\n\n\n\n<p>Pela regra atual, que ainda est\u00e1 em vigor, Prates n\u00e3o poderia assumir o comando da <strong>estatal<\/strong>, j\u00e1 que se candidatou \u00e0 prefeitura de Natal (RN).<\/p>\n\n\n\n<p>O projeto ainda deve passar pelo Senado e ser aprovado pela casa antes de entrar em vigor.<\/p>\n\n\n\t<p>\n\t\t<a href=\"https:\/\/lp.suno.com.br\/planilha-controle-gastos\/\" target=\"_blank\" data-element=\"shortcode-suno-banner\" title=\"Banner SUNO, clique e saiba mais\">\n\t\t\t<picture>\n\t\t\t\t<source media=\"(max-width: 500px)\" srcset=\"https:\/\/files.sunoresearch.com.br\/n\/uploads\/2023\/03\/400x300-Planilha-controle-de-gastos.png\">\n\t\t\t\t<img class=\"newsContent__article__imgCapa newsContent__article__imgCapa--banner\"\n\t\t\t\t\tsrc=\"https:\/\/files.sunoresearch.com.br\/n\/uploads\/2023\/03\/1420x240-Planilha-controle-de-gastos.png\"\n\t\t\t\t\tdata-promo-id=\"101751\"\t\t\t\t\t\t\t\t\t\twidth='1420' height='240'\t\t\t\t\talt=\"https:\/\/files.sunoresearch.com.br\/n\/uploads\/2023\/03\/1420x240-Planilha-controle-de-gastos.png\"\n\t\t\t\t>\n\t\t\t<\/picture>\n\t\t<\/a>\n\t<\/p>\n\n\n\n\n\n<h2 class=\"wp-block-heading\" id=\"h-analistas-temem-mudanca-na-lei-das-estatais\">Analistas temem mudan\u00e7a na Lei das Estatais<\/h2>\n\n\n\n<p><a href=\"https:\/\/www.suno.com.br\/noticias\/petrobras-petr4-bbi-rebaixa\/\" target=\"_blank\" rel=\"noreferrer noopener\">Conforme reportado pelo Suno Not\u00edcias<\/a>, eventuais <strong>mudan\u00e7as na Lei das Estatais<\/strong> s\u00e3o encaradas como pontos negativos \u00e0s empresas estatais listadas em bolsa.<\/p>\n\n\n\n<p>Recentemente o Bradesco BBI cortou o seu pre\u00e7o-alvo para as <a href=\"https:\/\/statusinvest.com.br\/acoes\/petr4\" target=\"_blank\" rel=\"noreferrer noopener\">a\u00e7\u00f5es da Petrobras<\/a> em mais da metade (de R$ 51 para R$ 26), citando justamente a mudan\u00e7a na legisla\u00e7\u00e3o como um ponto que pode enfraquecer a gest\u00e3o e a governan\u00e7a da companhia.<\/p>\n\n\n\n<p>&#8220;Se confirmado, isso seria um sinal muito negativo para a <a href=\"https:\/\/www.suno.com.br\/artigos\/governanca-corporativa\/\" target=\"_blank\" rel=\"noreferrer noopener\">governan\u00e7a geral no Brasil<\/a>, uma vez que a lei implantada durante o governo de Michel Temer garante diversos pontos de maior governan\u00e7a, incluindo a nomea\u00e7\u00e3o de diretores com forma\u00e7\u00e3o t\u00e9cnica (n\u00e3o pol\u00edtica) na Petrobras&#8221;, disseram os analistas em seu parecer sobre o tema.<\/p>\n\n\n\n<p>A casa tamb\u00e9m destacou a &#8216;deteriora\u00e7\u00e3o do fluxo de not\u00edcias&#8217; recente, em refer\u00eancia \u00e0s falas de Lula e da equipe de transi\u00e7\u00e3o sobre a companhia.<\/p>\n\n\n\n<p>Os especialistas apontam que a <strong>Lei das Estatais<\/strong> pode ser uma chave para o governo mudar a <a href=\"https:\/\/www.suno.com.br\/noticias\/petrobras-petr4-diesel-paridade-abicom\/\">pol\u00edtica de pre\u00e7os da Petrobras (de paridade internacional)<\/a>, al\u00e9m de reduzir os dividendos e congelar os desinvestimentos feitos &#8211; como a venda de refinarias.<\/p>\n\n\n\t<p>\n\t\t<a href=\"https:\/\/lp.suno.com.br\/planilha-da-vida-financeira\/\" target=\"_blank\" data-element=\"shortcode-suno-banner\" title=\"Banner SUNO, clique e saiba mais\">\n\t\t\t<picture>\n\t\t\t\t<source media=\"(max-width: 500px)\" srcset=\"https:\/\/files.sunoresearch.com.br\/n\/uploads\/2023\/04\/400x300-Planilha-vida-financeira-true.png\">\n\t\t\t\t<img class=\"newsContent__article__imgCapa newsContent__article__imgCapa--banner\"\n\t\t\t\t\tsrc=\"https:\/\/files.sunoresearch.com.br\/n\/uploads\/2023\/04\/1420x240-Planilha-vida-financeira-true.png\"\n\t\t\t\t\tdata-promo-id=\"106682\"\t\t\t\t\t\t\t\t\t\twidth='1420' height='240'\t\t\t\t\talt=\"https:\/\/files.sunoresearch.com.br\/n\/uploads\/2023\/04\/1420x240-Planilha-vida-financeira-true.png\"\n\t\t\t\t>\n\t\t\t<\/picture>\n\t\t<\/a>\n\t<\/p>\n\n\n","protected":false},"excerpt":{"rendered":"<p>Ainda na noite de ter\u00e7a-feira (13) a C\u00e2mara dos Deputados aprovou uma mudan\u00e7a na Lei das Estatais por 314 votos a 66. A mudan\u00e7a \u00e9 especificamente no trecho que prev\u00ea uma &#8216;quarentena da pol\u00edtica&#8217; para poder ocupar a presid\u00eancia de uma empresa p\u00fablica. Mercadante fala em \u201cabrasileirar\u201d pre\u00e7o do combust\u00edvel. Foto: Fabio Rodrigues Pozzebom\/Ag\u00eancia Brasil [&hellip;]<\/p>\n","protected":false},"author":73,"featured_media":331602,"comment_status":"closed","ping_status":"closed","sticky":false,"template":"","format":"standard","meta":[],"categories":[61],"tags":[938,901,1288,105816],"suno_strategy":[],"class_list":["post-333984","post","type-post","status-publish","format-standard","has-post-thumbnail","hentry","category-politica","tag-camara-dos-deputados","tag-congresso-nacional","tag-empresas-estatais","tag-especialistas"],"yoast_head":"<!-- This site is optimized with the Yoast SEO plugin v24.4 - https:\/\/yoast.com\/wordpress\/plugins\/seo\/ -->\n<title>C\u00e2mara muda Lei das Estatais e derruba &#039;quarentena pol\u00edtica&#039;; entenda<\/title>\n<meta name=\"description\" content=\"C\u00e2mara aprovou o texto que muda a Lei das Estatais horas ap\u00f3s a indica\u00e7\u00e3o de Mercadante para o BNDES. Clique e confira!\" \/>\n<meta name=\"robots\" content=\"index, follow, max-snippet:-1, max-image-preview:large, max-video-preview:-1\" \/>\n<link rel=\"canonical\" href=\"https:\/\/www.suno.com.br\/noticias\/camara-lei-das-estatais-quarentena\/\" \/>\n<meta property=\"og:locale\" content=\"pt_BR\" \/>\n<meta property=\"og:type\" content=\"article\" \/>\n<meta property=\"og:title\" content=\"C\u00e2mara muda Lei das Estatais e derruba &#039;quarentena pol\u00edtica&#039;; entenda\" \/>\n<meta property=\"og:description\" content=\"C\u00e2mara aprovou o texto que muda a Lei das Estatais horas ap\u00f3s a indica\u00e7\u00e3o de Mercadante para o BNDES. Clique e confira!\" \/>\n<meta property=\"og:url\" content=\"https:\/\/www.suno.com.br\/noticias\/camara-lei-das-estatais-quarentena\/\" \/>\n<meta property=\"og:site_name\" content=\"Suno Not\u00edcias\" \/>\n<meta property=\"article:publisher\" content=\"https:\/\/facebook.com\/sunoresearch\" \/>\n<meta property=\"og:image\" content=\"https:\/\/files.sunoresearch.com.br\/n\/uploads\/2022\/12\/Aloizio-Mercadante.jpg\" \/>\n\t<meta property=\"og:image:width\" content=\"1200\" \/>\n\t<meta property=\"og:image:height\" content=\"800\" \/>\n\t<meta property=\"og:image:type\" content=\"image\/jpeg\" \/>\n<meta name=\"author\" content=\"Eduardo Vargas\" \/>\n<meta name=\"twitter:card\" content=\"summary_large_image\" \/>\n<meta name=\"twitter:creator\" content=\"@sunoresearch\" \/>\n<meta name=\"twitter:site\" content=\"@sunoresearch\" \/>\n<meta name=\"twitter:label1\" content=\"Escrito por\" \/>\n\t<meta name=\"twitter:data1\" content=\"Eduardo Vargas\" \/>\n\t<meta name=\"twitter:label2\" content=\"Est. tempo de leitura\" \/>\n\t<meta name=\"twitter:data2\" content=\"3 minutos\" \/>\n<script type=\"application\/ld+json\" class=\"yoast-schema-graph\">{\"@context\":\"https:\/\/schema.org\",\"@graph\":[{\"@type\":\"NewsArticle\",\"@id\":\"https:\/\/www.suno.com.br\/noticias\/camara-lei-das-estatais-quarentena\/#article\",\"isPartOf\":{\"@id\":\"https:\/\/www.suno.com.br\/noticias\/camara-lei-das-estatais-quarentena\/\"},\"author\":{\"name\":\"Eduardo Vargas\",\"@id\":\"https:\/\/www.suno.com.br\/noticias\/#\/schema\/person\/7f4d362bf3518e76090143ae77bb49a5\"},\"headline\":\"C\u00e2mara muda Lei das Estatais e derruba &#8216;quarentena pol\u00edtica&#8217;; entenda\",\"datePublished\":\"2022-12-14T11:41:06+00:00\",\"dateModified\":\"2022-12-14T11:41:10+00:00\",\"mainEntityOfPage\":{\"@id\":\"https:\/\/www.suno.com.br\/noticias\/camara-lei-das-estatais-quarentena\/\"},\"wordCount\":485,\"publisher\":{\"@id\":\"https:\/\/www.suno.com.br\/noticias\/#organization\"},\"image\":{\"@id\":\"https:\/\/www.suno.com.br\/noticias\/camara-lei-das-estatais-quarentena\/#primaryimage\"},\"thumbnailUrl\":\"https:\/\/files.sunoresearch.com.br\/n\/uploads\/2022\/12\/Aloizio-Mercadante.jpg\",\"keywords\":[\"C\u00e2mara dos Deputados\",\"Congresso Nacional\",\"empresas estatais\",\"Especialistas\"],\"articleSection\":[\"Pol\u00edtica\"],\"inLanguage\":\"pt-BR\"},{\"@type\":\"WebPage\",\"@id\":\"https:\/\/www.suno.com.br\/noticias\/camara-lei-das-estatais-quarentena\/\",\"url\":\"https:\/\/www.suno.com.br\/noticias\/camara-lei-das-estatais-quarentena\/\",\"name\":\"C\u00e2mara muda Lei das Estatais e derruba 'quarentena pol\u00edtica'; entenda\",\"isPartOf\":{\"@id\":\"https:\/\/www.suno.com.br\/noticias\/#website\"},\"primaryImageOfPage\":{\"@id\":\"https:\/\/www.suno.com.br\/noticias\/camara-lei-das-estatais-quarentena\/#primaryimage\"},\"image\":{\"@id\":\"https:\/\/www.suno.com.br\/noticias\/camara-lei-das-estatais-quarentena\/#primaryimage\"},\"thumbnailUrl\":\"https:\/\/files.sunoresearch.com.br\/n\/uploads\/2022\/12\/Aloizio-Mercadante.jpg\",\"datePublished\":\"2022-12-14T11:41:06+00:00\",\"dateModified\":\"2022-12-14T11:41:10+00:00\",\"description\":\"C\u00e2mara aprovou o texto que muda a Lei das Estatais horas ap\u00f3s a indica\u00e7\u00e3o de Mercadante para o BNDES. Clique e confira!\",\"breadcrumb\":{\"@id\":\"https:\/\/www.suno.com.br\/noticias\/camara-lei-das-estatais-quarentena\/#breadcrumb\"},\"inLanguage\":\"pt-BR\",\"potentialAction\":[{\"@type\":\"ReadAction\",\"target\":[\"https:\/\/www.suno.com.br\/noticias\/camara-lei-das-estatais-quarentena\/\"]}]},{\"@type\":\"ImageObject\",\"inLanguage\":\"pt-BR\",\"@id\":\"https:\/\/www.suno.com.br\/noticias\/camara-lei-das-estatais-quarentena\/#primaryimage\",\"url\":\"https:\/\/files.sunoresearch.com.br\/n\/uploads\/2022\/12\/Aloizio-Mercadante.jpg\",\"contentUrl\":\"https:\/\/files.sunoresearch.com.br\/n\/uploads\/2022\/12\/Aloizio-Mercadante.jpg\",\"width\":1200,\"height\":800,\"caption\":\"Mercadante fala em \u201cabrasileirar\u201d pre\u00e7o do combust\u00edvel. Foto: Fabio Rodrigues Pozzebom\/Ag\u00eancia Brasil\"},{\"@type\":\"BreadcrumbList\",\"@id\":\"https:\/\/www.suno.com.br\/noticias\/camara-lei-das-estatais-quarentena\/#breadcrumb\",\"itemListElement\":[{\"@type\":\"ListItem\",\"position\":1,\"name\":\"Not\u00edcias\",\"item\":\"https:\/\/www.suno.com.br\/noticias\/\"},{\"@type\":\"ListItem\",\"position\":2,\"name\":\"Pol\u00edtica\",\"item\":\"https:\/\/www.suno.com.br\/noticias\/politica\/\"},{\"@type\":\"ListItem\",\"position\":3,\"name\":\"C\u00e2mara muda Lei das Estatais e derruba &#8216;quarentena pol\u00edtica&#8217;; entenda\"}]},{\"@type\":\"WebSite\",\"@id\":\"https:\/\/www.suno.com.br\/noticias\/#website\",\"url\":\"https:\/\/www.suno.com.br\/noticias\/\",\"name\":\"Suno Not\u00edcias\",\"description\":\"Seu portal de informa\u00e7\u00e3o sobre o mundo dos investimentos\",\"publisher\":{\"@id\":\"https:\/\/www.suno.com.br\/noticias\/#organization\"},\"potentialAction\":[{\"@type\":\"SearchAction\",\"target\":{\"@type\":\"EntryPoint\",\"urlTemplate\":\"https:\/\/www.suno.com.br\/noticias\/?s={search_term_string}\"},\"query-input\":{\"@type\":\"PropertyValueSpecification\",\"valueRequired\":true,\"valueName\":\"search_term_string\"}}],\"inLanguage\":\"pt-BR\"},{\"@type\":\"Organization\",\"@id\":\"https:\/\/www.suno.com.br\/noticias\/#organization\",\"name\":\"Suno Not\u00edcias\",\"url\":\"https:\/\/www.suno.com.br\/noticias\/\",\"logo\":{\"@type\":\"ImageObject\",\"inLanguage\":\"pt-BR\",\"@id\":\"https:\/\/www.suno.com.br\/noticias\/#\/schema\/logo\/image\/\",\"url\":\"https:\/\/files.sunoresearch.com.br\/n\/uploads\/2021\/09\/suno-logo.png\",\"contentUrl\":\"https:\/\/files.sunoresearch.com.br\/n\/uploads\/2021\/09\/suno-logo.png\",\"width\":180,\"height\":180,\"caption\":\"Suno Not\u00edcias\"},\"image\":{\"@id\":\"https:\/\/www.suno.com.br\/noticias\/#\/schema\/logo\/image\/\"},\"sameAs\":[\"https:\/\/facebook.com\/sunoresearch\",\"https:\/\/x.com\/sunoresearch\",\"https:\/\/www.instagram.com\/suno\",\"https:\/\/www.linkedin.com\/company\/suno-research\/\",\"https:\/\/www.youtube.com\/c\/sunoresearch\"]},{\"@type\":\"Person\",\"@id\":\"https:\/\/www.suno.com.br\/noticias\/#\/schema\/person\/7f4d362bf3518e76090143ae77bb49a5\",\"name\":\"Eduardo Vargas\",\"image\":{\"@type\":\"ImageObject\",\"inLanguage\":\"pt-BR\",\"@id\":\"https:\/\/www.suno.com.br\/noticias\/#\/schema\/person\/image\/\",\"url\":\"https:\/\/secure.gravatar.com\/avatar\/dac340933427a22924c9f99d1eb2e3f2?s=96&r=g\",\"contentUrl\":\"https:\/\/secure.gravatar.com\/avatar\/dac340933427a22924c9f99d1eb2e3f2?s=96&r=g\",\"caption\":\"Eduardo Vargas\"},\"description\":\"Jornalista formado pela UFSC, cobre macroeconomia, neg\u00f3cios e startups para o Suno Not\u00edcias, escrevendo principalmente not\u00edcias sobre o mercado financeiro e a bolsa de valores. No YouTube e no Instagram, \u00e9 respons\u00e1vel pela produ\u00e7\u00e3o de Reels e Shorts do Suno Not\u00edcias. Anteriormente, trabalhou cobrindo economia e cotidiano no ND+ e para o ND, maior jornal impresso de Santa Catarina. Cursou um semestre letivo de Estudos de M\u00eddia na Universidad de Buenos Aires.\",\"url\":\"https:\/\/www.suno.com.br\/noticias\/author\/eduardo-vargas\/\"}]}<\/script>\n<!-- \/ Yoast SEO plugin. -->","yoast_head_json":{"title":"C\u00e2mara muda Lei das Estatais e derruba 'quarentena pol\u00edtica'; entenda","description":"C\u00e2mara aprovou o texto que muda a Lei das Estatais horas ap\u00f3s a indica\u00e7\u00e3o de Mercadante para o BNDES. Clique e confira!","robots":{"index":"index","follow":"follow","max-snippet":"max-snippet:-1","max-image-preview":"max-image-preview:large","max-video-preview":"max-video-preview:-1"},"canonical":"https:\/\/www.suno.com.br\/noticias\/camara-lei-das-estatais-quarentena\/","og_locale":"pt_BR","og_type":"article","og_title":"C\u00e2mara muda Lei das Estatais e derruba 'quarentena pol\u00edtica'; entenda","og_description":"C\u00e2mara aprovou o texto que muda a Lei das Estatais horas ap\u00f3s a indica\u00e7\u00e3o de Mercadante para o BNDES. Clique e confira!","og_url":"https:\/\/www.suno.com.br\/noticias\/camara-lei-das-estatais-quarentena\/","og_site_name":"Suno Not\u00edcias","article_publisher":"https:\/\/facebook.com\/sunoresearch","og_image":[{"width":1200,"height":800,"url":"https:\/\/files.sunoresearch.com.br\/n\/uploads\/2022\/12\/Aloizio-Mercadante.jpg","type":"image\/jpeg"}],"author":"Eduardo Vargas","twitter_card":"summary_large_image","twitter_creator":"@sunoresearch","twitter_site":"@sunoresearch","twitter_misc":{"Escrito por":"Eduardo Vargas","Est. tempo de leitura":"3 minutos"},"schema":{"@context":"https:\/\/schema.org","@graph":[{"@type":"NewsArticle","@id":"https:\/\/www.suno.com.br\/noticias\/camara-lei-das-estatais-quarentena\/#article","isPartOf":{"@id":"https:\/\/www.suno.com.br\/noticias\/camara-lei-das-estatais-quarentena\/"},"author":{"name":"Eduardo Vargas","@id":"https:\/\/www.suno.com.br\/noticias\/#\/schema\/person\/7f4d362bf3518e76090143ae77bb49a5"},"headline":"C\u00e2mara muda Lei das Estatais e derruba &#8216;quarentena pol\u00edtica&#8217;; entenda","datePublished":"2022-12-14T11:41:06+00:00","dateModified":"2022-12-14T11:41:10+00:00","mainEntityOfPage":{"@id":"https:\/\/www.suno.com.br\/noticias\/camara-lei-das-estatais-quarentena\/"},"wordCount":485,"publisher":{"@id":"https:\/\/www.suno.com.br\/noticias\/#organization"},"image":{"@id":"https:\/\/www.suno.com.br\/noticias\/camara-lei-das-estatais-quarentena\/#primaryimage"},"thumbnailUrl":"https:\/\/files.sunoresearch.com.br\/n\/uploads\/2022\/12\/Aloizio-Mercadante.jpg","keywords":["C\u00e2mara dos Deputados","Congresso Nacional","empresas estatais","Especialistas"],"articleSection":["Pol\u00edtica"],"inLanguage":"pt-BR"},{"@type":"WebPage","@id":"https:\/\/www.suno.com.br\/noticias\/camara-lei-das-estatais-quarentena\/","url":"https:\/\/www.suno.com.br\/noticias\/camara-lei-das-estatais-quarentena\/","name":"C\u00e2mara muda Lei das Estatais e derruba 'quarentena pol\u00edtica'; entenda","isPartOf":{"@id":"https:\/\/www.suno.com.br\/noticias\/#website"},"primaryImageOfPage":{"@id":"https:\/\/www.suno.com.br\/noticias\/camara-lei-das-estatais-quarentena\/#primaryimage"},"image":{"@id":"https:\/\/www.suno.com.br\/noticias\/camara-lei-das-estatais-quarentena\/#primaryimage"},"thumbnailUrl":"https:\/\/files.sunoresearch.com.br\/n\/uploads\/2022\/12\/Aloizio-Mercadante.jpg","datePublished":"2022-12-14T11:41:06+00:00","dateModified":"2022-12-14T11:41:10+00:00","description":"C\u00e2mara aprovou o texto que muda a Lei das Estatais horas ap\u00f3s a indica\u00e7\u00e3o de Mercadante para o BNDES. Clique e confira!","breadcrumb":{"@id":"https:\/\/www.suno.com.br\/noticias\/camara-lei-das-estatais-quarentena\/#breadcrumb"},"inLanguage":"pt-BR","potentialAction":[{"@type":"ReadAction","target":["https:\/\/www.suno.com.br\/noticias\/camara-lei-das-estatais-quarentena\/"]}]},{"@type":"ImageObject","inLanguage":"pt-BR","@id":"https:\/\/www.suno.com.br\/noticias\/camara-lei-das-estatais-quarentena\/#primaryimage","url":"https:\/\/files.sunoresearch.com.br\/n\/uploads\/2022\/12\/Aloizio-Mercadante.jpg","contentUrl":"https:\/\/files.sunoresearch.com.br\/n\/uploads\/2022\/12\/Aloizio-Mercadante.jpg","width":1200,"height":800,"caption":"Mercadante fala em \u201cabrasileirar\u201d pre\u00e7o do combust\u00edvel. Foto: Fabio Rodrigues Pozzebom\/Ag\u00eancia Brasil"},{"@type":"BreadcrumbList","@id":"https:\/\/www.suno.com.br\/noticias\/camara-lei-das-estatais-quarentena\/#breadcrumb","itemListElement":[{"@type":"ListItem","position":1,"name":"Not\u00edcias","item":"https:\/\/www.suno.com.br\/noticias\/"},{"@type":"ListItem","position":2,"name":"Pol\u00edtica","item":"https:\/\/www.suno.com.br\/noticias\/politica\/"},{"@type":"ListItem","position":3,"name":"C\u00e2mara muda Lei das Estatais e derruba &#8216;quarentena pol\u00edtica&#8217;; entenda"}]},{"@type":"WebSite","@id":"https:\/\/www.suno.com.br\/noticias\/#website","url":"https:\/\/www.suno.com.br\/noticias\/","name":"Suno Not\u00edcias","description":"Seu portal de informa\u00e7\u00e3o sobre o mundo dos investimentos","publisher":{"@id":"https:\/\/www.suno.com.br\/noticias\/#organization"},"potentialAction":[{"@type":"SearchAction","target":{"@type":"EntryPoint","urlTemplate":"https:\/\/www.suno.com.br\/noticias\/?s={search_term_string}"},"query-input":{"@type":"PropertyValueSpecification","valueRequired":true,"valueName":"search_term_string"}}],"inLanguage":"pt-BR"},{"@type":"Organization","@id":"https:\/\/www.suno.com.br\/noticias\/#organization","name":"Suno Not\u00edcias","url":"https:\/\/www.suno.com.br\/noticias\/","logo":{"@type":"ImageObject","inLanguage":"pt-BR","@id":"https:\/\/www.suno.com.br\/noticias\/#\/schema\/logo\/image\/","url":"https:\/\/files.sunoresearch.com.br\/n\/uploads\/2021\/09\/suno-logo.png","contentUrl":"https:\/\/files.sunoresearch.com.br\/n\/uploads\/2021\/09\/suno-logo.png","width":180,"height":180,"caption":"Suno Not\u00edcias"},"image":{"@id":"https:\/\/www.suno.com.br\/noticias\/#\/schema\/logo\/image\/"},"sameAs":["https:\/\/facebook.com\/sunoresearch","https:\/\/x.com\/sunoresearch","https:\/\/www.instagram.com\/suno","https:\/\/www.linkedin.com\/company\/suno-research\/","https:\/\/www.youtube.com\/c\/sunoresearch"]},{"@type":"Person","@id":"https:\/\/www.suno.com.br\/noticias\/#\/schema\/person\/7f4d362bf3518e76090143ae77bb49a5","name":"Eduardo Vargas","image":{"@type":"ImageObject","inLanguage":"pt-BR","@id":"https:\/\/www.suno.com.br\/noticias\/#\/schema\/person\/image\/","url":"https:\/\/secure.gravatar.com\/avatar\/dac340933427a22924c9f99d1eb2e3f2?s=96&r=g","contentUrl":"https:\/\/secure.gravatar.com\/avatar\/dac340933427a22924c9f99d1eb2e3f2?s=96&r=g","caption":"Eduardo Vargas"},"description":"Jornalista formado pela UFSC, cobre macroeconomia, neg\u00f3cios e startups para o Suno Not\u00edcias, escrevendo principalmente not\u00edcias sobre o mercado financeiro e a bolsa de valores. No YouTube e no Instagram, \u00e9 respons\u00e1vel pela produ\u00e7\u00e3o de Reels e Shorts do Suno Not\u00edcias. Anteriormente, trabalhou cobrindo economia e cotidiano no ND+ e para o ND, maior jornal impresso de Santa Catarina. Cursou um semestre letivo de Estudos de M\u00eddia na Universidad de Buenos Aires.","url":"https:\/\/www.suno.com.br\/noticias\/author\/eduardo-vargas\/"}]}},"default_loop_html":"<div class=\"cardsPage__listCard__boxs\"><div class=\"cardsPage__listCard__boxs__img\"><a href=\"https:\/\/www.suno.com.br\/noticias\/camara-lei-das-estatais-quarentena\/\"><img class=\"mask\" src=\"https:\/\/www.suno.com.br\/noticias\/wp-content\/themes\/suno\/resources\/images\/spotlight\/spotlight1img\/bg-mask.png\" alt=\"Image Mask\"\/><img src=\"https:\/\/files.sunoresearch.com.br\/n\/uploads\/2022\/12\/Aloizio-Mercadante-400x200.jpg\" alt=\"C\u00e2mara muda Lei das Estatais e derruba &#8216;quarentena pol\u00edtica&#8217;; entenda\"\/><\/a><span class=\"spotlightCategory\"><a href=\"https:\/\/www.suno.com.br\/noticias\/politica\/\">Pol\u00edtica<\/a><\/span><\/div><div class=\"cardsPage__listCard__boxs__content\"><a href=\"https:\/\/www.suno.com.br\/noticias\/camara-lei-das-estatais-quarentena\/\"><h2 class=\"content__title\">C\u00e2mara muda Lei das Estatais e derruba &#8216;quarentena pol\u00edtica&#8217;; entenda<\/h2><\/a><div class=\"newsContent__article__meta\"><div class=\"newsContent__article__meta__authorBox\"><a href=\"https:\/\/www.suno.com.br\/noticias\/author\/eduardo-vargas\/\" class=\"authorBox__avatar noMobi\"><img src=\"https:\/\/secure.gravatar.com\/avatar\/dac340933427a22924c9f99d1eb2e3f2?s=96&#038;r=g\" alt=\"Eduardo Vargas\"><\/a><div class=\"authorBox__name\"><span>por\n\t\t\t<a href=\"https:\/\/www.suno.com.br\/noticias\/author\/eduardo-vargas\/\"><span itemprop=\"author\">Eduardo Vargas<\/span><\/a><\/span><time datetime=\"2022-12-14T08:41:06-03:00\" itemprop=\"datePublished\">14\/12\/2022 08:41<\/time><\/div><\/div><\/div><\/div><\/div>","single_layout":"posts","amp_enabled":true,"_links":{"self":[{"href":"https:\/\/www.suno.com.br\/noticias\/wp-json\/wp\/v2\/posts\/333984"}],"collection":[{"href":"https:\/\/www.suno.com.br\/noticias\/wp-json\/wp\/v2\/posts"}],"about":[{"href":"https:\/\/www.suno.com.br\/noticias\/wp-json\/wp\/v2\/types\/post"}],"author":[{"embeddable":true,"href":"https:\/\/www.suno.com.br\/noticias\/wp-json\/wp\/v2\/users\/73"}],"replies":[{"embeddable":true,"href":"https:\/\/www.suno.com.br\/noticias\/wp-json\/wp\/v2\/comments?post=333984"}],"version-history":[{"count":3,"href":"https:\/\/www.suno.com.br\/noticias\/wp-json\/wp\/v2\/posts\/333984\/revisions"}],"predecessor-version":[{"id":334003,"href":"https:\/\/www.suno.com.br\/noticias\/wp-json\/wp\/v2\/posts\/333984\/revisions\/334003"}],"wp:featuredmedia":[{"embeddable":true,"href":"https:\/\/www.suno.com.br\/noticias\/wp-json\/wp\/v2\/media\/331602"}],"wp:attachment":[{"href":"https:\/\/www.suno.com.br\/noticias\/wp-json\/wp\/v2\/media?parent=333984"}],"wp:term":[{"taxonomy":"category","embeddable":true,"href":"https:\/\/www.suno.com.br\/noticias\/wp-json\/wp\/v2\/categories?post=333984"},{"taxonomy":"post_tag","embeddable":true,"href":"https:\/\/www.suno.com.br\/noticias\/wp-json\/wp\/v2\/tags?post=333984"},{"taxonomy":"suno_strategy","embeddable":true,"href":"https:\/\/www.suno.com.br\/noticias\/wp-json\/wp\/v2\/suno_strategy?post=333984"}],"curies":[{"name":"wp","href":"https:\/\/api.w.org\/{rel}","templated":true}]}}