{"id":333958,"date":"2022-12-13T22:12:00","date_gmt":"2022-12-14T01:12:00","guid":{"rendered":"https:\/\/www.suno.com.br\/noticias\/?p=333958"},"modified":"2022-12-13T22:12:19","modified_gmt":"2022-12-14T01:12:19","slug":"radar-magazine-luiza-mglu3-weg-wege3-fleury-flry3","status":"publish","type":"post","link":"https:\/\/www.suno.com.br\/noticias\/radar-magazine-luiza-mglu3-weg-wege3-fleury-flry3\/","title":{"rendered":"Radar: O que esperar do Magazine Luiza (MGLU3) em 2023?; Weg (WEGE3) vai pagar R$ 228 milh\u00f5es em JCP e Fleury (FLRY3) vai pagar R$ 107,9 milh\u00f5es em JCP"},"content":{"rendered":"<p>Luiza Helena Trajano, presidente do <a class=\"suno-keyword\" data-force=\"no\" data-priority=\"1\" href=\"https:\/\/www.suno.com.br\/artigos\/conselho-administracao\/\" target=\"_blank\" rel=\"noopener\">conselho de administra\u00e7\u00e3o<\/a> do <strong>Magazine Luiza (<a href=\"https:\/\/www.suno.com.br\/acoes\/mglu3\/\" target=\"_blank\" rel=\"noreferrer noopener\">MGLU3<\/a>)<\/strong>, adianta que o foco da varejista em 2023 ser\u00e1 na consolida\u00e7\u00e3o do marketplace e no cuidado com os vendedores e pequenos empreendedores da plataforma. A executiva n\u00e3o teme as proje\u00e7\u00f5es de aumento dos juros e da infla\u00e7\u00e3o para o pr\u00f3ximo ano, nem uma eventual desacelera\u00e7\u00e3o do varejo.<\/p>\t<div class=\"wrapper-featured-image\">\n\t\t<figure class=\"spotlightImg\">\n\n\t\t\t<picture>\n\t\t\t\t<source media=\"(max-width: 768px)\" srcset=\"https:\/\/files.sunoresearch.com.br\/n\/uploads\/2021\/06\/63c5b3f4-whatsapp-image-2021-06-21-at-2.47.44-pm-400x200.webp\">\n\t\t\t\t<img loading=\"lazy\" decoding=\"async\" class=\"newsContent__article__imgCapa lazyloadDisabled \" src=\"https:\/\/files.sunoresearch.com.br\/n\/uploads\/2021\/06\/63c5b3f4-whatsapp-image-2021-06-21-at-2.47.44-pm-800x450.webp\" width=\"800\" height=\"450\" alt=\"Radar: O que esperar do Magazine Luiza (MGLU3) em 2023?; Weg (WEGE3) vai pagar R$ 228 milh\u00f5es em JCP e Fleury (FLRY3) vai pagar R$ 107,9 milh\u00f5es em JCP\" fetchpriority=high \/>\n\t\t\t<\/picture>\n\n\t\t\t<figcaption class=\"wp-caption-text wp-caption-text--show\">Magazine Luiza. Foto: Divulga\u00e7\u00e3o<\/figcaption>\n\t\t<\/figure>\n\t<\/div>\n\n\n\n\n\n\t<p>\n\t\t<a href=\"\" target=\"_blank\" data-element=\"shortcode-suno-banner\" title=\"Banner SUNO, clique e saiba mais\">\n\t\t\t<picture>\n\t\t\t\t<source media=\"(max-width: 500px)\" srcset=\"\">\n\t\t\t\t<img class=\"newsContent__article__imgCapa newsContent__article__imgCapa--banner\"\n\t\t\t\t\tsrc=\"\"\n\t\t\t\t\tdata-promo-id=\"138420\"\t\t\t\t\t\t\t\t\t\t\t\t\t\t\talt=\"\"\n\t\t\t\t>\n\t\t\t<\/picture>\n\t\t<\/a>\n\t<\/p>\n\n\n\n\n\n<p>&#8220;Estamos trabalhando para consolidar ainda mais o marketplace e dar aos vendedores e pequenos empreendedores condi\u00e7\u00f5es para sobreviverem bem. Compramos muitas empresas, desde treinamento at\u00e9 log\u00edstica, e passamos a nossa experi\u00eancia, tudo que n\u00f3s temos de sistema, para o pequeno e micro empres\u00e1rio&#8221;, explica Luiza em entrevista ao jornal O Estado de S\u00e3o Paulo.<\/p>\n\n\n\n<p>As previs\u00f5es da <a class=\"suno-keyword\" target=\"_blank\" data-force=\"no\" data-priority=\"1\" href=\"https:\/\/www.suno.com.br\/artigos\/omc-organizacao-mundial-do-comercio\/\" rel=\"noopener\">Organiza\u00e7\u00e3o Mundial do Com\u00e9rcio<\/a> (OMC) apontam que o<strong> varejo <\/strong>mundial deve desacelerar no pr\u00f3ximo ano e crescer apenas 1%, sendo que a previs\u00e3o anterior era de 3,4%.<\/p>\n\n\n\n<p>Passada a Black Friday, as incertezas sobre o cen\u00e1rio pol\u00edtico e o endividamento da popula\u00e7\u00e3o preocupam o mercado e jogam um balde de \u00e1gua fria no setor. Contudo, n\u00e3o \u00e9 assim que <strong>Luiza Helena Trajano<\/strong> enxerga esse horizonte:<\/p>\n\n\n\n<blockquote class=\"wp-block-quote is-layout-flow wp-block-quote-is-layout-flow\">\n<p>Escutei isso a vida toda: &#8216;Ah, o varejo vai desacelerar&#8217;, depois &#8216;ah, n\u00e3o vai mais desacelerar&#8217; e etc. Ent\u00e3o, nem entro nisso mais porque eu acredito que o Bolsa Fam\u00edlia (atual Aux\u00edlio Brasil) vai continuar, e isso \u00e9 muito importante para o varejo.<\/p>\n<\/blockquote>\n\n\n\n<p>Para a executiva, o ano de 2022 no <strong>Magalu<\/strong> foi de aprendizado: &#8220;Este foi um ano de p\u00f3s-pandemia, j\u00e1 t\u00ednhamos comprado muitas empresas e o mercado, nesse segmento, j\u00e1 comprou muito antes o crescimento [da companhia]&#8221;.<\/p>\n\n\n\n<p>&#8220;Nos \u00faltimos tr\u00eas anos, o crescimento foi grande e 2022 foi um ano que paramos para estruturar tanta coisa que n\u00f3s crescemos. Foi um ano de aprendizado&#8221;, resume.<\/p>\n\n\n\n<h2 class=\"wp-block-heading\" id=\"h-magazine-luiza-em-crise\">Magazine Luiza em crise?<\/h2>\n\n\n\n<p>Segundo um levantamento do Status Invest, nos \u00faltimos doze meses, as <strong>a\u00e7\u00f5es do Magalu<\/strong> derreteram 54,21% na <a class=\"suno-keyword\" data-force=\"no\" data-priority=\"3\" href=\"https:\/\/www.suno.com.br\/guias\/bolsa-de-valores\/\" target=\"_blank\" rel=\"noopener\">bolsa de valores<\/a>. Contudo, a executiva defende que o investidor tem &#8220;v\u00e1rios motivos&#8221; para comprar os pap\u00e9is da varejista.<\/p>\n\n\n\n<p>&#8220;Primeiro porque o Magazine Luiza \u00e9 um multicanal nacional muito forte. Nascemos no canal f\u00edsico e conseguimos continuar com lojas f\u00edsicas \u2013 vemos que todo mundo hoje valoriza as lojas f\u00edsicas \u2013, mas tamb\u00e9m digitalizamos as vendas&#8221;, inicia Luiza, ao ressaltar que a sua empresa saiu na frente nesse quesito.<\/p>\n\n\n\n<blockquote class=\"wp-block-quote is-layout-flow wp-block-quote-is-layout-flow\">\n<p>Com todo respeito a todas que nasceram no digital, mas voc\u00ea v\u00ea que elas est\u00e3o entrando no mundo f\u00edsico agora. Foi quando come\u00e7aram a olhar o Magazine Luiza de forma diferente.<\/p>\n<\/blockquote>\n\n\n\n<p>&#8220;Al\u00e9m disso, n\u00e3o aceitamos vendedores que fazem qualquer tipo de coisa contra o ESG ou pirataria, mesmo que isso d\u00ea dinheiro. N\u00f3s lutamos pela sustentabilidade da empresa&#8221;, complementa a dona do <strong>Magazine Luiza<\/strong>.<\/p>\n\n\n\n<p><em>Al\u00e9m da<\/em><strong><em>\u00a0Magazine Luiza<\/em><\/strong><em>, confira outros destaques desta ter\u00e7a-feira<\/em>:<a href=\"https:\/\/lp.suno.com.br\/asset\/suno-energias-limpas-snel11\/\" target=\"_blank\" rel=\"noreferrer noopener\"><\/a><\/p>\n\n\n\n<p><a href=\"https:\/\/lp.suno.com.br\/pv\/sr-premium\/viver-de-renda\/\" target=\"_blank\" rel=\"noreferrer noopener\"><\/a><\/p>\n\n\n\t<p>\n\t\t<a href=\"https:\/\/lp.suno.com.br\/planilha-controle-gastos\/\" target=\"_blank\" data-element=\"shortcode-suno-banner\" title=\"Banner SUNO, clique e saiba mais\">\n\t\t\t<picture>\n\t\t\t\t<source media=\"(max-width: 500px)\" srcset=\"https:\/\/files.sunoresearch.com.br\/n\/uploads\/2023\/03\/400x300-Planilha-controle-de-gastos.png\">\n\t\t\t\t<img class=\"newsContent__article__imgCapa newsContent__article__imgCapa--banner\"\n\t\t\t\t\tsrc=\"https:\/\/files.sunoresearch.com.br\/n\/uploads\/2023\/03\/1420x240-Planilha-controle-de-gastos.png\"\n\t\t\t\t\tdata-promo-id=\"101751\"\t\t\t\t\t\t\t\t\t\twidth='1420' height='240'\t\t\t\t\talt=\"https:\/\/files.sunoresearch.com.br\/n\/uploads\/2023\/03\/1420x240-Planilha-controle-de-gastos.png\"\n\t\t\t\t>\n\t\t\t<\/picture>\n\t\t<\/a>\n\t<\/p>\n\n\n\n\n\n<h2 class=\"wp-block-heading\">Weg (WEGE3) vai pagar R$ 228 milh\u00f5es em JCP; Veja o valor por a\u00e7\u00e3o<\/h2>\n\n\n\n<ul class=\"wp-block-list\">\n<li>O <a class=\"suno-keyword\" data-force=\"no\" data-priority=\"1\" href=\"https:\/\/www.suno.com.br\/artigos\/conselho-administracao\/\" target=\"_blank\" rel=\"noopener\">conselho de administra\u00e7\u00e3o<\/a> da <strong>Weg<\/strong> (WEGE3) aprovou o pagamento de R$ 228,06 milh\u00f5es em <a class=\"suno-keyword\" data-force=\"no\" data-priority=\"1\" href=\"https:\/\/www.suno.com.br\/artigos\/entenda-o-jcp\/\" target=\"_blank\" rel=\"noopener\">juros sobre capital pr\u00f3prio<\/a> (JCP), conforme anunciado ao mercado nesta ter\u00e7a-feira (13).<\/li>\n\n\n\n<li>Os <strong>JCP da Weg <\/strong>correspondem a R$ 0,054 por a\u00e7\u00e3o, sendo aprovados em reuni\u00e3o do <a class=\"suno-keyword\" target=\"_blank\" data-force=\"no\" data-priority=\"1\" href=\"https:\/\/www.suno.com.br\/artigos\/conselho-administracao\/\" rel=\"noopener\">conselho de administra\u00e7\u00e3o<\/a> da empresa realizada na tarde de hoje.<\/li>\n\n\n\n<li>A <strong>data de pagamento dos JCP da Weg<\/strong> ser\u00e1 em 15 de mar\u00e7o de 2023.<\/li>\n\n\n\n<li>A distribui\u00e7\u00e3o dos proventos ser\u00e1 feita aos investidores com posi\u00e7\u00e3o acion\u00e1ria at\u00e9 16 de dezembro de 2022. Assim, a partir de 19 de dezembro, as <strong>a\u00e7\u00f5es da Weg<\/strong> ser\u00e3o negociadas sem direito ao recebimento dos JCP.<\/li>\n\n\n\n<li>Sobre o valor dos<strong> <a class=\"suno-keyword\" target=\"_blank\" data-force=\"no\" data-priority=\"1\" href=\"https:\/\/www.suno.com.br\/artigos\/entenda-o-jcp\/\" rel=\"noopener\">juros sobre capital pr\u00f3prio<\/a> da Weg<\/strong> recebido pelos investidores, vai incidir a cobran\u00e7a de imposto de renda na fonte de 15%, gerando aos acionistas um valor l\u00edquido de R$ 0,0462 por a\u00e7\u00e3o.<\/li>\n\n\n\n<li>A exce\u00e7\u00e3o, nesse caso, s\u00e3o os acionistas que comprovarem sua condi\u00e7\u00e3o de imunes ou de<\/li>\n\n\n\n<li>isentos da reten\u00e7\u00e3o do imposto at\u00e9 16 de dezembro de 2022, junto ao Banco Bradesco, que \u00e9 a institui\u00e7\u00e3o financeira escrituraria das a\u00e7\u00f5es da Weg.<\/li>\n\n\n\n<li><strong>JCP da Weg<\/strong><\/li>\n\n\n\n<li>Valor total: R$ 228.065.777,80<\/li>\n\n\n\n<li>Valor por a\u00e7\u00e3o: R$ 0,054352941<\/li>\n\n\n\n<li>Valor l\u00edquido por a\u00e7\u00e3o: R$ 0,046200000 (ap\u00f3s imposto de renda de 15%):<\/li>\n\n\n\n<li>Data de corte: 16 de dezembro de 2022<\/li>\n\n\n\n<li>Data do pagamento: 15 de mar\u00e7o de 2023<\/li>\n<\/ul>\n\n\n\n<ul class=\"wp-block-list\">\n<li><strong>Aumento do prazo para isen\u00e7\u00e3o em pain\u00e9is solares pode beneficiar Weg<\/strong><\/li>\n\n\n\n<li>No dia 6 de dezembro de 2022, a C\u00e2mara dos Deputados aprovou um projeto de lei que aumenta o prazo final para que os consumidores possam solicitar acesso \u00e0 rede quando instalarem placas de painel solar sem pagar tarifas.<\/li>\n\n\n\n<li>O prazo atual terminaria no dia 7 de janeiro e o projeto de extens\u00e3o desse prazo agora ser\u00e1 votado pelo Senado.<\/li>\n\n\n\n<li>Essa not\u00edcia foi bem vista pelos<strong> investidores da Weg<\/strong>, que tem como uma de suas pautas a transforma\u00e7\u00e3o energ\u00e9tica.<\/li>\n\n\n\n<li>Segundo o Ita\u00fa BBA, \u201cse o adiamento tamb\u00e9m for aprovado pelo Senado, os <strong>clientes da Weg <\/strong>ter\u00e3o mais meio ano para colocar de p\u00e9 projetos solares. Ainda que o reajuste na tarifa deva ser institu\u00eddo, a posterga\u00e7\u00e3o deve acelerar as receitas em GTD dom\u00e9stica da companhia nesse pr\u00f3ximo semestre\u201d.<\/li>\n\n\n\n<li>As <strong>proje\u00e7\u00f5es da Weg <\/strong>apontam que essa mudan\u00e7a pode trazer uma diminui\u00e7\u00e3o na <a class=\"suno-keyword\" target=\"_blank\" data-force=\"no\" data-priority=\"1\" href=\"https:\/\/www.suno.com.br\/artigos\/taxa-interna-de-retorno\/\" rel=\"noopener\">Taxa Interna de Retorno<\/a> (TIR) patrimonial dos parques solares remotos, que passaria de 15% para menos de 5%.<\/li>\n\n\n\n<li><strong>Cota\u00e7\u00e3o da Weg<\/strong><\/li>\n\n\n\n<li>As a\u00e7\u00f5es da <strong>Weg<\/strong>, negociadas sob o ticker <strong>WEGE3<\/strong>, encerraram a sess\u00e3o de hoje em queda de 0,78%, a R$ 35,79. Assim, os pap\u00e9is da empresa tiveram sua terceira baixa di\u00e1ria seguida, acumulando desempenho negativo de 8,23% em dezembro.<\/li>\n<\/ul>\n\n\n\t<p>\n\t\t<a href=\"https:\/\/lp.suno.com.br\/planilha-da-vida-financeira\/\" target=\"_blank\" data-element=\"shortcode-suno-banner\" title=\"Banner SUNO, clique e saiba mais\">\n\t\t\t<picture>\n\t\t\t\t<source media=\"(max-width: 500px)\" srcset=\"https:\/\/files.sunoresearch.com.br\/n\/uploads\/2023\/04\/400x300-Planilha-vida-financeira-true.png\">\n\t\t\t\t<img class=\"newsContent__article__imgCapa newsContent__article__imgCapa--banner\"\n\t\t\t\t\tsrc=\"https:\/\/files.sunoresearch.com.br\/n\/uploads\/2023\/04\/1420x240-Planilha-vida-financeira-true.png\"\n\t\t\t\t\tdata-promo-id=\"106682\"\t\t\t\t\t\t\t\t\t\twidth='1420' height='240'\t\t\t\t\talt=\"https:\/\/files.sunoresearch.com.br\/n\/uploads\/2023\/04\/1420x240-Planilha-vida-financeira-true.png\"\n\t\t\t\t>\n\t\t\t<\/picture>\n\t\t<\/a>\n\t<\/p>\n\n\n\n\n\n<h2 class=\"wp-block-heading\">Fleury (FLRY3) vai pagar R$ 107,9 milh\u00f5es em JCP; Veja o valor por a\u00e7\u00e3o e a data de pagamento<\/h2>\n\n\n\n<ul class=\"wp-block-list\">\n<li>O <a class=\"suno-keyword\" data-force=\"no\" data-priority=\"1\" href=\"https:\/\/www.suno.com.br\/artigos\/conselho-administracao\/\" target=\"_blank\" rel=\"noopener\">conselho de administra\u00e7\u00e3o<\/a> da <strong>Fleury<\/strong> (FLRY3) aprovou o pagamento de <a class=\"suno-keyword\" data-force=\"no\" data-priority=\"1\" href=\"https:\/\/www.suno.com.br\/artigos\/entenda-o-jcp\/\" target=\"_blank\" rel=\"noopener\">juros sobre o capital pr\u00f3prio<\/a> (JCP) de quase R$ 107,9 milh\u00f5es, conforme anunciado ao mercado nesta ter\u00e7a-feira (13).<\/li>\n\n\n\n<li>Os <strong>JCP da Fleury<\/strong> correspondem ao valor bruto de R$ 0,294 por a\u00e7\u00e3o, exceto para as <a class=\"suno-keyword\" target=\"_blank\" data-force=\"no\" data-priority=\"1\" href=\"https:\/\/www.suno.com.br\/artigos\/acoes-em-tesouraria\/\" rel=\"noopener\">a\u00e7\u00f5es em tesouraria<\/a>.<\/li>\n\n\n\n<li>A data de pagamento dos <strong>juros sobre o capital pr\u00f3prio da Fleury<\/strong> ser\u00e1 em 29 de dezembro de 2022.<\/li>\n\n\n\n<li>Os <strong>proventos da Fleury<\/strong> ser\u00e3o destinados aos investidores com posi\u00e7\u00e3o acion\u00e1ria at\u00e9 o final da sess\u00e3o de 19 de dezembro de 2022.<\/li>\n\n\n\n<li>Sendo assim, a partir de 20 de dezembro, as <strong>a\u00e7\u00f5es da Fleury<\/strong> ser\u00e3o negociadas sem direito ao recebimento dos proventos.<\/li>\n\n\n\n<li>O<strong> valor dos JCP da Fleury<\/strong> estar\u00e1 sujeito \u00e0 reten\u00e7\u00e3o do imposto de renda na fonte \u00e0 al\u00edquota de 15%, com exce\u00e7\u00e3o dos acionistas que comprovarem ser isentos, ou os domiciliados em pa\u00edses onde a legisla\u00e7\u00e3o tenha uma al\u00edquota diferente.<\/li>\n\n\n\n<li>Os juros sobre o capital pr\u00f3prio l\u00edquidos do imposto de renda ser\u00e3o imputados ao dividendo m\u00ednimo obrigat\u00f3rio do <a class=\"suno-keyword\" data-force=\"no\" data-priority=\"1\" href=\"https:\/\/www.suno.com.br\/artigos\/exercicio-social\/\" target=\"_blank\" rel=\"noopener\">exerc\u00edcio social<\/a> da empresa, que termina em 31 de dezembro de 2022.<\/li>\n\n\n\n<li>Os JCP ser\u00e3o creditados aos acionistas com a\u00e7\u00f5es depositadas na B3, conforme os procedimentos adotados pela empresa respons\u00e1vel pela Bolsa de Valores brasileira. Nesse caso, a B3 vai repassar os recursos aos <strong>investidores da Fleury<\/strong> por meio dos seus agentes de cust\u00f3dia.<\/li>\n\n\n\n<li>Para os demais acionistas, o pagamento dos proventos ser\u00e1 feito conforme o cadastro no Banco Bradesco, que \u00e9 a institui\u00e7\u00e3o financeira escritur\u00e1ria das a\u00e7\u00f5es de emiss\u00e3o da empresa.<\/li>\n\n\n\n<li>\u201cOs acionistas cujos cadastros estejam desatualizados dever\u00e3o se dirigir a uma ag\u00eancia do Banco Bradesco S.A. para atualiza\u00e7\u00e3o dos dados cadastrais\u201d, explica a Fleury em seu comunicado.<\/li>\n\n\n\n<li><strong>JCP da Fleury<\/strong><\/li>\n\n\n\n<li>Valor total: R$ 107.898.426,21<\/li>\n\n\n\n<li>Valor por a\u00e7\u00e3o: R$ 0,29447941115<\/li>\n\n\n\n<li>Data de corte: 19 de dezembro de 2022<\/li>\n\n\n\n<li>Data do pagamento: 29 de dezembro de 2022<\/li>\n<\/ul>\n\n\n\n<ul class=\"wp-block-list\">\n<li><strong>A\u00e7\u00f5es emitidas no aumento de capital da Fleury come\u00e7am a ser negociadas na B3<\/strong><\/li>\n\n\n\n<li>Na \u00faltima sexta-feira (9), a Fleury comunicou o come\u00e7o da negocia\u00e7\u00e3o na B3 das novas a\u00e7\u00f5es emitidas durante o processo de <a class=\"suno-keyword\" target=\"_blank\" data-force=\"no\" data-priority=\"1\" href=\"https:\/\/www.suno.com.br\/artigos\/aumento-capital\/\" rel=\"noopener\">aumento de capital<\/a> privado, cuja aprova\u00e7\u00e3o ocorreu em 14 de outubro.<\/li>\n\n\n\n<li>O <strong>aumento de capital da Fleury<\/strong> passou a acontecer a partir de ontem (12), ap\u00f3s ser homologado na quinta-feira passada (8).<\/li>\n\n\n\n<li>As a\u00e7\u00f5es que forem subscritas e integralizadas ainda s\u00e3o pass\u00edveis de visualiza\u00e7\u00e3o nos extratos de seus subscritores a partir de amanh\u00e3 (14).<\/li>\n\n\n\n<li><strong>Cota\u00e7\u00e3o da Fleury<\/strong><\/li>\n\n\n\n<li>As a\u00e7\u00f5es da Fleury, negociadas sob o ticker <strong>FLRY3<\/strong>, encerraram a sess\u00e3o desta ter\u00e7a-feira (13) em queda de 3,48%, a R$ 14,96. Assim, os pap\u00e9is da companhia registram a quarta baixa di\u00e1ria consecutiva.<\/li>\n\n\n\n<li>Com isso, o pre\u00e7o das a\u00e7\u00f5es da <strong>Fleury<\/strong> alcan\u00e7ou seu menor patamar de fechamento desde o dia 25 de julho de 2022.<\/li>\n<\/ul>\n\n\n\t<p>\n\t\t<a href=\"https:\/\/lp.suno.com.br\/ebook-como-analisar-uma-acao\/\" target=\"_blank\" data-element=\"shortcode-suno-banner\" title=\"Banner SUNO, clique e saiba mais\">\n\t\t\t<picture>\n\t\t\t\t<source media=\"(max-width: 500px)\" srcset=\"https:\/\/files.sunoresearch.com.br\/n\/uploads\/2023\/03\/Ebook-Acoes-Mobile-1.jpg\">\n\t\t\t\t<img class=\"newsContent__article__imgCapa newsContent__article__imgCapa--banner\"\n\t\t\t\t\tsrc=\"https:\/\/files.sunoresearch.com.br\/n\/uploads\/2023\/03\/Ebook-Acoes-Desktop-1.jpg\"\n\t\t\t\t\tdata-promo-id=\"171998\"\t\t\t\t\t\t\t\t\t\twidth='1420' height='286'\t\t\t\t\talt=\"https:\/\/files.sunoresearch.com.br\/n\/uploads\/2023\/03\/Ebook-Acoes-Desktop-1.jpg\"\n\t\t\t\t>\n\t\t\t<\/picture>\n\t\t<\/a>\n\t<\/p>\n\n\n\n\n\n<h2 class=\"wp-block-heading\">Vale (VALE3) anuncia mudan\u00e7a no valor do JCP; veja como ficou<\/h2>\n\n\n\n<ul class=\"wp-block-list\">\n<li>Nesta ter\u00e7a-feira (13), a <strong>Vale <\/strong>(VALE3) anunciou, em continuidade ao <a class=\"suno-keyword\" data-force=\"no\" data-priority=\"1\" href=\"https:\/\/www.suno.com.br\/artigos\/fato-relevante\/\" target=\"_blank\" rel=\"noopener\">fato relevante<\/a> divulgado em 1\u00ba de dezembro, que houve altera\u00e7\u00e3o do n\u00famero de <a class=\"suno-keyword\" data-force=\"no\" data-priority=\"1\" href=\"https:\/\/www.suno.com.br\/artigos\/acoes-em-tesouraria\/\" target=\"_blank\" rel=\"noopener\">a\u00e7\u00f5es em tesouraria<\/a> da mineradora, devido ao programa de recompra. Por conta disso, o valor bruto final dos <a class=\"suno-keyword\" data-force=\"no\" data-priority=\"1\" href=\"https:\/\/www.suno.com.br\/artigos\/entenda-o-jcp\/\" target=\"_blank\" rel=\"noopener\">juros sobre capital pr\u00f3prio<\/a> (JCP) por a\u00e7\u00e3o passou a ser de R$ 0,292012688 por a\u00e7\u00e3o.<\/li>\n\n\n\n<li>Em comunicado desta ter\u00e7a-feira, a Vale ainda afirmou que seguem inalteradas as demais datas e informa\u00e7\u00f5es presentes no <a class=\"suno-keyword\" target=\"_blank\" data-force=\"no\" data-priority=\"1\" href=\"https:\/\/www.suno.com.br\/artigos\/fato-relevante\/\" rel=\"noopener\">fato relevante<\/a> de 1\u00ba de dezembro.<\/li>\n\n\n\n<li>No fato relevante, a Vale tinha anunciado que aprovou a declara\u00e7\u00e3o de JCP no valor total bruto de R$1.319.000.000,00. Na ocasi\u00e3o, o valor bruto final dos juros sobre capital pr\u00f3prio era de R$ 0,290809381 por a\u00e7\u00e3o.<\/li>\n\n\n\n<li>A mineradora alegou que a soma foi apurada com base no balan\u00e7o levantado na data base de 30 de setembro deste ano, e referente \u00e0 antecipa\u00e7\u00e3o da destina\u00e7\u00e3o de resultado do presente exerc\u00edcio.<\/li>\n\n\n\n<li>O documento ainda informou que o valor do JCP da Vale ser\u00e1 abatido do montante a ser deliberado referente ao segundo semestre deste ano, de acordo com a Pol\u00edtica de Remunera\u00e7\u00e3o aos Acionistas.<\/li>\n\n\n\n<li>Por fim, o fato relevante apontou que o Comit\u00ea Executivo da Vale deliberar\u00e1,&nbsp;oportunamente, sobre a forma e data de pagamento dos juros sobre capital pr\u00f3prio.<\/li>\n\n\n\n<li><strong>A\u00e7\u00f5es da mineradora ser\u00e3o negociadas ex-dividendos a partir de 13 de dezembro<\/strong><\/li>\n\n\n\n<li>Para quem det\u00e9m as a\u00e7\u00f5es da Vale negociadas na B3, a data de corte foi neste dia 12 de dezembro de 2022. J\u00e1 a \u2018record date\u2019 para os detentores de ADRs (American Depositary Receipts) negociados na Bolsa de Valores de Nova York (NYSE) ser\u00e1 em 14 de dezembro de 2022.<\/li>\n\n\n\n<li>Na B3 e na NYSE, as a\u00e7\u00f5es da Vale ser\u00e3o negociadas ex-<a class=\"suno-keyword\" target=\"_blank\" data-force=\"no\" data-priority=\"1\" href=\"https:\/\/www.suno.com.br\/guias\/dividendos\/\" rel=\"noopener\">dividendos<\/a> a partir de 13 de dezembro de 2022.<\/li>\n\n\n\n<li><strong>Cota\u00e7\u00e3o da Vale nesta ter\u00e7a-feira<\/strong><\/li>\n\n\n\n<li>Nesta ter\u00e7a-feira, as a\u00e7\u00f5es da Vale fecharam em alta de 0,36%, a R$ 86,16. No preg\u00e3o anterior, os ativos da mineradora tinham recuado 2,99%.<\/li>\n\n\n\n<li>No acumulado deste ano, as a\u00e7\u00f5es da <strong>Vale <\/strong>registram valoriza\u00e7\u00e3o de 20,69% na bolsa de valores brasileira.\u00a0<\/li>\n<\/ul>\n\n\n\n<h2 class=\"wp-block-heading\">Carrefour (CRFB3): a\u00e7\u00f5es oferecem uma \u201cBIG\u201d oportunidade a longo prazo, dizem analistas<\/h2>\n\n\n\n<ul class=\"wp-block-list\">\n<li>Ap\u00f3s a incorpora\u00e7\u00e3o do Grupo BIG, a Genial Investimentos reiterou a recomenda\u00e7\u00e3o de <a class=\"suno-keyword\" data-force=\"no\" data-priority=\"1\" href=\"https:\/\/www.suno.com.br\/artigos\/compra-de-acoes\/\" target=\"_blank\" rel=\"noopener\">compra de a\u00e7\u00f5es<\/a> do <strong><a href=\"https:\/\/www.suno.com.br\/acoes\/crfb3\/\" target=\"_blank\" rel=\"noreferrer noopener\">Carrefour (CRFB3)<\/a><\/strong>, elevando o pre\u00e7o-alvo de R$ 22 para R$ 23 \u2014  projetando um potencial de 54,78%, j\u00e1 que os pap\u00e9is do grupo s\u00e3o cotados a R$ 14,57 no \u00faltimo preg\u00e3o.<\/li>\n\n\n\n<li>&#8220;Acreditamos que o<strong> investimento no Grupo Carrefour<\/strong> combina o poder de repasse de pre\u00e7os da empresa l\u00edder em seu setor, m\u00faltiplos atrativos e liquidez de pap\u00e9is no mercado. As a\u00e7\u00f5es oferecem um \u00f3timo ponto de entrada para <a class=\"suno-keyword\" target=\"_blank\" data-force=\"no\" data-priority=\"1\" href=\"https:\/\/www.suno.com.br\/artigos\/investimento-longo-prazo\/\" rel=\"noopener\">investimento a longo prazo<\/a>&#8220;, afirmam Iago Souza e Vinicius Esteves, analistas de varejo da corretora.<\/li>\n\n\n\n<li>Segundo eles, com a <strong>incorpora\u00e7\u00e3o do grupo Big<\/strong>, a companhia trilha um caminho em dire\u00e7\u00e3o oposta ao Grupo P\u00e3o de A\u00e7\u00facar (PCAR3). Isso porque o Carrefour adicionou 86 unidades de <strong>hipermercados BIG <\/strong>apenas em 2022, atingindo um montante de 186 lojas de hipermercados.<\/li>\n\n\n\n<li>Por outro lado, o P\u00e3o de A\u00e7\u00facar avan\u00e7a no desinvestimento do modelo, porque o formato exige maiores espa\u00e7os e investimentos.<\/li>\n\n\n\n<li>&#8220;A convers\u00e3o de 86 lojas do Grupo BIG em<strong> Hiper Carrefour<\/strong> \u00e9 um &#8216;movimento audacioso&#8217;, que busca no cliente AB o impulso necess\u00e1rio para que a varejista mantenha a tra\u00e7\u00e3o de seu <a class=\"suno-keyword\" data-force=\"no\" data-priority=\"2\" href=\"https:\/\/www.suno.com.br\/artigos\/market-share\/\" target=\"_blank\" rel=\"noopener\">market share<\/a>&#8220;, argumentam os analistas.<\/li>\n\n\n\n<li>Al\u00e9m disso, os estrategistas da Genial destacam que o <strong>modelo de hipermercado<\/strong> mant\u00e9m uma rela\u00e7\u00e3o de mutualismo com suas outras vertentes: <\/li>\n\n\n\n<li>o e-commerce do grupo, em o formato \u00e9 centro de pick-up de produtos;<\/li>\n\n\n\n<li>para o Banco Carrefour, impulsionado pelo cart\u00e3o de cr\u00e9dito Carrefour e Atacad\u00e3o;  <\/li>\n\n\n\n<li>para o Carrefour Properties, adicionando ativos valiosos para o neg\u00f3cio.<\/li>\n<\/ul>\n\n\n\n<ul class=\"wp-block-list\">\n<li><strong>Carrefour: consolida\u00e7\u00e3o de tr\u00eas pilares ap\u00f3s compra do BIG<\/strong><\/li>\n\n\n\n<li>Ainda de acordo com os analistas da Genial Investimentos, a <strong>aquisi\u00e7\u00e3o do Grupo BIG<\/strong> pelo Carrefour Brasil consolida tr\u00eas grandes pilares.<\/li>\n\n\n\n<li><strong>Participa\u00e7\u00e3o de mercado<\/strong><\/li>\n\n\n\n<li>A empresa se mant\u00e9m na lideran\u00e7a do varejo alimentar brasileiro (com market share de +24%). Apesar de uma presen\u00e7a nacional, Carrefour era essencialmente um player de for\u00e7a na regi\u00e3o Sudeste. <\/li>\n\n\n\n<li>&#8220;Com a adi\u00e7\u00e3o do BIG, que possu\u00eda 48% das lojas na regi\u00e3o Nordeste e 34% na regi\u00e3o Sul, a NewCo [entidade combinada] consegue dobrar sua presen\u00e7a de mercado no sul do Brasil e avan\u00e7ar forte no nordeste&#8221;, pontuam.<\/li>\n\n\n\n<li><strong>Um novo formato<\/strong><\/li>\n\n\n\n<li>Al\u00e9m disso, a aquisi\u00e7\u00e3o do Grupo BIG traz ao Carrefour um novo formato de opera\u00e7\u00e3o em que \u00e9 \u00fanico no Brasil: o modelo &#8220;clube&#8221;. Ele \u00e9 operado pelo Sam\u2019s Club por meio de um licenciamento com o Walmart at\u00e9 2026.<\/li>\n\n\n\n<li>&#8220;Em rela\u00e7\u00e3o ao contrato, al\u00e9m dele ser renov\u00e1vel, j\u00e1 existe uma negocia\u00e7\u00e3o para isso por mais tempo, uma vez que a opera\u00e7\u00e3o j\u00e1 se mostrou ben\u00e9fica para ambas as partes interessadas.&#8221;<\/li>\n\n\n\n<li><strong>Mais ativos para o seu portf\u00f3lio imobili\u00e1rio<\/strong><\/li>\n\n\n\n<li>Segundo a Genial, o \u00faltimo grande pilar diz respeito \u00e0 qualifica\u00e7\u00e3o e expans\u00e3o do portf\u00f3lio imobili\u00e1rio do grupo. Com mais de 326 de ativos pr\u00f3prios, o Grupo BIG adiciona um montante de 220 ativos ao Carrefour Property.<\/li>\n\n\n\n<li>&#8220;Entre os mais de 450 ativos compostos por lojas pr\u00f3prias, shoppings centers, galerias e landbank para novas lojas e com uma NewCo de mais de R$ 1,5 bilh\u00e3o de NOI [<a class=\"suno-keyword\" data-force=\"no\" data-priority=\"1\" href=\"https:\/\/www.suno.com.br\/artigos\/o-que-receita-bruta\/\" target=\"_blank\" rel=\"noopener\">Receita bruta<\/a> \u2013 Custos Operacionais], o <strong>Carrefour<\/strong> deu o primeiro passo para destravar valor ao seu bra\u00e7o imobili\u00e1rio&#8221;, concluem os analistas.<\/li>\n<\/ul>\n\n\n\n<p><i>Da\u00a0<\/i><b><i>Magazine<\/i><\/b><em><strong> Luiza<\/strong><\/em><i>\u00a0ao Carrefour, essas foram as empresas que se destacaram hoje. Para ler todas as mat\u00e9rias\u00a0<\/i><a style=\"font-style: italic;\" href=\"https:\/\/www.suno.com.br\/noticias\/todos\/\" target=\"_blank\" rel=\"noreferrer noopener\">clique aqui.<\/a><\/p>\n\n\n\n<p><a href=\"https:\/\/lp.suno.com.br\/planilha-de-controle-de-investimentos\/\" target=\"_blank\" rel=\"noreferrer noopener\"><\/a><\/p>\n\n\n\t<p>\n\t\t<a href=\"https:\/\/lp.suno.com.br\/planilha-de-controle-de-investimentos\/\" target=\"_blank\" data-element=\"shortcode-suno-banner\" title=\"Banner SUNO, clique e saiba mais\">\n\t\t\t<picture>\n\t\t\t\t<source media=\"(max-width: 500px)\" srcset=\"https:\/\/files.sunoresearch.com.br\/n\/uploads\/2023\/03\/400x300-Controle-de-Investimentos.png\">\n\t\t\t\t<img class=\"newsContent__article__imgCapa newsContent__article__imgCapa--banner\"\n\t\t\t\t\tsrc=\"https:\/\/files.sunoresearch.com.br\/n\/uploads\/2023\/03\/1420x240-Controle-de-Investimentos.png\"\n\t\t\t\t\tdata-promo-id=\"75934\"\t\t\t\t\t\t\t\t\t\twidth='1420' height='240'\t\t\t\t\talt=\"https:\/\/files.sunoresearch.com.br\/n\/uploads\/2023\/03\/1420x240-Controle-de-Investimentos.png\"\n\t\t\t\t>\n\t\t\t<\/picture>\n\t\t<\/a>\n\t<\/p>\n\n\n","protected":false},"excerpt":{"rendered":"<p>Luiza Helena Trajano, presidente do conselho de administra\u00e7\u00e3o do Magazine Luiza (MGLU3), adianta que o foco da varejista em 2023 ser\u00e1 na consolida\u00e7\u00e3o do marketplace e no cuidado com os vendedores e pequenos empreendedores da plataforma. A executiva n\u00e3o teme as proje\u00e7\u00f5es de aumento dos juros e da infla\u00e7\u00e3o para o pr\u00f3ximo ano, nem uma [&hellip;]<\/p>\n","protected":false},"author":194,"featured_media":159977,"comment_status":"closed","ping_status":"closed","sticky":false,"template":"","format":"standard","meta":[],"categories":[64],"tags":[405,479,548,676,681],"suno_strategy":[],"class_list":["post-333958","post","type-post","status-publish","format-standard","has-post-thumbnail","hentry","category-negocios","tag-carrefour-crfb3","tag-fleury-flry3","tag-magazine-luiza-mglu3","tag-vale-vale3","tag-weg-wege3"],"yoast_head":"<!-- This site is optimized with the Yoast SEO plugin v24.4 - https:\/\/yoast.com\/wordpress\/plugins\/seo\/ -->\n<title>Radar: O que esperar do Magazine Luiza (MGLU3) em 2023?; Weg (WEGE3) vai pagar R$ 228 milh\u00f5es em JCP e Fleury (FLRY3) vai pagar R$ 107,9 milh\u00f5es em JCP<\/title>\n<meta name=\"description\" content=\"Quais os planos da Magazine Luiz para 2023? Luiza Trajano conta um pouco. Weg e Fleury v\u00e3o pagar JCP milion\u00e1rios. Saiba mais.\" \/>\n<meta name=\"robots\" content=\"index, follow, max-snippet:-1, max-image-preview:large, max-video-preview:-1\" \/>\n<link rel=\"canonical\" href=\"https:\/\/www.suno.com.br\/noticias\/radar-magazine-luiza-mglu3-weg-wege3-fleury-flry3\/\" \/>\n<meta property=\"og:locale\" content=\"pt_BR\" \/>\n<meta property=\"og:type\" content=\"article\" \/>\n<meta property=\"og:title\" content=\"Radar: O que esperar do Magazine Luiza (MGLU3) em 2023?; Weg (WEGE3) vai pagar R$ 228 milh\u00f5es em JCP e Fleury (FLRY3) vai pagar R$ 107,9 milh\u00f5es em JCP\" \/>\n<meta property=\"og:description\" content=\"Quais os planos da Magazine Luiz para 2023? Luiza Trajano conta um pouco. Weg e Fleury v\u00e3o pagar JCP milion\u00e1rios. Saiba mais.\" \/>\n<meta property=\"og:url\" content=\"https:\/\/www.suno.com.br\/noticias\/radar-magazine-luiza-mglu3-weg-wege3-fleury-flry3\/\" \/>\n<meta property=\"og:site_name\" content=\"Suno Not\u00edcias\" \/>\n<meta property=\"article:publisher\" content=\"https:\/\/facebook.com\/sunoresearch\" \/>\n<meta property=\"og:image\" content=\"https:\/\/files.sunoresearch.com.br\/n\/uploads\/2021\/06\/63c5b3f4-whatsapp-image-2021-06-21-at-2.47.44-pm.jpeg\" \/>\n\t<meta property=\"og:image:width\" content=\"1280\" \/>\n\t<meta property=\"og:image:height\" content=\"854\" \/>\n\t<meta property=\"og:image:type\" content=\"image\/jpeg\" \/>\n<meta name=\"author\" content=\"Isabella Taglapietra\" \/>\n<meta name=\"twitter:card\" content=\"summary_large_image\" \/>\n<meta name=\"twitter:creator\" content=\"@sunoresearch\" \/>\n<meta name=\"twitter:site\" content=\"@sunoresearch\" \/>\n<meta name=\"twitter:label1\" content=\"Escrito por\" \/>\n\t<meta name=\"twitter:data1\" content=\"Isabella Taglapietra\" \/>\n\t<meta name=\"twitter:label2\" content=\"Est. tempo de leitura\" \/>\n\t<meta name=\"twitter:data2\" content=\"13 minutos\" \/>\n<script type=\"application\/ld+json\" class=\"yoast-schema-graph\">{\"@context\":\"https:\/\/schema.org\",\"@graph\":[{\"@type\":\"NewsArticle\",\"@id\":\"https:\/\/www.suno.com.br\/noticias\/radar-magazine-luiza-mglu3-weg-wege3-fleury-flry3\/#article\",\"isPartOf\":{\"@id\":\"https:\/\/www.suno.com.br\/noticias\/radar-magazine-luiza-mglu3-weg-wege3-fleury-flry3\/\"},\"author\":{\"name\":\"Isabella Taglapietra\",\"@id\":\"https:\/\/www.suno.com.br\/noticias\/#\/schema\/person\/a0be106724f6f5d705d70f04333cb249\"},\"headline\":\"Radar: O que esperar do Magazine Luiza (MGLU3) em 2023?; Weg (WEGE3) vai pagar R$ 228 milh\u00f5es em JCP e Fleury (FLRY3) vai pagar R$ 107,9 milh\u00f5es em JCP\",\"datePublished\":\"2022-12-14T01:12:00+00:00\",\"dateModified\":\"2022-12-14T01:12:19+00:00\",\"mainEntityOfPage\":{\"@id\":\"https:\/\/www.suno.com.br\/noticias\/radar-magazine-luiza-mglu3-weg-wege3-fleury-flry3\/\"},\"wordCount\":2462,\"publisher\":{\"@id\":\"https:\/\/www.suno.com.br\/noticias\/#organization\"},\"image\":{\"@id\":\"https:\/\/www.suno.com.br\/noticias\/radar-magazine-luiza-mglu3-weg-wege3-fleury-flry3\/#primaryimage\"},\"thumbnailUrl\":\"https:\/\/files.sunoresearch.com.br\/n\/uploads\/2021\/06\/63c5b3f4-whatsapp-image-2021-06-21-at-2.47.44-pm-jpeg.webp\",\"keywords\":[\"Carrefour (CRFB3)\",\"Fleury (FLRY3)\",\"Magazine Luiza (MGLU3)\",\"Vale (VALE3)\",\"Weg (WEGE3)\"],\"articleSection\":[\"Neg\u00f3cios\"],\"inLanguage\":\"pt-BR\"},{\"@type\":\"WebPage\",\"@id\":\"https:\/\/www.suno.com.br\/noticias\/radar-magazine-luiza-mglu3-weg-wege3-fleury-flry3\/\",\"url\":\"https:\/\/www.suno.com.br\/noticias\/radar-magazine-luiza-mglu3-weg-wege3-fleury-flry3\/\",\"name\":\"Radar: O que esperar do Magazine Luiza (MGLU3) em 2023?; Weg (WEGE3) vai pagar R$ 228 milh\u00f5es em JCP e Fleury (FLRY3) vai pagar R$ 107,9 milh\u00f5es em JCP\",\"isPartOf\":{\"@id\":\"https:\/\/www.suno.com.br\/noticias\/#website\"},\"primaryImageOfPage\":{\"@id\":\"https:\/\/www.suno.com.br\/noticias\/radar-magazine-luiza-mglu3-weg-wege3-fleury-flry3\/#primaryimage\"},\"image\":{\"@id\":\"https:\/\/www.suno.com.br\/noticias\/radar-magazine-luiza-mglu3-weg-wege3-fleury-flry3\/#primaryimage\"},\"thumbnailUrl\":\"https:\/\/files.sunoresearch.com.br\/n\/uploads\/2021\/06\/63c5b3f4-whatsapp-image-2021-06-21-at-2.47.44-pm-jpeg.webp\",\"datePublished\":\"2022-12-14T01:12:00+00:00\",\"dateModified\":\"2022-12-14T01:12:19+00:00\",\"description\":\"Quais os planos da Magazine Luiz para 2023? Luiza Trajano conta um pouco. Weg e Fleury v\u00e3o pagar JCP milion\u00e1rios. Saiba mais.\",\"breadcrumb\":{\"@id\":\"https:\/\/www.suno.com.br\/noticias\/radar-magazine-luiza-mglu3-weg-wege3-fleury-flry3\/#breadcrumb\"},\"inLanguage\":\"pt-BR\",\"potentialAction\":[{\"@type\":\"ReadAction\",\"target\":[\"https:\/\/www.suno.com.br\/noticias\/radar-magazine-luiza-mglu3-weg-wege3-fleury-flry3\/\"]}]},{\"@type\":\"ImageObject\",\"inLanguage\":\"pt-BR\",\"@id\":\"https:\/\/www.suno.com.br\/noticias\/radar-magazine-luiza-mglu3-weg-wege3-fleury-flry3\/#primaryimage\",\"url\":\"https:\/\/files.sunoresearch.com.br\/n\/uploads\/2021\/06\/63c5b3f4-whatsapp-image-2021-06-21-at-2.47.44-pm-jpeg.webp\",\"contentUrl\":\"https:\/\/files.sunoresearch.com.br\/n\/uploads\/2021\/06\/63c5b3f4-whatsapp-image-2021-06-21-at-2.47.44-pm-jpeg.webp\",\"width\":1280,\"height\":854,\"caption\":\"Magazine Luiza. Foto: Divulga\u00e7\u00e3o\"},{\"@type\":\"BreadcrumbList\",\"@id\":\"https:\/\/www.suno.com.br\/noticias\/radar-magazine-luiza-mglu3-weg-wege3-fleury-flry3\/#breadcrumb\",\"itemListElement\":[{\"@type\":\"ListItem\",\"position\":1,\"name\":\"Not\u00edcias\",\"item\":\"https:\/\/www.suno.com.br\/noticias\/\"},{\"@type\":\"ListItem\",\"position\":2,\"name\":\"Neg\u00f3cios\",\"item\":\"https:\/\/www.suno.com.br\/noticias\/negocios\/\"},{\"@type\":\"ListItem\",\"position\":3,\"name\":\"Radar: O que esperar do Magazine Luiza (MGLU3) em 2023?; Weg (WEGE3) vai pagar R$ 228 milh\u00f5es em JCP e Fleury (FLRY3) vai pagar R$ 107,9 milh\u00f5es em JCP\"}]},{\"@type\":\"WebSite\",\"@id\":\"https:\/\/www.suno.com.br\/noticias\/#website\",\"url\":\"https:\/\/www.suno.com.br\/noticias\/\",\"name\":\"Suno Not\u00edcias\",\"description\":\"Seu portal de informa\u00e7\u00e3o sobre o mundo dos investimentos\",\"publisher\":{\"@id\":\"https:\/\/www.suno.com.br\/noticias\/#organization\"},\"potentialAction\":[{\"@type\":\"SearchAction\",\"target\":{\"@type\":\"EntryPoint\",\"urlTemplate\":\"https:\/\/www.suno.com.br\/noticias\/?s={search_term_string}\"},\"query-input\":{\"@type\":\"PropertyValueSpecification\",\"valueRequired\":true,\"valueName\":\"search_term_string\"}}],\"inLanguage\":\"pt-BR\"},{\"@type\":\"Organization\",\"@id\":\"https:\/\/www.suno.com.br\/noticias\/#organization\",\"name\":\"Suno Not\u00edcias\",\"url\":\"https:\/\/www.suno.com.br\/noticias\/\",\"logo\":{\"@type\":\"ImageObject\",\"inLanguage\":\"pt-BR\",\"@id\":\"https:\/\/www.suno.com.br\/noticias\/#\/schema\/logo\/image\/\",\"url\":\"https:\/\/files.sunoresearch.com.br\/n\/uploads\/2021\/09\/suno-logo.png\",\"contentUrl\":\"https:\/\/files.sunoresearch.com.br\/n\/uploads\/2021\/09\/suno-logo.png\",\"width\":180,\"height\":180,\"caption\":\"Suno Not\u00edcias\"},\"image\":{\"@id\":\"https:\/\/www.suno.com.br\/noticias\/#\/schema\/logo\/image\/\"},\"sameAs\":[\"https:\/\/facebook.com\/sunoresearch\",\"https:\/\/x.com\/sunoresearch\",\"https:\/\/www.instagram.com\/suno\",\"https:\/\/www.linkedin.com\/company\/suno-research\/\",\"https:\/\/www.youtube.com\/c\/sunoresearch\"]},{\"@type\":\"Person\",\"@id\":\"https:\/\/www.suno.com.br\/noticias\/#\/schema\/person\/a0be106724f6f5d705d70f04333cb249\",\"name\":\"Isabella Taglapietra\",\"image\":{\"@type\":\"ImageObject\",\"inLanguage\":\"pt-BR\",\"@id\":\"https:\/\/www.suno.com.br\/noticias\/#\/schema\/person\/image\/\",\"url\":\"https:\/\/secure.gravatar.com\/avatar\/089c9e06b71de293117116aaf339e22f?s=96&r=g\",\"contentUrl\":\"https:\/\/secure.gravatar.com\/avatar\/089c9e06b71de293117116aaf339e22f?s=96&r=g\",\"caption\":\"Isabella Taglapietra\"},\"description\":\"Rep\u00f3rter freelancer no Suno Not\u00edcias, cobre not\u00edcias di\u00e1rias sobre economia, balan\u00e7os trimestrais e pesquisas. Formada em jornalismo pela Faculdade C\u00e1sper L\u00edbero e p\u00f3s-graduanda em mercado de capitais pela Fecap, atuou como rep\u00f3rter de economia e finan\u00e7as no portal CRC!News e Elas que Lucrem, al\u00e9m de social media para empresas do mercado financeiro.\",\"url\":\"https:\/\/www.suno.com.br\/noticias\/author\/isabella-taglapietra\/\"}]}<\/script>\n<!-- \/ Yoast SEO plugin. -->","yoast_head_json":{"title":"Radar: O que esperar do Magazine Luiza (MGLU3) em 2023?; Weg (WEGE3) vai pagar R$ 228 milh\u00f5es em JCP e Fleury (FLRY3) vai pagar R$ 107,9 milh\u00f5es em JCP","description":"Quais os planos da Magazine Luiz para 2023? Luiza Trajano conta um pouco. Weg e Fleury v\u00e3o pagar JCP milion\u00e1rios. Saiba mais.","robots":{"index":"index","follow":"follow","max-snippet":"max-snippet:-1","max-image-preview":"max-image-preview:large","max-video-preview":"max-video-preview:-1"},"canonical":"https:\/\/www.suno.com.br\/noticias\/radar-magazine-luiza-mglu3-weg-wege3-fleury-flry3\/","og_locale":"pt_BR","og_type":"article","og_title":"Radar: O que esperar do Magazine Luiza (MGLU3) em 2023?; Weg (WEGE3) vai pagar R$ 228 milh\u00f5es em JCP e Fleury (FLRY3) vai pagar R$ 107,9 milh\u00f5es em JCP","og_description":"Quais os planos da Magazine Luiz para 2023? Luiza Trajano conta um pouco. Weg e Fleury v\u00e3o pagar JCP milion\u00e1rios. Saiba mais.","og_url":"https:\/\/www.suno.com.br\/noticias\/radar-magazine-luiza-mglu3-weg-wege3-fleury-flry3\/","og_site_name":"Suno Not\u00edcias","article_publisher":"https:\/\/facebook.com\/sunoresearch","og_image":[{"width":1280,"height":854,"url":"https:\/\/files.sunoresearch.com.br\/n\/uploads\/2021\/06\/63c5b3f4-whatsapp-image-2021-06-21-at-2.47.44-pm.jpeg","type":"image\/jpeg"}],"author":"Isabella Taglapietra","twitter_card":"summary_large_image","twitter_creator":"@sunoresearch","twitter_site":"@sunoresearch","twitter_misc":{"Escrito por":"Isabella Taglapietra","Est. tempo de leitura":"13 minutos"},"schema":{"@context":"https:\/\/schema.org","@graph":[{"@type":"NewsArticle","@id":"https:\/\/www.suno.com.br\/noticias\/radar-magazine-luiza-mglu3-weg-wege3-fleury-flry3\/#article","isPartOf":{"@id":"https:\/\/www.suno.com.br\/noticias\/radar-magazine-luiza-mglu3-weg-wege3-fleury-flry3\/"},"author":{"name":"Isabella Taglapietra","@id":"https:\/\/www.suno.com.br\/noticias\/#\/schema\/person\/a0be106724f6f5d705d70f04333cb249"},"headline":"Radar: O que esperar do Magazine Luiza (MGLU3) em 2023?; Weg (WEGE3) vai pagar R$ 228 milh\u00f5es em JCP e Fleury (FLRY3) vai pagar R$ 107,9 milh\u00f5es em JCP","datePublished":"2022-12-14T01:12:00+00:00","dateModified":"2022-12-14T01:12:19+00:00","mainEntityOfPage":{"@id":"https:\/\/www.suno.com.br\/noticias\/radar-magazine-luiza-mglu3-weg-wege3-fleury-flry3\/"},"wordCount":2462,"publisher":{"@id":"https:\/\/www.suno.com.br\/noticias\/#organization"},"image":{"@id":"https:\/\/www.suno.com.br\/noticias\/radar-magazine-luiza-mglu3-weg-wege3-fleury-flry3\/#primaryimage"},"thumbnailUrl":"https:\/\/files.sunoresearch.com.br\/n\/uploads\/2021\/06\/63c5b3f4-whatsapp-image-2021-06-21-at-2.47.44-pm-jpeg.webp","keywords":["Carrefour (CRFB3)","Fleury (FLRY3)","Magazine Luiza (MGLU3)","Vale (VALE3)","Weg (WEGE3)"],"articleSection":["Neg\u00f3cios"],"inLanguage":"pt-BR"},{"@type":"WebPage","@id":"https:\/\/www.suno.com.br\/noticias\/radar-magazine-luiza-mglu3-weg-wege3-fleury-flry3\/","url":"https:\/\/www.suno.com.br\/noticias\/radar-magazine-luiza-mglu3-weg-wege3-fleury-flry3\/","name":"Radar: O que esperar do Magazine Luiza (MGLU3) em 2023?; Weg (WEGE3) vai pagar R$ 228 milh\u00f5es em JCP e Fleury (FLRY3) vai pagar R$ 107,9 milh\u00f5es em JCP","isPartOf":{"@id":"https:\/\/www.suno.com.br\/noticias\/#website"},"primaryImageOfPage":{"@id":"https:\/\/www.suno.com.br\/noticias\/radar-magazine-luiza-mglu3-weg-wege3-fleury-flry3\/#primaryimage"},"image":{"@id":"https:\/\/www.suno.com.br\/noticias\/radar-magazine-luiza-mglu3-weg-wege3-fleury-flry3\/#primaryimage"},"thumbnailUrl":"https:\/\/files.sunoresearch.com.br\/n\/uploads\/2021\/06\/63c5b3f4-whatsapp-image-2021-06-21-at-2.47.44-pm-jpeg.webp","datePublished":"2022-12-14T01:12:00+00:00","dateModified":"2022-12-14T01:12:19+00:00","description":"Quais os planos da Magazine Luiz para 2023? Luiza Trajano conta um pouco. Weg e Fleury v\u00e3o pagar JCP milion\u00e1rios. Saiba mais.","breadcrumb":{"@id":"https:\/\/www.suno.com.br\/noticias\/radar-magazine-luiza-mglu3-weg-wege3-fleury-flry3\/#breadcrumb"},"inLanguage":"pt-BR","potentialAction":[{"@type":"ReadAction","target":["https:\/\/www.suno.com.br\/noticias\/radar-magazine-luiza-mglu3-weg-wege3-fleury-flry3\/"]}]},{"@type":"ImageObject","inLanguage":"pt-BR","@id":"https:\/\/www.suno.com.br\/noticias\/radar-magazine-luiza-mglu3-weg-wege3-fleury-flry3\/#primaryimage","url":"https:\/\/files.sunoresearch.com.br\/n\/uploads\/2021\/06\/63c5b3f4-whatsapp-image-2021-06-21-at-2.47.44-pm-jpeg.webp","contentUrl":"https:\/\/files.sunoresearch.com.br\/n\/uploads\/2021\/06\/63c5b3f4-whatsapp-image-2021-06-21-at-2.47.44-pm-jpeg.webp","width":1280,"height":854,"caption":"Magazine Luiza. Foto: Divulga\u00e7\u00e3o"},{"@type":"BreadcrumbList","@id":"https:\/\/www.suno.com.br\/noticias\/radar-magazine-luiza-mglu3-weg-wege3-fleury-flry3\/#breadcrumb","itemListElement":[{"@type":"ListItem","position":1,"name":"Not\u00edcias","item":"https:\/\/www.suno.com.br\/noticias\/"},{"@type":"ListItem","position":2,"name":"Neg\u00f3cios","item":"https:\/\/www.suno.com.br\/noticias\/negocios\/"},{"@type":"ListItem","position":3,"name":"Radar: O que esperar do Magazine Luiza (MGLU3) em 2023?; Weg (WEGE3) vai pagar R$ 228 milh\u00f5es em JCP e Fleury (FLRY3) vai pagar R$ 107,9 milh\u00f5es em JCP"}]},{"@type":"WebSite","@id":"https:\/\/www.suno.com.br\/noticias\/#website","url":"https:\/\/www.suno.com.br\/noticias\/","name":"Suno Not\u00edcias","description":"Seu portal de informa\u00e7\u00e3o sobre o mundo dos investimentos","publisher":{"@id":"https:\/\/www.suno.com.br\/noticias\/#organization"},"potentialAction":[{"@type":"SearchAction","target":{"@type":"EntryPoint","urlTemplate":"https:\/\/www.suno.com.br\/noticias\/?s={search_term_string}"},"query-input":{"@type":"PropertyValueSpecification","valueRequired":true,"valueName":"search_term_string"}}],"inLanguage":"pt-BR"},{"@type":"Organization","@id":"https:\/\/www.suno.com.br\/noticias\/#organization","name":"Suno Not\u00edcias","url":"https:\/\/www.suno.com.br\/noticias\/","logo":{"@type":"ImageObject","inLanguage":"pt-BR","@id":"https:\/\/www.suno.com.br\/noticias\/#\/schema\/logo\/image\/","url":"https:\/\/files.sunoresearch.com.br\/n\/uploads\/2021\/09\/suno-logo.png","contentUrl":"https:\/\/files.sunoresearch.com.br\/n\/uploads\/2021\/09\/suno-logo.png","width":180,"height":180,"caption":"Suno Not\u00edcias"},"image":{"@id":"https:\/\/www.suno.com.br\/noticias\/#\/schema\/logo\/image\/"},"sameAs":["https:\/\/facebook.com\/sunoresearch","https:\/\/x.com\/sunoresearch","https:\/\/www.instagram.com\/suno","https:\/\/www.linkedin.com\/company\/suno-research\/","https:\/\/www.youtube.com\/c\/sunoresearch"]},{"@type":"Person","@id":"https:\/\/www.suno.com.br\/noticias\/#\/schema\/person\/a0be106724f6f5d705d70f04333cb249","name":"Isabella Taglapietra","image":{"@type":"ImageObject","inLanguage":"pt-BR","@id":"https:\/\/www.suno.com.br\/noticias\/#\/schema\/person\/image\/","url":"https:\/\/secure.gravatar.com\/avatar\/089c9e06b71de293117116aaf339e22f?s=96&r=g","contentUrl":"https:\/\/secure.gravatar.com\/avatar\/089c9e06b71de293117116aaf339e22f?s=96&r=g","caption":"Isabella Taglapietra"},"description":"Rep\u00f3rter freelancer no Suno Not\u00edcias, cobre not\u00edcias di\u00e1rias sobre economia, balan\u00e7os trimestrais e pesquisas. Formada em jornalismo pela Faculdade C\u00e1sper L\u00edbero e p\u00f3s-graduanda em mercado de capitais pela Fecap, atuou como rep\u00f3rter de economia e finan\u00e7as no portal CRC!News e Elas que Lucrem, al\u00e9m de social media para empresas do mercado financeiro.","url":"https:\/\/www.suno.com.br\/noticias\/author\/isabella-taglapietra\/"}]}},"default_loop_html":"<div class=\"cardsPage__listCard__boxs\"><div class=\"cardsPage__listCard__boxs__img\"><a href=\"https:\/\/www.suno.com.br\/noticias\/radar-magazine-luiza-mglu3-weg-wege3-fleury-flry3\/\"><img class=\"mask\" src=\"https:\/\/www.suno.com.br\/noticias\/wp-content\/themes\/suno\/resources\/images\/spotlight\/spotlight1img\/bg-mask.png\" alt=\"Image Mask\"\/><img src=\"https:\/\/files.sunoresearch.com.br\/n\/uploads\/2021\/06\/63c5b3f4-whatsapp-image-2021-06-21-at-2.47.44-pm-400x200.webp\" alt=\"Radar: O que esperar do Magazine Luiza (MGLU3) em 2023?; Weg (WEGE3) vai pagar R$ 228 milh\u00f5es em JCP e Fleury (FLRY3) vai pagar R$ 107,9 milh\u00f5es em JCP\"\/><\/a><span class=\"spotlightCategory\"><a href=\"https:\/\/www.suno.com.br\/noticias\/negocios\/\">Neg\u00f3cios<\/a><\/span><\/div><div class=\"cardsPage__listCard__boxs__content\"><a href=\"https:\/\/www.suno.com.br\/noticias\/radar-magazine-luiza-mglu3-weg-wege3-fleury-flry3\/\"><h2 class=\"content__title\">Radar: O que esperar do Magazine Luiza (MGLU3) em 2023?; Weg (WEGE3) vai pagar R$ 228 milh\u00f5es em JCP e Fleury (FLRY3) vai pagar R$ 107,9 milh\u00f5es em JCP<\/h2><\/a><div class=\"newsContent__article__meta\"><div class=\"newsContent__article__meta__authorBox\"><a href=\"https:\/\/www.suno.com.br\/noticias\/author\/isabella-taglapietra\/\" class=\"authorBox__avatar noMobi\"><img src=\"https:\/\/files.sunoresearch.com.br\/n\/uploads\/2022\/08\/WhatsApp-Image-2022-08-04-at-12.40.27-150x150.jpeg\" alt=\"Isabella Taglapietra\"><\/a><div class=\"authorBox__name\"><span>por\n\t\t\t<a href=\"https:\/\/www.suno.com.br\/noticias\/author\/isabella-taglapietra\/\"><span itemprop=\"author\">Isabella Taglapietra<\/span><\/a><\/span><time datetime=\"2022-12-13T22:12:00-03:00\" itemprop=\"datePublished\">13\/12\/2022 22:12<\/time><\/div><\/div><\/div><\/div><\/div>","single_layout":"posts","amp_enabled":true,"_links":{"self":[{"href":"https:\/\/www.suno.com.br\/noticias\/wp-json\/wp\/v2\/posts\/333958"}],"collection":[{"href":"https:\/\/www.suno.com.br\/noticias\/wp-json\/wp\/v2\/posts"}],"about":[{"href":"https:\/\/www.suno.com.br\/noticias\/wp-json\/wp\/v2\/types\/post"}],"author":[{"embeddable":true,"href":"https:\/\/www.suno.com.br\/noticias\/wp-json\/wp\/v2\/users\/194"}],"replies":[{"embeddable":true,"href":"https:\/\/www.suno.com.br\/noticias\/wp-json\/wp\/v2\/comments?post=333958"}],"version-history":[{"count":3,"href":"https:\/\/www.suno.com.br\/noticias\/wp-json\/wp\/v2\/posts\/333958\/revisions"}],"predecessor-version":[{"id":333976,"href":"https:\/\/www.suno.com.br\/noticias\/wp-json\/wp\/v2\/posts\/333958\/revisions\/333976"}],"wp:featuredmedia":[{"embeddable":true,"href":"https:\/\/www.suno.com.br\/noticias\/wp-json\/wp\/v2\/media\/159977"}],"wp:attachment":[{"href":"https:\/\/www.suno.com.br\/noticias\/wp-json\/wp\/v2\/media?parent=333958"}],"wp:term":[{"taxonomy":"category","embeddable":true,"href":"https:\/\/www.suno.com.br\/noticias\/wp-json\/wp\/v2\/categories?post=333958"},{"taxonomy":"post_tag","embeddable":true,"href":"https:\/\/www.suno.com.br\/noticias\/wp-json\/wp\/v2\/tags?post=333958"},{"taxonomy":"suno_strategy","embeddable":true,"href":"https:\/\/www.suno.com.br\/noticias\/wp-json\/wp\/v2\/suno_strategy?post=333958"}],"curies":[{"name":"wp","href":"https:\/\/api.w.org\/{rel}","templated":true}]}}