{"id":33395,"date":"2019-08-08T09:55:12","date_gmt":"2019-08-08T12:55:12","guid":{"rendered":"https:\/\/www.suno.com.br\/noticias\/?p=33395"},"modified":"2019-08-08T09:56:45","modified_gmt":"2019-08-08T12:56:45","slug":"fedex-nao-vai-fazer-entregas-amazon","status":"publish","type":"post","link":"https:\/\/www.suno.com.br\/noticias\/fedex-nao-vai-fazer-entregas-amazon\/","title":{"rendered":"FedEx anuncia que n\u00e3o vai mais fazer entregas da Amazon"},"content":{"rendered":"<p>A empresa de servi\u00e7os de log\u00edstica FedEx anunciou, na \u00faltima quarta-feira (7), que n\u00e3o ir\u00e1 mais fazer entregas da <strong>Amazon<\/strong>. O contrato entre as duas empresas se encerra ao final deste m\u00eas. As informa\u00e7\u00f5es foram divulgadas pela &#8220;Bloomberg News&#8221;.<\/p>\t<div class=\"wrapper-featured-image\">\n\t\t<figure class=\"spotlightImg\">\n\n\t\t\t<picture>\n\t\t\t\t<source media=\"(max-width: 768px)\" srcset=\"https:\/\/files.sunoresearch.com.br\/n\/uploads\/2019\/06\/550b4756-fedex-guerra-comercial-400x200.webp\">\n\t\t\t\t<img loading=\"lazy\" decoding=\"async\" class=\"newsContent__article__imgCapa lazyloadDisabled newsContent__article__imgCapa--noCaption\" src=\"https:\/\/files.sunoresearch.com.br\/n\/uploads\/2019\/06\/550b4756-fedex-guerra-comercial-800x450.webp\" width=\"800\" height=\"450\" alt=\"FedEx anuncia que n\u00e3o vai mais fazer entregas da Amazon\" fetchpriority=high \/>\n\t\t\t<\/picture>\n\n\t\t\t<figcaption class=\"wp-caption-text wp-caption-text--hide\">FedEx (divulga\u00e7\u00e3o)<\/figcaption>\n\t\t<\/figure>\n\t<\/div>\n\n\n<p>O<strong> FedEx<\/strong> busca, com isso, neg\u00f3cios mais ben\u00e9ficos para a companhia. No m\u00eas de junho, a empresa afirmou que n\u00e3o iria continuar em sua parceria com a Amazon para entregas a\u00e9reas nos <strong>EUA<\/strong>. Dessa forma, o contrato foi encerrado ao fim do m\u00eas passado.<\/p>\n\n<p>&#8220;Essa mudan\u00e7a \u00e9 consistente com nossa estrat\u00e9gia de focar no mercado mais amplo de com\u00e9rcio eletr\u00f4nico (&#8230;) e o recente an\u00fancio relacionado \u00e0 nossa rede terrestre da FedEx nos posicionou muito bem para fazer&#8221;, disse o FedEx em comunicado a imprensa.<\/p>\n<p>Dessa forma, o mercado tamb\u00e9m se mostra positivo com a atitude do FedEx. A expectativa \u00e9 de que a empresa possa atingir melhores resultados em sua <strong>rede<\/strong> <strong>Express<\/strong>.<\/p>\n\t<p>\n\t\t<a href=\"https:\/\/lp.suno.com.br\/planilha-controle-gastos\/\" target=\"_blank\" data-element=\"shortcode-suno-banner\" title=\"Banner SUNO, clique e saiba mais\">\n\t\t\t<picture>\n\t\t\t\t<source media=\"(max-width: 500px)\" srcset=\"https:\/\/files.sunoresearch.com.br\/n\/uploads\/2023\/03\/400x300-Planilha-controle-de-gastos.png\">\n\t\t\t\t<img class=\"newsContent__article__imgCapa newsContent__article__imgCapa--banner\"\n\t\t\t\t\tsrc=\"https:\/\/files.sunoresearch.com.br\/n\/uploads\/2023\/03\/1420x240-Planilha-controle-de-gastos.png\"\n\t\t\t\t\tdata-promo-id=\"311945\"\t\t\t\t\t\t\t\t\t\twidth='1420' height='240'\t\t\t\t\talt=\"https:\/\/files.sunoresearch.com.br\/n\/uploads\/2023\/03\/1420x240-Planilha-controle-de-gastos.png\"\n\t\t\t\t>\n\t\t\t<\/picture>\n\t\t<\/a>\n\t<\/p>\n\n\n<p>Apesar de parecer um bom plano para o FedEx, a Amazon tamb\u00e9m pode contra-atacar. Isso porque a empresa investe muito na ideia de entregar produtos no menor prazo poss\u00edvel.<\/p>\n<h2>Servi\u00e7os pr\u00f3prios<\/h2>\n<p>Em maio deste ano, a Amazon lan\u00e7ou um servi\u00e7o pr\u00f3prio de corretagem de frete nos EUA. Al\u00e9m disso, a empresa tem sua pr\u00f3pria distribuidora e tamb\u00e9m conta com empresas parceiras. O servi\u00e7o de corretagem foi pensado para fazer com que os custos virassem lucro.<\/p>\n<p><a href=\"https:\/\/www.suno.com.br\/noticias\/braskem-queda-76-lucro-segundo-trimestre\/\">Veja tamb\u00e9m: Braskem tem queda de 76% no lucro do segundo trimestre <\/a><\/p>\n<p>Mesmo querendo criar uma forte rede de centros de distribui\u00e7\u00e3o pr\u00f3pria, a Amazon ainda n\u00e3o est\u00e1 apta a sustentar todos os custos com cargas. No segundo trimestre, a empresa afirmou que teve gastos acima de R$ 3,1 bilh\u00f5es. Isso ocorreu devido ao fato de proporcionar entregas com prazo de um dia.<\/p>\n<p>Isso significa que, sem a <strong>FedEx<\/strong>, a Amazon ter\u00e1 que implantar novas medidas em sua rede pr\u00f3pria de distribui\u00e7\u00e3o, para poder arcar com todas as entregas.<\/p>\n","protected":false},"excerpt":{"rendered":"<p>A empresa de servi\u00e7os de log\u00edstica FedEx anunciou, na \u00faltima quarta-feira (7), que n\u00e3o ir\u00e1 mais fazer entregas da Amazon. O contrato entre as duas empresas se encerra ao final deste m\u00eas. As informa\u00e7\u00f5es foram divulgadas pela &#8220;Bloomberg News&#8221;. FedEx (divulga\u00e7\u00e3o) O FedEx busca, com isso, neg\u00f3cios mais ben\u00e9ficos para a companhia. No m\u00eas de [&hellip;]<\/p>\n","protected":false},"author":19,"featured_media":26906,"comment_status":"closed","ping_status":"closed","sticky":false,"template":"","format":"standard","meta":[],"categories":[64],"tags":[694,1417],"suno_strategy":[],"class_list":["post-33395","post","type-post","status-publish","format-standard","has-post-thumbnail","hentry","category-negocios","tag-amazon-amzo34","tag-fedex-fdxb34"],"yoast_head":"<!-- This site is optimized with the Yoast SEO plugin v24.4 - https:\/\/yoast.com\/wordpress\/plugins\/seo\/ -->\n<title>FedEx anuncia que n\u00e3o vai mais fazer entregas da Amazon<\/title>\n<meta name=\"description\" content=\"A empresa de servi\u00e7os de log\u00edstica FedEx anunciou, na \u00faltima quarta-feira (7), que n\u00e3o ir\u00e1 mais fazer entregas da Amazon.\" \/>\n<meta name=\"robots\" content=\"index, follow, max-snippet:-1, max-image-preview:large, max-video-preview:-1\" \/>\n<link rel=\"canonical\" href=\"https:\/\/www.suno.com.br\/noticias\/fedex-nao-vai-fazer-entregas-amazon\/\" \/>\n<meta property=\"og:locale\" content=\"pt_BR\" \/>\n<meta property=\"og:type\" content=\"article\" \/>\n<meta property=\"og:title\" content=\"FedEx anuncia que n\u00e3o vai mais fazer entregas da Amazon\" \/>\n<meta property=\"og:description\" content=\"A empresa de servi\u00e7os de log\u00edstica FedEx anunciou, na \u00faltima quarta-feira (7), que n\u00e3o ir\u00e1 mais fazer entregas da Amazon.\" \/>\n<meta property=\"og:url\" content=\"https:\/\/www.suno.com.br\/noticias\/fedex-nao-vai-fazer-entregas-amazon\/\" \/>\n<meta property=\"og:site_name\" content=\"Suno Not\u00edcias\" \/>\n<meta property=\"article:publisher\" content=\"https:\/\/facebook.com\/sunoresearch\" \/>\n<meta property=\"og:image\" content=\"https:\/\/files.sunoresearch.com.br\/n\/uploads\/2019\/06\/550b4756-fedex-guerra-comercial.jpg\" \/>\n\t<meta property=\"og:image:width\" content=\"960\" \/>\n\t<meta property=\"og:image:height\" content=\"637\" \/>\n\t<meta property=\"og:image:type\" content=\"image\/jpeg\" \/>\n<meta name=\"author\" content=\"Juliano Passaro\" \/>\n<meta name=\"twitter:card\" content=\"summary_large_image\" \/>\n<meta name=\"twitter:creator\" content=\"@sunoresearch\" \/>\n<meta name=\"twitter:site\" content=\"@sunoresearch\" \/>\n<meta name=\"twitter:label1\" content=\"Escrito por\" \/>\n\t<meta name=\"twitter:data1\" content=\"Juliano Passaro\" \/>\n\t<meta name=\"twitter:label2\" content=\"Est. tempo de leitura\" \/>\n\t<meta name=\"twitter:data2\" content=\"2 minutos\" \/>\n<script type=\"application\/ld+json\" class=\"yoast-schema-graph\">{\"@context\":\"https:\/\/schema.org\",\"@graph\":[{\"@type\":\"NewsArticle\",\"@id\":\"https:\/\/www.suno.com.br\/noticias\/fedex-nao-vai-fazer-entregas-amazon\/#article\",\"isPartOf\":{\"@id\":\"https:\/\/www.suno.com.br\/noticias\/fedex-nao-vai-fazer-entregas-amazon\/\"},\"author\":{\"name\":\"Juliano Passaro\",\"@id\":\"https:\/\/www.suno.com.br\/noticias\/#\/schema\/person\/1db762f78ffd8919a648a63e425953e3\"},\"headline\":\"FedEx anuncia que n\u00e3o vai mais fazer entregas da Amazon\",\"datePublished\":\"2019-08-08T12:55:12+00:00\",\"dateModified\":\"2019-08-08T12:56:45+00:00\",\"mainEntityOfPage\":{\"@id\":\"https:\/\/www.suno.com.br\/noticias\/fedex-nao-vai-fazer-entregas-amazon\/\"},\"wordCount\":360,\"publisher\":{\"@id\":\"https:\/\/www.suno.com.br\/noticias\/#organization\"},\"image\":{\"@id\":\"https:\/\/www.suno.com.br\/noticias\/fedex-nao-vai-fazer-entregas-amazon\/#primaryimage\"},\"thumbnailUrl\":\"https:\/\/files.sunoresearch.com.br\/n\/uploads\/2019\/06\/550b4756-fedex-guerra-comercial-jpg.webp\",\"keywords\":[\"Amazon (AMZO34)\",\"Fedex (FDXB34)\"],\"articleSection\":[\"Neg\u00f3cios\"],\"inLanguage\":\"pt-BR\"},{\"@type\":\"WebPage\",\"@id\":\"https:\/\/www.suno.com.br\/noticias\/fedex-nao-vai-fazer-entregas-amazon\/\",\"url\":\"https:\/\/www.suno.com.br\/noticias\/fedex-nao-vai-fazer-entregas-amazon\/\",\"name\":\"FedEx anuncia que n\u00e3o vai mais fazer entregas da Amazon\",\"isPartOf\":{\"@id\":\"https:\/\/www.suno.com.br\/noticias\/#website\"},\"primaryImageOfPage\":{\"@id\":\"https:\/\/www.suno.com.br\/noticias\/fedex-nao-vai-fazer-entregas-amazon\/#primaryimage\"},\"image\":{\"@id\":\"https:\/\/www.suno.com.br\/noticias\/fedex-nao-vai-fazer-entregas-amazon\/#primaryimage\"},\"thumbnailUrl\":\"https:\/\/files.sunoresearch.com.br\/n\/uploads\/2019\/06\/550b4756-fedex-guerra-comercial-jpg.webp\",\"datePublished\":\"2019-08-08T12:55:12+00:00\",\"dateModified\":\"2019-08-08T12:56:45+00:00\",\"description\":\"A empresa de servi\u00e7os de log\u00edstica FedEx anunciou, na \u00faltima quarta-feira (7), que n\u00e3o ir\u00e1 mais fazer entregas da Amazon.\",\"breadcrumb\":{\"@id\":\"https:\/\/www.suno.com.br\/noticias\/fedex-nao-vai-fazer-entregas-amazon\/#breadcrumb\"},\"inLanguage\":\"pt-BR\",\"potentialAction\":[{\"@type\":\"ReadAction\",\"target\":[\"https:\/\/www.suno.com.br\/noticias\/fedex-nao-vai-fazer-entregas-amazon\/\"]}]},{\"@type\":\"ImageObject\",\"inLanguage\":\"pt-BR\",\"@id\":\"https:\/\/www.suno.com.br\/noticias\/fedex-nao-vai-fazer-entregas-amazon\/#primaryimage\",\"url\":\"https:\/\/files.sunoresearch.com.br\/n\/uploads\/2019\/06\/550b4756-fedex-guerra-comercial-jpg.webp\",\"contentUrl\":\"https:\/\/files.sunoresearch.com.br\/n\/uploads\/2019\/06\/550b4756-fedex-guerra-comercial-jpg.webp\",\"width\":960,\"height\":637,\"caption\":\"FedEx (divulga\u00e7\u00e3o)\"},{\"@type\":\"BreadcrumbList\",\"@id\":\"https:\/\/www.suno.com.br\/noticias\/fedex-nao-vai-fazer-entregas-amazon\/#breadcrumb\",\"itemListElement\":[{\"@type\":\"ListItem\",\"position\":1,\"name\":\"Not\u00edcias\",\"item\":\"https:\/\/www.suno.com.br\/noticias\/\"},{\"@type\":\"ListItem\",\"position\":2,\"name\":\"Neg\u00f3cios\",\"item\":\"https:\/\/www.suno.com.br\/noticias\/negocios\/\"},{\"@type\":\"ListItem\",\"position\":3,\"name\":\"FedEx anuncia que n\u00e3o vai mais fazer entregas da Amazon\"}]},{\"@type\":\"WebSite\",\"@id\":\"https:\/\/www.suno.com.br\/noticias\/#website\",\"url\":\"https:\/\/www.suno.com.br\/noticias\/\",\"name\":\"Suno Not\u00edcias\",\"description\":\"Seu portal de informa\u00e7\u00e3o sobre o mundo dos investimentos\",\"publisher\":{\"@id\":\"https:\/\/www.suno.com.br\/noticias\/#organization\"},\"potentialAction\":[{\"@type\":\"SearchAction\",\"target\":{\"@type\":\"EntryPoint\",\"urlTemplate\":\"https:\/\/www.suno.com.br\/noticias\/?s={search_term_string}\"},\"query-input\":{\"@type\":\"PropertyValueSpecification\",\"valueRequired\":true,\"valueName\":\"search_term_string\"}}],\"inLanguage\":\"pt-BR\"},{\"@type\":\"Organization\",\"@id\":\"https:\/\/www.suno.com.br\/noticias\/#organization\",\"name\":\"Suno Not\u00edcias\",\"url\":\"https:\/\/www.suno.com.br\/noticias\/\",\"logo\":{\"@type\":\"ImageObject\",\"inLanguage\":\"pt-BR\",\"@id\":\"https:\/\/www.suno.com.br\/noticias\/#\/schema\/logo\/image\/\",\"url\":\"https:\/\/files.sunoresearch.com.br\/n\/uploads\/2021\/09\/suno-logo.png\",\"contentUrl\":\"https:\/\/files.sunoresearch.com.br\/n\/uploads\/2021\/09\/suno-logo.png\",\"width\":180,\"height\":180,\"caption\":\"Suno Not\u00edcias\"},\"image\":{\"@id\":\"https:\/\/www.suno.com.br\/noticias\/#\/schema\/logo\/image\/\"},\"sameAs\":[\"https:\/\/facebook.com\/sunoresearch\",\"https:\/\/x.com\/sunoresearch\",\"https:\/\/www.instagram.com\/suno\",\"https:\/\/www.linkedin.com\/company\/suno-research\/\",\"https:\/\/www.youtube.com\/c\/sunoresearch\"]},{\"@type\":\"Person\",\"@id\":\"https:\/\/www.suno.com.br\/noticias\/#\/schema\/person\/1db762f78ffd8919a648a63e425953e3\",\"name\":\"Juliano Passaro\",\"image\":{\"@type\":\"ImageObject\",\"inLanguage\":\"pt-BR\",\"@id\":\"https:\/\/www.suno.com.br\/noticias\/#\/schema\/person\/image\/\",\"url\":\"https:\/\/secure.gravatar.com\/avatar\/743d4df28eebf6dcc46b4ad03c319e92?s=96&r=g\",\"contentUrl\":\"https:\/\/secure.gravatar.com\/avatar\/743d4df28eebf6dcc46b4ad03c319e92?s=96&r=g\",\"caption\":\"Juliano Passaro\"},\"description\":\"Juliano Passaro escreve sobre pol\u00edtica, economia e neg\u00f3cios para o portal da Suno Research. Antes da Suno, trabalhou no Portal da Band. \u00c9 formado em jornalismo pela Universidade Presbiteriana Mackenzie.\",\"url\":\"https:\/\/www.suno.com.br\/noticias\/author\/juliano\/\"}]}<\/script>\n<!-- \/ Yoast SEO plugin. -->","yoast_head_json":{"title":"FedEx anuncia que n\u00e3o vai mais fazer entregas da Amazon","description":"A empresa de servi\u00e7os de log\u00edstica FedEx anunciou, na \u00faltima quarta-feira (7), que n\u00e3o ir\u00e1 mais fazer entregas da Amazon.","robots":{"index":"index","follow":"follow","max-snippet":"max-snippet:-1","max-image-preview":"max-image-preview:large","max-video-preview":"max-video-preview:-1"},"canonical":"https:\/\/www.suno.com.br\/noticias\/fedex-nao-vai-fazer-entregas-amazon\/","og_locale":"pt_BR","og_type":"article","og_title":"FedEx anuncia que n\u00e3o vai mais fazer entregas da Amazon","og_description":"A empresa de servi\u00e7os de log\u00edstica FedEx anunciou, na \u00faltima quarta-feira (7), que n\u00e3o ir\u00e1 mais fazer entregas da Amazon.","og_url":"https:\/\/www.suno.com.br\/noticias\/fedex-nao-vai-fazer-entregas-amazon\/","og_site_name":"Suno Not\u00edcias","article_publisher":"https:\/\/facebook.com\/sunoresearch","og_image":[{"width":960,"height":637,"url":"https:\/\/files.sunoresearch.com.br\/n\/uploads\/2019\/06\/550b4756-fedex-guerra-comercial.jpg","type":"image\/jpeg"}],"author":"Juliano Passaro","twitter_card":"summary_large_image","twitter_creator":"@sunoresearch","twitter_site":"@sunoresearch","twitter_misc":{"Escrito por":"Juliano Passaro","Est. tempo de leitura":"2 minutos"},"schema":{"@context":"https:\/\/schema.org","@graph":[{"@type":"NewsArticle","@id":"https:\/\/www.suno.com.br\/noticias\/fedex-nao-vai-fazer-entregas-amazon\/#article","isPartOf":{"@id":"https:\/\/www.suno.com.br\/noticias\/fedex-nao-vai-fazer-entregas-amazon\/"},"author":{"name":"Juliano Passaro","@id":"https:\/\/www.suno.com.br\/noticias\/#\/schema\/person\/1db762f78ffd8919a648a63e425953e3"},"headline":"FedEx anuncia que n\u00e3o vai mais fazer entregas da Amazon","datePublished":"2019-08-08T12:55:12+00:00","dateModified":"2019-08-08T12:56:45+00:00","mainEntityOfPage":{"@id":"https:\/\/www.suno.com.br\/noticias\/fedex-nao-vai-fazer-entregas-amazon\/"},"wordCount":360,"publisher":{"@id":"https:\/\/www.suno.com.br\/noticias\/#organization"},"image":{"@id":"https:\/\/www.suno.com.br\/noticias\/fedex-nao-vai-fazer-entregas-amazon\/#primaryimage"},"thumbnailUrl":"https:\/\/files.sunoresearch.com.br\/n\/uploads\/2019\/06\/550b4756-fedex-guerra-comercial-jpg.webp","keywords":["Amazon (AMZO34)","Fedex (FDXB34)"],"articleSection":["Neg\u00f3cios"],"inLanguage":"pt-BR"},{"@type":"WebPage","@id":"https:\/\/www.suno.com.br\/noticias\/fedex-nao-vai-fazer-entregas-amazon\/","url":"https:\/\/www.suno.com.br\/noticias\/fedex-nao-vai-fazer-entregas-amazon\/","name":"FedEx anuncia que n\u00e3o vai mais fazer entregas da Amazon","isPartOf":{"@id":"https:\/\/www.suno.com.br\/noticias\/#website"},"primaryImageOfPage":{"@id":"https:\/\/www.suno.com.br\/noticias\/fedex-nao-vai-fazer-entregas-amazon\/#primaryimage"},"image":{"@id":"https:\/\/www.suno.com.br\/noticias\/fedex-nao-vai-fazer-entregas-amazon\/#primaryimage"},"thumbnailUrl":"https:\/\/files.sunoresearch.com.br\/n\/uploads\/2019\/06\/550b4756-fedex-guerra-comercial-jpg.webp","datePublished":"2019-08-08T12:55:12+00:00","dateModified":"2019-08-08T12:56:45+00:00","description":"A empresa de servi\u00e7os de log\u00edstica FedEx anunciou, na \u00faltima quarta-feira (7), que n\u00e3o ir\u00e1 mais fazer entregas da Amazon.","breadcrumb":{"@id":"https:\/\/www.suno.com.br\/noticias\/fedex-nao-vai-fazer-entregas-amazon\/#breadcrumb"},"inLanguage":"pt-BR","potentialAction":[{"@type":"ReadAction","target":["https:\/\/www.suno.com.br\/noticias\/fedex-nao-vai-fazer-entregas-amazon\/"]}]},{"@type":"ImageObject","inLanguage":"pt-BR","@id":"https:\/\/www.suno.com.br\/noticias\/fedex-nao-vai-fazer-entregas-amazon\/#primaryimage","url":"https:\/\/files.sunoresearch.com.br\/n\/uploads\/2019\/06\/550b4756-fedex-guerra-comercial-jpg.webp","contentUrl":"https:\/\/files.sunoresearch.com.br\/n\/uploads\/2019\/06\/550b4756-fedex-guerra-comercial-jpg.webp","width":960,"height":637,"caption":"FedEx (divulga\u00e7\u00e3o)"},{"@type":"BreadcrumbList","@id":"https:\/\/www.suno.com.br\/noticias\/fedex-nao-vai-fazer-entregas-amazon\/#breadcrumb","itemListElement":[{"@type":"ListItem","position":1,"name":"Not\u00edcias","item":"https:\/\/www.suno.com.br\/noticias\/"},{"@type":"ListItem","position":2,"name":"Neg\u00f3cios","item":"https:\/\/www.suno.com.br\/noticias\/negocios\/"},{"@type":"ListItem","position":3,"name":"FedEx anuncia que n\u00e3o vai mais fazer entregas da Amazon"}]},{"@type":"WebSite","@id":"https:\/\/www.suno.com.br\/noticias\/#website","url":"https:\/\/www.suno.com.br\/noticias\/","name":"Suno Not\u00edcias","description":"Seu portal de informa\u00e7\u00e3o sobre o mundo dos investimentos","publisher":{"@id":"https:\/\/www.suno.com.br\/noticias\/#organization"},"potentialAction":[{"@type":"SearchAction","target":{"@type":"EntryPoint","urlTemplate":"https:\/\/www.suno.com.br\/noticias\/?s={search_term_string}"},"query-input":{"@type":"PropertyValueSpecification","valueRequired":true,"valueName":"search_term_string"}}],"inLanguage":"pt-BR"},{"@type":"Organization","@id":"https:\/\/www.suno.com.br\/noticias\/#organization","name":"Suno Not\u00edcias","url":"https:\/\/www.suno.com.br\/noticias\/","logo":{"@type":"ImageObject","inLanguage":"pt-BR","@id":"https:\/\/www.suno.com.br\/noticias\/#\/schema\/logo\/image\/","url":"https:\/\/files.sunoresearch.com.br\/n\/uploads\/2021\/09\/suno-logo.png","contentUrl":"https:\/\/files.sunoresearch.com.br\/n\/uploads\/2021\/09\/suno-logo.png","width":180,"height":180,"caption":"Suno Not\u00edcias"},"image":{"@id":"https:\/\/www.suno.com.br\/noticias\/#\/schema\/logo\/image\/"},"sameAs":["https:\/\/facebook.com\/sunoresearch","https:\/\/x.com\/sunoresearch","https:\/\/www.instagram.com\/suno","https:\/\/www.linkedin.com\/company\/suno-research\/","https:\/\/www.youtube.com\/c\/sunoresearch"]},{"@type":"Person","@id":"https:\/\/www.suno.com.br\/noticias\/#\/schema\/person\/1db762f78ffd8919a648a63e425953e3","name":"Juliano Passaro","image":{"@type":"ImageObject","inLanguage":"pt-BR","@id":"https:\/\/www.suno.com.br\/noticias\/#\/schema\/person\/image\/","url":"https:\/\/secure.gravatar.com\/avatar\/743d4df28eebf6dcc46b4ad03c319e92?s=96&r=g","contentUrl":"https:\/\/secure.gravatar.com\/avatar\/743d4df28eebf6dcc46b4ad03c319e92?s=96&r=g","caption":"Juliano Passaro"},"description":"Juliano Passaro escreve sobre pol\u00edtica, economia e neg\u00f3cios para o portal da Suno Research. Antes da Suno, trabalhou no Portal da Band. \u00c9 formado em jornalismo pela Universidade Presbiteriana Mackenzie.","url":"https:\/\/www.suno.com.br\/noticias\/author\/juliano\/"}]}},"default_loop_html":"<div class=\"cardsPage__listCard__boxs\"><div class=\"cardsPage__listCard__boxs__img\"><a href=\"https:\/\/www.suno.com.br\/noticias\/fedex-nao-vai-fazer-entregas-amazon\/\"><img class=\"mask\" src=\"https:\/\/www.suno.com.br\/noticias\/wp-content\/themes\/suno\/resources\/images\/spotlight\/spotlight1img\/bg-mask.png\" alt=\"Image Mask\"\/><img src=\"https:\/\/files.sunoresearch.com.br\/n\/uploads\/2019\/06\/550b4756-fedex-guerra-comercial-400x200.webp\" alt=\"FedEx anuncia que n\u00e3o vai mais fazer entregas da Amazon\"\/><\/a><span class=\"spotlightCategory\"><a href=\"https:\/\/www.suno.com.br\/noticias\/negocios\/\">Neg\u00f3cios<\/a><\/span><\/div><div class=\"cardsPage__listCard__boxs__content\"><a href=\"https:\/\/www.suno.com.br\/noticias\/fedex-nao-vai-fazer-entregas-amazon\/\"><h2 class=\"content__title\">FedEx anuncia que n\u00e3o vai mais fazer entregas da Amazon<\/h2><\/a><div class=\"newsContent__article__meta\"><div class=\"newsContent__article__meta__authorBox\"><a href=\"https:\/\/www.suno.com.br\/noticias\/author\/juliano\/\" class=\"authorBox__avatar noMobi\"><img src=\"https:\/\/files.sunoresearch.com.br\/n\/uploads\/2019\/06\/7cc3efea-whatsapp-image-2019-07-18-at-21.59.33-e1563499821209-150x150.webp\" alt=\"Juliano Passaro\"><\/a><div class=\"authorBox__name\"><span>por\n\t\t\t<a href=\"https:\/\/www.suno.com.br\/noticias\/author\/juliano\/\"><span itemprop=\"author\">Juliano Passaro<\/span><\/a><\/span><time datetime=\"2019-08-08T09:55:12-03:00\" itemprop=\"datePublished\">08\/08\/2019 09:55<\/time><\/div><\/div><\/div><\/div><\/div>","single_layout":"posts","amp_enabled":true,"_links":{"self":[{"href":"https:\/\/www.suno.com.br\/noticias\/wp-json\/wp\/v2\/posts\/33395"}],"collection":[{"href":"https:\/\/www.suno.com.br\/noticias\/wp-json\/wp\/v2\/posts"}],"about":[{"href":"https:\/\/www.suno.com.br\/noticias\/wp-json\/wp\/v2\/types\/post"}],"author":[{"embeddable":true,"href":"https:\/\/www.suno.com.br\/noticias\/wp-json\/wp\/v2\/users\/19"}],"replies":[{"embeddable":true,"href":"https:\/\/www.suno.com.br\/noticias\/wp-json\/wp\/v2\/comments?post=33395"}],"version-history":[{"count":0,"href":"https:\/\/www.suno.com.br\/noticias\/wp-json\/wp\/v2\/posts\/33395\/revisions"}],"wp:featuredmedia":[{"embeddable":true,"href":"https:\/\/www.suno.com.br\/noticias\/wp-json\/wp\/v2\/media\/26906"}],"wp:attachment":[{"href":"https:\/\/www.suno.com.br\/noticias\/wp-json\/wp\/v2\/media?parent=33395"}],"wp:term":[{"taxonomy":"category","embeddable":true,"href":"https:\/\/www.suno.com.br\/noticias\/wp-json\/wp\/v2\/categories?post=33395"},{"taxonomy":"post_tag","embeddable":true,"href":"https:\/\/www.suno.com.br\/noticias\/wp-json\/wp\/v2\/tags?post=33395"},{"taxonomy":"suno_strategy","embeddable":true,"href":"https:\/\/www.suno.com.br\/noticias\/wp-json\/wp\/v2\/suno_strategy?post=33395"}],"curies":[{"name":"wp","href":"https:\/\/api.w.org\/{rel}","templated":true}]}}