{"id":333818,"date":"2022-12-14T12:55:17","date_gmt":"2022-12-14T15:55:17","guid":{"rendered":"https:\/\/www.suno.com.br\/noticias\/?p=333818"},"modified":"2022-12-14T12:55:22","modified_gmt":"2022-12-14T15:55:22","slug":"fgts-casa-propria-atrasada-parcelas","status":"publish","type":"post","link":"https:\/\/www.suno.com.br\/noticias\/fgts-casa-propria-atrasada-parcelas\/","title":{"rendered":"Mudan\u00e7a no FGTS: trabalhador poder\u00e1 quitar seis parcelas atrasadas da casa pr\u00f3pria; entenda"},"content":{"rendered":"<p>O Conselho Curador do <a href=\"https:\/\/www.suno.com.br\/artigos\/fgts\/\" target=\"_blank\" rel=\"noreferrer noopener\">Fundo de Garantia por Tempo de Servi\u00e7o (<strong>FGTS<\/strong>)<\/a> aprovou na ter\u00e7a (13) uma medida que beneficiar\u00e1 trabalhadores com parcelas do financiamento habitacional. A partir de janeiro de 2023, o saldo poder\u00e1 ser utilizado para quitar seis presta\u00e7\u00f5es atrasadas.<\/p>\t<div class=\"wrapper-featured-image\">\n\t\t<figure class=\"spotlightImg\">\n\n\t\t\t<picture>\n\t\t\t\t<source media=\"(max-width: 768px)\" srcset=\"https:\/\/files.sunoresearch.com.br\/n\/uploads\/2022\/12\/fgts-aplicativo-caixa-foto-marcelo-camargo-agencia-brasil-400x200.jpg\">\n\t\t\t\t<img loading=\"lazy\" decoding=\"async\" class=\"newsContent__article__imgCapa lazyloadDisabled \" src=\"https:\/\/files.sunoresearch.com.br\/n\/uploads\/2022\/12\/fgts-aplicativo-caixa-foto-marcelo-camargo-agencia-brasil-800x450.jpg\" width=\"800\" height=\"450\" alt=\"Mudan\u00e7a no FGTS: trabalhador poder\u00e1 quitar seis parcelas atrasadas da casa pr\u00f3pria; entenda\" fetchpriority=high \/>\n\t\t\t<\/picture>\n\n\t\t\t<figcaption class=\"wp-caption-text wp-caption-text--show\">Aplicativo do FGTS. Foto: Marcelo Camargo\/Ag\u00eancia Brasil<\/figcaption>\n\t\t<\/figure>\n\t<\/div>\n\n\n\n\n\n\t<p>\n\t\t<a href=\"\" target=\"_blank\" data-element=\"shortcode-suno-banner\" title=\"Banner SUNO, clique e saiba mais\">\n\t\t\t<picture>\n\t\t\t\t<source media=\"(max-width: 500px)\" srcset=\"\">\n\t\t\t\t<img class=\"newsContent__article__imgCapa newsContent__article__imgCapa--banner\"\n\t\t\t\t\tsrc=\"\"\n\t\t\t\t\tdata-promo-id=\"240038\"\t\t\t\t\t\t\t\t\t\t\t\t\t\t\talt=\"\"\n\t\t\t\t>\n\t\t\t<\/picture>\n\t\t<\/a>\n\t<\/p>\n\n\n\n\n\n<p>A nova determina\u00e7\u00e3o reduz pela metade a car\u00eancia da norma atual, que permite o <strong>uso do FGTS<\/strong> para a renegocia\u00e7\u00e3o de at\u00e9 12 parcelas em atraso da <strong>casa pr\u00f3pria<\/strong>, o que vigorava desde maio.<\/p>\n\n\n\n<p>Se n\u00e3o houvesse a aprova\u00e7\u00e3o, o mutu\u00e1rio s\u00f3 poderia usar os recursos do fundo para quitar at\u00e9 tr\u00eas <strong>presta\u00e7\u00f5es atrasadas<\/strong>, como ocorria tradicionalmente.<\/p>\n\n\n\n<p>As demais regras do <strong>uso do FGTS<\/strong> para a compra da <strong>casa pr\u00f3pria<\/strong> n\u00e3o foram alteradas. Assim, as condi\u00e7\u00f5es para liquida\u00e7\u00e3o, amortiza\u00e7\u00e3o ou adiantamento de parte das parcelas adimplentes continuam em vigor.<\/p>\n\n\n\t<p>\n\t\t<a href=\"https:\/\/lp.suno.com.br\/planilha-controle-gastos\/\" target=\"_blank\" data-element=\"shortcode-suno-banner\" title=\"Banner SUNO, clique e saiba mais\">\n\t\t\t<picture>\n\t\t\t\t<source media=\"(max-width: 500px)\" srcset=\"https:\/\/files.sunoresearch.com.br\/n\/uploads\/2023\/03\/400x300-Planilha-controle-de-gastos.png\">\n\t\t\t\t<img class=\"newsContent__article__imgCapa newsContent__article__imgCapa--banner\"\n\t\t\t\t\tsrc=\"https:\/\/files.sunoresearch.com.br\/n\/uploads\/2023\/03\/1420x240-Planilha-controle-de-gastos.png\"\n\t\t\t\t\tdata-promo-id=\"101751\"\t\t\t\t\t\t\t\t\t\twidth='1420' height='240'\t\t\t\t\talt=\"https:\/\/files.sunoresearch.com.br\/n\/uploads\/2023\/03\/1420x240-Planilha-controle-de-gastos.png\"\n\t\t\t\t>\n\t\t\t<\/picture>\n\t\t<\/a>\n\t<\/p>\n\n\n\n\n\n<h2 class=\"wp-block-heading\" id=\"h-fgts-no-setor-de-transportes\">FGTS no setor de Transportes<\/h2>\n\n\n\n<p>O Conselho Curador tamb\u00e9m permitiu que concession\u00e1rias privadas de infraestruturas de transportes \u2013 que operam rodovias, ferrovias, hidrovias, portos ou aeroportos \u2013 tenham acesso a <strong>recursos do FGTS<\/strong> por meio do Programa de Infraestrutura de Transporte e da Mobilidade Urbana (Pr\u00f3-Transportes). A medida tinha sido proposta pelo Minist\u00e9rio do Desenvolvimento Regional (MDR).<\/p>\n\n\n\n<p>Com a autoriza\u00e7\u00e3o, cons\u00f3rcios e sociedades de prop\u00f3sito espec\u00edfico podem conseguir financiamentos, com recursos do FGTS, para constru\u00edrem obras de mobilidade urbana em regi\u00f5es que sofrerem impacto dos empreendimentos. <\/p>\n\n\n\t<p>\n\t\t<a href=\"https:\/\/lp.suno.com.br\/planilha-da-vida-financeira\/\" target=\"_blank\" data-element=\"shortcode-suno-banner\" title=\"Banner SUNO, clique e saiba mais\">\n\t\t\t<picture>\n\t\t\t\t<source media=\"(max-width: 500px)\" srcset=\"https:\/\/files.sunoresearch.com.br\/n\/uploads\/2023\/04\/400x300-Planilha-vida-financeira-true.png\">\n\t\t\t\t<img class=\"newsContent__article__imgCapa newsContent__article__imgCapa--banner\"\n\t\t\t\t\tsrc=\"https:\/\/files.sunoresearch.com.br\/n\/uploads\/2023\/04\/1420x240-Planilha-vida-financeira-true.png\"\n\t\t\t\t\tdata-promo-id=\"106682\"\t\t\t\t\t\t\t\t\t\twidth='1420' height='240'\t\t\t\t\talt=\"https:\/\/files.sunoresearch.com.br\/n\/uploads\/2023\/04\/1420x240-Planilha-vida-financeira-true.png\"\n\t\t\t\t>\n\t\t\t<\/picture>\n\t\t<\/a>\n\t<\/p>\n\n\n\n\n\n<p>Dessa forma, o Pr\u00f3-Transportes poder\u00e1 financiar a constru\u00e7\u00e3o de um viaduto em uma regi\u00e3o afetada por uma ferrovia ou um corredor de \u00f4nibus ou liga\u00e7\u00e3o sobre trilhos entre um aeroporto e uma esta\u00e7\u00e3o de metr\u00f4, de trem ou de BRT.<\/p>\n\n\n\n<p>Segundo o MDR, a medida tem o potencial de ampliar em cerca de R$ 2 bilh\u00f5es os investimentos contratados por empresas concession\u00e1rias, de rodovias e ferrovias. Podem ter acesso aos recursos do Pr\u00f3-Transportes pelo <strong>FGTS<\/strong> os entes p\u00fablicos (governos locais e federal), empresas integrantes de cons\u00f3rcios que operem transporte p\u00fablico coletivo urbano e Sociedades de Prop\u00f3sitos Espec\u00edficos (SPE).<\/p>\n\n\n\n<p><em>Com Ag\u00eancia Brasil<\/em><\/p>\n\n\n\t<p>\n\t\t<a href=\"https:\/\/lp.suno.com.br\/ebook-como-analisar-uma-acao\/\" target=\"_blank\" data-element=\"shortcode-suno-banner\" title=\"Banner SUNO, clique e saiba mais\">\n\t\t\t<picture>\n\t\t\t\t<source media=\"(max-width: 500px)\" srcset=\"https:\/\/files.sunoresearch.com.br\/n\/uploads\/2023\/03\/Ebook-Acoes-Mobile-1.jpg\">\n\t\t\t\t<img class=\"newsContent__article__imgCapa newsContent__article__imgCapa--banner\"\n\t\t\t\t\tsrc=\"https:\/\/files.sunoresearch.com.br\/n\/uploads\/2023\/03\/Ebook-Acoes-Desktop-1.jpg\"\n\t\t\t\t\tdata-promo-id=\"171998\"\t\t\t\t\t\t\t\t\t\twidth='1420' height='286'\t\t\t\t\talt=\"https:\/\/files.sunoresearch.com.br\/n\/uploads\/2023\/03\/Ebook-Acoes-Desktop-1.jpg\"\n\t\t\t\t>\n\t\t\t<\/picture>\n\t\t<\/a>\n\t<\/p>\n\n\n","protected":false},"excerpt":{"rendered":"<p>O Conselho Curador do Fundo de Garantia por Tempo de Servi\u00e7o (FGTS) aprovou na ter\u00e7a (13) uma medida que beneficiar\u00e1 trabalhadores com parcelas do financiamento habitacional. A partir de janeiro de 2023, o saldo poder\u00e1 ser utilizado para quitar seis presta\u00e7\u00f5es atrasadas. Aplicativo do FGTS. Foto: Marcelo Camargo\/Ag\u00eancia Brasil A nova determina\u00e7\u00e3o reduz pela metade [&hellip;]<\/p>\n","protected":false},"author":232,"featured_media":334113,"comment_status":"closed","ping_status":"closed","sticky":false,"template":"","format":"standard","meta":[],"categories":[62],"tags":[1199,910],"suno_strategy":[],"class_list":["post-333818","post","type-post","status-publish","format-standard","has-post-thumbnail","hentry","category-economia","tag-caixa-economica-federal-cef","tag-fgts"],"yoast_head":"<!-- This site is optimized with the Yoast SEO plugin v24.4 - https:\/\/yoast.com\/wordpress\/plugins\/seo\/ -->\n<title>FGTS: trabalhador poder\u00e1 quitar 6 parcelas atrasadas da casa pr\u00f3pria<\/title>\n<meta name=\"description\" content=\"O FGTS poder\u00e1 ser utilizado para quitar seis parcelas atrasadas do financiamento da casa pr\u00f3pria a partir de janeiro de 2023. Saiba mais.\" \/>\n<meta name=\"robots\" content=\"index, follow, max-snippet:-1, max-image-preview:large, max-video-preview:-1\" \/>\n<link rel=\"canonical\" href=\"https:\/\/www.suno.com.br\/noticias\/fgts-casa-propria-atrasada-parcelas\/\" \/>\n<meta property=\"og:locale\" content=\"pt_BR\" \/>\n<meta property=\"og:type\" content=\"article\" \/>\n<meta property=\"og:title\" content=\"FGTS: trabalhador poder\u00e1 quitar 6 parcelas atrasadas da casa pr\u00f3pria\" \/>\n<meta property=\"og:description\" content=\"O FGTS poder\u00e1 ser utilizado para quitar seis parcelas atrasadas do financiamento da casa pr\u00f3pria a partir de janeiro de 2023. Saiba mais.\" \/>\n<meta property=\"og:url\" content=\"https:\/\/www.suno.com.br\/noticias\/fgts-casa-propria-atrasada-parcelas\/\" \/>\n<meta property=\"og:site_name\" content=\"Suno Not\u00edcias\" \/>\n<meta property=\"article:publisher\" content=\"https:\/\/facebook.com\/sunoresearch\" \/>\n<meta property=\"og:image\" content=\"https:\/\/files.sunoresearch.com.br\/n\/uploads\/2022\/12\/fgts-aplicativo-caixa-foto-marcelo-camargo-agencia-brasil.jpg\" \/>\n\t<meta property=\"og:image:width\" content=\"1200\" \/>\n\t<meta property=\"og:image:height\" content=\"675\" \/>\n\t<meta property=\"og:image:type\" content=\"image\/jpeg\" \/>\n<meta name=\"author\" content=\"Erick Matheus Nery\" \/>\n<meta name=\"twitter:card\" content=\"summary_large_image\" \/>\n<meta name=\"twitter:creator\" content=\"@sunoresearch\" \/>\n<meta name=\"twitter:site\" content=\"@sunoresearch\" \/>\n<meta name=\"twitter:label1\" content=\"Escrito por\" \/>\n\t<meta name=\"twitter:data1\" content=\"Erick Matheus Nery\" \/>\n\t<meta name=\"twitter:label2\" content=\"Est. tempo de leitura\" \/>\n\t<meta name=\"twitter:data2\" content=\"2 minutos\" \/>\n<script type=\"application\/ld+json\" class=\"yoast-schema-graph\">{\"@context\":\"https:\/\/schema.org\",\"@graph\":[{\"@type\":\"NewsArticle\",\"@id\":\"https:\/\/www.suno.com.br\/noticias\/fgts-casa-propria-atrasada-parcelas\/#article\",\"isPartOf\":{\"@id\":\"https:\/\/www.suno.com.br\/noticias\/fgts-casa-propria-atrasada-parcelas\/\"},\"author\":{\"name\":\"Erick Matheus Nery\",\"@id\":\"https:\/\/www.suno.com.br\/noticias\/#\/schema\/person\/6899bc3f19d1a7315f807131c2c013a0\"},\"headline\":\"Mudan\u00e7a no FGTS: trabalhador poder\u00e1 quitar seis parcelas atrasadas da casa pr\u00f3pria; entenda\",\"datePublished\":\"2022-12-14T15:55:17+00:00\",\"dateModified\":\"2022-12-14T15:55:22+00:00\",\"mainEntityOfPage\":{\"@id\":\"https:\/\/www.suno.com.br\/noticias\/fgts-casa-propria-atrasada-parcelas\/\"},\"wordCount\":380,\"publisher\":{\"@id\":\"https:\/\/www.suno.com.br\/noticias\/#organization\"},\"image\":{\"@id\":\"https:\/\/www.suno.com.br\/noticias\/fgts-casa-propria-atrasada-parcelas\/#primaryimage\"},\"thumbnailUrl\":\"https:\/\/files.sunoresearch.com.br\/n\/uploads\/2022\/12\/fgts-aplicativo-caixa-foto-marcelo-camargo-agencia-brasil.jpg\",\"keywords\":[\"Caixa Econ\u00f4mica Federal (CEF)\",\"FGTS\"],\"articleSection\":[\"Economia\"],\"inLanguage\":\"pt-BR\"},{\"@type\":\"WebPage\",\"@id\":\"https:\/\/www.suno.com.br\/noticias\/fgts-casa-propria-atrasada-parcelas\/\",\"url\":\"https:\/\/www.suno.com.br\/noticias\/fgts-casa-propria-atrasada-parcelas\/\",\"name\":\"FGTS: trabalhador poder\u00e1 quitar 6 parcelas atrasadas da casa pr\u00f3pria\",\"isPartOf\":{\"@id\":\"https:\/\/www.suno.com.br\/noticias\/#website\"},\"primaryImageOfPage\":{\"@id\":\"https:\/\/www.suno.com.br\/noticias\/fgts-casa-propria-atrasada-parcelas\/#primaryimage\"},\"image\":{\"@id\":\"https:\/\/www.suno.com.br\/noticias\/fgts-casa-propria-atrasada-parcelas\/#primaryimage\"},\"thumbnailUrl\":\"https:\/\/files.sunoresearch.com.br\/n\/uploads\/2022\/12\/fgts-aplicativo-caixa-foto-marcelo-camargo-agencia-brasil.jpg\",\"datePublished\":\"2022-12-14T15:55:17+00:00\",\"dateModified\":\"2022-12-14T15:55:22+00:00\",\"description\":\"O FGTS poder\u00e1 ser utilizado para quitar seis parcelas atrasadas do financiamento da casa pr\u00f3pria a partir de janeiro de 2023. Saiba mais.\",\"breadcrumb\":{\"@id\":\"https:\/\/www.suno.com.br\/noticias\/fgts-casa-propria-atrasada-parcelas\/#breadcrumb\"},\"inLanguage\":\"pt-BR\",\"potentialAction\":[{\"@type\":\"ReadAction\",\"target\":[\"https:\/\/www.suno.com.br\/noticias\/fgts-casa-propria-atrasada-parcelas\/\"]}]},{\"@type\":\"ImageObject\",\"inLanguage\":\"pt-BR\",\"@id\":\"https:\/\/www.suno.com.br\/noticias\/fgts-casa-propria-atrasada-parcelas\/#primaryimage\",\"url\":\"https:\/\/files.sunoresearch.com.br\/n\/uploads\/2022\/12\/fgts-aplicativo-caixa-foto-marcelo-camargo-agencia-brasil.jpg\",\"contentUrl\":\"https:\/\/files.sunoresearch.com.br\/n\/uploads\/2022\/12\/fgts-aplicativo-caixa-foto-marcelo-camargo-agencia-brasil.jpg\",\"width\":1200,\"height\":675,\"caption\":\"Aplicativo do FGTS. Foto: Marcelo Camargo\/Ag\u00eancia Brasil\"},{\"@type\":\"BreadcrumbList\",\"@id\":\"https:\/\/www.suno.com.br\/noticias\/fgts-casa-propria-atrasada-parcelas\/#breadcrumb\",\"itemListElement\":[{\"@type\":\"ListItem\",\"position\":1,\"name\":\"Not\u00edcias\",\"item\":\"https:\/\/www.suno.com.br\/noticias\/\"},{\"@type\":\"ListItem\",\"position\":2,\"name\":\"Economia\",\"item\":\"https:\/\/www.suno.com.br\/noticias\/economia\/\"},{\"@type\":\"ListItem\",\"position\":3,\"name\":\"Mudan\u00e7a no FGTS: trabalhador poder\u00e1 quitar seis parcelas atrasadas da casa pr\u00f3pria; entenda\"}]},{\"@type\":\"WebSite\",\"@id\":\"https:\/\/www.suno.com.br\/noticias\/#website\",\"url\":\"https:\/\/www.suno.com.br\/noticias\/\",\"name\":\"Suno Not\u00edcias\",\"description\":\"Seu portal de informa\u00e7\u00e3o sobre o mundo dos investimentos\",\"publisher\":{\"@id\":\"https:\/\/www.suno.com.br\/noticias\/#organization\"},\"potentialAction\":[{\"@type\":\"SearchAction\",\"target\":{\"@type\":\"EntryPoint\",\"urlTemplate\":\"https:\/\/www.suno.com.br\/noticias\/?s={search_term_string}\"},\"query-input\":{\"@type\":\"PropertyValueSpecification\",\"valueRequired\":true,\"valueName\":\"search_term_string\"}}],\"inLanguage\":\"pt-BR\"},{\"@type\":\"Organization\",\"@id\":\"https:\/\/www.suno.com.br\/noticias\/#organization\",\"name\":\"Suno Not\u00edcias\",\"url\":\"https:\/\/www.suno.com.br\/noticias\/\",\"logo\":{\"@type\":\"ImageObject\",\"inLanguage\":\"pt-BR\",\"@id\":\"https:\/\/www.suno.com.br\/noticias\/#\/schema\/logo\/image\/\",\"url\":\"https:\/\/files.sunoresearch.com.br\/n\/uploads\/2021\/09\/suno-logo.png\",\"contentUrl\":\"https:\/\/files.sunoresearch.com.br\/n\/uploads\/2021\/09\/suno-logo.png\",\"width\":180,\"height\":180,\"caption\":\"Suno Not\u00edcias\"},\"image\":{\"@id\":\"https:\/\/www.suno.com.br\/noticias\/#\/schema\/logo\/image\/\"},\"sameAs\":[\"https:\/\/facebook.com\/sunoresearch\",\"https:\/\/x.com\/sunoresearch\",\"https:\/\/www.instagram.com\/suno\",\"https:\/\/www.linkedin.com\/company\/suno-research\/\",\"https:\/\/www.youtube.com\/c\/sunoresearch\"]},{\"@type\":\"Person\",\"@id\":\"https:\/\/www.suno.com.br\/noticias\/#\/schema\/person\/6899bc3f19d1a7315f807131c2c013a0\",\"name\":\"Erick Matheus Nery\",\"image\":{\"@type\":\"ImageObject\",\"inLanguage\":\"pt-BR\",\"@id\":\"https:\/\/www.suno.com.br\/noticias\/#\/schema\/person\/image\/\",\"url\":\"https:\/\/secure.gravatar.com\/avatar\/518ddffe438ccb767782d372a66304d2?s=96&r=g\",\"contentUrl\":\"https:\/\/secure.gravatar.com\/avatar\/518ddffe438ccb767782d372a66304d2?s=96&r=g\",\"caption\":\"Erick Matheus Nery\"},\"description\":\"Formado em Jornalismo pela Universidade Federal do Par\u00e1 (UFPA), conta com extens\u00e3o em Jornalismo Econ\u00f4mico pela Funda\u00e7\u00e3o Get\u00falio Vargas (FGV). No Suno Not\u00edcias, atua como rep\u00f3rter de Mercado, com foco nos setores de telecomunica\u00e7\u00f5es, varejo, alimentos e renda fixa. Conta com passagens pelo jornal O Estado de S\u00e3o Paulo, como trainee de Jornalismo Econ\u00f4mico, e pelo site Not\u00edcias da TV.\",\"url\":\"https:\/\/www.suno.com.br\/noticias\/author\/erick-nery\/\"}]}<\/script>\n<!-- \/ Yoast SEO plugin. -->","yoast_head_json":{"title":"FGTS: trabalhador poder\u00e1 quitar 6 parcelas atrasadas da casa pr\u00f3pria","description":"O FGTS poder\u00e1 ser utilizado para quitar seis parcelas atrasadas do financiamento da casa pr\u00f3pria a partir de janeiro de 2023. Saiba mais.","robots":{"index":"index","follow":"follow","max-snippet":"max-snippet:-1","max-image-preview":"max-image-preview:large","max-video-preview":"max-video-preview:-1"},"canonical":"https:\/\/www.suno.com.br\/noticias\/fgts-casa-propria-atrasada-parcelas\/","og_locale":"pt_BR","og_type":"article","og_title":"FGTS: trabalhador poder\u00e1 quitar 6 parcelas atrasadas da casa pr\u00f3pria","og_description":"O FGTS poder\u00e1 ser utilizado para quitar seis parcelas atrasadas do financiamento da casa pr\u00f3pria a partir de janeiro de 2023. Saiba mais.","og_url":"https:\/\/www.suno.com.br\/noticias\/fgts-casa-propria-atrasada-parcelas\/","og_site_name":"Suno Not\u00edcias","article_publisher":"https:\/\/facebook.com\/sunoresearch","og_image":[{"width":1200,"height":675,"url":"https:\/\/files.sunoresearch.com.br\/n\/uploads\/2022\/12\/fgts-aplicativo-caixa-foto-marcelo-camargo-agencia-brasil.jpg","type":"image\/jpeg"}],"author":"Erick Matheus Nery","twitter_card":"summary_large_image","twitter_creator":"@sunoresearch","twitter_site":"@sunoresearch","twitter_misc":{"Escrito por":"Erick Matheus Nery","Est. tempo de leitura":"2 minutos"},"schema":{"@context":"https:\/\/schema.org","@graph":[{"@type":"NewsArticle","@id":"https:\/\/www.suno.com.br\/noticias\/fgts-casa-propria-atrasada-parcelas\/#article","isPartOf":{"@id":"https:\/\/www.suno.com.br\/noticias\/fgts-casa-propria-atrasada-parcelas\/"},"author":{"name":"Erick Matheus Nery","@id":"https:\/\/www.suno.com.br\/noticias\/#\/schema\/person\/6899bc3f19d1a7315f807131c2c013a0"},"headline":"Mudan\u00e7a no FGTS: trabalhador poder\u00e1 quitar seis parcelas atrasadas da casa pr\u00f3pria; entenda","datePublished":"2022-12-14T15:55:17+00:00","dateModified":"2022-12-14T15:55:22+00:00","mainEntityOfPage":{"@id":"https:\/\/www.suno.com.br\/noticias\/fgts-casa-propria-atrasada-parcelas\/"},"wordCount":380,"publisher":{"@id":"https:\/\/www.suno.com.br\/noticias\/#organization"},"image":{"@id":"https:\/\/www.suno.com.br\/noticias\/fgts-casa-propria-atrasada-parcelas\/#primaryimage"},"thumbnailUrl":"https:\/\/files.sunoresearch.com.br\/n\/uploads\/2022\/12\/fgts-aplicativo-caixa-foto-marcelo-camargo-agencia-brasil.jpg","keywords":["Caixa Econ\u00f4mica Federal (CEF)","FGTS"],"articleSection":["Economia"],"inLanguage":"pt-BR"},{"@type":"WebPage","@id":"https:\/\/www.suno.com.br\/noticias\/fgts-casa-propria-atrasada-parcelas\/","url":"https:\/\/www.suno.com.br\/noticias\/fgts-casa-propria-atrasada-parcelas\/","name":"FGTS: trabalhador poder\u00e1 quitar 6 parcelas atrasadas da casa pr\u00f3pria","isPartOf":{"@id":"https:\/\/www.suno.com.br\/noticias\/#website"},"primaryImageOfPage":{"@id":"https:\/\/www.suno.com.br\/noticias\/fgts-casa-propria-atrasada-parcelas\/#primaryimage"},"image":{"@id":"https:\/\/www.suno.com.br\/noticias\/fgts-casa-propria-atrasada-parcelas\/#primaryimage"},"thumbnailUrl":"https:\/\/files.sunoresearch.com.br\/n\/uploads\/2022\/12\/fgts-aplicativo-caixa-foto-marcelo-camargo-agencia-brasil.jpg","datePublished":"2022-12-14T15:55:17+00:00","dateModified":"2022-12-14T15:55:22+00:00","description":"O FGTS poder\u00e1 ser utilizado para quitar seis parcelas atrasadas do financiamento da casa pr\u00f3pria a partir de janeiro de 2023. Saiba mais.","breadcrumb":{"@id":"https:\/\/www.suno.com.br\/noticias\/fgts-casa-propria-atrasada-parcelas\/#breadcrumb"},"inLanguage":"pt-BR","potentialAction":[{"@type":"ReadAction","target":["https:\/\/www.suno.com.br\/noticias\/fgts-casa-propria-atrasada-parcelas\/"]}]},{"@type":"ImageObject","inLanguage":"pt-BR","@id":"https:\/\/www.suno.com.br\/noticias\/fgts-casa-propria-atrasada-parcelas\/#primaryimage","url":"https:\/\/files.sunoresearch.com.br\/n\/uploads\/2022\/12\/fgts-aplicativo-caixa-foto-marcelo-camargo-agencia-brasil.jpg","contentUrl":"https:\/\/files.sunoresearch.com.br\/n\/uploads\/2022\/12\/fgts-aplicativo-caixa-foto-marcelo-camargo-agencia-brasil.jpg","width":1200,"height":675,"caption":"Aplicativo do FGTS. Foto: Marcelo Camargo\/Ag\u00eancia Brasil"},{"@type":"BreadcrumbList","@id":"https:\/\/www.suno.com.br\/noticias\/fgts-casa-propria-atrasada-parcelas\/#breadcrumb","itemListElement":[{"@type":"ListItem","position":1,"name":"Not\u00edcias","item":"https:\/\/www.suno.com.br\/noticias\/"},{"@type":"ListItem","position":2,"name":"Economia","item":"https:\/\/www.suno.com.br\/noticias\/economia\/"},{"@type":"ListItem","position":3,"name":"Mudan\u00e7a no FGTS: trabalhador poder\u00e1 quitar seis parcelas atrasadas da casa pr\u00f3pria; entenda"}]},{"@type":"WebSite","@id":"https:\/\/www.suno.com.br\/noticias\/#website","url":"https:\/\/www.suno.com.br\/noticias\/","name":"Suno Not\u00edcias","description":"Seu portal de informa\u00e7\u00e3o sobre o mundo dos investimentos","publisher":{"@id":"https:\/\/www.suno.com.br\/noticias\/#organization"},"potentialAction":[{"@type":"SearchAction","target":{"@type":"EntryPoint","urlTemplate":"https:\/\/www.suno.com.br\/noticias\/?s={search_term_string}"},"query-input":{"@type":"PropertyValueSpecification","valueRequired":true,"valueName":"search_term_string"}}],"inLanguage":"pt-BR"},{"@type":"Organization","@id":"https:\/\/www.suno.com.br\/noticias\/#organization","name":"Suno Not\u00edcias","url":"https:\/\/www.suno.com.br\/noticias\/","logo":{"@type":"ImageObject","inLanguage":"pt-BR","@id":"https:\/\/www.suno.com.br\/noticias\/#\/schema\/logo\/image\/","url":"https:\/\/files.sunoresearch.com.br\/n\/uploads\/2021\/09\/suno-logo.png","contentUrl":"https:\/\/files.sunoresearch.com.br\/n\/uploads\/2021\/09\/suno-logo.png","width":180,"height":180,"caption":"Suno Not\u00edcias"},"image":{"@id":"https:\/\/www.suno.com.br\/noticias\/#\/schema\/logo\/image\/"},"sameAs":["https:\/\/facebook.com\/sunoresearch","https:\/\/x.com\/sunoresearch","https:\/\/www.instagram.com\/suno","https:\/\/www.linkedin.com\/company\/suno-research\/","https:\/\/www.youtube.com\/c\/sunoresearch"]},{"@type":"Person","@id":"https:\/\/www.suno.com.br\/noticias\/#\/schema\/person\/6899bc3f19d1a7315f807131c2c013a0","name":"Erick Matheus Nery","image":{"@type":"ImageObject","inLanguage":"pt-BR","@id":"https:\/\/www.suno.com.br\/noticias\/#\/schema\/person\/image\/","url":"https:\/\/secure.gravatar.com\/avatar\/518ddffe438ccb767782d372a66304d2?s=96&r=g","contentUrl":"https:\/\/secure.gravatar.com\/avatar\/518ddffe438ccb767782d372a66304d2?s=96&r=g","caption":"Erick Matheus Nery"},"description":"Formado em Jornalismo pela Universidade Federal do Par\u00e1 (UFPA), conta com extens\u00e3o em Jornalismo Econ\u00f4mico pela Funda\u00e7\u00e3o Get\u00falio Vargas (FGV). No Suno Not\u00edcias, atua como rep\u00f3rter de Mercado, com foco nos setores de telecomunica\u00e7\u00f5es, varejo, alimentos e renda fixa. Conta com passagens pelo jornal O Estado de S\u00e3o Paulo, como trainee de Jornalismo Econ\u00f4mico, e pelo site Not\u00edcias da TV.","url":"https:\/\/www.suno.com.br\/noticias\/author\/erick-nery\/"}]}},"default_loop_html":"<div class=\"cardsPage__listCard__boxs\"><div class=\"cardsPage__listCard__boxs__img\"><a href=\"https:\/\/www.suno.com.br\/noticias\/fgts-casa-propria-atrasada-parcelas\/\"><img class=\"mask\" src=\"https:\/\/www.suno.com.br\/noticias\/wp-content\/themes\/suno\/resources\/images\/spotlight\/spotlight1img\/bg-mask.png\" alt=\"Image Mask\"\/><img src=\"https:\/\/files.sunoresearch.com.br\/n\/uploads\/2022\/12\/fgts-aplicativo-caixa-foto-marcelo-camargo-agencia-brasil-400x200.jpg\" alt=\"Mudan\u00e7a no FGTS: trabalhador poder\u00e1 quitar seis parcelas atrasadas da casa pr\u00f3pria; entenda\"\/><\/a><span class=\"spotlightCategory\"><a href=\"https:\/\/www.suno.com.br\/noticias\/economia\/\">Economia<\/a><\/span><\/div><div class=\"cardsPage__listCard__boxs__content\"><a href=\"https:\/\/www.suno.com.br\/noticias\/fgts-casa-propria-atrasada-parcelas\/\"><h2 class=\"content__title\">Mudan\u00e7a no FGTS: trabalhador poder\u00e1 quitar seis parcelas atrasadas da casa pr\u00f3pria; entenda<\/h2><\/a><div class=\"newsContent__article__meta\"><div class=\"newsContent__article__meta__authorBox\"><a href=\"https:\/\/www.suno.com.br\/noticias\/author\/erick-nery\/\" class=\"authorBox__avatar noMobi\"><img src=\"https:\/\/secure.gravatar.com\/avatar\/518ddffe438ccb767782d372a66304d2?s=96&#038;r=g\" alt=\"Erick Matheus Nery\"><\/a><div class=\"authorBox__name\"><span>por\n\t\t\t<a href=\"https:\/\/www.suno.com.br\/noticias\/author\/erick-nery\/\"><span itemprop=\"author\">Erick Matheus Nery<\/span><\/a><\/span><time datetime=\"2022-12-14T12:55:17-03:00\" itemprop=\"datePublished\">14\/12\/2022 12:55<\/time><\/div><\/div><\/div><\/div><\/div>","single_layout":"posts","amp_enabled":true,"_links":{"self":[{"href":"https:\/\/www.suno.com.br\/noticias\/wp-json\/wp\/v2\/posts\/333818"}],"collection":[{"href":"https:\/\/www.suno.com.br\/noticias\/wp-json\/wp\/v2\/posts"}],"about":[{"href":"https:\/\/www.suno.com.br\/noticias\/wp-json\/wp\/v2\/types\/post"}],"author":[{"embeddable":true,"href":"https:\/\/www.suno.com.br\/noticias\/wp-json\/wp\/v2\/users\/232"}],"replies":[{"embeddable":true,"href":"https:\/\/www.suno.com.br\/noticias\/wp-json\/wp\/v2\/comments?post=333818"}],"version-history":[{"count":3,"href":"https:\/\/www.suno.com.br\/noticias\/wp-json\/wp\/v2\/posts\/333818\/revisions"}],"predecessor-version":[{"id":334200,"href":"https:\/\/www.suno.com.br\/noticias\/wp-json\/wp\/v2\/posts\/333818\/revisions\/334200"}],"wp:featuredmedia":[{"embeddable":true,"href":"https:\/\/www.suno.com.br\/noticias\/wp-json\/wp\/v2\/media\/334113"}],"wp:attachment":[{"href":"https:\/\/www.suno.com.br\/noticias\/wp-json\/wp\/v2\/media?parent=333818"}],"wp:term":[{"taxonomy":"category","embeddable":true,"href":"https:\/\/www.suno.com.br\/noticias\/wp-json\/wp\/v2\/categories?post=333818"},{"taxonomy":"post_tag","embeddable":true,"href":"https:\/\/www.suno.com.br\/noticias\/wp-json\/wp\/v2\/tags?post=333818"},{"taxonomy":"suno_strategy","embeddable":true,"href":"https:\/\/www.suno.com.br\/noticias\/wp-json\/wp\/v2\/suno_strategy?post=333818"}],"curies":[{"name":"wp","href":"https:\/\/api.w.org\/{rel}","templated":true}]}}