{"id":3338,"date":"2018-09-03T10:09:29","date_gmt":"2018-09-03T13:09:29","guid":{"rendered":"https:\/\/www.suno.com.br\/noticias\/?p=3338"},"modified":"2018-09-03T11:00:39","modified_gmt":"2018-09-03T14:00:39","slug":"ibovespa-cai-dolar-sobe","status":"publish","type":"post","link":"https:\/\/www.suno.com.br\/noticias\/ibovespa-cai-dolar-sobe\/","title":{"rendered":"Ibovespa Futuro abre em queda e d\u00f3lar dispara quase 2% nesta segunda-feira"},"content":{"rendered":"<p>Uma combina\u00e7\u00e3o de fatores, como a redu\u00e7\u00e3o de liquidez ocasionada pelo feriado nos EUA e a aproxima\u00e7\u00e3o das elei\u00e7\u00f5es, fizeram com que o mercado de setembro tenha come\u00e7ado dif\u00edcil para os investidores. O contrato futuro do Ibovespa, com vencimento em outubro, encontra-se em baixa de 1,23% relativo ao fechamento de ontem, em 76.325 pontos. O d\u00f3lar, por outro lado, disparou, com alta de 1,97%, chegando a 4,132.<\/p>\t<div class=\"wrapper-featured-image\">\n\t\t<figure class=\"spotlightImg\">\n\n\t\t\t<picture>\n\t\t\t\t<source media=\"(max-width: 768px)\" srcset=\"https:\/\/files.sunoresearch.com.br\/n\/uploads\/2018\/09\/482454fb-dolar-ibovespa-400x200.webp\">\n\t\t\t\t<img loading=\"lazy\" decoding=\"async\" class=\"newsContent__article__imgCapa lazyloadDisabled newsContent__article__imgCapa--noCaption\" src=\"https:\/\/files.sunoresearch.com.br\/n\/uploads\/2018\/09\/482454fb-dolar-ibovespa-800x450.webp\" width=\"800\" height=\"450\" alt=\"Ibovespa Futuro abre em queda e d\u00f3lar dispara quase 2% nesta segunda-feira\" fetchpriority=high \/>\n\t\t\t<\/picture>\n\n\t\t\t<figcaption class=\"wp-caption-text wp-caption-text--hide\">Mercados devem reagir a ata do Fed desta quarta<\/figcaption>\n\t\t<\/figure>\n\t<\/div>\n\n\n<p>O mercado reflete n\u00e3o s\u00f3 a alta do d\u00f3lar globalmente como tamb\u00e9m a decis\u00e3o do TSE de barrar a candidatura de Lula e o fato de que, mesmo assim, ele apareceu no hor\u00e1rio pol\u00edtico eleitoral representando o PT.<\/p>\n<p>A primeira pesquisa realizada ap\u00f3s o bloqueio da candidatura e o in\u00edcio do per\u00edodo de propaganda eleitoral mostra um leve crescimento de Fernando Haddad, prov\u00e1vel substituto do petista, enquanto Jair Bolsonaro ainda se mant\u00e9m \u00e0 frente.<\/p>\n<p>No exterior, h\u00e1 queda das bolsas asi\u00e1ticas, refletindo preocupa\u00e7\u00f5es com o com\u00e9rcio internacional. Al\u00e9m disso, depois de fechados os mercados, foi divulgado que a atividade industrial chinesa cresceu no ritmo mais lento em mais de um ano, em agosto, no quinto m\u00eas seguido de encolhimento de encomendas para exporta\u00e7\u00e3o.<\/p>\n<p>Enquanto isso, na Am\u00e9rica do norte, Donald Trump ainda n\u00e3o foi capaz de chegar a um acordo com o Canad\u00e1 para fechar o novo tratado de livre com\u00e9rcio entre os dois pa\u00edses e o M\u00e9xico. As negocia\u00e7\u00f5es devem continuar nesta semana.<\/p>\n<p>Na Europa, h\u00e1 oscila\u00e7\u00f5es e incerteza nos mercados e os pa\u00edses emergentes abrem em baixa devido aos receios quanto \u00e0s consequ\u00eancias de guerras comerciais envolvendo os EUA.<\/p>\n<p>Na Argentina, o cen\u00e1rio \u00e9 de apreens\u00e3o ap\u00f3s a queda de 26% do peso argentino em agosto. O jornal La Naci\u00f3n informa que o presidente Mauricio Macri deve falar hoje e pode decretar a taxa\u00e7\u00e3o de 10% sobre exporta\u00e7\u00f5es de milho e trigo do pa\u00eds.<\/p>\n<p>No mundo dos commodities, o petr\u00f3leo WTI se mant\u00e9m pr\u00f3ximo a US$70\/barril e h\u00e1 pouca oscila\u00e7\u00e3o dos valores do cobre e n\u00edquel.<\/p>\n","protected":false},"excerpt":{"rendered":"<p>Uma combina\u00e7\u00e3o de fatores, como a redu\u00e7\u00e3o de liquidez ocasionada pelo feriado nos EUA e a aproxima\u00e7\u00e3o das elei\u00e7\u00f5es, fizeram com que o mercado de setembro tenha come\u00e7ado dif\u00edcil para os investidores. O contrato futuro do Ibovespa, com vencimento em outubro, encontra-se em baixa de 1,23% relativo ao fechamento de ontem, em 76.325 pontos. O [&hellip;]<\/p>\n","protected":false},"author":5,"featured_media":3339,"comment_status":"closed","ping_status":"closed","sticky":false,"template":"","format":"standard","meta":[],"categories":[60],"tags":[309,326],"suno_strategy":[],"class_list":["post-3338","post","type-post","status-publish","format-standard","has-post-thumbnail","hentry","category-mercado","tag-bolsa-de-valores","tag-dolar"],"yoast_head":"<!-- This site is optimized with the Yoast SEO plugin v24.4 - https:\/\/yoast.com\/wordpress\/plugins\/seo\/ -->\n<title>Ibovespa Futuro abre em queda e d\u00f3lar dispara quase 2% nesta segunda-feira<\/title>\n<meta name=\"description\" content=\"Apreens\u00e3o no mercado se deve \u00e0 for\u00e7a do d\u00f3lar no mercado internacional e repercurte a situa\u00e7\u00e3o de Lula e sua presen\u00e7a no hor\u00e1rio pol\u00edtico. Saiba mais.\" \/>\n<meta name=\"robots\" content=\"index, follow, max-snippet:-1, max-image-preview:large, max-video-preview:-1\" \/>\n<link rel=\"canonical\" href=\"https:\/\/www.suno.com.br\/noticias\/ibovespa-cai-dolar-sobe\/\" \/>\n<meta property=\"og:locale\" content=\"pt_BR\" \/>\n<meta property=\"og:type\" content=\"article\" \/>\n<meta property=\"og:title\" content=\"Ibovespa Futuro abre em queda e d\u00f3lar dispara quase 2% nesta segunda-feira\" \/>\n<meta property=\"og:description\" content=\"Apreens\u00e3o no mercado se deve \u00e0 for\u00e7a do d\u00f3lar no mercado internacional e repercurte a situa\u00e7\u00e3o de Lula e sua presen\u00e7a no hor\u00e1rio pol\u00edtico. Saiba mais.\" \/>\n<meta property=\"og:url\" content=\"https:\/\/www.suno.com.br\/noticias\/ibovespa-cai-dolar-sobe\/\" \/>\n<meta property=\"og:site_name\" content=\"Suno Not\u00edcias\" \/>\n<meta property=\"article:publisher\" content=\"https:\/\/facebook.com\/sunoresearch\" \/>\n<meta property=\"article:author\" content=\"https:\/\/www.linkedin.com\/in\/daniel-quandt-a49985110\/\" \/>\n<meta property=\"og:image\" content=\"https:\/\/files.sunoresearch.com.br\/n\/uploads\/2018\/09\/482454fb-dolar-ibovespa.jpg\" \/>\n\t<meta property=\"og:image:width\" content=\"2560\" \/>\n\t<meta property=\"og:image:height\" content=\"1359\" \/>\n\t<meta property=\"og:image:type\" content=\"image\/jpeg\" \/>\n<meta name=\"author\" content=\"Daniel Quandt\" \/>\n<meta name=\"twitter:card\" content=\"summary_large_image\" \/>\n<meta name=\"twitter:creator\" content=\"@sunoresearch\" \/>\n<meta name=\"twitter:site\" content=\"@sunoresearch\" \/>\n<meta name=\"twitter:label1\" content=\"Escrito por\" \/>\n\t<meta name=\"twitter:data1\" content=\"Daniel Quandt\" \/>\n\t<meta name=\"twitter:label2\" content=\"Est. tempo de leitura\" \/>\n\t<meta name=\"twitter:data2\" content=\"2 minutos\" \/>\n<script type=\"application\/ld+json\" class=\"yoast-schema-graph\">{\"@context\":\"https:\/\/schema.org\",\"@graph\":[{\"@type\":\"NewsArticle\",\"@id\":\"https:\/\/www.suno.com.br\/noticias\/ibovespa-cai-dolar-sobe\/#article\",\"isPartOf\":{\"@id\":\"https:\/\/www.suno.com.br\/noticias\/ibovespa-cai-dolar-sobe\/\"},\"author\":{\"name\":\"Daniel Quandt\",\"@id\":\"https:\/\/www.suno.com.br\/noticias\/#\/schema\/person\/eca2bab82984722db00d1e6facd8bb26\"},\"headline\":\"Ibovespa Futuro abre em queda e d\u00f3lar dispara quase 2% nesta segunda-feira\",\"datePublished\":\"2018-09-03T13:09:29+00:00\",\"dateModified\":\"2018-09-03T14:00:39+00:00\",\"mainEntityOfPage\":{\"@id\":\"https:\/\/www.suno.com.br\/noticias\/ibovespa-cai-dolar-sobe\/\"},\"wordCount\":375,\"publisher\":{\"@id\":\"https:\/\/www.suno.com.br\/noticias\/#organization\"},\"image\":{\"@id\":\"https:\/\/www.suno.com.br\/noticias\/ibovespa-cai-dolar-sobe\/#primaryimage\"},\"thumbnailUrl\":\"https:\/\/files.sunoresearch.com.br\/n\/uploads\/2018\/09\/482454fb-dolar-ibovespa-jpg.webp\",\"keywords\":[\"Bolsa de Valores\",\"d\u00f3lar\"],\"articleSection\":[\"Mercado\"],\"inLanguage\":\"pt-BR\"},{\"@type\":\"WebPage\",\"@id\":\"https:\/\/www.suno.com.br\/noticias\/ibovespa-cai-dolar-sobe\/\",\"url\":\"https:\/\/www.suno.com.br\/noticias\/ibovespa-cai-dolar-sobe\/\",\"name\":\"Ibovespa Futuro abre em queda e d\u00f3lar dispara quase 2% nesta segunda-feira\",\"isPartOf\":{\"@id\":\"https:\/\/www.suno.com.br\/noticias\/#website\"},\"primaryImageOfPage\":{\"@id\":\"https:\/\/www.suno.com.br\/noticias\/ibovespa-cai-dolar-sobe\/#primaryimage\"},\"image\":{\"@id\":\"https:\/\/www.suno.com.br\/noticias\/ibovespa-cai-dolar-sobe\/#primaryimage\"},\"thumbnailUrl\":\"https:\/\/files.sunoresearch.com.br\/n\/uploads\/2018\/09\/482454fb-dolar-ibovespa-jpg.webp\",\"datePublished\":\"2018-09-03T13:09:29+00:00\",\"dateModified\":\"2018-09-03T14:00:39+00:00\",\"description\":\"Apreens\u00e3o no mercado se deve \u00e0 for\u00e7a do d\u00f3lar no mercado internacional e repercurte a situa\u00e7\u00e3o de Lula e sua presen\u00e7a no hor\u00e1rio pol\u00edtico. Saiba mais.\",\"breadcrumb\":{\"@id\":\"https:\/\/www.suno.com.br\/noticias\/ibovespa-cai-dolar-sobe\/#breadcrumb\"},\"inLanguage\":\"pt-BR\",\"potentialAction\":[{\"@type\":\"ReadAction\",\"target\":[\"https:\/\/www.suno.com.br\/noticias\/ibovespa-cai-dolar-sobe\/\"]}]},{\"@type\":\"ImageObject\",\"inLanguage\":\"pt-BR\",\"@id\":\"https:\/\/www.suno.com.br\/noticias\/ibovespa-cai-dolar-sobe\/#primaryimage\",\"url\":\"https:\/\/files.sunoresearch.com.br\/n\/uploads\/2018\/09\/482454fb-dolar-ibovespa-jpg.webp\",\"contentUrl\":\"https:\/\/files.sunoresearch.com.br\/n\/uploads\/2018\/09\/482454fb-dolar-ibovespa-jpg.webp\",\"width\":2560,\"height\":1359,\"caption\":\"Mercados devem reagir a ata do Fed desta quarta\"},{\"@type\":\"BreadcrumbList\",\"@id\":\"https:\/\/www.suno.com.br\/noticias\/ibovespa-cai-dolar-sobe\/#breadcrumb\",\"itemListElement\":[{\"@type\":\"ListItem\",\"position\":1,\"name\":\"Not\u00edcias\",\"item\":\"https:\/\/www.suno.com.br\/noticias\/\"},{\"@type\":\"ListItem\",\"position\":2,\"name\":\"Mercado\",\"item\":\"https:\/\/www.suno.com.br\/noticias\/mercado\/\"},{\"@type\":\"ListItem\",\"position\":3,\"name\":\"Ibovespa Futuro abre em queda e d\u00f3lar dispara quase 2% nesta segunda-feira\"}]},{\"@type\":\"WebSite\",\"@id\":\"https:\/\/www.suno.com.br\/noticias\/#website\",\"url\":\"https:\/\/www.suno.com.br\/noticias\/\",\"name\":\"Suno Not\u00edcias\",\"description\":\"Seu portal de informa\u00e7\u00e3o sobre o mundo dos investimentos\",\"publisher\":{\"@id\":\"https:\/\/www.suno.com.br\/noticias\/#organization\"},\"potentialAction\":[{\"@type\":\"SearchAction\",\"target\":{\"@type\":\"EntryPoint\",\"urlTemplate\":\"https:\/\/www.suno.com.br\/noticias\/?s={search_term_string}\"},\"query-input\":{\"@type\":\"PropertyValueSpecification\",\"valueRequired\":true,\"valueName\":\"search_term_string\"}}],\"inLanguage\":\"pt-BR\"},{\"@type\":\"Organization\",\"@id\":\"https:\/\/www.suno.com.br\/noticias\/#organization\",\"name\":\"Suno Not\u00edcias\",\"url\":\"https:\/\/www.suno.com.br\/noticias\/\",\"logo\":{\"@type\":\"ImageObject\",\"inLanguage\":\"pt-BR\",\"@id\":\"https:\/\/www.suno.com.br\/noticias\/#\/schema\/logo\/image\/\",\"url\":\"https:\/\/files.sunoresearch.com.br\/n\/uploads\/2021\/09\/suno-logo.png\",\"contentUrl\":\"https:\/\/files.sunoresearch.com.br\/n\/uploads\/2021\/09\/suno-logo.png\",\"width\":180,\"height\":180,\"caption\":\"Suno Not\u00edcias\"},\"image\":{\"@id\":\"https:\/\/www.suno.com.br\/noticias\/#\/schema\/logo\/image\/\"},\"sameAs\":[\"https:\/\/facebook.com\/sunoresearch\",\"https:\/\/x.com\/sunoresearch\",\"https:\/\/www.instagram.com\/suno\",\"https:\/\/www.linkedin.com\/company\/suno-research\/\",\"https:\/\/www.youtube.com\/c\/sunoresearch\"]},{\"@type\":\"Person\",\"@id\":\"https:\/\/www.suno.com.br\/noticias\/#\/schema\/person\/eca2bab82984722db00d1e6facd8bb26\",\"name\":\"Daniel Quandt\",\"image\":{\"@type\":\"ImageObject\",\"inLanguage\":\"pt-BR\",\"@id\":\"https:\/\/www.suno.com.br\/noticias\/#\/schema\/person\/image\/\",\"url\":\"https:\/\/secure.gravatar.com\/avatar\/5faf4378f9fbf4557a5836a88d66f99a?s=96&r=g\",\"contentUrl\":\"https:\/\/secure.gravatar.com\/avatar\/5faf4378f9fbf4557a5836a88d66f99a?s=96&r=g\",\"caption\":\"Daniel Quandt\"},\"description\":\"Aluno da Universidade de S\u00e3o Paulo, Daniel Quandt escreve sobre economia, mercado financeiro e pol\u00edtica no portal da Suno Research. J\u00e1 passou pela Ag\u00eancia USP de Inova\u00e7\u00e3o e pela startup de v\u00eddeo em blockchain Paratii, desenvolvendo seu conhecimento da aplica\u00e7\u00e3o de tecnologia de ponta ao mercado.\",\"sameAs\":[\"https:\/\/www.suno.com.br\/\",\"https:\/\/www.linkedin.com\/in\/daniel-quandt-a49985110\/\"],\"url\":\"https:\/\/www.suno.com.br\/noticias\/author\/daniel-quandt\/\"}]}<\/script>\n<!-- \/ Yoast SEO plugin. -->","yoast_head_json":{"title":"Ibovespa Futuro abre em queda e d\u00f3lar dispara quase 2% nesta segunda-feira","description":"Apreens\u00e3o no mercado se deve \u00e0 for\u00e7a do d\u00f3lar no mercado internacional e repercurte a situa\u00e7\u00e3o de Lula e sua presen\u00e7a no hor\u00e1rio pol\u00edtico. Saiba mais.","robots":{"index":"index","follow":"follow","max-snippet":"max-snippet:-1","max-image-preview":"max-image-preview:large","max-video-preview":"max-video-preview:-1"},"canonical":"https:\/\/www.suno.com.br\/noticias\/ibovespa-cai-dolar-sobe\/","og_locale":"pt_BR","og_type":"article","og_title":"Ibovespa Futuro abre em queda e d\u00f3lar dispara quase 2% nesta segunda-feira","og_description":"Apreens\u00e3o no mercado se deve \u00e0 for\u00e7a do d\u00f3lar no mercado internacional e repercurte a situa\u00e7\u00e3o de Lula e sua presen\u00e7a no hor\u00e1rio pol\u00edtico. Saiba mais.","og_url":"https:\/\/www.suno.com.br\/noticias\/ibovespa-cai-dolar-sobe\/","og_site_name":"Suno Not\u00edcias","article_publisher":"https:\/\/facebook.com\/sunoresearch","article_author":"https:\/\/www.linkedin.com\/in\/daniel-quandt-a49985110\/","og_image":[{"width":2560,"height":1359,"url":"https:\/\/files.sunoresearch.com.br\/n\/uploads\/2018\/09\/482454fb-dolar-ibovespa.jpg","type":"image\/jpeg"}],"author":"Daniel Quandt","twitter_card":"summary_large_image","twitter_creator":"@sunoresearch","twitter_site":"@sunoresearch","twitter_misc":{"Escrito por":"Daniel Quandt","Est. tempo de leitura":"2 minutos"},"schema":{"@context":"https:\/\/schema.org","@graph":[{"@type":"NewsArticle","@id":"https:\/\/www.suno.com.br\/noticias\/ibovespa-cai-dolar-sobe\/#article","isPartOf":{"@id":"https:\/\/www.suno.com.br\/noticias\/ibovespa-cai-dolar-sobe\/"},"author":{"name":"Daniel Quandt","@id":"https:\/\/www.suno.com.br\/noticias\/#\/schema\/person\/eca2bab82984722db00d1e6facd8bb26"},"headline":"Ibovespa Futuro abre em queda e d\u00f3lar dispara quase 2% nesta segunda-feira","datePublished":"2018-09-03T13:09:29+00:00","dateModified":"2018-09-03T14:00:39+00:00","mainEntityOfPage":{"@id":"https:\/\/www.suno.com.br\/noticias\/ibovespa-cai-dolar-sobe\/"},"wordCount":375,"publisher":{"@id":"https:\/\/www.suno.com.br\/noticias\/#organization"},"image":{"@id":"https:\/\/www.suno.com.br\/noticias\/ibovespa-cai-dolar-sobe\/#primaryimage"},"thumbnailUrl":"https:\/\/files.sunoresearch.com.br\/n\/uploads\/2018\/09\/482454fb-dolar-ibovespa-jpg.webp","keywords":["Bolsa de Valores","d\u00f3lar"],"articleSection":["Mercado"],"inLanguage":"pt-BR"},{"@type":"WebPage","@id":"https:\/\/www.suno.com.br\/noticias\/ibovespa-cai-dolar-sobe\/","url":"https:\/\/www.suno.com.br\/noticias\/ibovespa-cai-dolar-sobe\/","name":"Ibovespa Futuro abre em queda e d\u00f3lar dispara quase 2% nesta segunda-feira","isPartOf":{"@id":"https:\/\/www.suno.com.br\/noticias\/#website"},"primaryImageOfPage":{"@id":"https:\/\/www.suno.com.br\/noticias\/ibovespa-cai-dolar-sobe\/#primaryimage"},"image":{"@id":"https:\/\/www.suno.com.br\/noticias\/ibovespa-cai-dolar-sobe\/#primaryimage"},"thumbnailUrl":"https:\/\/files.sunoresearch.com.br\/n\/uploads\/2018\/09\/482454fb-dolar-ibovespa-jpg.webp","datePublished":"2018-09-03T13:09:29+00:00","dateModified":"2018-09-03T14:00:39+00:00","description":"Apreens\u00e3o no mercado se deve \u00e0 for\u00e7a do d\u00f3lar no mercado internacional e repercurte a situa\u00e7\u00e3o de Lula e sua presen\u00e7a no hor\u00e1rio pol\u00edtico. Saiba mais.","breadcrumb":{"@id":"https:\/\/www.suno.com.br\/noticias\/ibovespa-cai-dolar-sobe\/#breadcrumb"},"inLanguage":"pt-BR","potentialAction":[{"@type":"ReadAction","target":["https:\/\/www.suno.com.br\/noticias\/ibovespa-cai-dolar-sobe\/"]}]},{"@type":"ImageObject","inLanguage":"pt-BR","@id":"https:\/\/www.suno.com.br\/noticias\/ibovespa-cai-dolar-sobe\/#primaryimage","url":"https:\/\/files.sunoresearch.com.br\/n\/uploads\/2018\/09\/482454fb-dolar-ibovespa-jpg.webp","contentUrl":"https:\/\/files.sunoresearch.com.br\/n\/uploads\/2018\/09\/482454fb-dolar-ibovespa-jpg.webp","width":2560,"height":1359,"caption":"Mercados devem reagir a ata do Fed desta quarta"},{"@type":"BreadcrumbList","@id":"https:\/\/www.suno.com.br\/noticias\/ibovespa-cai-dolar-sobe\/#breadcrumb","itemListElement":[{"@type":"ListItem","position":1,"name":"Not\u00edcias","item":"https:\/\/www.suno.com.br\/noticias\/"},{"@type":"ListItem","position":2,"name":"Mercado","item":"https:\/\/www.suno.com.br\/noticias\/mercado\/"},{"@type":"ListItem","position":3,"name":"Ibovespa Futuro abre em queda e d\u00f3lar dispara quase 2% nesta segunda-feira"}]},{"@type":"WebSite","@id":"https:\/\/www.suno.com.br\/noticias\/#website","url":"https:\/\/www.suno.com.br\/noticias\/","name":"Suno Not\u00edcias","description":"Seu portal de informa\u00e7\u00e3o sobre o mundo dos investimentos","publisher":{"@id":"https:\/\/www.suno.com.br\/noticias\/#organization"},"potentialAction":[{"@type":"SearchAction","target":{"@type":"EntryPoint","urlTemplate":"https:\/\/www.suno.com.br\/noticias\/?s={search_term_string}"},"query-input":{"@type":"PropertyValueSpecification","valueRequired":true,"valueName":"search_term_string"}}],"inLanguage":"pt-BR"},{"@type":"Organization","@id":"https:\/\/www.suno.com.br\/noticias\/#organization","name":"Suno Not\u00edcias","url":"https:\/\/www.suno.com.br\/noticias\/","logo":{"@type":"ImageObject","inLanguage":"pt-BR","@id":"https:\/\/www.suno.com.br\/noticias\/#\/schema\/logo\/image\/","url":"https:\/\/files.sunoresearch.com.br\/n\/uploads\/2021\/09\/suno-logo.png","contentUrl":"https:\/\/files.sunoresearch.com.br\/n\/uploads\/2021\/09\/suno-logo.png","width":180,"height":180,"caption":"Suno Not\u00edcias"},"image":{"@id":"https:\/\/www.suno.com.br\/noticias\/#\/schema\/logo\/image\/"},"sameAs":["https:\/\/facebook.com\/sunoresearch","https:\/\/x.com\/sunoresearch","https:\/\/www.instagram.com\/suno","https:\/\/www.linkedin.com\/company\/suno-research\/","https:\/\/www.youtube.com\/c\/sunoresearch"]},{"@type":"Person","@id":"https:\/\/www.suno.com.br\/noticias\/#\/schema\/person\/eca2bab82984722db00d1e6facd8bb26","name":"Daniel Quandt","image":{"@type":"ImageObject","inLanguage":"pt-BR","@id":"https:\/\/www.suno.com.br\/noticias\/#\/schema\/person\/image\/","url":"https:\/\/secure.gravatar.com\/avatar\/5faf4378f9fbf4557a5836a88d66f99a?s=96&r=g","contentUrl":"https:\/\/secure.gravatar.com\/avatar\/5faf4378f9fbf4557a5836a88d66f99a?s=96&r=g","caption":"Daniel Quandt"},"description":"Aluno da Universidade de S\u00e3o Paulo, Daniel Quandt escreve sobre economia, mercado financeiro e pol\u00edtica no portal da Suno Research. J\u00e1 passou pela Ag\u00eancia USP de Inova\u00e7\u00e3o e pela startup de v\u00eddeo em blockchain Paratii, desenvolvendo seu conhecimento da aplica\u00e7\u00e3o de tecnologia de ponta ao mercado.","sameAs":["https:\/\/www.suno.com.br\/","https:\/\/www.linkedin.com\/in\/daniel-quandt-a49985110\/"],"url":"https:\/\/www.suno.com.br\/noticias\/author\/daniel-quandt\/"}]}},"default_loop_html":"<div class=\"cardsPage__listCard__boxs\"><div class=\"cardsPage__listCard__boxs__img\"><a href=\"https:\/\/www.suno.com.br\/noticias\/ibovespa-cai-dolar-sobe\/\"><img class=\"mask\" src=\"https:\/\/www.suno.com.br\/noticias\/wp-content\/themes\/suno\/resources\/images\/spotlight\/spotlight1img\/bg-mask.png\" alt=\"Image Mask\"\/><img src=\"https:\/\/files.sunoresearch.com.br\/n\/uploads\/2018\/09\/482454fb-dolar-ibovespa-400x200.webp\" alt=\"Ibovespa Futuro abre em queda e d\u00f3lar dispara quase 2% nesta segunda-feira\"\/><\/a><span class=\"spotlightCategory\"><a href=\"https:\/\/www.suno.com.br\/noticias\/mercado\/\">Mercado<\/a><\/span><\/div><div class=\"cardsPage__listCard__boxs__content\"><a href=\"https:\/\/www.suno.com.br\/noticias\/ibovespa-cai-dolar-sobe\/\"><h2 class=\"content__title\">Ibovespa Futuro abre em queda e d\u00f3lar dispara quase 2% nesta segunda-feira<\/h2><\/a><div class=\"newsContent__article__meta\"><div class=\"newsContent__article__meta__authorBox\"><a href=\"https:\/\/www.suno.com.br\/noticias\/author\/daniel-quandt\/\" class=\"authorBox__avatar noMobi\"><img src=\"https:\/\/secure.gravatar.com\/avatar\/5faf4378f9fbf4557a5836a88d66f99a?s=96&#038;r=g\" alt=\"Daniel Quandt\"><\/a><div class=\"authorBox__name\"><span>por\n\t\t\t<a href=\"https:\/\/www.suno.com.br\/noticias\/author\/daniel-quandt\/\"><span itemprop=\"author\">Daniel Quandt<\/span><\/a><\/span><time datetime=\"2018-09-03T10:09:29-03:00\" itemprop=\"datePublished\">03\/09\/2018 10:09<\/time><\/div><\/div><\/div><\/div><\/div>","single_layout":"posts","amp_enabled":true,"_links":{"self":[{"href":"https:\/\/www.suno.com.br\/noticias\/wp-json\/wp\/v2\/posts\/3338"}],"collection":[{"href":"https:\/\/www.suno.com.br\/noticias\/wp-json\/wp\/v2\/posts"}],"about":[{"href":"https:\/\/www.suno.com.br\/noticias\/wp-json\/wp\/v2\/types\/post"}],"author":[{"embeddable":true,"href":"https:\/\/www.suno.com.br\/noticias\/wp-json\/wp\/v2\/users\/5"}],"replies":[{"embeddable":true,"href":"https:\/\/www.suno.com.br\/noticias\/wp-json\/wp\/v2\/comments?post=3338"}],"version-history":[{"count":0,"href":"https:\/\/www.suno.com.br\/noticias\/wp-json\/wp\/v2\/posts\/3338\/revisions"}],"wp:featuredmedia":[{"embeddable":true,"href":"https:\/\/www.suno.com.br\/noticias\/wp-json\/wp\/v2\/media\/3339"}],"wp:attachment":[{"href":"https:\/\/www.suno.com.br\/noticias\/wp-json\/wp\/v2\/media?parent=3338"}],"wp:term":[{"taxonomy":"category","embeddable":true,"href":"https:\/\/www.suno.com.br\/noticias\/wp-json\/wp\/v2\/categories?post=3338"},{"taxonomy":"post_tag","embeddable":true,"href":"https:\/\/www.suno.com.br\/noticias\/wp-json\/wp\/v2\/tags?post=3338"},{"taxonomy":"suno_strategy","embeddable":true,"href":"https:\/\/www.suno.com.br\/noticias\/wp-json\/wp\/v2\/suno_strategy?post=3338"}],"curies":[{"name":"wp","href":"https:\/\/api.w.org\/{rel}","templated":true}]}}