{"id":33372,"date":"2019-08-08T08:26:38","date_gmt":"2019-08-08T11:26:38","guid":{"rendered":"https:\/\/www.suno.com.br\/noticias\/?p=33372"},"modified":"2021-02-17T20:08:05","modified_gmt":"2021-02-17T23:08:05","slug":"lava-jato-eike-batista-preso-novamente-policia-federal","status":"publish","type":"post","link":"https:\/\/www.suno.com.br\/noticias\/lava-jato-eike-batista-preso-novamente-policia-federal\/","title":{"rendered":"Lava Jato: Eike Batista \u00e9 preso novamente pela Pol\u00edcia Federal"},"content":{"rendered":"<p>O empres\u00e1rio Eike Batista foi preso nesta quinta-feira (8) pela <strong>Pol\u00edcia Federal<\/strong> do Rio de Janeiro, em uma nova fase da <strong>Opera\u00e7\u00e3o Lava Jato<\/strong>. Esta \u00e9 a segunda vez que Batista \u00e9 preso. Em 2017, o empres\u00e1rio teve pris\u00e3o preventiva decretada, na Opera\u00e7\u00e3o Efici\u00eancia, por lavagem de dinheiro.<\/p>\t<div class=\"wrapper-featured-image\">\n\t\t<figure class=\"spotlightImg\">\n\n\t\t\t<picture>\n\t\t\t\t<source media=\"(max-width: 768px)\" srcset=\"https:\/\/files.sunoresearch.com.br\/n\/uploads\/2019\/03\/65e24485-eike-batista-400x200.webp\">\n\t\t\t\t<img loading=\"lazy\" decoding=\"async\" class=\"newsContent__article__imgCapa lazyloadDisabled newsContent__article__imgCapa--noCaption\" src=\"https:\/\/files.sunoresearch.com.br\/n\/uploads\/2019\/03\/65e24485-eike-batista-800x450.webp\" width=\"800\" height=\"450\" alt=\"Lava Jato: Eike Batista \u00e9 preso novamente pela Pol\u00edcia Federal\" fetchpriority=high \/>\n\t\t\t<\/picture>\n\n\t\t\t<figcaption class=\"wp-caption-text wp-caption-text--hide\">Eike Batista<\/figcaption>\n\t\t<\/figure>\n\t<\/div>\n\n\n\n<p>A pris\u00e3o, desta vez, \u00e9 relacionada a um depoimento feito pelo empres\u00e1rio em dela\u00e7\u00e3o premiada do banqueiro Eduardo Plass, de acordo com informa\u00e7\u00f5es da &#8220;Folha de S\u00e3o Paulo&#8221;. A pol\u00edcia ainda faz buscas por Orlin e Thor, filhos de <strong>Eike<\/strong> <strong>Batista<\/strong>. O juiz Marcelo Bretas, da 7\u00aa vara Criminal \u00e9 o respons\u00e1vel por expedir as ordens de busca.<\/p>\n<p><a href=\"https:\/\/www.suno.com.br\/noticias\/stf-anula-transferencia-lula-sao-paulo\/\">Veja tamb\u00e9m: STF anula transfer\u00eancia de Lula para pris\u00e3o em S\u00e3o Paulo\u00a0<\/a><\/p>\n<h2>Pris\u00e3o em 2017<\/h2>\n<p>Preso preventivamente em 2017, Eike tinha sido denunciado, na \u00e9poca, por pagar propina no valor de R$ 16,5 milh\u00f5es a S\u00e9rgio Cabral (MDB), ex-governador do Rio de Janeiro. Neste processo, Eike Batista foi condenado a 30 anos de pris\u00e3o.<\/p>\n\t<p>\n\t\t<a href=\"https:\/\/lp.suno.com.br\/ao\/sessao-estrategica-consultoria-c\/?utm_source=suno-noticias&#038;utm_medium=banner&#038;utm_campaign=_SNC36CE4E9F_&#038;utm_content=fundos-imobiliarios-ou-imoveis-onde-investir-500-mil-go\" target=\"_blank\" data-element=\"shortcode-suno-banner\" title=\"Banner SUNO, clique e saiba mais\">\n\t\t\t<picture>\n\t\t\t\t<source media=\"(max-width: 500px)\" srcset=\"https:\/\/files.sunoresearch.com.br\/n\/uploads\/2025\/09\/300x400.webp\">\n\t\t\t\t<img class=\"newsContent__article__imgCapa newsContent__article__imgCapa--banner\"\n\t\t\t\t\tsrc=\"https:\/\/files.sunoresearch.com.br\/n\/uploads\/2025\/09\/SN-DT-1420x240-1.webp\"\n\t\t\t\t\tdata-promo-id=\"635171\"\t\t\t\t\t\t\t\t\t\twidth='1420' height='240'\t\t\t\t\talt=\"https:\/\/files.sunoresearch.com.br\/n\/uploads\/2025\/09\/SN-DT-1420x240-1.webp\"\n\t\t\t\t>\n\t\t\t<\/picture>\n\t\t<\/a>\n\t<\/p>\n\n\n<p>Al\u00e9m disso, o empres\u00e1rio teve que pagar aproximadamente R$ 536 milh\u00f5es por n\u00e3o ser correto em um processo de negocia\u00e7\u00f5es de t\u00edtulos da empresa de petr\u00f3leo e g\u00e1s, OGX.<\/p>\n<h2>Fortuna de Eike Batista<\/h2>\n<p>Eike Batista chegou a ter o valor de US$ 30 bilh\u00f5es em seus cofres, no ano de 2012. Neste ano em quest\u00e3o, o empres\u00e1rio foi destacado pela revista Forbes como uma dos dez homens mais ricos do mundo.<\/p>\n<p>Em 2010, o empres\u00e1rio foi eleito o homem mais rico do Brasil. Batista iniciou o empreendedorismo no setor de min\u00e9rios durante os anos 80. O empres\u00e1rio j\u00e1 havia iniciado uma faculdade de engenharia metal\u00fargica na Alemanha, entretanto n\u00e3o concluiu o curso.<\/p>\n\t<p>\n\t\t<a href=\"https:\/\/lp.suno.com.br\/ebook-como-analisar-uma-acao\/\" target=\"_blank\" data-element=\"shortcode-suno-banner\" title=\"Banner SUNO, clique e saiba mais\">\n\t\t\t<picture>\n\t\t\t\t<source media=\"(max-width: 500px)\" srcset=\"https:\/\/files.sunoresearch.com.br\/n\/uploads\/2023\/12\/Ebook-Acoes-Mobile.jpg\">\n\t\t\t\t<img class=\"newsContent__article__imgCapa newsContent__article__imgCapa--banner\"\n\t\t\t\t\tsrc=\"https:\/\/files.sunoresearch.com.br\/n\/uploads\/2023\/12\/Ebook-Acoes-Mobile.jpg\"\n\t\t\t\t\tdata-promo-id=\"101750\"\t\t\t\t\t\t\t\t\t\twidth='400' height='300'\t\t\t\t\talt=\"https:\/\/files.sunoresearch.com.br\/n\/uploads\/2023\/12\/Ebook-Acoes-Mobile.jpg\"\n\t\t\t\t>\n\t\t\t<\/picture>\n\t\t<\/a>\n\t<\/p>\n\n\n<p>O in\u00edcio do investimento em minera\u00e7\u00e3o, em 1981, foi na Amaz\u00f4nia. Eike Batista afirmou, segundo o &#8220;G1&#8221;, que ganhou, no per\u00edodo de um ano e meio, US$ 6 milh\u00f5es na \u00e9poca.<\/p>\n<p>Em 2013, a carreira de Eike come\u00e7ou a entrar em decad\u00eancia. O empres\u00e1rio renunciou ao conselho MPX e deixou de ser bilion\u00e1rio. Ap\u00f3s isso, foram descobertos esquemas de corrup\u00e7\u00e3o e <strong>Eike<\/strong> <strong>Batista<\/strong> viu sua carreira retroceder.<\/p>\n","protected":false},"excerpt":{"rendered":"<p>O empres\u00e1rio Eike Batista foi preso nesta quinta-feira (8) pela Pol\u00edcia Federal do Rio de Janeiro, em uma nova fase da Opera\u00e7\u00e3o Lava Jato. Esta \u00e9 a segunda vez que Batista \u00e9 preso. Em 2017, o empres\u00e1rio teve pris\u00e3o preventiva decretada, na Opera\u00e7\u00e3o Efici\u00eancia, por lavagem de dinheiro. Eike Batista A pris\u00e3o, desta vez, \u00e9 [&hellip;]<\/p>\n","protected":false},"author":19,"featured_media":18470,"comment_status":"closed","ping_status":"closed","sticky":false,"template":"","format":"standard","meta":[],"categories":[61],"tags":[1415,1914],"suno_strategy":[],"class_list":["post-33372","post","type-post","status-publish","format-standard","has-post-thumbnail","hentry","category-politica","tag-eike-batista","tag-operacao-lava-jato"],"yoast_head":"<!-- This site is optimized with the Yoast SEO plugin v24.4 - https:\/\/yoast.com\/wordpress\/plugins\/seo\/ -->\n<title>Lava Jato: Eike Batista \u00e9 preso novamente pela Pol\u00edcia Federal<\/title>\n<meta name=\"description\" content=\"O empres\u00e1rio Eike Batista foi preso nesta quinta-feira (8) pela PF do Rio de Janeiro, em uma nova fase da Opera\u00e7\u00e3o Lava Jato. Saiba mais.\" \/>\n<meta name=\"robots\" content=\"index, follow, max-snippet:-1, max-image-preview:large, max-video-preview:-1\" \/>\n<link rel=\"canonical\" href=\"https:\/\/www.suno.com.br\/noticias\/lava-jato-eike-batista-preso-novamente-policia-federal\/\" \/>\n<meta property=\"og:locale\" content=\"pt_BR\" \/>\n<meta property=\"og:type\" content=\"article\" \/>\n<meta property=\"og:title\" content=\"Lava Jato: Eike Batista \u00e9 preso novamente pela Pol\u00edcia Federal\" \/>\n<meta property=\"og:description\" content=\"O empres\u00e1rio Eike Batista foi preso nesta quinta-feira (8) pela PF do Rio de Janeiro, em uma nova fase da Opera\u00e7\u00e3o Lava Jato. Saiba mais.\" \/>\n<meta property=\"og:url\" content=\"https:\/\/www.suno.com.br\/noticias\/lava-jato-eike-batista-preso-novamente-policia-federal\/\" \/>\n<meta property=\"og:site_name\" content=\"Suno Not\u00edcias\" \/>\n<meta property=\"article:publisher\" content=\"https:\/\/facebook.com\/sunoresearch\" \/>\n<meta property=\"og:image\" content=\"https:\/\/files.sunoresearch.com.br\/n\/uploads\/2019\/03\/65e24485-eike-batista.jpg\" \/>\n\t<meta property=\"og:image:width\" content=\"1440\" \/>\n\t<meta property=\"og:image:height\" content=\"720\" \/>\n\t<meta property=\"og:image:type\" content=\"image\/jpeg\" \/>\n<meta name=\"author\" content=\"Juliano Passaro\" \/>\n<meta name=\"twitter:card\" content=\"summary_large_image\" \/>\n<meta name=\"twitter:creator\" content=\"@sunoresearch\" \/>\n<meta name=\"twitter:site\" content=\"@sunoresearch\" \/>\n<meta name=\"twitter:label1\" content=\"Escrito por\" \/>\n\t<meta name=\"twitter:data1\" content=\"Juliano Passaro\" \/>\n\t<meta name=\"twitter:label2\" content=\"Est. tempo de leitura\" \/>\n\t<meta name=\"twitter:data2\" content=\"2 minutos\" \/>\n<script type=\"application\/ld+json\" class=\"yoast-schema-graph\">{\"@context\":\"https:\/\/schema.org\",\"@graph\":[{\"@type\":\"NewsArticle\",\"@id\":\"https:\/\/www.suno.com.br\/noticias\/lava-jato-eike-batista-preso-novamente-policia-federal\/#article\",\"isPartOf\":{\"@id\":\"https:\/\/www.suno.com.br\/noticias\/lava-jato-eike-batista-preso-novamente-policia-federal\/\"},\"author\":{\"name\":\"Juliano Passaro\",\"@id\":\"https:\/\/www.suno.com.br\/noticias\/#\/schema\/person\/1db762f78ffd8919a648a63e425953e3\"},\"headline\":\"Lava Jato: Eike Batista \u00e9 preso novamente pela Pol\u00edcia Federal\",\"datePublished\":\"2019-08-08T11:26:38+00:00\",\"dateModified\":\"2021-02-17T23:08:05+00:00\",\"mainEntityOfPage\":{\"@id\":\"https:\/\/www.suno.com.br\/noticias\/lava-jato-eike-batista-preso-novamente-policia-federal\/\"},\"wordCount\":387,\"publisher\":{\"@id\":\"https:\/\/www.suno.com.br\/noticias\/#organization\"},\"image\":{\"@id\":\"https:\/\/www.suno.com.br\/noticias\/lava-jato-eike-batista-preso-novamente-policia-federal\/#primaryimage\"},\"thumbnailUrl\":\"https:\/\/files.sunoresearch.com.br\/n\/uploads\/2019\/03\/65e24485-eike-batista-jpg.webp\",\"keywords\":[\"Eike Batista\",\"Opera\u00e7\u00e3o Lava Jato\"],\"articleSection\":[\"Pol\u00edtica\"],\"inLanguage\":\"pt-BR\"},{\"@type\":\"WebPage\",\"@id\":\"https:\/\/www.suno.com.br\/noticias\/lava-jato-eike-batista-preso-novamente-policia-federal\/\",\"url\":\"https:\/\/www.suno.com.br\/noticias\/lava-jato-eike-batista-preso-novamente-policia-federal\/\",\"name\":\"Lava Jato: Eike Batista \u00e9 preso novamente pela Pol\u00edcia Federal\",\"isPartOf\":{\"@id\":\"https:\/\/www.suno.com.br\/noticias\/#website\"},\"primaryImageOfPage\":{\"@id\":\"https:\/\/www.suno.com.br\/noticias\/lava-jato-eike-batista-preso-novamente-policia-federal\/#primaryimage\"},\"image\":{\"@id\":\"https:\/\/www.suno.com.br\/noticias\/lava-jato-eike-batista-preso-novamente-policia-federal\/#primaryimage\"},\"thumbnailUrl\":\"https:\/\/files.sunoresearch.com.br\/n\/uploads\/2019\/03\/65e24485-eike-batista-jpg.webp\",\"datePublished\":\"2019-08-08T11:26:38+00:00\",\"dateModified\":\"2021-02-17T23:08:05+00:00\",\"description\":\"O empres\u00e1rio Eike Batista foi preso nesta quinta-feira (8) pela PF do Rio de Janeiro, em uma nova fase da Opera\u00e7\u00e3o Lava Jato. Saiba mais.\",\"breadcrumb\":{\"@id\":\"https:\/\/www.suno.com.br\/noticias\/lava-jato-eike-batista-preso-novamente-policia-federal\/#breadcrumb\"},\"inLanguage\":\"pt-BR\",\"potentialAction\":[{\"@type\":\"ReadAction\",\"target\":[\"https:\/\/www.suno.com.br\/noticias\/lava-jato-eike-batista-preso-novamente-policia-federal\/\"]}]},{\"@type\":\"ImageObject\",\"inLanguage\":\"pt-BR\",\"@id\":\"https:\/\/www.suno.com.br\/noticias\/lava-jato-eike-batista-preso-novamente-policia-federal\/#primaryimage\",\"url\":\"https:\/\/files.sunoresearch.com.br\/n\/uploads\/2019\/03\/65e24485-eike-batista-jpg.webp\",\"contentUrl\":\"https:\/\/files.sunoresearch.com.br\/n\/uploads\/2019\/03\/65e24485-eike-batista-jpg.webp\",\"width\":1440,\"height\":720,\"caption\":\"Eike Batista\"},{\"@type\":\"BreadcrumbList\",\"@id\":\"https:\/\/www.suno.com.br\/noticias\/lava-jato-eike-batista-preso-novamente-policia-federal\/#breadcrumb\",\"itemListElement\":[{\"@type\":\"ListItem\",\"position\":1,\"name\":\"Not\u00edcias\",\"item\":\"https:\/\/www.suno.com.br\/noticias\/\"},{\"@type\":\"ListItem\",\"position\":2,\"name\":\"Pol\u00edtica\",\"item\":\"https:\/\/www.suno.com.br\/noticias\/politica\/\"},{\"@type\":\"ListItem\",\"position\":3,\"name\":\"Lava Jato: Eike Batista \u00e9 preso novamente pela Pol\u00edcia Federal\"}]},{\"@type\":\"WebSite\",\"@id\":\"https:\/\/www.suno.com.br\/noticias\/#website\",\"url\":\"https:\/\/www.suno.com.br\/noticias\/\",\"name\":\"Suno Not\u00edcias\",\"description\":\"Seu portal de informa\u00e7\u00e3o sobre o mundo dos investimentos\",\"publisher\":{\"@id\":\"https:\/\/www.suno.com.br\/noticias\/#organization\"},\"potentialAction\":[{\"@type\":\"SearchAction\",\"target\":{\"@type\":\"EntryPoint\",\"urlTemplate\":\"https:\/\/www.suno.com.br\/noticias\/?s={search_term_string}\"},\"query-input\":{\"@type\":\"PropertyValueSpecification\",\"valueRequired\":true,\"valueName\":\"search_term_string\"}}],\"inLanguage\":\"pt-BR\"},{\"@type\":\"Organization\",\"@id\":\"https:\/\/www.suno.com.br\/noticias\/#organization\",\"name\":\"Suno Not\u00edcias\",\"url\":\"https:\/\/www.suno.com.br\/noticias\/\",\"logo\":{\"@type\":\"ImageObject\",\"inLanguage\":\"pt-BR\",\"@id\":\"https:\/\/www.suno.com.br\/noticias\/#\/schema\/logo\/image\/\",\"url\":\"https:\/\/files.sunoresearch.com.br\/n\/uploads\/2021\/09\/suno-logo.png\",\"contentUrl\":\"https:\/\/files.sunoresearch.com.br\/n\/uploads\/2021\/09\/suno-logo.png\",\"width\":180,\"height\":180,\"caption\":\"Suno Not\u00edcias\"},\"image\":{\"@id\":\"https:\/\/www.suno.com.br\/noticias\/#\/schema\/logo\/image\/\"},\"sameAs\":[\"https:\/\/facebook.com\/sunoresearch\",\"https:\/\/x.com\/sunoresearch\",\"https:\/\/www.instagram.com\/suno\",\"https:\/\/www.linkedin.com\/company\/suno-research\/\",\"https:\/\/www.youtube.com\/c\/sunoresearch\"]},{\"@type\":\"Person\",\"@id\":\"https:\/\/www.suno.com.br\/noticias\/#\/schema\/person\/1db762f78ffd8919a648a63e425953e3\",\"name\":\"Juliano Passaro\",\"image\":{\"@type\":\"ImageObject\",\"inLanguage\":\"pt-BR\",\"@id\":\"https:\/\/www.suno.com.br\/noticias\/#\/schema\/person\/image\/\",\"url\":\"https:\/\/secure.gravatar.com\/avatar\/743d4df28eebf6dcc46b4ad03c319e92?s=96&r=g\",\"contentUrl\":\"https:\/\/secure.gravatar.com\/avatar\/743d4df28eebf6dcc46b4ad03c319e92?s=96&r=g\",\"caption\":\"Juliano Passaro\"},\"description\":\"Juliano Passaro escreve sobre pol\u00edtica, economia e neg\u00f3cios para o portal da Suno Research. Antes da Suno, trabalhou no Portal da Band. \u00c9 formado em jornalismo pela Universidade Presbiteriana Mackenzie.\",\"url\":\"https:\/\/www.suno.com.br\/noticias\/author\/juliano\/\"}]}<\/script>\n<!-- \/ Yoast SEO plugin. -->","yoast_head_json":{"title":"Lava Jato: Eike Batista \u00e9 preso novamente pela Pol\u00edcia Federal","description":"O empres\u00e1rio Eike Batista foi preso nesta quinta-feira (8) pela PF do Rio de Janeiro, em uma nova fase da Opera\u00e7\u00e3o Lava Jato. Saiba mais.","robots":{"index":"index","follow":"follow","max-snippet":"max-snippet:-1","max-image-preview":"max-image-preview:large","max-video-preview":"max-video-preview:-1"},"canonical":"https:\/\/www.suno.com.br\/noticias\/lava-jato-eike-batista-preso-novamente-policia-federal\/","og_locale":"pt_BR","og_type":"article","og_title":"Lava Jato: Eike Batista \u00e9 preso novamente pela Pol\u00edcia Federal","og_description":"O empres\u00e1rio Eike Batista foi preso nesta quinta-feira (8) pela PF do Rio de Janeiro, em uma nova fase da Opera\u00e7\u00e3o Lava Jato. Saiba mais.","og_url":"https:\/\/www.suno.com.br\/noticias\/lava-jato-eike-batista-preso-novamente-policia-federal\/","og_site_name":"Suno Not\u00edcias","article_publisher":"https:\/\/facebook.com\/sunoresearch","og_image":[{"width":1440,"height":720,"url":"https:\/\/files.sunoresearch.com.br\/n\/uploads\/2019\/03\/65e24485-eike-batista.jpg","type":"image\/jpeg"}],"author":"Juliano Passaro","twitter_card":"summary_large_image","twitter_creator":"@sunoresearch","twitter_site":"@sunoresearch","twitter_misc":{"Escrito por":"Juliano Passaro","Est. tempo de leitura":"2 minutos"},"schema":{"@context":"https:\/\/schema.org","@graph":[{"@type":"NewsArticle","@id":"https:\/\/www.suno.com.br\/noticias\/lava-jato-eike-batista-preso-novamente-policia-federal\/#article","isPartOf":{"@id":"https:\/\/www.suno.com.br\/noticias\/lava-jato-eike-batista-preso-novamente-policia-federal\/"},"author":{"name":"Juliano Passaro","@id":"https:\/\/www.suno.com.br\/noticias\/#\/schema\/person\/1db762f78ffd8919a648a63e425953e3"},"headline":"Lava Jato: Eike Batista \u00e9 preso novamente pela Pol\u00edcia Federal","datePublished":"2019-08-08T11:26:38+00:00","dateModified":"2021-02-17T23:08:05+00:00","mainEntityOfPage":{"@id":"https:\/\/www.suno.com.br\/noticias\/lava-jato-eike-batista-preso-novamente-policia-federal\/"},"wordCount":387,"publisher":{"@id":"https:\/\/www.suno.com.br\/noticias\/#organization"},"image":{"@id":"https:\/\/www.suno.com.br\/noticias\/lava-jato-eike-batista-preso-novamente-policia-federal\/#primaryimage"},"thumbnailUrl":"https:\/\/files.sunoresearch.com.br\/n\/uploads\/2019\/03\/65e24485-eike-batista-jpg.webp","keywords":["Eike Batista","Opera\u00e7\u00e3o Lava Jato"],"articleSection":["Pol\u00edtica"],"inLanguage":"pt-BR"},{"@type":"WebPage","@id":"https:\/\/www.suno.com.br\/noticias\/lava-jato-eike-batista-preso-novamente-policia-federal\/","url":"https:\/\/www.suno.com.br\/noticias\/lava-jato-eike-batista-preso-novamente-policia-federal\/","name":"Lava Jato: Eike Batista \u00e9 preso novamente pela Pol\u00edcia Federal","isPartOf":{"@id":"https:\/\/www.suno.com.br\/noticias\/#website"},"primaryImageOfPage":{"@id":"https:\/\/www.suno.com.br\/noticias\/lava-jato-eike-batista-preso-novamente-policia-federal\/#primaryimage"},"image":{"@id":"https:\/\/www.suno.com.br\/noticias\/lava-jato-eike-batista-preso-novamente-policia-federal\/#primaryimage"},"thumbnailUrl":"https:\/\/files.sunoresearch.com.br\/n\/uploads\/2019\/03\/65e24485-eike-batista-jpg.webp","datePublished":"2019-08-08T11:26:38+00:00","dateModified":"2021-02-17T23:08:05+00:00","description":"O empres\u00e1rio Eike Batista foi preso nesta quinta-feira (8) pela PF do Rio de Janeiro, em uma nova fase da Opera\u00e7\u00e3o Lava Jato. Saiba mais.","breadcrumb":{"@id":"https:\/\/www.suno.com.br\/noticias\/lava-jato-eike-batista-preso-novamente-policia-federal\/#breadcrumb"},"inLanguage":"pt-BR","potentialAction":[{"@type":"ReadAction","target":["https:\/\/www.suno.com.br\/noticias\/lava-jato-eike-batista-preso-novamente-policia-federal\/"]}]},{"@type":"ImageObject","inLanguage":"pt-BR","@id":"https:\/\/www.suno.com.br\/noticias\/lava-jato-eike-batista-preso-novamente-policia-federal\/#primaryimage","url":"https:\/\/files.sunoresearch.com.br\/n\/uploads\/2019\/03\/65e24485-eike-batista-jpg.webp","contentUrl":"https:\/\/files.sunoresearch.com.br\/n\/uploads\/2019\/03\/65e24485-eike-batista-jpg.webp","width":1440,"height":720,"caption":"Eike Batista"},{"@type":"BreadcrumbList","@id":"https:\/\/www.suno.com.br\/noticias\/lava-jato-eike-batista-preso-novamente-policia-federal\/#breadcrumb","itemListElement":[{"@type":"ListItem","position":1,"name":"Not\u00edcias","item":"https:\/\/www.suno.com.br\/noticias\/"},{"@type":"ListItem","position":2,"name":"Pol\u00edtica","item":"https:\/\/www.suno.com.br\/noticias\/politica\/"},{"@type":"ListItem","position":3,"name":"Lava Jato: Eike Batista \u00e9 preso novamente pela Pol\u00edcia Federal"}]},{"@type":"WebSite","@id":"https:\/\/www.suno.com.br\/noticias\/#website","url":"https:\/\/www.suno.com.br\/noticias\/","name":"Suno Not\u00edcias","description":"Seu portal de informa\u00e7\u00e3o sobre o mundo dos investimentos","publisher":{"@id":"https:\/\/www.suno.com.br\/noticias\/#organization"},"potentialAction":[{"@type":"SearchAction","target":{"@type":"EntryPoint","urlTemplate":"https:\/\/www.suno.com.br\/noticias\/?s={search_term_string}"},"query-input":{"@type":"PropertyValueSpecification","valueRequired":true,"valueName":"search_term_string"}}],"inLanguage":"pt-BR"},{"@type":"Organization","@id":"https:\/\/www.suno.com.br\/noticias\/#organization","name":"Suno Not\u00edcias","url":"https:\/\/www.suno.com.br\/noticias\/","logo":{"@type":"ImageObject","inLanguage":"pt-BR","@id":"https:\/\/www.suno.com.br\/noticias\/#\/schema\/logo\/image\/","url":"https:\/\/files.sunoresearch.com.br\/n\/uploads\/2021\/09\/suno-logo.png","contentUrl":"https:\/\/files.sunoresearch.com.br\/n\/uploads\/2021\/09\/suno-logo.png","width":180,"height":180,"caption":"Suno Not\u00edcias"},"image":{"@id":"https:\/\/www.suno.com.br\/noticias\/#\/schema\/logo\/image\/"},"sameAs":["https:\/\/facebook.com\/sunoresearch","https:\/\/x.com\/sunoresearch","https:\/\/www.instagram.com\/suno","https:\/\/www.linkedin.com\/company\/suno-research\/","https:\/\/www.youtube.com\/c\/sunoresearch"]},{"@type":"Person","@id":"https:\/\/www.suno.com.br\/noticias\/#\/schema\/person\/1db762f78ffd8919a648a63e425953e3","name":"Juliano Passaro","image":{"@type":"ImageObject","inLanguage":"pt-BR","@id":"https:\/\/www.suno.com.br\/noticias\/#\/schema\/person\/image\/","url":"https:\/\/secure.gravatar.com\/avatar\/743d4df28eebf6dcc46b4ad03c319e92?s=96&r=g","contentUrl":"https:\/\/secure.gravatar.com\/avatar\/743d4df28eebf6dcc46b4ad03c319e92?s=96&r=g","caption":"Juliano Passaro"},"description":"Juliano Passaro escreve sobre pol\u00edtica, economia e neg\u00f3cios para o portal da Suno Research. Antes da Suno, trabalhou no Portal da Band. \u00c9 formado em jornalismo pela Universidade Presbiteriana Mackenzie.","url":"https:\/\/www.suno.com.br\/noticias\/author\/juliano\/"}]}},"default_loop_html":"<div class=\"cardsPage__listCard__boxs\"><div class=\"cardsPage__listCard__boxs__img\"><a href=\"https:\/\/www.suno.com.br\/noticias\/lava-jato-eike-batista-preso-novamente-policia-federal\/\"><img class=\"mask\" src=\"https:\/\/www.suno.com.br\/noticias\/wp-content\/themes\/suno\/resources\/images\/spotlight\/spotlight1img\/bg-mask.png\" alt=\"Image Mask\"\/><img src=\"https:\/\/files.sunoresearch.com.br\/n\/uploads\/2019\/03\/65e24485-eike-batista-400x200.webp\" alt=\"Lava Jato: Eike Batista \u00e9 preso novamente pela Pol\u00edcia Federal\"\/><\/a><span class=\"spotlightCategory\"><a href=\"https:\/\/www.suno.com.br\/noticias\/politica\/\">Pol\u00edtica<\/a><\/span><\/div><div class=\"cardsPage__listCard__boxs__content\"><a href=\"https:\/\/www.suno.com.br\/noticias\/lava-jato-eike-batista-preso-novamente-policia-federal\/\"><h2 class=\"content__title\">Lava Jato: Eike Batista \u00e9 preso novamente pela Pol\u00edcia Federal<\/h2><\/a><div class=\"newsContent__article__meta\"><div class=\"newsContent__article__meta__authorBox\"><a href=\"https:\/\/www.suno.com.br\/noticias\/author\/juliano\/\" class=\"authorBox__avatar noMobi\"><img src=\"https:\/\/files.sunoresearch.com.br\/n\/uploads\/2019\/06\/7cc3efea-whatsapp-image-2019-07-18-at-21.59.33-e1563499821209-150x150.webp\" alt=\"Juliano Passaro\"><\/a><div class=\"authorBox__name\"><span>por\n\t\t\t<a href=\"https:\/\/www.suno.com.br\/noticias\/author\/juliano\/\"><span itemprop=\"author\">Juliano Passaro<\/span><\/a><\/span><time datetime=\"2019-08-08T08:26:38-03:00\" itemprop=\"datePublished\">08\/08\/2019 08:26<\/time><\/div><\/div><\/div><\/div><\/div>","single_layout":"posts","amp_enabled":true,"_links":{"self":[{"href":"https:\/\/www.suno.com.br\/noticias\/wp-json\/wp\/v2\/posts\/33372"}],"collection":[{"href":"https:\/\/www.suno.com.br\/noticias\/wp-json\/wp\/v2\/posts"}],"about":[{"href":"https:\/\/www.suno.com.br\/noticias\/wp-json\/wp\/v2\/types\/post"}],"author":[{"embeddable":true,"href":"https:\/\/www.suno.com.br\/noticias\/wp-json\/wp\/v2\/users\/19"}],"replies":[{"embeddable":true,"href":"https:\/\/www.suno.com.br\/noticias\/wp-json\/wp\/v2\/comments?post=33372"}],"version-history":[{"count":0,"href":"https:\/\/www.suno.com.br\/noticias\/wp-json\/wp\/v2\/posts\/33372\/revisions"}],"wp:featuredmedia":[{"embeddable":true,"href":"https:\/\/www.suno.com.br\/noticias\/wp-json\/wp\/v2\/media\/18470"}],"wp:attachment":[{"href":"https:\/\/www.suno.com.br\/noticias\/wp-json\/wp\/v2\/media?parent=33372"}],"wp:term":[{"taxonomy":"category","embeddable":true,"href":"https:\/\/www.suno.com.br\/noticias\/wp-json\/wp\/v2\/categories?post=33372"},{"taxonomy":"post_tag","embeddable":true,"href":"https:\/\/www.suno.com.br\/noticias\/wp-json\/wp\/v2\/tags?post=33372"},{"taxonomy":"suno_strategy","embeddable":true,"href":"https:\/\/www.suno.com.br\/noticias\/wp-json\/wp\/v2\/suno_strategy?post=33372"}],"curies":[{"name":"wp","href":"https:\/\/api.w.org\/{rel}","templated":true}]}}