{"id":333671,"date":"2022-12-13T15:44:56","date_gmt":"2022-12-13T18:44:56","guid":{"rendered":"https:\/\/www.suno.com.br\/noticias\/?p=333671"},"modified":"2022-12-13T15:46:10","modified_gmt":"2022-12-13T18:46:10","slug":"haddad-galipolo-ministerio-da-fazenda","status":"publish","type":"post","link":"https:\/\/www.suno.com.br\/noticias\/haddad-galipolo-ministerio-da-fazenda\/","title":{"rendered":"Gal\u00edpolo \u00e9 confirmado como &#8216;n\u00famero dois&#8217; do Minist\u00e9rio da Fazenda por Haddad"},"content":{"rendered":"<p><a href=\"https:\/\/www.youtube.com\/watch?v=VbzXIvxTGzY\" target=\"_blank\" rel=\"noreferrer noopener\">Fernando Haddad (PT)<\/a>, futuro Ministro da Fazenda do Brasil, confirmou o nome de <a href=\"https:\/\/www.suno.com.br\/noticias\/lula-faria-lima-presidente-banco-mercado\/\" target=\"_blank\" rel=\"noreferrer noopener\">Gabriel <strong>Gal\u00edpolo<\/strong><\/a> como o novo secret\u00e1rio-executivo do Minist\u00e9rio da Fazenda &#8211; o primeiro cargo da pasta logo ap\u00f3s o do pr\u00f3prio ministro.<\/p><div class=\"videoFull \">\n\t\t\t<div class=\"videoWrapper yt-lazyload center\"\n\t\t\t\tdata-width=\"960\"\n\t\t\t\tdata-height=\"540\"\n\t\t\t\tdata-id=\"NND0Den7fxw\"\n\t\t\t\tdata-alt=\"V\u00eddeo do YouTube - clique para reproduzir\"\n\t\t\t\tdata-logo=\"3\"\n\t\t\t\tdata-imagequality=\"maxres\">\n\t\t\t<\/div>\n\t\t<\/div><script type=\"application\/ld+json\">{\"@context\":\"https:\/\/schema.org\",\"@type\":\"VideoObject\",\"name\":\"LULA DEVE ANUNCIAR MAIS MINISTROS | Haddad comp\u00f5e equipe | Lei das Estatais amea\u00e7ada?\",\"description\":\"\u26a1 SUNO PREMIUM COM 30% DE DESCONTO \ud835\udde3\ud835\udde2\ud835\udde5 \ud835\udde7\ud835\uddd8\ud835\udde0\ud835\udde3\ud835\udde2 \ud835\udddf\ud835\udddc\ud835\udde0\ud835\udddc\ud835\udde7\ud835\uddd4\ud835\uddd7\ud835\udde2. https:\/\/lp.suno.com.br\/pv\/sr-premium\/viver-de-renda\/?utm_source=youtube.noticias&utm_medium=live&utm_campaign=RS.SPR22.ns.20221209&utm_content=ytnoticias.live.13122022 #morningcall #Not\u00edcias #mercadofinanceiro #investimentos #bolsadevalores #lula #pol\u00edtica #economia #haddad #fernandohaddad #estatais #petr4 #bbas3 #copom #federalreserve \ud835\udc08\ud835\udc0d\ud835\udc12\ud835\udc02\ud835\udc11\ud835\udc04\ud835\udc15\ud835\udc00-\ud835\udc12\ud835\udc04 \ud835\udc0d\ud835\udc0e \ud835\udc02\ud835\udc00\ud835\udc0d\ud835\udc00\ud835\udc0b \ud835\udc04 \ud835\udc00\ud835\udc13\ud835\udc08\ud835\udc15\ud835\udc04 \ud835\udc0e \ud835\udc12\ud835\udc08\ud835\udc0d\ud835\udc0e \ud83d\udc47 https:\/\/bit.ly\/INSCREVA-SEATIVEOSINO \ud83d\udcda \ud83d\udcb8 \ud83d\udcca \ud835\udde3\ud835\udddf\ud835\uddd4\ud835\udde1\ud835\udddc\ud835\udddf\ud835\udddb\ud835\uddd4 \ud835\uddd7\ud835\uddd8 \ud835\uddd6\ud835\udde2\ud835\udde1\ud835\udde7\ud835\udde5\ud835\udde2\ud835\udddf\ud835\uddd8 \ud835\uddd9\ud835\udddc\ud835\udde1\ud835\uddd4\ud835\udde1\ud835\uddd6\ud835\uddd8\ud835\udddc\ud835\udde5\ud835\udde2: \ud835\uddd5\ud835\uddee\ud835\uddf6\ud835\ude05\ud835\uddf2 \ud835\uddee \ud835\uddfd\ud835\uddf9\ud835\uddee\ud835\uddfb\ud835\uddf6\ud835\uddf9\ud835\uddf5\ud835\uddee AGORA antes que acabe! \ud83d\udc49 https:\/\/lp.suno.com.br\/planilha-da-vida-financeira\/?utm_source=youtube.noticias&utm_medium=live&utm_campaign=planilhadavidafinanceira.20221128&utm_content=ytnoticias.morning.02122022 \ud83d\udcda \ud835\udc04-\ud835\udc1b\ud835\udc28\ud835\udc28\ud835\udc24 \"\ud835\udc02\ud835\udc28\ud835\udc26\ud835\udc28 \ud835\udc22\ud835\udc27\ud835\udc2f\ud835\udc1e\ud835\udc2c\ud835\udc2d\ud835\udc22\ud835\udc2b\u2026\",\"duration\":\"PT30M39S\",\"embedUrl\":\"https:\/\/www.youtube.com\/embed\/NND0Den7fxw\",\"regionsAllowed\":\"pt-BR\",\"interactionStatistic\":{\"@type\":\"InteractionCounter\",\"interactionType\":{\"@type\":\"WatchAction\"},\"userInteractionCount\":2035},\"thumbnailUrl\":\"https:\/\/i.ytimg.com\/vi\/NND0Den7fxw\/default.jpg\",\"uploadDate\":\"2022-12-13T12:33:52Z\"}<\/script>\n\n\n\n\n\t<p>\n\t\t<a href=\"\" target=\"_blank\" data-element=\"shortcode-suno-banner\" title=\"Banner SUNO, clique e saiba mais\">\n\t\t\t<picture>\n\t\t\t\t<source media=\"(max-width: 500px)\" srcset=\"\">\n\t\t\t\t<img class=\"newsContent__article__imgCapa newsContent__article__imgCapa--banner\"\n\t\t\t\t\tsrc=\"\"\n\t\t\t\t\tdata-promo-id=\"240038\"\t\t\t\t\t\t\t\t\t\t\t\t\t\t\talt=\"\"\n\t\t\t\t>\n\t\t\t<\/picture>\n\t\t<\/a>\n\t<\/p>\n\n\n\n\n\n<p>A confirma\u00e7\u00e3o de Gal\u00edpolo para assumir o cargo foi feita por <a href=\"https:\/\/www.suno.com.br\/noticias\/haddad-regra-fiscal-tributaria\/\">Haddad <\/a>em r\u00e1pida conversa com jornalistas na sa\u00edda da sede do Banco Central, em Bras\u00edlia. <\/p>\n\n\n\n<p>Sim, confirmo&#8221;, disse Haddad, ao ser questionado pela imprensa sobre a indica\u00e7\u00e3o do economista.<\/p>\n\n\n\n<p>O futuro <strong>Ministro da Fazenda<\/strong> estava conversando, na ocasi\u00e3o, com o atual chefe da pasta, <a href=\"https:\/\/www.suno.com.br\/noticias\/fernando-haddad-paulo-guedes-encontro-excelente\/\" target=\"_blank\" rel=\"noreferrer noopener\">Paulo Guedes<\/a>.<\/p>\n\n\n\n<p>Gal\u00edpolo \u00e9 economista, ex-presidente do Banco Fator e atuou na campanha como interlocutor entre a chapa de <a href=\"https:\/\/www.suno.com.br\/noticias\/web-stories\/dolar-efeito-lula-alta\/\" target=\"_blank\" rel=\"noreferrer noopener\"><strong>Lula <\/strong>(PT)<\/a>, agora presidente eleito, e o mercado financeiro. <\/p>\n\n\n\n<p>Desde ent\u00e3o, vinha sendo cotado para compor a equipe econ\u00f4mica antes mesmo de Haddad ganhar for\u00e7a como indicado a chefe da Fazenda.<\/p>\n\n\n\n\t<div data-element=\"shortcode-read-more\" class=\"readToo\">\n\t\t\t\t<span class=\"readToo__title\">Leia mais<\/span>\n\t\t\t\t<ul class=\"readToo__list\">\n\t\t\t<li><a href=\"https:\/\/www.suno.com.br\/noticias\/revisao-orcamento-espaco-fiscal-pec\/\">Revis\u00e3o do or\u00e7amento deixa R$ 168 bilh\u00f5es de &#8216;espa\u00e7o fiscal a mais com PEC da Transi\u00e7\u00e3o<\/a><\/li><li><a href=\"https:\/\/www.suno.com.br\/noticias\/haddad-regra-fiscal-tributaria\/\">Haddad vai priorizar regra fiscal e tribut\u00e1ria; veja como pensa o novo ministro<\/a><\/li><li><a href=\"https:\/\/www.suno.com.br\/noticias\/haddad-marcos-cruz-secretaria-politica-economica\/\">Haddad cogita Marcos Cruz para Secretaria de Pol\u00edtica Econ\u00f4mica, diz jornal<\/a><\/li><li><a href=\"https:\/\/www.suno.com.br\/noticias\/senado-aprova-pec-da-transicao\/\">Senado aprova PEC da Transi\u00e7\u00e3o; proposta amplia o teto de gastos em R$ 145 bi por 2 anos<\/a><\/li>\t\t<\/ul>\n\t<\/div>\n\n\n\n\n<p>No fim de novembro, em evento organizado pelo Esfera Brasil, o economista avaliou que o <a href=\"https:\/\/www.suno.com.br\/noticias\/transicao-propoe-pec-propostas-campanha-de-lula\/\" target=\"_blank\" rel=\"noreferrer noopener\">teto de gastos<\/a> j\u00e1 deixou de servir como \u00e2ncora fiscal no Brasil. <\/p>\n\n\n\n<p>&#8220;A gente j\u00e1 passou do funeral, j\u00e1 est\u00e1 para a missa de s\u00e9timo dia da regra fiscal&#8221;, ironizou.<\/p>\n\n\n\n<p>Na ocasi\u00e3o, ele tamb\u00e9m defendeu a necessidade de uma discuss\u00e3o transparente sobre o Or\u00e7amento, pautada na qualidade da arrecada\u00e7\u00e3o e do gasto. Ele criticou o or\u00e7amento secreto, devido \u00e0 falta de transpar\u00eancia do mecanismo.<\/p>\n\n\n\n<p>Durante o governo de transi\u00e7\u00e3o, Gal\u00edpolo fez parte do grupo tem\u00e1tico da \u00e1rea de Infraestrutura. O economista j\u00e1 trabalhou com o <a href=\"https:\/\/www.suno.com.br\/noticias\/mercadante-bndes-recado-febraban\/\">BNDES <\/a>na estrutura\u00e7\u00e3o financeira da <a href=\"https:\/\/www.suno.com.br\/noticias\/tags\/privatizacoes\/\" target=\"_blank\" rel=\"noreferrer noopener\">privatiza\u00e7\u00e3o da Cedae<\/a>, um marco no programa de saneamento. \u00c9 especialista em instrumentos financeiros de pol\u00edtica de cr\u00e9dito em articula\u00e7\u00e3o do p\u00fablico e privado para projetos de longa dura\u00e7\u00e3o.<\/p>\n\n\n\n<p>Inicialmente, seu nome era mais citado em conversas justamente para a presid\u00eancia do BNDES, que pode parar nas m\u00e3os do ex-ministro petista Aloizio Mercadante, sob o guarda-chuva do Minist\u00e9rio do Desenvolvimento, Ind\u00fastria e Com\u00e9rcio Exterior.<\/p>\n\n\n\t<p>\n\t\t<a href=\"https:\/\/lp.suno.com.br\/planilha-controle-gastos\/\" target=\"_blank\" data-element=\"shortcode-suno-banner\" title=\"Banner SUNO, clique e saiba mais\">\n\t\t\t<picture>\n\t\t\t\t<source media=\"(max-width: 500px)\" srcset=\"https:\/\/files.sunoresearch.com.br\/n\/uploads\/2023\/03\/400x300-Planilha-controle-de-gastos.png\">\n\t\t\t\t<img class=\"newsContent__article__imgCapa newsContent__article__imgCapa--banner\"\n\t\t\t\t\tsrc=\"https:\/\/files.sunoresearch.com.br\/n\/uploads\/2023\/03\/1420x240-Planilha-controle-de-gastos.png\"\n\t\t\t\t\tdata-promo-id=\"101751\"\t\t\t\t\t\t\t\t\t\twidth='1420' height='240'\t\t\t\t\talt=\"https:\/\/files.sunoresearch.com.br\/n\/uploads\/2023\/03\/1420x240-Planilha-controle-de-gastos.png\"\n\t\t\t\t>\n\t\t\t<\/picture>\n\t\t<\/a>\n\t<\/p>\n\n\n\n\n\n<h2 class=\"wp-block-heading\" id=\"h-galipolo-acompanha-haddad-em-conversa-com-guedes\">Gal\u00edpolo acompanha Haddad em conversa com Guedes<\/h2>\n\n\n\n<p>Haddad tamb\u00e9m disse que a reuni\u00e3o com o presidente da autarquia, Roberto Campos Neto, &#8220;foi \u00f3tima&#8221;.<\/p>\n\n\n\n<p>Os dois almo\u00e7aram no BC.<\/p>\n\n\n\n<p>Al\u00e9m disso, o ex-prefeito de S\u00e3o Paulo se reuniu a portas fechadas por 30 minutos nesta ter\u00e7a (13) com Guedes, dialogando com secret\u00e1rios especiais e chefes de assessorias especiais do Minist\u00e9rio da Economia.<\/p>\n\n\n\n<p>Nesta primeira reuni\u00e3o, Haddad quer saber quais s\u00e3o os projetos de cada secretaria. Segundo ele, os programas aderentes ao programa de governo do presidente eleito, Luiz In\u00e1cio Lula da Silva, ter\u00e3o continuidade.<\/p>\n\n\n\n<p><strong>Gabriel Gal\u00edpolo<\/strong> acompanhou Haddad na ocasi\u00e3o, assim como Laio Correia Moraes.<\/p>\n\n\n\n<p>Haddad far\u00e1 coletiva \u00e0s 18h30, o futuro ministro dar\u00e1 a primeira coletiva ap\u00f3s ser anunciado no cargo. <\/p>\n\n\n\n<p>A expectativa \u00e9 do an\u00fancio oficial de <strong>Gal\u00edpolo <\/strong>e de mais dois ou tr\u00eas nomes que integrar\u00e3o o Minist\u00e9rio da Fazenda.<\/p>\n\n\n\n<p>Com Estad\u00e3o Conte\u00fado<\/p>\n\n\n\t<p>\n\t\t<a href=\"https:\/\/lp.suno.com.br\/planilha-da-vida-financeira\/\" target=\"_blank\" data-element=\"shortcode-suno-banner\" title=\"Banner SUNO, clique e saiba mais\">\n\t\t\t<picture>\n\t\t\t\t<source media=\"(max-width: 500px)\" srcset=\"https:\/\/files.sunoresearch.com.br\/n\/uploads\/2023\/04\/400x300-Planilha-vida-financeira-true.png\">\n\t\t\t\t<img class=\"newsContent__article__imgCapa newsContent__article__imgCapa--banner\"\n\t\t\t\t\tsrc=\"https:\/\/files.sunoresearch.com.br\/n\/uploads\/2023\/04\/1420x240-Planilha-vida-financeira-true.png\"\n\t\t\t\t\tdata-promo-id=\"106682\"\t\t\t\t\t\t\t\t\t\twidth='1420' height='240'\t\t\t\t\talt=\"https:\/\/files.sunoresearch.com.br\/n\/uploads\/2023\/04\/1420x240-Planilha-vida-financeira-true.png\"\n\t\t\t\t>\n\t\t\t<\/picture>\n\t\t<\/a>\n\t<\/p>\n\n\n","protected":false},"excerpt":{"rendered":"<p>Fernando Haddad (PT), futuro Ministro da Fazenda do Brasil, confirmou o nome de Gabriel Gal\u00edpolo como o novo secret\u00e1rio-executivo do Minist\u00e9rio da Fazenda &#8211; o primeiro cargo da pasta logo ap\u00f3s o do pr\u00f3prio ministro. A confirma\u00e7\u00e3o de Gal\u00edpolo para assumir o cargo foi feita por Haddad em r\u00e1pida conversa com jornalistas na sa\u00edda da [&hellip;]<\/p>\n","protected":false},"author":73,"featured_media":249161,"comment_status":"closed","ping_status":"closed","sticky":false,"template":"","format":"standard","meta":[],"categories":[61],"tags":[106444,716,909,824],"suno_strategy":[],"class_list":["post-333671","post","type-post","status-publish","format-standard","has-post-thumbnail","hentry","category-politica","tag-agencias","tag-fernando-haddad","tag-ministerio-da-economia","tag-ministerio-fazenda"],"yoast_head":"<!-- This site is optimized with the Yoast SEO plugin v24.4 - https:\/\/yoast.com\/wordpress\/plugins\/seo\/ -->\n<title>Gal\u00edpolo ser\u00e1 &#039;n\u00famero 2&#039; no Minist\u00e9rio da Fazenda<\/title>\n<meta name=\"description\" content=\"Haddad far\u00e1 coletiva em breve, quando deve anunciar o nome de Gal\u00edpolo junto com outras indica\u00e7\u00f5es para o Minist\u00e9rio da Fazenda. Confira!\" \/>\n<meta name=\"robots\" content=\"index, follow, max-snippet:-1, max-image-preview:large, max-video-preview:-1\" \/>\n<link rel=\"canonical\" href=\"https:\/\/www.suno.com.br\/noticias\/haddad-galipolo-ministerio-da-fazenda\/\" \/>\n<meta property=\"og:locale\" content=\"pt_BR\" \/>\n<meta property=\"og:type\" content=\"article\" \/>\n<meta property=\"og:title\" content=\"Gal\u00edpolo ser\u00e1 &#039;n\u00famero 2&#039; no Minist\u00e9rio da Fazenda\" \/>\n<meta property=\"og:description\" content=\"Haddad far\u00e1 coletiva em breve, quando deve anunciar o nome de Gal\u00edpolo junto com outras indica\u00e7\u00f5es para o Minist\u00e9rio da Fazenda. Confira!\" \/>\n<meta property=\"og:url\" content=\"https:\/\/www.suno.com.br\/noticias\/haddad-galipolo-ministerio-da-fazenda\/\" \/>\n<meta property=\"og:site_name\" content=\"Suno Not\u00edcias\" \/>\n<meta property=\"article:publisher\" content=\"https:\/\/facebook.com\/sunoresearch\" \/>\n<meta property=\"og:image\" content=\"https:\/\/files.sunoresearch.com.br\/n\/uploads\/2022\/04\/Gabriel-Galipolo.jpg\" \/>\n\t<meta property=\"og:image:width\" content=\"1200\" \/>\n\t<meta property=\"og:image:height\" content=\"753\" \/>\n\t<meta property=\"og:image:type\" content=\"image\/jpeg\" \/>\n<meta name=\"author\" content=\"Eduardo Vargas\" \/>\n<meta name=\"twitter:card\" content=\"summary_large_image\" \/>\n<meta name=\"twitter:creator\" content=\"@sunoresearch\" \/>\n<meta name=\"twitter:site\" content=\"@sunoresearch\" \/>\n<meta name=\"twitter:label1\" content=\"Escrito por\" \/>\n\t<meta name=\"twitter:data1\" content=\"Eduardo Vargas\" \/>\n\t<meta name=\"twitter:label2\" content=\"Est. tempo de leitura\" \/>\n\t<meta name=\"twitter:data2\" content=\"3 minutos\" \/>\n<script type=\"application\/ld+json\" class=\"yoast-schema-graph\">{\"@context\":\"https:\/\/schema.org\",\"@graph\":[{\"@type\":\"NewsArticle\",\"@id\":\"https:\/\/www.suno.com.br\/noticias\/haddad-galipolo-ministerio-da-fazenda\/#article\",\"isPartOf\":{\"@id\":\"https:\/\/www.suno.com.br\/noticias\/haddad-galipolo-ministerio-da-fazenda\/\"},\"author\":{\"name\":\"Eduardo Vargas\",\"@id\":\"https:\/\/www.suno.com.br\/noticias\/#\/schema\/person\/7f4d362bf3518e76090143ae77bb49a5\"},\"headline\":\"Gal\u00edpolo \u00e9 confirmado como &#8216;n\u00famero dois&#8217; do Minist\u00e9rio da Fazenda por Haddad\",\"datePublished\":\"2022-12-13T18:44:56+00:00\",\"dateModified\":\"2022-12-13T18:46:10+00:00\",\"mainEntityOfPage\":{\"@id\":\"https:\/\/www.suno.com.br\/noticias\/haddad-galipolo-ministerio-da-fazenda\/\"},\"wordCount\":533,\"publisher\":{\"@id\":\"https:\/\/www.suno.com.br\/noticias\/#organization\"},\"image\":{\"@id\":\"https:\/\/www.suno.com.br\/noticias\/haddad-galipolo-ministerio-da-fazenda\/#primaryimage\"},\"thumbnailUrl\":\"https:\/\/files.sunoresearch.com.br\/n\/uploads\/2022\/04\/Gabriel-Galipolo.jpg\",\"keywords\":[\"Ag\u00eancias\",\"Fernando Haddad\",\"Minist\u00e9rio da Economia\",\"Minist\u00e9rio da Fazenda\"],\"articleSection\":[\"Pol\u00edtica\"],\"inLanguage\":\"pt-BR\"},{\"@type\":\"WebPage\",\"@id\":\"https:\/\/www.suno.com.br\/noticias\/haddad-galipolo-ministerio-da-fazenda\/\",\"url\":\"https:\/\/www.suno.com.br\/noticias\/haddad-galipolo-ministerio-da-fazenda\/\",\"name\":\"Gal\u00edpolo ser\u00e1 'n\u00famero 2' no Minist\u00e9rio da Fazenda\",\"isPartOf\":{\"@id\":\"https:\/\/www.suno.com.br\/noticias\/#website\"},\"primaryImageOfPage\":{\"@id\":\"https:\/\/www.suno.com.br\/noticias\/haddad-galipolo-ministerio-da-fazenda\/#primaryimage\"},\"image\":{\"@id\":\"https:\/\/www.suno.com.br\/noticias\/haddad-galipolo-ministerio-da-fazenda\/#primaryimage\"},\"thumbnailUrl\":\"https:\/\/files.sunoresearch.com.br\/n\/uploads\/2022\/04\/Gabriel-Galipolo.jpg\",\"datePublished\":\"2022-12-13T18:44:56+00:00\",\"dateModified\":\"2022-12-13T18:46:10+00:00\",\"description\":\"Haddad far\u00e1 coletiva em breve, quando deve anunciar o nome de Gal\u00edpolo junto com outras indica\u00e7\u00f5es para o Minist\u00e9rio da Fazenda. Confira!\",\"breadcrumb\":{\"@id\":\"https:\/\/www.suno.com.br\/noticias\/haddad-galipolo-ministerio-da-fazenda\/#breadcrumb\"},\"inLanguage\":\"pt-BR\",\"potentialAction\":[{\"@type\":\"ReadAction\",\"target\":[\"https:\/\/www.suno.com.br\/noticias\/haddad-galipolo-ministerio-da-fazenda\/\"]}]},{\"@type\":\"ImageObject\",\"inLanguage\":\"pt-BR\",\"@id\":\"https:\/\/www.suno.com.br\/noticias\/haddad-galipolo-ministerio-da-fazenda\/#primaryimage\",\"url\":\"https:\/\/files.sunoresearch.com.br\/n\/uploads\/2022\/04\/Gabriel-Galipolo.jpg\",\"contentUrl\":\"https:\/\/files.sunoresearch.com.br\/n\/uploads\/2022\/04\/Gabriel-Galipolo.jpg\",\"width\":1200,\"height\":753,\"caption\":\"Gabriel Gal\u00edpolo- Foto: Reprodu\u00e7\u00e3o\/Casa do Saber\/YouTube\"},{\"@type\":\"BreadcrumbList\",\"@id\":\"https:\/\/www.suno.com.br\/noticias\/haddad-galipolo-ministerio-da-fazenda\/#breadcrumb\",\"itemListElement\":[{\"@type\":\"ListItem\",\"position\":1,\"name\":\"Not\u00edcias\",\"item\":\"https:\/\/www.suno.com.br\/noticias\/\"},{\"@type\":\"ListItem\",\"position\":2,\"name\":\"Pol\u00edtica\",\"item\":\"https:\/\/www.suno.com.br\/noticias\/politica\/\"},{\"@type\":\"ListItem\",\"position\":3,\"name\":\"Gal\u00edpolo \u00e9 confirmado como &#8216;n\u00famero dois&#8217; do Minist\u00e9rio da Fazenda por Haddad\"}]},{\"@type\":\"WebSite\",\"@id\":\"https:\/\/www.suno.com.br\/noticias\/#website\",\"url\":\"https:\/\/www.suno.com.br\/noticias\/\",\"name\":\"Suno Not\u00edcias\",\"description\":\"Seu portal de informa\u00e7\u00e3o sobre o mundo dos investimentos\",\"publisher\":{\"@id\":\"https:\/\/www.suno.com.br\/noticias\/#organization\"},\"potentialAction\":[{\"@type\":\"SearchAction\",\"target\":{\"@type\":\"EntryPoint\",\"urlTemplate\":\"https:\/\/www.suno.com.br\/noticias\/?s={search_term_string}\"},\"query-input\":{\"@type\":\"PropertyValueSpecification\",\"valueRequired\":true,\"valueName\":\"search_term_string\"}}],\"inLanguage\":\"pt-BR\"},{\"@type\":\"Organization\",\"@id\":\"https:\/\/www.suno.com.br\/noticias\/#organization\",\"name\":\"Suno Not\u00edcias\",\"url\":\"https:\/\/www.suno.com.br\/noticias\/\",\"logo\":{\"@type\":\"ImageObject\",\"inLanguage\":\"pt-BR\",\"@id\":\"https:\/\/www.suno.com.br\/noticias\/#\/schema\/logo\/image\/\",\"url\":\"https:\/\/files.sunoresearch.com.br\/n\/uploads\/2021\/09\/suno-logo.png\",\"contentUrl\":\"https:\/\/files.sunoresearch.com.br\/n\/uploads\/2021\/09\/suno-logo.png\",\"width\":180,\"height\":180,\"caption\":\"Suno Not\u00edcias\"},\"image\":{\"@id\":\"https:\/\/www.suno.com.br\/noticias\/#\/schema\/logo\/image\/\"},\"sameAs\":[\"https:\/\/facebook.com\/sunoresearch\",\"https:\/\/x.com\/sunoresearch\",\"https:\/\/www.instagram.com\/suno\",\"https:\/\/www.linkedin.com\/company\/suno-research\/\",\"https:\/\/www.youtube.com\/c\/sunoresearch\"]},{\"@type\":\"Person\",\"@id\":\"https:\/\/www.suno.com.br\/noticias\/#\/schema\/person\/7f4d362bf3518e76090143ae77bb49a5\",\"name\":\"Eduardo Vargas\",\"image\":{\"@type\":\"ImageObject\",\"inLanguage\":\"pt-BR\",\"@id\":\"https:\/\/www.suno.com.br\/noticias\/#\/schema\/person\/image\/\",\"url\":\"https:\/\/secure.gravatar.com\/avatar\/dac340933427a22924c9f99d1eb2e3f2?s=96&r=g\",\"contentUrl\":\"https:\/\/secure.gravatar.com\/avatar\/dac340933427a22924c9f99d1eb2e3f2?s=96&r=g\",\"caption\":\"Eduardo Vargas\"},\"description\":\"Jornalista formado pela UFSC, cobre macroeconomia, neg\u00f3cios e startups para o Suno Not\u00edcias, escrevendo principalmente not\u00edcias sobre o mercado financeiro e a bolsa de valores. No YouTube e no Instagram, \u00e9 respons\u00e1vel pela produ\u00e7\u00e3o de Reels e Shorts do Suno Not\u00edcias. Anteriormente, trabalhou cobrindo economia e cotidiano no ND+ e para o ND, maior jornal impresso de Santa Catarina. Cursou um semestre letivo de Estudos de M\u00eddia na Universidad de Buenos Aires.\",\"url\":\"https:\/\/www.suno.com.br\/noticias\/author\/eduardo-vargas\/\"}]}<\/script>\n<!-- \/ Yoast SEO plugin. -->","yoast_head_json":{"title":"Gal\u00edpolo ser\u00e1 'n\u00famero 2' no Minist\u00e9rio da Fazenda","description":"Haddad far\u00e1 coletiva em breve, quando deve anunciar o nome de Gal\u00edpolo junto com outras indica\u00e7\u00f5es para o Minist\u00e9rio da Fazenda. Confira!","robots":{"index":"index","follow":"follow","max-snippet":"max-snippet:-1","max-image-preview":"max-image-preview:large","max-video-preview":"max-video-preview:-1"},"canonical":"https:\/\/www.suno.com.br\/noticias\/haddad-galipolo-ministerio-da-fazenda\/","og_locale":"pt_BR","og_type":"article","og_title":"Gal\u00edpolo ser\u00e1 'n\u00famero 2' no Minist\u00e9rio da Fazenda","og_description":"Haddad far\u00e1 coletiva em breve, quando deve anunciar o nome de Gal\u00edpolo junto com outras indica\u00e7\u00f5es para o Minist\u00e9rio da Fazenda. Confira!","og_url":"https:\/\/www.suno.com.br\/noticias\/haddad-galipolo-ministerio-da-fazenda\/","og_site_name":"Suno Not\u00edcias","article_publisher":"https:\/\/facebook.com\/sunoresearch","og_image":[{"width":1200,"height":753,"url":"https:\/\/files.sunoresearch.com.br\/n\/uploads\/2022\/04\/Gabriel-Galipolo.jpg","type":"image\/jpeg"}],"author":"Eduardo Vargas","twitter_card":"summary_large_image","twitter_creator":"@sunoresearch","twitter_site":"@sunoresearch","twitter_misc":{"Escrito por":"Eduardo Vargas","Est. tempo de leitura":"3 minutos"},"schema":{"@context":"https:\/\/schema.org","@graph":[{"@type":"NewsArticle","@id":"https:\/\/www.suno.com.br\/noticias\/haddad-galipolo-ministerio-da-fazenda\/#article","isPartOf":{"@id":"https:\/\/www.suno.com.br\/noticias\/haddad-galipolo-ministerio-da-fazenda\/"},"author":{"name":"Eduardo Vargas","@id":"https:\/\/www.suno.com.br\/noticias\/#\/schema\/person\/7f4d362bf3518e76090143ae77bb49a5"},"headline":"Gal\u00edpolo \u00e9 confirmado como &#8216;n\u00famero dois&#8217; do Minist\u00e9rio da Fazenda por Haddad","datePublished":"2022-12-13T18:44:56+00:00","dateModified":"2022-12-13T18:46:10+00:00","mainEntityOfPage":{"@id":"https:\/\/www.suno.com.br\/noticias\/haddad-galipolo-ministerio-da-fazenda\/"},"wordCount":533,"publisher":{"@id":"https:\/\/www.suno.com.br\/noticias\/#organization"},"image":{"@id":"https:\/\/www.suno.com.br\/noticias\/haddad-galipolo-ministerio-da-fazenda\/#primaryimage"},"thumbnailUrl":"https:\/\/files.sunoresearch.com.br\/n\/uploads\/2022\/04\/Gabriel-Galipolo.jpg","keywords":["Ag\u00eancias","Fernando Haddad","Minist\u00e9rio da Economia","Minist\u00e9rio da Fazenda"],"articleSection":["Pol\u00edtica"],"inLanguage":"pt-BR"},{"@type":"WebPage","@id":"https:\/\/www.suno.com.br\/noticias\/haddad-galipolo-ministerio-da-fazenda\/","url":"https:\/\/www.suno.com.br\/noticias\/haddad-galipolo-ministerio-da-fazenda\/","name":"Gal\u00edpolo ser\u00e1 'n\u00famero 2' no Minist\u00e9rio da Fazenda","isPartOf":{"@id":"https:\/\/www.suno.com.br\/noticias\/#website"},"primaryImageOfPage":{"@id":"https:\/\/www.suno.com.br\/noticias\/haddad-galipolo-ministerio-da-fazenda\/#primaryimage"},"image":{"@id":"https:\/\/www.suno.com.br\/noticias\/haddad-galipolo-ministerio-da-fazenda\/#primaryimage"},"thumbnailUrl":"https:\/\/files.sunoresearch.com.br\/n\/uploads\/2022\/04\/Gabriel-Galipolo.jpg","datePublished":"2022-12-13T18:44:56+00:00","dateModified":"2022-12-13T18:46:10+00:00","description":"Haddad far\u00e1 coletiva em breve, quando deve anunciar o nome de Gal\u00edpolo junto com outras indica\u00e7\u00f5es para o Minist\u00e9rio da Fazenda. Confira!","breadcrumb":{"@id":"https:\/\/www.suno.com.br\/noticias\/haddad-galipolo-ministerio-da-fazenda\/#breadcrumb"},"inLanguage":"pt-BR","potentialAction":[{"@type":"ReadAction","target":["https:\/\/www.suno.com.br\/noticias\/haddad-galipolo-ministerio-da-fazenda\/"]}]},{"@type":"ImageObject","inLanguage":"pt-BR","@id":"https:\/\/www.suno.com.br\/noticias\/haddad-galipolo-ministerio-da-fazenda\/#primaryimage","url":"https:\/\/files.sunoresearch.com.br\/n\/uploads\/2022\/04\/Gabriel-Galipolo.jpg","contentUrl":"https:\/\/files.sunoresearch.com.br\/n\/uploads\/2022\/04\/Gabriel-Galipolo.jpg","width":1200,"height":753,"caption":"Gabriel Gal\u00edpolo- Foto: Reprodu\u00e7\u00e3o\/Casa do Saber\/YouTube"},{"@type":"BreadcrumbList","@id":"https:\/\/www.suno.com.br\/noticias\/haddad-galipolo-ministerio-da-fazenda\/#breadcrumb","itemListElement":[{"@type":"ListItem","position":1,"name":"Not\u00edcias","item":"https:\/\/www.suno.com.br\/noticias\/"},{"@type":"ListItem","position":2,"name":"Pol\u00edtica","item":"https:\/\/www.suno.com.br\/noticias\/politica\/"},{"@type":"ListItem","position":3,"name":"Gal\u00edpolo \u00e9 confirmado como &#8216;n\u00famero dois&#8217; do Minist\u00e9rio da Fazenda por Haddad"}]},{"@type":"WebSite","@id":"https:\/\/www.suno.com.br\/noticias\/#website","url":"https:\/\/www.suno.com.br\/noticias\/","name":"Suno Not\u00edcias","description":"Seu portal de informa\u00e7\u00e3o sobre o mundo dos investimentos","publisher":{"@id":"https:\/\/www.suno.com.br\/noticias\/#organization"},"potentialAction":[{"@type":"SearchAction","target":{"@type":"EntryPoint","urlTemplate":"https:\/\/www.suno.com.br\/noticias\/?s={search_term_string}"},"query-input":{"@type":"PropertyValueSpecification","valueRequired":true,"valueName":"search_term_string"}}],"inLanguage":"pt-BR"},{"@type":"Organization","@id":"https:\/\/www.suno.com.br\/noticias\/#organization","name":"Suno Not\u00edcias","url":"https:\/\/www.suno.com.br\/noticias\/","logo":{"@type":"ImageObject","inLanguage":"pt-BR","@id":"https:\/\/www.suno.com.br\/noticias\/#\/schema\/logo\/image\/","url":"https:\/\/files.sunoresearch.com.br\/n\/uploads\/2021\/09\/suno-logo.png","contentUrl":"https:\/\/files.sunoresearch.com.br\/n\/uploads\/2021\/09\/suno-logo.png","width":180,"height":180,"caption":"Suno Not\u00edcias"},"image":{"@id":"https:\/\/www.suno.com.br\/noticias\/#\/schema\/logo\/image\/"},"sameAs":["https:\/\/facebook.com\/sunoresearch","https:\/\/x.com\/sunoresearch","https:\/\/www.instagram.com\/suno","https:\/\/www.linkedin.com\/company\/suno-research\/","https:\/\/www.youtube.com\/c\/sunoresearch"]},{"@type":"Person","@id":"https:\/\/www.suno.com.br\/noticias\/#\/schema\/person\/7f4d362bf3518e76090143ae77bb49a5","name":"Eduardo Vargas","image":{"@type":"ImageObject","inLanguage":"pt-BR","@id":"https:\/\/www.suno.com.br\/noticias\/#\/schema\/person\/image\/","url":"https:\/\/secure.gravatar.com\/avatar\/dac340933427a22924c9f99d1eb2e3f2?s=96&r=g","contentUrl":"https:\/\/secure.gravatar.com\/avatar\/dac340933427a22924c9f99d1eb2e3f2?s=96&r=g","caption":"Eduardo Vargas"},"description":"Jornalista formado pela UFSC, cobre macroeconomia, neg\u00f3cios e startups para o Suno Not\u00edcias, escrevendo principalmente not\u00edcias sobre o mercado financeiro e a bolsa de valores. No YouTube e no Instagram, \u00e9 respons\u00e1vel pela produ\u00e7\u00e3o de Reels e Shorts do Suno Not\u00edcias. Anteriormente, trabalhou cobrindo economia e cotidiano no ND+ e para o ND, maior jornal impresso de Santa Catarina. Cursou um semestre letivo de Estudos de M\u00eddia na Universidad de Buenos Aires.","url":"https:\/\/www.suno.com.br\/noticias\/author\/eduardo-vargas\/"}]}},"default_loop_html":"<div class=\"cardsPage__listCard__boxs\"><div class=\"cardsPage__listCard__boxs__img\"><a href=\"https:\/\/www.suno.com.br\/noticias\/haddad-galipolo-ministerio-da-fazenda\/\"><img class=\"mask\" src=\"https:\/\/www.suno.com.br\/noticias\/wp-content\/themes\/suno\/resources\/images\/spotlight\/spotlight1img\/bg-mask.png\" alt=\"Image Mask\"\/><img src=\"https:\/\/files.sunoresearch.com.br\/n\/uploads\/2022\/04\/Gabriel-Galipolo-400x200.jpg\" alt=\"Gal\u00edpolo \u00e9 confirmado como &#8216;n\u00famero dois&#8217; do Minist\u00e9rio da Fazenda por Haddad\"\/><\/a><span class=\"spotlightCategory\"><a href=\"https:\/\/www.suno.com.br\/noticias\/politica\/\">Pol\u00edtica<\/a><\/span><\/div><div class=\"cardsPage__listCard__boxs__content\"><a href=\"https:\/\/www.suno.com.br\/noticias\/haddad-galipolo-ministerio-da-fazenda\/\"><h2 class=\"content__title\">Gal\u00edpolo \u00e9 confirmado como &#8216;n\u00famero dois&#8217; do Minist\u00e9rio da Fazenda por Haddad<\/h2><\/a><div class=\"newsContent__article__meta\"><div class=\"newsContent__article__meta__authorBox\"><a href=\"https:\/\/www.suno.com.br\/noticias\/author\/silvio-suehiro\/\" class=\"authorBox__avatar noMobi\"><img src=\"https:\/\/secure.gravatar.com\/avatar\/06585eb21140975c6be6bb79a07edac1?s=96&#038;r=g\" alt=\"Silvio Suehiro\"><\/a><div class=\"authorBox__name\"><span>por\n\t\t\t<a href=\"https:\/\/www.suno.com.br\/noticias\/author\/silvio-suehiro\/\"><span itemprop=\"author\">Silvio Suehiro<\/span><\/a><\/span><time datetime=\"2022-12-13T15:44:56-03:00\" itemprop=\"datePublished\">13\/12\/2022 15:44<\/time><\/div><\/div><\/div><\/div><\/div>","single_layout":"posts","amp_enabled":true,"_links":{"self":[{"href":"https:\/\/www.suno.com.br\/noticias\/wp-json\/wp\/v2\/posts\/333671"}],"collection":[{"href":"https:\/\/www.suno.com.br\/noticias\/wp-json\/wp\/v2\/posts"}],"about":[{"href":"https:\/\/www.suno.com.br\/noticias\/wp-json\/wp\/v2\/types\/post"}],"author":[{"embeddable":true,"href":"https:\/\/www.suno.com.br\/noticias\/wp-json\/wp\/v2\/users\/73"}],"replies":[{"embeddable":true,"href":"https:\/\/www.suno.com.br\/noticias\/wp-json\/wp\/v2\/comments?post=333671"}],"version-history":[{"count":3,"href":"https:\/\/www.suno.com.br\/noticias\/wp-json\/wp\/v2\/posts\/333671\/revisions"}],"predecessor-version":[{"id":333718,"href":"https:\/\/www.suno.com.br\/noticias\/wp-json\/wp\/v2\/posts\/333671\/revisions\/333718"}],"wp:featuredmedia":[{"embeddable":true,"href":"https:\/\/www.suno.com.br\/noticias\/wp-json\/wp\/v2\/media\/249161"}],"wp:attachment":[{"href":"https:\/\/www.suno.com.br\/noticias\/wp-json\/wp\/v2\/media?parent=333671"}],"wp:term":[{"taxonomy":"category","embeddable":true,"href":"https:\/\/www.suno.com.br\/noticias\/wp-json\/wp\/v2\/categories?post=333671"},{"taxonomy":"post_tag","embeddable":true,"href":"https:\/\/www.suno.com.br\/noticias\/wp-json\/wp\/v2\/tags?post=333671"},{"taxonomy":"suno_strategy","embeddable":true,"href":"https:\/\/www.suno.com.br\/noticias\/wp-json\/wp\/v2\/suno_strategy?post=333671"}],"curies":[{"name":"wp","href":"https:\/\/api.w.org\/{rel}","templated":true}]}}