{"id":333416,"date":"2022-12-13T09:31:06","date_gmt":"2022-12-13T12:31:06","guid":{"rendered":"https:\/\/www.suno.com.br\/noticias\/?p=333416"},"modified":"2022-12-13T11:18:24","modified_gmt":"2022-12-13T14:18:24","slug":"ata-copom-incerteza-fiscal-bc","status":"publish","type":"post","link":"https:\/\/www.suno.com.br\/noticias\/ata-copom-incerteza-fiscal-bc\/","title":{"rendered":"Ata do Copom: &#8216;Incerteza fiscal pode reduzir efici\u00eancia da atua\u00e7\u00e3o do Banco Central&#8217;"},"content":{"rendered":"<p>A Ata do <a href=\"https:\/\/www.suno.com.br\/artigos\/copom\/\" target=\"_blank\" rel=\"noreferrer noopener\">Comit\u00ea de Pol\u00edtica Monet\u00e1ria (Copom)<\/a>, ou <strong>Ata do Copom<\/strong>, cita &#8216;incertezas nos cen\u00e1rios&#8217; atuais e faz men\u00e7\u00f5es ao cen\u00e1rio fiscal como um ponto relevante para as decis\u00f5es recentes do Banco Central (BC). O <a href=\"https:\/\/www.bcb.gov.br\/publicacoes\/atascopom\/07122022\" target=\"_blank\" rel=\"noreferrer noopener\">documento oficial foi divulgado nesta ter\u00e7a-feira (13)<\/a>, e se refere \u00e0 \u00faltima reuni\u00e3o da autoridade monet\u00e1ria, que terminou no dia 7 de dezembro e decidiu pela manuten\u00e7\u00e3o da taxa b\u00e1sica de juros em 13,75%.<\/p><div class=\"videoFull \">\n\t\t\t<div class=\"videoWrapper yt-lazyload center\"\n\t\t\t\tdata-width=\"960\"\n\t\t\t\tdata-height=\"540\"\n\t\t\t\tdata-id=\"NND0Den7fxw\"\n\t\t\t\tdata-alt=\"V\u00eddeo do YouTube - clique para reproduzir\"\n\t\t\t\tdata-logo=\"3\"\n\t\t\t\tdata-imagequality=\"maxres\">\n\t\t\t<\/div>\n\t\t<\/div><script type=\"application\/ld+json\">{\"@context\":\"https:\/\/schema.org\",\"@type\":\"VideoObject\",\"name\":\"LULA DEVE ANUNCIAR MAIS MINISTROS | Haddad comp\u00f5e equipe | Lei das Estatais amea\u00e7ada?\",\"description\":\"\u26a1 SUNO PREMIUM COM 30% DE DESCONTO \ud835\udde3\ud835\udde2\ud835\udde5 \ud835\udde7\ud835\uddd8\ud835\udde0\ud835\udde3\ud835\udde2 \ud835\udddf\ud835\udddc\ud835\udde0\ud835\udddc\ud835\udde7\ud835\uddd4\ud835\uddd7\ud835\udde2. https:\/\/lp.suno.com.br\/pv\/sr-premium\/viver-de-renda\/?utm_source=youtube.noticias&utm_medium=live&utm_campaign=RS.SPR22.ns.20221209&utm_content=ytnoticias.live.13122022 #morningcall #Not\u00edcias #mercadofinanceiro #investimentos #bolsadevalores #lula #pol\u00edtica #economia #haddad #fernandohaddad #estatais #petr4 #bbas3 #copom #federalreserve \ud835\udc08\ud835\udc0d\ud835\udc12\ud835\udc02\ud835\udc11\ud835\udc04\ud835\udc15\ud835\udc00-\ud835\udc12\ud835\udc04 \ud835\udc0d\ud835\udc0e \ud835\udc02\ud835\udc00\ud835\udc0d\ud835\udc00\ud835\udc0b \ud835\udc04 \ud835\udc00\ud835\udc13\ud835\udc08\ud835\udc15\ud835\udc04 \ud835\udc0e \ud835\udc12\ud835\udc08\ud835\udc0d\ud835\udc0e \ud83d\udc47 https:\/\/bit.ly\/INSCREVA-SEATIVEOSINO \ud83d\udcda \ud83d\udcb8 \ud83d\udcca \ud835\udde3\ud835\udddf\ud835\uddd4\ud835\udde1\ud835\udddc\ud835\udddf\ud835\udddb\ud835\uddd4 \ud835\uddd7\ud835\uddd8 \ud835\uddd6\ud835\udde2\ud835\udde1\ud835\udde7\ud835\udde5\ud835\udde2\ud835\udddf\ud835\uddd8 \ud835\uddd9\ud835\udddc\ud835\udde1\ud835\uddd4\ud835\udde1\ud835\uddd6\ud835\uddd8\ud835\udddc\ud835\udde5\ud835\udde2: \ud835\uddd5\ud835\uddee\ud835\uddf6\ud835\ude05\ud835\uddf2 \ud835\uddee \ud835\uddfd\ud835\uddf9\ud835\uddee\ud835\uddfb\ud835\uddf6\ud835\uddf9\ud835\uddf5\ud835\uddee AGORA antes que acabe! \ud83d\udc49 https:\/\/lp.suno.com.br\/planilha-da-vida-financeira\/?utm_source=youtube.noticias&utm_medium=live&utm_campaign=planilhadavidafinanceira.20221128&utm_content=ytnoticias.morning.02122022 \ud83d\udcda \ud835\udc04-\ud835\udc1b\ud835\udc28\ud835\udc28\ud835\udc24 \"\ud835\udc02\ud835\udc28\ud835\udc26\ud835\udc28 \ud835\udc22\ud835\udc27\ud835\udc2f\ud835\udc1e\ud835\udc2c\ud835\udc2d\ud835\udc22\ud835\udc2b\u2026\",\"duration\":\"PT30M39S\",\"embedUrl\":\"https:\/\/www.youtube.com\/embed\/NND0Den7fxw\",\"regionsAllowed\":\"pt-BR\",\"interactionStatistic\":{\"@type\":\"InteractionCounter\",\"interactionType\":{\"@type\":\"WatchAction\"},\"userInteractionCount\":2035},\"thumbnailUrl\":\"https:\/\/i.ytimg.com\/vi\/NND0Den7fxw\/default.jpg\",\"uploadDate\":\"2022-12-13T12:33:52Z\"}<\/script>\n\n\n\n\n\t<p>\n\t\t<a href=\"\" target=\"_blank\" data-element=\"shortcode-suno-banner\" title=\"Banner SUNO, clique e saiba mais\">\n\t\t\t<picture>\n\t\t\t\t<source media=\"(max-width: 500px)\" srcset=\"\">\n\t\t\t\t<img class=\"newsContent__article__imgCapa newsContent__article__imgCapa--banner\"\n\t\t\t\t\tsrc=\"\"\n\t\t\t\t\tdata-promo-id=\"240038\"\t\t\t\t\t\t\t\t\t\t\t\t\t\t\talt=\"\"\n\t\t\t\t>\n\t\t\t<\/picture>\n\t\t<\/a>\n\t<\/p>\n\n\n\n\n\n<p>Como consta na Ata do Copom, dentro da discuss\u00e3o da <a href=\"https:\/\/www.suno.com.br\/artigos\/politica-monetaria\" target=\"_blank\" rel=\"noreferrer noopener\">pol\u00edtica monet\u00e1ria<\/a> foram destacados os leves aumentos nas proje\u00e7\u00f5es de infla\u00e7\u00e3o.<\/p>\n\n\n\n<p>O documento mostra que desde a \u00faltima <a href=\"https:\/\/www.suno.com.br\/noticias\/copom-selic-decisao-juros-dezembro-2022\/\" target=\"_blank\" rel=\"noreferrer noopener\"><strong>reuni\u00e3o do Copom<\/strong> <\/a>a mediana das expectativas de infla\u00e7\u00e3o do Boletim Focus teve leve aumento para 2023 mas, no que diz respeito a 2024, \u00e9 vista uma preocupa\u00e7\u00e3o maior, dada as expectativas de uma infla\u00e7\u00e3o mais alta.<\/p>\n\n\n\n<p>&#8220;A incerteza sobre a din\u00e2mica fiscal futura e suas consequ\u00eancias sobre a din\u00e2mica de infla\u00e7\u00e3o foram discutidas, e julgou-se que a conjuntura incerta requer serenidade na avalia\u00e7\u00e3o desses riscos&#8221;, consta na Ata.<\/p>\n\n\n\n<p>Stephan F. Kautz, economista-chefe da EQI Asset, destaca que as discuss\u00f5es com foco no fiscal eram esperadas, dado o cen\u00e1rio recente.<\/p>\n\n\n\n<p>&#8220;Ele [o Copom] trouxe um ponto de aten\u00e7\u00e3o mais forte em rela\u00e7\u00e3o a esse assunto, mencionando em um par\u00e1grafo exclusivo com simula\u00e7\u00f5es e debates internos que eles tiveram sobre esse assunto, e mostrando um pouco do que seria o papel do BC em um cen\u00e1rio de deteriora\u00e7\u00e3o fiscal&#8221;, comenta.<\/p>\n\n\n\n<p>&#8220;O Comit\u00ea menciona que atualmente j\u00e1 temos um hiato mais reduzido e uma d\u00edvida mais alta, e ent\u00e3o uma expans\u00e3o fiscal muito agressiva poderia levar a uma d\u00favida sobre a sustentabilidade da d\u00edvida e\/ou um est\u00edmulo \u00e0 atividade que pudesse fazer a infla\u00e7\u00e3o voltar a subir&#8221;, completa.<\/p>\n\n\n\n<p>Ricardo Jorge, especialista em renda fixa e s\u00f3cio da Quantzed, tamb\u00e9m aponta que a Ata do Copom veio em linha com o esperado pelo mercado.<\/p>\n\n\n\n<p>&#8220;O risco inflacion\u00e1rio por conta de um fiscal mais frouxo com certeza vai trazer problemas inflacion\u00e1rios e provavelmente o BC vai atuar em cima da resposta dos pre\u00e7os em fun\u00e7\u00e3o dessa pol\u00edtica expansionista. Fica muito claro na ata o destaque para as preocupa\u00e7\u00f5es em rela\u00e7\u00e3o ao fiscal e expectativas para 2023 e 2024&#8221;, comenta.<\/p>\n\n\n\n<p>Segundo o especialista, o mercado j\u00e1 esperava esse tom mais duro com rela\u00e7\u00e3o \u00e0 condu\u00e7\u00e3o da pol\u00edtica monet\u00e1ria.<\/p>\n\n\n\n\t<div data-element=\"shortcode-read-more\" class=\"readToo\">\n\t\t\t\t<span class=\"readToo__title\">Leia mais<\/span>\n\t\t\t\t<ul class=\"readToo__list\">\n\t\t\t<li><a href=\"https:\/\/www.suno.com.br\/noticias\/banco-do-brasil-bbas3-dividendos-xp-2\/\">Banco do Brasil (BBAS3) ter\u00e1 os maiores dividendos entre bancos, diz XP<\/a><\/li><li><a href=\"https:\/\/www.suno.com.br\/noticias\/ipca-boletim-focus-inflacao-projecoes\/\">Focus projeta IPCA menor pela primeira vez em um m\u00eas e meio<\/a><\/li><li><a href=\"https:\/\/www.suno.com.br\/noticias\/selic-2023-ipca-bofa\/\">BofA: BC pode cortar Selic at\u00e9 junho de 2023 com &#8220;desacelera\u00e7\u00e3o do IPCA&#8221;<\/a><\/li><li><a href=\"https:\/\/www.suno.com.br\/noticias\/ipca-novembro-2022-alta\/\">IPCA: Com aumento dos combust\u00edveis, \u00edndice tem alta de 0,41% em novembro<\/a><\/li>\t\t<\/ul>\n\t<\/div>\n\n\n\n\n<h2 class=\"wp-block-heading\">Reformas no radar<\/h2>\n\n\n\n<p>No t\u00f3pico de an\u00e1lises e riscos da Ata do Copom, tamb\u00e9m consta que o Comit\u00ea avaliou que &#8220;mudan\u00e7as em pol\u00edticas parafiscais ou a revers\u00e3o de reformas estruturais&#8221; podem reduzir a efici\u00eancia da pol\u00edtica monet\u00e1ria implementada pelo <strong><a href=\"https:\/\/www.suno.com.br\/artigos\/bacen\" target=\"_blank\" rel=\"noreferrer noopener\">Banco Central<\/a><\/strong>.<\/p>\n\n\n\n<p>Isso, pois essas mudan\u00e7as no cen\u00e1rio fiscal podem eventualmente levar a uma &#8220;aloca\u00e7\u00e3o menos eficiente de recursos&#8221;, segundo o Copom.<\/p>\n\n\n\n<p>&#8220;Nos diferentes exerc\u00edcios analisados, avaliou-se que o efeito final, seja sobre a infla\u00e7\u00e3o ou sobre a atividade, depender\u00e1 tanto da combina\u00e7\u00e3o quanto da magnitude das pol\u00edticas fiscal e parafiscal. Al\u00e9m disso, ressaltou-se que a exist\u00eancia de capacidade ociosa na economia e a confian\u00e7a sobre a sustentabilidade da d\u00edvida s\u00e3o fatores determinantes para uma pol\u00edtica fiscal expansionista atingir os impactos almejados sobre a atividade econ\u00f4mica&#8221;, diz a Ata do Copom.<\/p>\n\n\n\n<h2 class=\"wp-block-heading\" id=\"h-inflacao-segue-elevada-apesar-do-alivio-recente-diz-ata-do-copom\">Infla\u00e7\u00e3o segue elevada apesar do al\u00edvio recente, diz Ata do Copom<\/h2>\n\n\n\n<p>O Comit\u00ea destaca, falando sobre a conjuntura atual, que o &#8220;ambiente externo mant\u00e9m-se adverso e vol\u00e1til&#8221; e que o &#8220;ambiente inflacion\u00e1rio ainda segue desafiador&#8221;.<\/p>\n\n\n\t<p>\n\t\t<a href=\"https:\/\/lp.suno.com.br\/planilha-controle-gastos\/\" target=\"_blank\" data-element=\"shortcode-suno-banner\" title=\"Banner SUNO, clique e saiba mais\">\n\t\t\t<picture>\n\t\t\t\t<source media=\"(max-width: 500px)\" srcset=\"https:\/\/files.sunoresearch.com.br\/n\/uploads\/2023\/03\/400x300-Planilha-controle-de-gastos.png\">\n\t\t\t\t<img class=\"newsContent__article__imgCapa newsContent__article__imgCapa--banner\"\n\t\t\t\t\tsrc=\"https:\/\/files.sunoresearch.com.br\/n\/uploads\/2023\/03\/1420x240-Planilha-controle-de-gastos.png\"\n\t\t\t\t\tdata-promo-id=\"101751\"\t\t\t\t\t\t\t\t\t\twidth='1420' height='240'\t\t\t\t\talt=\"https:\/\/files.sunoresearch.com.br\/n\/uploads\/2023\/03\/1420x240-Planilha-controle-de-gastos.png\"\n\t\t\t\t>\n\t\t\t<\/picture>\n\t\t<\/a>\n\t<\/p>\n\n\n\n\n\n<p>&#8220;Apesar da queda recente, especialmente nos itens vol\u00e1teis e afetados por medidas tribut\u00e1rias, a infla\u00e7\u00e3o ao consumidor continua elevada. Itens relacionados a bens industriais, refletindo a queda mais intensa dos pre\u00e7os ao produtor e a distens\u00e3o das press\u00f5es nas cadeias globais de valor, tamb\u00e9m apresentaram desacelera\u00e7\u00e3o, embora ainda lenta&#8221;, diz a Ata do Copom.<\/p>\n\n\n\n<p>Al\u00e9m disso, o documento tamb\u00e9m mostra que o cen\u00e1rio atual \u00e9 marcado pelas expectativas de baixo crescimento da economia global e do aperto monet\u00e1rio feito por outros banco centrais.<\/p>\n\n\n\n<p>Nas observa\u00e7\u00f5es sobre a infla\u00e7\u00e3o, o Comit\u00ea destaca que h\u00e1 uma &#8220;normaliza\u00e7\u00e3o nas cadeias de suprimento e uma acomoda\u00e7\u00e3o nos pre\u00e7os das principais commodities no per\u00edodo recente&#8221;. Esse cen\u00e1rio deve aliviar a infla\u00e7\u00e3o de alguns bens.<\/p>\n\n\n\n<p>Por outro lado, a Ata do Copom destaca que as <a href=\"https:\/\/www.suno.com.br\/noticias\/ipca-novembro-2022-alta\/\" target=\"_blank\" rel=\"noreferrer noopener\">press\u00f5es inflacion\u00e1rias <\/a>no setor de servi\u00e7os devem demorar a se dissipar.<\/p>\n\n\n\t<p>\n\t\t<a href=\"https:\/\/lp.suno.com.br\/planilha-da-vida-financeira\/\" target=\"_blank\" data-element=\"shortcode-suno-banner\" title=\"Banner SUNO, clique e saiba mais\">\n\t\t\t<picture>\n\t\t\t\t<source media=\"(max-width: 500px)\" srcset=\"https:\/\/files.sunoresearch.com.br\/n\/uploads\/2023\/04\/400x300-Planilha-vida-financeira-true.png\">\n\t\t\t\t<img class=\"newsContent__article__imgCapa newsContent__article__imgCapa--banner\"\n\t\t\t\t\tsrc=\"https:\/\/files.sunoresearch.com.br\/n\/uploads\/2023\/04\/1420x240-Planilha-vida-financeira-true.png\"\n\t\t\t\t\tdata-promo-id=\"106682\"\t\t\t\t\t\t\t\t\t\twidth='1420' height='240'\t\t\t\t\talt=\"https:\/\/files.sunoresearch.com.br\/n\/uploads\/2023\/04\/1420x240-Planilha-vida-financeira-true.png\"\n\t\t\t\t>\n\t\t\t<\/picture>\n\t\t<\/a>\n\t<\/p>\n\n\n\n\n\n<h2 class=\"wp-block-heading\">Diante das incertezas, Selic segue igual<\/h2>\n\n\n\n<p>A decis\u00e3o de pol\u00edtica monet\u00e1ria, segundo a Ata do Copom, se deu pela &#8220;incerteza ao redor de seus cen\u00e1rios&#8221; e um balan\u00e7o de riscos fora do comum para as proje\u00e7\u00f5es de infla\u00e7\u00e3o.<\/p>\n\n\n\n<p>Assim, a manuten\u00e7\u00e3o da Selic em 13,75% foi vista pelo BC como a melhor decis\u00e3o para manter a infla\u00e7\u00e3o dentro da <a href=\"https:\/\/www.suno.com.br\/artigos\/meta-de-inflacao\/\" target=\"_blank\" rel=\"noreferrer noopener\">meta<\/a>, dada a estrat\u00e9gia que visa o horizonte dos anos de 2023 e 2024.<\/p>\n\n\n\n<p>O Comit\u00ea ressaltou que &#8220;se manter\u00e1 vigilante&#8221;, avaliando se manter a Selic nos patamares atuais &#8220;por per\u00edodo suficientemente prolongado&#8221; ser\u00e1 suficiente para provocar uma converg\u00eancia da infla\u00e7\u00e3o para a meta.<\/p>\n\n\n\n<p>A <strong>Ata do Copom<\/strong> tamb\u00e9m mostra que nas pr\u00f3ximas reuni\u00f5es o Comit\u00ea n\u00e3o ir\u00e1 hesitar em decidir pela retomada do ciclo de ajuste de juros &#8220;caso o processo de desinfla\u00e7\u00e3o n\u00e3o transcorra como esperado&#8221;.<\/p>\n\n\n\t<p>\n\t\t<a href=\"https:\/\/lp.suno.com.br\/ebook-como-analisar-uma-acao\/\" target=\"_blank\" data-element=\"shortcode-suno-banner\" title=\"Banner SUNO, clique e saiba mais\">\n\t\t\t<picture>\n\t\t\t\t<source media=\"(max-width: 500px)\" srcset=\"https:\/\/files.sunoresearch.com.br\/n\/uploads\/2023\/03\/Ebook-Acoes-Mobile-1.jpg\">\n\t\t\t\t<img class=\"newsContent__article__imgCapa newsContent__article__imgCapa--banner\"\n\t\t\t\t\tsrc=\"https:\/\/files.sunoresearch.com.br\/n\/uploads\/2023\/03\/Ebook-Acoes-Desktop-1.jpg\"\n\t\t\t\t\tdata-promo-id=\"171998\"\t\t\t\t\t\t\t\t\t\twidth='1420' height='286'\t\t\t\t\talt=\"https:\/\/files.sunoresearch.com.br\/n\/uploads\/2023\/03\/Ebook-Acoes-Desktop-1.jpg\"\n\t\t\t\t>\n\t\t\t<\/picture>\n\t\t<\/a>\n\t<\/p>\n\n\n","protected":false},"excerpt":{"rendered":"<p>A Ata do Comit\u00ea de Pol\u00edtica Monet\u00e1ria (Copom), ou Ata do Copom, cita &#8216;incertezas nos cen\u00e1rios&#8217; atuais e faz men\u00e7\u00f5es ao cen\u00e1rio fiscal como um ponto relevante para as decis\u00f5es recentes do Banco Central (BC). O documento oficial foi divulgado nesta ter\u00e7a-feira (13), e se refere \u00e0 \u00faltima reuni\u00e3o da autoridade monet\u00e1ria, que terminou no [&hellip;]<\/p>\n","protected":false},"author":73,"featured_media":179071,"comment_status":"closed","ping_status":"closed","sticky":false,"template":"","format":"standard","meta":[],"categories":[62],"tags":[1842,1104,105816,2448],"suno_strategy":[],"class_list":["post-333416","post","type-post","status-publish","format-standard","has-post-thumbnail","hentry","category-economia","tag-banco-central-bc","tag-copom","tag-especialistas","tag-politica-monetaria"],"yoast_head":"<!-- This site is optimized with the Yoast SEO plugin v24.4 - https:\/\/yoast.com\/wordpress\/plugins\/seo\/ -->\n<title>Ata do Copom: &#039;Incerteza fiscal pode reduzir efici\u00eancia da atua\u00e7\u00e3o do BC&#039;<\/title>\n<meta name=\"description\" content=\"Ata do Copom referente a \u00faltima reuni\u00e3o mostra maiores preocupa\u00e7\u00f5es com o cen\u00e1rio fiscal de 2023. Clique aqui e saiba mais!\" \/>\n<meta name=\"robots\" content=\"index, follow, max-snippet:-1, max-image-preview:large, max-video-preview:-1\" \/>\n<link rel=\"canonical\" href=\"https:\/\/www.suno.com.br\/noticias\/ata-copom-incerteza-fiscal-bc\/\" \/>\n<meta property=\"og:locale\" content=\"pt_BR\" \/>\n<meta property=\"og:type\" content=\"article\" \/>\n<meta property=\"og:title\" content=\"Ata do Copom: &#039;Incerteza fiscal pode reduzir efici\u00eancia da atua\u00e7\u00e3o do BC&#039;\" \/>\n<meta property=\"og:description\" content=\"Ata do Copom referente a \u00faltima reuni\u00e3o mostra maiores preocupa\u00e7\u00f5es com o cen\u00e1rio fiscal de 2023. Clique aqui e saiba mais!\" \/>\n<meta property=\"og:url\" content=\"https:\/\/www.suno.com.br\/noticias\/ata-copom-incerteza-fiscal-bc\/\" \/>\n<meta property=\"og:site_name\" content=\"Suno Not\u00edcias\" \/>\n<meta property=\"article:publisher\" content=\"https:\/\/facebook.com\/sunoresearch\" \/>\n<meta property=\"og:image\" content=\"https:\/\/files.sunoresearch.com.br\/n\/uploads\/2021\/08\/7c8cf9e9-jfcrz_191119mcal57152963-scaled.jpg\" \/>\n\t<meta property=\"og:image:width\" content=\"2560\" \/>\n\t<meta property=\"og:image:height\" content=\"1707\" \/>\n\t<meta property=\"og:image:type\" content=\"image\/jpeg\" \/>\n<meta name=\"author\" content=\"Eduardo Vargas\" \/>\n<meta name=\"twitter:card\" content=\"summary_large_image\" \/>\n<meta name=\"twitter:creator\" content=\"@sunoresearch\" \/>\n<meta name=\"twitter:site\" content=\"@sunoresearch\" \/>\n<meta name=\"twitter:label1\" content=\"Escrito por\" \/>\n\t<meta name=\"twitter:data1\" content=\"Eduardo Vargas\" \/>\n\t<meta name=\"twitter:label2\" content=\"Est. tempo de leitura\" \/>\n\t<meta name=\"twitter:data2\" content=\"5 minutos\" \/>\n<script type=\"application\/ld+json\" class=\"yoast-schema-graph\">{\"@context\":\"https:\/\/schema.org\",\"@graph\":[{\"@type\":\"NewsArticle\",\"@id\":\"https:\/\/www.suno.com.br\/noticias\/ata-copom-incerteza-fiscal-bc\/#article\",\"isPartOf\":{\"@id\":\"https:\/\/www.suno.com.br\/noticias\/ata-copom-incerteza-fiscal-bc\/\"},\"author\":{\"name\":\"Eduardo Vargas\",\"@id\":\"https:\/\/www.suno.com.br\/noticias\/#\/schema\/person\/7f4d362bf3518e76090143ae77bb49a5\"},\"headline\":\"Ata do Copom: &#8216;Incerteza fiscal pode reduzir efici\u00eancia da atua\u00e7\u00e3o do Banco Central&#8217;\",\"datePublished\":\"2022-12-13T12:31:06+00:00\",\"dateModified\":\"2022-12-13T14:18:24+00:00\",\"mainEntityOfPage\":{\"@id\":\"https:\/\/www.suno.com.br\/noticias\/ata-copom-incerteza-fiscal-bc\/\"},\"wordCount\":960,\"publisher\":{\"@id\":\"https:\/\/www.suno.com.br\/noticias\/#organization\"},\"image\":{\"@id\":\"https:\/\/www.suno.com.br\/noticias\/ata-copom-incerteza-fiscal-bc\/#primaryimage\"},\"thumbnailUrl\":\"https:\/\/files.sunoresearch.com.br\/n\/uploads\/2021\/08\/7c8cf9e9-jfcrz_191119mcal57152963-scaled.jpg\",\"keywords\":[\"Banco Central (BC)\",\"Copom\",\"Especialistas\",\"pol\u00edtica monet\u00e1ria\"],\"articleSection\":[\"Economia\"],\"inLanguage\":\"pt-BR\"},{\"@type\":\"WebPage\",\"@id\":\"https:\/\/www.suno.com.br\/noticias\/ata-copom-incerteza-fiscal-bc\/\",\"url\":\"https:\/\/www.suno.com.br\/noticias\/ata-copom-incerteza-fiscal-bc\/\",\"name\":\"Ata do Copom: 'Incerteza fiscal pode reduzir efici\u00eancia da atua\u00e7\u00e3o do BC'\",\"isPartOf\":{\"@id\":\"https:\/\/www.suno.com.br\/noticias\/#website\"},\"primaryImageOfPage\":{\"@id\":\"https:\/\/www.suno.com.br\/noticias\/ata-copom-incerteza-fiscal-bc\/#primaryimage\"},\"image\":{\"@id\":\"https:\/\/www.suno.com.br\/noticias\/ata-copom-incerteza-fiscal-bc\/#primaryimage\"},\"thumbnailUrl\":\"https:\/\/files.sunoresearch.com.br\/n\/uploads\/2021\/08\/7c8cf9e9-jfcrz_191119mcal57152963-scaled.jpg\",\"datePublished\":\"2022-12-13T12:31:06+00:00\",\"dateModified\":\"2022-12-13T14:18:24+00:00\",\"description\":\"Ata do Copom referente a \u00faltima reuni\u00e3o mostra maiores preocupa\u00e7\u00f5es com o cen\u00e1rio fiscal de 2023. Clique aqui e saiba mais!\",\"breadcrumb\":{\"@id\":\"https:\/\/www.suno.com.br\/noticias\/ata-copom-incerteza-fiscal-bc\/#breadcrumb\"},\"inLanguage\":\"pt-BR\",\"potentialAction\":[{\"@type\":\"ReadAction\",\"target\":[\"https:\/\/www.suno.com.br\/noticias\/ata-copom-incerteza-fiscal-bc\/\"]}]},{\"@type\":\"ImageObject\",\"inLanguage\":\"pt-BR\",\"@id\":\"https:\/\/www.suno.com.br\/noticias\/ata-copom-incerteza-fiscal-bc\/#primaryimage\",\"url\":\"https:\/\/files.sunoresearch.com.br\/n\/uploads\/2021\/08\/7c8cf9e9-jfcrz_191119mcal57152963-scaled.jpg\",\"contentUrl\":\"https:\/\/files.sunoresearch.com.br\/n\/uploads\/2021\/08\/7c8cf9e9-jfcrz_191119mcal57152963-scaled.jpg\",\"width\":2560,\"height\":1707,\"caption\":\"Campos Neto Foto: Ag\u00eancia Brasil.\"},{\"@type\":\"BreadcrumbList\",\"@id\":\"https:\/\/www.suno.com.br\/noticias\/ata-copom-incerteza-fiscal-bc\/#breadcrumb\",\"itemListElement\":[{\"@type\":\"ListItem\",\"position\":1,\"name\":\"Not\u00edcias\",\"item\":\"https:\/\/www.suno.com.br\/noticias\/\"},{\"@type\":\"ListItem\",\"position\":2,\"name\":\"Economia\",\"item\":\"https:\/\/www.suno.com.br\/noticias\/economia\/\"},{\"@type\":\"ListItem\",\"position\":3,\"name\":\"Ata do Copom: &#8216;Incerteza fiscal pode reduzir efici\u00eancia da atua\u00e7\u00e3o do Banco Central&#8217;\"}]},{\"@type\":\"WebSite\",\"@id\":\"https:\/\/www.suno.com.br\/noticias\/#website\",\"url\":\"https:\/\/www.suno.com.br\/noticias\/\",\"name\":\"Suno Not\u00edcias\",\"description\":\"Seu portal de informa\u00e7\u00e3o sobre o mundo dos investimentos\",\"publisher\":{\"@id\":\"https:\/\/www.suno.com.br\/noticias\/#organization\"},\"potentialAction\":[{\"@type\":\"SearchAction\",\"target\":{\"@type\":\"EntryPoint\",\"urlTemplate\":\"https:\/\/www.suno.com.br\/noticias\/?s={search_term_string}\"},\"query-input\":{\"@type\":\"PropertyValueSpecification\",\"valueRequired\":true,\"valueName\":\"search_term_string\"}}],\"inLanguage\":\"pt-BR\"},{\"@type\":\"Organization\",\"@id\":\"https:\/\/www.suno.com.br\/noticias\/#organization\",\"name\":\"Suno Not\u00edcias\",\"url\":\"https:\/\/www.suno.com.br\/noticias\/\",\"logo\":{\"@type\":\"ImageObject\",\"inLanguage\":\"pt-BR\",\"@id\":\"https:\/\/www.suno.com.br\/noticias\/#\/schema\/logo\/image\/\",\"url\":\"https:\/\/files.sunoresearch.com.br\/n\/uploads\/2021\/09\/suno-logo.png\",\"contentUrl\":\"https:\/\/files.sunoresearch.com.br\/n\/uploads\/2021\/09\/suno-logo.png\",\"width\":180,\"height\":180,\"caption\":\"Suno Not\u00edcias\"},\"image\":{\"@id\":\"https:\/\/www.suno.com.br\/noticias\/#\/schema\/logo\/image\/\"},\"sameAs\":[\"https:\/\/facebook.com\/sunoresearch\",\"https:\/\/x.com\/sunoresearch\",\"https:\/\/www.instagram.com\/suno\",\"https:\/\/www.linkedin.com\/company\/suno-research\/\",\"https:\/\/www.youtube.com\/c\/sunoresearch\"]},{\"@type\":\"Person\",\"@id\":\"https:\/\/www.suno.com.br\/noticias\/#\/schema\/person\/7f4d362bf3518e76090143ae77bb49a5\",\"name\":\"Eduardo Vargas\",\"image\":{\"@type\":\"ImageObject\",\"inLanguage\":\"pt-BR\",\"@id\":\"https:\/\/www.suno.com.br\/noticias\/#\/schema\/person\/image\/\",\"url\":\"https:\/\/secure.gravatar.com\/avatar\/dac340933427a22924c9f99d1eb2e3f2?s=96&r=g\",\"contentUrl\":\"https:\/\/secure.gravatar.com\/avatar\/dac340933427a22924c9f99d1eb2e3f2?s=96&r=g\",\"caption\":\"Eduardo Vargas\"},\"description\":\"Jornalista formado pela UFSC, cobre macroeconomia, neg\u00f3cios e startups para o Suno Not\u00edcias, escrevendo principalmente not\u00edcias sobre o mercado financeiro e a bolsa de valores. No YouTube e no Instagram, \u00e9 respons\u00e1vel pela produ\u00e7\u00e3o de Reels e Shorts do Suno Not\u00edcias. Anteriormente, trabalhou cobrindo economia e cotidiano no ND+ e para o ND, maior jornal impresso de Santa Catarina. Cursou um semestre letivo de Estudos de M\u00eddia na Universidad de Buenos Aires.\",\"url\":\"https:\/\/www.suno.com.br\/noticias\/author\/eduardo-vargas\/\"}]}<\/script>\n<!-- \/ Yoast SEO plugin. -->","yoast_head_json":{"title":"Ata do Copom: 'Incerteza fiscal pode reduzir efici\u00eancia da atua\u00e7\u00e3o do BC'","description":"Ata do Copom referente a \u00faltima reuni\u00e3o mostra maiores preocupa\u00e7\u00f5es com o cen\u00e1rio fiscal de 2023. Clique aqui e saiba mais!","robots":{"index":"index","follow":"follow","max-snippet":"max-snippet:-1","max-image-preview":"max-image-preview:large","max-video-preview":"max-video-preview:-1"},"canonical":"https:\/\/www.suno.com.br\/noticias\/ata-copom-incerteza-fiscal-bc\/","og_locale":"pt_BR","og_type":"article","og_title":"Ata do Copom: 'Incerteza fiscal pode reduzir efici\u00eancia da atua\u00e7\u00e3o do BC'","og_description":"Ata do Copom referente a \u00faltima reuni\u00e3o mostra maiores preocupa\u00e7\u00f5es com o cen\u00e1rio fiscal de 2023. Clique aqui e saiba mais!","og_url":"https:\/\/www.suno.com.br\/noticias\/ata-copom-incerteza-fiscal-bc\/","og_site_name":"Suno Not\u00edcias","article_publisher":"https:\/\/facebook.com\/sunoresearch","og_image":[{"width":2560,"height":1707,"url":"https:\/\/files.sunoresearch.com.br\/n\/uploads\/2021\/08\/7c8cf9e9-jfcrz_191119mcal57152963-scaled.jpg","type":"image\/jpeg"}],"author":"Eduardo Vargas","twitter_card":"summary_large_image","twitter_creator":"@sunoresearch","twitter_site":"@sunoresearch","twitter_misc":{"Escrito por":"Eduardo Vargas","Est. tempo de leitura":"5 minutos"},"schema":{"@context":"https:\/\/schema.org","@graph":[{"@type":"NewsArticle","@id":"https:\/\/www.suno.com.br\/noticias\/ata-copom-incerteza-fiscal-bc\/#article","isPartOf":{"@id":"https:\/\/www.suno.com.br\/noticias\/ata-copom-incerteza-fiscal-bc\/"},"author":{"name":"Eduardo Vargas","@id":"https:\/\/www.suno.com.br\/noticias\/#\/schema\/person\/7f4d362bf3518e76090143ae77bb49a5"},"headline":"Ata do Copom: &#8216;Incerteza fiscal pode reduzir efici\u00eancia da atua\u00e7\u00e3o do Banco Central&#8217;","datePublished":"2022-12-13T12:31:06+00:00","dateModified":"2022-12-13T14:18:24+00:00","mainEntityOfPage":{"@id":"https:\/\/www.suno.com.br\/noticias\/ata-copom-incerteza-fiscal-bc\/"},"wordCount":960,"publisher":{"@id":"https:\/\/www.suno.com.br\/noticias\/#organization"},"image":{"@id":"https:\/\/www.suno.com.br\/noticias\/ata-copom-incerteza-fiscal-bc\/#primaryimage"},"thumbnailUrl":"https:\/\/files.sunoresearch.com.br\/n\/uploads\/2021\/08\/7c8cf9e9-jfcrz_191119mcal57152963-scaled.jpg","keywords":["Banco Central (BC)","Copom","Especialistas","pol\u00edtica monet\u00e1ria"],"articleSection":["Economia"],"inLanguage":"pt-BR"},{"@type":"WebPage","@id":"https:\/\/www.suno.com.br\/noticias\/ata-copom-incerteza-fiscal-bc\/","url":"https:\/\/www.suno.com.br\/noticias\/ata-copom-incerteza-fiscal-bc\/","name":"Ata do Copom: 'Incerteza fiscal pode reduzir efici\u00eancia da atua\u00e7\u00e3o do BC'","isPartOf":{"@id":"https:\/\/www.suno.com.br\/noticias\/#website"},"primaryImageOfPage":{"@id":"https:\/\/www.suno.com.br\/noticias\/ata-copom-incerteza-fiscal-bc\/#primaryimage"},"image":{"@id":"https:\/\/www.suno.com.br\/noticias\/ata-copom-incerteza-fiscal-bc\/#primaryimage"},"thumbnailUrl":"https:\/\/files.sunoresearch.com.br\/n\/uploads\/2021\/08\/7c8cf9e9-jfcrz_191119mcal57152963-scaled.jpg","datePublished":"2022-12-13T12:31:06+00:00","dateModified":"2022-12-13T14:18:24+00:00","description":"Ata do Copom referente a \u00faltima reuni\u00e3o mostra maiores preocupa\u00e7\u00f5es com o cen\u00e1rio fiscal de 2023. Clique aqui e saiba mais!","breadcrumb":{"@id":"https:\/\/www.suno.com.br\/noticias\/ata-copom-incerteza-fiscal-bc\/#breadcrumb"},"inLanguage":"pt-BR","potentialAction":[{"@type":"ReadAction","target":["https:\/\/www.suno.com.br\/noticias\/ata-copom-incerteza-fiscal-bc\/"]}]},{"@type":"ImageObject","inLanguage":"pt-BR","@id":"https:\/\/www.suno.com.br\/noticias\/ata-copom-incerteza-fiscal-bc\/#primaryimage","url":"https:\/\/files.sunoresearch.com.br\/n\/uploads\/2021\/08\/7c8cf9e9-jfcrz_191119mcal57152963-scaled.jpg","contentUrl":"https:\/\/files.sunoresearch.com.br\/n\/uploads\/2021\/08\/7c8cf9e9-jfcrz_191119mcal57152963-scaled.jpg","width":2560,"height":1707,"caption":"Campos Neto Foto: Ag\u00eancia Brasil."},{"@type":"BreadcrumbList","@id":"https:\/\/www.suno.com.br\/noticias\/ata-copom-incerteza-fiscal-bc\/#breadcrumb","itemListElement":[{"@type":"ListItem","position":1,"name":"Not\u00edcias","item":"https:\/\/www.suno.com.br\/noticias\/"},{"@type":"ListItem","position":2,"name":"Economia","item":"https:\/\/www.suno.com.br\/noticias\/economia\/"},{"@type":"ListItem","position":3,"name":"Ata do Copom: &#8216;Incerteza fiscal pode reduzir efici\u00eancia da atua\u00e7\u00e3o do Banco Central&#8217;"}]},{"@type":"WebSite","@id":"https:\/\/www.suno.com.br\/noticias\/#website","url":"https:\/\/www.suno.com.br\/noticias\/","name":"Suno Not\u00edcias","description":"Seu portal de informa\u00e7\u00e3o sobre o mundo dos investimentos","publisher":{"@id":"https:\/\/www.suno.com.br\/noticias\/#organization"},"potentialAction":[{"@type":"SearchAction","target":{"@type":"EntryPoint","urlTemplate":"https:\/\/www.suno.com.br\/noticias\/?s={search_term_string}"},"query-input":{"@type":"PropertyValueSpecification","valueRequired":true,"valueName":"search_term_string"}}],"inLanguage":"pt-BR"},{"@type":"Organization","@id":"https:\/\/www.suno.com.br\/noticias\/#organization","name":"Suno Not\u00edcias","url":"https:\/\/www.suno.com.br\/noticias\/","logo":{"@type":"ImageObject","inLanguage":"pt-BR","@id":"https:\/\/www.suno.com.br\/noticias\/#\/schema\/logo\/image\/","url":"https:\/\/files.sunoresearch.com.br\/n\/uploads\/2021\/09\/suno-logo.png","contentUrl":"https:\/\/files.sunoresearch.com.br\/n\/uploads\/2021\/09\/suno-logo.png","width":180,"height":180,"caption":"Suno Not\u00edcias"},"image":{"@id":"https:\/\/www.suno.com.br\/noticias\/#\/schema\/logo\/image\/"},"sameAs":["https:\/\/facebook.com\/sunoresearch","https:\/\/x.com\/sunoresearch","https:\/\/www.instagram.com\/suno","https:\/\/www.linkedin.com\/company\/suno-research\/","https:\/\/www.youtube.com\/c\/sunoresearch"]},{"@type":"Person","@id":"https:\/\/www.suno.com.br\/noticias\/#\/schema\/person\/7f4d362bf3518e76090143ae77bb49a5","name":"Eduardo Vargas","image":{"@type":"ImageObject","inLanguage":"pt-BR","@id":"https:\/\/www.suno.com.br\/noticias\/#\/schema\/person\/image\/","url":"https:\/\/secure.gravatar.com\/avatar\/dac340933427a22924c9f99d1eb2e3f2?s=96&r=g","contentUrl":"https:\/\/secure.gravatar.com\/avatar\/dac340933427a22924c9f99d1eb2e3f2?s=96&r=g","caption":"Eduardo Vargas"},"description":"Jornalista formado pela UFSC, cobre macroeconomia, neg\u00f3cios e startups para o Suno Not\u00edcias, escrevendo principalmente not\u00edcias sobre o mercado financeiro e a bolsa de valores. No YouTube e no Instagram, \u00e9 respons\u00e1vel pela produ\u00e7\u00e3o de Reels e Shorts do Suno Not\u00edcias. Anteriormente, trabalhou cobrindo economia e cotidiano no ND+ e para o ND, maior jornal impresso de Santa Catarina. Cursou um semestre letivo de Estudos de M\u00eddia na Universidad de Buenos Aires.","url":"https:\/\/www.suno.com.br\/noticias\/author\/eduardo-vargas\/"}]}},"default_loop_html":"<div class=\"cardsPage__listCard__boxs\"><div class=\"cardsPage__listCard__boxs__img\"><a href=\"https:\/\/www.suno.com.br\/noticias\/ata-copom-incerteza-fiscal-bc\/\"><img class=\"mask\" src=\"https:\/\/www.suno.com.br\/noticias\/wp-content\/themes\/suno\/resources\/images\/spotlight\/spotlight1img\/bg-mask.png\" alt=\"Image Mask\"\/><img src=\"https:\/\/files.sunoresearch.com.br\/n\/uploads\/2021\/08\/7c8cf9e9-jfcrz_191119mcal57152963-400x200.jpg\" alt=\"Ata do Copom: &#8216;Incerteza fiscal pode reduzir efici\u00eancia da atua\u00e7\u00e3o do Banco Central&#8217;\"\/><\/a><span class=\"spotlightCategory\"><a href=\"https:\/\/www.suno.com.br\/noticias\/economia\/\">Economia<\/a><\/span><\/div><div class=\"cardsPage__listCard__boxs__content\"><a href=\"https:\/\/www.suno.com.br\/noticias\/ata-copom-incerteza-fiscal-bc\/\"><h2 class=\"content__title\">Ata do Copom: &#8216;Incerteza fiscal pode reduzir efici\u00eancia da atua\u00e7\u00e3o do Banco Central&#8217;<\/h2><\/a><div class=\"newsContent__article__meta\"><div class=\"newsContent__article__meta__authorBox\"><a href=\"https:\/\/www.suno.com.br\/noticias\/author\/erick-nery\/\" class=\"authorBox__avatar noMobi\"><img src=\"https:\/\/secure.gravatar.com\/avatar\/518ddffe438ccb767782d372a66304d2?s=96&#038;r=g\" alt=\"Erick Matheus Nery\"><\/a><div class=\"authorBox__name\"><span>por\n\t\t\t<a href=\"https:\/\/www.suno.com.br\/noticias\/author\/erick-nery\/\"><span itemprop=\"author\">Erick Matheus Nery<\/span><\/a><\/span><time datetime=\"2022-12-13T09:31:06-03:00\" itemprop=\"datePublished\">13\/12\/2022 09:31<\/time><\/div><\/div><\/div><\/div><\/div>","single_layout":"posts","amp_enabled":true,"_links":{"self":[{"href":"https:\/\/www.suno.com.br\/noticias\/wp-json\/wp\/v2\/posts\/333416"}],"collection":[{"href":"https:\/\/www.suno.com.br\/noticias\/wp-json\/wp\/v2\/posts"}],"about":[{"href":"https:\/\/www.suno.com.br\/noticias\/wp-json\/wp\/v2\/types\/post"}],"author":[{"embeddable":true,"href":"https:\/\/www.suno.com.br\/noticias\/wp-json\/wp\/v2\/users\/73"}],"replies":[{"embeddable":true,"href":"https:\/\/www.suno.com.br\/noticias\/wp-json\/wp\/v2\/comments?post=333416"}],"version-history":[{"count":3,"href":"https:\/\/www.suno.com.br\/noticias\/wp-json\/wp\/v2\/posts\/333416\/revisions"}],"predecessor-version":[{"id":333505,"href":"https:\/\/www.suno.com.br\/noticias\/wp-json\/wp\/v2\/posts\/333416\/revisions\/333505"}],"wp:featuredmedia":[{"embeddable":true,"href":"https:\/\/www.suno.com.br\/noticias\/wp-json\/wp\/v2\/media\/179071"}],"wp:attachment":[{"href":"https:\/\/www.suno.com.br\/noticias\/wp-json\/wp\/v2\/media?parent=333416"}],"wp:term":[{"taxonomy":"category","embeddable":true,"href":"https:\/\/www.suno.com.br\/noticias\/wp-json\/wp\/v2\/categories?post=333416"},{"taxonomy":"post_tag","embeddable":true,"href":"https:\/\/www.suno.com.br\/noticias\/wp-json\/wp\/v2\/tags?post=333416"},{"taxonomy":"suno_strategy","embeddable":true,"href":"https:\/\/www.suno.com.br\/noticias\/wp-json\/wp\/v2\/suno_strategy?post=333416"}],"curies":[{"name":"wp","href":"https:\/\/api.w.org\/{rel}","templated":true}]}}