{"id":333407,"date":"2022-12-13T09:14:00","date_gmt":"2022-12-13T12:14:00","guid":{"rendered":"https:\/\/www.suno.com.br\/noticias\/?p=333407"},"modified":"2022-12-13T09:14:05","modified_gmt":"2022-12-13T12:14:05","slug":"mercadante-bndes-recado-febraban","status":"publish","type":"post","link":"https:\/\/www.suno.com.br\/noticias\/mercadante-bndes-recado-febraban\/","title":{"rendered":"Mercadante no BNDES? Petista deixa recado para presidente da Febraban; saiba qual"},"content":{"rendered":"<p>Cotado para assumir a Petrobras ou o <a class=\"suno-keyword\" target=\"_blank\" data-force=\"no\" data-priority=\"2\" href=\"https:\/\/www.suno.com.br\/artigos\/bndes\/\" rel=\"noopener\">Banco Nacional de Desenvolvimento Econ\u00f4mico e Social (BNDES)<\/a> durante o governo do presidente eleito Luiz In\u00e1cio Lula da Silva (PT), Aloizio <strong>Mercadante<\/strong> (PT) deixou um recado para o presidente da Federa\u00e7\u00e3o Brasileira de Bancos (Febraban), Isaac Sidney.<\/p>\t<div class=\"wrapper-featured-image\">\n\t\t<figure class=\"spotlightImg\">\n\n\t\t\t<picture>\n\t\t\t\t<source media=\"(max-width: 768px)\" srcset=\"https:\/\/files.sunoresearch.com.br\/n\/uploads\/2022\/12\/aloizio-mercadante-pt-economista-foto-youtube-400x200.jpg\">\n\t\t\t\t<img loading=\"lazy\" decoding=\"async\" class=\"newsContent__article__imgCapa lazyloadDisabled \" src=\"https:\/\/files.sunoresearch.com.br\/n\/uploads\/2022\/12\/aloizio-mercadante-pt-economista-foto-youtube-800x450.jpg\" width=\"800\" height=\"450\" alt=\"Mercadante no BNDES? Petista deixa recado para presidente da Febraban; saiba qual\" fetchpriority=high \/>\n\t\t\t<\/picture>\n\n\t\t\t<figcaption class=\"wp-caption-text wp-caption-text--show\">Aloizio Mercadante (PT) em coletiva de imprensa. Foto: YouTube<\/figcaption>\n\t\t<\/figure>\n\t<\/div>\n\n\n\n\n\n\t<p>\n\t\t<a href=\"\" target=\"_blank\" data-element=\"shortcode-suno-banner\" title=\"Banner SUNO, clique e saiba mais\">\n\t\t\t<picture>\n\t\t\t\t<source media=\"(max-width: 500px)\" srcset=\"\">\n\t\t\t\t<img class=\"newsContent__article__imgCapa newsContent__article__imgCapa--banner\"\n\t\t\t\t\tsrc=\"\"\n\t\t\t\t\tdata-promo-id=\"138420\"\t\t\t\t\t\t\t\t\t\t\t\t\t\t\talt=\"\"\n\t\t\t\t>\n\t\t\t<\/picture>\n\t\t<\/a>\n\t<\/p>\n\n\n\n\n\n<p>Segundo informa\u00e7\u00f5es divulgadas pelo jornal O Estado de S\u00e3o Paulo na segunda (12), o petista procurou o l\u00edder da Febraban para avis\u00e1-lo de que n\u00e3o existe espa\u00e7o fiscal para a pol\u00edtica de subs\u00eddios adotada pelo banco p\u00fablico nos governos petistas.<\/p>\n\n\n\n<p>O encontro ocorreu ap\u00f3s a <a href=\"https:\/\/www.suno.com.br\/noticias\/lula-diplomacao-tse-veja-destaques-cerimonia\/\" target=\"_blank\" rel=\"noreferrer noopener\">cerim\u00f4nia de diploma\u00e7\u00e3o de<strong> Lula<\/strong> <\/a>no Tribunal Superior Eleitoral, em Bras\u00edlia.<\/p>\n\n\n\n<p>Para o Estad\u00e3o, Sidney disse que foi procurado por Mercadante para discutir sobre temas do setor banc\u00e1rio, entre eles, o <strong>BNDES<\/strong>.<\/p>\n\n\n\n<p>De acordo com o representante dos agentes econ\u00f4micos, Mercadante realizou essa conversa como coordenador t\u00e9cnico dos Grupos de Trabalho da Transi\u00e7\u00e3o, e n\u00e3o como algu\u00e9m indicado a algum cargo no pr\u00f3ximo governo.<\/p>\n\n\n\n<p>Na conversa, Mercadante tamb\u00e9m pontuou que:<\/p>\n\n\n\n<ul class=\"wp-block-list\">\n<li>N\u00e3o ser\u00e3o feitos financiamentos para o exterior com recursos do BNDES;<\/li>\n\n\n\n<li>Haver\u00e1 buscas por funding privado para que a pol\u00edtica fiscal n\u00e3o seja pressionada;<\/li>\n\n\n\n<li>Existe a necessidade de discuss\u00e3o sobre um fundo garantidor para reduzir o risco de cr\u00e9dito.<\/li>\n\n\n\n<li>BNDES precisa ter mais protagonismo em pautas ambientais, como a descarboniza\u00e7\u00e3o e as transi\u00e7\u00f5es energ\u00e9ticas e ecol\u00f3gicas da economia.<\/li>\n<\/ul>\n\n\n\n<p>&#8220;Com essas premissas, Mercadante me disse que a reindustrializa\u00e7\u00e3o e o avan\u00e7o da ind\u00fastria brasileira permanecer\u00e3o como desafio fundamental do Pa\u00eds e foco do BNDES&#8221;, destacou o presidente da <strong>Febraban<\/strong>.<\/p>\n\n\n\t<p>\n\t\t<a href=\"https:\/\/lp.suno.com.br\/planilha-controle-gastos\/\" target=\"_blank\" data-element=\"shortcode-suno-banner\" title=\"Banner SUNO, clique e saiba mais\">\n\t\t\t<picture>\n\t\t\t\t<source media=\"(max-width: 500px)\" srcset=\"https:\/\/files.sunoresearch.com.br\/n\/uploads\/2023\/03\/400x300-Planilha-controle-de-gastos.png\">\n\t\t\t\t<img class=\"newsContent__article__imgCapa newsContent__article__imgCapa--banner\"\n\t\t\t\t\tsrc=\"https:\/\/files.sunoresearch.com.br\/n\/uploads\/2023\/03\/1420x240-Planilha-controle-de-gastos.png\"\n\t\t\t\t\tdata-promo-id=\"101751\"\t\t\t\t\t\t\t\t\t\twidth='1420' height='240'\t\t\t\t\talt=\"https:\/\/files.sunoresearch.com.br\/n\/uploads\/2023\/03\/1420x240-Planilha-controle-de-gastos.png\"\n\t\t\t\t>\n\t\t\t<\/picture>\n\t\t<\/a>\n\t<\/p>\n\n\n\n\n\n<h2 class=\"wp-block-heading\" id=\"h-mercadante-vai-para-onde\">Mercadante: Vai para onde?<\/h2>\n\n\n\n<p>O futuro pol\u00edtico de <strong>Aloizio Mercadante<\/strong> ainda \u00e9 incerto, mas dois caminhos s\u00e3o apontados para o economista do PT. Segundo o Estad\u00e3o, ele \u00e9 um dos nomes fortes para comandar o BNDES. <\/p>\n\n\n\n<p>Enquanto isso, o colunista Lauro Jardim, do jornal O Globo, apontou que o pol\u00edtico tem grandes chances de <a href=\"https:\/\/www.suno.com.br\/noticias\/petrobras-petr4-mercadante-liderar\/\" target=\"_blank\" rel=\"noreferrer noopener\">liderar a Petrobras durante<\/a> o pr\u00f3ximo governo Lula.<\/p>\n\n\n\n<p>Na segunda (12), o economista n\u00e3o quis comentar sobre as especula\u00e7\u00f5es sobre o seu futuro pol\u00edtico.<br>O <a class=\"suno-keyword\" target=\"_blank\" data-force=\"no\" data-priority=\"2\" href=\"https:\/\/www.suno.com.br\/guias\/mercado-financeiro\/\" rel=\"noopener\">mercado financeiro<\/a> reagiu negativamente ao nome de <strong>Mercadante<\/strong> nessas companhias. O Ibovespa fechou em queda de 2,02%. As a\u00e7\u00f5es da <a class=\"suno-keyword\" target=\"_blank\" data-force=\"yes\" data-priority=\"2\" href=\"https:\/\/www.suno.com.br\/acoes\/PETR4\/\" rel=\"noopener\">Petrobras (PETR4)<\/a> e do <a class=\"suno-keyword\" target=\"_blank\" data-force=\"yes\" data-priority=\"2\" href=\"https:\/\/www.suno.com.br\/acoes\/BBAS3\/\" rel=\"noopener\">Banco do brasil (BBAS3)<\/a>.<\/p>\n\n\n\t<p>\n\t\t<a href=\"https:\/\/lp.suno.com.br\/planilha-da-vida-financeira\/\" target=\"_blank\" data-element=\"shortcode-suno-banner\" title=\"Banner SUNO, clique e saiba mais\">\n\t\t\t<picture>\n\t\t\t\t<source media=\"(max-width: 500px)\" srcset=\"https:\/\/files.sunoresearch.com.br\/n\/uploads\/2023\/04\/400x300-Planilha-vida-financeira-true.png\">\n\t\t\t\t<img class=\"newsContent__article__imgCapa newsContent__article__imgCapa--banner\"\n\t\t\t\t\tsrc=\"https:\/\/files.sunoresearch.com.br\/n\/uploads\/2023\/04\/1420x240-Planilha-vida-financeira-true.png\"\n\t\t\t\t\tdata-promo-id=\"106682\"\t\t\t\t\t\t\t\t\t\twidth='1420' height='240'\t\t\t\t\talt=\"https:\/\/files.sunoresearch.com.br\/n\/uploads\/2023\/04\/1420x240-Planilha-vida-financeira-true.png\"\n\t\t\t\t>\n\t\t\t<\/picture>\n\t\t<\/a>\n\t<\/p>\n\n\n","protected":false},"excerpt":{"rendered":"<p>Cotado para assumir a Petrobras ou o Banco Nacional de Desenvolvimento Econ\u00f4mico e Social (BNDES) durante o governo do presidente eleito Luiz In\u00e1cio Lula da Silva (PT), Aloizio Mercadante (PT) deixou um recado para o presidente da Federa\u00e7\u00e3o Brasileira de Bancos (Febraban), Isaac Sidney. Aloizio Mercadante (PT) em coletiva de imprensa. Foto: YouTube Segundo informa\u00e7\u00f5es [&hellip;]<\/p>\n","protected":false},"author":232,"featured_media":333424,"comment_status":"closed","ping_status":"closed","sticky":false,"template":"","format":"standard","meta":[],"categories":[61],"tags":[709],"suno_strategy":[],"class_list":["post-333407","post","type-post","status-publish","format-standard","has-post-thumbnail","hentry","category-politica","tag-lula"],"yoast_head":"<!-- This site is optimized with the Yoast SEO plugin v24.4 - https:\/\/yoast.com\/wordpress\/plugins\/seo\/ -->\n<title>Mercadante no BNDES? Petista deixa recado na Febraban; saiba mais<\/title>\n<meta name=\"description\" content=\"Aloizio Mercadante (PT) deixou um recado para o presidente da Federa\u00e7\u00e3o Brasileira de Bancos (Febraban), Isaac Sidney. Saiba qual.\" \/>\n<meta name=\"robots\" content=\"index, follow, max-snippet:-1, max-image-preview:large, max-video-preview:-1\" \/>\n<link rel=\"canonical\" href=\"https:\/\/www.suno.com.br\/noticias\/mercadante-bndes-recado-febraban\/\" \/>\n<meta property=\"og:locale\" content=\"pt_BR\" \/>\n<meta property=\"og:type\" content=\"article\" \/>\n<meta property=\"og:title\" content=\"Mercadante no BNDES? Petista deixa recado na Febraban; saiba mais\" \/>\n<meta property=\"og:description\" content=\"Aloizio Mercadante (PT) deixou um recado para o presidente da Federa\u00e7\u00e3o Brasileira de Bancos (Febraban), Isaac Sidney. Saiba qual.\" \/>\n<meta property=\"og:url\" content=\"https:\/\/www.suno.com.br\/noticias\/mercadante-bndes-recado-febraban\/\" \/>\n<meta property=\"og:site_name\" content=\"Suno Not\u00edcias\" \/>\n<meta property=\"article:publisher\" content=\"https:\/\/facebook.com\/sunoresearch\" \/>\n<meta property=\"og:image\" content=\"https:\/\/files.sunoresearch.com.br\/n\/uploads\/2022\/12\/aloizio-mercadante-pt-economista-foto-youtube.jpg\" \/>\n\t<meta property=\"og:image:width\" content=\"1200\" \/>\n\t<meta property=\"og:image:height\" content=\"675\" \/>\n\t<meta property=\"og:image:type\" content=\"image\/jpeg\" \/>\n<meta name=\"author\" content=\"Erick Matheus Nery\" \/>\n<meta name=\"twitter:card\" content=\"summary_large_image\" \/>\n<meta name=\"twitter:creator\" content=\"@sunoresearch\" \/>\n<meta name=\"twitter:site\" content=\"@sunoresearch\" \/>\n<meta name=\"twitter:label1\" content=\"Escrito por\" \/>\n\t<meta name=\"twitter:data1\" content=\"Erick Matheus Nery\" \/>\n\t<meta name=\"twitter:label2\" content=\"Est. tempo de leitura\" \/>\n\t<meta name=\"twitter:data2\" content=\"2 minutos\" \/>\n<script type=\"application\/ld+json\" class=\"yoast-schema-graph\">{\"@context\":\"https:\/\/schema.org\",\"@graph\":[{\"@type\":\"NewsArticle\",\"@id\":\"https:\/\/www.suno.com.br\/noticias\/mercadante-bndes-recado-febraban\/#article\",\"isPartOf\":{\"@id\":\"https:\/\/www.suno.com.br\/noticias\/mercadante-bndes-recado-febraban\/\"},\"author\":{\"name\":\"Erick Matheus Nery\",\"@id\":\"https:\/\/www.suno.com.br\/noticias\/#\/schema\/person\/6899bc3f19d1a7315f807131c2c013a0\"},\"headline\":\"Mercadante no BNDES? Petista deixa recado para presidente da Febraban; saiba qual\",\"datePublished\":\"2022-12-13T12:14:00+00:00\",\"dateModified\":\"2022-12-13T12:14:05+00:00\",\"mainEntityOfPage\":{\"@id\":\"https:\/\/www.suno.com.br\/noticias\/mercadante-bndes-recado-febraban\/\"},\"wordCount\":419,\"publisher\":{\"@id\":\"https:\/\/www.suno.com.br\/noticias\/#organization\"},\"image\":{\"@id\":\"https:\/\/www.suno.com.br\/noticias\/mercadante-bndes-recado-febraban\/#primaryimage\"},\"thumbnailUrl\":\"https:\/\/files.sunoresearch.com.br\/n\/uploads\/2022\/12\/aloizio-mercadante-pt-economista-foto-youtube.jpg\",\"keywords\":[\"Lula\"],\"articleSection\":[\"Pol\u00edtica\"],\"inLanguage\":\"pt-BR\"},{\"@type\":\"WebPage\",\"@id\":\"https:\/\/www.suno.com.br\/noticias\/mercadante-bndes-recado-febraban\/\",\"url\":\"https:\/\/www.suno.com.br\/noticias\/mercadante-bndes-recado-febraban\/\",\"name\":\"Mercadante no BNDES? Petista deixa recado na Febraban; saiba mais\",\"isPartOf\":{\"@id\":\"https:\/\/www.suno.com.br\/noticias\/#website\"},\"primaryImageOfPage\":{\"@id\":\"https:\/\/www.suno.com.br\/noticias\/mercadante-bndes-recado-febraban\/#primaryimage\"},\"image\":{\"@id\":\"https:\/\/www.suno.com.br\/noticias\/mercadante-bndes-recado-febraban\/#primaryimage\"},\"thumbnailUrl\":\"https:\/\/files.sunoresearch.com.br\/n\/uploads\/2022\/12\/aloizio-mercadante-pt-economista-foto-youtube.jpg\",\"datePublished\":\"2022-12-13T12:14:00+00:00\",\"dateModified\":\"2022-12-13T12:14:05+00:00\",\"description\":\"Aloizio Mercadante (PT) deixou um recado para o presidente da Federa\u00e7\u00e3o Brasileira de Bancos (Febraban), Isaac Sidney. Saiba qual.\",\"breadcrumb\":{\"@id\":\"https:\/\/www.suno.com.br\/noticias\/mercadante-bndes-recado-febraban\/#breadcrumb\"},\"inLanguage\":\"pt-BR\",\"potentialAction\":[{\"@type\":\"ReadAction\",\"target\":[\"https:\/\/www.suno.com.br\/noticias\/mercadante-bndes-recado-febraban\/\"]}]},{\"@type\":\"ImageObject\",\"inLanguage\":\"pt-BR\",\"@id\":\"https:\/\/www.suno.com.br\/noticias\/mercadante-bndes-recado-febraban\/#primaryimage\",\"url\":\"https:\/\/files.sunoresearch.com.br\/n\/uploads\/2022\/12\/aloizio-mercadante-pt-economista-foto-youtube.jpg\",\"contentUrl\":\"https:\/\/files.sunoresearch.com.br\/n\/uploads\/2022\/12\/aloizio-mercadante-pt-economista-foto-youtube.jpg\",\"width\":1200,\"height\":675,\"caption\":\"Aloizio Mercadante (PT) em coletiva de imprensa. Foto: YouTube\"},{\"@type\":\"BreadcrumbList\",\"@id\":\"https:\/\/www.suno.com.br\/noticias\/mercadante-bndes-recado-febraban\/#breadcrumb\",\"itemListElement\":[{\"@type\":\"ListItem\",\"position\":1,\"name\":\"Not\u00edcias\",\"item\":\"https:\/\/www.suno.com.br\/noticias\/\"},{\"@type\":\"ListItem\",\"position\":2,\"name\":\"Pol\u00edtica\",\"item\":\"https:\/\/www.suno.com.br\/noticias\/politica\/\"},{\"@type\":\"ListItem\",\"position\":3,\"name\":\"Mercadante no BNDES? Petista deixa recado para presidente da Febraban; saiba qual\"}]},{\"@type\":\"WebSite\",\"@id\":\"https:\/\/www.suno.com.br\/noticias\/#website\",\"url\":\"https:\/\/www.suno.com.br\/noticias\/\",\"name\":\"Suno Not\u00edcias\",\"description\":\"Seu portal de informa\u00e7\u00e3o sobre o mundo dos investimentos\",\"publisher\":{\"@id\":\"https:\/\/www.suno.com.br\/noticias\/#organization\"},\"potentialAction\":[{\"@type\":\"SearchAction\",\"target\":{\"@type\":\"EntryPoint\",\"urlTemplate\":\"https:\/\/www.suno.com.br\/noticias\/?s={search_term_string}\"},\"query-input\":{\"@type\":\"PropertyValueSpecification\",\"valueRequired\":true,\"valueName\":\"search_term_string\"}}],\"inLanguage\":\"pt-BR\"},{\"@type\":\"Organization\",\"@id\":\"https:\/\/www.suno.com.br\/noticias\/#organization\",\"name\":\"Suno Not\u00edcias\",\"url\":\"https:\/\/www.suno.com.br\/noticias\/\",\"logo\":{\"@type\":\"ImageObject\",\"inLanguage\":\"pt-BR\",\"@id\":\"https:\/\/www.suno.com.br\/noticias\/#\/schema\/logo\/image\/\",\"url\":\"https:\/\/files.sunoresearch.com.br\/n\/uploads\/2021\/09\/suno-logo.png\",\"contentUrl\":\"https:\/\/files.sunoresearch.com.br\/n\/uploads\/2021\/09\/suno-logo.png\",\"width\":180,\"height\":180,\"caption\":\"Suno Not\u00edcias\"},\"image\":{\"@id\":\"https:\/\/www.suno.com.br\/noticias\/#\/schema\/logo\/image\/\"},\"sameAs\":[\"https:\/\/facebook.com\/sunoresearch\",\"https:\/\/x.com\/sunoresearch\",\"https:\/\/www.instagram.com\/suno\",\"https:\/\/www.linkedin.com\/company\/suno-research\/\",\"https:\/\/www.youtube.com\/c\/sunoresearch\"]},{\"@type\":\"Person\",\"@id\":\"https:\/\/www.suno.com.br\/noticias\/#\/schema\/person\/6899bc3f19d1a7315f807131c2c013a0\",\"name\":\"Erick Matheus Nery\",\"image\":{\"@type\":\"ImageObject\",\"inLanguage\":\"pt-BR\",\"@id\":\"https:\/\/www.suno.com.br\/noticias\/#\/schema\/person\/image\/\",\"url\":\"https:\/\/secure.gravatar.com\/avatar\/518ddffe438ccb767782d372a66304d2?s=96&r=g\",\"contentUrl\":\"https:\/\/secure.gravatar.com\/avatar\/518ddffe438ccb767782d372a66304d2?s=96&r=g\",\"caption\":\"Erick Matheus Nery\"},\"description\":\"Formado em Jornalismo pela Universidade Federal do Par\u00e1 (UFPA), conta com extens\u00e3o em Jornalismo Econ\u00f4mico pela Funda\u00e7\u00e3o Get\u00falio Vargas (FGV). No Suno Not\u00edcias, atua como rep\u00f3rter de Mercado, com foco nos setores de telecomunica\u00e7\u00f5es, varejo, alimentos e renda fixa. Conta com passagens pelo jornal O Estado de S\u00e3o Paulo, como trainee de Jornalismo Econ\u00f4mico, e pelo site Not\u00edcias da TV.\",\"url\":\"https:\/\/www.suno.com.br\/noticias\/author\/erick-nery\/\"}]}<\/script>\n<!-- \/ Yoast SEO plugin. -->","yoast_head_json":{"title":"Mercadante no BNDES? Petista deixa recado na Febraban; saiba mais","description":"Aloizio Mercadante (PT) deixou um recado para o presidente da Federa\u00e7\u00e3o Brasileira de Bancos (Febraban), Isaac Sidney. Saiba qual.","robots":{"index":"index","follow":"follow","max-snippet":"max-snippet:-1","max-image-preview":"max-image-preview:large","max-video-preview":"max-video-preview:-1"},"canonical":"https:\/\/www.suno.com.br\/noticias\/mercadante-bndes-recado-febraban\/","og_locale":"pt_BR","og_type":"article","og_title":"Mercadante no BNDES? Petista deixa recado na Febraban; saiba mais","og_description":"Aloizio Mercadante (PT) deixou um recado para o presidente da Federa\u00e7\u00e3o Brasileira de Bancos (Febraban), Isaac Sidney. Saiba qual.","og_url":"https:\/\/www.suno.com.br\/noticias\/mercadante-bndes-recado-febraban\/","og_site_name":"Suno Not\u00edcias","article_publisher":"https:\/\/facebook.com\/sunoresearch","og_image":[{"width":1200,"height":675,"url":"https:\/\/files.sunoresearch.com.br\/n\/uploads\/2022\/12\/aloizio-mercadante-pt-economista-foto-youtube.jpg","type":"image\/jpeg"}],"author":"Erick Matheus Nery","twitter_card":"summary_large_image","twitter_creator":"@sunoresearch","twitter_site":"@sunoresearch","twitter_misc":{"Escrito por":"Erick Matheus Nery","Est. tempo de leitura":"2 minutos"},"schema":{"@context":"https:\/\/schema.org","@graph":[{"@type":"NewsArticle","@id":"https:\/\/www.suno.com.br\/noticias\/mercadante-bndes-recado-febraban\/#article","isPartOf":{"@id":"https:\/\/www.suno.com.br\/noticias\/mercadante-bndes-recado-febraban\/"},"author":{"name":"Erick Matheus Nery","@id":"https:\/\/www.suno.com.br\/noticias\/#\/schema\/person\/6899bc3f19d1a7315f807131c2c013a0"},"headline":"Mercadante no BNDES? Petista deixa recado para presidente da Febraban; saiba qual","datePublished":"2022-12-13T12:14:00+00:00","dateModified":"2022-12-13T12:14:05+00:00","mainEntityOfPage":{"@id":"https:\/\/www.suno.com.br\/noticias\/mercadante-bndes-recado-febraban\/"},"wordCount":419,"publisher":{"@id":"https:\/\/www.suno.com.br\/noticias\/#organization"},"image":{"@id":"https:\/\/www.suno.com.br\/noticias\/mercadante-bndes-recado-febraban\/#primaryimage"},"thumbnailUrl":"https:\/\/files.sunoresearch.com.br\/n\/uploads\/2022\/12\/aloizio-mercadante-pt-economista-foto-youtube.jpg","keywords":["Lula"],"articleSection":["Pol\u00edtica"],"inLanguage":"pt-BR"},{"@type":"WebPage","@id":"https:\/\/www.suno.com.br\/noticias\/mercadante-bndes-recado-febraban\/","url":"https:\/\/www.suno.com.br\/noticias\/mercadante-bndes-recado-febraban\/","name":"Mercadante no BNDES? Petista deixa recado na Febraban; saiba mais","isPartOf":{"@id":"https:\/\/www.suno.com.br\/noticias\/#website"},"primaryImageOfPage":{"@id":"https:\/\/www.suno.com.br\/noticias\/mercadante-bndes-recado-febraban\/#primaryimage"},"image":{"@id":"https:\/\/www.suno.com.br\/noticias\/mercadante-bndes-recado-febraban\/#primaryimage"},"thumbnailUrl":"https:\/\/files.sunoresearch.com.br\/n\/uploads\/2022\/12\/aloizio-mercadante-pt-economista-foto-youtube.jpg","datePublished":"2022-12-13T12:14:00+00:00","dateModified":"2022-12-13T12:14:05+00:00","description":"Aloizio Mercadante (PT) deixou um recado para o presidente da Federa\u00e7\u00e3o Brasileira de Bancos (Febraban), Isaac Sidney. Saiba qual.","breadcrumb":{"@id":"https:\/\/www.suno.com.br\/noticias\/mercadante-bndes-recado-febraban\/#breadcrumb"},"inLanguage":"pt-BR","potentialAction":[{"@type":"ReadAction","target":["https:\/\/www.suno.com.br\/noticias\/mercadante-bndes-recado-febraban\/"]}]},{"@type":"ImageObject","inLanguage":"pt-BR","@id":"https:\/\/www.suno.com.br\/noticias\/mercadante-bndes-recado-febraban\/#primaryimage","url":"https:\/\/files.sunoresearch.com.br\/n\/uploads\/2022\/12\/aloizio-mercadante-pt-economista-foto-youtube.jpg","contentUrl":"https:\/\/files.sunoresearch.com.br\/n\/uploads\/2022\/12\/aloizio-mercadante-pt-economista-foto-youtube.jpg","width":1200,"height":675,"caption":"Aloizio Mercadante (PT) em coletiva de imprensa. Foto: YouTube"},{"@type":"BreadcrumbList","@id":"https:\/\/www.suno.com.br\/noticias\/mercadante-bndes-recado-febraban\/#breadcrumb","itemListElement":[{"@type":"ListItem","position":1,"name":"Not\u00edcias","item":"https:\/\/www.suno.com.br\/noticias\/"},{"@type":"ListItem","position":2,"name":"Pol\u00edtica","item":"https:\/\/www.suno.com.br\/noticias\/politica\/"},{"@type":"ListItem","position":3,"name":"Mercadante no BNDES? Petista deixa recado para presidente da Febraban; saiba qual"}]},{"@type":"WebSite","@id":"https:\/\/www.suno.com.br\/noticias\/#website","url":"https:\/\/www.suno.com.br\/noticias\/","name":"Suno Not\u00edcias","description":"Seu portal de informa\u00e7\u00e3o sobre o mundo dos investimentos","publisher":{"@id":"https:\/\/www.suno.com.br\/noticias\/#organization"},"potentialAction":[{"@type":"SearchAction","target":{"@type":"EntryPoint","urlTemplate":"https:\/\/www.suno.com.br\/noticias\/?s={search_term_string}"},"query-input":{"@type":"PropertyValueSpecification","valueRequired":true,"valueName":"search_term_string"}}],"inLanguage":"pt-BR"},{"@type":"Organization","@id":"https:\/\/www.suno.com.br\/noticias\/#organization","name":"Suno Not\u00edcias","url":"https:\/\/www.suno.com.br\/noticias\/","logo":{"@type":"ImageObject","inLanguage":"pt-BR","@id":"https:\/\/www.suno.com.br\/noticias\/#\/schema\/logo\/image\/","url":"https:\/\/files.sunoresearch.com.br\/n\/uploads\/2021\/09\/suno-logo.png","contentUrl":"https:\/\/files.sunoresearch.com.br\/n\/uploads\/2021\/09\/suno-logo.png","width":180,"height":180,"caption":"Suno Not\u00edcias"},"image":{"@id":"https:\/\/www.suno.com.br\/noticias\/#\/schema\/logo\/image\/"},"sameAs":["https:\/\/facebook.com\/sunoresearch","https:\/\/x.com\/sunoresearch","https:\/\/www.instagram.com\/suno","https:\/\/www.linkedin.com\/company\/suno-research\/","https:\/\/www.youtube.com\/c\/sunoresearch"]},{"@type":"Person","@id":"https:\/\/www.suno.com.br\/noticias\/#\/schema\/person\/6899bc3f19d1a7315f807131c2c013a0","name":"Erick Matheus Nery","image":{"@type":"ImageObject","inLanguage":"pt-BR","@id":"https:\/\/www.suno.com.br\/noticias\/#\/schema\/person\/image\/","url":"https:\/\/secure.gravatar.com\/avatar\/518ddffe438ccb767782d372a66304d2?s=96&r=g","contentUrl":"https:\/\/secure.gravatar.com\/avatar\/518ddffe438ccb767782d372a66304d2?s=96&r=g","caption":"Erick Matheus Nery"},"description":"Formado em Jornalismo pela Universidade Federal do Par\u00e1 (UFPA), conta com extens\u00e3o em Jornalismo Econ\u00f4mico pela Funda\u00e7\u00e3o Get\u00falio Vargas (FGV). No Suno Not\u00edcias, atua como rep\u00f3rter de Mercado, com foco nos setores de telecomunica\u00e7\u00f5es, varejo, alimentos e renda fixa. Conta com passagens pelo jornal O Estado de S\u00e3o Paulo, como trainee de Jornalismo Econ\u00f4mico, e pelo site Not\u00edcias da TV.","url":"https:\/\/www.suno.com.br\/noticias\/author\/erick-nery\/"}]}},"default_loop_html":"<div class=\"cardsPage__listCard__boxs\"><div class=\"cardsPage__listCard__boxs__img\"><a href=\"https:\/\/www.suno.com.br\/noticias\/mercadante-bndes-recado-febraban\/\"><img class=\"mask\" src=\"https:\/\/www.suno.com.br\/noticias\/wp-content\/themes\/suno\/resources\/images\/spotlight\/spotlight1img\/bg-mask.png\" alt=\"Image Mask\"\/><img src=\"https:\/\/files.sunoresearch.com.br\/n\/uploads\/2022\/12\/aloizio-mercadante-pt-economista-foto-youtube-400x200.jpg\" alt=\"Mercadante no BNDES? Petista deixa recado para presidente da Febraban; saiba qual\"\/><\/a><span class=\"spotlightCategory\"><a href=\"https:\/\/www.suno.com.br\/noticias\/politica\/\">Pol\u00edtica<\/a><\/span><\/div><div class=\"cardsPage__listCard__boxs__content\"><a href=\"https:\/\/www.suno.com.br\/noticias\/mercadante-bndes-recado-febraban\/\"><h2 class=\"content__title\">Mercadante no BNDES? Petista deixa recado para presidente da Febraban; saiba qual<\/h2><\/a><div class=\"newsContent__article__meta\"><div class=\"newsContent__article__meta__authorBox\"><a href=\"https:\/\/www.suno.com.br\/noticias\/author\/erick-nery\/\" class=\"authorBox__avatar noMobi\"><img src=\"https:\/\/secure.gravatar.com\/avatar\/518ddffe438ccb767782d372a66304d2?s=96&#038;r=g\" alt=\"Erick Matheus Nery\"><\/a><div class=\"authorBox__name\"><span>por\n\t\t\t<a href=\"https:\/\/www.suno.com.br\/noticias\/author\/erick-nery\/\"><span itemprop=\"author\">Erick Matheus Nery<\/span><\/a><\/span><time datetime=\"2022-12-13T09:14:00-03:00\" itemprop=\"datePublished\">13\/12\/2022 09:14<\/time><\/div><\/div><\/div><\/div><\/div>","single_layout":"posts","amp_enabled":true,"_links":{"self":[{"href":"https:\/\/www.suno.com.br\/noticias\/wp-json\/wp\/v2\/posts\/333407"}],"collection":[{"href":"https:\/\/www.suno.com.br\/noticias\/wp-json\/wp\/v2\/posts"}],"about":[{"href":"https:\/\/www.suno.com.br\/noticias\/wp-json\/wp\/v2\/types\/post"}],"author":[{"embeddable":true,"href":"https:\/\/www.suno.com.br\/noticias\/wp-json\/wp\/v2\/users\/232"}],"replies":[{"embeddable":true,"href":"https:\/\/www.suno.com.br\/noticias\/wp-json\/wp\/v2\/comments?post=333407"}],"version-history":[{"count":3,"href":"https:\/\/www.suno.com.br\/noticias\/wp-json\/wp\/v2\/posts\/333407\/revisions"}],"predecessor-version":[{"id":333431,"href":"https:\/\/www.suno.com.br\/noticias\/wp-json\/wp\/v2\/posts\/333407\/revisions\/333431"}],"wp:featuredmedia":[{"embeddable":true,"href":"https:\/\/www.suno.com.br\/noticias\/wp-json\/wp\/v2\/media\/333424"}],"wp:attachment":[{"href":"https:\/\/www.suno.com.br\/noticias\/wp-json\/wp\/v2\/media?parent=333407"}],"wp:term":[{"taxonomy":"category","embeddable":true,"href":"https:\/\/www.suno.com.br\/noticias\/wp-json\/wp\/v2\/categories?post=333407"},{"taxonomy":"post_tag","embeddable":true,"href":"https:\/\/www.suno.com.br\/noticias\/wp-json\/wp\/v2\/tags?post=333407"},{"taxonomy":"suno_strategy","embeddable":true,"href":"https:\/\/www.suno.com.br\/noticias\/wp-json\/wp\/v2\/suno_strategy?post=333407"}],"curies":[{"name":"wp","href":"https:\/\/api.w.org\/{rel}","templated":true}]}}