{"id":33339,"date":"2019-08-07T18:54:38","date_gmt":"2019-08-07T21:54:38","guid":{"rendered":"https:\/\/www.suno.com.br\/noticias\/?p=33339"},"modified":"2019-08-12T14:06:15","modified_gmt":"2019-08-12T17:06:15","slug":"greve-dos-caminhoneiros-tabela-de-frete-e-uma-aberracao-diz-ministro","status":"publish","type":"post","link":"https:\/\/www.suno.com.br\/noticias\/greve-dos-caminhoneiros-tabela-de-frete-e-uma-aberracao-diz-ministro\/","title":{"rendered":"Greve dos caminhoneiros: tabela de frete \u00e9 uma aberra\u00e7\u00e3o, diz ministro"},"content":{"rendered":"<p>O ministro da Infraestrutura, Tarc\u00edsio de Freitas, declarou na \u00faltima ter\u00e7a-feira (6) que a<span style=\"font-size: 1.21429rem;\"> tabela de frete \u00e9 uma \u201caberra\u00e7\u00e3o\u201d e \u00e9 preciso que ela deixe de existir. O pol\u00edtico est\u00e1 na linha de frente das negocia\u00e7\u00f5es para evitar uma nova <a href=\"https:\/\/www.suno.com.br\/artigos\/o-que-penso-sobre-a-greve-dos-caminhoneiros\/\">greve dos caminhoneiros<\/a>.\u00a0<\/span><\/p>\t<div class=\"wrapper-featured-image\">\n\t\t<figure class=\"spotlightImg\">\n\n\t\t\t<picture>\n\t\t\t\t<source media=\"(max-width: 768px)\" srcset=\"https:\/\/files.sunoresearch.com.br\/n\/uploads\/2019\/04\/8d1a7df0-bolsonaro-400x200.webp\">\n\t\t\t\t<img loading=\"lazy\" decoding=\"async\" class=\"newsContent__article__imgCapa lazyloadDisabled newsContent__article__imgCapa--noCaption\" src=\"https:\/\/files.sunoresearch.com.br\/n\/uploads\/2019\/04\/8d1a7df0-bolsonaro-800x450.webp\" width=\"800\" height=\"450\" alt=\"Greve dos caminhoneiros: tabela de frete \u00e9 uma aberra\u00e7\u00e3o, diz ministro\" fetchpriority=high \/>\n\t\t\t<\/picture>\n\n\t\t\t<figcaption class=\"wp-caption-text wp-caption-text--hide\">Governo anuncia aux\u00edlio para caminhoneiros<\/figcaption>\n\t\t<\/figure>\n\t<\/div>\n\n\n<p><span style=\"font-size: 1.21429rem;\">A <strong>tabela de frete<\/strong> prev\u00ea pre\u00e7os m\u00ednimos para o transporte de carga. Ela foi criada em junho de 2018 ap\u00f3s a<strong> greve dos caminhoneiros<\/strong> que paralisou o <strong>Brasil<\/strong> por 11 dias consecutivos. O ministro salientou que para <\/span>resolver o problema dos transportadores, \u00e9 preciso \u201cdesmamar\u201d o setor e deixar que a tabela \u201cmorra naturalmente\u201d.<\/p>\n\n<p>\u201cTamb\u00e9m n\u00e3o adianta chegar um governo novo e falar que amanh\u00e3 n\u00e3o tem mais tabela. N\u00e3o pode ser assim\u201d, declarou o ministro. Freitas discursou em um jantar promovido pelo site &#8220;Poder 360&#8221;, em Bras\u00edlia. Na ocasi\u00e3o participaram empres\u00e1rios e jornalistas.<\/p>\n<p><a href=\"https:\/\/www.suno.com.br\/noticias\/greve-caminhoneiros-nao-havera-bolsonaro\/\">Saiba mais: Greve dos caminhoneiros: n\u00e3o haver\u00e1 nova paralisa\u00e7\u00e3o, diz Bolsonaro\u00a0<\/a><\/p>\n<p>Freitas afirmou n\u00e3o ver risco de nova greve. Para reagir \u00e0 paralisa\u00e7\u00e3o em maio de 2018, que se arrastou por dez dias, o governo do ex-presidente Michel Temer sancionou uma lei instituindo uma tabela com pre\u00e7os m\u00ednimos para o frete.<\/p>\n<h2>Risco de nova greve dos caminhoneiros<\/h2>\n<p>No come\u00e7o de 2019 o governo do presidente Jair Bolsonaro teve que gerir amea\u00e7as de uma nova greve dos caminhoneiros. Segundo Freitas, o Executivo teria &#8220;herdado&#8221; esse problema do governo Michel Temer. Para o ministro, esse seria um problema econ\u00f4mico e n\u00e3o de infraestrutura.<\/p>\n<p>\u201cA causa do problema \u00e9 a pol\u00edtica industrial errada. O Produto Interno Bruto (PIB) e a frota sempre caminham juntos. O que aconteceu no Brasil? O PIB caiu e a frota subiu. O caminhoneiro est\u00e1 l\u00e1 morrendo e n\u00e3o consegue perceber que \u00e9 por causa do excesso de oferta. A\u00ed me manda, mensagem: \u2018Ministro, n\u00f3s estamos morrendo. Est\u00e3o mesmo\u201d, salientou Freitas.<\/p>\n\t<p>\n\t\t<a href=\"https:\/\/lp.suno.com.br\/ebook-gratuito-investindo-no-exterior\/\" target=\"_blank\" data-element=\"shortcode-suno-banner\" title=\"Banner SUNO, clique e saiba mais\">\n\t\t\t<picture>\n\t\t\t\t<source media=\"(max-width: 500px)\" srcset=\"https:\/\/files.sunoresearch.com.br\/n\/uploads\/2023\/03\/400x300-Investindo-no-exterior.png\">\n\t\t\t\t<img class=\"newsContent__article__imgCapa newsContent__article__imgCapa--banner\"\n\t\t\t\t\tsrc=\"https:\/\/files.sunoresearch.com.br\/n\/uploads\/2023\/03\/1420x240-Investindo-no-exterior.png\"\n\t\t\t\t\tdata-promo-id=\"383161\"\t\t\t\t\t\t\t\t\t\twidth='1420' height='240'\t\t\t\t\talt=\"https:\/\/files.sunoresearch.com.br\/n\/uploads\/2023\/03\/1420x240-Investindo-no-exterior.png\"\n\t\t\t\t>\n\t\t\t<\/picture>\n\t\t<\/a>\n\t<\/p>\n\n\n<p>Para o ministro, com uma retomada do crescimento econ\u00f4mico ser\u00e1 poss\u00edvel reequilibrar novamente oferta e demanda de fretes. Entretanto, at\u00e9 que o Brasil volte a crescer, ser\u00e1 necess\u00e1rio realizar um trabalho de \u201cformiguinha\u201d, com acordos entre os operadores de cada setor, como empresas e caminhoneiros.<\/p>\n<p>\u201cSe fizermos v\u00e1rios acordos, a gente torna a vida do pr\u00f3prio Supremo Tribunal Federal mais f\u00e1cil. A carga de responsabilidade diminui. Imagino que o Supremo deve estar com medo: se eu decido pela inconstitucionalidade, ser\u00e1 que o Brasil para amanh\u00e3?\u201d, explicou freitas,\u201cMas se dissermos que n\u00e3o vai ser surpresa e todo mundo j\u00e1 sabe mais ou menos o pre\u00e7o que ser\u00e1 praticado? E a\u00ed fazemos renascer a cultura da livre-negocia\u00e7\u00e3o, que \u00e9 um coisa que existia e perdemos\u201d.<\/p>\n<p><iframe loading=\"lazy\" title=\"?Reforma da previd\u00eancia na C\u00e2mara; Brasil na guerra comercial e fim da tabela de fretes\" width=\"200\" height=\"113\" src=\"https:\/\/www.youtube.com\/embed\/2Kv2Uk3Xs3U?feature=oembed\" frameborder=\"0\" allow=\"accelerometer; autoplay; encrypted-media; gyroscope; picture-in-picture\" allowfullscreen><\/iframe><\/p>\n<h2>Julgamento no STF em setembro<\/h2>\n<p>No dia 4 de setembro o STF julgar\u00e1 no plen\u00e1rio os processos contra a tabela de frete. Ingressaram com as a\u00e7\u00f5es diretas de inconstitucionalidade (ADI) na Corte a:<\/p>\n<ul>\n<li>Associa\u00e7\u00e3o do Transporte Rodovi\u00e1rio de Cargas do Brasil (ATR Brasil)<\/li>\n<li>Confedera\u00e7\u00e3o da Agricultura e Pecu\u00e1ria do Brasil (CNA)<\/li>\n<li>Confedera\u00e7\u00e3o Nacional da Ind\u00fastria (CNI)<\/li>\n<\/ul>\n<p>Segundo as entidades, houve desrespeito aos princ\u00edpios da livre iniciativa e da livre concorr\u00eancia com a ado\u00e7\u00e3o do tabelamento do frete. Um posicionamento defendido tamb\u00e9m pela Procuradoria-Geral da Rep\u00fablica.<\/p>\n\t<p>\n\t\t<a href=\"https:\/\/lp.suno.com.br\/asset\/fundos\/suno-fiagro-snag11\/\" target=\"_blank\" data-element=\"shortcode-suno-banner\" title=\"Banner SUNO, clique e saiba mais\">\n\t\t\t<picture>\n\t\t\t\t<source media=\"(max-width: 500px)\" srcset=\"https:\/\/files.sunoresearch.com.br\/n\/uploads\/2024\/03\/400x300-Mobile-Artigos-1_SNAG.png\">\n\t\t\t\t<img class=\"newsContent__article__imgCapa newsContent__article__imgCapa--banner\"\n\t\t\t\t\tsrc=\"https:\/\/files.sunoresearch.com.br\/n\/uploads\/2024\/03\/1420x240-Banner-Artigos-1-_-Banner-Materias-1_SNAG.png\"\n\t\t\t\t\tdata-promo-id=\"364416\"\t\t\t\t\t\t\t\t\t\twidth='1420' height='240'\t\t\t\t\talt=\"https:\/\/files.sunoresearch.com.br\/n\/uploads\/2024\/03\/1420x240-Banner-Artigos-1-_-Banner-Materias-1_SNAG.png\"\n\t\t\t\t>\n\t\t\t<\/picture>\n\t\t<\/a>\n\t<\/p>\n\n\n<h2>Suspens\u00e3o da tabela<\/h2>\n<p>No dia 22 de junho, o ministro Freitas tinha anunciado a suspens\u00e3o da tabela de fretes dos caminhoneiros. A informa\u00e7\u00e3o tinha sido divulgada ap\u00f3s uma reuni\u00e3o entre o ministro e as lideran\u00e7as dos transportadores para evitar uma nova <a href=\"https:\/\/www.suno.com.br\/artigos\/o-que-penso-sobre-a-greve-dos-caminhoneiros\/\">greve dos caminhoneiros<\/a>. A possibilidade de uma nova paralisa\u00e7\u00e3o teria j\u00e1 mobilizado cerca de 2 mil transportadores nas redes sociais.<\/p>\n<p><a href=\"https:\/\/www.suno.com.br\/noticias\/greve-caminhoneiros-mobiliza-2-mil\/\">Saiba mais: Proposta de nova greve dos caminhoneiros mobiliza quase 2 mil\u00a0<\/a><\/p>\n<p>A possibilidade de uma nova <strong>greve dos caminhoneiros<\/strong> surgiu ap\u00f3s a resolu\u00e7\u00e3o da <strong>Ag\u00eancia Nacional de Transportes Terrestres (ANTT)<\/strong>, divulgada na \u00faltima quinta-feira (18). A resolu\u00e7\u00e3o altera a tabela de pre\u00e7os m\u00ednimos dos <strong>fretes<\/strong> rodovi\u00e1rios. Os valores ficaram abaixo do esperado pela categoria, e muitos pediram uma nova paralisa\u00e7\u00e3o, como aquela ocorrida em maio de 2018.<\/p>\n","protected":false},"excerpt":{"rendered":"<p>O ministro da Infraestrutura, Tarc\u00edsio de Freitas, declarou na \u00faltima ter\u00e7a-feira (6) que a tabela de frete \u00e9 uma \u201caberra\u00e7\u00e3o\u201d e \u00e9 preciso que ela deixe de existir. O pol\u00edtico est\u00e1 na linha de frente das negocia\u00e7\u00f5es para evitar uma nova greve dos caminhoneiros.\u00a0 Governo anuncia aux\u00edlio para caminhoneiros A tabela de frete prev\u00ea pre\u00e7os [&hellip;]<\/p>\n","protected":false},"author":9,"featured_media":20883,"comment_status":"closed","ping_status":"closed","sticky":false,"template":"","format":"standard","meta":[],"categories":[61],"tags":[859,833],"suno_strategy":[],"class_list":["post-33339","post","type-post","status-publish","format-standard","has-post-thumbnail","hentry","category-politica","tag-fretes","tag-greve-dos-caminhoneiros"],"yoast_head":"<!-- This site is optimized with the Yoast SEO plugin v24.4 - https:\/\/yoast.com\/wordpress\/plugins\/seo\/ -->\n<title>Greve dos caminhoneiros: tabela de frete \u00e9 uma aberra\u00e7\u00e3o, diz ministro<\/title>\n<meta name=\"description\" content=\"O ministro da Infraestrutura, Tarc\u00edsio de Freitas, declarou que a tabela de frete \u00e9 uma \u201caberra\u00e7\u00e3o\u201d. Clique aqui para saber mais.\" \/>\n<meta name=\"robots\" content=\"index, follow, max-snippet:-1, max-image-preview:large, max-video-preview:-1\" \/>\n<link rel=\"canonical\" href=\"https:\/\/www.suno.com.br\/noticias\/greve-dos-caminhoneiros-tabela-de-frete-e-uma-aberracao-diz-ministro\/\" \/>\n<meta property=\"og:locale\" content=\"pt_BR\" \/>\n<meta property=\"og:type\" content=\"article\" \/>\n<meta property=\"og:title\" content=\"Greve dos caminhoneiros: tabela de frete \u00e9 uma aberra\u00e7\u00e3o, diz ministro\" \/>\n<meta property=\"og:description\" content=\"O ministro da Infraestrutura, Tarc\u00edsio de Freitas, declarou que a tabela de frete \u00e9 uma \u201caberra\u00e7\u00e3o\u201d. Clique aqui para saber mais.\" \/>\n<meta property=\"og:url\" content=\"https:\/\/www.suno.com.br\/noticias\/greve-dos-caminhoneiros-tabela-de-frete-e-uma-aberracao-diz-ministro\/\" \/>\n<meta property=\"og:site_name\" content=\"Suno Not\u00edcias\" \/>\n<meta property=\"article:publisher\" content=\"https:\/\/facebook.com\/sunoresearch\" \/>\n<meta property=\"og:image\" content=\"https:\/\/files.sunoresearch.com.br\/n\/uploads\/2019\/04\/8d1a7df0-bolsonaro.jpg\" \/>\n\t<meta property=\"og:image:width\" content=\"1140\" \/>\n\t<meta property=\"og:image:height\" content=\"760\" \/>\n\t<meta property=\"og:image:type\" content=\"image\/jpeg\" \/>\n<meta name=\"author\" content=\"Carlo Cauti\" \/>\n<meta name=\"twitter:card\" content=\"summary_large_image\" \/>\n<meta name=\"twitter:creator\" content=\"@sunoresearch\" \/>\n<meta name=\"twitter:site\" content=\"@sunoresearch\" \/>\n<meta name=\"twitter:label1\" content=\"Escrito por\" \/>\n\t<meta name=\"twitter:data1\" content=\"Carlo Cauti\" \/>\n\t<meta name=\"twitter:label2\" content=\"Est. tempo de leitura\" \/>\n\t<meta name=\"twitter:data2\" content=\"4 minutos\" \/>\n<script type=\"application\/ld+json\" class=\"yoast-schema-graph\">{\"@context\":\"https:\/\/schema.org\",\"@graph\":[{\"@type\":\"NewsArticle\",\"@id\":\"https:\/\/www.suno.com.br\/noticias\/greve-dos-caminhoneiros-tabela-de-frete-e-uma-aberracao-diz-ministro\/#article\",\"isPartOf\":{\"@id\":\"https:\/\/www.suno.com.br\/noticias\/greve-dos-caminhoneiros-tabela-de-frete-e-uma-aberracao-diz-ministro\/\"},\"author\":{\"name\":\"Carlo Cauti\",\"@id\":\"https:\/\/www.suno.com.br\/noticias\/#\/schema\/person\/e6e0f723cc177805027f4566c1d5e0c8\"},\"headline\":\"Greve dos caminhoneiros: tabela de frete \u00e9 uma aberra\u00e7\u00e3o, diz ministro\",\"datePublished\":\"2019-08-07T21:54:38+00:00\",\"dateModified\":\"2019-08-12T17:06:15+00:00\",\"mainEntityOfPage\":{\"@id\":\"https:\/\/www.suno.com.br\/noticias\/greve-dos-caminhoneiros-tabela-de-frete-e-uma-aberracao-diz-ministro\/\"},\"wordCount\":721,\"publisher\":{\"@id\":\"https:\/\/www.suno.com.br\/noticias\/#organization\"},\"image\":{\"@id\":\"https:\/\/www.suno.com.br\/noticias\/greve-dos-caminhoneiros-tabela-de-frete-e-uma-aberracao-diz-ministro\/#primaryimage\"},\"thumbnailUrl\":\"https:\/\/files.sunoresearch.com.br\/n\/uploads\/2019\/04\/8d1a7df0-bolsonaro-jpg.webp\",\"keywords\":[\"fretes\",\"greve dos caminhoneiros\"],\"articleSection\":[\"Pol\u00edtica\"],\"inLanguage\":\"pt-BR\"},{\"@type\":\"WebPage\",\"@id\":\"https:\/\/www.suno.com.br\/noticias\/greve-dos-caminhoneiros-tabela-de-frete-e-uma-aberracao-diz-ministro\/\",\"url\":\"https:\/\/www.suno.com.br\/noticias\/greve-dos-caminhoneiros-tabela-de-frete-e-uma-aberracao-diz-ministro\/\",\"name\":\"Greve dos caminhoneiros: tabela de frete \u00e9 uma aberra\u00e7\u00e3o, diz ministro\",\"isPartOf\":{\"@id\":\"https:\/\/www.suno.com.br\/noticias\/#website\"},\"primaryImageOfPage\":{\"@id\":\"https:\/\/www.suno.com.br\/noticias\/greve-dos-caminhoneiros-tabela-de-frete-e-uma-aberracao-diz-ministro\/#primaryimage\"},\"image\":{\"@id\":\"https:\/\/www.suno.com.br\/noticias\/greve-dos-caminhoneiros-tabela-de-frete-e-uma-aberracao-diz-ministro\/#primaryimage\"},\"thumbnailUrl\":\"https:\/\/files.sunoresearch.com.br\/n\/uploads\/2019\/04\/8d1a7df0-bolsonaro-jpg.webp\",\"datePublished\":\"2019-08-07T21:54:38+00:00\",\"dateModified\":\"2019-08-12T17:06:15+00:00\",\"description\":\"O ministro da Infraestrutura, Tarc\u00edsio de Freitas, declarou que a tabela de frete \u00e9 uma \u201caberra\u00e7\u00e3o\u201d. Clique aqui para saber mais.\",\"breadcrumb\":{\"@id\":\"https:\/\/www.suno.com.br\/noticias\/greve-dos-caminhoneiros-tabela-de-frete-e-uma-aberracao-diz-ministro\/#breadcrumb\"},\"inLanguage\":\"pt-BR\",\"potentialAction\":[{\"@type\":\"ReadAction\",\"target\":[\"https:\/\/www.suno.com.br\/noticias\/greve-dos-caminhoneiros-tabela-de-frete-e-uma-aberracao-diz-ministro\/\"]}]},{\"@type\":\"ImageObject\",\"inLanguage\":\"pt-BR\",\"@id\":\"https:\/\/www.suno.com.br\/noticias\/greve-dos-caminhoneiros-tabela-de-frete-e-uma-aberracao-diz-ministro\/#primaryimage\",\"url\":\"https:\/\/files.sunoresearch.com.br\/n\/uploads\/2019\/04\/8d1a7df0-bolsonaro-jpg.webp\",\"contentUrl\":\"https:\/\/files.sunoresearch.com.br\/n\/uploads\/2019\/04\/8d1a7df0-bolsonaro-jpg.webp\",\"width\":1140,\"height\":760,\"caption\":\"Governo anuncia aux\u00edlio para caminhoneiros\"},{\"@type\":\"BreadcrumbList\",\"@id\":\"https:\/\/www.suno.com.br\/noticias\/greve-dos-caminhoneiros-tabela-de-frete-e-uma-aberracao-diz-ministro\/#breadcrumb\",\"itemListElement\":[{\"@type\":\"ListItem\",\"position\":1,\"name\":\"Not\u00edcias\",\"item\":\"https:\/\/www.suno.com.br\/noticias\/\"},{\"@type\":\"ListItem\",\"position\":2,\"name\":\"Pol\u00edtica\",\"item\":\"https:\/\/www.suno.com.br\/noticias\/politica\/\"},{\"@type\":\"ListItem\",\"position\":3,\"name\":\"Greve dos caminhoneiros: tabela de frete \u00e9 uma aberra\u00e7\u00e3o, diz ministro\"}]},{\"@type\":\"WebSite\",\"@id\":\"https:\/\/www.suno.com.br\/noticias\/#website\",\"url\":\"https:\/\/www.suno.com.br\/noticias\/\",\"name\":\"Suno Not\u00edcias\",\"description\":\"Seu portal de informa\u00e7\u00e3o sobre o mundo dos investimentos\",\"publisher\":{\"@id\":\"https:\/\/www.suno.com.br\/noticias\/#organization\"},\"potentialAction\":[{\"@type\":\"SearchAction\",\"target\":{\"@type\":\"EntryPoint\",\"urlTemplate\":\"https:\/\/www.suno.com.br\/noticias\/?s={search_term_string}\"},\"query-input\":{\"@type\":\"PropertyValueSpecification\",\"valueRequired\":true,\"valueName\":\"search_term_string\"}}],\"inLanguage\":\"pt-BR\"},{\"@type\":\"Organization\",\"@id\":\"https:\/\/www.suno.com.br\/noticias\/#organization\",\"name\":\"Suno Not\u00edcias\",\"url\":\"https:\/\/www.suno.com.br\/noticias\/\",\"logo\":{\"@type\":\"ImageObject\",\"inLanguage\":\"pt-BR\",\"@id\":\"https:\/\/www.suno.com.br\/noticias\/#\/schema\/logo\/image\/\",\"url\":\"https:\/\/files.sunoresearch.com.br\/n\/uploads\/2021\/09\/suno-logo.png\",\"contentUrl\":\"https:\/\/files.sunoresearch.com.br\/n\/uploads\/2021\/09\/suno-logo.png\",\"width\":180,\"height\":180,\"caption\":\"Suno Not\u00edcias\"},\"image\":{\"@id\":\"https:\/\/www.suno.com.br\/noticias\/#\/schema\/logo\/image\/\"},\"sameAs\":[\"https:\/\/facebook.com\/sunoresearch\",\"https:\/\/x.com\/sunoresearch\",\"https:\/\/www.instagram.com\/suno\",\"https:\/\/www.linkedin.com\/company\/suno-research\/\",\"https:\/\/www.youtube.com\/c\/sunoresearch\"]},{\"@type\":\"Person\",\"@id\":\"https:\/\/www.suno.com.br\/noticias\/#\/schema\/person\/e6e0f723cc177805027f4566c1d5e0c8\",\"name\":\"Carlo Cauti\",\"image\":{\"@type\":\"ImageObject\",\"inLanguage\":\"pt-BR\",\"@id\":\"https:\/\/www.suno.com.br\/noticias\/#\/schema\/person\/image\/\",\"url\":\"https:\/\/secure.gravatar.com\/avatar\/3ada9e0bd164c23abd4792a9606d583c?s=96&r=g\",\"contentUrl\":\"https:\/\/secure.gravatar.com\/avatar\/3ada9e0bd164c23abd4792a9606d583c?s=96&r=g\",\"caption\":\"Carlo Cauti\"},\"description\":\"Editor multim\u00eddia do SUNO Not\u00edcias. Italiano, formado em Ci\u00eancias Pol\u00edticas pela universidade LUISS G. Carli de Roma e mestre cum laude em Rela\u00e7\u00f5es Internacionais, Jornalismo Internacional e de Guerra e em Economia Internacional. Concluiu tamb\u00e9m um MBA em Finan\u00e7as na B3. No Brasil, teve passagem por ve\u00edculos como Estad\u00e3o, Globo, Veja e EXAME. e nas ag\u00eancias de not\u00edcias italianas ANSA e NOVA.\",\"url\":\"https:\/\/www.suno.com.br\/noticias\/author\/carlo-cauti\/\"}]}<\/script>\n<!-- \/ Yoast SEO plugin. -->","yoast_head_json":{"title":"Greve dos caminhoneiros: tabela de frete \u00e9 uma aberra\u00e7\u00e3o, diz ministro","description":"O ministro da Infraestrutura, Tarc\u00edsio de Freitas, declarou que a tabela de frete \u00e9 uma \u201caberra\u00e7\u00e3o\u201d. Clique aqui para saber mais.","robots":{"index":"index","follow":"follow","max-snippet":"max-snippet:-1","max-image-preview":"max-image-preview:large","max-video-preview":"max-video-preview:-1"},"canonical":"https:\/\/www.suno.com.br\/noticias\/greve-dos-caminhoneiros-tabela-de-frete-e-uma-aberracao-diz-ministro\/","og_locale":"pt_BR","og_type":"article","og_title":"Greve dos caminhoneiros: tabela de frete \u00e9 uma aberra\u00e7\u00e3o, diz ministro","og_description":"O ministro da Infraestrutura, Tarc\u00edsio de Freitas, declarou que a tabela de frete \u00e9 uma \u201caberra\u00e7\u00e3o\u201d. Clique aqui para saber mais.","og_url":"https:\/\/www.suno.com.br\/noticias\/greve-dos-caminhoneiros-tabela-de-frete-e-uma-aberracao-diz-ministro\/","og_site_name":"Suno Not\u00edcias","article_publisher":"https:\/\/facebook.com\/sunoresearch","og_image":[{"width":1140,"height":760,"url":"https:\/\/files.sunoresearch.com.br\/n\/uploads\/2019\/04\/8d1a7df0-bolsonaro.jpg","type":"image\/jpeg"}],"author":"Carlo Cauti","twitter_card":"summary_large_image","twitter_creator":"@sunoresearch","twitter_site":"@sunoresearch","twitter_misc":{"Escrito por":"Carlo Cauti","Est. tempo de leitura":"4 minutos"},"schema":{"@context":"https:\/\/schema.org","@graph":[{"@type":"NewsArticle","@id":"https:\/\/www.suno.com.br\/noticias\/greve-dos-caminhoneiros-tabela-de-frete-e-uma-aberracao-diz-ministro\/#article","isPartOf":{"@id":"https:\/\/www.suno.com.br\/noticias\/greve-dos-caminhoneiros-tabela-de-frete-e-uma-aberracao-diz-ministro\/"},"author":{"name":"Carlo Cauti","@id":"https:\/\/www.suno.com.br\/noticias\/#\/schema\/person\/e6e0f723cc177805027f4566c1d5e0c8"},"headline":"Greve dos caminhoneiros: tabela de frete \u00e9 uma aberra\u00e7\u00e3o, diz ministro","datePublished":"2019-08-07T21:54:38+00:00","dateModified":"2019-08-12T17:06:15+00:00","mainEntityOfPage":{"@id":"https:\/\/www.suno.com.br\/noticias\/greve-dos-caminhoneiros-tabela-de-frete-e-uma-aberracao-diz-ministro\/"},"wordCount":721,"publisher":{"@id":"https:\/\/www.suno.com.br\/noticias\/#organization"},"image":{"@id":"https:\/\/www.suno.com.br\/noticias\/greve-dos-caminhoneiros-tabela-de-frete-e-uma-aberracao-diz-ministro\/#primaryimage"},"thumbnailUrl":"https:\/\/files.sunoresearch.com.br\/n\/uploads\/2019\/04\/8d1a7df0-bolsonaro-jpg.webp","keywords":["fretes","greve dos caminhoneiros"],"articleSection":["Pol\u00edtica"],"inLanguage":"pt-BR"},{"@type":"WebPage","@id":"https:\/\/www.suno.com.br\/noticias\/greve-dos-caminhoneiros-tabela-de-frete-e-uma-aberracao-diz-ministro\/","url":"https:\/\/www.suno.com.br\/noticias\/greve-dos-caminhoneiros-tabela-de-frete-e-uma-aberracao-diz-ministro\/","name":"Greve dos caminhoneiros: tabela de frete \u00e9 uma aberra\u00e7\u00e3o, diz ministro","isPartOf":{"@id":"https:\/\/www.suno.com.br\/noticias\/#website"},"primaryImageOfPage":{"@id":"https:\/\/www.suno.com.br\/noticias\/greve-dos-caminhoneiros-tabela-de-frete-e-uma-aberracao-diz-ministro\/#primaryimage"},"image":{"@id":"https:\/\/www.suno.com.br\/noticias\/greve-dos-caminhoneiros-tabela-de-frete-e-uma-aberracao-diz-ministro\/#primaryimage"},"thumbnailUrl":"https:\/\/files.sunoresearch.com.br\/n\/uploads\/2019\/04\/8d1a7df0-bolsonaro-jpg.webp","datePublished":"2019-08-07T21:54:38+00:00","dateModified":"2019-08-12T17:06:15+00:00","description":"O ministro da Infraestrutura, Tarc\u00edsio de Freitas, declarou que a tabela de frete \u00e9 uma \u201caberra\u00e7\u00e3o\u201d. Clique aqui para saber mais.","breadcrumb":{"@id":"https:\/\/www.suno.com.br\/noticias\/greve-dos-caminhoneiros-tabela-de-frete-e-uma-aberracao-diz-ministro\/#breadcrumb"},"inLanguage":"pt-BR","potentialAction":[{"@type":"ReadAction","target":["https:\/\/www.suno.com.br\/noticias\/greve-dos-caminhoneiros-tabela-de-frete-e-uma-aberracao-diz-ministro\/"]}]},{"@type":"ImageObject","inLanguage":"pt-BR","@id":"https:\/\/www.suno.com.br\/noticias\/greve-dos-caminhoneiros-tabela-de-frete-e-uma-aberracao-diz-ministro\/#primaryimage","url":"https:\/\/files.sunoresearch.com.br\/n\/uploads\/2019\/04\/8d1a7df0-bolsonaro-jpg.webp","contentUrl":"https:\/\/files.sunoresearch.com.br\/n\/uploads\/2019\/04\/8d1a7df0-bolsonaro-jpg.webp","width":1140,"height":760,"caption":"Governo anuncia aux\u00edlio para caminhoneiros"},{"@type":"BreadcrumbList","@id":"https:\/\/www.suno.com.br\/noticias\/greve-dos-caminhoneiros-tabela-de-frete-e-uma-aberracao-diz-ministro\/#breadcrumb","itemListElement":[{"@type":"ListItem","position":1,"name":"Not\u00edcias","item":"https:\/\/www.suno.com.br\/noticias\/"},{"@type":"ListItem","position":2,"name":"Pol\u00edtica","item":"https:\/\/www.suno.com.br\/noticias\/politica\/"},{"@type":"ListItem","position":3,"name":"Greve dos caminhoneiros: tabela de frete \u00e9 uma aberra\u00e7\u00e3o, diz ministro"}]},{"@type":"WebSite","@id":"https:\/\/www.suno.com.br\/noticias\/#website","url":"https:\/\/www.suno.com.br\/noticias\/","name":"Suno Not\u00edcias","description":"Seu portal de informa\u00e7\u00e3o sobre o mundo dos investimentos","publisher":{"@id":"https:\/\/www.suno.com.br\/noticias\/#organization"},"potentialAction":[{"@type":"SearchAction","target":{"@type":"EntryPoint","urlTemplate":"https:\/\/www.suno.com.br\/noticias\/?s={search_term_string}"},"query-input":{"@type":"PropertyValueSpecification","valueRequired":true,"valueName":"search_term_string"}}],"inLanguage":"pt-BR"},{"@type":"Organization","@id":"https:\/\/www.suno.com.br\/noticias\/#organization","name":"Suno Not\u00edcias","url":"https:\/\/www.suno.com.br\/noticias\/","logo":{"@type":"ImageObject","inLanguage":"pt-BR","@id":"https:\/\/www.suno.com.br\/noticias\/#\/schema\/logo\/image\/","url":"https:\/\/files.sunoresearch.com.br\/n\/uploads\/2021\/09\/suno-logo.png","contentUrl":"https:\/\/files.sunoresearch.com.br\/n\/uploads\/2021\/09\/suno-logo.png","width":180,"height":180,"caption":"Suno Not\u00edcias"},"image":{"@id":"https:\/\/www.suno.com.br\/noticias\/#\/schema\/logo\/image\/"},"sameAs":["https:\/\/facebook.com\/sunoresearch","https:\/\/x.com\/sunoresearch","https:\/\/www.instagram.com\/suno","https:\/\/www.linkedin.com\/company\/suno-research\/","https:\/\/www.youtube.com\/c\/sunoresearch"]},{"@type":"Person","@id":"https:\/\/www.suno.com.br\/noticias\/#\/schema\/person\/e6e0f723cc177805027f4566c1d5e0c8","name":"Carlo Cauti","image":{"@type":"ImageObject","inLanguage":"pt-BR","@id":"https:\/\/www.suno.com.br\/noticias\/#\/schema\/person\/image\/","url":"https:\/\/secure.gravatar.com\/avatar\/3ada9e0bd164c23abd4792a9606d583c?s=96&r=g","contentUrl":"https:\/\/secure.gravatar.com\/avatar\/3ada9e0bd164c23abd4792a9606d583c?s=96&r=g","caption":"Carlo Cauti"},"description":"Editor multim\u00eddia do SUNO Not\u00edcias. Italiano, formado em Ci\u00eancias Pol\u00edticas pela universidade LUISS G. Carli de Roma e mestre cum laude em Rela\u00e7\u00f5es Internacionais, Jornalismo Internacional e de Guerra e em Economia Internacional. Concluiu tamb\u00e9m um MBA em Finan\u00e7as na B3. No Brasil, teve passagem por ve\u00edculos como Estad\u00e3o, Globo, Veja e EXAME. e nas ag\u00eancias de not\u00edcias italianas ANSA e NOVA.","url":"https:\/\/www.suno.com.br\/noticias\/author\/carlo-cauti\/"}]}},"default_loop_html":"<div class=\"cardsPage__listCard__boxs\"><div class=\"cardsPage__listCard__boxs__img\"><a href=\"https:\/\/www.suno.com.br\/noticias\/greve-dos-caminhoneiros-tabela-de-frete-e-uma-aberracao-diz-ministro\/\"><img class=\"mask\" src=\"https:\/\/www.suno.com.br\/noticias\/wp-content\/themes\/suno\/resources\/images\/spotlight\/spotlight1img\/bg-mask.png\" alt=\"Image Mask\"\/><img src=\"https:\/\/files.sunoresearch.com.br\/n\/uploads\/2019\/04\/8d1a7df0-bolsonaro-400x200.webp\" alt=\"Greve dos caminhoneiros: tabela de frete \u00e9 uma aberra\u00e7\u00e3o, diz ministro\"\/><\/a><span class=\"spotlightCategory\"><a href=\"https:\/\/www.suno.com.br\/noticias\/politica\/\">Pol\u00edtica<\/a><\/span><\/div><div class=\"cardsPage__listCard__boxs__content\"><a href=\"https:\/\/www.suno.com.br\/noticias\/greve-dos-caminhoneiros-tabela-de-frete-e-uma-aberracao-diz-ministro\/\"><h2 class=\"content__title\">Greve dos caminhoneiros: tabela de frete \u00e9 uma aberra\u00e7\u00e3o, diz ministro<\/h2><\/a><div class=\"newsContent__article__meta\"><div class=\"newsContent__article__meta__authorBox\"><a href=\"https:\/\/www.suno.com.br\/noticias\/author\/carlo-cauti\/\" class=\"authorBox__avatar noMobi\"><img src=\"https:\/\/files.sunoresearch.com.br\/n\/uploads\/2020\/08\/e3745f9a-perfil-carlo-cauti-150x150.webp\" alt=\"Carlo Cauti\"><\/a><div class=\"authorBox__name\"><span>por\n\t\t\t<a href=\"https:\/\/www.suno.com.br\/noticias\/author\/carlo-cauti\/\"><span itemprop=\"author\">Carlo Cauti<\/span><\/a><\/span><time datetime=\"2019-08-07T18:54:38-03:00\" itemprop=\"datePublished\">07\/08\/2019 18:54<\/time><\/div><\/div><\/div><\/div><\/div>","single_layout":"posts","amp_enabled":true,"_links":{"self":[{"href":"https:\/\/www.suno.com.br\/noticias\/wp-json\/wp\/v2\/posts\/33339"}],"collection":[{"href":"https:\/\/www.suno.com.br\/noticias\/wp-json\/wp\/v2\/posts"}],"about":[{"href":"https:\/\/www.suno.com.br\/noticias\/wp-json\/wp\/v2\/types\/post"}],"author":[{"embeddable":true,"href":"https:\/\/www.suno.com.br\/noticias\/wp-json\/wp\/v2\/users\/9"}],"replies":[{"embeddable":true,"href":"https:\/\/www.suno.com.br\/noticias\/wp-json\/wp\/v2\/comments?post=33339"}],"version-history":[{"count":0,"href":"https:\/\/www.suno.com.br\/noticias\/wp-json\/wp\/v2\/posts\/33339\/revisions"}],"wp:featuredmedia":[{"embeddable":true,"href":"https:\/\/www.suno.com.br\/noticias\/wp-json\/wp\/v2\/media\/20883"}],"wp:attachment":[{"href":"https:\/\/www.suno.com.br\/noticias\/wp-json\/wp\/v2\/media?parent=33339"}],"wp:term":[{"taxonomy":"category","embeddable":true,"href":"https:\/\/www.suno.com.br\/noticias\/wp-json\/wp\/v2\/categories?post=33339"},{"taxonomy":"post_tag","embeddable":true,"href":"https:\/\/www.suno.com.br\/noticias\/wp-json\/wp\/v2\/tags?post=33339"},{"taxonomy":"suno_strategy","embeddable":true,"href":"https:\/\/www.suno.com.br\/noticias\/wp-json\/wp\/v2\/suno_strategy?post=33339"}],"curies":[{"name":"wp","href":"https:\/\/api.w.org\/{rel}","templated":true}]}}