{"id":333378,"date":"2022-12-13T07:45:54","date_gmt":"2022-12-13T10:45:54","guid":{"rendered":"https:\/\/www.suno.com.br\/noticias\/?p=333378"},"modified":"2022-12-13T07:45:58","modified_gmt":"2022-12-13T10:45:58","slug":"revisao-orcamento-espaco-fiscal-pec","status":"publish","type":"post","link":"https:\/\/www.suno.com.br\/noticias\/revisao-orcamento-espaco-fiscal-pec\/","title":{"rendered":"Revis\u00e3o do or\u00e7amento deixa R$ 168 bilh\u00f5es de &#8216;espa\u00e7o fiscal a mais com PEC da Transi\u00e7\u00e3o"},"content":{"rendered":"<p>O relator-geral do <strong>Or\u00e7amento<\/strong>, senador Marcelo Castro (MDB-PI), revisou os n\u00fameros de seu parecer final na noite desta segunda-feira (12). <\/p><div class=\"videoFull \">\n\t\t\t<div class=\"videoWrapper yt-lazyload center\"\n\t\t\t\tdata-width=\"960\"\n\t\t\t\tdata-height=\"540\"\n\t\t\t\tdata-id=\"NND0Den7fxw\"\n\t\t\t\tdata-alt=\"V\u00eddeo do YouTube - clique para reproduzir\"\n\t\t\t\tdata-logo=\"3\"\n\t\t\t\tdata-imagequality=\"maxres\">\n\t\t\t<\/div>\n\t\t<\/div><script type=\"application\/ld+json\">{\"@context\":\"https:\/\/schema.org\",\"@type\":\"VideoObject\",\"name\":\"LULA DEVE ANUNCIAR MAIS MINISTROS | Haddad comp\u00f5e equipe | Lei das Estatais amea\u00e7ada?\",\"description\":\"\u26a1 SUNO PREMIUM COM 30% DE DESCONTO \ud835\udde3\ud835\udde2\ud835\udde5 \ud835\udde7\ud835\uddd8\ud835\udde0\ud835\udde3\ud835\udde2 \ud835\udddf\ud835\udddc\ud835\udde0\ud835\udddc\ud835\udde7\ud835\uddd4\ud835\uddd7\ud835\udde2. https:\/\/lp.suno.com.br\/pv\/sr-premium\/viver-de-renda\/?utm_source=youtube.noticias&utm_medium=live&utm_campaign=RS.SPR22.ns.20221209&utm_content=ytnoticias.live.13122022 #morningcall #Not\u00edcias #mercadofinanceiro #investimentos #bolsadevalores #lula #pol\u00edtica #economia #haddad #fernandohaddad #estatais #petr4 #bbas3 #copom #federalreserve \ud835\udc08\ud835\udc0d\ud835\udc12\ud835\udc02\ud835\udc11\ud835\udc04\ud835\udc15\ud835\udc00-\ud835\udc12\ud835\udc04 \ud835\udc0d\ud835\udc0e \ud835\udc02\ud835\udc00\ud835\udc0d\ud835\udc00\ud835\udc0b \ud835\udc04 \ud835\udc00\ud835\udc13\ud835\udc08\ud835\udc15\ud835\udc04 \ud835\udc0e \ud835\udc12\ud835\udc08\ud835\udc0d\ud835\udc0e \ud83d\udc47 https:\/\/bit.ly\/INSCREVA-SEATIVEOSINO \ud83d\udcda \ud83d\udcb8 \ud83d\udcca \ud835\udde3\ud835\udddf\ud835\uddd4\ud835\udde1\ud835\udddc\ud835\udddf\ud835\udddb\ud835\uddd4 \ud835\uddd7\ud835\uddd8 \ud835\uddd6\ud835\udde2\ud835\udde1\ud835\udde7\ud835\udde5\ud835\udde2\ud835\udddf\ud835\uddd8 \ud835\uddd9\ud835\udddc\ud835\udde1\ud835\uddd4\ud835\udde1\ud835\uddd6\ud835\uddd8\ud835\udddc\ud835\udde5\ud835\udde2: \ud835\uddd5\ud835\uddee\ud835\uddf6\ud835\ude05\ud835\uddf2 \ud835\uddee \ud835\uddfd\ud835\uddf9\ud835\uddee\ud835\uddfb\ud835\uddf6\ud835\uddf9\ud835\uddf5\ud835\uddee AGORA antes que acabe! \ud83d\udc49 https:\/\/lp.suno.com.br\/planilha-da-vida-financeira\/?utm_source=youtube.noticias&utm_medium=live&utm_campaign=planilhadavidafinanceira.20221128&utm_content=ytnoticias.morning.02122022 \ud83d\udcda \ud835\udc04-\ud835\udc1b\ud835\udc28\ud835\udc28\ud835\udc24 \"\ud835\udc02\ud835\udc28\ud835\udc26\ud835\udc28 \ud835\udc22\ud835\udc27\ud835\udc2f\ud835\udc1e\ud835\udc2c\ud835\udc2d\ud835\udc22\ud835\udc2b\u2026\",\"duration\":\"PT30M39S\",\"embedUrl\":\"https:\/\/www.youtube.com\/embed\/NND0Den7fxw\",\"regionsAllowed\":\"pt-BR\",\"interactionStatistic\":{\"@type\":\"InteractionCounter\",\"interactionType\":{\"@type\":\"WatchAction\"},\"userInteractionCount\":2035},\"thumbnailUrl\":\"https:\/\/i.ytimg.com\/vi\/NND0Den7fxw\/default.jpg\",\"uploadDate\":\"2022-12-13T12:33:52Z\"}<\/script>\n\n\n\n\n\t<p>\n\t\t<a href=\"\" target=\"_blank\" data-element=\"shortcode-suno-banner\" title=\"Banner SUNO, clique e saiba mais\">\n\t\t\t<picture>\n\t\t\t\t<source media=\"(max-width: 500px)\" srcset=\"\">\n\t\t\t\t<img class=\"newsContent__article__imgCapa newsContent__article__imgCapa--banner\"\n\t\t\t\t\tsrc=\"\"\n\t\t\t\t\tdata-promo-id=\"240038\"\t\t\t\t\t\t\t\t\t\t\t\t\t\t\talt=\"\"\n\t\t\t\t>\n\t\t\t<\/picture>\n\t\t<\/a>\n\t<\/p>\n\n\n\n\n\n<p>Nessa revis\u00e3o do texto sobre o or\u00e7amento o senador considerou um <strong>espa\u00e7o fiscal <\/strong>a mais de R$ 168 bilh\u00f5es, com a amplia\u00e7\u00e3o de R$ 145 bilh\u00f5es do teto de gastos e o valor de R$ 23 bilh\u00f5es das receitas extraordin\u00e1rias que ficar\u00e3o fora do teto.<\/p>\n\n\n\n<p>Isso, j\u00e1 considerando o texto da <strong>Proposta de Emenda \u00e0 Constitui\u00e7\u00e3o (PEC) da transi\u00e7\u00e3o <\/strong>aprovada no Senado.<\/p>\n\n\n\n<p>Nesta ter\u00e7a (13), \u00e0s 10h30, Castro conceder\u00e1 uma entrevista coletiva para detalhar seu parecer. <\/p>\n\n\n\n<p>O relator espera que o texto seja votado nesta quinta-feira, 15, na Comiss\u00e3o Mista de Or\u00e7amento e semana que vem no plen\u00e1rio do Congresso. A <strong>PEC da Transi\u00e7\u00e3o<\/strong>, que abre espa\u00e7o no Or\u00e7amento, ainda precisa do aval da C\u00e2mara.<\/p>\n\n\n\n<p>No texto final, o parlamentar revisou alguns n\u00fameros, como a recomposi\u00e7\u00e3o de <strong>verbas <\/strong>para a Educa\u00e7\u00e3o, de R$ 11,2 bilh\u00f5es para R$ 10,8 bilh\u00f5es, e para o Desenvolvimento Regional, de R$ 9,5 bilh\u00f5es para R$ 18,8 bilh\u00f5es, levando em conta as receitas extraordin\u00e1rias. <\/p>\n\n\n\n<p>O senador manteve em R$ 6,8 bilh\u00f5es a previs\u00e3o de recursos para o aumento real do sal\u00e1rio m\u00ednimo, cujo valor deve ficar em R$ 1.320.<\/p>\n\n\n\n<p>Castro manteve a verba prevista para o Minist\u00e9rio da Cidadania em R$ 75 bilh\u00f5es &#8211; R$ 70 bilh\u00f5es para pagar a parcela de R$ 600 do Bolsa Fam\u00edlia e o adicional de R$ 150 para cada crian\u00e7a de at\u00e9 seis anos e R$ 5 bilh\u00f5es para outros programas sociais.<\/p>\n\n\n\n<p>O relator tamb\u00e9m manteve a recomposi\u00e7\u00e3o para Sa\u00fade em R$ 22,7 bilh\u00f5es. Castro ainda prev\u00ea a destina\u00e7\u00e3o de R$ 12,2 bilh\u00f5es a mais para o Minist\u00e9rio da Infraestrutura, com base nas receitas extraordin\u00e1rias.<\/p>\n\n\n\t<p>\n\t\t<a href=\"https:\/\/lp.suno.com.br\/planilha-controle-gastos\/\" target=\"_blank\" data-element=\"shortcode-suno-banner\" title=\"Banner SUNO, clique e saiba mais\">\n\t\t\t<picture>\n\t\t\t\t<source media=\"(max-width: 500px)\" srcset=\"https:\/\/files.sunoresearch.com.br\/n\/uploads\/2023\/03\/400x300-Planilha-controle-de-gastos.png\">\n\t\t\t\t<img class=\"newsContent__article__imgCapa newsContent__article__imgCapa--banner\"\n\t\t\t\t\tsrc=\"https:\/\/files.sunoresearch.com.br\/n\/uploads\/2023\/03\/1420x240-Planilha-controle-de-gastos.png\"\n\t\t\t\t\tdata-promo-id=\"101751\"\t\t\t\t\t\t\t\t\t\twidth='1420' height='240'\t\t\t\t\talt=\"https:\/\/files.sunoresearch.com.br\/n\/uploads\/2023\/03\/1420x240-Planilha-controle-de-gastos.png\"\n\t\t\t\t>\n\t\t\t<\/picture>\n\t\t<\/a>\n\t<\/p>\n\n\n\n\n\n<h2 class=\"wp-block-heading\" id=\"h-veja-as-recomposicoes-de-verbas-no-orcamento\">Veja as recomposi\u00e7\u00f5es de verbas no or\u00e7amento<\/h2>\n\n\n\n<p>A recomposi\u00e7\u00e3o de verbas para a Defesa passou de R$ 500 milh\u00f5es para R$ 1 bilh\u00e3o.<\/p>\n\n\n\n<p>J\u00e1 para a Ci\u00eancia e Tecnologia, ficou em R$ 5 bilh\u00f5es e, para o Minist\u00e9rio da Economia, se manteve em R$ 1,75 bilh\u00e3o<\/p>\n\n\n\n<p>Na a Justi\u00e7a e Seguran\u00e7a P\u00fablica, continuou em R$ 800 milh\u00f5es.<\/p>\n\n\n\n<p>Para o Minist\u00e9rio do Trabalho e Previd\u00eancia, ficou em R$ 400 milh\u00f5es enquanto para as Comunica\u00e7\u00f5es, continuou em R$ 126,4 milh\u00f5es.<\/p>\n\n\n\n<p>Oara o Turismo, foi de R$ 3,7 bilh\u00f5es para R$ 4,1 bilh\u00f5es.<\/p>\n\n\n\n<p>Para o Meio Ambiente, se manteve em R$ 536 milh\u00f5es enquanto, para o Minist\u00e9rio da Mulher, Fam\u00edlia e Direitos Humanos, ficou em R$ 250 milh\u00f5es.<\/p>\n\n\n\n<p>Para o Banco do Brasil (BBAS3), continuou em R$ 10 milh\u00f5es.<\/p>\n\n\n\n<p>Por fim, dentro das recomposi\u00e7\u00f5es do <strong>or\u00e7amento<\/strong>, o da Presid\u00eancia da Rep\u00fablica se manteve em R$ 35 milh\u00f5es e, para os encargos financeiros da Uni\u00e3o, saiu de R$ 5,75 bilh\u00f5es para R$ 5,6 bilh\u00f5es; <\/p>\n\n\n\n<p>Com Estad\u00e3o Conte\u00fado<\/p>\n\n\n\t<p>\n\t\t<a href=\"https:\/\/lp.suno.com.br\/planilha-da-vida-financeira\/\" target=\"_blank\" data-element=\"shortcode-suno-banner\" title=\"Banner SUNO, clique e saiba mais\">\n\t\t\t<picture>\n\t\t\t\t<source media=\"(max-width: 500px)\" srcset=\"https:\/\/files.sunoresearch.com.br\/n\/uploads\/2023\/04\/400x300-Planilha-vida-financeira-true.png\">\n\t\t\t\t<img class=\"newsContent__article__imgCapa newsContent__article__imgCapa--banner\"\n\t\t\t\t\tsrc=\"https:\/\/files.sunoresearch.com.br\/n\/uploads\/2023\/04\/1420x240-Planilha-vida-financeira-true.png\"\n\t\t\t\t\tdata-promo-id=\"106682\"\t\t\t\t\t\t\t\t\t\twidth='1420' height='240'\t\t\t\t\talt=\"https:\/\/files.sunoresearch.com.br\/n\/uploads\/2023\/04\/1420x240-Planilha-vida-financeira-true.png\"\n\t\t\t\t>\n\t\t\t<\/picture>\n\t\t<\/a>\n\t<\/p>\n\n\n","protected":false},"excerpt":{"rendered":"<p>O relator-geral do Or\u00e7amento, senador Marcelo Castro (MDB-PI), revisou os n\u00fameros de seu parecer final na noite desta segunda-feira (12). Nessa revis\u00e3o do texto sobre o or\u00e7amento o senador considerou um espa\u00e7o fiscal a mais de R$ 168 bilh\u00f5es, com a amplia\u00e7\u00e3o de R$ 145 bilh\u00f5es do teto de gastos e o valor de R$ [&hellip;]<\/p>\n","protected":false},"author":73,"featured_media":331875,"comment_status":"closed","ping_status":"closed","sticky":false,"template":"","format":"standard","meta":[],"categories":[61],"tags":[106444,1128,83329],"suno_strategy":[],"class_list":["post-333378","post","type-post","status-publish","format-standard","has-post-thumbnail","hentry","category-politica","tag-agencias","tag-orcamento-publico","tag-teto-de-gastos"],"yoast_head":"<!-- This site is optimized with the Yoast SEO plugin v24.4 - https:\/\/yoast.com\/wordpress\/plugins\/seo\/ -->\n<title>Revis\u00e3o do or\u00e7amento deixa R$ 168 bi de espa\u00e7o fiscal a mais com PEC<\/title>\n<meta name=\"description\" content=\"O relator espera que o texto seja votado nesta quinta-feira, 15, na Comiss\u00e3o Mista de Or\u00e7amento. Clique e confira!\" \/>\n<meta name=\"robots\" content=\"index, follow, max-snippet:-1, max-image-preview:large, max-video-preview:-1\" \/>\n<link rel=\"canonical\" href=\"https:\/\/www.suno.com.br\/noticias\/revisao-orcamento-espaco-fiscal-pec\/\" \/>\n<meta property=\"og:locale\" content=\"pt_BR\" \/>\n<meta property=\"og:type\" content=\"article\" \/>\n<meta property=\"og:title\" content=\"Revis\u00e3o do or\u00e7amento deixa R$ 168 bi de espa\u00e7o fiscal a mais com PEC\" \/>\n<meta property=\"og:description\" content=\"O relator espera que o texto seja votado nesta quinta-feira, 15, na Comiss\u00e3o Mista de Or\u00e7amento. Clique e confira!\" \/>\n<meta property=\"og:url\" content=\"https:\/\/www.suno.com.br\/noticias\/revisao-orcamento-espaco-fiscal-pec\/\" \/>\n<meta property=\"og:site_name\" content=\"Suno Not\u00edcias\" \/>\n<meta property=\"article:publisher\" content=\"https:\/\/facebook.com\/sunoresearch\" \/>\n<meta property=\"og:image\" content=\"https:\/\/files.sunoresearch.com.br\/n\/uploads\/2022\/12\/Marcelo-Castro.jpg\" \/>\n\t<meta property=\"og:image:width\" content=\"1300\" \/>\n\t<meta property=\"og:image:height\" content=\"867\" \/>\n\t<meta property=\"og:image:type\" content=\"image\/jpeg\" \/>\n<meta name=\"author\" content=\"Eduardo Vargas\" \/>\n<meta name=\"twitter:card\" content=\"summary_large_image\" \/>\n<meta name=\"twitter:creator\" content=\"@sunoresearch\" \/>\n<meta name=\"twitter:site\" content=\"@sunoresearch\" \/>\n<meta name=\"twitter:label1\" content=\"Escrito por\" \/>\n\t<meta name=\"twitter:data1\" content=\"Eduardo Vargas\" \/>\n\t<meta name=\"twitter:label2\" content=\"Est. tempo de leitura\" \/>\n\t<meta name=\"twitter:data2\" content=\"3 minutos\" \/>\n<script type=\"application\/ld+json\" class=\"yoast-schema-graph\">{\"@context\":\"https:\/\/schema.org\",\"@graph\":[{\"@type\":\"NewsArticle\",\"@id\":\"https:\/\/www.suno.com.br\/noticias\/revisao-orcamento-espaco-fiscal-pec\/#article\",\"isPartOf\":{\"@id\":\"https:\/\/www.suno.com.br\/noticias\/revisao-orcamento-espaco-fiscal-pec\/\"},\"author\":{\"name\":\"Eduardo Vargas\",\"@id\":\"https:\/\/www.suno.com.br\/noticias\/#\/schema\/person\/7f4d362bf3518e76090143ae77bb49a5\"},\"headline\":\"Revis\u00e3o do or\u00e7amento deixa R$ 168 bilh\u00f5es de &#8216;espa\u00e7o fiscal a mais com PEC da Transi\u00e7\u00e3o\",\"datePublished\":\"2022-12-13T10:45:54+00:00\",\"dateModified\":\"2022-12-13T10:45:58+00:00\",\"mainEntityOfPage\":{\"@id\":\"https:\/\/www.suno.com.br\/noticias\/revisao-orcamento-espaco-fiscal-pec\/\"},\"wordCount\":524,\"publisher\":{\"@id\":\"https:\/\/www.suno.com.br\/noticias\/#organization\"},\"image\":{\"@id\":\"https:\/\/www.suno.com.br\/noticias\/revisao-orcamento-espaco-fiscal-pec\/#primaryimage\"},\"thumbnailUrl\":\"https:\/\/files.sunoresearch.com.br\/n\/uploads\/2022\/12\/Marcelo-Castro.jpg\",\"keywords\":[\"Ag\u00eancias\",\"Or\u00e7amento P\u00fablico\",\"teto de gastos\"],\"articleSection\":[\"Pol\u00edtica\"],\"inLanguage\":\"pt-BR\"},{\"@type\":\"WebPage\",\"@id\":\"https:\/\/www.suno.com.br\/noticias\/revisao-orcamento-espaco-fiscal-pec\/\",\"url\":\"https:\/\/www.suno.com.br\/noticias\/revisao-orcamento-espaco-fiscal-pec\/\",\"name\":\"Revis\u00e3o do or\u00e7amento deixa R$ 168 bi de espa\u00e7o fiscal a mais com PEC\",\"isPartOf\":{\"@id\":\"https:\/\/www.suno.com.br\/noticias\/#website\"},\"primaryImageOfPage\":{\"@id\":\"https:\/\/www.suno.com.br\/noticias\/revisao-orcamento-espaco-fiscal-pec\/#primaryimage\"},\"image\":{\"@id\":\"https:\/\/www.suno.com.br\/noticias\/revisao-orcamento-espaco-fiscal-pec\/#primaryimage\"},\"thumbnailUrl\":\"https:\/\/files.sunoresearch.com.br\/n\/uploads\/2022\/12\/Marcelo-Castro.jpg\",\"datePublished\":\"2022-12-13T10:45:54+00:00\",\"dateModified\":\"2022-12-13T10:45:58+00:00\",\"description\":\"O relator espera que o texto seja votado nesta quinta-feira, 15, na Comiss\u00e3o Mista de Or\u00e7amento. Clique e confira!\",\"breadcrumb\":{\"@id\":\"https:\/\/www.suno.com.br\/noticias\/revisao-orcamento-espaco-fiscal-pec\/#breadcrumb\"},\"inLanguage\":\"pt-BR\",\"potentialAction\":[{\"@type\":\"ReadAction\",\"target\":[\"https:\/\/www.suno.com.br\/noticias\/revisao-orcamento-espaco-fiscal-pec\/\"]}]},{\"@type\":\"ImageObject\",\"inLanguage\":\"pt-BR\",\"@id\":\"https:\/\/www.suno.com.br\/noticias\/revisao-orcamento-espaco-fiscal-pec\/#primaryimage\",\"url\":\"https:\/\/files.sunoresearch.com.br\/n\/uploads\/2022\/12\/Marcelo-Castro.jpg\",\"contentUrl\":\"https:\/\/files.sunoresearch.com.br\/n\/uploads\/2022\/12\/Marcelo-Castro.jpg\",\"width\":1300,\"height\":867,\"caption\":\"Marcelo Castro. Foto: Pedro Fran\u00e7a\/Ag\u00eancia Senado\"},{\"@type\":\"BreadcrumbList\",\"@id\":\"https:\/\/www.suno.com.br\/noticias\/revisao-orcamento-espaco-fiscal-pec\/#breadcrumb\",\"itemListElement\":[{\"@type\":\"ListItem\",\"position\":1,\"name\":\"Not\u00edcias\",\"item\":\"https:\/\/www.suno.com.br\/noticias\/\"},{\"@type\":\"ListItem\",\"position\":2,\"name\":\"Pol\u00edtica\",\"item\":\"https:\/\/www.suno.com.br\/noticias\/politica\/\"},{\"@type\":\"ListItem\",\"position\":3,\"name\":\"Revis\u00e3o do or\u00e7amento deixa R$ 168 bilh\u00f5es de &#8216;espa\u00e7o fiscal a mais com PEC da Transi\u00e7\u00e3o\"}]},{\"@type\":\"WebSite\",\"@id\":\"https:\/\/www.suno.com.br\/noticias\/#website\",\"url\":\"https:\/\/www.suno.com.br\/noticias\/\",\"name\":\"Suno Not\u00edcias\",\"description\":\"Seu portal de informa\u00e7\u00e3o sobre o mundo dos investimentos\",\"publisher\":{\"@id\":\"https:\/\/www.suno.com.br\/noticias\/#organization\"},\"potentialAction\":[{\"@type\":\"SearchAction\",\"target\":{\"@type\":\"EntryPoint\",\"urlTemplate\":\"https:\/\/www.suno.com.br\/noticias\/?s={search_term_string}\"},\"query-input\":{\"@type\":\"PropertyValueSpecification\",\"valueRequired\":true,\"valueName\":\"search_term_string\"}}],\"inLanguage\":\"pt-BR\"},{\"@type\":\"Organization\",\"@id\":\"https:\/\/www.suno.com.br\/noticias\/#organization\",\"name\":\"Suno Not\u00edcias\",\"url\":\"https:\/\/www.suno.com.br\/noticias\/\",\"logo\":{\"@type\":\"ImageObject\",\"inLanguage\":\"pt-BR\",\"@id\":\"https:\/\/www.suno.com.br\/noticias\/#\/schema\/logo\/image\/\",\"url\":\"https:\/\/files.sunoresearch.com.br\/n\/uploads\/2021\/09\/suno-logo.png\",\"contentUrl\":\"https:\/\/files.sunoresearch.com.br\/n\/uploads\/2021\/09\/suno-logo.png\",\"width\":180,\"height\":180,\"caption\":\"Suno Not\u00edcias\"},\"image\":{\"@id\":\"https:\/\/www.suno.com.br\/noticias\/#\/schema\/logo\/image\/\"},\"sameAs\":[\"https:\/\/facebook.com\/sunoresearch\",\"https:\/\/x.com\/sunoresearch\",\"https:\/\/www.instagram.com\/suno\",\"https:\/\/www.linkedin.com\/company\/suno-research\/\",\"https:\/\/www.youtube.com\/c\/sunoresearch\"]},{\"@type\":\"Person\",\"@id\":\"https:\/\/www.suno.com.br\/noticias\/#\/schema\/person\/7f4d362bf3518e76090143ae77bb49a5\",\"name\":\"Eduardo Vargas\",\"image\":{\"@type\":\"ImageObject\",\"inLanguage\":\"pt-BR\",\"@id\":\"https:\/\/www.suno.com.br\/noticias\/#\/schema\/person\/image\/\",\"url\":\"https:\/\/secure.gravatar.com\/avatar\/dac340933427a22924c9f99d1eb2e3f2?s=96&r=g\",\"contentUrl\":\"https:\/\/secure.gravatar.com\/avatar\/dac340933427a22924c9f99d1eb2e3f2?s=96&r=g\",\"caption\":\"Eduardo Vargas\"},\"description\":\"Jornalista formado pela UFSC, cobre macroeconomia, neg\u00f3cios e startups para o Suno Not\u00edcias, escrevendo principalmente not\u00edcias sobre o mercado financeiro e a bolsa de valores. No YouTube e no Instagram, \u00e9 respons\u00e1vel pela produ\u00e7\u00e3o de Reels e Shorts do Suno Not\u00edcias. Anteriormente, trabalhou cobrindo economia e cotidiano no ND+ e para o ND, maior jornal impresso de Santa Catarina. Cursou um semestre letivo de Estudos de M\u00eddia na Universidad de Buenos Aires.\",\"url\":\"https:\/\/www.suno.com.br\/noticias\/author\/eduardo-vargas\/\"}]}<\/script>\n<!-- \/ Yoast SEO plugin. -->","yoast_head_json":{"title":"Revis\u00e3o do or\u00e7amento deixa R$ 168 bi de espa\u00e7o fiscal a mais com PEC","description":"O relator espera que o texto seja votado nesta quinta-feira, 15, na Comiss\u00e3o Mista de Or\u00e7amento. Clique e confira!","robots":{"index":"index","follow":"follow","max-snippet":"max-snippet:-1","max-image-preview":"max-image-preview:large","max-video-preview":"max-video-preview:-1"},"canonical":"https:\/\/www.suno.com.br\/noticias\/revisao-orcamento-espaco-fiscal-pec\/","og_locale":"pt_BR","og_type":"article","og_title":"Revis\u00e3o do or\u00e7amento deixa R$ 168 bi de espa\u00e7o fiscal a mais com PEC","og_description":"O relator espera que o texto seja votado nesta quinta-feira, 15, na Comiss\u00e3o Mista de Or\u00e7amento. Clique e confira!","og_url":"https:\/\/www.suno.com.br\/noticias\/revisao-orcamento-espaco-fiscal-pec\/","og_site_name":"Suno Not\u00edcias","article_publisher":"https:\/\/facebook.com\/sunoresearch","og_image":[{"width":1300,"height":867,"url":"https:\/\/files.sunoresearch.com.br\/n\/uploads\/2022\/12\/Marcelo-Castro.jpg","type":"image\/jpeg"}],"author":"Eduardo Vargas","twitter_card":"summary_large_image","twitter_creator":"@sunoresearch","twitter_site":"@sunoresearch","twitter_misc":{"Escrito por":"Eduardo Vargas","Est. tempo de leitura":"3 minutos"},"schema":{"@context":"https:\/\/schema.org","@graph":[{"@type":"NewsArticle","@id":"https:\/\/www.suno.com.br\/noticias\/revisao-orcamento-espaco-fiscal-pec\/#article","isPartOf":{"@id":"https:\/\/www.suno.com.br\/noticias\/revisao-orcamento-espaco-fiscal-pec\/"},"author":{"name":"Eduardo Vargas","@id":"https:\/\/www.suno.com.br\/noticias\/#\/schema\/person\/7f4d362bf3518e76090143ae77bb49a5"},"headline":"Revis\u00e3o do or\u00e7amento deixa R$ 168 bilh\u00f5es de &#8216;espa\u00e7o fiscal a mais com PEC da Transi\u00e7\u00e3o","datePublished":"2022-12-13T10:45:54+00:00","dateModified":"2022-12-13T10:45:58+00:00","mainEntityOfPage":{"@id":"https:\/\/www.suno.com.br\/noticias\/revisao-orcamento-espaco-fiscal-pec\/"},"wordCount":524,"publisher":{"@id":"https:\/\/www.suno.com.br\/noticias\/#organization"},"image":{"@id":"https:\/\/www.suno.com.br\/noticias\/revisao-orcamento-espaco-fiscal-pec\/#primaryimage"},"thumbnailUrl":"https:\/\/files.sunoresearch.com.br\/n\/uploads\/2022\/12\/Marcelo-Castro.jpg","keywords":["Ag\u00eancias","Or\u00e7amento P\u00fablico","teto de gastos"],"articleSection":["Pol\u00edtica"],"inLanguage":"pt-BR"},{"@type":"WebPage","@id":"https:\/\/www.suno.com.br\/noticias\/revisao-orcamento-espaco-fiscal-pec\/","url":"https:\/\/www.suno.com.br\/noticias\/revisao-orcamento-espaco-fiscal-pec\/","name":"Revis\u00e3o do or\u00e7amento deixa R$ 168 bi de espa\u00e7o fiscal a mais com PEC","isPartOf":{"@id":"https:\/\/www.suno.com.br\/noticias\/#website"},"primaryImageOfPage":{"@id":"https:\/\/www.suno.com.br\/noticias\/revisao-orcamento-espaco-fiscal-pec\/#primaryimage"},"image":{"@id":"https:\/\/www.suno.com.br\/noticias\/revisao-orcamento-espaco-fiscal-pec\/#primaryimage"},"thumbnailUrl":"https:\/\/files.sunoresearch.com.br\/n\/uploads\/2022\/12\/Marcelo-Castro.jpg","datePublished":"2022-12-13T10:45:54+00:00","dateModified":"2022-12-13T10:45:58+00:00","description":"O relator espera que o texto seja votado nesta quinta-feira, 15, na Comiss\u00e3o Mista de Or\u00e7amento. Clique e confira!","breadcrumb":{"@id":"https:\/\/www.suno.com.br\/noticias\/revisao-orcamento-espaco-fiscal-pec\/#breadcrumb"},"inLanguage":"pt-BR","potentialAction":[{"@type":"ReadAction","target":["https:\/\/www.suno.com.br\/noticias\/revisao-orcamento-espaco-fiscal-pec\/"]}]},{"@type":"ImageObject","inLanguage":"pt-BR","@id":"https:\/\/www.suno.com.br\/noticias\/revisao-orcamento-espaco-fiscal-pec\/#primaryimage","url":"https:\/\/files.sunoresearch.com.br\/n\/uploads\/2022\/12\/Marcelo-Castro.jpg","contentUrl":"https:\/\/files.sunoresearch.com.br\/n\/uploads\/2022\/12\/Marcelo-Castro.jpg","width":1300,"height":867,"caption":"Marcelo Castro. Foto: Pedro Fran\u00e7a\/Ag\u00eancia Senado"},{"@type":"BreadcrumbList","@id":"https:\/\/www.suno.com.br\/noticias\/revisao-orcamento-espaco-fiscal-pec\/#breadcrumb","itemListElement":[{"@type":"ListItem","position":1,"name":"Not\u00edcias","item":"https:\/\/www.suno.com.br\/noticias\/"},{"@type":"ListItem","position":2,"name":"Pol\u00edtica","item":"https:\/\/www.suno.com.br\/noticias\/politica\/"},{"@type":"ListItem","position":3,"name":"Revis\u00e3o do or\u00e7amento deixa R$ 168 bilh\u00f5es de &#8216;espa\u00e7o fiscal a mais com PEC da Transi\u00e7\u00e3o"}]},{"@type":"WebSite","@id":"https:\/\/www.suno.com.br\/noticias\/#website","url":"https:\/\/www.suno.com.br\/noticias\/","name":"Suno Not\u00edcias","description":"Seu portal de informa\u00e7\u00e3o sobre o mundo dos investimentos","publisher":{"@id":"https:\/\/www.suno.com.br\/noticias\/#organization"},"potentialAction":[{"@type":"SearchAction","target":{"@type":"EntryPoint","urlTemplate":"https:\/\/www.suno.com.br\/noticias\/?s={search_term_string}"},"query-input":{"@type":"PropertyValueSpecification","valueRequired":true,"valueName":"search_term_string"}}],"inLanguage":"pt-BR"},{"@type":"Organization","@id":"https:\/\/www.suno.com.br\/noticias\/#organization","name":"Suno Not\u00edcias","url":"https:\/\/www.suno.com.br\/noticias\/","logo":{"@type":"ImageObject","inLanguage":"pt-BR","@id":"https:\/\/www.suno.com.br\/noticias\/#\/schema\/logo\/image\/","url":"https:\/\/files.sunoresearch.com.br\/n\/uploads\/2021\/09\/suno-logo.png","contentUrl":"https:\/\/files.sunoresearch.com.br\/n\/uploads\/2021\/09\/suno-logo.png","width":180,"height":180,"caption":"Suno Not\u00edcias"},"image":{"@id":"https:\/\/www.suno.com.br\/noticias\/#\/schema\/logo\/image\/"},"sameAs":["https:\/\/facebook.com\/sunoresearch","https:\/\/x.com\/sunoresearch","https:\/\/www.instagram.com\/suno","https:\/\/www.linkedin.com\/company\/suno-research\/","https:\/\/www.youtube.com\/c\/sunoresearch"]},{"@type":"Person","@id":"https:\/\/www.suno.com.br\/noticias\/#\/schema\/person\/7f4d362bf3518e76090143ae77bb49a5","name":"Eduardo Vargas","image":{"@type":"ImageObject","inLanguage":"pt-BR","@id":"https:\/\/www.suno.com.br\/noticias\/#\/schema\/person\/image\/","url":"https:\/\/secure.gravatar.com\/avatar\/dac340933427a22924c9f99d1eb2e3f2?s=96&r=g","contentUrl":"https:\/\/secure.gravatar.com\/avatar\/dac340933427a22924c9f99d1eb2e3f2?s=96&r=g","caption":"Eduardo Vargas"},"description":"Jornalista formado pela UFSC, cobre macroeconomia, neg\u00f3cios e startups para o Suno Not\u00edcias, escrevendo principalmente not\u00edcias sobre o mercado financeiro e a bolsa de valores. No YouTube e no Instagram, \u00e9 respons\u00e1vel pela produ\u00e7\u00e3o de Reels e Shorts do Suno Not\u00edcias. Anteriormente, trabalhou cobrindo economia e cotidiano no ND+ e para o ND, maior jornal impresso de Santa Catarina. Cursou um semestre letivo de Estudos de M\u00eddia na Universidad de Buenos Aires.","url":"https:\/\/www.suno.com.br\/noticias\/author\/eduardo-vargas\/"}]}},"default_loop_html":"<div class=\"cardsPage__listCard__boxs\"><div class=\"cardsPage__listCard__boxs__img\"><a href=\"https:\/\/www.suno.com.br\/noticias\/revisao-orcamento-espaco-fiscal-pec\/\"><img class=\"mask\" src=\"https:\/\/www.suno.com.br\/noticias\/wp-content\/themes\/suno\/resources\/images\/spotlight\/spotlight1img\/bg-mask.png\" alt=\"Image Mask\"\/><img src=\"https:\/\/files.sunoresearch.com.br\/n\/uploads\/2022\/12\/Marcelo-Castro-400x200.jpg\" alt=\"Revis\u00e3o do or\u00e7amento deixa R$ 168 bilh\u00f5es de &#8216;espa\u00e7o fiscal a mais com PEC da Transi\u00e7\u00e3o\"\/><\/a><span class=\"spotlightCategory\"><a href=\"https:\/\/www.suno.com.br\/noticias\/politica\/\">Pol\u00edtica<\/a><\/span><\/div><div class=\"cardsPage__listCard__boxs__content\"><a href=\"https:\/\/www.suno.com.br\/noticias\/revisao-orcamento-espaco-fiscal-pec\/\"><h2 class=\"content__title\">Revis\u00e3o do or\u00e7amento deixa R$ 168 bilh\u00f5es de &#8216;espa\u00e7o fiscal a mais com PEC da Transi\u00e7\u00e3o<\/h2><\/a><div class=\"newsContent__article__meta\"><div class=\"newsContent__article__meta__authorBox\"><a href=\"https:\/\/www.suno.com.br\/noticias\/author\/eduardo-vargas\/\" class=\"authorBox__avatar noMobi\"><img src=\"https:\/\/secure.gravatar.com\/avatar\/dac340933427a22924c9f99d1eb2e3f2?s=96&#038;r=g\" alt=\"Eduardo Vargas\"><\/a><div class=\"authorBox__name\"><span>por\n\t\t\t<a href=\"https:\/\/www.suno.com.br\/noticias\/author\/eduardo-vargas\/\"><span itemprop=\"author\">Eduardo Vargas<\/span><\/a><\/span><time datetime=\"2022-12-13T07:45:54-03:00\" itemprop=\"datePublished\">13\/12\/2022 07:45<\/time><\/div><\/div><\/div><\/div><\/div>","single_layout":"posts","amp_enabled":true,"_links":{"self":[{"href":"https:\/\/www.suno.com.br\/noticias\/wp-json\/wp\/v2\/posts\/333378"}],"collection":[{"href":"https:\/\/www.suno.com.br\/noticias\/wp-json\/wp\/v2\/posts"}],"about":[{"href":"https:\/\/www.suno.com.br\/noticias\/wp-json\/wp\/v2\/types\/post"}],"author":[{"embeddable":true,"href":"https:\/\/www.suno.com.br\/noticias\/wp-json\/wp\/v2\/users\/73"}],"replies":[{"embeddable":true,"href":"https:\/\/www.suno.com.br\/noticias\/wp-json\/wp\/v2\/comments?post=333378"}],"version-history":[{"count":3,"href":"https:\/\/www.suno.com.br\/noticias\/wp-json\/wp\/v2\/posts\/333378\/revisions"}],"predecessor-version":[{"id":333404,"href":"https:\/\/www.suno.com.br\/noticias\/wp-json\/wp\/v2\/posts\/333378\/revisions\/333404"}],"wp:featuredmedia":[{"embeddable":true,"href":"https:\/\/www.suno.com.br\/noticias\/wp-json\/wp\/v2\/media\/331875"}],"wp:attachment":[{"href":"https:\/\/www.suno.com.br\/noticias\/wp-json\/wp\/v2\/media?parent=333378"}],"wp:term":[{"taxonomy":"category","embeddable":true,"href":"https:\/\/www.suno.com.br\/noticias\/wp-json\/wp\/v2\/categories?post=333378"},{"taxonomy":"post_tag","embeddable":true,"href":"https:\/\/www.suno.com.br\/noticias\/wp-json\/wp\/v2\/tags?post=333378"},{"taxonomy":"suno_strategy","embeddable":true,"href":"https:\/\/www.suno.com.br\/noticias\/wp-json\/wp\/v2\/suno_strategy?post=333378"}],"curies":[{"name":"wp","href":"https:\/\/api.w.org\/{rel}","templated":true}]}}