{"id":33333,"date":"2019-08-07T17:55:17","date_gmt":"2019-08-07T20:55:17","guid":{"rendered":"https:\/\/www.suno.com.br\/noticias\/?p=33333"},"modified":"2019-08-07T17:55:17","modified_gmt":"2019-08-07T20:55:17","slug":"stf-anula-transferencia-lula-sao-paulo","status":"publish","type":"post","link":"https:\/\/www.suno.com.br\/noticias\/stf-anula-transferencia-lula-sao-paulo\/","title":{"rendered":"STF anula transfer\u00eancia de Lula para pris\u00e3o em S\u00e3o Paulo"},"content":{"rendered":"<p>O <strong>Supremo Tribunal Federal (STF)<\/strong> determinou nesta quarta-feira (7) que o ex-presidente Luiz In\u00e1cio Lula da Silva n\u00e3o seja transferido para S\u00e3o Paulo. A decis\u00e3o foi tomada pela maioria do plen\u00e1rio.<\/p>\t<div class=\"wrapper-featured-image\">\n\t\t<figure class=\"spotlightImg\">\n\n\t\t\t<picture>\n\t\t\t\t<source media=\"(max-width: 768px)\" srcset=\"https:\/\/files.sunoresearch.com.br\/n\/uploads\/2019\/05\/81afc31e-stf-400x200.webp\">\n\t\t\t\t<img loading=\"lazy\" decoding=\"async\" class=\"newsContent__article__imgCapa lazyloadDisabled newsContent__article__imgCapa--noCaption\" src=\"https:\/\/files.sunoresearch.com.br\/n\/uploads\/2019\/05\/81afc31e-stf-800x450.webp\" width=\"800\" height=\"450\" alt=\"STF anula transfer\u00eancia de Lula para pris\u00e3o em S\u00e3o Paulo\" fetchpriority=high \/>\n\t\t\t<\/picture>\n\n\t\t\t<figcaption class=\"wp-caption-text wp-caption-text--hide\">O Supremo Tribunal Federal (STF) determinou nesta quarta-feira (7) que o ex-presidente Luiz In\u00e1cio Lula da Silva n\u00e3o seja transferido para S\u00e3o Paulo. A decis\u00e3o foi tomada pela maioria do plen\u00e1rio.\u00a0<\/figcaption>\n\t\t<\/figure>\n\t<\/div>\n\n\n<p>Segundo a decis\u00e3o do <strong>STF, Lula<\/strong> permanecer\u00e1 preso na Superintend\u00eancia da Pol\u00edcia Federal em Curitiba, no Paran\u00e1. A decis\u00e3o da Corte derruba a determina\u00e7\u00e3o da ju\u00edza federal, Carolina Lebbos. A titular da 12a Vara Federal de Curitiba tinha decidido encaminhar o ex-presidente para o pres\u00eddio de Trememb\u00e9 2 em S\u00e3o Paulo.<\/p>\n\n<p>A defesa de <strong>Lula<\/strong> tinha apresentado um novo <strong>habeas corpus<\/strong> para evitar a transfer\u00eancia para S\u00e3o Paulo. O \u00fanico ministro do STF que votou a favor da transfer\u00eancia foi <strong>Marco Aur\u00e9lio,<\/strong> com o argumento que era de compet\u00eancia do <strong>Tribunal Regional Federal da 4a Regi\u00e3o<\/strong> e n\u00e3o do <strong>Supremo.<\/strong><\/p>\n<h2>Pedido da defesa de Lula<\/h2>\n<p>Caso o pedido da defesa tivesse sido rejeitado, os advogados pediram que o ex-presidente ficasse em uma sala de Estado-Maior.<\/p>\n<p>&#8220;Requeremos naquela mesma peti\u00e7\u00e3o de 08\/07\/2019 que na hip\u00f3tese de ser acolhido o pedido formulado pela Superintend\u00eancia da <strong>Policia Federal<\/strong> de <strong>Curitiba,<\/strong> fossem requisitadas informa\u00e7\u00f5es de estabelecimentos compat\u00edveis com Sala de Estado-Maior, com a oportunidade de pr\u00e9via manifesta\u00e7\u00e3o da Defesa&#8221;, comunica a defesa em nota.<\/p>\n<p><a href=\"https:\/\/www.suno.com.br\/noticias\/lula-transferencia-confirmada-presidio-tremembe\/\">Saiba mais: Lula tem transfer\u00eancia confirmada para pres\u00eddio de Trememb\u00e9<\/a><\/p>\n<p>A penitenci\u00e1ria de Trememb\u00e9, para onde<strong> Lula\u00a0<\/strong>tinha que ser transferido, \u00e9 conhecida por abrigar pessoas que que cometeram crimes de grande repercuss\u00e3o. Entre eles, Alexandre Nardoni, Mizael Bispo, Lindenberg Alves e Carlos Hasegawa.<\/p>\n<h2>Transfer\u00eancia do ex-presidente<\/h2>\n<p>Em 2018, a <strong>PF<\/strong> informou que a pris\u00e3o petista custava R$ 300 mil mensais \u00e0 corpora\u00e7\u00e3o. Dessa forma, a <strong>Pol\u00edcia Federal<\/strong> solicitou \u00e0 justi\u00e7a que Lula cumprisse pena em outro lugar.<\/p>\n\t<p>\n\t\t<a href=\"https:\/\/lp.suno.com.br\/pv\/sr-premium\/trial-1-real\/\" target=\"_blank\" data-element=\"shortcode-suno-banner\" title=\"Banner SUNO, clique e saiba mais\">\n\t\t\t<picture>\n\t\t\t\t<source media=\"(max-width: 500px)\" srcset=\"https:\/\/files.sunoresearch.com.br\/n\/uploads\/2024\/04\/400x300-Banner-Home-2.png\">\n\t\t\t\t<img class=\"newsContent__article__imgCapa newsContent__article__imgCapa--banner\"\n\t\t\t\t\tsrc=\"https:\/\/files.sunoresearch.com.br\/n\/uploads\/2024\/04\/1420x240-Banner-Home-2.png\"\n\t\t\t\t\tdata-promo-id=\"541556\"\t\t\t\t\t\t\t\t\t\twidth='1420' height='240'\t\t\t\t\talt=\"https:\/\/files.sunoresearch.com.br\/n\/uploads\/2024\/04\/1420x240-Banner-Home-2.png\"\n\t\t\t\t>\n\t\t\t<\/picture>\n\t\t<\/a>\n\t<\/p>\n\n\n<p>Al\u00e9m disso, o prefeito de <strong>Curitiba,<\/strong> Rafael Greca, tamb\u00e9m pediu que a mudan\u00e7a de Lula da cidade. Isso ocorreu pois, segundo ele, a chegada do ex-presidente causou diversos transtornos na cidade.<\/p>\n<p>Por outro lado, o <strong>Minist\u00e9rio P\u00fablico Federal (MPF)<\/strong> se mostrou contra o pedido da transfer\u00eancia de Lula. O argumento utilizado foi de que a ele s\u00f3 poderia mudar de local ap\u00f3s o fim da instru\u00e7\u00e3o criminal nas a\u00e7\u00f5es penais.<\/p>\n<h2>Condena\u00e7\u00e3o de Lula<\/h2>\n<p>O ex-presidente foi condenado por lavagem de dinheiro e corrup\u00e7\u00e3o passiva e cumpre pena desde abril de 2018 na sede da Superintend\u00eancia da Pol\u00edcia Federal em Curitiba.<\/p>\n\t<p>\n\t\t<a href=\"https:\/\/lp.suno.com.br\/nossas-assinaturas\/?utm_campaign=_SNC8166F3A4_\" target=\"_blank\" data-element=\"shortcode-suno-banner\" title=\"Banner SUNO, clique e saiba mais\">\n\t\t\t<picture>\n\t\t\t\t<source media=\"(max-width: 500px)\" srcset=\"https:\/\/files.sunoresearch.com.br\/n\/uploads\/2025\/08\/Artigos-e-Noticias-Banner-Materias-01-Mobile_-400x300-1-png.webp\">\n\t\t\t\t<img class=\"newsContent__article__imgCapa newsContent__article__imgCapa--banner\"\n\t\t\t\t\tsrc=\"https:\/\/files.sunoresearch.com.br\/n\/uploads\/2025\/08\/Artigos-e-Noticias-Banner-Materias-01-Desktop_-1420x240-4-png.webp\"\n\t\t\t\t\tdata-promo-id=\"620371\"\t\t\t\t\t\t\t\t\t\twidth='1420' height='240'\t\t\t\t\talt=\"https:\/\/files.sunoresearch.com.br\/n\/uploads\/2025\/08\/Artigos-e-Noticias-Banner-Materias-01-Desktop_-1420x240-4-png.webp\"\n\t\t\t\t>\n\t\t\t<\/picture>\n\t\t<\/a>\n\t<\/p>\n\n\n<p>Os casos que envolvem o ex-presidente <strong>Lula<\/strong>\u00a0s\u00e3o: &#8220;Triplex do Guaruj\u00e1&#8221; e o da &#8220;Lava-Jato&#8221; (que ainda est\u00e1 em opera\u00e7\u00e3o).<\/p>\n","protected":false},"excerpt":{"rendered":"<p>O Supremo Tribunal Federal (STF) determinou nesta quarta-feira (7) que o ex-presidente Luiz In\u00e1cio Lula da Silva n\u00e3o seja transferido para S\u00e3o Paulo. A decis\u00e3o foi tomada pela maioria do plen\u00e1rio. O Supremo Tribunal Federal (STF) determinou nesta quarta-feira (7) que o ex-presidente Luiz In\u00e1cio Lula da Silva n\u00e3o seja transferido para S\u00e3o Paulo. A [&hellip;]<\/p>\n","protected":false},"author":9,"featured_media":26508,"comment_status":"closed","ping_status":"closed","sticky":false,"template":"","format":"standard","meta":[],"categories":[61],"tags":[709,785],"suno_strategy":[],"class_list":["post-33333","post","type-post","status-publish","format-standard","has-post-thumbnail","hentry","category-politica","tag-lula","tag-supremo-tribunal-federal-stf"],"yoast_head":"<!-- This site is optimized with the Yoast SEO plugin v24.4 - https:\/\/yoast.com\/wordpress\/plugins\/seo\/ -->\n<title>STF suspende transfer\u00eancia de Lula para pris\u00e3o em S\u00e3o Paulo<\/title>\n<meta name=\"description\" content=\"O STF determinou que o ex-presidente Luiz In\u00e1cio Lula da Silva n\u00e3o seja transferido para S\u00e3o Paulo. Clique aqui para saber mais.\" \/>\n<meta name=\"robots\" content=\"index, follow, max-snippet:-1, max-image-preview:large, max-video-preview:-1\" \/>\n<link rel=\"canonical\" href=\"https:\/\/www.suno.com.br\/noticias\/stf-anula-transferencia-lula-sao-paulo\/\" \/>\n<meta property=\"og:locale\" content=\"pt_BR\" \/>\n<meta property=\"og:type\" content=\"article\" \/>\n<meta property=\"og:title\" content=\"STF suspende transfer\u00eancia de Lula para pris\u00e3o em S\u00e3o Paulo\" \/>\n<meta property=\"og:description\" content=\"O STF determinou que o ex-presidente Luiz In\u00e1cio Lula da Silva n\u00e3o seja transferido para S\u00e3o Paulo. Clique aqui para saber mais.\" \/>\n<meta property=\"og:url\" content=\"https:\/\/www.suno.com.br\/noticias\/stf-anula-transferencia-lula-sao-paulo\/\" \/>\n<meta property=\"og:site_name\" content=\"Suno Not\u00edcias\" \/>\n<meta property=\"article:publisher\" content=\"https:\/\/facebook.com\/sunoresearch\" \/>\n<meta property=\"og:image\" content=\"https:\/\/files.sunoresearch.com.br\/n\/uploads\/2019\/05\/81afc31e-stf.jpg\" \/>\n\t<meta property=\"og:image:width\" content=\"1140\" \/>\n\t<meta property=\"og:image:height\" content=\"760\" \/>\n\t<meta property=\"og:image:type\" content=\"image\/jpeg\" \/>\n<meta name=\"author\" content=\"Carlo Cauti\" \/>\n<meta name=\"twitter:card\" content=\"summary_large_image\" \/>\n<meta name=\"twitter:creator\" content=\"@sunoresearch\" \/>\n<meta name=\"twitter:site\" content=\"@sunoresearch\" \/>\n<meta name=\"twitter:label1\" content=\"Escrito por\" \/>\n\t<meta name=\"twitter:data1\" content=\"Carlo Cauti\" \/>\n\t<meta name=\"twitter:label2\" content=\"Est. tempo de leitura\" \/>\n\t<meta name=\"twitter:data2\" content=\"2 minutos\" \/>\n<script type=\"application\/ld+json\" class=\"yoast-schema-graph\">{\"@context\":\"https:\/\/schema.org\",\"@graph\":[{\"@type\":\"NewsArticle\",\"@id\":\"https:\/\/www.suno.com.br\/noticias\/stf-anula-transferencia-lula-sao-paulo\/#article\",\"isPartOf\":{\"@id\":\"https:\/\/www.suno.com.br\/noticias\/stf-anula-transferencia-lula-sao-paulo\/\"},\"author\":{\"name\":\"Carlo Cauti\",\"@id\":\"https:\/\/www.suno.com.br\/noticias\/#\/schema\/person\/e6e0f723cc177805027f4566c1d5e0c8\"},\"headline\":\"STF anula transfer\u00eancia de Lula para pris\u00e3o em S\u00e3o Paulo\",\"datePublished\":\"2019-08-07T20:55:17+00:00\",\"mainEntityOfPage\":{\"@id\":\"https:\/\/www.suno.com.br\/noticias\/stf-anula-transferencia-lula-sao-paulo\/\"},\"wordCount\":462,\"publisher\":{\"@id\":\"https:\/\/www.suno.com.br\/noticias\/#organization\"},\"image\":{\"@id\":\"https:\/\/www.suno.com.br\/noticias\/stf-anula-transferencia-lula-sao-paulo\/#primaryimage\"},\"thumbnailUrl\":\"https:\/\/files.sunoresearch.com.br\/n\/uploads\/2019\/05\/81afc31e-stf-jpg.webp\",\"keywords\":[\"Lula\",\"Supremo Tribunal Federal (STF)\"],\"articleSection\":[\"Pol\u00edtica\"],\"inLanguage\":\"pt-BR\"},{\"@type\":\"WebPage\",\"@id\":\"https:\/\/www.suno.com.br\/noticias\/stf-anula-transferencia-lula-sao-paulo\/\",\"url\":\"https:\/\/www.suno.com.br\/noticias\/stf-anula-transferencia-lula-sao-paulo\/\",\"name\":\"STF suspende transfer\u00eancia de Lula para pris\u00e3o em S\u00e3o Paulo\",\"isPartOf\":{\"@id\":\"https:\/\/www.suno.com.br\/noticias\/#website\"},\"primaryImageOfPage\":{\"@id\":\"https:\/\/www.suno.com.br\/noticias\/stf-anula-transferencia-lula-sao-paulo\/#primaryimage\"},\"image\":{\"@id\":\"https:\/\/www.suno.com.br\/noticias\/stf-anula-transferencia-lula-sao-paulo\/#primaryimage\"},\"thumbnailUrl\":\"https:\/\/files.sunoresearch.com.br\/n\/uploads\/2019\/05\/81afc31e-stf-jpg.webp\",\"datePublished\":\"2019-08-07T20:55:17+00:00\",\"description\":\"O STF determinou que o ex-presidente Luiz In\u00e1cio Lula da Silva n\u00e3o seja transferido para S\u00e3o Paulo. Clique aqui para saber mais.\",\"breadcrumb\":{\"@id\":\"https:\/\/www.suno.com.br\/noticias\/stf-anula-transferencia-lula-sao-paulo\/#breadcrumb\"},\"inLanguage\":\"pt-BR\",\"potentialAction\":[{\"@type\":\"ReadAction\",\"target\":[\"https:\/\/www.suno.com.br\/noticias\/stf-anula-transferencia-lula-sao-paulo\/\"]}]},{\"@type\":\"ImageObject\",\"inLanguage\":\"pt-BR\",\"@id\":\"https:\/\/www.suno.com.br\/noticias\/stf-anula-transferencia-lula-sao-paulo\/#primaryimage\",\"url\":\"https:\/\/files.sunoresearch.com.br\/n\/uploads\/2019\/05\/81afc31e-stf-jpg.webp\",\"contentUrl\":\"https:\/\/files.sunoresearch.com.br\/n\/uploads\/2019\/05\/81afc31e-stf-jpg.webp\",\"width\":1140,\"height\":760,\"caption\":\"O Supremo Tribunal Federal (STF) determinou nesta quarta-feira (7) que o ex-presidente Luiz In\u00e1cio Lula da Silva n\u00e3o seja transferido para S\u00e3o Paulo. A decis\u00e3o foi tomada pela maioria do plen\u00e1rio.\u00a0\"},{\"@type\":\"BreadcrumbList\",\"@id\":\"https:\/\/www.suno.com.br\/noticias\/stf-anula-transferencia-lula-sao-paulo\/#breadcrumb\",\"itemListElement\":[{\"@type\":\"ListItem\",\"position\":1,\"name\":\"Not\u00edcias\",\"item\":\"https:\/\/www.suno.com.br\/noticias\/\"},{\"@type\":\"ListItem\",\"position\":2,\"name\":\"Pol\u00edtica\",\"item\":\"https:\/\/www.suno.com.br\/noticias\/politica\/\"},{\"@type\":\"ListItem\",\"position\":3,\"name\":\"STF anula transfer\u00eancia de Lula para pris\u00e3o em S\u00e3o Paulo\"}]},{\"@type\":\"WebSite\",\"@id\":\"https:\/\/www.suno.com.br\/noticias\/#website\",\"url\":\"https:\/\/www.suno.com.br\/noticias\/\",\"name\":\"Suno Not\u00edcias\",\"description\":\"Seu portal de informa\u00e7\u00e3o sobre o mundo dos investimentos\",\"publisher\":{\"@id\":\"https:\/\/www.suno.com.br\/noticias\/#organization\"},\"potentialAction\":[{\"@type\":\"SearchAction\",\"target\":{\"@type\":\"EntryPoint\",\"urlTemplate\":\"https:\/\/www.suno.com.br\/noticias\/?s={search_term_string}\"},\"query-input\":{\"@type\":\"PropertyValueSpecification\",\"valueRequired\":true,\"valueName\":\"search_term_string\"}}],\"inLanguage\":\"pt-BR\"},{\"@type\":\"Organization\",\"@id\":\"https:\/\/www.suno.com.br\/noticias\/#organization\",\"name\":\"Suno Not\u00edcias\",\"url\":\"https:\/\/www.suno.com.br\/noticias\/\",\"logo\":{\"@type\":\"ImageObject\",\"inLanguage\":\"pt-BR\",\"@id\":\"https:\/\/www.suno.com.br\/noticias\/#\/schema\/logo\/image\/\",\"url\":\"https:\/\/files.sunoresearch.com.br\/n\/uploads\/2021\/09\/suno-logo.png\",\"contentUrl\":\"https:\/\/files.sunoresearch.com.br\/n\/uploads\/2021\/09\/suno-logo.png\",\"width\":180,\"height\":180,\"caption\":\"Suno Not\u00edcias\"},\"image\":{\"@id\":\"https:\/\/www.suno.com.br\/noticias\/#\/schema\/logo\/image\/\"},\"sameAs\":[\"https:\/\/facebook.com\/sunoresearch\",\"https:\/\/x.com\/sunoresearch\",\"https:\/\/www.instagram.com\/suno\",\"https:\/\/www.linkedin.com\/company\/suno-research\/\",\"https:\/\/www.youtube.com\/c\/sunoresearch\"]},{\"@type\":\"Person\",\"@id\":\"https:\/\/www.suno.com.br\/noticias\/#\/schema\/person\/e6e0f723cc177805027f4566c1d5e0c8\",\"name\":\"Carlo Cauti\",\"image\":{\"@type\":\"ImageObject\",\"inLanguage\":\"pt-BR\",\"@id\":\"https:\/\/www.suno.com.br\/noticias\/#\/schema\/person\/image\/\",\"url\":\"https:\/\/secure.gravatar.com\/avatar\/3ada9e0bd164c23abd4792a9606d583c?s=96&r=g\",\"contentUrl\":\"https:\/\/secure.gravatar.com\/avatar\/3ada9e0bd164c23abd4792a9606d583c?s=96&r=g\",\"caption\":\"Carlo Cauti\"},\"description\":\"Editor multim\u00eddia do SUNO Not\u00edcias. Italiano, formado em Ci\u00eancias Pol\u00edticas pela universidade LUISS G. Carli de Roma e mestre cum laude em Rela\u00e7\u00f5es Internacionais, Jornalismo Internacional e de Guerra e em Economia Internacional. Concluiu tamb\u00e9m um MBA em Finan\u00e7as na B3. No Brasil, teve passagem por ve\u00edculos como Estad\u00e3o, Globo, Veja e EXAME. e nas ag\u00eancias de not\u00edcias italianas ANSA e NOVA.\",\"url\":\"https:\/\/www.suno.com.br\/noticias\/author\/carlo-cauti\/\"}]}<\/script>\n<!-- \/ Yoast SEO plugin. -->","yoast_head_json":{"title":"STF suspende transfer\u00eancia de Lula para pris\u00e3o em S\u00e3o Paulo","description":"O STF determinou que o ex-presidente Luiz In\u00e1cio Lula da Silva n\u00e3o seja transferido para S\u00e3o Paulo. Clique aqui para saber mais.","robots":{"index":"index","follow":"follow","max-snippet":"max-snippet:-1","max-image-preview":"max-image-preview:large","max-video-preview":"max-video-preview:-1"},"canonical":"https:\/\/www.suno.com.br\/noticias\/stf-anula-transferencia-lula-sao-paulo\/","og_locale":"pt_BR","og_type":"article","og_title":"STF suspende transfer\u00eancia de Lula para pris\u00e3o em S\u00e3o Paulo","og_description":"O STF determinou que o ex-presidente Luiz In\u00e1cio Lula da Silva n\u00e3o seja transferido para S\u00e3o Paulo. Clique aqui para saber mais.","og_url":"https:\/\/www.suno.com.br\/noticias\/stf-anula-transferencia-lula-sao-paulo\/","og_site_name":"Suno Not\u00edcias","article_publisher":"https:\/\/facebook.com\/sunoresearch","og_image":[{"width":1140,"height":760,"url":"https:\/\/files.sunoresearch.com.br\/n\/uploads\/2019\/05\/81afc31e-stf.jpg","type":"image\/jpeg"}],"author":"Carlo Cauti","twitter_card":"summary_large_image","twitter_creator":"@sunoresearch","twitter_site":"@sunoresearch","twitter_misc":{"Escrito por":"Carlo Cauti","Est. tempo de leitura":"2 minutos"},"schema":{"@context":"https:\/\/schema.org","@graph":[{"@type":"NewsArticle","@id":"https:\/\/www.suno.com.br\/noticias\/stf-anula-transferencia-lula-sao-paulo\/#article","isPartOf":{"@id":"https:\/\/www.suno.com.br\/noticias\/stf-anula-transferencia-lula-sao-paulo\/"},"author":{"name":"Carlo Cauti","@id":"https:\/\/www.suno.com.br\/noticias\/#\/schema\/person\/e6e0f723cc177805027f4566c1d5e0c8"},"headline":"STF anula transfer\u00eancia de Lula para pris\u00e3o em S\u00e3o Paulo","datePublished":"2019-08-07T20:55:17+00:00","mainEntityOfPage":{"@id":"https:\/\/www.suno.com.br\/noticias\/stf-anula-transferencia-lula-sao-paulo\/"},"wordCount":462,"publisher":{"@id":"https:\/\/www.suno.com.br\/noticias\/#organization"},"image":{"@id":"https:\/\/www.suno.com.br\/noticias\/stf-anula-transferencia-lula-sao-paulo\/#primaryimage"},"thumbnailUrl":"https:\/\/files.sunoresearch.com.br\/n\/uploads\/2019\/05\/81afc31e-stf-jpg.webp","keywords":["Lula","Supremo Tribunal Federal (STF)"],"articleSection":["Pol\u00edtica"],"inLanguage":"pt-BR"},{"@type":"WebPage","@id":"https:\/\/www.suno.com.br\/noticias\/stf-anula-transferencia-lula-sao-paulo\/","url":"https:\/\/www.suno.com.br\/noticias\/stf-anula-transferencia-lula-sao-paulo\/","name":"STF suspende transfer\u00eancia de Lula para pris\u00e3o em S\u00e3o Paulo","isPartOf":{"@id":"https:\/\/www.suno.com.br\/noticias\/#website"},"primaryImageOfPage":{"@id":"https:\/\/www.suno.com.br\/noticias\/stf-anula-transferencia-lula-sao-paulo\/#primaryimage"},"image":{"@id":"https:\/\/www.suno.com.br\/noticias\/stf-anula-transferencia-lula-sao-paulo\/#primaryimage"},"thumbnailUrl":"https:\/\/files.sunoresearch.com.br\/n\/uploads\/2019\/05\/81afc31e-stf-jpg.webp","datePublished":"2019-08-07T20:55:17+00:00","description":"O STF determinou que o ex-presidente Luiz In\u00e1cio Lula da Silva n\u00e3o seja transferido para S\u00e3o Paulo. Clique aqui para saber mais.","breadcrumb":{"@id":"https:\/\/www.suno.com.br\/noticias\/stf-anula-transferencia-lula-sao-paulo\/#breadcrumb"},"inLanguage":"pt-BR","potentialAction":[{"@type":"ReadAction","target":["https:\/\/www.suno.com.br\/noticias\/stf-anula-transferencia-lula-sao-paulo\/"]}]},{"@type":"ImageObject","inLanguage":"pt-BR","@id":"https:\/\/www.suno.com.br\/noticias\/stf-anula-transferencia-lula-sao-paulo\/#primaryimage","url":"https:\/\/files.sunoresearch.com.br\/n\/uploads\/2019\/05\/81afc31e-stf-jpg.webp","contentUrl":"https:\/\/files.sunoresearch.com.br\/n\/uploads\/2019\/05\/81afc31e-stf-jpg.webp","width":1140,"height":760,"caption":"O Supremo Tribunal Federal (STF) determinou nesta quarta-feira (7) que o ex-presidente Luiz In\u00e1cio Lula da Silva n\u00e3o seja transferido para S\u00e3o Paulo. A decis\u00e3o foi tomada pela maioria do plen\u00e1rio.\u00a0"},{"@type":"BreadcrumbList","@id":"https:\/\/www.suno.com.br\/noticias\/stf-anula-transferencia-lula-sao-paulo\/#breadcrumb","itemListElement":[{"@type":"ListItem","position":1,"name":"Not\u00edcias","item":"https:\/\/www.suno.com.br\/noticias\/"},{"@type":"ListItem","position":2,"name":"Pol\u00edtica","item":"https:\/\/www.suno.com.br\/noticias\/politica\/"},{"@type":"ListItem","position":3,"name":"STF anula transfer\u00eancia de Lula para pris\u00e3o em S\u00e3o Paulo"}]},{"@type":"WebSite","@id":"https:\/\/www.suno.com.br\/noticias\/#website","url":"https:\/\/www.suno.com.br\/noticias\/","name":"Suno Not\u00edcias","description":"Seu portal de informa\u00e7\u00e3o sobre o mundo dos investimentos","publisher":{"@id":"https:\/\/www.suno.com.br\/noticias\/#organization"},"potentialAction":[{"@type":"SearchAction","target":{"@type":"EntryPoint","urlTemplate":"https:\/\/www.suno.com.br\/noticias\/?s={search_term_string}"},"query-input":{"@type":"PropertyValueSpecification","valueRequired":true,"valueName":"search_term_string"}}],"inLanguage":"pt-BR"},{"@type":"Organization","@id":"https:\/\/www.suno.com.br\/noticias\/#organization","name":"Suno Not\u00edcias","url":"https:\/\/www.suno.com.br\/noticias\/","logo":{"@type":"ImageObject","inLanguage":"pt-BR","@id":"https:\/\/www.suno.com.br\/noticias\/#\/schema\/logo\/image\/","url":"https:\/\/files.sunoresearch.com.br\/n\/uploads\/2021\/09\/suno-logo.png","contentUrl":"https:\/\/files.sunoresearch.com.br\/n\/uploads\/2021\/09\/suno-logo.png","width":180,"height":180,"caption":"Suno Not\u00edcias"},"image":{"@id":"https:\/\/www.suno.com.br\/noticias\/#\/schema\/logo\/image\/"},"sameAs":["https:\/\/facebook.com\/sunoresearch","https:\/\/x.com\/sunoresearch","https:\/\/www.instagram.com\/suno","https:\/\/www.linkedin.com\/company\/suno-research\/","https:\/\/www.youtube.com\/c\/sunoresearch"]},{"@type":"Person","@id":"https:\/\/www.suno.com.br\/noticias\/#\/schema\/person\/e6e0f723cc177805027f4566c1d5e0c8","name":"Carlo Cauti","image":{"@type":"ImageObject","inLanguage":"pt-BR","@id":"https:\/\/www.suno.com.br\/noticias\/#\/schema\/person\/image\/","url":"https:\/\/secure.gravatar.com\/avatar\/3ada9e0bd164c23abd4792a9606d583c?s=96&r=g","contentUrl":"https:\/\/secure.gravatar.com\/avatar\/3ada9e0bd164c23abd4792a9606d583c?s=96&r=g","caption":"Carlo Cauti"},"description":"Editor multim\u00eddia do SUNO Not\u00edcias. Italiano, formado em Ci\u00eancias Pol\u00edticas pela universidade LUISS G. Carli de Roma e mestre cum laude em Rela\u00e7\u00f5es Internacionais, Jornalismo Internacional e de Guerra e em Economia Internacional. Concluiu tamb\u00e9m um MBA em Finan\u00e7as na B3. No Brasil, teve passagem por ve\u00edculos como Estad\u00e3o, Globo, Veja e EXAME. e nas ag\u00eancias de not\u00edcias italianas ANSA e NOVA.","url":"https:\/\/www.suno.com.br\/noticias\/author\/carlo-cauti\/"}]}},"default_loop_html":"<div class=\"cardsPage__listCard__boxs\"><div class=\"cardsPage__listCard__boxs__img\"><a href=\"https:\/\/www.suno.com.br\/noticias\/stf-anula-transferencia-lula-sao-paulo\/\"><img class=\"mask\" src=\"https:\/\/www.suno.com.br\/noticias\/wp-content\/themes\/suno\/resources\/images\/spotlight\/spotlight1img\/bg-mask.png\" alt=\"Image Mask\"\/><img src=\"https:\/\/files.sunoresearch.com.br\/n\/uploads\/2019\/05\/81afc31e-stf-400x200.webp\" alt=\"STF anula transfer\u00eancia de Lula para pris\u00e3o em S\u00e3o Paulo\"\/><\/a><span class=\"spotlightCategory\"><a href=\"https:\/\/www.suno.com.br\/noticias\/politica\/\">Pol\u00edtica<\/a><\/span><\/div><div class=\"cardsPage__listCard__boxs__content\"><a href=\"https:\/\/www.suno.com.br\/noticias\/stf-anula-transferencia-lula-sao-paulo\/\"><h2 class=\"content__title\">STF anula transfer\u00eancia de Lula para pris\u00e3o em S\u00e3o Paulo<\/h2><\/a><div class=\"newsContent__article__meta\"><div class=\"newsContent__article__meta__authorBox\"><a href=\"https:\/\/www.suno.com.br\/noticias\/author\/carlo-cauti\/\" class=\"authorBox__avatar noMobi\"><img src=\"https:\/\/files.sunoresearch.com.br\/n\/uploads\/2020\/08\/e3745f9a-perfil-carlo-cauti-150x150.webp\" alt=\"Carlo Cauti\"><\/a><div class=\"authorBox__name\"><span>por\n\t\t\t<a href=\"https:\/\/www.suno.com.br\/noticias\/author\/carlo-cauti\/\"><span itemprop=\"author\">Carlo Cauti<\/span><\/a><\/span><time datetime=\"2019-08-07T17:55:17-03:00\" itemprop=\"datePublished\">07\/08\/2019 17:55<\/time><\/div><\/div><\/div><\/div><\/div>","single_layout":"posts","amp_enabled":true,"_links":{"self":[{"href":"https:\/\/www.suno.com.br\/noticias\/wp-json\/wp\/v2\/posts\/33333"}],"collection":[{"href":"https:\/\/www.suno.com.br\/noticias\/wp-json\/wp\/v2\/posts"}],"about":[{"href":"https:\/\/www.suno.com.br\/noticias\/wp-json\/wp\/v2\/types\/post"}],"author":[{"embeddable":true,"href":"https:\/\/www.suno.com.br\/noticias\/wp-json\/wp\/v2\/users\/9"}],"replies":[{"embeddable":true,"href":"https:\/\/www.suno.com.br\/noticias\/wp-json\/wp\/v2\/comments?post=33333"}],"version-history":[{"count":0,"href":"https:\/\/www.suno.com.br\/noticias\/wp-json\/wp\/v2\/posts\/33333\/revisions"}],"wp:featuredmedia":[{"embeddable":true,"href":"https:\/\/www.suno.com.br\/noticias\/wp-json\/wp\/v2\/media\/26508"}],"wp:attachment":[{"href":"https:\/\/www.suno.com.br\/noticias\/wp-json\/wp\/v2\/media?parent=33333"}],"wp:term":[{"taxonomy":"category","embeddable":true,"href":"https:\/\/www.suno.com.br\/noticias\/wp-json\/wp\/v2\/categories?post=33333"},{"taxonomy":"post_tag","embeddable":true,"href":"https:\/\/www.suno.com.br\/noticias\/wp-json\/wp\/v2\/tags?post=33333"},{"taxonomy":"suno_strategy","embeddable":true,"href":"https:\/\/www.suno.com.br\/noticias\/wp-json\/wp\/v2\/suno_strategy?post=33333"}],"curies":[{"name":"wp","href":"https:\/\/api.w.org\/{rel}","templated":true}]}}