{"id":333275,"date":"2022-12-13T14:50:28","date_gmt":"2022-12-13T17:50:28","guid":{"rendered":"https:\/\/www.suno.com.br\/noticias\/?p=333275"},"modified":"2022-12-13T14:51:08","modified_gmt":"2022-12-13T17:51:08","slug":"gasolina-anp-reducao-terceira-semana","status":"publish","type":"post","link":"https:\/\/www.suno.com.br\/noticias\/gasolina-anp-reducao-terceira-semana\/","title":{"rendered":"Pre\u00e7o da gasolina cai pela terceira semana seguida; redu\u00e7\u00e3o \u00e9 de 0,4%, diz ANP"},"content":{"rendered":"<p>O <a class=\"suno-keyword\" data-force=\"no\" data-priority=\"1\" href=\"https:\/\/www.suno.com.br\/artigos\/preco-medio\/\" target=\"_blank\" rel=\"noopener\">pre\u00e7o m\u00e9dio<\/a> do litro da <strong>gasolina<\/strong> nos postos de abastecimento do Pa\u00eds caiu pela terceira semana seguida. Segundo a Ag\u00eancia Nacional do Petr\u00f3leo, G\u00e1s Natural e Biocombust\u00edveis (ANP), entre os dias 4 e 10 de dezembro, o litro da gasolina ao consumidor caiu 0,4%, para R$ 5,01. Na semana anterior, o valor m\u00e9dio era de R$ 5,03.<\/p>\t<div class=\"wrapper-featured-image\">\n\t\t<figure class=\"spotlightImg\">\n\n\t\t\t<picture>\n\t\t\t\t<source media=\"(max-width: 768px)\" srcset=\"https:\/\/files.sunoresearch.com.br\/n\/uploads\/2022\/12\/gasolina-posto-combustivel-foto-marcello-casal-jr-agenciabr-400x200.jpg\">\n\t\t\t\t<img loading=\"lazy\" decoding=\"async\" class=\"newsContent__article__imgCapa lazyloadDisabled \" src=\"https:\/\/files.sunoresearch.com.br\/n\/uploads\/2022\/12\/gasolina-posto-combustivel-foto-marcello-casal-jr-agenciabr-800x450.jpg\" width=\"800\" height=\"450\" alt=\"Pre\u00e7o da gasolina cai pela terceira semana seguida; redu\u00e7\u00e3o \u00e9 de 0,4%, diz ANP\" fetchpriority=high \/>\n\t\t\t<\/picture>\n\n\t\t\t<figcaption class=\"wp-caption-text wp-caption-text--show\">Posto de combust\u00edvel. Foto: Marcello Casal Jr.\/Ag\u00eancia Brasil<\/figcaption>\n\t\t<\/figure>\n\t<\/div>\n\n\n\n\n\n\t<p>\n\t\t<a href=\"\" target=\"_blank\" data-element=\"shortcode-suno-banner\" title=\"Banner SUNO, clique e saiba mais\">\n\t\t\t<picture>\n\t\t\t\t<source media=\"(max-width: 500px)\" srcset=\"\">\n\t\t\t\t<img class=\"newsContent__article__imgCapa newsContent__article__imgCapa--banner\"\n\t\t\t\t\tsrc=\"\"\n\t\t\t\t\tdata-promo-id=\"138420\"\t\t\t\t\t\t\t\t\t\t\t\t\t\t\talt=\"\"\n\t\t\t\t>\n\t\t\t<\/picture>\n\t\t<\/a>\n\t<\/p>\n\n\n\n\n\n<p>Os <strong>combust\u00edveis<\/strong> acompanham o movimento de <a class=\"suno-keyword\" data-force=\"no\" data-priority=\"1\" href=\"https:\/\/www.suno.com.br\/artigos\/preco-do-petroleo\/\" target=\"_blank\" rel=\"noopener\"><strong>pre\u00e7o do petr\u00f3leo<\/strong><\/a> no mercado internacional que, marcado pela volatilidade, experimentou quedas na \u00faltima semana e agora se recomp\u00f5e, mas ainda pr\u00f3ximo dos US$ 80 o barril. A gasolina em si tamb\u00e9m v\u00ea as cota\u00e7\u00f5es internacionais recuarem em contexto de menor demanda em pa\u00edses como os Estados Unidos.<\/p>\n\n\n\n<p>Como os <strong>pre\u00e7os dom\u00e9sticos da Petrobras<\/strong> s\u00e3o alinhados ao pre\u00e7o de paridade de importa\u00e7\u00e3o (PPI), abriu-se espa\u00e7o para redu\u00e7\u00f5es nos pre\u00e7os da companhia, mas essa diminui\u00e7\u00e3o s\u00f3 deve ter efeito ao consumidor na divulga\u00e7\u00e3o da ANP prevista para o fim desta semana.<\/p>\n\n\n\t<p>\n\t\t<a href=\"https:\/\/lp.suno.com.br\/planilha-controle-gastos\/\" target=\"_blank\" data-element=\"shortcode-suno-banner\" title=\"Banner SUNO, clique e saiba mais\">\n\t\t\t<picture>\n\t\t\t\t<source media=\"(max-width: 500px)\" srcset=\"https:\/\/files.sunoresearch.com.br\/n\/uploads\/2023\/03\/400x300-Planilha-controle-de-gastos.png\">\n\t\t\t\t<img class=\"newsContent__article__imgCapa newsContent__article__imgCapa--banner\"\n\t\t\t\t\tsrc=\"https:\/\/files.sunoresearch.com.br\/n\/uploads\/2023\/03\/1420x240-Planilha-controle-de-gastos.png\"\n\t\t\t\t\tdata-promo-id=\"101751\"\t\t\t\t\t\t\t\t\t\twidth='1420' height='240'\t\t\t\t\talt=\"https:\/\/files.sunoresearch.com.br\/n\/uploads\/2023\/03\/1420x240-Planilha-controle-de-gastos.png\"\n\t\t\t\t>\n\t\t\t<\/picture>\n\t\t<\/a>\n\t<\/p>\n\n\n\n\n\n<h2 class=\"wp-block-heading\" id=\"h-alem-da-gasolina-diesel-e-glp-diminuiram\">Al\u00e9m da gasolina, diesel e GLP diminu\u00edram<\/h2>\n\n\n\n<p>O <strong>diesel S10<\/strong> recuou 0,6% nos postos de abastecimento, com <a class=\"suno-keyword\" target=\"_blank\" data-force=\"no\" data-priority=\"1\" href=\"https:\/\/www.suno.com.br\/artigos\/preco-medio\/\" rel=\"noopener\">pre\u00e7o m\u00e9dio<\/a> de R$ 6,63 na semana at\u00e9 12 de dezembro, ante R$ 6,67 verificado na semana anterior.<\/p>\n\n\n\n<p>Essa queda tamb\u00e9m n\u00e3o reflete a recente redu\u00e7\u00e3o da Petrobras, de 8,1% ou R$ 0,40 por litro nos pre\u00e7os praticados em refinarias, o que deve pesar no pre\u00e7o ao consumidor a partir desta semana.<\/p>\n\n\n\n<p>Como o repasse da <strong>redu\u00e7\u00e3o da Petrobras<\/strong> ao<strong> pre\u00e7o final do varejo<\/strong> acontece de forma gradual, a tend\u00eancia segundo especialistas ouvidos pelo <b>Broadcast<\/b> \u00e9 que, tanto no caso do diesel quanto da gasolina, haja uma s\u00e9rie de quedas nos pre\u00e7os nas pr\u00f3ximas semanas.<\/p>\n\n\n\n<p>J\u00e1 o g\u00e1s liquefeito de petr\u00f3leo (GLP) ou o <strong>g\u00e1s de cozinha<\/strong>, insumo amplamente consumido pela popula\u00e7\u00e3o, experimentou leve queda de 0,2% no <a class=\"suno-keyword\" data-force=\"no\" data-priority=\"1\" href=\"https:\/\/www.suno.com.br\/artigos\/preco-medio\/\" target=\"_blank\" rel=\"noopener\">pre\u00e7o m\u00e9dio<\/a> ao consumidor. <\/p>\n\n\n\t<p>\n\t\t<a href=\"https:\/\/lp.suno.com.br\/planilha-da-vida-financeira\/\" target=\"_blank\" data-element=\"shortcode-suno-banner\" title=\"Banner SUNO, clique e saiba mais\">\n\t\t\t<picture>\n\t\t\t\t<source media=\"(max-width: 500px)\" srcset=\"https:\/\/files.sunoresearch.com.br\/n\/uploads\/2023\/04\/400x300-Planilha-vida-financeira-true.png\">\n\t\t\t\t<img class=\"newsContent__article__imgCapa newsContent__article__imgCapa--banner\"\n\t\t\t\t\tsrc=\"https:\/\/files.sunoresearch.com.br\/n\/uploads\/2023\/04\/1420x240-Planilha-vida-financeira-true.png\"\n\t\t\t\t\tdata-promo-id=\"106682\"\t\t\t\t\t\t\t\t\t\twidth='1420' height='240'\t\t\t\t\talt=\"https:\/\/files.sunoresearch.com.br\/n\/uploads\/2023\/04\/1420x240-Planilha-vida-financeira-true.png\"\n\t\t\t\t>\n\t\t\t<\/picture>\n\t\t<\/a>\n\t<\/p>\n\n\n\n\n\n<p>Entre 4 e 12 de dezembro, o botij\u00e3o de 13 quilos do insumo custou, em m\u00e9dia, R$ 109,75 ante R$ 109,99 na semana anterior.<\/p>\n\n\n\n<p>O <strong>pre\u00e7o do GLP<\/strong> tem variado entre altas e quedas nos \u00faltimos meses, mas tem ca\u00eddo nas \u00faltimas semanas, possivelmente como reflexo de ajustes recentes da Petrobras. Essa tend\u00eancia deve ser ainda mais refor\u00e7ada pela redu\u00e7\u00e3o de 9,7% realizada pela Petrobras na semana passada.<\/p>\n\n\n\n<p>Na <a href=\"https:\/\/www.suno.com.br\/noticias\/petrobras-petr4-preco-da-gasolina-queda\/\" target=\"_blank\" rel=\"noreferrer noopener\">\u00faltima ter\u00e7a (6), a Petrobras reduziu o pre\u00e7o<\/a> de venda da<strong> gasolina<\/strong> para as distribuidoras. A queda foi de 6%, saindo de R$ 3,28 para R$ 3,08 por litro.<\/p>\n\n\n\n<p><em>Com Estad\u00e3o Conte\u00fado<\/em><\/p>\n\n\n\t<p>\n\t\t<a href=\"https:\/\/lp.suno.com.br\/ebook-como-analisar-uma-acao\/\" target=\"_blank\" data-element=\"shortcode-suno-banner\" title=\"Banner SUNO, clique e saiba mais\">\n\t\t\t<picture>\n\t\t\t\t<source media=\"(max-width: 500px)\" srcset=\"https:\/\/files.sunoresearch.com.br\/n\/uploads\/2023\/03\/Ebook-Acoes-Mobile-1.jpg\">\n\t\t\t\t<img class=\"newsContent__article__imgCapa newsContent__article__imgCapa--banner\"\n\t\t\t\t\tsrc=\"https:\/\/files.sunoresearch.com.br\/n\/uploads\/2023\/03\/Ebook-Acoes-Desktop-1.jpg\"\n\t\t\t\t\tdata-promo-id=\"171998\"\t\t\t\t\t\t\t\t\t\twidth='1420' height='286'\t\t\t\t\talt=\"https:\/\/files.sunoresearch.com.br\/n\/uploads\/2023\/03\/Ebook-Acoes-Desktop-1.jpg\"\n\t\t\t\t>\n\t\t\t<\/picture>\n\t\t<\/a>\n\t<\/p>\n\n\n","protected":false},"excerpt":{"rendered":"<p>O pre\u00e7o m\u00e9dio do litro da gasolina nos postos de abastecimento do Pa\u00eds caiu pela terceira semana seguida. Segundo a Ag\u00eancia Nacional do Petr\u00f3leo, G\u00e1s Natural e Biocombust\u00edveis (ANP), entre os dias 4 e 10 de dezembro, o litro da gasolina ao consumidor caiu 0,4%, para R$ 5,01. Na semana anterior, o valor m\u00e9dio era [&hellip;]<\/p>\n","protected":false},"author":232,"featured_media":333519,"comment_status":"closed","ping_status":"closed","sticky":false,"template":"","format":"standard","meta":[],"categories":[62],"tags":[764,1437,879,595],"suno_strategy":[],"class_list":["post-333275","post","type-post","status-publish","format-standard","has-post-thumbnail","hentry","category-economia","tag-anp","tag-combustiveis","tag-gasolina","tag-petrobras-petr4"],"yoast_head":"<!-- This site is optimized with the Yoast SEO plugin v24.4 - https:\/\/yoast.com\/wordpress\/plugins\/seo\/ -->\n<title>Pre\u00e7o da gasolina cai pela 3\u00aa semana; redu\u00e7\u00e3o \u00e9 de 0,4%, diz ANP<\/title>\n<meta name=\"description\" content=\"O pre\u00e7o m\u00e9dio do litro da gasolina nos postos de abastecimento do Pa\u00eds caiu pela terceira semana seguida, segundo a ANP. Saiba mais.\" \/>\n<meta name=\"robots\" content=\"index, follow, max-snippet:-1, max-image-preview:large, max-video-preview:-1\" \/>\n<link rel=\"canonical\" href=\"https:\/\/www.suno.com.br\/noticias\/gasolina-anp-reducao-terceira-semana\/\" \/>\n<meta property=\"og:locale\" content=\"pt_BR\" \/>\n<meta property=\"og:type\" content=\"article\" \/>\n<meta property=\"og:title\" content=\"Pre\u00e7o da gasolina cai pela 3\u00aa semana; redu\u00e7\u00e3o \u00e9 de 0,4%, diz ANP\" \/>\n<meta property=\"og:description\" content=\"O pre\u00e7o m\u00e9dio do litro da gasolina nos postos de abastecimento do Pa\u00eds caiu pela terceira semana seguida, segundo a ANP. Saiba mais.\" \/>\n<meta property=\"og:url\" content=\"https:\/\/www.suno.com.br\/noticias\/gasolina-anp-reducao-terceira-semana\/\" \/>\n<meta property=\"og:site_name\" content=\"Suno Not\u00edcias\" \/>\n<meta property=\"article:publisher\" content=\"https:\/\/facebook.com\/sunoresearch\" \/>\n<meta property=\"og:image\" content=\"https:\/\/files.sunoresearch.com.br\/n\/uploads\/2022\/12\/gasolina-posto-combustivel-foto-marcello-casal-jr-agenciabr.jpg\" \/>\n\t<meta property=\"og:image:width\" content=\"1200\" \/>\n\t<meta property=\"og:image:height\" content=\"675\" \/>\n\t<meta property=\"og:image:type\" content=\"image\/jpeg\" \/>\n<meta name=\"author\" content=\"Erick Matheus Nery\" \/>\n<meta name=\"twitter:card\" content=\"summary_large_image\" \/>\n<meta name=\"twitter:creator\" content=\"@sunoresearch\" \/>\n<meta name=\"twitter:site\" content=\"@sunoresearch\" \/>\n<meta name=\"twitter:label1\" content=\"Escrito por\" \/>\n\t<meta name=\"twitter:data1\" content=\"Erick Matheus Nery\" \/>\n\t<meta name=\"twitter:label2\" content=\"Est. tempo de leitura\" \/>\n\t<meta name=\"twitter:data2\" content=\"3 minutos\" \/>\n<script type=\"application\/ld+json\" class=\"yoast-schema-graph\">{\"@context\":\"https:\/\/schema.org\",\"@graph\":[{\"@type\":\"NewsArticle\",\"@id\":\"https:\/\/www.suno.com.br\/noticias\/gasolina-anp-reducao-terceira-semana\/#article\",\"isPartOf\":{\"@id\":\"https:\/\/www.suno.com.br\/noticias\/gasolina-anp-reducao-terceira-semana\/\"},\"author\":{\"name\":\"Erick Matheus Nery\",\"@id\":\"https:\/\/www.suno.com.br\/noticias\/#\/schema\/person\/6899bc3f19d1a7315f807131c2c013a0\"},\"headline\":\"Pre\u00e7o da gasolina cai pela terceira semana seguida; redu\u00e7\u00e3o \u00e9 de 0,4%, diz ANP\",\"datePublished\":\"2022-12-13T17:50:28+00:00\",\"dateModified\":\"2022-12-13T17:51:08+00:00\",\"mainEntityOfPage\":{\"@id\":\"https:\/\/www.suno.com.br\/noticias\/gasolina-anp-reducao-terceira-semana\/\"},\"wordCount\":454,\"publisher\":{\"@id\":\"https:\/\/www.suno.com.br\/noticias\/#organization\"},\"image\":{\"@id\":\"https:\/\/www.suno.com.br\/noticias\/gasolina-anp-reducao-terceira-semana\/#primaryimage\"},\"thumbnailUrl\":\"https:\/\/files.sunoresearch.com.br\/n\/uploads\/2022\/12\/gasolina-posto-combustivel-foto-marcello-casal-jr-agenciabr.jpg\",\"keywords\":[\"ANP\",\"combust\u00edveis\",\"Gasolina\",\"Petrobras (PETR4)\"],\"articleSection\":[\"Economia\"],\"inLanguage\":\"pt-BR\"},{\"@type\":\"WebPage\",\"@id\":\"https:\/\/www.suno.com.br\/noticias\/gasolina-anp-reducao-terceira-semana\/\",\"url\":\"https:\/\/www.suno.com.br\/noticias\/gasolina-anp-reducao-terceira-semana\/\",\"name\":\"Pre\u00e7o da gasolina cai pela 3\u00aa semana; redu\u00e7\u00e3o \u00e9 de 0,4%, diz ANP\",\"isPartOf\":{\"@id\":\"https:\/\/www.suno.com.br\/noticias\/#website\"},\"primaryImageOfPage\":{\"@id\":\"https:\/\/www.suno.com.br\/noticias\/gasolina-anp-reducao-terceira-semana\/#primaryimage\"},\"image\":{\"@id\":\"https:\/\/www.suno.com.br\/noticias\/gasolina-anp-reducao-terceira-semana\/#primaryimage\"},\"thumbnailUrl\":\"https:\/\/files.sunoresearch.com.br\/n\/uploads\/2022\/12\/gasolina-posto-combustivel-foto-marcello-casal-jr-agenciabr.jpg\",\"datePublished\":\"2022-12-13T17:50:28+00:00\",\"dateModified\":\"2022-12-13T17:51:08+00:00\",\"description\":\"O pre\u00e7o m\u00e9dio do litro da gasolina nos postos de abastecimento do Pa\u00eds caiu pela terceira semana seguida, segundo a ANP. Saiba mais.\",\"breadcrumb\":{\"@id\":\"https:\/\/www.suno.com.br\/noticias\/gasolina-anp-reducao-terceira-semana\/#breadcrumb\"},\"inLanguage\":\"pt-BR\",\"potentialAction\":[{\"@type\":\"ReadAction\",\"target\":[\"https:\/\/www.suno.com.br\/noticias\/gasolina-anp-reducao-terceira-semana\/\"]}]},{\"@type\":\"ImageObject\",\"inLanguage\":\"pt-BR\",\"@id\":\"https:\/\/www.suno.com.br\/noticias\/gasolina-anp-reducao-terceira-semana\/#primaryimage\",\"url\":\"https:\/\/files.sunoresearch.com.br\/n\/uploads\/2022\/12\/gasolina-posto-combustivel-foto-marcello-casal-jr-agenciabr.jpg\",\"contentUrl\":\"https:\/\/files.sunoresearch.com.br\/n\/uploads\/2022\/12\/gasolina-posto-combustivel-foto-marcello-casal-jr-agenciabr.jpg\",\"width\":1200,\"height\":675,\"caption\":\"Posto de combust\u00edvel. Foto: Marcello Casal Jr.\/Ag\u00eancia Brasil\"},{\"@type\":\"BreadcrumbList\",\"@id\":\"https:\/\/www.suno.com.br\/noticias\/gasolina-anp-reducao-terceira-semana\/#breadcrumb\",\"itemListElement\":[{\"@type\":\"ListItem\",\"position\":1,\"name\":\"Not\u00edcias\",\"item\":\"https:\/\/www.suno.com.br\/noticias\/\"},{\"@type\":\"ListItem\",\"position\":2,\"name\":\"Economia\",\"item\":\"https:\/\/www.suno.com.br\/noticias\/economia\/\"},{\"@type\":\"ListItem\",\"position\":3,\"name\":\"Pre\u00e7o da gasolina cai pela terceira semana seguida; redu\u00e7\u00e3o \u00e9 de 0,4%, diz ANP\"}]},{\"@type\":\"WebSite\",\"@id\":\"https:\/\/www.suno.com.br\/noticias\/#website\",\"url\":\"https:\/\/www.suno.com.br\/noticias\/\",\"name\":\"Suno Not\u00edcias\",\"description\":\"Seu portal de informa\u00e7\u00e3o sobre o mundo dos investimentos\",\"publisher\":{\"@id\":\"https:\/\/www.suno.com.br\/noticias\/#organization\"},\"potentialAction\":[{\"@type\":\"SearchAction\",\"target\":{\"@type\":\"EntryPoint\",\"urlTemplate\":\"https:\/\/www.suno.com.br\/noticias\/?s={search_term_string}\"},\"query-input\":{\"@type\":\"PropertyValueSpecification\",\"valueRequired\":true,\"valueName\":\"search_term_string\"}}],\"inLanguage\":\"pt-BR\"},{\"@type\":\"Organization\",\"@id\":\"https:\/\/www.suno.com.br\/noticias\/#organization\",\"name\":\"Suno Not\u00edcias\",\"url\":\"https:\/\/www.suno.com.br\/noticias\/\",\"logo\":{\"@type\":\"ImageObject\",\"inLanguage\":\"pt-BR\",\"@id\":\"https:\/\/www.suno.com.br\/noticias\/#\/schema\/logo\/image\/\",\"url\":\"https:\/\/files.sunoresearch.com.br\/n\/uploads\/2021\/09\/suno-logo.png\",\"contentUrl\":\"https:\/\/files.sunoresearch.com.br\/n\/uploads\/2021\/09\/suno-logo.png\",\"width\":180,\"height\":180,\"caption\":\"Suno Not\u00edcias\"},\"image\":{\"@id\":\"https:\/\/www.suno.com.br\/noticias\/#\/schema\/logo\/image\/\"},\"sameAs\":[\"https:\/\/facebook.com\/sunoresearch\",\"https:\/\/x.com\/sunoresearch\",\"https:\/\/www.instagram.com\/suno\",\"https:\/\/www.linkedin.com\/company\/suno-research\/\",\"https:\/\/www.youtube.com\/c\/sunoresearch\"]},{\"@type\":\"Person\",\"@id\":\"https:\/\/www.suno.com.br\/noticias\/#\/schema\/person\/6899bc3f19d1a7315f807131c2c013a0\",\"name\":\"Erick Matheus Nery\",\"image\":{\"@type\":\"ImageObject\",\"inLanguage\":\"pt-BR\",\"@id\":\"https:\/\/www.suno.com.br\/noticias\/#\/schema\/person\/image\/\",\"url\":\"https:\/\/secure.gravatar.com\/avatar\/518ddffe438ccb767782d372a66304d2?s=96&r=g\",\"contentUrl\":\"https:\/\/secure.gravatar.com\/avatar\/518ddffe438ccb767782d372a66304d2?s=96&r=g\",\"caption\":\"Erick Matheus Nery\"},\"description\":\"Formado em Jornalismo pela Universidade Federal do Par\u00e1 (UFPA), conta com extens\u00e3o em Jornalismo Econ\u00f4mico pela Funda\u00e7\u00e3o Get\u00falio Vargas (FGV). No Suno Not\u00edcias, atua como rep\u00f3rter de Mercado, com foco nos setores de telecomunica\u00e7\u00f5es, varejo, alimentos e renda fixa. Conta com passagens pelo jornal O Estado de S\u00e3o Paulo, como trainee de Jornalismo Econ\u00f4mico, e pelo site Not\u00edcias da TV.\",\"url\":\"https:\/\/www.suno.com.br\/noticias\/author\/erick-nery\/\"}]}<\/script>\n<!-- \/ Yoast SEO plugin. -->","yoast_head_json":{"title":"Pre\u00e7o da gasolina cai pela 3\u00aa semana; redu\u00e7\u00e3o \u00e9 de 0,4%, diz ANP","description":"O pre\u00e7o m\u00e9dio do litro da gasolina nos postos de abastecimento do Pa\u00eds caiu pela terceira semana seguida, segundo a ANP. Saiba mais.","robots":{"index":"index","follow":"follow","max-snippet":"max-snippet:-1","max-image-preview":"max-image-preview:large","max-video-preview":"max-video-preview:-1"},"canonical":"https:\/\/www.suno.com.br\/noticias\/gasolina-anp-reducao-terceira-semana\/","og_locale":"pt_BR","og_type":"article","og_title":"Pre\u00e7o da gasolina cai pela 3\u00aa semana; redu\u00e7\u00e3o \u00e9 de 0,4%, diz ANP","og_description":"O pre\u00e7o m\u00e9dio do litro da gasolina nos postos de abastecimento do Pa\u00eds caiu pela terceira semana seguida, segundo a ANP. Saiba mais.","og_url":"https:\/\/www.suno.com.br\/noticias\/gasolina-anp-reducao-terceira-semana\/","og_site_name":"Suno Not\u00edcias","article_publisher":"https:\/\/facebook.com\/sunoresearch","og_image":[{"width":1200,"height":675,"url":"https:\/\/files.sunoresearch.com.br\/n\/uploads\/2022\/12\/gasolina-posto-combustivel-foto-marcello-casal-jr-agenciabr.jpg","type":"image\/jpeg"}],"author":"Erick Matheus Nery","twitter_card":"summary_large_image","twitter_creator":"@sunoresearch","twitter_site":"@sunoresearch","twitter_misc":{"Escrito por":"Erick Matheus Nery","Est. tempo de leitura":"3 minutos"},"schema":{"@context":"https:\/\/schema.org","@graph":[{"@type":"NewsArticle","@id":"https:\/\/www.suno.com.br\/noticias\/gasolina-anp-reducao-terceira-semana\/#article","isPartOf":{"@id":"https:\/\/www.suno.com.br\/noticias\/gasolina-anp-reducao-terceira-semana\/"},"author":{"name":"Erick Matheus Nery","@id":"https:\/\/www.suno.com.br\/noticias\/#\/schema\/person\/6899bc3f19d1a7315f807131c2c013a0"},"headline":"Pre\u00e7o da gasolina cai pela terceira semana seguida; redu\u00e7\u00e3o \u00e9 de 0,4%, diz ANP","datePublished":"2022-12-13T17:50:28+00:00","dateModified":"2022-12-13T17:51:08+00:00","mainEntityOfPage":{"@id":"https:\/\/www.suno.com.br\/noticias\/gasolina-anp-reducao-terceira-semana\/"},"wordCount":454,"publisher":{"@id":"https:\/\/www.suno.com.br\/noticias\/#organization"},"image":{"@id":"https:\/\/www.suno.com.br\/noticias\/gasolina-anp-reducao-terceira-semana\/#primaryimage"},"thumbnailUrl":"https:\/\/files.sunoresearch.com.br\/n\/uploads\/2022\/12\/gasolina-posto-combustivel-foto-marcello-casal-jr-agenciabr.jpg","keywords":["ANP","combust\u00edveis","Gasolina","Petrobras (PETR4)"],"articleSection":["Economia"],"inLanguage":"pt-BR"},{"@type":"WebPage","@id":"https:\/\/www.suno.com.br\/noticias\/gasolina-anp-reducao-terceira-semana\/","url":"https:\/\/www.suno.com.br\/noticias\/gasolina-anp-reducao-terceira-semana\/","name":"Pre\u00e7o da gasolina cai pela 3\u00aa semana; redu\u00e7\u00e3o \u00e9 de 0,4%, diz ANP","isPartOf":{"@id":"https:\/\/www.suno.com.br\/noticias\/#website"},"primaryImageOfPage":{"@id":"https:\/\/www.suno.com.br\/noticias\/gasolina-anp-reducao-terceira-semana\/#primaryimage"},"image":{"@id":"https:\/\/www.suno.com.br\/noticias\/gasolina-anp-reducao-terceira-semana\/#primaryimage"},"thumbnailUrl":"https:\/\/files.sunoresearch.com.br\/n\/uploads\/2022\/12\/gasolina-posto-combustivel-foto-marcello-casal-jr-agenciabr.jpg","datePublished":"2022-12-13T17:50:28+00:00","dateModified":"2022-12-13T17:51:08+00:00","description":"O pre\u00e7o m\u00e9dio do litro da gasolina nos postos de abastecimento do Pa\u00eds caiu pela terceira semana seguida, segundo a ANP. Saiba mais.","breadcrumb":{"@id":"https:\/\/www.suno.com.br\/noticias\/gasolina-anp-reducao-terceira-semana\/#breadcrumb"},"inLanguage":"pt-BR","potentialAction":[{"@type":"ReadAction","target":["https:\/\/www.suno.com.br\/noticias\/gasolina-anp-reducao-terceira-semana\/"]}]},{"@type":"ImageObject","inLanguage":"pt-BR","@id":"https:\/\/www.suno.com.br\/noticias\/gasolina-anp-reducao-terceira-semana\/#primaryimage","url":"https:\/\/files.sunoresearch.com.br\/n\/uploads\/2022\/12\/gasolina-posto-combustivel-foto-marcello-casal-jr-agenciabr.jpg","contentUrl":"https:\/\/files.sunoresearch.com.br\/n\/uploads\/2022\/12\/gasolina-posto-combustivel-foto-marcello-casal-jr-agenciabr.jpg","width":1200,"height":675,"caption":"Posto de combust\u00edvel. Foto: Marcello Casal Jr.\/Ag\u00eancia Brasil"},{"@type":"BreadcrumbList","@id":"https:\/\/www.suno.com.br\/noticias\/gasolina-anp-reducao-terceira-semana\/#breadcrumb","itemListElement":[{"@type":"ListItem","position":1,"name":"Not\u00edcias","item":"https:\/\/www.suno.com.br\/noticias\/"},{"@type":"ListItem","position":2,"name":"Economia","item":"https:\/\/www.suno.com.br\/noticias\/economia\/"},{"@type":"ListItem","position":3,"name":"Pre\u00e7o da gasolina cai pela terceira semana seguida; redu\u00e7\u00e3o \u00e9 de 0,4%, diz ANP"}]},{"@type":"WebSite","@id":"https:\/\/www.suno.com.br\/noticias\/#website","url":"https:\/\/www.suno.com.br\/noticias\/","name":"Suno Not\u00edcias","description":"Seu portal de informa\u00e7\u00e3o sobre o mundo dos investimentos","publisher":{"@id":"https:\/\/www.suno.com.br\/noticias\/#organization"},"potentialAction":[{"@type":"SearchAction","target":{"@type":"EntryPoint","urlTemplate":"https:\/\/www.suno.com.br\/noticias\/?s={search_term_string}"},"query-input":{"@type":"PropertyValueSpecification","valueRequired":true,"valueName":"search_term_string"}}],"inLanguage":"pt-BR"},{"@type":"Organization","@id":"https:\/\/www.suno.com.br\/noticias\/#organization","name":"Suno Not\u00edcias","url":"https:\/\/www.suno.com.br\/noticias\/","logo":{"@type":"ImageObject","inLanguage":"pt-BR","@id":"https:\/\/www.suno.com.br\/noticias\/#\/schema\/logo\/image\/","url":"https:\/\/files.sunoresearch.com.br\/n\/uploads\/2021\/09\/suno-logo.png","contentUrl":"https:\/\/files.sunoresearch.com.br\/n\/uploads\/2021\/09\/suno-logo.png","width":180,"height":180,"caption":"Suno Not\u00edcias"},"image":{"@id":"https:\/\/www.suno.com.br\/noticias\/#\/schema\/logo\/image\/"},"sameAs":["https:\/\/facebook.com\/sunoresearch","https:\/\/x.com\/sunoresearch","https:\/\/www.instagram.com\/suno","https:\/\/www.linkedin.com\/company\/suno-research\/","https:\/\/www.youtube.com\/c\/sunoresearch"]},{"@type":"Person","@id":"https:\/\/www.suno.com.br\/noticias\/#\/schema\/person\/6899bc3f19d1a7315f807131c2c013a0","name":"Erick Matheus Nery","image":{"@type":"ImageObject","inLanguage":"pt-BR","@id":"https:\/\/www.suno.com.br\/noticias\/#\/schema\/person\/image\/","url":"https:\/\/secure.gravatar.com\/avatar\/518ddffe438ccb767782d372a66304d2?s=96&r=g","contentUrl":"https:\/\/secure.gravatar.com\/avatar\/518ddffe438ccb767782d372a66304d2?s=96&r=g","caption":"Erick Matheus Nery"},"description":"Formado em Jornalismo pela Universidade Federal do Par\u00e1 (UFPA), conta com extens\u00e3o em Jornalismo Econ\u00f4mico pela Funda\u00e7\u00e3o Get\u00falio Vargas (FGV). No Suno Not\u00edcias, atua como rep\u00f3rter de Mercado, com foco nos setores de telecomunica\u00e7\u00f5es, varejo, alimentos e renda fixa. Conta com passagens pelo jornal O Estado de S\u00e3o Paulo, como trainee de Jornalismo Econ\u00f4mico, e pelo site Not\u00edcias da TV.","url":"https:\/\/www.suno.com.br\/noticias\/author\/erick-nery\/"}]}},"default_loop_html":"<div class=\"cardsPage__listCard__boxs\"><div class=\"cardsPage__listCard__boxs__img\"><a href=\"https:\/\/www.suno.com.br\/noticias\/gasolina-anp-reducao-terceira-semana\/\"><img class=\"mask\" src=\"https:\/\/www.suno.com.br\/noticias\/wp-content\/themes\/suno\/resources\/images\/spotlight\/spotlight1img\/bg-mask.png\" alt=\"Image Mask\"\/><img src=\"https:\/\/files.sunoresearch.com.br\/n\/uploads\/2022\/12\/gasolina-posto-combustivel-foto-marcello-casal-jr-agenciabr-400x200.jpg\" alt=\"Pre\u00e7o da gasolina cai pela terceira semana seguida; redu\u00e7\u00e3o \u00e9 de 0,4%, diz ANP\"\/><\/a><span class=\"spotlightCategory\"><a href=\"https:\/\/www.suno.com.br\/noticias\/economia\/\">Economia<\/a><\/span><\/div><div class=\"cardsPage__listCard__boxs__content\"><a href=\"https:\/\/www.suno.com.br\/noticias\/gasolina-anp-reducao-terceira-semana\/\"><h2 class=\"content__title\">Pre\u00e7o da gasolina cai pela terceira semana seguida; redu\u00e7\u00e3o \u00e9 de 0,4%, diz ANP<\/h2><\/a><div class=\"newsContent__article__meta\"><div class=\"newsContent__article__meta__authorBox\"><a href=\"https:\/\/www.suno.com.br\/noticias\/author\/erick-nery\/\" class=\"authorBox__avatar noMobi\"><img src=\"https:\/\/secure.gravatar.com\/avatar\/518ddffe438ccb767782d372a66304d2?s=96&#038;r=g\" alt=\"Erick Matheus Nery\"><\/a><div class=\"authorBox__name\"><span>por\n\t\t\t<a href=\"https:\/\/www.suno.com.br\/noticias\/author\/erick-nery\/\"><span itemprop=\"author\">Erick Matheus Nery<\/span><\/a><\/span><time datetime=\"2022-12-13T14:50:28-03:00\" itemprop=\"datePublished\">13\/12\/2022 14:50<\/time><\/div><\/div><\/div><\/div><\/div>","single_layout":"posts","amp_enabled":true,"_links":{"self":[{"href":"https:\/\/www.suno.com.br\/noticias\/wp-json\/wp\/v2\/posts\/333275"}],"collection":[{"href":"https:\/\/www.suno.com.br\/noticias\/wp-json\/wp\/v2\/posts"}],"about":[{"href":"https:\/\/www.suno.com.br\/noticias\/wp-json\/wp\/v2\/types\/post"}],"author":[{"embeddable":true,"href":"https:\/\/www.suno.com.br\/noticias\/wp-json\/wp\/v2\/users\/232"}],"replies":[{"embeddable":true,"href":"https:\/\/www.suno.com.br\/noticias\/wp-json\/wp\/v2\/comments?post=333275"}],"version-history":[{"count":2,"href":"https:\/\/www.suno.com.br\/noticias\/wp-json\/wp\/v2\/posts\/333275\/revisions"}],"predecessor-version":[{"id":333668,"href":"https:\/\/www.suno.com.br\/noticias\/wp-json\/wp\/v2\/posts\/333275\/revisions\/333668"}],"wp:featuredmedia":[{"embeddable":true,"href":"https:\/\/www.suno.com.br\/noticias\/wp-json\/wp\/v2\/media\/333519"}],"wp:attachment":[{"href":"https:\/\/www.suno.com.br\/noticias\/wp-json\/wp\/v2\/media?parent=333275"}],"wp:term":[{"taxonomy":"category","embeddable":true,"href":"https:\/\/www.suno.com.br\/noticias\/wp-json\/wp\/v2\/categories?post=333275"},{"taxonomy":"post_tag","embeddable":true,"href":"https:\/\/www.suno.com.br\/noticias\/wp-json\/wp\/v2\/tags?post=333275"},{"taxonomy":"suno_strategy","embeddable":true,"href":"https:\/\/www.suno.com.br\/noticias\/wp-json\/wp\/v2\/suno_strategy?post=333275"}],"curies":[{"name":"wp","href":"https:\/\/api.w.org\/{rel}","templated":true}]}}