{"id":333086,"date":"2022-12-12T19:05:13","date_gmt":"2022-12-12T22:05:13","guid":{"rendered":"https:\/\/www.suno.com.br\/noticias\/?p=333086"},"modified":"2022-12-12T19:05:19","modified_gmt":"2022-12-12T22:05:19","slug":"btg-fleury-flry3-bradesco-bbdc4-participacao","status":"publish","type":"post","link":"https:\/\/www.suno.com.br\/noticias\/btg-fleury-flry3-bradesco-bbdc4-participacao\/","title":{"rendered":"BTG: Bradesco (BBDC4) vai ficar com 25% da Fleury (FLRY3) ap\u00f3s fus\u00e3o com Hermes Pardini (PARD3)"},"content":{"rendered":"<p>O BTG Pactual afirmou que, pelos seus c\u00e1lculos, o <a class=\"suno-keyword\" data-force=\"yes\" data-priority=\"2\" href=\"https:\/\/www.suno.com.br\/acoes\/BBDC4\/\" target=\"_blank\" rel=\"noopener\">Bradesco (BBDC4)<\/a> deter\u00e1 25% da <a class=\"suno-keyword\" data-force=\"yes\" data-priority=\"2\" href=\"https:\/\/www.suno.com.br\/acoes\/FLRY3\/\" target=\"_blank\" rel=\"noopener\"><strong>Fleury<\/strong> (FLRY3)<\/a>, depois de a empresa de diagn\u00f3sticos concluir a fus\u00e3o com a <a class=\"suno-keyword\" data-force=\"yes\" data-priority=\"2\" href=\"https:\/\/www.suno.com.br\/acoes\/PARD3\/\" target=\"_blank\" rel=\"noopener\">Hermes Pardini (PARD3)<\/a>.<\/p><div class=\"videoFull \">\n\t\t\t<div class=\"videoWrapper yt-lazyload center\"\n\t\t\t\tdata-width=\"960\"\n\t\t\t\tdata-height=\"540\"\n\t\t\t\tdata-id=\"qgfI4nNWhCY\"\n\t\t\t\tdata-alt=\"V\u00eddeo do YouTube - clique para reproduzir\"\n\t\t\t\tdata-logo=\"3\"\n\t\t\t\tdata-imagequality=\"maxres\">\n\t\t\t<\/div>\n\t\t<\/div><script type=\"application\/ld+json\">{\"@context\":\"https:\/\/schema.org\",\"@type\":\"VideoObject\",\"name\":\"NUBANK (NUBR33) expande opera\u00e7\u00e3o no M\u00e9xico com capitaliza\u00e7\u00e3o de US$ 330 milh\u00f5es | Suno Not\u00edcias\",\"description\":\"#Not\u00edciasdoDia #Not\u00edcias #nubank #nubr33 #mexico #mercadofinanceiro #a\u00e7\u00f5es #bdr #bdrs #bdr2022 #cartaodecredito \ud835\udc08\ud835\udc0d\ud835\udc12\ud835\udc02\ud835\udc11\ud835\udc04\ud835\udc15\ud835\udc00-\ud835\udc12\ud835\udc04 \ud835\udc0d\ud835\udc0e \ud835\udc02\ud835\udc00\ud835\udc0d\ud835\udc00\ud835\udc0b \ud835\udc04 \ud835\udc00\ud835\udc13\ud835\udc08\ud835\udc15\ud835\udc04 \ud835\udc0e \ud835\udc12\ud835\udc08\ud835\udc0d\ud835\udc0e \ud83d\udc47 https:\/\/bit.ly\/INSCREVA-SEATIVEOSINO \ud83d\udcda \ud83d\udcb8 \ud83d\udcca \ud835\udde3\ud835\udddf\ud835\uddd4\ud835\udde1\ud835\udddc\ud835\udddf\ud835\udddb\ud835\uddd4 \ud835\uddd7\ud835\uddd8 \ud835\uddd6\ud835\udde2\ud835\udde1\ud835\udde7\ud835\udde5\ud835\udde2\ud835\udddf\ud835\uddd8 \ud835\uddd9\ud835\udddc\ud835\udde1\ud835\uddd4\ud835\udde1\ud835\uddd6\ud835\uddd8\ud835\udddc\ud835\udde5\ud835\udde2: \ud835\uddd5\ud835\uddee\ud835\uddf6\ud835\ude05\ud835\uddf2 \ud835\uddee \ud835\uddfd\ud835\uddf9\ud835\uddee\ud835\uddfb\ud835\uddf6\ud835\uddf9\ud835\uddf5\ud835\uddee AGORA antes que acabe! \ud83d\udc49 https:\/\/lp.suno.com.br\/planilha-da-vida-financeira\/?utm_source=youtube.noticias&utm_medium=live&utm_campaign=planilhadavidafinanceira.20221128&utm_content=ytnoticias.morning.02122022 \ud83d\udcda \ud835\udc04-\ud835\udc1b\ud835\udc28\ud835\udc28\ud835\udc24 \"\ud835\udc02\ud835\udc28\ud835\udc26\ud835\udc28 \ud835\udc22\ud835\udc27\ud835\udc2f\ud835\udc1e\ud835\udc2c\ud835\udc2d\ud835\udc22\ud835\udc2b \ud835\udc1e\ud835\udc26 \ud835\udc03\ud835\udc22\ud835\udc2f\ud835\udc22\ud835\udc1d\ud835\udc1e\ud835\udc27\ud835\udc1d\ud835\udc28\ud835\udc2c?\"\ud83d\udc47 - \ud835\udc1b\ud835\udc1a\ud835\udc22\ud835\udc31\ud835\udc1e \ud835\udc20\ud835\udc2b\ud835\udc1a\ud835\udc2d\ud835\udc2e\ud835\udc22\ud835\udc2d\ud835\udc1a\ud835\udc26\ud835\udc1e\ud835\udc27\ud835\udc2d\ud835\udc1e \ud835\udc1e \ud835\udc1a\ud835\udc29\ud835\udc2b\ud835\udc1e\ud835\udc27\ud835\udc1d\ud835\udc1a: https:\/\/bit.ly\/ebookGRATUITOdoSunoNoticiasComoinvestiremDividendos O Nubank #nubr33 realizou uma capitaliza\u00e7\u00e3o de\u2026\",\"duration\":\"PT2M6S\",\"embedUrl\":\"https:\/\/www.youtube.com\/embed\/qgfI4nNWhCY\",\"regionsAllowed\":\"pt-BR\",\"interactionStatistic\":{\"@type\":\"InteractionCounter\",\"interactionType\":{\"@type\":\"WatchAction\"},\"userInteractionCount\":515},\"thumbnailUrl\":\"https:\/\/i.ytimg.com\/vi\/qgfI4nNWhCY\/default.jpg\",\"uploadDate\":\"2022-12-11T18:00:18Z\"}<\/script>\n\n\n\n\n\t<p>\n\t\t<a href=\"\" target=\"_blank\" data-element=\"shortcode-suno-banner\" title=\"Banner SUNO, clique e saiba mais\">\n\t\t\t<picture>\n\t\t\t\t<source media=\"(max-width: 500px)\" srcset=\"\">\n\t\t\t\t<img class=\"newsContent__article__imgCapa newsContent__article__imgCapa--banner\"\n\t\t\t\t\tsrc=\"\"\n\t\t\t\t\tdata-promo-id=\"288024\"\t\t\t\t\t\t\t\t\t\t\t\t\t\t\talt=\"\"\n\t\t\t\t>\n\t\t\t<\/picture>\n\t\t<\/a>\n\t<\/p>\n\n\n\n\n\n<p>O <strong>Bradesco <\/strong>aumentou a <strong>participa\u00e7\u00e3o na Fleury<\/strong> de 29,98% para 35,34% depois de a companhia concluir o <strong><a class=\"suno-keyword\" data-force=\"no\" data-priority=\"1\" href=\"https:\/\/www.suno.com.br\/artigos\/aumento-capital\/\" target=\"_blank\" rel=\"noopener\">aumento de capital<\/a> <\/strong>privado de R$ 847 milh\u00f5es, resultando na emiss\u00e3o de 49 milh\u00f5es de novas <strong>a\u00e7\u00f5es<\/strong>.<\/p>\n\n\n\n<p>Ap\u00f3s a Fleury finalizar a fus\u00e3o com a <strong>Hermes Pardini<\/strong>, a participa\u00e7\u00e3o ser\u00e1 dilu\u00edda para 24,89% na nova companhia, ante os 20,2% anunciados na incorpora\u00e7\u00e3o. O restante da companhia ser\u00e1 dividida entre a fam\u00edlia Pardini, com 20%, e outros acionistas, com 55%.<\/p>\n\n\n\n<p>O BTG Pactual tem recomenda\u00e7\u00e3o &#8220;neutra&#8221; para os <strong>a\u00e7\u00f5es da Fleury<\/strong>, com pre\u00e7o-alvo de R$ 17. Entretanto, o banco de investimentos tem um vi\u00e9s positivo nas a\u00e7\u00f5es da Fleury desde o an\u00fancio da fus\u00e3o com a Pardini. <\/p>\n\n\n\n<p>Al\u00e9m disso, o BTG observou os resultados s\u00f3lidos da Fleury no terceiro trimestre refor\u00e7ando esse vi\u00e9s positivo. <\/p>\n\n\n\n<p>&#8221; Mas uma reavalia\u00e7\u00e3o ir\u00e1 depender da aloca\u00e7\u00e3o de capital e captura de sinergias relacionadas \u00e0 Pardini&#8221;, explicam os analistas Samuel Alves, Yan Cesquim e Pedro Lima.<\/p>\n\n\n\n<p>Nesta segunda-feira (12), a Fleury sediou o seu Investor Day, em que reiterou seu objetivo de 5 anos de &#8220;se tornar um dos principais players do setor de sa\u00fade, com atua\u00e7\u00e3o ao longo da <a class=\"suno-keyword\" target=\"_blank\" data-force=\"no\" data-priority=\"1\" href=\"https:\/\/www.suno.com.br\/artigos\/cadeia-de-valor\/\" rel=\"noopener\">cadeia de valor<\/a> e lideran\u00e7a na coordena\u00e7\u00e3o da jornada integrada dos pacientes&#8221;.<\/p>\n\n\n\n<h2 class=\"wp-block-heading\"><strong>Fleury aprova aumento de capital e anuncia venda da Papaiz para a Odontoprev (ODPV3)<\/strong><\/h2>\n\n\n\n<p>A Fleury anunciou que o <a class=\"suno-keyword\" target=\"_blank\" data-force=\"no\" data-priority=\"1\" href=\"https:\/\/www.suno.com.br\/artigos\/conselho-administracao\/\" rel=\"noopener\">conselho de administra\u00e7\u00e3o<\/a> da companhia aprovou a homologa\u00e7\u00e3o parcial do <a class=\"suno-keyword\" target=\"_blank\" data-force=\"no\" data-priority=\"1\" href=\"https:\/\/www.suno.com.br\/artigos\/aumento-capital\/\" rel=\"noopener\">aumento de capital<\/a> social, mediante emiss\u00e3o, para subscri\u00e7\u00e3o privada, no valor de R$ 847,2 milh\u00f5es.<\/p>\n\n\n\n<p>Em raz\u00e3o do <a class=\"suno-keyword\" data-force=\"no\" data-priority=\"1\" href=\"https:\/\/www.suno.com.br\/artigos\/aumento-capital\/\" target=\"_blank\" rel=\"noopener\">aumento de capital<\/a> da Fleury, 49.059.216 novas <a class=\"suno-keyword\" data-force=\"no\" data-priority=\"1\" href=\"https:\/\/www.suno.com.br\/artigos\/o-que-sao-acoes-ordinarias-preferenciais-e-units\/\" target=\"_blank\" rel=\"noopener\">a\u00e7\u00f5es ordin\u00e1rias<\/a> foram subscritas, sendo o montante total de emiss\u00e3o de R$ 847.252.660,32. Desse montante, R$ 282.090.492,00 ser\u00e3o destinados ao capital social e R$ 565.162.168,32 \u00e0 <a class=\"suno-keyword\" data-force=\"no\" data-priority=\"1\" href=\"https:\/\/www.suno.com.br\/artigos\/reserva-capital\/\" target=\"_blank\" rel=\"noopener\">reserva de capital<\/a>.<\/p>\n\n\n\n<p>Assim, o capital social da Fleury passou de R$ 1,4 bilh\u00e3o para R$ 1,7 bilh\u00e3o, representado por 367.197.096 a\u00e7\u00f5es ordin\u00e1rias.<\/p>\n\n\n\t<p>\n\t\t<a href=\"\" target=\"_blank\" data-element=\"shortcode-suno-banner\" title=\"Banner SUNO, clique e saiba mais\">\n\t\t\t<picture>\n\t\t\t\t<source media=\"(max-width: 500px)\" srcset=\"\">\n\t\t\t\t<img class=\"newsContent__article__imgCapa newsContent__article__imgCapa--banner\"\n\t\t\t\t\tsrc=\"\"\n\t\t\t\t\tdata-promo-id=\"288024\"\t\t\t\t\t\t\t\t\t\t\t\t\t\t\talt=\"\"\n\t\t\t\t>\n\t\t\t<\/picture>\n\t\t<\/a>\n\t<\/p>\n\n\n\n\n\n<h2 class=\"wp-block-heading\" id=\"h-venda-da-papaiz\"><strong>Venda da Papaiz<\/strong><\/h2>\n\n\n\n<p>Al\u00e9m disso, a Fleury anunciou que realizou a venda de 51% da Papaiz, de diagn\u00f3sticos odontol\u00f3gicos por imagem, para a Clidec, controlada pela <a class=\"suno-keyword\" data-force=\"yes\" data-priority=\"2\" href=\"https:\/\/www.suno.com.br\/acoes\/ODPV3\/\" target=\"_blank\" rel=\"noopener\"><strong>Odontoprev<\/strong> (ODPV3)<\/a>, por meio de compra e venda de a\u00e7\u00f5es.<\/p>\n\n\n\n<p>O valor pago \u00e0 Fleury pelo controle da Papaiz corresponde a R$ 19,2 milh\u00f5es.<\/p>\n\n\n\n<p>Nos \u00faltimos 12 meses encerrados em outubro de 2022, a Papaiz totalizou <a class=\"suno-keyword\" target=\"_blank\" data-force=\"no\" data-priority=\"1\" href=\"https:\/\/www.suno.com.br\/artigos\/o-que-receita-liquida\/\" rel=\"noopener\">receita l\u00edquida<\/a> de R$ 29,5 milh\u00f5es.<\/p>\n\n\n\n<p>A aquisi\u00e7\u00e3o ainda precisa ser aprovada pelo Cade (Conselho Administrativo de Defesa Econ\u00f4mica).<\/p>\n\n\n\n<h2 class=\"wp-block-heading\"><strong>Cota\u00e7\u00e3o<\/strong><\/h2>\n\n\n\n<p>As a\u00e7\u00f5es da <strong>Fleury<\/strong> fecharam em queda de 1,2%, cotadas a R$ 15,51, nesta segunda-feira (12).<\/p>\n\n\n\t<p>\n\t\t<a href=\"https:\/\/lp.suno.com.br\/planilha-controle-gastos\/\" target=\"_blank\" data-element=\"shortcode-suno-banner\" title=\"Banner SUNO, clique e saiba mais\">\n\t\t\t<picture>\n\t\t\t\t<source media=\"(max-width: 500px)\" srcset=\"https:\/\/files.sunoresearch.com.br\/n\/uploads\/2023\/03\/400x300-Planilha-controle-de-gastos.png\">\n\t\t\t\t<img class=\"newsContent__article__imgCapa newsContent__article__imgCapa--banner\"\n\t\t\t\t\tsrc=\"https:\/\/files.sunoresearch.com.br\/n\/uploads\/2023\/03\/1420x240-Planilha-controle-de-gastos.png\"\n\t\t\t\t\tdata-promo-id=\"101751\"\t\t\t\t\t\t\t\t\t\twidth='1420' height='240'\t\t\t\t\talt=\"https:\/\/files.sunoresearch.com.br\/n\/uploads\/2023\/03\/1420x240-Planilha-controle-de-gastos.png\"\n\t\t\t\t>\n\t\t\t<\/picture>\n\t\t<\/a>\n\t<\/p>\n\n\n","protected":false},"excerpt":{"rendered":"<p>O BTG Pactual afirmou que, pelos seus c\u00e1lculos, o Bradesco (BBDC4) deter\u00e1 25% da Fleury (FLRY3), depois de a empresa de diagn\u00f3sticos concluir a fus\u00e3o com a Hermes Pardini (PARD3). O Bradesco aumentou a participa\u00e7\u00e3o na Fleury de 29,98% para 35,34% depois de a companhia concluir o aumento de capital privado de R$ 847 milh\u00f5es, [&hellip;]<\/p>\n","protected":false},"author":195,"featured_media":333105,"comment_status":"closed","ping_status":"closed","sticky":false,"template":"","format":"standard","meta":[],"categories":[64],"tags":[105816,479],"suno_strategy":[],"class_list":["post-333086","post","type-post","status-publish","format-standard","has-post-thumbnail","hentry","category-negocios","tag-especialistas","tag-fleury-flry3"],"yoast_head":"<!-- This site is optimized with the Yoast SEO plugin v24.4 - https:\/\/yoast.com\/wordpress\/plugins\/seo\/ -->\n<title>BTG: Bradesco (BBDC4) vai ficar com 25% da Fleury (FLRY3) ap\u00f3s fus\u00e3o<\/title>\n<meta name=\"description\" content=\"O BTG Pactual afirmou que o Bradesco (BBDC4) deter\u00e1 25% da Fleury (FLRY3), depois depassar pela fus\u00e3o com a Pardini (PARD3).\" \/>\n<meta name=\"robots\" content=\"index, follow, max-snippet:-1, max-image-preview:large, max-video-preview:-1\" \/>\n<link rel=\"canonical\" href=\"https:\/\/www.suno.com.br\/noticias\/btg-fleury-flry3-bradesco-bbdc4-participacao\/\" \/>\n<meta property=\"og:locale\" content=\"pt_BR\" \/>\n<meta property=\"og:type\" content=\"article\" \/>\n<meta property=\"og:title\" content=\"BTG: Bradesco (BBDC4) vai ficar com 25% da Fleury (FLRY3) ap\u00f3s fus\u00e3o\" \/>\n<meta property=\"og:description\" content=\"O BTG Pactual afirmou que o Bradesco (BBDC4) deter\u00e1 25% da Fleury (FLRY3), depois depassar pela fus\u00e3o com a Pardini (PARD3).\" \/>\n<meta property=\"og:url\" content=\"https:\/\/www.suno.com.br\/noticias\/btg-fleury-flry3-bradesco-bbdc4-participacao\/\" \/>\n<meta property=\"og:site_name\" content=\"Suno Not\u00edcias\" \/>\n<meta property=\"article:publisher\" content=\"https:\/\/facebook.com\/sunoresearch\" \/>\n<meta property=\"og:image\" content=\"https:\/\/files.sunoresearch.com.br\/n\/uploads\/2022\/12\/fleury-flry3.jpg\" \/>\n\t<meta property=\"og:image:width\" content=\"2560\" \/>\n\t<meta property=\"og:image:height\" content=\"1706\" \/>\n\t<meta property=\"og:image:type\" content=\"image\/jpeg\" \/>\n<meta name=\"author\" content=\"Ana Clara Macedo\" \/>\n<meta name=\"twitter:card\" content=\"summary_large_image\" \/>\n<meta name=\"twitter:creator\" content=\"@sunoresearch\" \/>\n<meta name=\"twitter:site\" content=\"@sunoresearch\" \/>\n<meta name=\"twitter:label1\" content=\"Escrito por\" \/>\n\t<meta name=\"twitter:data1\" content=\"Ana Clara Macedo\" \/>\n\t<meta name=\"twitter:label2\" content=\"Est. tempo de leitura\" \/>\n\t<meta name=\"twitter:data2\" content=\"3 minutos\" \/>\n<script type=\"application\/ld+json\" class=\"yoast-schema-graph\">{\"@context\":\"https:\/\/schema.org\",\"@graph\":[{\"@type\":\"NewsArticle\",\"@id\":\"https:\/\/www.suno.com.br\/noticias\/btg-fleury-flry3-bradesco-bbdc4-participacao\/#article\",\"isPartOf\":{\"@id\":\"https:\/\/www.suno.com.br\/noticias\/btg-fleury-flry3-bradesco-bbdc4-participacao\/\"},\"author\":{\"name\":\"Ana Clara Macedo\",\"@id\":\"https:\/\/www.suno.com.br\/noticias\/#\/schema\/person\/a70f3c52ef8c814d62ed63b30bb30176\"},\"headline\":\"BTG: Bradesco (BBDC4) vai ficar com 25% da Fleury (FLRY3) ap\u00f3s fus\u00e3o com Hermes Pardini (PARD3)\",\"datePublished\":\"2022-12-12T22:05:13+00:00\",\"dateModified\":\"2022-12-12T22:05:19+00:00\",\"mainEntityOfPage\":{\"@id\":\"https:\/\/www.suno.com.br\/noticias\/btg-fleury-flry3-bradesco-bbdc4-participacao\/\"},\"wordCount\":484,\"publisher\":{\"@id\":\"https:\/\/www.suno.com.br\/noticias\/#organization\"},\"image\":{\"@id\":\"https:\/\/www.suno.com.br\/noticias\/btg-fleury-flry3-bradesco-bbdc4-participacao\/#primaryimage\"},\"thumbnailUrl\":\"https:\/\/files.sunoresearch.com.br\/n\/uploads\/2022\/12\/fleury-flry3.jpg\",\"keywords\":[\"Especialistas\",\"Fleury (FLRY3)\"],\"articleSection\":[\"Neg\u00f3cios\"],\"inLanguage\":\"pt-BR\"},{\"@type\":\"WebPage\",\"@id\":\"https:\/\/www.suno.com.br\/noticias\/btg-fleury-flry3-bradesco-bbdc4-participacao\/\",\"url\":\"https:\/\/www.suno.com.br\/noticias\/btg-fleury-flry3-bradesco-bbdc4-participacao\/\",\"name\":\"BTG: Bradesco (BBDC4) vai ficar com 25% da Fleury (FLRY3) ap\u00f3s fus\u00e3o\",\"isPartOf\":{\"@id\":\"https:\/\/www.suno.com.br\/noticias\/#website\"},\"primaryImageOfPage\":{\"@id\":\"https:\/\/www.suno.com.br\/noticias\/btg-fleury-flry3-bradesco-bbdc4-participacao\/#primaryimage\"},\"image\":{\"@id\":\"https:\/\/www.suno.com.br\/noticias\/btg-fleury-flry3-bradesco-bbdc4-participacao\/#primaryimage\"},\"thumbnailUrl\":\"https:\/\/files.sunoresearch.com.br\/n\/uploads\/2022\/12\/fleury-flry3.jpg\",\"datePublished\":\"2022-12-12T22:05:13+00:00\",\"dateModified\":\"2022-12-12T22:05:19+00:00\",\"description\":\"O BTG Pactual afirmou que o Bradesco (BBDC4) deter\u00e1 25% da Fleury (FLRY3), depois depassar pela fus\u00e3o com a Pardini (PARD3).\",\"breadcrumb\":{\"@id\":\"https:\/\/www.suno.com.br\/noticias\/btg-fleury-flry3-bradesco-bbdc4-participacao\/#breadcrumb\"},\"inLanguage\":\"pt-BR\",\"potentialAction\":[{\"@type\":\"ReadAction\",\"target\":[\"https:\/\/www.suno.com.br\/noticias\/btg-fleury-flry3-bradesco-bbdc4-participacao\/\"]}]},{\"@type\":\"ImageObject\",\"inLanguage\":\"pt-BR\",\"@id\":\"https:\/\/www.suno.com.br\/noticias\/btg-fleury-flry3-bradesco-bbdc4-participacao\/#primaryimage\",\"url\":\"https:\/\/files.sunoresearch.com.br\/n\/uploads\/2022\/12\/fleury-flry3.jpg\",\"contentUrl\":\"https:\/\/files.sunoresearch.com.br\/n\/uploads\/2022\/12\/fleury-flry3.jpg\",\"width\":2560,\"height\":1706,\"caption\":\"Fleury (FLRY3). Foto: Reprodu\u00e7\u00e3o\/Site\/Fleury\"},{\"@type\":\"BreadcrumbList\",\"@id\":\"https:\/\/www.suno.com.br\/noticias\/btg-fleury-flry3-bradesco-bbdc4-participacao\/#breadcrumb\",\"itemListElement\":[{\"@type\":\"ListItem\",\"position\":1,\"name\":\"Not\u00edcias\",\"item\":\"https:\/\/www.suno.com.br\/noticias\/\"},{\"@type\":\"ListItem\",\"position\":2,\"name\":\"Neg\u00f3cios\",\"item\":\"https:\/\/www.suno.com.br\/noticias\/negocios\/\"},{\"@type\":\"ListItem\",\"position\":3,\"name\":\"BTG: Bradesco (BBDC4) vai ficar com 25% da Fleury (FLRY3) ap\u00f3s fus\u00e3o com Hermes Pardini (PARD3)\"}]},{\"@type\":\"WebSite\",\"@id\":\"https:\/\/www.suno.com.br\/noticias\/#website\",\"url\":\"https:\/\/www.suno.com.br\/noticias\/\",\"name\":\"Suno Not\u00edcias\",\"description\":\"Seu portal de informa\u00e7\u00e3o sobre o mundo dos investimentos\",\"publisher\":{\"@id\":\"https:\/\/www.suno.com.br\/noticias\/#organization\"},\"potentialAction\":[{\"@type\":\"SearchAction\",\"target\":{\"@type\":\"EntryPoint\",\"urlTemplate\":\"https:\/\/www.suno.com.br\/noticias\/?s={search_term_string}\"},\"query-input\":{\"@type\":\"PropertyValueSpecification\",\"valueRequired\":true,\"valueName\":\"search_term_string\"}}],\"inLanguage\":\"pt-BR\"},{\"@type\":\"Organization\",\"@id\":\"https:\/\/www.suno.com.br\/noticias\/#organization\",\"name\":\"Suno Not\u00edcias\",\"url\":\"https:\/\/www.suno.com.br\/noticias\/\",\"logo\":{\"@type\":\"ImageObject\",\"inLanguage\":\"pt-BR\",\"@id\":\"https:\/\/www.suno.com.br\/noticias\/#\/schema\/logo\/image\/\",\"url\":\"https:\/\/files.sunoresearch.com.br\/n\/uploads\/2021\/09\/suno-logo.png\",\"contentUrl\":\"https:\/\/files.sunoresearch.com.br\/n\/uploads\/2021\/09\/suno-logo.png\",\"width\":180,\"height\":180,\"caption\":\"Suno Not\u00edcias\"},\"image\":{\"@id\":\"https:\/\/www.suno.com.br\/noticias\/#\/schema\/logo\/image\/\"},\"sameAs\":[\"https:\/\/facebook.com\/sunoresearch\",\"https:\/\/x.com\/sunoresearch\",\"https:\/\/www.instagram.com\/suno\",\"https:\/\/www.linkedin.com\/company\/suno-research\/\",\"https:\/\/www.youtube.com\/c\/sunoresearch\"]},{\"@type\":\"Person\",\"@id\":\"https:\/\/www.suno.com.br\/noticias\/#\/schema\/person\/a70f3c52ef8c814d62ed63b30bb30176\",\"name\":\"Ana Clara Macedo\",\"image\":{\"@type\":\"ImageObject\",\"inLanguage\":\"pt-BR\",\"@id\":\"https:\/\/www.suno.com.br\/noticias\/#\/schema\/person\/image\/\",\"url\":\"https:\/\/secure.gravatar.com\/avatar\/40810da86786bd5619f8cd594b0f44ef?s=96&r=g\",\"contentUrl\":\"https:\/\/secure.gravatar.com\/avatar\/40810da86786bd5619f8cd594b0f44ef?s=96&r=g\",\"caption\":\"Ana Clara Macedo\"},\"description\":\"Rep\u00f3rter no Suno Not\u00edcias, cobrindo acontecimentos sobre neg\u00f3cios, mercado financeiro e economia. Anteriormente trabalhou como Rep\u00f3rter no Mercado News e produziu relat\u00f3rios e artigos sobre empresas de capital aberto.\",\"url\":\"https:\/\/www.suno.com.br\/noticias\/author\/ana-clara-macedo\/\"}]}<\/script>\n<!-- \/ Yoast SEO plugin. -->","yoast_head_json":{"title":"BTG: Bradesco (BBDC4) vai ficar com 25% da Fleury (FLRY3) ap\u00f3s fus\u00e3o","description":"O BTG Pactual afirmou que o Bradesco (BBDC4) deter\u00e1 25% da Fleury (FLRY3), depois depassar pela fus\u00e3o com a Pardini (PARD3).","robots":{"index":"index","follow":"follow","max-snippet":"max-snippet:-1","max-image-preview":"max-image-preview:large","max-video-preview":"max-video-preview:-1"},"canonical":"https:\/\/www.suno.com.br\/noticias\/btg-fleury-flry3-bradesco-bbdc4-participacao\/","og_locale":"pt_BR","og_type":"article","og_title":"BTG: Bradesco (BBDC4) vai ficar com 25% da Fleury (FLRY3) ap\u00f3s fus\u00e3o","og_description":"O BTG Pactual afirmou que o Bradesco (BBDC4) deter\u00e1 25% da Fleury (FLRY3), depois depassar pela fus\u00e3o com a Pardini (PARD3).","og_url":"https:\/\/www.suno.com.br\/noticias\/btg-fleury-flry3-bradesco-bbdc4-participacao\/","og_site_name":"Suno Not\u00edcias","article_publisher":"https:\/\/facebook.com\/sunoresearch","og_image":[{"width":2560,"height":1706,"url":"https:\/\/files.sunoresearch.com.br\/n\/uploads\/2022\/12\/fleury-flry3.jpg","type":"image\/jpeg"}],"author":"Ana Clara Macedo","twitter_card":"summary_large_image","twitter_creator":"@sunoresearch","twitter_site":"@sunoresearch","twitter_misc":{"Escrito por":"Ana Clara Macedo","Est. tempo de leitura":"3 minutos"},"schema":{"@context":"https:\/\/schema.org","@graph":[{"@type":"NewsArticle","@id":"https:\/\/www.suno.com.br\/noticias\/btg-fleury-flry3-bradesco-bbdc4-participacao\/#article","isPartOf":{"@id":"https:\/\/www.suno.com.br\/noticias\/btg-fleury-flry3-bradesco-bbdc4-participacao\/"},"author":{"name":"Ana Clara Macedo","@id":"https:\/\/www.suno.com.br\/noticias\/#\/schema\/person\/a70f3c52ef8c814d62ed63b30bb30176"},"headline":"BTG: Bradesco (BBDC4) vai ficar com 25% da Fleury (FLRY3) ap\u00f3s fus\u00e3o com Hermes Pardini (PARD3)","datePublished":"2022-12-12T22:05:13+00:00","dateModified":"2022-12-12T22:05:19+00:00","mainEntityOfPage":{"@id":"https:\/\/www.suno.com.br\/noticias\/btg-fleury-flry3-bradesco-bbdc4-participacao\/"},"wordCount":484,"publisher":{"@id":"https:\/\/www.suno.com.br\/noticias\/#organization"},"image":{"@id":"https:\/\/www.suno.com.br\/noticias\/btg-fleury-flry3-bradesco-bbdc4-participacao\/#primaryimage"},"thumbnailUrl":"https:\/\/files.sunoresearch.com.br\/n\/uploads\/2022\/12\/fleury-flry3.jpg","keywords":["Especialistas","Fleury (FLRY3)"],"articleSection":["Neg\u00f3cios"],"inLanguage":"pt-BR"},{"@type":"WebPage","@id":"https:\/\/www.suno.com.br\/noticias\/btg-fleury-flry3-bradesco-bbdc4-participacao\/","url":"https:\/\/www.suno.com.br\/noticias\/btg-fleury-flry3-bradesco-bbdc4-participacao\/","name":"BTG: Bradesco (BBDC4) vai ficar com 25% da Fleury (FLRY3) ap\u00f3s fus\u00e3o","isPartOf":{"@id":"https:\/\/www.suno.com.br\/noticias\/#website"},"primaryImageOfPage":{"@id":"https:\/\/www.suno.com.br\/noticias\/btg-fleury-flry3-bradesco-bbdc4-participacao\/#primaryimage"},"image":{"@id":"https:\/\/www.suno.com.br\/noticias\/btg-fleury-flry3-bradesco-bbdc4-participacao\/#primaryimage"},"thumbnailUrl":"https:\/\/files.sunoresearch.com.br\/n\/uploads\/2022\/12\/fleury-flry3.jpg","datePublished":"2022-12-12T22:05:13+00:00","dateModified":"2022-12-12T22:05:19+00:00","description":"O BTG Pactual afirmou que o Bradesco (BBDC4) deter\u00e1 25% da Fleury (FLRY3), depois depassar pela fus\u00e3o com a Pardini (PARD3).","breadcrumb":{"@id":"https:\/\/www.suno.com.br\/noticias\/btg-fleury-flry3-bradesco-bbdc4-participacao\/#breadcrumb"},"inLanguage":"pt-BR","potentialAction":[{"@type":"ReadAction","target":["https:\/\/www.suno.com.br\/noticias\/btg-fleury-flry3-bradesco-bbdc4-participacao\/"]}]},{"@type":"ImageObject","inLanguage":"pt-BR","@id":"https:\/\/www.suno.com.br\/noticias\/btg-fleury-flry3-bradesco-bbdc4-participacao\/#primaryimage","url":"https:\/\/files.sunoresearch.com.br\/n\/uploads\/2022\/12\/fleury-flry3.jpg","contentUrl":"https:\/\/files.sunoresearch.com.br\/n\/uploads\/2022\/12\/fleury-flry3.jpg","width":2560,"height":1706,"caption":"Fleury (FLRY3). Foto: Reprodu\u00e7\u00e3o\/Site\/Fleury"},{"@type":"BreadcrumbList","@id":"https:\/\/www.suno.com.br\/noticias\/btg-fleury-flry3-bradesco-bbdc4-participacao\/#breadcrumb","itemListElement":[{"@type":"ListItem","position":1,"name":"Not\u00edcias","item":"https:\/\/www.suno.com.br\/noticias\/"},{"@type":"ListItem","position":2,"name":"Neg\u00f3cios","item":"https:\/\/www.suno.com.br\/noticias\/negocios\/"},{"@type":"ListItem","position":3,"name":"BTG: Bradesco (BBDC4) vai ficar com 25% da Fleury (FLRY3) ap\u00f3s fus\u00e3o com Hermes Pardini (PARD3)"}]},{"@type":"WebSite","@id":"https:\/\/www.suno.com.br\/noticias\/#website","url":"https:\/\/www.suno.com.br\/noticias\/","name":"Suno Not\u00edcias","description":"Seu portal de informa\u00e7\u00e3o sobre o mundo dos investimentos","publisher":{"@id":"https:\/\/www.suno.com.br\/noticias\/#organization"},"potentialAction":[{"@type":"SearchAction","target":{"@type":"EntryPoint","urlTemplate":"https:\/\/www.suno.com.br\/noticias\/?s={search_term_string}"},"query-input":{"@type":"PropertyValueSpecification","valueRequired":true,"valueName":"search_term_string"}}],"inLanguage":"pt-BR"},{"@type":"Organization","@id":"https:\/\/www.suno.com.br\/noticias\/#organization","name":"Suno Not\u00edcias","url":"https:\/\/www.suno.com.br\/noticias\/","logo":{"@type":"ImageObject","inLanguage":"pt-BR","@id":"https:\/\/www.suno.com.br\/noticias\/#\/schema\/logo\/image\/","url":"https:\/\/files.sunoresearch.com.br\/n\/uploads\/2021\/09\/suno-logo.png","contentUrl":"https:\/\/files.sunoresearch.com.br\/n\/uploads\/2021\/09\/suno-logo.png","width":180,"height":180,"caption":"Suno Not\u00edcias"},"image":{"@id":"https:\/\/www.suno.com.br\/noticias\/#\/schema\/logo\/image\/"},"sameAs":["https:\/\/facebook.com\/sunoresearch","https:\/\/x.com\/sunoresearch","https:\/\/www.instagram.com\/suno","https:\/\/www.linkedin.com\/company\/suno-research\/","https:\/\/www.youtube.com\/c\/sunoresearch"]},{"@type":"Person","@id":"https:\/\/www.suno.com.br\/noticias\/#\/schema\/person\/a70f3c52ef8c814d62ed63b30bb30176","name":"Ana Clara Macedo","image":{"@type":"ImageObject","inLanguage":"pt-BR","@id":"https:\/\/www.suno.com.br\/noticias\/#\/schema\/person\/image\/","url":"https:\/\/secure.gravatar.com\/avatar\/40810da86786bd5619f8cd594b0f44ef?s=96&r=g","contentUrl":"https:\/\/secure.gravatar.com\/avatar\/40810da86786bd5619f8cd594b0f44ef?s=96&r=g","caption":"Ana Clara Macedo"},"description":"Rep\u00f3rter no Suno Not\u00edcias, cobrindo acontecimentos sobre neg\u00f3cios, mercado financeiro e economia. Anteriormente trabalhou como Rep\u00f3rter no Mercado News e produziu relat\u00f3rios e artigos sobre empresas de capital aberto.","url":"https:\/\/www.suno.com.br\/noticias\/author\/ana-clara-macedo\/"}]}},"default_loop_html":"<div class=\"cardsPage__listCard__boxs\"><div class=\"cardsPage__listCard__boxs__img\"><a href=\"https:\/\/www.suno.com.br\/noticias\/btg-fleury-flry3-bradesco-bbdc4-participacao\/\"><img class=\"mask\" src=\"https:\/\/www.suno.com.br\/noticias\/wp-content\/themes\/suno\/resources\/images\/spotlight\/spotlight1img\/bg-mask.png\" alt=\"Image Mask\"\/><img src=\"https:\/\/files.sunoresearch.com.br\/n\/uploads\/2022\/12\/fleury-flry3-400x200.jpg\" alt=\"BTG: Bradesco (BBDC4) vai ficar com 25% da Fleury (FLRY3) ap\u00f3s fus\u00e3o com Hermes Pardini (PARD3)\"\/><\/a><span class=\"spotlightCategory\"><a href=\"https:\/\/www.suno.com.br\/noticias\/negocios\/\">Neg\u00f3cios<\/a><\/span><\/div><div class=\"cardsPage__listCard__boxs__content\"><a href=\"https:\/\/www.suno.com.br\/noticias\/btg-fleury-flry3-bradesco-bbdc4-participacao\/\"><h2 class=\"content__title\">BTG: Bradesco (BBDC4) vai ficar com 25% da Fleury (FLRY3) ap\u00f3s fus\u00e3o com Hermes Pardini (PARD3)<\/h2><\/a><div class=\"newsContent__article__meta\"><div class=\"newsContent__article__meta__authorBox\"><a href=\"https:\/\/www.suno.com.br\/noticias\/author\/ana-clara-macedo\/\" class=\"authorBox__avatar noMobi\"><img src=\"https:\/\/secure.gravatar.com\/avatar\/40810da86786bd5619f8cd594b0f44ef?s=96&#038;r=g\" alt=\"Ana Clara Macedo\"><\/a><div class=\"authorBox__name\"><span>por\n\t\t\t<a href=\"https:\/\/www.suno.com.br\/noticias\/author\/ana-clara-macedo\/\"><span itemprop=\"author\">Ana Clara Macedo<\/span><\/a><\/span><time datetime=\"2022-12-12T19:05:13-03:00\" itemprop=\"datePublished\">12\/12\/2022 19:05<\/time><\/div><\/div><\/div><\/div><\/div>","single_layout":"posts","amp_enabled":true,"_links":{"self":[{"href":"https:\/\/www.suno.com.br\/noticias\/wp-json\/wp\/v2\/posts\/333086"}],"collection":[{"href":"https:\/\/www.suno.com.br\/noticias\/wp-json\/wp\/v2\/posts"}],"about":[{"href":"https:\/\/www.suno.com.br\/noticias\/wp-json\/wp\/v2\/types\/post"}],"author":[{"embeddable":true,"href":"https:\/\/www.suno.com.br\/noticias\/wp-json\/wp\/v2\/users\/195"}],"replies":[{"embeddable":true,"href":"https:\/\/www.suno.com.br\/noticias\/wp-json\/wp\/v2\/comments?post=333086"}],"version-history":[{"count":2,"href":"https:\/\/www.suno.com.br\/noticias\/wp-json\/wp\/v2\/posts\/333086\/revisions"}],"predecessor-version":[{"id":333184,"href":"https:\/\/www.suno.com.br\/noticias\/wp-json\/wp\/v2\/posts\/333086\/revisions\/333184"}],"wp:featuredmedia":[{"embeddable":true,"href":"https:\/\/www.suno.com.br\/noticias\/wp-json\/wp\/v2\/media\/333105"}],"wp:attachment":[{"href":"https:\/\/www.suno.com.br\/noticias\/wp-json\/wp\/v2\/media?parent=333086"}],"wp:term":[{"taxonomy":"category","embeddable":true,"href":"https:\/\/www.suno.com.br\/noticias\/wp-json\/wp\/v2\/categories?post=333086"},{"taxonomy":"post_tag","embeddable":true,"href":"https:\/\/www.suno.com.br\/noticias\/wp-json\/wp\/v2\/tags?post=333086"},{"taxonomy":"suno_strategy","embeddable":true,"href":"https:\/\/www.suno.com.br\/noticias\/wp-json\/wp\/v2\/suno_strategy?post=333086"}],"curies":[{"name":"wp","href":"https:\/\/api.w.org\/{rel}","templated":true}]}}