{"id":332986,"date":"2022-12-12T15:45:35","date_gmt":"2022-12-12T18:45:35","guid":{"rendered":"https:\/\/www.suno.com.br\/noticias\/?p=332986"},"modified":"2022-12-12T16:27:04","modified_gmt":"2022-12-12T19:27:04","slug":"lula-diplomacao-tse-veja-destaques-cerimonia","status":"publish","type":"post","link":"https:\/\/www.suno.com.br\/noticias\/lula-diplomacao-tse-veja-destaques-cerimonia\/","title":{"rendered":"Lula \u00e9 diplomado presidente, chora e critica Bolsonaro"},"content":{"rendered":"<p>O presidente eleito Luiz In\u00e1cio <strong>Lula <\/strong>da Silva (PT) e o vice Geraldo Alckmin (PSB) foram diplomados pelo Tribunal Superior Eleitoral (TSE) nesta segunda-feira (12), \u00e0s 14h. A <strong>diploma\u00e7\u00e3o <\/strong>foi realizada no Plen\u00e1rio do Tribunal, sediado em Bras\u00edlia.<\/p><div class=\"videoFull \">\n\t\t\t<div class=\"videoWrapper yt-lazyload center\"\n\t\t\t\tdata-width=\"960\"\n\t\t\t\tdata-height=\"540\"\n\t\t\t\tdata-id=\"U67zNuelpw8\"\n\t\t\t\tdata-alt=\"V\u00eddeo do YouTube - clique para reproduzir\"\n\t\t\t\tdata-logo=\"3\"\n\t\t\t\tdata-imagequality=\"maxres\">\n\t\t\t<\/div>\n\t\t<\/div><script type=\"application\/ld+json\">{\"@context\":\"https:\/\/schema.org\",\"@type\":\"VideoObject\",\"name\":\"Solenidade de Diploma\u00e7\u00e3o - Lula e Alckmin\",\"description\":\"Ser\u00e3o diplomados o presidente eleito, Luiz In\u00e1cio Lula da Silva, e o vice eleito, Geraldo Jos\u00e9 Rodrigues Alckmin Filho. A diploma\u00e7\u00e3o \u00e9 uma cerim\u00f4nia organizada pela Justi\u00e7a Eleitoral para formalizar a escolha do eleito pela maioria das brasileiras e dos brasileiros nas urnas. Durante o evento, que marca o encerramento do processo eleitoral, ser\u00e3o entregues\u2026\",\"duration\":\"PT1H14M46S\",\"embedUrl\":\"https:\/\/www.youtube.com\/embed\/U67zNuelpw8\",\"regionsAllowed\":\"pt-BR\",\"interactionStatistic\":{\"@type\":\"InteractionCounter\",\"interactionType\":{\"@type\":\"WatchAction\"},\"userInteractionCount\":169078},\"thumbnailUrl\":\"https:\/\/i.ytimg.com\/vi\/U67zNuelpw8\/default.jpg\",\"uploadDate\":\"2022-12-12T18:19:35Z\"}<\/script>\n\n\n\n\n\t<p>\n\t\t<a href=\"\" target=\"_blank\" data-element=\"shortcode-suno-banner\" title=\"Banner SUNO, clique e saiba mais\">\n\t\t\t<picture>\n\t\t\t\t<source media=\"(max-width: 500px)\" srcset=\"\">\n\t\t\t\t<img class=\"newsContent__article__imgCapa newsContent__article__imgCapa--banner\"\n\t\t\t\t\tsrc=\"\"\n\t\t\t\t\tdata-promo-id=\"240038\"\t\t\t\t\t\t\t\t\t\t\t\t\t\t\talt=\"\"\n\t\t\t\t>\n\t\t\t<\/picture>\n\t\t<\/a>\n\t<\/p>\n\n\n\n\n\n<p>A<strong> diploma\u00e7\u00e3o oficializa o resultado das urnas <\/strong>e o fim do processo eleitoral. <a href=\"https:\/\/www.suno.com.br\/noticias\/lula-pt-eleito-presidente-do-brasil-2022\/\">Lula venceu o atual presidente Jair Bolsonaro (PL)<\/a> no segundo turno das elei\u00e7\u00f5es presidenciais, em 30 de outubro, com 50,90% dos votos, contra 49,10% do oponente.<\/p>\n\n\n\n<p>Um dos temas centrais no discurso do presidente eleito foi justamente a democracia. Emocionado, Lula afirmou que o povo a reconquistou. &#8220;Este n\u00e3o \u00e9 um diploma do Lula presidente. \u00c9 um diploma de uma parcela significativa do povo que ganhou o direito de viver em democracia. Voc\u00eas ganharam esse diploma&#8221;, diz.<\/p>\n\n\n\n<p>\u201cReafirmo hoje que farei todos os esfor\u00e7os para, juntamente com meu querido companheiro Geraldo Alckmin, cumprir o compromisso que assumi n\u00e3o apenas durante a campanha, mas durante toda a minha vida: fazer do Brasil um pa\u00eds mais desenvolvido e mais justo, com a garantia de dignidade e qualidade de vida para todos os brasileiros, sobretudo as pessoas mais necessitadas.\u201d<\/p>\n\n\n\n<p><strong>Lula tamb\u00e9m elogiou o trabalho do Supremo Tribunal Federal e o Tribunal Superior Eleitoral<\/strong> no per\u00edodo das elei\u00e7\u00f5es. \u201cQuero destacar a coragem do Supremo Tribunal Federal (STF), do Tribunal Superior Eleitoral (TSE), que enfrentaram ofensas, amea\u00e7as e agress\u00f5es para fazer valer a soberania do voto popular.&#8221;<\/p>\n\n\n\t<p>\n\t\t<a href=\"https:\/\/lp.suno.com.br\/planilha-controle-gastos\/\" target=\"_blank\" data-element=\"shortcode-suno-banner\" title=\"Banner SUNO, clique e saiba mais\">\n\t\t\t<picture>\n\t\t\t\t<source media=\"(max-width: 500px)\" srcset=\"https:\/\/files.sunoresearch.com.br\/n\/uploads\/2023\/03\/400x300-Planilha-controle-de-gastos.png\">\n\t\t\t\t<img class=\"newsContent__article__imgCapa newsContent__article__imgCapa--banner\"\n\t\t\t\t\tsrc=\"https:\/\/files.sunoresearch.com.br\/n\/uploads\/2023\/03\/1420x240-Planilha-controle-de-gastos.png\"\n\t\t\t\t\tdata-promo-id=\"101751\"\t\t\t\t\t\t\t\t\t\twidth='1420' height='240'\t\t\t\t\talt=\"https:\/\/files.sunoresearch.com.br\/n\/uploads\/2023\/03\/1420x240-Planilha-controle-de-gastos.png\"\n\t\t\t\t>\n\t\t\t<\/picture>\n\t\t<\/a>\n\t<\/p>\n\n\n\n\n\n<h2 class=\"wp-block-heading\" id=\"h-questionamento-sobre-o-resultado-das-urnas\"><strong>Questionamento sobre o resultado das urnas<\/strong><\/h2>\n\n\n\n<p>Tanto Lula como o presidente do Tribunal Superior Eleitoral, Alexandre de Moraes, mencionaram as falas e tentativas de eleitores e do pr\u00f3prio presidente Jair Bolsonaro de invalidar os resultados das elei\u00e7\u00f5es.<\/p>\n\n\n\n<p><a href=\"https:\/\/www.suno.com.br\/noticias\/pl-bolsonaro-acionam-tse-invalidar-votos\/\" target=\"_blank\" rel=\"noreferrer noopener\">Bolsonaro e o presidente do Partido Liberal, Valdemar Costa Neto<\/a>, solicitaram ao final de novembro uma representa\u00e7\u00e3o no TSE para i<strong>nvalida\u00e7\u00e3o dos votos de uma parte das urnas utilizadas<\/strong> no segundo turno das elei\u00e7\u00f5es.<\/p>\n\n\n\n<p>Na <strong>cerim\u00f4nia de diploma\u00e7\u00e3o de Lula<\/strong>, Alexandre de Moraes disse que \u201co Brasil encerra mais um ciclo democr\u00e1tico e completa 34 anos de estabilidade do estado democr\u00e1tico de direito\u201d. Segundo o ministro, a estabilidade em quest\u00e3o significa \u201cobserv\u00e2ncia fiel \u00e0 Constitui\u00e7\u00e3o, pleno funcionamento das institui\u00e7\u00f5es e responsabiliza\u00e7\u00e3o. A Justi\u00e7a Eleitoral soube, com apoio de Poder Judici\u00e1rio, garantir estabilidade democr\u00e1tica&#8221;.<\/p>\n\n\n\n<p>Lula disse que &#8220;os inimigos da democracia lan\u00e7aram d\u00favidas sobre as urnas, cuja confiabilidade \u00e9 reconhecida h\u00e1 muito tempo por todo o mundo\u201d.<\/p>\n\n\n\n<h2 class=\"wp-block-heading\"><strong>Entenda a diferen\u00e7a entre diploma\u00e7\u00e3o e posse<\/strong><\/h2>\n\n\n\n<p>Segundo o TSE, &#8220;por meio da diploma\u00e7\u00e3o, a Justi\u00e7a Eleitoral declara que o candidato eleito est\u00e1 apto para a posse, que, por sua vez, \u00e9 o ato p\u00fablico pelo qual ele assume oficialmente o mandato&#8221;. A<strong> data limite para a diploma\u00e7\u00e3o<\/strong> \u00e9 sempre 19 de dezembro.<\/p>\n\n\n\n<p>As diploma\u00e7\u00f5es s\u00e3o realizadas desde 1951. Durante o regime militar, de 1964 a 1985, foram suspensas, e retomadas apenas em 1989, com a redemocratiza\u00e7\u00e3o e a elei\u00e7\u00e3o de Fernando Collor de Mello.<\/p>\n\n\n\n<p>A cerim\u00f4nia consiste na entrega de um diploma, que leva o nome do candidato, a indica\u00e7\u00e3o da legenda do partido ou da coliga\u00e7\u00e3o, o cargo para o qual foi eleito ou a sua designa\u00e7\u00e3o como suplente. No caso de elei\u00e7\u00f5es presidenciais, o TSE \u00e9 respons\u00e1vel pela solenidade.&nbsp;<\/p>\n\n\n\n<p>J\u00e1 a posse \u00e9 conduzida no Congresso Nacional e no Pal\u00e1cio do Planalto. Durante o evento, h\u00e1 ritos oficiais, como o desfile do candidato eleito em carro aberto, a posse no Congresso e o discurso no parlat\u00f3rio do Planalto, al\u00e9m da passagem da faixa presidencial.<\/p>\n\n\n\t<p>\n\t\t<a href=\"https:\/\/lp.suno.com.br\/planilha-da-vida-financeira\/\" target=\"_blank\" data-element=\"shortcode-suno-banner\" title=\"Banner SUNO, clique e saiba mais\">\n\t\t\t<picture>\n\t\t\t\t<source media=\"(max-width: 500px)\" srcset=\"https:\/\/files.sunoresearch.com.br\/n\/uploads\/2023\/04\/400x300-Planilha-vida-financeira-true.png\">\n\t\t\t\t<img class=\"newsContent__article__imgCapa newsContent__article__imgCapa--banner\"\n\t\t\t\t\tsrc=\"https:\/\/files.sunoresearch.com.br\/n\/uploads\/2023\/04\/1420x240-Planilha-vida-financeira-true.png\"\n\t\t\t\t\tdata-promo-id=\"106682\"\t\t\t\t\t\t\t\t\t\twidth='1420' height='240'\t\t\t\t\talt=\"https:\/\/files.sunoresearch.com.br\/n\/uploads\/2023\/04\/1420x240-Planilha-vida-financeira-true.png\"\n\t\t\t\t>\n\t\t\t<\/picture>\n\t\t<\/a>\n\t<\/p>\n\n\n","protected":false},"excerpt":{"rendered":"<p>O presidente eleito Luiz In\u00e1cio Lula da Silva (PT) e o vice Geraldo Alckmin (PSB) foram diplomados pelo Tribunal Superior Eleitoral (TSE) nesta segunda-feira (12), \u00e0s 14h. A diploma\u00e7\u00e3o foi realizada no Plen\u00e1rio do Tribunal, sediado em Bras\u00edlia. A diploma\u00e7\u00e3o oficializa o resultado das urnas e o fim do processo eleitoral. Lula venceu o atual [&hellip;]<\/p>\n","protected":false},"author":70,"featured_media":333025,"comment_status":"closed","ping_status":"closed","sticky":false,"template":"","format":"standard","meta":[],"categories":[61],"tags":[697,713,709,741],"suno_strategy":[],"class_list":["post-332986","post","type-post","status-publish","format-standard","has-post-thumbnail","hentry","category-politica","tag-eleicoes","tag-geraldo-alckmin","tag-lula","tag-tribunal-superior-eleitoral-tse"],"yoast_head":"<!-- This site is optimized with the Yoast SEO plugin v24.4 - https:\/\/yoast.com\/wordpress\/plugins\/seo\/ -->\n<title>Lula \u00e9 diplomado presidente, chora e critica Bolsonaro<\/title>\n<meta name=\"description\" content=\"A diploma\u00e7\u00e3o do presidente Lula foi realizada nesta segunda. A cerim\u00f4nia oficializa o resultado das urnas e o fim do processo eleitoral.\" \/>\n<meta name=\"robots\" content=\"index, follow, max-snippet:-1, max-image-preview:large, max-video-preview:-1\" \/>\n<link rel=\"canonical\" href=\"https:\/\/www.suno.com.br\/noticias\/lula-diplomacao-tse-veja-destaques-cerimonia\/\" \/>\n<meta property=\"og:locale\" content=\"pt_BR\" \/>\n<meta property=\"og:type\" content=\"article\" \/>\n<meta property=\"og:title\" content=\"Lula \u00e9 diplomado presidente, chora e critica Bolsonaro\" \/>\n<meta property=\"og:description\" content=\"A diploma\u00e7\u00e3o do presidente Lula foi realizada nesta segunda. A cerim\u00f4nia oficializa o resultado das urnas e o fim do processo eleitoral.\" \/>\n<meta property=\"og:url\" content=\"https:\/\/www.suno.com.br\/noticias\/lula-diplomacao-tse-veja-destaques-cerimonia\/\" \/>\n<meta property=\"og:site_name\" content=\"Suno Not\u00edcias\" \/>\n<meta property=\"article:publisher\" content=\"https:\/\/facebook.com\/sunoresearch\" \/>\n<meta property=\"og:image\" content=\"https:\/\/files.sunoresearch.com.br\/n\/uploads\/2022\/12\/lula1.png\" \/>\n\t<meta property=\"og:image:width\" content=\"1250\" \/>\n\t<meta property=\"og:image:height\" content=\"694\" \/>\n\t<meta property=\"og:image:type\" content=\"image\/png\" \/>\n<meta name=\"author\" content=\"Beatriz Boyadjian\" \/>\n<meta name=\"twitter:card\" content=\"summary_large_image\" \/>\n<meta name=\"twitter:creator\" content=\"@sunoresearch\" \/>\n<meta name=\"twitter:site\" content=\"@sunoresearch\" \/>\n<meta name=\"twitter:label1\" content=\"Escrito por\" \/>\n\t<meta name=\"twitter:data1\" content=\"Beatriz Boyadjian\" \/>\n\t<meta name=\"twitter:label2\" content=\"Est. tempo de leitura\" \/>\n\t<meta name=\"twitter:data2\" content=\"4 minutos\" \/>\n<script type=\"application\/ld+json\" class=\"yoast-schema-graph\">{\"@context\":\"https:\/\/schema.org\",\"@graph\":[{\"@type\":\"NewsArticle\",\"@id\":\"https:\/\/www.suno.com.br\/noticias\/lula-diplomacao-tse-veja-destaques-cerimonia\/#article\",\"isPartOf\":{\"@id\":\"https:\/\/www.suno.com.br\/noticias\/lula-diplomacao-tse-veja-destaques-cerimonia\/\"},\"author\":{\"name\":\"Beatriz Boyadjian\",\"@id\":\"https:\/\/www.suno.com.br\/noticias\/#\/schema\/person\/c9d40f227e4ffee8114b1299c28902b0\"},\"headline\":\"Lula \u00e9 diplomado presidente, chora e critica Bolsonaro\",\"datePublished\":\"2022-12-12T18:45:35+00:00\",\"dateModified\":\"2022-12-12T19:27:04+00:00\",\"mainEntityOfPage\":{\"@id\":\"https:\/\/www.suno.com.br\/noticias\/lula-diplomacao-tse-veja-destaques-cerimonia\/\"},\"wordCount\":616,\"publisher\":{\"@id\":\"https:\/\/www.suno.com.br\/noticias\/#organization\"},\"image\":{\"@id\":\"https:\/\/www.suno.com.br\/noticias\/lula-diplomacao-tse-veja-destaques-cerimonia\/#primaryimage\"},\"thumbnailUrl\":\"https:\/\/files.sunoresearch.com.br\/n\/uploads\/2022\/12\/lula1.png\",\"keywords\":[\"Elei\u00e7\u00f5es\",\"Geraldo Alckmin\",\"Lula\",\"Tribunal Superior Eleitoral (TSE)\"],\"articleSection\":[\"Pol\u00edtica\"],\"inLanguage\":\"pt-BR\"},{\"@type\":\"WebPage\",\"@id\":\"https:\/\/www.suno.com.br\/noticias\/lula-diplomacao-tse-veja-destaques-cerimonia\/\",\"url\":\"https:\/\/www.suno.com.br\/noticias\/lula-diplomacao-tse-veja-destaques-cerimonia\/\",\"name\":\"Lula \u00e9 diplomado presidente, chora e critica Bolsonaro\",\"isPartOf\":{\"@id\":\"https:\/\/www.suno.com.br\/noticias\/#website\"},\"primaryImageOfPage\":{\"@id\":\"https:\/\/www.suno.com.br\/noticias\/lula-diplomacao-tse-veja-destaques-cerimonia\/#primaryimage\"},\"image\":{\"@id\":\"https:\/\/www.suno.com.br\/noticias\/lula-diplomacao-tse-veja-destaques-cerimonia\/#primaryimage\"},\"thumbnailUrl\":\"https:\/\/files.sunoresearch.com.br\/n\/uploads\/2022\/12\/lula1.png\",\"datePublished\":\"2022-12-12T18:45:35+00:00\",\"dateModified\":\"2022-12-12T19:27:04+00:00\",\"description\":\"A diploma\u00e7\u00e3o do presidente Lula foi realizada nesta segunda. A cerim\u00f4nia oficializa o resultado das urnas e o fim do processo eleitoral.\",\"breadcrumb\":{\"@id\":\"https:\/\/www.suno.com.br\/noticias\/lula-diplomacao-tse-veja-destaques-cerimonia\/#breadcrumb\"},\"inLanguage\":\"pt-BR\",\"potentialAction\":[{\"@type\":\"ReadAction\",\"target\":[\"https:\/\/www.suno.com.br\/noticias\/lula-diplomacao-tse-veja-destaques-cerimonia\/\"]}]},{\"@type\":\"ImageObject\",\"inLanguage\":\"pt-BR\",\"@id\":\"https:\/\/www.suno.com.br\/noticias\/lula-diplomacao-tse-veja-destaques-cerimonia\/#primaryimage\",\"url\":\"https:\/\/files.sunoresearch.com.br\/n\/uploads\/2022\/12\/lula1.png\",\"contentUrl\":\"https:\/\/files.sunoresearch.com.br\/n\/uploads\/2022\/12\/lula1.png\",\"width\":1250,\"height\":694,\"caption\":\"Presidente eleito Lula e presidente do TSE Alexandre de Moraes. Diploma\u00e7\u00e3o de Lula. Foto: Reprodu\u00e7\u00e3o\/YouTube\"},{\"@type\":\"BreadcrumbList\",\"@id\":\"https:\/\/www.suno.com.br\/noticias\/lula-diplomacao-tse-veja-destaques-cerimonia\/#breadcrumb\",\"itemListElement\":[{\"@type\":\"ListItem\",\"position\":1,\"name\":\"Not\u00edcias\",\"item\":\"https:\/\/www.suno.com.br\/noticias\/\"},{\"@type\":\"ListItem\",\"position\":2,\"name\":\"Pol\u00edtica\",\"item\":\"https:\/\/www.suno.com.br\/noticias\/politica\/\"},{\"@type\":\"ListItem\",\"position\":3,\"name\":\"Lula \u00e9 diplomado presidente, chora e critica Bolsonaro\"}]},{\"@type\":\"WebSite\",\"@id\":\"https:\/\/www.suno.com.br\/noticias\/#website\",\"url\":\"https:\/\/www.suno.com.br\/noticias\/\",\"name\":\"Suno Not\u00edcias\",\"description\":\"Seu portal de informa\u00e7\u00e3o sobre o mundo dos investimentos\",\"publisher\":{\"@id\":\"https:\/\/www.suno.com.br\/noticias\/#organization\"},\"potentialAction\":[{\"@type\":\"SearchAction\",\"target\":{\"@type\":\"EntryPoint\",\"urlTemplate\":\"https:\/\/www.suno.com.br\/noticias\/?s={search_term_string}\"},\"query-input\":{\"@type\":\"PropertyValueSpecification\",\"valueRequired\":true,\"valueName\":\"search_term_string\"}}],\"inLanguage\":\"pt-BR\"},{\"@type\":\"Organization\",\"@id\":\"https:\/\/www.suno.com.br\/noticias\/#organization\",\"name\":\"Suno Not\u00edcias\",\"url\":\"https:\/\/www.suno.com.br\/noticias\/\",\"logo\":{\"@type\":\"ImageObject\",\"inLanguage\":\"pt-BR\",\"@id\":\"https:\/\/www.suno.com.br\/noticias\/#\/schema\/logo\/image\/\",\"url\":\"https:\/\/files.sunoresearch.com.br\/n\/uploads\/2021\/09\/suno-logo.png\",\"contentUrl\":\"https:\/\/files.sunoresearch.com.br\/n\/uploads\/2021\/09\/suno-logo.png\",\"width\":180,\"height\":180,\"caption\":\"Suno Not\u00edcias\"},\"image\":{\"@id\":\"https:\/\/www.suno.com.br\/noticias\/#\/schema\/logo\/image\/\"},\"sameAs\":[\"https:\/\/facebook.com\/sunoresearch\",\"https:\/\/x.com\/sunoresearch\",\"https:\/\/www.instagram.com\/suno\",\"https:\/\/www.linkedin.com\/company\/suno-research\/\",\"https:\/\/www.youtube.com\/c\/sunoresearch\"]},{\"@type\":\"Person\",\"@id\":\"https:\/\/www.suno.com.br\/noticias\/#\/schema\/person\/c9d40f227e4ffee8114b1299c28902b0\",\"name\":\"Beatriz Boyadjian\",\"image\":{\"@type\":\"ImageObject\",\"inLanguage\":\"pt-BR\",\"@id\":\"https:\/\/www.suno.com.br\/noticias\/#\/schema\/person\/image\/\",\"url\":\"https:\/\/secure.gravatar.com\/avatar\/4c3c59f4030e268f950437c4f36e38b7?s=96&r=g\",\"contentUrl\":\"https:\/\/secure.gravatar.com\/avatar\/4c3c59f4030e268f950437c4f36e38b7?s=96&r=g\",\"caption\":\"Beatriz Boyadjian\"},\"description\":\"Rep\u00f3rter multim\u00eddia no Suno Not\u00edcias. Jornalista formada pela Faculdade C\u00e1sper L\u00edbero, foi rep\u00f3rter da Forbes Brasil e atuou na cobertura de hard news, economia, neg\u00f3cios e lifestyle. Gerenciou as redes sociais da edi\u00e7\u00e3o brasileira da tradicional revista de neg\u00f3cios. Na M\u00e1quina Cohn&amp;Wolfe, atuou como rela\u00e7\u00f5es p\u00fablicas de clientes do N\u00facleo de Sa\u00fade da empresa. Produziu releases, notas, relat\u00f3rios, entre outros, para empresas como Biomm, Hypera, FIDI. Anteriormente, respons\u00e1vel pelas redes sociais do Suno Not\u00edcias.\",\"sameAs\":[\"https:\/\/www.linkedin.com\/in\/beatriz-boyadjian\/\"],\"url\":\"https:\/\/www.suno.com.br\/noticias\/author\/beatriz-boyadjian\/\"}]}<\/script>\n<!-- \/ Yoast SEO plugin. -->","yoast_head_json":{"title":"Lula \u00e9 diplomado presidente, chora e critica Bolsonaro","description":"A diploma\u00e7\u00e3o do presidente Lula foi realizada nesta segunda. A cerim\u00f4nia oficializa o resultado das urnas e o fim do processo eleitoral.","robots":{"index":"index","follow":"follow","max-snippet":"max-snippet:-1","max-image-preview":"max-image-preview:large","max-video-preview":"max-video-preview:-1"},"canonical":"https:\/\/www.suno.com.br\/noticias\/lula-diplomacao-tse-veja-destaques-cerimonia\/","og_locale":"pt_BR","og_type":"article","og_title":"Lula \u00e9 diplomado presidente, chora e critica Bolsonaro","og_description":"A diploma\u00e7\u00e3o do presidente Lula foi realizada nesta segunda. A cerim\u00f4nia oficializa o resultado das urnas e o fim do processo eleitoral.","og_url":"https:\/\/www.suno.com.br\/noticias\/lula-diplomacao-tse-veja-destaques-cerimonia\/","og_site_name":"Suno Not\u00edcias","article_publisher":"https:\/\/facebook.com\/sunoresearch","og_image":[{"width":1250,"height":694,"url":"https:\/\/files.sunoresearch.com.br\/n\/uploads\/2022\/12\/lula1.png","type":"image\/png"}],"author":"Beatriz Boyadjian","twitter_card":"summary_large_image","twitter_creator":"@sunoresearch","twitter_site":"@sunoresearch","twitter_misc":{"Escrito por":"Beatriz Boyadjian","Est. tempo de leitura":"4 minutos"},"schema":{"@context":"https:\/\/schema.org","@graph":[{"@type":"NewsArticle","@id":"https:\/\/www.suno.com.br\/noticias\/lula-diplomacao-tse-veja-destaques-cerimonia\/#article","isPartOf":{"@id":"https:\/\/www.suno.com.br\/noticias\/lula-diplomacao-tse-veja-destaques-cerimonia\/"},"author":{"name":"Beatriz Boyadjian","@id":"https:\/\/www.suno.com.br\/noticias\/#\/schema\/person\/c9d40f227e4ffee8114b1299c28902b0"},"headline":"Lula \u00e9 diplomado presidente, chora e critica Bolsonaro","datePublished":"2022-12-12T18:45:35+00:00","dateModified":"2022-12-12T19:27:04+00:00","mainEntityOfPage":{"@id":"https:\/\/www.suno.com.br\/noticias\/lula-diplomacao-tse-veja-destaques-cerimonia\/"},"wordCount":616,"publisher":{"@id":"https:\/\/www.suno.com.br\/noticias\/#organization"},"image":{"@id":"https:\/\/www.suno.com.br\/noticias\/lula-diplomacao-tse-veja-destaques-cerimonia\/#primaryimage"},"thumbnailUrl":"https:\/\/files.sunoresearch.com.br\/n\/uploads\/2022\/12\/lula1.png","keywords":["Elei\u00e7\u00f5es","Geraldo Alckmin","Lula","Tribunal Superior Eleitoral (TSE)"],"articleSection":["Pol\u00edtica"],"inLanguage":"pt-BR"},{"@type":"WebPage","@id":"https:\/\/www.suno.com.br\/noticias\/lula-diplomacao-tse-veja-destaques-cerimonia\/","url":"https:\/\/www.suno.com.br\/noticias\/lula-diplomacao-tse-veja-destaques-cerimonia\/","name":"Lula \u00e9 diplomado presidente, chora e critica Bolsonaro","isPartOf":{"@id":"https:\/\/www.suno.com.br\/noticias\/#website"},"primaryImageOfPage":{"@id":"https:\/\/www.suno.com.br\/noticias\/lula-diplomacao-tse-veja-destaques-cerimonia\/#primaryimage"},"image":{"@id":"https:\/\/www.suno.com.br\/noticias\/lula-diplomacao-tse-veja-destaques-cerimonia\/#primaryimage"},"thumbnailUrl":"https:\/\/files.sunoresearch.com.br\/n\/uploads\/2022\/12\/lula1.png","datePublished":"2022-12-12T18:45:35+00:00","dateModified":"2022-12-12T19:27:04+00:00","description":"A diploma\u00e7\u00e3o do presidente Lula foi realizada nesta segunda. A cerim\u00f4nia oficializa o resultado das urnas e o fim do processo eleitoral.","breadcrumb":{"@id":"https:\/\/www.suno.com.br\/noticias\/lula-diplomacao-tse-veja-destaques-cerimonia\/#breadcrumb"},"inLanguage":"pt-BR","potentialAction":[{"@type":"ReadAction","target":["https:\/\/www.suno.com.br\/noticias\/lula-diplomacao-tse-veja-destaques-cerimonia\/"]}]},{"@type":"ImageObject","inLanguage":"pt-BR","@id":"https:\/\/www.suno.com.br\/noticias\/lula-diplomacao-tse-veja-destaques-cerimonia\/#primaryimage","url":"https:\/\/files.sunoresearch.com.br\/n\/uploads\/2022\/12\/lula1.png","contentUrl":"https:\/\/files.sunoresearch.com.br\/n\/uploads\/2022\/12\/lula1.png","width":1250,"height":694,"caption":"Presidente eleito Lula e presidente do TSE Alexandre de Moraes. Diploma\u00e7\u00e3o de Lula. Foto: Reprodu\u00e7\u00e3o\/YouTube"},{"@type":"BreadcrumbList","@id":"https:\/\/www.suno.com.br\/noticias\/lula-diplomacao-tse-veja-destaques-cerimonia\/#breadcrumb","itemListElement":[{"@type":"ListItem","position":1,"name":"Not\u00edcias","item":"https:\/\/www.suno.com.br\/noticias\/"},{"@type":"ListItem","position":2,"name":"Pol\u00edtica","item":"https:\/\/www.suno.com.br\/noticias\/politica\/"},{"@type":"ListItem","position":3,"name":"Lula \u00e9 diplomado presidente, chora e critica Bolsonaro"}]},{"@type":"WebSite","@id":"https:\/\/www.suno.com.br\/noticias\/#website","url":"https:\/\/www.suno.com.br\/noticias\/","name":"Suno Not\u00edcias","description":"Seu portal de informa\u00e7\u00e3o sobre o mundo dos investimentos","publisher":{"@id":"https:\/\/www.suno.com.br\/noticias\/#organization"},"potentialAction":[{"@type":"SearchAction","target":{"@type":"EntryPoint","urlTemplate":"https:\/\/www.suno.com.br\/noticias\/?s={search_term_string}"},"query-input":{"@type":"PropertyValueSpecification","valueRequired":true,"valueName":"search_term_string"}}],"inLanguage":"pt-BR"},{"@type":"Organization","@id":"https:\/\/www.suno.com.br\/noticias\/#organization","name":"Suno Not\u00edcias","url":"https:\/\/www.suno.com.br\/noticias\/","logo":{"@type":"ImageObject","inLanguage":"pt-BR","@id":"https:\/\/www.suno.com.br\/noticias\/#\/schema\/logo\/image\/","url":"https:\/\/files.sunoresearch.com.br\/n\/uploads\/2021\/09\/suno-logo.png","contentUrl":"https:\/\/files.sunoresearch.com.br\/n\/uploads\/2021\/09\/suno-logo.png","width":180,"height":180,"caption":"Suno Not\u00edcias"},"image":{"@id":"https:\/\/www.suno.com.br\/noticias\/#\/schema\/logo\/image\/"},"sameAs":["https:\/\/facebook.com\/sunoresearch","https:\/\/x.com\/sunoresearch","https:\/\/www.instagram.com\/suno","https:\/\/www.linkedin.com\/company\/suno-research\/","https:\/\/www.youtube.com\/c\/sunoresearch"]},{"@type":"Person","@id":"https:\/\/www.suno.com.br\/noticias\/#\/schema\/person\/c9d40f227e4ffee8114b1299c28902b0","name":"Beatriz Boyadjian","image":{"@type":"ImageObject","inLanguage":"pt-BR","@id":"https:\/\/www.suno.com.br\/noticias\/#\/schema\/person\/image\/","url":"https:\/\/secure.gravatar.com\/avatar\/4c3c59f4030e268f950437c4f36e38b7?s=96&r=g","contentUrl":"https:\/\/secure.gravatar.com\/avatar\/4c3c59f4030e268f950437c4f36e38b7?s=96&r=g","caption":"Beatriz Boyadjian"},"description":"Rep\u00f3rter multim\u00eddia no Suno Not\u00edcias. Jornalista formada pela Faculdade C\u00e1sper L\u00edbero, foi rep\u00f3rter da Forbes Brasil e atuou na cobertura de hard news, economia, neg\u00f3cios e lifestyle. Gerenciou as redes sociais da edi\u00e7\u00e3o brasileira da tradicional revista de neg\u00f3cios. Na M\u00e1quina Cohn&amp;Wolfe, atuou como rela\u00e7\u00f5es p\u00fablicas de clientes do N\u00facleo de Sa\u00fade da empresa. Produziu releases, notas, relat\u00f3rios, entre outros, para empresas como Biomm, Hypera, FIDI. Anteriormente, respons\u00e1vel pelas redes sociais do Suno Not\u00edcias.","sameAs":["https:\/\/www.linkedin.com\/in\/beatriz-boyadjian\/"],"url":"https:\/\/www.suno.com.br\/noticias\/author\/beatriz-boyadjian\/"}]}},"default_loop_html":"<div class=\"cardsPage__listCard__boxs\"><div class=\"cardsPage__listCard__boxs__img\"><a href=\"https:\/\/www.suno.com.br\/noticias\/lula-diplomacao-tse-veja-destaques-cerimonia\/\"><img class=\"mask\" src=\"https:\/\/www.suno.com.br\/noticias\/wp-content\/themes\/suno\/resources\/images\/spotlight\/spotlight1img\/bg-mask.png\" alt=\"Image Mask\"\/><img src=\"https:\/\/files.sunoresearch.com.br\/n\/uploads\/2022\/12\/lula1-400x200.png\" alt=\"Lula \u00e9 diplomado presidente, chora e critica Bolsonaro\"\/><\/a><span class=\"spotlightCategory\"><a href=\"https:\/\/www.suno.com.br\/noticias\/politica\/\">Pol\u00edtica<\/a><\/span><\/div><div class=\"cardsPage__listCard__boxs__content\"><a href=\"https:\/\/www.suno.com.br\/noticias\/lula-diplomacao-tse-veja-destaques-cerimonia\/\"><h2 class=\"content__title\">Lula \u00e9 diplomado presidente, chora e critica Bolsonaro<\/h2><\/a><div class=\"newsContent__article__meta\"><div class=\"newsContent__article__meta__authorBox\"><a href=\"https:\/\/www.suno.com.br\/noticias\/author\/beatriz-boyadjian\/\" class=\"authorBox__avatar noMobi\"><img src=\"https:\/\/secure.gravatar.com\/avatar\/4c3c59f4030e268f950437c4f36e38b7?s=96&#038;r=g\" alt=\"Beatriz Boyadjian\"><\/a><div class=\"authorBox__name\"><span>por\n\t\t\t<a href=\"https:\/\/www.suno.com.br\/noticias\/author\/beatriz-boyadjian\/\"><span itemprop=\"author\">Beatriz Boyadjian<\/span><\/a><\/span><time datetime=\"2022-12-12T15:45:35-03:00\" itemprop=\"datePublished\">12\/12\/2022 15:45<\/time><\/div><\/div><\/div><\/div><\/div>","single_layout":"posts","amp_enabled":true,"_links":{"self":[{"href":"https:\/\/www.suno.com.br\/noticias\/wp-json\/wp\/v2\/posts\/332986"}],"collection":[{"href":"https:\/\/www.suno.com.br\/noticias\/wp-json\/wp\/v2\/posts"}],"about":[{"href":"https:\/\/www.suno.com.br\/noticias\/wp-json\/wp\/v2\/types\/post"}],"author":[{"embeddable":true,"href":"https:\/\/www.suno.com.br\/noticias\/wp-json\/wp\/v2\/users\/70"}],"replies":[{"embeddable":true,"href":"https:\/\/www.suno.com.br\/noticias\/wp-json\/wp\/v2\/comments?post=332986"}],"version-history":[{"count":3,"href":"https:\/\/www.suno.com.br\/noticias\/wp-json\/wp\/v2\/posts\/332986\/revisions"}],"predecessor-version":[{"id":333060,"href":"https:\/\/www.suno.com.br\/noticias\/wp-json\/wp\/v2\/posts\/332986\/revisions\/333060"}],"wp:featuredmedia":[{"embeddable":true,"href":"https:\/\/www.suno.com.br\/noticias\/wp-json\/wp\/v2\/media\/333025"}],"wp:attachment":[{"href":"https:\/\/www.suno.com.br\/noticias\/wp-json\/wp\/v2\/media?parent=332986"}],"wp:term":[{"taxonomy":"category","embeddable":true,"href":"https:\/\/www.suno.com.br\/noticias\/wp-json\/wp\/v2\/categories?post=332986"},{"taxonomy":"post_tag","embeddable":true,"href":"https:\/\/www.suno.com.br\/noticias\/wp-json\/wp\/v2\/tags?post=332986"},{"taxonomy":"suno_strategy","embeddable":true,"href":"https:\/\/www.suno.com.br\/noticias\/wp-json\/wp\/v2\/suno_strategy?post=332986"}],"curies":[{"name":"wp","href":"https:\/\/api.w.org\/{rel}","templated":true}]}}