{"id":33295,"date":"2019-08-07T13:06:33","date_gmt":"2019-08-07T16:06:33","guid":{"rendered":"https:\/\/www.suno.com.br\/noticias\/?p=33295"},"modified":"2021-02-17T22:55:01","modified_gmt":"2021-02-18T01:55:01","slug":"trump-fed-corte-juros-banco-central","status":"publish","type":"post","link":"https:\/\/www.suno.com.br\/noticias\/trump-fed-corte-juros-banco-central\/","title":{"rendered":"Trump: problema dos EUA \u00e9 o FED e a taxa de juros"},"content":{"rendered":"<p>O presidente dos<strong> Estados Unidos,<\/strong> Donald Trump, voltou a criticar o <a href=\"https:\/\/www.suno.com.br\/artigos\/fed\/\"><strong>Federal Reserve (FED)<\/strong><\/a> nesta quarta-feira (7). Atrav\u00e9s do Twitter, ele criticou a pol\u00edtica monet\u00e1ria do Banco Central norte-americano e a falta de um grande corte na taxa de juros do pa\u00eds.<\/p>\t<div class=\"wrapper-featured-image\">\n\t\t<figure class=\"spotlightImg\">\n\n\t\t\t<picture>\n\t\t\t\t<source media=\"(max-width: 768px)\" srcset=\"https:\/\/files.sunoresearch.com.br\/n\/uploads\/2018\/12\/trump-400x200.webp\">\n\t\t\t\t<img loading=\"lazy\" decoding=\"async\" class=\"newsContent__article__imgCapa lazyloadDisabled newsContent__article__imgCapa--noCaption\" src=\"https:\/\/files.sunoresearch.com.br\/n\/uploads\/2018\/12\/trump-jpg.webp\" width=\"800\" height=\"450\" alt=\"Trump: problema dos EUA \u00e9 o FED e a taxa de juros\" fetchpriority=high \/>\n\t\t\t<\/picture>\n\n\t\t\t<figcaption class=\"wp-caption-text wp-caption-text--hide\">O Presidente dos Estados Unidos, Donald Trump anunciou que mandar\u00e1 suspender o envio de verbas \u00e0 OMS. Clique aqui para saber mais.<\/figcaption>\n\t\t<\/figure>\n\t<\/div>\n\n\n\n<p>Depois dos recentes cortes nas taxas de juros na Tail\u00e2ndia, \u00cdndia e Nova Zel\u00e2ndia, <strong>Trump<\/strong> escreveu: \u201cMais tr\u00eas bancos centrais cortaram juros. Nosso problema n\u00e3o \u00e9 a <strong>China<\/strong> \u2013 n\u00f3s estamos mais fortes do que nunca [&#8230;] Nosso problema \u00e9 um <strong>Federal Reserve<\/strong> que \u00e9 muito orgulhoso para admitir seu erro de ter atuado muito r\u00e1pido e ter apertado demais [a pol\u00edtica monet\u00e1ria]\u201d.<\/p>\n<p><a href=\"https:\/\/www.suno.com.br\/noticias\/trump-fed-reduzir-juros-para-competirmos-china\/\">Saiba mais: Trump: Fed tem que reduzir juros para competirmos com a China<\/a><\/p>\n<p>Ainda sobre a omiss\u00e3o na <strong>pol\u00edtica monet\u00e1ria<\/strong> levada adiante pelo <strong>FED<\/strong>, <strong>Trump<\/strong> diz que a \u201cincompet\u00eancia \u00e9 uma coisa terr\u00edvel de se ver, especialmente quando as coisas podem ser cuidadas de maneira t\u00e3o f\u00e1cil\u201d.<\/p>\n<h2>Desaprova\u00e7\u00e3o de Trump \u00e0 taxa de juros<\/h2>\n<p>O presidente, <a href=\"https:\/\/www.suno.com.br\/noticias\/donald-trump-fed-taxas-corte-juros-americanos\/\">sempre cr\u00edtico ao posicionamento do BC<\/a>, tamb\u00e9m salientou que: \u201cEles [Fed] precisam cortar mais e mais r\u00e1pido [a taxa de juros] e interromper seu rid\u00edculo aperto quantitativo agora. A curva de juros est\u00e1 em uma margem muito ampla, e n\u00e3o h\u00e1 infla\u00e7\u00e3o\u201d.<\/p>\n\t<p>\n\t\t<a href=\"https:\/\/lp.suno.com.br\/suno-one\/?utm_campaign=_SNC6964518A_\" target=\"_blank\" data-element=\"shortcode-suno-banner\" title=\"Banner SUNO, clique e saiba mais\">\n\t\t\t<picture>\n\t\t\t\t<source media=\"(max-width: 500px)\" srcset=\"https:\/\/files.sunoresearch.com.br\/n\/uploads\/2025\/09\/400x300-Suno-One-png.webp\">\n\t\t\t\t<img class=\"newsContent__article__imgCapa newsContent__article__imgCapa--banner\"\n\t\t\t\t\tsrc=\"https:\/\/files.sunoresearch.com.br\/n\/uploads\/2025\/09\/1420x240-Suno-One-png.webp\"\n\t\t\t\t\tdata-promo-id=\"85810\"\t\t\t\t\t\t\t\t\t\twidth='1420' height='240'\t\t\t\t\talt=\"https:\/\/files.sunoresearch.com.br\/n\/uploads\/2025\/09\/1420x240-Suno-One-png.webp\"\n\t\t\t\t>\n\t\t\t<\/picture>\n\t\t<\/a>\n\t<\/p>\n\n\n<p>\u201cN\u00f3s vamos ganhar de qualquer maneira, mas seria muito mais f\u00e1cil se o <strong>FED<\/strong> entendesse, o que n\u00e3o ocorre, que n\u00f3s estamos competindo contra outros pa\u00edses, com todos eles querendo se dar bem \u00e0s nossas custas\u201d acrescentou o presidente norte-americano em sua rede social.<\/p>\n<p>Na \u00faltima quarta-feira (31), o <strong>FED<\/strong> cortou em 0,25% a taxa b\u00e1sica de juros, reduzindo-a para a faixa de 2% e 2,25% ao ano. Esse foi o primeiro corte em mais de 10 anos. <strong>Trump,<\/strong> no entanto, considerou a decis\u00e3o do <strong>Banco Central<\/strong> dos <strong>EUA<\/strong> como um corte fraco.<\/p>\n<p><a href=\"https:\/\/www.suno.com.br\/noticias\/fed-reduz-juros-025-ponto-primeira-vez-desde-2008\/\">Clique aqui: Fed reduz taxa de juros em 0,25 ponto pela primeira vez desde 2008<\/a><\/p>\n<p>Os constantes ataques de <strong>Trump<\/strong> ao <strong>FED<\/strong> levaram quatro ex-presidentes do \u00f3rg\u00e3o a defender a autonomia da autoridade monet\u00e1ria central estadunidense.<\/p>\n\t<p>\n\t\t<a href=\"https:\/\/lp.suno.com.br\/planilha-controle-gastos\/\" target=\"_blank\" data-element=\"shortcode-suno-banner\" title=\"Banner SUNO, clique e saiba mais\">\n\t\t\t<picture>\n\t\t\t\t<source media=\"(max-width: 500px)\" srcset=\"https:\/\/files.sunoresearch.com.br\/n\/uploads\/2023\/03\/400x300-Planilha-controle-de-gastos.png\">\n\t\t\t\t<img class=\"newsContent__article__imgCapa newsContent__article__imgCapa--banner\"\n\t\t\t\t\tsrc=\"https:\/\/files.sunoresearch.com.br\/n\/uploads\/2023\/03\/1420x240-Planilha-controle-de-gastos.png\"\n\t\t\t\t\tdata-promo-id=\"311945\"\t\t\t\t\t\t\t\t\t\twidth='1420' height='240'\t\t\t\t\talt=\"https:\/\/files.sunoresearch.com.br\/n\/uploads\/2023\/03\/1420x240-Planilha-controle-de-gastos.png\"\n\t\t\t\t>\n\t\t\t<\/picture>\n\t\t<\/a>\n\t<\/p>\n\n\n<p>\u201c\u00c9 fundamental preservar a capacidade do <strong>Federal Reserve<\/strong> de tomar decis\u00f5es com base nos interesses do pa\u00eds, e n\u00e3o nos interesses de um pequeno grupo de pol\u00edticos&#8221;, escreveram os ex-presidentes do<strong> Banco Central<\/strong> Paul Volcker, Alan Greenspan, Ben Bernanke e Janet Yellen, em resposta a <strong>Trump<\/strong>, atrav\u00e9s de uma mat\u00e9ria publicada no &#8220;<strong>Wall Street Journal<\/strong>&#8220;.<\/p>\n","protected":false},"excerpt":{"rendered":"<p>O presidente dos Estados Unidos, Donald Trump, voltou a criticar o Federal Reserve (FED) nesta quarta-feira (7). Atrav\u00e9s do Twitter, ele criticou a pol\u00edtica monet\u00e1ria do Banco Central norte-americano e a falta de um grande corte na taxa de juros do pa\u00eds. O Presidente dos Estados Unidos, Donald Trump anunciou que mandar\u00e1 suspender o envio [&hellip;]<\/p>\n","protected":false},"author":24,"featured_media":9273,"comment_status":"closed","ping_status":"closed","sticky":false,"template":"","format":"standard","meta":[],"categories":[63],"tags":[724,793,776,1752],"suno_strategy":[],"class_list":["post-33295","post","type-post","status-publish","format-standard","has-post-thumbnail","hentry","category-internacional","tag-donald-trump","tag-estados-unidos-eua","tag-federal-reseve-fed","tag-taxa-de-juros"],"yoast_head":"<!-- This site is optimized with the Yoast SEO plugin v24.4 - https:\/\/yoast.com\/wordpress\/plugins\/seo\/ -->\n<title>Trump: problema dos EUA \u00e9 o FED e a taxa de juros<\/title>\n<meta name=\"description\" content=\"O presidente dos Estados Unidos, Donald Trump, voltou a criticar o Banco Central norte-americano nesta quarta-feira (7). Clique aqui.\" \/>\n<meta name=\"robots\" content=\"index, follow, max-snippet:-1, max-image-preview:large, max-video-preview:-1\" \/>\n<link rel=\"canonical\" href=\"https:\/\/www.suno.com.br\/noticias\/trump-fed-corte-juros-banco-central\/\" \/>\n<meta property=\"og:locale\" content=\"pt_BR\" \/>\n<meta property=\"og:type\" content=\"article\" \/>\n<meta property=\"og:title\" content=\"Trump: problema dos EUA \u00e9 o FED e a taxa de juros\" \/>\n<meta property=\"og:description\" content=\"O presidente dos Estados Unidos, Donald Trump, voltou a criticar o Banco Central norte-americano nesta quarta-feira (7). Clique aqui.\" \/>\n<meta property=\"og:url\" content=\"https:\/\/www.suno.com.br\/noticias\/trump-fed-corte-juros-banco-central\/\" \/>\n<meta property=\"og:site_name\" content=\"Suno Not\u00edcias\" \/>\n<meta property=\"article:publisher\" content=\"https:\/\/facebook.com\/sunoresearch\" \/>\n<meta property=\"og:image\" content=\"https:\/\/files.sunoresearch.com.br\/n\/uploads\/2018\/12\/trump.jpg\" \/>\n\t<meta property=\"og:image:width\" content=\"780\" \/>\n\t<meta property=\"og:image:height\" content=\"521\" \/>\n\t<meta property=\"og:image:type\" content=\"image\/jpeg\" \/>\n<meta name=\"author\" content=\"Jader Lazarini\" \/>\n<meta name=\"twitter:card\" content=\"summary_large_image\" \/>\n<meta name=\"twitter:creator\" content=\"@sunoresearch\" \/>\n<meta name=\"twitter:site\" content=\"@sunoresearch\" \/>\n<meta name=\"twitter:label1\" content=\"Escrito por\" \/>\n\t<meta name=\"twitter:data1\" content=\"Jader Lazarini\" \/>\n\t<meta name=\"twitter:label2\" content=\"Est. tempo de leitura\" \/>\n\t<meta name=\"twitter:data2\" content=\"2 minutos\" \/>\n<script type=\"application\/ld+json\" class=\"yoast-schema-graph\">{\"@context\":\"https:\/\/schema.org\",\"@graph\":[{\"@type\":\"NewsArticle\",\"@id\":\"https:\/\/www.suno.com.br\/noticias\/trump-fed-corte-juros-banco-central\/#article\",\"isPartOf\":{\"@id\":\"https:\/\/www.suno.com.br\/noticias\/trump-fed-corte-juros-banco-central\/\"},\"author\":{\"name\":\"Jader Lazarini\",\"@id\":\"https:\/\/www.suno.com.br\/noticias\/#\/schema\/person\/918d79de1f0281f01599b93f9ea6e23f\"},\"headline\":\"Trump: problema dos EUA \u00e9 o FED e a taxa de juros\",\"datePublished\":\"2019-08-07T16:06:33+00:00\",\"dateModified\":\"2021-02-18T01:55:01+00:00\",\"mainEntityOfPage\":{\"@id\":\"https:\/\/www.suno.com.br\/noticias\/trump-fed-corte-juros-banco-central\/\"},\"wordCount\":431,\"publisher\":{\"@id\":\"https:\/\/www.suno.com.br\/noticias\/#organization\"},\"image\":{\"@id\":\"https:\/\/www.suno.com.br\/noticias\/trump-fed-corte-juros-banco-central\/#primaryimage\"},\"thumbnailUrl\":\"https:\/\/files.sunoresearch.com.br\/n\/uploads\/2018\/12\/trump-jpg.webp\",\"keywords\":[\"Donald Trump\",\"Estados Unidos (EUA)\",\"Federal Reserve (FED)\",\"taxa de juros\"],\"articleSection\":[\"Internacional\"],\"inLanguage\":\"pt-BR\"},{\"@type\":\"WebPage\",\"@id\":\"https:\/\/www.suno.com.br\/noticias\/trump-fed-corte-juros-banco-central\/\",\"url\":\"https:\/\/www.suno.com.br\/noticias\/trump-fed-corte-juros-banco-central\/\",\"name\":\"Trump: problema dos EUA \u00e9 o FED e a taxa de juros\",\"isPartOf\":{\"@id\":\"https:\/\/www.suno.com.br\/noticias\/#website\"},\"primaryImageOfPage\":{\"@id\":\"https:\/\/www.suno.com.br\/noticias\/trump-fed-corte-juros-banco-central\/#primaryimage\"},\"image\":{\"@id\":\"https:\/\/www.suno.com.br\/noticias\/trump-fed-corte-juros-banco-central\/#primaryimage\"},\"thumbnailUrl\":\"https:\/\/files.sunoresearch.com.br\/n\/uploads\/2018\/12\/trump-jpg.webp\",\"datePublished\":\"2019-08-07T16:06:33+00:00\",\"dateModified\":\"2021-02-18T01:55:01+00:00\",\"description\":\"O presidente dos Estados Unidos, Donald Trump, voltou a criticar o Banco Central norte-americano nesta quarta-feira (7). Clique aqui.\",\"breadcrumb\":{\"@id\":\"https:\/\/www.suno.com.br\/noticias\/trump-fed-corte-juros-banco-central\/#breadcrumb\"},\"inLanguage\":\"pt-BR\",\"potentialAction\":[{\"@type\":\"ReadAction\",\"target\":[\"https:\/\/www.suno.com.br\/noticias\/trump-fed-corte-juros-banco-central\/\"]}]},{\"@type\":\"ImageObject\",\"inLanguage\":\"pt-BR\",\"@id\":\"https:\/\/www.suno.com.br\/noticias\/trump-fed-corte-juros-banco-central\/#primaryimage\",\"url\":\"https:\/\/files.sunoresearch.com.br\/n\/uploads\/2018\/12\/trump-jpg.webp\",\"contentUrl\":\"https:\/\/files.sunoresearch.com.br\/n\/uploads\/2018\/12\/trump-jpg.webp\",\"width\":780,\"height\":521,\"caption\":\"O Presidente dos Estados Unidos, Donald Trump anunciou que mandar\u00e1 suspender o envio de verbas \u00e0 OMS. Clique aqui para saber mais.\"},{\"@type\":\"BreadcrumbList\",\"@id\":\"https:\/\/www.suno.com.br\/noticias\/trump-fed-corte-juros-banco-central\/#breadcrumb\",\"itemListElement\":[{\"@type\":\"ListItem\",\"position\":1,\"name\":\"Not\u00edcias\",\"item\":\"https:\/\/www.suno.com.br\/noticias\/\"},{\"@type\":\"ListItem\",\"position\":2,\"name\":\"Internacional\",\"item\":\"https:\/\/www.suno.com.br\/noticias\/internacional\/\"},{\"@type\":\"ListItem\",\"position\":3,\"name\":\"Trump: problema dos EUA \u00e9 o FED e a taxa de juros\"}]},{\"@type\":\"WebSite\",\"@id\":\"https:\/\/www.suno.com.br\/noticias\/#website\",\"url\":\"https:\/\/www.suno.com.br\/noticias\/\",\"name\":\"Suno Not\u00edcias\",\"description\":\"Seu portal de informa\u00e7\u00e3o sobre o mundo dos investimentos\",\"publisher\":{\"@id\":\"https:\/\/www.suno.com.br\/noticias\/#organization\"},\"potentialAction\":[{\"@type\":\"SearchAction\",\"target\":{\"@type\":\"EntryPoint\",\"urlTemplate\":\"https:\/\/www.suno.com.br\/noticias\/?s={search_term_string}\"},\"query-input\":{\"@type\":\"PropertyValueSpecification\",\"valueRequired\":true,\"valueName\":\"search_term_string\"}}],\"inLanguage\":\"pt-BR\"},{\"@type\":\"Organization\",\"@id\":\"https:\/\/www.suno.com.br\/noticias\/#organization\",\"name\":\"Suno Not\u00edcias\",\"url\":\"https:\/\/www.suno.com.br\/noticias\/\",\"logo\":{\"@type\":\"ImageObject\",\"inLanguage\":\"pt-BR\",\"@id\":\"https:\/\/www.suno.com.br\/noticias\/#\/schema\/logo\/image\/\",\"url\":\"https:\/\/files.sunoresearch.com.br\/n\/uploads\/2021\/09\/suno-logo.png\",\"contentUrl\":\"https:\/\/files.sunoresearch.com.br\/n\/uploads\/2021\/09\/suno-logo.png\",\"width\":180,\"height\":180,\"caption\":\"Suno Not\u00edcias\"},\"image\":{\"@id\":\"https:\/\/www.suno.com.br\/noticias\/#\/schema\/logo\/image\/\"},\"sameAs\":[\"https:\/\/facebook.com\/sunoresearch\",\"https:\/\/x.com\/sunoresearch\",\"https:\/\/www.instagram.com\/suno\",\"https:\/\/www.linkedin.com\/company\/suno-research\/\",\"https:\/\/www.youtube.com\/c\/sunoresearch\"]},{\"@type\":\"Person\",\"@id\":\"https:\/\/www.suno.com.br\/noticias\/#\/schema\/person\/918d79de1f0281f01599b93f9ea6e23f\",\"name\":\"Jader Lazarini\",\"image\":{\"@type\":\"ImageObject\",\"inLanguage\":\"pt-BR\",\"@id\":\"https:\/\/www.suno.com.br\/noticias\/#\/schema\/person\/image\/\",\"url\":\"https:\/\/secure.gravatar.com\/avatar\/3c1ad8caa51589841baeb923fcddea97?s=96&r=g\",\"contentUrl\":\"https:\/\/secure.gravatar.com\/avatar\/3c1ad8caa51589841baeb923fcddea97?s=96&r=g\",\"caption\":\"Jader Lazarini\"},\"description\":\"Jader Lazarini escreve sobre investimentos, finan\u00e7as, economia e neg\u00f3cios. \u00c9 bacharel em Rela\u00e7\u00f5es Internacionais e analista CNPI (2619).\",\"url\":\"https:\/\/www.suno.com.br\/noticias\/author\/jader-lazarini\/\"}]}<\/script>\n<!-- \/ Yoast SEO plugin. -->","yoast_head_json":{"title":"Trump: problema dos EUA \u00e9 o FED e a taxa de juros","description":"O presidente dos Estados Unidos, Donald Trump, voltou a criticar o Banco Central norte-americano nesta quarta-feira (7). Clique aqui.","robots":{"index":"index","follow":"follow","max-snippet":"max-snippet:-1","max-image-preview":"max-image-preview:large","max-video-preview":"max-video-preview:-1"},"canonical":"https:\/\/www.suno.com.br\/noticias\/trump-fed-corte-juros-banco-central\/","og_locale":"pt_BR","og_type":"article","og_title":"Trump: problema dos EUA \u00e9 o FED e a taxa de juros","og_description":"O presidente dos Estados Unidos, Donald Trump, voltou a criticar o Banco Central norte-americano nesta quarta-feira (7). Clique aqui.","og_url":"https:\/\/www.suno.com.br\/noticias\/trump-fed-corte-juros-banco-central\/","og_site_name":"Suno Not\u00edcias","article_publisher":"https:\/\/facebook.com\/sunoresearch","og_image":[{"width":780,"height":521,"url":"https:\/\/files.sunoresearch.com.br\/n\/uploads\/2018\/12\/trump.jpg","type":"image\/jpeg"}],"author":"Jader Lazarini","twitter_card":"summary_large_image","twitter_creator":"@sunoresearch","twitter_site":"@sunoresearch","twitter_misc":{"Escrito por":"Jader Lazarini","Est. tempo de leitura":"2 minutos"},"schema":{"@context":"https:\/\/schema.org","@graph":[{"@type":"NewsArticle","@id":"https:\/\/www.suno.com.br\/noticias\/trump-fed-corte-juros-banco-central\/#article","isPartOf":{"@id":"https:\/\/www.suno.com.br\/noticias\/trump-fed-corte-juros-banco-central\/"},"author":{"name":"Jader Lazarini","@id":"https:\/\/www.suno.com.br\/noticias\/#\/schema\/person\/918d79de1f0281f01599b93f9ea6e23f"},"headline":"Trump: problema dos EUA \u00e9 o FED e a taxa de juros","datePublished":"2019-08-07T16:06:33+00:00","dateModified":"2021-02-18T01:55:01+00:00","mainEntityOfPage":{"@id":"https:\/\/www.suno.com.br\/noticias\/trump-fed-corte-juros-banco-central\/"},"wordCount":431,"publisher":{"@id":"https:\/\/www.suno.com.br\/noticias\/#organization"},"image":{"@id":"https:\/\/www.suno.com.br\/noticias\/trump-fed-corte-juros-banco-central\/#primaryimage"},"thumbnailUrl":"https:\/\/files.sunoresearch.com.br\/n\/uploads\/2018\/12\/trump-jpg.webp","keywords":["Donald Trump","Estados Unidos (EUA)","Federal Reserve (FED)","taxa de juros"],"articleSection":["Internacional"],"inLanguage":"pt-BR"},{"@type":"WebPage","@id":"https:\/\/www.suno.com.br\/noticias\/trump-fed-corte-juros-banco-central\/","url":"https:\/\/www.suno.com.br\/noticias\/trump-fed-corte-juros-banco-central\/","name":"Trump: problema dos EUA \u00e9 o FED e a taxa de juros","isPartOf":{"@id":"https:\/\/www.suno.com.br\/noticias\/#website"},"primaryImageOfPage":{"@id":"https:\/\/www.suno.com.br\/noticias\/trump-fed-corte-juros-banco-central\/#primaryimage"},"image":{"@id":"https:\/\/www.suno.com.br\/noticias\/trump-fed-corte-juros-banco-central\/#primaryimage"},"thumbnailUrl":"https:\/\/files.sunoresearch.com.br\/n\/uploads\/2018\/12\/trump-jpg.webp","datePublished":"2019-08-07T16:06:33+00:00","dateModified":"2021-02-18T01:55:01+00:00","description":"O presidente dos Estados Unidos, Donald Trump, voltou a criticar o Banco Central norte-americano nesta quarta-feira (7). Clique aqui.","breadcrumb":{"@id":"https:\/\/www.suno.com.br\/noticias\/trump-fed-corte-juros-banco-central\/#breadcrumb"},"inLanguage":"pt-BR","potentialAction":[{"@type":"ReadAction","target":["https:\/\/www.suno.com.br\/noticias\/trump-fed-corte-juros-banco-central\/"]}]},{"@type":"ImageObject","inLanguage":"pt-BR","@id":"https:\/\/www.suno.com.br\/noticias\/trump-fed-corte-juros-banco-central\/#primaryimage","url":"https:\/\/files.sunoresearch.com.br\/n\/uploads\/2018\/12\/trump-jpg.webp","contentUrl":"https:\/\/files.sunoresearch.com.br\/n\/uploads\/2018\/12\/trump-jpg.webp","width":780,"height":521,"caption":"O Presidente dos Estados Unidos, Donald Trump anunciou que mandar\u00e1 suspender o envio de verbas \u00e0 OMS. Clique aqui para saber mais."},{"@type":"BreadcrumbList","@id":"https:\/\/www.suno.com.br\/noticias\/trump-fed-corte-juros-banco-central\/#breadcrumb","itemListElement":[{"@type":"ListItem","position":1,"name":"Not\u00edcias","item":"https:\/\/www.suno.com.br\/noticias\/"},{"@type":"ListItem","position":2,"name":"Internacional","item":"https:\/\/www.suno.com.br\/noticias\/internacional\/"},{"@type":"ListItem","position":3,"name":"Trump: problema dos EUA \u00e9 o FED e a taxa de juros"}]},{"@type":"WebSite","@id":"https:\/\/www.suno.com.br\/noticias\/#website","url":"https:\/\/www.suno.com.br\/noticias\/","name":"Suno Not\u00edcias","description":"Seu portal de informa\u00e7\u00e3o sobre o mundo dos investimentos","publisher":{"@id":"https:\/\/www.suno.com.br\/noticias\/#organization"},"potentialAction":[{"@type":"SearchAction","target":{"@type":"EntryPoint","urlTemplate":"https:\/\/www.suno.com.br\/noticias\/?s={search_term_string}"},"query-input":{"@type":"PropertyValueSpecification","valueRequired":true,"valueName":"search_term_string"}}],"inLanguage":"pt-BR"},{"@type":"Organization","@id":"https:\/\/www.suno.com.br\/noticias\/#organization","name":"Suno Not\u00edcias","url":"https:\/\/www.suno.com.br\/noticias\/","logo":{"@type":"ImageObject","inLanguage":"pt-BR","@id":"https:\/\/www.suno.com.br\/noticias\/#\/schema\/logo\/image\/","url":"https:\/\/files.sunoresearch.com.br\/n\/uploads\/2021\/09\/suno-logo.png","contentUrl":"https:\/\/files.sunoresearch.com.br\/n\/uploads\/2021\/09\/suno-logo.png","width":180,"height":180,"caption":"Suno Not\u00edcias"},"image":{"@id":"https:\/\/www.suno.com.br\/noticias\/#\/schema\/logo\/image\/"},"sameAs":["https:\/\/facebook.com\/sunoresearch","https:\/\/x.com\/sunoresearch","https:\/\/www.instagram.com\/suno","https:\/\/www.linkedin.com\/company\/suno-research\/","https:\/\/www.youtube.com\/c\/sunoresearch"]},{"@type":"Person","@id":"https:\/\/www.suno.com.br\/noticias\/#\/schema\/person\/918d79de1f0281f01599b93f9ea6e23f","name":"Jader Lazarini","image":{"@type":"ImageObject","inLanguage":"pt-BR","@id":"https:\/\/www.suno.com.br\/noticias\/#\/schema\/person\/image\/","url":"https:\/\/secure.gravatar.com\/avatar\/3c1ad8caa51589841baeb923fcddea97?s=96&r=g","contentUrl":"https:\/\/secure.gravatar.com\/avatar\/3c1ad8caa51589841baeb923fcddea97?s=96&r=g","caption":"Jader Lazarini"},"description":"Jader Lazarini escreve sobre investimentos, finan\u00e7as, economia e neg\u00f3cios. \u00c9 bacharel em Rela\u00e7\u00f5es Internacionais e analista CNPI (2619).","url":"https:\/\/www.suno.com.br\/noticias\/author\/jader-lazarini\/"}]}},"default_loop_html":"<div class=\"cardsPage__listCard__boxs\"><div class=\"cardsPage__listCard__boxs__img\"><a href=\"https:\/\/www.suno.com.br\/noticias\/trump-fed-corte-juros-banco-central\/\"><img class=\"mask\" src=\"https:\/\/www.suno.com.br\/noticias\/wp-content\/themes\/suno\/resources\/images\/spotlight\/spotlight1img\/bg-mask.png\" alt=\"Image Mask\"\/><img src=\"https:\/\/files.sunoresearch.com.br\/n\/uploads\/2018\/12\/trump-400x200.webp\" alt=\"Trump: problema dos EUA \u00e9 o FED e a taxa de juros\"\/><\/a><span class=\"spotlightCategory\"><a href=\"https:\/\/www.suno.com.br\/noticias\/internacional\/\">Internacional<\/a><\/span><\/div><div class=\"cardsPage__listCard__boxs__content\"><a href=\"https:\/\/www.suno.com.br\/noticias\/trump-fed-corte-juros-banco-central\/\"><h2 class=\"content__title\">Trump: problema dos EUA \u00e9 o FED e a taxa de juros<\/h2><\/a><div class=\"newsContent__article__meta\"><div class=\"newsContent__article__meta__authorBox\"><a href=\"https:\/\/www.suno.com.br\/noticias\/author\/jader-lazarini\/\" class=\"authorBox__avatar noMobi\"><img src=\"https:\/\/files.sunoresearch.com.br\/n\/uploads\/2021\/01\/178e6598-foto-perfil-2-150x150.jpg\" alt=\"Jader Lazarini\"><\/a><div class=\"authorBox__name\"><span>por\n\t\t\t<a href=\"https:\/\/www.suno.com.br\/noticias\/author\/jader-lazarini\/\"><span itemprop=\"author\">Jader Lazarini<\/span><\/a><\/span><time datetime=\"2019-08-07T13:06:33-03:00\" itemprop=\"datePublished\">07\/08\/2019 13:06<\/time><\/div><\/div><\/div><\/div><\/div>","single_layout":"posts","amp_enabled":true,"_links":{"self":[{"href":"https:\/\/www.suno.com.br\/noticias\/wp-json\/wp\/v2\/posts\/33295"}],"collection":[{"href":"https:\/\/www.suno.com.br\/noticias\/wp-json\/wp\/v2\/posts"}],"about":[{"href":"https:\/\/www.suno.com.br\/noticias\/wp-json\/wp\/v2\/types\/post"}],"author":[{"embeddable":true,"href":"https:\/\/www.suno.com.br\/noticias\/wp-json\/wp\/v2\/users\/24"}],"replies":[{"embeddable":true,"href":"https:\/\/www.suno.com.br\/noticias\/wp-json\/wp\/v2\/comments?post=33295"}],"version-history":[{"count":0,"href":"https:\/\/www.suno.com.br\/noticias\/wp-json\/wp\/v2\/posts\/33295\/revisions"}],"wp:featuredmedia":[{"embeddable":true,"href":"https:\/\/www.suno.com.br\/noticias\/wp-json\/wp\/v2\/media\/9273"}],"wp:attachment":[{"href":"https:\/\/www.suno.com.br\/noticias\/wp-json\/wp\/v2\/media?parent=33295"}],"wp:term":[{"taxonomy":"category","embeddable":true,"href":"https:\/\/www.suno.com.br\/noticias\/wp-json\/wp\/v2\/categories?post=33295"},{"taxonomy":"post_tag","embeddable":true,"href":"https:\/\/www.suno.com.br\/noticias\/wp-json\/wp\/v2\/tags?post=33295"},{"taxonomy":"suno_strategy","embeddable":true,"href":"https:\/\/www.suno.com.br\/noticias\/wp-json\/wp\/v2\/suno_strategy?post=33295"}],"curies":[{"name":"wp","href":"https:\/\/api.w.org\/{rel}","templated":true}]}}