{"id":33280,"date":"2019-08-07T11:44:33","date_gmt":"2019-08-07T14:44:33","guid":{"rendered":"https:\/\/www.suno.com.br\/noticias\/?p=33280"},"modified":"2019-08-07T11:50:07","modified_gmt":"2019-08-07T14:50:07","slug":"gerdau-lucro-segundo-trimestre-queda-46-ante-2018","status":"publish","type":"post","link":"https:\/\/www.suno.com.br\/noticias\/gerdau-lucro-segundo-trimestre-queda-46-ante-2018\/","title":{"rendered":"Gerdau divulga lucro do 2\u00ba trimestre e tem baixa de 46,5% ante 2018"},"content":{"rendered":"<p>A sider\u00fargica brasileira Gerdau <strong>(GGBR4)<\/strong> reportou seu balan\u00e7o do segundo trimestre de 2019. As informa\u00e7\u00f5es foram divulgadas na manh\u00e3 desta quarta-feira (7). O lucro l\u00edquido da empresa ficou em R$ 373 milh\u00f5es, uma baixa de 46,5% em rela\u00e7\u00e3o ao mesmo per\u00edodo do ano passado. Em 2018, a empresa teve lucro de R$ 698 milh\u00f5es entre abril e junho.<\/p>\t<div class=\"wrapper-featured-image\">\n\t\t<figure class=\"spotlightImg\">\n\n\t\t\t<picture>\n\t\t\t\t<source media=\"(max-width: 768px)\" srcset=\"https:\/\/files.sunoresearch.com.br\/n\/uploads\/2019\/08\/451d13db-gerdau-400x200.webp\">\n\t\t\t\t<img loading=\"lazy\" decoding=\"async\" class=\"newsContent__article__imgCapa lazyloadDisabled newsContent__article__imgCapa--noCaption\" src=\"https:\/\/files.sunoresearch.com.br\/n\/uploads\/2019\/08\/451d13db-gerdau-800x450.webp\" width=\"800\" height=\"450\" alt=\"Gerdau divulga lucro do 2\u00ba trimestre e tem baixa de 46,5% ante 2018\" fetchpriority=high \/>\n\t\t\t<\/picture>\n\n\t\t\t<figcaption class=\"wp-caption-text wp-caption-text--hide\">Gerdau reporta lucro l\u00edquido do segundo trimestre e tem queda de 46,5% ante 2018<\/figcaption>\n\t\t<\/figure>\n\t<\/div>\n\n\n<p>O lucro da <strong>Gerdau<\/strong>, esperado por especialistas de sete institui\u00e7\u00f5es financeiras, era de R$ 574 milh\u00f5es. Sendo assim, o valor real ficou muito abaixo da expectativa.<\/p>\n\n<p>A receita l\u00edquida da empresa ficou em R$ 10,15 bilh\u00f5es, uma queda de 15,6% em rela\u00e7\u00e3o ao segundo trimestre de 2018. O <a href=\"https:\/\/www.suno.com.br\/artigos\/ebitda\/\">Ebtida<\/a> ajustado somou R$ 1,572 bilh\u00e3o, uma varia\u00e7\u00e3o negativa de 10,5% ante o ano passado. Ao contr\u00e1rio do lucro l\u00edquido, o Ebtida ficou perto das proje\u00e7\u00f5es feitas pelos especialistas. O valor esperado era de R$ 1,557 bilh\u00e3o.<\/p>\n<p>\u201cMesmo com o aumento da receita l\u00edquida por tonelada vendida em todas as Opera\u00e7\u00f5es de Neg\u00f3cios (ONs), os desinvestimentos afetaram a <a href=\"https:\/\/www.suno.com.br\/artigos\/o-que-receita-liquida\/\">receita l\u00edquida<\/a> consolidada no segundo trimestre de 2019, quando comparada ao segundo trimestre de 2018\u201d, afirma a empresa.<\/p>\n\t<p>\n\t\t<a href=\"https:\/\/lp.suno.com.br\/ebook-como-analisar-uma-acao\/\" target=\"_blank\" data-element=\"shortcode-suno-banner\" title=\"Banner SUNO, clique e saiba mais\">\n\t\t\t<picture>\n\t\t\t\t<source media=\"(max-width: 500px)\" srcset=\"https:\/\/files.sunoresearch.com.br\/n\/uploads\/2023\/12\/Ebook-Acoes-Mobile.jpg\">\n\t\t\t\t<img class=\"newsContent__article__imgCapa newsContent__article__imgCapa--banner\"\n\t\t\t\t\tsrc=\"https:\/\/files.sunoresearch.com.br\/n\/uploads\/2023\/12\/Ebook-Acoes-Desktop.webp\"\n\t\t\t\t\tdata-promo-id=\"311260\"\t\t\t\t\t\t\t\t\t\twidth='1420' height='286'\t\t\t\t\talt=\"https:\/\/files.sunoresearch.com.br\/n\/uploads\/2023\/12\/Ebook-Acoes-Desktop.webp\"\n\t\t\t\t>\n\t\t\t<\/picture>\n\t\t<\/a>\n\t<\/p>\n\n\n<h2>Quedas na Gerdau<\/h2>\n<p>A Gerdau sofreu uma baixa nas vendas de a\u00e7o, o que pode explicar a queda no lucro l\u00edquido da companhia. Foram 2,972 milh\u00f5es de toneladas de a\u00e7o vendidas. Uma baixa de 22,5% em compara\u00e7\u00e3o ao mesmo per\u00edodo de 2018.<\/p>\n<p><a href=\"https:\/\/www.suno.com.br\/noticias\/disney-registra-lucro-3972-menor-terceiro-trimestre\/\">Veja tamb\u00e9m: Disney registra lucro l\u00edquido 39,72% menor no terceiro trimestre fiscal\u00a0<\/a><\/p>\n<p>Al\u00e9m disso, a empresa diminuiu tamb\u00e9m a sua produ\u00e7\u00e3o. O n\u00famero foi de 3,425 milh\u00f5es, uma baixa de 14,1%. Entretanto, se comparada ao primeiro trimestre, houve um avan\u00e7o de 2,5%.<\/p>\n<p>&#8220;Apesar da redu\u00e7\u00e3o das vendas totais, \u00e9 v\u00e1lido destacar o crescimento das vendas de planos no mercado interno no segundo trimestre deste ano, principalmente de chapa grossa\u201d, destaca a Gerdau.<\/p>\n<h2>Investimentos da empresa<\/h2>\n<p>Neste ano, a companhia investiu R$ 424 milh\u00f5es neste segundo trimestre. O valor foi dividido da seguinte maneira:<\/p>\n<ul>\n<li>R$ 196 milh\u00f5es para manuten\u00e7\u00e3o geral<\/li>\n<li>R$ 132 milh\u00f5es em tecnologia<\/li>\n<li>R$ 96 milh\u00f5es para manuten\u00e7\u00e3o da usina de Ouro Branco, em Minas Gerais<\/li>\n<\/ul>\n<p>Junto com o balan\u00e7o, a <strong>Gerdau<\/strong> afirmou que seus investimentos ir\u00e3o desacelerar no restante deste ano. A expectativa de R$ 2,2 bilh\u00f5es investidos caiu para R$ 1,84 bilh\u00e3o. \u201cOs investimentos ser\u00e3o realizados \u00e0 medida que se confirmem as expectativas de evolu\u00e7\u00e3o do mercado e de gera\u00e7\u00e3o de fluxo de caixa livre para o per\u00edodo\u201d, diz a empresa.<\/p>\n","protected":false},"excerpt":{"rendered":"<p>A sider\u00fargica brasileira Gerdau (GGBR4) reportou seu balan\u00e7o do segundo trimestre de 2019. As informa\u00e7\u00f5es foram divulgadas na manh\u00e3 desta quarta-feira (7). O lucro l\u00edquido da empresa ficou em R$ 373 milh\u00f5es, uma baixa de 46,5% em rela\u00e7\u00e3o ao mesmo per\u00edodo do ano passado. Em 2018, a empresa teve lucro de R$ 698 milh\u00f5es entre [&hellip;]<\/p>\n","protected":false},"author":19,"featured_media":33290,"comment_status":"closed","ping_status":"closed","sticky":false,"template":"","format":"standard","meta":[],"categories":[64],"tags":[1029,488,1607],"suno_strategy":[],"class_list":["post-33280","post","type-post","status-publish","format-standard","has-post-thumbnail","hentry","category-negocios","tag-balancos-trimestrais","tag-gerdau-ggbr3-ggbr4","tag-resultado-das-empresas"],"yoast_head":"<!-- This site is optimized with the Yoast SEO plugin v24.4 - https:\/\/yoast.com\/wordpress\/plugins\/seo\/ -->\n<title>Gerdau divulga lucro do 2\u00ba trimestre e tem baixa de 46,5% ante 2018<\/title>\n<meta name=\"description\" content=\"A sider\u00fargica brasileira Gerdau reportou seu balan\u00e7o do 2\u00ba trimestre de 2019. O lucro l\u00edquido da empresa ficou em R$ 373 milh\u00f5es. Saiba mais.\" \/>\n<meta name=\"robots\" content=\"index, follow, max-snippet:-1, max-image-preview:large, max-video-preview:-1\" \/>\n<link rel=\"canonical\" href=\"https:\/\/www.suno.com.br\/noticias\/gerdau-lucro-segundo-trimestre-queda-46-ante-2018\/\" \/>\n<meta property=\"og:locale\" content=\"pt_BR\" \/>\n<meta property=\"og:type\" content=\"article\" \/>\n<meta property=\"og:title\" content=\"Gerdau divulga lucro do 2\u00ba trimestre e tem baixa de 46,5% ante 2018\" \/>\n<meta property=\"og:description\" content=\"A sider\u00fargica brasileira Gerdau reportou seu balan\u00e7o do 2\u00ba trimestre de 2019. O lucro l\u00edquido da empresa ficou em R$ 373 milh\u00f5es. Saiba mais.\" \/>\n<meta property=\"og:url\" content=\"https:\/\/www.suno.com.br\/noticias\/gerdau-lucro-segundo-trimestre-queda-46-ante-2018\/\" \/>\n<meta property=\"og:site_name\" content=\"Suno Not\u00edcias\" \/>\n<meta property=\"article:publisher\" content=\"https:\/\/facebook.com\/sunoresearch\" \/>\n<meta property=\"og:image\" content=\"https:\/\/files.sunoresearch.com.br\/n\/uploads\/2019\/08\/451d13db-gerdau.jpg\" \/>\n\t<meta property=\"og:image:width\" content=\"800\" \/>\n\t<meta property=\"og:image:height\" content=\"533\" \/>\n\t<meta property=\"og:image:type\" content=\"image\/jpeg\" \/>\n<meta name=\"author\" content=\"Juliano Passaro\" \/>\n<meta name=\"twitter:card\" content=\"summary_large_image\" \/>\n<meta name=\"twitter:creator\" content=\"@sunoresearch\" \/>\n<meta name=\"twitter:site\" content=\"@sunoresearch\" \/>\n<meta name=\"twitter:label1\" content=\"Escrito por\" \/>\n\t<meta name=\"twitter:data1\" content=\"Juliano Passaro\" \/>\n\t<meta name=\"twitter:label2\" content=\"Est. tempo de leitura\" \/>\n\t<meta name=\"twitter:data2\" content=\"2 minutos\" \/>\n<script type=\"application\/ld+json\" class=\"yoast-schema-graph\">{\"@context\":\"https:\/\/schema.org\",\"@graph\":[{\"@type\":\"NewsArticle\",\"@id\":\"https:\/\/www.suno.com.br\/noticias\/gerdau-lucro-segundo-trimestre-queda-46-ante-2018\/#article\",\"isPartOf\":{\"@id\":\"https:\/\/www.suno.com.br\/noticias\/gerdau-lucro-segundo-trimestre-queda-46-ante-2018\/\"},\"author\":{\"name\":\"Juliano Passaro\",\"@id\":\"https:\/\/www.suno.com.br\/noticias\/#\/schema\/person\/1db762f78ffd8919a648a63e425953e3\"},\"headline\":\"Gerdau divulga lucro do 2\u00ba trimestre e tem baixa de 46,5% ante 2018\",\"datePublished\":\"2019-08-07T14:44:33+00:00\",\"dateModified\":\"2019-08-07T14:50:07+00:00\",\"mainEntityOfPage\":{\"@id\":\"https:\/\/www.suno.com.br\/noticias\/gerdau-lucro-segundo-trimestre-queda-46-ante-2018\/\"},\"wordCount\":436,\"publisher\":{\"@id\":\"https:\/\/www.suno.com.br\/noticias\/#organization\"},\"image\":{\"@id\":\"https:\/\/www.suno.com.br\/noticias\/gerdau-lucro-segundo-trimestre-queda-46-ante-2018\/#primaryimage\"},\"thumbnailUrl\":\"https:\/\/files.sunoresearch.com.br\/n\/uploads\/2019\/08\/451d13db-gerdau-jpg.webp\",\"keywords\":[\"balan\u00e7os trimestrais\",\"Gerdau (GGBR3\/GGBR4)\",\"Resultado das empresas\"],\"articleSection\":[\"Neg\u00f3cios\"],\"inLanguage\":\"pt-BR\"},{\"@type\":\"WebPage\",\"@id\":\"https:\/\/www.suno.com.br\/noticias\/gerdau-lucro-segundo-trimestre-queda-46-ante-2018\/\",\"url\":\"https:\/\/www.suno.com.br\/noticias\/gerdau-lucro-segundo-trimestre-queda-46-ante-2018\/\",\"name\":\"Gerdau divulga lucro do 2\u00ba trimestre e tem baixa de 46,5% ante 2018\",\"isPartOf\":{\"@id\":\"https:\/\/www.suno.com.br\/noticias\/#website\"},\"primaryImageOfPage\":{\"@id\":\"https:\/\/www.suno.com.br\/noticias\/gerdau-lucro-segundo-trimestre-queda-46-ante-2018\/#primaryimage\"},\"image\":{\"@id\":\"https:\/\/www.suno.com.br\/noticias\/gerdau-lucro-segundo-trimestre-queda-46-ante-2018\/#primaryimage\"},\"thumbnailUrl\":\"https:\/\/files.sunoresearch.com.br\/n\/uploads\/2019\/08\/451d13db-gerdau-jpg.webp\",\"datePublished\":\"2019-08-07T14:44:33+00:00\",\"dateModified\":\"2019-08-07T14:50:07+00:00\",\"description\":\"A sider\u00fargica brasileira Gerdau reportou seu balan\u00e7o do 2\u00ba trimestre de 2019. O lucro l\u00edquido da empresa ficou em R$ 373 milh\u00f5es. Saiba mais.\",\"breadcrumb\":{\"@id\":\"https:\/\/www.suno.com.br\/noticias\/gerdau-lucro-segundo-trimestre-queda-46-ante-2018\/#breadcrumb\"},\"inLanguage\":\"pt-BR\",\"potentialAction\":[{\"@type\":\"ReadAction\",\"target\":[\"https:\/\/www.suno.com.br\/noticias\/gerdau-lucro-segundo-trimestre-queda-46-ante-2018\/\"]}]},{\"@type\":\"ImageObject\",\"inLanguage\":\"pt-BR\",\"@id\":\"https:\/\/www.suno.com.br\/noticias\/gerdau-lucro-segundo-trimestre-queda-46-ante-2018\/#primaryimage\",\"url\":\"https:\/\/files.sunoresearch.com.br\/n\/uploads\/2019\/08\/451d13db-gerdau-jpg.webp\",\"contentUrl\":\"https:\/\/files.sunoresearch.com.br\/n\/uploads\/2019\/08\/451d13db-gerdau-jpg.webp\",\"width\":800,\"height\":533,\"caption\":\"Gerdau reporta lucro l\u00edquido do segundo trimestre e tem queda de 46,5% ante 2018\"},{\"@type\":\"BreadcrumbList\",\"@id\":\"https:\/\/www.suno.com.br\/noticias\/gerdau-lucro-segundo-trimestre-queda-46-ante-2018\/#breadcrumb\",\"itemListElement\":[{\"@type\":\"ListItem\",\"position\":1,\"name\":\"Not\u00edcias\",\"item\":\"https:\/\/www.suno.com.br\/noticias\/\"},{\"@type\":\"ListItem\",\"position\":2,\"name\":\"Neg\u00f3cios\",\"item\":\"https:\/\/www.suno.com.br\/noticias\/negocios\/\"},{\"@type\":\"ListItem\",\"position\":3,\"name\":\"Gerdau divulga lucro do 2\u00ba trimestre e tem baixa de 46,5% ante 2018\"}]},{\"@type\":\"WebSite\",\"@id\":\"https:\/\/www.suno.com.br\/noticias\/#website\",\"url\":\"https:\/\/www.suno.com.br\/noticias\/\",\"name\":\"Suno Not\u00edcias\",\"description\":\"Seu portal de informa\u00e7\u00e3o sobre o mundo dos investimentos\",\"publisher\":{\"@id\":\"https:\/\/www.suno.com.br\/noticias\/#organization\"},\"potentialAction\":[{\"@type\":\"SearchAction\",\"target\":{\"@type\":\"EntryPoint\",\"urlTemplate\":\"https:\/\/www.suno.com.br\/noticias\/?s={search_term_string}\"},\"query-input\":{\"@type\":\"PropertyValueSpecification\",\"valueRequired\":true,\"valueName\":\"search_term_string\"}}],\"inLanguage\":\"pt-BR\"},{\"@type\":\"Organization\",\"@id\":\"https:\/\/www.suno.com.br\/noticias\/#organization\",\"name\":\"Suno Not\u00edcias\",\"url\":\"https:\/\/www.suno.com.br\/noticias\/\",\"logo\":{\"@type\":\"ImageObject\",\"inLanguage\":\"pt-BR\",\"@id\":\"https:\/\/www.suno.com.br\/noticias\/#\/schema\/logo\/image\/\",\"url\":\"https:\/\/files.sunoresearch.com.br\/n\/uploads\/2021\/09\/suno-logo.png\",\"contentUrl\":\"https:\/\/files.sunoresearch.com.br\/n\/uploads\/2021\/09\/suno-logo.png\",\"width\":180,\"height\":180,\"caption\":\"Suno Not\u00edcias\"},\"image\":{\"@id\":\"https:\/\/www.suno.com.br\/noticias\/#\/schema\/logo\/image\/\"},\"sameAs\":[\"https:\/\/facebook.com\/sunoresearch\",\"https:\/\/x.com\/sunoresearch\",\"https:\/\/www.instagram.com\/suno\",\"https:\/\/www.linkedin.com\/company\/suno-research\/\",\"https:\/\/www.youtube.com\/c\/sunoresearch\"]},{\"@type\":\"Person\",\"@id\":\"https:\/\/www.suno.com.br\/noticias\/#\/schema\/person\/1db762f78ffd8919a648a63e425953e3\",\"name\":\"Juliano Passaro\",\"image\":{\"@type\":\"ImageObject\",\"inLanguage\":\"pt-BR\",\"@id\":\"https:\/\/www.suno.com.br\/noticias\/#\/schema\/person\/image\/\",\"url\":\"https:\/\/secure.gravatar.com\/avatar\/743d4df28eebf6dcc46b4ad03c319e92?s=96&r=g\",\"contentUrl\":\"https:\/\/secure.gravatar.com\/avatar\/743d4df28eebf6dcc46b4ad03c319e92?s=96&r=g\",\"caption\":\"Juliano Passaro\"},\"description\":\"Juliano Passaro escreve sobre pol\u00edtica, economia e neg\u00f3cios para o portal da Suno Research. Antes da Suno, trabalhou no Portal da Band. \u00c9 formado em jornalismo pela Universidade Presbiteriana Mackenzie.\",\"url\":\"https:\/\/www.suno.com.br\/noticias\/author\/juliano\/\"}]}<\/script>\n<!-- \/ Yoast SEO plugin. -->","yoast_head_json":{"title":"Gerdau divulga lucro do 2\u00ba trimestre e tem baixa de 46,5% ante 2018","description":"A sider\u00fargica brasileira Gerdau reportou seu balan\u00e7o do 2\u00ba trimestre de 2019. O lucro l\u00edquido da empresa ficou em R$ 373 milh\u00f5es. Saiba mais.","robots":{"index":"index","follow":"follow","max-snippet":"max-snippet:-1","max-image-preview":"max-image-preview:large","max-video-preview":"max-video-preview:-1"},"canonical":"https:\/\/www.suno.com.br\/noticias\/gerdau-lucro-segundo-trimestre-queda-46-ante-2018\/","og_locale":"pt_BR","og_type":"article","og_title":"Gerdau divulga lucro do 2\u00ba trimestre e tem baixa de 46,5% ante 2018","og_description":"A sider\u00fargica brasileira Gerdau reportou seu balan\u00e7o do 2\u00ba trimestre de 2019. O lucro l\u00edquido da empresa ficou em R$ 373 milh\u00f5es. Saiba mais.","og_url":"https:\/\/www.suno.com.br\/noticias\/gerdau-lucro-segundo-trimestre-queda-46-ante-2018\/","og_site_name":"Suno Not\u00edcias","article_publisher":"https:\/\/facebook.com\/sunoresearch","og_image":[{"width":800,"height":533,"url":"https:\/\/files.sunoresearch.com.br\/n\/uploads\/2019\/08\/451d13db-gerdau.jpg","type":"image\/jpeg"}],"author":"Juliano Passaro","twitter_card":"summary_large_image","twitter_creator":"@sunoresearch","twitter_site":"@sunoresearch","twitter_misc":{"Escrito por":"Juliano Passaro","Est. tempo de leitura":"2 minutos"},"schema":{"@context":"https:\/\/schema.org","@graph":[{"@type":"NewsArticle","@id":"https:\/\/www.suno.com.br\/noticias\/gerdau-lucro-segundo-trimestre-queda-46-ante-2018\/#article","isPartOf":{"@id":"https:\/\/www.suno.com.br\/noticias\/gerdau-lucro-segundo-trimestre-queda-46-ante-2018\/"},"author":{"name":"Juliano Passaro","@id":"https:\/\/www.suno.com.br\/noticias\/#\/schema\/person\/1db762f78ffd8919a648a63e425953e3"},"headline":"Gerdau divulga lucro do 2\u00ba trimestre e tem baixa de 46,5% ante 2018","datePublished":"2019-08-07T14:44:33+00:00","dateModified":"2019-08-07T14:50:07+00:00","mainEntityOfPage":{"@id":"https:\/\/www.suno.com.br\/noticias\/gerdau-lucro-segundo-trimestre-queda-46-ante-2018\/"},"wordCount":436,"publisher":{"@id":"https:\/\/www.suno.com.br\/noticias\/#organization"},"image":{"@id":"https:\/\/www.suno.com.br\/noticias\/gerdau-lucro-segundo-trimestre-queda-46-ante-2018\/#primaryimage"},"thumbnailUrl":"https:\/\/files.sunoresearch.com.br\/n\/uploads\/2019\/08\/451d13db-gerdau-jpg.webp","keywords":["balan\u00e7os trimestrais","Gerdau (GGBR3\/GGBR4)","Resultado das empresas"],"articleSection":["Neg\u00f3cios"],"inLanguage":"pt-BR"},{"@type":"WebPage","@id":"https:\/\/www.suno.com.br\/noticias\/gerdau-lucro-segundo-trimestre-queda-46-ante-2018\/","url":"https:\/\/www.suno.com.br\/noticias\/gerdau-lucro-segundo-trimestre-queda-46-ante-2018\/","name":"Gerdau divulga lucro do 2\u00ba trimestre e tem baixa de 46,5% ante 2018","isPartOf":{"@id":"https:\/\/www.suno.com.br\/noticias\/#website"},"primaryImageOfPage":{"@id":"https:\/\/www.suno.com.br\/noticias\/gerdau-lucro-segundo-trimestre-queda-46-ante-2018\/#primaryimage"},"image":{"@id":"https:\/\/www.suno.com.br\/noticias\/gerdau-lucro-segundo-trimestre-queda-46-ante-2018\/#primaryimage"},"thumbnailUrl":"https:\/\/files.sunoresearch.com.br\/n\/uploads\/2019\/08\/451d13db-gerdau-jpg.webp","datePublished":"2019-08-07T14:44:33+00:00","dateModified":"2019-08-07T14:50:07+00:00","description":"A sider\u00fargica brasileira Gerdau reportou seu balan\u00e7o do 2\u00ba trimestre de 2019. O lucro l\u00edquido da empresa ficou em R$ 373 milh\u00f5es. Saiba mais.","breadcrumb":{"@id":"https:\/\/www.suno.com.br\/noticias\/gerdau-lucro-segundo-trimestre-queda-46-ante-2018\/#breadcrumb"},"inLanguage":"pt-BR","potentialAction":[{"@type":"ReadAction","target":["https:\/\/www.suno.com.br\/noticias\/gerdau-lucro-segundo-trimestre-queda-46-ante-2018\/"]}]},{"@type":"ImageObject","inLanguage":"pt-BR","@id":"https:\/\/www.suno.com.br\/noticias\/gerdau-lucro-segundo-trimestre-queda-46-ante-2018\/#primaryimage","url":"https:\/\/files.sunoresearch.com.br\/n\/uploads\/2019\/08\/451d13db-gerdau-jpg.webp","contentUrl":"https:\/\/files.sunoresearch.com.br\/n\/uploads\/2019\/08\/451d13db-gerdau-jpg.webp","width":800,"height":533,"caption":"Gerdau reporta lucro l\u00edquido do segundo trimestre e tem queda de 46,5% ante 2018"},{"@type":"BreadcrumbList","@id":"https:\/\/www.suno.com.br\/noticias\/gerdau-lucro-segundo-trimestre-queda-46-ante-2018\/#breadcrumb","itemListElement":[{"@type":"ListItem","position":1,"name":"Not\u00edcias","item":"https:\/\/www.suno.com.br\/noticias\/"},{"@type":"ListItem","position":2,"name":"Neg\u00f3cios","item":"https:\/\/www.suno.com.br\/noticias\/negocios\/"},{"@type":"ListItem","position":3,"name":"Gerdau divulga lucro do 2\u00ba trimestre e tem baixa de 46,5% ante 2018"}]},{"@type":"WebSite","@id":"https:\/\/www.suno.com.br\/noticias\/#website","url":"https:\/\/www.suno.com.br\/noticias\/","name":"Suno Not\u00edcias","description":"Seu portal de informa\u00e7\u00e3o sobre o mundo dos investimentos","publisher":{"@id":"https:\/\/www.suno.com.br\/noticias\/#organization"},"potentialAction":[{"@type":"SearchAction","target":{"@type":"EntryPoint","urlTemplate":"https:\/\/www.suno.com.br\/noticias\/?s={search_term_string}"},"query-input":{"@type":"PropertyValueSpecification","valueRequired":true,"valueName":"search_term_string"}}],"inLanguage":"pt-BR"},{"@type":"Organization","@id":"https:\/\/www.suno.com.br\/noticias\/#organization","name":"Suno Not\u00edcias","url":"https:\/\/www.suno.com.br\/noticias\/","logo":{"@type":"ImageObject","inLanguage":"pt-BR","@id":"https:\/\/www.suno.com.br\/noticias\/#\/schema\/logo\/image\/","url":"https:\/\/files.sunoresearch.com.br\/n\/uploads\/2021\/09\/suno-logo.png","contentUrl":"https:\/\/files.sunoresearch.com.br\/n\/uploads\/2021\/09\/suno-logo.png","width":180,"height":180,"caption":"Suno Not\u00edcias"},"image":{"@id":"https:\/\/www.suno.com.br\/noticias\/#\/schema\/logo\/image\/"},"sameAs":["https:\/\/facebook.com\/sunoresearch","https:\/\/x.com\/sunoresearch","https:\/\/www.instagram.com\/suno","https:\/\/www.linkedin.com\/company\/suno-research\/","https:\/\/www.youtube.com\/c\/sunoresearch"]},{"@type":"Person","@id":"https:\/\/www.suno.com.br\/noticias\/#\/schema\/person\/1db762f78ffd8919a648a63e425953e3","name":"Juliano Passaro","image":{"@type":"ImageObject","inLanguage":"pt-BR","@id":"https:\/\/www.suno.com.br\/noticias\/#\/schema\/person\/image\/","url":"https:\/\/secure.gravatar.com\/avatar\/743d4df28eebf6dcc46b4ad03c319e92?s=96&r=g","contentUrl":"https:\/\/secure.gravatar.com\/avatar\/743d4df28eebf6dcc46b4ad03c319e92?s=96&r=g","caption":"Juliano Passaro"},"description":"Juliano Passaro escreve sobre pol\u00edtica, economia e neg\u00f3cios para o portal da Suno Research. Antes da Suno, trabalhou no Portal da Band. \u00c9 formado em jornalismo pela Universidade Presbiteriana Mackenzie.","url":"https:\/\/www.suno.com.br\/noticias\/author\/juliano\/"}]}},"default_loop_html":"<div class=\"cardsPage__listCard__boxs\"><div class=\"cardsPage__listCard__boxs__img\"><a href=\"https:\/\/www.suno.com.br\/noticias\/gerdau-lucro-segundo-trimestre-queda-46-ante-2018\/\"><img class=\"mask\" src=\"https:\/\/www.suno.com.br\/noticias\/wp-content\/themes\/suno\/resources\/images\/spotlight\/spotlight1img\/bg-mask.png\" alt=\"Image Mask\"\/><img src=\"https:\/\/files.sunoresearch.com.br\/n\/uploads\/2019\/08\/451d13db-gerdau-400x200.webp\" alt=\"Gerdau divulga lucro do 2\u00ba trimestre e tem baixa de 46,5% ante 2018\"\/><\/a><span class=\"spotlightCategory\"><a href=\"https:\/\/www.suno.com.br\/noticias\/negocios\/\">Neg\u00f3cios<\/a><\/span><\/div><div class=\"cardsPage__listCard__boxs__content\"><a href=\"https:\/\/www.suno.com.br\/noticias\/gerdau-lucro-segundo-trimestre-queda-46-ante-2018\/\"><h2 class=\"content__title\">Gerdau divulga lucro do 2\u00ba trimestre e tem baixa de 46,5% ante 2018<\/h2><\/a><div class=\"newsContent__article__meta\"><div class=\"newsContent__article__meta__authorBox\"><a href=\"https:\/\/www.suno.com.br\/noticias\/author\/juliano\/\" class=\"authorBox__avatar noMobi\"><img src=\"https:\/\/files.sunoresearch.com.br\/n\/uploads\/2019\/06\/7cc3efea-whatsapp-image-2019-07-18-at-21.59.33-e1563499821209-150x150.webp\" alt=\"Juliano Passaro\"><\/a><div class=\"authorBox__name\"><span>por\n\t\t\t<a href=\"https:\/\/www.suno.com.br\/noticias\/author\/juliano\/\"><span itemprop=\"author\">Juliano Passaro<\/span><\/a><\/span><time datetime=\"2019-08-07T11:44:33-03:00\" itemprop=\"datePublished\">07\/08\/2019 11:44<\/time><\/div><\/div><\/div><\/div><\/div>","single_layout":"posts","amp_enabled":true,"_links":{"self":[{"href":"https:\/\/www.suno.com.br\/noticias\/wp-json\/wp\/v2\/posts\/33280"}],"collection":[{"href":"https:\/\/www.suno.com.br\/noticias\/wp-json\/wp\/v2\/posts"}],"about":[{"href":"https:\/\/www.suno.com.br\/noticias\/wp-json\/wp\/v2\/types\/post"}],"author":[{"embeddable":true,"href":"https:\/\/www.suno.com.br\/noticias\/wp-json\/wp\/v2\/users\/19"}],"replies":[{"embeddable":true,"href":"https:\/\/www.suno.com.br\/noticias\/wp-json\/wp\/v2\/comments?post=33280"}],"version-history":[{"count":0,"href":"https:\/\/www.suno.com.br\/noticias\/wp-json\/wp\/v2\/posts\/33280\/revisions"}],"wp:featuredmedia":[{"embeddable":true,"href":"https:\/\/www.suno.com.br\/noticias\/wp-json\/wp\/v2\/media\/33290"}],"wp:attachment":[{"href":"https:\/\/www.suno.com.br\/noticias\/wp-json\/wp\/v2\/media?parent=33280"}],"wp:term":[{"taxonomy":"category","embeddable":true,"href":"https:\/\/www.suno.com.br\/noticias\/wp-json\/wp\/v2\/categories?post=33280"},{"taxonomy":"post_tag","embeddable":true,"href":"https:\/\/www.suno.com.br\/noticias\/wp-json\/wp\/v2\/tags?post=33280"},{"taxonomy":"suno_strategy","embeddable":true,"href":"https:\/\/www.suno.com.br\/noticias\/wp-json\/wp\/v2\/suno_strategy?post=33280"}],"curies":[{"name":"wp","href":"https:\/\/api.w.org\/{rel}","templated":true}]}}