{"id":332739,"date":"2022-12-12T09:35:23","date_gmt":"2022-12-12T12:35:23","guid":{"rendered":"https:\/\/www.suno.com.br\/noticias\/?p=332739"},"modified":"2022-12-12T17:51:14","modified_gmt":"2022-12-12T20:51:14","slug":"ipca-boletim-focus-inflacao-projecoes","status":"publish","type":"post","link":"https:\/\/www.suno.com.br\/noticias\/ipca-boletim-focus-inflacao-projecoes\/","title":{"rendered":"Focus projeta IPCA menor pela primeira vez em um m\u00eas e meio"},"content":{"rendered":"<p>O <strong><a href=\"https:\/\/www.suno.com.br\/artigos\/boletim-focus\/\" target=\"_blank\" rel=\"noreferrer noopener\">Boletim Focus<\/a><\/strong> divulgado <a href=\"https:\/\/www.bcb.gov.br\/content\/focus\/focus\/R20221209.pdf\" target=\"_blank\" rel=\"noreferrer noopener\">nesta segunda-feira (12)<\/a>, mostra pela primeira vez em seis semanas proje\u00e7\u00f5es menores para o <a href=\"https:\/\/www.suno.com.br\/artigos\/ipca\/\" target=\"_blank\" rel=\"noreferrer noopener\">\u00cdndice Nacional de Pre\u00e7os ao Consumidor Amplo (IPCA)<\/a> em 2022, estimando 5,79% de infla\u00e7\u00e3o no acumulado do ano.<\/p><div class=\"videoFull \">\n\t\t\t<div class=\"videoWrapper yt-lazyload center\"\n\t\t\t\tdata-width=\"960\"\n\t\t\t\tdata-height=\"540\"\n\t\t\t\tdata-id=\"NlveCdm60O0\"\n\t\t\t\tdata-alt=\"V\u00eddeo do YouTube - clique para reproduzir\"\n\t\t\t\tdata-logo=\"3\"\n\t\t\t\tdata-imagequality=\"maxres\">\n\t\t\t<\/div>\n\t\t<\/div><script type=\"application\/ld+json\">{\"@context\":\"https:\/\/schema.org\",\"@type\":\"VideoObject\",\"name\":\"BOLSA TOMBA COM MEDO DE GOVERNO LULA | Mercadante no BNDES? Rumor assusta | Estatais sob risco?\",\"description\":\"\u26a1 SUNO PREMIUM COM 30% DE DESCONTO \ud835\udde3\ud835\udde2\ud835\udde5 \ud835\udde7\ud835\uddd8\ud835\udde0\ud835\udde3\ud835\udde2 \ud835\udddf\ud835\udddc\ud835\udde0\ud835\udddc\ud835\udde7\ud835\uddd4\ud835\uddd7\ud835\udde2. https:\/\/lp.suno.com.br\/pv\/sr-premium\/viver-de-renda\/?utm_source=youtube.noticias&utm_medium=live&utm_campaign=RS.SPR22.ns.20221209&utm_content=ytnoticias.live.13122022 #lula #pol\u00edtica #mercadofinanceiro #petrobras #petr4 #petr3 #ibovespa #mercadante #leidasestatais #riscofiscal #bolsadevalores #d\u00f3lar #livedas19h #investimentos #gestaoativa O Ibovespa terminou a sess\u00e3o de segunda-feira (12) em baixa de 2,02%, aos 105.343,33 pontos. A pontua\u00e7\u00e3o m\u00ednima da sess\u00e3o foi de 103.876,71, enquanto a m\u00e1xima do dia foi\u2026\",\"duration\":\"PT43M6S\",\"embedUrl\":\"https:\/\/www.youtube.com\/embed\/NlveCdm60O0\",\"regionsAllowed\":\"pt-BR\",\"interactionStatistic\":{\"@type\":\"InteractionCounter\",\"interactionType\":{\"@type\":\"WatchAction\"},\"userInteractionCount\":6079},\"thumbnailUrl\":\"https:\/\/i.ytimg.com\/vi\/NlveCdm60O0\/default.jpg\",\"uploadDate\":\"2022-12-12T22:47:43Z\"}<\/script>\n\n\n\n\n\t<p>\n\t\t<a href=\"https:\/\/lp.suno.com.br\/planilha-controle-gastos\/\" target=\"_blank\" data-element=\"shortcode-suno-banner\" title=\"Banner SUNO, clique e saiba mais\">\n\t\t\t<picture>\n\t\t\t\t<source media=\"(max-width: 500px)\" srcset=\"https:\/\/files.sunoresearch.com.br\/n\/uploads\/2023\/03\/400x300-Planilha-controle-de-gastos.png\">\n\t\t\t\t<img class=\"newsContent__article__imgCapa newsContent__article__imgCapa--banner\"\n\t\t\t\t\tsrc=\"https:\/\/files.sunoresearch.com.br\/n\/uploads\/2023\/03\/1420x240-Planilha-controle-de-gastos.png\"\n\t\t\t\t\tdata-promo-id=\"311945\"\t\t\t\t\t\t\t\t\t\twidth='1420' height='240'\t\t\t\t\talt=\"https:\/\/files.sunoresearch.com.br\/n\/uploads\/2023\/03\/1420x240-Planilha-controle-de-gastos.png\"\n\t\t\t\t>\n\t\t\t<\/picture>\n\t\t<\/a>\n\t<\/p>\n\n\n\n\n\n<p>Na semana anterior, as <strong>proje\u00e7\u00f5es de IPCA do Boletim Focus<\/strong> estimavam uma infla\u00e7\u00e3o de 5,92%. J\u00e1 h\u00e1 quatro semanas, as proje\u00e7\u00f5es eram de 5,82%.<\/p>\n\n\n\n<p>Vale lembrar que essa mudan\u00e7a se d\u00e1 ap\u00f3s a divulga\u00e7\u00e3o dos dados oficiais de infla\u00e7\u00e3o na semana anterior.<\/p>\n\n\n\n<p>A proje\u00e7\u00e3o dos economistas para a infla\u00e7\u00e3o segue acima da meta do <strong>Banco Central<\/strong>, de 3,5% para 2022.<\/p>\n\n\n\n<p>Vale lembrar, contudo, que a meta do IPCA tem uma toler\u00e2ncia de 1,5 ponto percentual &#8211; ou seja, o &#8216;teto da meta&#8217; \u00e9 de 5%, ainda abaixo das proje\u00e7\u00f5es do Focus.<\/p>\n\n\n\n<p>O <strong>d\u00f3lar<\/strong> tem proje\u00e7\u00f5es de R$ 5,25, iguais \u00e0s da semana anterior.<\/p>\n\n\n\n<p>J\u00e1 as <strong>estimativas para a taxa b\u00e1sica de juros, a Selic<\/strong>, seguem em 13,75% nesta edi\u00e7\u00e3o do Boletim Focus &#8211; mesmo patamar da Selic atual. A proje\u00e7\u00e3o tem sido a mesma nas \u00faltimas 24 semanas.<\/p>\n\n\n\n\t<div data-element=\"shortcode-read-more\" class=\"readToo\">\n\t\t\t\t<span class=\"readToo__title\">Leia mais<\/span>\n\t\t\t\t<ul class=\"readToo__list\">\n\t\t\t<li><a href=\"https:\/\/www.suno.com.br\/noticias\/ilan-goldfajn-harmonia-governo-lula-bid\/\">Ap\u00f3s imbr\u00f3glio nas elei\u00e7\u00f5es, Ilan Goldfajn espera &#8216;harmonia com Governo Lula&#8217;; veja entrevista<\/a><\/li><li><a href=\"https:\/\/www.suno.com.br\/noticias\/renda-fixa-tesouro-selic-juros\/\">Renda Fixa: Como ganhar dinheiro com o aumento do risco fiscal?<\/a><\/li><li><a href=\"https:\/\/www.suno.com.br\/noticias\/lula-bolsonaro-poder-orcamento-pec-da-transicao\/\">Com PEC da Transi\u00e7\u00e3o, Lula ter\u00e1 mais poder sobre Or\u00e7amento que Bolsonaro<\/a><\/li>\t\t<\/ul>\n\t<\/div>\n\n\n\n\n\n<p>Vale lembrar que o Comit\u00ea de Pol\u00edtica Monet\u00e1ria (Copom) n\u00e3o tem mais reuni\u00f5es neste ano, tendo feito a sua \u00faltima nos primeiro dias de dezembro.<\/p>\n\n\n\n<p>Os especialistas tamb\u00e9m fizeram proje\u00e7\u00f5es para o Produto Interno Bruto (PIB) que iguais ao da semana anterior pela primeira vez em mais de um m\u00eas. A estimativa atual \u00e9 de 3,05%.<\/p>\n\n\n\n<p>H\u00e1 quatro semanas, o Boletim Focus indicava um crescimento do PIB de 2,77% em 2022.<\/p>\n\n\n\t<p>\n\t\t<a href=\"https:\/\/lp.suno.com.br\/ebook-como-analisar-uma-acao\/\" target=\"_blank\" data-element=\"shortcode-suno-banner\" title=\"Banner SUNO, clique e saiba mais\">\n\t\t\t<picture>\n\t\t\t\t<source media=\"(max-width: 500px)\" srcset=\"https:\/\/files.sunoresearch.com.br\/n\/uploads\/2023\/03\/Ebook-Acoes-Mobile.jpg\">\n\t\t\t\t<img class=\"newsContent__article__imgCapa newsContent__article__imgCapa--banner\"\n\t\t\t\t\tsrc=\"https:\/\/files.sunoresearch.com.br\/n\/uploads\/2023\/03\/Ebook-Acoes-Desktop.jpg\"\n\t\t\t\t\tdata-promo-id=\"311946\"\t\t\t\t\t\t\t\t\t\twidth='1420' height='286'\t\t\t\t\talt=\"https:\/\/files.sunoresearch.com.br\/n\/uploads\/2023\/03\/Ebook-Acoes-Desktop.jpg\"\n\t\t\t\t>\n\t\t\t<\/picture>\n\t\t<\/a>\n\t<\/p>\n\n\n\n\n\n<h2 class=\"wp-block-heading\" id=\"h-resumo-do-boletim-focus\">Resumo do Boletim Focus<\/h2>\n\n\n\n<p>Veja, em detalhes, as proje\u00e7\u00f5es mais importantes para 2022 e 2023:<\/p>\n\n\n\n<h2 class=\"wp-block-heading\" id=\"h-2022\">2022<\/h2>\n\n\n\n<ul class=\"wp-block-list\">\n<li><strong>PIB:<\/strong> a proje\u00e7\u00e3o segue em 3,05%<\/li>\n\n\n\n<li><strong>IPCA: <\/strong>a proje\u00e7\u00e3o caiu para 5,79%<\/li>\n\n\n\n<li><strong>Taxa Selic:<\/strong> a previs\u00e3o segue em 13,75%<\/li>\n\n\n\n<li><strong>D\u00f3lar:<\/strong> a previs\u00e3o do c\u00e2mbio segue em R$ 5,25<\/li>\n\n\n\n<li><strong>Balan\u00e7a Comercial:<\/strong> a expectativa para o super\u00e1vit segue em US$ 55 bilh\u00f5es<\/li>\n\n\n\n<li><strong><a href=\"https:\/\/www.suno.com.br\/artigos\/investimento-estrangeiro-direto-ied\/\" target=\"_blank\" rel=\"noreferrer noopener\">Investimento Estrangeiro<\/a><\/strong><a href=\"https:\/\/www.suno.com.br\/artigos\/investimento-estrangeiro-direto-ied\/\" target=\"_blank\" rel=\"noreferrer noopener\"><strong> Direto<\/strong>:<\/a> a previs\u00e3o aumentou para US$ 80 bilh\u00f5es<\/li>\n\n\n\n<li><strong><a href=\"https:\/\/www.suno.com.br\/artigos\/deficit-primario\/\">D\u00edvida do Setor P\u00fablico<\/a>: <\/strong>a previs\u00e3o caiu para 57,30% do PIB<\/li>\n<\/ul>\n\n\n\n<h2 class=\"wp-block-heading\" id=\"h-2023\">2023<\/h2>\n\n\n\n<ul class=\"wp-block-list\">\n<li><strong>PIB:<\/strong> a proje\u00e7\u00e3o segue em 0,75%<\/li>\n\n\n\n<li><strong>IPCA: <\/strong>a proje\u00e7\u00e3o segue em 5,08%<\/li>\n\n\n\n<li><strong>Taxa Selic:<\/strong> a previs\u00e3o dos juros segue em 11,75%<\/li>\n\n\n\n<li><strong>D\u00f3lar:<\/strong> a previs\u00e3o do c\u00e2mbio segue em R$ 5,25<\/li>\n\n\n\n<li><strong>Balan\u00e7a Comercial:<\/strong> a expectativa para o super\u00e1vit aumentou para US$ 60 bilh\u00f5es<\/li>\n\n\n\n<li><strong><a href=\"https:\/\/www.suno.com.br\/artigos\/investimento-estrangeiro-direto-ied\/\" target=\"_blank\" rel=\"noreferrer noopener\">Investimento Estrangeiro<\/a><\/strong><a href=\"https:\/\/www.suno.com.br\/artigos\/investimento-estrangeiro-direto-ied\/\" target=\"_blank\" rel=\"noreferrer noopener\"><strong> Direto<\/strong>:<\/a> a previs\u00e3o aumentou para US$ 76 bilh\u00f5es<\/li>\n\n\n\n<li><strong><a href=\"https:\/\/www.suno.com.br\/artigos\/deficit-primario\/\">D\u00edvida do Setor P\u00fablico<\/a>: <\/strong>a previs\u00e3o segue em 61,5% do PIB<\/li>\n<\/ul>\n\n\n\n<p>O <a href=\"https:\/\/www.youtube.com\/watch?v=5xXH4baJrtc\">Boletim Focus<\/a> \u00e9 elaborado semanalmente pelo Banco Central. S\u00e3o utilizadas as proje\u00e7\u00f5es dos especialistas das 100 principais institui\u00e7\u00f5es ligadas ao mercado financeiro do Brasil para juros, <strong>IPCA<\/strong>, c\u00e2mbio, Selic e outros indicadores.<\/p>\n\n\n\t<p>\n\t\t<a href=\"https:\/\/lp.suno.com.br\/ebook-investindo-em-fiis\/\" target=\"_blank\" data-element=\"shortcode-suno-banner\" title=\"Banner SUNO, clique e saiba mais\">\n\t\t\t<picture>\n\t\t\t\t<source media=\"(max-width: 500px)\" srcset=\"https:\/\/files.sunoresearch.com.br\/n\/uploads\/2023\/03\/Ebook-Fundos-Imobiliarios-Mobile-1.jpg\">\n\t\t\t\t<img class=\"newsContent__article__imgCapa newsContent__article__imgCapa--banner\"\n\t\t\t\t\tsrc=\"https:\/\/files.sunoresearch.com.br\/n\/uploads\/2023\/03\/Ebook-Fundos-Imobiliarios-Desktop-1.jpg\"\n\t\t\t\t\tdata-promo-id=\"313843\"\t\t\t\t\t\t\t\t\t\twidth='1420' height='286'\t\t\t\t\talt=\"https:\/\/files.sunoresearch.com.br\/n\/uploads\/2023\/03\/Ebook-Fundos-Imobiliarios-Desktop-1.jpg\"\n\t\t\t\t>\n\t\t\t<\/picture>\n\t\t<\/a>\n\t<\/p>\n\n\n","protected":false},"excerpt":{"rendered":"<p>O Boletim Focus divulgado nesta segunda-feira (12), mostra pela primeira vez em seis semanas proje\u00e7\u00f5es menores para o \u00cdndice Nacional de Pre\u00e7os ao Consumidor Amplo (IPCA) em 2022, estimando 5,79% de infla\u00e7\u00e3o no acumulado do ano. Na semana anterior, as proje\u00e7\u00f5es de IPCA do Boletim Focus estimavam uma infla\u00e7\u00e3o de 5,92%. J\u00e1 h\u00e1 quatro semanas, [&hellip;]<\/p>\n","protected":false},"author":73,"featured_media":117586,"comment_status":"closed","ping_status":"closed","sticky":false,"template":"","format":"standard","meta":[],"categories":[62],"tags":[834,966],"suno_strategy":[],"class_list":["post-332739","post","type-post","status-publish","format-standard","has-post-thumbnail","hentry","category-economia","tag-boletim-focus","tag-ipca"],"yoast_head":"<!-- This site is optimized with the Yoast SEO plugin v24.4 - https:\/\/yoast.com\/wordpress\/plugins\/seo\/ -->\n<title>Focus projeta IPCA menor pela primeira vez em um m\u00eas e meio<\/title>\n<meta name=\"description\" content=\"Ap\u00f3s diversas revis\u00f5es para cima do IPCA, Focus passou a estimar queda ao ver novos dados oficiais de infla\u00e7\u00e3o. Clique e confira!\" \/>\n<meta name=\"robots\" content=\"index, follow, max-snippet:-1, max-image-preview:large, max-video-preview:-1\" \/>\n<link rel=\"canonical\" href=\"https:\/\/www.suno.com.br\/noticias\/ipca-boletim-focus-inflacao-projecoes\/\" \/>\n<meta property=\"og:locale\" content=\"pt_BR\" \/>\n<meta property=\"og:type\" content=\"article\" \/>\n<meta property=\"og:title\" content=\"Focus projeta IPCA menor pela primeira vez em um m\u00eas e meio\" \/>\n<meta property=\"og:description\" content=\"Ap\u00f3s diversas revis\u00f5es para cima do IPCA, Focus passou a estimar queda ao ver novos dados oficiais de infla\u00e7\u00e3o. Clique e confira!\" \/>\n<meta property=\"og:url\" content=\"https:\/\/www.suno.com.br\/noticias\/ipca-boletim-focus-inflacao-projecoes\/\" \/>\n<meta property=\"og:site_name\" content=\"Suno Not\u00edcias\" \/>\n<meta property=\"article:publisher\" content=\"https:\/\/facebook.com\/sunoresearch\" \/>\n<meta property=\"og:image\" content=\"https:\/\/files.sunoresearch.com.br\/n\/uploads\/2021\/02\/bfc933fb-4096-2731-max.jpg\" \/>\n\t<meta property=\"og:image:width\" content=\"1200\" \/>\n\t<meta property=\"og:image:height\" content=\"800\" \/>\n\t<meta property=\"og:image:type\" content=\"image\/jpeg\" \/>\n<meta name=\"author\" content=\"Eduardo Vargas\" \/>\n<meta name=\"twitter:card\" content=\"summary_large_image\" \/>\n<meta name=\"twitter:creator\" content=\"@sunoresearch\" \/>\n<meta name=\"twitter:site\" content=\"@sunoresearch\" \/>\n<meta name=\"twitter:label1\" content=\"Escrito por\" \/>\n\t<meta name=\"twitter:data1\" content=\"Eduardo Vargas\" \/>\n\t<meta name=\"twitter:label2\" content=\"Est. tempo de leitura\" \/>\n\t<meta name=\"twitter:data2\" content=\"3 minutos\" \/>\n<script type=\"application\/ld+json\" class=\"yoast-schema-graph\">{\"@context\":\"https:\/\/schema.org\",\"@graph\":[{\"@type\":\"NewsArticle\",\"@id\":\"https:\/\/www.suno.com.br\/noticias\/ipca-boletim-focus-inflacao-projecoes\/#article\",\"isPartOf\":{\"@id\":\"https:\/\/www.suno.com.br\/noticias\/ipca-boletim-focus-inflacao-projecoes\/\"},\"author\":{\"name\":\"Eduardo Vargas\",\"@id\":\"https:\/\/www.suno.com.br\/noticias\/#\/schema\/person\/7f4d362bf3518e76090143ae77bb49a5\"},\"headline\":\"Focus projeta IPCA menor pela primeira vez em um m\u00eas e meio\",\"datePublished\":\"2022-12-12T12:35:23+00:00\",\"dateModified\":\"2022-12-12T20:51:14+00:00\",\"mainEntityOfPage\":{\"@id\":\"https:\/\/www.suno.com.br\/noticias\/ipca-boletim-focus-inflacao-projecoes\/\"},\"wordCount\":470,\"publisher\":{\"@id\":\"https:\/\/www.suno.com.br\/noticias\/#organization\"},\"image\":{\"@id\":\"https:\/\/www.suno.com.br\/noticias\/ipca-boletim-focus-inflacao-projecoes\/#primaryimage\"},\"thumbnailUrl\":\"https:\/\/files.sunoresearch.com.br\/n\/uploads\/2021\/02\/bfc933fb-4096-2731-max-jpg.webp\",\"keywords\":[\"Boletim Focus\",\"IPCA\"],\"articleSection\":[\"Economia\"],\"inLanguage\":\"pt-BR\"},{\"@type\":\"WebPage\",\"@id\":\"https:\/\/www.suno.com.br\/noticias\/ipca-boletim-focus-inflacao-projecoes\/\",\"url\":\"https:\/\/www.suno.com.br\/noticias\/ipca-boletim-focus-inflacao-projecoes\/\",\"name\":\"Focus projeta IPCA menor pela primeira vez em um m\u00eas e meio\",\"isPartOf\":{\"@id\":\"https:\/\/www.suno.com.br\/noticias\/#website\"},\"primaryImageOfPage\":{\"@id\":\"https:\/\/www.suno.com.br\/noticias\/ipca-boletim-focus-inflacao-projecoes\/#primaryimage\"},\"image\":{\"@id\":\"https:\/\/www.suno.com.br\/noticias\/ipca-boletim-focus-inflacao-projecoes\/#primaryimage\"},\"thumbnailUrl\":\"https:\/\/files.sunoresearch.com.br\/n\/uploads\/2021\/02\/bfc933fb-4096-2731-max-jpg.webp\",\"datePublished\":\"2022-12-12T12:35:23+00:00\",\"dateModified\":\"2022-12-12T20:51:14+00:00\",\"description\":\"Ap\u00f3s diversas revis\u00f5es para cima do IPCA, Focus passou a estimar queda ao ver novos dados oficiais de infla\u00e7\u00e3o. Clique e confira!\",\"breadcrumb\":{\"@id\":\"https:\/\/www.suno.com.br\/noticias\/ipca-boletim-focus-inflacao-projecoes\/#breadcrumb\"},\"inLanguage\":\"pt-BR\",\"potentialAction\":[{\"@type\":\"ReadAction\",\"target\":[\"https:\/\/www.suno.com.br\/noticias\/ipca-boletim-focus-inflacao-projecoes\/\"]}]},{\"@type\":\"ImageObject\",\"inLanguage\":\"pt-BR\",\"@id\":\"https:\/\/www.suno.com.br\/noticias\/ipca-boletim-focus-inflacao-projecoes\/#primaryimage\",\"url\":\"https:\/\/files.sunoresearch.com.br\/n\/uploads\/2021\/02\/bfc933fb-4096-2731-max-jpg.webp\",\"contentUrl\":\"https:\/\/files.sunoresearch.com.br\/n\/uploads\/2021\/02\/bfc933fb-4096-2731-max-jpg.webp\",\"width\":1200,\"height\":800,\"caption\":\"Boletim Focus. Foto: Pixabay\"},{\"@type\":\"BreadcrumbList\",\"@id\":\"https:\/\/www.suno.com.br\/noticias\/ipca-boletim-focus-inflacao-projecoes\/#breadcrumb\",\"itemListElement\":[{\"@type\":\"ListItem\",\"position\":1,\"name\":\"Not\u00edcias\",\"item\":\"https:\/\/www.suno.com.br\/noticias\/\"},{\"@type\":\"ListItem\",\"position\":2,\"name\":\"Economia\",\"item\":\"https:\/\/www.suno.com.br\/noticias\/economia\/\"},{\"@type\":\"ListItem\",\"position\":3,\"name\":\"Focus projeta IPCA menor pela primeira vez em um m\u00eas e meio\"}]},{\"@type\":\"WebSite\",\"@id\":\"https:\/\/www.suno.com.br\/noticias\/#website\",\"url\":\"https:\/\/www.suno.com.br\/noticias\/\",\"name\":\"Suno Not\u00edcias\",\"description\":\"Seu portal de informa\u00e7\u00e3o sobre o mundo dos investimentos\",\"publisher\":{\"@id\":\"https:\/\/www.suno.com.br\/noticias\/#organization\"},\"potentialAction\":[{\"@type\":\"SearchAction\",\"target\":{\"@type\":\"EntryPoint\",\"urlTemplate\":\"https:\/\/www.suno.com.br\/noticias\/?s={search_term_string}\"},\"query-input\":{\"@type\":\"PropertyValueSpecification\",\"valueRequired\":true,\"valueName\":\"search_term_string\"}}],\"inLanguage\":\"pt-BR\"},{\"@type\":\"Organization\",\"@id\":\"https:\/\/www.suno.com.br\/noticias\/#organization\",\"name\":\"Suno Not\u00edcias\",\"url\":\"https:\/\/www.suno.com.br\/noticias\/\",\"logo\":{\"@type\":\"ImageObject\",\"inLanguage\":\"pt-BR\",\"@id\":\"https:\/\/www.suno.com.br\/noticias\/#\/schema\/logo\/image\/\",\"url\":\"https:\/\/files.sunoresearch.com.br\/n\/uploads\/2021\/09\/suno-logo.png\",\"contentUrl\":\"https:\/\/files.sunoresearch.com.br\/n\/uploads\/2021\/09\/suno-logo.png\",\"width\":180,\"height\":180,\"caption\":\"Suno Not\u00edcias\"},\"image\":{\"@id\":\"https:\/\/www.suno.com.br\/noticias\/#\/schema\/logo\/image\/\"},\"sameAs\":[\"https:\/\/facebook.com\/sunoresearch\",\"https:\/\/x.com\/sunoresearch\",\"https:\/\/www.instagram.com\/suno\",\"https:\/\/www.linkedin.com\/company\/suno-research\/\",\"https:\/\/www.youtube.com\/c\/sunoresearch\"]},{\"@type\":\"Person\",\"@id\":\"https:\/\/www.suno.com.br\/noticias\/#\/schema\/person\/7f4d362bf3518e76090143ae77bb49a5\",\"name\":\"Eduardo Vargas\",\"image\":{\"@type\":\"ImageObject\",\"inLanguage\":\"pt-BR\",\"@id\":\"https:\/\/www.suno.com.br\/noticias\/#\/schema\/person\/image\/\",\"url\":\"https:\/\/secure.gravatar.com\/avatar\/dac340933427a22924c9f99d1eb2e3f2?s=96&r=g\",\"contentUrl\":\"https:\/\/secure.gravatar.com\/avatar\/dac340933427a22924c9f99d1eb2e3f2?s=96&r=g\",\"caption\":\"Eduardo Vargas\"},\"description\":\"Jornalista formado pela UFSC, cobre macroeconomia, neg\u00f3cios e startups para o Suno Not\u00edcias, escrevendo principalmente not\u00edcias sobre o mercado financeiro e a bolsa de valores. No YouTube e no Instagram, \u00e9 respons\u00e1vel pela produ\u00e7\u00e3o de Reels e Shorts do Suno Not\u00edcias. Anteriormente, trabalhou cobrindo economia e cotidiano no ND+ e para o ND, maior jornal impresso de Santa Catarina. Cursou um semestre letivo de Estudos de M\u00eddia na Universidad de Buenos Aires.\",\"url\":\"https:\/\/www.suno.com.br\/noticias\/author\/eduardo-vargas\/\"}]}<\/script>\n<!-- \/ Yoast SEO plugin. -->","yoast_head_json":{"title":"Focus projeta IPCA menor pela primeira vez em um m\u00eas e meio","description":"Ap\u00f3s diversas revis\u00f5es para cima do IPCA, Focus passou a estimar queda ao ver novos dados oficiais de infla\u00e7\u00e3o. Clique e confira!","robots":{"index":"index","follow":"follow","max-snippet":"max-snippet:-1","max-image-preview":"max-image-preview:large","max-video-preview":"max-video-preview:-1"},"canonical":"https:\/\/www.suno.com.br\/noticias\/ipca-boletim-focus-inflacao-projecoes\/","og_locale":"pt_BR","og_type":"article","og_title":"Focus projeta IPCA menor pela primeira vez em um m\u00eas e meio","og_description":"Ap\u00f3s diversas revis\u00f5es para cima do IPCA, Focus passou a estimar queda ao ver novos dados oficiais de infla\u00e7\u00e3o. Clique e confira!","og_url":"https:\/\/www.suno.com.br\/noticias\/ipca-boletim-focus-inflacao-projecoes\/","og_site_name":"Suno Not\u00edcias","article_publisher":"https:\/\/facebook.com\/sunoresearch","og_image":[{"width":1200,"height":800,"url":"https:\/\/files.sunoresearch.com.br\/n\/uploads\/2021\/02\/bfc933fb-4096-2731-max.jpg","type":"image\/jpeg"}],"author":"Eduardo Vargas","twitter_card":"summary_large_image","twitter_creator":"@sunoresearch","twitter_site":"@sunoresearch","twitter_misc":{"Escrito por":"Eduardo Vargas","Est. tempo de leitura":"3 minutos"},"schema":{"@context":"https:\/\/schema.org","@graph":[{"@type":"NewsArticle","@id":"https:\/\/www.suno.com.br\/noticias\/ipca-boletim-focus-inflacao-projecoes\/#article","isPartOf":{"@id":"https:\/\/www.suno.com.br\/noticias\/ipca-boletim-focus-inflacao-projecoes\/"},"author":{"name":"Eduardo Vargas","@id":"https:\/\/www.suno.com.br\/noticias\/#\/schema\/person\/7f4d362bf3518e76090143ae77bb49a5"},"headline":"Focus projeta IPCA menor pela primeira vez em um m\u00eas e meio","datePublished":"2022-12-12T12:35:23+00:00","dateModified":"2022-12-12T20:51:14+00:00","mainEntityOfPage":{"@id":"https:\/\/www.suno.com.br\/noticias\/ipca-boletim-focus-inflacao-projecoes\/"},"wordCount":470,"publisher":{"@id":"https:\/\/www.suno.com.br\/noticias\/#organization"},"image":{"@id":"https:\/\/www.suno.com.br\/noticias\/ipca-boletim-focus-inflacao-projecoes\/#primaryimage"},"thumbnailUrl":"https:\/\/files.sunoresearch.com.br\/n\/uploads\/2021\/02\/bfc933fb-4096-2731-max-jpg.webp","keywords":["Boletim Focus","IPCA"],"articleSection":["Economia"],"inLanguage":"pt-BR"},{"@type":"WebPage","@id":"https:\/\/www.suno.com.br\/noticias\/ipca-boletim-focus-inflacao-projecoes\/","url":"https:\/\/www.suno.com.br\/noticias\/ipca-boletim-focus-inflacao-projecoes\/","name":"Focus projeta IPCA menor pela primeira vez em um m\u00eas e meio","isPartOf":{"@id":"https:\/\/www.suno.com.br\/noticias\/#website"},"primaryImageOfPage":{"@id":"https:\/\/www.suno.com.br\/noticias\/ipca-boletim-focus-inflacao-projecoes\/#primaryimage"},"image":{"@id":"https:\/\/www.suno.com.br\/noticias\/ipca-boletim-focus-inflacao-projecoes\/#primaryimage"},"thumbnailUrl":"https:\/\/files.sunoresearch.com.br\/n\/uploads\/2021\/02\/bfc933fb-4096-2731-max-jpg.webp","datePublished":"2022-12-12T12:35:23+00:00","dateModified":"2022-12-12T20:51:14+00:00","description":"Ap\u00f3s diversas revis\u00f5es para cima do IPCA, Focus passou a estimar queda ao ver novos dados oficiais de infla\u00e7\u00e3o. Clique e confira!","breadcrumb":{"@id":"https:\/\/www.suno.com.br\/noticias\/ipca-boletim-focus-inflacao-projecoes\/#breadcrumb"},"inLanguage":"pt-BR","potentialAction":[{"@type":"ReadAction","target":["https:\/\/www.suno.com.br\/noticias\/ipca-boletim-focus-inflacao-projecoes\/"]}]},{"@type":"ImageObject","inLanguage":"pt-BR","@id":"https:\/\/www.suno.com.br\/noticias\/ipca-boletim-focus-inflacao-projecoes\/#primaryimage","url":"https:\/\/files.sunoresearch.com.br\/n\/uploads\/2021\/02\/bfc933fb-4096-2731-max-jpg.webp","contentUrl":"https:\/\/files.sunoresearch.com.br\/n\/uploads\/2021\/02\/bfc933fb-4096-2731-max-jpg.webp","width":1200,"height":800,"caption":"Boletim Focus. Foto: Pixabay"},{"@type":"BreadcrumbList","@id":"https:\/\/www.suno.com.br\/noticias\/ipca-boletim-focus-inflacao-projecoes\/#breadcrumb","itemListElement":[{"@type":"ListItem","position":1,"name":"Not\u00edcias","item":"https:\/\/www.suno.com.br\/noticias\/"},{"@type":"ListItem","position":2,"name":"Economia","item":"https:\/\/www.suno.com.br\/noticias\/economia\/"},{"@type":"ListItem","position":3,"name":"Focus projeta IPCA menor pela primeira vez em um m\u00eas e meio"}]},{"@type":"WebSite","@id":"https:\/\/www.suno.com.br\/noticias\/#website","url":"https:\/\/www.suno.com.br\/noticias\/","name":"Suno Not\u00edcias","description":"Seu portal de informa\u00e7\u00e3o sobre o mundo dos investimentos","publisher":{"@id":"https:\/\/www.suno.com.br\/noticias\/#organization"},"potentialAction":[{"@type":"SearchAction","target":{"@type":"EntryPoint","urlTemplate":"https:\/\/www.suno.com.br\/noticias\/?s={search_term_string}"},"query-input":{"@type":"PropertyValueSpecification","valueRequired":true,"valueName":"search_term_string"}}],"inLanguage":"pt-BR"},{"@type":"Organization","@id":"https:\/\/www.suno.com.br\/noticias\/#organization","name":"Suno Not\u00edcias","url":"https:\/\/www.suno.com.br\/noticias\/","logo":{"@type":"ImageObject","inLanguage":"pt-BR","@id":"https:\/\/www.suno.com.br\/noticias\/#\/schema\/logo\/image\/","url":"https:\/\/files.sunoresearch.com.br\/n\/uploads\/2021\/09\/suno-logo.png","contentUrl":"https:\/\/files.sunoresearch.com.br\/n\/uploads\/2021\/09\/suno-logo.png","width":180,"height":180,"caption":"Suno Not\u00edcias"},"image":{"@id":"https:\/\/www.suno.com.br\/noticias\/#\/schema\/logo\/image\/"},"sameAs":["https:\/\/facebook.com\/sunoresearch","https:\/\/x.com\/sunoresearch","https:\/\/www.instagram.com\/suno","https:\/\/www.linkedin.com\/company\/suno-research\/","https:\/\/www.youtube.com\/c\/sunoresearch"]},{"@type":"Person","@id":"https:\/\/www.suno.com.br\/noticias\/#\/schema\/person\/7f4d362bf3518e76090143ae77bb49a5","name":"Eduardo Vargas","image":{"@type":"ImageObject","inLanguage":"pt-BR","@id":"https:\/\/www.suno.com.br\/noticias\/#\/schema\/person\/image\/","url":"https:\/\/secure.gravatar.com\/avatar\/dac340933427a22924c9f99d1eb2e3f2?s=96&r=g","contentUrl":"https:\/\/secure.gravatar.com\/avatar\/dac340933427a22924c9f99d1eb2e3f2?s=96&r=g","caption":"Eduardo Vargas"},"description":"Jornalista formado pela UFSC, cobre macroeconomia, neg\u00f3cios e startups para o Suno Not\u00edcias, escrevendo principalmente not\u00edcias sobre o mercado financeiro e a bolsa de valores. No YouTube e no Instagram, \u00e9 respons\u00e1vel pela produ\u00e7\u00e3o de Reels e Shorts do Suno Not\u00edcias. Anteriormente, trabalhou cobrindo economia e cotidiano no ND+ e para o ND, maior jornal impresso de Santa Catarina. Cursou um semestre letivo de Estudos de M\u00eddia na Universidad de Buenos Aires.","url":"https:\/\/www.suno.com.br\/noticias\/author\/eduardo-vargas\/"}]}},"default_loop_html":"<div class=\"cardsPage__listCard__boxs\"><div class=\"cardsPage__listCard__boxs__img\"><a href=\"https:\/\/www.suno.com.br\/noticias\/lula-bolsonaro-poder-orcamento-pec-da-transicao\/\"><img class=\"mask\" src=\"https:\/\/www.suno.com.br\/noticias\/wp-content\/themes\/suno\/resources\/images\/spotlight\/spotlight1img\/bg-mask.png\" alt=\"Image Mask\"\/><img src=\"https:\/\/files.sunoresearch.com.br\/n\/uploads\/2022\/11\/lula-ccbb-400x200.jpg\" alt=\"Com PEC da Transi\u00e7\u00e3o, Lula ter\u00e1 mais poder sobre Or\u00e7amento que Bolsonaro\"\/><\/a><span class=\"spotlightCategory\"><a href=\"https:\/\/www.suno.com.br\/noticias\/politica\/\">Pol\u00edtica<\/a><\/span><\/div><div class=\"cardsPage__listCard__boxs__content\"><a href=\"https:\/\/www.suno.com.br\/noticias\/lula-bolsonaro-poder-orcamento-pec-da-transicao\/\"><h2 class=\"content__title\">Com PEC da Transi\u00e7\u00e3o, Lula ter\u00e1 mais poder sobre Or\u00e7amento que Bolsonaro<\/h2><\/a><div class=\"newsContent__article__meta\"><div class=\"newsContent__article__meta__authorBox\"><a href=\"https:\/\/www.suno.com.br\/noticias\/author\/eduardo-vargas\/\" class=\"authorBox__avatar noMobi\"><img src=\"https:\/\/secure.gravatar.com\/avatar\/dac340933427a22924c9f99d1eb2e3f2?s=96&#038;r=g\" alt=\"Eduardo Vargas\"><\/a><div class=\"authorBox__name\"><span>por\n\t\t\t<a href=\"https:\/\/www.suno.com.br\/noticias\/author\/eduardo-vargas\/\"><span itemprop=\"author\">Eduardo Vargas<\/span><\/a><\/span><time datetime=\"2022-11-20T17:20:23-03:00\" itemprop=\"datePublished\">20\/11\/2022 17:20<\/time><\/div><\/div><\/div><\/div><\/div>","single_layout":"posts","amp_enabled":true,"_links":{"self":[{"href":"https:\/\/www.suno.com.br\/noticias\/wp-json\/wp\/v2\/posts\/332739"}],"collection":[{"href":"https:\/\/www.suno.com.br\/noticias\/wp-json\/wp\/v2\/posts"}],"about":[{"href":"https:\/\/www.suno.com.br\/noticias\/wp-json\/wp\/v2\/types\/post"}],"author":[{"embeddable":true,"href":"https:\/\/www.suno.com.br\/noticias\/wp-json\/wp\/v2\/users\/73"}],"replies":[{"embeddable":true,"href":"https:\/\/www.suno.com.br\/noticias\/wp-json\/wp\/v2\/comments?post=332739"}],"version-history":[{"count":4,"href":"https:\/\/www.suno.com.br\/noticias\/wp-json\/wp\/v2\/posts\/332739\/revisions"}],"predecessor-version":[{"id":336805,"href":"https:\/\/www.suno.com.br\/noticias\/wp-json\/wp\/v2\/posts\/332739\/revisions\/336805"}],"wp:featuredmedia":[{"embeddable":true,"href":"https:\/\/www.suno.com.br\/noticias\/wp-json\/wp\/v2\/media\/117586"}],"wp:attachment":[{"href":"https:\/\/www.suno.com.br\/noticias\/wp-json\/wp\/v2\/media?parent=332739"}],"wp:term":[{"taxonomy":"category","embeddable":true,"href":"https:\/\/www.suno.com.br\/noticias\/wp-json\/wp\/v2\/categories?post=332739"},{"taxonomy":"post_tag","embeddable":true,"href":"https:\/\/www.suno.com.br\/noticias\/wp-json\/wp\/v2\/tags?post=332739"},{"taxonomy":"suno_strategy","embeddable":true,"href":"https:\/\/www.suno.com.br\/noticias\/wp-json\/wp\/v2\/suno_strategy?post=332739"}],"curies":[{"name":"wp","href":"https:\/\/api.w.org\/{rel}","templated":true}]}}