{"id":332654,"date":"2022-12-11T14:22:38","date_gmt":"2022-12-11T17:22:38","guid":{"rendered":"https:\/\/www.suno.com.br\/noticias\/?p=332654"},"modified":"2022-12-11T14:22:38","modified_gmt":"2022-12-11T17:22:38","slug":"bancos-centrais-ameacas-recessao","status":"publish","type":"post","link":"https:\/\/www.suno.com.br\/noticias\/bancos-centrais-ameacas-recessao\/","title":{"rendered":"Bancos Centrais alertam para amea\u00e7as de recess\u00e3o; Entenda os motivos"},"content":{"rendered":"<p>A deteriora\u00e7\u00e3o da liquidez em mercados relevantes como os de t\u00edtulos soberanos de pa\u00edses desenvolvidos e as incertezas econ\u00f4micas globais podem desencadear eventos adversos com riscos \u00e0 estabilidade financeira que preocupam bancos centrais ao redor do mundo e com uma poss\u00edvel <a href=\"https:\/\/www.suno.com.br\/noticias\/veja-5-acoes-para-proteger-carteira-recessao\/\" target=\"_blank\" rel=\"noopener\"><strong>recess\u00e3o<\/strong><\/a>, inclusive o brasileiro.<\/p>\t<div class=\"wrapper-featured-image\">\n\t\t<figure class=\"spotlightImg\">\n\n\t\t\t<picture>\n\t\t\t\t<source media=\"(max-width: 768px)\" srcset=\"https:\/\/files.sunoresearch.com.br\/n\/uploads\/2022\/09\/Recessao-economica-Pixabay-400x200.jpg\">\n\t\t\t\t<img loading=\"lazy\" decoding=\"async\" class=\"newsContent__article__imgCapa lazyloadDisabled \" src=\"https:\/\/files.sunoresearch.com.br\/n\/uploads\/2022\/09\/Recessao-economica-Pixabay-800x450.jpg\" width=\"800\" height=\"450\" alt=\"Bancos Centrais alertam para amea\u00e7as de recess\u00e3o; Entenda os motivos\" fetchpriority=high \/>\n\t\t\t<\/picture>\n\n\t\t\t<figcaption class=\"wp-caption-text wp-caption-text--show\">Bancos. Foto: Pixabay<\/figcaption>\n\t\t<\/figure>\n\t<\/div>\n\n\n\t<p>\n\t\t<a href=\"https:\/\/lp2.suno.com.br\/cl\/black-friday-2025\/?utm_campaign=_SNCDF0E4858_\" target=\"_blank\" data-element=\"shortcode-suno-banner\" title=\"Banner SUNO, clique e saiba mais\">\n\t\t\t<picture>\n\t\t\t\t<source media=\"(max-width: 500px)\" srcset=\"https:\/\/files.sunoresearch.com.br\/n\/uploads\/2025\/10\/Artigos-e-Noticias-Banner-Home-artigos-01-Mobile_-400x300-1-png.webp\">\n\t\t\t\t<img class=\"newsContent__article__imgCapa newsContent__article__imgCapa--banner\"\n\t\t\t\t\tsrc=\"https:\/\/files.sunoresearch.com.br\/n\/uploads\/2025\/10\/Artigos-e-Noticias-Banner-Home-artigos-01-Desktop_-1420x240-1-png.webp\"\n\t\t\t\t\tdata-promo-id=\"311259\"\t\t\t\t\t\t\t\t\t\twidth='1420' height='240'\t\t\t\t\talt=\"https:\/\/files.sunoresearch.com.br\/n\/uploads\/2025\/10\/Artigos-e-Noticias-Banner-Home-artigos-01-Desktop_-1420x240-1-png.webp\"\n\t\t\t\t>\n\t\t\t<\/picture>\n\t\t<\/a>\n\t<\/p>\n\n\n<p>Com os<strong> temores de recess\u00e3o<\/strong>, os <strong>Bancos Centrais<\/strong> podem ser obrigados a manter sob sua guarda por mais tempo do que o previsto a montanha de ativos que compraram durante o auge da pandemia de covid-19, em um momento em que est\u00e3o tentando controlar a disparada da infla\u00e7\u00e3o.<\/p>\n<p>O Banco de Compensa\u00e7\u00f5es Internacionais (BIS), uma esp\u00e9cie de <a href=\"https:\/\/www.suno.com.br\/artigos\/bacen\/\" target=\"_blank\" rel=\"noopener\">Banco Central<\/a> dos BCs, refor\u00e7ou o alerta quanto ao tema em seu mais recente relat\u00f3rio trimestral, publicado nesta semana. Segundo a entidade, a liquidez do mercado de t\u00edtulos soberanos deteriorou-se na maioria das economias avan\u00e7adas em meio \u00e0s incertezas de investidores quanto ao rumo das taxas de juros.<\/p>\n\t<div data-element=\"shortcode-read-more\" class=\"knowMore\">\n\t\t\t\t<span class=\"knowMore__title\">Leia mais:<\/span>\n\t\t\t\t<a class=\"knowMore__link\" href=\"https:\/\/www.suno.com.br\/noticias\/haddad-regra-fiscal-tributaria\/\">\n\t\t\tHaddad vai priorizar regra fiscal e tribut\u00e1ria; veja como pensa o novo ministro\t\t<\/a>\n\t<\/div>\n\n\n<p>&#8220;\u00c0 medida que as taxas subiam rapidamente e a volatilidade aumentava, os mercados de bonds tornaram-se progressivamente menos l\u00edquidos&#8221;, diz a entidade, com sede em Basileia, na Su\u00ed\u00e7a. Um indicador baseado nos pre\u00e7os de b\u00f4nus soberanos de economias desenvolvidas teve piora acentuada e atingiu o seu n\u00edvel mais baixo desde a crise financeira de 2008, conforme o BIS.<\/p>\n<p>Al\u00e9m das <strong>amea\u00e7as de <a href=\"https:\/\/www.suno.com.br\/noticias\/recessao-eua-chance-associacao-empresarial\/\" target=\"_blank\" rel=\"noopener\">recess\u00e3o<\/a><\/strong>, Nos Estados Unidos, as condi\u00e7\u00f5es de liquidez come\u00e7aram a se deteriorar ainda no ver\u00e3o e permaneceram visivelmente piores do que no auge da covid-19, em mar\u00e7o de 2020, em mercados como os &#8220;treasuries&#8221;, que s\u00e3o os t\u00edtulos do Tesouro norte-americano, e os que apoiam o financiamento imobili\u00e1rio no pa\u00eds, os chamados &#8220;mortgages&#8221;.<\/p>\n<p>Do outro lado do Hemisf\u00e9rio Norte, no Reino Unido, o Banco Central da Inglaterra (BoE, na sigla em ingl\u00eas) foi obrigado a comprar bilh\u00f5es em gilts, o t\u00edtulo do governo brit\u00e2nico, ap\u00f3s o an\u00fancio do malsucedido pacote fiscal, para evitar que a turbul\u00eancia se espalhasse para al\u00e9m do estrago causado aos fundos de pens\u00e3o.<\/p>\n<p>&#8220;Os juros dos t\u00edtulos de d\u00edvida do Reino Unido subiram cerca de 1,5 ponto porcentual ao ano. Em t\u00edtulos de 30 anos, a perda do valor dos pap\u00e9is foi de 45% a 50%&#8221;, destaca o s\u00f3cio-fundador da Oriz Partners e ex-secret\u00e1rio do Tesouro brasileiro, Carlos Kawall, mencionando os problemas para seguradoras e fundos de pens\u00e3o, com riscos para a estabilidade financeira. &#8220;\u00c9 uma perda patrimonial absurda. No Brasil, j\u00e1 estamos mais vacinados contra essas instabilidades. L\u00e1 foi um terremoto&#8221;, completa.<\/p>\n<p>Para o BIS, o estresse no mercado de gilts \u00e9 um sinal de alerta n\u00e3o s\u00f3 \u00e0s funda\u00e7\u00f5es, que garantem as aposentadorias dos indiv\u00edduos, mas \u00e0s institui\u00e7\u00f5es financeiras n\u00e3o banc\u00e1rias (NBFIs, na sigla em ingl\u00eas) como empresas de securitiza\u00e7\u00e3o e fundos de private equity, que compram participa\u00e7\u00e3o em empresas, diante do processo de aperto monet\u00e1rio nas economias.<\/p>\n<p>Enquanto longos per\u00edodos de juros baixos motivaram uma maior alavancagem por parte desses grupos, a mudan\u00e7a neste quadro, alerta, pode desencadear press\u00f5es de liquidez e levar \u00e0 disfun\u00e7\u00e3o dos mercados, pressionando os bancos centrais a fornecer apoio.<\/p>\n<p>Contra o ressurgimento da infla\u00e7\u00e3o global, a receita \u00e9 alta de juros e redu\u00e7\u00e3o do balan\u00e7o de ativos dos BCs, que engordaram bastante durante a pandemia, para dar suporte aos mercados, aumentando a <a href=\"https:\/\/www.suno.com.br\/noticias\/recessao-fmi-economia-global\/\" target=\"_blank\" rel=\"noopener\"><strong>chance de recess\u00e3o<\/strong><\/a>.<\/p>\n<p>Al\u00e9m do epis\u00f3dio brit\u00e2nico, o economista-chefe da XP Investimentos, Caio Megale, lembra que a indica\u00e7\u00e3o do Banco Central Europeu (BCE) de que iria come\u00e7ar a redu\u00e7\u00e3o do seu balan\u00e7o gerou transtornos para os pap\u00e9is de Portugal, Gr\u00e9cia e It\u00e1lia, resultando em maior cautela pela autoridade monet\u00e1ria europeia. O BCE deve voltar a discutir o tema no dia 15 deste m\u00eas.<\/p>\n<p>Assim, os Bancos centrais continuam em um dilema para achar o n\u00edvel ideal para a taxa de juros no combate a infla\u00e7\u00e3o sem gerar uma <strong>recess\u00e3o<\/strong>.<\/p>\n<p>(Com informa\u00e7\u00f5es do jornal O Estado de S. Paulo e Estad\u00e3o Conte\u00fado)<\/p>\n\t<p>\n\t\t<a href=\"https:\/\/lp.suno.com.br\/ebook-como-analisar-uma-acao\/\" target=\"_blank\" data-element=\"shortcode-suno-banner\" title=\"Banner SUNO, clique e saiba mais\">\n\t\t\t<picture>\n\t\t\t\t<source media=\"(max-width: 500px)\" srcset=\"https:\/\/files.sunoresearch.com.br\/n\/uploads\/2023\/12\/Ebook-Acoes-Mobile.jpg\">\n\t\t\t\t<img class=\"newsContent__article__imgCapa newsContent__article__imgCapa--banner\"\n\t\t\t\t\tsrc=\"https:\/\/files.sunoresearch.com.br\/n\/uploads\/2023\/12\/Ebook-Acoes-Desktop.webp\"\n\t\t\t\t\tdata-promo-id=\"311260\"\t\t\t\t\t\t\t\t\t\twidth='1420' height='286'\t\t\t\t\talt=\"https:\/\/files.sunoresearch.com.br\/n\/uploads\/2023\/12\/Ebook-Acoes-Desktop.webp\"\n\t\t\t\t>\n\t\t\t<\/picture>\n\t\t<\/a>\n\t<\/p>\n\n\n","protected":false},"excerpt":{"rendered":"<p>A deteriora\u00e7\u00e3o da liquidez em mercados relevantes como os de t\u00edtulos soberanos de pa\u00edses desenvolvidos e as incertezas econ\u00f4micas globais podem desencadear eventos adversos com riscos \u00e0 estabilidade financeira que preocupam bancos centrais ao redor do mundo e com uma poss\u00edvel recess\u00e3o, inclusive o brasileiro. Bancos. Foto: Pixabay Com os temores de recess\u00e3o, os Bancos [&hellip;]<\/p>\n","protected":false},"author":173,"featured_media":296397,"comment_status":"closed","ping_status":"closed","sticky":false,"template":"","format":"standard","meta":[],"categories":[64],"tags":[1881],"suno_strategy":[],"class_list":["post-332654","post","type-post","status-publish","format-standard","has-post-thumbnail","hentry","category-negocios","tag-recessao"],"yoast_head":"<!-- This site is optimized with the Yoast SEO plugin v24.4 - https:\/\/yoast.com\/wordpress\/plugins\/seo\/ -->\n<title>Bancos Centrais alertam para amea\u00e7as de recess\u00e3o; Entenda os motivos<\/title>\n<meta name=\"description\" content=\"Os Bancos Centrais est\u00e3o alertando para amea\u00e7as de recess\u00e3o. Entenda os motivos que levaram a esses alertas de recess\u00e3o.\" \/>\n<meta name=\"robots\" content=\"index, follow, max-snippet:-1, max-image-preview:large, max-video-preview:-1\" \/>\n<link rel=\"canonical\" href=\"https:\/\/www.suno.com.br\/noticias\/bancos-centrais-ameacas-recessao\/\" \/>\n<meta property=\"og:locale\" content=\"pt_BR\" \/>\n<meta property=\"og:type\" content=\"article\" \/>\n<meta property=\"og:title\" content=\"Bancos Centrais alertam para amea\u00e7as de recess\u00e3o; Entenda os motivos\" \/>\n<meta property=\"og:description\" content=\"Os Bancos Centrais est\u00e3o alertando para amea\u00e7as de recess\u00e3o. Entenda os motivos que levaram a esses alertas de recess\u00e3o.\" \/>\n<meta property=\"og:url\" content=\"https:\/\/www.suno.com.br\/noticias\/bancos-centrais-ameacas-recessao\/\" \/>\n<meta property=\"og:site_name\" content=\"Suno Not\u00edcias\" \/>\n<meta property=\"article:publisher\" content=\"https:\/\/facebook.com\/sunoresearch\" \/>\n<meta property=\"og:image\" content=\"https:\/\/files.sunoresearch.com.br\/n\/uploads\/2022\/09\/Recessao-economica-Pixabay.jpg\" \/>\n\t<meta property=\"og:image:width\" content=\"1920\" \/>\n\t<meta property=\"og:image:height\" content=\"1080\" \/>\n\t<meta property=\"og:image:type\" content=\"image\/jpeg\" \/>\n<meta name=\"author\" content=\"Jo\u00e3o Vitor\" \/>\n<meta name=\"twitter:card\" content=\"summary_large_image\" \/>\n<meta name=\"twitter:creator\" content=\"@sunoresearch\" \/>\n<meta name=\"twitter:site\" content=\"@sunoresearch\" \/>\n<meta name=\"twitter:label1\" content=\"Escrito por\" \/>\n\t<meta name=\"twitter:data1\" content=\"Jo\u00e3o Vitor\" \/>\n\t<meta name=\"twitter:label2\" content=\"Est. tempo de leitura\" \/>\n\t<meta name=\"twitter:data2\" content=\"4 minutos\" \/>\n<script type=\"application\/ld+json\" class=\"yoast-schema-graph\">{\"@context\":\"https:\/\/schema.org\",\"@graph\":[{\"@type\":\"NewsArticle\",\"@id\":\"https:\/\/www.suno.com.br\/noticias\/bancos-centrais-ameacas-recessao\/#article\",\"isPartOf\":{\"@id\":\"https:\/\/www.suno.com.br\/noticias\/bancos-centrais-ameacas-recessao\/\"},\"author\":{\"name\":\"Jo\u00e3o Vitor\",\"@id\":\"https:\/\/www.suno.com.br\/noticias\/#\/schema\/person\/87fc6973867c52dd884811905c43afba\"},\"headline\":\"Bancos Centrais alertam para amea\u00e7as de recess\u00e3o; Entenda os motivos\",\"datePublished\":\"2022-12-11T17:22:38+00:00\",\"mainEntityOfPage\":{\"@id\":\"https:\/\/www.suno.com.br\/noticias\/bancos-centrais-ameacas-recessao\/\"},\"wordCount\":723,\"publisher\":{\"@id\":\"https:\/\/www.suno.com.br\/noticias\/#organization\"},\"image\":{\"@id\":\"https:\/\/www.suno.com.br\/noticias\/bancos-centrais-ameacas-recessao\/#primaryimage\"},\"thumbnailUrl\":\"https:\/\/files.sunoresearch.com.br\/n\/uploads\/2022\/09\/Recessao-economica-Pixabay.jpg\",\"keywords\":[\"recess\u00e3o\"],\"articleSection\":[\"Neg\u00f3cios\"],\"inLanguage\":\"pt-BR\"},{\"@type\":\"WebPage\",\"@id\":\"https:\/\/www.suno.com.br\/noticias\/bancos-centrais-ameacas-recessao\/\",\"url\":\"https:\/\/www.suno.com.br\/noticias\/bancos-centrais-ameacas-recessao\/\",\"name\":\"Bancos Centrais alertam para amea\u00e7as de recess\u00e3o; Entenda os motivos\",\"isPartOf\":{\"@id\":\"https:\/\/www.suno.com.br\/noticias\/#website\"},\"primaryImageOfPage\":{\"@id\":\"https:\/\/www.suno.com.br\/noticias\/bancos-centrais-ameacas-recessao\/#primaryimage\"},\"image\":{\"@id\":\"https:\/\/www.suno.com.br\/noticias\/bancos-centrais-ameacas-recessao\/#primaryimage\"},\"thumbnailUrl\":\"https:\/\/files.sunoresearch.com.br\/n\/uploads\/2022\/09\/Recessao-economica-Pixabay.jpg\",\"datePublished\":\"2022-12-11T17:22:38+00:00\",\"description\":\"Os Bancos Centrais est\u00e3o alertando para amea\u00e7as de recess\u00e3o. Entenda os motivos que levaram a esses alertas de recess\u00e3o.\",\"breadcrumb\":{\"@id\":\"https:\/\/www.suno.com.br\/noticias\/bancos-centrais-ameacas-recessao\/#breadcrumb\"},\"inLanguage\":\"pt-BR\",\"potentialAction\":[{\"@type\":\"ReadAction\",\"target\":[\"https:\/\/www.suno.com.br\/noticias\/bancos-centrais-ameacas-recessao\/\"]}]},{\"@type\":\"ImageObject\",\"inLanguage\":\"pt-BR\",\"@id\":\"https:\/\/www.suno.com.br\/noticias\/bancos-centrais-ameacas-recessao\/#primaryimage\",\"url\":\"https:\/\/files.sunoresearch.com.br\/n\/uploads\/2022\/09\/Recessao-economica-Pixabay.jpg\",\"contentUrl\":\"https:\/\/files.sunoresearch.com.br\/n\/uploads\/2022\/09\/Recessao-economica-Pixabay.jpg\",\"width\":1920,\"height\":1080,\"caption\":\"Bancos. Foto: Pixabay\"},{\"@type\":\"BreadcrumbList\",\"@id\":\"https:\/\/www.suno.com.br\/noticias\/bancos-centrais-ameacas-recessao\/#breadcrumb\",\"itemListElement\":[{\"@type\":\"ListItem\",\"position\":1,\"name\":\"Not\u00edcias\",\"item\":\"https:\/\/www.suno.com.br\/noticias\/\"},{\"@type\":\"ListItem\",\"position\":2,\"name\":\"Neg\u00f3cios\",\"item\":\"https:\/\/www.suno.com.br\/noticias\/negocios\/\"},{\"@type\":\"ListItem\",\"position\":3,\"name\":\"Bancos Centrais alertam para amea\u00e7as de recess\u00e3o; Entenda os motivos\"}]},{\"@type\":\"WebSite\",\"@id\":\"https:\/\/www.suno.com.br\/noticias\/#website\",\"url\":\"https:\/\/www.suno.com.br\/noticias\/\",\"name\":\"Suno Not\u00edcias\",\"description\":\"Seu portal de informa\u00e7\u00e3o sobre o mundo dos investimentos\",\"publisher\":{\"@id\":\"https:\/\/www.suno.com.br\/noticias\/#organization\"},\"potentialAction\":[{\"@type\":\"SearchAction\",\"target\":{\"@type\":\"EntryPoint\",\"urlTemplate\":\"https:\/\/www.suno.com.br\/noticias\/?s={search_term_string}\"},\"query-input\":{\"@type\":\"PropertyValueSpecification\",\"valueRequired\":true,\"valueName\":\"search_term_string\"}}],\"inLanguage\":\"pt-BR\"},{\"@type\":\"Organization\",\"@id\":\"https:\/\/www.suno.com.br\/noticias\/#organization\",\"name\":\"Suno Not\u00edcias\",\"url\":\"https:\/\/www.suno.com.br\/noticias\/\",\"logo\":{\"@type\":\"ImageObject\",\"inLanguage\":\"pt-BR\",\"@id\":\"https:\/\/www.suno.com.br\/noticias\/#\/schema\/logo\/image\/\",\"url\":\"https:\/\/files.sunoresearch.com.br\/n\/uploads\/2021\/09\/suno-logo.png\",\"contentUrl\":\"https:\/\/files.sunoresearch.com.br\/n\/uploads\/2021\/09\/suno-logo.png\",\"width\":180,\"height\":180,\"caption\":\"Suno Not\u00edcias\"},\"image\":{\"@id\":\"https:\/\/www.suno.com.br\/noticias\/#\/schema\/logo\/image\/\"},\"sameAs\":[\"https:\/\/facebook.com\/sunoresearch\",\"https:\/\/x.com\/sunoresearch\",\"https:\/\/www.instagram.com\/suno\",\"https:\/\/www.linkedin.com\/company\/suno-research\/\",\"https:\/\/www.youtube.com\/c\/sunoresearch\"]},{\"@type\":\"Person\",\"@id\":\"https:\/\/www.suno.com.br\/noticias\/#\/schema\/person\/87fc6973867c52dd884811905c43afba\",\"name\":\"Jo\u00e3o Vitor\",\"image\":{\"@type\":\"ImageObject\",\"inLanguage\":\"pt-BR\",\"@id\":\"https:\/\/www.suno.com.br\/noticias\/#\/schema\/person\/image\/\",\"url\":\"https:\/\/secure.gravatar.com\/avatar\/2843227ca03ccf8cc7ccca45204c127e?s=96&r=g\",\"contentUrl\":\"https:\/\/secure.gravatar.com\/avatar\/2843227ca03ccf8cc7ccca45204c127e?s=96&r=g\",\"caption\":\"Jo\u00e3o Vitor\"},\"description\":\"Redator profissional, com atua\u00e7\u00e3o no mercado editorial na produ\u00e7\u00e3o de not\u00edcias e conte\u00fados sobre o mercado de a\u00e7\u00f5es, fundos imobili\u00e1rios e economia popular. Graduando em Engenharia Qu\u00edmica pela Unesp, tamb\u00e9m j\u00e1 atuou como consultor financeiro.\",\"url\":\"https:\/\/www.suno.com.br\/noticias\/author\/joao-vitor-jacintho\/\"}]}<\/script>\n<!-- \/ Yoast SEO plugin. -->","yoast_head_json":{"title":"Bancos Centrais alertam para amea\u00e7as de recess\u00e3o; Entenda os motivos","description":"Os Bancos Centrais est\u00e3o alertando para amea\u00e7as de recess\u00e3o. Entenda os motivos que levaram a esses alertas de recess\u00e3o.","robots":{"index":"index","follow":"follow","max-snippet":"max-snippet:-1","max-image-preview":"max-image-preview:large","max-video-preview":"max-video-preview:-1"},"canonical":"https:\/\/www.suno.com.br\/noticias\/bancos-centrais-ameacas-recessao\/","og_locale":"pt_BR","og_type":"article","og_title":"Bancos Centrais alertam para amea\u00e7as de recess\u00e3o; Entenda os motivos","og_description":"Os Bancos Centrais est\u00e3o alertando para amea\u00e7as de recess\u00e3o. Entenda os motivos que levaram a esses alertas de recess\u00e3o.","og_url":"https:\/\/www.suno.com.br\/noticias\/bancos-centrais-ameacas-recessao\/","og_site_name":"Suno Not\u00edcias","article_publisher":"https:\/\/facebook.com\/sunoresearch","og_image":[{"width":1920,"height":1080,"url":"https:\/\/files.sunoresearch.com.br\/n\/uploads\/2022\/09\/Recessao-economica-Pixabay.jpg","type":"image\/jpeg"}],"author":"Jo\u00e3o Vitor","twitter_card":"summary_large_image","twitter_creator":"@sunoresearch","twitter_site":"@sunoresearch","twitter_misc":{"Escrito por":"Jo\u00e3o Vitor","Est. tempo de leitura":"4 minutos"},"schema":{"@context":"https:\/\/schema.org","@graph":[{"@type":"NewsArticle","@id":"https:\/\/www.suno.com.br\/noticias\/bancos-centrais-ameacas-recessao\/#article","isPartOf":{"@id":"https:\/\/www.suno.com.br\/noticias\/bancos-centrais-ameacas-recessao\/"},"author":{"name":"Jo\u00e3o Vitor","@id":"https:\/\/www.suno.com.br\/noticias\/#\/schema\/person\/87fc6973867c52dd884811905c43afba"},"headline":"Bancos Centrais alertam para amea\u00e7as de recess\u00e3o; Entenda os motivos","datePublished":"2022-12-11T17:22:38+00:00","mainEntityOfPage":{"@id":"https:\/\/www.suno.com.br\/noticias\/bancos-centrais-ameacas-recessao\/"},"wordCount":723,"publisher":{"@id":"https:\/\/www.suno.com.br\/noticias\/#organization"},"image":{"@id":"https:\/\/www.suno.com.br\/noticias\/bancos-centrais-ameacas-recessao\/#primaryimage"},"thumbnailUrl":"https:\/\/files.sunoresearch.com.br\/n\/uploads\/2022\/09\/Recessao-economica-Pixabay.jpg","keywords":["recess\u00e3o"],"articleSection":["Neg\u00f3cios"],"inLanguage":"pt-BR"},{"@type":"WebPage","@id":"https:\/\/www.suno.com.br\/noticias\/bancos-centrais-ameacas-recessao\/","url":"https:\/\/www.suno.com.br\/noticias\/bancos-centrais-ameacas-recessao\/","name":"Bancos Centrais alertam para amea\u00e7as de recess\u00e3o; Entenda os motivos","isPartOf":{"@id":"https:\/\/www.suno.com.br\/noticias\/#website"},"primaryImageOfPage":{"@id":"https:\/\/www.suno.com.br\/noticias\/bancos-centrais-ameacas-recessao\/#primaryimage"},"image":{"@id":"https:\/\/www.suno.com.br\/noticias\/bancos-centrais-ameacas-recessao\/#primaryimage"},"thumbnailUrl":"https:\/\/files.sunoresearch.com.br\/n\/uploads\/2022\/09\/Recessao-economica-Pixabay.jpg","datePublished":"2022-12-11T17:22:38+00:00","description":"Os Bancos Centrais est\u00e3o alertando para amea\u00e7as de recess\u00e3o. Entenda os motivos que levaram a esses alertas de recess\u00e3o.","breadcrumb":{"@id":"https:\/\/www.suno.com.br\/noticias\/bancos-centrais-ameacas-recessao\/#breadcrumb"},"inLanguage":"pt-BR","potentialAction":[{"@type":"ReadAction","target":["https:\/\/www.suno.com.br\/noticias\/bancos-centrais-ameacas-recessao\/"]}]},{"@type":"ImageObject","inLanguage":"pt-BR","@id":"https:\/\/www.suno.com.br\/noticias\/bancos-centrais-ameacas-recessao\/#primaryimage","url":"https:\/\/files.sunoresearch.com.br\/n\/uploads\/2022\/09\/Recessao-economica-Pixabay.jpg","contentUrl":"https:\/\/files.sunoresearch.com.br\/n\/uploads\/2022\/09\/Recessao-economica-Pixabay.jpg","width":1920,"height":1080,"caption":"Bancos. Foto: Pixabay"},{"@type":"BreadcrumbList","@id":"https:\/\/www.suno.com.br\/noticias\/bancos-centrais-ameacas-recessao\/#breadcrumb","itemListElement":[{"@type":"ListItem","position":1,"name":"Not\u00edcias","item":"https:\/\/www.suno.com.br\/noticias\/"},{"@type":"ListItem","position":2,"name":"Neg\u00f3cios","item":"https:\/\/www.suno.com.br\/noticias\/negocios\/"},{"@type":"ListItem","position":3,"name":"Bancos Centrais alertam para amea\u00e7as de recess\u00e3o; Entenda os motivos"}]},{"@type":"WebSite","@id":"https:\/\/www.suno.com.br\/noticias\/#website","url":"https:\/\/www.suno.com.br\/noticias\/","name":"Suno Not\u00edcias","description":"Seu portal de informa\u00e7\u00e3o sobre o mundo dos investimentos","publisher":{"@id":"https:\/\/www.suno.com.br\/noticias\/#organization"},"potentialAction":[{"@type":"SearchAction","target":{"@type":"EntryPoint","urlTemplate":"https:\/\/www.suno.com.br\/noticias\/?s={search_term_string}"},"query-input":{"@type":"PropertyValueSpecification","valueRequired":true,"valueName":"search_term_string"}}],"inLanguage":"pt-BR"},{"@type":"Organization","@id":"https:\/\/www.suno.com.br\/noticias\/#organization","name":"Suno Not\u00edcias","url":"https:\/\/www.suno.com.br\/noticias\/","logo":{"@type":"ImageObject","inLanguage":"pt-BR","@id":"https:\/\/www.suno.com.br\/noticias\/#\/schema\/logo\/image\/","url":"https:\/\/files.sunoresearch.com.br\/n\/uploads\/2021\/09\/suno-logo.png","contentUrl":"https:\/\/files.sunoresearch.com.br\/n\/uploads\/2021\/09\/suno-logo.png","width":180,"height":180,"caption":"Suno Not\u00edcias"},"image":{"@id":"https:\/\/www.suno.com.br\/noticias\/#\/schema\/logo\/image\/"},"sameAs":["https:\/\/facebook.com\/sunoresearch","https:\/\/x.com\/sunoresearch","https:\/\/www.instagram.com\/suno","https:\/\/www.linkedin.com\/company\/suno-research\/","https:\/\/www.youtube.com\/c\/sunoresearch"]},{"@type":"Person","@id":"https:\/\/www.suno.com.br\/noticias\/#\/schema\/person\/87fc6973867c52dd884811905c43afba","name":"Jo\u00e3o Vitor","image":{"@type":"ImageObject","inLanguage":"pt-BR","@id":"https:\/\/www.suno.com.br\/noticias\/#\/schema\/person\/image\/","url":"https:\/\/secure.gravatar.com\/avatar\/2843227ca03ccf8cc7ccca45204c127e?s=96&r=g","contentUrl":"https:\/\/secure.gravatar.com\/avatar\/2843227ca03ccf8cc7ccca45204c127e?s=96&r=g","caption":"Jo\u00e3o Vitor"},"description":"Redator profissional, com atua\u00e7\u00e3o no mercado editorial na produ\u00e7\u00e3o de not\u00edcias e conte\u00fados sobre o mercado de a\u00e7\u00f5es, fundos imobili\u00e1rios e economia popular. Graduando em Engenharia Qu\u00edmica pela Unesp, tamb\u00e9m j\u00e1 atuou como consultor financeiro.","url":"https:\/\/www.suno.com.br\/noticias\/author\/joao-vitor-jacintho\/"}]}},"default_loop_html":"<div class=\"cardsPage__listCard__boxs\"><div class=\"cardsPage__listCard__boxs__img\"><a href=\"https:\/\/www.suno.com.br\/noticias\/bancos-centrais-ameacas-recessao\/\"><img class=\"mask\" src=\"https:\/\/www.suno.com.br\/noticias\/wp-content\/themes\/suno\/resources\/images\/spotlight\/spotlight1img\/bg-mask.png\" alt=\"Image Mask\"\/><img src=\"https:\/\/files.sunoresearch.com.br\/n\/uploads\/2022\/09\/Recessao-economica-Pixabay-400x200.jpg\" alt=\"Bancos Centrais alertam para amea\u00e7as de recess\u00e3o; Entenda os motivos\"\/><\/a><span class=\"spotlightCategory\"><a href=\"https:\/\/www.suno.com.br\/noticias\/negocios\/\">Neg\u00f3cios<\/a><\/span><\/div><div class=\"cardsPage__listCard__boxs__content\"><a href=\"https:\/\/www.suno.com.br\/noticias\/bancos-centrais-ameacas-recessao\/\"><h2 class=\"content__title\">Bancos Centrais alertam para amea\u00e7as de recess\u00e3o; Entenda os motivos<\/h2><\/a><div class=\"newsContent__article__meta\"><div class=\"newsContent__article__meta__authorBox\"><a href=\"https:\/\/www.suno.com.br\/noticias\/author\/joao-vitor-jacintho\/\" class=\"authorBox__avatar noMobi\"><img src=\"https:\/\/secure.gravatar.com\/avatar\/2843227ca03ccf8cc7ccca45204c127e?s=96&#038;r=g\" alt=\"Jo\u00e3o Vitor Jacintho\"><\/a><div class=\"authorBox__name\"><span>por\n\t\t\t<a href=\"https:\/\/www.suno.com.br\/noticias\/author\/joao-vitor-jacintho\/\"><span itemprop=\"author\">Jo\u00e3o Vitor Jacintho<\/span><\/a><\/span><time datetime=\"2022-12-11T14:22:38-03:00\" itemprop=\"datePublished\">11\/12\/2022 14:22<\/time><\/div><\/div><\/div><\/div><\/div>","single_layout":"posts","amp_enabled":true,"_links":{"self":[{"href":"https:\/\/www.suno.com.br\/noticias\/wp-json\/wp\/v2\/posts\/332654"}],"collection":[{"href":"https:\/\/www.suno.com.br\/noticias\/wp-json\/wp\/v2\/posts"}],"about":[{"href":"https:\/\/www.suno.com.br\/noticias\/wp-json\/wp\/v2\/types\/post"}],"author":[{"embeddable":true,"href":"https:\/\/www.suno.com.br\/noticias\/wp-json\/wp\/v2\/users\/173"}],"replies":[{"embeddable":true,"href":"https:\/\/www.suno.com.br\/noticias\/wp-json\/wp\/v2\/comments?post=332654"}],"version-history":[{"count":3,"href":"https:\/\/www.suno.com.br\/noticias\/wp-json\/wp\/v2\/posts\/332654\/revisions"}],"predecessor-version":[{"id":332687,"href":"https:\/\/www.suno.com.br\/noticias\/wp-json\/wp\/v2\/posts\/332654\/revisions\/332687"}],"wp:featuredmedia":[{"embeddable":true,"href":"https:\/\/www.suno.com.br\/noticias\/wp-json\/wp\/v2\/media\/296397"}],"wp:attachment":[{"href":"https:\/\/www.suno.com.br\/noticias\/wp-json\/wp\/v2\/media?parent=332654"}],"wp:term":[{"taxonomy":"category","embeddable":true,"href":"https:\/\/www.suno.com.br\/noticias\/wp-json\/wp\/v2\/categories?post=332654"},{"taxonomy":"post_tag","embeddable":true,"href":"https:\/\/www.suno.com.br\/noticias\/wp-json\/wp\/v2\/tags?post=332654"},{"taxonomy":"suno_strategy","embeddable":true,"href":"https:\/\/www.suno.com.br\/noticias\/wp-json\/wp\/v2\/suno_strategy?post=332654"}],"curies":[{"name":"wp","href":"https:\/\/api.w.org\/{rel}","templated":true}]}}