{"id":332333,"date":"2022-12-09T21:11:34","date_gmt":"2022-12-10T00:11:34","guid":{"rendered":"https:\/\/www.suno.com.br\/noticias\/?p=332333"},"modified":"2022-12-09T21:11:39","modified_gmt":"2022-12-10T00:11:39","slug":"selic-2023-ipca-bofa","status":"publish","type":"post","link":"https:\/\/www.suno.com.br\/noticias\/selic-2023-ipca-bofa\/","title":{"rendered":"BofA: BC pode cortar Selic at\u00e9 junho de 2023 com &#8220;desacelera\u00e7\u00e3o do IPCA&#8221;"},"content":{"rendered":"<p>Nesta sexta-feira (9), foi divulgado o&nbsp;<a href=\"https:\/\/www.suno.com.br\/guias\/ipca\/\" target=\"_blank\" rel=\"noreferrer noopener\"><strong>IPCA<\/strong>&nbsp;(\u00cdndice Nacional de Pre\u00e7os ao Consumidor Amplo)<\/a>&nbsp;de novembro, que registrou alta de 0,41%.<\/p>\t<div class=\"wrapper-featured-image\">\n\t\t<figure class=\"spotlightImg\">\n\n\t\t\t<picture>\n\t\t\t\t<source media=\"(max-width: 768px)\" srcset=\"https:\/\/files.sunoresearch.com.br\/n\/uploads\/2022\/06\/ativos-400x200.jpg\">\n\t\t\t\t<img loading=\"lazy\" decoding=\"async\" class=\"newsContent__article__imgCapa lazyloadDisabled \" src=\"https:\/\/files.sunoresearch.com.br\/n\/uploads\/2022\/06\/ativos-800x450.jpg\" width=\"800\" height=\"450\" alt=\"BofA: BC pode cortar Selic at\u00e9 junho de 2023 com &#8220;desacelera\u00e7\u00e3o do IPCA&#8221;\" fetchpriority=high \/>\n\t\t\t<\/picture>\n\n\t\t\t<figcaption class=\"wp-caption-text wp-caption-text--show\">IPCA. Foto: Pixabay.<\/figcaption>\n\t\t<\/figure>\n\t<\/div>\n\n\n\n\n\n\t<p>\n\t\t<a href=\"\" target=\"_blank\" data-element=\"shortcode-suno-banner\" title=\"Banner SUNO, clique e saiba mais\">\n\t\t\t<picture>\n\t\t\t\t<source media=\"(max-width: 500px)\" srcset=\"\">\n\t\t\t\t<img class=\"newsContent__article__imgCapa newsContent__article__imgCapa--banner\"\n\t\t\t\t\tsrc=\"\"\n\t\t\t\t\tdata-promo-id=\"240038\"\t\t\t\t\t\t\t\t\t\t\t\t\t\t\talt=\"\"\n\t\t\t\t>\n\t\t\t<\/picture>\n\t\t<\/a>\n\t<\/p>\n\n\n\n\n\n<p>O Bank of America (BofA) afirma que o IPCA surpreendeu abaixo das expectativas de 0,54% do mercado e 0,52% dele. Assim, o banco mant\u00e9m a <strong>proje\u00e7\u00e3o de IPCA<\/strong> para o final de 2022 em 5,80%. <\/p>\n\n\n\n<p>Na avalia\u00e7\u00e3o do BofA, a <strong>infla\u00e7\u00e3o<\/strong> de dezembro deve ficar em patamar semelhante apesar dos cortes nos<strong> pre\u00e7os dos combust\u00edveis<\/strong>.<\/p>\n\n\n\n<p>Esse cen\u00e1rio, na vis\u00e3o do BofA, pode levar a um IPCA abaixo do consenso em 2023, de 4,8% em 2023, ante 5,8% em 2022. A mudan\u00e7a de patamar n\u00e3o deve alterar a din\u00e2mica da infla\u00e7\u00e3o, projeta, mas esse ajuste para baixo permitiria que o <strong>Banco Central<\/strong> (BC) iniciasse um ciclo de flexibiliza\u00e7\u00e3o da<strong> <a class=\"suno-keyword\" data-force=\"no\" data-priority=\"3\" href=\"https:\/\/www.suno.com.br\/artigos\/taxa-selic\/\" target=\"_blank\" rel=\"noopener\">Taxa Selic<\/a><\/strong> em junho de 2023. <\/p>\n\n\n\n<p>O principal risco \u00e0 proje\u00e7\u00e3o \u00e9 a volta dos impostos sobre os combust\u00edveis, ponderam.<\/p>\n\n\n\n<p>Os itens de alimentos em casa, eletrodom\u00e9sticos e itens de higiene pessoal foram as principais surpresas negativas da proje\u00e7\u00e3o do m\u00eas do BofA. <\/p>\n\n\n\n<p>&#8220;Os pre\u00e7os impulsionados pelo mercado ca\u00edram devido aos descontos da Black Friday, impactando itens como perfumes, roupas e cal\u00e7ados e eletrodom\u00e9sticos&#8221;, explicam os analistas.<\/p>\n\n\n\t<p>\n\t\t<a href=\"https:\/\/lp.suno.com.br\/planilha-controle-gastos\/\" target=\"_blank\" data-element=\"shortcode-suno-banner\" title=\"Banner SUNO, clique e saiba mais\">\n\t\t\t<picture>\n\t\t\t\t<source media=\"(max-width: 500px)\" srcset=\"https:\/\/files.sunoresearch.com.br\/n\/uploads\/2023\/03\/400x300-Planilha-controle-de-gastos.png\">\n\t\t\t\t<img class=\"newsContent__article__imgCapa newsContent__article__imgCapa--banner\"\n\t\t\t\t\tsrc=\"https:\/\/files.sunoresearch.com.br\/n\/uploads\/2023\/03\/1420x240-Planilha-controle-de-gastos.png\"\n\t\t\t\t\tdata-promo-id=\"101751\"\t\t\t\t\t\t\t\t\t\twidth='1420' height='240'\t\t\t\t\talt=\"https:\/\/files.sunoresearch.com.br\/n\/uploads\/2023\/03\/1420x240-Planilha-controle-de-gastos.png\"\n\t\t\t\t>\n\t\t\t<\/picture>\n\t\t<\/a>\n\t<\/p>\n\n\n\n\n\n<h2 class=\"wp-block-heading\" id=\"h-ipca-com-alta-dos-combustiveis-indice-sobe-0-41-em-novembro\">IPCA: com alta dos combust\u00edveis, \u00edndice sobe 0,41% em novembro<\/h2>\n\n\n\n<p>\u201cA alta da gasolina est\u00e1 ligada ao aumento do pre\u00e7o do etanol. Isso ocorreu por causa de um per\u00edodo de entressafra da produ\u00e7\u00e3o de cana de a\u00e7\u00facar. A gasolina leva \u00e1lcool anidro em sua composi\u00e7\u00e3o\u201d, afirmou Pedro Kislanov, gerente da pesquisa.<\/p>\n\n\n\n<p>A <a class=\"suno-keyword\" data-force=\"no\" data-priority=\"1\" href=\"https:\/\/www.suno.com.br\/artigos\/inflacao-acumulada\/\" target=\"_blank\" rel=\"noopener\">infla\u00e7\u00e3o acumulada<\/a> no ano chega a 5,13%. Nos \u00faltimos doze meses, o resultado \u00e9 de 5,90%.<\/p>\n\n\n\n<p>Transporte e alimentos foram os setores que mais impactaram o \u00edndice \u2014 juntos, eles foram respons\u00e1veis por cerca de 71% do crescimento do IPCA em novembro.<\/p>\n\n\n\n<p>Dos noves grupos de produtos e servi\u00e7os pesquisados, sete tiveram alta em novembro. S\u00e3o eles:<\/p>\n\n\n\n<ul class=\"wp-block-list\">\n<li>Alimentos e bebidas: + 0,53%;<\/li>\n\n\n\n<li>Habita\u00e7\u00e3o: + 0,51%;<\/li>\n\n\n\n<li>Vestu\u00e1rio: + 1,10%<\/li>\n\n\n\n<li>Transportes: + 0,83%;<\/li>\n\n\n\n<li>Sa\u00fade e cuidados pessoais: + 0,02%;<\/li>\n\n\n\n<li>Despesas pessoais: + 0,21%;<\/li>\n\n\n\n<li>Educa\u00e7\u00e3o: + 0,02%.<\/li>\n<\/ul>\n\n\n\n<p>Comunica\u00e7\u00e3o (- 0,14%) e artigos de resid\u00eancia (- 0,68%) registraram queda.<\/p>\n\n\n\n<p>As maiores varia\u00e7\u00f5es no setor alimentar ocorreram na cebola (+23,02%) e no tomate (+ 15,71%). Segundo Kislanov, no caso da cebola, o aumento ocorreu por causa de uma redu\u00e7\u00e3o da oferta nacional do produto.<\/p>\n\n\n\t<p>\n\t\t<a href=\"https:\/\/lp.suno.com.br\/planilha-de-controle-de-investimentos\/\" target=\"_blank\" data-element=\"shortcode-suno-banner\" title=\"Banner SUNO, clique e saiba mais\">\n\t\t\t<picture>\n\t\t\t\t<source media=\"(max-width: 500px)\" srcset=\"https:\/\/files.sunoresearch.com.br\/n\/uploads\/2023\/03\/400x300-Controle-de-Investimentos.png\">\n\t\t\t\t<img class=\"newsContent__article__imgCapa newsContent__article__imgCapa--banner\"\n\t\t\t\t\tsrc=\"https:\/\/files.sunoresearch.com.br\/n\/uploads\/2023\/03\/1420x240-Controle-de-Investimentos.png\"\n\t\t\t\t\tdata-promo-id=\"75934\"\t\t\t\t\t\t\t\t\t\twidth='1420' height='240'\t\t\t\t\talt=\"https:\/\/files.sunoresearch.com.br\/n\/uploads\/2023\/03\/1420x240-Controle-de-Investimentos.png\"\n\t\t\t\t>\n\t\t\t<\/picture>\n\t\t<\/a>\n\t<\/p>\n\n\n","protected":false},"excerpt":{"rendered":"<p>Nesta sexta-feira (9), foi divulgado o&nbsp;IPCA&nbsp;(\u00cdndice Nacional de Pre\u00e7os ao Consumidor Amplo)&nbsp;de novembro, que registrou alta de 0,41%. IPCA. Foto: Pixabay. O Bank of America (BofA) afirma que o IPCA surpreendeu abaixo das expectativas de 0,54% do mercado e 0,52% dele. Assim, o banco mant\u00e9m a proje\u00e7\u00e3o de IPCA para o final de 2022 em [&hellip;]<\/p>\n","protected":false},"author":195,"featured_media":266869,"comment_status":"closed","ping_status":"closed","sticky":false,"template":"","format":"standard","meta":[],"categories":[64],"tags":[105816,966,1752,290],"suno_strategy":[],"class_list":["post-332333","post","type-post","status-publish","format-standard","has-post-thumbnail","hentry","category-negocios","tag-especialistas","tag-ipca","tag-taxa-de-juros","tag-taxa-selic"],"yoast_head":"<!-- This site is optimized with the Yoast SEO plugin v24.4 - https:\/\/yoast.com\/wordpress\/plugins\/seo\/ -->\n<title>BofA: BC pode cortar Selic at\u00e9 junho de 2023 com &quot;desacelera\u00e7\u00e3o do IPCA&quot;<\/title>\n<meta name=\"description\" content=\"Nesta sexta-feira (9), foi divulgado o\u00a0IPCA\u00a0(\u00cdndice Nacional de Pre\u00e7os ao Consumidor Amplo)\u00a0de novembro, que registrou alta de 0,41%.\" \/>\n<meta name=\"robots\" content=\"index, follow, max-snippet:-1, max-image-preview:large, max-video-preview:-1\" \/>\n<link rel=\"canonical\" href=\"https:\/\/www.suno.com.br\/noticias\/selic-2023-ipca-bofa\/\" \/>\n<meta property=\"og:locale\" content=\"pt_BR\" \/>\n<meta property=\"og:type\" content=\"article\" \/>\n<meta property=\"og:title\" content=\"BofA: BC pode cortar Selic at\u00e9 junho de 2023 com &quot;desacelera\u00e7\u00e3o do IPCA&quot;\" \/>\n<meta property=\"og:description\" content=\"Nesta sexta-feira (9), foi divulgado o\u00a0IPCA\u00a0(\u00cdndice Nacional de Pre\u00e7os ao Consumidor Amplo)\u00a0de novembro, que registrou alta de 0,41%.\" \/>\n<meta property=\"og:url\" content=\"https:\/\/www.suno.com.br\/noticias\/selic-2023-ipca-bofa\/\" \/>\n<meta property=\"og:site_name\" content=\"Suno Not\u00edcias\" \/>\n<meta property=\"article:publisher\" content=\"https:\/\/facebook.com\/sunoresearch\" \/>\n<meta property=\"og:image\" content=\"https:\/\/files.sunoresearch.com.br\/n\/uploads\/2022\/06\/ativos.jpg\" \/>\n\t<meta property=\"og:image:width\" content=\"1280\" \/>\n\t<meta property=\"og:image:height\" content=\"853\" \/>\n\t<meta property=\"og:image:type\" content=\"image\/jpeg\" \/>\n<meta name=\"author\" content=\"Ana Clara Macedo\" \/>\n<meta name=\"twitter:card\" content=\"summary_large_image\" \/>\n<meta name=\"twitter:creator\" content=\"@sunoresearch\" \/>\n<meta name=\"twitter:site\" content=\"@sunoresearch\" \/>\n<meta name=\"twitter:label1\" content=\"Escrito por\" \/>\n\t<meta name=\"twitter:data1\" content=\"Ana Clara Macedo\" \/>\n\t<meta name=\"twitter:label2\" content=\"Est. tempo de leitura\" \/>\n\t<meta name=\"twitter:data2\" content=\"3 minutos\" \/>\n<script type=\"application\/ld+json\" class=\"yoast-schema-graph\">{\"@context\":\"https:\/\/schema.org\",\"@graph\":[{\"@type\":\"NewsArticle\",\"@id\":\"https:\/\/www.suno.com.br\/noticias\/selic-2023-ipca-bofa\/#article\",\"isPartOf\":{\"@id\":\"https:\/\/www.suno.com.br\/noticias\/selic-2023-ipca-bofa\/\"},\"author\":{\"name\":\"Ana Clara Macedo\",\"@id\":\"https:\/\/www.suno.com.br\/noticias\/#\/schema\/person\/a70f3c52ef8c814d62ed63b30bb30176\"},\"headline\":\"BofA: BC pode cortar Selic at\u00e9 junho de 2023 com &#8220;desacelera\u00e7\u00e3o do IPCA&#8221;\",\"datePublished\":\"2022-12-10T00:11:34+00:00\",\"dateModified\":\"2022-12-10T00:11:39+00:00\",\"mainEntityOfPage\":{\"@id\":\"https:\/\/www.suno.com.br\/noticias\/selic-2023-ipca-bofa\/\"},\"wordCount\":404,\"publisher\":{\"@id\":\"https:\/\/www.suno.com.br\/noticias\/#organization\"},\"image\":{\"@id\":\"https:\/\/www.suno.com.br\/noticias\/selic-2023-ipca-bofa\/#primaryimage\"},\"thumbnailUrl\":\"https:\/\/files.sunoresearch.com.br\/n\/uploads\/2022\/06\/ativos.jpg\",\"keywords\":[\"Especialistas\",\"IPCA\",\"taxa de juros\",\"Taxa Selic\"],\"articleSection\":[\"Neg\u00f3cios\"],\"inLanguage\":\"pt-BR\"},{\"@type\":\"WebPage\",\"@id\":\"https:\/\/www.suno.com.br\/noticias\/selic-2023-ipca-bofa\/\",\"url\":\"https:\/\/www.suno.com.br\/noticias\/selic-2023-ipca-bofa\/\",\"name\":\"BofA: BC pode cortar Selic at\u00e9 junho de 2023 com \\\"desacelera\u00e7\u00e3o do IPCA\\\"\",\"isPartOf\":{\"@id\":\"https:\/\/www.suno.com.br\/noticias\/#website\"},\"primaryImageOfPage\":{\"@id\":\"https:\/\/www.suno.com.br\/noticias\/selic-2023-ipca-bofa\/#primaryimage\"},\"image\":{\"@id\":\"https:\/\/www.suno.com.br\/noticias\/selic-2023-ipca-bofa\/#primaryimage\"},\"thumbnailUrl\":\"https:\/\/files.sunoresearch.com.br\/n\/uploads\/2022\/06\/ativos.jpg\",\"datePublished\":\"2022-12-10T00:11:34+00:00\",\"dateModified\":\"2022-12-10T00:11:39+00:00\",\"description\":\"Nesta sexta-feira (9), foi divulgado o\u00a0IPCA\u00a0(\u00cdndice Nacional de Pre\u00e7os ao Consumidor Amplo)\u00a0de novembro, que registrou alta de 0,41%.\",\"breadcrumb\":{\"@id\":\"https:\/\/www.suno.com.br\/noticias\/selic-2023-ipca-bofa\/#breadcrumb\"},\"inLanguage\":\"pt-BR\",\"potentialAction\":[{\"@type\":\"ReadAction\",\"target\":[\"https:\/\/www.suno.com.br\/noticias\/selic-2023-ipca-bofa\/\"]}]},{\"@type\":\"ImageObject\",\"inLanguage\":\"pt-BR\",\"@id\":\"https:\/\/www.suno.com.br\/noticias\/selic-2023-ipca-bofa\/#primaryimage\",\"url\":\"https:\/\/files.sunoresearch.com.br\/n\/uploads\/2022\/06\/ativos.jpg\",\"contentUrl\":\"https:\/\/files.sunoresearch.com.br\/n\/uploads\/2022\/06\/ativos.jpg\",\"width\":1280,\"height\":853,\"caption\":\"IPCA. Foto: Pixabay.\"},{\"@type\":\"BreadcrumbList\",\"@id\":\"https:\/\/www.suno.com.br\/noticias\/selic-2023-ipca-bofa\/#breadcrumb\",\"itemListElement\":[{\"@type\":\"ListItem\",\"position\":1,\"name\":\"Not\u00edcias\",\"item\":\"https:\/\/www.suno.com.br\/noticias\/\"},{\"@type\":\"ListItem\",\"position\":2,\"name\":\"Neg\u00f3cios\",\"item\":\"https:\/\/www.suno.com.br\/noticias\/negocios\/\"},{\"@type\":\"ListItem\",\"position\":3,\"name\":\"BofA: BC pode cortar Selic at\u00e9 junho de 2023 com &#8220;desacelera\u00e7\u00e3o do IPCA&#8221;\"}]},{\"@type\":\"WebSite\",\"@id\":\"https:\/\/www.suno.com.br\/noticias\/#website\",\"url\":\"https:\/\/www.suno.com.br\/noticias\/\",\"name\":\"Suno Not\u00edcias\",\"description\":\"Seu portal de informa\u00e7\u00e3o sobre o mundo dos investimentos\",\"publisher\":{\"@id\":\"https:\/\/www.suno.com.br\/noticias\/#organization\"},\"potentialAction\":[{\"@type\":\"SearchAction\",\"target\":{\"@type\":\"EntryPoint\",\"urlTemplate\":\"https:\/\/www.suno.com.br\/noticias\/?s={search_term_string}\"},\"query-input\":{\"@type\":\"PropertyValueSpecification\",\"valueRequired\":true,\"valueName\":\"search_term_string\"}}],\"inLanguage\":\"pt-BR\"},{\"@type\":\"Organization\",\"@id\":\"https:\/\/www.suno.com.br\/noticias\/#organization\",\"name\":\"Suno Not\u00edcias\",\"url\":\"https:\/\/www.suno.com.br\/noticias\/\",\"logo\":{\"@type\":\"ImageObject\",\"inLanguage\":\"pt-BR\",\"@id\":\"https:\/\/www.suno.com.br\/noticias\/#\/schema\/logo\/image\/\",\"url\":\"https:\/\/files.sunoresearch.com.br\/n\/uploads\/2021\/09\/suno-logo.png\",\"contentUrl\":\"https:\/\/files.sunoresearch.com.br\/n\/uploads\/2021\/09\/suno-logo.png\",\"width\":180,\"height\":180,\"caption\":\"Suno Not\u00edcias\"},\"image\":{\"@id\":\"https:\/\/www.suno.com.br\/noticias\/#\/schema\/logo\/image\/\"},\"sameAs\":[\"https:\/\/facebook.com\/sunoresearch\",\"https:\/\/x.com\/sunoresearch\",\"https:\/\/www.instagram.com\/suno\",\"https:\/\/www.linkedin.com\/company\/suno-research\/\",\"https:\/\/www.youtube.com\/c\/sunoresearch\"]},{\"@type\":\"Person\",\"@id\":\"https:\/\/www.suno.com.br\/noticias\/#\/schema\/person\/a70f3c52ef8c814d62ed63b30bb30176\",\"name\":\"Ana Clara Macedo\",\"image\":{\"@type\":\"ImageObject\",\"inLanguage\":\"pt-BR\",\"@id\":\"https:\/\/www.suno.com.br\/noticias\/#\/schema\/person\/image\/\",\"url\":\"https:\/\/secure.gravatar.com\/avatar\/40810da86786bd5619f8cd594b0f44ef?s=96&r=g\",\"contentUrl\":\"https:\/\/secure.gravatar.com\/avatar\/40810da86786bd5619f8cd594b0f44ef?s=96&r=g\",\"caption\":\"Ana Clara Macedo\"},\"description\":\"Rep\u00f3rter no Suno Not\u00edcias, cobrindo acontecimentos sobre neg\u00f3cios, mercado financeiro e economia. Anteriormente trabalhou como Rep\u00f3rter no Mercado News e produziu relat\u00f3rios e artigos sobre empresas de capital aberto.\",\"url\":\"https:\/\/www.suno.com.br\/noticias\/author\/ana-clara-macedo\/\"}]}<\/script>\n<!-- \/ Yoast SEO plugin. -->","yoast_head_json":{"title":"BofA: BC pode cortar Selic at\u00e9 junho de 2023 com \"desacelera\u00e7\u00e3o do IPCA\"","description":"Nesta sexta-feira (9), foi divulgado o\u00a0IPCA\u00a0(\u00cdndice Nacional de Pre\u00e7os ao Consumidor Amplo)\u00a0de novembro, que registrou alta de 0,41%.","robots":{"index":"index","follow":"follow","max-snippet":"max-snippet:-1","max-image-preview":"max-image-preview:large","max-video-preview":"max-video-preview:-1"},"canonical":"https:\/\/www.suno.com.br\/noticias\/selic-2023-ipca-bofa\/","og_locale":"pt_BR","og_type":"article","og_title":"BofA: BC pode cortar Selic at\u00e9 junho de 2023 com \"desacelera\u00e7\u00e3o do IPCA\"","og_description":"Nesta sexta-feira (9), foi divulgado o\u00a0IPCA\u00a0(\u00cdndice Nacional de Pre\u00e7os ao Consumidor Amplo)\u00a0de novembro, que registrou alta de 0,41%.","og_url":"https:\/\/www.suno.com.br\/noticias\/selic-2023-ipca-bofa\/","og_site_name":"Suno Not\u00edcias","article_publisher":"https:\/\/facebook.com\/sunoresearch","og_image":[{"width":1280,"height":853,"url":"https:\/\/files.sunoresearch.com.br\/n\/uploads\/2022\/06\/ativos.jpg","type":"image\/jpeg"}],"author":"Ana Clara Macedo","twitter_card":"summary_large_image","twitter_creator":"@sunoresearch","twitter_site":"@sunoresearch","twitter_misc":{"Escrito por":"Ana Clara Macedo","Est. tempo de leitura":"3 minutos"},"schema":{"@context":"https:\/\/schema.org","@graph":[{"@type":"NewsArticle","@id":"https:\/\/www.suno.com.br\/noticias\/selic-2023-ipca-bofa\/#article","isPartOf":{"@id":"https:\/\/www.suno.com.br\/noticias\/selic-2023-ipca-bofa\/"},"author":{"name":"Ana Clara Macedo","@id":"https:\/\/www.suno.com.br\/noticias\/#\/schema\/person\/a70f3c52ef8c814d62ed63b30bb30176"},"headline":"BofA: BC pode cortar Selic at\u00e9 junho de 2023 com &#8220;desacelera\u00e7\u00e3o do IPCA&#8221;","datePublished":"2022-12-10T00:11:34+00:00","dateModified":"2022-12-10T00:11:39+00:00","mainEntityOfPage":{"@id":"https:\/\/www.suno.com.br\/noticias\/selic-2023-ipca-bofa\/"},"wordCount":404,"publisher":{"@id":"https:\/\/www.suno.com.br\/noticias\/#organization"},"image":{"@id":"https:\/\/www.suno.com.br\/noticias\/selic-2023-ipca-bofa\/#primaryimage"},"thumbnailUrl":"https:\/\/files.sunoresearch.com.br\/n\/uploads\/2022\/06\/ativos.jpg","keywords":["Especialistas","IPCA","taxa de juros","Taxa Selic"],"articleSection":["Neg\u00f3cios"],"inLanguage":"pt-BR"},{"@type":"WebPage","@id":"https:\/\/www.suno.com.br\/noticias\/selic-2023-ipca-bofa\/","url":"https:\/\/www.suno.com.br\/noticias\/selic-2023-ipca-bofa\/","name":"BofA: BC pode cortar Selic at\u00e9 junho de 2023 com \"desacelera\u00e7\u00e3o do IPCA\"","isPartOf":{"@id":"https:\/\/www.suno.com.br\/noticias\/#website"},"primaryImageOfPage":{"@id":"https:\/\/www.suno.com.br\/noticias\/selic-2023-ipca-bofa\/#primaryimage"},"image":{"@id":"https:\/\/www.suno.com.br\/noticias\/selic-2023-ipca-bofa\/#primaryimage"},"thumbnailUrl":"https:\/\/files.sunoresearch.com.br\/n\/uploads\/2022\/06\/ativos.jpg","datePublished":"2022-12-10T00:11:34+00:00","dateModified":"2022-12-10T00:11:39+00:00","description":"Nesta sexta-feira (9), foi divulgado o\u00a0IPCA\u00a0(\u00cdndice Nacional de Pre\u00e7os ao Consumidor Amplo)\u00a0de novembro, que registrou alta de 0,41%.","breadcrumb":{"@id":"https:\/\/www.suno.com.br\/noticias\/selic-2023-ipca-bofa\/#breadcrumb"},"inLanguage":"pt-BR","potentialAction":[{"@type":"ReadAction","target":["https:\/\/www.suno.com.br\/noticias\/selic-2023-ipca-bofa\/"]}]},{"@type":"ImageObject","inLanguage":"pt-BR","@id":"https:\/\/www.suno.com.br\/noticias\/selic-2023-ipca-bofa\/#primaryimage","url":"https:\/\/files.sunoresearch.com.br\/n\/uploads\/2022\/06\/ativos.jpg","contentUrl":"https:\/\/files.sunoresearch.com.br\/n\/uploads\/2022\/06\/ativos.jpg","width":1280,"height":853,"caption":"IPCA. Foto: Pixabay."},{"@type":"BreadcrumbList","@id":"https:\/\/www.suno.com.br\/noticias\/selic-2023-ipca-bofa\/#breadcrumb","itemListElement":[{"@type":"ListItem","position":1,"name":"Not\u00edcias","item":"https:\/\/www.suno.com.br\/noticias\/"},{"@type":"ListItem","position":2,"name":"Neg\u00f3cios","item":"https:\/\/www.suno.com.br\/noticias\/negocios\/"},{"@type":"ListItem","position":3,"name":"BofA: BC pode cortar Selic at\u00e9 junho de 2023 com &#8220;desacelera\u00e7\u00e3o do IPCA&#8221;"}]},{"@type":"WebSite","@id":"https:\/\/www.suno.com.br\/noticias\/#website","url":"https:\/\/www.suno.com.br\/noticias\/","name":"Suno Not\u00edcias","description":"Seu portal de informa\u00e7\u00e3o sobre o mundo dos investimentos","publisher":{"@id":"https:\/\/www.suno.com.br\/noticias\/#organization"},"potentialAction":[{"@type":"SearchAction","target":{"@type":"EntryPoint","urlTemplate":"https:\/\/www.suno.com.br\/noticias\/?s={search_term_string}"},"query-input":{"@type":"PropertyValueSpecification","valueRequired":true,"valueName":"search_term_string"}}],"inLanguage":"pt-BR"},{"@type":"Organization","@id":"https:\/\/www.suno.com.br\/noticias\/#organization","name":"Suno Not\u00edcias","url":"https:\/\/www.suno.com.br\/noticias\/","logo":{"@type":"ImageObject","inLanguage":"pt-BR","@id":"https:\/\/www.suno.com.br\/noticias\/#\/schema\/logo\/image\/","url":"https:\/\/files.sunoresearch.com.br\/n\/uploads\/2021\/09\/suno-logo.png","contentUrl":"https:\/\/files.sunoresearch.com.br\/n\/uploads\/2021\/09\/suno-logo.png","width":180,"height":180,"caption":"Suno Not\u00edcias"},"image":{"@id":"https:\/\/www.suno.com.br\/noticias\/#\/schema\/logo\/image\/"},"sameAs":["https:\/\/facebook.com\/sunoresearch","https:\/\/x.com\/sunoresearch","https:\/\/www.instagram.com\/suno","https:\/\/www.linkedin.com\/company\/suno-research\/","https:\/\/www.youtube.com\/c\/sunoresearch"]},{"@type":"Person","@id":"https:\/\/www.suno.com.br\/noticias\/#\/schema\/person\/a70f3c52ef8c814d62ed63b30bb30176","name":"Ana Clara Macedo","image":{"@type":"ImageObject","inLanguage":"pt-BR","@id":"https:\/\/www.suno.com.br\/noticias\/#\/schema\/person\/image\/","url":"https:\/\/secure.gravatar.com\/avatar\/40810da86786bd5619f8cd594b0f44ef?s=96&r=g","contentUrl":"https:\/\/secure.gravatar.com\/avatar\/40810da86786bd5619f8cd594b0f44ef?s=96&r=g","caption":"Ana Clara Macedo"},"description":"Rep\u00f3rter no Suno Not\u00edcias, cobrindo acontecimentos sobre neg\u00f3cios, mercado financeiro e economia. Anteriormente trabalhou como Rep\u00f3rter no Mercado News e produziu relat\u00f3rios e artigos sobre empresas de capital aberto.","url":"https:\/\/www.suno.com.br\/noticias\/author\/ana-clara-macedo\/"}]}},"default_loop_html":"<div class=\"cardsPage__listCard__boxs\"><div class=\"cardsPage__listCard__boxs__img\"><a href=\"https:\/\/www.suno.com.br\/noticias\/selic-2023-ipca-bofa\/\"><img class=\"mask\" src=\"https:\/\/www.suno.com.br\/noticias\/wp-content\/themes\/suno\/resources\/images\/spotlight\/spotlight1img\/bg-mask.png\" alt=\"Image Mask\"\/><img src=\"https:\/\/files.sunoresearch.com.br\/n\/uploads\/2022\/06\/ativos-400x200.jpg\" alt=\"BofA: BC pode cortar Selic at\u00e9 junho de 2023 com &#8220;desacelera\u00e7\u00e3o do IPCA&#8221;\"\/><\/a><span class=\"spotlightCategory\"><a href=\"https:\/\/www.suno.com.br\/noticias\/negocios\/\">Neg\u00f3cios<\/a><\/span><\/div><div class=\"cardsPage__listCard__boxs__content\"><a href=\"https:\/\/www.suno.com.br\/noticias\/selic-2023-ipca-bofa\/\"><h2 class=\"content__title\">BofA: BC pode cortar Selic at\u00e9 junho de 2023 com &#8220;desacelera\u00e7\u00e3o do IPCA&#8221;<\/h2><\/a><div class=\"newsContent__article__meta\"><div class=\"newsContent__article__meta__authorBox\"><a href=\"https:\/\/www.suno.com.br\/noticias\/author\/ana-clara-macedo\/\" class=\"authorBox__avatar noMobi\"><img src=\"https:\/\/secure.gravatar.com\/avatar\/40810da86786bd5619f8cd594b0f44ef?s=96&#038;r=g\" alt=\"Ana Clara Macedo\"><\/a><div class=\"authorBox__name\"><span>por\n\t\t\t<a href=\"https:\/\/www.suno.com.br\/noticias\/author\/ana-clara-macedo\/\"><span itemprop=\"author\">Ana Clara Macedo<\/span><\/a><\/span><time datetime=\"2022-12-09T21:11:34-03:00\" itemprop=\"datePublished\">09\/12\/2022 21:11<\/time><\/div><\/div><\/div><\/div><\/div>","single_layout":"posts","amp_enabled":true,"_links":{"self":[{"href":"https:\/\/www.suno.com.br\/noticias\/wp-json\/wp\/v2\/posts\/332333"}],"collection":[{"href":"https:\/\/www.suno.com.br\/noticias\/wp-json\/wp\/v2\/posts"}],"about":[{"href":"https:\/\/www.suno.com.br\/noticias\/wp-json\/wp\/v2\/types\/post"}],"author":[{"embeddable":true,"href":"https:\/\/www.suno.com.br\/noticias\/wp-json\/wp\/v2\/users\/195"}],"replies":[{"embeddable":true,"href":"https:\/\/www.suno.com.br\/noticias\/wp-json\/wp\/v2\/comments?post=332333"}],"version-history":[{"count":2,"href":"https:\/\/www.suno.com.br\/noticias\/wp-json\/wp\/v2\/posts\/332333\/revisions"}],"predecessor-version":[{"id":332494,"href":"https:\/\/www.suno.com.br\/noticias\/wp-json\/wp\/v2\/posts\/332333\/revisions\/332494"}],"wp:featuredmedia":[{"embeddable":true,"href":"https:\/\/www.suno.com.br\/noticias\/wp-json\/wp\/v2\/media\/266869"}],"wp:attachment":[{"href":"https:\/\/www.suno.com.br\/noticias\/wp-json\/wp\/v2\/media?parent=332333"}],"wp:term":[{"taxonomy":"category","embeddable":true,"href":"https:\/\/www.suno.com.br\/noticias\/wp-json\/wp\/v2\/categories?post=332333"},{"taxonomy":"post_tag","embeddable":true,"href":"https:\/\/www.suno.com.br\/noticias\/wp-json\/wp\/v2\/tags?post=332333"},{"taxonomy":"suno_strategy","embeddable":true,"href":"https:\/\/www.suno.com.br\/noticias\/wp-json\/wp\/v2\/suno_strategy?post=332333"}],"curies":[{"name":"wp","href":"https:\/\/api.w.org\/{rel}","templated":true}]}}