{"id":332243,"date":"2022-12-09T19:02:06","date_gmt":"2022-12-09T22:02:06","guid":{"rendered":"https:\/\/www.suno.com.br\/noticias\/?p=332243"},"modified":"2022-12-09T19:02:09","modified_gmt":"2022-12-09T22:02:09","slug":"stf-julgamento-bancos-bomba-fiscal-pis-cofins","status":"publish","type":"post","link":"https:\/\/www.suno.com.br\/noticias\/stf-julgamento-bancos-bomba-fiscal-pis-cofins\/","title":{"rendered":"STF come\u00e7a julgamento de bomba fiscal de R$ 115 bi sobre cobran\u00e7a de PIS e Cofins aos bancos"},"content":{"rendered":"<p>Uma bomba fiscal de R$ 115 bilh\u00f5es come\u00e7ou a ser julgada pelo Supremo Tribunal Federal (<strong>STF)<\/strong> nesta sexta (9): a cobran\u00e7a de PIS e Cofins das <a class=\"suno-keyword\" target=\"_blank\" data-force=\"no\" data-priority=\"1\" href=\"https:\/\/www.suno.com.br\/artigos\/instituicoes-financeiras\/\" rel=\"noopener\">institui\u00e7\u00f5es financeiras<\/a>. O ministro Ricardo Lewandowski, relator do caso, iniciou a an\u00e1lise do tema com um posicionamento favor\u00e1vel aos bancos.<\/p>\t<div class=\"wrapper-featured-image\">\n\t\t<figure class=\"spotlightImg\">\n\n\t\t\t<picture>\n\t\t\t\t<source media=\"(max-width: 768px)\" srcset=\"https:\/\/files.sunoresearch.com.br\/n\/uploads\/2022\/12\/stf-ricado-lewandowski-ministro-caso-bancos-foto-nelson-jr-sco-400x200.jpg\">\n\t\t\t\t<img loading=\"lazy\" decoding=\"async\" class=\"newsContent__article__imgCapa lazyloadDisabled \" src=\"https:\/\/files.sunoresearch.com.br\/n\/uploads\/2022\/12\/stf-ricado-lewandowski-ministro-caso-bancos-foto-nelson-jr-sco-800x450.jpg\" width=\"800\" height=\"450\" alt=\"STF come\u00e7a julgamento de bomba fiscal de R$ 115 bi sobre cobran\u00e7a de PIS e Cofins aos bancos\" fetchpriority=high \/>\n\t\t\t<\/picture>\n\n\t\t\t<figcaption class=\"wp-caption-text wp-caption-text--show\">Ministro Ricardo Lewandowski - Foto: Nelson Jr.\/SCO\/STF<\/figcaption>\n\t\t<\/figure>\n\t<\/div>\n\n\n\n\n\n\t<p>\n\t\t<a href=\"\" target=\"_blank\" data-element=\"shortcode-suno-banner\" title=\"Banner SUNO, clique e saiba mais\">\n\t\t\t<picture>\n\t\t\t\t<source media=\"(max-width: 500px)\" srcset=\"\">\n\t\t\t\t<img class=\"newsContent__article__imgCapa newsContent__article__imgCapa--banner\"\n\t\t\t\t\tsrc=\"\"\n\t\t\t\t\tdata-promo-id=\"138420\"\t\t\t\t\t\t\t\t\t\t\t\t\t\t\talt=\"\"\n\t\t\t\t>\n\t\t\t<\/picture>\n\t\t<\/a>\n\t<\/p>\n\n\n\n\n\n<p>Segundo Lewandowski, os bancos t\u00eam direito a recolher contribui\u00e7\u00f5es sobre uma base menor do que a pretendida pela Uni\u00e3o neste caso.<\/p>\n\n\n\n<p>Em 2005, a Corte declarou como inconstitucional um trecho da Lei n\u00ba 9.718\/1998, que entendia como faturamento toda a <a class=\"suno-keyword\" target=\"_blank\" data-force=\"no\" data-priority=\"1\" href=\"https:\/\/www.suno.com.br\/artigos\/o-que-receita-bruta\/\" rel=\"noopener\">receita bruta<\/a> auferida pelas empresas.<\/p>\n\n\n\n<p>Assim, apenas as receitas geradas pela presta\u00e7\u00e3o de servi\u00e7o ou de venda de mercadoria, conforme cada neg\u00f3cio, entram no c\u00e1lculo do <strong>PIS e da Cofins<\/strong>. Por\u00e9m, a Receita Federal argumenta que esse conceito n\u00e3o se aplica aos bancos e cobra os tributos sobre as receitas financeiras.<\/p>\n\n\n\n<p>Em 2014, gra\u00e7as a Lei n\u00ba 12.973, come\u00e7ou a prever a tributa\u00e7\u00e3o destes dois impostos sobre todas as receitas das atividades empresariais. Segundo advogados especializados nesta tem\u00e1tica, os bancos tamb\u00e9m come\u00e7aram a recolher tributos sobre as receitas financeiras naquele ano.<\/p>\n\n\n\n<p>De acordo com informa\u00e7\u00f5es publicadas pelo Valor Econ\u00f4mico, o julgamento ocorre no plen\u00e1rio virtual e tem previs\u00e3o para terminar no dia 16 de dezembro, mas existe a possibilidade de que algum ministro fa\u00e7a um pedido de vista ou que o caso v\u00e1 para o plen\u00e1rio f\u00edsico.<\/p>\n\n\n\t<p>\n\t\t<a href=\"https:\/\/lp.suno.com.br\/planilha-controle-gastos\/\" target=\"_blank\" data-element=\"shortcode-suno-banner\" title=\"Banner SUNO, clique e saiba mais\">\n\t\t\t<picture>\n\t\t\t\t<source media=\"(max-width: 500px)\" srcset=\"https:\/\/files.sunoresearch.com.br\/n\/uploads\/2023\/03\/400x300-Planilha-controle-de-gastos.png\">\n\t\t\t\t<img class=\"newsContent__article__imgCapa newsContent__article__imgCapa--banner\"\n\t\t\t\t\tsrc=\"https:\/\/files.sunoresearch.com.br\/n\/uploads\/2023\/03\/1420x240-Planilha-controle-de-gastos.png\"\n\t\t\t\t\tdata-promo-id=\"101751\"\t\t\t\t\t\t\t\t\t\twidth='1420' height='240'\t\t\t\t\talt=\"https:\/\/files.sunoresearch.com.br\/n\/uploads\/2023\/03\/1420x240-Planilha-controle-de-gastos.png\"\n\t\t\t\t>\n\t\t\t<\/picture>\n\t\t<\/a>\n\t<\/p>\n\n\n\n\n\n<h2 class=\"wp-block-heading\" id=\"h-bancos-x-uniao-no-stf\">Bancos X Uni\u00e3o no STF<\/h2>\n\n\n\n<p>No voto, Lewandowski argumentou que a decis\u00e3o sobre esse tema deve ser tomada com base em an\u00e1lises anteriores da corte.<\/p>\n\n\n\n<p>Assim, o ministro prop\u00f4s que &#8220;o conceito de faturamento como base de c\u00e1lculo para a cobran\u00e7a do PIS e da Cofins, em face das institui\u00e7\u00f5es financeiras, \u00e9 a receita proveniente da <strong>atividade banc\u00e1ria<\/strong>, financeira e de cr\u00e9dito com venda de produtos, de servi\u00e7os ou de produtos e servi\u00e7os, at\u00e9 o advento da Emenda Constitucional 20\/1998&#8243;.<\/p>\n\n\n\n<p>O caso segue em an\u00e1lise no <strong>STF<\/strong>.<\/p>\n\n\n\t<p>\n\t\t<a href=\"https:\/\/lp.suno.com.br\/planilha-da-vida-financeira\/\" target=\"_blank\" data-element=\"shortcode-suno-banner\" title=\"Banner SUNO, clique e saiba mais\">\n\t\t\t<picture>\n\t\t\t\t<source media=\"(max-width: 500px)\" srcset=\"https:\/\/files.sunoresearch.com.br\/n\/uploads\/2023\/04\/400x300-Planilha-vida-financeira-true.png\">\n\t\t\t\t<img class=\"newsContent__article__imgCapa newsContent__article__imgCapa--banner\"\n\t\t\t\t\tsrc=\"https:\/\/files.sunoresearch.com.br\/n\/uploads\/2023\/04\/1420x240-Planilha-vida-financeira-true.png\"\n\t\t\t\t\tdata-promo-id=\"106682\"\t\t\t\t\t\t\t\t\t\twidth='1420' height='240'\t\t\t\t\talt=\"https:\/\/files.sunoresearch.com.br\/n\/uploads\/2023\/04\/1420x240-Planilha-vida-financeira-true.png\"\n\t\t\t\t>\n\t\t\t<\/picture>\n\t\t<\/a>\n\t<\/p>\n\n\n","protected":false},"excerpt":{"rendered":"<p>Uma bomba fiscal de R$ 115 bilh\u00f5es come\u00e7ou a ser julgada pelo Supremo Tribunal Federal (STF) nesta sexta (9): a cobran\u00e7a de PIS e Cofins das institui\u00e7\u00f5es financeiras. O ministro Ricardo Lewandowski, relator do caso, iniciou a an\u00e1lise do tema com um posicionamento favor\u00e1vel aos bancos. Ministro Ricardo Lewandowski &#8211; Foto: Nelson Jr.\/SCO\/STF Segundo Lewandowski, [&hellip;]<\/p>\n","protected":false},"author":232,"featured_media":332298,"comment_status":"closed","ping_status":"closed","sticky":false,"template":"","format":"standard","meta":[],"categories":[62],"tags":[76283,835,785],"suno_strategy":[],"class_list":["post-332243","post","type-post","status-publish","format-standard","has-post-thumbnail","hentry","category-economia","tag-cofins","tag-pis","tag-supremo-tribunal-federal-stf"],"yoast_head":"<!-- This site is optimized with the Yoast SEO plugin v24.4 - https:\/\/yoast.com\/wordpress\/plugins\/seo\/ -->\n<title>STF julga bomba fiscal de R$ 115 bi sobre cobran\u00e7a de PIS e Cofins<\/title>\n<meta name=\"description\" content=\"Uma bomba fiscal de R$ 115 bilh\u00f5es come\u00e7ou a ser julgada pelo STF: a cobran\u00e7a de PIS e Confins das institui\u00e7\u00f5es financeiras\" \/>\n<meta name=\"robots\" content=\"index, follow, max-snippet:-1, max-image-preview:large, max-video-preview:-1\" \/>\n<link rel=\"canonical\" href=\"https:\/\/www.suno.com.br\/noticias\/stf-julgamento-bancos-bomba-fiscal-pis-cofins\/\" \/>\n<meta property=\"og:locale\" content=\"pt_BR\" \/>\n<meta property=\"og:type\" content=\"article\" \/>\n<meta property=\"og:title\" content=\"STF julga bomba fiscal de R$ 115 bi sobre cobran\u00e7a de PIS e Cofins\" \/>\n<meta property=\"og:description\" content=\"Uma bomba fiscal de R$ 115 bilh\u00f5es come\u00e7ou a ser julgada pelo STF: a cobran\u00e7a de PIS e Confins das institui\u00e7\u00f5es financeiras\" \/>\n<meta property=\"og:url\" content=\"https:\/\/www.suno.com.br\/noticias\/stf-julgamento-bancos-bomba-fiscal-pis-cofins\/\" \/>\n<meta property=\"og:site_name\" content=\"Suno Not\u00edcias\" \/>\n<meta property=\"article:publisher\" content=\"https:\/\/facebook.com\/sunoresearch\" \/>\n<meta property=\"og:image\" content=\"https:\/\/files.sunoresearch.com.br\/n\/uploads\/2022\/12\/stf-ricado-lewandowski-ministro-caso-bancos-foto-nelson-jr-sco.jpg\" \/>\n\t<meta property=\"og:image:width\" content=\"1200\" \/>\n\t<meta property=\"og:image:height\" content=\"675\" \/>\n\t<meta property=\"og:image:type\" content=\"image\/jpeg\" \/>\n<meta name=\"author\" content=\"Erick Matheus Nery\" \/>\n<meta name=\"twitter:card\" content=\"summary_large_image\" \/>\n<meta name=\"twitter:creator\" content=\"@sunoresearch\" \/>\n<meta name=\"twitter:site\" content=\"@sunoresearch\" \/>\n<meta name=\"twitter:label1\" content=\"Escrito por\" \/>\n\t<meta name=\"twitter:data1\" content=\"Erick Matheus Nery\" \/>\n\t<meta name=\"twitter:label2\" content=\"Est. tempo de leitura\" \/>\n\t<meta name=\"twitter:data2\" content=\"2 minutos\" \/>\n<script type=\"application\/ld+json\" class=\"yoast-schema-graph\">{\"@context\":\"https:\/\/schema.org\",\"@graph\":[{\"@type\":\"NewsArticle\",\"@id\":\"https:\/\/www.suno.com.br\/noticias\/stf-julgamento-bancos-bomba-fiscal-pis-cofins\/#article\",\"isPartOf\":{\"@id\":\"https:\/\/www.suno.com.br\/noticias\/stf-julgamento-bancos-bomba-fiscal-pis-cofins\/\"},\"author\":{\"name\":\"Erick Matheus Nery\",\"@id\":\"https:\/\/www.suno.com.br\/noticias\/#\/schema\/person\/6899bc3f19d1a7315f807131c2c013a0\"},\"headline\":\"STF come\u00e7a julgamento de bomba fiscal de R$ 115 bi sobre cobran\u00e7a de PIS e Cofins aos bancos\",\"datePublished\":\"2022-12-09T22:02:06+00:00\",\"dateModified\":\"2022-12-09T22:02:09+00:00\",\"mainEntityOfPage\":{\"@id\":\"https:\/\/www.suno.com.br\/noticias\/stf-julgamento-bancos-bomba-fiscal-pis-cofins\/\"},\"wordCount\":369,\"publisher\":{\"@id\":\"https:\/\/www.suno.com.br\/noticias\/#organization\"},\"image\":{\"@id\":\"https:\/\/www.suno.com.br\/noticias\/stf-julgamento-bancos-bomba-fiscal-pis-cofins\/#primaryimage\"},\"thumbnailUrl\":\"https:\/\/files.sunoresearch.com.br\/n\/uploads\/2022\/12\/stf-ricado-lewandowski-ministro-caso-bancos-foto-nelson-jr-sco.jpg\",\"keywords\":[\"COFINS\",\"PIS\",\"Supremo Tribunal Federal (STF)\"],\"articleSection\":[\"Economia\"],\"inLanguage\":\"pt-BR\"},{\"@type\":\"WebPage\",\"@id\":\"https:\/\/www.suno.com.br\/noticias\/stf-julgamento-bancos-bomba-fiscal-pis-cofins\/\",\"url\":\"https:\/\/www.suno.com.br\/noticias\/stf-julgamento-bancos-bomba-fiscal-pis-cofins\/\",\"name\":\"STF julga bomba fiscal de R$ 115 bi sobre cobran\u00e7a de PIS e Cofins\",\"isPartOf\":{\"@id\":\"https:\/\/www.suno.com.br\/noticias\/#website\"},\"primaryImageOfPage\":{\"@id\":\"https:\/\/www.suno.com.br\/noticias\/stf-julgamento-bancos-bomba-fiscal-pis-cofins\/#primaryimage\"},\"image\":{\"@id\":\"https:\/\/www.suno.com.br\/noticias\/stf-julgamento-bancos-bomba-fiscal-pis-cofins\/#primaryimage\"},\"thumbnailUrl\":\"https:\/\/files.sunoresearch.com.br\/n\/uploads\/2022\/12\/stf-ricado-lewandowski-ministro-caso-bancos-foto-nelson-jr-sco.jpg\",\"datePublished\":\"2022-12-09T22:02:06+00:00\",\"dateModified\":\"2022-12-09T22:02:09+00:00\",\"description\":\"Uma bomba fiscal de R$ 115 bilh\u00f5es come\u00e7ou a ser julgada pelo STF: a cobran\u00e7a de PIS e Confins das institui\u00e7\u00f5es financeiras\",\"breadcrumb\":{\"@id\":\"https:\/\/www.suno.com.br\/noticias\/stf-julgamento-bancos-bomba-fiscal-pis-cofins\/#breadcrumb\"},\"inLanguage\":\"pt-BR\",\"potentialAction\":[{\"@type\":\"ReadAction\",\"target\":[\"https:\/\/www.suno.com.br\/noticias\/stf-julgamento-bancos-bomba-fiscal-pis-cofins\/\"]}]},{\"@type\":\"ImageObject\",\"inLanguage\":\"pt-BR\",\"@id\":\"https:\/\/www.suno.com.br\/noticias\/stf-julgamento-bancos-bomba-fiscal-pis-cofins\/#primaryimage\",\"url\":\"https:\/\/files.sunoresearch.com.br\/n\/uploads\/2022\/12\/stf-ricado-lewandowski-ministro-caso-bancos-foto-nelson-jr-sco.jpg\",\"contentUrl\":\"https:\/\/files.sunoresearch.com.br\/n\/uploads\/2022\/12\/stf-ricado-lewandowski-ministro-caso-bancos-foto-nelson-jr-sco.jpg\",\"width\":1200,\"height\":675,\"caption\":\"Ministro Ricardo Lewandowski - Foto: Nelson Jr.\/SCO\/STF\"},{\"@type\":\"BreadcrumbList\",\"@id\":\"https:\/\/www.suno.com.br\/noticias\/stf-julgamento-bancos-bomba-fiscal-pis-cofins\/#breadcrumb\",\"itemListElement\":[{\"@type\":\"ListItem\",\"position\":1,\"name\":\"Not\u00edcias\",\"item\":\"https:\/\/www.suno.com.br\/noticias\/\"},{\"@type\":\"ListItem\",\"position\":2,\"name\":\"Economia\",\"item\":\"https:\/\/www.suno.com.br\/noticias\/economia\/\"},{\"@type\":\"ListItem\",\"position\":3,\"name\":\"STF come\u00e7a julgamento de bomba fiscal de R$ 115 bi sobre cobran\u00e7a de PIS e Cofins aos bancos\"}]},{\"@type\":\"WebSite\",\"@id\":\"https:\/\/www.suno.com.br\/noticias\/#website\",\"url\":\"https:\/\/www.suno.com.br\/noticias\/\",\"name\":\"Suno Not\u00edcias\",\"description\":\"Seu portal de informa\u00e7\u00e3o sobre o mundo dos investimentos\",\"publisher\":{\"@id\":\"https:\/\/www.suno.com.br\/noticias\/#organization\"},\"potentialAction\":[{\"@type\":\"SearchAction\",\"target\":{\"@type\":\"EntryPoint\",\"urlTemplate\":\"https:\/\/www.suno.com.br\/noticias\/?s={search_term_string}\"},\"query-input\":{\"@type\":\"PropertyValueSpecification\",\"valueRequired\":true,\"valueName\":\"search_term_string\"}}],\"inLanguage\":\"pt-BR\"},{\"@type\":\"Organization\",\"@id\":\"https:\/\/www.suno.com.br\/noticias\/#organization\",\"name\":\"Suno Not\u00edcias\",\"url\":\"https:\/\/www.suno.com.br\/noticias\/\",\"logo\":{\"@type\":\"ImageObject\",\"inLanguage\":\"pt-BR\",\"@id\":\"https:\/\/www.suno.com.br\/noticias\/#\/schema\/logo\/image\/\",\"url\":\"https:\/\/files.sunoresearch.com.br\/n\/uploads\/2021\/09\/suno-logo.png\",\"contentUrl\":\"https:\/\/files.sunoresearch.com.br\/n\/uploads\/2021\/09\/suno-logo.png\",\"width\":180,\"height\":180,\"caption\":\"Suno Not\u00edcias\"},\"image\":{\"@id\":\"https:\/\/www.suno.com.br\/noticias\/#\/schema\/logo\/image\/\"},\"sameAs\":[\"https:\/\/facebook.com\/sunoresearch\",\"https:\/\/x.com\/sunoresearch\",\"https:\/\/www.instagram.com\/suno\",\"https:\/\/www.linkedin.com\/company\/suno-research\/\",\"https:\/\/www.youtube.com\/c\/sunoresearch\"]},{\"@type\":\"Person\",\"@id\":\"https:\/\/www.suno.com.br\/noticias\/#\/schema\/person\/6899bc3f19d1a7315f807131c2c013a0\",\"name\":\"Erick Matheus Nery\",\"image\":{\"@type\":\"ImageObject\",\"inLanguage\":\"pt-BR\",\"@id\":\"https:\/\/www.suno.com.br\/noticias\/#\/schema\/person\/image\/\",\"url\":\"https:\/\/secure.gravatar.com\/avatar\/518ddffe438ccb767782d372a66304d2?s=96&r=g\",\"contentUrl\":\"https:\/\/secure.gravatar.com\/avatar\/518ddffe438ccb767782d372a66304d2?s=96&r=g\",\"caption\":\"Erick Matheus Nery\"},\"description\":\"Formado em Jornalismo pela Universidade Federal do Par\u00e1 (UFPA), conta com extens\u00e3o em Jornalismo Econ\u00f4mico pela Funda\u00e7\u00e3o Get\u00falio Vargas (FGV). No Suno Not\u00edcias, atua como rep\u00f3rter de Mercado, com foco nos setores de telecomunica\u00e7\u00f5es, varejo, alimentos e renda fixa. Conta com passagens pelo jornal O Estado de S\u00e3o Paulo, como trainee de Jornalismo Econ\u00f4mico, e pelo site Not\u00edcias da TV.\",\"url\":\"https:\/\/www.suno.com.br\/noticias\/author\/erick-nery\/\"}]}<\/script>\n<!-- \/ Yoast SEO plugin. -->","yoast_head_json":{"title":"STF julga bomba fiscal de R$ 115 bi sobre cobran\u00e7a de PIS e Cofins","description":"Uma bomba fiscal de R$ 115 bilh\u00f5es come\u00e7ou a ser julgada pelo STF: a cobran\u00e7a de PIS e Confins das institui\u00e7\u00f5es financeiras","robots":{"index":"index","follow":"follow","max-snippet":"max-snippet:-1","max-image-preview":"max-image-preview:large","max-video-preview":"max-video-preview:-1"},"canonical":"https:\/\/www.suno.com.br\/noticias\/stf-julgamento-bancos-bomba-fiscal-pis-cofins\/","og_locale":"pt_BR","og_type":"article","og_title":"STF julga bomba fiscal de R$ 115 bi sobre cobran\u00e7a de PIS e Cofins","og_description":"Uma bomba fiscal de R$ 115 bilh\u00f5es come\u00e7ou a ser julgada pelo STF: a cobran\u00e7a de PIS e Confins das institui\u00e7\u00f5es financeiras","og_url":"https:\/\/www.suno.com.br\/noticias\/stf-julgamento-bancos-bomba-fiscal-pis-cofins\/","og_site_name":"Suno Not\u00edcias","article_publisher":"https:\/\/facebook.com\/sunoresearch","og_image":[{"width":1200,"height":675,"url":"https:\/\/files.sunoresearch.com.br\/n\/uploads\/2022\/12\/stf-ricado-lewandowski-ministro-caso-bancos-foto-nelson-jr-sco.jpg","type":"image\/jpeg"}],"author":"Erick Matheus Nery","twitter_card":"summary_large_image","twitter_creator":"@sunoresearch","twitter_site":"@sunoresearch","twitter_misc":{"Escrito por":"Erick Matheus Nery","Est. tempo de leitura":"2 minutos"},"schema":{"@context":"https:\/\/schema.org","@graph":[{"@type":"NewsArticle","@id":"https:\/\/www.suno.com.br\/noticias\/stf-julgamento-bancos-bomba-fiscal-pis-cofins\/#article","isPartOf":{"@id":"https:\/\/www.suno.com.br\/noticias\/stf-julgamento-bancos-bomba-fiscal-pis-cofins\/"},"author":{"name":"Erick Matheus Nery","@id":"https:\/\/www.suno.com.br\/noticias\/#\/schema\/person\/6899bc3f19d1a7315f807131c2c013a0"},"headline":"STF come\u00e7a julgamento de bomba fiscal de R$ 115 bi sobre cobran\u00e7a de PIS e Cofins aos bancos","datePublished":"2022-12-09T22:02:06+00:00","dateModified":"2022-12-09T22:02:09+00:00","mainEntityOfPage":{"@id":"https:\/\/www.suno.com.br\/noticias\/stf-julgamento-bancos-bomba-fiscal-pis-cofins\/"},"wordCount":369,"publisher":{"@id":"https:\/\/www.suno.com.br\/noticias\/#organization"},"image":{"@id":"https:\/\/www.suno.com.br\/noticias\/stf-julgamento-bancos-bomba-fiscal-pis-cofins\/#primaryimage"},"thumbnailUrl":"https:\/\/files.sunoresearch.com.br\/n\/uploads\/2022\/12\/stf-ricado-lewandowski-ministro-caso-bancos-foto-nelson-jr-sco.jpg","keywords":["COFINS","PIS","Supremo Tribunal Federal (STF)"],"articleSection":["Economia"],"inLanguage":"pt-BR"},{"@type":"WebPage","@id":"https:\/\/www.suno.com.br\/noticias\/stf-julgamento-bancos-bomba-fiscal-pis-cofins\/","url":"https:\/\/www.suno.com.br\/noticias\/stf-julgamento-bancos-bomba-fiscal-pis-cofins\/","name":"STF julga bomba fiscal de R$ 115 bi sobre cobran\u00e7a de PIS e Cofins","isPartOf":{"@id":"https:\/\/www.suno.com.br\/noticias\/#website"},"primaryImageOfPage":{"@id":"https:\/\/www.suno.com.br\/noticias\/stf-julgamento-bancos-bomba-fiscal-pis-cofins\/#primaryimage"},"image":{"@id":"https:\/\/www.suno.com.br\/noticias\/stf-julgamento-bancos-bomba-fiscal-pis-cofins\/#primaryimage"},"thumbnailUrl":"https:\/\/files.sunoresearch.com.br\/n\/uploads\/2022\/12\/stf-ricado-lewandowski-ministro-caso-bancos-foto-nelson-jr-sco.jpg","datePublished":"2022-12-09T22:02:06+00:00","dateModified":"2022-12-09T22:02:09+00:00","description":"Uma bomba fiscal de R$ 115 bilh\u00f5es come\u00e7ou a ser julgada pelo STF: a cobran\u00e7a de PIS e Confins das institui\u00e7\u00f5es financeiras","breadcrumb":{"@id":"https:\/\/www.suno.com.br\/noticias\/stf-julgamento-bancos-bomba-fiscal-pis-cofins\/#breadcrumb"},"inLanguage":"pt-BR","potentialAction":[{"@type":"ReadAction","target":["https:\/\/www.suno.com.br\/noticias\/stf-julgamento-bancos-bomba-fiscal-pis-cofins\/"]}]},{"@type":"ImageObject","inLanguage":"pt-BR","@id":"https:\/\/www.suno.com.br\/noticias\/stf-julgamento-bancos-bomba-fiscal-pis-cofins\/#primaryimage","url":"https:\/\/files.sunoresearch.com.br\/n\/uploads\/2022\/12\/stf-ricado-lewandowski-ministro-caso-bancos-foto-nelson-jr-sco.jpg","contentUrl":"https:\/\/files.sunoresearch.com.br\/n\/uploads\/2022\/12\/stf-ricado-lewandowski-ministro-caso-bancos-foto-nelson-jr-sco.jpg","width":1200,"height":675,"caption":"Ministro Ricardo Lewandowski - Foto: Nelson Jr.\/SCO\/STF"},{"@type":"BreadcrumbList","@id":"https:\/\/www.suno.com.br\/noticias\/stf-julgamento-bancos-bomba-fiscal-pis-cofins\/#breadcrumb","itemListElement":[{"@type":"ListItem","position":1,"name":"Not\u00edcias","item":"https:\/\/www.suno.com.br\/noticias\/"},{"@type":"ListItem","position":2,"name":"Economia","item":"https:\/\/www.suno.com.br\/noticias\/economia\/"},{"@type":"ListItem","position":3,"name":"STF come\u00e7a julgamento de bomba fiscal de R$ 115 bi sobre cobran\u00e7a de PIS e Cofins aos bancos"}]},{"@type":"WebSite","@id":"https:\/\/www.suno.com.br\/noticias\/#website","url":"https:\/\/www.suno.com.br\/noticias\/","name":"Suno Not\u00edcias","description":"Seu portal de informa\u00e7\u00e3o sobre o mundo dos investimentos","publisher":{"@id":"https:\/\/www.suno.com.br\/noticias\/#organization"},"potentialAction":[{"@type":"SearchAction","target":{"@type":"EntryPoint","urlTemplate":"https:\/\/www.suno.com.br\/noticias\/?s={search_term_string}"},"query-input":{"@type":"PropertyValueSpecification","valueRequired":true,"valueName":"search_term_string"}}],"inLanguage":"pt-BR"},{"@type":"Organization","@id":"https:\/\/www.suno.com.br\/noticias\/#organization","name":"Suno Not\u00edcias","url":"https:\/\/www.suno.com.br\/noticias\/","logo":{"@type":"ImageObject","inLanguage":"pt-BR","@id":"https:\/\/www.suno.com.br\/noticias\/#\/schema\/logo\/image\/","url":"https:\/\/files.sunoresearch.com.br\/n\/uploads\/2021\/09\/suno-logo.png","contentUrl":"https:\/\/files.sunoresearch.com.br\/n\/uploads\/2021\/09\/suno-logo.png","width":180,"height":180,"caption":"Suno Not\u00edcias"},"image":{"@id":"https:\/\/www.suno.com.br\/noticias\/#\/schema\/logo\/image\/"},"sameAs":["https:\/\/facebook.com\/sunoresearch","https:\/\/x.com\/sunoresearch","https:\/\/www.instagram.com\/suno","https:\/\/www.linkedin.com\/company\/suno-research\/","https:\/\/www.youtube.com\/c\/sunoresearch"]},{"@type":"Person","@id":"https:\/\/www.suno.com.br\/noticias\/#\/schema\/person\/6899bc3f19d1a7315f807131c2c013a0","name":"Erick Matheus Nery","image":{"@type":"ImageObject","inLanguage":"pt-BR","@id":"https:\/\/www.suno.com.br\/noticias\/#\/schema\/person\/image\/","url":"https:\/\/secure.gravatar.com\/avatar\/518ddffe438ccb767782d372a66304d2?s=96&r=g","contentUrl":"https:\/\/secure.gravatar.com\/avatar\/518ddffe438ccb767782d372a66304d2?s=96&r=g","caption":"Erick Matheus Nery"},"description":"Formado em Jornalismo pela Universidade Federal do Par\u00e1 (UFPA), conta com extens\u00e3o em Jornalismo Econ\u00f4mico pela Funda\u00e7\u00e3o Get\u00falio Vargas (FGV). No Suno Not\u00edcias, atua como rep\u00f3rter de Mercado, com foco nos setores de telecomunica\u00e7\u00f5es, varejo, alimentos e renda fixa. Conta com passagens pelo jornal O Estado de S\u00e3o Paulo, como trainee de Jornalismo Econ\u00f4mico, e pelo site Not\u00edcias da TV.","url":"https:\/\/www.suno.com.br\/noticias\/author\/erick-nery\/"}]}},"default_loop_html":"<div class=\"cardsPage__listCard__boxs\"><div class=\"cardsPage__listCard__boxs__img\"><a href=\"https:\/\/www.suno.com.br\/noticias\/stf-julgamento-bancos-bomba-fiscal-pis-cofins\/\"><img class=\"mask\" src=\"https:\/\/www.suno.com.br\/noticias\/wp-content\/themes\/suno\/resources\/images\/spotlight\/spotlight1img\/bg-mask.png\" alt=\"Image Mask\"\/><img src=\"https:\/\/files.sunoresearch.com.br\/n\/uploads\/2022\/12\/stf-ricado-lewandowski-ministro-caso-bancos-foto-nelson-jr-sco-400x200.jpg\" alt=\"STF come\u00e7a julgamento de bomba fiscal de R$ 115 bi sobre cobran\u00e7a de PIS e Cofins aos bancos\"\/><\/a><span class=\"spotlightCategory\"><a href=\"https:\/\/www.suno.com.br\/noticias\/economia\/\">Economia<\/a><\/span><\/div><div class=\"cardsPage__listCard__boxs__content\"><a href=\"https:\/\/www.suno.com.br\/noticias\/stf-julgamento-bancos-bomba-fiscal-pis-cofins\/\"><h2 class=\"content__title\">STF come\u00e7a julgamento de bomba fiscal de R$ 115 bi sobre cobran\u00e7a de PIS e Cofins aos bancos<\/h2><\/a><div class=\"newsContent__article__meta\"><div class=\"newsContent__article__meta__authorBox\"><a href=\"https:\/\/www.suno.com.br\/noticias\/author\/erick-nery\/\" class=\"authorBox__avatar noMobi\"><img src=\"https:\/\/secure.gravatar.com\/avatar\/518ddffe438ccb767782d372a66304d2?s=96&#038;r=g\" alt=\"Erick Matheus Nery\"><\/a><div class=\"authorBox__name\"><span>por\n\t\t\t<a href=\"https:\/\/www.suno.com.br\/noticias\/author\/erick-nery\/\"><span itemprop=\"author\">Erick Matheus Nery<\/span><\/a><\/span><time datetime=\"2022-12-09T19:02:06-03:00\" itemprop=\"datePublished\">09\/12\/2022 19:02<\/time><\/div><\/div><\/div><\/div><\/div>","single_layout":"posts","amp_enabled":true,"_links":{"self":[{"href":"https:\/\/www.suno.com.br\/noticias\/wp-json\/wp\/v2\/posts\/332243"}],"collection":[{"href":"https:\/\/www.suno.com.br\/noticias\/wp-json\/wp\/v2\/posts"}],"about":[{"href":"https:\/\/www.suno.com.br\/noticias\/wp-json\/wp\/v2\/types\/post"}],"author":[{"embeddable":true,"href":"https:\/\/www.suno.com.br\/noticias\/wp-json\/wp\/v2\/users\/232"}],"replies":[{"embeddable":true,"href":"https:\/\/www.suno.com.br\/noticias\/wp-json\/wp\/v2\/comments?post=332243"}],"version-history":[{"count":2,"href":"https:\/\/www.suno.com.br\/noticias\/wp-json\/wp\/v2\/posts\/332243\/revisions"}],"predecessor-version":[{"id":332393,"href":"https:\/\/www.suno.com.br\/noticias\/wp-json\/wp\/v2\/posts\/332243\/revisions\/332393"}],"wp:featuredmedia":[{"embeddable":true,"href":"https:\/\/www.suno.com.br\/noticias\/wp-json\/wp\/v2\/media\/332298"}],"wp:attachment":[{"href":"https:\/\/www.suno.com.br\/noticias\/wp-json\/wp\/v2\/media?parent=332243"}],"wp:term":[{"taxonomy":"category","embeddable":true,"href":"https:\/\/www.suno.com.br\/noticias\/wp-json\/wp\/v2\/categories?post=332243"},{"taxonomy":"post_tag","embeddable":true,"href":"https:\/\/www.suno.com.br\/noticias\/wp-json\/wp\/v2\/tags?post=332243"},{"taxonomy":"suno_strategy","embeddable":true,"href":"https:\/\/www.suno.com.br\/noticias\/wp-json\/wp\/v2\/suno_strategy?post=332243"}],"curies":[{"name":"wp","href":"https:\/\/api.w.org\/{rel}","templated":true}]}}