{"id":33210,"date":"2019-08-07T15:21:46","date_gmt":"2019-08-07T18:21:46","guid":{"rendered":"https:\/\/www.suno.com.br\/noticias\/?p=33210"},"modified":"2019-08-07T15:21:46","modified_gmt":"2019-08-07T18:21:46","slug":"engie-registra-recuo-lucro-liquido-2otri","status":"publish","type":"post","link":"https:\/\/www.suno.com.br\/noticias\/engie-registra-recuo-lucro-liquido-2otri\/","title":{"rendered":"Engie Brasil Energia registra recuo no lucro l\u00edquido de 34,6% no 2\u00batri"},"content":{"rendered":"<p>A Engie Brasil Energia (EGIE3) informou nesta ter\u00e7a-feira (6) que obteve <strong>lucro l\u00edquido<\/strong> de R$ 385,4 milh\u00f5es no segundo trimestre de 2019. O valor apresenta uma redu\u00e7\u00e3o de 34,6% em rela\u00e7\u00e3o ao mesmo per\u00edodo do ano passado.<\/p>\t<div class=\"wrapper-featured-image\">\n\t\t<figure class=\"spotlightImg\">\n\n\t\t\t<picture>\n\t\t\t\t<source media=\"(max-width: 768px)\" srcset=\"https:\/\/files.sunoresearch.com.br\/n\/uploads\/2019\/08\/cb7e8e3f-2017-09-27t143453z_1_lynxnped8q144_rtroptp_3_france-engie-400x200.webp\">\n\t\t\t\t<img loading=\"lazy\" decoding=\"async\" class=\"newsContent__article__imgCapa lazyloadDisabled newsContent__article__imgCapa--noCaption\" src=\"https:\/\/files.sunoresearch.com.br\/n\/uploads\/2019\/08\/cb7e8e3f-2017-09-27t143453z_1_lynxnped8q144_rtroptp_3_france-engie-jpg.webp\" width=\"800\" height=\"450\" alt=\"Engie Brasil Energia registra recuo no lucro l\u00edquido de 34,6% no 2\u00batri\" fetchpriority=high \/>\n\t\t\t<\/picture>\n\n\t\t\t<figcaption class=\"wp-caption-text wp-caption-text--hide\">Sede Engie<\/figcaption>\n\t\t<\/figure>\n\t<\/div>\n\n\n\n<p>Neste ano, subsidi\u00e1ria brasileira da francesa <strong>Engie<\/strong> registrou um lucro antes de impostos, juros, amortiza\u00e7\u00e3o e deprecia\u00e7\u00e3o <strong>(Ebitda)<\/strong> de R$1,052 bilh\u00e3o. O resultado apresentou uma queda de 13,7% em compara\u00e7\u00e3o a 2018.<\/p>\n<p>\u201cA <strong>despesa financeira<\/strong> relativa ao fechamento desta aquisi\u00e7\u00e3o foi um dos fatores que impactaram o resultado do 2T19. Em fun\u00e7\u00e3o das despesas relativas \u00e0 prepara\u00e7\u00e3o e ao fechamento dessa transa\u00e7\u00e3o, o resultado para o 2T19 foi negativo, mas este ativo j\u00e1 contribuir\u00e1 com resultados positivos crescentes a partir do terceiro trimestre\u201d, informou Eduardo Sattamini, diretor-presidente da <strong>Engie Brasil Energia,<\/strong> em nota \u00e0 imprensa.<\/p>\n<p><a href=\"https:\/\/www.suno.com.br\/noticias\/engie-informa-interessada-compra-tag\/\">Saiba mais sobre a negocia\u00e7\u00e3o envolvendo a Engie Brasil Energia e a Petrobras<\/a><\/p>\n<p>No <strong><a href=\"https:\/\/www.suno.com.br\/artigos\/ebitda\/\">Ebitda<\/a>,<\/strong> a diminui\u00e7\u00e3o chegou a R$166,7 milh\u00f5es, fator que foi citado pela empresa como um dos principais motivos da perda no <strong><a href=\"https:\/\/www.suno.com.br\/artigos\/lucro-liquido\/\">lucro l\u00edquido<\/a>.<\/strong> Al\u00e9m disso, o aumento de R$ 104,6 milh\u00f5es nas despesas financeiras l\u00edquidas e o custo de R$ 91,6 milh\u00f5es do imposto de renda e da contribui\u00e7\u00e3o social, foram citados como outras causas da queda no lucro l\u00edquido.<\/p>\n<p>Segundo o comunicado da empresa, as despesas foram alavancadas pelas novas d\u00edvidas. O endividamento l\u00edquido atingiu R$11,3 bilh\u00f5es, avan\u00e7ando 83,6%.<\/p>\n\t<p>\n\t\t<a href=\"https:\/\/lp.statusinvest.com.br\/ao\/assessoria-status-invest\/\" target=\"_blank\" data-element=\"shortcode-suno-banner\" title=\"Banner SUNO, clique e saiba mais\">\n\t\t\t<picture>\n\t\t\t\t<source media=\"(max-width: 500px)\" srcset=\"https:\/\/files.sunoresearch.com.br\/n\/uploads\/2024\/03\/400x300-Mobile.png\">\n\t\t\t\t<img class=\"newsContent__article__imgCapa newsContent__article__imgCapa--banner\"\n\t\t\t\t\tsrc=\"https:\/\/files.sunoresearch.com.br\/n\/uploads\/2024\/03\/1420x240-Desktop.png\"\n\t\t\t\t\tdata-promo-id=\"537248\"\t\t\t\t\t\t\t\t\t\twidth='1400' height='240'\t\t\t\t\talt=\"https:\/\/files.sunoresearch.com.br\/n\/uploads\/2024\/03\/1420x240-Desktop.png\"\n\t\t\t\t>\n\t\t\t<\/picture>\n\t\t<\/a>\n\t<\/p>\n\n\n<p>Apesar de ter somado uma alta de quase 30% na compara\u00e7\u00e3o anual de\u00a0 gera\u00e7\u00e3o el\u00e9trica bruta neste trimestre, as vendas recuaram 4,1%. A receita operacional l\u00edquida no segundo trimestre foi de R$2,1 bilh\u00f5es, avan\u00e7ando quase 2% em compara\u00e7\u00e3o a 2018.<\/p>\n<h2>A compra da TAG pela Engie<\/h2>\n<p>Em abril de 2019 a <strong>Engie<\/strong> participou da <a href=\"https:\/\/www.suno.com.br\/artigos\/privatizacao\/\">aquisi\u00e7\u00e3o<\/a> da Transportadora Associa\u00e7\u00e3o de G\u00e1s (TAG), ex-subsidi\u00e1ria da <strong>Petrobras,<\/strong> junto ao fundo <strong>Caisse de D\u00e9p\u00f4t et Placement du Qu\u00e9bec (CDPQ)<\/strong> por R$ 33,5 bilh\u00f5es.<\/p>\n<p><a href=\"https:\/\/www.suno.com.br\/noticias\/petrobras-venda-tag\/\">Saiba mais: Petrobras conclui venda da TAG; Outros polos recebem proposta\u00a0<\/a><\/p>\n<p>No entanto, o ministro do <strong>Supremo Tribunal Federal (STF)<\/strong>, Edson Fachin, decidiu suspender o neg\u00f3cio. Com isso, a venda s\u00f3 foi concretizada em 13 de junho. A <strong>Engie<\/strong> adquiriu cerca de 90% do capital social da <strong>TAG<\/strong>, o restante 10% se mantiveram com a <strong>Petrobras.<\/strong><\/p>\n","protected":false},"excerpt":{"rendered":"<p>A Engie Brasil Energia (EGIE3) informou nesta ter\u00e7a-feira (6) que obteve lucro l\u00edquido de R$ 385,4 milh\u00f5es no segundo trimestre de 2019. O valor apresenta uma redu\u00e7\u00e3o de 34,6% em rela\u00e7\u00e3o ao mesmo per\u00edodo do ano passado. Sede Engie Neste ano, subsidi\u00e1ria brasileira da francesa Engie registrou um lucro antes de impostos, juros, amortiza\u00e7\u00e3o e [&hellip;]<\/p>\n","protected":false},"author":23,"featured_media":33218,"comment_status":"closed","ping_status":"closed","sticky":false,"template":"","format":"standard","meta":[],"categories":[64],"tags":[465,595,1607,1432],"suno_strategy":[],"class_list":["post-33210","post","type-post","status-publish","format-standard","has-post-thumbnail","hentry","category-negocios","tag-engie-egie3","tag-petrobras-petr4","tag-resultado-das-empresas","tag-tag"],"yoast_head":"<!-- This site is optimized with the Yoast SEO plugin v24.4 - https:\/\/yoast.com\/wordpress\/plugins\/seo\/ -->\n<title>Engie Brasil Energia registra recuo no lucro l\u00edquido de 34,6% no 2\u00batri<\/title>\n<meta name=\"description\" content=\"A Engie Brasil Energia (EGIE3) obteve lucro l\u00edquido de R$ 385,4 milh\u00f5es no segundo trimestre de 2019. Clique para saber mais.\" \/>\n<meta name=\"robots\" content=\"index, follow, max-snippet:-1, max-image-preview:large, max-video-preview:-1\" \/>\n<link rel=\"canonical\" href=\"https:\/\/www.suno.com.br\/noticias\/engie-registra-recuo-lucro-liquido-2otri\/\" \/>\n<meta property=\"og:locale\" content=\"pt_BR\" \/>\n<meta property=\"og:type\" content=\"article\" \/>\n<meta property=\"og:title\" content=\"Engie Brasil Energia registra recuo no lucro l\u00edquido de 34,6% no 2\u00batri\" \/>\n<meta property=\"og:description\" content=\"A Engie Brasil Energia (EGIE3) obteve lucro l\u00edquido de R$ 385,4 milh\u00f5es no segundo trimestre de 2019. Clique para saber mais.\" \/>\n<meta property=\"og:url\" content=\"https:\/\/www.suno.com.br\/noticias\/engie-registra-recuo-lucro-liquido-2otri\/\" \/>\n<meta property=\"og:site_name\" content=\"Suno Not\u00edcias\" \/>\n<meta property=\"article:publisher\" content=\"https:\/\/facebook.com\/sunoresearch\" \/>\n<meta property=\"og:image\" content=\"https:\/\/files.sunoresearch.com.br\/n\/uploads\/2019\/08\/cb7e8e3f-2017-09-27t143453z_1_lynxnped8q144_rtroptp_3_france-engie.jpg\" \/>\n\t<meta property=\"og:image:width\" content=\"680\" \/>\n\t<meta property=\"og:image:height\" content=\"453\" \/>\n\t<meta property=\"og:image:type\" content=\"image\/jpeg\" \/>\n<meta name=\"author\" content=\"Rafael Lara\" \/>\n<meta name=\"twitter:card\" content=\"summary_large_image\" \/>\n<meta name=\"twitter:creator\" content=\"@sunoresearch\" \/>\n<meta name=\"twitter:site\" content=\"@sunoresearch\" \/>\n<meta name=\"twitter:label1\" content=\"Escrito por\" \/>\n\t<meta name=\"twitter:data1\" content=\"Rafael Lara\" \/>\n\t<meta name=\"twitter:label2\" content=\"Est. tempo de leitura\" \/>\n\t<meta name=\"twitter:data2\" content=\"2 minutos\" \/>\n<script type=\"application\/ld+json\" class=\"yoast-schema-graph\">{\"@context\":\"https:\/\/schema.org\",\"@graph\":[{\"@type\":\"NewsArticle\",\"@id\":\"https:\/\/www.suno.com.br\/noticias\/engie-registra-recuo-lucro-liquido-2otri\/#article\",\"isPartOf\":{\"@id\":\"https:\/\/www.suno.com.br\/noticias\/engie-registra-recuo-lucro-liquido-2otri\/\"},\"author\":{\"name\":\"Rafael Lara\",\"@id\":\"https:\/\/www.suno.com.br\/noticias\/#\/schema\/person\/098743caeed97b37f51315c9576c4078\"},\"headline\":\"Engie Brasil Energia registra recuo no lucro l\u00edquido de 34,6% no 2\u00batri\",\"datePublished\":\"2019-08-07T18:21:46+00:00\",\"mainEntityOfPage\":{\"@id\":\"https:\/\/www.suno.com.br\/noticias\/engie-registra-recuo-lucro-liquido-2otri\/\"},\"wordCount\":403,\"publisher\":{\"@id\":\"https:\/\/www.suno.com.br\/noticias\/#organization\"},\"image\":{\"@id\":\"https:\/\/www.suno.com.br\/noticias\/engie-registra-recuo-lucro-liquido-2otri\/#primaryimage\"},\"thumbnailUrl\":\"https:\/\/files.sunoresearch.com.br\/n\/uploads\/2019\/08\/cb7e8e3f-2017-09-27t143453z_1_lynxnped8q144_rtroptp_3_france-engie-jpg.webp\",\"keywords\":[\"Engie (EGIE3)\",\"Petrobras (PETR4)\",\"Resultado das empresas\",\"TAG\"],\"articleSection\":[\"Neg\u00f3cios\"],\"inLanguage\":\"pt-BR\"},{\"@type\":\"WebPage\",\"@id\":\"https:\/\/www.suno.com.br\/noticias\/engie-registra-recuo-lucro-liquido-2otri\/\",\"url\":\"https:\/\/www.suno.com.br\/noticias\/engie-registra-recuo-lucro-liquido-2otri\/\",\"name\":\"Engie Brasil Energia registra recuo no lucro l\u00edquido de 34,6% no 2\u00batri\",\"isPartOf\":{\"@id\":\"https:\/\/www.suno.com.br\/noticias\/#website\"},\"primaryImageOfPage\":{\"@id\":\"https:\/\/www.suno.com.br\/noticias\/engie-registra-recuo-lucro-liquido-2otri\/#primaryimage\"},\"image\":{\"@id\":\"https:\/\/www.suno.com.br\/noticias\/engie-registra-recuo-lucro-liquido-2otri\/#primaryimage\"},\"thumbnailUrl\":\"https:\/\/files.sunoresearch.com.br\/n\/uploads\/2019\/08\/cb7e8e3f-2017-09-27t143453z_1_lynxnped8q144_rtroptp_3_france-engie-jpg.webp\",\"datePublished\":\"2019-08-07T18:21:46+00:00\",\"description\":\"A Engie Brasil Energia (EGIE3) obteve lucro l\u00edquido de R$ 385,4 milh\u00f5es no segundo trimestre de 2019. Clique para saber mais.\",\"breadcrumb\":{\"@id\":\"https:\/\/www.suno.com.br\/noticias\/engie-registra-recuo-lucro-liquido-2otri\/#breadcrumb\"},\"inLanguage\":\"pt-BR\",\"potentialAction\":[{\"@type\":\"ReadAction\",\"target\":[\"https:\/\/www.suno.com.br\/noticias\/engie-registra-recuo-lucro-liquido-2otri\/\"]}]},{\"@type\":\"ImageObject\",\"inLanguage\":\"pt-BR\",\"@id\":\"https:\/\/www.suno.com.br\/noticias\/engie-registra-recuo-lucro-liquido-2otri\/#primaryimage\",\"url\":\"https:\/\/files.sunoresearch.com.br\/n\/uploads\/2019\/08\/cb7e8e3f-2017-09-27t143453z_1_lynxnped8q144_rtroptp_3_france-engie-jpg.webp\",\"contentUrl\":\"https:\/\/files.sunoresearch.com.br\/n\/uploads\/2019\/08\/cb7e8e3f-2017-09-27t143453z_1_lynxnped8q144_rtroptp_3_france-engie-jpg.webp\",\"width\":680,\"height\":453,\"caption\":\"Sede Engie\"},{\"@type\":\"BreadcrumbList\",\"@id\":\"https:\/\/www.suno.com.br\/noticias\/engie-registra-recuo-lucro-liquido-2otri\/#breadcrumb\",\"itemListElement\":[{\"@type\":\"ListItem\",\"position\":1,\"name\":\"Not\u00edcias\",\"item\":\"https:\/\/www.suno.com.br\/noticias\/\"},{\"@type\":\"ListItem\",\"position\":2,\"name\":\"Neg\u00f3cios\",\"item\":\"https:\/\/www.suno.com.br\/noticias\/negocios\/\"},{\"@type\":\"ListItem\",\"position\":3,\"name\":\"Engie Brasil Energia registra recuo no lucro l\u00edquido de 34,6% no 2\u00batri\"}]},{\"@type\":\"WebSite\",\"@id\":\"https:\/\/www.suno.com.br\/noticias\/#website\",\"url\":\"https:\/\/www.suno.com.br\/noticias\/\",\"name\":\"Suno Not\u00edcias\",\"description\":\"Seu portal de informa\u00e7\u00e3o sobre o mundo dos investimentos\",\"publisher\":{\"@id\":\"https:\/\/www.suno.com.br\/noticias\/#organization\"},\"potentialAction\":[{\"@type\":\"SearchAction\",\"target\":{\"@type\":\"EntryPoint\",\"urlTemplate\":\"https:\/\/www.suno.com.br\/noticias\/?s={search_term_string}\"},\"query-input\":{\"@type\":\"PropertyValueSpecification\",\"valueRequired\":true,\"valueName\":\"search_term_string\"}}],\"inLanguage\":\"pt-BR\"},{\"@type\":\"Organization\",\"@id\":\"https:\/\/www.suno.com.br\/noticias\/#organization\",\"name\":\"Suno Not\u00edcias\",\"url\":\"https:\/\/www.suno.com.br\/noticias\/\",\"logo\":{\"@type\":\"ImageObject\",\"inLanguage\":\"pt-BR\",\"@id\":\"https:\/\/www.suno.com.br\/noticias\/#\/schema\/logo\/image\/\",\"url\":\"https:\/\/files.sunoresearch.com.br\/n\/uploads\/2021\/09\/suno-logo.png\",\"contentUrl\":\"https:\/\/files.sunoresearch.com.br\/n\/uploads\/2021\/09\/suno-logo.png\",\"width\":180,\"height\":180,\"caption\":\"Suno Not\u00edcias\"},\"image\":{\"@id\":\"https:\/\/www.suno.com.br\/noticias\/#\/schema\/logo\/image\/\"},\"sameAs\":[\"https:\/\/facebook.com\/sunoresearch\",\"https:\/\/x.com\/sunoresearch\",\"https:\/\/www.instagram.com\/suno\",\"https:\/\/www.linkedin.com\/company\/suno-research\/\",\"https:\/\/www.youtube.com\/c\/sunoresearch\"]},{\"@type\":\"Person\",\"@id\":\"https:\/\/www.suno.com.br\/noticias\/#\/schema\/person\/098743caeed97b37f51315c9576c4078\",\"name\":\"Rafael Lara\",\"image\":{\"@type\":\"ImageObject\",\"inLanguage\":\"pt-BR\",\"@id\":\"https:\/\/www.suno.com.br\/noticias\/#\/schema\/person\/image\/\",\"url\":\"https:\/\/secure.gravatar.com\/avatar\/dfc254ab9bb2ea1895d98b9e9dae4bdd?s=96&r=g\",\"contentUrl\":\"https:\/\/secure.gravatar.com\/avatar\/dfc254ab9bb2ea1895d98b9e9dae4bdd?s=96&r=g\",\"caption\":\"Rafael Lara\"},\"description\":\"Rafael Lara cursa jornalismo na Faculdade C\u00e1sper L\u00edbero. Escreve sobre pol\u00edtica, economia e neg\u00f3cios para o portal Suno Not\u00edcias. Antes, colaborou na TV Gazeta na produ\u00e7\u00e3o do programa Edi\u00e7\u00e3o Extra.\",\"url\":\"https:\/\/www.suno.com.br\/noticias\/author\/rafael\/\"}]}<\/script>\n<!-- \/ Yoast SEO plugin. -->","yoast_head_json":{"title":"Engie Brasil Energia registra recuo no lucro l\u00edquido de 34,6% no 2\u00batri","description":"A Engie Brasil Energia (EGIE3) obteve lucro l\u00edquido de R$ 385,4 milh\u00f5es no segundo trimestre de 2019. Clique para saber mais.","robots":{"index":"index","follow":"follow","max-snippet":"max-snippet:-1","max-image-preview":"max-image-preview:large","max-video-preview":"max-video-preview:-1"},"canonical":"https:\/\/www.suno.com.br\/noticias\/engie-registra-recuo-lucro-liquido-2otri\/","og_locale":"pt_BR","og_type":"article","og_title":"Engie Brasil Energia registra recuo no lucro l\u00edquido de 34,6% no 2\u00batri","og_description":"A Engie Brasil Energia (EGIE3) obteve lucro l\u00edquido de R$ 385,4 milh\u00f5es no segundo trimestre de 2019. Clique para saber mais.","og_url":"https:\/\/www.suno.com.br\/noticias\/engie-registra-recuo-lucro-liquido-2otri\/","og_site_name":"Suno Not\u00edcias","article_publisher":"https:\/\/facebook.com\/sunoresearch","og_image":[{"width":680,"height":453,"url":"https:\/\/files.sunoresearch.com.br\/n\/uploads\/2019\/08\/cb7e8e3f-2017-09-27t143453z_1_lynxnped8q144_rtroptp_3_france-engie.jpg","type":"image\/jpeg"}],"author":"Rafael Lara","twitter_card":"summary_large_image","twitter_creator":"@sunoresearch","twitter_site":"@sunoresearch","twitter_misc":{"Escrito por":"Rafael Lara","Est. tempo de leitura":"2 minutos"},"schema":{"@context":"https:\/\/schema.org","@graph":[{"@type":"NewsArticle","@id":"https:\/\/www.suno.com.br\/noticias\/engie-registra-recuo-lucro-liquido-2otri\/#article","isPartOf":{"@id":"https:\/\/www.suno.com.br\/noticias\/engie-registra-recuo-lucro-liquido-2otri\/"},"author":{"name":"Rafael Lara","@id":"https:\/\/www.suno.com.br\/noticias\/#\/schema\/person\/098743caeed97b37f51315c9576c4078"},"headline":"Engie Brasil Energia registra recuo no lucro l\u00edquido de 34,6% no 2\u00batri","datePublished":"2019-08-07T18:21:46+00:00","mainEntityOfPage":{"@id":"https:\/\/www.suno.com.br\/noticias\/engie-registra-recuo-lucro-liquido-2otri\/"},"wordCount":403,"publisher":{"@id":"https:\/\/www.suno.com.br\/noticias\/#organization"},"image":{"@id":"https:\/\/www.suno.com.br\/noticias\/engie-registra-recuo-lucro-liquido-2otri\/#primaryimage"},"thumbnailUrl":"https:\/\/files.sunoresearch.com.br\/n\/uploads\/2019\/08\/cb7e8e3f-2017-09-27t143453z_1_lynxnped8q144_rtroptp_3_france-engie-jpg.webp","keywords":["Engie (EGIE3)","Petrobras (PETR4)","Resultado das empresas","TAG"],"articleSection":["Neg\u00f3cios"],"inLanguage":"pt-BR"},{"@type":"WebPage","@id":"https:\/\/www.suno.com.br\/noticias\/engie-registra-recuo-lucro-liquido-2otri\/","url":"https:\/\/www.suno.com.br\/noticias\/engie-registra-recuo-lucro-liquido-2otri\/","name":"Engie Brasil Energia registra recuo no lucro l\u00edquido de 34,6% no 2\u00batri","isPartOf":{"@id":"https:\/\/www.suno.com.br\/noticias\/#website"},"primaryImageOfPage":{"@id":"https:\/\/www.suno.com.br\/noticias\/engie-registra-recuo-lucro-liquido-2otri\/#primaryimage"},"image":{"@id":"https:\/\/www.suno.com.br\/noticias\/engie-registra-recuo-lucro-liquido-2otri\/#primaryimage"},"thumbnailUrl":"https:\/\/files.sunoresearch.com.br\/n\/uploads\/2019\/08\/cb7e8e3f-2017-09-27t143453z_1_lynxnped8q144_rtroptp_3_france-engie-jpg.webp","datePublished":"2019-08-07T18:21:46+00:00","description":"A Engie Brasil Energia (EGIE3) obteve lucro l\u00edquido de R$ 385,4 milh\u00f5es no segundo trimestre de 2019. Clique para saber mais.","breadcrumb":{"@id":"https:\/\/www.suno.com.br\/noticias\/engie-registra-recuo-lucro-liquido-2otri\/#breadcrumb"},"inLanguage":"pt-BR","potentialAction":[{"@type":"ReadAction","target":["https:\/\/www.suno.com.br\/noticias\/engie-registra-recuo-lucro-liquido-2otri\/"]}]},{"@type":"ImageObject","inLanguage":"pt-BR","@id":"https:\/\/www.suno.com.br\/noticias\/engie-registra-recuo-lucro-liquido-2otri\/#primaryimage","url":"https:\/\/files.sunoresearch.com.br\/n\/uploads\/2019\/08\/cb7e8e3f-2017-09-27t143453z_1_lynxnped8q144_rtroptp_3_france-engie-jpg.webp","contentUrl":"https:\/\/files.sunoresearch.com.br\/n\/uploads\/2019\/08\/cb7e8e3f-2017-09-27t143453z_1_lynxnped8q144_rtroptp_3_france-engie-jpg.webp","width":680,"height":453,"caption":"Sede Engie"},{"@type":"BreadcrumbList","@id":"https:\/\/www.suno.com.br\/noticias\/engie-registra-recuo-lucro-liquido-2otri\/#breadcrumb","itemListElement":[{"@type":"ListItem","position":1,"name":"Not\u00edcias","item":"https:\/\/www.suno.com.br\/noticias\/"},{"@type":"ListItem","position":2,"name":"Neg\u00f3cios","item":"https:\/\/www.suno.com.br\/noticias\/negocios\/"},{"@type":"ListItem","position":3,"name":"Engie Brasil Energia registra recuo no lucro l\u00edquido de 34,6% no 2\u00batri"}]},{"@type":"WebSite","@id":"https:\/\/www.suno.com.br\/noticias\/#website","url":"https:\/\/www.suno.com.br\/noticias\/","name":"Suno Not\u00edcias","description":"Seu portal de informa\u00e7\u00e3o sobre o mundo dos investimentos","publisher":{"@id":"https:\/\/www.suno.com.br\/noticias\/#organization"},"potentialAction":[{"@type":"SearchAction","target":{"@type":"EntryPoint","urlTemplate":"https:\/\/www.suno.com.br\/noticias\/?s={search_term_string}"},"query-input":{"@type":"PropertyValueSpecification","valueRequired":true,"valueName":"search_term_string"}}],"inLanguage":"pt-BR"},{"@type":"Organization","@id":"https:\/\/www.suno.com.br\/noticias\/#organization","name":"Suno Not\u00edcias","url":"https:\/\/www.suno.com.br\/noticias\/","logo":{"@type":"ImageObject","inLanguage":"pt-BR","@id":"https:\/\/www.suno.com.br\/noticias\/#\/schema\/logo\/image\/","url":"https:\/\/files.sunoresearch.com.br\/n\/uploads\/2021\/09\/suno-logo.png","contentUrl":"https:\/\/files.sunoresearch.com.br\/n\/uploads\/2021\/09\/suno-logo.png","width":180,"height":180,"caption":"Suno Not\u00edcias"},"image":{"@id":"https:\/\/www.suno.com.br\/noticias\/#\/schema\/logo\/image\/"},"sameAs":["https:\/\/facebook.com\/sunoresearch","https:\/\/x.com\/sunoresearch","https:\/\/www.instagram.com\/suno","https:\/\/www.linkedin.com\/company\/suno-research\/","https:\/\/www.youtube.com\/c\/sunoresearch"]},{"@type":"Person","@id":"https:\/\/www.suno.com.br\/noticias\/#\/schema\/person\/098743caeed97b37f51315c9576c4078","name":"Rafael Lara","image":{"@type":"ImageObject","inLanguage":"pt-BR","@id":"https:\/\/www.suno.com.br\/noticias\/#\/schema\/person\/image\/","url":"https:\/\/secure.gravatar.com\/avatar\/dfc254ab9bb2ea1895d98b9e9dae4bdd?s=96&r=g","contentUrl":"https:\/\/secure.gravatar.com\/avatar\/dfc254ab9bb2ea1895d98b9e9dae4bdd?s=96&r=g","caption":"Rafael Lara"},"description":"Rafael Lara cursa jornalismo na Faculdade C\u00e1sper L\u00edbero. Escreve sobre pol\u00edtica, economia e neg\u00f3cios para o portal Suno Not\u00edcias. Antes, colaborou na TV Gazeta na produ\u00e7\u00e3o do programa Edi\u00e7\u00e3o Extra.","url":"https:\/\/www.suno.com.br\/noticias\/author\/rafael\/"}]}},"default_loop_html":"<div class=\"cardsPage__listCard__boxs\"><div class=\"cardsPage__listCard__boxs__img\"><a href=\"https:\/\/www.suno.com.br\/noticias\/engie-registra-recuo-lucro-liquido-2otri\/\"><img class=\"mask\" src=\"https:\/\/www.suno.com.br\/noticias\/wp-content\/themes\/suno\/resources\/images\/spotlight\/spotlight1img\/bg-mask.png\" alt=\"Image Mask\"\/><img src=\"https:\/\/files.sunoresearch.com.br\/n\/uploads\/2019\/08\/cb7e8e3f-2017-09-27t143453z_1_lynxnped8q144_rtroptp_3_france-engie-400x200.webp\" alt=\"Engie Brasil Energia registra recuo no lucro l\u00edquido de 34,6% no 2\u00batri\"\/><\/a><span class=\"spotlightCategory\"><a href=\"https:\/\/www.suno.com.br\/noticias\/negocios\/\">Neg\u00f3cios<\/a><\/span><\/div><div class=\"cardsPage__listCard__boxs__content\"><a href=\"https:\/\/www.suno.com.br\/noticias\/engie-registra-recuo-lucro-liquido-2otri\/\"><h2 class=\"content__title\">Engie Brasil Energia registra recuo no lucro l\u00edquido de 34,6% no 2\u00batri<\/h2><\/a><div class=\"newsContent__article__meta\"><div class=\"newsContent__article__meta__authorBox\"><a href=\"https:\/\/www.suno.com.br\/noticias\/author\/rafael\/\" class=\"authorBox__avatar noMobi\"><img src=\"https:\/\/secure.gravatar.com\/avatar\/dfc254ab9bb2ea1895d98b9e9dae4bdd?s=96&#038;r=g\" alt=\"Rafael Lara\"><\/a><div class=\"authorBox__name\"><span>por\n\t\t\t<a href=\"https:\/\/www.suno.com.br\/noticias\/author\/rafael\/\"><span itemprop=\"author\">Rafael Lara<\/span><\/a><\/span><time datetime=\"2019-08-07T15:21:46-03:00\" itemprop=\"datePublished\">07\/08\/2019 15:21<\/time><\/div><\/div><\/div><\/div><\/div>","single_layout":"posts","amp_enabled":true,"_links":{"self":[{"href":"https:\/\/www.suno.com.br\/noticias\/wp-json\/wp\/v2\/posts\/33210"}],"collection":[{"href":"https:\/\/www.suno.com.br\/noticias\/wp-json\/wp\/v2\/posts"}],"about":[{"href":"https:\/\/www.suno.com.br\/noticias\/wp-json\/wp\/v2\/types\/post"}],"author":[{"embeddable":true,"href":"https:\/\/www.suno.com.br\/noticias\/wp-json\/wp\/v2\/users\/23"}],"replies":[{"embeddable":true,"href":"https:\/\/www.suno.com.br\/noticias\/wp-json\/wp\/v2\/comments?post=33210"}],"version-history":[{"count":0,"href":"https:\/\/www.suno.com.br\/noticias\/wp-json\/wp\/v2\/posts\/33210\/revisions"}],"wp:featuredmedia":[{"embeddable":true,"href":"https:\/\/www.suno.com.br\/noticias\/wp-json\/wp\/v2\/media\/33218"}],"wp:attachment":[{"href":"https:\/\/www.suno.com.br\/noticias\/wp-json\/wp\/v2\/media?parent=33210"}],"wp:term":[{"taxonomy":"category","embeddable":true,"href":"https:\/\/www.suno.com.br\/noticias\/wp-json\/wp\/v2\/categories?post=33210"},{"taxonomy":"post_tag","embeddable":true,"href":"https:\/\/www.suno.com.br\/noticias\/wp-json\/wp\/v2\/tags?post=33210"},{"taxonomy":"suno_strategy","embeddable":true,"href":"https:\/\/www.suno.com.br\/noticias\/wp-json\/wp\/v2\/suno_strategy?post=33210"}],"curies":[{"name":"wp","href":"https:\/\/api.w.org\/{rel}","templated":true}]}}