{"id":332020,"date":"2022-12-09T11:48:05","date_gmt":"2022-12-09T14:48:05","guid":{"rendered":"https:\/\/www.suno.com.br\/noticias\/?p=332020"},"modified":"2022-12-09T11:48:10","modified_gmt":"2022-12-09T14:48:10","slug":"fundo-verde-luis-stuhlberger-lula","status":"publish","type":"post","link":"https:\/\/www.suno.com.br\/noticias\/fundo-verde-luis-stuhlberger-lula\/","title":{"rendered":"Fundo Verde: PT n\u00e3o aprendeu nada com o desastre do governo Dilma e &#8216;n\u00e3o h\u00e1 nenhuma responsabilidade fiscal&#8217;"},"content":{"rendered":"<p>Ap\u00f3s declara\u00e7\u00f5es que ocasionaram a maior alta do d\u00f3lar desde mar\u00e7o de 2020 e em uma transi\u00e7\u00e3o conturbada com sinaliza\u00e7\u00f5es de um rombo fiscal maior, o <strong><a href=\"https:\/\/www.suno.com.br\/noticias\/tags\/fundo-verde\/\" target=\"_blank\" rel=\"noreferrer noopener\">Fundo Verde<\/a><\/strong> sinalizou que reduziu sua exposi\u00e7\u00e3o em ativos brasileiros e criticou duramente a postura do governo eleito.<\/p><div class=\"videoFull \">\n\t\t\t<div class=\"videoWrapper yt-lazyload center\"\n\t\t\t\tdata-width=\"960\"\n\t\t\t\tdata-height=\"540\"\n\t\t\t\tdata-id=\"SzsQOMIT94U\"\n\t\t\t\tdata-alt=\"V\u00eddeo do YouTube - clique para reproduzir\"\n\t\t\t\tdata-logo=\"3\"\n\t\t\t\tdata-imagequality=\"maxres\">\n\t\t\t<\/div>\n\t\t<\/div><script type=\"application\/ld+json\">{\"@context\":\"https:\/\/schema.org\",\"@type\":\"VideoObject\",\"name\":\"FERNANDO HADDAD SER\u00c1 O MINISTRO DA FAZENDA DE LULA | Breaking News\",\"description\":\"#breakingnews #Not\u00edcias #fernandohaddad #lula #ministrodaeconomia #fazenda #economia #brasil #investimentos #pol\u00edtica \ud835\udc08\ud835\udc0d\ud835\udc12\ud835\udc02\ud835\udc11\ud835\udc04\ud835\udc15\ud835\udc00-\ud835\udc12\ud835\udc04 \ud835\udc0d\ud835\udc0e \ud835\udc02\ud835\udc00\ud835\udc0d\ud835\udc00\ud835\udc0b \ud835\udc04 \ud835\udc00\ud835\udc13\ud835\udc08\ud835\udc15\ud835\udc04 \ud835\udc0e \ud835\udc12\ud835\udc08\ud835\udc0d\ud835\udc0e \ud83d\udc47 https:\/\/bit.ly\/INSCREVA-SEATIVEOSINO \ud83d\udcda \ud83d\udcb8 \ud83d\udcca \ud835\udde3\ud835\udddf\ud835\uddd4\ud835\udde1\ud835\udddc\ud835\udddf\ud835\udddb\ud835\uddd4 \ud835\uddd7\ud835\uddd8 \ud835\uddd6\ud835\udde2\ud835\udde1\ud835\udde7\ud835\udde5\ud835\udde2\ud835\udddf\ud835\uddd8 \ud835\uddd9\ud835\udddc\ud835\udde1\ud835\uddd4\ud835\udde1\ud835\uddd6\ud835\uddd8\ud835\udddc\ud835\udde5\ud835\udde2: \ud835\uddd5\ud835\uddee\ud835\uddf6\ud835\ude05\ud835\uddf2 \ud835\uddee \ud835\uddfd\ud835\uddf9\ud835\uddee\ud835\uddfb\ud835\uddf6\ud835\uddf9\ud835\uddf5\ud835\uddee AGORA antes que acabe! \ud83d\udc49 https:\/\/lp.suno.com.br\/planilha-da-vida-financeira\/?utm_source=youtube.noticias&utm_medium=live&utm_campaign=planilhadavidafinanceira.20221128&utm_content=ytnoticias.morning.02122022 \ud83d\udcda \ud835\udc04-\ud835\udc1b\ud835\udc28\ud835\udc28\ud835\udc24 \"\ud835\udc02\ud835\udc28\ud835\udc26\ud835\udc28 \ud835\udc22\ud835\udc27\ud835\udc2f\ud835\udc1e\ud835\udc2c\ud835\udc2d\ud835\udc22\ud835\udc2b \ud835\udc1e\ud835\udc26 \ud835\udc03\ud835\udc22\ud835\udc2f\ud835\udc22\ud835\udc1d\ud835\udc1e\ud835\udc27\ud835\udc1d\ud835\udc28\ud835\udc2c?\"\ud83d\udc47 - \ud835\udc1b\ud835\udc1a\ud835\udc22\ud835\udc31\ud835\udc1e \ud835\udc20\ud835\udc2b\ud835\udc1a\ud835\udc2d\ud835\udc2e\ud835\udc22\ud835\udc2d\ud835\udc1a\ud835\udc26\ud835\udc1e\ud835\udc27\ud835\udc2d\ud835\udc1e \ud835\udc1e \ud835\udc1a\ud835\udc29\ud835\udc2b\ud835\udc1e\ud835\udc27\ud835\udc1d\ud835\udc1a: https:\/\/bit.ly\/ebookGRATUITOdoSunoNoticiasComoinvestiremDividendos \ud83d\udc47 \ud835\udc12\ud835\udc22\ud835\udc20\ud835\udc1a \ud835\udc27\ud835\udc28\ud835\udc2c\ud835\udc2c\ud835\udc1a\ud835\udc2c \ud835\udc2b\ud835\udc1e\ud835\udc1d\ud835\udc1e\ud835\udc2c \ud835\udc2c\ud835\udc28\ud835\udc1c\ud835\udc22\ud835\udc1a\ud835\udc22\ud835\udc2c: Portal Suno Not\u00edcias:\u2026\",\"duration\":\"PT11M9S\",\"embedUrl\":\"https:\/\/www.youtube.com\/embed\/SzsQOMIT94U\",\"regionsAllowed\":\"pt-BR\",\"interactionStatistic\":{\"@type\":\"InteractionCounter\",\"interactionType\":{\"@type\":\"WatchAction\"},\"userInteractionCount\":2028},\"thumbnailUrl\":\"https:\/\/i.ytimg.com\/vi\/SzsQOMIT94U\/default.jpg\",\"uploadDate\":\"2022-12-09T14:29:11Z\"}<\/script>\n\n\n\n\n\t<p>\n\t\t<a href=\"\" target=\"_blank\" data-element=\"shortcode-suno-banner\" title=\"Banner SUNO, clique e saiba mais\">\n\t\t\t<picture>\n\t\t\t\t<source media=\"(max-width: 500px)\" srcset=\"\">\n\t\t\t\t<img class=\"newsContent__article__imgCapa newsContent__article__imgCapa--banner\"\n\t\t\t\t\tsrc=\"\"\n\t\t\t\t\tdata-promo-id=\"138420\"\t\t\t\t\t\t\t\t\t\t\t\t\t\t\talt=\"\"\n\t\t\t\t>\n\t\t\t<\/picture>\n\t\t<\/a>\n\t<\/p>\n\n\n\n\n\n<p>&#8220;N\u00e3o h\u00e1 absolutamente nenhum compromisso com qualquer responsabilidade fiscal, e a leitura do preambulo da PEC ainda traz uma p\u00e9rola citando MMT (Teoria Monet\u00e1ria Moderna) como justificativa para essa festa&#8221;, diz a <a href=\"https:\/\/www.verdeasset.com.br\/public\/files\/rel_gestao\/158094\/Verde-REL-2022_11.pdf\" target=\"_blank\" rel=\"noreferrer noopener\">\u00faltima carta de gest\u00e3o do Fundo Verde<\/a>, de <strong><a href=\"https:\/\/www.suno.com.br\/tudo-sobre\/luis-stuhlberger\/\" target=\"_blank\" rel=\"noreferrer noopener\">Luis Stuhlberger<\/a><\/strong>.<\/p>\n\n\n\n<p>&#8220;Um pa\u00eds com a hist\u00f3ria inflacion\u00e1ria do Brasil e taxas de juros de 13,75% brincar com esse tipo de argumento mostra que, definitivamente, o PT n\u00e3o aprendeu nada com o desastre do governo Dilma&#8221;, segue o documento.<\/p>\n\n\n\n<p>Segundo a gest\u00e3o do<a href=\"https:\/\/www.suno.com.br\/artigos\/fundos-multimercados\/\" target=\"_blank\" rel=\"noreferrer noopener\"> <strong>Multimercado Verde FIC FIM<\/strong><\/a>, a &#8220;marcha da insensatez fiscal segue inabalada em Bras\u00edlia&#8221;.<\/p>\n\n\n\n<p>Os gastos de R$ 200 bilh\u00f5es fora do teto foram mal vistos pela gest\u00e3o, que citou as movimenta\u00e7\u00f5es na <a href=\"https:\/\/www.suno.com.br\/noticias\/camara-pec-transicao-analisa\/\" target=\"_blank\" rel=\"noreferrer noopener\">PEC da transi\u00e7\u00e3o<\/a> no Senado.<\/p>\n\n\n\n\t<div data-element=\"shortcode-read-more\" class=\"readToo\">\n\t\t\t\t<span class=\"readToo__title\">Leia mais<\/span>\n\t\t\t\t<ul class=\"readToo__list\">\n\t\t\t<li><a href=\"https:\/\/www.suno.com.br\/noticias\/lula-define-haddad-fazenda\/\">Haddad na Fazenda: Lula confirma ex-prefeito de S\u00e3o Paulo no comando da economia<\/a><\/li><li><a href=\"https:\/\/www.suno.com.br\/noticias\/lula-primeiros-ministros-anuncio\/\">Lula anuncia Haddad, Dino, Rui Costa, M\u00facio e Vieira como ministros<\/a><\/li><li><a href=\"https:\/\/www.suno.com.br\/noticias\/stuhlberger-lula-vencer-revisao-tributos-agronegocio\/\">Stuhlberger: se Lula vencer, haver\u00e1 revis\u00e3o de tributos no agroneg\u00f3cio<\/a><\/li><li><a href=\"https:\/\/www.suno.com.br\/noticias\/fundo-verde-rentabilidade-multimercado-retorno\/\">Fundo Verde \u00e9 o multimercado mais rent\u00e1vel, com retorno de 23% ao ano<\/a><\/li><li><a href=\"https:\/\/www.suno.com.br\/noticias\/stuhlberger-lula-eleicoes\/\">Stuhlberger v\u00ea maior risco em vit\u00f3ria apertada de Lula e cita poss\u00edveis problemas com contesta\u00e7\u00e3o de elei\u00e7\u00e3o<\/a><\/li>\t\t<\/ul>\n\t<\/div>\n\n\n\n\n<p>Com isso, o fundo reduziu exposi\u00e7\u00e3o na <strong>bolsa brasileira<\/strong>, e manteve a posi\u00e7\u00e3o vendida na bolsa americana.<\/p>\n\n\n\n<p>&#8220;Mantivemos posi\u00e7\u00e3o comprada em infla\u00e7\u00e3o impl\u00edcita no Brasil, adicionamos uma pequena posi\u00e7\u00e3o aplicada em juro real, e continuamos tomados em juros na Europa, comprados em ouro e <a href=\"https:\/\/www.suno.com.br\/noticias\/petroleo-fecha-baixa-queda-preco-brent\/\" target=\"_blank\" rel=\"noreferrer noopener\">petr\u00f3leo<\/a>. Continuamos vendidos no Euro e comprados em Real. A posi\u00e7\u00e3o em cr\u00e9dito high yield americano foi reduzida, enquanto o portf\u00f3lio no Brasil permanece o mesmo&#8221;, diz a gest\u00e3o do Fundo Verde.<\/p>\n\n\n\n<p>O Verde caiu 0,3% em novembro, ante uma alta de 1,02% do <a href=\"https:\/\/www.suno.com.br\/guias\/cdi\/\" target=\"_blank\" rel=\"noreferrer noopener\">CDI<\/a>. No acumulado de 2022 o fundo ganha do <a href=\"https:\/\/www.suno.com.br\/artigos\/benchmark\/\" target=\"_blank\" rel=\"noreferrer noopener\">benchmark<\/a>, contudo, com 14,8% de rentabilidade ante 11,1% do CDI.<\/p>\n\n\n\t<p>\n\t\t<a href=\"https:\/\/lp.suno.com.br\/planilha-controle-gastos\/\" target=\"_blank\" data-element=\"shortcode-suno-banner\" title=\"Banner SUNO, clique e saiba mais\">\n\t\t\t<picture>\n\t\t\t\t<source media=\"(max-width: 500px)\" srcset=\"https:\/\/files.sunoresearch.com.br\/n\/uploads\/2023\/03\/400x300-Planilha-controle-de-gastos.png\">\n\t\t\t\t<img class=\"newsContent__article__imgCapa newsContent__article__imgCapa--banner\"\n\t\t\t\t\tsrc=\"https:\/\/files.sunoresearch.com.br\/n\/uploads\/2023\/03\/1420x240-Planilha-controle-de-gastos.png\"\n\t\t\t\t\tdata-promo-id=\"101751\"\t\t\t\t\t\t\t\t\t\twidth='1420' height='240'\t\t\t\t\talt=\"https:\/\/files.sunoresearch.com.br\/n\/uploads\/2023\/03\/1420x240-Planilha-controle-de-gastos.png\"\n\t\t\t\t>\n\t\t\t<\/picture>\n\t\t<\/a>\n\t<\/p>\n\n\n\n\n\n<h2 class=\"wp-block-heading\" id=\"h-gestor-do-fundo-verde-viu-melhora-inicial-com-lula\">Gestor do Fundo Verde viu &#8216;melhora inicial&#8217; com Lula<\/h2>\n\n\n\n<p>Durante a corrida eleitoral, Luis <strong>Stuhlberger <\/strong>disse que se arrependeu de ter votado em Jair Bolsonaro (PL) em 2018.<\/p>\n\n\n\n<p>Apesar de n\u00e3o ter declarado voto em <a href=\"https:\/\/www.suno.com.br\/noticias\/lula-define-haddad-fazenda\/\">Lula<\/a>, como alguns integrantes do mercado, citou que uma eventual vit\u00f3ria do petista seria positiva para a Bolsa em um primeiro momento.<\/p>\n\n\n\n<p>\u201cAcredito que ele [Lula] n\u00e3o ser\u00e1 radical em um primeiro momento, mas depois vai ser dif\u00edcil\u201d, disse o gestor durante o Congresso MKBR22, promovido por B3 e Anbima (Associa\u00e7\u00e3o Brasileira das Entidades dos Mercados Financeiro e de Capitais).<\/p>\n\n\n\n<p>\u201cEu acredito piamente que ela [reforma tribut\u00e1ria] vai ser feita ano que vem caso o Lula ganhe a elei\u00e7\u00e3o\u201d, acrescentou.<\/p>\n\n\n\n<p>Al\u00e9m disso, o <strong>gestor do Fundo Verde<\/strong> disse que a prioridade da gest\u00e3o do <strong>governo Lula<\/strong> \u00e9 refazer o Fies e investir em educa\u00e7\u00e3o e que &#8216;n\u00e3o h\u00e1 sa\u00edda&#8217; al\u00e9m de uma melhora no crescimento do Produto Interno Bruto (PIB).<\/p>\n\n\n\n<p>&#8220;N\u00e3o temos sa\u00edda para o Brasil melhorar a n\u00e3o ser torcer para o PIB crescer&#8221;, disse o gestor do <strong>Fundo Verde<\/strong>, \u00e0 \u00e9poca.<\/p>\n\n\n\t<p>\n\t\t<a href=\"https:\/\/lp.suno.com.br\/planilha-da-vida-financeira\/\" target=\"_blank\" data-element=\"shortcode-suno-banner\" title=\"Banner SUNO, clique e saiba mais\">\n\t\t\t<picture>\n\t\t\t\t<source media=\"(max-width: 500px)\" srcset=\"https:\/\/files.sunoresearch.com.br\/n\/uploads\/2023\/04\/400x300-Planilha-vida-financeira-true.png\">\n\t\t\t\t<img class=\"newsContent__article__imgCapa newsContent__article__imgCapa--banner\"\n\t\t\t\t\tsrc=\"https:\/\/files.sunoresearch.com.br\/n\/uploads\/2023\/04\/1420x240-Planilha-vida-financeira-true.png\"\n\t\t\t\t\tdata-promo-id=\"106682\"\t\t\t\t\t\t\t\t\t\twidth='1420' height='240'\t\t\t\t\talt=\"https:\/\/files.sunoresearch.com.br\/n\/uploads\/2023\/04\/1420x240-Planilha-vida-financeira-true.png\"\n\t\t\t\t>\n\t\t\t<\/picture>\n\t\t<\/a>\n\t<\/p>\n\n\n","protected":false},"excerpt":{"rendered":"<p>Ap\u00f3s declara\u00e7\u00f5es que ocasionaram a maior alta do d\u00f3lar desde mar\u00e7o de 2020 e em uma transi\u00e7\u00e3o conturbada com sinaliza\u00e7\u00f5es de um rombo fiscal maior, o Fundo Verde sinalizou que reduziu sua exposi\u00e7\u00e3o em ativos brasileiros e criticou duramente a postura do governo eleito. &#8220;N\u00e3o h\u00e1 absolutamente nenhum compromisso com qualquer responsabilidade fiscal, e a [&hellip;]<\/p>\n","protected":false},"author":73,"featured_media":221085,"comment_status":"closed","ping_status":"closed","sticky":false,"template":"","format":"standard","meta":[],"categories":[60],"tags":[105816,105757,338,709],"suno_strategy":[],"class_list":["post-332020","post","type-post","status-publish","format-standard","has-post-thumbnail","hentry","category-mercado","tag-especialistas","tag-fundo-verde","tag-luis-stuhlberger","tag-lula"],"yoast_head":"<!-- This site is optimized with the Yoast SEO plugin v24.4 - https:\/\/yoast.com\/wordpress\/plugins\/seo\/ -->\n<title>Fundo Verde: PT n\u00e3o aprendeu nada com o desastre do governo Dilma<\/title>\n<meta name=\"description\" content=\"Durante a corrida eleitoral, o gestor do Fundo Verde disse que se arrependeu de ter votado em Jair Bolsonaro (PL) em 2018. Confira!\" \/>\n<meta name=\"robots\" content=\"index, follow, max-snippet:-1, max-image-preview:large, max-video-preview:-1\" \/>\n<link rel=\"canonical\" href=\"https:\/\/www.suno.com.br\/noticias\/fundo-verde-luis-stuhlberger-lula\/\" \/>\n<meta property=\"og:locale\" content=\"pt_BR\" \/>\n<meta property=\"og:type\" content=\"article\" \/>\n<meta property=\"og:title\" content=\"Fundo Verde: PT n\u00e3o aprendeu nada com o desastre do governo Dilma\" \/>\n<meta property=\"og:description\" content=\"Durante a corrida eleitoral, o gestor do Fundo Verde disse que se arrependeu de ter votado em Jair Bolsonaro (PL) em 2018. Confira!\" \/>\n<meta property=\"og:url\" content=\"https:\/\/www.suno.com.br\/noticias\/fundo-verde-luis-stuhlberger-lula\/\" \/>\n<meta property=\"og:site_name\" content=\"Suno Not\u00edcias\" \/>\n<meta property=\"article:publisher\" content=\"https:\/\/facebook.com\/sunoresearch\" \/>\n<meta property=\"og:image\" content=\"https:\/\/files.sunoresearch.com.br\/n\/uploads\/2022\/01\/11L0183.jpg\" \/>\n\t<meta property=\"og:image:width\" content=\"1280\" \/>\n\t<meta property=\"og:image:height\" content=\"853\" \/>\n\t<meta property=\"og:image:type\" content=\"image\/jpeg\" \/>\n<meta name=\"author\" content=\"Eduardo Vargas\" \/>\n<meta name=\"twitter:card\" content=\"summary_large_image\" \/>\n<meta name=\"twitter:creator\" content=\"@sunoresearch\" \/>\n<meta name=\"twitter:site\" content=\"@sunoresearch\" \/>\n<meta name=\"twitter:label1\" content=\"Escrito por\" \/>\n\t<meta name=\"twitter:data1\" content=\"Eduardo Vargas\" \/>\n\t<meta name=\"twitter:label2\" content=\"Est. tempo de leitura\" \/>\n\t<meta name=\"twitter:data2\" content=\"3 minutos\" \/>\n<script type=\"application\/ld+json\" class=\"yoast-schema-graph\">{\"@context\":\"https:\/\/schema.org\",\"@graph\":[{\"@type\":\"NewsArticle\",\"@id\":\"https:\/\/www.suno.com.br\/noticias\/fundo-verde-luis-stuhlberger-lula\/#article\",\"isPartOf\":{\"@id\":\"https:\/\/www.suno.com.br\/noticias\/fundo-verde-luis-stuhlberger-lula\/\"},\"author\":{\"name\":\"Eduardo Vargas\",\"@id\":\"https:\/\/www.suno.com.br\/noticias\/#\/schema\/person\/7f4d362bf3518e76090143ae77bb49a5\"},\"headline\":\"Fundo Verde: PT n\u00e3o aprendeu nada com o desastre do governo Dilma e &#8216;n\u00e3o h\u00e1 nenhuma responsabilidade fiscal&#8217;\",\"datePublished\":\"2022-12-09T14:48:05+00:00\",\"dateModified\":\"2022-12-09T14:48:10+00:00\",\"mainEntityOfPage\":{\"@id\":\"https:\/\/www.suno.com.br\/noticias\/fundo-verde-luis-stuhlberger-lula\/\"},\"wordCount\":515,\"publisher\":{\"@id\":\"https:\/\/www.suno.com.br\/noticias\/#organization\"},\"image\":{\"@id\":\"https:\/\/www.suno.com.br\/noticias\/fundo-verde-luis-stuhlberger-lula\/#primaryimage\"},\"thumbnailUrl\":\"https:\/\/files.sunoresearch.com.br\/n\/uploads\/2022\/01\/11L0183.jpg\",\"keywords\":[\"Especialistas\",\"Fundo Verde\",\"Luis Stuhlberger\",\"Lula\"],\"articleSection\":[\"Mercado\"],\"inLanguage\":\"pt-BR\"},{\"@type\":\"WebPage\",\"@id\":\"https:\/\/www.suno.com.br\/noticias\/fundo-verde-luis-stuhlberger-lula\/\",\"url\":\"https:\/\/www.suno.com.br\/noticias\/fundo-verde-luis-stuhlberger-lula\/\",\"name\":\"Fundo Verde: PT n\u00e3o aprendeu nada com o desastre do governo Dilma\",\"isPartOf\":{\"@id\":\"https:\/\/www.suno.com.br\/noticias\/#website\"},\"primaryImageOfPage\":{\"@id\":\"https:\/\/www.suno.com.br\/noticias\/fundo-verde-luis-stuhlberger-lula\/#primaryimage\"},\"image\":{\"@id\":\"https:\/\/www.suno.com.br\/noticias\/fundo-verde-luis-stuhlberger-lula\/#primaryimage\"},\"thumbnailUrl\":\"https:\/\/files.sunoresearch.com.br\/n\/uploads\/2022\/01\/11L0183.jpg\",\"datePublished\":\"2022-12-09T14:48:05+00:00\",\"dateModified\":\"2022-12-09T14:48:10+00:00\",\"description\":\"Durante a corrida eleitoral, o gestor do Fundo Verde disse que se arrependeu de ter votado em Jair Bolsonaro (PL) em 2018. Confira!\",\"breadcrumb\":{\"@id\":\"https:\/\/www.suno.com.br\/noticias\/fundo-verde-luis-stuhlberger-lula\/#breadcrumb\"},\"inLanguage\":\"pt-BR\",\"potentialAction\":[{\"@type\":\"ReadAction\",\"target\":[\"https:\/\/www.suno.com.br\/noticias\/fundo-verde-luis-stuhlberger-lula\/\"]}]},{\"@type\":\"ImageObject\",\"inLanguage\":\"pt-BR\",\"@id\":\"https:\/\/www.suno.com.br\/noticias\/fundo-verde-luis-stuhlberger-lula\/#primaryimage\",\"url\":\"https:\/\/files.sunoresearch.com.br\/n\/uploads\/2022\/01\/11L0183.jpg\",\"contentUrl\":\"https:\/\/files.sunoresearch.com.br\/n\/uploads\/2022\/01\/11L0183.jpg\",\"width\":1280,\"height\":853,\"caption\":\"Luis Stuhlberger, do Fundo Verde, acumula rentabilidade de mais de 20.000% mesclando aloca\u00e7\u00f5es em renda fixa, a\u00e7\u00f5es e c\u00e2mbio - Foto: Reprodu\u00e7\u00e3o\"},{\"@type\":\"BreadcrumbList\",\"@id\":\"https:\/\/www.suno.com.br\/noticias\/fundo-verde-luis-stuhlberger-lula\/#breadcrumb\",\"itemListElement\":[{\"@type\":\"ListItem\",\"position\":1,\"name\":\"Not\u00edcias\",\"item\":\"https:\/\/www.suno.com.br\/noticias\/\"},{\"@type\":\"ListItem\",\"position\":2,\"name\":\"Mercado\",\"item\":\"https:\/\/www.suno.com.br\/noticias\/mercado\/\"},{\"@type\":\"ListItem\",\"position\":3,\"name\":\"Fundo Verde: PT n\u00e3o aprendeu nada com o desastre do governo Dilma e &#8216;n\u00e3o h\u00e1 nenhuma responsabilidade fiscal&#8217;\"}]},{\"@type\":\"WebSite\",\"@id\":\"https:\/\/www.suno.com.br\/noticias\/#website\",\"url\":\"https:\/\/www.suno.com.br\/noticias\/\",\"name\":\"Suno Not\u00edcias\",\"description\":\"Seu portal de informa\u00e7\u00e3o sobre o mundo dos investimentos\",\"publisher\":{\"@id\":\"https:\/\/www.suno.com.br\/noticias\/#organization\"},\"potentialAction\":[{\"@type\":\"SearchAction\",\"target\":{\"@type\":\"EntryPoint\",\"urlTemplate\":\"https:\/\/www.suno.com.br\/noticias\/?s={search_term_string}\"},\"query-input\":{\"@type\":\"PropertyValueSpecification\",\"valueRequired\":true,\"valueName\":\"search_term_string\"}}],\"inLanguage\":\"pt-BR\"},{\"@type\":\"Organization\",\"@id\":\"https:\/\/www.suno.com.br\/noticias\/#organization\",\"name\":\"Suno Not\u00edcias\",\"url\":\"https:\/\/www.suno.com.br\/noticias\/\",\"logo\":{\"@type\":\"ImageObject\",\"inLanguage\":\"pt-BR\",\"@id\":\"https:\/\/www.suno.com.br\/noticias\/#\/schema\/logo\/image\/\",\"url\":\"https:\/\/files.sunoresearch.com.br\/n\/uploads\/2021\/09\/suno-logo.png\",\"contentUrl\":\"https:\/\/files.sunoresearch.com.br\/n\/uploads\/2021\/09\/suno-logo.png\",\"width\":180,\"height\":180,\"caption\":\"Suno Not\u00edcias\"},\"image\":{\"@id\":\"https:\/\/www.suno.com.br\/noticias\/#\/schema\/logo\/image\/\"},\"sameAs\":[\"https:\/\/facebook.com\/sunoresearch\",\"https:\/\/x.com\/sunoresearch\",\"https:\/\/www.instagram.com\/suno\",\"https:\/\/www.linkedin.com\/company\/suno-research\/\",\"https:\/\/www.youtube.com\/c\/sunoresearch\"]},{\"@type\":\"Person\",\"@id\":\"https:\/\/www.suno.com.br\/noticias\/#\/schema\/person\/7f4d362bf3518e76090143ae77bb49a5\",\"name\":\"Eduardo Vargas\",\"image\":{\"@type\":\"ImageObject\",\"inLanguage\":\"pt-BR\",\"@id\":\"https:\/\/www.suno.com.br\/noticias\/#\/schema\/person\/image\/\",\"url\":\"https:\/\/secure.gravatar.com\/avatar\/dac340933427a22924c9f99d1eb2e3f2?s=96&r=g\",\"contentUrl\":\"https:\/\/secure.gravatar.com\/avatar\/dac340933427a22924c9f99d1eb2e3f2?s=96&r=g\",\"caption\":\"Eduardo Vargas\"},\"description\":\"Jornalista formado pela UFSC, cobre macroeconomia, neg\u00f3cios e startups para o Suno Not\u00edcias, escrevendo principalmente not\u00edcias sobre o mercado financeiro e a bolsa de valores. No YouTube e no Instagram, \u00e9 respons\u00e1vel pela produ\u00e7\u00e3o de Reels e Shorts do Suno Not\u00edcias. Anteriormente, trabalhou cobrindo economia e cotidiano no ND+ e para o ND, maior jornal impresso de Santa Catarina. Cursou um semestre letivo de Estudos de M\u00eddia na Universidad de Buenos Aires.\",\"url\":\"https:\/\/www.suno.com.br\/noticias\/author\/eduardo-vargas\/\"}]}<\/script>\n<!-- \/ Yoast SEO plugin. -->","yoast_head_json":{"title":"Fundo Verde: PT n\u00e3o aprendeu nada com o desastre do governo Dilma","description":"Durante a corrida eleitoral, o gestor do Fundo Verde disse que se arrependeu de ter votado em Jair Bolsonaro (PL) em 2018. Confira!","robots":{"index":"index","follow":"follow","max-snippet":"max-snippet:-1","max-image-preview":"max-image-preview:large","max-video-preview":"max-video-preview:-1"},"canonical":"https:\/\/www.suno.com.br\/noticias\/fundo-verde-luis-stuhlberger-lula\/","og_locale":"pt_BR","og_type":"article","og_title":"Fundo Verde: PT n\u00e3o aprendeu nada com o desastre do governo Dilma","og_description":"Durante a corrida eleitoral, o gestor do Fundo Verde disse que se arrependeu de ter votado em Jair Bolsonaro (PL) em 2018. Confira!","og_url":"https:\/\/www.suno.com.br\/noticias\/fundo-verde-luis-stuhlberger-lula\/","og_site_name":"Suno Not\u00edcias","article_publisher":"https:\/\/facebook.com\/sunoresearch","og_image":[{"width":1280,"height":853,"url":"https:\/\/files.sunoresearch.com.br\/n\/uploads\/2022\/01\/11L0183.jpg","type":"image\/jpeg"}],"author":"Eduardo Vargas","twitter_card":"summary_large_image","twitter_creator":"@sunoresearch","twitter_site":"@sunoresearch","twitter_misc":{"Escrito por":"Eduardo Vargas","Est. tempo de leitura":"3 minutos"},"schema":{"@context":"https:\/\/schema.org","@graph":[{"@type":"NewsArticle","@id":"https:\/\/www.suno.com.br\/noticias\/fundo-verde-luis-stuhlberger-lula\/#article","isPartOf":{"@id":"https:\/\/www.suno.com.br\/noticias\/fundo-verde-luis-stuhlberger-lula\/"},"author":{"name":"Eduardo Vargas","@id":"https:\/\/www.suno.com.br\/noticias\/#\/schema\/person\/7f4d362bf3518e76090143ae77bb49a5"},"headline":"Fundo Verde: PT n\u00e3o aprendeu nada com o desastre do governo Dilma e &#8216;n\u00e3o h\u00e1 nenhuma responsabilidade fiscal&#8217;","datePublished":"2022-12-09T14:48:05+00:00","dateModified":"2022-12-09T14:48:10+00:00","mainEntityOfPage":{"@id":"https:\/\/www.suno.com.br\/noticias\/fundo-verde-luis-stuhlberger-lula\/"},"wordCount":515,"publisher":{"@id":"https:\/\/www.suno.com.br\/noticias\/#organization"},"image":{"@id":"https:\/\/www.suno.com.br\/noticias\/fundo-verde-luis-stuhlberger-lula\/#primaryimage"},"thumbnailUrl":"https:\/\/files.sunoresearch.com.br\/n\/uploads\/2022\/01\/11L0183.jpg","keywords":["Especialistas","Fundo Verde","Luis Stuhlberger","Lula"],"articleSection":["Mercado"],"inLanguage":"pt-BR"},{"@type":"WebPage","@id":"https:\/\/www.suno.com.br\/noticias\/fundo-verde-luis-stuhlberger-lula\/","url":"https:\/\/www.suno.com.br\/noticias\/fundo-verde-luis-stuhlberger-lula\/","name":"Fundo Verde: PT n\u00e3o aprendeu nada com o desastre do governo Dilma","isPartOf":{"@id":"https:\/\/www.suno.com.br\/noticias\/#website"},"primaryImageOfPage":{"@id":"https:\/\/www.suno.com.br\/noticias\/fundo-verde-luis-stuhlberger-lula\/#primaryimage"},"image":{"@id":"https:\/\/www.suno.com.br\/noticias\/fundo-verde-luis-stuhlberger-lula\/#primaryimage"},"thumbnailUrl":"https:\/\/files.sunoresearch.com.br\/n\/uploads\/2022\/01\/11L0183.jpg","datePublished":"2022-12-09T14:48:05+00:00","dateModified":"2022-12-09T14:48:10+00:00","description":"Durante a corrida eleitoral, o gestor do Fundo Verde disse que se arrependeu de ter votado em Jair Bolsonaro (PL) em 2018. Confira!","breadcrumb":{"@id":"https:\/\/www.suno.com.br\/noticias\/fundo-verde-luis-stuhlberger-lula\/#breadcrumb"},"inLanguage":"pt-BR","potentialAction":[{"@type":"ReadAction","target":["https:\/\/www.suno.com.br\/noticias\/fundo-verde-luis-stuhlberger-lula\/"]}]},{"@type":"ImageObject","inLanguage":"pt-BR","@id":"https:\/\/www.suno.com.br\/noticias\/fundo-verde-luis-stuhlberger-lula\/#primaryimage","url":"https:\/\/files.sunoresearch.com.br\/n\/uploads\/2022\/01\/11L0183.jpg","contentUrl":"https:\/\/files.sunoresearch.com.br\/n\/uploads\/2022\/01\/11L0183.jpg","width":1280,"height":853,"caption":"Luis Stuhlberger, do Fundo Verde, acumula rentabilidade de mais de 20.000% mesclando aloca\u00e7\u00f5es em renda fixa, a\u00e7\u00f5es e c\u00e2mbio - Foto: Reprodu\u00e7\u00e3o"},{"@type":"BreadcrumbList","@id":"https:\/\/www.suno.com.br\/noticias\/fundo-verde-luis-stuhlberger-lula\/#breadcrumb","itemListElement":[{"@type":"ListItem","position":1,"name":"Not\u00edcias","item":"https:\/\/www.suno.com.br\/noticias\/"},{"@type":"ListItem","position":2,"name":"Mercado","item":"https:\/\/www.suno.com.br\/noticias\/mercado\/"},{"@type":"ListItem","position":3,"name":"Fundo Verde: PT n\u00e3o aprendeu nada com o desastre do governo Dilma e &#8216;n\u00e3o h\u00e1 nenhuma responsabilidade fiscal&#8217;"}]},{"@type":"WebSite","@id":"https:\/\/www.suno.com.br\/noticias\/#website","url":"https:\/\/www.suno.com.br\/noticias\/","name":"Suno Not\u00edcias","description":"Seu portal de informa\u00e7\u00e3o sobre o mundo dos investimentos","publisher":{"@id":"https:\/\/www.suno.com.br\/noticias\/#organization"},"potentialAction":[{"@type":"SearchAction","target":{"@type":"EntryPoint","urlTemplate":"https:\/\/www.suno.com.br\/noticias\/?s={search_term_string}"},"query-input":{"@type":"PropertyValueSpecification","valueRequired":true,"valueName":"search_term_string"}}],"inLanguage":"pt-BR"},{"@type":"Organization","@id":"https:\/\/www.suno.com.br\/noticias\/#organization","name":"Suno Not\u00edcias","url":"https:\/\/www.suno.com.br\/noticias\/","logo":{"@type":"ImageObject","inLanguage":"pt-BR","@id":"https:\/\/www.suno.com.br\/noticias\/#\/schema\/logo\/image\/","url":"https:\/\/files.sunoresearch.com.br\/n\/uploads\/2021\/09\/suno-logo.png","contentUrl":"https:\/\/files.sunoresearch.com.br\/n\/uploads\/2021\/09\/suno-logo.png","width":180,"height":180,"caption":"Suno Not\u00edcias"},"image":{"@id":"https:\/\/www.suno.com.br\/noticias\/#\/schema\/logo\/image\/"},"sameAs":["https:\/\/facebook.com\/sunoresearch","https:\/\/x.com\/sunoresearch","https:\/\/www.instagram.com\/suno","https:\/\/www.linkedin.com\/company\/suno-research\/","https:\/\/www.youtube.com\/c\/sunoresearch"]},{"@type":"Person","@id":"https:\/\/www.suno.com.br\/noticias\/#\/schema\/person\/7f4d362bf3518e76090143ae77bb49a5","name":"Eduardo Vargas","image":{"@type":"ImageObject","inLanguage":"pt-BR","@id":"https:\/\/www.suno.com.br\/noticias\/#\/schema\/person\/image\/","url":"https:\/\/secure.gravatar.com\/avatar\/dac340933427a22924c9f99d1eb2e3f2?s=96&r=g","contentUrl":"https:\/\/secure.gravatar.com\/avatar\/dac340933427a22924c9f99d1eb2e3f2?s=96&r=g","caption":"Eduardo Vargas"},"description":"Jornalista formado pela UFSC, cobre macroeconomia, neg\u00f3cios e startups para o Suno Not\u00edcias, escrevendo principalmente not\u00edcias sobre o mercado financeiro e a bolsa de valores. No YouTube e no Instagram, \u00e9 respons\u00e1vel pela produ\u00e7\u00e3o de Reels e Shorts do Suno Not\u00edcias. Anteriormente, trabalhou cobrindo economia e cotidiano no ND+ e para o ND, maior jornal impresso de Santa Catarina. Cursou um semestre letivo de Estudos de M\u00eddia na Universidad de Buenos Aires.","url":"https:\/\/www.suno.com.br\/noticias\/author\/eduardo-vargas\/"}]}},"default_loop_html":"<div class=\"cardsPage__listCard__boxs\"><div class=\"cardsPage__listCard__boxs__img\"><a href=\"https:\/\/www.suno.com.br\/noticias\/fundo-verde-luis-stuhlberger-lula\/\"><img class=\"mask\" src=\"https:\/\/www.suno.com.br\/noticias\/wp-content\/themes\/suno\/resources\/images\/spotlight\/spotlight1img\/bg-mask.png\" alt=\"Image Mask\"\/><img src=\"https:\/\/files.sunoresearch.com.br\/n\/uploads\/2022\/01\/11L0183-400x200.jpg\" alt=\"Fundo Verde: PT n\u00e3o aprendeu nada com o desastre do governo Dilma e &#8216;n\u00e3o h\u00e1 nenhuma responsabilidade fiscal&#8217;\"\/><\/a><span class=\"spotlightCategory\"><a href=\"https:\/\/www.suno.com.br\/noticias\/mercado\/\">Mercado<\/a><\/span><\/div><div class=\"cardsPage__listCard__boxs__content\"><a href=\"https:\/\/www.suno.com.br\/noticias\/fundo-verde-luis-stuhlberger-lula\/\"><h2 class=\"content__title\">Fundo Verde: PT n\u00e3o aprendeu nada com o desastre do governo Dilma e &#8216;n\u00e3o h\u00e1 nenhuma responsabilidade fiscal&#8217;<\/h2><\/a><div class=\"newsContent__article__meta\"><div class=\"newsContent__article__meta__authorBox\"><a href=\"https:\/\/www.suno.com.br\/noticias\/author\/eduardo-vargas\/\" class=\"authorBox__avatar noMobi\"><img src=\"https:\/\/secure.gravatar.com\/avatar\/dac340933427a22924c9f99d1eb2e3f2?s=96&#038;r=g\" alt=\"Eduardo Vargas\"><\/a><div class=\"authorBox__name\"><span>por\n\t\t\t<a href=\"https:\/\/www.suno.com.br\/noticias\/author\/eduardo-vargas\/\"><span itemprop=\"author\">Eduardo Vargas<\/span><\/a><\/span><time datetime=\"2022-12-09T11:48:05-03:00\" itemprop=\"datePublished\">09\/12\/2022 11:48<\/time><\/div><\/div><\/div><\/div><\/div>","single_layout":"posts","amp_enabled":true,"_links":{"self":[{"href":"https:\/\/www.suno.com.br\/noticias\/wp-json\/wp\/v2\/posts\/332020"}],"collection":[{"href":"https:\/\/www.suno.com.br\/noticias\/wp-json\/wp\/v2\/posts"}],"about":[{"href":"https:\/\/www.suno.com.br\/noticias\/wp-json\/wp\/v2\/types\/post"}],"author":[{"embeddable":true,"href":"https:\/\/www.suno.com.br\/noticias\/wp-json\/wp\/v2\/users\/73"}],"replies":[{"embeddable":true,"href":"https:\/\/www.suno.com.br\/noticias\/wp-json\/wp\/v2\/comments?post=332020"}],"version-history":[{"count":3,"href":"https:\/\/www.suno.com.br\/noticias\/wp-json\/wp\/v2\/posts\/332020\/revisions"}],"predecessor-version":[{"id":332085,"href":"https:\/\/www.suno.com.br\/noticias\/wp-json\/wp\/v2\/posts\/332020\/revisions\/332085"}],"wp:featuredmedia":[{"embeddable":true,"href":"https:\/\/www.suno.com.br\/noticias\/wp-json\/wp\/v2\/media\/221085"}],"wp:attachment":[{"href":"https:\/\/www.suno.com.br\/noticias\/wp-json\/wp\/v2\/media?parent=332020"}],"wp:term":[{"taxonomy":"category","embeddable":true,"href":"https:\/\/www.suno.com.br\/noticias\/wp-json\/wp\/v2\/categories?post=332020"},{"taxonomy":"post_tag","embeddable":true,"href":"https:\/\/www.suno.com.br\/noticias\/wp-json\/wp\/v2\/tags?post=332020"},{"taxonomy":"suno_strategy","embeddable":true,"href":"https:\/\/www.suno.com.br\/noticias\/wp-json\/wp\/v2\/suno_strategy?post=332020"}],"curies":[{"name":"wp","href":"https:\/\/api.w.org\/{rel}","templated":true}]}}