{"id":331918,"date":"2022-12-09T09:04:15","date_gmt":"2022-12-09T12:04:15","guid":{"rendered":"https:\/\/www.suno.com.br\/noticias\/?p=331918"},"modified":"2022-12-09T11:45:02","modified_gmt":"2022-12-09T14:45:02","slug":"lula-primeiros-ministros-anuncio","status":"publish","type":"post","link":"https:\/\/www.suno.com.br\/noticias\/lula-primeiros-ministros-anuncio\/","title":{"rendered":"Lula anuncia Haddad, Dino, Rui Costa, M\u00facio e Vieira como ministros"},"content":{"rendered":"\n<p>O presidente eleito <strong>Luiz In\u00e1cio Lula da Silva (PT)<\/strong> revelou os primeiros nomes da sua equipe ministerial. <strong>Fernando Haddad, Rui Costa, Fl\u00e1vio Dino, Jos\u00e9 M\u00facio Monteiro e Mauro Vieira<\/strong> foram confirmados pelo pol\u00edtico como os titulares das pastas da Fazenda, Casa Civil, Justi\u00e7a e Seguran\u00e7a P\u00fablica, Defesa e Rela\u00e7\u00f5es Exteriores, respectivamente,<\/p>\n\n\n\n<p>&#8220;Tomei a decis\u00e3o [de anunciar os primeiros nomes] porque preciso que algumas pessoas j\u00e1 comecem a trabalhar&#8221;, afirmou Lula durante coletiva de imprensa realizada nesta sexta (9). &#8220;Uma pesquisa disse que 95% do povo est\u00e1 achando que o governo vai dar certo. Se eu fosse perguntado, seria 100% de que o governo vai dar certo!&#8221;, refor\u00e7ou Lula.<\/p>\n\n\n\n<p>Confira mais informa\u00e7\u00f5es sobre os ministros de Lula:<\/p>\n\n\n\n<p><strong>Fernando Haddad, ministro da Fazenda<\/strong><\/p>\n\n\n\n<p>Candidato derrotado na disputa pelo Governo de S\u00e3o Paulo nas elei\u00e7\u00f5es de 2022, Fernando Haddad \u00e9 ex-ministro da Educa\u00e7\u00e3o e ex-prefeito de S\u00e3o Paulo. Formado em Direito, com mestrado em Economia e doutorado em Filosofia, o pol\u00edtico tamb\u00e9m atua como professor da Universidade de S\u00e3o Paulo (USP).<\/p>\n\n\n\n<p>Na Fazenda, Haddad ser\u00e1 o respons\u00e1vel pela formula\u00e7\u00e3o e execu\u00e7\u00e3o da pol\u00edtica econ\u00f4mica do Pa\u00eds, al\u00e9m da administra\u00e7\u00e3o fazend\u00e1ria da Uni\u00e3o. Durante a gest\u00e3o de Jair Bolsonaro, a pasta foi unificada junto a outras equipes no Minist\u00e9rio da Economia, que voltar\u00e1 a ser desmembrado no governo Lula.<\/p>\n\n\n\n<p><strong>Rui Costa, ministro da Casa Civil<\/strong><\/p>\n\n\n\n<p>Atual governador da Bahia, Rui Costa foi confirmado como ministro da Casa Civil do governo Lula. Assim, ele ser\u00e1 o bra\u00e7o-direito do presidente eleito e principal interlocutor do pol\u00edtico no Pal\u00e1cio do Planalto.<\/p>\n\n\n\n<p>Economista de forma\u00e7\u00e3o, Costa lidera o governo da Bahia desde 2015 e, em 2018, foi reeleito no primeiro turno das elei\u00e7\u00f5es, com 76% dos votos.<\/p>\n\n\n\n<p>A Casa Civil \u00e9 respons\u00e1vel pela integra\u00e7\u00e3o entre os minist\u00e9rios e pelo monitoramento das a\u00e7\u00f5es do governo, al\u00e9m do acompanhamento da gest\u00e3o dos \u00f3rg\u00e3os e das entidades da administra\u00e7\u00e3o p\u00fablica federal.<\/p>\n\n\n\n<p><strong>Fl\u00e1vio Dino, ministro da Justi\u00e7a e Seguran\u00e7a P\u00fablica<\/strong><\/p>\n\n\n\n<p>Senador eleito no \u00faltimo pleito, Fl\u00e1vio Dino \u00e9 ex-governador do Maranh\u00e3o, advogado e professor de Direito da Universidade Federal do Maranh\u00e3o. Na vida pol\u00edtica, ele tamb\u00e9m conta com passagem pela C\u00e2mara dos Deputados e presidiu o Instituto Brasileiro de Turismo (Embratur) durante o governo de Dilma Rousseff.<\/p>\n\n\n\n<p>O Minist\u00e9rio da Justi\u00e7a e Seguran\u00e7a P\u00fablica \u00e9 a pasta respons\u00e1vel pela preserva\u00e7\u00e3o da ordem p\u00fablica e pela aplica\u00e7\u00e3o das Leis. Na gest\u00e3o de Bolsonaro, a pasta foi ocupada pelo senador eleito Sergio Moro e pelo ministro do Supremo Tribunal Federal (STF), Andr\u00e9 Mendon\u00e7a. Anderson Torres \u00e9 o atual ministro.<\/p>\n\n\n\n<p><strong>Jos\u00e9 M\u00facio Monteiro, ministro da Defesa<\/strong><\/p>\n\n\n\n<p>Ex-ministro do Tribunal de Contas da Uni\u00e3o (TCU), Jos\u00e9 M\u00facio Monteiro ser\u00e1 o ministro da Defesa do governo Lula.<\/p>\n\n\n\n<p>Formado em Engenharia Civil, ele conta com um bom tr\u00e2nsito entre os militares e trabalhou ao lado de Lula como ministro-chefe da Secretaria de Rela\u00e7\u00f5es Institucionais, no segundo mandato do presidente. O Minist\u00e9rio da Defesa atua na dire\u00e7\u00e3o superior das For\u00e7as Armadas (Ex\u00e9rcito, Marinha e Aeron\u00e1utica).<\/p>\n\n\n\n<p><strong>Mauro Vieira, ministro das Rela\u00e7\u00f5es Exteriores<\/strong><\/p>\n\n\n\n<p>Ex-chanceler de Dilma Rousseff (PT), o embaixador Mauro Vieira foi nomeado por Lula como o novo ministro das Rela\u00e7\u00f5es Exteriores.<\/p>\n","protected":false},"excerpt":{"rendered":"<p>O presidente eleito Luiz In\u00e1cio Lula da Silva (PT) revelou os primeiros nomes da sua equipe ministerial. Fernando Haddad, Rui Costa, Fl\u00e1vio Dino, Jos\u00e9 M\u00facio Monteiro e Mauro Vieira foram confirmados pelo pol\u00edtico como os titulares das pastas da Fazenda, Casa Civil, Justi\u00e7a e Seguran\u00e7a P\u00fablica, Defesa e Rela\u00e7\u00f5es Exteriores, respectivamente, &#8220;Tomei a decis\u00e3o [de [&hellip;]<\/p>\n","protected":false},"author":232,"featured_media":331922,"comment_status":"closed","ping_status":"closed","sticky":false,"template":"","format":"standard","meta":[],"categories":[61],"tags":[716,709,1153,909,1174,824,26203,1274],"suno_strategy":[],"class_list":["post-331918","post","type-post","status-publish","format-standard","has-post-thumbnail","hentry","category-politica","tag-fernando-haddad","tag-lula","tag-ministerio-defesa","tag-ministerio-da-economia","tag-ministerio-da-educacao","tag-ministerio-fazenda","tag-ministerio-da-justica","tag-ministerio-das-relacoes-exteriores"],"yoast_head":"<!-- This site is optimized with the Yoast SEO plugin v24.4 - https:\/\/yoast.com\/wordpress\/plugins\/seo\/ -->\n<title>Lula anuncia Haddad, Dino, Rui Costa, M\u00facio e Vieira como ministros<\/title>\n<meta name=\"description\" content=\"Os primeiros ministros do governo Lula devem ser anunciados nesta sexta, antes do jogo entre Brasil X Cro\u00e1cia pela Copa do Mundo; acompanhe\" \/>\n<meta name=\"robots\" content=\"index, follow, max-snippet:-1, max-image-preview:large, max-video-preview:-1\" \/>\n<link rel=\"canonical\" href=\"https:\/\/www.suno.com.br\/noticias\/lula-primeiros-ministros-anuncio\/\" \/>\n<meta property=\"og:locale\" content=\"pt_BR\" \/>\n<meta property=\"og:type\" content=\"article\" \/>\n<meta property=\"og:title\" content=\"Lula anuncia Haddad, Dino, Rui Costa, M\u00facio e Vieira como ministros\" \/>\n<meta property=\"og:description\" content=\"Os primeiros ministros do governo Lula devem ser anunciados nesta sexta, antes do jogo entre Brasil X Cro\u00e1cia pela Copa do Mundo; acompanhe\" \/>\n<meta property=\"og:url\" content=\"https:\/\/www.suno.com.br\/noticias\/lula-primeiros-ministros-anuncio\/\" \/>\n<meta property=\"og:site_name\" content=\"Suno Not\u00edcias\" \/>\n<meta property=\"article:publisher\" content=\"https:\/\/facebook.com\/sunoresearch\" \/>\n<meta property=\"og:image\" content=\"https:\/\/files.sunoresearch.com.br\/n\/uploads\/2022\/12\/lula-anuncio-ministros-foto-antonio-cruz-agencia-brasil.jpg\" \/>\n\t<meta property=\"og:image:width\" content=\"1200\" \/>\n\t<meta property=\"og:image:height\" content=\"675\" \/>\n\t<meta property=\"og:image:type\" content=\"image\/jpeg\" \/>\n<meta name=\"author\" content=\"Erick Matheus Nery\" \/>\n<meta name=\"twitter:card\" content=\"summary_large_image\" \/>\n<meta name=\"twitter:creator\" content=\"@sunoresearch\" \/>\n<meta name=\"twitter:site\" content=\"@sunoresearch\" \/>\n<meta name=\"twitter:label1\" content=\"Escrito por\" \/>\n\t<meta name=\"twitter:data1\" content=\"Erick Matheus Nery\" \/>\n\t<meta name=\"twitter:label2\" content=\"Est. tempo de leitura\" \/>\n\t<meta name=\"twitter:data2\" content=\"3 minutos\" \/>\n<script type=\"application\/ld+json\" class=\"yoast-schema-graph\">{\"@context\":\"https:\/\/schema.org\",\"@graph\":[{\"@type\":\"NewsArticle\",\"@id\":\"https:\/\/www.suno.com.br\/noticias\/lula-primeiros-ministros-anuncio\/#article\",\"isPartOf\":{\"@id\":\"https:\/\/www.suno.com.br\/noticias\/lula-primeiros-ministros-anuncio\/\"},\"author\":{\"name\":\"Erick Matheus Nery\",\"@id\":\"https:\/\/www.suno.com.br\/noticias\/#\/schema\/person\/6899bc3f19d1a7315f807131c2c013a0\"},\"headline\":\"Lula anuncia Haddad, Dino, Rui Costa, M\u00facio e Vieira como ministros\",\"datePublished\":\"2022-12-09T12:04:15+00:00\",\"dateModified\":\"2022-12-09T14:45:02+00:00\",\"mainEntityOfPage\":{\"@id\":\"https:\/\/www.suno.com.br\/noticias\/lula-primeiros-ministros-anuncio\/\"},\"wordCount\":588,\"publisher\":{\"@id\":\"https:\/\/www.suno.com.br\/noticias\/#organization\"},\"image\":{\"@id\":\"https:\/\/www.suno.com.br\/noticias\/lula-primeiros-ministros-anuncio\/#primaryimage\"},\"thumbnailUrl\":\"https:\/\/files.sunoresearch.com.br\/n\/uploads\/2022\/12\/lula-anuncio-ministros-foto-antonio-cruz-agencia-brasil.jpg\",\"keywords\":[\"Fernando Haddad\",\"Lula\",\"Minist\u00e9rio da Defesa\",\"Minist\u00e9rio da Economia\",\"Minist\u00e9rio da Educa\u00e7\u00e3o\",\"Minist\u00e9rio da Fazenda\",\"Minist\u00e9rio da Justi\u00e7a\",\"Minist\u00e9rio das Rela\u00e7\u00f5es Exteriores\"],\"articleSection\":[\"Pol\u00edtica\"],\"inLanguage\":\"pt-BR\"},{\"@type\":\"WebPage\",\"@id\":\"https:\/\/www.suno.com.br\/noticias\/lula-primeiros-ministros-anuncio\/\",\"url\":\"https:\/\/www.suno.com.br\/noticias\/lula-primeiros-ministros-anuncio\/\",\"name\":\"Lula anuncia Haddad, Dino, Rui Costa, M\u00facio e Vieira como ministros\",\"isPartOf\":{\"@id\":\"https:\/\/www.suno.com.br\/noticias\/#website\"},\"primaryImageOfPage\":{\"@id\":\"https:\/\/www.suno.com.br\/noticias\/lula-primeiros-ministros-anuncio\/#primaryimage\"},\"image\":{\"@id\":\"https:\/\/www.suno.com.br\/noticias\/lula-primeiros-ministros-anuncio\/#primaryimage\"},\"thumbnailUrl\":\"https:\/\/files.sunoresearch.com.br\/n\/uploads\/2022\/12\/lula-anuncio-ministros-foto-antonio-cruz-agencia-brasil.jpg\",\"datePublished\":\"2022-12-09T12:04:15+00:00\",\"dateModified\":\"2022-12-09T14:45:02+00:00\",\"description\":\"Os primeiros ministros do governo Lula devem ser anunciados nesta sexta, antes do jogo entre Brasil X Cro\u00e1cia pela Copa do Mundo; acompanhe\",\"breadcrumb\":{\"@id\":\"https:\/\/www.suno.com.br\/noticias\/lula-primeiros-ministros-anuncio\/#breadcrumb\"},\"inLanguage\":\"pt-BR\",\"potentialAction\":[{\"@type\":\"ReadAction\",\"target\":[\"https:\/\/www.suno.com.br\/noticias\/lula-primeiros-ministros-anuncio\/\"]}]},{\"@type\":\"ImageObject\",\"inLanguage\":\"pt-BR\",\"@id\":\"https:\/\/www.suno.com.br\/noticias\/lula-primeiros-ministros-anuncio\/#primaryimage\",\"url\":\"https:\/\/files.sunoresearch.com.br\/n\/uploads\/2022\/12\/lula-anuncio-ministros-foto-antonio-cruz-agencia-brasil.jpg\",\"contentUrl\":\"https:\/\/files.sunoresearch.com.br\/n\/uploads\/2022\/12\/lula-anuncio-ministros-foto-antonio-cruz-agencia-brasil.jpg\",\"width\":1200,\"height\":675,\"caption\":\"Lula revoga decreto de Mour\u00e3o que retiraria R$ 5,8 bi por ano de receitas. Foto: Antonio Cruz\/Ag\u00eancia Brasil\"},{\"@type\":\"BreadcrumbList\",\"@id\":\"https:\/\/www.suno.com.br\/noticias\/lula-primeiros-ministros-anuncio\/#breadcrumb\",\"itemListElement\":[{\"@type\":\"ListItem\",\"position\":1,\"name\":\"Not\u00edcias\",\"item\":\"https:\/\/www.suno.com.br\/noticias\/\"},{\"@type\":\"ListItem\",\"position\":2,\"name\":\"Pol\u00edtica\",\"item\":\"https:\/\/www.suno.com.br\/noticias\/politica\/\"},{\"@type\":\"ListItem\",\"position\":3,\"name\":\"Lula anuncia Haddad, Dino, Rui Costa, M\u00facio e Vieira como ministros\"}]},{\"@type\":\"WebSite\",\"@id\":\"https:\/\/www.suno.com.br\/noticias\/#website\",\"url\":\"https:\/\/www.suno.com.br\/noticias\/\",\"name\":\"Suno Not\u00edcias\",\"description\":\"Seu portal de informa\u00e7\u00e3o sobre o mundo dos investimentos\",\"publisher\":{\"@id\":\"https:\/\/www.suno.com.br\/noticias\/#organization\"},\"potentialAction\":[{\"@type\":\"SearchAction\",\"target\":{\"@type\":\"EntryPoint\",\"urlTemplate\":\"https:\/\/www.suno.com.br\/noticias\/?s={search_term_string}\"},\"query-input\":{\"@type\":\"PropertyValueSpecification\",\"valueRequired\":true,\"valueName\":\"search_term_string\"}}],\"inLanguage\":\"pt-BR\"},{\"@type\":\"Organization\",\"@id\":\"https:\/\/www.suno.com.br\/noticias\/#organization\",\"name\":\"Suno Not\u00edcias\",\"url\":\"https:\/\/www.suno.com.br\/noticias\/\",\"logo\":{\"@type\":\"ImageObject\",\"inLanguage\":\"pt-BR\",\"@id\":\"https:\/\/www.suno.com.br\/noticias\/#\/schema\/logo\/image\/\",\"url\":\"https:\/\/files.sunoresearch.com.br\/n\/uploads\/2021\/09\/suno-logo.png\",\"contentUrl\":\"https:\/\/files.sunoresearch.com.br\/n\/uploads\/2021\/09\/suno-logo.png\",\"width\":180,\"height\":180,\"caption\":\"Suno Not\u00edcias\"},\"image\":{\"@id\":\"https:\/\/www.suno.com.br\/noticias\/#\/schema\/logo\/image\/\"},\"sameAs\":[\"https:\/\/facebook.com\/sunoresearch\",\"https:\/\/x.com\/sunoresearch\",\"https:\/\/www.instagram.com\/suno\",\"https:\/\/www.linkedin.com\/company\/suno-research\/\",\"https:\/\/www.youtube.com\/c\/sunoresearch\"]},{\"@type\":\"Person\",\"@id\":\"https:\/\/www.suno.com.br\/noticias\/#\/schema\/person\/6899bc3f19d1a7315f807131c2c013a0\",\"name\":\"Erick Matheus Nery\",\"image\":{\"@type\":\"ImageObject\",\"inLanguage\":\"pt-BR\",\"@id\":\"https:\/\/www.suno.com.br\/noticias\/#\/schema\/person\/image\/\",\"url\":\"https:\/\/secure.gravatar.com\/avatar\/518ddffe438ccb767782d372a66304d2?s=96&r=g\",\"contentUrl\":\"https:\/\/secure.gravatar.com\/avatar\/518ddffe438ccb767782d372a66304d2?s=96&r=g\",\"caption\":\"Erick Matheus Nery\"},\"description\":\"Formado em Jornalismo pela Universidade Federal do Par\u00e1 (UFPA), conta com extens\u00e3o em Jornalismo Econ\u00f4mico pela Funda\u00e7\u00e3o Get\u00falio Vargas (FGV). No Suno Not\u00edcias, atua como rep\u00f3rter de Mercado, com foco nos setores de telecomunica\u00e7\u00f5es, varejo, alimentos e renda fixa. Conta com passagens pelo jornal O Estado de S\u00e3o Paulo, como trainee de Jornalismo Econ\u00f4mico, e pelo site Not\u00edcias da TV.\",\"url\":\"https:\/\/www.suno.com.br\/noticias\/author\/erick-nery\/\"}]}<\/script>\n<!-- \/ Yoast SEO plugin. -->","yoast_head_json":{"title":"Lula anuncia Haddad, Dino, Rui Costa, M\u00facio e Vieira como ministros","description":"Os primeiros ministros do governo Lula devem ser anunciados nesta sexta, antes do jogo entre Brasil X Cro\u00e1cia pela Copa do Mundo; acompanhe","robots":{"index":"index","follow":"follow","max-snippet":"max-snippet:-1","max-image-preview":"max-image-preview:large","max-video-preview":"max-video-preview:-1"},"canonical":"https:\/\/www.suno.com.br\/noticias\/lula-primeiros-ministros-anuncio\/","og_locale":"pt_BR","og_type":"article","og_title":"Lula anuncia Haddad, Dino, Rui Costa, M\u00facio e Vieira como ministros","og_description":"Os primeiros ministros do governo Lula devem ser anunciados nesta sexta, antes do jogo entre Brasil X Cro\u00e1cia pela Copa do Mundo; acompanhe","og_url":"https:\/\/www.suno.com.br\/noticias\/lula-primeiros-ministros-anuncio\/","og_site_name":"Suno Not\u00edcias","article_publisher":"https:\/\/facebook.com\/sunoresearch","og_image":[{"width":1200,"height":675,"url":"https:\/\/files.sunoresearch.com.br\/n\/uploads\/2022\/12\/lula-anuncio-ministros-foto-antonio-cruz-agencia-brasil.jpg","type":"image\/jpeg"}],"author":"Erick Matheus Nery","twitter_card":"summary_large_image","twitter_creator":"@sunoresearch","twitter_site":"@sunoresearch","twitter_misc":{"Escrito por":"Erick Matheus Nery","Est. tempo de leitura":"3 minutos"},"schema":{"@context":"https:\/\/schema.org","@graph":[{"@type":"NewsArticle","@id":"https:\/\/www.suno.com.br\/noticias\/lula-primeiros-ministros-anuncio\/#article","isPartOf":{"@id":"https:\/\/www.suno.com.br\/noticias\/lula-primeiros-ministros-anuncio\/"},"author":{"name":"Erick Matheus Nery","@id":"https:\/\/www.suno.com.br\/noticias\/#\/schema\/person\/6899bc3f19d1a7315f807131c2c013a0"},"headline":"Lula anuncia Haddad, Dino, Rui Costa, M\u00facio e Vieira como ministros","datePublished":"2022-12-09T12:04:15+00:00","dateModified":"2022-12-09T14:45:02+00:00","mainEntityOfPage":{"@id":"https:\/\/www.suno.com.br\/noticias\/lula-primeiros-ministros-anuncio\/"},"wordCount":588,"publisher":{"@id":"https:\/\/www.suno.com.br\/noticias\/#organization"},"image":{"@id":"https:\/\/www.suno.com.br\/noticias\/lula-primeiros-ministros-anuncio\/#primaryimage"},"thumbnailUrl":"https:\/\/files.sunoresearch.com.br\/n\/uploads\/2022\/12\/lula-anuncio-ministros-foto-antonio-cruz-agencia-brasil.jpg","keywords":["Fernando Haddad","Lula","Minist\u00e9rio da Defesa","Minist\u00e9rio da Economia","Minist\u00e9rio da Educa\u00e7\u00e3o","Minist\u00e9rio da Fazenda","Minist\u00e9rio da Justi\u00e7a","Minist\u00e9rio das Rela\u00e7\u00f5es Exteriores"],"articleSection":["Pol\u00edtica"],"inLanguage":"pt-BR"},{"@type":"WebPage","@id":"https:\/\/www.suno.com.br\/noticias\/lula-primeiros-ministros-anuncio\/","url":"https:\/\/www.suno.com.br\/noticias\/lula-primeiros-ministros-anuncio\/","name":"Lula anuncia Haddad, Dino, Rui Costa, M\u00facio e Vieira como ministros","isPartOf":{"@id":"https:\/\/www.suno.com.br\/noticias\/#website"},"primaryImageOfPage":{"@id":"https:\/\/www.suno.com.br\/noticias\/lula-primeiros-ministros-anuncio\/#primaryimage"},"image":{"@id":"https:\/\/www.suno.com.br\/noticias\/lula-primeiros-ministros-anuncio\/#primaryimage"},"thumbnailUrl":"https:\/\/files.sunoresearch.com.br\/n\/uploads\/2022\/12\/lula-anuncio-ministros-foto-antonio-cruz-agencia-brasil.jpg","datePublished":"2022-12-09T12:04:15+00:00","dateModified":"2022-12-09T14:45:02+00:00","description":"Os primeiros ministros do governo Lula devem ser anunciados nesta sexta, antes do jogo entre Brasil X Cro\u00e1cia pela Copa do Mundo; acompanhe","breadcrumb":{"@id":"https:\/\/www.suno.com.br\/noticias\/lula-primeiros-ministros-anuncio\/#breadcrumb"},"inLanguage":"pt-BR","potentialAction":[{"@type":"ReadAction","target":["https:\/\/www.suno.com.br\/noticias\/lula-primeiros-ministros-anuncio\/"]}]},{"@type":"ImageObject","inLanguage":"pt-BR","@id":"https:\/\/www.suno.com.br\/noticias\/lula-primeiros-ministros-anuncio\/#primaryimage","url":"https:\/\/files.sunoresearch.com.br\/n\/uploads\/2022\/12\/lula-anuncio-ministros-foto-antonio-cruz-agencia-brasil.jpg","contentUrl":"https:\/\/files.sunoresearch.com.br\/n\/uploads\/2022\/12\/lula-anuncio-ministros-foto-antonio-cruz-agencia-brasil.jpg","width":1200,"height":675,"caption":"Lula revoga decreto de Mour\u00e3o que retiraria R$ 5,8 bi por ano de receitas. Foto: Antonio Cruz\/Ag\u00eancia Brasil"},{"@type":"BreadcrumbList","@id":"https:\/\/www.suno.com.br\/noticias\/lula-primeiros-ministros-anuncio\/#breadcrumb","itemListElement":[{"@type":"ListItem","position":1,"name":"Not\u00edcias","item":"https:\/\/www.suno.com.br\/noticias\/"},{"@type":"ListItem","position":2,"name":"Pol\u00edtica","item":"https:\/\/www.suno.com.br\/noticias\/politica\/"},{"@type":"ListItem","position":3,"name":"Lula anuncia Haddad, Dino, Rui Costa, M\u00facio e Vieira como ministros"}]},{"@type":"WebSite","@id":"https:\/\/www.suno.com.br\/noticias\/#website","url":"https:\/\/www.suno.com.br\/noticias\/","name":"Suno Not\u00edcias","description":"Seu portal de informa\u00e7\u00e3o sobre o mundo dos investimentos","publisher":{"@id":"https:\/\/www.suno.com.br\/noticias\/#organization"},"potentialAction":[{"@type":"SearchAction","target":{"@type":"EntryPoint","urlTemplate":"https:\/\/www.suno.com.br\/noticias\/?s={search_term_string}"},"query-input":{"@type":"PropertyValueSpecification","valueRequired":true,"valueName":"search_term_string"}}],"inLanguage":"pt-BR"},{"@type":"Organization","@id":"https:\/\/www.suno.com.br\/noticias\/#organization","name":"Suno Not\u00edcias","url":"https:\/\/www.suno.com.br\/noticias\/","logo":{"@type":"ImageObject","inLanguage":"pt-BR","@id":"https:\/\/www.suno.com.br\/noticias\/#\/schema\/logo\/image\/","url":"https:\/\/files.sunoresearch.com.br\/n\/uploads\/2021\/09\/suno-logo.png","contentUrl":"https:\/\/files.sunoresearch.com.br\/n\/uploads\/2021\/09\/suno-logo.png","width":180,"height":180,"caption":"Suno Not\u00edcias"},"image":{"@id":"https:\/\/www.suno.com.br\/noticias\/#\/schema\/logo\/image\/"},"sameAs":["https:\/\/facebook.com\/sunoresearch","https:\/\/x.com\/sunoresearch","https:\/\/www.instagram.com\/suno","https:\/\/www.linkedin.com\/company\/suno-research\/","https:\/\/www.youtube.com\/c\/sunoresearch"]},{"@type":"Person","@id":"https:\/\/www.suno.com.br\/noticias\/#\/schema\/person\/6899bc3f19d1a7315f807131c2c013a0","name":"Erick Matheus Nery","image":{"@type":"ImageObject","inLanguage":"pt-BR","@id":"https:\/\/www.suno.com.br\/noticias\/#\/schema\/person\/image\/","url":"https:\/\/secure.gravatar.com\/avatar\/518ddffe438ccb767782d372a66304d2?s=96&r=g","contentUrl":"https:\/\/secure.gravatar.com\/avatar\/518ddffe438ccb767782d372a66304d2?s=96&r=g","caption":"Erick Matheus Nery"},"description":"Formado em Jornalismo pela Universidade Federal do Par\u00e1 (UFPA), conta com extens\u00e3o em Jornalismo Econ\u00f4mico pela Funda\u00e7\u00e3o Get\u00falio Vargas (FGV). No Suno Not\u00edcias, atua como rep\u00f3rter de Mercado, com foco nos setores de telecomunica\u00e7\u00f5es, varejo, alimentos e renda fixa. Conta com passagens pelo jornal O Estado de S\u00e3o Paulo, como trainee de Jornalismo Econ\u00f4mico, e pelo site Not\u00edcias da TV.","url":"https:\/\/www.suno.com.br\/noticias\/author\/erick-nery\/"}]}},"default_loop_html":"<div class=\"cardsPage__listCard__boxs\"><div class=\"cardsPage__listCard__boxs__img\"><a href=\"https:\/\/www.suno.com.br\/noticias\/lula-primeiros-ministros-anuncio\/\"><img class=\"mask\" src=\"https:\/\/www.suno.com.br\/noticias\/wp-content\/themes\/suno\/resources\/images\/spotlight\/spotlight1img\/bg-mask.png\" alt=\"Image Mask\"\/><img src=\"https:\/\/files.sunoresearch.com.br\/n\/uploads\/2022\/12\/lula-anuncio-ministros-foto-antonio-cruz-agencia-brasil-400x200.jpg\" alt=\"Lula anuncia Haddad, Dino, Rui Costa, M\u00facio e Vieira como ministros\"\/><\/a><span class=\"spotlightCategory\"><a href=\"https:\/\/www.suno.com.br\/noticias\/politica\/\">Pol\u00edtica<\/a><\/span><\/div><div class=\"cardsPage__listCard__boxs__content\"><a href=\"https:\/\/www.suno.com.br\/noticias\/lula-primeiros-ministros-anuncio\/\"><h2 class=\"content__title\">Lula anuncia Haddad, Dino, Rui Costa, M\u00facio e Vieira como ministros<\/h2><\/a><div class=\"newsContent__article__meta\"><div class=\"newsContent__article__meta__authorBox\"><a href=\"https:\/\/www.suno.com.br\/noticias\/author\/erick-nery\/\" class=\"authorBox__avatar noMobi\"><img src=\"https:\/\/secure.gravatar.com\/avatar\/518ddffe438ccb767782d372a66304d2?s=96&#038;r=g\" alt=\"Erick Matheus Nery\"><\/a><div class=\"authorBox__name\"><span>por\n\t\t\t<a href=\"https:\/\/www.suno.com.br\/noticias\/author\/erick-nery\/\"><span itemprop=\"author\">Erick Matheus Nery<\/span><\/a><\/span><time datetime=\"2022-12-09T09:04:15-03:00\" itemprop=\"datePublished\">09\/12\/2022 09:04<\/time><\/div><\/div><\/div><\/div><\/div>","single_layout":"live","amp_enabled":false,"_links":{"self":[{"href":"https:\/\/www.suno.com.br\/noticias\/wp-json\/wp\/v2\/posts\/331918"}],"collection":[{"href":"https:\/\/www.suno.com.br\/noticias\/wp-json\/wp\/v2\/posts"}],"about":[{"href":"https:\/\/www.suno.com.br\/noticias\/wp-json\/wp\/v2\/types\/post"}],"author":[{"embeddable":true,"href":"https:\/\/www.suno.com.br\/noticias\/wp-json\/wp\/v2\/users\/232"}],"replies":[{"embeddable":true,"href":"https:\/\/www.suno.com.br\/noticias\/wp-json\/wp\/v2\/comments?post=331918"}],"version-history":[{"count":3,"href":"https:\/\/www.suno.com.br\/noticias\/wp-json\/wp\/v2\/posts\/331918\/revisions"}],"predecessor-version":[{"id":332080,"href":"https:\/\/www.suno.com.br\/noticias\/wp-json\/wp\/v2\/posts\/331918\/revisions\/332080"}],"wp:featuredmedia":[{"embeddable":true,"href":"https:\/\/www.suno.com.br\/noticias\/wp-json\/wp\/v2\/media\/331922"}],"wp:attachment":[{"href":"https:\/\/www.suno.com.br\/noticias\/wp-json\/wp\/v2\/media?parent=331918"}],"wp:term":[{"taxonomy":"category","embeddable":true,"href":"https:\/\/www.suno.com.br\/noticias\/wp-json\/wp\/v2\/categories?post=331918"},{"taxonomy":"post_tag","embeddable":true,"href":"https:\/\/www.suno.com.br\/noticias\/wp-json\/wp\/v2\/tags?post=331918"},{"taxonomy":"suno_strategy","embeddable":true,"href":"https:\/\/www.suno.com.br\/noticias\/wp-json\/wp\/v2\/suno_strategy?post=331918"}],"curies":[{"name":"wp","href":"https:\/\/api.w.org\/{rel}","templated":true}]}}