{"id":331853,"date":"2022-12-08T22:47:06","date_gmt":"2022-12-09T01:47:06","guid":{"rendered":"https:\/\/www.suno.com.br\/noticias\/?p=331853"},"modified":"2022-12-08T22:47:18","modified_gmt":"2022-12-09T01:47:18","slug":"radar-b3-b3sa3-petrobras-petr4-direcional-dirr3","status":"publish","type":"post","link":"https:\/\/www.suno.com.br\/noticias\/radar-b3-b3sa3-petrobras-petr4-direcional-dirr3\/","title":{"rendered":"Radar: B3 (B3SA3) anuncia programa de recompra de a\u00e7\u00f5es, Petrobras (PETR4) tomba na Bolsa e Direcional (DIRR3) aprova dividendos milion\u00e1rios"},"content":{"rendered":"<p>O <a class=\"suno-keyword\" data-force=\"no\" data-priority=\"1\" href=\"https:\/\/www.suno.com.br\/artigos\/conselho-administracao\/\" target=\"_blank\" rel=\"noopener\">conselho de administra\u00e7\u00e3o<\/a> da<strong> <a class=\"suno-keyword\" data-force=\"yes\" data-priority=\"2\" href=\"https:\/\/www.suno.com.br\/acoes\/B3SA3\/\" target=\"_blank\" rel=\"noopener\">B3<\/a><\/strong><a class=\"suno-keyword\" data-force=\"yes\" data-priority=\"2\" href=\"https:\/\/www.suno.com.br\/acoes\/B3SA3\/\" target=\"_blank\" rel=\"noopener\"> (B3SA3)<\/a> aprovou o programa de <a class=\"suno-keyword\" data-force=\"no\" data-priority=\"1\" href=\"https:\/\/www.suno.com.br\/artigos\/recompra-de-acoes\/\" target=\"_blank\" rel=\"noopener\">recompra de a\u00e7\u00f5es<\/a> da companhia, conforme anunciado em comunicado nesta quinta-feira (8).<\/p>\t<div class=\"wrapper-featured-image\">\n\t\t<figure class=\"spotlightImg\">\n\n\t\t\t<picture>\n\t\t\t\t<source media=\"(max-width: 768px)\" srcset=\"https:\/\/files.sunoresearch.com.br\/n\/uploads\/2022\/10\/ibovespa-B3-divulgacao-400x200.jpg\">\n\t\t\t\t<img loading=\"lazy\" decoding=\"async\" class=\"newsContent__article__imgCapa lazyloadDisabled \" src=\"https:\/\/files.sunoresearch.com.br\/n\/uploads\/2022\/10\/ibovespa-B3-divulgacao-800x450.jpg\" width=\"800\" height=\"450\" alt=\"Radar: B3 (B3SA3) anuncia programa de recompra de a\u00e7\u00f5es, Petrobras (PETR4) tomba na Bolsa e Direcional (DIRR3) aprova dividendos milion\u00e1rios\" fetchpriority=high \/>\n\t\t\t<\/picture>\n\n\t\t\t<figcaption class=\"wp-caption-text wp-caption-text--show\">B3 (B3SA3): lucro l\u00edquido recorrente cai 7,1%, a R$ 1,13 bilh\u00e3o. Foto: Divulga\u00e7\u00e3o<\/figcaption>\n\t\t<\/figure>\n\t<\/div>\n\n\n\n\n\n\n<figure class=\"wp-block-image\"><img decoding=\"async\" src=\"https:\/\/files.sunoresearch.com.br\/n\/uploads\/2022\/12\/1420x240-Banner-Artigos-1-_-Banner-Materias-1-2.png\" alt=\"\"\/><\/figure>\n\n\n\n<p>Com o <strong>programa de recompra de a\u00e7\u00f5es da B3<\/strong>, o conselho autorizou a empresa a celebrar novos contratos de derivativos relacionados a a\u00e7\u00f5es de sua pr\u00f3pria emiss\u00e3o, pr\u00e1tica conhecida como equity swap.<\/p>\n\n\n\n<p>O objetivo da B3 com o programa de recompra \u00e9 a administra\u00e7\u00e3o de sua <a class=\"suno-keyword\" data-force=\"no\" data-priority=\"1\" href=\"https:\/\/www.suno.com.br\/artigos\/indicadores-estrutura-capital\/\" target=\"_blank\" rel=\"noopener\">estrutura de capital<\/a>, combinando a recompras de a\u00e7\u00f5es e distribui\u00e7\u00f5es de proventos para trazer retorno aos seus acionistas.<\/p>\n\n\n\n<p>O programa de recompra aprovado pelo <strong>conselho de administra\u00e7\u00e3o B3<\/strong> prev\u00ea que sejam adquiridas at\u00e9 250 milh\u00f5es de <a class=\"suno-keyword\" data-force=\"no\" data-priority=\"1\" href=\"https:\/\/www.suno.com.br\/artigos\/o-que-sao-acoes-ordinarias-preferenciais-e-units\/\" target=\"_blank\" rel=\"noopener\">a\u00e7\u00f5es ordin\u00e1rias<\/a> da empresa.<\/p>\n\n\n\n<p>Atualmente, a operadora de infraestrutura de mercado financeiro possui mais de 5,79 bilh\u00f5es de a\u00e7\u00f5es em circula\u00e7\u00e3o, sendo 300 milh\u00f5es de <a class=\"suno-keyword\" data-force=\"no\" data-priority=\"1\" href=\"https:\/\/www.suno.com.br\/artigos\/acoes-em-tesouraria\/\" target=\"_blank\" rel=\"noopener\">a\u00e7\u00f5es em tesouraria<\/a>.<\/p>\n\n\n\n<p>A companhia n\u00e3o estimou os impactos da negocia\u00e7\u00e3o sobre a composi\u00e7\u00e3o acion\u00e1ria ou sobre sua estrutura administrativa.<\/p>\n\n\n\n<p>As <strong>a\u00e7\u00f5es da B3<\/strong> adquiridas no programa de recompra ser\u00e3o canceladas ou utilizadas para a execu\u00e7\u00e3o do plano de concess\u00e3o de a\u00e7\u00f5es da empresa ou de outros planos aprovados em sua assembleia geral.<br>O prazo m\u00e1ximo para <strong><a class=\"suno-keyword\" data-force=\"no\" data-priority=\"1\" href=\"https:\/\/www.suno.com.br\/artigos\/compra-de-acoes\/\" target=\"_blank\" rel=\"noopener\">compra de a\u00e7\u00f5es<\/a> da B3<\/strong> no programa de recompra \u00e9 de 365 dias corridos, contados a partir de 1 de mar\u00e7o de 2023, tendo como termo final o dia 29 de fevereiro de 2024.<\/p>\n\n\n\n<p>Apesar disso, cabe \u00e0 Diretoria Executiva Financeira, Administrativa e de Rela\u00e7\u00f5es com Investidores definir as datas em que a recompra ser\u00e1 efetivamente executada.<\/p>\n\n\n\n<p>Na lista de <a class=\"suno-keyword\" data-force=\"no\" data-priority=\"1\" href=\"https:\/\/www.suno.com.br\/artigos\/instituicoes-financeiras\/\" target=\"_blank\" rel=\"noopener\">institui\u00e7\u00f5es financeiras<\/a> que poder\u00e3o atuar como intermedi\u00e1rias no programa de <a class=\"suno-keyword\" data-force=\"no\" data-priority=\"1\" href=\"https:\/\/www.suno.com.br\/artigos\/recompra-de-acoes\/\" target=\"_blank\" rel=\"noopener\">recompra de a\u00e7\u00f5es<\/a> da B3 est\u00e3o:<\/p>\n\n\n\n<ul class=\"wp-block-list\">\n<li>Bradesco (BBDC4)<\/li>\n\n\n\n<li>BTG Pactual (BPAC11)<\/li>\n\n\n\n<li>Credit Suisse Brasil<\/li>\n\n\n\n<li>Goldman Sachs do Brasil<\/li>\n\n\n\n<li>Ita\u00fa (ITUB4)<\/li>\n\n\n\n<li>JP Morgan<\/li>\n\n\n\n<li>Merril Lynch<\/li>\n\n\n\n<li>Morgan Stanley (MSBR34)<\/li>\n\n\n\n<li>UBS Brasil<\/li>\n\n\n\n<li>XP Investimentos<\/li>\n<\/ul>\n\n\n\n<h2 class=\"wp-block-heading\">B3 estima desembolsos totais de at\u00e9 R$ 2,775 bilh\u00f5es no ano de 2023<\/h2>\n\n\n\n<p>De acordo com as informa\u00e7\u00f5es financeiras mais recentes da B3, relativas ao terceiro trimestre de 2022 (3T22), a empresa tinha reservas de capital no valor de R$ 7,9 bilh\u00f5es.<\/p>\n\n\n\n<p>A B3 tamb\u00e9m divulgou nesta quinta-feira as proje\u00e7\u00f5es em rela\u00e7\u00e3o ao seu desempenho financeiro para 2023, prevendo desembolsos totais entre R$ 2,435 bilh\u00f5es e R$ 2,775 bilh\u00f5es.<\/p>\n\n\n\n<p>Desse valor, a estimativa da B3 \u00e9 de R$ 1,4 bilh\u00e3o a R$ 1,5 bilh\u00e3o que devem ser destinados a despesas ajustadas no neg\u00f3cio principal.<\/p>\n\n\n\n<p>Al\u00e9m disso, os&nbsp;<strong>investimentos da B3<\/strong>&nbsp;no neg\u00f3cio principal devem totalizar entre R$ 180 milh\u00f5es e 230 milh\u00f5es.<\/p>\n\n\n\n<p>O valor estimado que pode ser consumido por despesas com novos neg\u00f3cios \u00e9 de R$ 595 milh\u00f5es a R$ 665 milh\u00f5es, al\u00e9m de R$ 20 milh\u00f5es a 60 milh\u00f5es em investimentos.<\/p>\n\n\n\n<p>Para 2023, a estimativa de recursos que devem ser destinados a despesas relacionadas ao faturamento \u00e9 de R$ 240 milh\u00f5es a 320 milh\u00f5es.<\/p>\n\n\n\n<p>Outra estimativa da B3 \u00e9 de que os valores para&nbsp;<a href=\"https:\/\/www.suno.com.br\/artigos\/depreciacao-amortizacao\/\" target=\"_blank\" rel=\"noreferrer noopener\">deprecia\u00e7\u00e3o e amortiza\u00e7\u00e3o<\/a>&nbsp;totalizem de R$ 975 milh\u00f5es a R$ 1,055 bilh\u00e3o, com a proje\u00e7\u00e3o de ter uma&nbsp;<a href=\"https:\/\/www.suno.com.br\/artigos\/alavancagem-financeira\/\" target=\"_blank\" rel=\"noreferrer noopener\">alavancagem financeira<\/a>&nbsp;de 1,9 vez, resultante na divis\u00e3o entre a&nbsp;<strong><a href=\"https:\/\/www.suno.com.br\/artigos\/divida-bruta\/\" target=\"_blank\" rel=\"noreferrer noopener\">d\u00edvida bruta<\/a>&nbsp;da B3<\/strong>&nbsp;e seu Ebitda recorrente.<\/p>\n\n\n\n<p>A&nbsp;<strong>B3&nbsp;<\/strong>tamb\u00e9m projeta distribuir de 110% a 140% do&nbsp;<a href=\"https:\/\/www.suno.com.br\/artigos\/lucro-liquido\/\" target=\"_blank\" rel=\"noreferrer noopener\">lucro l\u00edquido<\/a>&nbsp;aos seus acionistas no ano que vem.<\/p>\n\n\n\n<h2 class=\"wp-block-heading\">Fleury (FLRY3) aprova aumento de capital e anuncia venda da Papaiz para a Odontoprev (ODPV3)<\/h2>\n\n\n\n<ul class=\"wp-block-list\">\n<li>A\u00a0<a href=\"https:\/\/www.suno.com.br\/acoes\/FLRY3\/\" target=\"_blank\" rel=\"noreferrer noopener\"><strong>Fleury\u00a0<\/strong>(FLRY3)<\/a>\u00a0anunciou que o\u00a0<a href=\"https:\/\/www.suno.com.br\/artigos\/conselho-administracao\/\" target=\"_blank\" rel=\"noreferrer noopener\">conselho de administra\u00e7\u00e3o<\/a>\u00a0da companhia aprovou a homologa\u00e7\u00e3o parcial do\u00a0<a href=\"https:\/\/www.suno.com.br\/artigos\/aumento-capital\/\" target=\"_blank\" rel=\"noreferrer noopener\">aumento de capital<\/a>\u00a0social, mediante emiss\u00e3o, para subscri\u00e7\u00e3o privada, no valor de R$ 847,2 milh\u00f5es.<\/li>\n\n\n\n<li><a href=\"https:\/\/lp.suno.com.br\/pv\/sr-start\/eu-invisto-2023-start\/\" target=\"_blank\" rel=\"noreferrer noopener\"><\/a>Em raz\u00e3o do\u00a0<strong>aumento de capital da Fleury<\/strong>, 49.059.216 novas\u00a0<a href=\"https:\/\/www.suno.com.br\/artigos\/o-que-sao-acoes-ordinarias-preferenciais-e-units\/\" target=\"_blank\" rel=\"noreferrer noopener\">a\u00e7\u00f5es ordin\u00e1rias<\/a>\u00a0foram subscritas, sendo o montante total de emiss\u00e3o de R$ 847.252.660,32. Desse montante R$ 282.090.492,00 ser\u00e3o destinados ao capital social e R$ 565.162.168,32 \u00e0\u00a0<a href=\"https:\/\/www.suno.com.br\/artigos\/reserva-capital\/\" target=\"_blank\" rel=\"noreferrer noopener\">reserva de capital<\/a>.\u00a0<\/li>\n\n\n\n<li>Assim, o\u00a0<strong>capital social da Fleury<\/strong>\u00a0passou de R$ 1,4 bilh\u00e3o para R$ 1,7 bilh\u00e3o, representado por 367.197.096 a\u00e7\u00f5es ordin\u00e1rias.<\/li>\n\n\n\n<li>Al\u00e9m disso, a Fleury anunciou que realizou a venda de 51% da\u00a0<strong>Papaiz<\/strong>, de diagn\u00f3sticos odontol\u00f3gicos por imagem, para a Clidec, controlada pela\u00a0<a href=\"https:\/\/www.suno.com.br\/acoes\/ODPV3\/\" target=\"_blank\" rel=\"noreferrer noopener\"><strong>Odontoprev<\/strong>\u00a0(ODPV3)<\/a>, por meio de compra e venda de a\u00e7\u00f5es.<\/li>\n\n\n\n<li>O valor pago \u00e0 Fleury pelo controle da Papaiz corresponde a R$ 19,2 milh\u00f5es.<\/li>\n\n\n\n<li>Nos \u00faltimos 12 meses encerrados em outubro de 2022, a Papaiz totalizou\u00a0<a href=\"https:\/\/www.suno.com.br\/artigos\/o-que-receita-liquida\/\" target=\"_blank\" rel=\"noreferrer noopener\">receita l\u00edquida<\/a>\u00a0de R$ 29,5 milh\u00f5es.<\/li>\n\n\n\n<li>A aquisi\u00e7\u00e3o ainda precisa ser aprovada pelo Cade (Conselho Administrativo de Defesa Econ\u00f4mica).<\/li>\n<\/ul>\n\n\n\n<figure class=\"wp-block-image\"><img decoding=\"async\" src=\"https:\/\/files.sunoresearch.com.br\/n\/uploads\/2022\/09\/Noticias-Materia_-Desktop-1000x325planilha_controle_de_gastos.png\" alt=\"\"\/><\/figure>\n\n\n\n<p><a href=\"https:\/\/lp.suno.com.br\/planilha-controle-gastos\/\" target=\"_blank\" rel=\"noreferrer noopener\"><\/a><\/p>\n\n\n\n<h2 class=\"wp-block-heading\" id=\"h-fleury-fecha-contratos-de-energia-renovavel\">Fleury fecha contratos de energia renov\u00e1vel<\/h2>\n\n\n\n<ul class=\"wp-block-list\">\n<li>O Grupo Fleury fechou contratos de fornecimento de energia fotovoltaica para as suas unidades de S\u00e3o Paulo e do Rio de Janeiro, segundo informa\u00e7\u00f5es do Valor Econ\u00f4mico.<\/li>\n<\/ul>\n\n\n\n<ul class=\"wp-block-list\">\n<li>O acordo de fornecimento de energia renov\u00e1vel da Fleury foi firmado com a Voltx Energia e prev\u00ea dez anos de parceria com 14% de desconto lastreado.<\/li>\n<\/ul>\n\n\n\n<ul class=\"wp-block-list\">\n<li>As duas plantas no estado de SP, uma em Pirapora e a outra em Vargem Grande Paulista, ficaram prontas recentemente.<\/li>\n<\/ul>\n\n\n\n<ul class=\"wp-block-list\">\n<li>No Rio de Janeiro, h\u00e1 uma fazenda solar. Um acordo com outras duas plantas deve ser assinado nos pr\u00f3ximos dias, diz o Valor.<\/li>\n<\/ul>\n\n\n\n<ul class=\"wp-block-list\">\n<li>As usinas em SP entraram em opera\u00e7\u00e3o ap\u00f3s tr\u00e2mites de licen\u00e7a ambiental, parecer de acesso em \u00e1reas de concess\u00e3o e implanta\u00e7\u00e3o de placas fotovoltaicas da China, conta o o diretor de Expans\u00e3o e Facilities da Fleury, Cl\u00f3vis Porto ao jornal.<\/li>\n<\/ul>\n\n\n\n<h2 class=\"wp-block-heading\">Gerdau (GGBR4): \u201cn\u00e3o h\u00e1 planos de voltar a investir fora das Am\u00e9ricas\u201d, diz CEO<\/h2>\n\n\n\n<ul class=\"wp-block-list\">\n<li>A\u00a0<strong><a href=\"https:\/\/www.suno.com.br\/acoes\/ggbr4\/\" target=\"_blank\" rel=\"noreferrer noopener\">Gerdau (GGBR4)<\/a><\/strong>\u00a0realiza hoje sua reuni\u00e3o anual p\u00fablica com investidores e, em meio a apresenta\u00e7\u00e3o de resultados e proje\u00e7\u00f5es, a companhia destacou que n\u00e3o h\u00e1 mais planos de investir fora do continente americano.\u00a0<a href=\"https:\/\/lp.suno.com.br\/pv\/sr-start\/eu-invisto-2023-start\/\" target=\"_blank\" rel=\"noreferrer noopener\"><\/a><\/li>\n<\/ul>\n\n\n\n<ul class=\"wp-block-list\">\n<li>\u201cDesde 2015 montamos um programa de desinvestimento pragm\u00e1tico. Retiramos os nossos investimentos de pa\u00edses como Chile, Guatemala e \u00cdndia, pois n\u00e3o havia condi\u00e7\u00f5es geogr\u00e1ficas para aquelas instala\u00e7\u00f5es atra\u00edrem a rentabilidade esperada\u201d, disse Guilherme Werneck,\u00a0<strong>CEO da Gerdau<\/strong>.<\/li>\n<\/ul>\n\n\n\n<ul class=\"wp-block-list\">\n<li>Werneck afirmou ainda que a companhia entrou em um \u201cciclo complicado\u201d, fazendo refer\u00eancia \u00e0s altas nas taxas de juros globais: \u201cA empresa est\u00e1 muito saud\u00e1vel, austera e preparada mesmo para enfrentar ambientes mais complexos.\u201d<\/li>\n\n\n\n<li><a href=\"https:\/\/www.suno.com.br\/noticias\/gerdau-ggbr4-investir-energia-renovavel\/\" target=\"_blank\" rel=\"noreferrer noopener\">Recentemente<\/a>, a\u00a0<strong>Gerdau<\/strong>\u00a0 informou que vai investir at\u00e9 R$ 1,5 bilh\u00e3o na gera\u00e7\u00e3o de energia renov\u00e1vel.\u00a0<\/li>\n\n\n\n<li>A companhia anunciou que sua controlada, a\u00a0<strong>Gerdau Next<\/strong>, e o Fundo Newave Energia I Advisory (NW Capital), assinaram instrumentos vinculantes com a Newave, visando a aquisi\u00e7\u00e3o de 30% da energia gerada pelos projetos detidos pela empresa e suas controladas, em regime de autoprodu\u00e7\u00e3o.<\/li>\n\n\n\n<li>Al\u00e9m disso, o acordo assinado pela\u00a0<strong>controlada da Gerdau<\/strong>\u00a0prev\u00ea a subscri\u00e7\u00e3o de participa\u00e7\u00e3o societ\u00e1ria no\u00a0<a href=\"https:\/\/www.suno.com.br\/artigos\/capital-social\/\" target=\"_blank\" rel=\"noreferrer noopener\">capital social<\/a>\u00a0da Newave pela Gerdau Next e pelo NW Capital, nas propor\u00e7\u00f5es de 33,33% e 66,67%, respectivamente.<\/li>\n\n\n\n<li>A opera\u00e7\u00e3o representa um investimento em desenvolvimento de projetos greenfield de gera\u00e7\u00e3o de energia el\u00e9trica com capacidade de cerca de 2,5 Gigawatts (GW), de forma exclusiva de fonte solar ou e\u00f3lica.<\/li>\n\n\n\n<li>A expectativa para o in\u00edcio da gera\u00e7\u00e3o \u00e9 nos anos 2025 e 2026, por meio de projetos brownfield e em atividades de comercializa\u00e7\u00e3o de energia el\u00e9trica, tanto na modalidade varejista e direcional, como nas transa\u00e7\u00f5es de pr\u00e9-pagamento.<\/li>\n<\/ul>\n\n\n\n<h2 class=\"wp-block-heading\" id=\"h-petrobras-petr4-amplia-perdas-apos-declaracoes-de-mercadante-sobre-preco-do-combustivel\">Petrobras (PETR4) amplia perdas ap\u00f3s declara\u00e7\u00f5es de Mercadante sobre pre\u00e7o do combust\u00edvel<\/h2>\n\n\n\n<ul class=\"wp-block-list\">\n<li>As a\u00e7\u00f5es da\u00a0<strong><a href=\"https:\/\/www.suno.com.br\/acoes\/petr4\/\" target=\"_blank\" rel=\"noreferrer noopener\">Petrobras (PETR4)<\/a><\/strong>\u00a0fecharam em queda nesta quarta-feira (8). Em meio a uma semana vol\u00e1til, com altas e baixas di\u00e1rias, os\u00a0<strong>pap\u00e9is da petroleira<\/strong>\u00a0ca\u00edram 2,41%, negociados a R$ 24,74. As baixas das a\u00e7\u00f5es da companhia, que operavam no negativo durante o dia, aumentaram ap\u00f3s a fala do governo de transi\u00e7\u00e3o sobre manuten\u00e7\u00e3o da\u00a0<strong>desonera\u00e7\u00e3o dos impostos sobre os combust\u00edveis<\/strong>.<\/li>\n\n\n\n<li>Segundo afirmou o coordenador dos Grupos T\u00e9cnicos do gabinete de transi\u00e7\u00e3o, Aloizio Mercadante, a decis\u00e3o ainda n\u00e3o est\u00e1 definida e depende do pre\u00e7o internacional do petr\u00f3leo, da din\u00e2mica do c\u00e2mbio e do ICMS.<\/li>\n\n\n\n<li>O ex-ministro destacou ainda que o\u00a0<strong>pre\u00e7o internacional do petr\u00f3leo<\/strong>\u00a0tem ca\u00eddo e disse apostar em uma melhora no n\u00edvel do c\u00e2mbio a partir de janeiro para reduzir a press\u00e3o sobre os pre\u00e7os dos combust\u00edveis.<\/li>\n\n\n\n<li><a href=\"https:\/\/lp.suno.com.br\/planilha-controle-gastos\/\" target=\"_blank\" rel=\"noreferrer noopener\"><\/a>Ele tamb\u00e9m voltou a defender investimentos para aumentar a capacidade de\u00a0<strong>refino da Petrobras<\/strong>, reduzindo assim a necessidade de importa\u00e7\u00e3o de\u00a0<strong>gasolina e diesel<\/strong>. \u201cTentaremos \u2018abrasileirar\u2019 pre\u00e7o do combust\u00edvel no pr\u00f3ximo governo\u201d, afirmou.<\/li>\n\n\n\n<li>Na legisla\u00e7\u00e3o atual, est\u00e3o zeradas as al\u00edquotas da contribui\u00e7\u00e3o para o PIS\/Pasep e da Cofins incidentes sobre os combust\u00edveis. Al\u00e9m disso, a Contribui\u00e7\u00e3o de Interven\u00e7\u00e3o no Dom\u00ednio Econ\u00f4mico (Cide) da gasolina tamb\u00e9m foi reduzida.<a href=\"https:\/\/lp.suno.com.br\/5-amostras-suno-research\/\" target=\"_blank\" rel=\"noreferrer noopener\"><\/a><\/li>\n<\/ul>\n\n\n\n<ul class=\"wp-block-list\">\n<li>\u201cA discuss\u00e3o sobre (a lei que criou um teto para) o ICMS est\u00e1 no Supremo Tribunal Federal (STF) e vamos aguardar uma decis\u00e3o se vai flexibilizar a tarifa ou n\u00e3o. Estamos bastante atentos a isso. A prorroga\u00e7\u00e3o da desonera\u00e7\u00e3o de PIS\/Cofins sobre combust\u00edveis tamb\u00e9m depende disso\u201d, afirmou Mercadante, em entrevista coletiva no Centro Cultural do Banco do Brasil (CCBB).<\/li>\n\n\n\n<li>Caso a medida seja renovada em 2023, a\u00a0<a href=\"https:\/\/www.suno.com.br\/artigos\/renuncia-fiscal\/\" target=\"_blank\" rel=\"noreferrer noopener\">ren\u00fancia fiscal<\/a>\u00a0seria de R$ 52 bilh\u00f5es, por isso os integrantes do GT de Economia da transi\u00e7\u00e3o j\u00e1 sinalizaram que a cobran\u00e7a de PIS\/Cofins deve retornar de forma gradual.<\/li>\n<\/ul>\n\n\n\n<figure class=\"wp-block-image\"><img decoding=\"async\" src=\"https:\/\/files.sunoresearch.com.br\/n\/uploads\/2022\/06\/suno-one-banner-desktop-1.png\" alt=\"\"\/><\/figure>\n\n\n\n<p><a href=\"https:\/\/lp.suno.com.br\/suno-one\/\" target=\"_blank\" rel=\"noreferrer noopener\"><\/a><\/p>\n\n\n\n<ul class=\"wp-block-list\">\n<li>\u201c\u00c9 um problema, porque a situa\u00e7\u00e3o fiscal est\u00e1 muito dif\u00edcil. O Pa\u00eds est\u00e1 em colapso fiscal, Bolsonaro quebrou o Estado\u201d, acrescentou, Mercadante hoje.<\/li>\n<\/ul>\n\n\n\n<ul class=\"wp-block-list\">\n<li>O prazo de validade \u00e9 31 de dezembro e o gabinete de transi\u00e7\u00e3o ainda n\u00e3o bateu o martelo sobre o\u00a0<strong>fim da desonera\u00e7\u00e3o de impostos sobre a gasolina<\/strong>. Enquanto a nova gest\u00e3o n\u00e3o tomar a decis\u00e3o, os pap\u00e9is da\u00a0<strong>Petrobr\u00e1s<\/strong>\u00a0poder\u00e3o seguir sendo afetados.<\/li>\n<\/ul>\n\n\n\n<h2 class=\"wp-block-heading\" id=\"h-direcional-dirr3-aprova-dividendos-de-r-104-milhoes-veja-valores\">Direcional (DIRR3) aprova dividendos de R$ 104 milh\u00f5es; veja valores<\/h2>\n\n\n\n<ul class=\"wp-block-list\">\n<li>A\u00a0<strong><a href=\"https:\/\/www.suno.com.br\/acoes\/dirr3\/\" target=\"_blank\" rel=\"noreferrer noopener\">Direcional (DIRR3)<\/a><\/strong>\u00a0pagar\u00e1 um volume total de R$ 104.289.634,40 em\u00a0<a href=\"https:\/\/www.suno.com.br\/guias\/dividendos\/\" target=\"_blank\" rel=\"noreferrer noopener\">dividendos<\/a>, segundo aviso aos acionistas divulgado hoje. Por a\u00e7\u00e3o, os dividendos intermedi\u00e1rios ser\u00e3o de R$ 0,70 e devem ser pagos em 9 de janeiro.<\/li>\n\n\n\n<li>Apenas os investidores com\u00a0<strong>a\u00e7\u00f5es da Direcional<\/strong>\u00a0no dia 16 de dezembro poder\u00e3o receber os\u00a0<strong>dividendos<\/strong>. A partir do dia 19 de dezembro, as a\u00e7\u00f5es ser\u00e3o negociadas sem direito aos dividendos.<\/li>\n\n\n\n<li>Segundo documento arquivado na Comiss\u00e3o de Valores Mobili\u00e1rios (CVM), esses proventos fazem parte dos\u00a0<a href=\"https:\/\/www.suno.com.br\/guias\/dividendos\/\" target=\"_blank\" rel=\"noreferrer noopener\">dividendos<\/a>\u00a0obrigat\u00f3rios do exerc\u00edcio de 2022.<\/li>\n<\/ul>\n\n\n\n<h2 class=\"wp-block-heading\" id=\"h-dividendos-da-direcional-dirr3\">Dividendos da Direcional (DIRR3)<\/h2>\n\n\n\n<ul class=\"wp-block-list\">\n<li><strong>Valor total:<\/strong>&nbsp;R$ 104.289.634,40<\/li>\n\n\n\n<li><strong>Valor por a\u00e7\u00e3o:<\/strong>&nbsp;R$ 0,70<\/li>\n\n\n\n<li><strong>Data de corte:<\/strong>&nbsp;16 de dezembro<\/li>\n\n\n\n<li><strong>Data do pagamento:<\/strong>&nbsp;9 de janeiro de 2023<\/li>\n\n\n\n<li><strong>Rendimento (dividend yield) do pagamento:<\/strong>&nbsp;3,24 %<\/li>\n<\/ul>\n\n\n\n<ul class=\"wp-block-list\">\n<li>No preg\u00e3o de hoje, a cota\u00e7\u00e3o das\u00a0<strong>a\u00e7\u00f5es da Direcional<\/strong>\u00a0caiu 2,09%, para R$ 14,49. Apesar disso, no ano, o papel acumula alta de 20,85%.<\/li>\n<\/ul>\n\n\n\n<h2 class=\"wp-block-heading\" id=\"h-dexco-dxco3-anuncia-dividendos-de-r-249-milhoes-confira-preco-por-acao\">Dexco (DXCO3) anuncia dividendos de R$ 249 milh\u00f5es; confira pre\u00e7o por a\u00e7\u00e3o<\/h2>\n\n\n\n<ul class=\"wp-block-list\">\n<li>O\u00a0<a href=\"https:\/\/www.suno.com.br\/artigos\/conselho-administracao\/\" target=\"_blank\" rel=\"noreferrer noopener\">conselho de administra\u00e7\u00e3o<\/a>\u00a0da<strong>\u00a0<a href=\"https:\/\/www.suno.com.br\/acoes\/dxco3\/\" target=\"_blank\" rel=\"noreferrer noopener\">Dexco (DXCO3)<\/a><\/strong>\u00a0aprovou o pagamento de\u00a0<a href=\"https:\/\/www.suno.com.br\/guias\/dividendos\/\" target=\"_blank\" rel=\"noreferrer noopener\">dividendos<\/a>\u00a0no valor total de R$ 249 milh\u00f5es, conforme anunciado pela companhia nesta quinta-feira (8).<\/li>\n<\/ul>\n\n\n\n<ul class=\"wp-block-list\">\n<li>O valor dos<strong>\u00a0proventos<\/strong>\u00a0por a\u00e7\u00e3o ser\u00e1 de R$ 0,32721698168 e ser\u00e3o pagos no dia 30 de junho de 2023. Por\u00e9m, considerando a reten\u00e7\u00e3o de 15% de imposto de renda na fonte, o valor de juros l\u00edquidos ser\u00e1 de R$ 0,27813443443 por a\u00e7\u00e3o. Ser\u00e3o excetuados dessa reten\u00e7\u00e3o os acionistas pessoas jur\u00eddicas comprovadamente imunes ou isentos.<\/li>\n<\/ul>\n\n\n\n<ul class=\"wp-block-list\">\n<li>Apenas os investidores com\u00a0<strong>a\u00e7\u00f5es da\u00a0Dexco<\/strong>\u00a0em 14 de dezembro poder\u00e3o receber os\u00a0<strong>rendimentos<\/strong>. A partir dessa data, as a\u00e7\u00f5es ser\u00e3o negociadas sem direito aos\u00a0<a href=\"https:\/\/www.suno.com.br\/guias\/dividendos\/\" target=\"_blank\" rel=\"noreferrer noopener\">dividendos<\/a>.<\/li>\n<\/ul>\n\n\n\n<ul class=\"wp-block-list\">\n<li>Segundo documento arquivado na Comiss\u00e3o de Valores Mobili\u00e1rios (CVM), esses proventos fazem parte dos\u00a0<a href=\"https:\/\/www.suno.com.br\/guias\/dividendos\/\" target=\"_blank\" rel=\"noreferrer noopener\">dividendos<\/a>\u00a0obrigat\u00f3rios do exerc\u00edcio de 2022.<\/li>\n<\/ul>\n\n\n\n<h2 class=\"wp-block-heading\" id=\"h-dividendos-da-dexco-dxco3\">Dividendos da Dexco (DXCO3)<\/h2>\n\n\n\n<ul class=\"wp-block-list\">\n<li><strong>Valor total:<\/strong>&nbsp;R$ 249.000.000,00<\/li>\n\n\n\n<li><strong>Valor por a\u00e7\u00e3o:<\/strong>&nbsp;R$ 0,32721698168<\/li>\n\n\n\n<li><strong>Data de corte:<\/strong>&nbsp;14\/12\/2022<\/li>\n\n\n\n<li><strong>Data do pagamento:<\/strong>&nbsp;30\/06\/2023<\/li>\n\n\n\n<li><strong>Rendimento (dividend yield):<\/strong>&nbsp;17,12%<\/li>\n<\/ul>\n\n\n\n<ul class=\"wp-block-list\">\n<li>No preg\u00e3o de hoje, a\u00a0<strong>cota\u00e7\u00e3o das a\u00e7\u00f5es da Dexco<\/strong>\u00a0teve queda de 6,50%, a R$ 7,48. No ano, o papel acumula baixa de 51,24%.<\/li>\n<\/ul>\n\n\n\n<figure class=\"wp-block-image\"><img decoding=\"async\" src=\"https:\/\/files.sunoresearch.com.br\/n\/uploads\/2022\/12\/1420x240-Banner-Artigos-1-_-Banner-Materias-1-2.png\" alt=\"\"\/><\/figure>\n","protected":false},"excerpt":{"rendered":"<p>O conselho de administra\u00e7\u00e3o da B3 (B3SA3) aprovou o programa de recompra de a\u00e7\u00f5es da companhia, conforme anunciado em comunicado nesta quinta-feira (8). B3 (B3SA3): lucro l\u00edquido recorrente cai 7,1%, a R$ 1,13 bilh\u00e3o. Foto: Divulga\u00e7\u00e3o Com o programa de recompra de a\u00e7\u00f5es da B3, o conselho autorizou a empresa a celebrar novos contratos de [&hellip;]<\/p>\n","protected":false},"author":194,"featured_media":308396,"comment_status":"closed","ping_status":"closed","sticky":false,"template":"","format":"standard","meta":[],"categories":[64],"tags":[367,106758,446,488,595],"suno_strategy":[],"class_list":["post-331853","post","type-post","status-publish","format-standard","has-post-thumbnail","hentry","category-negocios","tag-b3-b3sa3","tag-dexco-dxco3","tag-direcional-dirr3","tag-gerdau-ggbr3-ggbr4","tag-petrobras-petr4"],"yoast_head":"<!-- This site is optimized with the Yoast SEO plugin v24.4 - https:\/\/yoast.com\/wordpress\/plugins\/seo\/ -->\n<title>Radar: B3 (B3SA3) anuncia programa de recompra de a\u00e7\u00f5es, Petrobras (PETR4) tomba na Bolsa e Direcional (DIRR3) aprova dividendos milion\u00e1rios<\/title>\n<meta name=\"description\" content=\"A B3 anunciou hoje um programa de recompra de a\u00e7\u00f5es. A Petrobras fechou em queda ap\u00f3s falas de Aloizio Mercadante, integrante da Transi\u00e7\u00e3o\" \/>\n<meta name=\"robots\" content=\"index, follow, max-snippet:-1, max-image-preview:large, max-video-preview:-1\" \/>\n<link rel=\"canonical\" href=\"https:\/\/www.suno.com.br\/noticias\/radar-b3-b3sa3-petrobras-petr4-direcional-dirr3\/\" \/>\n<meta property=\"og:locale\" content=\"pt_BR\" \/>\n<meta property=\"og:type\" content=\"article\" \/>\n<meta property=\"og:title\" content=\"Radar: B3 (B3SA3) anuncia programa de recompra de a\u00e7\u00f5es, Petrobras (PETR4) tomba na Bolsa e Direcional (DIRR3) aprova dividendos milion\u00e1rios\" \/>\n<meta property=\"og:description\" content=\"A B3 anunciou hoje um programa de recompra de a\u00e7\u00f5es. A Petrobras fechou em queda ap\u00f3s falas de Aloizio Mercadante, integrante da Transi\u00e7\u00e3o\" \/>\n<meta property=\"og:url\" content=\"https:\/\/www.suno.com.br\/noticias\/radar-b3-b3sa3-petrobras-petr4-direcional-dirr3\/\" \/>\n<meta property=\"og:site_name\" content=\"Suno Not\u00edcias\" \/>\n<meta property=\"article:publisher\" content=\"https:\/\/facebook.com\/sunoresearch\" \/>\n<meta property=\"og:image\" content=\"https:\/\/files.sunoresearch.com.br\/n\/uploads\/2022\/10\/ibovespa-B3-divulgacao.jpg\" \/>\n\t<meta property=\"og:image:width\" content=\"1450\" \/>\n\t<meta property=\"og:image:height\" content=\"816\" \/>\n\t<meta property=\"og:image:type\" content=\"image\/jpeg\" \/>\n<meta name=\"author\" content=\"Isabella Taglapietra\" \/>\n<meta name=\"twitter:card\" content=\"summary_large_image\" \/>\n<meta name=\"twitter:creator\" content=\"@sunoresearch\" \/>\n<meta name=\"twitter:site\" content=\"@sunoresearch\" \/>\n<meta name=\"twitter:label1\" content=\"Escrito por\" \/>\n\t<meta name=\"twitter:data1\" content=\"Isabella Taglapietra\" \/>\n\t<meta name=\"twitter:label2\" content=\"Est. tempo de leitura\" \/>\n\t<meta name=\"twitter:data2\" content=\"11 minutos\" \/>\n<script type=\"application\/ld+json\" class=\"yoast-schema-graph\">{\"@context\":\"https:\/\/schema.org\",\"@graph\":[{\"@type\":\"NewsArticle\",\"@id\":\"https:\/\/www.suno.com.br\/noticias\/radar-b3-b3sa3-petrobras-petr4-direcional-dirr3\/#article\",\"isPartOf\":{\"@id\":\"https:\/\/www.suno.com.br\/noticias\/radar-b3-b3sa3-petrobras-petr4-direcional-dirr3\/\"},\"author\":{\"name\":\"Isabella Taglapietra\",\"@id\":\"https:\/\/www.suno.com.br\/noticias\/#\/schema\/person\/a0be106724f6f5d705d70f04333cb249\"},\"headline\":\"Radar: B3 (B3SA3) anuncia programa de recompra de a\u00e7\u00f5es, Petrobras (PETR4) tomba na Bolsa e Direcional (DIRR3) aprova dividendos milion\u00e1rios\",\"datePublished\":\"2022-12-09T01:47:06+00:00\",\"dateModified\":\"2022-12-09T01:47:18+00:00\",\"mainEntityOfPage\":{\"@id\":\"https:\/\/www.suno.com.br\/noticias\/radar-b3-b3sa3-petrobras-petr4-direcional-dirr3\/\"},\"wordCount\":2039,\"publisher\":{\"@id\":\"https:\/\/www.suno.com.br\/noticias\/#organization\"},\"image\":{\"@id\":\"https:\/\/www.suno.com.br\/noticias\/radar-b3-b3sa3-petrobras-petr4-direcional-dirr3\/#primaryimage\"},\"thumbnailUrl\":\"https:\/\/files.sunoresearch.com.br\/n\/uploads\/2022\/10\/ibovespa-B3-divulgacao.jpg\",\"keywords\":[\"B3 (B3SA3)\",\"Dexco (DXCO3)\",\"Direcional (DIRR3)\",\"Gerdau (GGBR3\/GGBR4)\",\"Petrobras (PETR4)\"],\"articleSection\":[\"Neg\u00f3cios\"],\"inLanguage\":\"pt-BR\"},{\"@type\":\"WebPage\",\"@id\":\"https:\/\/www.suno.com.br\/noticias\/radar-b3-b3sa3-petrobras-petr4-direcional-dirr3\/\",\"url\":\"https:\/\/www.suno.com.br\/noticias\/radar-b3-b3sa3-petrobras-petr4-direcional-dirr3\/\",\"name\":\"Radar: B3 (B3SA3) anuncia programa de recompra de a\u00e7\u00f5es, Petrobras (PETR4) tomba na Bolsa e Direcional (DIRR3) aprova dividendos milion\u00e1rios\",\"isPartOf\":{\"@id\":\"https:\/\/www.suno.com.br\/noticias\/#website\"},\"primaryImageOfPage\":{\"@id\":\"https:\/\/www.suno.com.br\/noticias\/radar-b3-b3sa3-petrobras-petr4-direcional-dirr3\/#primaryimage\"},\"image\":{\"@id\":\"https:\/\/www.suno.com.br\/noticias\/radar-b3-b3sa3-petrobras-petr4-direcional-dirr3\/#primaryimage\"},\"thumbnailUrl\":\"https:\/\/files.sunoresearch.com.br\/n\/uploads\/2022\/10\/ibovespa-B3-divulgacao.jpg\",\"datePublished\":\"2022-12-09T01:47:06+00:00\",\"dateModified\":\"2022-12-09T01:47:18+00:00\",\"description\":\"A B3 anunciou hoje um programa de recompra de a\u00e7\u00f5es. A Petrobras fechou em queda ap\u00f3s falas de Aloizio Mercadante, integrante da Transi\u00e7\u00e3o\",\"breadcrumb\":{\"@id\":\"https:\/\/www.suno.com.br\/noticias\/radar-b3-b3sa3-petrobras-petr4-direcional-dirr3\/#breadcrumb\"},\"inLanguage\":\"pt-BR\",\"potentialAction\":[{\"@type\":\"ReadAction\",\"target\":[\"https:\/\/www.suno.com.br\/noticias\/radar-b3-b3sa3-petrobras-petr4-direcional-dirr3\/\"]}]},{\"@type\":\"ImageObject\",\"inLanguage\":\"pt-BR\",\"@id\":\"https:\/\/www.suno.com.br\/noticias\/radar-b3-b3sa3-petrobras-petr4-direcional-dirr3\/#primaryimage\",\"url\":\"https:\/\/files.sunoresearch.com.br\/n\/uploads\/2022\/10\/ibovespa-B3-divulgacao.jpg\",\"contentUrl\":\"https:\/\/files.sunoresearch.com.br\/n\/uploads\/2022\/10\/ibovespa-B3-divulgacao.jpg\",\"width\":1450,\"height\":816,\"caption\":\"B3 (B3SA3): lucro l\u00edquido recorrente cai 7,1%, a R$ 1,13 bilh\u00e3o. Foto: Divulga\u00e7\u00e3o\"},{\"@type\":\"BreadcrumbList\",\"@id\":\"https:\/\/www.suno.com.br\/noticias\/radar-b3-b3sa3-petrobras-petr4-direcional-dirr3\/#breadcrumb\",\"itemListElement\":[{\"@type\":\"ListItem\",\"position\":1,\"name\":\"Not\u00edcias\",\"item\":\"https:\/\/www.suno.com.br\/noticias\/\"},{\"@type\":\"ListItem\",\"position\":2,\"name\":\"Neg\u00f3cios\",\"item\":\"https:\/\/www.suno.com.br\/noticias\/negocios\/\"},{\"@type\":\"ListItem\",\"position\":3,\"name\":\"Radar: B3 (B3SA3) anuncia programa de recompra de a\u00e7\u00f5es, Petrobras (PETR4) tomba na Bolsa e Direcional (DIRR3) aprova dividendos milion\u00e1rios\"}]},{\"@type\":\"WebSite\",\"@id\":\"https:\/\/www.suno.com.br\/noticias\/#website\",\"url\":\"https:\/\/www.suno.com.br\/noticias\/\",\"name\":\"Suno Not\u00edcias\",\"description\":\"Seu portal de informa\u00e7\u00e3o sobre o mundo dos investimentos\",\"publisher\":{\"@id\":\"https:\/\/www.suno.com.br\/noticias\/#organization\"},\"potentialAction\":[{\"@type\":\"SearchAction\",\"target\":{\"@type\":\"EntryPoint\",\"urlTemplate\":\"https:\/\/www.suno.com.br\/noticias\/?s={search_term_string}\"},\"query-input\":{\"@type\":\"PropertyValueSpecification\",\"valueRequired\":true,\"valueName\":\"search_term_string\"}}],\"inLanguage\":\"pt-BR\"},{\"@type\":\"Organization\",\"@id\":\"https:\/\/www.suno.com.br\/noticias\/#organization\",\"name\":\"Suno Not\u00edcias\",\"url\":\"https:\/\/www.suno.com.br\/noticias\/\",\"logo\":{\"@type\":\"ImageObject\",\"inLanguage\":\"pt-BR\",\"@id\":\"https:\/\/www.suno.com.br\/noticias\/#\/schema\/logo\/image\/\",\"url\":\"https:\/\/files.sunoresearch.com.br\/n\/uploads\/2021\/09\/suno-logo.png\",\"contentUrl\":\"https:\/\/files.sunoresearch.com.br\/n\/uploads\/2021\/09\/suno-logo.png\",\"width\":180,\"height\":180,\"caption\":\"Suno Not\u00edcias\"},\"image\":{\"@id\":\"https:\/\/www.suno.com.br\/noticias\/#\/schema\/logo\/image\/\"},\"sameAs\":[\"https:\/\/facebook.com\/sunoresearch\",\"https:\/\/x.com\/sunoresearch\",\"https:\/\/www.instagram.com\/suno\",\"https:\/\/www.linkedin.com\/company\/suno-research\/\",\"https:\/\/www.youtube.com\/c\/sunoresearch\"]},{\"@type\":\"Person\",\"@id\":\"https:\/\/www.suno.com.br\/noticias\/#\/schema\/person\/a0be106724f6f5d705d70f04333cb249\",\"name\":\"Isabella Taglapietra\",\"image\":{\"@type\":\"ImageObject\",\"inLanguage\":\"pt-BR\",\"@id\":\"https:\/\/www.suno.com.br\/noticias\/#\/schema\/person\/image\/\",\"url\":\"https:\/\/secure.gravatar.com\/avatar\/089c9e06b71de293117116aaf339e22f?s=96&r=g\",\"contentUrl\":\"https:\/\/secure.gravatar.com\/avatar\/089c9e06b71de293117116aaf339e22f?s=96&r=g\",\"caption\":\"Isabella Taglapietra\"},\"description\":\"Rep\u00f3rter freelancer no Suno Not\u00edcias, cobre not\u00edcias di\u00e1rias sobre economia, balan\u00e7os trimestrais e pesquisas. Formada em jornalismo pela Faculdade C\u00e1sper L\u00edbero e p\u00f3s-graduanda em mercado de capitais pela Fecap, atuou como rep\u00f3rter de economia e finan\u00e7as no portal CRC!News e Elas que Lucrem, al\u00e9m de social media para empresas do mercado financeiro.\",\"url\":\"https:\/\/www.suno.com.br\/noticias\/author\/isabella-taglapietra\/\"}]}<\/script>\n<!-- \/ Yoast SEO plugin. -->","yoast_head_json":{"title":"Radar: B3 (B3SA3) anuncia programa de recompra de a\u00e7\u00f5es, Petrobras (PETR4) tomba na Bolsa e Direcional (DIRR3) aprova dividendos milion\u00e1rios","description":"A B3 anunciou hoje um programa de recompra de a\u00e7\u00f5es. A Petrobras fechou em queda ap\u00f3s falas de Aloizio Mercadante, integrante da Transi\u00e7\u00e3o","robots":{"index":"index","follow":"follow","max-snippet":"max-snippet:-1","max-image-preview":"max-image-preview:large","max-video-preview":"max-video-preview:-1"},"canonical":"https:\/\/www.suno.com.br\/noticias\/radar-b3-b3sa3-petrobras-petr4-direcional-dirr3\/","og_locale":"pt_BR","og_type":"article","og_title":"Radar: B3 (B3SA3) anuncia programa de recompra de a\u00e7\u00f5es, Petrobras (PETR4) tomba na Bolsa e Direcional (DIRR3) aprova dividendos milion\u00e1rios","og_description":"A B3 anunciou hoje um programa de recompra de a\u00e7\u00f5es. A Petrobras fechou em queda ap\u00f3s falas de Aloizio Mercadante, integrante da Transi\u00e7\u00e3o","og_url":"https:\/\/www.suno.com.br\/noticias\/radar-b3-b3sa3-petrobras-petr4-direcional-dirr3\/","og_site_name":"Suno Not\u00edcias","article_publisher":"https:\/\/facebook.com\/sunoresearch","og_image":[{"width":1450,"height":816,"url":"https:\/\/files.sunoresearch.com.br\/n\/uploads\/2022\/10\/ibovespa-B3-divulgacao.jpg","type":"image\/jpeg"}],"author":"Isabella Taglapietra","twitter_card":"summary_large_image","twitter_creator":"@sunoresearch","twitter_site":"@sunoresearch","twitter_misc":{"Escrito por":"Isabella Taglapietra","Est. tempo de leitura":"11 minutos"},"schema":{"@context":"https:\/\/schema.org","@graph":[{"@type":"NewsArticle","@id":"https:\/\/www.suno.com.br\/noticias\/radar-b3-b3sa3-petrobras-petr4-direcional-dirr3\/#article","isPartOf":{"@id":"https:\/\/www.suno.com.br\/noticias\/radar-b3-b3sa3-petrobras-petr4-direcional-dirr3\/"},"author":{"name":"Isabella Taglapietra","@id":"https:\/\/www.suno.com.br\/noticias\/#\/schema\/person\/a0be106724f6f5d705d70f04333cb249"},"headline":"Radar: B3 (B3SA3) anuncia programa de recompra de a\u00e7\u00f5es, Petrobras (PETR4) tomba na Bolsa e Direcional (DIRR3) aprova dividendos milion\u00e1rios","datePublished":"2022-12-09T01:47:06+00:00","dateModified":"2022-12-09T01:47:18+00:00","mainEntityOfPage":{"@id":"https:\/\/www.suno.com.br\/noticias\/radar-b3-b3sa3-petrobras-petr4-direcional-dirr3\/"},"wordCount":2039,"publisher":{"@id":"https:\/\/www.suno.com.br\/noticias\/#organization"},"image":{"@id":"https:\/\/www.suno.com.br\/noticias\/radar-b3-b3sa3-petrobras-petr4-direcional-dirr3\/#primaryimage"},"thumbnailUrl":"https:\/\/files.sunoresearch.com.br\/n\/uploads\/2022\/10\/ibovespa-B3-divulgacao.jpg","keywords":["B3 (B3SA3)","Dexco (DXCO3)","Direcional (DIRR3)","Gerdau (GGBR3\/GGBR4)","Petrobras (PETR4)"],"articleSection":["Neg\u00f3cios"],"inLanguage":"pt-BR"},{"@type":"WebPage","@id":"https:\/\/www.suno.com.br\/noticias\/radar-b3-b3sa3-petrobras-petr4-direcional-dirr3\/","url":"https:\/\/www.suno.com.br\/noticias\/radar-b3-b3sa3-petrobras-petr4-direcional-dirr3\/","name":"Radar: B3 (B3SA3) anuncia programa de recompra de a\u00e7\u00f5es, Petrobras (PETR4) tomba na Bolsa e Direcional (DIRR3) aprova dividendos milion\u00e1rios","isPartOf":{"@id":"https:\/\/www.suno.com.br\/noticias\/#website"},"primaryImageOfPage":{"@id":"https:\/\/www.suno.com.br\/noticias\/radar-b3-b3sa3-petrobras-petr4-direcional-dirr3\/#primaryimage"},"image":{"@id":"https:\/\/www.suno.com.br\/noticias\/radar-b3-b3sa3-petrobras-petr4-direcional-dirr3\/#primaryimage"},"thumbnailUrl":"https:\/\/files.sunoresearch.com.br\/n\/uploads\/2022\/10\/ibovespa-B3-divulgacao.jpg","datePublished":"2022-12-09T01:47:06+00:00","dateModified":"2022-12-09T01:47:18+00:00","description":"A B3 anunciou hoje um programa de recompra de a\u00e7\u00f5es. A Petrobras fechou em queda ap\u00f3s falas de Aloizio Mercadante, integrante da Transi\u00e7\u00e3o","breadcrumb":{"@id":"https:\/\/www.suno.com.br\/noticias\/radar-b3-b3sa3-petrobras-petr4-direcional-dirr3\/#breadcrumb"},"inLanguage":"pt-BR","potentialAction":[{"@type":"ReadAction","target":["https:\/\/www.suno.com.br\/noticias\/radar-b3-b3sa3-petrobras-petr4-direcional-dirr3\/"]}]},{"@type":"ImageObject","inLanguage":"pt-BR","@id":"https:\/\/www.suno.com.br\/noticias\/radar-b3-b3sa3-petrobras-petr4-direcional-dirr3\/#primaryimage","url":"https:\/\/files.sunoresearch.com.br\/n\/uploads\/2022\/10\/ibovespa-B3-divulgacao.jpg","contentUrl":"https:\/\/files.sunoresearch.com.br\/n\/uploads\/2022\/10\/ibovespa-B3-divulgacao.jpg","width":1450,"height":816,"caption":"B3 (B3SA3): lucro l\u00edquido recorrente cai 7,1%, a R$ 1,13 bilh\u00e3o. Foto: Divulga\u00e7\u00e3o"},{"@type":"BreadcrumbList","@id":"https:\/\/www.suno.com.br\/noticias\/radar-b3-b3sa3-petrobras-petr4-direcional-dirr3\/#breadcrumb","itemListElement":[{"@type":"ListItem","position":1,"name":"Not\u00edcias","item":"https:\/\/www.suno.com.br\/noticias\/"},{"@type":"ListItem","position":2,"name":"Neg\u00f3cios","item":"https:\/\/www.suno.com.br\/noticias\/negocios\/"},{"@type":"ListItem","position":3,"name":"Radar: B3 (B3SA3) anuncia programa de recompra de a\u00e7\u00f5es, Petrobras (PETR4) tomba na Bolsa e Direcional (DIRR3) aprova dividendos milion\u00e1rios"}]},{"@type":"WebSite","@id":"https:\/\/www.suno.com.br\/noticias\/#website","url":"https:\/\/www.suno.com.br\/noticias\/","name":"Suno Not\u00edcias","description":"Seu portal de informa\u00e7\u00e3o sobre o mundo dos investimentos","publisher":{"@id":"https:\/\/www.suno.com.br\/noticias\/#organization"},"potentialAction":[{"@type":"SearchAction","target":{"@type":"EntryPoint","urlTemplate":"https:\/\/www.suno.com.br\/noticias\/?s={search_term_string}"},"query-input":{"@type":"PropertyValueSpecification","valueRequired":true,"valueName":"search_term_string"}}],"inLanguage":"pt-BR"},{"@type":"Organization","@id":"https:\/\/www.suno.com.br\/noticias\/#organization","name":"Suno Not\u00edcias","url":"https:\/\/www.suno.com.br\/noticias\/","logo":{"@type":"ImageObject","inLanguage":"pt-BR","@id":"https:\/\/www.suno.com.br\/noticias\/#\/schema\/logo\/image\/","url":"https:\/\/files.sunoresearch.com.br\/n\/uploads\/2021\/09\/suno-logo.png","contentUrl":"https:\/\/files.sunoresearch.com.br\/n\/uploads\/2021\/09\/suno-logo.png","width":180,"height":180,"caption":"Suno Not\u00edcias"},"image":{"@id":"https:\/\/www.suno.com.br\/noticias\/#\/schema\/logo\/image\/"},"sameAs":["https:\/\/facebook.com\/sunoresearch","https:\/\/x.com\/sunoresearch","https:\/\/www.instagram.com\/suno","https:\/\/www.linkedin.com\/company\/suno-research\/","https:\/\/www.youtube.com\/c\/sunoresearch"]},{"@type":"Person","@id":"https:\/\/www.suno.com.br\/noticias\/#\/schema\/person\/a0be106724f6f5d705d70f04333cb249","name":"Isabella Taglapietra","image":{"@type":"ImageObject","inLanguage":"pt-BR","@id":"https:\/\/www.suno.com.br\/noticias\/#\/schema\/person\/image\/","url":"https:\/\/secure.gravatar.com\/avatar\/089c9e06b71de293117116aaf339e22f?s=96&r=g","contentUrl":"https:\/\/secure.gravatar.com\/avatar\/089c9e06b71de293117116aaf339e22f?s=96&r=g","caption":"Isabella Taglapietra"},"description":"Rep\u00f3rter freelancer no Suno Not\u00edcias, cobre not\u00edcias di\u00e1rias sobre economia, balan\u00e7os trimestrais e pesquisas. Formada em jornalismo pela Faculdade C\u00e1sper L\u00edbero e p\u00f3s-graduanda em mercado de capitais pela Fecap, atuou como rep\u00f3rter de economia e finan\u00e7as no portal CRC!News e Elas que Lucrem, al\u00e9m de social media para empresas do mercado financeiro.","url":"https:\/\/www.suno.com.br\/noticias\/author\/isabella-taglapietra\/"}]}},"default_loop_html":"<div class=\"cardsPage__listCard__boxs\"><div class=\"cardsPage__listCard__boxs__img\"><a href=\"https:\/\/www.suno.com.br\/noticias\/radar-b3-b3sa3-petrobras-petr4-direcional-dirr3\/\"><img class=\"mask\" src=\"https:\/\/www.suno.com.br\/noticias\/wp-content\/themes\/suno\/resources\/images\/spotlight\/spotlight1img\/bg-mask.png\" alt=\"Image Mask\"\/><img src=\"https:\/\/files.sunoresearch.com.br\/n\/uploads\/2022\/10\/ibovespa-B3-divulgacao-400x200.jpg\" alt=\"Radar: B3 (B3SA3) anuncia programa de recompra de a\u00e7\u00f5es, Petrobras (PETR4) tomba na Bolsa e Direcional (DIRR3) aprova dividendos milion\u00e1rios\"\/><\/a><span class=\"spotlightCategory\"><a href=\"https:\/\/www.suno.com.br\/noticias\/negocios\/\">Neg\u00f3cios<\/a><\/span><\/div><div class=\"cardsPage__listCard__boxs__content\"><a href=\"https:\/\/www.suno.com.br\/noticias\/radar-b3-b3sa3-petrobras-petr4-direcional-dirr3\/\"><h2 class=\"content__title\">Radar: B3 (B3SA3) anuncia programa de recompra de a\u00e7\u00f5es, Petrobras (PETR4) tomba na Bolsa e Direcional (DIRR3) aprova dividendos milion\u00e1rios<\/h2><\/a><div class=\"newsContent__article__meta\"><div class=\"newsContent__article__meta__authorBox\"><a href=\"https:\/\/www.suno.com.br\/noticias\/author\/isabella-taglapietra\/\" class=\"authorBox__avatar noMobi\"><img src=\"https:\/\/files.sunoresearch.com.br\/n\/uploads\/2022\/08\/WhatsApp-Image-2022-08-04-at-12.40.27-150x150.jpeg\" alt=\"Isabella Taglapietra\"><\/a><div class=\"authorBox__name\"><span>por\n\t\t\t<a href=\"https:\/\/www.suno.com.br\/noticias\/author\/isabella-taglapietra\/\"><span itemprop=\"author\">Isabella Taglapietra<\/span><\/a><\/span><time datetime=\"2022-12-08T22:47:06-03:00\" itemprop=\"datePublished\">08\/12\/2022 22:47<\/time><\/div><\/div><\/div><\/div><\/div>","single_layout":"posts","amp_enabled":true,"_links":{"self":[{"href":"https:\/\/www.suno.com.br\/noticias\/wp-json\/wp\/v2\/posts\/331853"}],"collection":[{"href":"https:\/\/www.suno.com.br\/noticias\/wp-json\/wp\/v2\/posts"}],"about":[{"href":"https:\/\/www.suno.com.br\/noticias\/wp-json\/wp\/v2\/types\/post"}],"author":[{"embeddable":true,"href":"https:\/\/www.suno.com.br\/noticias\/wp-json\/wp\/v2\/users\/194"}],"replies":[{"embeddable":true,"href":"https:\/\/www.suno.com.br\/noticias\/wp-json\/wp\/v2\/comments?post=331853"}],"version-history":[{"count":2,"href":"https:\/\/www.suno.com.br\/noticias\/wp-json\/wp\/v2\/posts\/331853\/revisions"}],"predecessor-version":[{"id":331861,"href":"https:\/\/www.suno.com.br\/noticias\/wp-json\/wp\/v2\/posts\/331853\/revisions\/331861"}],"wp:featuredmedia":[{"embeddable":true,"href":"https:\/\/www.suno.com.br\/noticias\/wp-json\/wp\/v2\/media\/308396"}],"wp:attachment":[{"href":"https:\/\/www.suno.com.br\/noticias\/wp-json\/wp\/v2\/media?parent=331853"}],"wp:term":[{"taxonomy":"category","embeddable":true,"href":"https:\/\/www.suno.com.br\/noticias\/wp-json\/wp\/v2\/categories?post=331853"},{"taxonomy":"post_tag","embeddable":true,"href":"https:\/\/www.suno.com.br\/noticias\/wp-json\/wp\/v2\/tags?post=331853"},{"taxonomy":"suno_strategy","embeddable":true,"href":"https:\/\/www.suno.com.br\/noticias\/wp-json\/wp\/v2\/suno_strategy?post=331853"}],"curies":[{"name":"wp","href":"https:\/\/api.w.org\/{rel}","templated":true}]}}