{"id":33157,"date":"2019-08-06T13:30:13","date_gmt":"2019-08-06T16:30:13","guid":{"rendered":"https:\/\/www.suno.com.br\/noticias\/?p=33157"},"modified":"2021-06-24T16:22:46","modified_gmt":"2021-06-24T19:22:46","slug":"vendas-veiculos-crescem-mais-de-9-julho-segundo-anfavea","status":"publish","type":"post","link":"https:\/\/www.suno.com.br\/noticias\/vendas-veiculos-crescem-mais-de-9-julho-segundo-anfavea\/","title":{"rendered":"Vendas de ve\u00edculos crescem mais de 9% em julho, segundo Anfavea"},"content":{"rendered":"<p>A Associa\u00e7\u00e3o Nacional dos Fabricantes Automotores (Anfavea) reportou que as vendas de ve\u00edculos no cen\u00e1rio nacional, em julho, aumentaram 9,1%, em compara\u00e7\u00e3o ao m\u00eas anterior. Em julho, 243,6 mil autom\u00f3veis foram emplacados. Entretanto, em junho, foram apenas 223,2 mil.<\/p>\t<div class=\"wrapper-featured-image\">\n\t\t<figure class=\"spotlightImg\">\n\n\t\t\t<picture>\n\t\t\t\t<source media=\"(max-width: 768px)\" srcset=\"https:\/\/files.sunoresearch.com.br\/n\/uploads\/2019\/08\/291ba73a-4c83244f-7d83-4616-98d8-7c3e86673e55-400x200.webp\">\n\t\t\t\t<img loading=\"lazy\" decoding=\"async\" class=\"newsContent__article__imgCapa lazyloadDisabled newsContent__article__imgCapa--noCaption\" src=\"https:\/\/files.sunoresearch.com.br\/n\/uploads\/2019\/08\/291ba73a-4c83244f-7d83-4616-98d8-7c3e86673e55-800x450.webp\" width=\"800\" height=\"450\" alt=\"Vendas de ve\u00edculos crescem mais de 9% em julho, segundo Anfavea\" fetchpriority=high \/>\n\t\t\t<\/picture>\n\n\t\t\t<figcaption class=\"wp-caption-text wp-caption-text--hide\">Produ\u00e7\u00e3o de ve\u00edculos apresenta queda de 3,9% em janeiro  <\/figcaption>\n\t\t<\/figure>\n\t<\/div>\n\n\n\n<p>Se a compara\u00e7\u00e3o for feita ano a ano, o avan\u00e7o nas vendas foi de 12%, segundo a <strong>Anfavea<\/strong>. Al\u00e9m disso, a alta anual chegou a 12,1% com o valor adquirido em julho, em compara\u00e7\u00e3o a 2018. At\u00e9 o momento s\u00e3o 1,55 milh\u00e3o de unidades novas nas ruas.<\/p>\n<h2>Produ\u00e7\u00e3o de ve\u00edculos<\/h2>\n<p>Indo na mesma dire\u00e7\u00e3o, a produ\u00e7\u00e3o de ve\u00edculos tamb\u00e9m cresceu em julho em rela\u00e7\u00e3o ao mesmo per\u00edodo de 2018. A alta atingida foi de 8,4%.<\/p>\n\t<p>\n\t\t<a href=\"https:\/\/lp.suno.com.br\/ao\/sessao-estrategica-consultoria-c\/?utm_source=suno-noticias&#038;utm_medium=banner&#038;utm_campaing=dolar-cair-juros\" target=\"_blank\" data-element=\"shortcode-suno-banner\" title=\"Banner SUNO, clique e saiba mais\">\n\t\t\t<picture>\n\t\t\t\t<source media=\"(max-width: 500px)\" srcset=\"https:\/\/files.sunoresearch.com.br\/n\/uploads\/2025\/09\/300x400.webp\">\n\t\t\t\t<img class=\"newsContent__article__imgCapa newsContent__article__imgCapa--banner\"\n\t\t\t\t\tsrc=\"https:\/\/files.sunoresearch.com.br\/n\/uploads\/2025\/09\/SN-DT-1420x240-1.webp\"\n\t\t\t\t\tdata-promo-id=\"624946\"\t\t\t\t\t\t\t\t\t\twidth='1420' height='240'\t\t\t\t\talt=\"https:\/\/files.sunoresearch.com.br\/n\/uploads\/2025\/09\/SN-DT-1420x240-1.webp\"\n\t\t\t\t>\n\t\t\t<\/picture>\n\t\t<\/a>\n\t<\/p>\n\n\n<p>O m\u00eas passado foi o melhor julho em produ\u00e7\u00e3o de ve\u00edculos, segundo a Anfavea, desde 2013. Foram feitas 266.371 unidades de autom\u00f3veis, contra apenas 245.641 do mesmo m\u00eas do ano passado.<\/p>\n<p>&#8220;Estamos com otimismo moderado. Temos que ter certo cuidado, mas existem elementos na economia atual que podem impulsionar um segundo semestre melhor&#8221;, diz Luiz Carlos Moraes, mandat\u00e1rio da Anfavea.<\/p>\n<p>A redu\u00e7\u00e3o da taxa Selic e a reforma na Previd\u00eancia s\u00e3o dois dos fatores que animam o setor de autom\u00f3veis.<\/p>\n<p><a href=\"https:\/\/www.suno.com.br\/noticias\/aes-tiete-baixa-62-lucro-segundo-trimestre\/\">Veja tamb\u00e9m: AES Tiet\u00ea tem baixa de 62% no lucro l\u00edquido do segundo trimestre\u00a0<\/a><\/p>\n<h2>Exporta\u00e7\u00f5es ca\u00edram, segundo Anfavea<\/h2>\n<p>Na contram\u00e3o do otimismo do setor, as exporta\u00e7\u00f5es tiveram uma baixa de 15,3% em rela\u00e7\u00e3o ao mesmo per\u00edodo de 2018. A crise Argentina \u00e9 uma das respons\u00e1veis pelo recuo. Em julho do ano passado, foram exportados 49.705 autom\u00f3veis. Neste ano, foram apenas 42.115.<\/p>\n<p>Mesmo com as exporta\u00e7\u00f5es em baixa, o n\u00famero ainda foi melhor do que o adquirido em junho, de 40.434 ve\u00edculos.<\/p>\n<p>&#8220;Tivemos um crescimento importante em Col\u00f4mbia e M\u00e9xico, mas ainda s\u00e3o mercados pequenos para n\u00f3s. Isso n\u00e3o compensa o impacto da Argentina&#8221;, afirma Moraes, presidente da Anfavea.<\/p>\n<h2>Licenciamento<\/h2>\n<p>O n\u00famero de licenciamentos tamb\u00e9m subiu em julho deste ano. A alta foi de 12% em compara\u00e7\u00e3o ao igual per\u00edodo do ano passado. O tipo de ve\u00edculo que mais ajudou este n\u00famero a subir foi o caminh\u00e3o, de acordo com dados reportados pela Anfavea.<\/p>\n","protected":false},"excerpt":{"rendered":"<p>A Associa\u00e7\u00e3o Nacional dos Fabricantes Automotores (Anfavea) reportou que as vendas de ve\u00edculos no cen\u00e1rio nacional, em julho, aumentaram 9,1%, em compara\u00e7\u00e3o ao m\u00eas anterior. Em julho, 243,6 mil autom\u00f3veis foram emplacados. Entretanto, em junho, foram apenas 223,2 mil. Produ\u00e7\u00e3o de ve\u00edculos apresenta queda de 3,9% em janeiro Se a compara\u00e7\u00e3o for feita ano a [&hellip;]<\/p>\n","protected":false},"author":19,"featured_media":33166,"comment_status":"closed","ping_status":"closed","sticky":false,"template":"","format":"standard","meta":[],"categories":[64],"tags":[1230,941],"suno_strategy":[],"class_list":["post-33157","post","type-post","status-publish","format-standard","has-post-thumbnail","hentry","category-negocios","tag-anfavea","tag-setor-automotivo"],"yoast_head":"<!-- This site is optimized with the Yoast SEO plugin v24.4 - https:\/\/yoast.com\/wordpress\/plugins\/seo\/ -->\n<title>Vendas de ve\u00edculos crescem mais de 9% em julho, segundo Anfavea<\/title>\n<meta name=\"description\" content=\"A Anfavea reportou nesta ter\u00e7a-feira (6) que as vendas de ve\u00edculos no cen\u00e1rio nacional, em julho, aumentaram 9,1%. Clique e saiba mais.\" \/>\n<meta name=\"robots\" content=\"index, follow, max-snippet:-1, max-image-preview:large, max-video-preview:-1\" \/>\n<link rel=\"canonical\" href=\"https:\/\/www.suno.com.br\/noticias\/vendas-veiculos-crescem-mais-de-9-julho-segundo-anfavea\/\" \/>\n<meta property=\"og:locale\" content=\"pt_BR\" \/>\n<meta property=\"og:type\" content=\"article\" \/>\n<meta property=\"og:title\" content=\"Vendas de ve\u00edculos crescem mais de 9% em julho, segundo Anfavea\" \/>\n<meta property=\"og:description\" content=\"A Anfavea reportou nesta ter\u00e7a-feira (6) que as vendas de ve\u00edculos no cen\u00e1rio nacional, em julho, aumentaram 9,1%. Clique e saiba mais.\" \/>\n<meta property=\"og:url\" content=\"https:\/\/www.suno.com.br\/noticias\/vendas-veiculos-crescem-mais-de-9-julho-segundo-anfavea\/\" \/>\n<meta property=\"og:site_name\" content=\"Suno Not\u00edcias\" \/>\n<meta property=\"article:publisher\" content=\"https:\/\/facebook.com\/sunoresearch\" \/>\n<meta property=\"og:image\" content=\"https:\/\/files.sunoresearch.com.br\/n\/uploads\/2019\/08\/291ba73a-4c83244f-7d83-4616-98d8-7c3e86673e55.jpg\" \/>\n\t<meta property=\"og:image:width\" content=\"1600\" \/>\n\t<meta property=\"og:image:height\" content=\"900\" \/>\n\t<meta property=\"og:image:type\" content=\"image\/jpeg\" \/>\n<meta name=\"author\" content=\"Juliano Passaro\" \/>\n<meta name=\"twitter:card\" content=\"summary_large_image\" \/>\n<meta name=\"twitter:creator\" content=\"@sunoresearch\" \/>\n<meta name=\"twitter:site\" content=\"@sunoresearch\" \/>\n<meta name=\"twitter:label1\" content=\"Escrito por\" \/>\n\t<meta name=\"twitter:data1\" content=\"Juliano Passaro\" \/>\n\t<meta name=\"twitter:label2\" content=\"Est. tempo de leitura\" \/>\n\t<meta name=\"twitter:data2\" content=\"2 minutos\" \/>\n<script type=\"application\/ld+json\" class=\"yoast-schema-graph\">{\"@context\":\"https:\/\/schema.org\",\"@graph\":[{\"@type\":\"NewsArticle\",\"@id\":\"https:\/\/www.suno.com.br\/noticias\/vendas-veiculos-crescem-mais-de-9-julho-segundo-anfavea\/#article\",\"isPartOf\":{\"@id\":\"https:\/\/www.suno.com.br\/noticias\/vendas-veiculos-crescem-mais-de-9-julho-segundo-anfavea\/\"},\"author\":{\"name\":\"Juliano Passaro\",\"@id\":\"https:\/\/www.suno.com.br\/noticias\/#\/schema\/person\/1db762f78ffd8919a648a63e425953e3\"},\"headline\":\"Vendas de ve\u00edculos crescem mais de 9% em julho, segundo Anfavea\",\"datePublished\":\"2019-08-06T16:30:13+00:00\",\"dateModified\":\"2021-06-24T19:22:46+00:00\",\"mainEntityOfPage\":{\"@id\":\"https:\/\/www.suno.com.br\/noticias\/vendas-veiculos-crescem-mais-de-9-julho-segundo-anfavea\/\"},\"wordCount\":398,\"publisher\":{\"@id\":\"https:\/\/www.suno.com.br\/noticias\/#organization\"},\"image\":{\"@id\":\"https:\/\/www.suno.com.br\/noticias\/vendas-veiculos-crescem-mais-de-9-julho-segundo-anfavea\/#primaryimage\"},\"thumbnailUrl\":\"https:\/\/files.sunoresearch.com.br\/n\/uploads\/2019\/08\/291ba73a-4c83244f-7d83-4616-98d8-7c3e86673e55-jpg.webp\",\"keywords\":[\"Anfavea\",\"setor automotivo\"],\"articleSection\":[\"Neg\u00f3cios\"],\"inLanguage\":\"pt-BR\"},{\"@type\":\"WebPage\",\"@id\":\"https:\/\/www.suno.com.br\/noticias\/vendas-veiculos-crescem-mais-de-9-julho-segundo-anfavea\/\",\"url\":\"https:\/\/www.suno.com.br\/noticias\/vendas-veiculos-crescem-mais-de-9-julho-segundo-anfavea\/\",\"name\":\"Vendas de ve\u00edculos crescem mais de 9% em julho, segundo Anfavea\",\"isPartOf\":{\"@id\":\"https:\/\/www.suno.com.br\/noticias\/#website\"},\"primaryImageOfPage\":{\"@id\":\"https:\/\/www.suno.com.br\/noticias\/vendas-veiculos-crescem-mais-de-9-julho-segundo-anfavea\/#primaryimage\"},\"image\":{\"@id\":\"https:\/\/www.suno.com.br\/noticias\/vendas-veiculos-crescem-mais-de-9-julho-segundo-anfavea\/#primaryimage\"},\"thumbnailUrl\":\"https:\/\/files.sunoresearch.com.br\/n\/uploads\/2019\/08\/291ba73a-4c83244f-7d83-4616-98d8-7c3e86673e55-jpg.webp\",\"datePublished\":\"2019-08-06T16:30:13+00:00\",\"dateModified\":\"2021-06-24T19:22:46+00:00\",\"description\":\"A Anfavea reportou nesta ter\u00e7a-feira (6) que as vendas de ve\u00edculos no cen\u00e1rio nacional, em julho, aumentaram 9,1%. Clique e saiba mais.\",\"breadcrumb\":{\"@id\":\"https:\/\/www.suno.com.br\/noticias\/vendas-veiculos-crescem-mais-de-9-julho-segundo-anfavea\/#breadcrumb\"},\"inLanguage\":\"pt-BR\",\"potentialAction\":[{\"@type\":\"ReadAction\",\"target\":[\"https:\/\/www.suno.com.br\/noticias\/vendas-veiculos-crescem-mais-de-9-julho-segundo-anfavea\/\"]}]},{\"@type\":\"ImageObject\",\"inLanguage\":\"pt-BR\",\"@id\":\"https:\/\/www.suno.com.br\/noticias\/vendas-veiculos-crescem-mais-de-9-julho-segundo-anfavea\/#primaryimage\",\"url\":\"https:\/\/files.sunoresearch.com.br\/n\/uploads\/2019\/08\/291ba73a-4c83244f-7d83-4616-98d8-7c3e86673e55-jpg.webp\",\"contentUrl\":\"https:\/\/files.sunoresearch.com.br\/n\/uploads\/2019\/08\/291ba73a-4c83244f-7d83-4616-98d8-7c3e86673e55-jpg.webp\",\"width\":1600,\"height\":900,\"caption\":\"Produ\u00e7\u00e3o de ve\u00edculos apresenta queda de 3,9% em janeiro\"},{\"@type\":\"BreadcrumbList\",\"@id\":\"https:\/\/www.suno.com.br\/noticias\/vendas-veiculos-crescem-mais-de-9-julho-segundo-anfavea\/#breadcrumb\",\"itemListElement\":[{\"@type\":\"ListItem\",\"position\":1,\"name\":\"Not\u00edcias\",\"item\":\"https:\/\/www.suno.com.br\/noticias\/\"},{\"@type\":\"ListItem\",\"position\":2,\"name\":\"Neg\u00f3cios\",\"item\":\"https:\/\/www.suno.com.br\/noticias\/negocios\/\"},{\"@type\":\"ListItem\",\"position\":3,\"name\":\"Vendas de ve\u00edculos crescem mais de 9% em julho, segundo Anfavea\"}]},{\"@type\":\"WebSite\",\"@id\":\"https:\/\/www.suno.com.br\/noticias\/#website\",\"url\":\"https:\/\/www.suno.com.br\/noticias\/\",\"name\":\"Suno Not\u00edcias\",\"description\":\"Seu portal de informa\u00e7\u00e3o sobre o mundo dos investimentos\",\"publisher\":{\"@id\":\"https:\/\/www.suno.com.br\/noticias\/#organization\"},\"potentialAction\":[{\"@type\":\"SearchAction\",\"target\":{\"@type\":\"EntryPoint\",\"urlTemplate\":\"https:\/\/www.suno.com.br\/noticias\/?s={search_term_string}\"},\"query-input\":{\"@type\":\"PropertyValueSpecification\",\"valueRequired\":true,\"valueName\":\"search_term_string\"}}],\"inLanguage\":\"pt-BR\"},{\"@type\":\"Organization\",\"@id\":\"https:\/\/www.suno.com.br\/noticias\/#organization\",\"name\":\"Suno Not\u00edcias\",\"url\":\"https:\/\/www.suno.com.br\/noticias\/\",\"logo\":{\"@type\":\"ImageObject\",\"inLanguage\":\"pt-BR\",\"@id\":\"https:\/\/www.suno.com.br\/noticias\/#\/schema\/logo\/image\/\",\"url\":\"https:\/\/files.sunoresearch.com.br\/n\/uploads\/2021\/09\/suno-logo.png\",\"contentUrl\":\"https:\/\/files.sunoresearch.com.br\/n\/uploads\/2021\/09\/suno-logo.png\",\"width\":180,\"height\":180,\"caption\":\"Suno Not\u00edcias\"},\"image\":{\"@id\":\"https:\/\/www.suno.com.br\/noticias\/#\/schema\/logo\/image\/\"},\"sameAs\":[\"https:\/\/facebook.com\/sunoresearch\",\"https:\/\/x.com\/sunoresearch\",\"https:\/\/www.instagram.com\/suno\",\"https:\/\/www.linkedin.com\/company\/suno-research\/\",\"https:\/\/www.youtube.com\/c\/sunoresearch\"]},{\"@type\":\"Person\",\"@id\":\"https:\/\/www.suno.com.br\/noticias\/#\/schema\/person\/1db762f78ffd8919a648a63e425953e3\",\"name\":\"Juliano Passaro\",\"image\":{\"@type\":\"ImageObject\",\"inLanguage\":\"pt-BR\",\"@id\":\"https:\/\/www.suno.com.br\/noticias\/#\/schema\/person\/image\/\",\"url\":\"https:\/\/secure.gravatar.com\/avatar\/743d4df28eebf6dcc46b4ad03c319e92?s=96&r=g\",\"contentUrl\":\"https:\/\/secure.gravatar.com\/avatar\/743d4df28eebf6dcc46b4ad03c319e92?s=96&r=g\",\"caption\":\"Juliano Passaro\"},\"description\":\"Juliano Passaro escreve sobre pol\u00edtica, economia e neg\u00f3cios para o portal da Suno Research. Antes da Suno, trabalhou no Portal da Band. \u00c9 formado em jornalismo pela Universidade Presbiteriana Mackenzie.\",\"url\":\"https:\/\/www.suno.com.br\/noticias\/author\/juliano\/\"}]}<\/script>\n<!-- \/ Yoast SEO plugin. -->","yoast_head_json":{"title":"Vendas de ve\u00edculos crescem mais de 9% em julho, segundo Anfavea","description":"A Anfavea reportou nesta ter\u00e7a-feira (6) que as vendas de ve\u00edculos no cen\u00e1rio nacional, em julho, aumentaram 9,1%. Clique e saiba mais.","robots":{"index":"index","follow":"follow","max-snippet":"max-snippet:-1","max-image-preview":"max-image-preview:large","max-video-preview":"max-video-preview:-1"},"canonical":"https:\/\/www.suno.com.br\/noticias\/vendas-veiculos-crescem-mais-de-9-julho-segundo-anfavea\/","og_locale":"pt_BR","og_type":"article","og_title":"Vendas de ve\u00edculos crescem mais de 9% em julho, segundo Anfavea","og_description":"A Anfavea reportou nesta ter\u00e7a-feira (6) que as vendas de ve\u00edculos no cen\u00e1rio nacional, em julho, aumentaram 9,1%. Clique e saiba mais.","og_url":"https:\/\/www.suno.com.br\/noticias\/vendas-veiculos-crescem-mais-de-9-julho-segundo-anfavea\/","og_site_name":"Suno Not\u00edcias","article_publisher":"https:\/\/facebook.com\/sunoresearch","og_image":[{"width":1600,"height":900,"url":"https:\/\/files.sunoresearch.com.br\/n\/uploads\/2019\/08\/291ba73a-4c83244f-7d83-4616-98d8-7c3e86673e55.jpg","type":"image\/jpeg"}],"author":"Juliano Passaro","twitter_card":"summary_large_image","twitter_creator":"@sunoresearch","twitter_site":"@sunoresearch","twitter_misc":{"Escrito por":"Juliano Passaro","Est. tempo de leitura":"2 minutos"},"schema":{"@context":"https:\/\/schema.org","@graph":[{"@type":"NewsArticle","@id":"https:\/\/www.suno.com.br\/noticias\/vendas-veiculos-crescem-mais-de-9-julho-segundo-anfavea\/#article","isPartOf":{"@id":"https:\/\/www.suno.com.br\/noticias\/vendas-veiculos-crescem-mais-de-9-julho-segundo-anfavea\/"},"author":{"name":"Juliano Passaro","@id":"https:\/\/www.suno.com.br\/noticias\/#\/schema\/person\/1db762f78ffd8919a648a63e425953e3"},"headline":"Vendas de ve\u00edculos crescem mais de 9% em julho, segundo Anfavea","datePublished":"2019-08-06T16:30:13+00:00","dateModified":"2021-06-24T19:22:46+00:00","mainEntityOfPage":{"@id":"https:\/\/www.suno.com.br\/noticias\/vendas-veiculos-crescem-mais-de-9-julho-segundo-anfavea\/"},"wordCount":398,"publisher":{"@id":"https:\/\/www.suno.com.br\/noticias\/#organization"},"image":{"@id":"https:\/\/www.suno.com.br\/noticias\/vendas-veiculos-crescem-mais-de-9-julho-segundo-anfavea\/#primaryimage"},"thumbnailUrl":"https:\/\/files.sunoresearch.com.br\/n\/uploads\/2019\/08\/291ba73a-4c83244f-7d83-4616-98d8-7c3e86673e55-jpg.webp","keywords":["Anfavea","setor automotivo"],"articleSection":["Neg\u00f3cios"],"inLanguage":"pt-BR"},{"@type":"WebPage","@id":"https:\/\/www.suno.com.br\/noticias\/vendas-veiculos-crescem-mais-de-9-julho-segundo-anfavea\/","url":"https:\/\/www.suno.com.br\/noticias\/vendas-veiculos-crescem-mais-de-9-julho-segundo-anfavea\/","name":"Vendas de ve\u00edculos crescem mais de 9% em julho, segundo Anfavea","isPartOf":{"@id":"https:\/\/www.suno.com.br\/noticias\/#website"},"primaryImageOfPage":{"@id":"https:\/\/www.suno.com.br\/noticias\/vendas-veiculos-crescem-mais-de-9-julho-segundo-anfavea\/#primaryimage"},"image":{"@id":"https:\/\/www.suno.com.br\/noticias\/vendas-veiculos-crescem-mais-de-9-julho-segundo-anfavea\/#primaryimage"},"thumbnailUrl":"https:\/\/files.sunoresearch.com.br\/n\/uploads\/2019\/08\/291ba73a-4c83244f-7d83-4616-98d8-7c3e86673e55-jpg.webp","datePublished":"2019-08-06T16:30:13+00:00","dateModified":"2021-06-24T19:22:46+00:00","description":"A Anfavea reportou nesta ter\u00e7a-feira (6) que as vendas de ve\u00edculos no cen\u00e1rio nacional, em julho, aumentaram 9,1%. Clique e saiba mais.","breadcrumb":{"@id":"https:\/\/www.suno.com.br\/noticias\/vendas-veiculos-crescem-mais-de-9-julho-segundo-anfavea\/#breadcrumb"},"inLanguage":"pt-BR","potentialAction":[{"@type":"ReadAction","target":["https:\/\/www.suno.com.br\/noticias\/vendas-veiculos-crescem-mais-de-9-julho-segundo-anfavea\/"]}]},{"@type":"ImageObject","inLanguage":"pt-BR","@id":"https:\/\/www.suno.com.br\/noticias\/vendas-veiculos-crescem-mais-de-9-julho-segundo-anfavea\/#primaryimage","url":"https:\/\/files.sunoresearch.com.br\/n\/uploads\/2019\/08\/291ba73a-4c83244f-7d83-4616-98d8-7c3e86673e55-jpg.webp","contentUrl":"https:\/\/files.sunoresearch.com.br\/n\/uploads\/2019\/08\/291ba73a-4c83244f-7d83-4616-98d8-7c3e86673e55-jpg.webp","width":1600,"height":900,"caption":"Produ\u00e7\u00e3o de ve\u00edculos apresenta queda de 3,9% em janeiro"},{"@type":"BreadcrumbList","@id":"https:\/\/www.suno.com.br\/noticias\/vendas-veiculos-crescem-mais-de-9-julho-segundo-anfavea\/#breadcrumb","itemListElement":[{"@type":"ListItem","position":1,"name":"Not\u00edcias","item":"https:\/\/www.suno.com.br\/noticias\/"},{"@type":"ListItem","position":2,"name":"Neg\u00f3cios","item":"https:\/\/www.suno.com.br\/noticias\/negocios\/"},{"@type":"ListItem","position":3,"name":"Vendas de ve\u00edculos crescem mais de 9% em julho, segundo Anfavea"}]},{"@type":"WebSite","@id":"https:\/\/www.suno.com.br\/noticias\/#website","url":"https:\/\/www.suno.com.br\/noticias\/","name":"Suno Not\u00edcias","description":"Seu portal de informa\u00e7\u00e3o sobre o mundo dos investimentos","publisher":{"@id":"https:\/\/www.suno.com.br\/noticias\/#organization"},"potentialAction":[{"@type":"SearchAction","target":{"@type":"EntryPoint","urlTemplate":"https:\/\/www.suno.com.br\/noticias\/?s={search_term_string}"},"query-input":{"@type":"PropertyValueSpecification","valueRequired":true,"valueName":"search_term_string"}}],"inLanguage":"pt-BR"},{"@type":"Organization","@id":"https:\/\/www.suno.com.br\/noticias\/#organization","name":"Suno Not\u00edcias","url":"https:\/\/www.suno.com.br\/noticias\/","logo":{"@type":"ImageObject","inLanguage":"pt-BR","@id":"https:\/\/www.suno.com.br\/noticias\/#\/schema\/logo\/image\/","url":"https:\/\/files.sunoresearch.com.br\/n\/uploads\/2021\/09\/suno-logo.png","contentUrl":"https:\/\/files.sunoresearch.com.br\/n\/uploads\/2021\/09\/suno-logo.png","width":180,"height":180,"caption":"Suno Not\u00edcias"},"image":{"@id":"https:\/\/www.suno.com.br\/noticias\/#\/schema\/logo\/image\/"},"sameAs":["https:\/\/facebook.com\/sunoresearch","https:\/\/x.com\/sunoresearch","https:\/\/www.instagram.com\/suno","https:\/\/www.linkedin.com\/company\/suno-research\/","https:\/\/www.youtube.com\/c\/sunoresearch"]},{"@type":"Person","@id":"https:\/\/www.suno.com.br\/noticias\/#\/schema\/person\/1db762f78ffd8919a648a63e425953e3","name":"Juliano Passaro","image":{"@type":"ImageObject","inLanguage":"pt-BR","@id":"https:\/\/www.suno.com.br\/noticias\/#\/schema\/person\/image\/","url":"https:\/\/secure.gravatar.com\/avatar\/743d4df28eebf6dcc46b4ad03c319e92?s=96&r=g","contentUrl":"https:\/\/secure.gravatar.com\/avatar\/743d4df28eebf6dcc46b4ad03c319e92?s=96&r=g","caption":"Juliano Passaro"},"description":"Juliano Passaro escreve sobre pol\u00edtica, economia e neg\u00f3cios para o portal da Suno Research. Antes da Suno, trabalhou no Portal da Band. \u00c9 formado em jornalismo pela Universidade Presbiteriana Mackenzie.","url":"https:\/\/www.suno.com.br\/noticias\/author\/juliano\/"}]}},"default_loop_html":"<div class=\"cardsPage__listCard__boxs\"><div class=\"cardsPage__listCard__boxs__img\"><a href=\"https:\/\/www.suno.com.br\/noticias\/vendas-veiculos-crescem-mais-de-9-julho-segundo-anfavea\/\"><img class=\"mask\" src=\"https:\/\/www.suno.com.br\/noticias\/wp-content\/themes\/suno\/resources\/images\/spotlight\/spotlight1img\/bg-mask.png\" alt=\"Image Mask\"\/><img src=\"https:\/\/files.sunoresearch.com.br\/n\/uploads\/2019\/08\/291ba73a-4c83244f-7d83-4616-98d8-7c3e86673e55-400x200.webp\" alt=\"Vendas de ve\u00edculos crescem mais de 9% em julho, segundo Anfavea\"\/><\/a><span class=\"spotlightCategory\"><a href=\"https:\/\/www.suno.com.br\/noticias\/negocios\/\">Neg\u00f3cios<\/a><\/span><\/div><div class=\"cardsPage__listCard__boxs__content\"><a href=\"https:\/\/www.suno.com.br\/noticias\/vendas-veiculos-crescem-mais-de-9-julho-segundo-anfavea\/\"><h2 class=\"content__title\">Vendas de ve\u00edculos crescem mais de 9% em julho, segundo Anfavea<\/h2><\/a><div class=\"newsContent__article__meta\"><div class=\"newsContent__article__meta__authorBox\"><a href=\"https:\/\/www.suno.com.br\/noticias\/author\/juliano\/\" class=\"authorBox__avatar noMobi\"><img src=\"https:\/\/files.sunoresearch.com.br\/n\/uploads\/2019\/06\/7cc3efea-whatsapp-image-2019-07-18-at-21.59.33-e1563499821209-150x150.webp\" alt=\"Juliano Passaro\"><\/a><div class=\"authorBox__name\"><span>por\n\t\t\t<a href=\"https:\/\/www.suno.com.br\/noticias\/author\/juliano\/\"><span itemprop=\"author\">Juliano Passaro<\/span><\/a><\/span><time datetime=\"2019-08-06T13:30:13-03:00\" itemprop=\"datePublished\">06\/08\/2019 13:30<\/time><\/div><\/div><\/div><\/div><\/div>","single_layout":"posts","amp_enabled":true,"_links":{"self":[{"href":"https:\/\/www.suno.com.br\/noticias\/wp-json\/wp\/v2\/posts\/33157"}],"collection":[{"href":"https:\/\/www.suno.com.br\/noticias\/wp-json\/wp\/v2\/posts"}],"about":[{"href":"https:\/\/www.suno.com.br\/noticias\/wp-json\/wp\/v2\/types\/post"}],"author":[{"embeddable":true,"href":"https:\/\/www.suno.com.br\/noticias\/wp-json\/wp\/v2\/users\/19"}],"replies":[{"embeddable":true,"href":"https:\/\/www.suno.com.br\/noticias\/wp-json\/wp\/v2\/comments?post=33157"}],"version-history":[{"count":1,"href":"https:\/\/www.suno.com.br\/noticias\/wp-json\/wp\/v2\/posts\/33157\/revisions"}],"predecessor-version":[{"id":161051,"href":"https:\/\/www.suno.com.br\/noticias\/wp-json\/wp\/v2\/posts\/33157\/revisions\/161051"}],"wp:featuredmedia":[{"embeddable":true,"href":"https:\/\/www.suno.com.br\/noticias\/wp-json\/wp\/v2\/media\/33166"}],"wp:attachment":[{"href":"https:\/\/www.suno.com.br\/noticias\/wp-json\/wp\/v2\/media?parent=33157"}],"wp:term":[{"taxonomy":"category","embeddable":true,"href":"https:\/\/www.suno.com.br\/noticias\/wp-json\/wp\/v2\/categories?post=33157"},{"taxonomy":"post_tag","embeddable":true,"href":"https:\/\/www.suno.com.br\/noticias\/wp-json\/wp\/v2\/tags?post=33157"},{"taxonomy":"suno_strategy","embeddable":true,"href":"https:\/\/www.suno.com.br\/noticias\/wp-json\/wp\/v2\/suno_strategy?post=33157"}],"curies":[{"name":"wp","href":"https:\/\/api.w.org\/{rel}","templated":true}]}}