{"id":331200,"date":"2022-12-07T23:09:23","date_gmt":"2022-12-08T02:09:23","guid":{"rendered":"https:\/\/www.suno.com.br\/noticias\/?p=331200"},"modified":"2022-12-07T23:09:38","modified_gmt":"2022-12-08T02:09:38","slug":"radar-cosan-csan3-vale-vale3-petrobras-petra4-ecorodovias-ecor3","status":"publish","type":"post","link":"https:\/\/www.suno.com.br\/noticias\/radar-cosan-csan3-vale-vale3-petrobras-petra4-ecorodovias-ecor3\/","title":{"rendered":"Radar: dono da Cosan (CSAN3) fala sobre as a\u00e7\u00f5es da Vale (VALE3); BTG sugere cautela com a Petrobras (PETR4) e banco diz se Ecorodovias (ECOR3) vai cair mais"},"content":{"rendered":"<p>O dono da <strong>Cosan <\/strong>(CSAN3), <strong>Rubens Ometto<\/strong>, declarou que sua empresa comprou as a\u00e7\u00f5es da <strong>Vale <\/strong>(VALE3) na \u201chora certa\u201d. O empres\u00e1rio ainda acredita que as a\u00e7\u00f5es da mineradora est\u00e3o baratas. O executivo acompanhou a apresenta\u00e7\u00e3o realizada pela diretoria da Vale, na <a class=\"suno-keyword\" data-force=\"no\" data-priority=\"3\" href=\"https:\/\/www.suno.com.br\/guias\/bolsa-de-valores\/\" target=\"_blank\" rel=\"noopener\">Bolsa de Valores<\/a> de Nova York (NYSE), sobre planos da empresa. A informa\u00e7\u00e3o foi apurada pelo Valor Econ\u00f4mico.<\/p>\t<div class=\"wrapper-featured-image\">\n\t\t<figure class=\"spotlightImg\">\n\n\t\t\t<picture>\n\t\t\t\t<source media=\"(max-width: 768px)\" srcset=\"https:\/\/files.sunoresearch.com.br\/n\/uploads\/2021\/02\/7945dc6a-image_processing20200201-29235-jyogwq_easy-resize.com_-400x200.webp\">\n\t\t\t\t<img loading=\"lazy\" decoding=\"async\" class=\"newsContent__article__imgCapa lazyloadDisabled \" src=\"https:\/\/files.sunoresearch.com.br\/n\/uploads\/2021\/02\/7945dc6a-image_processing20200201-29235-jyogwq_easy-resize.com_-800x450.webp\" width=\"800\" height=\"450\" alt=\"Radar: dono da Cosan (CSAN3) fala sobre as a\u00e7\u00f5es da Vale (VALE3); BTG sugere cautela com a Petrobras (PETR4) e banco diz se Ecorodovias (ECOR3) vai cair mais\" fetchpriority=high \/>\n\t\t\t<\/picture>\n\n\t\t\t<figcaption class=\"wp-caption-text wp-caption-text--show\">Vale (VALE3). Foto: Reprodu\u00e7\u00e3o\/Facebook<\/figcaption>\n\t\t<\/figure>\n\t<\/div>\n\n\n\n\n\n\t<p>\n\t\t<a href=\"\" target=\"_blank\" data-element=\"shortcode-suno-banner\" title=\"Banner SUNO, clique e saiba mais\">\n\t\t\t<picture>\n\t\t\t\t<source media=\"(max-width: 500px)\" srcset=\"\">\n\t\t\t\t<img class=\"newsContent__article__imgCapa newsContent__article__imgCapa--banner\"\n\t\t\t\t\tsrc=\"\"\n\t\t\t\t\tdata-promo-id=\"138420\"\t\t\t\t\t\t\t\t\t\t\t\t\t\t\talt=\"\"\n\t\t\t\t>\n\t\t\t<\/picture>\n\t\t<\/a>\n\t<\/p>\n\n\n\n\n\n<p>Segundo o <strong>dono da Cosan<\/strong>, os riscos da <strong>entrada da Cosan na Vale<\/strong> foram bastante dimensionados. O executivo afirma que sua empresa compra somente \u201cativos bons, l\u00edquidos, irreplic\u00e1veis\u201d.<\/p>\n\n\n\n<p>No m\u00eas de outubro, a Cosan havia comunicado que montou posi\u00e7\u00e3o minorit\u00e1ria na Vale, com o potencial de chegar a 6,5% do capital da empresa. O aumento da fatia pela Cosan aconteceria de modo gradativo, segundo previsto em participa\u00e7\u00e3o acion\u00e1ria.<\/p>\n\n\n\n<p>O dono da Cosan entende que, depois da aprova\u00e7\u00e3o por parte do Conselho de Administrativo de Defesa Econ\u00f4mica (Cade), est\u00e1 \u201ctudo ok\u201d.<\/p>\n\n\n\n<p>Na ocasi\u00e3o em que anunciou o aumento de <strong>participa\u00e7\u00e3o na Vale<\/strong> , a Cosan tinha argumentado que \u201cesse movimento \u00e9 mais um passo na jornada de diversifica\u00e7\u00e3o de portf\u00f3lio da companhia, investindo em ativos irreplic\u00e1veis nos setores em que o Brasil tem clara <a class=\"suno-keyword\" data-force=\"no\" data-priority=\"1\" href=\"https:\/\/www.suno.com.br\/artigos\/vantagem-competitiva\/\" target=\"_blank\" rel=\"noopener\">vantagem competitiva<\/a>\u201d.<\/p>\n\n\n\n<h2 class=\"wp-block-heading\" id=\"h-btg-pactual-reduz-preco-alvo-da-holding\">BTG Pactual reduz pre\u00e7o-alvo da holding<\/h2>\n\n\n\n<p>Na semana passada, os analistas do BTG Pactual informaram que mantiveram a recomenda\u00e7\u00e3o de compra para as <strong>a\u00e7\u00f5es da Cosan<\/strong>, mas cortaram o pre\u00e7o-alvo de R$ 39 para R$ 30.<\/p>\n\n\n\n<p>Em meio \u00e0 diversifica\u00e7\u00e3o de neg\u00f3cios, o banco realizou um novo valuation de SOTP (modelo de avalia\u00e7\u00e3o por soma das partes), incluindo o impacto do acordo com a Vale , assim como um valuation preliminar do valor da Compass, incluindo transa\u00e7\u00f5es recentes e avalia\u00e7\u00f5es atualizadas para <a class=\"suno-keyword\" target=\"_blank\" data-force=\"yes\" data-priority=\"1\" href=\"https:\/\/www.suno.com.br\/acoes\/raiz4\/\" rel=\"noopener\">Ra\u00edzen (RAIZ4)<\/a>, Moove e <a class=\"suno-keyword\" target=\"_blank\" data-force=\"yes\" data-priority=\"2\" href=\"https:\/\/www.suno.com.br\/acoes\/RAIL3\/\" rel=\"noopener\">Rumo (RAIL3)<\/a>.<\/p>\n\n\n\n<p>\u201cA capacidade da Cosan de equilibrar crescimento, diversifica\u00e7\u00e3o e identifica\u00e7\u00e3o de bons projetos, mantendo a solidez do balan\u00e7o, est\u00e1 novamente sendo testada. Em momentos de aumento do <a class=\"suno-keyword\" target=\"_blank\" data-force=\"no\" data-priority=\"1\" href=\"https:\/\/www.suno.com.br\/artigos\/custo-de-capital\/\" rel=\"noopener\">custo de capital<\/a>, acreditamos que os investidores podem exigir um desconto de holding maior novamente\u201d, afirma o BTG Pactual.<\/p>\n\n\n\n<p>Os analistas ainda dizem que \u201cdesde o IPO da Ra\u00edzen, o desconto da holding tem oscilado entre 10-20%, um dos menores entre os conglomerados latino-americanos. Agora com o<strong> investimento na Vale<\/strong>, e enquanto ainda est\u00e3o pendentes novos catalisadores de valor, acreditamos que o desconto pode ser maior. O desconto est\u00e1 agora em 16%\u201d.<\/p>\n\n\n\n<h2 class=\"wp-block-heading\" id=\"h-cotacao-da-cosan-nesta-quarta-feira\">Cota\u00e7\u00e3o da Cosan nesta quarta-feira<\/h2>\n\n\n\n<p>Nesta quarta-feira (7), as a\u00e7\u00f5es da Cosan fecharam em queda de 2,75%, a R$ 16,61.<\/p>\n\n\n\n<p>No acumulado de 2022, as a\u00e7\u00f5es da <strong>Cosan <\/strong>registram queda pr\u00f3xima a 21% na <strong>bolsa de valores <\/strong>brasileira.&nbsp;<\/p>\n\n\n\n<p><em>Al\u00e9m da<\/em><strong><em> Cosan<\/em><\/strong><em>, confira outros destaques desta quarta-feira:<\/em><a href=\"https:\/\/lp.suno.com.br\/pv\/black-friday-suno-3\/\" target=\"_blank\" rel=\"noreferrer noopener\"><\/a><\/p>\n\n\n\t<p>\n\t\t<a href=\"https:\/\/lp.suno.com.br\/planilha-controle-gastos\/\" target=\"_blank\" data-element=\"shortcode-suno-banner\" title=\"Banner SUNO, clique e saiba mais\">\n\t\t\t<picture>\n\t\t\t\t<source media=\"(max-width: 500px)\" srcset=\"https:\/\/files.sunoresearch.com.br\/n\/uploads\/2023\/03\/400x300-Planilha-controle-de-gastos.png\">\n\t\t\t\t<img class=\"newsContent__article__imgCapa newsContent__article__imgCapa--banner\"\n\t\t\t\t\tsrc=\"https:\/\/files.sunoresearch.com.br\/n\/uploads\/2023\/03\/1420x240-Planilha-controle-de-gastos.png\"\n\t\t\t\t\tdata-promo-id=\"101751\"\t\t\t\t\t\t\t\t\t\twidth='1420' height='240'\t\t\t\t\talt=\"https:\/\/files.sunoresearch.com.br\/n\/uploads\/2023\/03\/1420x240-Planilha-controle-de-gastos.png\"\n\t\t\t\t>\n\t\t\t<\/picture>\n\t\t<\/a>\n\t<\/p>\n\n\n\n\n\n<h2 class=\"wp-block-heading\">Petrobras (PETR4): BTG recomenda cautela ap\u00f3s not\u00edcia sobre sa\u00edda de CEO; veja por qu\u00ea<\/h2>\n\n\n\n<ul class=\"wp-block-list\"><li>O BTG Pactual manteve a recomenda\u00e7\u00e3o &#8220;neutra&#8221; para as a\u00e7\u00f5es da <a class=\"suno-keyword\" data-force=\"yes\" data-priority=\"2\" href=\"https:\/\/www.suno.com.br\/acoes\/PETR4\/\" target=\"_blank\" rel=\"noopener\"><strong>Petrobras <\/strong>(PETR4)<\/a>, com o pre\u00e7o-alvo de R$ 35, 70, ap\u00f3s o an\u00fancio da sa\u00edda de Caio Paes de Andrade do cargo de CEO para trabalhar no governo de S\u00e3o Paulo, sob o comando de Tarc\u00edsio de Freitas (Republicanos). <\/li><li>Os analistas sugerem cautela com o investimento em <strong>a\u00e7\u00f5es da Petrobras<\/strong>. O motivo s\u00e3o d\u00favidas sobre como pode ficar a nova gest\u00e3o no ano que vem. &#8220;Ainda n\u00e3o est\u00e1 claro se Paes de Andrade pretende esperar todo o ritual de troca de CEO antes de realmente deixar a empresa&#8221;, dizem os estrategistas do BTG.<\/li><li>\u00c9 mais prov\u00e1vel, entretanto, que o executivo deixe a gest\u00e3o antes do t\u00e9rmino de seu mandato, em abril de 2023, afirma o banco de investimentos.<\/li><li>Segundo a Petrobras, nas pr\u00f3ximas semanas,&nbsp;<strong>Caio Paes de Andrade&nbsp;<\/strong>seguir\u00e1 na fun\u00e7\u00e3o atual, e n\u00e3o far\u00e1 parte da&nbsp;<strong>transi\u00e7\u00e3o em<\/strong>&nbsp;<strong>S\u00e3o Paulo<\/strong>. O atual <strong>presidente da Petrobras<\/strong> ser\u00e1 secret\u00e1rio de Gest\u00e3o e Governo Digital.<\/li><li>Como&nbsp;presidente da Petrobras, a petroleira informa que o atual CEO \u201ccontinuar\u00e1 dando exclusiva aten\u00e7\u00e3o \u00e0 passagem de comando que ocorrer\u00e1 na companhia, colaborando em conjunto com os demais diretores executivos para uma transi\u00e7\u00e3o profissional, transparente e aderente \u00e0s boas regras de governan\u00e7a\u201d.<\/li><li><strong>Vis\u00e3o do BTG<\/strong><\/li><li>Na opini\u00e3o dos analistas do BTG Pactual a <strong>sa\u00edda do CEO<\/strong> n\u00e3o \u00e9 surpresa: &#8220;Ningu\u00e9m esperava que ele permanecesse como CEO no governo Lula&#8221;.<\/li><li>Mas o BTG Pactual faz algumas leituras sobre a sa\u00edda do executivo da estatal. Uma delas \u00e9 que Caio Paes de Andrade pode optar por n\u00e3o esperar para ingressar no governo de Tarc\u00edsio de Freitas.<\/li><li>Caso o executivo renuncie antes do final do mandato, o governo de Lula pode nomear novos membros do conselho, incluindo sua indica\u00e7\u00e3o de CEO para um cargo no conselho, diz o BTG. <\/li><li>Os analistas observam que a equipe de transi\u00e7\u00e3o energ\u00e9tica do novo governo espera uma sa\u00edda antecipada de Paes de Andrade, abrindo espa\u00e7o para mudan\u00e7as mais r\u00e1pidas na<strong> gest\u00e3o da Petrobras<\/strong>.<\/li><li>Isso incluiria uma outra abordagem em rela\u00e7\u00e3o \u00e0 estrat\u00e9gia e aloca\u00e7\u00e3o de capital da Petrobras. &#8220;Nossa percep\u00e7\u00e3o \u00e9 de que, seguindo o ritual &#8216;normal&#8217;, o governo Lula teria que esperar at\u00e9 abril para indicar o novo CEO&#8221;, explica o BTG. <\/li><li>&#8220;Ainda n\u00e3o est\u00e1 claro se Paes de Andrade pretende esperar todo o ritual de troca de CEO antes de realmente deixar a empresa&#8221;, concluem analistas.<\/li><li>Embora mudan\u00e7as bruscas na <strong>administra\u00e7\u00e3o da Petrobras<\/strong> possam levar menos tempo, altera\u00e7\u00f5es na estrat\u00e9gia de aloca\u00e7\u00e3o de capital e na pol\u00edtica de pre\u00e7os devem levar v\u00e1rios meses, lembram os analistas. <\/li><li>A recomenda\u00e7\u00e3o do BTG Pactual \u00e9 de cautela antes de <strong>investir na Petrobras<\/strong>.<\/li><li>Por fim, supondo que o pagamento de <strong>dividendos da Petrobras<\/strong> caia para o m\u00ednimo estabelecido pela legisla\u00e7\u00e3o societ\u00e1ria brasileira, que distribui 25% do <a class=\"suno-keyword\" data-force=\"no\" data-priority=\"1\" href=\"https:\/\/www.suno.com.br\/artigos\/lucro-liquido\/\" target=\"_blank\" rel=\"noopener\">lucro l\u00edquido<\/a>, o BTG v\u00ea a a\u00e7\u00e3o negociando com um rendimento de <a class=\"suno-keyword\" data-force=\"no\" data-priority=\"1\" href=\"https:\/\/www.suno.com.br\/guias\/dividendos\/\" target=\"_blank\" rel=\"noopener\">dividendos<\/a> de aproximadamente 10% em 2023.<\/li><li>Esse <strong>dividend yield de Petrobras<\/strong> parece caro ao BTG, com base na baixa visibilidade atual.<\/li><li><strong>Cota\u00e7\u00e3o da Petrobras<\/strong><\/li><li>As a\u00e7\u00f5es da<strong> Petrobras <\/strong>preferenciais ca\u00edram 1,13% nesta quarta-feira (7), cotadas a R$ 25,35.<\/li><\/ul>\n\n\n\n<h2 class=\"wp-block-heading\">Ecorodovias (ECOR3) vai cair mais? Ita\u00fa BBA responde<\/h2>\n\n\n\n<ul class=\"wp-block-list\"><li>Mantendo recomenda\u00e7\u00e3o neutra para os pap\u00e9is da <a class=\"suno-keyword\" data-force=\"yes\" data-priority=\"2\" href=\"https:\/\/www.suno.com.br\/acoes\/ECOR3\/\" target=\"_blank\" rel=\"noopener\"><strong>Ecorodovias <\/strong>(ECOR3)<\/a>, o Ita\u00fa BBA firmou pre\u00e7o-alvo de R$ 5,50, ainda acima dos R$ 5,34 atuais.<\/li><li>Com uma queda dr\u00e1stica recente, as <strong>a\u00e7\u00f5es da Ecorodovias<\/strong> somam queda de 40% no acumulado de 2022 e 65% desde o in\u00edcio do ciclo de aperto monet\u00e1rio, em meados de mar\u00e7o do ano passado.<\/li><li>A tese do BBA \u00e9 de que um eventual atraso no ciclo de flexibiliza\u00e7\u00e3o possa prejudicar a companhia.<\/li><li>\u201cEsperamos que a Ecorodovias seja um bom nome para surfar na tend\u00eancia assim que os investidores ganharem confian\u00e7a na revers\u00e3o do ciclo. No entanto, dadas as incertezas persistentes significativas em torno do cen\u00e1rio macro, acreditamos que \u00e9 muito cedo para ficar otimista com a a\u00e7\u00e3o, apesar de sua <a class=\"suno-keyword\" data-force=\"no\" data-priority=\"1\" href=\"https:\/\/www.suno.com.br\/artigos\/taxa-interna-de-retorno\/\" target=\"_blank\" rel=\"noopener\">taxa interna de retorno<\/a> nominal alavancada\u201d, diz o BBA.<\/li><li>A <a class=\"suno-keyword\" data-force=\"no\" data-priority=\"1\" href=\"https:\/\/www.suno.com.br\/artigos\/taxa-interna-de-retorno\/\" target=\"_blank\" rel=\"noopener\">taxa interna de retorno<\/a> (TIR), ali\u00e1s, \u00e9 de 18% em termos nominais, acima da m\u00e9dia hist\u00f3rica da companhia.<\/li><li>Os pontos positivos contemplam o fato de que a infla\u00e7\u00e3o do capex da companhia \u00e9 um risco menor, j\u00e1 que os pre\u00e7os das mat\u00e9rias-primas que s\u00e3o utilizadas nas rodovias amenizaram recentemente.<\/li><li>Apesar disso, ainda h\u00e1 expectativas de que a companhia revise os investimentos a serem feitos ao publicar seu balan\u00e7o trimestral referente ao quarto trimestre.<\/li><li><strong>Veja o \u00faltimo resultado da Ecorodovias<\/strong><\/li><li>No terceiro trimestre deste ano a&nbsp;<a href=\"https:\/\/www.suno.com.br\/acoes\/ECOR3\/\" target=\"_blank\" rel=\"noreferrer noopener\"><strong>Ecorodovias<\/strong>&nbsp;(ECOR3)<\/a>&nbsp;registrou&nbsp;<a href=\"https:\/\/www.suno.com.br\/artigos\/lucro-liquido\/\" target=\"_blank\" rel=\"noreferrer noopener\">lucro l\u00edquido<\/a>&nbsp;de &nbsp;R$ 121,2 milh\u00f5es, queda de 14,5% ante o mesmo per\u00edodo de 2021.<\/li><li>O&nbsp;<strong>Ebitda ajustado da Ecorodovias<\/strong>&nbsp;(lucro antes de juros, impostos,&nbsp;<a href=\"https:\/\/www.suno.com.br\/artigos\/depreciacao-amortizacao\/\" target=\"_blank\" rel=\"noreferrer noopener\">deprecia\u00e7\u00e3o e amortiza\u00e7\u00e3o<\/a>) aatingiu R$ 524,8 milh\u00f5es, queda de 19,3% na compara\u00e7\u00e3o anual.<a href=\"https:\/\/lp.suno.com.br\/pv\/sr-start\/eu-invisto-2023-start\/\" target=\"_blank\" rel=\"noreferrer noopener\"><\/a><\/li><li>A&nbsp;<a href=\"https:\/\/www.suno.com.br\/artigos\/o-que-receita-liquida\/\" target=\"_blank\" rel=\"noreferrer noopener\">receita l\u00edquida<\/a>&nbsp;ajustada totalizou R$ 886,3 milh\u00f5es, queda de 4% ante o 3T21. J\u00e1 a&nbsp;<a href=\"https:\/\/www.suno.com.br\/artigos\/o-que-receita-bruta\/\" target=\"_blank\" rel=\"noreferrer noopener\">receita bruta<\/a>, por sua vez, foi de R$ 1,840 bilh\u00f5es, alta de 29,2% na mesma compara\u00e7\u00e3o.<\/li><li>J\u00e1 os custos operacionais e&nbsp;<a href=\"https:\/\/www.suno.com.br\/artigos\/despesas-administrativas\/\" target=\"_blank\" rel=\"noreferrer noopener\">despesas administrativas<\/a>&nbsp;da <\/li><li>Os custos operacionais e&nbsp;<a href=\"https:\/\/www.suno.com.br\/artigos\/despesas-administrativas\/\" target=\"_blank\" rel=\"noreferrer noopener\">despesas administrativas<\/a>&nbsp;da <strong>Ecorodovias<\/strong> somaram R$ 1,2 bilh\u00e3o no 3T22, alta de 52,2%.<\/li><\/ul>\n\n\n\t<p>\n\t\t<a href=\"https:\/\/lp.suno.com.br\/planilha-da-vida-financeira\/\" target=\"_blank\" data-element=\"shortcode-suno-banner\" title=\"Banner SUNO, clique e saiba mais\">\n\t\t\t<picture>\n\t\t\t\t<source media=\"(max-width: 500px)\" srcset=\"https:\/\/files.sunoresearch.com.br\/n\/uploads\/2023\/04\/400x300-Planilha-vida-financeira-true.png\">\n\t\t\t\t<img class=\"newsContent__article__imgCapa newsContent__article__imgCapa--banner\"\n\t\t\t\t\tsrc=\"https:\/\/files.sunoresearch.com.br\/n\/uploads\/2023\/04\/1420x240-Planilha-vida-financeira-true.png\"\n\t\t\t\t\tdata-promo-id=\"106682\"\t\t\t\t\t\t\t\t\t\twidth='1420' height='240'\t\t\t\t\talt=\"https:\/\/files.sunoresearch.com.br\/n\/uploads\/2023\/04\/1420x240-Planilha-vida-financeira-true.png\"\n\t\t\t\t>\n\t\t\t<\/picture>\n\t\t<\/a>\n\t<\/p>\n\n\n\n\n\n<h2 class=\"wp-block-heading\">Oi (OIBR3): &#8220;Fim da recupera\u00e7\u00e3o judicial poderia ser decretado a qualquer momento&#8221;, diz CEO<\/h2>\n\n\n\n<ul class=\"wp-block-list\"><li>Rodrigo Abreu, CEO da <strong><a href=\"https:\/\/suno.com.br\/acoes\/oibr3\/\" target=\"_blank\" rel=\"noreferrer noopener\">Oi (OIBR3)<\/a><\/strong>, afirmou que o fim do processo de <a class=\"suno-keyword\" data-force=\"no\" data-priority=\"2\" href=\"https:\/\/www.suno.com.br\/artigos\/recuperacao-judicial\/\" target=\"_blank\" rel=\"noopener\">recupera\u00e7\u00e3o judicial<\/a> da companhia &#8220;poderia ser decretado a qualquer momento&#8221; pelas autoridades judiciais.<\/li><li>&#8220;Do nosso ponto de vista, a gente cumpriu at\u00e9 hoje 100% das obriga\u00e7\u00f5es de recupera\u00e7\u00e3o. Ent\u00e3o, do ponto de vista formal, o fim da <a class=\"suno-keyword\" data-force=\"no\" data-priority=\"2\" href=\"https:\/\/www.suno.com.br\/artigos\/recuperacao-judicial\/\" target=\"_blank\" rel=\"noopener\">recupera\u00e7\u00e3o judicial<\/a> poderia ser decretado a qualquer momento. A an\u00e1lise est\u00e1 na m\u00e3o do juiz, a empresa continua entregando todos os compromissos de recupera\u00e7\u00e3o&#8221;, argumentou Abreu durante participa\u00e7\u00e3o no podcast da Genial Investimentos nesta quarta (7).<\/li><li>Contudo, o executivo detalhou aos acionistas que a disputa pelo t\u00e9rmino do processo de <strong>recupera\u00e7\u00e3o judicial da Oi<\/strong> contou com alguns elementos adicionais nos \u00faltimos meses.<\/li><li>&#8220;O que acabou acontecendo ao longo dos dois \u00faltimos meses foi a disputa pelo ajuste de pre\u00e7o com os tr\u00eas compradores da Oi M\u00f3vel, um elemento que fazia parte do plano e obviamente ainda n\u00e3o foi recebido &#8211; est\u00e1 l\u00e1 com <a class=\"suno-keyword\" data-force=\"no\" data-priority=\"1\" href=\"https:\/\/www.suno.com.br\/artigos\/deposito-judicial\/\" target=\"_blank\" rel=\"noopener\">dep\u00f3sito judicial<\/a>. O juiz pediu para entender o que significa isso, se vai ser recebido ou n\u00e3o, demos todas as informa\u00e7\u00f5es&#8221;<\/li><li>&#8220;<em>[a recupera\u00e7\u00e3o judicial] <\/em>poderia acontecer ao final de qualquer tempo agora. \u00c9 uma an\u00e1lise que n\u00e3o depende mais da companhia, e sim do juiz da recupera\u00e7\u00e3o. N\u00f3s cumprimos todos os elementos.&#8221;<\/li><li><strong>Futuro da Oi<\/strong><\/li><li>Na entrevista, Abreu afirmou que a recupera\u00e7\u00e3o &#8220;tem sido muito positiva para proteger a companhia em que voc\u00ea conta com disputas como essa&#8221;. Al\u00e9m disso, o executivo argumentou que esse processo deveria ser &#8220;desmistificado no <a class=\"suno-keyword\" data-force=\"no\" data-priority=\"1\" href=\"https:\/\/www.suno.com.br\/artigos\/mercado-de-capitais-conceito\/\" target=\"_blank\" rel=\"noopener\">mercado de capitais<\/a> brasileiro&#8221;.<\/li><li>&#8220;A <a class=\"suno-keyword\" data-force=\"no\" data-priority=\"2\" href=\"https:\/\/www.suno.com.br\/artigos\/recuperacao-judicial\/\" target=\"_blank\" rel=\"noopener\">recupera\u00e7\u00e3o judicial<\/a> \u00e9 vista sempre como algo muito negativo. De fato, a origem sempre vai ser algo negativo. No entanto, como essa condi\u00e7\u00e3o, muitas vezes, acontece at\u00e9 por fatores ex\u00f3genos, pandemia, crise, etc., ela \u00e9 um mecanismo importante do capitalismo para proteger o valor das empresas&#8221;, disse.<\/li><li>De acordo com o CEO da Oi, ainda \u00e9 necess\u00e1rio discutir a <strong>d\u00edvida da companhia<\/strong> com credores: &#8220;Tem sim algumas discuss\u00f5es em andamento. Essa discuss\u00e3o j\u00e1 aconteceu l\u00e1 no primeiro plano, \u00e9 uma continua\u00e7\u00e3o. Muitos dos credores s\u00e3o os mesmos, mas a vis\u00e3o \u00e9 justamente de busca de uma equa\u00e7\u00e3o que fa\u00e7a sentido para a companhia&#8221;. <\/li><li>&#8220;A gente n\u00e3o pode ter um desequil\u00edbrio entre uma obriga\u00e7\u00e3o de d\u00edvida e uma capacidade de gera\u00e7\u00e3o de resultado para pagar d\u00edvidas que n\u00e3o se conversem, e hoje, elas n\u00e3o se conversam.&#8221;<\/li><li>Segundo o Status Invest, as <strong>a\u00e7\u00f5es da Oi<\/strong> estavam est\u00e1veis por volta das 17h50, operadas por R$ 0,18.<\/li><\/ul>\n\n\n\n<h2 class=\"wp-block-heading\">Dividendos: Rio Paranapanema Energia (GEPA4) e CEEE-T (EEEL3) pagar\u00e3o total de R$ 159,4 milh\u00f5es<\/h2>\n\n\n\n<ul class=\"wp-block-list\"><li>O&nbsp;<a href=\"https:\/\/www.suno.com.br\/artigos\/conselho-administracao\/\" target=\"_blank\" rel=\"noreferrer noopener\">conselho de administra\u00e7\u00e3o<\/a>&nbsp;da<strong>&nbsp;<a href=\"https:\/\/www.suno.com.br\/acoes\/gepa4\/\" target=\"_blank\" rel=\"noreferrer noopener\">Rio Paranapanema Energia (GEPA4)<\/a><\/strong> aprovou o pagamento de&nbsp;<a href=\"https:\/\/www.suno.com.br\/guias\/dividendos\/\" target=\"_blank\" rel=\"noreferrer noopener\">dividendos<\/a> no valor total de R$ 126.471.462,54, conforme anunciado pela companhia nesta quarta-feira (7).<\/li><li>O valor dos<strong> proventos<\/strong> por a\u00e7\u00e3o ser\u00e1 de R$ 1,33 e ser\u00e3o pagos no dia 19 de dezembro de 2022.<\/li><li>Apenas os investidores com a\u00e7\u00f5es da <strong>Rio Paranapanema Energia<\/strong> no dia 8 de dezembro ter\u00e3o direito de receber os <strong>rendimentos<\/strong>. A partir dessa data, as a\u00e7\u00f5es ser\u00e3o negociadas sem direito aos <a class=\"suno-keyword\" data-force=\"no\" data-priority=\"1\" href=\"https:\/\/www.suno.com.br\/guias\/dividendos\/\" target=\"_blank\" rel=\"noopener\">dividendos<\/a>.<\/li><li>Segundo documento arquivado na Comiss\u00e3o de Valores Mobili\u00e1rios (CVM), esses proventos fazem parte dos dividendos obrigat\u00f3rios do exerc\u00edcio de 2022.<\/li><li><strong>Dividendos da Rio Paranapanema Energia<\/strong><\/li><li><strong>Valor total:<\/strong> R$ 126.471.462,54<\/li><li><strong>Valor por a\u00e7\u00e3o:<\/strong> R$ 1,3392678780<\/li><li><strong>Data de corte:<\/strong> 08\/12\/2022<\/li><li><strong>Data do pagamento:<\/strong> 19\/12\/2022<\/li><li><strong>Rendimento (dividend yield):<\/strong> 4,70%<\/li><li>No preg\u00e3o de hoje, a cota\u00e7\u00e3o das a\u00e7\u00f5es da Rio Paranapanema Energia subiu 5,44%, cotada a R$ 28,47. No ano, o papel acumula baixa de 9,91%.<\/li><li><strong>Companhia Estadual de Transmiss\u00e3o de Energia El\u00e9trica distribuir\u00e1 R$ 33 milh\u00f5es<\/strong><\/li><li>Outra empresa que distribuir\u00e1 proventos \u00e9 a <a href=\"https:\/\/www.suno.com.br\/acoes\/eeel3\/\" target=\"_blank\" rel=\"noreferrer noopener\"><strong>CEEE-T<\/strong>&nbsp;<strong>(EEEL3)<\/strong><\/a>, controlada pela&nbsp;<a href=\"https:\/\/www.suno.com.br\/acoes\/CPFE3\/\" target=\"_blank\" rel=\"noreferrer noopener\"><strong>CPFL<\/strong>&nbsp;(CPFE3)<\/a>. Nesta quarta-feira ela anunciou que vai pagar R$ 33.174.061,00 em&nbsp;<a href=\"https:\/\/www.suno.com.br\/guias\/dividendos\/\" target=\"_blank\" rel=\"noreferrer noopener\">dividendos<\/a>&nbsp;aos seus acionistas. O valor por a\u00e7\u00e3o ser\u00e1 de R$ 3,42 por a\u00e7\u00e3o ordin\u00e1ria e R$ 3,77 por a\u00e7\u00e3o preferencial.<\/li><li>Esse valor refere-se ao saldo remanescente dos dividendos informados em 23 de maio de 2022. Segundo documento arquivado na Comiss\u00e3o de Valores Mobili\u00e1rios (CVM), esses proventos fazem parte dos dividendos obrigat\u00f3rios do exerc\u00edcio de 2022 e ser\u00e3o pagos no dia 15 de dezembro de 2022.<\/li><li>O documento ainda destaca que apenas os investidores com a\u00e7\u00f5es da <strong>CEEE-T<\/strong> no dia 26 de maio de 2022 ter\u00e3o direito de receber os <strong>rendimentos<\/strong>. A partir dessa data, as a\u00e7\u00f5es foram negociadas sem direito aos referidos <a class=\"suno-keyword\" data-force=\"no\" data-priority=\"1\" href=\"https:\/\/www.suno.com.br\/guias\/dividendos\/\" target=\"_blank\" rel=\"noopener\">dividendos<\/a>.<\/li><li><strong>Dividendos da CEEE-T<\/strong><\/li><li><strong>Valor total:<\/strong> R$ 33.174.061,00<\/li><li><strong>Valor por a\u00e7\u00e3o:<\/strong> R$ 3,429338331 (a\u00e7\u00e3o ordin\u00e1ria) e R$ 3,772267640 (a\u00e7\u00e3o preferencial)<\/li><li><strong>Data de corte:<\/strong> 26\/05\/2022<\/li><li><strong>Data do pagamento:<\/strong> 15\/12\/2022<\/li><li><strong>Rendimento (dividend yield):<\/strong> 42,83%<\/li><li>No preg\u00e3o de hoje, a cota\u00e7\u00e3o das a\u00e7\u00f5es da CEEE-T se mantiveram est\u00e1veis, a R$ 294,77. Em 2022, o papel acumula alta de 5,25%.<\/li><\/ul>\n\n\n\t<p>\n\t\t<a href=\"https:\/\/lp.suno.com.br\/ebook-como-analisar-uma-acao\/\" target=\"_blank\" data-element=\"shortcode-suno-banner\" title=\"Banner SUNO, clique e saiba mais\">\n\t\t\t<picture>\n\t\t\t\t<source media=\"(max-width: 500px)\" srcset=\"https:\/\/files.sunoresearch.com.br\/n\/uploads\/2023\/03\/Ebook-Acoes-Mobile-1.jpg\">\n\t\t\t\t<img class=\"newsContent__article__imgCapa newsContent__article__imgCapa--banner\"\n\t\t\t\t\tsrc=\"https:\/\/files.sunoresearch.com.br\/n\/uploads\/2023\/03\/Ebook-Acoes-Desktop-1.jpg\"\n\t\t\t\t\tdata-promo-id=\"171998\"\t\t\t\t\t\t\t\t\t\twidth='1420' height='286'\t\t\t\t\talt=\"https:\/\/files.sunoresearch.com.br\/n\/uploads\/2023\/03\/Ebook-Acoes-Desktop-1.jpg\"\n\t\t\t\t>\n\t\t\t<\/picture>\n\t\t<\/a>\n\t<\/p>\n\n\n\n\n\n<h2 class=\"wp-block-heading\">Ambipar (AMBP3): diretor prop\u00f5e pagar R$ 340 mil para CVM finalizar processo<\/h2>\n\n\n\n<ul class=\"wp-block-list\"><li>O diretor financeiro e de <a class=\"suno-keyword\" data-force=\"no\" data-priority=\"1\" href=\"https:\/\/www.suno.com.br\/artigos\/relacoes-com-investidores\/\" target=\"_blank\" rel=\"noopener\">rela\u00e7\u00f5es com investidores<\/a> da <strong>Ambipar <\/strong>(AMBP3), Thiago da Costa Silva, apresentou uma proposta e pagar\u00e1 R$ 340 mil para a Comiss\u00e3o de Valores Mobili\u00e1rios (<strong>CVM<\/strong>) encerrar processo contra ele. As informa\u00e7\u00f5es s\u00e3o do jornal Valor Econ\u00f4mico.<\/li><li>Em julho do ano passado, ao mesmo tempo em que a companhia anunciava uma compra e uma parceria com a modelo brasileira Gisele B\u00fcndchen, uma not\u00edcia divulgada pela imprensa sobre um poss\u00edvel spin-off da empresa impactou as <strong>a\u00e7\u00f5es da Ambipar<\/strong>.<\/li><li>A CVM passou a observar o caso em fun\u00e7\u00e3o do modo como a Ambipar tratou a divulga\u00e7\u00e3o da not\u00edcia. Foi aberto ent\u00e3o um processo financeiro contra o executivo da empresa.<\/li><li><strong>O caso envolvendo a disparada das a\u00e7\u00f5es da empresa<\/strong><\/li><li>No dia 27 de julho do ano passado, a Ambipar, por meio de <a class=\"suno-keyword\" data-force=\"no\" data-priority=\"1\" href=\"https:\/\/www.suno.com.br\/artigos\/fato-relevante\/\" target=\"_blank\" rel=\"noopener\">fato relevante<\/a>, comunicou que Gisele B\u00fcndchen se tornaria acionista e faria parte do comit\u00ea de sustentabilidade da empresa.<\/li><li>Um dia ap\u00f3s o an\u00fancio, a companhia, em comunicado ao mercado, anunciou a compra de 53,6% de uma empresa atuante no mercado de compensa\u00e7\u00e3o de gases estufa.<\/li><li>Inicialmente, esses comunicados n\u00e3o impulsionaram as a\u00e7\u00f5es da Ambipar. No entanto, em 28 de julho, os ativos encerraram em valoriza\u00e7\u00e3o acima de 15% \u2014 mesmo depois de abrirem com leve aumento de 0,85% na bolsa de valores brasileira.<\/li><li>No fim deste dia, a imprensa divulgou uma not\u00edcia de que a valoriza\u00e7\u00e3o dos <strong>ativos da Ambipar <\/strong>aconteceu devido a especula\u00e7\u00f5es de que a empresa realizaria um spin-off de seu neg\u00f3cio de gest\u00e3o de res\u00edduos. Segundo informado, o objetivo da opera\u00e7\u00e3o seria levantar mais capital.<\/li><li>J\u00e1 no dia seguinte, a Ambipar comunicou que, de forma constante, avaliava &#8220;alternativas de capta\u00e7\u00e3o de recursos para fortalecer a <a class=\"suno-keyword\" data-force=\"no\" data-priority=\"1\" href=\"https:\/\/www.suno.com.br\/artigos\/indicadores-estrutura-capital\/\" target=\"_blank\" rel=\"noopener\">estrutura de capital<\/a> e financeira do grupo\u201d.<\/li><li>No m\u00eas de agosto, a empresa anunciou que sua controlada apresentou pedido de registro de oferta p\u00fablica inicial de distribui\u00e7\u00e3o prim\u00e1ria de <a class=\"suno-keyword\" data-force=\"no\" data-priority=\"1\" href=\"https:\/\/www.suno.com.br\/artigos\/o-que-sao-acoes-ordinarias-preferenciais-e-units\/\" target=\"_blank\" rel=\"noopener\">a\u00e7\u00f5es ordin\u00e1rias<\/a>.<\/li><li>Entre outros pontos, a \u00e1rea t\u00e9cnica da CVM entendeu que, em situa\u00e7\u00f5es em que a comprova\u00e7\u00e3o da perda do controle de informa\u00e7\u00e3o acontece por meio de verifica\u00e7\u00e3o de seu conte\u00fado em mat\u00e9ria jornal\u00edstica, \u00e9 poss\u00edvel concluir que um grupo de pessoas \u2014 n\u00e3o autorizadas, em princ\u00edpio \u2014 teria acessado a informa\u00e7\u00e3o relevante, indevidamente, antes da divulga\u00e7\u00e3o pela m\u00eddia.<\/li><li>Houve o entendimento de que o fato relevante da Ambipar, em 29 de julho, aconteceu de forma \u201cintempestiva e incompleta, diante de oscila\u00e7\u00e3o at\u00edpica\u201c das a\u00e7\u00f5es da empresa no dia anterior.<\/li><li>Com o termo de compromisso entre as partes, o processo contra o diretor \u00e9 extinto, sem assun\u00e7\u00e3o de culpa. &nbsp;&nbsp;<\/li><li><strong>Cota\u00e7\u00e3o da Ambipar nesta quarta-feira<\/strong><\/li><li>Nesta quarta-feira (7), as a\u00e7\u00f5es da Ambipar fecharam em queda de 2,49%, a R$ 21,50. Com isso, os <a class=\"suno-keyword\" data-force=\"no\" data-priority=\"2\" href=\"https:\/\/www.suno.com.br\/artigos\/ativo\/\" target=\"_blank\" rel=\"noopener\">ativos da empresa<\/a> completaram tr\u00eas preg\u00f5es seguidos em baixa.<\/li><li>No acumulado deste ano, as a\u00e7\u00f5es da <strong>Ambipar <\/strong>registram desvaloriza\u00e7\u00e3o de 48,58% na bolsa de valores brasileira.&nbsp;<\/li><\/ul>\n\n\n\n<p><em>Da&nbsp;<strong>Cosan<\/strong>&nbsp;a Ambipar, essas foram as empresas que se destacaram hoje. Para ler todas as mat\u00e9rias&nbsp;<a href=\"https:\/\/www.suno.com.br\/noticias\/todos\/\" target=\"_blank\" rel=\"noreferrer noopener\">clique aqui.<\/a><\/em><\/p>\n\n\n\t<p>\n\t\t<a href=\"https:\/\/lp.suno.com.br\/planilha-de-controle-de-investimentos\/\" target=\"_blank\" data-element=\"shortcode-suno-banner\" title=\"Banner SUNO, clique e saiba mais\">\n\t\t\t<picture>\n\t\t\t\t<source media=\"(max-width: 500px)\" srcset=\"https:\/\/files.sunoresearch.com.br\/n\/uploads\/2023\/03\/400x300-Controle-de-Investimentos.png\">\n\t\t\t\t<img class=\"newsContent__article__imgCapa newsContent__article__imgCapa--banner\"\n\t\t\t\t\tsrc=\"https:\/\/files.sunoresearch.com.br\/n\/uploads\/2023\/03\/1420x240-Controle-de-Investimentos.png\"\n\t\t\t\t\tdata-promo-id=\"75934\"\t\t\t\t\t\t\t\t\t\twidth='1420' height='240'\t\t\t\t\talt=\"https:\/\/files.sunoresearch.com.br\/n\/uploads\/2023\/03\/1420x240-Controle-de-Investimentos.png\"\n\t\t\t\t>\n\t\t\t<\/picture>\n\t\t<\/a>\n\t<\/p>\n\n\n","protected":false},"excerpt":{"rendered":"<p>O dono da Cosan (CSAN3), Rubens Ometto, declarou que sua empresa comprou as a\u00e7\u00f5es da Vale (VALE3) na \u201chora certa\u201d. O empres\u00e1rio ainda acredita que as a\u00e7\u00f5es da mineradora est\u00e3o baratas. O executivo acompanhou a apresenta\u00e7\u00e3o realizada pela diretoria da Vale, na Bolsa de Valores de Nova York (NYSE), sobre planos da empresa. A informa\u00e7\u00e3o [&hellip;]<\/p>\n","protected":false},"author":194,"featured_media":121098,"comment_status":"closed","ping_status":"closed","sticky":false,"template":"","format":"standard","meta":[],"categories":[64],"tags":[433,452,584,595,676],"suno_strategy":[],"class_list":["post-331200","post","type-post","status-publish","format-standard","has-post-thumbnail","hentry","category-negocios","tag-cosan-csan3","tag-ecorodovias-ecor3","tag-oi-oibr3-oibr4","tag-petrobras-petr4","tag-vale-vale3"],"yoast_head":"<!-- This site is optimized with the Yoast SEO plugin v24.4 - https:\/\/yoast.com\/wordpress\/plugins\/seo\/ -->\n<title>Radar: dono da Cosan (CSAN3) fala sobre as a\u00e7\u00f5es da Vale (VALE3); BTG sugere cautela com a Petrobras (PETR4) e banco diz se Ecorodovias (ECOR3) vai cair mais<\/title>\n<meta name=\"description\" content=\"Ap\u00f3s comprar a\u00e7\u00f5es da Vale, dono da Cosan alega que estavam baratas, Petrobras est\u00e1 sob cautela ap\u00f3s anuncia de sa\u00edda do CEO. Saiba mais.\" \/>\n<meta name=\"robots\" content=\"index, follow, max-snippet:-1, max-image-preview:large, max-video-preview:-1\" \/>\n<link rel=\"canonical\" href=\"https:\/\/www.suno.com.br\/noticias\/radar-cosan-csan3-vale-vale3-petrobras-petra4-ecorodovias-ecor3\/\" \/>\n<meta property=\"og:locale\" content=\"pt_BR\" \/>\n<meta property=\"og:type\" content=\"article\" \/>\n<meta property=\"og:title\" content=\"Radar: dono da Cosan (CSAN3) fala sobre as a\u00e7\u00f5es da Vale (VALE3); BTG sugere cautela com a Petrobras (PETR4) e banco diz se Ecorodovias (ECOR3) vai cair mais\" \/>\n<meta property=\"og:description\" content=\"Ap\u00f3s comprar a\u00e7\u00f5es da Vale, dono da Cosan alega que estavam baratas, Petrobras est\u00e1 sob cautela ap\u00f3s anuncia de sa\u00edda do CEO. Saiba mais.\" \/>\n<meta property=\"og:url\" content=\"https:\/\/www.suno.com.br\/noticias\/radar-cosan-csan3-vale-vale3-petrobras-petra4-ecorodovias-ecor3\/\" \/>\n<meta property=\"og:site_name\" content=\"Suno Not\u00edcias\" \/>\n<meta property=\"article:publisher\" content=\"https:\/\/facebook.com\/sunoresearch\" \/>\n<meta property=\"og:image\" content=\"https:\/\/files.sunoresearch.com.br\/n\/uploads\/2021\/02\/7945dc6a-image_processing20200201-29235-jyogwq_easy-resize.com_.jpg\" \/>\n\t<meta property=\"og:image:width\" content=\"1280\" \/>\n\t<meta property=\"og:image:height\" content=\"822\" \/>\n\t<meta property=\"og:image:type\" content=\"image\/jpeg\" \/>\n<meta name=\"author\" content=\"Isabella Taglapietra\" \/>\n<meta name=\"twitter:card\" content=\"summary_large_image\" \/>\n<meta name=\"twitter:creator\" content=\"@sunoresearch\" \/>\n<meta name=\"twitter:site\" content=\"@sunoresearch\" \/>\n<meta name=\"twitter:label1\" content=\"Escrito por\" \/>\n\t<meta name=\"twitter:data1\" content=\"Isabella Taglapietra\" \/>\n\t<meta name=\"twitter:label2\" content=\"Est. tempo de leitura\" \/>\n\t<meta name=\"twitter:data2\" content=\"15 minutos\" \/>\n<script type=\"application\/ld+json\" class=\"yoast-schema-graph\">{\"@context\":\"https:\/\/schema.org\",\"@graph\":[{\"@type\":\"NewsArticle\",\"@id\":\"https:\/\/www.suno.com.br\/noticias\/radar-cosan-csan3-vale-vale3-petrobras-petra4-ecorodovias-ecor3\/#article\",\"isPartOf\":{\"@id\":\"https:\/\/www.suno.com.br\/noticias\/radar-cosan-csan3-vale-vale3-petrobras-petra4-ecorodovias-ecor3\/\"},\"author\":{\"name\":\"Isabella Taglapietra\",\"@id\":\"https:\/\/www.suno.com.br\/noticias\/#\/schema\/person\/a0be106724f6f5d705d70f04333cb249\"},\"headline\":\"Radar: dono da Cosan (CSAN3) fala sobre as a\u00e7\u00f5es da Vale (VALE3); BTG sugere cautela com a Petrobras (PETR4) e banco diz se Ecorodovias (ECOR3) vai cair mais\",\"datePublished\":\"2022-12-08T02:09:23+00:00\",\"dateModified\":\"2022-12-08T02:09:38+00:00\",\"mainEntityOfPage\":{\"@id\":\"https:\/\/www.suno.com.br\/noticias\/radar-cosan-csan3-vale-vale3-petrobras-petra4-ecorodovias-ecor3\/\"},\"wordCount\":2810,\"publisher\":{\"@id\":\"https:\/\/www.suno.com.br\/noticias\/#organization\"},\"image\":{\"@id\":\"https:\/\/www.suno.com.br\/noticias\/radar-cosan-csan3-vale-vale3-petrobras-petra4-ecorodovias-ecor3\/#primaryimage\"},\"thumbnailUrl\":\"https:\/\/files.sunoresearch.com.br\/n\/uploads\/2021\/02\/7945dc6a-image_processing20200201-29235-jyogwq_easy-resize.com_-jpg.webp\",\"keywords\":[\"Cosan (CSAN3)\",\"Ecorodovias (ECOR3)\",\"Oi (OIBR3\/OIBR4)\",\"Petrobras (PETR4)\",\"Vale (VALE3)\"],\"articleSection\":[\"Neg\u00f3cios\"],\"inLanguage\":\"pt-BR\"},{\"@type\":\"WebPage\",\"@id\":\"https:\/\/www.suno.com.br\/noticias\/radar-cosan-csan3-vale-vale3-petrobras-petra4-ecorodovias-ecor3\/\",\"url\":\"https:\/\/www.suno.com.br\/noticias\/radar-cosan-csan3-vale-vale3-petrobras-petra4-ecorodovias-ecor3\/\",\"name\":\"Radar: dono da Cosan (CSAN3) fala sobre as a\u00e7\u00f5es da Vale (VALE3); BTG sugere cautela com a Petrobras (PETR4) e banco diz se Ecorodovias (ECOR3) vai cair mais\",\"isPartOf\":{\"@id\":\"https:\/\/www.suno.com.br\/noticias\/#website\"},\"primaryImageOfPage\":{\"@id\":\"https:\/\/www.suno.com.br\/noticias\/radar-cosan-csan3-vale-vale3-petrobras-petra4-ecorodovias-ecor3\/#primaryimage\"},\"image\":{\"@id\":\"https:\/\/www.suno.com.br\/noticias\/radar-cosan-csan3-vale-vale3-petrobras-petra4-ecorodovias-ecor3\/#primaryimage\"},\"thumbnailUrl\":\"https:\/\/files.sunoresearch.com.br\/n\/uploads\/2021\/02\/7945dc6a-image_processing20200201-29235-jyogwq_easy-resize.com_-jpg.webp\",\"datePublished\":\"2022-12-08T02:09:23+00:00\",\"dateModified\":\"2022-12-08T02:09:38+00:00\",\"description\":\"Ap\u00f3s comprar a\u00e7\u00f5es da Vale, dono da Cosan alega que estavam baratas, Petrobras est\u00e1 sob cautela ap\u00f3s anuncia de sa\u00edda do CEO. Saiba mais.\",\"breadcrumb\":{\"@id\":\"https:\/\/www.suno.com.br\/noticias\/radar-cosan-csan3-vale-vale3-petrobras-petra4-ecorodovias-ecor3\/#breadcrumb\"},\"inLanguage\":\"pt-BR\",\"potentialAction\":[{\"@type\":\"ReadAction\",\"target\":[\"https:\/\/www.suno.com.br\/noticias\/radar-cosan-csan3-vale-vale3-petrobras-petra4-ecorodovias-ecor3\/\"]}]},{\"@type\":\"ImageObject\",\"inLanguage\":\"pt-BR\",\"@id\":\"https:\/\/www.suno.com.br\/noticias\/radar-cosan-csan3-vale-vale3-petrobras-petra4-ecorodovias-ecor3\/#primaryimage\",\"url\":\"https:\/\/files.sunoresearch.com.br\/n\/uploads\/2021\/02\/7945dc6a-image_processing20200201-29235-jyogwq_easy-resize.com_-jpg.webp\",\"contentUrl\":\"https:\/\/files.sunoresearch.com.br\/n\/uploads\/2021\/02\/7945dc6a-image_processing20200201-29235-jyogwq_easy-resize.com_-jpg.webp\",\"width\":1280,\"height\":822,\"caption\":\"Vale (VALE3). Foto: Reprodu\u00e7\u00e3o\/Facebook\"},{\"@type\":\"BreadcrumbList\",\"@id\":\"https:\/\/www.suno.com.br\/noticias\/radar-cosan-csan3-vale-vale3-petrobras-petra4-ecorodovias-ecor3\/#breadcrumb\",\"itemListElement\":[{\"@type\":\"ListItem\",\"position\":1,\"name\":\"Not\u00edcias\",\"item\":\"https:\/\/www.suno.com.br\/noticias\/\"},{\"@type\":\"ListItem\",\"position\":2,\"name\":\"Neg\u00f3cios\",\"item\":\"https:\/\/www.suno.com.br\/noticias\/negocios\/\"},{\"@type\":\"ListItem\",\"position\":3,\"name\":\"Radar: dono da Cosan (CSAN3) fala sobre as a\u00e7\u00f5es da Vale (VALE3); BTG sugere cautela com a Petrobras (PETR4) e banco diz se Ecorodovias (ECOR3) vai cair mais\"}]},{\"@type\":\"WebSite\",\"@id\":\"https:\/\/www.suno.com.br\/noticias\/#website\",\"url\":\"https:\/\/www.suno.com.br\/noticias\/\",\"name\":\"Suno Not\u00edcias\",\"description\":\"Seu portal de informa\u00e7\u00e3o sobre o mundo dos investimentos\",\"publisher\":{\"@id\":\"https:\/\/www.suno.com.br\/noticias\/#organization\"},\"potentialAction\":[{\"@type\":\"SearchAction\",\"target\":{\"@type\":\"EntryPoint\",\"urlTemplate\":\"https:\/\/www.suno.com.br\/noticias\/?s={search_term_string}\"},\"query-input\":{\"@type\":\"PropertyValueSpecification\",\"valueRequired\":true,\"valueName\":\"search_term_string\"}}],\"inLanguage\":\"pt-BR\"},{\"@type\":\"Organization\",\"@id\":\"https:\/\/www.suno.com.br\/noticias\/#organization\",\"name\":\"Suno Not\u00edcias\",\"url\":\"https:\/\/www.suno.com.br\/noticias\/\",\"logo\":{\"@type\":\"ImageObject\",\"inLanguage\":\"pt-BR\",\"@id\":\"https:\/\/www.suno.com.br\/noticias\/#\/schema\/logo\/image\/\",\"url\":\"https:\/\/files.sunoresearch.com.br\/n\/uploads\/2021\/09\/suno-logo.png\",\"contentUrl\":\"https:\/\/files.sunoresearch.com.br\/n\/uploads\/2021\/09\/suno-logo.png\",\"width\":180,\"height\":180,\"caption\":\"Suno Not\u00edcias\"},\"image\":{\"@id\":\"https:\/\/www.suno.com.br\/noticias\/#\/schema\/logo\/image\/\"},\"sameAs\":[\"https:\/\/facebook.com\/sunoresearch\",\"https:\/\/x.com\/sunoresearch\",\"https:\/\/www.instagram.com\/suno\",\"https:\/\/www.linkedin.com\/company\/suno-research\/\",\"https:\/\/www.youtube.com\/c\/sunoresearch\"]},{\"@type\":\"Person\",\"@id\":\"https:\/\/www.suno.com.br\/noticias\/#\/schema\/person\/a0be106724f6f5d705d70f04333cb249\",\"name\":\"Isabella Taglapietra\",\"image\":{\"@type\":\"ImageObject\",\"inLanguage\":\"pt-BR\",\"@id\":\"https:\/\/www.suno.com.br\/noticias\/#\/schema\/person\/image\/\",\"url\":\"https:\/\/secure.gravatar.com\/avatar\/089c9e06b71de293117116aaf339e22f?s=96&r=g\",\"contentUrl\":\"https:\/\/secure.gravatar.com\/avatar\/089c9e06b71de293117116aaf339e22f?s=96&r=g\",\"caption\":\"Isabella Taglapietra\"},\"description\":\"Rep\u00f3rter freelancer no Suno Not\u00edcias, cobre not\u00edcias di\u00e1rias sobre economia, balan\u00e7os trimestrais e pesquisas. Formada em jornalismo pela Faculdade C\u00e1sper L\u00edbero e p\u00f3s-graduanda em mercado de capitais pela Fecap, atuou como rep\u00f3rter de economia e finan\u00e7as no portal CRC!News e Elas que Lucrem, al\u00e9m de social media para empresas do mercado financeiro.\",\"url\":\"https:\/\/www.suno.com.br\/noticias\/author\/isabella-taglapietra\/\"}]}<\/script>\n<!-- \/ Yoast SEO plugin. -->","yoast_head_json":{"title":"Radar: dono da Cosan (CSAN3) fala sobre as a\u00e7\u00f5es da Vale (VALE3); BTG sugere cautela com a Petrobras (PETR4) e banco diz se Ecorodovias (ECOR3) vai cair mais","description":"Ap\u00f3s comprar a\u00e7\u00f5es da Vale, dono da Cosan alega que estavam baratas, Petrobras est\u00e1 sob cautela ap\u00f3s anuncia de sa\u00edda do CEO. Saiba mais.","robots":{"index":"index","follow":"follow","max-snippet":"max-snippet:-1","max-image-preview":"max-image-preview:large","max-video-preview":"max-video-preview:-1"},"canonical":"https:\/\/www.suno.com.br\/noticias\/radar-cosan-csan3-vale-vale3-petrobras-petra4-ecorodovias-ecor3\/","og_locale":"pt_BR","og_type":"article","og_title":"Radar: dono da Cosan (CSAN3) fala sobre as a\u00e7\u00f5es da Vale (VALE3); BTG sugere cautela com a Petrobras (PETR4) e banco diz se Ecorodovias (ECOR3) vai cair mais","og_description":"Ap\u00f3s comprar a\u00e7\u00f5es da Vale, dono da Cosan alega que estavam baratas, Petrobras est\u00e1 sob cautela ap\u00f3s anuncia de sa\u00edda do CEO. Saiba mais.","og_url":"https:\/\/www.suno.com.br\/noticias\/radar-cosan-csan3-vale-vale3-petrobras-petra4-ecorodovias-ecor3\/","og_site_name":"Suno Not\u00edcias","article_publisher":"https:\/\/facebook.com\/sunoresearch","og_image":[{"width":1280,"height":822,"url":"https:\/\/files.sunoresearch.com.br\/n\/uploads\/2021\/02\/7945dc6a-image_processing20200201-29235-jyogwq_easy-resize.com_.jpg","type":"image\/jpeg"}],"author":"Isabella Taglapietra","twitter_card":"summary_large_image","twitter_creator":"@sunoresearch","twitter_site":"@sunoresearch","twitter_misc":{"Escrito por":"Isabella Taglapietra","Est. tempo de leitura":"15 minutos"},"schema":{"@context":"https:\/\/schema.org","@graph":[{"@type":"NewsArticle","@id":"https:\/\/www.suno.com.br\/noticias\/radar-cosan-csan3-vale-vale3-petrobras-petra4-ecorodovias-ecor3\/#article","isPartOf":{"@id":"https:\/\/www.suno.com.br\/noticias\/radar-cosan-csan3-vale-vale3-petrobras-petra4-ecorodovias-ecor3\/"},"author":{"name":"Isabella Taglapietra","@id":"https:\/\/www.suno.com.br\/noticias\/#\/schema\/person\/a0be106724f6f5d705d70f04333cb249"},"headline":"Radar: dono da Cosan (CSAN3) fala sobre as a\u00e7\u00f5es da Vale (VALE3); BTG sugere cautela com a Petrobras (PETR4) e banco diz se Ecorodovias (ECOR3) vai cair mais","datePublished":"2022-12-08T02:09:23+00:00","dateModified":"2022-12-08T02:09:38+00:00","mainEntityOfPage":{"@id":"https:\/\/www.suno.com.br\/noticias\/radar-cosan-csan3-vale-vale3-petrobras-petra4-ecorodovias-ecor3\/"},"wordCount":2810,"publisher":{"@id":"https:\/\/www.suno.com.br\/noticias\/#organization"},"image":{"@id":"https:\/\/www.suno.com.br\/noticias\/radar-cosan-csan3-vale-vale3-petrobras-petra4-ecorodovias-ecor3\/#primaryimage"},"thumbnailUrl":"https:\/\/files.sunoresearch.com.br\/n\/uploads\/2021\/02\/7945dc6a-image_processing20200201-29235-jyogwq_easy-resize.com_-jpg.webp","keywords":["Cosan (CSAN3)","Ecorodovias (ECOR3)","Oi (OIBR3\/OIBR4)","Petrobras (PETR4)","Vale (VALE3)"],"articleSection":["Neg\u00f3cios"],"inLanguage":"pt-BR"},{"@type":"WebPage","@id":"https:\/\/www.suno.com.br\/noticias\/radar-cosan-csan3-vale-vale3-petrobras-petra4-ecorodovias-ecor3\/","url":"https:\/\/www.suno.com.br\/noticias\/radar-cosan-csan3-vale-vale3-petrobras-petra4-ecorodovias-ecor3\/","name":"Radar: dono da Cosan (CSAN3) fala sobre as a\u00e7\u00f5es da Vale (VALE3); BTG sugere cautela com a Petrobras (PETR4) e banco diz se Ecorodovias (ECOR3) vai cair mais","isPartOf":{"@id":"https:\/\/www.suno.com.br\/noticias\/#website"},"primaryImageOfPage":{"@id":"https:\/\/www.suno.com.br\/noticias\/radar-cosan-csan3-vale-vale3-petrobras-petra4-ecorodovias-ecor3\/#primaryimage"},"image":{"@id":"https:\/\/www.suno.com.br\/noticias\/radar-cosan-csan3-vale-vale3-petrobras-petra4-ecorodovias-ecor3\/#primaryimage"},"thumbnailUrl":"https:\/\/files.sunoresearch.com.br\/n\/uploads\/2021\/02\/7945dc6a-image_processing20200201-29235-jyogwq_easy-resize.com_-jpg.webp","datePublished":"2022-12-08T02:09:23+00:00","dateModified":"2022-12-08T02:09:38+00:00","description":"Ap\u00f3s comprar a\u00e7\u00f5es da Vale, dono da Cosan alega que estavam baratas, Petrobras est\u00e1 sob cautela ap\u00f3s anuncia de sa\u00edda do CEO. Saiba mais.","breadcrumb":{"@id":"https:\/\/www.suno.com.br\/noticias\/radar-cosan-csan3-vale-vale3-petrobras-petra4-ecorodovias-ecor3\/#breadcrumb"},"inLanguage":"pt-BR","potentialAction":[{"@type":"ReadAction","target":["https:\/\/www.suno.com.br\/noticias\/radar-cosan-csan3-vale-vale3-petrobras-petra4-ecorodovias-ecor3\/"]}]},{"@type":"ImageObject","inLanguage":"pt-BR","@id":"https:\/\/www.suno.com.br\/noticias\/radar-cosan-csan3-vale-vale3-petrobras-petra4-ecorodovias-ecor3\/#primaryimage","url":"https:\/\/files.sunoresearch.com.br\/n\/uploads\/2021\/02\/7945dc6a-image_processing20200201-29235-jyogwq_easy-resize.com_-jpg.webp","contentUrl":"https:\/\/files.sunoresearch.com.br\/n\/uploads\/2021\/02\/7945dc6a-image_processing20200201-29235-jyogwq_easy-resize.com_-jpg.webp","width":1280,"height":822,"caption":"Vale (VALE3). Foto: Reprodu\u00e7\u00e3o\/Facebook"},{"@type":"BreadcrumbList","@id":"https:\/\/www.suno.com.br\/noticias\/radar-cosan-csan3-vale-vale3-petrobras-petra4-ecorodovias-ecor3\/#breadcrumb","itemListElement":[{"@type":"ListItem","position":1,"name":"Not\u00edcias","item":"https:\/\/www.suno.com.br\/noticias\/"},{"@type":"ListItem","position":2,"name":"Neg\u00f3cios","item":"https:\/\/www.suno.com.br\/noticias\/negocios\/"},{"@type":"ListItem","position":3,"name":"Radar: dono da Cosan (CSAN3) fala sobre as a\u00e7\u00f5es da Vale (VALE3); BTG sugere cautela com a Petrobras (PETR4) e banco diz se Ecorodovias (ECOR3) vai cair mais"}]},{"@type":"WebSite","@id":"https:\/\/www.suno.com.br\/noticias\/#website","url":"https:\/\/www.suno.com.br\/noticias\/","name":"Suno Not\u00edcias","description":"Seu portal de informa\u00e7\u00e3o sobre o mundo dos investimentos","publisher":{"@id":"https:\/\/www.suno.com.br\/noticias\/#organization"},"potentialAction":[{"@type":"SearchAction","target":{"@type":"EntryPoint","urlTemplate":"https:\/\/www.suno.com.br\/noticias\/?s={search_term_string}"},"query-input":{"@type":"PropertyValueSpecification","valueRequired":true,"valueName":"search_term_string"}}],"inLanguage":"pt-BR"},{"@type":"Organization","@id":"https:\/\/www.suno.com.br\/noticias\/#organization","name":"Suno Not\u00edcias","url":"https:\/\/www.suno.com.br\/noticias\/","logo":{"@type":"ImageObject","inLanguage":"pt-BR","@id":"https:\/\/www.suno.com.br\/noticias\/#\/schema\/logo\/image\/","url":"https:\/\/files.sunoresearch.com.br\/n\/uploads\/2021\/09\/suno-logo.png","contentUrl":"https:\/\/files.sunoresearch.com.br\/n\/uploads\/2021\/09\/suno-logo.png","width":180,"height":180,"caption":"Suno Not\u00edcias"},"image":{"@id":"https:\/\/www.suno.com.br\/noticias\/#\/schema\/logo\/image\/"},"sameAs":["https:\/\/facebook.com\/sunoresearch","https:\/\/x.com\/sunoresearch","https:\/\/www.instagram.com\/suno","https:\/\/www.linkedin.com\/company\/suno-research\/","https:\/\/www.youtube.com\/c\/sunoresearch"]},{"@type":"Person","@id":"https:\/\/www.suno.com.br\/noticias\/#\/schema\/person\/a0be106724f6f5d705d70f04333cb249","name":"Isabella Taglapietra","image":{"@type":"ImageObject","inLanguage":"pt-BR","@id":"https:\/\/www.suno.com.br\/noticias\/#\/schema\/person\/image\/","url":"https:\/\/secure.gravatar.com\/avatar\/089c9e06b71de293117116aaf339e22f?s=96&r=g","contentUrl":"https:\/\/secure.gravatar.com\/avatar\/089c9e06b71de293117116aaf339e22f?s=96&r=g","caption":"Isabella Taglapietra"},"description":"Rep\u00f3rter freelancer no Suno Not\u00edcias, cobre not\u00edcias di\u00e1rias sobre economia, balan\u00e7os trimestrais e pesquisas. Formada em jornalismo pela Faculdade C\u00e1sper L\u00edbero e p\u00f3s-graduanda em mercado de capitais pela Fecap, atuou como rep\u00f3rter de economia e finan\u00e7as no portal CRC!News e Elas que Lucrem, al\u00e9m de social media para empresas do mercado financeiro.","url":"https:\/\/www.suno.com.br\/noticias\/author\/isabella-taglapietra\/"}]}},"default_loop_html":"<div class=\"cardsPage__listCard__boxs\"><div class=\"cardsPage__listCard__boxs__img\"><a href=\"https:\/\/www.suno.com.br\/noticias\/radar-cosan-csan3-vale-vale3-petrobras-petra4-ecorodovias-ecor3\/\"><img class=\"mask\" src=\"https:\/\/www.suno.com.br\/noticias\/wp-content\/themes\/suno\/resources\/images\/spotlight\/spotlight1img\/bg-mask.png\" alt=\"Image Mask\"\/><img src=\"https:\/\/files.sunoresearch.com.br\/n\/uploads\/2021\/02\/7945dc6a-image_processing20200201-29235-jyogwq_easy-resize.com_-400x200.webp\" alt=\"Radar: dono da Cosan (CSAN3) fala sobre as a\u00e7\u00f5es da Vale (VALE3); BTG sugere cautela com a Petrobras (PETR4) e banco diz se Ecorodovias (ECOR3) vai cair mais\"\/><\/a><span class=\"spotlightCategory\"><a href=\"https:\/\/www.suno.com.br\/noticias\/negocios\/\">Neg\u00f3cios<\/a><\/span><\/div><div class=\"cardsPage__listCard__boxs__content\"><a href=\"https:\/\/www.suno.com.br\/noticias\/radar-cosan-csan3-vale-vale3-petrobras-petra4-ecorodovias-ecor3\/\"><h2 class=\"content__title\">Radar: dono da Cosan (CSAN3) fala sobre as a\u00e7\u00f5es da Vale (VALE3); BTG sugere cautela com a Petrobras (PETR4) e banco diz se Ecorodovias (ECOR3) vai cair mais<\/h2><\/a><div class=\"newsContent__article__meta\"><div class=\"newsContent__article__meta__authorBox\"><a href=\"https:\/\/www.suno.com.br\/noticias\/author\/isabella-taglapietra\/\" class=\"authorBox__avatar noMobi\"><img src=\"https:\/\/files.sunoresearch.com.br\/n\/uploads\/2022\/08\/WhatsApp-Image-2022-08-04-at-12.40.27-150x150.jpeg\" alt=\"Isabella Taglapietra\"><\/a><div class=\"authorBox__name\"><span>por\n\t\t\t<a href=\"https:\/\/www.suno.com.br\/noticias\/author\/isabella-taglapietra\/\"><span itemprop=\"author\">Isabella Taglapietra<\/span><\/a><\/span><time datetime=\"2022-12-07T23:09:23-03:00\" itemprop=\"datePublished\">07\/12\/2022 23:09<\/time><\/div><\/div><\/div><\/div><\/div>","single_layout":"posts","amp_enabled":true,"_links":{"self":[{"href":"https:\/\/www.suno.com.br\/noticias\/wp-json\/wp\/v2\/posts\/331200"}],"collection":[{"href":"https:\/\/www.suno.com.br\/noticias\/wp-json\/wp\/v2\/posts"}],"about":[{"href":"https:\/\/www.suno.com.br\/noticias\/wp-json\/wp\/v2\/types\/post"}],"author":[{"embeddable":true,"href":"https:\/\/www.suno.com.br\/noticias\/wp-json\/wp\/v2\/users\/194"}],"replies":[{"embeddable":true,"href":"https:\/\/www.suno.com.br\/noticias\/wp-json\/wp\/v2\/comments?post=331200"}],"version-history":[{"count":2,"href":"https:\/\/www.suno.com.br\/noticias\/wp-json\/wp\/v2\/posts\/331200\/revisions"}],"predecessor-version":[{"id":331261,"href":"https:\/\/www.suno.com.br\/noticias\/wp-json\/wp\/v2\/posts\/331200\/revisions\/331261"}],"wp:featuredmedia":[{"embeddable":true,"href":"https:\/\/www.suno.com.br\/noticias\/wp-json\/wp\/v2\/media\/121098"}],"wp:attachment":[{"href":"https:\/\/www.suno.com.br\/noticias\/wp-json\/wp\/v2\/media?parent=331200"}],"wp:term":[{"taxonomy":"category","embeddable":true,"href":"https:\/\/www.suno.com.br\/noticias\/wp-json\/wp\/v2\/categories?post=331200"},{"taxonomy":"post_tag","embeddable":true,"href":"https:\/\/www.suno.com.br\/noticias\/wp-json\/wp\/v2\/tags?post=331200"},{"taxonomy":"suno_strategy","embeddable":true,"href":"https:\/\/www.suno.com.br\/noticias\/wp-json\/wp\/v2\/suno_strategy?post=331200"}],"curies":[{"name":"wp","href":"https:\/\/api.w.org\/{rel}","templated":true}]}}