{"id":330658,"date":"2022-12-07T18:32:13","date_gmt":"2022-12-07T21:32:13","guid":{"rendered":"https:\/\/www.suno.com.br\/noticias\/?p=330658"},"modified":"2022-12-07T20:04:25","modified_gmt":"2022-12-07T23:04:25","slug":"copom-selic-decisao-juros-dezembro-2022","status":"publish","type":"post","link":"https:\/\/www.suno.com.br\/noticias\/copom-selic-decisao-juros-dezembro-2022\/","title":{"rendered":"Copom mant\u00e9m taxa Selic em 13,75% ao ano pela 3\u00ba vez consecutiva; entenda os motivos"},"content":{"rendered":"<p>O&nbsp;<a href=\"https:\/\/www.suno.com.br\/artigos\/copom\/\" target=\"_blank\" rel=\"noreferrer noopener\">Comit\u00ea de Pol\u00edtica Monet\u00e1ria (<strong>Copom<\/strong>)<\/a>, do Banco Central, anunciou nesta quarta (7) que vai manter a taxa Selic em 13,75% pela terceira vez consecutiva. A decis\u00e3o, no oitavo encontro do comit\u00ea do Banco Central em 2022, era esperada pelo mercado e foi un\u00e2nime. A expectativa era pelo tom do comunicado do Banco Central, que poderia dar pistas sobre quando o comit\u00ea pretende cortar a taxa de juros. Mas o comunicado destacou incertezas em rela\u00e7\u00e3o \u00e0 pol\u00edtica fiscal do governo e \u00e0 din\u00e2mica inflacion\u00e1ria. <\/p>\t<div class=\"wrapper-featured-image\">\n\t\t<figure class=\"spotlightImg\">\n\n\t\t\t<picture>\n\t\t\t\t<source media=\"(max-width: 768px)\" srcset=\"https:\/\/files.sunoresearch.com.br\/n\/uploads\/2022\/12\/Banco-Central-400x200.jpg\">\n\t\t\t\t<img loading=\"lazy\" decoding=\"async\" class=\"newsContent__article__imgCapa lazyloadDisabled \" src=\"https:\/\/files.sunoresearch.com.br\/n\/uploads\/2022\/12\/Banco-Central-800x450.jpg\" width=\"800\" height=\"450\" alt=\"Copom mant\u00e9m taxa Selic em 13,75% ao ano pela 3\u00ba vez consecutiva; entenda os motivos\" fetchpriority=high \/>\n\t\t\t<\/picture>\n\n\t\t\t<figcaption class=\"wp-caption-text wp-caption-text--show\">Copom: pr\u00e9dio do Banco Central. Foto Antonio Cruz\/Ag\u00eancia Brasil<\/figcaption>\n\t\t<\/figure>\n\t<\/div>\n\n\n\n\n\n\t<p>\n\t\t<a href=\"\" target=\"_blank\" data-element=\"shortcode-suno-banner\" title=\"Banner SUNO, clique e saiba mais\">\n\t\t\t<picture>\n\t\t\t\t<source media=\"(max-width: 500px)\" srcset=\"\">\n\t\t\t\t<img class=\"newsContent__article__imgCapa newsContent__article__imgCapa--banner\"\n\t\t\t\t\tsrc=\"\"\n\t\t\t\t\tdata-promo-id=\"240038\"\t\t\t\t\t\t\t\t\t\t\t\t\t\t\talt=\"\"\n\t\t\t\t>\n\t\t\t<\/picture>\n\t\t<\/a>\n\t<\/p>\n\n\n\n\n\n<p>O comit\u00ea do BC deixou em aberto a possibilidade de retomar o ciclo de alta da taxa b\u00e1sica de juros se a infla\u00e7\u00e3o n\u00e3o cair como esperado. A pol\u00edtica monet\u00e1ria pode continuar restritiva em 2023, indica o <strong>comunicado do Copom<\/strong>. <\/p>\n\n\n\t<div data-element=\"shortcode-read-more\" class=\"knowMore\">\n\t\t\t\t<span class=\"knowMore__title\">Leia mais<\/span>\n\t\t\t\t<a class=\"knowMore__link\" href=\"https:\/\/www.suno.com.br\/noticias\/ipca-15-novembro-alimentos-saude\/\">\n\t\t\tIPCA-15: Alimentos e sa\u00fade puxam alta de pre\u00e7os, e indicador sobe 0,53%\t\t<\/a>\n\t<\/div>\n\n\n\n\n<p>Em meio \u00e0s negocia\u00e7\u00f5es para que o Congresso libere um gasto extra de R$ 168 bilh\u00f5es para o novo governo em 2023 na<a href=\"https:\/\/www.suno.com.br\/noticias\/pec-da-transicao-pt-aceita-cortar-30-bilhoes-teto-de-gastos\/\"> Proposta de Emenda \u00e0 Constitui\u00e7\u00e3o (PEC) da Transi\u00e7\u00e3o<\/a>, o BC passou a citar como &#8220;elevada&#8221; a incerteza sobre o futuro das contas p\u00fablicas brasileiras.<\/p>\n\n\n\n<p>&#8220;A conjuntura, particularmente incerta no \u00e2mbito fiscal, requer serenidade na avalia\u00e7\u00e3o dos riscos. O Comit\u00ea acompanhar\u00e1 com especial aten\u00e7\u00e3o os desenvolvimentos futuros da pol\u00edtica fiscal e, em particular, seus efeitos nos pre\u00e7os de ativos e expectativas de infla\u00e7\u00e3o, com potenciais impactos sobre a din\u00e2mica da infla\u00e7\u00e3o prospectiva&#8221;, destacou o Copom, no comunicado da decis\u00e3o sobre a <strong>taxa b\u00e1sica de juros<\/strong>.<\/p>\n\n\n\t<div data-element=\"shortcode-read-more\" class=\"knowMore\">\n\t\t\t\t<span class=\"knowMore__title\">Leia mais<\/span>\n\t\t\t\t<a class=\"knowMore__link\" href=\"https:\/\/www.suno.com.br\/noticias\/ipca-boletim-focus-projecoes-2022\/\">\n\t\t\tIPCA: Boletim Focus eleva proje\u00e7\u00f5es para 5,92% em 2022\t\t<\/a>\n\t<\/div>\n\n\n\n\n<p>Embora o mercado dobre as apostas em antecipar <strong>novas altas da Selic<\/strong> j\u00e1 em meados de 2023 para contrabalan\u00e7ar os efeitos dessa inje\u00e7\u00e3o de recursos na economia prometida pelo presidente eleito Luiz In\u00e1cio Lula da Silva (PT), o comunicado do Copom n\u00e3o alterou em nada a sua sinaliza\u00e7\u00e3o de pr\u00f3ximos passos da pol\u00edtica monet\u00e1ria.<\/p>\n\n\n\n<p>&#8220;O Comit\u00ea se manter\u00e1 vigilante, avaliando se a estrat\u00e9gia de manuten\u00e7\u00e3o da taxa b\u00e1sica de juros por per\u00edodo suficientemente prolongado ser\u00e1 capaz de assegurar a converg\u00eancia da infla\u00e7\u00e3o. O Comit\u00ea refor\u00e7a que ir\u00e1 perseverar at\u00e9 que se consolide n\u00e3o apenas o processo de desinfla\u00e7\u00e3o como tamb\u00e9m a ancoragem das expectativas em torno de suas metas. O Comit\u00ea enfatiza que os passos futuros da pol\u00edtica monet\u00e1ria poder\u00e3o ser ajustados e n\u00e3o hesitar\u00e1 em retomar o ciclo de ajuste caso o processo de desinfla\u00e7\u00e3o n\u00e3o transcorra como esperado&#8221;, repetiu o Copom.<\/p>\n\n\n\t<div data-element=\"shortcode-read-more\" class=\"knowMore\">\n\t\t\t\t<span class=\"knowMore__title\">Leia mais<\/span>\n\t\t\t\t<a class=\"knowMore__link\" href=\"https:\/\/www.suno.com.br\/noticias\/selic-corte-taxa-de-juros-banco-central-agosto\/\">\n\t\t\tMercado espera primeiro corte da Selic em agosto, mostra Banco Central\t\t<\/a>\n\t<\/div>\n\n\n\n\n<h2 class=\"wp-block-heading\" id=\"h-desaceleracao-da-atividade-economica-global-mais-acentuada\">&#8220;Desacelera\u00e7\u00e3o da atividade econ\u00f4mica global mais acentuada&#8221;<\/h2>\n\n\n\n<p>O BC continua enxergando riscos em ambas as dire\u00e7\u00f5es para a infla\u00e7\u00e3o. Entre os riscos de alta est\u00e3o uma maior persist\u00eancia das press\u00f5es inflacion\u00e1rias globais, a &#8211; agora elevada &#8211; incerteza sobre o futuro do arcabou\u00e7o fiscal do Pa\u00eds e um hiato do produto mais estreito em particular no mercado de trabalho. Entre os riscos de baixa na infla\u00e7\u00e3o est\u00e3o uma queda adicional dos pre\u00e7os das commodities internacionais, uma desacelera\u00e7\u00e3o da atividade econ\u00f4mica global mais acentuada do que a projetada; e a manuten\u00e7\u00e3o dos cortes de impostos de combust\u00edveis projetados para serem revertidos em 2023.<\/p>\n\n\n\n<p>O <strong>mercado financeiro<\/strong> esperava que o Copom mantivesse os <strong>juros b\u00e1sicos<\/strong> em 13,75% ao ano, taxa alcan\u00e7ada no encontro de agosto, no ciclo de aperto monet\u00e1rio mais longo da hist\u00f3ria do comit\u00ea. Segundo pesquisa realizada pelo Proje\u00e7\u00f5es Broadcast, de 48 institui\u00e7\u00f5es financeiras consultadas, 46 esperam <strong>estabilidade da Selic <\/strong>em 13,75% e duas casas esperam eleva\u00e7\u00e3o da taxa para 14%. <\/p>\n\n\n\n<p>Essa foi a \u00faltima <strong>reuni\u00e3o do Copom<\/strong> no ano &#8212; e a derradeira decis\u00e3o do comit\u00ea no governo Bolsonaro <\/p>\n\n\n\n<p>Apesar do repique recente na <strong>infla\u00e7\u00e3o<\/strong>, o Banco Central (BC) n\u00e3o mexeu nos juros. Por unanimidade, o Comit\u00ea de Pol\u00edtica Monet\u00e1ria (Copom) manteve a taxa Selic, juros b\u00e1sicos da economia, em 13,75% ao ano. <\/p>\n\n\n\n<p>O diretor de Regula\u00e7\u00e3o do Banco Central, Ot\u00e1vio Damaso, n\u00e3o participou da reuni\u00e3o. Ontem (6), o \u00f3rg\u00e3o tinha informado que ele n\u00e3o estaria presente por causa do falecimento de um parente de primeiro grau. Os demais diretores e o presidente do BC, Roberto Campos Neto, votaram pela manuten\u00e7\u00e3o da taxa.<\/p>\n\n\n\n<p>O BC diz que a decis\u00e3o de hoje &#8220;reflete incertezas ao redor de seus cen\u00e1rios e que o comit\u00ea segue dando \u00eanfase a horizontes de seis trimestres \u00e0 frente&#8221;.<\/p>\n\n\n\t<div data-element=\"shortcode-read-more\" class=\"knowMore\">\n\t\t\t\t<span class=\"knowMore__title\">Leia mais<\/span>\n\t\t\t\t<a class=\"knowMore__link\" href=\"https:\/\/www.suno.com.br\/noticias\/copom-manter-selic-incertezas-fiscais-2023\/\">\n\t\t\tCopom deve manter Selic em 13,75%, mas mercado alerta sobre incertezas fiscais em 2023\t\t<\/a>\n\t<\/div>\n\n\n\n\n<h2 class=\"wp-block-heading\" id=\"h-copom-incertezas-com-inflacao-e-politica-fiscal\">Copom: incertezas com infla\u00e7\u00e3o e pol\u00edtica fiscal<\/h2>\n\n\n\n<p>No comunicado, o Copom informa que avaliar\u00e1 se manuten\u00e7\u00e3o por per\u00edodo suficientemente prolongado assegurar\u00e1 converg\u00eancia. Diz ainda que incerteza de suas &#8220;premissas e proje\u00e7\u00f5es atualmente \u00e9 maior do que a usual&#8221; e complementa: &#8220;O comit\u00ea repete que ir\u00e1 perseverar at\u00e9 que se consolide desinfla\u00e7\u00e3o e ancoragem. Passos futuros da pol\u00edtica monet\u00e1ria poder\u00e3o ser ajustados.&#8221;<\/p>\n\n\n\n<p>Diz ainda o texto do BC: &#8220;O Copom reitera que n\u00e3o hesitar\u00e1 em retomar ajuste se desinfla\u00e7\u00e3o n\u00e3o ocorrer como esperado. Alta de juros em economias avan\u00e7adas e sens\u00edveis ao fiscal requerem maior cuidado de emergentes. A conjuntura fiscal particularmente incerta requer serenidade para avaliar riscos.&#8221;<\/p>\n\n\n\n<p>E acrescenta: &#8220;O comit\u00ea v\u00ea efeitos da pol\u00edtica fiscal em pre\u00e7os de ativos e expectativas de infla\u00e7\u00e3o.&#8221;<\/p>\n\n\n\n<p>O <strong>ciclo da Selic<\/strong> voltou \u00e0 discuss\u00e3o diante dos planos de aumento de gastos do governo eleito de Luiz In\u00e1cio Lula da Silva (PT), representada especialmente pela Proposta de Emenda \u00e0 Constitui\u00e7\u00e3o (PEC), cuja vota\u00e7\u00e3o no plen\u00e1rio do Senado estava prevista para hoje.<\/p>\n\n\n\n<p>Na avalia\u00e7\u00e3o de especialistas, a expans\u00e3o fiscal pode afetar a infla\u00e7\u00e3o futura devido ao est\u00edmulo ao consumo e tamb\u00e9m pelo canal de deteriora\u00e7\u00e3o de ativos, como o d\u00f3lar. Na curva de juros, h\u00e1 precifica\u00e7\u00e3o de novos aumentos de juros, enquanto no Boletim Focus o mercado aposta majoritariamente, por enquanto, no adiamento dos cortes, com uma taxa terminal mais alta no fim do ano que vem.<\/p>\n\n\n\t<p>\n\t\t<a href=\"https:\/\/lp.suno.com.br\/ebook-como-analisar-uma-acao\/\" target=\"_blank\" data-element=\"shortcode-suno-banner\" title=\"Banner SUNO, clique e saiba mais\">\n\t\t\t<picture>\n\t\t\t\t<source media=\"(max-width: 500px)\" srcset=\"https:\/\/files.sunoresearch.com.br\/n\/uploads\/2023\/03\/Ebook-Acoes-Mobile-1.jpg\">\n\t\t\t\t<img class=\"newsContent__article__imgCapa newsContent__article__imgCapa--banner\"\n\t\t\t\t\tsrc=\"https:\/\/files.sunoresearch.com.br\/n\/uploads\/2023\/03\/Ebook-Acoes-Desktop-1.jpg\"\n\t\t\t\t\tdata-promo-id=\"171998\"\t\t\t\t\t\t\t\t\t\twidth='1420' height='286'\t\t\t\t\talt=\"https:\/\/files.sunoresearch.com.br\/n\/uploads\/2023\/03\/Ebook-Acoes-Desktop-1.jpg\"\n\t\t\t\t>\n\t\t\t<\/picture>\n\t\t<\/a>\n\t<\/p>\n\n\n\n\n\n<p>Em outubro, \u00faltima <strong>reuni\u00e3o do Copom<\/strong>, a autoridade monet\u00e1ria voltou a indicar a estabilidade da Selic em 13,75% por &#8220;per\u00edodo suficientemente prolongado&#8221;. Mas tamb\u00e9m manteve o alerta de que, caso a desinfla\u00e7\u00e3o n\u00e3o ocorra como o esperado, os juros poderiam voltar a subir.<\/p>\n\n\n\n<p>O comit\u00ea do BC observa que &#8220;dados recentes de atividade refor\u00e7am cen\u00e1rio de desacelera\u00e7\u00e3o esperado.&#8221; Refere-se aos dados do terceiro trimestre do PIB, que apontaram freio no ritmo de crescimento.<\/p>\n\n\n\n<figure class=\"wp-block-image size-large\"><img loading=\"lazy\" decoding=\"async\" width=\"1024\" height=\"358\" src=\"https:\/\/files.sunoresearch.com.br\/n\/uploads\/2022\/12\/chart-3-1024x358.jpeg\" alt=\"\" class=\"wp-image-331016\" srcset=\"https:\/\/files.sunoresearch.com.br\/n\/uploads\/2022\/12\/chart-3-1024x358.jpeg 1024w, https:\/\/files.sunoresearch.com.br\/n\/uploads\/2022\/12\/chart-3-300x105.jpeg 300w, https:\/\/files.sunoresearch.com.br\/n\/uploads\/2022\/12\/chart-3-768x269.jpeg 768w, https:\/\/files.sunoresearch.com.br\/n\/uploads\/2022\/12\/chart-3-150x53.jpeg 150w, https:\/\/files.sunoresearch.com.br\/n\/uploads\/2022\/12\/chart-3.jpeg 1200w\" sizes=\"(max-width: 1024px) 100vw, 1024px\" \/><\/figure>\n\n\n\n<figure class=\"wp-block-image size-large\"><img loading=\"lazy\" decoding=\"async\" width=\"1024\" height=\"358\" src=\"https:\/\/files.sunoresearch.com.br\/n\/uploads\/2022\/12\/chart-4-1024x358.jpeg\" alt=\"\" class=\"wp-image-331019\" srcset=\"https:\/\/files.sunoresearch.com.br\/n\/uploads\/2022\/12\/chart-4-1024x358.jpeg 1024w, https:\/\/files.sunoresearch.com.br\/n\/uploads\/2022\/12\/chart-4-300x105.jpeg 300w, https:\/\/files.sunoresearch.com.br\/n\/uploads\/2022\/12\/chart-4-768x269.jpeg 768w, https:\/\/files.sunoresearch.com.br\/n\/uploads\/2022\/12\/chart-4-150x53.jpeg 150w, https:\/\/files.sunoresearch.com.br\/n\/uploads\/2022\/12\/chart-4.jpeg 1200w\" sizes=\"(max-width: 1024px) 100vw, 1024px\" \/><\/figure>\n\n\n\n<h2 class=\"wp-block-heading\" id=\"h-taxa-continua-no-maior-nivel-desde-2017\">Taxa continua no maior n\u00edvel desde 2017<\/h2>\n\n\n\n<p>A <strong>taxa Selic<\/strong> continua no maior n\u00edvel desde janeiro de 2017, quando tamb\u00e9m estava em 13,75% ao ano. Essa foi a terceira vez seguida em que o BC n\u00e3o mexe na taxa, que permanece nesse n\u00edvel desde agosto. Anteriormente, o Copom tinha elevado a Selic por 12 vezes consecutivas, num ciclo que come\u00e7ou em meio \u00e0 alta dos pre\u00e7os de alimentos, de energia e de combust\u00edveis.<\/p>\n\n\n\n<p>De mar\u00e7o a junho do ano passado, o Copom elevou a taxa em 0,75 ponto percentual em cada encontro. No in\u00edcio de agosto, o BC passou a aumentar a Selic em 1 ponto a cada reuni\u00e3o. Com a alta da infla\u00e7\u00e3o e o agravamento das tens\u00f5es no mercado financeiro, a Selic foi elevada em 1,5 ponto de outubro do ano passado at\u00e9 fevereiro deste ano. O Copom promoveu dois aumentos de 1 ponto, em mar\u00e7o e maio, e dois aumentos de 0,5 ponto, em junho e agosto.<\/p>\n\n\n\n<p>Antes do in\u00edcio do <strong>ciclo de alta<\/strong>, a Selic tinha sido reduzida para 2% ao ano, no n\u00edvel mais baixo da s\u00e9rie hist\u00f3rica iniciada em 1986. Por causa da contra\u00e7\u00e3o econ\u00f4mica gerada pela pandemia de covid-19, o Banco Central tinha derrubado a taxa para estimular a produ\u00e7\u00e3o e o consumo. A taxa ficou no menor patamar da hist\u00f3ria de agosto de 2020 a mar\u00e7o de 2021.<\/p>\n\n\n\t<p>\n\t\t<a href=\"https:\/\/lp.suno.com.br\/planilha-da-vida-financeira\/\" target=\"_blank\" data-element=\"shortcode-suno-banner\" title=\"Banner SUNO, clique e saiba mais\">\n\t\t\t<picture>\n\t\t\t\t<source media=\"(max-width: 500px)\" srcset=\"https:\/\/files.sunoresearch.com.br\/n\/uploads\/2023\/04\/400x300-Planilha-vida-financeira-true.png\">\n\t\t\t\t<img class=\"newsContent__article__imgCapa newsContent__article__imgCapa--banner\"\n\t\t\t\t\tsrc=\"https:\/\/files.sunoresearch.com.br\/n\/uploads\/2023\/04\/1420x240-Planilha-vida-financeira-true.png\"\n\t\t\t\t\tdata-promo-id=\"106682\"\t\t\t\t\t\t\t\t\t\twidth='1420' height='240'\t\t\t\t\talt=\"https:\/\/files.sunoresearch.com.br\/n\/uploads\/2023\/04\/1420x240-Planilha-vida-financeira-true.png\"\n\t\t\t\t>\n\t\t\t<\/picture>\n\t\t<\/a>\n\t<\/p>\n\n\n\n\n\n<h2 class=\"wp-block-heading\" id=\"h-leia-o-comunicado-do-bc-na-integra\">Leia o comunicado do BC na \u00edntegra:<br><\/h2>\n\n\n\n<p><em>Em sua 251\u00aa reuni\u00e3o, o Comit\u00ea de Pol\u00edtica Monet\u00e1ria (Copom) decidiu manter a taxa Selic em 13,75% a.a.<\/em><\/p>\n\n\n\n<p><em>A atualiza\u00e7\u00e3o do cen\u00e1rio do Copom pode ser descrita com as seguintes observa\u00e7\u00f5es<\/em>:<\/p>\n\n\n\n<p><em>O ambiente externo mant\u00e9m-se adverso e vol\u00e1til, marcado pela perspectiva de crescimento global abaixo do potencial no pr\u00f3ximo ano, alta volatilidade nos ativos financeiros e um ambiente inflacion\u00e1rio ainda pressionado. A pol\u00edtica monet\u00e1ria nos pa\u00edses avan\u00e7ados em dire\u00e7\u00e3o a taxas restritivas e a maior sensibilidade dos mercados a fundamentos fiscais requerem maior cuidado por parte de pa\u00edses emergentes;<\/em><br><\/p>\n\n\n\n<p><em>Em rela\u00e7\u00e3o \u00e0 atividade econ\u00f4mica brasileira, a divulga\u00e7\u00e3o do PIB apontou ritmo de crescimento mais moderado no terceiro trimestre. O conjunto dos indicadores mais recentes corrobora o cen\u00e1rio de desacelera\u00e7\u00e3o esperado pelo Copom<\/em>;<br><\/p>\n\n\n\n<p><em>Apesar da queda recente, especialmente em itens vol\u00e1teis e afetados por medidas tribut\u00e1rias, a infla\u00e7\u00e3o ao consumidor continua elevada;<\/em><br><\/p>\n\n\n\n<p><em>As diversas medidas de infla\u00e7\u00e3o subjacente seguem acima do intervalo compat\u00edvel com o cumprimento da meta para a infla\u00e7\u00e3o<\/em>;<br><\/p>\n\n\n\n<p><em>As expectativas de infla\u00e7\u00e3o para 2022, 2023 e 2024 apuradas pela pesquisa Focus encontram-se em torno de 5,9%, 5,1% e 3,5%, respectivamente; e<\/em><br><\/p>\n\n\n\n<p><em>No cen\u00e1rio de refer\u00eancia, a trajet\u00f3ria para a taxa de juros \u00e9 extra\u00edda da pesquisa Focus e a taxa de c\u00e2mbio parte de USD\/BRL 5,25*, evoluindo segundo a paridade do poder de compra (PPC). O pre\u00e7o do petr\u00f3leo segue aproximadamente a curva futura pelos pr\u00f3ximos seis meses e passa a aumentar 2% ao ano posteriormente. Al\u00e9m disso, adota-se a hip\u00f3tese de bandeira tarif\u00e1ria &#8220;verde&#8221; em dezembro de 2022 e &#8220;amarela&#8221; em dezembro de 2023 e de 2024. Nesse cen\u00e1rio, as proje\u00e7\u00f5es de infla\u00e7\u00e3o do Copom situam-se em 6,0% para 2022, 5,0% para 2023 e 3,0% para 2024. As proje\u00e7\u00f5es para a infla\u00e7\u00e3o de pre\u00e7os administrados s\u00e3o de -3,6% para 2022, 9,1% para 2023 e 4,2% para 2024. O Comit\u00ea optou novamente por dar \u00eanfase ao horizonte de seis trimestres \u00e0 frente, que reflete o horizonte relevante, suaviza os efeitos diretos decorrentes das mudan\u00e7as tribut\u00e1rias, mas incorpora os seus impactos secund\u00e1rios. Nesse horizonte, referente ao segundo trimestre de 2024, a proje\u00e7\u00e3o de infla\u00e7\u00e3o acumulada em doze meses situa-se em 3,3%. O Comit\u00ea julga que a incerteza em torno das suas premissas e proje\u00e7\u00f5es atualmente \u00e9 maior do que o usual.<\/em><br><\/p>\n\n\n\n<p><em>O Comit\u00ea ressalta que, em seus cen\u00e1rios para a infla\u00e7\u00e3o, permanecem fatores de risco em ambas as dire\u00e7\u00f5es. Entre os riscos de alta para o cen\u00e1rio inflacion\u00e1rio e as expectativas de infla\u00e7\u00e3o, destacam-se (i) uma maior persist\u00eancia das press\u00f5es inflacion\u00e1rias globais; (ii) a elevada incerteza sobre o futuro do arcabou\u00e7o fiscal do pa\u00eds e est\u00edmulos fiscais adicionais que impliquem sustenta\u00e7\u00e3o da demanda agregada, parcialmente incorporados nas expectativas de infla\u00e7\u00e3o e nos pre\u00e7os de ativos; e (iii) um hiato do produto mais estreito que o utilizado atualmente pelo Comit\u00ea em seu cen\u00e1rio de refer\u00eancia, em particular no mercado de trabalho. Entre os riscos de baixa, ressaltam-se (i) uma queda adicional dos pre\u00e7os das commodities internacionais em moeda local; (ii) uma desacelera\u00e7\u00e3o da atividade econ\u00f4mica global mais acentuada do que a projetada; e (iii) a manuten\u00e7\u00e3o dos cortes de impostos projetados para serem revertidos em 2023. A conjuntura, particularmente incerta no \u00e2mbito fiscal, requer serenidade na avalia\u00e7\u00e3o dos riscos. O Comit\u00ea acompanhar\u00e1 com especial aten\u00e7\u00e3o os desenvolvimentos futuros da pol\u00edtica fiscal e, em particular, seus efeitos nos pre\u00e7os de ativos e expectativas de infla\u00e7\u00e3o, com potenciais impactos sobre a din\u00e2mica da infla\u00e7\u00e3o prospectiva.<\/em><\/p>\n\n\n\n<p><em>Considerando os cen\u00e1rios avaliados, o balan\u00e7o de riscos e o amplo conjunto de informa\u00e7\u00f5es dispon\u00edveis, o Copom decidiu manter a taxa b\u00e1sica de juros em 13,75% a.a. O Comit\u00ea entende que essa decis\u00e3o reflete a incerteza ao redor de seus cen\u00e1rios e um balan\u00e7o de riscos com vari\u00e2ncia ainda maior do que a usual para a infla\u00e7\u00e3o prospectiva, e \u00e9 compat\u00edvel com a estrat\u00e9gia de converg\u00eancia da infla\u00e7\u00e3o para o redor da meta ao longo do horizonte relevante, que inclui os anos de 2023 e de 2024. Sem preju\u00edzo de seu objetivo fundamental de assegurar a estabilidade de pre\u00e7os, essa decis\u00e3o tamb\u00e9m implica suaviza\u00e7\u00e3o das flutua\u00e7\u00f5es do n\u00edvel de atividade econ\u00f4mica e fomento do pleno emprego.<\/em><\/p>\n\n\n\n<p><em>O Comit\u00ea se manter\u00e1 vigilante, avaliando se a estrat\u00e9gia de manuten\u00e7\u00e3o da taxa b\u00e1sica de juros por per\u00edodo suficientemente prolongado ser\u00e1 capaz de assegurar a converg\u00eancia da infla\u00e7\u00e3o. O Comit\u00ea refor\u00e7a que ir\u00e1 perseverar at\u00e9 que se consolide n\u00e3o apenas o processo de desinfla\u00e7\u00e3o como tamb\u00e9m a ancoragem das expectativas em torno de suas metas. O Comit\u00ea enfatiza que os passos futuros da pol\u00edtica monet\u00e1ria poder\u00e3o ser ajustados e n\u00e3o hesitar\u00e1 em retomar o ciclo de ajuste caso o processo de desinfla\u00e7\u00e3o n\u00e3o transcorra como esperado<\/em>.<\/p>\n\n\n\n<p><em>Votaram por essa decis\u00e3o os seguintes membros do Comit\u00ea: Roberto de Oliveira Campos Neto (presidente), Bruno Serra Fernandes, Carolina de Assis Barros, Diogo Abry Guillen, Fernanda Magalh\u00e3es Rumenos Guardado, Maur\u00edcio Costa de Moura, Paulo S\u00e9rgio Neves de Souza e Renato Dias de Brito Gomes.<\/em><\/p>\n\n\n\n<figure class=\"wp-block-embed is-type-video is-provider-youtube wp-block-embed-youtube wp-embed-aspect-16-9 wp-has-aspect-ratio\"><div class=\"wp-block-embed__wrapper\">\n<iframe loading=\"lazy\" title=\"VALE (VALE3) DECEPCIONA E CAI 3,5% | Decis\u00e3o do Copom | Peru: tentativa de golpe e presidente preso\" width=\"1080\" height=\"608\" src=\"https:\/\/www.youtube.com\/embed\/ewD8z4FgnNI?feature=oembed&#038;enablejsapi=1&#038;origin=https:\/\/www.suno.com.br\" frameborder=\"0\" allow=\"accelerometer; autoplay; clipboard-write; encrypted-media; gyroscope; picture-in-picture\" allowfullscreen><\/iframe>\n<\/div><\/figure>\n\n\n\t<p>\n\t\t<a href=\"https:\/\/lp.suno.com.br\/planilha-de-controle-de-investimentos\/\" target=\"_blank\" data-element=\"shortcode-suno-banner\" title=\"Banner SUNO, clique e saiba mais\">\n\t\t\t<picture>\n\t\t\t\t<source media=\"(max-width: 500px)\" srcset=\"https:\/\/files.sunoresearch.com.br\/n\/uploads\/2023\/03\/400x300-Controle-de-Investimentos.png\">\n\t\t\t\t<img class=\"newsContent__article__imgCapa newsContent__article__imgCapa--banner\"\n\t\t\t\t\tsrc=\"https:\/\/files.sunoresearch.com.br\/n\/uploads\/2023\/03\/1420x240-Controle-de-Investimentos.png\"\n\t\t\t\t\tdata-promo-id=\"75934\"\t\t\t\t\t\t\t\t\t\twidth='1420' height='240'\t\t\t\t\talt=\"https:\/\/files.sunoresearch.com.br\/n\/uploads\/2023\/03\/1420x240-Controle-de-Investimentos.png\"\n\t\t\t\t>\n\t\t\t<\/picture>\n\t\t<\/a>\n\t<\/p>\n\n\n\n\n\n<h2 class=\"wp-block-heading\" id=\"h-espaco-para-um-aumento-residual\">Espa\u00e7o para um aumento residual?<\/h2>\n\n\n\n<p>O economista-chefe Gustavo Berttotti, da Messem, diz que comunicado deixou porta aberta para aumento residual dos juros, caso necess\u00e1rio.<\/p>\n\n\n\n<p>&#8220;O Comit\u00ea de Pol\u00edtica Monet\u00e1ria (Copom) do Banco Central (BC) do Brasil manteve inalterada a Taxa Selic em 13,75% ao ano, confirmando a sinaliza\u00e7\u00e3o feita no \u00faltimo encontro. Entretanto, o comunicado da autoridade monet\u00e1ria mostrou um vi\u00e9s de preocupa\u00e7\u00e3o com a ancoragem fiscal no Brasil, al\u00e9m de um balan\u00e7o de riscos sobre o mercado internacional&#8221;, diz Bertotti.<\/p>\n\n\n\n<p>\u201cO comit\u00ea manteve a taxa de juros, mas h\u00e1 um cen\u00e1rio de incertezas dom\u00e9sticas. A PEC da Transi\u00e7\u00e3o gera uma preocupa\u00e7\u00e3o fiscal. Isso pode ser observado pela curva de juros, que vem subindo, indicando que o BC dever\u00e1 estender por mais tempo a atual pol\u00edtica e uma queda da Selic s\u00f3 dever\u00e1 ocorrer a partir do segundo trimestre de 2023\u201d, afirma.<\/p>\n\n\n\n<p>O economista adiciona: \u201cNa parte externa, os casos de COVID-19 continuam crescendo, ent\u00e3o h\u00e1 uma preocupa\u00e7\u00e3o grande com a China, infla\u00e7\u00e3o global e aumentos nas taxas de juros pelos bancos centrais das principais economias\u201d.<\/p>\n\n\n\n<p>O economista-chefe da Messem acredita que o temor do mercado se encaminha para uma recess\u00e3o mundial no ano que vem. \u201cIsso tudo est\u00e1 considerado no balan\u00e7o de riscos do BC\u201d, aponta.<\/p>\n\n\n\n<p>De acordo com o economista, o Copom deixou a porta aberta para um aumento residual da Selic no futuro, caso necess\u00e1rio, em raz\u00e3o deste grau de incerteza. \u201cTemos que considerar fatores como alta do d\u00f3lar, j\u00e1 que causa impacto na infla\u00e7\u00e3o. E o Brasil interrompeu o ciclo de desinfla\u00e7\u00e3o, o que tamb\u00e9m ser\u00e1 colocado no balan\u00e7o de riscos\u201d, ressalta.<\/p>\n\n\n\n<p>Lembrando: a Comiss\u00e3o de Constitui\u00e7\u00e3o e Justi\u00e7a (CCJ) do Senado aprovou no final da tarde ter\u00e7a-feira a PEC da Transi\u00e7\u00e3o, proposta que libera espa\u00e7o no Or\u00e7amento de 2023 para programas sociais e o aumento real do sal\u00e1rio m\u00ednimo. A PEC 32\/2022 segue para dois turnos de vota\u00e7\u00e3o em Plen\u00e1rio, onde s\u00e3o necess\u00e1rios tr\u00eas quintos dos votos dos senadores (49 de 81).<\/p>\n\n\n\n<p>A proposta aprovada n\u00e3o retira o Bolsa Fam\u00edlia (atual Aux\u00edlio Brasil) do teto de gastos, mas expande o limite desse teto em R\uff04 145 bilh\u00f5es para garantir o pagamento do benef\u00edcio. O prazo do aumento do teto \u00e9 fixado pelo substitutivo do relator, Alexandre Silveira (PSD-MG), em dois anos, e n\u00e3o quatro, como previa o texto original.<\/p>\n\n\n\n<p>O <strong>impacto fiscal <\/strong>total previsto da proposta \u00e9 de R\uff04168 bilh\u00f5es, sendo R\uff04 145 bilh\u00f5es referentes ao Bolsa Fam\u00edlia e cerca de R\uff04 23 bilh\u00f5es para investimentos, valor atrelado a um eventual excesso de arrecada\u00e7\u00e3o. Esse cen\u00e1rio pode mudar o entendimento dos integrantes do <strong>Copom<\/strong> para as pr\u00f3ximas reuni\u00f5es.<\/p>\n\n\n\n<p>Ricardo Jorge, especialista em renda fixa e s\u00f3cio da Quantzed, casa de an\u00e1lise e empresa de tecnologia e educa\u00e7\u00e3o para investidores, concorda: &#8220;O comunicado continua ressaltando que existem fatores de risco relacionados \u00e0 infla\u00e7\u00e3o e que continuam vigilantes, mesmo optando pela manuten\u00e7\u00e3o da taxa de juros, deixando claro que h\u00e1 espa\u00e7o para novos ajustes caso entendam que expectativas inflacion\u00e1rias est\u00e3o desencorando.&#8221;<\/p>\n\n\n\n<p>Ele nota: &#8220;Um ponto que me chamou aten\u00e7\u00e3o \u00e9 que <em>[os integrantes do comit\u00ea do BC]<\/em> d\u00e3o aten\u00e7\u00e3o especial ao desenrolar dos eventos futuros por causa da pol\u00edtica fiscal. Esse \u00e9 um ponto muito preocupante, de fato, na minha vis\u00e3o. Apesar do tom neutro, o comit\u00ea fez quest\u00e3o de enfatizar sua preocupa\u00e7\u00e3o com rela\u00e7\u00e3o a condu\u00e7\u00e3o da pol\u00edtica fiscal e quais os efeitos que pode ter sobre os pre\u00e7os e expectativas de infla\u00e7\u00e3o no futuro.&#8221;<\/p>\n\n\n\n<p>E conclui: &#8220;O Banco Central, de fato, come\u00e7a a demonstrar um pouco mais de preocupa\u00e7\u00e3o no que diz respeito ao \u00e2mbito fiscal e isso, de fato, vai impactar as suas decis\u00f5es pol\u00edtico-monet\u00e1rias.&#8221;<\/p>\n\n\n\n<h2 class=\"wp-block-heading\" id=\"h-tom-de-cautela\">&#8220;Tom de cautela&#8221;<\/h2>\n\n\n\n<p>Idean Alves, educador financeiro, s\u00f3cio e chefe da mesa de opera\u00e7\u00f5es da A\u00e7\u00e3o Brasil, comenta: &#8220;O tom do comunicado do Copom veio com bastante ressalva e cautela. A palavra de ordem, sem d\u00favida alguma, \u00e9 vigil\u00e2ncia para n\u00e3o deixar a infla\u00e7\u00e3o sair do controle, pois a maioria das vari\u00e1veis pode mudar rapidamente o cen\u00e1rio base do Copom.&#8221;<\/p>\n\n\n\n<p>Ele analisa: &#8220;Ficou claro nesse comunicado que o Copom poder\u00e1 fazer novas altas de juros no futuro caso seja preciso. O Comit\u00ea seguir\u00e1 vigilante sobre a Selic, avaliando se a estrat\u00e9gia de manuten\u00e7\u00e3o da taxa b\u00e1sica de juros por per\u00edodo prolongado ser\u00e1 capaz de assegurar a converg\u00eancia da infla\u00e7\u00e3o, pois o Comit\u00ea resolveu alongar o per\u00edodo de estabiliza\u00e7\u00e3o do processo inflacion\u00e1rio de 2023, estendendo at\u00e9 2024, j\u00e1 sinalizando que o inverno no mercado de renda fixa poder\u00e1 perdurar por mais tempo.&#8221;<\/p>\n\n\n\n<p>O que mais preocupa no comunicado \u00e9, diz Alves, &#8220;o prolongamento do aperto monet\u00e1rio por mais tempo, que al\u00e9m do controle da infla\u00e7\u00e3o, pode ter um efeito rebote para o crescimento da economia brasileira.&#8221;<\/p>\n\n\n\n<p>Idean Alves acrescenta: &#8220;Em meio a mais gasto p\u00fablico e mais impostos, as empresas precisam repassar isso via pre\u00e7o para o consumidor final, o chamado &#8216;imposto indireto&#8217; via &#8216;m\u00e3o invis\u00edvel do mercado&#8217;. Isso contribui para a press\u00e3o inflacion\u00e1ria, que por sua vez obrigar\u00e1 o <strong>Copom <\/strong>a ficar vigilante e a ter um pulso firme caso precise controlar a infla\u00e7\u00e3o via alta de juros nas pr\u00f3ximas reuni\u00f5es do Comit\u00ea. Na pr\u00e1tica, a popula\u00e7\u00e3o, em especial a de baixa renda e a classe m\u00e9dia, ficar\u00e1 mais pobre no final do dia, porque por mais que haja pol\u00edticas assistencialistas, e farto acesso ao cr\u00e9dito, o que gera uma falsa percep\u00e7\u00e3o de riqueza, todo esse dinheiro ser\u00e1 corro\u00eddo pela perda do compra causado pela infla\u00e7\u00e3o.&#8221;<\/p>\n\n\n\n<p><em>Com informa\u00e7\u00f5es do Estad\u00e3o Conte\u00fado<\/em> e<em> Ag\u00eancia Brasil<\/em><\/p>\n","protected":false},"excerpt":{"rendered":"<p>O&nbsp;Comit\u00ea de Pol\u00edtica Monet\u00e1ria (Copom), do Banco Central, anunciou nesta quarta (7) que vai manter a taxa Selic em 13,75% pela terceira vez consecutiva. A decis\u00e3o, no oitavo encontro do comit\u00ea do Banco Central em 2022, era esperada pelo mercado e foi un\u00e2nime. A expectativa era pelo tom do comunicado do Banco Central, que poderia [&hellip;]<\/p>\n","protected":false},"author":98,"featured_media":330794,"comment_status":"closed","ping_status":"closed","sticky":false,"template":"","format":"standard","meta":[],"categories":[62],"tags":[1842,1104,105816,1752,290],"suno_strategy":[],"class_list":["post-330658","post","type-post","status-publish","format-standard","has-post-thumbnail","hentry","category-economia","tag-banco-central-bc","tag-copom","tag-especialistas","tag-taxa-de-juros","tag-taxa-selic"],"yoast_head":"<!-- This site is optimized with the Yoast SEO plugin v24.4 - https:\/\/yoast.com\/wordpress\/plugins\/seo\/ -->\n<title>Copom mant\u00e9m taxa Selic a 13,75% ao ano; entenda os motivos<\/title>\n<meta name=\"description\" content=\"O\u00a0Comit\u00ea de Pol\u00edtica Monet\u00e1ria (Copom), do Banco Central, anunciou nesta quarta (7) que vai manter a taxa Selic em 13,75%.\" \/>\n<meta name=\"robots\" content=\"index, follow, max-snippet:-1, max-image-preview:large, max-video-preview:-1\" \/>\n<link rel=\"canonical\" href=\"https:\/\/www.suno.com.br\/noticias\/copom-selic-decisao-juros-dezembro-2022\/\" \/>\n<meta property=\"og:locale\" content=\"pt_BR\" \/>\n<meta property=\"og:type\" content=\"article\" \/>\n<meta property=\"og:title\" content=\"Copom mant\u00e9m taxa Selic a 13,75% ao ano; entenda os motivos\" \/>\n<meta property=\"og:description\" content=\"O\u00a0Comit\u00ea de Pol\u00edtica Monet\u00e1ria (Copom), do Banco Central, anunciou nesta quarta (7) que vai manter a taxa Selic em 13,75%.\" \/>\n<meta property=\"og:url\" content=\"https:\/\/www.suno.com.br\/noticias\/copom-selic-decisao-juros-dezembro-2022\/\" \/>\n<meta property=\"og:site_name\" content=\"Suno Not\u00edcias\" \/>\n<meta property=\"article:publisher\" content=\"https:\/\/facebook.com\/sunoresearch\" \/>\n<meta property=\"og:image\" content=\"https:\/\/files.sunoresearch.com.br\/n\/uploads\/2022\/12\/Banco-Central.jpg\" \/>\n\t<meta property=\"og:image:width\" content=\"1350\" \/>\n\t<meta property=\"og:image:height\" content=\"808\" \/>\n\t<meta property=\"og:image:type\" content=\"image\/jpeg\" \/>\n<meta name=\"author\" content=\"Marco Ant\u00f4nio Lopes\" \/>\n<meta name=\"twitter:card\" content=\"summary_large_image\" \/>\n<meta name=\"twitter:creator\" content=\"@sunoresearch\" \/>\n<meta name=\"twitter:site\" content=\"@sunoresearch\" \/>\n<meta name=\"twitter:label1\" content=\"Escrito por\" \/>\n\t<meta name=\"twitter:data1\" content=\"Marco Ant\u00f4nio Lopes\" \/>\n\t<meta name=\"twitter:label2\" content=\"Est. tempo de leitura\" \/>\n\t<meta name=\"twitter:data2\" content=\"17 minutos\" \/>\n<script type=\"application\/ld+json\" class=\"yoast-schema-graph\">{\"@context\":\"https:\/\/schema.org\",\"@graph\":[{\"@type\":\"NewsArticle\",\"@id\":\"https:\/\/www.suno.com.br\/noticias\/copom-selic-decisao-juros-dezembro-2022\/#article\",\"isPartOf\":{\"@id\":\"https:\/\/www.suno.com.br\/noticias\/copom-selic-decisao-juros-dezembro-2022\/\"},\"author\":{\"name\":\"Marco Ant\u00f4nio Lopes\",\"@id\":\"https:\/\/www.suno.com.br\/noticias\/#\/schema\/person\/829bbe8d57f84333b966b96229c6bf5f\"},\"headline\":\"Copom mant\u00e9m taxa Selic em 13,75% ao ano pela 3\u00ba vez consecutiva; entenda os motivos\",\"datePublished\":\"2022-12-07T21:32:13+00:00\",\"dateModified\":\"2022-12-07T23:04:25+00:00\",\"mainEntityOfPage\":{\"@id\":\"https:\/\/www.suno.com.br\/noticias\/copom-selic-decisao-juros-dezembro-2022\/\"},\"wordCount\":3266,\"publisher\":{\"@id\":\"https:\/\/www.suno.com.br\/noticias\/#organization\"},\"image\":{\"@id\":\"https:\/\/www.suno.com.br\/noticias\/copom-selic-decisao-juros-dezembro-2022\/#primaryimage\"},\"thumbnailUrl\":\"https:\/\/files.sunoresearch.com.br\/n\/uploads\/2022\/12\/Banco-Central.jpg\",\"keywords\":[\"Banco Central (BC)\",\"Copom\",\"Especialistas\",\"taxa de juros\",\"Taxa Selic\"],\"articleSection\":[\"Economia\"],\"inLanguage\":\"pt-BR\"},{\"@type\":\"WebPage\",\"@id\":\"https:\/\/www.suno.com.br\/noticias\/copom-selic-decisao-juros-dezembro-2022\/\",\"url\":\"https:\/\/www.suno.com.br\/noticias\/copom-selic-decisao-juros-dezembro-2022\/\",\"name\":\"Copom mant\u00e9m taxa Selic a 13,75% ao ano; entenda os motivos\",\"isPartOf\":{\"@id\":\"https:\/\/www.suno.com.br\/noticias\/#website\"},\"primaryImageOfPage\":{\"@id\":\"https:\/\/www.suno.com.br\/noticias\/copom-selic-decisao-juros-dezembro-2022\/#primaryimage\"},\"image\":{\"@id\":\"https:\/\/www.suno.com.br\/noticias\/copom-selic-decisao-juros-dezembro-2022\/#primaryimage\"},\"thumbnailUrl\":\"https:\/\/files.sunoresearch.com.br\/n\/uploads\/2022\/12\/Banco-Central.jpg\",\"datePublished\":\"2022-12-07T21:32:13+00:00\",\"dateModified\":\"2022-12-07T23:04:25+00:00\",\"description\":\"O\u00a0Comit\u00ea de Pol\u00edtica Monet\u00e1ria (Copom), do Banco Central, anunciou nesta quarta (7) que vai manter a taxa Selic em 13,75%.\",\"breadcrumb\":{\"@id\":\"https:\/\/www.suno.com.br\/noticias\/copom-selic-decisao-juros-dezembro-2022\/#breadcrumb\"},\"inLanguage\":\"pt-BR\",\"potentialAction\":[{\"@type\":\"ReadAction\",\"target\":[\"https:\/\/www.suno.com.br\/noticias\/copom-selic-decisao-juros-dezembro-2022\/\"]}]},{\"@type\":\"ImageObject\",\"inLanguage\":\"pt-BR\",\"@id\":\"https:\/\/www.suno.com.br\/noticias\/copom-selic-decisao-juros-dezembro-2022\/#primaryimage\",\"url\":\"https:\/\/files.sunoresearch.com.br\/n\/uploads\/2022\/12\/Banco-Central.jpg\",\"contentUrl\":\"https:\/\/files.sunoresearch.com.br\/n\/uploads\/2022\/12\/Banco-Central.jpg\",\"width\":1350,\"height\":808,\"caption\":\"Copom: pr\u00e9dio do Banco Central. Foto Antonio Cruz\/Ag\u00eancia Brasil\"},{\"@type\":\"BreadcrumbList\",\"@id\":\"https:\/\/www.suno.com.br\/noticias\/copom-selic-decisao-juros-dezembro-2022\/#breadcrumb\",\"itemListElement\":[{\"@type\":\"ListItem\",\"position\":1,\"name\":\"Not\u00edcias\",\"item\":\"https:\/\/www.suno.com.br\/noticias\/\"},{\"@type\":\"ListItem\",\"position\":2,\"name\":\"Economia\",\"item\":\"https:\/\/www.suno.com.br\/noticias\/economia\/\"},{\"@type\":\"ListItem\",\"position\":3,\"name\":\"Copom mant\u00e9m taxa Selic em 13,75% ao ano pela 3\u00ba vez consecutiva; entenda os motivos\"}]},{\"@type\":\"WebSite\",\"@id\":\"https:\/\/www.suno.com.br\/noticias\/#website\",\"url\":\"https:\/\/www.suno.com.br\/noticias\/\",\"name\":\"Suno Not\u00edcias\",\"description\":\"Seu portal de informa\u00e7\u00e3o sobre o mundo dos investimentos\",\"publisher\":{\"@id\":\"https:\/\/www.suno.com.br\/noticias\/#organization\"},\"potentialAction\":[{\"@type\":\"SearchAction\",\"target\":{\"@type\":\"EntryPoint\",\"urlTemplate\":\"https:\/\/www.suno.com.br\/noticias\/?s={search_term_string}\"},\"query-input\":{\"@type\":\"PropertyValueSpecification\",\"valueRequired\":true,\"valueName\":\"search_term_string\"}}],\"inLanguage\":\"pt-BR\"},{\"@type\":\"Organization\",\"@id\":\"https:\/\/www.suno.com.br\/noticias\/#organization\",\"name\":\"Suno Not\u00edcias\",\"url\":\"https:\/\/www.suno.com.br\/noticias\/\",\"logo\":{\"@type\":\"ImageObject\",\"inLanguage\":\"pt-BR\",\"@id\":\"https:\/\/www.suno.com.br\/noticias\/#\/schema\/logo\/image\/\",\"url\":\"https:\/\/files.sunoresearch.com.br\/n\/uploads\/2021\/09\/suno-logo.png\",\"contentUrl\":\"https:\/\/files.sunoresearch.com.br\/n\/uploads\/2021\/09\/suno-logo.png\",\"width\":180,\"height\":180,\"caption\":\"Suno Not\u00edcias\"},\"image\":{\"@id\":\"https:\/\/www.suno.com.br\/noticias\/#\/schema\/logo\/image\/\"},\"sameAs\":[\"https:\/\/facebook.com\/sunoresearch\",\"https:\/\/x.com\/sunoresearch\",\"https:\/\/www.instagram.com\/suno\",\"https:\/\/www.linkedin.com\/company\/suno-research\/\",\"https:\/\/www.youtube.com\/c\/sunoresearch\"]},{\"@type\":\"Person\",\"@id\":\"https:\/\/www.suno.com.br\/noticias\/#\/schema\/person\/829bbe8d57f84333b966b96229c6bf5f\",\"name\":\"Marco Ant\u00f4nio Lopes\",\"image\":{\"@type\":\"ImageObject\",\"inLanguage\":\"pt-BR\",\"@id\":\"https:\/\/www.suno.com.br\/noticias\/#\/schema\/person\/image\/\",\"url\":\"https:\/\/secure.gravatar.com\/avatar\/385167b012fbc1cde32c5446ee253313?s=96&r=g\",\"contentUrl\":\"https:\/\/secure.gravatar.com\/avatar\/385167b012fbc1cde32c5446ee253313?s=96&r=g\",\"caption\":\"Marco Ant\u00f4nio Lopes\"},\"description\":\"Jornalista, \u00e9 editor no Suno Not\u00edcias. Trabalhou nas revistas Playboy, Super, Veja Comer &amp; Beber, Homem Vogue e Universo Masculino, al\u00e9m dos portais Abril.com, R7, nas editorias de Home, Esportes, Hora 7, Entretenimento e Geral, e Eu Quero Investir. Autor do livro Bruce Lee: Definitivo (Editora Conrad). Colaborou nas revistas Nova, Veja SP, Grandes Guerras, Placar, Bizz, Casa Claudia e Quatro Rodas.\",\"url\":\"https:\/\/www.suno.com.br\/noticias\/author\/marco-lopes\/\"}]}<\/script>\n<!-- \/ Yoast SEO plugin. -->","yoast_head_json":{"title":"Copom mant\u00e9m taxa Selic a 13,75% ao ano; entenda os motivos","description":"O\u00a0Comit\u00ea de Pol\u00edtica Monet\u00e1ria (Copom), do Banco Central, anunciou nesta quarta (7) que vai manter a taxa Selic em 13,75%.","robots":{"index":"index","follow":"follow","max-snippet":"max-snippet:-1","max-image-preview":"max-image-preview:large","max-video-preview":"max-video-preview:-1"},"canonical":"https:\/\/www.suno.com.br\/noticias\/copom-selic-decisao-juros-dezembro-2022\/","og_locale":"pt_BR","og_type":"article","og_title":"Copom mant\u00e9m taxa Selic a 13,75% ao ano; entenda os motivos","og_description":"O\u00a0Comit\u00ea de Pol\u00edtica Monet\u00e1ria (Copom), do Banco Central, anunciou nesta quarta (7) que vai manter a taxa Selic em 13,75%.","og_url":"https:\/\/www.suno.com.br\/noticias\/copom-selic-decisao-juros-dezembro-2022\/","og_site_name":"Suno Not\u00edcias","article_publisher":"https:\/\/facebook.com\/sunoresearch","og_image":[{"width":1350,"height":808,"url":"https:\/\/files.sunoresearch.com.br\/n\/uploads\/2022\/12\/Banco-Central.jpg","type":"image\/jpeg"}],"author":"Marco Ant\u00f4nio Lopes","twitter_card":"summary_large_image","twitter_creator":"@sunoresearch","twitter_site":"@sunoresearch","twitter_misc":{"Escrito por":"Marco Ant\u00f4nio Lopes","Est. tempo de leitura":"17 minutos"},"schema":{"@context":"https:\/\/schema.org","@graph":[{"@type":"NewsArticle","@id":"https:\/\/www.suno.com.br\/noticias\/copom-selic-decisao-juros-dezembro-2022\/#article","isPartOf":{"@id":"https:\/\/www.suno.com.br\/noticias\/copom-selic-decisao-juros-dezembro-2022\/"},"author":{"name":"Marco Ant\u00f4nio Lopes","@id":"https:\/\/www.suno.com.br\/noticias\/#\/schema\/person\/829bbe8d57f84333b966b96229c6bf5f"},"headline":"Copom mant\u00e9m taxa Selic em 13,75% ao ano pela 3\u00ba vez consecutiva; entenda os motivos","datePublished":"2022-12-07T21:32:13+00:00","dateModified":"2022-12-07T23:04:25+00:00","mainEntityOfPage":{"@id":"https:\/\/www.suno.com.br\/noticias\/copom-selic-decisao-juros-dezembro-2022\/"},"wordCount":3266,"publisher":{"@id":"https:\/\/www.suno.com.br\/noticias\/#organization"},"image":{"@id":"https:\/\/www.suno.com.br\/noticias\/copom-selic-decisao-juros-dezembro-2022\/#primaryimage"},"thumbnailUrl":"https:\/\/files.sunoresearch.com.br\/n\/uploads\/2022\/12\/Banco-Central.jpg","keywords":["Banco Central (BC)","Copom","Especialistas","taxa de juros","Taxa Selic"],"articleSection":["Economia"],"inLanguage":"pt-BR"},{"@type":"WebPage","@id":"https:\/\/www.suno.com.br\/noticias\/copom-selic-decisao-juros-dezembro-2022\/","url":"https:\/\/www.suno.com.br\/noticias\/copom-selic-decisao-juros-dezembro-2022\/","name":"Copom mant\u00e9m taxa Selic a 13,75% ao ano; entenda os motivos","isPartOf":{"@id":"https:\/\/www.suno.com.br\/noticias\/#website"},"primaryImageOfPage":{"@id":"https:\/\/www.suno.com.br\/noticias\/copom-selic-decisao-juros-dezembro-2022\/#primaryimage"},"image":{"@id":"https:\/\/www.suno.com.br\/noticias\/copom-selic-decisao-juros-dezembro-2022\/#primaryimage"},"thumbnailUrl":"https:\/\/files.sunoresearch.com.br\/n\/uploads\/2022\/12\/Banco-Central.jpg","datePublished":"2022-12-07T21:32:13+00:00","dateModified":"2022-12-07T23:04:25+00:00","description":"O\u00a0Comit\u00ea de Pol\u00edtica Monet\u00e1ria (Copom), do Banco Central, anunciou nesta quarta (7) que vai manter a taxa Selic em 13,75%.","breadcrumb":{"@id":"https:\/\/www.suno.com.br\/noticias\/copom-selic-decisao-juros-dezembro-2022\/#breadcrumb"},"inLanguage":"pt-BR","potentialAction":[{"@type":"ReadAction","target":["https:\/\/www.suno.com.br\/noticias\/copom-selic-decisao-juros-dezembro-2022\/"]}]},{"@type":"ImageObject","inLanguage":"pt-BR","@id":"https:\/\/www.suno.com.br\/noticias\/copom-selic-decisao-juros-dezembro-2022\/#primaryimage","url":"https:\/\/files.sunoresearch.com.br\/n\/uploads\/2022\/12\/Banco-Central.jpg","contentUrl":"https:\/\/files.sunoresearch.com.br\/n\/uploads\/2022\/12\/Banco-Central.jpg","width":1350,"height":808,"caption":"Copom: pr\u00e9dio do Banco Central. Foto Antonio Cruz\/Ag\u00eancia Brasil"},{"@type":"BreadcrumbList","@id":"https:\/\/www.suno.com.br\/noticias\/copom-selic-decisao-juros-dezembro-2022\/#breadcrumb","itemListElement":[{"@type":"ListItem","position":1,"name":"Not\u00edcias","item":"https:\/\/www.suno.com.br\/noticias\/"},{"@type":"ListItem","position":2,"name":"Economia","item":"https:\/\/www.suno.com.br\/noticias\/economia\/"},{"@type":"ListItem","position":3,"name":"Copom mant\u00e9m taxa Selic em 13,75% ao ano pela 3\u00ba vez consecutiva; entenda os motivos"}]},{"@type":"WebSite","@id":"https:\/\/www.suno.com.br\/noticias\/#website","url":"https:\/\/www.suno.com.br\/noticias\/","name":"Suno Not\u00edcias","description":"Seu portal de informa\u00e7\u00e3o sobre o mundo dos investimentos","publisher":{"@id":"https:\/\/www.suno.com.br\/noticias\/#organization"},"potentialAction":[{"@type":"SearchAction","target":{"@type":"EntryPoint","urlTemplate":"https:\/\/www.suno.com.br\/noticias\/?s={search_term_string}"},"query-input":{"@type":"PropertyValueSpecification","valueRequired":true,"valueName":"search_term_string"}}],"inLanguage":"pt-BR"},{"@type":"Organization","@id":"https:\/\/www.suno.com.br\/noticias\/#organization","name":"Suno Not\u00edcias","url":"https:\/\/www.suno.com.br\/noticias\/","logo":{"@type":"ImageObject","inLanguage":"pt-BR","@id":"https:\/\/www.suno.com.br\/noticias\/#\/schema\/logo\/image\/","url":"https:\/\/files.sunoresearch.com.br\/n\/uploads\/2021\/09\/suno-logo.png","contentUrl":"https:\/\/files.sunoresearch.com.br\/n\/uploads\/2021\/09\/suno-logo.png","width":180,"height":180,"caption":"Suno Not\u00edcias"},"image":{"@id":"https:\/\/www.suno.com.br\/noticias\/#\/schema\/logo\/image\/"},"sameAs":["https:\/\/facebook.com\/sunoresearch","https:\/\/x.com\/sunoresearch","https:\/\/www.instagram.com\/suno","https:\/\/www.linkedin.com\/company\/suno-research\/","https:\/\/www.youtube.com\/c\/sunoresearch"]},{"@type":"Person","@id":"https:\/\/www.suno.com.br\/noticias\/#\/schema\/person\/829bbe8d57f84333b966b96229c6bf5f","name":"Marco Ant\u00f4nio Lopes","image":{"@type":"ImageObject","inLanguage":"pt-BR","@id":"https:\/\/www.suno.com.br\/noticias\/#\/schema\/person\/image\/","url":"https:\/\/secure.gravatar.com\/avatar\/385167b012fbc1cde32c5446ee253313?s=96&r=g","contentUrl":"https:\/\/secure.gravatar.com\/avatar\/385167b012fbc1cde32c5446ee253313?s=96&r=g","caption":"Marco Ant\u00f4nio Lopes"},"description":"Jornalista, \u00e9 editor no Suno Not\u00edcias. Trabalhou nas revistas Playboy, Super, Veja Comer &amp; Beber, Homem Vogue e Universo Masculino, al\u00e9m dos portais Abril.com, R7, nas editorias de Home, Esportes, Hora 7, Entretenimento e Geral, e Eu Quero Investir. Autor do livro Bruce Lee: Definitivo (Editora Conrad). Colaborou nas revistas Nova, Veja SP, Grandes Guerras, Placar, Bizz, Casa Claudia e Quatro Rodas.","url":"https:\/\/www.suno.com.br\/noticias\/author\/marco-lopes\/"}]}},"default_loop_html":"<div class=\"cardsPage__listCard__boxs\"><div class=\"cardsPage__listCard__boxs__img\"><a href=\"https:\/\/www.suno.com.br\/noticias\/copom-selic-decisao-juros-dezembro-2022\/\"><img class=\"mask\" src=\"https:\/\/www.suno.com.br\/noticias\/wp-content\/themes\/suno\/resources\/images\/spotlight\/spotlight1img\/bg-mask.png\" alt=\"Image Mask\"\/><img src=\"https:\/\/files.sunoresearch.com.br\/n\/uploads\/2022\/12\/Banco-Central-400x200.jpg\" alt=\"Copom mant\u00e9m taxa Selic em 13,75% ao ano pela 3\u00ba vez consecutiva; entenda os motivos\"\/><\/a><span class=\"spotlightCategory\"><a href=\"https:\/\/www.suno.com.br\/noticias\/economia\/\">Economia<\/a><\/span><\/div><div class=\"cardsPage__listCard__boxs__content\"><a href=\"https:\/\/www.suno.com.br\/noticias\/copom-selic-decisao-juros-dezembro-2022\/\"><h2 class=\"content__title\">Copom mant\u00e9m taxa Selic em 13,75% ao ano pela 3\u00ba vez consecutiva; entenda os motivos<\/h2><\/a><div class=\"newsContent__article__meta\"><div class=\"newsContent__article__meta__authorBox\"><a href=\"https:\/\/www.suno.com.br\/noticias\/author\/marco-lopes\/\" class=\"authorBox__avatar noMobi\"><img src=\"https:\/\/secure.gravatar.com\/avatar\/385167b012fbc1cde32c5446ee253313?s=96&#038;r=g\" alt=\"Marco Ant\u00f4nio Lopes\"><\/a><div class=\"authorBox__name\"><span>por\n\t\t\t<a href=\"https:\/\/www.suno.com.br\/noticias\/author\/marco-lopes\/\"><span itemprop=\"author\">Marco Ant\u00f4nio Lopes<\/span><\/a><\/span><time datetime=\"2022-12-07T18:32:13-03:00\" itemprop=\"datePublished\">07\/12\/2022 18:32<\/time><\/div><\/div><\/div><\/div><\/div>","single_layout":"posts","amp_enabled":true,"_links":{"self":[{"href":"https:\/\/www.suno.com.br\/noticias\/wp-json\/wp\/v2\/posts\/330658"}],"collection":[{"href":"https:\/\/www.suno.com.br\/noticias\/wp-json\/wp\/v2\/posts"}],"about":[{"href":"https:\/\/www.suno.com.br\/noticias\/wp-json\/wp\/v2\/types\/post"}],"author":[{"embeddable":true,"href":"https:\/\/www.suno.com.br\/noticias\/wp-json\/wp\/v2\/users\/98"}],"replies":[{"embeddable":true,"href":"https:\/\/www.suno.com.br\/noticias\/wp-json\/wp\/v2\/comments?post=330658"}],"version-history":[{"count":3,"href":"https:\/\/www.suno.com.br\/noticias\/wp-json\/wp\/v2\/posts\/330658\/revisions"}],"predecessor-version":[{"id":331121,"href":"https:\/\/www.suno.com.br\/noticias\/wp-json\/wp\/v2\/posts\/330658\/revisions\/331121"}],"wp:featuredmedia":[{"embeddable":true,"href":"https:\/\/www.suno.com.br\/noticias\/wp-json\/wp\/v2\/media\/330794"}],"wp:attachment":[{"href":"https:\/\/www.suno.com.br\/noticias\/wp-json\/wp\/v2\/media?parent=330658"}],"wp:term":[{"taxonomy":"category","embeddable":true,"href":"https:\/\/www.suno.com.br\/noticias\/wp-json\/wp\/v2\/categories?post=330658"},{"taxonomy":"post_tag","embeddable":true,"href":"https:\/\/www.suno.com.br\/noticias\/wp-json\/wp\/v2\/tags?post=330658"},{"taxonomy":"suno_strategy","embeddable":true,"href":"https:\/\/www.suno.com.br\/noticias\/wp-json\/wp\/v2\/suno_strategy?post=330658"}],"curies":[{"name":"wp","href":"https:\/\/api.w.org\/{rel}","templated":true}]}}