{"id":330453,"date":"2022-12-07T10:26:23","date_gmt":"2022-12-07T13:26:23","guid":{"rendered":"https:\/\/www.suno.com.br\/noticias\/?p=330453"},"modified":"2022-12-07T10:45:32","modified_gmt":"2022-12-07T13:45:32","slug":"ibovespa-hoje-07122022-vale-vale3","status":"publish","type":"post","link":"https:\/\/www.suno.com.br\/noticias\/ibovespa-hoje-07122022-vale-vale3\/","title":{"rendered":"Ibovespa recua aos 109 mil pontos; Vale (VALE3) lidera baixas com queda do min\u00e9rio"},"content":{"rendered":"<p>O <strong><a href=\"https:\/\/www.suno.com.br\/artigos\/Ibovespa\" target=\"_blank\" rel=\"noreferrer noopener\">Ibovespa <\/a><\/strong>opera em queda de 0,58% aos 109.555 ponto na abertura de mercado desta quarta-feira (7). O dia \u00e9 de perdas para mineradoras e sider\u00fargicas com retra\u00e7\u00e3o do min\u00e9rio de ferro na China, enquanto constru\u00e7\u00e3o civil, varejo e frigor\u00edficos marcam presen\u00e7a na ponta positiva do \u00edndice.<\/p><div class=\"videoFull \">\n\t\t\t<div class=\"videoWrapper yt-lazyload center\"\n\t\t\t\tdata-width=\"960\"\n\t\t\t\tdata-height=\"540\"\n\t\t\t\tdata-id=\"HuJ4pG1lZzM\"\n\t\t\t\tdata-alt=\"V\u00eddeo do YouTube - clique para reproduzir\"\n\t\t\t\tdata-logo=\"3\"\n\t\t\t\tdata-imagequality=\"maxres\">\n\t\t\t<\/div>\n\t\t<\/div><script type=\"application\/ld+json\">{\"@context\":\"https:\/\/schema.org\",\"@type\":\"VideoObject\",\"name\":\"DECIS\u00c3O DO COPOM | PEC da Transi\u00e7\u00e3o \u00e9 votada no Senado | GTIS Partners: aprendizados e expectativas\",\"description\":\"#morningcall #Not\u00edcias #copom #taxaselic #selic #taxadejuros #bancocentral #pecdatransi\u00e7\u00e3o #lula #pol\u00edtica #investimentos #bolsadevalores #fiis #petr4 #petrobras \ud835\udc08\ud835\udc0d\ud835\udc12\ud835\udc02\ud835\udc11\ud835\udc04\ud835\udc15\ud835\udc00-\ud835\udc12\ud835\udc04 \ud835\udc0d\ud835\udc0e \ud835\udc02\ud835\udc00\ud835\udc0d\ud835\udc00\ud835\udc0b \ud835\udc04 \ud835\udc00\ud835\udc13\ud835\udc08\ud835\udc15\ud835\udc04 \ud835\udc0e \ud835\udc12\ud835\udc08\ud835\udc0d\ud835\udc0e \ud83d\udc47 https:\/\/bit.ly\/INSCREVA-SEATIVEOSINO \ud83d\udcda \ud83d\udcb8 \ud83d\udcca \ud835\udde3\ud835\udddf\ud835\uddd4\ud835\udde1\ud835\udddc\ud835\udddf\ud835\udddb\ud835\uddd4 \ud835\uddd7\ud835\uddd8 \ud835\uddd6\ud835\udde2\ud835\udde1\ud835\udde7\ud835\udde5\ud835\udde2\ud835\udddf\ud835\uddd8 \ud835\uddd9\ud835\udddc\ud835\udde1\ud835\uddd4\ud835\udde1\ud835\uddd6\ud835\uddd8\ud835\udddc\ud835\udde5\ud835\udde2: \ud835\uddd5\ud835\uddee\ud835\uddf6\ud835\ude05\ud835\uddf2 \ud835\uddee \ud835\uddfd\ud835\uddf9\ud835\uddee\ud835\uddfb\ud835\uddf6\ud835\uddf9\ud835\uddf5\ud835\uddee AGORA antes que acabe! \ud83d\udc49 https:\/\/lp.suno.com.br\/planilha-da-vida-financeira\/?utm_source=youtube.noticias&utm_medium=live&utm_campaign=planilhadavidafinanceira.20221128&utm_content=ytnoticias.morning.02122022 \ud83d\udcda \ud835\udc04-\ud835\udc1b\ud835\udc28\ud835\udc28\ud835\udc24 \"\ud835\udc02\ud835\udc28\ud835\udc26\ud835\udc28 \ud835\udc22\ud835\udc27\ud835\udc2f\ud835\udc1e\ud835\udc2c\ud835\udc2d\ud835\udc22\ud835\udc2b \ud835\udc1e\ud835\udc26 \ud835\udc03\ud835\udc22\ud835\udc2f\ud835\udc22\ud835\udc1d\ud835\udc1e\ud835\udc27\ud835\udc1d\ud835\udc28\ud835\udc2c?\"\ud83d\udc47 - \ud835\udc1b\ud835\udc1a\ud835\udc22\ud835\udc31\ud835\udc1e \ud835\udc20\ud835\udc2b\ud835\udc1a\ud835\udc2d\ud835\udc2e\ud835\udc22\ud835\udc2d\ud835\udc1a\ud835\udc26\ud835\udc1e\ud835\udc27\ud835\udc2d\ud835\udc1e \ud835\udc1e \ud835\udc1a\ud835\udc29\ud835\udc2b\ud835\udc1e\ud835\udc27\ud835\udc1d\ud835\udc1a: https:\/\/bit.ly\/ebookGRATUITOdoSunoNoticiasComoinvestiremDividendos \ud83d\udc47 \ud835\udc12\ud835\udc22\ud835\udc20\ud835\udc1a \ud835\udc27\ud835\udc28\ud835\udc2c\ud835\udc2c\ud835\udc1a\ud835\udc2c\u2026\",\"duration\":\"PT41M34S\",\"embedUrl\":\"https:\/\/www.youtube.com\/embed\/HuJ4pG1lZzM\",\"regionsAllowed\":\"pt-BR\",\"interactionStatistic\":{\"@type\":\"InteractionCounter\",\"interactionType\":{\"@type\":\"WatchAction\"},\"userInteractionCount\":1878},\"thumbnailUrl\":\"https:\/\/i.ytimg.com\/vi\/HuJ4pG1lZzM\/default.jpg\",\"uploadDate\":\"2022-12-07T12:47:45Z\"}<\/script>\n\n\n\n\n\n<p>No <strong>Ibovespa hoje<\/strong>, a maior alta \u00e9 da <a href=\"https:\/\/www.suno.com.br\/acoes\/EZTC3\/\" target=\"_blank\" rel=\"noreferrer noopener\">Eztec (EZTC3)<\/a>, que sobe 3,7%, ao passo que a <a href=\"https:\/\/www.suno.com.br\/acoes\/vale3\/\" target=\"_blank\" rel=\"noreferrer noopener\"><strong>Vale <\/strong>(VALE3)<\/a> \u00e9 a maior queda, com 3,2%.<\/p>\n\n\n\n<p>O \u00edndice segue com a PEC da transi\u00e7\u00e3o no radar, sendo que a proposta foi aprovada pela Comiss\u00e3o de Constitui\u00e7\u00e3o e Justi\u00e7a (CCJ) do Senado na v\u00e9spera. <\/p>\n\n\n\n<p>O texto contou com mudan\u00e7as na aprecia\u00e7\u00e3o, com corte de R$ 175 milh\u00f5es para R$ 145 milh\u00f5es no valor previsto para ficar fora do teto de gastos e ser gasto com o Bolsa Fam\u00edlia.<\/p>\n\n\n\n<p>Al\u00e9m disso, o prazo de vig\u00eancia foi alterado para dois anos &#8211; ante quatro da aprecia\u00e7\u00e3o inicial &#8211; e o prazo para o governo eleito encaminhar ao Congresso uma proposta de novo regime fiscal foi reduzido de um ano para oito meses.<\/p>\n\n\n\n<p>Nas bolsas mundiais, opera\u00e7\u00f5es majoritariamente no vermelho, com queda de 0,6% no S&amp;P e 0,35% no Dow Jones durante as negocia\u00e7\u00f5es pr\u00e9 mercado dos Estados Unidos.<\/p>\n\n\n\n<p>J\u00e1 na Europa, quedas de 0,4% na Bolsa de Frankfurt (DAX) e 0,34% na Bolsa de Paris (CAC). Nesse cen\u00e1rio, o \u00edndice pan-europeu Stoxx 600 cai 0,65%.<\/p>\n\n\n\n<p><a href=\"https:\/\/www.suno.com.br\/artigos\/cambio\/\" target=\"_blank\" rel=\"noreferrer noopener\">O mercado de c\u00e2mbio<\/a> mostra <a href=\"https:\/\/www.suno.com.br\/artigos\/alta-do-dolar\/\" target=\"_blank\" rel=\"noreferrer noopener\">um <strong>d\u00f3lar <\/strong>em queda <\/a>de 0,24%, cotado a R$ 5,260.<\/p>\n\n\n\n<p>No radar de indicadores, a China mostra uma balan\u00e7a comercial com dados piores do que o esperado.<\/p>\n\n\n\n<p>O Produto Interno Bruto (PIB) da Zona do Euro, por sua vez, subiu 0,3% no \u00faltimo trimestre, logo acima dos 0,2% esperados pelo mercado.<\/p>\n\n\n\n<p>A Produtividade do Setor N\u00e3o Agr\u00edcola dos EUA subiu 0,8%, tamb\u00e9m acima do esperado pelo consenso de mercado.<\/p>\n\n\n\n<p>Mais tarde, os EUA divulgam os dados dos Estoques de Petr\u00f3leo Brut.<\/p>\n\n\n\n<p>Al\u00e9m disso, ao fim da tarde desta quarta (7) o Comit\u00ea de Pol\u00edtica Monet\u00e1ria (Copom) divulga sua decis\u00e3o de taxa de juros.<\/p>\n\n\n\n<p>A expectativa \u00e9 de que o Banco Central (BC) mantenha a Selic em 13,75%. <a href=\"https:\/\/www.suno.com.br\/noticias\/copom-manter-selic-incertezas-fiscais-2023\/\" target=\"_blank\" rel=\"noreferrer noopener\">Voc\u00ea pode conferir proje\u00e7\u00f5es e an\u00e1lises sobre o tema aqui<\/a>.<\/p>\n\n\n\n<h2 class=\"wp-block-heading\">Not\u00edcias que movimentam a Bolsa de Valores hoje<\/h2>\n\n\n\n<ul class=\"wp-block-list\"><li>Min\u00e9rio cai em Dalian<\/li><li>Vale atualiza proje\u00e7\u00f5es para produ\u00e7\u00e3o<\/li><li>Proventos da Ambev<\/li><\/ul>\n\n\n\n<h2 class=\"wp-block-heading\">Min\u00e9rio de ferro recua<\/h2>\n\n\n\n<p>O <strong>min\u00e9rio de ferro<\/strong> recuou a US$ 109 na Dalian Commodity Exchange da China, caindo 1,9% no intradia.<\/p>\n\n\n\n<p>Ap\u00f3s uma recupera\u00e7\u00e3o relevante nos pre\u00e7os nos \u00faltimos dias &#8211; com o afrouxamento da pol\u00edtica sanit\u00e1ria na China &#8211; os dados econ\u00f4micos desta semana desanimaram os investidores.<\/p>\n\n\n\n<p>Na balan\u00e7a comercial, as exporta\u00e7\u00f5es ca\u00edram no ritmo mais acelerado dos \u00faltimos dois anos.<\/p>\n\n\n\n<h2 class=\"wp-block-heading\">Novas estimativas da Vale<\/h2>\n\n\n\n<p>A Vale informou suas estimativas de produ\u00e7\u00e3o de min\u00e9rio de ferro, cobre e n\u00edquel. A proje\u00e7\u00e3o \u00e9 de que a produ\u00e7\u00e3o de min\u00e9rio de ferro fique em cerca de 310 milh\u00f5es de toneladas (Mt) em 2022.<\/p>\n\n\n\n<p>Enquanto isso, a produ\u00e7\u00e3o de cobre estimada \u00e9 de 260 mil toneladas (kt) neste ano. J\u00e1 a <strong>produ\u00e7\u00e3o de n\u00edquel da Vale<\/strong> pode terminar em 2022 em aproximadamente 180 kt.<\/p>\n\n\n\n<p>Para o ano de 2023, as estimativas para a <strong>produ\u00e7\u00e3o de min\u00e9rio de ferro da Vale<\/strong> est\u00e3o entre 310 milh\u00f5es e 320 milh\u00f5es de toneladas. Entre 2024 e 2026, deve ficar entre 340 milh\u00f5es e 360 milh\u00f5es de toneladas.<\/p>\n\n\n\n<p>A estimativa de <strong>produ\u00e7\u00e3o de cobre da Vale<\/strong> \u00e9 entre 390 mil e 420 mil toneladas entre 2024 e 2026, enquanto a produ\u00e7\u00e3o de n\u00edquel deve ficar no intervalo entre 230 mil e 245 mil toneladas entre 2024 e 2026.<\/p>\n\n\n\n<h2 class=\"wp-block-heading\">Ambev pagar\u00e1 JCP de R$ 0,64 por a\u00e7\u00e3o<\/h2>\n\n\n\n<p>A <a class=\"suno-keyword\" data-force=\"yes\" data-priority=\"2\" href=\"https:\/\/www.suno.com.br\/acoes\/ABEV3\/\" target=\"_blank\" rel=\"noopener\"><strong>Ambev <\/strong>(ABEV3)<\/a> pagar\u00e1 Juros Sob <a class=\"suno-keyword\" data-force=\"no\" data-priority=\"1\" href=\"https:\/\/www.suno.com.br\/artigos\/capital-proprio\/\" target=\"_blank\" rel=\"noopener\">Capital Pr\u00f3prio<\/a> (JCP) aos seus acionistas, conforme comunicado pela companhia nesta quarta-feira (7) <a href=\"https:\/\/www.rad.cvm.gov.br\/ENET\/frmExibirArquivoIPEExterno.aspx?NumeroProtocoloEntrega=1038811\" target=\"_blank\" rel=\"noreferrer noopener\">via aviso arquivado na Comiss\u00e3o de Valores Mobili\u00e1rios (CVM)<\/a>.<\/p>\n\n\n\n<p>O valor dos proventos por a\u00e7\u00e3o <strong><a href=\"https:\/\/statusinvest.com.br\/acoes\/abev3\" target=\"_blank\" rel=\"noreferrer noopener\">ABEV3<\/a><\/strong> ser\u00e1 de R$ 0,7623 que ser\u00e3o pagos em 29 de dezembro. Apenas os investidores com <strong>a\u00e7\u00f5es da Ambev<\/strong> no dia 19 de dezembro ter\u00e3o direito de receber os rendimentos. <\/p>\n\n\n\n<p>O valor dos JCP ter\u00e1 reten\u00e7\u00e3o do imposto de renda na fonte, com al\u00edquota de 15%, resultando em aproximadamente R$ 0,6480 l\u00edquidos recebidos por a\u00e7\u00e3o da Ambev.<\/p>\n\n\n\n<h2 class=\"wp-block-heading\" id=\"h-maiores-altas-do-ibovespa\">Maiores altas do Ibovespa<\/h2>\n\n\n\n<ul class=\"wp-block-list\"><li>EZTC: +3,7%<\/li><li>BRFS3: +3,5%<\/li><li>CVCB3: +2,5%<\/li><li>MRVE3: +1,7%<\/li><li>CPFE3: +1,7%<\/li><\/ul>\n\n\n\n<h2 class=\"wp-block-heading\" id=\"h-maiores-baixas-do-ibovespa\">Maiores baixas do Ibovespa<\/h2>\n\n\n\n<ul class=\"wp-block-list\"><li>VALE3: -3,2%<\/li><li>BRAP4: -2,8%<\/li><li>GGBR4: -2,6%<\/li><li>GOAU4: -2,5%<\/li><li>PRIO3: -2,5%<\/li><\/ul>\n\n\n\n<h2 class=\"wp-block-heading\" id=\"h-ultima-cotacao-do-ibovespa\">\u00daltima cota\u00e7\u00e3o do Ibovespa<\/h2>\n\n\n\n<p>O <strong>Ibovespa<\/strong> encerrou o preg\u00e3o da ter\u00e7a-feira (6) em alta de 0,72%, a 110.189 pontos.<\/p>\n","protected":false},"excerpt":{"rendered":"<p>O Ibovespa opera em queda de 0,58% aos 109.555 ponto na abertura de mercado desta quarta-feira (7). O dia \u00e9 de perdas para mineradoras e sider\u00fargicas com retra\u00e7\u00e3o do min\u00e9rio de ferro na China, enquanto constru\u00e7\u00e3o civil, varejo e frigor\u00edficos marcam presen\u00e7a na ponta positiva do \u00edndice. No Ibovespa hoje, a maior alta \u00e9 da [&hellip;]<\/p>\n","protected":false},"author":73,"featured_media":271484,"comment_status":"closed","ping_status":"closed","sticky":false,"template":"","format":"standard","meta":[],"categories":[60],"tags":[286,721,106948,676],"suno_strategy":[],"class_list":["post-330453","post","type-post","status-publish","format-standard","has-post-thumbnail","hentry","category-mercado","tag-acoes","tag-ibovespa","tag-ibovespa-abertura","tag-vale-vale3"],"yoast_head":"<!-- This site is optimized with the Yoast SEO plugin v24.4 - https:\/\/yoast.com\/wordpress\/plugins\/seo\/ -->\n<title>Ibovespa recua aos 109 mil pontos; Vale (VALE3) lidera baixas<\/title>\n<meta name=\"description\" content=\"Clique aqui e acompanhe as principais not\u00edcias da bolsa de valores e do mercado financeiro que influenciam o Ibovespa hoje!\" \/>\n<meta name=\"robots\" content=\"index, follow, max-snippet:-1, max-image-preview:large, max-video-preview:-1\" \/>\n<link rel=\"canonical\" href=\"https:\/\/www.suno.com.br\/noticias\/ibovespa-hoje-07122022-vale-vale3\/\" \/>\n<meta property=\"og:locale\" content=\"pt_BR\" \/>\n<meta property=\"og:type\" content=\"article\" \/>\n<meta property=\"og:title\" content=\"Ibovespa recua aos 109 mil pontos; Vale (VALE3) lidera baixas\" \/>\n<meta property=\"og:description\" content=\"Clique aqui e acompanhe as principais not\u00edcias da bolsa de valores e do mercado financeiro que influenciam o Ibovespa hoje!\" \/>\n<meta property=\"og:url\" content=\"https:\/\/www.suno.com.br\/noticias\/ibovespa-hoje-07122022-vale-vale3\/\" \/>\n<meta property=\"og:site_name\" content=\"Suno Not\u00edcias\" \/>\n<meta property=\"article:publisher\" content=\"https:\/\/facebook.com\/sunoresearch\" \/>\n<meta property=\"og:image\" content=\"https:\/\/files.sunoresearch.com.br\/n\/uploads\/2022\/06\/ibovespa-2-1.jpg\" \/>\n\t<meta property=\"og:image:width\" content=\"1920\" \/>\n\t<meta property=\"og:image:height\" content=\"1280\" \/>\n\t<meta property=\"og:image:type\" content=\"image\/jpeg\" \/>\n<meta name=\"author\" content=\"Eduardo Vargas\" \/>\n<meta name=\"twitter:card\" content=\"summary_large_image\" \/>\n<meta name=\"twitter:creator\" content=\"@sunoresearch\" \/>\n<meta name=\"twitter:site\" content=\"@sunoresearch\" \/>\n<meta name=\"twitter:label1\" content=\"Escrito por\" \/>\n\t<meta name=\"twitter:data1\" content=\"Eduardo Vargas\" \/>\n\t<meta name=\"twitter:label2\" content=\"Est. tempo de leitura\" \/>\n\t<meta name=\"twitter:data2\" content=\"5 minutos\" \/>\n<script type=\"application\/ld+json\" class=\"yoast-schema-graph\">{\"@context\":\"https:\/\/schema.org\",\"@graph\":[{\"@type\":\"NewsArticle\",\"@id\":\"https:\/\/www.suno.com.br\/noticias\/ibovespa-hoje-07122022-vale-vale3\/#article\",\"isPartOf\":{\"@id\":\"https:\/\/www.suno.com.br\/noticias\/ibovespa-hoje-07122022-vale-vale3\/\"},\"author\":{\"name\":\"Eduardo Vargas\",\"@id\":\"https:\/\/www.suno.com.br\/noticias\/#\/schema\/person\/7f4d362bf3518e76090143ae77bb49a5\"},\"headline\":\"Ibovespa recua aos 109 mil pontos; Vale (VALE3) lidera baixas com queda do min\u00e9rio\",\"datePublished\":\"2022-12-07T13:26:23+00:00\",\"dateModified\":\"2022-12-07T13:45:32+00:00\",\"mainEntityOfPage\":{\"@id\":\"https:\/\/www.suno.com.br\/noticias\/ibovespa-hoje-07122022-vale-vale3\/\"},\"wordCount\":775,\"publisher\":{\"@id\":\"https:\/\/www.suno.com.br\/noticias\/#organization\"},\"image\":{\"@id\":\"https:\/\/www.suno.com.br\/noticias\/ibovespa-hoje-07122022-vale-vale3\/#primaryimage\"},\"thumbnailUrl\":\"https:\/\/files.sunoresearch.com.br\/n\/uploads\/2022\/06\/ibovespa-2-1.jpg\",\"keywords\":[\"A\u00e7\u00f5es\",\"Ibovespa\",\"Ibovespa abertura\",\"Vale (VALE3)\"],\"articleSection\":[\"Mercado\"],\"inLanguage\":\"pt-BR\"},{\"@type\":\"WebPage\",\"@id\":\"https:\/\/www.suno.com.br\/noticias\/ibovespa-hoje-07122022-vale-vale3\/\",\"url\":\"https:\/\/www.suno.com.br\/noticias\/ibovespa-hoje-07122022-vale-vale3\/\",\"name\":\"Ibovespa recua aos 109 mil pontos; Vale (VALE3) lidera baixas\",\"isPartOf\":{\"@id\":\"https:\/\/www.suno.com.br\/noticias\/#website\"},\"primaryImageOfPage\":{\"@id\":\"https:\/\/www.suno.com.br\/noticias\/ibovespa-hoje-07122022-vale-vale3\/#primaryimage\"},\"image\":{\"@id\":\"https:\/\/www.suno.com.br\/noticias\/ibovespa-hoje-07122022-vale-vale3\/#primaryimage\"},\"thumbnailUrl\":\"https:\/\/files.sunoresearch.com.br\/n\/uploads\/2022\/06\/ibovespa-2-1.jpg\",\"datePublished\":\"2022-12-07T13:26:23+00:00\",\"dateModified\":\"2022-12-07T13:45:32+00:00\",\"description\":\"Clique aqui e acompanhe as principais not\u00edcias da bolsa de valores e do mercado financeiro que influenciam o Ibovespa hoje!\",\"breadcrumb\":{\"@id\":\"https:\/\/www.suno.com.br\/noticias\/ibovespa-hoje-07122022-vale-vale3\/#breadcrumb\"},\"inLanguage\":\"pt-BR\",\"potentialAction\":[{\"@type\":\"ReadAction\",\"target\":[\"https:\/\/www.suno.com.br\/noticias\/ibovespa-hoje-07122022-vale-vale3\/\"]}]},{\"@type\":\"ImageObject\",\"inLanguage\":\"pt-BR\",\"@id\":\"https:\/\/www.suno.com.br\/noticias\/ibovespa-hoje-07122022-vale-vale3\/#primaryimage\",\"url\":\"https:\/\/files.sunoresearch.com.br\/n\/uploads\/2022\/06\/ibovespa-2-1.jpg\",\"contentUrl\":\"https:\/\/files.sunoresearch.com.br\/n\/uploads\/2022\/06\/ibovespa-2-1.jpg\",\"width\":1920,\"height\":1280,\"caption\":\"Ibovespa hoje. Foto: Pixabay\"},{\"@type\":\"BreadcrumbList\",\"@id\":\"https:\/\/www.suno.com.br\/noticias\/ibovespa-hoje-07122022-vale-vale3\/#breadcrumb\",\"itemListElement\":[{\"@type\":\"ListItem\",\"position\":1,\"name\":\"Not\u00edcias\",\"item\":\"https:\/\/www.suno.com.br\/noticias\/\"},{\"@type\":\"ListItem\",\"position\":2,\"name\":\"Mercado\",\"item\":\"https:\/\/www.suno.com.br\/noticias\/mercado\/\"},{\"@type\":\"ListItem\",\"position\":3,\"name\":\"Ibovespa recua aos 109 mil pontos; Vale (VALE3) lidera baixas com queda do min\u00e9rio\"}]},{\"@type\":\"WebSite\",\"@id\":\"https:\/\/www.suno.com.br\/noticias\/#website\",\"url\":\"https:\/\/www.suno.com.br\/noticias\/\",\"name\":\"Suno Not\u00edcias\",\"description\":\"Seu portal de informa\u00e7\u00e3o sobre o mundo dos investimentos\",\"publisher\":{\"@id\":\"https:\/\/www.suno.com.br\/noticias\/#organization\"},\"potentialAction\":[{\"@type\":\"SearchAction\",\"target\":{\"@type\":\"EntryPoint\",\"urlTemplate\":\"https:\/\/www.suno.com.br\/noticias\/?s={search_term_string}\"},\"query-input\":{\"@type\":\"PropertyValueSpecification\",\"valueRequired\":true,\"valueName\":\"search_term_string\"}}],\"inLanguage\":\"pt-BR\"},{\"@type\":\"Organization\",\"@id\":\"https:\/\/www.suno.com.br\/noticias\/#organization\",\"name\":\"Suno Not\u00edcias\",\"url\":\"https:\/\/www.suno.com.br\/noticias\/\",\"logo\":{\"@type\":\"ImageObject\",\"inLanguage\":\"pt-BR\",\"@id\":\"https:\/\/www.suno.com.br\/noticias\/#\/schema\/logo\/image\/\",\"url\":\"https:\/\/files.sunoresearch.com.br\/n\/uploads\/2021\/09\/suno-logo.png\",\"contentUrl\":\"https:\/\/files.sunoresearch.com.br\/n\/uploads\/2021\/09\/suno-logo.png\",\"width\":180,\"height\":180,\"caption\":\"Suno Not\u00edcias\"},\"image\":{\"@id\":\"https:\/\/www.suno.com.br\/noticias\/#\/schema\/logo\/image\/\"},\"sameAs\":[\"https:\/\/facebook.com\/sunoresearch\",\"https:\/\/x.com\/sunoresearch\",\"https:\/\/www.instagram.com\/suno\",\"https:\/\/www.linkedin.com\/company\/suno-research\/\",\"https:\/\/www.youtube.com\/c\/sunoresearch\"]},{\"@type\":\"Person\",\"@id\":\"https:\/\/www.suno.com.br\/noticias\/#\/schema\/person\/7f4d362bf3518e76090143ae77bb49a5\",\"name\":\"Eduardo Vargas\",\"image\":{\"@type\":\"ImageObject\",\"inLanguage\":\"pt-BR\",\"@id\":\"https:\/\/www.suno.com.br\/noticias\/#\/schema\/person\/image\/\",\"url\":\"https:\/\/secure.gravatar.com\/avatar\/dac340933427a22924c9f99d1eb2e3f2?s=96&r=g\",\"contentUrl\":\"https:\/\/secure.gravatar.com\/avatar\/dac340933427a22924c9f99d1eb2e3f2?s=96&r=g\",\"caption\":\"Eduardo Vargas\"},\"description\":\"Jornalista formado pela UFSC, cobre macroeconomia, neg\u00f3cios e startups para o Suno Not\u00edcias, escrevendo principalmente not\u00edcias sobre o mercado financeiro e a bolsa de valores. No YouTube e no Instagram, \u00e9 respons\u00e1vel pela produ\u00e7\u00e3o de Reels e Shorts do Suno Not\u00edcias. Anteriormente, trabalhou cobrindo economia e cotidiano no ND+ e para o ND, maior jornal impresso de Santa Catarina. Cursou um semestre letivo de Estudos de M\u00eddia na Universidad de Buenos Aires.\",\"url\":\"https:\/\/www.suno.com.br\/noticias\/author\/eduardo-vargas\/\"}]}<\/script>\n<!-- \/ Yoast SEO plugin. -->","yoast_head_json":{"title":"Ibovespa recua aos 109 mil pontos; Vale (VALE3) lidera baixas","description":"Clique aqui e acompanhe as principais not\u00edcias da bolsa de valores e do mercado financeiro que influenciam o Ibovespa hoje!","robots":{"index":"index","follow":"follow","max-snippet":"max-snippet:-1","max-image-preview":"max-image-preview:large","max-video-preview":"max-video-preview:-1"},"canonical":"https:\/\/www.suno.com.br\/noticias\/ibovespa-hoje-07122022-vale-vale3\/","og_locale":"pt_BR","og_type":"article","og_title":"Ibovespa recua aos 109 mil pontos; Vale (VALE3) lidera baixas","og_description":"Clique aqui e acompanhe as principais not\u00edcias da bolsa de valores e do mercado financeiro que influenciam o Ibovespa hoje!","og_url":"https:\/\/www.suno.com.br\/noticias\/ibovespa-hoje-07122022-vale-vale3\/","og_site_name":"Suno Not\u00edcias","article_publisher":"https:\/\/facebook.com\/sunoresearch","og_image":[{"width":1920,"height":1280,"url":"https:\/\/files.sunoresearch.com.br\/n\/uploads\/2022\/06\/ibovespa-2-1.jpg","type":"image\/jpeg"}],"author":"Eduardo Vargas","twitter_card":"summary_large_image","twitter_creator":"@sunoresearch","twitter_site":"@sunoresearch","twitter_misc":{"Escrito por":"Eduardo Vargas","Est. tempo de leitura":"5 minutos"},"schema":{"@context":"https:\/\/schema.org","@graph":[{"@type":"NewsArticle","@id":"https:\/\/www.suno.com.br\/noticias\/ibovespa-hoje-07122022-vale-vale3\/#article","isPartOf":{"@id":"https:\/\/www.suno.com.br\/noticias\/ibovespa-hoje-07122022-vale-vale3\/"},"author":{"name":"Eduardo Vargas","@id":"https:\/\/www.suno.com.br\/noticias\/#\/schema\/person\/7f4d362bf3518e76090143ae77bb49a5"},"headline":"Ibovespa recua aos 109 mil pontos; Vale (VALE3) lidera baixas com queda do min\u00e9rio","datePublished":"2022-12-07T13:26:23+00:00","dateModified":"2022-12-07T13:45:32+00:00","mainEntityOfPage":{"@id":"https:\/\/www.suno.com.br\/noticias\/ibovespa-hoje-07122022-vale-vale3\/"},"wordCount":775,"publisher":{"@id":"https:\/\/www.suno.com.br\/noticias\/#organization"},"image":{"@id":"https:\/\/www.suno.com.br\/noticias\/ibovespa-hoje-07122022-vale-vale3\/#primaryimage"},"thumbnailUrl":"https:\/\/files.sunoresearch.com.br\/n\/uploads\/2022\/06\/ibovespa-2-1.jpg","keywords":["A\u00e7\u00f5es","Ibovespa","Ibovespa abertura","Vale (VALE3)"],"articleSection":["Mercado"],"inLanguage":"pt-BR"},{"@type":"WebPage","@id":"https:\/\/www.suno.com.br\/noticias\/ibovespa-hoje-07122022-vale-vale3\/","url":"https:\/\/www.suno.com.br\/noticias\/ibovespa-hoje-07122022-vale-vale3\/","name":"Ibovespa recua aos 109 mil pontos; Vale (VALE3) lidera baixas","isPartOf":{"@id":"https:\/\/www.suno.com.br\/noticias\/#website"},"primaryImageOfPage":{"@id":"https:\/\/www.suno.com.br\/noticias\/ibovespa-hoje-07122022-vale-vale3\/#primaryimage"},"image":{"@id":"https:\/\/www.suno.com.br\/noticias\/ibovespa-hoje-07122022-vale-vale3\/#primaryimage"},"thumbnailUrl":"https:\/\/files.sunoresearch.com.br\/n\/uploads\/2022\/06\/ibovespa-2-1.jpg","datePublished":"2022-12-07T13:26:23+00:00","dateModified":"2022-12-07T13:45:32+00:00","description":"Clique aqui e acompanhe as principais not\u00edcias da bolsa de valores e do mercado financeiro que influenciam o Ibovespa hoje!","breadcrumb":{"@id":"https:\/\/www.suno.com.br\/noticias\/ibovespa-hoje-07122022-vale-vale3\/#breadcrumb"},"inLanguage":"pt-BR","potentialAction":[{"@type":"ReadAction","target":["https:\/\/www.suno.com.br\/noticias\/ibovespa-hoje-07122022-vale-vale3\/"]}]},{"@type":"ImageObject","inLanguage":"pt-BR","@id":"https:\/\/www.suno.com.br\/noticias\/ibovespa-hoje-07122022-vale-vale3\/#primaryimage","url":"https:\/\/files.sunoresearch.com.br\/n\/uploads\/2022\/06\/ibovespa-2-1.jpg","contentUrl":"https:\/\/files.sunoresearch.com.br\/n\/uploads\/2022\/06\/ibovespa-2-1.jpg","width":1920,"height":1280,"caption":"Ibovespa hoje. Foto: Pixabay"},{"@type":"BreadcrumbList","@id":"https:\/\/www.suno.com.br\/noticias\/ibovespa-hoje-07122022-vale-vale3\/#breadcrumb","itemListElement":[{"@type":"ListItem","position":1,"name":"Not\u00edcias","item":"https:\/\/www.suno.com.br\/noticias\/"},{"@type":"ListItem","position":2,"name":"Mercado","item":"https:\/\/www.suno.com.br\/noticias\/mercado\/"},{"@type":"ListItem","position":3,"name":"Ibovespa recua aos 109 mil pontos; Vale (VALE3) lidera baixas com queda do min\u00e9rio"}]},{"@type":"WebSite","@id":"https:\/\/www.suno.com.br\/noticias\/#website","url":"https:\/\/www.suno.com.br\/noticias\/","name":"Suno Not\u00edcias","description":"Seu portal de informa\u00e7\u00e3o sobre o mundo dos investimentos","publisher":{"@id":"https:\/\/www.suno.com.br\/noticias\/#organization"},"potentialAction":[{"@type":"SearchAction","target":{"@type":"EntryPoint","urlTemplate":"https:\/\/www.suno.com.br\/noticias\/?s={search_term_string}"},"query-input":{"@type":"PropertyValueSpecification","valueRequired":true,"valueName":"search_term_string"}}],"inLanguage":"pt-BR"},{"@type":"Organization","@id":"https:\/\/www.suno.com.br\/noticias\/#organization","name":"Suno Not\u00edcias","url":"https:\/\/www.suno.com.br\/noticias\/","logo":{"@type":"ImageObject","inLanguage":"pt-BR","@id":"https:\/\/www.suno.com.br\/noticias\/#\/schema\/logo\/image\/","url":"https:\/\/files.sunoresearch.com.br\/n\/uploads\/2021\/09\/suno-logo.png","contentUrl":"https:\/\/files.sunoresearch.com.br\/n\/uploads\/2021\/09\/suno-logo.png","width":180,"height":180,"caption":"Suno Not\u00edcias"},"image":{"@id":"https:\/\/www.suno.com.br\/noticias\/#\/schema\/logo\/image\/"},"sameAs":["https:\/\/facebook.com\/sunoresearch","https:\/\/x.com\/sunoresearch","https:\/\/www.instagram.com\/suno","https:\/\/www.linkedin.com\/company\/suno-research\/","https:\/\/www.youtube.com\/c\/sunoresearch"]},{"@type":"Person","@id":"https:\/\/www.suno.com.br\/noticias\/#\/schema\/person\/7f4d362bf3518e76090143ae77bb49a5","name":"Eduardo Vargas","image":{"@type":"ImageObject","inLanguage":"pt-BR","@id":"https:\/\/www.suno.com.br\/noticias\/#\/schema\/person\/image\/","url":"https:\/\/secure.gravatar.com\/avatar\/dac340933427a22924c9f99d1eb2e3f2?s=96&r=g","contentUrl":"https:\/\/secure.gravatar.com\/avatar\/dac340933427a22924c9f99d1eb2e3f2?s=96&r=g","caption":"Eduardo Vargas"},"description":"Jornalista formado pela UFSC, cobre macroeconomia, neg\u00f3cios e startups para o Suno Not\u00edcias, escrevendo principalmente not\u00edcias sobre o mercado financeiro e a bolsa de valores. No YouTube e no Instagram, \u00e9 respons\u00e1vel pela produ\u00e7\u00e3o de Reels e Shorts do Suno Not\u00edcias. Anteriormente, trabalhou cobrindo economia e cotidiano no ND+ e para o ND, maior jornal impresso de Santa Catarina. Cursou um semestre letivo de Estudos de M\u00eddia na Universidad de Buenos Aires.","url":"https:\/\/www.suno.com.br\/noticias\/author\/eduardo-vargas\/"}]}},"default_loop_html":"<div class=\"cardsPage__listCard__boxs\"><div class=\"cardsPage__listCard__boxs__img\"><a href=\"https:\/\/www.suno.com.br\/noticias\/ibovespa-hoje-07122022-vale-vale3\/\"><img class=\"mask\" src=\"https:\/\/www.suno.com.br\/noticias\/wp-content\/themes\/suno\/resources\/images\/spotlight\/spotlight1img\/bg-mask.png\" alt=\"Image Mask\"\/><img src=\"https:\/\/files.sunoresearch.com.br\/n\/uploads\/2022\/06\/ibovespa-2-1-400x200.jpg\" alt=\"Ibovespa recua aos 109 mil pontos; Vale (VALE3) lidera baixas com queda do min\u00e9rio\"\/><\/a><span class=\"spotlightCategory\"><a href=\"https:\/\/www.suno.com.br\/noticias\/mercado\/\">Mercado<\/a><\/span><\/div><div class=\"cardsPage__listCard__boxs__content\"><a href=\"https:\/\/www.suno.com.br\/noticias\/ibovespa-hoje-07122022-vale-vale3\/\"><h2 class=\"content__title\">Ibovespa recua aos 109 mil pontos; Vale (VALE3) lidera baixas com queda do min\u00e9rio<\/h2><\/a><div class=\"newsContent__article__meta\"><div class=\"newsContent__article__meta__authorBox\"><a href=\"https:\/\/www.suno.com.br\/noticias\/author\/eduardo-vargas\/\" class=\"authorBox__avatar noMobi\"><img src=\"https:\/\/secure.gravatar.com\/avatar\/dac340933427a22924c9f99d1eb2e3f2?s=96&#038;r=g\" alt=\"Eduardo Vargas\"><\/a><div class=\"authorBox__name\"><span>por\n\t\t\t<a href=\"https:\/\/www.suno.com.br\/noticias\/author\/eduardo-vargas\/\"><span itemprop=\"author\">Eduardo Vargas<\/span><\/a><\/span><time datetime=\"2022-12-07T10:26:23-03:00\" itemprop=\"datePublished\">07\/12\/2022 10:26<\/time><\/div><\/div><\/div><\/div><\/div>","single_layout":"posts","amp_enabled":true,"_links":{"self":[{"href":"https:\/\/www.suno.com.br\/noticias\/wp-json\/wp\/v2\/posts\/330453"}],"collection":[{"href":"https:\/\/www.suno.com.br\/noticias\/wp-json\/wp\/v2\/posts"}],"about":[{"href":"https:\/\/www.suno.com.br\/noticias\/wp-json\/wp\/v2\/types\/post"}],"author":[{"embeddable":true,"href":"https:\/\/www.suno.com.br\/noticias\/wp-json\/wp\/v2\/users\/73"}],"replies":[{"embeddable":true,"href":"https:\/\/www.suno.com.br\/noticias\/wp-json\/wp\/v2\/comments?post=330453"}],"version-history":[{"count":2,"href":"https:\/\/www.suno.com.br\/noticias\/wp-json\/wp\/v2\/posts\/330453\/revisions"}],"predecessor-version":[{"id":330489,"href":"https:\/\/www.suno.com.br\/noticias\/wp-json\/wp\/v2\/posts\/330453\/revisions\/330489"}],"wp:featuredmedia":[{"embeddable":true,"href":"https:\/\/www.suno.com.br\/noticias\/wp-json\/wp\/v2\/media\/271484"}],"wp:attachment":[{"href":"https:\/\/www.suno.com.br\/noticias\/wp-json\/wp\/v2\/media?parent=330453"}],"wp:term":[{"taxonomy":"category","embeddable":true,"href":"https:\/\/www.suno.com.br\/noticias\/wp-json\/wp\/v2\/categories?post=330453"},{"taxonomy":"post_tag","embeddable":true,"href":"https:\/\/www.suno.com.br\/noticias\/wp-json\/wp\/v2\/tags?post=330453"},{"taxonomy":"suno_strategy","embeddable":true,"href":"https:\/\/www.suno.com.br\/noticias\/wp-json\/wp\/v2\/suno_strategy?post=330453"}],"curies":[{"name":"wp","href":"https:\/\/api.w.org\/{rel}","templated":true}]}}