{"id":329740,"date":"2022-12-06T12:35:14","date_gmt":"2022-12-06T15:35:14","guid":{"rendered":"https:\/\/www.suno.com.br\/noticias\/?p=329740"},"modified":"2022-12-06T12:35:20","modified_gmt":"2022-12-06T15:35:20","slug":"dividas-inadimplencia-numero-familias","status":"publish","type":"post","link":"https:\/\/www.suno.com.br\/noticias\/dividas-inadimplencia-numero-familias\/","title":{"rendered":"D\u00edvidas: N\u00famero de fam\u00edlias endividadas sobe para 79%, revela CNC"},"content":{"rendered":"<p>Os dados mais recentes da <a href=\"https:\/\/www.portaldocomercio.org.br\/\" target=\"_blank\" rel=\"noreferrer noopener\">Confedera\u00e7\u00e3o Nacional do Com\u00e9rcio de Bens, Servi\u00e7os e Turismo (CNC)<\/a> mostram que 78,9% das fam\u00edlias brasileiras tinham d\u00edvidas ao fim de novembro deste ano. O levantamento considera as d\u00edvidas com atraso ou n\u00e3o.<\/p><div class=\"videoFull \">\n\t\t\t<div class=\"videoWrapper yt-lazyload center\"\n\t\t\t\tdata-width=\"960\"\n\t\t\t\tdata-height=\"540\"\n\t\t\t\tdata-id=\"zFsU5xD0slE\"\n\t\t\t\tdata-alt=\"V\u00eddeo do YouTube - clique para reproduzir\"\n\t\t\t\tdata-logo=\"3\"\n\t\t\t\tdata-imagequality=\"maxres\">\n\t\t\t<\/div>\n\t\t<\/div><script type=\"application\/ld+json\">{\"@context\":\"https:\/\/schema.org\",\"@type\":\"VideoObject\",\"name\":\"PEC DA TRANSI\u00c7\u00c3O: Vota\u00e7\u00e3o come\u00e7a | Copom inicia reuni\u00e3o | REC Gest\u00e3o: desafios e expectativas\",\"description\":\"#morningcall #Not\u00edcias #investimentos #bolsadevalores #dinheiro #pecdatransi\u00e7\u00e3o #lula #pol\u00edtica #economia #copom #bancocentral #fiis #fundosimobili\u00e1rios \ud835\udc08\ud835\udc0d\ud835\udc12\ud835\udc02\ud835\udc11\ud835\udc04\ud835\udc15\ud835\udc00-\ud835\udc12\ud835\udc04 \ud835\udc0d\ud835\udc0e \ud835\udc02\ud835\udc00\ud835\udc0d\ud835\udc00\ud835\udc0b \ud835\udc04 \ud835\udc00\ud835\udc13\ud835\udc08\ud835\udc15\ud835\udc04 \ud835\udc0e \ud835\udc12\ud835\udc08\ud835\udc0d\ud835\udc0e \ud83d\udc47 https:\/\/bit.ly\/INSCREVA-SEATIVEOSINO \ud83d\udcda \ud83d\udcb8 \ud83d\udcca \ud835\udde3\ud835\udddf\ud835\uddd4\ud835\udde1\ud835\udddc\ud835\udddf\ud835\udddb\ud835\uddd4 \ud835\uddd7\ud835\uddd8 \ud835\uddd6\ud835\udde2\ud835\udde1\ud835\udde7\ud835\udde5\ud835\udde2\ud835\udddf\ud835\uddd8 \ud835\uddd9\ud835\udddc\ud835\udde1\ud835\uddd4\ud835\udde1\ud835\uddd6\ud835\uddd8\ud835\udddc\ud835\udde5\ud835\udde2: \ud835\uddd5\ud835\uddee\ud835\uddf6\ud835\ude05\ud835\uddf2 \ud835\uddee \ud835\uddfd\ud835\uddf9\ud835\uddee\ud835\uddfb\ud835\uddf6\ud835\uddf9\ud835\uddf5\ud835\uddee AGORA antes que acabe! \ud83d\udc49 https:\/\/lp.suno.com.br\/planilha-da-vida-financeira\/?utm_source=youtube.noticias&utm_medium=live&utm_campaign=planilhadavidafinanceira.20221128&utm_content=ytnoticias.morning.02122022 \ud83d\udcda \ud835\udc04-\ud835\udc1b\ud835\udc28\ud835\udc28\ud835\udc24 \"\ud835\udc02\ud835\udc28\ud835\udc26\ud835\udc28 \ud835\udc22\ud835\udc27\ud835\udc2f\ud835\udc1e\ud835\udc2c\ud835\udc2d\ud835\udc22\ud835\udc2b \ud835\udc1e\ud835\udc26 \ud835\udc03\ud835\udc22\ud835\udc2f\ud835\udc22\ud835\udc1d\ud835\udc1e\ud835\udc27\ud835\udc1d\ud835\udc28\ud835\udc2c?\"\ud83d\udc47 - \ud835\udc1b\ud835\udc1a\ud835\udc22\ud835\udc31\ud835\udc1e \ud835\udc20\ud835\udc2b\ud835\udc1a\ud835\udc2d\ud835\udc2e\ud835\udc22\ud835\udc2d\ud835\udc1a\ud835\udc26\ud835\udc1e\ud835\udc27\ud835\udc2d\ud835\udc1e \ud835\udc1e \ud835\udc1a\ud835\udc29\ud835\udc2b\ud835\udc1e\ud835\udc27\ud835\udc1d\ud835\udc1a: https:\/\/bit.ly\/ebookGRATUITOdoSunoNoticiasComoinvestiremDividendos \ud83d\udc47 \ud835\udc12\ud835\udc22\ud835\udc20\ud835\udc1a \ud835\udc27\ud835\udc28\ud835\udc2c\ud835\udc2c\ud835\udc1a\ud835\udc2c \ud835\udc2b\ud835\udc1e\ud835\udc1d\ud835\udc1e\ud835\udc2c \ud835\udc2c\ud835\udc28\ud835\udc1c\ud835\udc22\ud835\udc1a\ud835\udc22\ud835\udc2c:\u2026\",\"duration\":\"PT46M11S\",\"embedUrl\":\"https:\/\/www.youtube.com\/embed\/zFsU5xD0slE\",\"regionsAllowed\":\"pt-BR\",\"interactionStatistic\":{\"@type\":\"InteractionCounter\",\"interactionType\":{\"@type\":\"WatchAction\"},\"userInteractionCount\":2225},\"thumbnailUrl\":\"https:\/\/i.ytimg.com\/vi\/zFsU5xD0slE\/default.jpg\",\"uploadDate\":\"2022-12-06T12:52:26Z\"}<\/script>\n\n\n\n\n\t<p>\n\t\t<a href=\"\" target=\"_blank\" data-element=\"shortcode-suno-banner\" title=\"Banner SUNO, clique e saiba mais\">\n\t\t\t<picture>\n\t\t\t\t<source media=\"(max-width: 500px)\" srcset=\"\">\n\t\t\t\t<img class=\"newsContent__article__imgCapa newsContent__article__imgCapa--banner\"\n\t\t\t\t\tsrc=\"\"\n\t\t\t\t\tdata-promo-id=\"240038\"\t\t\t\t\t\t\t\t\t\t\t\t\t\t\talt=\"\"\n\t\t\t\t>\n\t\t\t<\/picture>\n\t\t<\/a>\n\t<\/p>\n\n\n\n\n\n<p>A taxa mostra uma retra\u00e7\u00e3o de fam\u00edlias com d\u00edvidas ante o dado anterior do CNC, que mostrava 79,2% em novembro. Contudo, em novembro de 2021, o percentual de <strong>fam\u00edlia endividadas<\/strong> subiu para 75,6%.<\/p>\n\n\n\n<p>A Pesquisa de Endividamento e Inadimpl\u00eancia do Consumidor (Peic) da CNC tamb\u00e9m mostra que as fam\u00edlias em <strong>inadimpl\u00eancia<\/strong> somam 30,3% em novembro, mesmo patamar de outubro.<\/p>\n\n\n\n<p>Em 2021, contudo, eram 26,1% <strong>fam\u00edlias inadimplentes<\/strong>.<\/p>\n\n\n\n<p>O n\u00famero de fam\u00edlias que informam que n\u00e3o ter\u00e3o condi\u00e7\u00f5es de pagar suas d\u00edvidas subiu de 0,3 p.p., para 10,9%. Em novembro do ano passado, o \u00edndice era de 10,1%.<\/p>\n\n\n\n\t<div data-element=\"shortcode-read-more\" class=\"readToo\">\n\t\t\t\t<span class=\"readToo__title\">Leia mais<\/span>\n\t\t\t\t<ul class=\"readToo__list\">\n\t\t\t<li><a href=\"https:\/\/www.suno.com.br\/noticias\/mutirao-nacional-negociar-dividas-ate-30-novembro\/\">Mutir\u00e3o nacional vai negociar d\u00edvidas at\u00e9\u00a030 de novembro; saiba como funciona<\/a><\/li><li><a href=\"https:\/\/www.suno.com.br\/noticias\/bndes-deve-pagar-45-bi-divida-governo\/\">BNDES deve pagar mais R$ 45 bi da d\u00edvida com o Governo Federal<\/a><\/li><li><a href=\"https:\/\/www.suno.com.br\/noticias\/brasileitos-inadimplencia-gasto-alimentacao\/\">Inadimpl\u00eancia sobe por conta de gasto com alimenta\u00e7\u00e3o<\/a><\/li>\t\t<\/ul>\n\t<\/div>\n\n\n\n\n<h2 class=\"wp-block-heading\" id=\"h-dividas-por-recorte-social\">D\u00edvidas por recorte social<\/h2>\n\n\n\n<p>Ao mesmo tempo, o n\u00famero de fam\u00edlias pobres com <strong>d\u00edvidas atrasadas<\/strong> alcan\u00e7ou nova m\u00e1xima hist\u00f3rica (34,1%), num momento em que os juros est\u00e3o no maior n\u00edvel em cinco anos.<\/p>\n\n\n\n<p>Conforme o estudo, o porcentual de fam\u00edlias que relataram ter d\u00edvidas a vencer (<a class=\"suno-keyword\" target=\"_blank\" data-force=\"no\" data-priority=\"1\" href=\"https:\/\/www.suno.com.br\/artigos\/cheque-pre-datado\/\" rel=\"noopener\">cheque pr\u00e9-datado<\/a>, cart\u00e3o de cr\u00e9dito, cheque especial, carn\u00ea de loja, cr\u00e9dito consignado, empr\u00e9stimo pessoal, presta\u00e7\u00e3o de carro e casa) avan\u00e7ou 3,3 pontos porcentuais na compara\u00e7\u00e3o com novembro do ano passado.<\/p>\n\n\n\t<p>\n\t\t<a href=\"https:\/\/lp.suno.com.br\/planilha-controle-gastos\/\" target=\"_blank\" data-element=\"shortcode-suno-banner\" title=\"Banner SUNO, clique e saiba mais\">\n\t\t\t<picture>\n\t\t\t\t<source media=\"(max-width: 500px)\" srcset=\"https:\/\/files.sunoresearch.com.br\/n\/uploads\/2023\/03\/400x300-Planilha-controle-de-gastos.png\">\n\t\t\t\t<img class=\"newsContent__article__imgCapa newsContent__article__imgCapa--banner\"\n\t\t\t\t\tsrc=\"https:\/\/files.sunoresearch.com.br\/n\/uploads\/2023\/03\/1420x240-Planilha-controle-de-gastos.png\"\n\t\t\t\t\tdata-promo-id=\"101751\"\t\t\t\t\t\t\t\t\t\twidth='1420' height='240'\t\t\t\t\talt=\"https:\/\/files.sunoresearch.com.br\/n\/uploads\/2023\/03\/1420x240-Planilha-controle-de-gastos.png\"\n\t\t\t\t>\n\t\t\t<\/picture>\n\t\t<\/a>\n\t<\/p>\n\n\n\n\n\n<p>Dos consumidores com at\u00e9 dez sal\u00e1rios de <a class=\"suno-keyword\" data-force=\"no\" data-priority=\"1\" href=\"https:\/\/www.suno.com.br\/artigos\/renda-mensal\/\" target=\"_blank\" rel=\"noopener\"><strong>renda <\/strong>mensal<\/a>, 34,1% atrasaram d\u00edvidas, a maior propor\u00e7\u00e3o da s\u00e9rie hist\u00f3rica, iniciada em 2010. Os or\u00e7amentos das fam\u00edlias de menor renda seguem apertados, pois os juros altos aumentam as despesas com d\u00edvidas.<\/p>\n\n\n\n<p>Na compara\u00e7\u00e3o com o ano passado, a piora no n\u00edvel de <strong>endividamento <\/strong>foi mais expressiva entre as mulheres (3,3 p.p.) do que entre os homens (1,9 p.p.). <\/p>\n\n\n\n<p>O p\u00fablico feminino \u00e9 atualmente o mais <strong>endividado<\/strong>, com 80,7% delas possuindo algum tipo de d\u00edvida em novembro. <\/p>\n\n\n\n<p>No recorte da faixa et\u00e1ria, a percep\u00e7\u00e3o de superendividamento tamb\u00e9m se acirrou mais entre os consumidores com mais de 35 anos (3,2 p.p.). Os indiv\u00edduos que n\u00e3o conseguiram terminar o ensino m\u00e9dio tamb\u00e9m formam o grupo em que o n\u00edvel de endividamento mais cresceu em um ano (3,9 p.p.).<\/p>\n\n\n\n<p>Com isso, cresceu em novembro o volume de consumidores apontando que n\u00e3o <strong>pagaram d\u00edvidas j\u00e1 atrasadas <\/strong>de meses anteriores: 10,9% do total de fam\u00edlias. <\/p>\n\n\n\n<p>Entre as com menores rendimentos, o indicador manteve trajet\u00f3ria de alta, atingindo 13,4%, pouco abaixo da m\u00e1xima hist\u00f3rica de 13,9%, observada em agosto de 2020.<\/p>\n\n\n\n<p>Mesmo os consumidores buscando a <strong>renegocia\u00e7\u00e3o<\/strong>, o volume dos que reportaram atrasos na quita\u00e7\u00e3o de d\u00edvidas atrasadas por mais de 90 dias piorou em novembro. <\/p>\n\n\n\n<p>Do total de fam\u00edlias inadimplentes, 42,5% est\u00e3o com atrasos acima de 90 dias, 0,6 p.p. em rela\u00e7\u00e3o a outubro e 1,0 p.p. comparativamente a novembro de 2021.<\/p>\n\n\n\t<p>\n\t\t<a href=\"https:\/\/lp.suno.com.br\/planilha-da-vida-financeira\/\" target=\"_blank\" data-element=\"shortcode-suno-banner\" title=\"Banner SUNO, clique e saiba mais\">\n\t\t\t<picture>\n\t\t\t\t<source media=\"(max-width: 500px)\" srcset=\"https:\/\/files.sunoresearch.com.br\/n\/uploads\/2023\/04\/400x300-Planilha-vida-financeira-true.png\">\n\t\t\t\t<img class=\"newsContent__article__imgCapa newsContent__article__imgCapa--banner\"\n\t\t\t\t\tsrc=\"https:\/\/files.sunoresearch.com.br\/n\/uploads\/2023\/04\/1420x240-Planilha-vida-financeira-true.png\"\n\t\t\t\t\tdata-promo-id=\"106682\"\t\t\t\t\t\t\t\t\t\twidth='1420' height='240'\t\t\t\t\talt=\"https:\/\/files.sunoresearch.com.br\/n\/uploads\/2023\/04\/1420x240-Planilha-vida-financeira-true.png\"\n\t\t\t\t>\n\t\t\t<\/picture>\n\t\t<\/a>\n\t<\/p>\n\n\n\n\n\n<h2 class=\"wp-block-heading\">Renda comprometida<\/h2>\n\n\n\n<p>Al\u00e9m disso, tem chamado a aten\u00e7\u00e3o o volume de consumidores com mais da metade da renda comprometida com o <strong>pagamento de d\u00edvidas<\/strong>. Em novembro, 21,6% do total de endividados estava nessa situa\u00e7\u00e3o, crescimento anual de 0,8 p.p.<\/p>\n\n\n\n<p>Em m\u00e9dia, o brasileiro precisou gastar 30,4% de toda a sua renda s\u00f3 para pagar d\u00edvidas em novembro, isso sem contar as contas de consumo (\u00e1gua, energia, telefone, g\u00e1s etc).<\/p>\n\n\n\n<p>Apesar dos fatores benignos relativos \u00e0 disponibilidade de renda, a combina\u00e7\u00e3o de endividamento e juros altos est\u00e1 deixando os consumidores mais cautelosos. <\/p>\n\n\n\n<p>Diante do cr\u00e9dito mais caro, a propor\u00e7\u00e3o de fam\u00edlias que se consideram com muitas <strong>d\u00edvidas<\/strong> chegou a 17,5%, alta de 0,2 p.p. ante outubro e de 2,7 p.p. em rela\u00e7\u00e3o a novembro de 2021.<\/p>\n\n\n\n<p>Com Estad\u00e3o Conte\u00fado<\/p>\n\n\n\t<p>\n\t\t<a href=\"https:\/\/lp.suno.com.br\/ebook-como-analisar-uma-acao\/\" target=\"_blank\" data-element=\"shortcode-suno-banner\" title=\"Banner SUNO, clique e saiba mais\">\n\t\t\t<picture>\n\t\t\t\t<source media=\"(max-width: 500px)\" srcset=\"https:\/\/files.sunoresearch.com.br\/n\/uploads\/2023\/03\/Ebook-Acoes-Mobile-1.jpg\">\n\t\t\t\t<img class=\"newsContent__article__imgCapa newsContent__article__imgCapa--banner\"\n\t\t\t\t\tsrc=\"https:\/\/files.sunoresearch.com.br\/n\/uploads\/2023\/03\/Ebook-Acoes-Desktop-1.jpg\"\n\t\t\t\t\tdata-promo-id=\"171998\"\t\t\t\t\t\t\t\t\t\twidth='1420' height='286'\t\t\t\t\talt=\"https:\/\/files.sunoresearch.com.br\/n\/uploads\/2023\/03\/Ebook-Acoes-Desktop-1.jpg\"\n\t\t\t\t>\n\t\t\t<\/picture>\n\t\t<\/a>\n\t<\/p>\n\n\n","protected":false},"excerpt":{"rendered":"<p>Os dados mais recentes da Confedera\u00e7\u00e3o Nacional do Com\u00e9rcio de Bens, Servi\u00e7os e Turismo (CNC) mostram que 78,9% das fam\u00edlias brasileiras tinham d\u00edvidas ao fim de novembro deste ano. O levantamento considera as d\u00edvidas com atraso ou n\u00e3o. A taxa mostra uma retra\u00e7\u00e3o de fam\u00edlias com d\u00edvidas ante o dado anterior do CNC, que mostrava [&hellip;]<\/p>\n","protected":false},"author":73,"featured_media":324115,"comment_status":"closed","ping_status":"closed","sticky":false,"template":"","format":"standard","meta":[],"categories":[62],"tags":[106444,1289,1858,837],"suno_strategy":[],"class_list":["post-329740","post","type-post","status-publish","format-standard","has-post-thumbnail","hentry","category-economia","tag-agencias","tag-cnc","tag-endividamento","tag-inadimplencia"],"yoast_head":"<!-- This site is optimized with the Yoast SEO plugin v24.4 - https:\/\/yoast.com\/wordpress\/plugins\/seo\/ -->\n<title>D\u00edvidas: N\u00famero de fam\u00edlias endividadas sobe para 79%, revela CNC<\/title>\n<meta name=\"description\" content=\"A taxa mostra uma retra\u00e7\u00e3o de fam\u00edlias com d\u00edvidas ante o dado anterior do CNC, que mostrava 79,2% em novembro. Clique e confira!\" \/>\n<meta name=\"robots\" content=\"index, follow, max-snippet:-1, max-image-preview:large, max-video-preview:-1\" \/>\n<link rel=\"canonical\" href=\"https:\/\/www.suno.com.br\/noticias\/dividas-inadimplencia-numero-familias\/\" \/>\n<meta property=\"og:locale\" content=\"pt_BR\" \/>\n<meta property=\"og:type\" content=\"article\" \/>\n<meta property=\"og:title\" content=\"D\u00edvidas: N\u00famero de fam\u00edlias endividadas sobe para 79%, revela CNC\" \/>\n<meta property=\"og:description\" content=\"A taxa mostra uma retra\u00e7\u00e3o de fam\u00edlias com d\u00edvidas ante o dado anterior do CNC, que mostrava 79,2% em novembro. Clique e confira!\" \/>\n<meta property=\"og:url\" content=\"https:\/\/www.suno.com.br\/noticias\/dividas-inadimplencia-numero-familias\/\" \/>\n<meta property=\"og:site_name\" content=\"Suno Not\u00edcias\" \/>\n<meta property=\"article:publisher\" content=\"https:\/\/facebook.com\/sunoresearch\" \/>\n<meta property=\"og:image\" content=\"https:\/\/files.sunoresearch.com.br\/n\/uploads\/2022\/11\/mutirao-nacional-negociar-dividas.jpg\" \/>\n\t<meta property=\"og:image:width\" content=\"1280\" \/>\n\t<meta property=\"og:image:height\" content=\"800\" \/>\n\t<meta property=\"og:image:type\" content=\"image\/jpeg\" \/>\n<meta name=\"author\" content=\"Eduardo Vargas\" \/>\n<meta name=\"twitter:card\" content=\"summary_large_image\" \/>\n<meta name=\"twitter:creator\" content=\"@sunoresearch\" \/>\n<meta name=\"twitter:site\" content=\"@sunoresearch\" \/>\n<meta name=\"twitter:label1\" content=\"Escrito por\" \/>\n\t<meta name=\"twitter:data1\" content=\"Eduardo Vargas\" \/>\n\t<meta name=\"twitter:label2\" content=\"Est. tempo de leitura\" \/>\n\t<meta name=\"twitter:data2\" content=\"4 minutos\" \/>\n<script type=\"application\/ld+json\" class=\"yoast-schema-graph\">{\"@context\":\"https:\/\/schema.org\",\"@graph\":[{\"@type\":\"NewsArticle\",\"@id\":\"https:\/\/www.suno.com.br\/noticias\/dividas-inadimplencia-numero-familias\/#article\",\"isPartOf\":{\"@id\":\"https:\/\/www.suno.com.br\/noticias\/dividas-inadimplencia-numero-familias\/\"},\"author\":{\"name\":\"Eduardo Vargas\",\"@id\":\"https:\/\/www.suno.com.br\/noticias\/#\/schema\/person\/7f4d362bf3518e76090143ae77bb49a5\"},\"headline\":\"D\u00edvidas: N\u00famero de fam\u00edlias endividadas sobe para 79%, revela CNC\",\"datePublished\":\"2022-12-06T15:35:14+00:00\",\"dateModified\":\"2022-12-06T15:35:20+00:00\",\"mainEntityOfPage\":{\"@id\":\"https:\/\/www.suno.com.br\/noticias\/dividas-inadimplencia-numero-familias\/\"},\"wordCount\":655,\"publisher\":{\"@id\":\"https:\/\/www.suno.com.br\/noticias\/#organization\"},\"image\":{\"@id\":\"https:\/\/www.suno.com.br\/noticias\/dividas-inadimplencia-numero-familias\/#primaryimage\"},\"thumbnailUrl\":\"https:\/\/files.sunoresearch.com.br\/n\/uploads\/2022\/11\/mutirao-nacional-negociar-dividas.jpg\",\"keywords\":[\"Ag\u00eancias\",\"CNC\",\"endividamento\",\"Inadimpl\u00eancia\"],\"articleSection\":[\"Economia\"],\"inLanguage\":\"pt-BR\"},{\"@type\":\"WebPage\",\"@id\":\"https:\/\/www.suno.com.br\/noticias\/dividas-inadimplencia-numero-familias\/\",\"url\":\"https:\/\/www.suno.com.br\/noticias\/dividas-inadimplencia-numero-familias\/\",\"name\":\"D\u00edvidas: N\u00famero de fam\u00edlias endividadas sobe para 79%, revela CNC\",\"isPartOf\":{\"@id\":\"https:\/\/www.suno.com.br\/noticias\/#website\"},\"primaryImageOfPage\":{\"@id\":\"https:\/\/www.suno.com.br\/noticias\/dividas-inadimplencia-numero-familias\/#primaryimage\"},\"image\":{\"@id\":\"https:\/\/www.suno.com.br\/noticias\/dividas-inadimplencia-numero-familias\/#primaryimage\"},\"thumbnailUrl\":\"https:\/\/files.sunoresearch.com.br\/n\/uploads\/2022\/11\/mutirao-nacional-negociar-dividas.jpg\",\"datePublished\":\"2022-12-06T15:35:14+00:00\",\"dateModified\":\"2022-12-06T15:35:20+00:00\",\"description\":\"A taxa mostra uma retra\u00e7\u00e3o de fam\u00edlias com d\u00edvidas ante o dado anterior do CNC, que mostrava 79,2% em novembro. Clique e confira!\",\"breadcrumb\":{\"@id\":\"https:\/\/www.suno.com.br\/noticias\/dividas-inadimplencia-numero-familias\/#breadcrumb\"},\"inLanguage\":\"pt-BR\",\"potentialAction\":[{\"@type\":\"ReadAction\",\"target\":[\"https:\/\/www.suno.com.br\/noticias\/dividas-inadimplencia-numero-familias\/\"]}]},{\"@type\":\"ImageObject\",\"inLanguage\":\"pt-BR\",\"@id\":\"https:\/\/www.suno.com.br\/noticias\/dividas-inadimplencia-numero-familias\/#primaryimage\",\"url\":\"https:\/\/files.sunoresearch.com.br\/n\/uploads\/2022\/11\/mutirao-nacional-negociar-dividas.jpg\",\"contentUrl\":\"https:\/\/files.sunoresearch.com.br\/n\/uploads\/2022\/11\/mutirao-nacional-negociar-dividas.jpg\",\"width\":1280,\"height\":800,\"caption\":\". Foto: Marco Jean de Oliveira Teixeira\/Pixabay\"},{\"@type\":\"BreadcrumbList\",\"@id\":\"https:\/\/www.suno.com.br\/noticias\/dividas-inadimplencia-numero-familias\/#breadcrumb\",\"itemListElement\":[{\"@type\":\"ListItem\",\"position\":1,\"name\":\"Not\u00edcias\",\"item\":\"https:\/\/www.suno.com.br\/noticias\/\"},{\"@type\":\"ListItem\",\"position\":2,\"name\":\"Economia\",\"item\":\"https:\/\/www.suno.com.br\/noticias\/economia\/\"},{\"@type\":\"ListItem\",\"position\":3,\"name\":\"D\u00edvidas: N\u00famero de fam\u00edlias endividadas sobe para 79%, revela CNC\"}]},{\"@type\":\"WebSite\",\"@id\":\"https:\/\/www.suno.com.br\/noticias\/#website\",\"url\":\"https:\/\/www.suno.com.br\/noticias\/\",\"name\":\"Suno Not\u00edcias\",\"description\":\"Seu portal de informa\u00e7\u00e3o sobre o mundo dos investimentos\",\"publisher\":{\"@id\":\"https:\/\/www.suno.com.br\/noticias\/#organization\"},\"potentialAction\":[{\"@type\":\"SearchAction\",\"target\":{\"@type\":\"EntryPoint\",\"urlTemplate\":\"https:\/\/www.suno.com.br\/noticias\/?s={search_term_string}\"},\"query-input\":{\"@type\":\"PropertyValueSpecification\",\"valueRequired\":true,\"valueName\":\"search_term_string\"}}],\"inLanguage\":\"pt-BR\"},{\"@type\":\"Organization\",\"@id\":\"https:\/\/www.suno.com.br\/noticias\/#organization\",\"name\":\"Suno Not\u00edcias\",\"url\":\"https:\/\/www.suno.com.br\/noticias\/\",\"logo\":{\"@type\":\"ImageObject\",\"inLanguage\":\"pt-BR\",\"@id\":\"https:\/\/www.suno.com.br\/noticias\/#\/schema\/logo\/image\/\",\"url\":\"https:\/\/files.sunoresearch.com.br\/n\/uploads\/2021\/09\/suno-logo.png\",\"contentUrl\":\"https:\/\/files.sunoresearch.com.br\/n\/uploads\/2021\/09\/suno-logo.png\",\"width\":180,\"height\":180,\"caption\":\"Suno Not\u00edcias\"},\"image\":{\"@id\":\"https:\/\/www.suno.com.br\/noticias\/#\/schema\/logo\/image\/\"},\"sameAs\":[\"https:\/\/facebook.com\/sunoresearch\",\"https:\/\/x.com\/sunoresearch\",\"https:\/\/www.instagram.com\/suno\",\"https:\/\/www.linkedin.com\/company\/suno-research\/\",\"https:\/\/www.youtube.com\/c\/sunoresearch\"]},{\"@type\":\"Person\",\"@id\":\"https:\/\/www.suno.com.br\/noticias\/#\/schema\/person\/7f4d362bf3518e76090143ae77bb49a5\",\"name\":\"Eduardo Vargas\",\"image\":{\"@type\":\"ImageObject\",\"inLanguage\":\"pt-BR\",\"@id\":\"https:\/\/www.suno.com.br\/noticias\/#\/schema\/person\/image\/\",\"url\":\"https:\/\/secure.gravatar.com\/avatar\/dac340933427a22924c9f99d1eb2e3f2?s=96&r=g\",\"contentUrl\":\"https:\/\/secure.gravatar.com\/avatar\/dac340933427a22924c9f99d1eb2e3f2?s=96&r=g\",\"caption\":\"Eduardo Vargas\"},\"description\":\"Jornalista formado pela UFSC, cobre macroeconomia, neg\u00f3cios e startups para o Suno Not\u00edcias, escrevendo principalmente not\u00edcias sobre o mercado financeiro e a bolsa de valores. No YouTube e no Instagram, \u00e9 respons\u00e1vel pela produ\u00e7\u00e3o de Reels e Shorts do Suno Not\u00edcias. Anteriormente, trabalhou cobrindo economia e cotidiano no ND+ e para o ND, maior jornal impresso de Santa Catarina. Cursou um semestre letivo de Estudos de M\u00eddia na Universidad de Buenos Aires.\",\"url\":\"https:\/\/www.suno.com.br\/noticias\/author\/eduardo-vargas\/\"}]}<\/script>\n<!-- \/ Yoast SEO plugin. -->","yoast_head_json":{"title":"D\u00edvidas: N\u00famero de fam\u00edlias endividadas sobe para 79%, revela CNC","description":"A taxa mostra uma retra\u00e7\u00e3o de fam\u00edlias com d\u00edvidas ante o dado anterior do CNC, que mostrava 79,2% em novembro. Clique e confira!","robots":{"index":"index","follow":"follow","max-snippet":"max-snippet:-1","max-image-preview":"max-image-preview:large","max-video-preview":"max-video-preview:-1"},"canonical":"https:\/\/www.suno.com.br\/noticias\/dividas-inadimplencia-numero-familias\/","og_locale":"pt_BR","og_type":"article","og_title":"D\u00edvidas: N\u00famero de fam\u00edlias endividadas sobe para 79%, revela CNC","og_description":"A taxa mostra uma retra\u00e7\u00e3o de fam\u00edlias com d\u00edvidas ante o dado anterior do CNC, que mostrava 79,2% em novembro. Clique e confira!","og_url":"https:\/\/www.suno.com.br\/noticias\/dividas-inadimplencia-numero-familias\/","og_site_name":"Suno Not\u00edcias","article_publisher":"https:\/\/facebook.com\/sunoresearch","og_image":[{"width":1280,"height":800,"url":"https:\/\/files.sunoresearch.com.br\/n\/uploads\/2022\/11\/mutirao-nacional-negociar-dividas.jpg","type":"image\/jpeg"}],"author":"Eduardo Vargas","twitter_card":"summary_large_image","twitter_creator":"@sunoresearch","twitter_site":"@sunoresearch","twitter_misc":{"Escrito por":"Eduardo Vargas","Est. tempo de leitura":"4 minutos"},"schema":{"@context":"https:\/\/schema.org","@graph":[{"@type":"NewsArticle","@id":"https:\/\/www.suno.com.br\/noticias\/dividas-inadimplencia-numero-familias\/#article","isPartOf":{"@id":"https:\/\/www.suno.com.br\/noticias\/dividas-inadimplencia-numero-familias\/"},"author":{"name":"Eduardo Vargas","@id":"https:\/\/www.suno.com.br\/noticias\/#\/schema\/person\/7f4d362bf3518e76090143ae77bb49a5"},"headline":"D\u00edvidas: N\u00famero de fam\u00edlias endividadas sobe para 79%, revela CNC","datePublished":"2022-12-06T15:35:14+00:00","dateModified":"2022-12-06T15:35:20+00:00","mainEntityOfPage":{"@id":"https:\/\/www.suno.com.br\/noticias\/dividas-inadimplencia-numero-familias\/"},"wordCount":655,"publisher":{"@id":"https:\/\/www.suno.com.br\/noticias\/#organization"},"image":{"@id":"https:\/\/www.suno.com.br\/noticias\/dividas-inadimplencia-numero-familias\/#primaryimage"},"thumbnailUrl":"https:\/\/files.sunoresearch.com.br\/n\/uploads\/2022\/11\/mutirao-nacional-negociar-dividas.jpg","keywords":["Ag\u00eancias","CNC","endividamento","Inadimpl\u00eancia"],"articleSection":["Economia"],"inLanguage":"pt-BR"},{"@type":"WebPage","@id":"https:\/\/www.suno.com.br\/noticias\/dividas-inadimplencia-numero-familias\/","url":"https:\/\/www.suno.com.br\/noticias\/dividas-inadimplencia-numero-familias\/","name":"D\u00edvidas: N\u00famero de fam\u00edlias endividadas sobe para 79%, revela CNC","isPartOf":{"@id":"https:\/\/www.suno.com.br\/noticias\/#website"},"primaryImageOfPage":{"@id":"https:\/\/www.suno.com.br\/noticias\/dividas-inadimplencia-numero-familias\/#primaryimage"},"image":{"@id":"https:\/\/www.suno.com.br\/noticias\/dividas-inadimplencia-numero-familias\/#primaryimage"},"thumbnailUrl":"https:\/\/files.sunoresearch.com.br\/n\/uploads\/2022\/11\/mutirao-nacional-negociar-dividas.jpg","datePublished":"2022-12-06T15:35:14+00:00","dateModified":"2022-12-06T15:35:20+00:00","description":"A taxa mostra uma retra\u00e7\u00e3o de fam\u00edlias com d\u00edvidas ante o dado anterior do CNC, que mostrava 79,2% em novembro. Clique e confira!","breadcrumb":{"@id":"https:\/\/www.suno.com.br\/noticias\/dividas-inadimplencia-numero-familias\/#breadcrumb"},"inLanguage":"pt-BR","potentialAction":[{"@type":"ReadAction","target":["https:\/\/www.suno.com.br\/noticias\/dividas-inadimplencia-numero-familias\/"]}]},{"@type":"ImageObject","inLanguage":"pt-BR","@id":"https:\/\/www.suno.com.br\/noticias\/dividas-inadimplencia-numero-familias\/#primaryimage","url":"https:\/\/files.sunoresearch.com.br\/n\/uploads\/2022\/11\/mutirao-nacional-negociar-dividas.jpg","contentUrl":"https:\/\/files.sunoresearch.com.br\/n\/uploads\/2022\/11\/mutirao-nacional-negociar-dividas.jpg","width":1280,"height":800,"caption":". Foto: Marco Jean de Oliveira Teixeira\/Pixabay"},{"@type":"BreadcrumbList","@id":"https:\/\/www.suno.com.br\/noticias\/dividas-inadimplencia-numero-familias\/#breadcrumb","itemListElement":[{"@type":"ListItem","position":1,"name":"Not\u00edcias","item":"https:\/\/www.suno.com.br\/noticias\/"},{"@type":"ListItem","position":2,"name":"Economia","item":"https:\/\/www.suno.com.br\/noticias\/economia\/"},{"@type":"ListItem","position":3,"name":"D\u00edvidas: N\u00famero de fam\u00edlias endividadas sobe para 79%, revela CNC"}]},{"@type":"WebSite","@id":"https:\/\/www.suno.com.br\/noticias\/#website","url":"https:\/\/www.suno.com.br\/noticias\/","name":"Suno Not\u00edcias","description":"Seu portal de informa\u00e7\u00e3o sobre o mundo dos investimentos","publisher":{"@id":"https:\/\/www.suno.com.br\/noticias\/#organization"},"potentialAction":[{"@type":"SearchAction","target":{"@type":"EntryPoint","urlTemplate":"https:\/\/www.suno.com.br\/noticias\/?s={search_term_string}"},"query-input":{"@type":"PropertyValueSpecification","valueRequired":true,"valueName":"search_term_string"}}],"inLanguage":"pt-BR"},{"@type":"Organization","@id":"https:\/\/www.suno.com.br\/noticias\/#organization","name":"Suno Not\u00edcias","url":"https:\/\/www.suno.com.br\/noticias\/","logo":{"@type":"ImageObject","inLanguage":"pt-BR","@id":"https:\/\/www.suno.com.br\/noticias\/#\/schema\/logo\/image\/","url":"https:\/\/files.sunoresearch.com.br\/n\/uploads\/2021\/09\/suno-logo.png","contentUrl":"https:\/\/files.sunoresearch.com.br\/n\/uploads\/2021\/09\/suno-logo.png","width":180,"height":180,"caption":"Suno Not\u00edcias"},"image":{"@id":"https:\/\/www.suno.com.br\/noticias\/#\/schema\/logo\/image\/"},"sameAs":["https:\/\/facebook.com\/sunoresearch","https:\/\/x.com\/sunoresearch","https:\/\/www.instagram.com\/suno","https:\/\/www.linkedin.com\/company\/suno-research\/","https:\/\/www.youtube.com\/c\/sunoresearch"]},{"@type":"Person","@id":"https:\/\/www.suno.com.br\/noticias\/#\/schema\/person\/7f4d362bf3518e76090143ae77bb49a5","name":"Eduardo Vargas","image":{"@type":"ImageObject","inLanguage":"pt-BR","@id":"https:\/\/www.suno.com.br\/noticias\/#\/schema\/person\/image\/","url":"https:\/\/secure.gravatar.com\/avatar\/dac340933427a22924c9f99d1eb2e3f2?s=96&r=g","contentUrl":"https:\/\/secure.gravatar.com\/avatar\/dac340933427a22924c9f99d1eb2e3f2?s=96&r=g","caption":"Eduardo Vargas"},"description":"Jornalista formado pela UFSC, cobre macroeconomia, neg\u00f3cios e startups para o Suno Not\u00edcias, escrevendo principalmente not\u00edcias sobre o mercado financeiro e a bolsa de valores. No YouTube e no Instagram, \u00e9 respons\u00e1vel pela produ\u00e7\u00e3o de Reels e Shorts do Suno Not\u00edcias. Anteriormente, trabalhou cobrindo economia e cotidiano no ND+ e para o ND, maior jornal impresso de Santa Catarina. Cursou um semestre letivo de Estudos de M\u00eddia na Universidad de Buenos Aires.","url":"https:\/\/www.suno.com.br\/noticias\/author\/eduardo-vargas\/"}]}},"default_loop_html":"<div class=\"cardsPage__listCard__boxs\"><div class=\"cardsPage__listCard__boxs__img\"><a href=\"https:\/\/www.suno.com.br\/noticias\/dividas-inadimplencia-numero-familias\/\"><img class=\"mask\" src=\"https:\/\/www.suno.com.br\/noticias\/wp-content\/themes\/suno\/resources\/images\/spotlight\/spotlight1img\/bg-mask.png\" alt=\"Image Mask\"\/><img src=\"https:\/\/files.sunoresearch.com.br\/n\/uploads\/2022\/11\/mutirao-nacional-negociar-dividas-400x200.jpg\" alt=\"D\u00edvidas: N\u00famero de fam\u00edlias endividadas sobe para 79%, revela CNC\"\/><\/a><span class=\"spotlightCategory\"><a href=\"https:\/\/www.suno.com.br\/noticias\/economia\/\">Economia<\/a><\/span><\/div><div class=\"cardsPage__listCard__boxs__content\"><a href=\"https:\/\/www.suno.com.br\/noticias\/dividas-inadimplencia-numero-familias\/\"><h2 class=\"content__title\">D\u00edvidas: N\u00famero de fam\u00edlias endividadas sobe para 79%, revela CNC<\/h2><\/a><div class=\"newsContent__article__meta\"><div class=\"newsContent__article__meta__authorBox\"><a href=\"https:\/\/www.suno.com.br\/noticias\/author\/eduardo-vargas\/\" class=\"authorBox__avatar noMobi\"><img src=\"https:\/\/secure.gravatar.com\/avatar\/dac340933427a22924c9f99d1eb2e3f2?s=96&#038;r=g\" alt=\"Eduardo Vargas\"><\/a><div class=\"authorBox__name\"><span>por\n\t\t\t<a href=\"https:\/\/www.suno.com.br\/noticias\/author\/eduardo-vargas\/\"><span itemprop=\"author\">Eduardo Vargas<\/span><\/a><\/span><time datetime=\"2022-12-06T12:35:14-03:00\" itemprop=\"datePublished\">06\/12\/2022 12:35<\/time><\/div><\/div><\/div><\/div><\/div>","single_layout":"posts","amp_enabled":true,"_links":{"self":[{"href":"https:\/\/www.suno.com.br\/noticias\/wp-json\/wp\/v2\/posts\/329740"}],"collection":[{"href":"https:\/\/www.suno.com.br\/noticias\/wp-json\/wp\/v2\/posts"}],"about":[{"href":"https:\/\/www.suno.com.br\/noticias\/wp-json\/wp\/v2\/types\/post"}],"author":[{"embeddable":true,"href":"https:\/\/www.suno.com.br\/noticias\/wp-json\/wp\/v2\/users\/73"}],"replies":[{"embeddable":true,"href":"https:\/\/www.suno.com.br\/noticias\/wp-json\/wp\/v2\/comments?post=329740"}],"version-history":[{"count":3,"href":"https:\/\/www.suno.com.br\/noticias\/wp-json\/wp\/v2\/posts\/329740\/revisions"}],"predecessor-version":[{"id":329788,"href":"https:\/\/www.suno.com.br\/noticias\/wp-json\/wp\/v2\/posts\/329740\/revisions\/329788"}],"wp:featuredmedia":[{"embeddable":true,"href":"https:\/\/www.suno.com.br\/noticias\/wp-json\/wp\/v2\/media\/324115"}],"wp:attachment":[{"href":"https:\/\/www.suno.com.br\/noticias\/wp-json\/wp\/v2\/media?parent=329740"}],"wp:term":[{"taxonomy":"category","embeddable":true,"href":"https:\/\/www.suno.com.br\/noticias\/wp-json\/wp\/v2\/categories?post=329740"},{"taxonomy":"post_tag","embeddable":true,"href":"https:\/\/www.suno.com.br\/noticias\/wp-json\/wp\/v2\/tags?post=329740"},{"taxonomy":"suno_strategy","embeddable":true,"href":"https:\/\/www.suno.com.br\/noticias\/wp-json\/wp\/v2\/suno_strategy?post=329740"}],"curies":[{"name":"wp","href":"https:\/\/api.w.org\/{rel}","templated":true}]}}